{"id":58173,"date":"2020-03-31T17:06:55","date_gmt":"2020-03-31T14:06:55","guid":{"rendered":"https:\/\/www.imobiliare.ro\/imoexpert\/?p=58173"},"modified":"2020-03-31T17:06:55","modified_gmt":"2020-03-31T14:06:55","slug":"efectele-covid-19-pe-piata-imobiliara-din-romania-imoexpert-2","status":"publish","type":"post","link":"https:\/\/www.imobiliare.ro\/imoexpert\/efectele-covid-19-pe-piata-imobiliara-din-romania-imoexpert-2_db\/","title":{"rendered":"Efectele COVID-19 pe piata imobiliara din Romania \u2013 imoExpert"},"content":{"rendered":"<p>&#x1f449;\u00cen emisiunea de ast\u0103zi dezbatem efectele COVID-19 pe pia\u021ba imobiliar\u0103 din Rom\u00e2nia.<\/p>\n<p>Afl\u0103 care au fost primele efecte ale pandemiei asupra real estate-ului rom\u00e2nesc \u0219i la ce te po\u021bi a\u0219tepta \u00een continuare!<\/p>\n<p>&#x1f9d0;Lu\u0103m pulsul pie\u021bei \u0219i r\u0103spundem la o serie de \u00eentreb\u0103ri al\u0103turi de invita\u021bii no\u0219tri:<\/p>\n<p>Scad pre\u021burile? Vine o nou\u0103 criz\u0103 \u00een imobiliare? Ce se \u00eent\u00e2mpl\u0103 cu proiectele aflate \u00een construc\u021bie?<\/p>\n<p>Invita\u021bii sunt:<\/p>\n<p>&#x1f3d8;David Grigorescu &#8211; Pre\u0219edinte APAIR &#x1f448;<\/p>\n<p>&#x1f3e0; Andreea Com\u0219a-CEO Premier Estate Management<\/p>\n<p>&#x1f4bb;Dorel Nita &#8211; Head of Research imobiliare.ro \u0219i coordonator Analize Imobiliare &#x1f448;<\/p>\n","protected":false},"excerpt":{"rendered":"<p>&#x1f449;\u00cen emisiunea de ast\u0103zi dezbatem efectele COVID-19 pe pia\u021ba imobiliar\u0103 din Rom\u00e2nia. Afl\u0103 care au fost primele efecte ale pandemiei asupra real estate-ului rom\u00e2nesc \u0219i la ce te po\u021bi a\u0219tepta \u00een continuare! &#x1f9d0;Lu\u0103m pulsul pie\u021bei \u0219i r\u0103spundem la o serie de \u00eentreb\u0103ri al\u0103turi de invita\u021bii no\u0219tri: Scad pre\u021burile? Vine o nou\u0103 criz\u0103 \u00een imobiliare? Ce [&hellip;]<\/p>\n","protected":false},"author":821,"featured_media":58166,"comment_status":"open","ping_status":"open","sticky":false,"template":"","format":"video","meta":{"footnotes":""},"categories":[],"tags":[],"content_author":[],"class_list":["post-58173","post","type-post","status-publish","format-video","has-post-thumbnail","hentry","post_format-post-format-video"],"yoast_head":"<!-- This site is optimized with the Yoast SEO Premium plugin v27.0 (Yoast SEO v27.0) - https:\/\/yoast.com\/product\/yoast-seo-premium-wordpress\/ -->\n<title>Efectele COVID-19 pe piata imobiliara din Romania \u2013 imoExpert - ImoExpert<\/title>\n<meta name=\"description\" content=\"&#x1f449;\u00cen emisiunea de ast\u0103zi dezbatem efectele COVID-19 pe pia\u021ba imobiliar\u0103 din Rom\u00e2nia. Afl\u0103 care au fost primele efecte ale pandemiei asupra real\" \/>\n<meta name=\"robots\" content=\"index, follow\" \/>\n<link rel=\"canonical\" href=\"https:\/\/www.imobiliare.ro\/imoexpert\/efectele-covid-19-pe-piata-imobiliara-din-romania-imoexpert-2_db\/\" \/>\n<meta property=\"og:locale\" content=\"ro_RO\" \/>\n<meta property=\"og:type\" content=\"article\" \/>\n<meta property=\"og:title\" content=\"Efectele COVID-19 pe piata imobiliara din Romania \u2013 imoExpert\" \/>\n<meta property=\"og:description\" content=\"&#x1f449;\u00cen emisiunea de ast\u0103zi dezbatem efectele COVID-19 pe pia\u021ba imobiliar\u0103 din Rom\u00e2nia. Afl\u0103 care au fost primele efecte ale pandemiei asupra real\" \/>\n<meta property=\"og:url\" content=\"https:\/\/www.imobiliare.ro\/imoexpert\/efectele-covid-19-pe-piata-imobiliara-din-romania-imoexpert-2_db\/\" \/>\n<meta property=\"og:site_name\" content=\"ImoExpert\" \/>\n<meta property=\"article:published_time\" content=\"2020-03-31T14:06:55+00:00\" \/>\n<meta property=\"og:image\" content=\"https:\/\/www.imobiliare.ro\/imoexpert\/wp-content\/uploads\/2020\/03\/coronaaaaaaa.png\" \/>\n\t<meta property=\"og:image:width\" content=\"1232\" \/>\n\t<meta property=\"og:image:height\" content=\"647\" \/>\n\t<meta property=\"og:image:type\" content=\"image\/png\" \/>\n<meta name=\"author\" content=\"Imo Expert\" \/>\n<meta name=\"twitter:card\" content=\"summary_large_image\" \/>\n<meta name=\"twitter:label1\" content=\"Written by\" \/>\n\t<meta name=\"twitter:data1\" content=\"Imo Expert\" \/>\n\t<meta name=\"twitter:label2\" content=\"Est. reading time\" \/>\n\t<meta name=\"twitter:data2\" content=\"1 minut\" \/>\n<script type=\"application\/ld+json\" class=\"yoast-schema-graph\">{\"@context\":\"https:\/\/schema.org\",\"@graph\":[{\"@type\":\"Article\",\"@id\":\"https:\/\/www.imobiliare.ro\/imoexpert\/efectele-covid-19-pe-piata-imobiliara-din-romania-imoexpert-2_db\/#article\",\"isPartOf\":{\"@id\":\"https:\/\/www.imobiliare.ro\/imoexpert\/efectele-covid-19-pe-piata-imobiliara-din-romania-imoexpert-2_db\/\"},\"author\":{\"name\":\"Imo Expert\",\"@id\":\"https:\/\/www.imobiliare.ro\/imoexpert\/#\/schema\/person\/24d0abafdca42af79d5ca29e19bc0062\"},\"headline\":\"Efectele COVID-19 pe piata imobiliara din Romania \u2013 imoExpert\",\"datePublished\":\"2020-03-31T14:06:55+00:00\",\"mainEntityOfPage\":{\"@id\":\"https:\/\/www.imobiliare.ro\/imoexpert\/efectele-covid-19-pe-piata-imobiliara-din-romania-imoexpert-2_db\/\"},\"wordCount\":131,\"commentCount\":1,\"publisher\":{\"@id\":\"https:\/\/www.imobiliare.ro\/imoexpert\/#organization\"},\"image\":{\"@id\":\"https:\/\/www.imobiliare.ro\/imoexpert\/efectele-covid-19-pe-piata-imobiliara-din-romania-imoexpert-2_db\/#primaryimage\"},\"thumbnailUrl\":\"https:\/\/www.imobiliare.ro\/imoexpert\/wp-content\/uploads\/2020\/03\/coronaaaaaaa.png\",\"inLanguage\":\"en\",\"potentialAction\":[{\"@type\":\"CommentAction\",\"name\":\"Comment\",\"target\":[\"https:\/\/www.imobiliare.ro\/imoexpert\/efectele-covid-19-pe-piata-imobiliara-din-romania-imoexpert-2_db\/#respond\"]}],\"copyrightYear\":\"2020\",\"copyrightHolder\":{\"@id\":\"https:\/\/www.imobiliare.ro\/imoexpert\/#organization\"}},{\"@type\":\"WebPage\",\"@id\":\"https:\/\/www.imobiliare.ro\/imoexpert\/efectele-covid-19-pe-piata-imobiliara-din-romania-imoexpert-2_db\/\",\"url\":\"https:\/\/www.imobiliare.ro\/imoexpert\/efectele-covid-19-pe-piata-imobiliara-din-romania-imoexpert-2_db\/\",\"name\":\"Efectele COVID-19 pe piata imobiliara din Romania \u2013 imoExpert - ImoExpert\",\"isPartOf\":{\"@id\":\"https:\/\/www.imobiliare.ro\/imoexpert\/#website\"},\"primaryImageOfPage\":{\"@id\":\"https:\/\/www.imobiliare.ro\/imoexpert\/efectele-covid-19-pe-piata-imobiliara-din-romania-imoexpert-2_db\/#primaryimage\"},\"image\":{\"@id\":\"https:\/\/www.imobiliare.ro\/imoexpert\/efectele-covid-19-pe-piata-imobiliara-din-romania-imoexpert-2_db\/#primaryimage\"},\"thumbnailUrl\":\"https:\/\/www.imobiliare.ro\/imoexpert\/wp-content\/uploads\/2020\/03\/coronaaaaaaa.png\",\"datePublished\":\"2020-03-31T14:06:55+00:00\",\"description\":\"&#x1f449;\u00cen emisiunea de ast\u0103zi dezbatem efectele COVID-19 pe pia\u021ba imobiliar\u0103 din Rom\u00e2nia. Afl\u0103 care au fost primele efecte ale pandemiei asupra real\",\"breadcrumb\":{\"@id\":\"https:\/\/www.imobiliare.ro\/imoexpert\/efectele-covid-19-pe-piata-imobiliara-din-romania-imoexpert-2_db\/#breadcrumb\"},\"inLanguage\":\"en\",\"potentialAction\":[{\"@type\":\"ReadAction\",\"target\":[\"https:\/\/www.imobiliare.ro\/imoexpert\/efectele-covid-19-pe-piata-imobiliara-din-romania-imoexpert-2_db\/\"]}]},{\"@type\":\"ImageObject\",\"inLanguage\":\"en\",\"@id\":\"https:\/\/www.imobiliare.ro\/imoexpert\/efectele-covid-19-pe-piata-imobiliara-din-romania-imoexpert-2_db\/#primaryimage\",\"url\":\"https:\/\/www.imobiliare.ro\/imoexpert\/wp-content\/uploads\/2020\/03\/coronaaaaaaa.png\",\"contentUrl\":\"https:\/\/www.imobiliare.ro\/imoexpert\/wp-content\/uploads\/2020\/03\/coronaaaaaaa.png\",\"width\":1232,\"height\":647},{\"@type\":\"BreadcrumbList\",\"@id\":\"https:\/\/www.imobiliare.ro\/imoexpert\/efectele-covid-19-pe-piata-imobiliara-din-romania-imoexpert-2_db\/#breadcrumb\",\"itemListElement\":[{\"@type\":\"ListItem\",\"position\":1,\"name\":\"Imoradar24\",\"item\":\"https:\/\/www.imoradar24.ro\"},{\"@type\":\"ListItem\",\"position\":2,\"name\":\"ImoExpert\",\"item\":\"https:\/\/www.imobiliare.ro\/imoexpert\/\"},{\"@type\":\"ListItem\",\"position\":3,\"name\":\"Efectele COVID-19 pe piata imobiliara din Romania \u2013 imoExpert\"}]},{\"@type\":\"WebSite\",\"@id\":\"https:\/\/www.imobiliare.ro\/imoexpert\/#website\",\"url\":\"https:\/\/www.imobiliare.ro\/imoexpert\/\",\"name\":\"ImoExpert\",\"description\":\"cele mai importante \u015ftiri din domeniul imobiliar\",\"publisher\":{\"@id\":\"https:\/\/www.imobiliare.ro\/imoexpert\/#organization\"},\"inLanguage\":\"en\"},{\"@type\":\"Organization\",\"@id\":\"https:\/\/www.imobiliare.ro\/imoexpert\/#organization\",\"name\":\"Imobiliare.ro\",\"alternateName\":\"Realmedia Network SA\",\"url\":\"https:\/\/www.imobiliare.ro\/imoexpert\/\",\"logo\":{\"@type\":\"ImageObject\",\"inLanguage\":\"en\",\"@id\":\"https:\/\/www.imobiliare.ro\/imoexpert\/#\/schema\/logo\/image\/\",\"url\":\"https:\/\/www.imobiliare.ro\/imoexpert\/wp-content\/uploads\/2025\/05\/imobiliare_logo.png\",\"contentUrl\":\"https:\/\/www.imobiliare.ro\/imoexpert\/wp-content\/uploads\/2025\/05\/imobiliare_logo.png\",\"width\":237,\"height\":29,\"caption\":\"Imobiliare.ro\"},\"image\":{\"@id\":\"https:\/\/www.imobiliare.ro\/imoexpert\/#\/schema\/logo\/image\/\"}},{\"@type\":\"Person\",\"@id\":\"https:\/\/www.imobiliare.ro\/imoexpert\/#\/schema\/person\/24d0abafdca42af79d5ca29e19bc0062\",\"name\":\"Imo Expert\",\"image\":{\"@type\":\"ImageObject\",\"inLanguage\":\"en\",\"@id\":\"https:\/\/www.imobiliare.ro\/imoexpert\/#\/schema\/person\/image\/\",\"url\":\"https:\/\/www.imobiliare.ro\/imoexpert\/wp-content\/uploads\/2023\/11\/cropped-logo-96x96.jpg\",\"contentUrl\":\"https:\/\/www.imobiliare.ro\/imoexpert\/wp-content\/uploads\/2023\/11\/cropped-logo-96x96.jpg\",\"caption\":\"Imo Expert\"},\"description\":\"Imobiliare.ro\u00a0este site-ul de imobiliare din Rom\u00e2nia cu cea mai mare \u00eencredere \u00een r\u00e2ndul utilizatorilor. Imobiliare.ro promite celor care \u00ee\u0219i caut\u0103 o locuin\u021b\u0103, cump\u0103r\u0103tori \u0219i chiria\u0219i, cea mai bun\u0103 experien\u021b\u0103 de c\u0103utare \u0219i \u00eei ajut\u0103 s\u0103 ia cea mai bun\u0103 decizie pentru a g\u0103si casa ideal\u0103. Totodat\u0103, Imobiliare.ro este principalul furnizor de date \u0219i statistici imobiliare pentru presa din Rom\u00e2nia, comunic\u00e2nd cu regularitate analize, rapoarte \u0219i indici despre evolu\u021bia pie\u021bei imobiliare.\",\"sameAs\":[\"https:\/\/www.imobiliare.ro\"],\"alternateName\":\"ImoExpert\",\"jobTitle\":\"Echipa editorial\u0103\",\"url\":\"https:\/\/www.imobiliare.ro\/imoexpert\/author\/imo-expert\/\"}]}<\/script>\n<!-- \/ Yoast SEO Premium plugin. -->","yoast_head_json":{"title":"Efectele COVID-19 pe piata imobiliara din Romania \u2013 imoExpert - ImoExpert","description":"&#x1f449;\u00cen emisiunea de ast\u0103zi dezbatem efectele COVID-19 pe pia\u021ba imobiliar\u0103 din Rom\u00e2nia. Afl\u0103 care au fost primele efecte ale pandemiei asupra real","robots":{"index":"index","follow":"follow"},"canonical":"https:\/\/www.imobiliare.ro\/imoexpert\/efectele-covid-19-pe-piata-imobiliara-din-romania-imoexpert-2_db\/","og_locale":"ro_RO","og_type":"article","og_title":"Efectele COVID-19 pe piata imobiliara din Romania \u2013 imoExpert","og_description":"&#x1f449;\u00cen emisiunea de ast\u0103zi dezbatem efectele COVID-19 pe pia\u021ba imobiliar\u0103 din Rom\u00e2nia. Afl\u0103 care au fost primele efecte ale pandemiei asupra real","og_url":"https:\/\/www.imobiliare.ro\/imoexpert\/efectele-covid-19-pe-piata-imobiliara-din-romania-imoexpert-2_db\/","og_site_name":"ImoExpert","article_published_time":"2020-03-31T14:06:55+00:00","og_image":[{"width":1232,"height":647,"url":"https:\/\/www.imobiliare.ro\/imoexpert\/wp-content\/uploads\/2020\/03\/coronaaaaaaa.png","type":"image\/png"}],"author":"Imo Expert","twitter_card":"summary_large_image","twitter_misc":{"Written by":"Imo Expert","Est. reading time":"1 minut"},"schema":{"@context":"https:\/\/schema.org","@graph":[{"@type":"Article","@id":"https:\/\/www.imobiliare.ro\/imoexpert\/efectele-covid-19-pe-piata-imobiliara-din-romania-imoexpert-2_db\/#article","isPartOf":{"@id":"https:\/\/www.imobiliare.ro\/imoexpert\/efectele-covid-19-pe-piata-imobiliara-din-romania-imoexpert-2_db\/"},"author":{"name":"Imo Expert","@id":"https:\/\/www.imobiliare.ro\/imoexpert\/#\/schema\/person\/24d0abafdca42af79d5ca29e19bc0062"},"headline":"Efectele COVID-19 pe piata imobiliara din Romania \u2013 imoExpert","datePublished":"2020-03-31T14:06:55+00:00","mainEntityOfPage":{"@id":"https:\/\/www.imobiliare.ro\/imoexpert\/efectele-covid-19-pe-piata-imobiliara-din-romania-imoexpert-2_db\/"},"wordCount":131,"commentCount":1,"publisher":{"@id":"https:\/\/www.imobiliare.ro\/imoexpert\/#organization"},"image":{"@id":"https:\/\/www.imobiliare.ro\/imoexpert\/efectele-covid-19-pe-piata-imobiliara-din-romania-imoexpert-2_db\/#primaryimage"},"thumbnailUrl":"https:\/\/www.imobiliare.ro\/imoexpert\/wp-content\/uploads\/2020\/03\/coronaaaaaaa.png","inLanguage":"en","potentialAction":[{"@type":"CommentAction","name":"Comment","target":["https:\/\/www.imobiliare.ro\/imoexpert\/efectele-covid-19-pe-piata-imobiliara-din-romania-imoexpert-2_db\/#respond"]}],"copyrightYear":"2020","copyrightHolder":{"@id":"https:\/\/www.imobiliare.ro\/imoexpert\/#organization"}},{"@type":"WebPage","@id":"https:\/\/www.imobiliare.ro\/imoexpert\/efectele-covid-19-pe-piata-imobiliara-din-romania-imoexpert-2_db\/","url":"https:\/\/www.imobiliare.ro\/imoexpert\/efectele-covid-19-pe-piata-imobiliara-din-romania-imoexpert-2_db\/","name":"Efectele COVID-19 pe piata imobiliara din Romania \u2013 imoExpert - ImoExpert","isPartOf":{"@id":"https:\/\/www.imobiliare.ro\/imoexpert\/#website"},"primaryImageOfPage":{"@id":"https:\/\/www.imobiliare.ro\/imoexpert\/efectele-covid-19-pe-piata-imobiliara-din-romania-imoexpert-2_db\/#primaryimage"},"image":{"@id":"https:\/\/www.imobiliare.ro\/imoexpert\/efectele-covid-19-pe-piata-imobiliara-din-romania-imoexpert-2_db\/#primaryimage"},"thumbnailUrl":"https:\/\/www.imobiliare.ro\/imoexpert\/wp-content\/uploads\/2020\/03\/coronaaaaaaa.png","datePublished":"2020-03-31T14:06:55+00:00","description":"&#x1f449;\u00cen emisiunea de ast\u0103zi dezbatem efectele COVID-19 pe pia\u021ba imobiliar\u0103 din Rom\u00e2nia. Afl\u0103 care au fost primele efecte ale pandemiei asupra real","breadcrumb":{"@id":"https:\/\/www.imobiliare.ro\/imoexpert\/efectele-covid-19-pe-piata-imobiliara-din-romania-imoexpert-2_db\/#breadcrumb"},"inLanguage":"en","potentialAction":[{"@type":"ReadAction","target":["https:\/\/www.imobiliare.ro\/imoexpert\/efectele-covid-19-pe-piata-imobiliara-din-romania-imoexpert-2_db\/"]}]},{"@type":"ImageObject","inLanguage":"en","@id":"https:\/\/www.imobiliare.ro\/imoexpert\/efectele-covid-19-pe-piata-imobiliara-din-romania-imoexpert-2_db\/#primaryimage","url":"https:\/\/www.imobiliare.ro\/imoexpert\/wp-content\/uploads\/2020\/03\/coronaaaaaaa.png","contentUrl":"https:\/\/www.imobiliare.ro\/imoexpert\/wp-content\/uploads\/2020\/03\/coronaaaaaaa.png","width":1232,"height":647},{"@type":"BreadcrumbList","@id":"https:\/\/www.imobiliare.ro\/imoexpert\/efectele-covid-19-pe-piata-imobiliara-din-romania-imoexpert-2_db\/#breadcrumb","itemListElement":[{"@type":"ListItem","position":1,"name":"Imoradar24","item":"https:\/\/www.imoradar24.ro"},{"@type":"ListItem","position":2,"name":"ImoExpert","item":"https:\/\/www.imobiliare.ro\/imoexpert\/"},{"@type":"ListItem","position":3,"name":"Efectele COVID-19 pe piata imobiliara din Romania \u2013 imoExpert"}]},{"@type":"WebSite","@id":"https:\/\/www.imobiliare.ro\/imoexpert\/#website","url":"https:\/\/www.imobiliare.ro\/imoexpert\/","name":"ImoExpert","description":"cele mai importante \u015ftiri din domeniul imobiliar","publisher":{"@id":"https:\/\/www.imobiliare.ro\/imoexpert\/#organization"},"inLanguage":"en"},{"@type":"Organization","@id":"https:\/\/www.imobiliare.ro\/imoexpert\/#organization","name":"Imobiliare.ro","alternateName":"Realmedia Network SA","url":"https:\/\/www.imobiliare.ro\/imoexpert\/","logo":{"@type":"ImageObject","inLanguage":"en","@id":"https:\/\/www.imobiliare.ro\/imoexpert\/#\/schema\/logo\/image\/","url":"https:\/\/www.imobiliare.ro\/imoexpert\/wp-content\/uploads\/2025\/05\/imobiliare_logo.png","contentUrl":"https:\/\/www.imobiliare.ro\/imoexpert\/wp-content\/uploads\/2025\/05\/imobiliare_logo.png","width":237,"height":29,"caption":"Imobiliare.ro"},"image":{"@id":"https:\/\/www.imobiliare.ro\/imoexpert\/#\/schema\/logo\/image\/"}},{"@type":"Person","@id":"https:\/\/www.imobiliare.ro\/imoexpert\/#\/schema\/person\/24d0abafdca42af79d5ca29e19bc0062","name":"Imo Expert","image":{"@type":"ImageObject","inLanguage":"en","@id":"https:\/\/www.imobiliare.ro\/imoexpert\/#\/schema\/person\/image\/","url":"https:\/\/www.imobiliare.ro\/imoexpert\/wp-content\/uploads\/2023\/11\/cropped-logo-96x96.jpg","contentUrl":"https:\/\/www.imobiliare.ro\/imoexpert\/wp-content\/uploads\/2023\/11\/cropped-logo-96x96.jpg","caption":"Imo Expert"},"description":"Imobiliare.ro\u00a0este site-ul de imobiliare din Rom\u00e2nia cu cea mai mare \u00eencredere \u00een r\u00e2ndul utilizatorilor. Imobiliare.ro promite celor care \u00ee\u0219i caut\u0103 o locuin\u021b\u0103, cump\u0103r\u0103tori \u0219i chiria\u0219i, cea mai bun\u0103 experien\u021b\u0103 de c\u0103utare \u0219i \u00eei ajut\u0103 s\u0103 ia cea mai bun\u0103 decizie pentru a g\u0103si casa ideal\u0103. Totodat\u0103, Imobiliare.ro este principalul furnizor de date \u0219i statistici imobiliare pentru presa din Rom\u00e2nia, comunic\u00e2nd cu regularitate analize, rapoarte \u0219i indici despre evolu\u021bia pie\u021bei imobiliare.","sameAs":["https:\/\/www.imobiliare.ro"],"alternateName":"ImoExpert","jobTitle":"Echipa editorial\u0103","url":"https:\/\/www.imobiliare.ro\/imoexpert\/author\/imo-expert\/"}]}},"_links":{"self":[{"href":"https:\/\/www.imobiliare.ro\/imoexpert\/wp-json\/wp\/v2\/posts\/58173","targetHints":{"allow":["GET"]}}],"collection":[{"href":"https:\/\/www.imobiliare.ro\/imoexpert\/wp-json\/wp\/v2\/posts"}],"about":[{"href":"https:\/\/www.imobiliare.ro\/imoexpert\/wp-json\/wp\/v2\/types\/post"}],"author":[{"embeddable":true,"href":"https:\/\/www.imobiliare.ro\/imoexpert\/wp-json\/wp\/v2\/users\/821"}],"replies":[{"embeddable":true,"href":"https:\/\/www.imobiliare.ro\/imoexpert\/wp-json\/wp\/v2\/comments?post=58173"}],"version-history":[{"count":0,"href":"https:\/\/www.imobiliare.ro\/imoexpert\/wp-json\/wp\/v2\/posts\/58173\/revisions"}],"wp:featuredmedia":[{"embeddable":true,"href":"https:\/\/www.imobiliare.ro\/imoexpert\/wp-json\/wp\/v2\/media\/58166"}],"wp:attachment":[{"href":"https:\/\/www.imobiliare.ro\/imoexpert\/wp-json\/wp\/v2\/media?parent=58173"}],"wp:term":[{"taxonomy":"category","embeddable":true,"href":"https:\/\/www.imobiliare.ro\/imoexpert\/wp-json\/wp\/v2\/categories?post=58173"},{"taxonomy":"post_tag","embeddable":true,"href":"https:\/\/www.imobiliare.ro\/imoexpert\/wp-json\/wp\/v2\/tags?post=58173"},{"taxonomy":"content_author","embeddable":true,"href":"https:\/\/www.imobiliare.ro\/imoexpert\/wp-json\/wp\/v2\/content_author?post=58173"}],"curies":[{"name":"wp","href":"https:\/\/api.w.org\/{rel}","templated":true}]}}