{"id":58185,"date":"2020-04-01T14:11:50","date_gmt":"2020-04-01T11:11:50","guid":{"rendered":"https:\/\/www.imobiliare.ro\/imoexpert\/?p=58185"},"modified":"2020-04-01T14:11:50","modified_gmt":"2020-04-01T11:11:50","slug":"evolutia-pietei-rezidentiale-in-ultimele-saptamani-ce-spun-datele-statistice","status":"publish","type":"post","link":"https:\/\/www.imobiliare.ro\/imoexpert\/evolutia-pietei-rezidentiale-in-ultimele-saptamani-ce-spun-datele-statistice_db\/","title":{"rendered":"Evolu\u021bia pie\u021bei reziden\u021biale \u00een ultimele s\u0103pt\u0103m\u00e2ni. Ce spun datele statistice?"},"content":{"rendered":"<h2><a class=\"article-body-links\"href=\"https:\/\/www.imobiliare.ro\/imoexpert\/evolutia-pietei-rezidentiale-in-ultimele-saptamani-ce-spun-datele-statistice_db\/evolutia-pietei-rezidentiale-coronavirus\/\" rel=\"attachment wp-att-58188\"><img loading=\"lazy\" decoding=\"async\" class=\"alignnone size-full wp-image-58188\" src=\"https:\/\/www.imobiliare.ro\/imoexpert\/wp-content\/uploads\/2020\/04\/evolutia-pietei-rezidentiale-coronavirus.jpg\" alt=\"\" width=\"800\" height=\"533\" srcset=\"https:\/\/www.imobiliare.ro\/imoexpert\/wp-content\/uploads\/2020\/04\/evolutia-pietei-rezidentiale-coronavirus.jpg 800w, https:\/\/www.imobiliare.ro\/imoexpert\/wp-content\/uploads\/2020\/04\/evolutia-pietei-rezidentiale-coronavirus-300x200.jpg 300w, https:\/\/www.imobiliare.ro\/imoexpert\/wp-content\/uploads\/2020\/04\/evolutia-pietei-rezidentiale-coronavirus-768x512.jpg 768w\" sizes=\"auto, (max-width: 800px) 100vw, 800px\" \/><\/a><\/h2>\n<h2>Sectorul reziden\u021bial \u0219i-a \u00eenceput anul \u00een for\u021b\u0103, dar \u00een ultimele s\u0103pt\u0103m\u00e2ni, odat\u0103 cu \u00eentreaga situa\u021bie generat\u0103 de r\u0103sp\u00e2ndirea noului coronavirus (COVID-19) \u00een Rom\u00e2nia, o \u00eencetinire a activit\u0103\u021bii \u00een domeniu a putut fi resim\u021bit\u0103. Cerere exist\u0103 \u00een continuare, iar pre\u021burile au continuat s\u0103 urmeze un trend ascendent \u00een ultimele s\u0103pt\u0103m\u00e2ni la nivelul celor mai mari dou\u0103 pie\u021be reziden\u021biale din \u021bar\u0103.<\/h2>\n<p>&#8222;Pia\u021ba imobiliar\u0103 trecea prin momente foarte bune \u00een ultimele luni, cu cerere, tranzac\u021bii \u0219i pre\u021buri peste valorile \u00eenregistrate anul trecut. Conform ANCPI (n.r. Agen\u021biei Na\u021bionale pentru Cadastru \u0219i Publicitate Imobiliar\u0103), \u00een luna februarie am avut cre\u0219teri ale tranzac\u021biilor \u00een Bucure\u0219ti de aproximativ 60%, iar \u00een Cluj s-a dublat practic num\u0103rul de tranzac\u021bii&#8221;, a declarat Dorel Ni\u021b\u0103, Head of Research <span style=\"color: #ff0000;\"><strong>Imobiliare.ro<\/strong><\/span> \u0219i coordonatorul platformei <a class=\"article-body-links\"href=\"http:\/\/www.analizeimobiliare.ro\" target=\"_blank\" rel=\"noopener noreferrer\"><strong>Analize Imobiliare<\/strong><\/a>, \u00een cadrul emisiunii <span style=\"color: #ff0000;\"><strong>imoExpert<\/strong><\/span>.<\/p>\n<p>\u00cen primele dou\u0103 luni din 2020, \u00een Bucure\u0219ti \u0219i \u00een jude\u021bul Ilfov s-au v\u00e2ndut 23.237 de imobile, cu aproape 5.200 \u00een plus raportat la perioada similar\u0103 a anului 2019. De altfel, \u00een Ilfov s-a \u00eenregistrat \u00een acest timp cel mai semnificativ avans, fiind v\u00e2ndute cu aproape 2.900 de imobile \u00een plus fa\u021b\u0103 de anul trecut<\/p>\n<p>Capitala \u0219i \u00eemprejurimile sale au fost urmate \u00een top de Cluj, unde, \u00een acela\u0219i interval, 5.258 de case, terenuri \u0219i apartamente au f\u0103cut obiectul contractelor de v\u00e2nzare-cump\u0103rare.<\/p>\n<p><iframe loading=\"lazy\" src=\"https:\/\/www.youtube.com\/embed\/H0jLt5JKz7g\" width=\"560\" height=\"315\" frameborder=\"0\" allowfullscreen=\"allowfullscreen\"><\/iframe><\/p>\n<p><a class=\"article-body-links\"href=\"https:\/\/www.imobiliare.ro\/imoexpert\/efectele-covid-19-pe-piata-imobiliara-din-romania-imoexpert-2_db\/\" target=\"_blank\" rel=\"noopener noreferrer\"><span style=\"color: #ff0000;\"><strong>URM\u0102RE\u0218TE INTEGRAL CEA MAI NOU\u0102 EDI\u021aIE IMOEXPERT<\/strong><\/span><\/a><\/p>\n<p>\u00cen total, la nivel na\u021bional au fost \u00eenregistrate la ANCPI pe parcursul primelor dou\u0103 luni din an aproape 85.000 de tranzac\u021bii cu imobile, fa\u021b\u0103 de aproximativ 71.500 \u00een perioada similar\u0103 din 2019.<\/p>\n<p>Volumul lucr\u0103rilor de construc\u021bii a crescut \u00een ianuarie, comparativ cu \u00eenceputul anului trecut, cu 48% ca serie brut\u0103 \u0219i cu 44,5% ca serie ajustat\u0103 \u00een func\u021bie de num\u0103rul de zile lucr\u0103toare \u0219i de sezonalitate, potrivit datelor publicate de Institutul Na\u021bional de Statistic\u0103 (INS).<\/p>\n<p>Tot din datele INS s-a putut observa \u0219i o cre\u0219tere cu circa 11% \u00een num\u0103rul autoriza\u021biilor de construire eliberate pentru cl\u0103diri reziden\u021biale \u00een intervalul ianuarie-februarie 2020, raportat la perioada similar\u0103 din 2019. \u00cen total, s-au eliberat \u00een \u021bar\u0103 aproape 5.500 de autoriza\u021bii dintre care 635 \u00een regiunea Bucure\u0219ti-Ilfov, \u00eenregistr\u00e2ndu-se astfel aici un avans cu 15% fa\u021b\u0103 de anul trecut.<\/p>\n<p>&#8222;Este evident c\u0103 \u00een ultimele dou\u0103 s\u0103pt\u0103m\u00e2ni situa\u021bia s-a schimbat rapid \u0219i este \u0219i mai evident\u0103 \u00eencetinirea pie\u021bei&#8221;, a mai spus Dorel Ni\u021b\u0103 \u00een cadrul edi\u021biei din martie <span style=\"color: #ff0000;\"><strong>imoExpert.<\/strong><\/span> Cu toate acestea, peste 80.000 de utilizatori caut\u0103 activ propriet\u0103\u021bi la v\u00e2nzare \u0219i \u00eenchiriere \u00een toat\u0103 pia\u021ba \u0219i la aceast\u0103 or\u0103, a \u021binut el s\u0103 sublinieze.<\/p>\n<p>&#8222;\u00cen ceea ce prive\u0219te oferta, dac\u0103 ne uit\u0103m la pia\u021ba veche observ\u0103m o u\u0219oar\u0103 sc\u0103dere a num\u0103rului de propriet\u0103\u021bi scoase la v\u00e2nzare, de aproximativ 5%, at\u00e2t \u00een Bucure\u0219ti, c\u00e2t \u0219i \u00een Cluj-Napoca&#8221;, a mai ad\u0103ugat el.<\/p>\n<p>Pre\u021burile nu au evoluat spectaculos \u00een ultimele 2 s\u0103pt\u0103m\u00e2ni. Mai mult, au ap\u0103rut u\u0219oare cre\u0219teri pe cele mai mari dou\u0103 pie\u021be reziden\u021biale din \u021bar\u0103. &#8222;\u00cen Cluj-Napoca, pre\u021bul mediu solicitat pentru apartamentele (n.r. noi \u0219i vechi) scoase la v\u00e2nzare a dep\u0103\u0219it pragul de 1.800 de euro, iar \u00een Bucure\u0219ti s-a apropiat de 1.500 de euro pe metru p\u0103trat&#8221;, a explicat Ni\u021b\u0103.<\/p>\n","protected":false},"excerpt":{"rendered":"<p>Sectorul reziden\u021bial \u0219i-a \u00eenceput anul \u00een for\u021b\u0103, dar \u00een ultimele s\u0103pt\u0103m\u00e2ni, odat\u0103 cu \u00eentreaga situa\u021bie generat\u0103 de r\u0103sp\u00e2ndirea noului coronavirus (COVID-19) \u00een Rom\u00e2nia, o \u00eencetinire a activit\u0103\u021bii \u00een domeniu a putut fi resim\u021bit\u0103. Cerere exist\u0103 \u00een continuare, iar pre\u021burile au continuat s\u0103 urmeze un trend ascendent \u00een ultimele s\u0103pt\u0103m\u00e2ni la nivelul celor mai mari dou\u0103 [&hellip;]<\/p>\n","protected":false},"author":5891,"featured_media":58188,"comment_status":"open","ping_status":"open","sticky":false,"template":"","format":"standard","meta":{"footnotes":""},"categories":[259],"tags":[679,1848,1264,1883,1889],"content_author":[],"class_list":["post-58185","post","type-post","status-publish","format-standard","has-post-thumbnail","hentry","category-stiri","tag-cerere-oferta","tag-emisiune-imoexpert","tag-piata-rezidentiala","tag-preturi-apartamente-bucuresti-2020","tag-preturi-apartamente-cluj-nappoca"],"yoast_head":"<!-- This site is optimized with the Yoast SEO Premium plugin v27.0 (Yoast SEO v27.0) - https:\/\/yoast.com\/product\/yoast-seo-premium-wordpress\/ -->\n<title>Evolu\u021bia pie\u021bei reziden\u021biale \u00een ultimele s\u0103pt\u0103m\u00e2ni. Ce spun datele statistice? - \u0218tiri - ImoExpert<\/title>\n<meta name=\"description\" content=\"Sectorul reziden\u021bial \u0219i-a \u00eenceput anul \u00een for\u021b\u0103, dar \u00een ultimele s\u0103pt\u0103m\u00e2ni, odat\u0103 cu \u00eentreaga situa\u021bie generat\u0103 de r\u0103sp\u00e2ndirea noului coronavirus\" \/>\n<meta name=\"robots\" content=\"index, follow\" \/>\n<link rel=\"canonical\" href=\"https:\/\/www.imobiliare.ro\/imoexpert\/evolutia-pietei-rezidentiale-in-ultimele-saptamani-ce-spun-datele-statistice_db\/\" \/>\n<meta property=\"og:locale\" content=\"ro_RO\" \/>\n<meta property=\"og:type\" content=\"article\" \/>\n<meta property=\"og:title\" content=\"Evolu\u021bia pie\u021bei reziden\u021biale \u00een ultimele s\u0103pt\u0103m\u00e2ni. Ce spun datele statistice?\" \/>\n<meta property=\"og:description\" content=\"Sectorul reziden\u021bial \u0219i-a \u00eenceput anul \u00een for\u021b\u0103, dar \u00een ultimele s\u0103pt\u0103m\u00e2ni, odat\u0103 cu \u00eentreaga situa\u021bie generat\u0103 de r\u0103sp\u00e2ndirea noului coronavirus\" \/>\n<meta property=\"og:url\" content=\"https:\/\/www.imobiliare.ro\/imoexpert\/evolutia-pietei-rezidentiale-in-ultimele-saptamani-ce-spun-datele-statistice_db\/\" \/>\n<meta property=\"og:site_name\" content=\"ImoExpert\" \/>\n<meta property=\"article:published_time\" content=\"2020-04-01T11:11:50+00:00\" \/>\n<meta property=\"og:image\" content=\"https:\/\/www.imobiliare.ro\/imoexpert\/wp-content\/uploads\/2020\/04\/evolutia-pietei-rezidentiale-coronavirus.jpg\" \/>\n\t<meta property=\"og:image:width\" content=\"800\" \/>\n\t<meta property=\"og:image:height\" content=\"533\" \/>\n\t<meta property=\"og:image:type\" content=\"image\/jpeg\" \/>\n<meta name=\"author\" content=\"Corina V\u00e2rlan\" \/>\n<meta name=\"twitter:card\" content=\"summary_large_image\" \/>\n<meta name=\"twitter:label1\" content=\"Written by\" \/>\n\t<meta name=\"twitter:data1\" content=\"Corina V\u00e2rlan\" \/>\n\t<meta name=\"twitter:label2\" content=\"Est. reading time\" \/>\n\t<meta name=\"twitter:data2\" content=\"3 minute\" \/>\n<script type=\"application\/ld+json\" class=\"yoast-schema-graph\">{\"@context\":\"https:\/\/schema.org\",\"@graph\":[{\"@type\":\"Article\",\"@id\":\"https:\/\/www.imobiliare.ro\/imoexpert\/evolutia-pietei-rezidentiale-in-ultimele-saptamani-ce-spun-datele-statistice_db\/#article\",\"isPartOf\":{\"@id\":\"https:\/\/www.imobiliare.ro\/imoexpert\/evolutia-pietei-rezidentiale-in-ultimele-saptamani-ce-spun-datele-statistice_db\/\"},\"author\":{\"name\":\"Corina V\u00e2rlan\",\"@id\":\"https:\/\/www.imobiliare.ro\/imoexpert\/#\/schema\/person\/9ffdfbf24b82f39fc75a2fc6c19e4e99\"},\"headline\":\"Evolu\u021bia pie\u021bei reziden\u021biale \u00een ultimele s\u0103pt\u0103m\u00e2ni. Ce spun datele statistice?\",\"datePublished\":\"2020-04-01T11:11:50+00:00\",\"mainEntityOfPage\":{\"@id\":\"https:\/\/www.imobiliare.ro\/imoexpert\/evolutia-pietei-rezidentiale-in-ultimele-saptamani-ce-spun-datele-statistice_db\/\"},\"wordCount\":587,\"commentCount\":0,\"publisher\":{\"@id\":\"https:\/\/www.imobiliare.ro\/imoexpert\/#organization\"},\"image\":{\"@id\":\"https:\/\/www.imobiliare.ro\/imoexpert\/evolutia-pietei-rezidentiale-in-ultimele-saptamani-ce-spun-datele-statistice_db\/#primaryimage\"},\"thumbnailUrl\":\"https:\/\/www.imobiliare.ro\/imoexpert\/wp-content\/uploads\/2020\/04\/evolutia-pietei-rezidentiale-coronavirus.jpg\",\"keywords\":[\"cerere-oferta\",\"emisiune imoExpert\",\"piata rezidentiala\",\"preturi apartamente Bucure\u0219ti 2020\",\"preturi apartamente Cluj-Nappoca\"],\"articleSection\":[\"\u0218tiri\"],\"inLanguage\":\"en\",\"potentialAction\":[{\"@type\":\"CommentAction\",\"name\":\"Comment\",\"target\":[\"https:\/\/www.imobiliare.ro\/imoexpert\/evolutia-pietei-rezidentiale-in-ultimele-saptamani-ce-spun-datele-statistice_db\/#respond\"]}],\"copyrightYear\":\"2020\",\"copyrightHolder\":{\"@id\":\"https:\/\/www.imobiliare.ro\/imoexpert\/#organization\"}},{\"@type\":\"WebPage\",\"@id\":\"https:\/\/www.imobiliare.ro\/imoexpert\/evolutia-pietei-rezidentiale-in-ultimele-saptamani-ce-spun-datele-statistice_db\/\",\"url\":\"https:\/\/www.imobiliare.ro\/imoexpert\/evolutia-pietei-rezidentiale-in-ultimele-saptamani-ce-spun-datele-statistice_db\/\",\"name\":\"Evolu\u021bia pie\u021bei reziden\u021biale \u00een ultimele s\u0103pt\u0103m\u00e2ni. Ce spun datele statistice? - \u0218tiri - ImoExpert\",\"isPartOf\":{\"@id\":\"https:\/\/www.imobiliare.ro\/imoexpert\/#website\"},\"primaryImageOfPage\":{\"@id\":\"https:\/\/www.imobiliare.ro\/imoexpert\/evolutia-pietei-rezidentiale-in-ultimele-saptamani-ce-spun-datele-statistice_db\/#primaryimage\"},\"image\":{\"@id\":\"https:\/\/www.imobiliare.ro\/imoexpert\/evolutia-pietei-rezidentiale-in-ultimele-saptamani-ce-spun-datele-statistice_db\/#primaryimage\"},\"thumbnailUrl\":\"https:\/\/www.imobiliare.ro\/imoexpert\/wp-content\/uploads\/2020\/04\/evolutia-pietei-rezidentiale-coronavirus.jpg\",\"datePublished\":\"2020-04-01T11:11:50+00:00\",\"description\":\"Sectorul reziden\u021bial \u0219i-a \u00eenceput anul \u00een for\u021b\u0103, dar \u00een ultimele s\u0103pt\u0103m\u00e2ni, odat\u0103 cu \u00eentreaga situa\u021bie generat\u0103 de r\u0103sp\u00e2ndirea noului coronavirus\",\"breadcrumb\":{\"@id\":\"https:\/\/www.imobiliare.ro\/imoexpert\/evolutia-pietei-rezidentiale-in-ultimele-saptamani-ce-spun-datele-statistice_db\/#breadcrumb\"},\"inLanguage\":\"en\",\"potentialAction\":[{\"@type\":\"ReadAction\",\"target\":[\"https:\/\/www.imobiliare.ro\/imoexpert\/evolutia-pietei-rezidentiale-in-ultimele-saptamani-ce-spun-datele-statistice_db\/\"]}]},{\"@type\":\"ImageObject\",\"inLanguage\":\"en\",\"@id\":\"https:\/\/www.imobiliare.ro\/imoexpert\/evolutia-pietei-rezidentiale-in-ultimele-saptamani-ce-spun-datele-statistice_db\/#primaryimage\",\"url\":\"https:\/\/www.imobiliare.ro\/imoexpert\/wp-content\/uploads\/2020\/04\/evolutia-pietei-rezidentiale-coronavirus.jpg\",\"contentUrl\":\"https:\/\/www.imobiliare.ro\/imoexpert\/wp-content\/uploads\/2020\/04\/evolutia-pietei-rezidentiale-coronavirus.jpg\",\"width\":800,\"height\":533},{\"@type\":\"BreadcrumbList\",\"@id\":\"https:\/\/www.imobiliare.ro\/imoexpert\/evolutia-pietei-rezidentiale-in-ultimele-saptamani-ce-spun-datele-statistice_db\/#breadcrumb\",\"itemListElement\":[{\"@type\":\"ListItem\",\"position\":1,\"name\":\"Imoradar24\",\"item\":\"https:\/\/www.imoradar24.ro\"},{\"@type\":\"ListItem\",\"position\":2,\"name\":\"ImoExpert\",\"item\":\"https:\/\/www.imobiliare.ro\/imoexpert\/\"},{\"@type\":\"ListItem\",\"position\":3,\"name\":\"\u0218tiri\",\"item\":\"https:\/\/www.imobiliare.ro\/imoexpert\/stiri\/\"},{\"@type\":\"ListItem\",\"position\":4,\"name\":\"Evolu\u021bia pie\u021bei reziden\u021biale \u00een ultimele s\u0103pt\u0103m\u00e2ni. Ce spun datele statistice?\"}]},{\"@type\":\"WebSite\",\"@id\":\"https:\/\/www.imobiliare.ro\/imoexpert\/#website\",\"url\":\"https:\/\/www.imobiliare.ro\/imoexpert\/\",\"name\":\"ImoExpert\",\"description\":\"cele mai importante \u015ftiri din domeniul imobiliar\",\"publisher\":{\"@id\":\"https:\/\/www.imobiliare.ro\/imoexpert\/#organization\"},\"inLanguage\":\"en\"},{\"@type\":\"Organization\",\"@id\":\"https:\/\/www.imobiliare.ro\/imoexpert\/#organization\",\"name\":\"Imobiliare.ro\",\"alternateName\":\"Realmedia Network SA\",\"url\":\"https:\/\/www.imobiliare.ro\/imoexpert\/\",\"logo\":{\"@type\":\"ImageObject\",\"inLanguage\":\"en\",\"@id\":\"https:\/\/www.imobiliare.ro\/imoexpert\/#\/schema\/logo\/image\/\",\"url\":\"https:\/\/www.imobiliare.ro\/imoexpert\/wp-content\/uploads\/2025\/05\/imobiliare_logo.png\",\"contentUrl\":\"https:\/\/www.imobiliare.ro\/imoexpert\/wp-content\/uploads\/2025\/05\/imobiliare_logo.png\",\"width\":237,\"height\":29,\"caption\":\"Imobiliare.ro\"},\"image\":{\"@id\":\"https:\/\/www.imobiliare.ro\/imoexpert\/#\/schema\/logo\/image\/\"}},{\"@type\":\"Person\",\"@id\":\"https:\/\/www.imobiliare.ro\/imoexpert\/#\/schema\/person\/9ffdfbf24b82f39fc75a2fc6c19e4e99\",\"name\":\"Corina V\u00e2rlan\",\"image\":{\"@type\":\"ImageObject\",\"inLanguage\":\"en\",\"@id\":\"https:\/\/www.imobiliare.ro\/imoexpert\/#\/schema\/person\/image\/\",\"url\":\"https:\/\/www.imobiliare.ro\/imoexpert\/wp-content\/uploads\/2026\/02\/12-02-2025-5-rezumat-brasov-thumb-reels-1-1-96x96.png\",\"contentUrl\":\"https:\/\/www.imobiliare.ro\/imoexpert\/wp-content\/uploads\/2026\/02\/12-02-2025-5-rezumat-brasov-thumb-reels-1-1-96x96.png\",\"caption\":\"Corina V\u00e2rlan\"},\"description\":\"Cu o experien\u021b\u0103 de 14 ani \u00een presa online, comunicare \u0219i content marketing, Corina V\u00e2rlan s-a al\u0103turat echipei Imobiliare.ro \u00een urm\u0103 cu 8 ani \u0219i ocup\u0103, \u00een prezent, func\u021bia de Content Manager. Ea este gazda emisiunii \\\"\u00centreab\u0103 expertul\\\" \u0219i a seriei 5 \u0218tiri Imobiliare.ro, realizate \u00een parteneriat cu Libertatea. Corina \u00ee\u0219i concentreaz\u0103 activitatea pe analiza datelor de pia\u021b\u0103 \u0219i pe subiecte de interes at\u00e2t pentru cei afla\u021bi \u00een c\u0103utarea unei locuin\u021be, c\u00e2t \u0219i pentru proprietari sau chiria\u0219i.\",\"alternateName\":\"Corina\",\"jobTitle\":\"Content Manager\",\"url\":\"https:\/\/www.imobiliare.ro\/imoexpert\/author\/corina-varlan\/\"}]}<\/script>\n<!-- \/ Yoast SEO Premium plugin. -->","yoast_head_json":{"title":"Evolu\u021bia pie\u021bei reziden\u021biale \u00een ultimele s\u0103pt\u0103m\u00e2ni. Ce spun datele statistice? - \u0218tiri - ImoExpert","description":"Sectorul reziden\u021bial \u0219i-a \u00eenceput anul \u00een for\u021b\u0103, dar \u00een ultimele s\u0103pt\u0103m\u00e2ni, odat\u0103 cu \u00eentreaga situa\u021bie generat\u0103 de r\u0103sp\u00e2ndirea noului coronavirus","robots":{"index":"index","follow":"follow"},"canonical":"https:\/\/www.imobiliare.ro\/imoexpert\/evolutia-pietei-rezidentiale-in-ultimele-saptamani-ce-spun-datele-statistice_db\/","og_locale":"ro_RO","og_type":"article","og_title":"Evolu\u021bia pie\u021bei reziden\u021biale \u00een ultimele s\u0103pt\u0103m\u00e2ni. Ce spun datele statistice?","og_description":"Sectorul reziden\u021bial \u0219i-a \u00eenceput anul \u00een for\u021b\u0103, dar \u00een ultimele s\u0103pt\u0103m\u00e2ni, odat\u0103 cu \u00eentreaga situa\u021bie generat\u0103 de r\u0103sp\u00e2ndirea noului coronavirus","og_url":"https:\/\/www.imobiliare.ro\/imoexpert\/evolutia-pietei-rezidentiale-in-ultimele-saptamani-ce-spun-datele-statistice_db\/","og_site_name":"ImoExpert","article_published_time":"2020-04-01T11:11:50+00:00","og_image":[{"width":800,"height":533,"url":"https:\/\/www.imobiliare.ro\/imoexpert\/wp-content\/uploads\/2020\/04\/evolutia-pietei-rezidentiale-coronavirus.jpg","type":"image\/jpeg"}],"author":"Corina V\u00e2rlan","twitter_card":"summary_large_image","twitter_misc":{"Written by":"Corina V\u00e2rlan","Est. reading time":"3 minute"},"schema":{"@context":"https:\/\/schema.org","@graph":[{"@type":"Article","@id":"https:\/\/www.imobiliare.ro\/imoexpert\/evolutia-pietei-rezidentiale-in-ultimele-saptamani-ce-spun-datele-statistice_db\/#article","isPartOf":{"@id":"https:\/\/www.imobiliare.ro\/imoexpert\/evolutia-pietei-rezidentiale-in-ultimele-saptamani-ce-spun-datele-statistice_db\/"},"author":{"name":"Corina V\u00e2rlan","@id":"https:\/\/www.imobiliare.ro\/imoexpert\/#\/schema\/person\/9ffdfbf24b82f39fc75a2fc6c19e4e99"},"headline":"Evolu\u021bia pie\u021bei reziden\u021biale \u00een ultimele s\u0103pt\u0103m\u00e2ni. Ce spun datele statistice?","datePublished":"2020-04-01T11:11:50+00:00","mainEntityOfPage":{"@id":"https:\/\/www.imobiliare.ro\/imoexpert\/evolutia-pietei-rezidentiale-in-ultimele-saptamani-ce-spun-datele-statistice_db\/"},"wordCount":587,"commentCount":0,"publisher":{"@id":"https:\/\/www.imobiliare.ro\/imoexpert\/#organization"},"image":{"@id":"https:\/\/www.imobiliare.ro\/imoexpert\/evolutia-pietei-rezidentiale-in-ultimele-saptamani-ce-spun-datele-statistice_db\/#primaryimage"},"thumbnailUrl":"https:\/\/www.imobiliare.ro\/imoexpert\/wp-content\/uploads\/2020\/04\/evolutia-pietei-rezidentiale-coronavirus.jpg","keywords":["cerere-oferta","emisiune imoExpert","piata rezidentiala","preturi apartamente Bucure\u0219ti 2020","preturi apartamente Cluj-Nappoca"],"articleSection":["\u0218tiri"],"inLanguage":"en","potentialAction":[{"@type":"CommentAction","name":"Comment","target":["https:\/\/www.imobiliare.ro\/imoexpert\/evolutia-pietei-rezidentiale-in-ultimele-saptamani-ce-spun-datele-statistice_db\/#respond"]}],"copyrightYear":"2020","copyrightHolder":{"@id":"https:\/\/www.imobiliare.ro\/imoexpert\/#organization"}},{"@type":"WebPage","@id":"https:\/\/www.imobiliare.ro\/imoexpert\/evolutia-pietei-rezidentiale-in-ultimele-saptamani-ce-spun-datele-statistice_db\/","url":"https:\/\/www.imobiliare.ro\/imoexpert\/evolutia-pietei-rezidentiale-in-ultimele-saptamani-ce-spun-datele-statistice_db\/","name":"Evolu\u021bia pie\u021bei reziden\u021biale \u00een ultimele s\u0103pt\u0103m\u00e2ni. Ce spun datele statistice? - \u0218tiri - ImoExpert","isPartOf":{"@id":"https:\/\/www.imobiliare.ro\/imoexpert\/#website"},"primaryImageOfPage":{"@id":"https:\/\/www.imobiliare.ro\/imoexpert\/evolutia-pietei-rezidentiale-in-ultimele-saptamani-ce-spun-datele-statistice_db\/#primaryimage"},"image":{"@id":"https:\/\/www.imobiliare.ro\/imoexpert\/evolutia-pietei-rezidentiale-in-ultimele-saptamani-ce-spun-datele-statistice_db\/#primaryimage"},"thumbnailUrl":"https:\/\/www.imobiliare.ro\/imoexpert\/wp-content\/uploads\/2020\/04\/evolutia-pietei-rezidentiale-coronavirus.jpg","datePublished":"2020-04-01T11:11:50+00:00","description":"Sectorul reziden\u021bial \u0219i-a \u00eenceput anul \u00een for\u021b\u0103, dar \u00een ultimele s\u0103pt\u0103m\u00e2ni, odat\u0103 cu \u00eentreaga situa\u021bie generat\u0103 de r\u0103sp\u00e2ndirea noului coronavirus","breadcrumb":{"@id":"https:\/\/www.imobiliare.ro\/imoexpert\/evolutia-pietei-rezidentiale-in-ultimele-saptamani-ce-spun-datele-statistice_db\/#breadcrumb"},"inLanguage":"en","potentialAction":[{"@type":"ReadAction","target":["https:\/\/www.imobiliare.ro\/imoexpert\/evolutia-pietei-rezidentiale-in-ultimele-saptamani-ce-spun-datele-statistice_db\/"]}]},{"@type":"ImageObject","inLanguage":"en","@id":"https:\/\/www.imobiliare.ro\/imoexpert\/evolutia-pietei-rezidentiale-in-ultimele-saptamani-ce-spun-datele-statistice_db\/#primaryimage","url":"https:\/\/www.imobiliare.ro\/imoexpert\/wp-content\/uploads\/2020\/04\/evolutia-pietei-rezidentiale-coronavirus.jpg","contentUrl":"https:\/\/www.imobiliare.ro\/imoexpert\/wp-content\/uploads\/2020\/04\/evolutia-pietei-rezidentiale-coronavirus.jpg","width":800,"height":533},{"@type":"BreadcrumbList","@id":"https:\/\/www.imobiliare.ro\/imoexpert\/evolutia-pietei-rezidentiale-in-ultimele-saptamani-ce-spun-datele-statistice_db\/#breadcrumb","itemListElement":[{"@type":"ListItem","position":1,"name":"Imoradar24","item":"https:\/\/www.imoradar24.ro"},{"@type":"ListItem","position":2,"name":"ImoExpert","item":"https:\/\/www.imobiliare.ro\/imoexpert\/"},{"@type":"ListItem","position":3,"name":"\u0218tiri","item":"https:\/\/www.imobiliare.ro\/imoexpert\/stiri\/"},{"@type":"ListItem","position":4,"name":"Evolu\u021bia pie\u021bei reziden\u021biale \u00een ultimele s\u0103pt\u0103m\u00e2ni. Ce spun datele statistice?"}]},{"@type":"WebSite","@id":"https:\/\/www.imobiliare.ro\/imoexpert\/#website","url":"https:\/\/www.imobiliare.ro\/imoexpert\/","name":"ImoExpert","description":"cele mai importante \u015ftiri din domeniul imobiliar","publisher":{"@id":"https:\/\/www.imobiliare.ro\/imoexpert\/#organization"},"inLanguage":"en"},{"@type":"Organization","@id":"https:\/\/www.imobiliare.ro\/imoexpert\/#organization","name":"Imobiliare.ro","alternateName":"Realmedia Network SA","url":"https:\/\/www.imobiliare.ro\/imoexpert\/","logo":{"@type":"ImageObject","inLanguage":"en","@id":"https:\/\/www.imobiliare.ro\/imoexpert\/#\/schema\/logo\/image\/","url":"https:\/\/www.imobiliare.ro\/imoexpert\/wp-content\/uploads\/2025\/05\/imobiliare_logo.png","contentUrl":"https:\/\/www.imobiliare.ro\/imoexpert\/wp-content\/uploads\/2025\/05\/imobiliare_logo.png","width":237,"height":29,"caption":"Imobiliare.ro"},"image":{"@id":"https:\/\/www.imobiliare.ro\/imoexpert\/#\/schema\/logo\/image\/"}},{"@type":"Person","@id":"https:\/\/www.imobiliare.ro\/imoexpert\/#\/schema\/person\/9ffdfbf24b82f39fc75a2fc6c19e4e99","name":"Corina V\u00e2rlan","image":{"@type":"ImageObject","inLanguage":"en","@id":"https:\/\/www.imobiliare.ro\/imoexpert\/#\/schema\/person\/image\/","url":"https:\/\/www.imobiliare.ro\/imoexpert\/wp-content\/uploads\/2026\/02\/12-02-2025-5-rezumat-brasov-thumb-reels-1-1-96x96.png","contentUrl":"https:\/\/www.imobiliare.ro\/imoexpert\/wp-content\/uploads\/2026\/02\/12-02-2025-5-rezumat-brasov-thumb-reels-1-1-96x96.png","caption":"Corina V\u00e2rlan"},"description":"Cu o experien\u021b\u0103 de 14 ani \u00een presa online, comunicare \u0219i content marketing, Corina V\u00e2rlan s-a al\u0103turat echipei Imobiliare.ro \u00een urm\u0103 cu 8 ani \u0219i ocup\u0103, \u00een prezent, func\u021bia de Content Manager. Ea este gazda emisiunii \"\u00centreab\u0103 expertul\" \u0219i a seriei 5 \u0218tiri Imobiliare.ro, realizate \u00een parteneriat cu Libertatea. Corina \u00ee\u0219i concentreaz\u0103 activitatea pe analiza datelor de pia\u021b\u0103 \u0219i pe subiecte de interes at\u00e2t pentru cei afla\u021bi \u00een c\u0103utarea unei locuin\u021be, c\u00e2t \u0219i pentru proprietari sau chiria\u0219i.","alternateName":"Corina","jobTitle":"Content Manager","url":"https:\/\/www.imobiliare.ro\/imoexpert\/author\/corina-varlan\/"}]}},"_links":{"self":[{"href":"https:\/\/www.imobiliare.ro\/imoexpert\/wp-json\/wp\/v2\/posts\/58185","targetHints":{"allow":["GET"]}}],"collection":[{"href":"https:\/\/www.imobiliare.ro\/imoexpert\/wp-json\/wp\/v2\/posts"}],"about":[{"href":"https:\/\/www.imobiliare.ro\/imoexpert\/wp-json\/wp\/v2\/types\/post"}],"author":[{"embeddable":true,"href":"https:\/\/www.imobiliare.ro\/imoexpert\/wp-json\/wp\/v2\/users\/5891"}],"replies":[{"embeddable":true,"href":"https:\/\/www.imobiliare.ro\/imoexpert\/wp-json\/wp\/v2\/comments?post=58185"}],"version-history":[{"count":0,"href":"https:\/\/www.imobiliare.ro\/imoexpert\/wp-json\/wp\/v2\/posts\/58185\/revisions"}],"wp:featuredmedia":[{"embeddable":true,"href":"https:\/\/www.imobiliare.ro\/imoexpert\/wp-json\/wp\/v2\/media\/58188"}],"wp:attachment":[{"href":"https:\/\/www.imobiliare.ro\/imoexpert\/wp-json\/wp\/v2\/media?parent=58185"}],"wp:term":[{"taxonomy":"category","embeddable":true,"href":"https:\/\/www.imobiliare.ro\/imoexpert\/wp-json\/wp\/v2\/categories?post=58185"},{"taxonomy":"post_tag","embeddable":true,"href":"https:\/\/www.imobiliare.ro\/imoexpert\/wp-json\/wp\/v2\/tags?post=58185"},{"taxonomy":"content_author","embeddable":true,"href":"https:\/\/www.imobiliare.ro\/imoexpert\/wp-json\/wp\/v2\/content_author?post=58185"}],"curies":[{"name":"wp","href":"https:\/\/api.w.org\/{rel}","templated":true}]}}