{"id":58306,"date":"2020-04-16T14:15:28","date_gmt":"2020-04-16T11:15:28","guid":{"rendered":"https:\/\/www.imobiliare.ro\/imoexpert\/?p=58306"},"modified":"2020-04-16T14:15:28","modified_gmt":"2020-04-16T11:15:28","slug":"starea-de-urgenta-se-prelungeste-cu-inca-o-luna-ce-poti-si-ce-nu-poti-sa-faci-in-perioada-aceasta-daca-ai-o-nevoie-imobiliara","status":"publish","type":"post","link":"https:\/\/www.imobiliare.ro\/imoexpert\/starea-de-urgenta-se-prelungeste-cu-inca-o-luna-ce-poti-si-ce-nu-poti-sa-faci-in-perioada-aceasta-daca-ai-o-nevoie-imobiliara_db\/","title":{"rendered":"Starea de urgen\u021b\u0103 se prelunge\u0219te cu \u00eenc\u0103 o lun\u0103. Q&#038;A: Ce po\u021bi \u0219i ce nu po\u021bi s\u0103 faci \u00een perioada aceasta dac\u0103 ai o nevoie imobiliar\u0103?"},"content":{"rendered":"<p><a class=\"article-body-links\"href=\"https:\/\/www.imobiliare.ro\/imoexpert\/wp-content\/uploads\/2020\/04\/Starea-de-urgenta-se-prelungeste-cu-inca-o-luna-Q-A-ce-poti-si-ce-nu-poti-sa-faci-in-aceasta-perioada-daca-ai-o-nevoie-imobiliara.jpg\"><img loading=\"lazy\" decoding=\"async\" src=\"https:\/\/www.imobiliare.ro\/imoexpert\/wp-content\/uploads\/2020\/04\/Starea-de-urgenta-se-prelungeste-cu-inca-o-luna-Q-A-ce-poti-si-ce-nu-poti-sa-faci-in-aceasta-perioada-daca-ai-o-nevoie-imobiliara.jpg\" alt=\"\" width=\"800\" height=\"533\" class=\"aligncenter size-full wp-image-58310\" srcset=\"https:\/\/www.imobiliare.ro\/imoexpert\/wp-content\/uploads\/2020\/04\/Starea-de-urgenta-se-prelungeste-cu-inca-o-luna-Q-A-ce-poti-si-ce-nu-poti-sa-faci-in-aceasta-perioada-daca-ai-o-nevoie-imobiliara.jpg 800w, https:\/\/www.imobiliare.ro\/imoexpert\/wp-content\/uploads\/2020\/04\/Starea-de-urgenta-se-prelungeste-cu-inca-o-luna-Q-A-ce-poti-si-ce-nu-poti-sa-faci-in-aceasta-perioada-daca-ai-o-nevoie-imobiliara-300x200.jpg 300w, https:\/\/www.imobiliare.ro\/imoexpert\/wp-content\/uploads\/2020\/04\/Starea-de-urgenta-se-prelungeste-cu-inca-o-luna-Q-A-ce-poti-si-ce-nu-poti-sa-faci-in-aceasta-perioada-daca-ai-o-nevoie-imobiliara-768x512.jpg 768w\" sizes=\"auto, (max-width: 800px) 100vw, 800px\" \/><\/a><\/p>\n<div id=\"ez-toc-container\" class=\"ez-toc-v2_0_81 counter-hierarchy ez-toc-counter ez-toc-grey ez-toc-container-direction\">\n<p class=\"ez-toc-title\" style=\"cursor:inherit\">Table of Contents<\/p>\n<label for=\"ez-toc-cssicon-toggle-item-69f46d2de3d48\" class=\"ez-toc-cssicon-toggle-label\"><span class=\"ez-toc-cssicon\"><span class=\"eztoc-hide\" style=\"display:none;\">Toggle<\/span><span class=\"ez-toc-icon-toggle-span\"><svg style=\"fill: #999;color:#999\" xmlns=\"http:\/\/www.w3.org\/2000\/svg\" class=\"list-377408\" width=\"20px\" height=\"20px\" viewBox=\"0 0 24 24\" fill=\"none\"><path d=\"M6 6H4v2h2V6zm14 0H8v2h12V6zM4 11h2v2H4v-2zm16 0H8v2h12v-2zM4 16h2v2H4v-2zm16 0H8v2h12v-2z\" fill=\"currentColor\"><\/path><\/svg><svg style=\"fill: #999;color:#999\" class=\"arrow-unsorted-368013\" xmlns=\"http:\/\/www.w3.org\/2000\/svg\" width=\"10px\" height=\"10px\" viewBox=\"0 0 24 24\" version=\"1.2\" baseProfile=\"tiny\"><path d=\"M18.2 9.3l-6.2-6.3-6.2 6.3c-.2.2-.3.4-.3.7s.1.5.3.7c.2.2.4.3.7.3h11c.3 0 .5-.1.7-.3.2-.2.3-.5.3-.7s-.1-.5-.3-.7zM5.8 14.7l6.2 6.3 6.2-6.3c.2-.2.3-.5.3-.7s-.1-.5-.3-.7c-.2-.2-.4-.3-.7-.3h-11c-.3 0-.5.1-.7.3-.2.2-.3.5-.3.7s.1.5.3.7z\"\/><\/svg><\/span><\/span><\/label><input type=\"checkbox\"  id=\"ez-toc-cssicon-toggle-item-69f46d2de3d48\"  aria-label=\"Toggle\" \/><nav><ul class='ez-toc-list ez-toc-list-level-1 ' ><li class='ez-toc-page-1 ez-toc-heading-level-2'><a class=\"ez-toc-link ez-toc-heading-1\" href=\"https:\/\/www.imobiliare.ro\/imoexpert\/starea-de-urgenta-se-prelungeste-cu-inca-o-luna-ce-poti-si-ce-nu-poti-sa-faci-in-perioada-aceasta-daca-ai-o-nevoie-imobiliara_db\/#In_virtutea_noului_decret_semnat_de_Presedinte_se_mentine_printre_altele_restrictionarea_dreptului_populatiei_la_libera_circulatie\" >\u00cen virtutea noului decret semnat de Pre\u0219edinte, se men\u021bine (printre altele) restric\u021bionarea dreptului popula\u021biei la libera circula\u021bie.<\/a><\/li><li class='ez-toc-page-1 ez-toc-heading-level-2'><a class=\"ez-toc-link ez-toc-heading-2\" href=\"https:\/\/www.imobiliare.ro\/imoexpert\/starea-de-urgenta-se-prelungeste-cu-inca-o-luna-ce-poti-si-ce-nu-poti-sa-faci-in-perioada-aceasta-daca-ai-o-nevoie-imobiliara_db\/#1_Exista_cineva_care_ma_poate_ajuta_sa-mi_rezolv_rapid_si_eficient_nevoia_imobiliara\" >1. Exist\u0103 cineva care m\u0103 poate ajuta s\u0103-mi rezolv, rapid \u0219i eficient, nevoia imobiliar\u0103?<\/a><\/li><li class='ez-toc-page-1 ez-toc-heading-level-2'><a class=\"ez-toc-link ez-toc-heading-3\" href=\"https:\/\/www.imobiliare.ro\/imoexpert\/starea-de-urgenta-se-prelungeste-cu-inca-o-luna-ce-poti-si-ce-nu-poti-sa-faci-in-perioada-aceasta-daca-ai-o-nevoie-imobiliara_db\/#2_Pot_viziona_proprietati\" >2. Pot viziona propriet\u0103\u021bi?<\/a><\/li><li class='ez-toc-page-1 ez-toc-heading-level-2'><a class=\"ez-toc-link ez-toc-heading-4\" href=\"https:\/\/www.imobiliare.ro\/imoexpert\/starea-de-urgenta-se-prelungeste-cu-inca-o-luna-ce-poti-si-ce-nu-poti-sa-faci-in-perioada-aceasta-daca-ai-o-nevoie-imobiliara_db\/#3_Pot_obtine_actele_de_care_am_nevoie_in_aceasta_perioada\" >3. Pot ob\u021bine actele de care am nevoie \u00een aceast\u0103 perioad\u0103?<\/a><\/li><li class='ez-toc-page-1 ez-toc-heading-level-2'><a class=\"ez-toc-link ez-toc-heading-5\" href=\"https:\/\/www.imobiliare.ro\/imoexpert\/starea-de-urgenta-se-prelungeste-cu-inca-o-luna-ce-poti-si-ce-nu-poti-sa-faci-in-perioada-aceasta-daca-ai-o-nevoie-imobiliara_db\/#4_Pot_incheia_un_contract_de_credit\" >4. Pot \u00eencheia un contract de credit?<\/a><\/li><li class='ez-toc-page-1 ez-toc-heading-level-2'><a class=\"ez-toc-link ez-toc-heading-6\" href=\"https:\/\/www.imobiliare.ro\/imoexpert\/starea-de-urgenta-se-prelungeste-cu-inca-o-luna-ce-poti-si-ce-nu-poti-sa-faci-in-perioada-aceasta-daca-ai-o-nevoie-imobiliara_db\/#5_Pot_incheia_o_tranzactie_imobiliara\" >5. Pot \u00eencheia o tranzac\u021bie imobiliar\u0103?<\/a><\/li><li class='ez-toc-page-1 ez-toc-heading-level-2'><a class=\"ez-toc-link ez-toc-heading-7\" href=\"https:\/\/www.imobiliare.ro\/imoexpert\/starea-de-urgenta-se-prelungeste-cu-inca-o-luna-ce-poti-si-ce-nu-poti-sa-faci-in-perioada-aceasta-daca-ai-o-nevoie-imobiliara_db\/#6_Ma_pot_muta_cu_familia_in_timpul_starii_de_urgenta\" >6. M\u0103 pot muta cu familia \u00een timpul st\u0103rii de urgen\u021b\u0103?<\/a><\/li><li class='ez-toc-page-1 ez-toc-heading-level-2'><a class=\"ez-toc-link ez-toc-heading-8\" href=\"https:\/\/www.imobiliare.ro\/imoexpert\/starea-de-urgenta-se-prelungeste-cu-inca-o-luna-ce-poti-si-ce-nu-poti-sa-faci-in-perioada-aceasta-daca-ai-o-nevoie-imobiliara_db\/#7_Am_cumparat_o_locuinta_%E2%80%93_ma_pot_deplasa_la_Primarie_in_vederea_inregistrarii_acesteia_pentru_impozitare_Dar_pentru_incheierea_contractelor_cu_furnizorii_de_utilitati\" >7. Am cump\u0103rat o locuin\u021b\u0103 \u2013 m\u0103 pot deplasa la Prim\u0103rie \u00een vederea \u00eenregistr\u0103rii acesteia pentru impozitare? Dar pentru \u00eencheierea contractelor cu furnizorii de utilit\u0103\u021bi?<\/a><\/li><\/ul><\/nav><\/div>\n<h2><span class=\"ez-toc-section\" id=\"In_virtutea_noului_decret_semnat_de_Presedinte_se_mentine_printre_altele_restrictionarea_dreptului_populatiei_la_libera_circulatie\"><\/span>\u00cen virtutea noului decret semnat de Pre\u0219edinte, se men\u021bine (printre altele) restric\u021bionarea dreptului popula\u021biei la libera circula\u021bie.<span class=\"ez-toc-section-end\"><\/span><\/h2>\n<p>La \u00eenceputul acestei s\u0103pt\u0103m\u00e2ni, pre\u0219edintele Rom\u00e2niei, Klaus Iohannis, a semnat  decretul privind prelungirea st\u0103rii de urgen\u021b\u0103 pe teritoriul Rom\u00e2niei, pentru \u00eenc\u0103 30 de zile, \u00eencep\u00e2nd cu data de 15 aprilie. Decizia a fost luat\u0103 \u00een contextul \u00een care, \u201epe plan mondial, at\u00e2t num\u0103rul de persoane infectate cu coronavirusul SARS-CoV-2, c\u00e2t \u0219i num\u0103rul de decese provocate de acesta cre\u0219te semnificativ, f\u0103r\u0103 s\u0103 existe, deocamdat\u0103, semne certe ale unei eventuale \u00eencetiniri a ritmului evolu\u021biei pandemiei sau ale unei plafon\u0103ri a num\u0103rului de cazuri, \u00een pofida restric\u021biilor f\u0103r\u0103 precedent adoptate de statele lumii\u201d; de asemenea, s-a \u021binut seama \u201ede faptul c\u0103, de la momentul instituirii st\u0103rii de urgen\u021b\u0103 pe teritoriul Rom\u00e2niei prin Decretul nr.195\/2020, at\u00e2t num\u0103rul de \u00eemboln\u0103viri \u00eenregistrate, c\u00e2t \u0219i num\u0103rul de decese provocate de coronavirusul SARS-CoV-2 au \u00eenregistrat curbe ascendente\u201d.<\/p>\n<p><strong><a class=\"article-body-links\"href=\"https:\/\/www.presidency.ro\/ro\/media\/decret-semnat-de-presedintele-romaniei-domnul-klaus-iohannis-privind-prelungirea-starii-de-urgenta-pe-teritoriul-romaniei\">Aici<\/a> po\u021bi citi, integral, decretul privind prelungirea st\u0103rii de urgen\u021b\u0103.<\/strong><\/p>\n<p>Ce po\u021bi face, \u00eens\u0103, dac\u0103 \u00een aceast\u0103 perioad\u0103 ai o nevoie imobiliar\u0103 stringent\u0103? Dac\u0103 te afli \u00een aceast\u0103 situa\u021bie, <strong><a class=\"article-body-links\"href=\"https:\/\/www.imobiliare.ro\/\">Imobiliare.ro<\/a><\/strong> \u00ee\u021bi ofer\u0103 r\u0103spunsurile la c\u00e2teva dintre cele mai presante \u00eentreb\u0103ri:<\/p>\n<h2><span class=\"ez-toc-section\" id=\"1_Exista_cineva_care_ma_poate_ajuta_sa-mi_rezolv_rapid_si_eficient_nevoia_imobiliara\"><\/span>1. Exist\u0103 cineva care m\u0103 poate ajuta s\u0103-mi rezolv, rapid \u0219i eficient, nevoia imobiliar\u0103?<span class=\"ez-toc-section-end\"><\/span><\/h2>\n<p>Da, cu siguran\u021b\u0103. La fel ca angaja\u021bii multor companii, agen\u021bii imobiliari \u0219i brokerii de v\u00e2nz\u0103ri ai dezvoltatorilor \u00ee\u0219i continu\u0103 activitatea \u00een aceast\u0103 perioad\u0103, chiar dac\u0103 (majoritatea) lucreaz\u0103 de acas\u0103. Nu te sfii, a\u0219adar, s\u0103 contactezi, telefonic sau prin email, un consultant \u00een imobiliare \u2013 chiar pe parcursul st\u0103rii de urgen\u021b\u0103. Pentru a-\u021bi putea \u00een\u021belege mai bine nevoile, sunt \u0219anse mari ca acesta s\u0103-\u021bi propun\u0103 o discu\u021bie video, care poate fi o alternativ\u0103 foarte eficient\u0103 pentru o \u00eent\u00e2lnire fa\u021b\u0103 \u00een fa\u021b\u0103. <\/p>\n<p>Dac\u0103 e\u0219ti v\u00e2nz\u0103tor \u0219i dore\u0219ti s\u0103 sco\u021bi pe pia\u021b\u0103 o proprietate, spre v\u00e2nzare sau \u00eenchiriere, este bine s\u0103 \u0219tii c\u0103 agentul imobiliar are dreptul, cu permisiunea ta, s\u0103 se deplaseze la fa\u021ba locului pentru a face fotografii sau chiar un filmule\u021b de prezentare. \u021ain\u00e2nd cont de m\u0103surile de siguran\u021b\u0103 dictate de contextul actual, o asemenea \u201evizit\u0103\u201d s-ar \u00eencadra, pentru agentul imobiliar, \u00een categoria celor desf\u0103\u0219urate \u00een interes de serviciu \u2013 fiind, astfel, perfect legal\u0103.<\/p>\n<p><strong>Cite\u0219te \u0219i: <a class=\"article-body-links\"href=\"https:\/\/www.imobiliare.ro\/imoexpert\/prevederi-suplimentare-in-cea-de-a-treia-ordonanta-militara-emisa-de-mai-pentru-starea-de-carantina-totala_db\/\">Prevederi suplimentare \u00een cea de-a treia ordonan\u021b\u0103 militar\u0103 emis\u0103 de MAI pentru starea de carantin\u0103 total\u0103<\/a><\/strong><\/p>\n<h2><span class=\"ez-toc-section\" id=\"2_Pot_viziona_proprietati\"><\/span>2. Pot viziona propriet\u0103\u021bi?<span class=\"ez-toc-section-end\"><\/span><\/h2>\n<p>Depinde. Teoretic, \u00een cea mai recent\u0103 ordonan\u021b\u0103 militar\u0103 vizionarea unor propriet\u0103\u021bi imobiliare nu este inclus\u0103 \u00een categoria excep\u021biilor de la restric\u021biile de circula\u021bie. Cu toate acestea, pe <a class=\"article-body-links\"href=\"https:\/\/stirioficiale.ro\/informatii\/q-and-a-coronavirus\">stirioficiale.ro<\/a> se precizeaz\u0103 c\u0103 \u201emotivul deplas\u0103rii trebuie s\u0103 fie unul justificat\/s\u0103 nu necesite (suporte, n.red.) am\u00e2nare, [iar] situa\u021biile cuprinse \u00een norm\u0103 au caracter exemplificativ, dar presupun temeiuri de o anumit\u0103 importan\u021b\u0103\u201d. Astfel, de\u0219i vizion\u0103rile de propriet\u0103\u021bi imobiliare sunt drastic limitate \u00een perioada aceasta, se poate deduce c\u0103 acestea pot avea, totu\u0219i, loc \u00een anumite situa\u021bii (dac\u0103 o persoan\u0103 are o nevoie serioas\u0103 de a \u00eenchiria sau cump\u0103ra un imobil). <\/p>\n<p>P\u00e2n\u0103 a ajunge la decizia ferm\u0103 de a cump\u0103ra sau \u00eenchiria o anumit\u0103 proprietate, este bine s\u0103 \u0219tii c\u0103 vizion\u0103rile tradi\u021bionale pot fi \u00eenlocuite, cel pu\u021bin \u00een parte, de instrumentele de promovare online (fotografii, tururi virtuale sau filmule\u021be de prezentare, \u00eenregistrate sau transmise chiar live); la acestea se adaug\u0103, desigur, o str\u00e2ns\u0103 comunicare cu agentul imobiliar. \u00cen actualul context de pia\u021b\u0103, mul\u021bi profesioni\u0219ti \u00een domeniu fac eforturi de adaptare la noile condi\u021bii de socializare. <\/p>\n<p><strong>Cite\u0219te \u0219i: <a class=\"article-body-links\"href=\"https:\/\/www.imobiliare.ro\/imoexpert\/interactiunile-la-distanta-viitorul-tranzactiilor-imobiliare_db\/\">Interac\u021biunile \u201ela distan\u021b\u0103\u201d, viitorul tranzac\u021biilor imobiliare?<\/a><\/strong><\/p>\n<h2><span class=\"ez-toc-section\" id=\"3_Pot_obtine_actele_de_care_am_nevoie_in_aceasta_perioada\"><\/span>3. Pot ob\u021bine actele de care am nevoie \u00een aceast\u0103 perioad\u0103?<span class=\"ez-toc-section-end\"><\/span><\/h2>\n<p>\u00cen esen\u021b\u0103, da. O serie de companii, dar \u0219i de institu\u021bii, s-au adaptat cerin\u021belor impuse de lucrul de la distan\u021b\u0103 \u00een aceast\u0103 perioad\u0103. Agen\u021bia Na\u021bional\u0103 de Cadastru \u0219i Publicitate Imobiliar\u0103 (ANCPI), spre exemplu, a anun\u021bat recent c\u0103, \u00een perioada 16-20 martie 2020, a eliberat \u0219i transmis online peste 180.000 de documente \u2013 dintre care aproximativ 45.000 au fost semnate electronic. \u00cen aceea\u0219i perioad\u0103, ANCPI a primit \u0219i a \u00eenregistrat online peste 180.000 de acte, dintre care 32.000 cu semn\u0103tur\u0103 electronic\u0103. \u201eNoile func\u021bionalit\u0103\u021bi, care permit solu\u021bionarea online a tuturor solicit\u0103rilor, au fost implementate \u00een doar c\u00e2teva zile de ANCPI \u0219i au fost realizate \u00een scopul protej\u0103rii cet\u0103\u021benilor de epidemia de COVID-19\u201d, noteaz\u0103 oficialii institu\u021biei.<\/p>\n<p>Teoretic, \u0219i un certificat energetic poate fi eliberat \u00een aceast\u0103 perioad\u0103, unui auditor specializat fiindu-i permis\u0103 deplasarea \u00een interes profesional. Acesta ar fi, desigur, \u0219i cazul evaluatorilor. De men\u021bionat este \u00eens\u0103 c\u0103 exist\u0103 posibilitatea ca unii speciali\u0219ti s\u0103 fi luat decizia de a-\u0219i suspenda activitatea \u00een aceast\u0103 perioad\u0103.<\/p>\n<p><strong>Un agent imobiliar profesionist te poate direc\u021biona, desigur, \u00een func\u021bie de nevoile tale concrete.<\/strong> <\/p>\n<h2><span class=\"ez-toc-section\" id=\"4_Pot_incheia_un_contract_de_credit\"><\/span>4. Pot \u00eencheia un contract de credit?<span class=\"ez-toc-section-end\"><\/span><\/h2>\n<p>Teoretic, da. Acordarea de credite, inclusiv c\u0103tre persoane fizice, nu a fost \u00een niciun fel restric\u021bionat\u0103, \u00een mod oficial \u2013 de\u0219i este posibil ca unele b\u0103nci s\u0103 fi luat o asemenea decizie \u00een mod individual, pentru o anumit\u0103 perioad\u0103. Cu toate c\u0103 \u0219i angaja\u021bii b\u0103ncilor au apelat la varianta lucrului de acas\u0103 \u00een aceast\u0103 perioad\u0103, institu\u021biile financiare au \u00een continuare program cu publicul (chiar dac\u0103 mai restr\u00e2ns dec\u00e2t \u00een mod obi\u0219nuit). <\/p>\n<p><strong>Pentru a fi sigur c\u0103 banca la care vrei s\u0103 mergi are \u00een continuare program de lucru cu publicul, verific\u0103, \u00een prealabil, printr-un telefon.<\/strong><\/p>\n<p><strong>Cite\u0219te \u0219i: <a class=\"article-body-links\"href=\"https:\/\/www.imobiliare.ro\/imoexpert\/adaptare-rapida-la-lucrul-de-acasa-asistam-la-o-mobilizare-exemplara-a-companiilor-pe-toate-planurile_db\/\">Adaptare rapid\u0103 la lucrul de acas\u0103: \u201eAsist\u0103m la o mobilizare exemplar\u0103 a companiilor, pe toate planurile\u201d<\/a><\/strong><\/p>\n<h2><span class=\"ez-toc-section\" id=\"5_Pot_incheia_o_tranzactie_imobiliara\"><\/span>5. Pot \u00eencheia o tranzac\u021bie imobiliar\u0103?<span class=\"ez-toc-section-end\"><\/span><\/h2>\n<p>Da. De\u0219i unele cabinete notariale \u0219i-au suspendat, \u00een aceast\u0103 perioad\u0103, activitatea la sediu, exist\u0103 notari care, \u00een condi\u021biile unei \u00een\u0219tiin\u021b\u0103ri prealabile, sunt dispu\u0219i s\u0103 se deplaseze la birou pentru \u00eencheierea unor acte oficiale, precum contractele \u0219i precontractele imobiliare. Pe <a class=\"article-body-links\"href=\"https:\/\/stirioficiale.ro\/informatii\/q-and-a-coronavirus\">stirioficiale.ro<\/a> se stipuleaz\u0103: \u201eSunt permise astfel de deplas\u0103ri, \u00een situa\u021bii justificate \u0219i \u00een condi\u021biile \u00een care opera\u021biunile efectuate prin respectivele documente notariale nu pot fi executate online\u201d. Este recomandat ca, \u00een asemenea situa\u021bii, s\u0103 ai la tine, pe l\u00e2ng\u0103 declara\u021bia pe propria r\u0103spundere, documente care s\u0103 justifice deplasarea (o \u201einvita\u021bie\u201d de la notar, precontract, contract etc.). La modul teoretic, notarul ar putea veni chiar la tine acas\u0103, aceasta fiind o deplasare \u00een interes de serviciu.  <\/p>\n<h2><span class=\"ez-toc-section\" id=\"6_Ma_pot_muta_cu_familia_in_timpul_starii_de_urgenta\"><\/span>6. M\u0103 pot muta cu familia \u00een timpul st\u0103rii de urgen\u021b\u0103?<span class=\"ez-toc-section-end\"><\/span><\/h2>\n<p>Da. Dup\u0103 cum am ar\u0103tat mai sus, \u201emotivul deplas\u0103rii trebuie s\u0103 fie unul justificat\/s\u0103 nu necesite (suporte, n.red.) am\u00e2nare, [iar] situa\u021biile cuprinse \u00een norm\u0103 au caracter exemplificativ, dar presupun temeiuri de o anumit\u0103 importan\u021b\u0103\u201d. \u00cen plus, pe site-ul mai sus men\u021bionat se precizeaz\u0103: \u201e\u00cen Ordonan\u021ba Militar\u0103 num\u0103rul 3 nu este prev\u0103zut faptul c\u0103 cet\u0103\u021benii trebuie s\u0103 r\u0103m\u00e2n\u0103 la adresa de domiciliu, ci la o loca\u021bie indicat\u0103 de ei, cu respectarea prevederilor legale \u0219i a restric\u021biilor impuse. Astfel, preciz\u0103m c\u0103 este permis\u0103 inclusiv deplasarea cu familia \u00een zona rural\u0103, dac\u0103 persoanele de\u021bin acolo o cas\u0103, pentru a r\u0103m\u00e2ne \u00een respectiva localitate\u201d.<\/p>\n<p><strong>Cite\u0219te \u0219i: <a class=\"article-body-links\"href=\"https:\/\/www.imobiliare.ro\/imoexpert\/piata-inchirierilor-rezilienta-in-fata-pandemiei_db\/\">Pia\u021ba \u00eenchirierilor, rezilient\u0103 \u00een fa\u021ba pandemiei<\/a><\/strong><\/p>\n<h2><span class=\"ez-toc-section\" id=\"7_Am_cumparat_o_locuinta_%E2%80%93_ma_pot_deplasa_la_Primarie_in_vederea_inregistrarii_acesteia_pentru_impozitare_Dar_pentru_incheierea_contractelor_cu_furnizorii_de_utilitati\"><\/span>7. Am cump\u0103rat o locuin\u021b\u0103 \u2013 m\u0103 pot deplasa la Prim\u0103rie \u00een vederea \u00eenregistr\u0103rii acesteia pentru impozitare? Dar pentru \u00eencheierea contractelor cu furnizorii de utilit\u0103\u021bi?<span class=\"ez-toc-section-end\"><\/span><\/h2>\n<p>Ca proasp\u0103t proprietar de locuin\u021b\u0103, ar trebui, \u00een primul r\u00e2nd, s\u0103 contactezi reprezentan\u021bii Prim\u0103riei \u0219i\/sau ai furnizorilor de utilit\u0103\u021bi pentru a vedea dac\u0103 opera\u021biunile pe care le ai de \u00eendeplinit pot fi efectuate online (exist\u0103 deja institu\u021bii care permit semnarea electronic\u0103 a unor documente). Dac\u0103 o asemenea posibilitate nu exist\u0103, verific\u0103 dac\u0103 acestea au program de lucru cu publicul: dac\u0103 da, deplasarea ar fi, teoretic, permis\u0103 \u2013 la fel ca \u00een cazul pl\u0103\u021bii facturilor la utilit\u0103\u021bi, a ratelor la banc\u0103 sau pentru semnarea unor contracte la notar. \u00cen aceste din urm\u0103 cazuri, pe <a class=\"article-body-links\"href=\"https:\/\/stirioficiale.ro\/informatii\/q-and-a-coronavirus\">stirioficiale.ro<\/a> se stipuleaz\u0103: \u201eDac\u0103 nu pute\u021bi utiliza o platform\u0103 informatic\u0103 pentru plata acestor utilit\u0103\u021bi\/facturi\/rate, pute\u021bi face aceste deplas\u0103ri \u00eentocmind declara\u021bia pe proprie r\u0103spundere, cu men\u021biunea existen\u021bei unui motiv justificat. V\u0103 recomand\u0103m s\u0103 ave\u021bi la dumneavoastr\u0103 documentele care justific\u0103 nevoia acestor pl\u0103\u021bi (facturi, desf\u0103\u0219ur\u0103toare, \u00een\u0219tiin\u021b\u0103ri de plat\u0103, precontracte etc.)\u201d. <\/p>\n","protected":false},"excerpt":{"rendered":"<p>\u00cen virtutea noului decret semnat de Pre\u0219edinte, se men\u021bine (printre altele) restric\u021bionarea dreptului popula\u021biei la libera circula\u021bie. La \u00eenceputul acestei s\u0103pt\u0103m\u00e2ni, pre\u0219edintele Rom\u00e2niei, Klaus Iohannis, a semnat decretul privind prelungirea st\u0103rii de urgen\u021b\u0103 pe teritoriul Rom\u00e2niei, pentru \u00eenc\u0103 30 de zile, \u00eencep\u00e2nd cu data de 15 aprilie. Decizia a fost luat\u0103 \u00een contextul \u00een care, [&hellip;]<\/p>\n","protected":false},"author":829,"featured_media":58310,"comment_status":"open","ping_status":"open","sticky":false,"template":"","format":"standard","meta":{"footnotes":""},"categories":[259,2455],"tags":[1902,1410,1411,451,1914,487],"content_author":[],"class_list":["post-58306","post","type-post","status-publish","format-standard","has-post-thumbnail","hentry","category-stiri","category-video","tag-covid-19","tag-newsletter","tag-principal","tag-proprietar","tag-stare-de-urgenta","tag-tranzactii-imobiliare"],"yoast_head":"<!-- This site is optimized with the Yoast SEO Premium plugin v27.0 (Yoast SEO v27.0) - https:\/\/yoast.com\/product\/yoast-seo-premium-wordpress\/ -->\n<title>Starea de urgen\u021b\u0103 se prelunge\u0219te cu \u00eenc\u0103 o lun\u0103. Q&amp;A: Ce po\u021bi \u0219i ce nu po\u021bi s\u0103 faci \u00een perioada aceasta dac\u0103 ai o nevoie imobiliar\u0103? - \u0218tiri, Video - ImoExpert<\/title>\n<meta name=\"description\" content=\"\u00cen virtutea noului decret semnat de Pre\u0219edinte, se men\u021bine (printre altele) restric\u021bionarea dreptului popula\u021biei la libera circula\u021bie. La \u00eenceputul\" \/>\n<meta name=\"robots\" content=\"index, follow\" \/>\n<link rel=\"canonical\" href=\"https:\/\/www.imobiliare.ro\/imoexpert\/starea-de-urgenta-se-prelungeste-cu-inca-o-luna-ce-poti-si-ce-nu-poti-sa-faci-in-perioada-aceasta-daca-ai-o-nevoie-imobiliara_db\/\" \/>\n<meta property=\"og:locale\" content=\"ro_RO\" \/>\n<meta property=\"og:type\" content=\"article\" \/>\n<meta property=\"og:title\" content=\"Starea de urgen\u021b\u0103 se prelunge\u0219te cu \u00eenc\u0103 o lun\u0103. Q&amp;A: Ce po\u021bi \u0219i ce nu po\u021bi s\u0103 faci \u00een perioada aceasta dac\u0103 ai o nevoie imobiliar\u0103?\" \/>\n<meta property=\"og:description\" content=\"\u00cen virtutea noului decret semnat de Pre\u0219edinte, se men\u021bine (printre altele) restric\u021bionarea dreptului popula\u021biei la libera circula\u021bie. La \u00eenceputul\" \/>\n<meta property=\"og:url\" content=\"https:\/\/www.imobiliare.ro\/imoexpert\/starea-de-urgenta-se-prelungeste-cu-inca-o-luna-ce-poti-si-ce-nu-poti-sa-faci-in-perioada-aceasta-daca-ai-o-nevoie-imobiliara_db\/\" \/>\n<meta property=\"og:site_name\" content=\"ImoExpert\" \/>\n<meta property=\"article:published_time\" content=\"2020-04-16T11:15:28+00:00\" \/>\n<meta property=\"og:image\" content=\"https:\/\/www.imobiliare.ro\/imoexpert\/wp-content\/uploads\/2020\/04\/Starea-de-urgenta-se-prelungeste-cu-inca-o-luna-Q-A-ce-poti-si-ce-nu-poti-sa-faci-in-aceasta-perioada-daca-ai-o-nevoie-imobiliara.jpg\" \/>\n\t<meta property=\"og:image:width\" content=\"800\" \/>\n\t<meta property=\"og:image:height\" content=\"533\" \/>\n\t<meta property=\"og:image:type\" content=\"image\/jpeg\" \/>\n<meta name=\"author\" content=\"Adriana Dr\u0103gu\u0219in\" \/>\n<meta name=\"twitter:card\" content=\"summary_large_image\" \/>\n<meta name=\"twitter:label1\" content=\"Written by\" \/>\n\t<meta name=\"twitter:data1\" content=\"Adriana Dr\u0103gu\u0219in\" \/>\n\t<meta name=\"twitter:label2\" content=\"Est. reading time\" \/>\n\t<meta name=\"twitter:data2\" content=\"7 minute\" \/>\n<script type=\"application\/ld+json\" class=\"yoast-schema-graph\">{\"@context\":\"https:\/\/schema.org\",\"@graph\":[{\"@type\":\"Article\",\"@id\":\"https:\/\/www.imobiliare.ro\/imoexpert\/starea-de-urgenta-se-prelungeste-cu-inca-o-luna-ce-poti-si-ce-nu-poti-sa-faci-in-perioada-aceasta-daca-ai-o-nevoie-imobiliara_db\/#article\",\"isPartOf\":{\"@id\":\"https:\/\/www.imobiliare.ro\/imoexpert\/starea-de-urgenta-se-prelungeste-cu-inca-o-luna-ce-poti-si-ce-nu-poti-sa-faci-in-perioada-aceasta-daca-ai-o-nevoie-imobiliara_db\/\"},\"author\":{\"name\":\"Adriana Dr\u0103gu\u0219in\",\"@id\":\"https:\/\/www.imobiliare.ro\/imoexpert\/#\/schema\/person\/8c13b0297075010b896471fabf0d7790\"},\"headline\":\"Starea de urgen\u021b\u0103 se prelunge\u0219te cu \u00eenc\u0103 o lun\u0103. Q&#038;A: Ce po\u021bi \u0219i ce nu po\u021bi s\u0103 faci \u00een perioada aceasta dac\u0103 ai o nevoie imobiliar\u0103?\",\"datePublished\":\"2020-04-16T11:15:28+00:00\",\"mainEntityOfPage\":{\"@id\":\"https:\/\/www.imobiliare.ro\/imoexpert\/starea-de-urgenta-se-prelungeste-cu-inca-o-luna-ce-poti-si-ce-nu-poti-sa-faci-in-perioada-aceasta-daca-ai-o-nevoie-imobiliara_db\/\"},\"wordCount\":1471,\"commentCount\":0,\"publisher\":{\"@id\":\"https:\/\/www.imobiliare.ro\/imoexpert\/#organization\"},\"image\":{\"@id\":\"https:\/\/www.imobiliare.ro\/imoexpert\/starea-de-urgenta-se-prelungeste-cu-inca-o-luna-ce-poti-si-ce-nu-poti-sa-faci-in-perioada-aceasta-daca-ai-o-nevoie-imobiliara_db\/#primaryimage\"},\"thumbnailUrl\":\"https:\/\/www.imobiliare.ro\/imoexpert\/wp-content\/uploads\/2020\/04\/Starea-de-urgenta-se-prelungeste-cu-inca-o-luna-Q-A-ce-poti-si-ce-nu-poti-sa-faci-in-aceasta-perioada-daca-ai-o-nevoie-imobiliara.jpg\",\"keywords\":[\"COVID-19\",\"newsletter\",\"principal\",\"proprietar\",\"stare de urgenta\",\"tranzactii imobiliare\"],\"articleSection\":[\"\u0218tiri\",\"Video\"],\"inLanguage\":\"en\",\"potentialAction\":[{\"@type\":\"CommentAction\",\"name\":\"Comment\",\"target\":[\"https:\/\/www.imobiliare.ro\/imoexpert\/starea-de-urgenta-se-prelungeste-cu-inca-o-luna-ce-poti-si-ce-nu-poti-sa-faci-in-perioada-aceasta-daca-ai-o-nevoie-imobiliara_db\/#respond\"]}],\"copyrightYear\":\"2020\",\"copyrightHolder\":{\"@id\":\"https:\/\/www.imobiliare.ro\/imoexpert\/#organization\"}},{\"@type\":\"WebPage\",\"@id\":\"https:\/\/www.imobiliare.ro\/imoexpert\/starea-de-urgenta-se-prelungeste-cu-inca-o-luna-ce-poti-si-ce-nu-poti-sa-faci-in-perioada-aceasta-daca-ai-o-nevoie-imobiliara_db\/\",\"url\":\"https:\/\/www.imobiliare.ro\/imoexpert\/starea-de-urgenta-se-prelungeste-cu-inca-o-luna-ce-poti-si-ce-nu-poti-sa-faci-in-perioada-aceasta-daca-ai-o-nevoie-imobiliara_db\/\",\"name\":\"Starea de urgen\u021b\u0103 se prelunge\u0219te cu \u00eenc\u0103 o lun\u0103. Q&A: Ce po\u021bi \u0219i ce nu po\u021bi s\u0103 faci \u00een perioada aceasta dac\u0103 ai o nevoie imobiliar\u0103? - \u0218tiri, Video - ImoExpert\",\"isPartOf\":{\"@id\":\"https:\/\/www.imobiliare.ro\/imoexpert\/#website\"},\"primaryImageOfPage\":{\"@id\":\"https:\/\/www.imobiliare.ro\/imoexpert\/starea-de-urgenta-se-prelungeste-cu-inca-o-luna-ce-poti-si-ce-nu-poti-sa-faci-in-perioada-aceasta-daca-ai-o-nevoie-imobiliara_db\/#primaryimage\"},\"image\":{\"@id\":\"https:\/\/www.imobiliare.ro\/imoexpert\/starea-de-urgenta-se-prelungeste-cu-inca-o-luna-ce-poti-si-ce-nu-poti-sa-faci-in-perioada-aceasta-daca-ai-o-nevoie-imobiliara_db\/#primaryimage\"},\"thumbnailUrl\":\"https:\/\/www.imobiliare.ro\/imoexpert\/wp-content\/uploads\/2020\/04\/Starea-de-urgenta-se-prelungeste-cu-inca-o-luna-Q-A-ce-poti-si-ce-nu-poti-sa-faci-in-aceasta-perioada-daca-ai-o-nevoie-imobiliara.jpg\",\"datePublished\":\"2020-04-16T11:15:28+00:00\",\"description\":\"\u00cen virtutea noului decret semnat de Pre\u0219edinte, se men\u021bine (printre altele) restric\u021bionarea dreptului popula\u021biei la libera circula\u021bie. La \u00eenceputul\",\"breadcrumb\":{\"@id\":\"https:\/\/www.imobiliare.ro\/imoexpert\/starea-de-urgenta-se-prelungeste-cu-inca-o-luna-ce-poti-si-ce-nu-poti-sa-faci-in-perioada-aceasta-daca-ai-o-nevoie-imobiliara_db\/#breadcrumb\"},\"inLanguage\":\"en\",\"potentialAction\":[{\"@type\":\"ReadAction\",\"target\":[\"https:\/\/www.imobiliare.ro\/imoexpert\/starea-de-urgenta-se-prelungeste-cu-inca-o-luna-ce-poti-si-ce-nu-poti-sa-faci-in-perioada-aceasta-daca-ai-o-nevoie-imobiliara_db\/\"]}]},{\"@type\":\"ImageObject\",\"inLanguage\":\"en\",\"@id\":\"https:\/\/www.imobiliare.ro\/imoexpert\/starea-de-urgenta-se-prelungeste-cu-inca-o-luna-ce-poti-si-ce-nu-poti-sa-faci-in-perioada-aceasta-daca-ai-o-nevoie-imobiliara_db\/#primaryimage\",\"url\":\"https:\/\/www.imobiliare.ro\/imoexpert\/wp-content\/uploads\/2020\/04\/Starea-de-urgenta-se-prelungeste-cu-inca-o-luna-Q-A-ce-poti-si-ce-nu-poti-sa-faci-in-aceasta-perioada-daca-ai-o-nevoie-imobiliara.jpg\",\"contentUrl\":\"https:\/\/www.imobiliare.ro\/imoexpert\/wp-content\/uploads\/2020\/04\/Starea-de-urgenta-se-prelungeste-cu-inca-o-luna-Q-A-ce-poti-si-ce-nu-poti-sa-faci-in-aceasta-perioada-daca-ai-o-nevoie-imobiliara.jpg\",\"width\":800,\"height\":533},{\"@type\":\"BreadcrumbList\",\"@id\":\"https:\/\/www.imobiliare.ro\/imoexpert\/starea-de-urgenta-se-prelungeste-cu-inca-o-luna-ce-poti-si-ce-nu-poti-sa-faci-in-perioada-aceasta-daca-ai-o-nevoie-imobiliara_db\/#breadcrumb\",\"itemListElement\":[{\"@type\":\"ListItem\",\"position\":1,\"name\":\"Imoradar24\",\"item\":\"https:\/\/www.imoradar24.ro\"},{\"@type\":\"ListItem\",\"position\":2,\"name\":\"ImoExpert\",\"item\":\"https:\/\/www.imobiliare.ro\/imoexpert\/\"},{\"@type\":\"ListItem\",\"position\":3,\"name\":\"\u0218tiri\",\"item\":\"https:\/\/www.imobiliare.ro\/imoexpert\/stiri\/\"},{\"@type\":\"ListItem\",\"position\":4,\"name\":\"Starea de urgen\u021b\u0103 se prelunge\u0219te cu \u00eenc\u0103 o lun\u0103. Q&#038;A: Ce po\u021bi \u0219i ce nu po\u021bi s\u0103 faci \u00een perioada aceasta dac\u0103 ai o nevoie imobiliar\u0103?\"}]},{\"@type\":\"WebSite\",\"@id\":\"https:\/\/www.imobiliare.ro\/imoexpert\/#website\",\"url\":\"https:\/\/www.imobiliare.ro\/imoexpert\/\",\"name\":\"ImoExpert\",\"description\":\"cele mai importante \u015ftiri din domeniul imobiliar\",\"publisher\":{\"@id\":\"https:\/\/www.imobiliare.ro\/imoexpert\/#organization\"},\"inLanguage\":\"en\"},{\"@type\":\"Organization\",\"@id\":\"https:\/\/www.imobiliare.ro\/imoexpert\/#organization\",\"name\":\"Imobiliare.ro\",\"alternateName\":\"Realmedia Network SA\",\"url\":\"https:\/\/www.imobiliare.ro\/imoexpert\/\",\"logo\":{\"@type\":\"ImageObject\",\"inLanguage\":\"en\",\"@id\":\"https:\/\/www.imobiliare.ro\/imoexpert\/#\/schema\/logo\/image\/\",\"url\":\"https:\/\/www.imobiliare.ro\/imoexpert\/wp-content\/uploads\/2025\/05\/imobiliare_logo.png\",\"contentUrl\":\"https:\/\/www.imobiliare.ro\/imoexpert\/wp-content\/uploads\/2025\/05\/imobiliare_logo.png\",\"width\":237,\"height\":29,\"caption\":\"Imobiliare.ro\"},\"image\":{\"@id\":\"https:\/\/www.imobiliare.ro\/imoexpert\/#\/schema\/logo\/image\/\"}},{\"@type\":\"Person\",\"@id\":\"https:\/\/www.imobiliare.ro\/imoexpert\/#\/schema\/person\/8c13b0297075010b896471fabf0d7790\",\"name\":\"Adriana Dr\u0103gu\u0219in\",\"image\":{\"@type\":\"ImageObject\",\"inLanguage\":\"en\",\"@id\":\"https:\/\/www.imobiliare.ro\/imoexpert\/#\/schema\/person\/image\/\",\"url\":\"https:\/\/secure.gravatar.com\/avatar\/ba4762f7517e50e679ed7f11207102d1150120f2f5800c0da98f8a15305bf514?s=96&d=mm&r=g\",\"contentUrl\":\"https:\/\/secure.gravatar.com\/avatar\/ba4762f7517e50e679ed7f11207102d1150120f2f5800c0da98f8a15305bf514?s=96&d=mm&r=g\",\"caption\":\"Adriana Dr\u0103gu\u0219in\"},\"jobTitle\":\"Editor\",\"url\":\"https:\/\/www.imobiliare.ro\/imoexpert\/author\/adriana-dragusin\/\"}]}<\/script>\n<!-- \/ Yoast SEO Premium plugin. -->","yoast_head_json":{"title":"Starea de urgen\u021b\u0103 se prelunge\u0219te cu \u00eenc\u0103 o lun\u0103. Q&A: Ce po\u021bi \u0219i ce nu po\u021bi s\u0103 faci \u00een perioada aceasta dac\u0103 ai o nevoie imobiliar\u0103? - \u0218tiri, Video - ImoExpert","description":"\u00cen virtutea noului decret semnat de Pre\u0219edinte, se men\u021bine (printre altele) restric\u021bionarea dreptului popula\u021biei la libera circula\u021bie. La \u00eenceputul","robots":{"index":"index","follow":"follow"},"canonical":"https:\/\/www.imobiliare.ro\/imoexpert\/starea-de-urgenta-se-prelungeste-cu-inca-o-luna-ce-poti-si-ce-nu-poti-sa-faci-in-perioada-aceasta-daca-ai-o-nevoie-imobiliara_db\/","og_locale":"ro_RO","og_type":"article","og_title":"Starea de urgen\u021b\u0103 se prelunge\u0219te cu \u00eenc\u0103 o lun\u0103. Q&A: Ce po\u021bi \u0219i ce nu po\u021bi s\u0103 faci \u00een perioada aceasta dac\u0103 ai o nevoie imobiliar\u0103?","og_description":"\u00cen virtutea noului decret semnat de Pre\u0219edinte, se men\u021bine (printre altele) restric\u021bionarea dreptului popula\u021biei la libera circula\u021bie. La \u00eenceputul","og_url":"https:\/\/www.imobiliare.ro\/imoexpert\/starea-de-urgenta-se-prelungeste-cu-inca-o-luna-ce-poti-si-ce-nu-poti-sa-faci-in-perioada-aceasta-daca-ai-o-nevoie-imobiliara_db\/","og_site_name":"ImoExpert","article_published_time":"2020-04-16T11:15:28+00:00","og_image":[{"width":800,"height":533,"url":"https:\/\/www.imobiliare.ro\/imoexpert\/wp-content\/uploads\/2020\/04\/Starea-de-urgenta-se-prelungeste-cu-inca-o-luna-Q-A-ce-poti-si-ce-nu-poti-sa-faci-in-aceasta-perioada-daca-ai-o-nevoie-imobiliara.jpg","type":"image\/jpeg"}],"author":"Adriana Dr\u0103gu\u0219in","twitter_card":"summary_large_image","twitter_misc":{"Written by":"Adriana Dr\u0103gu\u0219in","Est. reading time":"7 minute"},"schema":{"@context":"https:\/\/schema.org","@graph":[{"@type":"Article","@id":"https:\/\/www.imobiliare.ro\/imoexpert\/starea-de-urgenta-se-prelungeste-cu-inca-o-luna-ce-poti-si-ce-nu-poti-sa-faci-in-perioada-aceasta-daca-ai-o-nevoie-imobiliara_db\/#article","isPartOf":{"@id":"https:\/\/www.imobiliare.ro\/imoexpert\/starea-de-urgenta-se-prelungeste-cu-inca-o-luna-ce-poti-si-ce-nu-poti-sa-faci-in-perioada-aceasta-daca-ai-o-nevoie-imobiliara_db\/"},"author":{"name":"Adriana Dr\u0103gu\u0219in","@id":"https:\/\/www.imobiliare.ro\/imoexpert\/#\/schema\/person\/8c13b0297075010b896471fabf0d7790"},"headline":"Starea de urgen\u021b\u0103 se prelunge\u0219te cu \u00eenc\u0103 o lun\u0103. Q&#038;A: Ce po\u021bi \u0219i ce nu po\u021bi s\u0103 faci \u00een perioada aceasta dac\u0103 ai o nevoie imobiliar\u0103?","datePublished":"2020-04-16T11:15:28+00:00","mainEntityOfPage":{"@id":"https:\/\/www.imobiliare.ro\/imoexpert\/starea-de-urgenta-se-prelungeste-cu-inca-o-luna-ce-poti-si-ce-nu-poti-sa-faci-in-perioada-aceasta-daca-ai-o-nevoie-imobiliara_db\/"},"wordCount":1471,"commentCount":0,"publisher":{"@id":"https:\/\/www.imobiliare.ro\/imoexpert\/#organization"},"image":{"@id":"https:\/\/www.imobiliare.ro\/imoexpert\/starea-de-urgenta-se-prelungeste-cu-inca-o-luna-ce-poti-si-ce-nu-poti-sa-faci-in-perioada-aceasta-daca-ai-o-nevoie-imobiliara_db\/#primaryimage"},"thumbnailUrl":"https:\/\/www.imobiliare.ro\/imoexpert\/wp-content\/uploads\/2020\/04\/Starea-de-urgenta-se-prelungeste-cu-inca-o-luna-Q-A-ce-poti-si-ce-nu-poti-sa-faci-in-aceasta-perioada-daca-ai-o-nevoie-imobiliara.jpg","keywords":["COVID-19","newsletter","principal","proprietar","stare de urgenta","tranzactii imobiliare"],"articleSection":["\u0218tiri","Video"],"inLanguage":"en","potentialAction":[{"@type":"CommentAction","name":"Comment","target":["https:\/\/www.imobiliare.ro\/imoexpert\/starea-de-urgenta-se-prelungeste-cu-inca-o-luna-ce-poti-si-ce-nu-poti-sa-faci-in-perioada-aceasta-daca-ai-o-nevoie-imobiliara_db\/#respond"]}],"copyrightYear":"2020","copyrightHolder":{"@id":"https:\/\/www.imobiliare.ro\/imoexpert\/#organization"}},{"@type":"WebPage","@id":"https:\/\/www.imobiliare.ro\/imoexpert\/starea-de-urgenta-se-prelungeste-cu-inca-o-luna-ce-poti-si-ce-nu-poti-sa-faci-in-perioada-aceasta-daca-ai-o-nevoie-imobiliara_db\/","url":"https:\/\/www.imobiliare.ro\/imoexpert\/starea-de-urgenta-se-prelungeste-cu-inca-o-luna-ce-poti-si-ce-nu-poti-sa-faci-in-perioada-aceasta-daca-ai-o-nevoie-imobiliara_db\/","name":"Starea de urgen\u021b\u0103 se prelunge\u0219te cu \u00eenc\u0103 o lun\u0103. Q&A: Ce po\u021bi \u0219i ce nu po\u021bi s\u0103 faci \u00een perioada aceasta dac\u0103 ai o nevoie imobiliar\u0103? - \u0218tiri, Video - ImoExpert","isPartOf":{"@id":"https:\/\/www.imobiliare.ro\/imoexpert\/#website"},"primaryImageOfPage":{"@id":"https:\/\/www.imobiliare.ro\/imoexpert\/starea-de-urgenta-se-prelungeste-cu-inca-o-luna-ce-poti-si-ce-nu-poti-sa-faci-in-perioada-aceasta-daca-ai-o-nevoie-imobiliara_db\/#primaryimage"},"image":{"@id":"https:\/\/www.imobiliare.ro\/imoexpert\/starea-de-urgenta-se-prelungeste-cu-inca-o-luna-ce-poti-si-ce-nu-poti-sa-faci-in-perioada-aceasta-daca-ai-o-nevoie-imobiliara_db\/#primaryimage"},"thumbnailUrl":"https:\/\/www.imobiliare.ro\/imoexpert\/wp-content\/uploads\/2020\/04\/Starea-de-urgenta-se-prelungeste-cu-inca-o-luna-Q-A-ce-poti-si-ce-nu-poti-sa-faci-in-aceasta-perioada-daca-ai-o-nevoie-imobiliara.jpg","datePublished":"2020-04-16T11:15:28+00:00","description":"\u00cen virtutea noului decret semnat de Pre\u0219edinte, se men\u021bine (printre altele) restric\u021bionarea dreptului popula\u021biei la libera circula\u021bie. La \u00eenceputul","breadcrumb":{"@id":"https:\/\/www.imobiliare.ro\/imoexpert\/starea-de-urgenta-se-prelungeste-cu-inca-o-luna-ce-poti-si-ce-nu-poti-sa-faci-in-perioada-aceasta-daca-ai-o-nevoie-imobiliara_db\/#breadcrumb"},"inLanguage":"en","potentialAction":[{"@type":"ReadAction","target":["https:\/\/www.imobiliare.ro\/imoexpert\/starea-de-urgenta-se-prelungeste-cu-inca-o-luna-ce-poti-si-ce-nu-poti-sa-faci-in-perioada-aceasta-daca-ai-o-nevoie-imobiliara_db\/"]}]},{"@type":"ImageObject","inLanguage":"en","@id":"https:\/\/www.imobiliare.ro\/imoexpert\/starea-de-urgenta-se-prelungeste-cu-inca-o-luna-ce-poti-si-ce-nu-poti-sa-faci-in-perioada-aceasta-daca-ai-o-nevoie-imobiliara_db\/#primaryimage","url":"https:\/\/www.imobiliare.ro\/imoexpert\/wp-content\/uploads\/2020\/04\/Starea-de-urgenta-se-prelungeste-cu-inca-o-luna-Q-A-ce-poti-si-ce-nu-poti-sa-faci-in-aceasta-perioada-daca-ai-o-nevoie-imobiliara.jpg","contentUrl":"https:\/\/www.imobiliare.ro\/imoexpert\/wp-content\/uploads\/2020\/04\/Starea-de-urgenta-se-prelungeste-cu-inca-o-luna-Q-A-ce-poti-si-ce-nu-poti-sa-faci-in-aceasta-perioada-daca-ai-o-nevoie-imobiliara.jpg","width":800,"height":533},{"@type":"BreadcrumbList","@id":"https:\/\/www.imobiliare.ro\/imoexpert\/starea-de-urgenta-se-prelungeste-cu-inca-o-luna-ce-poti-si-ce-nu-poti-sa-faci-in-perioada-aceasta-daca-ai-o-nevoie-imobiliara_db\/#breadcrumb","itemListElement":[{"@type":"ListItem","position":1,"name":"Imoradar24","item":"https:\/\/www.imoradar24.ro"},{"@type":"ListItem","position":2,"name":"ImoExpert","item":"https:\/\/www.imobiliare.ro\/imoexpert\/"},{"@type":"ListItem","position":3,"name":"\u0218tiri","item":"https:\/\/www.imobiliare.ro\/imoexpert\/stiri\/"},{"@type":"ListItem","position":4,"name":"Starea de urgen\u021b\u0103 se prelunge\u0219te cu \u00eenc\u0103 o lun\u0103. Q&#038;A: Ce po\u021bi \u0219i ce nu po\u021bi s\u0103 faci \u00een perioada aceasta dac\u0103 ai o nevoie imobiliar\u0103?"}]},{"@type":"WebSite","@id":"https:\/\/www.imobiliare.ro\/imoexpert\/#website","url":"https:\/\/www.imobiliare.ro\/imoexpert\/","name":"ImoExpert","description":"cele mai importante \u015ftiri din domeniul imobiliar","publisher":{"@id":"https:\/\/www.imobiliare.ro\/imoexpert\/#organization"},"inLanguage":"en"},{"@type":"Organization","@id":"https:\/\/www.imobiliare.ro\/imoexpert\/#organization","name":"Imobiliare.ro","alternateName":"Realmedia Network SA","url":"https:\/\/www.imobiliare.ro\/imoexpert\/","logo":{"@type":"ImageObject","inLanguage":"en","@id":"https:\/\/www.imobiliare.ro\/imoexpert\/#\/schema\/logo\/image\/","url":"https:\/\/www.imobiliare.ro\/imoexpert\/wp-content\/uploads\/2025\/05\/imobiliare_logo.png","contentUrl":"https:\/\/www.imobiliare.ro\/imoexpert\/wp-content\/uploads\/2025\/05\/imobiliare_logo.png","width":237,"height":29,"caption":"Imobiliare.ro"},"image":{"@id":"https:\/\/www.imobiliare.ro\/imoexpert\/#\/schema\/logo\/image\/"}},{"@type":"Person","@id":"https:\/\/www.imobiliare.ro\/imoexpert\/#\/schema\/person\/8c13b0297075010b896471fabf0d7790","name":"Adriana Dr\u0103gu\u0219in","image":{"@type":"ImageObject","inLanguage":"en","@id":"https:\/\/www.imobiliare.ro\/imoexpert\/#\/schema\/person\/image\/","url":"https:\/\/secure.gravatar.com\/avatar\/ba4762f7517e50e679ed7f11207102d1150120f2f5800c0da98f8a15305bf514?s=96&d=mm&r=g","contentUrl":"https:\/\/secure.gravatar.com\/avatar\/ba4762f7517e50e679ed7f11207102d1150120f2f5800c0da98f8a15305bf514?s=96&d=mm&r=g","caption":"Adriana Dr\u0103gu\u0219in"},"jobTitle":"Editor","url":"https:\/\/www.imobiliare.ro\/imoexpert\/author\/adriana-dragusin\/"}]}},"_links":{"self":[{"href":"https:\/\/www.imobiliare.ro\/imoexpert\/wp-json\/wp\/v2\/posts\/58306","targetHints":{"allow":["GET"]}}],"collection":[{"href":"https:\/\/www.imobiliare.ro\/imoexpert\/wp-json\/wp\/v2\/posts"}],"about":[{"href":"https:\/\/www.imobiliare.ro\/imoexpert\/wp-json\/wp\/v2\/types\/post"}],"author":[{"embeddable":true,"href":"https:\/\/www.imobiliare.ro\/imoexpert\/wp-json\/wp\/v2\/users\/829"}],"replies":[{"embeddable":true,"href":"https:\/\/www.imobiliare.ro\/imoexpert\/wp-json\/wp\/v2\/comments?post=58306"}],"version-history":[{"count":0,"href":"https:\/\/www.imobiliare.ro\/imoexpert\/wp-json\/wp\/v2\/posts\/58306\/revisions"}],"wp:featuredmedia":[{"embeddable":true,"href":"https:\/\/www.imobiliare.ro\/imoexpert\/wp-json\/wp\/v2\/media\/58310"}],"wp:attachment":[{"href":"https:\/\/www.imobiliare.ro\/imoexpert\/wp-json\/wp\/v2\/media?parent=58306"}],"wp:term":[{"taxonomy":"category","embeddable":true,"href":"https:\/\/www.imobiliare.ro\/imoexpert\/wp-json\/wp\/v2\/categories?post=58306"},{"taxonomy":"post_tag","embeddable":true,"href":"https:\/\/www.imobiliare.ro\/imoexpert\/wp-json\/wp\/v2\/tags?post=58306"},{"taxonomy":"content_author","embeddable":true,"href":"https:\/\/www.imobiliare.ro\/imoexpert\/wp-json\/wp\/v2\/content_author?post=58306"}],"curies":[{"name":"wp","href":"https:\/\/api.w.org\/{rel}","templated":true}]}}