{"id":58496,"date":"2020-05-04T12:06:20","date_gmt":"2020-05-04T09:06:20","guid":{"rendered":"https:\/\/www.imobiliare.ro\/imoexpert\/?p=58496"},"modified":"2020-05-04T12:06:20","modified_gmt":"2020-05-04T09:06:20","slug":"impact-incepe-lucrarile-de-constructie-la-un-ansamblu-de-aproape-700-de-locuinte-inclusiv-vile-in-constanta","status":"publish","type":"post","link":"https:\/\/www.imobiliare.ro\/imoexpert\/impact-incepe-lucrarile-de-constructie-la-un-ansamblu-de-aproape-700-de-locuinte-inclusiv-vile-in-constanta_db\/","title":{"rendered":"Impact \u00eencepe lucr\u0103rile de construc\u021bie la un ansamblu de aproape 700 de locuin\u021be (inclusiv vile) \u00een Constan\u021ba"},"content":{"rendered":"<p><a class=\"article-body-links\"href=\"https:\/\/www.imobiliare.ro\/imoexpert\/wp-content\/uploads\/2020\/05\/Impact-incepe-lucrarile-de-constructie-la-un-ansamblu-de-aproape-700-de-locuinte-inclusiv-vile-in-Constanta.jpg\"><img loading=\"lazy\" decoding=\"async\" src=\"https:\/\/www.imobiliare.ro\/imoexpert\/wp-content\/uploads\/2020\/05\/Impact-incepe-lucrarile-de-constructie-la-un-ansamblu-de-aproape-700-de-locuinte-inclusiv-vile-in-Constanta.jpg\" alt=\"\" width=\"800\" height=\"449\" class=\"aligncenter size-full wp-image-58497\" srcset=\"https:\/\/www.imobiliare.ro\/imoexpert\/wp-content\/uploads\/2020\/05\/Impact-incepe-lucrarile-de-constructie-la-un-ansamblu-de-aproape-700-de-locuinte-inclusiv-vile-in-Constanta.jpg 800w, https:\/\/www.imobiliare.ro\/imoexpert\/wp-content\/uploads\/2020\/05\/Impact-incepe-lucrarile-de-constructie-la-un-ansamblu-de-aproape-700-de-locuinte-inclusiv-vile-in-Constanta-300x168.jpg 300w, https:\/\/www.imobiliare.ro\/imoexpert\/wp-content\/uploads\/2020\/05\/Impact-incepe-lucrarile-de-constructie-la-un-ansamblu-de-aproape-700-de-locuinte-inclusiv-vile-in-Constanta-768x431.jpg 768w\" sizes=\"auto, (max-width: 800px) 100vw, 800px\" \/><\/a><\/p>\n<div id=\"ez-toc-container\" class=\"ez-toc-v2_0_81 counter-hierarchy ez-toc-counter ez-toc-grey ez-toc-container-direction\">\n<p class=\"ez-toc-title\" style=\"cursor:inherit\">Table of Contents<\/p>\n<label for=\"ez-toc-cssicon-toggle-item-69ef073b30a4f\" class=\"ez-toc-cssicon-toggle-label\"><span class=\"ez-toc-cssicon\"><span class=\"eztoc-hide\" style=\"display:none;\">Toggle<\/span><span class=\"ez-toc-icon-toggle-span\"><svg style=\"fill: #999;color:#999\" xmlns=\"http:\/\/www.w3.org\/2000\/svg\" class=\"list-377408\" width=\"20px\" height=\"20px\" viewBox=\"0 0 24 24\" fill=\"none\"><path d=\"M6 6H4v2h2V6zm14 0H8v2h12V6zM4 11h2v2H4v-2zm16 0H8v2h12v-2zM4 16h2v2H4v-2zm16 0H8v2h12v-2z\" fill=\"currentColor\"><\/path><\/svg><svg style=\"fill: #999;color:#999\" class=\"arrow-unsorted-368013\" xmlns=\"http:\/\/www.w3.org\/2000\/svg\" width=\"10px\" height=\"10px\" viewBox=\"0 0 24 24\" version=\"1.2\" baseProfile=\"tiny\"><path d=\"M18.2 9.3l-6.2-6.3-6.2 6.3c-.2.2-.3.4-.3.7s.1.5.3.7c.2.2.4.3.7.3h11c.3 0 .5-.1.7-.3.2-.2.3-.5.3-.7s-.1-.5-.3-.7zM5.8 14.7l6.2 6.3 6.2-6.3c.2-.2.3-.5.3-.7s-.1-.5-.3-.7c-.2-.2-.4-.3-.7-.3h-11c-.3 0-.5.1-.7.3-.2.2-.3.5-.3.7s.1.5.3.7z\"\/><\/svg><\/span><\/span><\/label><input type=\"checkbox\"  id=\"ez-toc-cssicon-toggle-item-69ef073b30a4f\"  aria-label=\"Toggle\" \/><nav><ul class='ez-toc-list ez-toc-list-level-1 ' ><li class='ez-toc-page-1 ez-toc-heading-level-2'><a class=\"ez-toc-link ez-toc-heading-1\" href=\"https:\/\/www.imobiliare.ro\/imoexpert\/impact-incepe-lucrarile-de-constructie-la-un-ansamblu-de-aproape-700-de-locuinte-inclusiv-vile-in-constanta_db\/#Proiectul_urmeaza_sa_fie_gata_in_2023_valoarea_investitiei_estimate_pentru_dezvoltarea_sa_ridicandu-se_la_616_de_milioane_de_euro\" >Proiectul urmeaz\u0103 s\u0103 fie gata \u00een 2023, valoarea investi\u021biei estimate pentru dezvoltarea sa ridic\u00e2ndu-se la 61,6 de milioane de euro.<\/a><\/li><li class='ez-toc-page-1 ez-toc-heading-level-2'><a class=\"ez-toc-link ez-toc-heading-2\" href=\"https:\/\/www.imobiliare.ro\/imoexpert\/impact-incepe-lucrarile-de-constructie-la-un-ansamblu-de-aproape-700-de-locuinte-inclusiv-vile-in-constanta_db\/#O_extensie_a_unui_cartier_finalizat_in_2010\" >O extensie a unui cartier finalizat \u00een 2010<\/a><\/li><li class='ez-toc-page-1 ez-toc-heading-level-2'><a class=\"ez-toc-link ez-toc-heading-3\" href=\"https:\/\/www.imobiliare.ro\/imoexpert\/impact-incepe-lucrarile-de-constructie-la-un-ansamblu-de-aproape-700-de-locuinte-inclusiv-vile-in-constanta_db\/#Vilele_gata_in_luna_septembrie\" >Vilele, gata \u00een luna septembrie<\/a><\/li><\/ul><\/nav><\/div>\n<h2><span class=\"ez-toc-section\" id=\"Proiectul_urmeaza_sa_fie_gata_in_2023_valoarea_investitiei_estimate_pentru_dezvoltarea_sa_ridicandu-se_la_616_de_milioane_de_euro\"><\/span>Proiectul urmeaz\u0103 s\u0103 fie gata \u00een 2023, valoarea investi\u021biei estimate pentru dezvoltarea sa ridic\u00e2ndu-se la 61,6 de milioane de euro.<span class=\"ez-toc-section-end\"><\/span><\/h2>\n<p>Impact Developer &#038; Contractor a anun\u021bat \u00eenceperea lucr\u0103rilor de construc\u021bie la ansamblul reziden\u021bial Boreal Plus, din Constan\u021ba. Acesta va fi dezvoltat pe un teren \u00een suprafa\u021b\u0103 de patru hectare amplasat \u00een nordul ora\u0219ului, \u00een Palazu Mare, una dintre cel mai bine cotate zone reziden\u021biale ale ora\u0219ului de la malul m\u0103rii. Proiectul va aduce pe pia\u021b\u0103, \u00een trei faze de construc\u021bie, 693 de locuin\u021be \u2013 nou\u0103 blocuri \u00een stil arhitectural minimalist (cu regim maxim de \u00een\u0103l\u021bime P+11E), al\u0103turi de 18 vile (4 individuale \u0219i 14 cuplate la calcan). Lucr\u0103rile se vor derula pe durata a trei ani, \u00eentre 2020 \u0219i 2023, iar valoarea de pia\u021b\u0103 a proiectului se ridic\u0103 la 61,6 milioane de euro. <\/p>\n<p><strong>Cite\u0219te \u0219i: <a class=\"article-body-links\"href=\"https:\/\/www.imobiliare.ro\/imoexpert\/primul-dezvoltator-privat-de-dupa-revolutie-planifica-investitii-de-12-miliarde-de-euro-in-noua-proiecte-imobiliare-pana-in-2028_db\/\">Primul dezvoltator privat de dup\u0103 Revolu\u021bie planific\u0103 investi\u021bii de 1,2 miliarde de euro, \u00een nou\u0103 proiecte imobiliare, p\u00e2n\u0103 \u00een 2028<\/a><\/strong><\/p>\n<h2><span class=\"ez-toc-section\" id=\"O_extensie_a_unui_cartier_finalizat_in_2010\"><\/span>O extensie a unui cartier finalizat \u00een 2010<span class=\"ez-toc-section-end\"><\/span><\/h2>\n<p>Boreal Plus este o extensie a deja cunoscutului cartier Boreal, primul proiect reziden\u021bial pe care dezvoltatorul l-a finalizat \u00een Constan\u021ba, \u00een anul 2010. Noul proiect se pozi\u021bioneaz\u0103 pe segmentul mediu-ridicat, av\u00e2nd ca target poten\u021biali cump\u0103r\u0103tori cu venit peste mediu \u0219i mare. <\/p>\n<blockquote><p>\u201eProiectul Boreal Plus marcheaz\u0103 re\u00eentoarcerea Impact \u00een Constan\u021ba. Am fost printre pionierii dezvolt\u0103rilor reziden\u021biale din ora\u0219 dup\u0103 Revolu\u021bie, deschiz\u00e2nd zona reziden\u021bial\u0103 Tomis, prin proiectul Boreal. Constan\u021ba a r\u0103mas \u00een aten\u021bia noastr\u0103 ca o zon\u0103 cu poten\u021bial reziden\u021bial deosebit, dat at\u00e2t de interesul turistic al zonei, dar mai ales de prospectele de dezvoltare economic\u0103. Suntem \u00eencrez\u0103tori c\u0103 expansiunea economic\u0103 a zonei portuare va continua s\u0103 consolideze statutul de hub comercial regional major al ora\u0219ului \u0219i \u00eempreun\u0103 cu avantaje precum prezen\u021ba unui puternic centru universitar sau conectivitatea foarte bun\u0103 cu Capitala, vor contribui \u00een perioada imediat urm\u0103toare la ie\u0219irea ora\u0219ului din zona de stagnare economic\u0103 a ultimilor ani, transform\u00e2ndu-l \u00een zona economic\u0103 a \u021b\u0103rii cu una dintre cele mai mari rate de cre\u0219tere. Primele semne ale acestei reveniri le-am v\u0103zut deja pe pia\u021ba reziden\u021bial\u0103 din ultimii doi ani, \u00een care cererea de locuin\u021be noi a crescut sus\u021binut \u00een Constan\u021ba.\u201d<\/p>\n<p><strong>Sorin Apostol, CEO Impact Developer &#038; Contractor<\/strong><\/p><\/blockquote>\n<p>&nbsp;<\/p>\n<h2><span class=\"ez-toc-section\" id=\"Vilele_gata_in_luna_septembrie\"><\/span>Vilele, gata \u00een luna septembrie<span class=\"ez-toc-section-end\"><\/span><\/h2>\n<p>Lucr\u0103rile de construire pentru vilele din cadrul proiectului avanseaz\u0103 rapid, structura de rezisten\u021b\u0103 fiind deja finalizat\u0103. Acestea vor putea fi precontractate \u00eencep\u00e2nd cu luna mai, unit\u0103\u021bile locative urm\u00e2nd a fi livrate \u00een luna septembrie. Vilele individuale vor avea o suprafa\u021b\u0103 construit\u0103 de 170 de metri p\u0103tra\u021bi, iar cele cuplate 167 de metri p\u0103tra\u021bi. Fiecare cas\u0103 va dispune de teren, cu suprafe\u021be cuprinse \u00eentre 315 \u0219i 458 de metri p\u0103tra\u021bi. Pre\u021burile de v\u00e2nzare pentru vile \u00eencep de la 291.000 de euro (cu TVA inclus).<\/p>\n<p><strong>Cite\u0219te \u0219i: <a class=\"article-body-links\"href=\"https:\/\/www.imobiliare.ro\/imoexpert\/facilitatile-asul-din-maneca-al-marilor-ansambluri-rezidentiale-planurile-pentru-un-proiect-ce-va-ajunge-la-aproape-6-000-de-locuinte_db\/\">Facilit\u0103\u021bile, asul din m\u00e2nec\u0103 al marilor ansambluri reziden\u021biale. Planurile pentru un proiect ce va ajunge la aproape 6.000 de locuin\u021be<\/a><\/strong><\/p>\n<p>Cele nou\u0103 blocuri de locuin\u021be, aflate \u00een faza de ob\u021binere a autoriza\u021biilor, vor fi dezvoltate \u00een trei etape: primele trei, cu un total de 210 apartamente, vor fi livrate \u00een 2021, alte dou\u0103 (cu 133 de apartamente) vor fi gata \u00een 2022, iar ultimele patru (\u00eensum\u00e2nd 332 de apartamente) vor fi predate \u00een 2023. Din totalul de 675 apartamente, 227 vor fi unit\u0103\u021bi locative monocamerale, 342 vor avea dou\u0103 camere, iar 106 vor avea trei camere. \u201eLocuin\u021bele sunt bine dimensionate \u0219i compartimentate \u0219i beneficiaz\u0103 de vedere panoramic\u0103 spre lacul Siutghiol, ceea ce confer\u0103 un plus de elegan\u021b\u0103 \u0219i confort pentru un trai exclusivist \u00een apropierea litoralului rom\u00e2nesc. Ansamblul va dispune, de asemenea, de 811 locuri de parcare, dintre care 289 de locuri vor fi dispuse \u00eentr-o parcare etajat\u0103, cu \u00eenal\u021bime P+4E ce va fi construita in prima etap\u0103\u201d, noteaz\u0103 reprezentan\u021bii companiei dezvoltatoare.   <\/p>\n<blockquote><p>\u201eCredem c\u0103 lansarea proiectului Boreal Plus vine \u00eentr-un moment optim, mai ales c\u0103 ne propunem s\u0103 aducem pe pia\u021ba rezide\u021bial\u0103 din Constan\u021ba un mix unic de calitate, stil \u0219i accesibilitate. Proiectul Boreal Plus aduce un nou standard de locuire pe segmentul mediu-ridicat, \u00eembin\u00e2nd factori cheie precum loca\u021bia avantajoas\u0103, gama variat\u0103 de facilit\u0103\u021bi disponibile \u0219i dezvoltarea sustenabil\u0103, utiliz\u00e2nd materiale atent selectate \u0219i solu\u021bii tehnice eficiente. Amplasat \u00een nordul Constan\u021bei, l\u0103s\u00e2nd \u00een urm\u0103 agita\u021bia \u0219i poluarea, noul cartier va oferi reziden\u021bilor un cadru lini\u0219tit, apropiat de natur\u0103, \u00een care se vor putea dezvolta armonios, \u00een acela\u0219i timp av\u00e2nd posibilitatea de a se conecta u\u0219or la centre de interes din ora\u0219. Suntem \u00eencrez\u0103tori c\u0103 multiplele avantaje ale proiectului, vor face din Boreal Plus locuin\u021ba ideal\u0103 pentru cump\u0103r\u0103torul modern, care este \u00een c\u0103utarea echilibrului \u00eentre confortul urban \u0219i mediul natural.\u201d<\/p>\n<p><strong>Sorin Apostol, CEO Impact Developer &#038; Contractor<\/strong><\/p><\/blockquote>\n<p>&nbsp;<\/p>\n<p>Conceput ca un proiect reziden\u021bial sustenabil, cartierul va include sisteme pentru colectarea selectiv\u0103 \u0219i gestionarea de\u0219eurilor, pentru iluminat eficient, pentru recuperarea \u0219i gestionarea apei folosite. Ansamblul va cuprinde zone verzi amenajate pe o suprafa\u021b\u0103 12.000 de metri p\u0103tra\u021bi, acestora ad\u0103ug\u00e2ndu-li-se facilit\u0103\u021bi precum: locuri de parcare, boxe pentru apartamente, parc cu loc de joac\u0103 pentru copii, gr\u0103dini\u021b\u0103, spa\u021bii comerciale \u0219i de birouri.  <\/p>\n","protected":false},"excerpt":{"rendered":"<p>Proiectul urmeaz\u0103 s\u0103 fie gata \u00een 2023, valoarea investi\u021biei estimate pentru dezvoltarea sa ridic\u00e2ndu-se la 61,6 de milioane de euro. Impact Developer &#038; Contractor a anun\u021bat \u00eenceperea lucr\u0103rilor de construc\u021bie la ansamblul reziden\u021bial Boreal Plus, din Constan\u021ba. Acesta va fi dezvoltat pe un teren \u00een suprafa\u021b\u0103 de patru hectare amplasat \u00een nordul ora\u0219ului, \u00een Palazu [&hellip;]<\/p>\n","protected":false},"author":829,"featured_media":58497,"comment_status":"open","ping_status":"open","sticky":false,"template":"","format":"standard","meta":{"footnotes":""},"categories":[259],"tags":[333,1918,404,1849],"content_author":[],"class_list":["post-58496","post","type-post","status-publish","format-standard","has-post-thumbnail","hentry","category-stiri","tag-ansambluri-rezidentiale","tag-boreal-plus","tag-constanta","tag-impact-developer-contractor"],"yoast_head":"<!-- This site is optimized with the Yoast SEO Premium plugin v27.0 (Yoast SEO v27.0) - https:\/\/yoast.com\/product\/yoast-seo-premium-wordpress\/ -->\n<title>Impact \u00eencepe lucr\u0103rile de construc\u021bie la un ansamblu de aproape 700 de locuin\u021be (inclusiv vile) \u00een Constan\u021ba - \u0218tiri - ImoExpert<\/title>\n<meta name=\"description\" content=\"Proiectul urmeaz\u0103 s\u0103 fie gata \u00een 2023, valoarea investi\u021biei estimate pentru dezvoltarea sa ridic\u00e2ndu-se la 61,6 de milioane de euro. Impact Developer &amp;\" \/>\n<meta name=\"robots\" content=\"index, follow\" \/>\n<link rel=\"canonical\" href=\"https:\/\/www.imobiliare.ro\/imoexpert\/impact-incepe-lucrarile-de-constructie-la-un-ansamblu-de-aproape-700-de-locuinte-inclusiv-vile-in-constanta_db\/\" \/>\n<meta property=\"og:locale\" content=\"ro_RO\" \/>\n<meta property=\"og:type\" content=\"article\" \/>\n<meta property=\"og:title\" content=\"Impact \u00eencepe lucr\u0103rile de construc\u021bie la un ansamblu de aproape 700 de locuin\u021be (inclusiv vile) \u00een Constan\u021ba\" \/>\n<meta property=\"og:description\" content=\"Proiectul urmeaz\u0103 s\u0103 fie gata \u00een 2023, valoarea investi\u021biei estimate pentru dezvoltarea sa ridic\u00e2ndu-se la 61,6 de milioane de euro. Impact Developer &amp;\" \/>\n<meta property=\"og:url\" content=\"https:\/\/www.imobiliare.ro\/imoexpert\/impact-incepe-lucrarile-de-constructie-la-un-ansamblu-de-aproape-700-de-locuinte-inclusiv-vile-in-constanta_db\/\" \/>\n<meta property=\"og:site_name\" content=\"ImoExpert\" \/>\n<meta property=\"article:published_time\" content=\"2020-05-04T09:06:20+00:00\" \/>\n<meta property=\"og:image\" content=\"https:\/\/www.imobiliare.ro\/imoexpert\/wp-content\/uploads\/2020\/05\/Impact-incepe-lucrarile-de-constructie-la-un-ansamblu-de-aproape-700-de-locuinte-inclusiv-vile-in-Constanta.jpg\" \/>\n\t<meta property=\"og:image:width\" content=\"800\" \/>\n\t<meta property=\"og:image:height\" content=\"449\" \/>\n\t<meta property=\"og:image:type\" content=\"image\/jpeg\" \/>\n<meta name=\"author\" content=\"Adriana Dr\u0103gu\u0219in\" \/>\n<meta name=\"twitter:card\" content=\"summary_large_image\" \/>\n<meta name=\"twitter:label1\" content=\"Written by\" \/>\n\t<meta name=\"twitter:data1\" content=\"Adriana Dr\u0103gu\u0219in\" \/>\n\t<meta name=\"twitter:label2\" content=\"Est. reading time\" \/>\n\t<meta name=\"twitter:data2\" content=\"4 minute\" \/>\n<script type=\"application\/ld+json\" class=\"yoast-schema-graph\">{\"@context\":\"https:\/\/schema.org\",\"@graph\":[{\"@type\":\"Article\",\"@id\":\"https:\/\/www.imobiliare.ro\/imoexpert\/impact-incepe-lucrarile-de-constructie-la-un-ansamblu-de-aproape-700-de-locuinte-inclusiv-vile-in-constanta_db\/#article\",\"isPartOf\":{\"@id\":\"https:\/\/www.imobiliare.ro\/imoexpert\/impact-incepe-lucrarile-de-constructie-la-un-ansamblu-de-aproape-700-de-locuinte-inclusiv-vile-in-constanta_db\/\"},\"author\":{\"name\":\"Adriana Dr\u0103gu\u0219in\",\"@id\":\"https:\/\/www.imobiliare.ro\/imoexpert\/#\/schema\/person\/8c13b0297075010b896471fabf0d7790\"},\"headline\":\"Impact \u00eencepe lucr\u0103rile de construc\u021bie la un ansamblu de aproape 700 de locuin\u021be (inclusiv vile) \u00een Constan\u021ba\",\"datePublished\":\"2020-05-04T09:06:20+00:00\",\"mainEntityOfPage\":{\"@id\":\"https:\/\/www.imobiliare.ro\/imoexpert\/impact-incepe-lucrarile-de-constructie-la-un-ansamblu-de-aproape-700-de-locuinte-inclusiv-vile-in-constanta_db\/\"},\"wordCount\":915,\"commentCount\":1,\"publisher\":{\"@id\":\"https:\/\/www.imobiliare.ro\/imoexpert\/#organization\"},\"image\":{\"@id\":\"https:\/\/www.imobiliare.ro\/imoexpert\/impact-incepe-lucrarile-de-constructie-la-un-ansamblu-de-aproape-700-de-locuinte-inclusiv-vile-in-constanta_db\/#primaryimage\"},\"thumbnailUrl\":\"https:\/\/www.imobiliare.ro\/imoexpert\/wp-content\/uploads\/2020\/05\/Impact-incepe-lucrarile-de-constructie-la-un-ansamblu-de-aproape-700-de-locuinte-inclusiv-vile-in-Constanta.jpg\",\"keywords\":[\"Ansambluri rezidentiale\",\"Boreal Plus\",\"Constanta\",\"Impact Developer &amp; Contractor\"],\"articleSection\":[\"\u0218tiri\"],\"inLanguage\":\"en\",\"potentialAction\":[{\"@type\":\"CommentAction\",\"name\":\"Comment\",\"target\":[\"https:\/\/www.imobiliare.ro\/imoexpert\/impact-incepe-lucrarile-de-constructie-la-un-ansamblu-de-aproape-700-de-locuinte-inclusiv-vile-in-constanta_db\/#respond\"]}],\"copyrightYear\":\"2020\",\"copyrightHolder\":{\"@id\":\"https:\/\/www.imobiliare.ro\/imoexpert\/#organization\"}},{\"@type\":\"WebPage\",\"@id\":\"https:\/\/www.imobiliare.ro\/imoexpert\/impact-incepe-lucrarile-de-constructie-la-un-ansamblu-de-aproape-700-de-locuinte-inclusiv-vile-in-constanta_db\/\",\"url\":\"https:\/\/www.imobiliare.ro\/imoexpert\/impact-incepe-lucrarile-de-constructie-la-un-ansamblu-de-aproape-700-de-locuinte-inclusiv-vile-in-constanta_db\/\",\"name\":\"Impact \u00eencepe lucr\u0103rile de construc\u021bie la un ansamblu de aproape 700 de locuin\u021be (inclusiv vile) \u00een Constan\u021ba - \u0218tiri - ImoExpert\",\"isPartOf\":{\"@id\":\"https:\/\/www.imobiliare.ro\/imoexpert\/#website\"},\"primaryImageOfPage\":{\"@id\":\"https:\/\/www.imobiliare.ro\/imoexpert\/impact-incepe-lucrarile-de-constructie-la-un-ansamblu-de-aproape-700-de-locuinte-inclusiv-vile-in-constanta_db\/#primaryimage\"},\"image\":{\"@id\":\"https:\/\/www.imobiliare.ro\/imoexpert\/impact-incepe-lucrarile-de-constructie-la-un-ansamblu-de-aproape-700-de-locuinte-inclusiv-vile-in-constanta_db\/#primaryimage\"},\"thumbnailUrl\":\"https:\/\/www.imobiliare.ro\/imoexpert\/wp-content\/uploads\/2020\/05\/Impact-incepe-lucrarile-de-constructie-la-un-ansamblu-de-aproape-700-de-locuinte-inclusiv-vile-in-Constanta.jpg\",\"datePublished\":\"2020-05-04T09:06:20+00:00\",\"description\":\"Proiectul urmeaz\u0103 s\u0103 fie gata \u00een 2023, valoarea investi\u021biei estimate pentru dezvoltarea sa ridic\u00e2ndu-se la 61,6 de milioane de euro. Impact Developer &\",\"breadcrumb\":{\"@id\":\"https:\/\/www.imobiliare.ro\/imoexpert\/impact-incepe-lucrarile-de-constructie-la-un-ansamblu-de-aproape-700-de-locuinte-inclusiv-vile-in-constanta_db\/#breadcrumb\"},\"inLanguage\":\"en\",\"potentialAction\":[{\"@type\":\"ReadAction\",\"target\":[\"https:\/\/www.imobiliare.ro\/imoexpert\/impact-incepe-lucrarile-de-constructie-la-un-ansamblu-de-aproape-700-de-locuinte-inclusiv-vile-in-constanta_db\/\"]}]},{\"@type\":\"ImageObject\",\"inLanguage\":\"en\",\"@id\":\"https:\/\/www.imobiliare.ro\/imoexpert\/impact-incepe-lucrarile-de-constructie-la-un-ansamblu-de-aproape-700-de-locuinte-inclusiv-vile-in-constanta_db\/#primaryimage\",\"url\":\"https:\/\/www.imobiliare.ro\/imoexpert\/wp-content\/uploads\/2020\/05\/Impact-incepe-lucrarile-de-constructie-la-un-ansamblu-de-aproape-700-de-locuinte-inclusiv-vile-in-Constanta.jpg\",\"contentUrl\":\"https:\/\/www.imobiliare.ro\/imoexpert\/wp-content\/uploads\/2020\/05\/Impact-incepe-lucrarile-de-constructie-la-un-ansamblu-de-aproape-700-de-locuinte-inclusiv-vile-in-Constanta.jpg\",\"width\":800,\"height\":449},{\"@type\":\"BreadcrumbList\",\"@id\":\"https:\/\/www.imobiliare.ro\/imoexpert\/impact-incepe-lucrarile-de-constructie-la-un-ansamblu-de-aproape-700-de-locuinte-inclusiv-vile-in-constanta_db\/#breadcrumb\",\"itemListElement\":[{\"@type\":\"ListItem\",\"position\":1,\"name\":\"Imoradar24\",\"item\":\"https:\/\/www.imoradar24.ro\"},{\"@type\":\"ListItem\",\"position\":2,\"name\":\"ImoExpert\",\"item\":\"https:\/\/www.imobiliare.ro\/imoexpert\/\"},{\"@type\":\"ListItem\",\"position\":3,\"name\":\"\u0218tiri\",\"item\":\"https:\/\/www.imobiliare.ro\/imoexpert\/stiri\/\"},{\"@type\":\"ListItem\",\"position\":4,\"name\":\"Impact \u00eencepe lucr\u0103rile de construc\u021bie la un ansamblu de aproape 700 de locuin\u021be (inclusiv vile) \u00een Constan\u021ba\"}]},{\"@type\":\"WebSite\",\"@id\":\"https:\/\/www.imobiliare.ro\/imoexpert\/#website\",\"url\":\"https:\/\/www.imobiliare.ro\/imoexpert\/\",\"name\":\"ImoExpert\",\"description\":\"cele mai importante \u015ftiri din domeniul imobiliar\",\"publisher\":{\"@id\":\"https:\/\/www.imobiliare.ro\/imoexpert\/#organization\"},\"inLanguage\":\"en\"},{\"@type\":\"Organization\",\"@id\":\"https:\/\/www.imobiliare.ro\/imoexpert\/#organization\",\"name\":\"Imobiliare.ro\",\"alternateName\":\"Realmedia Network SA\",\"url\":\"https:\/\/www.imobiliare.ro\/imoexpert\/\",\"logo\":{\"@type\":\"ImageObject\",\"inLanguage\":\"en\",\"@id\":\"https:\/\/www.imobiliare.ro\/imoexpert\/#\/schema\/logo\/image\/\",\"url\":\"https:\/\/www.imobiliare.ro\/imoexpert\/wp-content\/uploads\/2025\/05\/imobiliare_logo.png\",\"contentUrl\":\"https:\/\/www.imobiliare.ro\/imoexpert\/wp-content\/uploads\/2025\/05\/imobiliare_logo.png\",\"width\":237,\"height\":29,\"caption\":\"Imobiliare.ro\"},\"image\":{\"@id\":\"https:\/\/www.imobiliare.ro\/imoexpert\/#\/schema\/logo\/image\/\"}},{\"@type\":\"Person\",\"@id\":\"https:\/\/www.imobiliare.ro\/imoexpert\/#\/schema\/person\/8c13b0297075010b896471fabf0d7790\",\"name\":\"Adriana Dr\u0103gu\u0219in\",\"image\":{\"@type\":\"ImageObject\",\"inLanguage\":\"en\",\"@id\":\"https:\/\/www.imobiliare.ro\/imoexpert\/#\/schema\/person\/image\/\",\"url\":\"https:\/\/secure.gravatar.com\/avatar\/ba4762f7517e50e679ed7f11207102d1150120f2f5800c0da98f8a15305bf514?s=96&d=mm&r=g\",\"contentUrl\":\"https:\/\/secure.gravatar.com\/avatar\/ba4762f7517e50e679ed7f11207102d1150120f2f5800c0da98f8a15305bf514?s=96&d=mm&r=g\",\"caption\":\"Adriana Dr\u0103gu\u0219in\"},\"jobTitle\":\"Editor\",\"url\":\"https:\/\/www.imobiliare.ro\/imoexpert\/author\/adriana-dragusin\/\"}]}<\/script>\n<!-- \/ Yoast SEO Premium plugin. -->","yoast_head_json":{"title":"Impact \u00eencepe lucr\u0103rile de construc\u021bie la un ansamblu de aproape 700 de locuin\u021be (inclusiv vile) \u00een Constan\u021ba - \u0218tiri - ImoExpert","description":"Proiectul urmeaz\u0103 s\u0103 fie gata \u00een 2023, valoarea investi\u021biei estimate pentru dezvoltarea sa ridic\u00e2ndu-se la 61,6 de milioane de euro. Impact Developer &","robots":{"index":"index","follow":"follow"},"canonical":"https:\/\/www.imobiliare.ro\/imoexpert\/impact-incepe-lucrarile-de-constructie-la-un-ansamblu-de-aproape-700-de-locuinte-inclusiv-vile-in-constanta_db\/","og_locale":"ro_RO","og_type":"article","og_title":"Impact \u00eencepe lucr\u0103rile de construc\u021bie la un ansamblu de aproape 700 de locuin\u021be (inclusiv vile) \u00een Constan\u021ba","og_description":"Proiectul urmeaz\u0103 s\u0103 fie gata \u00een 2023, valoarea investi\u021biei estimate pentru dezvoltarea sa ridic\u00e2ndu-se la 61,6 de milioane de euro. Impact Developer &","og_url":"https:\/\/www.imobiliare.ro\/imoexpert\/impact-incepe-lucrarile-de-constructie-la-un-ansamblu-de-aproape-700-de-locuinte-inclusiv-vile-in-constanta_db\/","og_site_name":"ImoExpert","article_published_time":"2020-05-04T09:06:20+00:00","og_image":[{"width":800,"height":449,"url":"https:\/\/www.imobiliare.ro\/imoexpert\/wp-content\/uploads\/2020\/05\/Impact-incepe-lucrarile-de-constructie-la-un-ansamblu-de-aproape-700-de-locuinte-inclusiv-vile-in-Constanta.jpg","type":"image\/jpeg"}],"author":"Adriana Dr\u0103gu\u0219in","twitter_card":"summary_large_image","twitter_misc":{"Written by":"Adriana Dr\u0103gu\u0219in","Est. reading time":"4 minute"},"schema":{"@context":"https:\/\/schema.org","@graph":[{"@type":"Article","@id":"https:\/\/www.imobiliare.ro\/imoexpert\/impact-incepe-lucrarile-de-constructie-la-un-ansamblu-de-aproape-700-de-locuinte-inclusiv-vile-in-constanta_db\/#article","isPartOf":{"@id":"https:\/\/www.imobiliare.ro\/imoexpert\/impact-incepe-lucrarile-de-constructie-la-un-ansamblu-de-aproape-700-de-locuinte-inclusiv-vile-in-constanta_db\/"},"author":{"name":"Adriana Dr\u0103gu\u0219in","@id":"https:\/\/www.imobiliare.ro\/imoexpert\/#\/schema\/person\/8c13b0297075010b896471fabf0d7790"},"headline":"Impact \u00eencepe lucr\u0103rile de construc\u021bie la un ansamblu de aproape 700 de locuin\u021be (inclusiv vile) \u00een Constan\u021ba","datePublished":"2020-05-04T09:06:20+00:00","mainEntityOfPage":{"@id":"https:\/\/www.imobiliare.ro\/imoexpert\/impact-incepe-lucrarile-de-constructie-la-un-ansamblu-de-aproape-700-de-locuinte-inclusiv-vile-in-constanta_db\/"},"wordCount":915,"commentCount":1,"publisher":{"@id":"https:\/\/www.imobiliare.ro\/imoexpert\/#organization"},"image":{"@id":"https:\/\/www.imobiliare.ro\/imoexpert\/impact-incepe-lucrarile-de-constructie-la-un-ansamblu-de-aproape-700-de-locuinte-inclusiv-vile-in-constanta_db\/#primaryimage"},"thumbnailUrl":"https:\/\/www.imobiliare.ro\/imoexpert\/wp-content\/uploads\/2020\/05\/Impact-incepe-lucrarile-de-constructie-la-un-ansamblu-de-aproape-700-de-locuinte-inclusiv-vile-in-Constanta.jpg","keywords":["Ansambluri rezidentiale","Boreal Plus","Constanta","Impact Developer &amp; Contractor"],"articleSection":["\u0218tiri"],"inLanguage":"en","potentialAction":[{"@type":"CommentAction","name":"Comment","target":["https:\/\/www.imobiliare.ro\/imoexpert\/impact-incepe-lucrarile-de-constructie-la-un-ansamblu-de-aproape-700-de-locuinte-inclusiv-vile-in-constanta_db\/#respond"]}],"copyrightYear":"2020","copyrightHolder":{"@id":"https:\/\/www.imobiliare.ro\/imoexpert\/#organization"}},{"@type":"WebPage","@id":"https:\/\/www.imobiliare.ro\/imoexpert\/impact-incepe-lucrarile-de-constructie-la-un-ansamblu-de-aproape-700-de-locuinte-inclusiv-vile-in-constanta_db\/","url":"https:\/\/www.imobiliare.ro\/imoexpert\/impact-incepe-lucrarile-de-constructie-la-un-ansamblu-de-aproape-700-de-locuinte-inclusiv-vile-in-constanta_db\/","name":"Impact \u00eencepe lucr\u0103rile de construc\u021bie la un ansamblu de aproape 700 de locuin\u021be (inclusiv vile) \u00een Constan\u021ba - \u0218tiri - ImoExpert","isPartOf":{"@id":"https:\/\/www.imobiliare.ro\/imoexpert\/#website"},"primaryImageOfPage":{"@id":"https:\/\/www.imobiliare.ro\/imoexpert\/impact-incepe-lucrarile-de-constructie-la-un-ansamblu-de-aproape-700-de-locuinte-inclusiv-vile-in-constanta_db\/#primaryimage"},"image":{"@id":"https:\/\/www.imobiliare.ro\/imoexpert\/impact-incepe-lucrarile-de-constructie-la-un-ansamblu-de-aproape-700-de-locuinte-inclusiv-vile-in-constanta_db\/#primaryimage"},"thumbnailUrl":"https:\/\/www.imobiliare.ro\/imoexpert\/wp-content\/uploads\/2020\/05\/Impact-incepe-lucrarile-de-constructie-la-un-ansamblu-de-aproape-700-de-locuinte-inclusiv-vile-in-Constanta.jpg","datePublished":"2020-05-04T09:06:20+00:00","description":"Proiectul urmeaz\u0103 s\u0103 fie gata \u00een 2023, valoarea investi\u021biei estimate pentru dezvoltarea sa ridic\u00e2ndu-se la 61,6 de milioane de euro. Impact Developer &","breadcrumb":{"@id":"https:\/\/www.imobiliare.ro\/imoexpert\/impact-incepe-lucrarile-de-constructie-la-un-ansamblu-de-aproape-700-de-locuinte-inclusiv-vile-in-constanta_db\/#breadcrumb"},"inLanguage":"en","potentialAction":[{"@type":"ReadAction","target":["https:\/\/www.imobiliare.ro\/imoexpert\/impact-incepe-lucrarile-de-constructie-la-un-ansamblu-de-aproape-700-de-locuinte-inclusiv-vile-in-constanta_db\/"]}]},{"@type":"ImageObject","inLanguage":"en","@id":"https:\/\/www.imobiliare.ro\/imoexpert\/impact-incepe-lucrarile-de-constructie-la-un-ansamblu-de-aproape-700-de-locuinte-inclusiv-vile-in-constanta_db\/#primaryimage","url":"https:\/\/www.imobiliare.ro\/imoexpert\/wp-content\/uploads\/2020\/05\/Impact-incepe-lucrarile-de-constructie-la-un-ansamblu-de-aproape-700-de-locuinte-inclusiv-vile-in-Constanta.jpg","contentUrl":"https:\/\/www.imobiliare.ro\/imoexpert\/wp-content\/uploads\/2020\/05\/Impact-incepe-lucrarile-de-constructie-la-un-ansamblu-de-aproape-700-de-locuinte-inclusiv-vile-in-Constanta.jpg","width":800,"height":449},{"@type":"BreadcrumbList","@id":"https:\/\/www.imobiliare.ro\/imoexpert\/impact-incepe-lucrarile-de-constructie-la-un-ansamblu-de-aproape-700-de-locuinte-inclusiv-vile-in-constanta_db\/#breadcrumb","itemListElement":[{"@type":"ListItem","position":1,"name":"Imoradar24","item":"https:\/\/www.imoradar24.ro"},{"@type":"ListItem","position":2,"name":"ImoExpert","item":"https:\/\/www.imobiliare.ro\/imoexpert\/"},{"@type":"ListItem","position":3,"name":"\u0218tiri","item":"https:\/\/www.imobiliare.ro\/imoexpert\/stiri\/"},{"@type":"ListItem","position":4,"name":"Impact \u00eencepe lucr\u0103rile de construc\u021bie la un ansamblu de aproape 700 de locuin\u021be (inclusiv vile) \u00een Constan\u021ba"}]},{"@type":"WebSite","@id":"https:\/\/www.imobiliare.ro\/imoexpert\/#website","url":"https:\/\/www.imobiliare.ro\/imoexpert\/","name":"ImoExpert","description":"cele mai importante \u015ftiri din domeniul imobiliar","publisher":{"@id":"https:\/\/www.imobiliare.ro\/imoexpert\/#organization"},"inLanguage":"en"},{"@type":"Organization","@id":"https:\/\/www.imobiliare.ro\/imoexpert\/#organization","name":"Imobiliare.ro","alternateName":"Realmedia Network SA","url":"https:\/\/www.imobiliare.ro\/imoexpert\/","logo":{"@type":"ImageObject","inLanguage":"en","@id":"https:\/\/www.imobiliare.ro\/imoexpert\/#\/schema\/logo\/image\/","url":"https:\/\/www.imobiliare.ro\/imoexpert\/wp-content\/uploads\/2025\/05\/imobiliare_logo.png","contentUrl":"https:\/\/www.imobiliare.ro\/imoexpert\/wp-content\/uploads\/2025\/05\/imobiliare_logo.png","width":237,"height":29,"caption":"Imobiliare.ro"},"image":{"@id":"https:\/\/www.imobiliare.ro\/imoexpert\/#\/schema\/logo\/image\/"}},{"@type":"Person","@id":"https:\/\/www.imobiliare.ro\/imoexpert\/#\/schema\/person\/8c13b0297075010b896471fabf0d7790","name":"Adriana Dr\u0103gu\u0219in","image":{"@type":"ImageObject","inLanguage":"en","@id":"https:\/\/www.imobiliare.ro\/imoexpert\/#\/schema\/person\/image\/","url":"https:\/\/secure.gravatar.com\/avatar\/ba4762f7517e50e679ed7f11207102d1150120f2f5800c0da98f8a15305bf514?s=96&d=mm&r=g","contentUrl":"https:\/\/secure.gravatar.com\/avatar\/ba4762f7517e50e679ed7f11207102d1150120f2f5800c0da98f8a15305bf514?s=96&d=mm&r=g","caption":"Adriana Dr\u0103gu\u0219in"},"jobTitle":"Editor","url":"https:\/\/www.imobiliare.ro\/imoexpert\/author\/adriana-dragusin\/"}]}},"_links":{"self":[{"href":"https:\/\/www.imobiliare.ro\/imoexpert\/wp-json\/wp\/v2\/posts\/58496","targetHints":{"allow":["GET"]}}],"collection":[{"href":"https:\/\/www.imobiliare.ro\/imoexpert\/wp-json\/wp\/v2\/posts"}],"about":[{"href":"https:\/\/www.imobiliare.ro\/imoexpert\/wp-json\/wp\/v2\/types\/post"}],"author":[{"embeddable":true,"href":"https:\/\/www.imobiliare.ro\/imoexpert\/wp-json\/wp\/v2\/users\/829"}],"replies":[{"embeddable":true,"href":"https:\/\/www.imobiliare.ro\/imoexpert\/wp-json\/wp\/v2\/comments?post=58496"}],"version-history":[{"count":0,"href":"https:\/\/www.imobiliare.ro\/imoexpert\/wp-json\/wp\/v2\/posts\/58496\/revisions"}],"wp:featuredmedia":[{"embeddable":true,"href":"https:\/\/www.imobiliare.ro\/imoexpert\/wp-json\/wp\/v2\/media\/58497"}],"wp:attachment":[{"href":"https:\/\/www.imobiliare.ro\/imoexpert\/wp-json\/wp\/v2\/media?parent=58496"}],"wp:term":[{"taxonomy":"category","embeddable":true,"href":"https:\/\/www.imobiliare.ro\/imoexpert\/wp-json\/wp\/v2\/categories?post=58496"},{"taxonomy":"post_tag","embeddable":true,"href":"https:\/\/www.imobiliare.ro\/imoexpert\/wp-json\/wp\/v2\/tags?post=58496"},{"taxonomy":"content_author","embeddable":true,"href":"https:\/\/www.imobiliare.ro\/imoexpert\/wp-json\/wp\/v2\/content_author?post=58496"}],"curies":[{"name":"wp","href":"https:\/\/api.w.org\/{rel}","templated":true}]}}