{"id":58629,"date":"2020-05-13T15:19:59","date_gmt":"2020-05-13T12:19:59","guid":{"rendered":"https:\/\/www.imobiliare.ro\/imoexpert\/?p=58629"},"modified":"2020-05-13T15:19:59","modified_gmt":"2020-05-13T12:19:59","slug":"cand-afara-devine-mult-mai-important-sfaturi-practice-pentru-amenajarea-balcoanelor-teraselor-si-gradinilor","status":"publish","type":"post","link":"https:\/\/www.imobiliare.ro\/imoexpert\/cand-afara-devine-mult-mai-important-sfaturi-practice-pentru-amenajarea-balcoanelor-teraselor-si-gradinilor_db\/","title":{"rendered":"C\u00e2nd \u201eafar\u0103\u201d devine mult mai important: sfaturi practice pentru amenajarea balcoanelor, teraselor \u0219i gr\u0103dinilor"},"content":{"rendered":"<p><a class=\"article-body-links\"href=\"https:\/\/www.imobiliare.ro\/imoexpert\/wp-content\/uploads\/2020\/05\/Cand-afara-devine-mult-mai-important-sfaturi-practice-pentru-amenajarea-balcoanelor-teraselor-si-gradinilor.jpg\"><img loading=\"lazy\" decoding=\"async\" src=\"https:\/\/www.imobiliare.ro\/imoexpert\/wp-content\/uploads\/2020\/05\/Cand-afara-devine-mult-mai-important-sfaturi-practice-pentru-amenajarea-balcoanelor-teraselor-si-gradinilor.jpg\" alt=\"\" width=\"800\" height=\"726\" class=\"aligncenter size-full wp-image-58630\" srcset=\"https:\/\/www.imobiliare.ro\/imoexpert\/wp-content\/uploads\/2020\/05\/Cand-afara-devine-mult-mai-important-sfaturi-practice-pentru-amenajarea-balcoanelor-teraselor-si-gradinilor.jpg 800w, https:\/\/www.imobiliare.ro\/imoexpert\/wp-content\/uploads\/2020\/05\/Cand-afara-devine-mult-mai-important-sfaturi-practice-pentru-amenajarea-balcoanelor-teraselor-si-gradinilor-300x272.jpg 300w, https:\/\/www.imobiliare.ro\/imoexpert\/wp-content\/uploads\/2020\/05\/Cand-afara-devine-mult-mai-important-sfaturi-practice-pentru-amenajarea-balcoanelor-teraselor-si-gradinilor-768x697.jpg 768w\" sizes=\"auto, (max-width: 800px) 100vw, 800px\" \/><\/a><\/p>\n<div id=\"ez-toc-container\" class=\"ez-toc-v2_0_81 counter-hierarchy ez-toc-counter ez-toc-grey ez-toc-container-direction\">\n<p class=\"ez-toc-title\" style=\"cursor:inherit\">Table of Contents<\/p>\n<label for=\"ez-toc-cssicon-toggle-item-69ef21641a429\" class=\"ez-toc-cssicon-toggle-label\"><span class=\"ez-toc-cssicon\"><span class=\"eztoc-hide\" style=\"display:none;\">Toggle<\/span><span class=\"ez-toc-icon-toggle-span\"><svg style=\"fill: #999;color:#999\" xmlns=\"http:\/\/www.w3.org\/2000\/svg\" class=\"list-377408\" width=\"20px\" height=\"20px\" viewBox=\"0 0 24 24\" fill=\"none\"><path d=\"M6 6H4v2h2V6zm14 0H8v2h12V6zM4 11h2v2H4v-2zm16 0H8v2h12v-2zM4 16h2v2H4v-2zm16 0H8v2h12v-2z\" fill=\"currentColor\"><\/path><\/svg><svg style=\"fill: #999;color:#999\" class=\"arrow-unsorted-368013\" xmlns=\"http:\/\/www.w3.org\/2000\/svg\" width=\"10px\" height=\"10px\" viewBox=\"0 0 24 24\" version=\"1.2\" baseProfile=\"tiny\"><path d=\"M18.2 9.3l-6.2-6.3-6.2 6.3c-.2.2-.3.4-.3.7s.1.5.3.7c.2.2.4.3.7.3h11c.3 0 .5-.1.7-.3.2-.2.3-.5.3-.7s-.1-.5-.3-.7zM5.8 14.7l6.2 6.3 6.2-6.3c.2-.2.3-.5.3-.7s-.1-.5-.3-.7c-.2-.2-.4-.3-.7-.3h-11c-.3 0-.5.1-.7.3-.2.2-.3.5-.3.7s.1.5.3.7z\"\/><\/svg><\/span><\/span><\/label><input type=\"checkbox\"  id=\"ez-toc-cssicon-toggle-item-69ef21641a429\"  aria-label=\"Toggle\" \/><nav><ul class='ez-toc-list ez-toc-list-level-1 ' ><li class='ez-toc-page-1 ez-toc-heading-level-2'><a class=\"ez-toc-link ez-toc-heading-1\" href=\"https:\/\/www.imobiliare.ro\/imoexpert\/cand-afara-devine-mult-mai-important-sfaturi-practice-pentru-amenajarea-balcoanelor-teraselor-si-gradinilor_db\/#Stand_mai_mult_acasa_din_pricina_masurilor_impuse_pentru_limitarea_raspandirii_COVID-19_romanii_au_inceput_sa_acorde_mai_multa_atentie_spatiilor_exterioare_ale_locuintelor\" >St\u00e2nd mai mult acas\u0103, din pricina m\u0103surilor impuse pentru limitarea r\u0103sp\u00e2ndirii COVID-19, rom\u00e2nii au \u00eenceput s\u0103 acorde mai mult\u0103 aten\u021bie spa\u021biilor exterioare ale locuin\u021belor.<\/a><\/li><li class='ez-toc-page-1 ez-toc-heading-level-2'><a class=\"ez-toc-link ez-toc-heading-2\" href=\"https:\/\/www.imobiliare.ro\/imoexpert\/cand-afara-devine-mult-mai-important-sfaturi-practice-pentru-amenajarea-balcoanelor-teraselor-si-gradinilor_db\/#Primul_criteriu_de_luat_in_calcul_dimensiunea_spatiului\" >Primul criteriu de luat \u00een calcul: dimensiunea spa\u021biului<\/a><\/li><li class='ez-toc-page-1 ez-toc-heading-level-2'><a class=\"ez-toc-link ez-toc-heading-3\" href=\"https:\/\/www.imobiliare.ro\/imoexpert\/cand-afara-devine-mult-mai-important-sfaturi-practice-pentru-amenajarea-balcoanelor-teraselor-si-gradinilor_db\/#Destinatia_gradinii_si_a_balconului\" >Destina\u021bia gr\u0103dinii \u0219i a balconului<\/a><\/li><li class='ez-toc-page-1 ez-toc-heading-level-2'><a class=\"ez-toc-link ez-toc-heading-4\" href=\"https:\/\/www.imobiliare.ro\/imoexpert\/cand-afara-devine-mult-mai-important-sfaturi-practice-pentru-amenajarea-balcoanelor-teraselor-si-gradinilor_db\/#Mobilierul_si_decoratiunile_pentru_exterior\" >Mobilierul \u0219i decora\u021biunile pentru exterior<\/a><\/li><li class='ez-toc-page-1 ez-toc-heading-level-2'><a class=\"ez-toc-link ez-toc-heading-5\" href=\"https:\/\/www.imobiliare.ro\/imoexpert\/cand-afara-devine-mult-mai-important-sfaturi-practice-pentru-amenajarea-balcoanelor-teraselor-si-gradinilor_db\/#Iluminatul_intre_functional_si_estetic\" >Iluminatul, \u00eentre func\u021bional \u0219i estetic<\/a><\/li><\/ul><\/nav><\/div>\n<h2><span class=\"ez-toc-section\" id=\"Stand_mai_mult_acasa_din_pricina_masurilor_impuse_pentru_limitarea_raspandirii_COVID-19_romanii_au_inceput_sa_acorde_mai_multa_atentie_spatiilor_exterioare_ale_locuintelor\"><\/span>St\u00e2nd mai mult acas\u0103, din pricina m\u0103surilor impuse pentru limitarea r\u0103sp\u00e2ndirii COVID-19, rom\u00e2nii au \u00eenceput s\u0103 acorde mai mult\u0103 aten\u021bie spa\u021biilor exterioare ale locuin\u021belor.<span class=\"ez-toc-section-end\"><\/span><\/h2>\n<p>Retailerul local de materiale de construc\u021bii \u0219i gr\u0103din\u0103rit Hornbach a \u00eenregistrat, \u00een ultima perioad\u0103, o cerere tot mai mare pentru produse destinate amenaj\u0103rii gr\u0103dinilor, balcoanelor \u0219i teraselor. Tendin\u021ba a fost resim\u021bit\u0103 at\u00e2t \u00een magazinele fizice, c\u00e2t \u0219i \u00een cel online. Potrivit reprezentan\u021bilor companiei, vremea cald\u0103 \u0219i izolarea la domiciliu din ultima perioad\u0103 sunt principalele elemente care \u00eei determin\u0103 pe rom\u00e2ni s\u0103 se dedice unor asemenea ini\u021biative.<\/p>\n<blockquote><p>\u201e\u00cen contextul pandemiei de Coronavirus, distan\u021barea social\u0103 \u0219i petrecerea timpului acas\u0103 aduc cu sine, totu\u0219i, \u0219i avantajul c\u0103 avem mai mult timp pentru mici proiecte pe care le realizam cu greu \u00eenainte. Astfel, amenajarea spa\u021biilor exterioare, fie c\u0103 este vorba de gr\u0103din\u0103 sau balcon, ocup\u0103 un loc important \u00een proiectele de bricolaj ale rom\u00e2nilor \u00een aceast\u0103 perioad\u0103. De altfel, am observat o cre\u0219tere a cererii pentru produse destinate zonelor din afara casei.\u201d<\/p>\n<p><strong>Mugurel-Horia Rusu, Director General Hornbach Rom\u00e2nia<\/strong><\/p><\/blockquote>\n<p>&nbsp;<\/p>\n<p><strong>Cite\u0219te \u0219i: <a class=\"article-body-links\"href=\"https:\/\/www.imobiliare.ro\/imoexpert\/efectul-izolarii-interes-sporit-pentru-case-si-terenuri-vezi-preturile-din-zona-snagov_db\/\">Efectul izol\u0103rii: interes sporit pentru case \u0219i terenuri! Vezi pre\u021burile din zona Snagov<\/a><\/strong><\/p>\n<h2><span class=\"ez-toc-section\" id=\"Primul_criteriu_de_luat_in_calcul_dimensiunea_spatiului\"><\/span>Primul criteriu de luat \u00een calcul: dimensiunea spa\u021biului<span class=\"ez-toc-section-end\"><\/span><\/h2>\n<p>Potrivit lui Mugurel-Horia Rusu, Directorul General al Hornbach Rom\u00e2nia, amenajarea gr\u0103dinilor \u0219i a balcoanelor trebuie s\u0103 \u021bin\u0103 cont de o serie de reguli clare, la fel ca \u0219i cea a spa\u021biilor interioare. Primul criteriu important de luat \u00een calcul este dimensiunea gr\u0103dinii, balconului sau terasei, iar solu\u021biile de design alese s\u0103 permit\u0103 optimizarea spa\u021biului. Indiferent de suprafa\u021ba pe care o avem la dispozi\u021bie, putem crea un spa\u021biu relaxant, func\u021bional \u0219i atractiv din punct de vedere estetic. \u201e\u00cen timp ce un balcon mare este, de fapt, o gr\u0103din\u0103 la \u00een\u0103l\u021bime, unul de mici dimensiuni trebuie organizat astfel \u00eenc\u00e2t s\u0103 ofere libertate de mi\u0219care. Este important de \u021binut cont \u0219i de c\u00e2t de solid este balconul \u0219i ce greutate a ghivecelor poate suporta\u201d, subliniaz\u0103 speciali\u0219tii Hornbach. Pentru balcon, ace\u0219tia recomand\u0103 jardiniere din lut sau plastic reciclat \u0219i, cel mai important, folosirea de p\u0103m\u00e2nt de flori de calitate pentru a asigura cre\u0219terea s\u0103n\u0103toas\u0103 a plantelor. <\/p>\n<p>\u00cen cazul unei gr\u0103dini sau a unei terase cu suprafa\u021b\u0103 generoas\u0103, exist\u0103 posibilit\u0103\u021bi multiple de amenajare, de la simplu-minimalist, la extravagant sau cu vegeta\u021bie luxuriant\u0103. Principalul avantaj esre reprezentat, desigur, de faptul c\u0103 un spa\u021biu amplu poate include numeroase plante. ,,\u00cen gr\u0103din\u0103, gazonul este cel care nu trebuie s\u0103 lipseasc\u0103, al\u0103turi de plante decorative, arbu\u0219ti \u0219i chiar diver\u0219i arbori. Dac\u0103 este vorba de o teras\u0103 spa\u021bioas\u0103, montarea unui lemn de teras\u0103 din WPC poate da o not\u0103 de elegan\u021b\u0103\u201d, arat\u0103 reprezentan\u021bii companiei.<\/p>\n<p>Fiecare spa\u021biu exterior trebuie s\u0103 aib\u0103 \u00eens\u0103 \u0219i o component\u0103 dedicat\u0103 relax\u0103rii. Astfel, at\u00e2t \u00een gr\u0103din\u0103, c\u00e2t \u0219i pe teras\u0103, este esen\u021bial s\u0103 fie ales un mobilier comod, dar \u0219i alte decora\u021biuni precum f\u00e2nt\u00e2ni, mici iazuri artificiale   sau zone de gr\u0103tar (\u00een cazul gr\u0103dinilor). \u0218i \u00een balcoanele de mici dimensiuni, vegeta\u021bia poate juca un rol important. Plantele pot fi amplasate pe vertical\u0103, \u00een diverse jardiniere suspendate, soiurile ag\u0103\u021b\u0103toare fiind cele mai potrivite \u0219i u\u0219or de \u00eentre\u021binut. Mobilierul de exterior poate fi, \u0219i el, de dimensiuni reduse, cu elemente pliabile sau suprapozabile \u0219i u\u0219or de depozitat. <\/p>\n<h2><span class=\"ez-toc-section\" id=\"Destinatia_gradinii_si_a_balconului\"><\/span>Destina\u021bia gr\u0103dinii \u0219i a balconului<span class=\"ez-toc-section-end\"><\/span><\/h2>\n<p>Un alt aspect de luat \u00een calcul \u00een momentul amenaj\u0103rii unui spa\u021biu exterior este destina\u021bia (principal\u0103 a) acestuia. Astfel, fie c\u0103 avem la dispozi\u021bie o gr\u0103din\u0103 de mari dimensiuni, fie c\u0103 avem doar un balcon, op\u021biunile \u021bin \u00een primul r\u00e2nd de dorin\u021bele \u0219i stilul proprietarilor. Astfel, dac\u0103 zona este una destinat\u0103 relax\u0103rii, speciali\u0219tii Hornbach recomand\u0103 o aten\u021bie sporit\u0103 pentru mobilier, decora\u021biuni \u0219i alte elemente de design. \u00cen acela\u0219i timp, \u00eens\u0103, un spa\u021biu exterior, indiferent de dimensiunea sa, poate fi folosit cu succes pentru activit\u0103\u021bi de gr\u0103din\u0103rit. Acesta este motivul pentru retailerul pune la dispozi\u021bia clien\u021bilor o gam\u0103 larg\u0103 de plante pentru exterior, de la cele decorative, la arbu\u0219ti, pomi fructiferi \u0219i chiar legume. <\/p>\n<blockquote><p>\u201eDe\u0219i uneori pare greu de imaginat, pentru a gr\u0103din\u0103ri nu ai nevoie, \u00eentotdeauna, de un spa\u021biu generos. Dac\u0103 \u00eentr-o gr\u0103din\u0103 de mari dimensiuni po\u021bi cultiva pomi fructiferi, legume diverse \u2013 \u00een sere sau zone special amenajate \u2013, \u00eentr-un balcon po\u021bi avea ghivece cu plante aromatice variate, u\u0219or de plantat \u0219i \u00eengrijit, dar \u0219i foarte apreciate de pasiona\u021bii de buc\u0103t\u0103rie.\u201d<\/p>\n<p><strong>Mugurel-Horia Rusu, Director General Hornbach Rom\u00e2nia<\/strong><\/p><\/blockquote>\n<p>&nbsp;<\/p>\n<p><strong>Cite\u0219te \u0219i: <a class=\"article-body-links\"href=\"https:\/\/www.imobiliare.ro\/imoexpert\/sistemele-smart-home-tot-mai-in-voga-care-sunt-functiile-cele-mai-cautate-de-catre-romani_db\/\">Sistemele smart home, tot mai \u00een vog\u0103. Care sunt func\u021biile cele mai c\u0103utate de c\u0103tre rom\u00e2ni<\/a><\/strong><\/p>\n<h2><span class=\"ez-toc-section\" id=\"Mobilierul_si_decoratiunile_pentru_exterior\"><\/span>Mobilierul \u0219i decora\u021biunile pentru exterior<span class=\"ez-toc-section-end\"><\/span><\/h2>\n<p>La capitolul mobilier \u0219i decora\u021biuni, cea mai important\u0103 recomandare a speciali\u0219tilor Hornbach este ca ambele s\u0103 se \u00eencadreze \u00eentr-un stil unitar, s\u0103 urmeze o linie comun\u0103. Totodat\u0103, mobilierul trebuie adaptat la dimensiunea spa\u021biului, pentru a nu bloca zonele de acces, \u0219i s\u0103 fie unul rezistent, fie c\u0103 este fabricat din lemn, plastic, ratan, aluminiu sau altele. Confortul \u0219i func\u021bionalitatea sunt, de asemena, aspecte important de luat \u00een calcul la alegerea mobilierului. Astfel, materialul din care este fabricat trebuie s\u0103 fie unul u\u0219or de \u00eentre\u021binut; clien\u021bii pot opta pentru piese pliabile (speciale pentru spa\u021biile de mici dimensiuni) sau pentru unele ce \u00eencorporeaz\u0103 l\u0103zi de depozitare (pentru gr\u0103dinile mai mari). \u201eSortimentul Hornbach este unul foarte ofertant c\u00e2nd vine vorba de decora\u021biunile de gr\u0103din\u0103 \u0219i, \u00een contextul pandemic actual, este disponibil spre v\u00e2nzare at\u00e2t \u00een magazine, c\u00e2t \u0219i \u00een magazinul online sau prin serviciul de rezervare \u0219i livrare din magazine. Astfel, pentru zonele de mari dimensiuni dispunem de sisteme de amenajare a iazurilor, de f\u00e2nt\u00e2ni arteziene, statuete sau diverse foi\u0219oare \u0219i c\u0103su\u021be de gr\u0103din\u0103. \u00cen rest, pot fi alese jardiniere \u0219i ghivece \u00een culori \u0219i texturi diverse, piese ce au rolul de a \u00eenfrumuse\u021ba \u0219i anima gr\u0103dina sau balconul\u201d, arat\u0103 directorul companiei. <\/p>\n<h2><span class=\"ez-toc-section\" id=\"Iluminatul_intre_functional_si_estetic\"><\/span>Iluminatul, \u00eentre func\u021bional \u0219i estetic<span class=\"ez-toc-section-end\"><\/span><\/h2>\n<p>Iluminatul spa\u021biilor exterioare are, dincolo de un rol func\u021bional, \u0219i un rol estetic, acesta put\u00e2nd pune \u00een valoare anumite zone-cheie. Amplasate strategic, l\u0103mpile sau ghirlandele de exterior pot personaliza un asemenea ambient. Pentru gr\u0103dinile de mari dimensiuni, spun reprezentan\u021bii Hornbach, variantele de iluminat sunt extrem de variate, de la st\u00e2lpi de mari dimensiuni, p\u00e2n\u0103 la mici corpuri de iluminat \u00eencastrate \u00een sol. Cel mai important este ca acestea s\u0103 acopere toate zonele \u0219i s\u0103 asigure un plus de securitate pentru proprietari. <\/p>\n<blockquote><p>\u201e\u00cen func\u021bie de dimensiunea spa\u021biului exterior, recomand\u0103m s\u0103 fie alese solu\u021bii de iluminat economice. Astfel, dac\u0103 se va folosi re\u021beaua de electricitate, cele mai potrivite corpuri de iluminat sunt cele LED. O op\u021biune \u00eens\u0103, mai ales \u00een zonele \u00eensorite, este folosirea de corpuri de iluminat solare. De asemenea, este de luat \u00een calcul chiar \u0219i varianta unor becuri cu acumulatori \u00eencorpora\u021bi sau a unor aplice ce func\u021bioneaz\u0103 cu baterii, dac\u0103 aceasta se dovede\u0219te a fi cea potrivit\u0103.\u201d<\/p>\n<p><strong>Mugurel-Horia Rusu, Director General Hornbach Rom\u00e2nia<\/strong><\/p><\/blockquote>\n","protected":false},"excerpt":{"rendered":"<p>St\u00e2nd mai mult acas\u0103, din pricina m\u0103surilor impuse pentru limitarea r\u0103sp\u00e2ndirii COVID-19, rom\u00e2nii au \u00eenceput s\u0103 acorde mai mult\u0103 aten\u021bie spa\u021biilor exterioare ale locuin\u021belor. Retailerul local de materiale de construc\u021bii \u0219i gr\u0103din\u0103rit Hornbach a \u00eenregistrat, \u00een ultima perioad\u0103, o cerere tot mai mare pentru produse destinate amenaj\u0103rii gr\u0103dinilor, balcoanelor \u0219i teraselor. Tendin\u021ba a fost resim\u021bit\u0103 [&hellip;]<\/p>\n","protected":false},"author":829,"featured_media":58630,"comment_status":"open","ping_status":"open","sticky":false,"template":"","format":"standard","meta":{"footnotes":""},"categories":[255,259],"tags":[1928,1929,1902,1022,1916],"content_author":[],"class_list":["post-58629","post","type-post","status-publish","format-standard","has-post-thumbnail","hentry","category-home-deco","category-stiri","tag-amenajare-gradina","tag-amenajare-terasa","tag-covid-19","tag-homedeco","tag-hornbach"],"yoast_head":"<!-- This site is optimized with the Yoast SEO Premium plugin v27.0 (Yoast SEO v27.0) - https:\/\/yoast.com\/product\/yoast-seo-premium-wordpress\/ -->\n<title>C\u00e2nd \u201eafar\u0103\u201d devine mult mai important: sfaturi practice pentru amenajarea balcoanelor, teraselor \u0219i gr\u0103dinilor - Home &amp; Deco, \u0218tiri - ImoExpert<\/title>\n<meta name=\"description\" content=\"St\u00e2nd mai mult acas\u0103, din pricina m\u0103surilor impuse pentru limitarea r\u0103sp\u00e2ndirii COVID-19, rom\u00e2nii au \u00eenceput s\u0103 acorde mai mult\u0103 aten\u021bie spa\u021biilor\" \/>\n<meta name=\"robots\" content=\"index, follow\" \/>\n<link rel=\"canonical\" href=\"https:\/\/www.imobiliare.ro\/imoexpert\/cand-afara-devine-mult-mai-important-sfaturi-practice-pentru-amenajarea-balcoanelor-teraselor-si-gradinilor_db\/\" \/>\n<meta property=\"og:locale\" content=\"ro_RO\" \/>\n<meta property=\"og:type\" content=\"article\" \/>\n<meta property=\"og:title\" content=\"C\u00e2nd \u201eafar\u0103\u201d devine mult mai important: sfaturi practice pentru amenajarea balcoanelor, teraselor \u0219i gr\u0103dinilor\" \/>\n<meta property=\"og:description\" content=\"St\u00e2nd mai mult acas\u0103, din pricina m\u0103surilor impuse pentru limitarea r\u0103sp\u00e2ndirii COVID-19, rom\u00e2nii au \u00eenceput s\u0103 acorde mai mult\u0103 aten\u021bie spa\u021biilor\" \/>\n<meta property=\"og:url\" content=\"https:\/\/www.imobiliare.ro\/imoexpert\/cand-afara-devine-mult-mai-important-sfaturi-practice-pentru-amenajarea-balcoanelor-teraselor-si-gradinilor_db\/\" \/>\n<meta property=\"og:site_name\" content=\"ImoExpert\" \/>\n<meta property=\"article:published_time\" content=\"2020-05-13T12:19:59+00:00\" \/>\n<meta property=\"og:image\" content=\"https:\/\/www.imobiliare.ro\/imoexpert\/wp-content\/uploads\/2020\/05\/Cand-afara-devine-mult-mai-important-sfaturi-practice-pentru-amenajarea-balcoanelor-teraselor-si-gradinilor.jpg\" \/>\n\t<meta property=\"og:image:width\" content=\"800\" \/>\n\t<meta property=\"og:image:height\" content=\"726\" \/>\n\t<meta property=\"og:image:type\" content=\"image\/jpeg\" \/>\n<meta name=\"author\" content=\"Adriana Dr\u0103gu\u0219in\" \/>\n<meta name=\"twitter:card\" content=\"summary_large_image\" \/>\n<meta name=\"twitter:label1\" content=\"Written by\" \/>\n\t<meta name=\"twitter:data1\" content=\"Adriana Dr\u0103gu\u0219in\" \/>\n\t<meta name=\"twitter:label2\" content=\"Est. reading time\" \/>\n\t<meta name=\"twitter:data2\" content=\"6 minute\" \/>\n<script type=\"application\/ld+json\" class=\"yoast-schema-graph\">{\"@context\":\"https:\/\/schema.org\",\"@graph\":[{\"@type\":\"Article\",\"@id\":\"https:\/\/www.imobiliare.ro\/imoexpert\/cand-afara-devine-mult-mai-important-sfaturi-practice-pentru-amenajarea-balcoanelor-teraselor-si-gradinilor_db\/#article\",\"isPartOf\":{\"@id\":\"https:\/\/www.imobiliare.ro\/imoexpert\/cand-afara-devine-mult-mai-important-sfaturi-practice-pentru-amenajarea-balcoanelor-teraselor-si-gradinilor_db\/\"},\"author\":{\"name\":\"Adriana Dr\u0103gu\u0219in\",\"@id\":\"https:\/\/www.imobiliare.ro\/imoexpert\/#\/schema\/person\/8c13b0297075010b896471fabf0d7790\"},\"headline\":\"C\u00e2nd \u201eafar\u0103\u201d devine mult mai important: sfaturi practice pentru amenajarea balcoanelor, teraselor \u0219i gr\u0103dinilor\",\"datePublished\":\"2020-05-13T12:19:59+00:00\",\"mainEntityOfPage\":{\"@id\":\"https:\/\/www.imobiliare.ro\/imoexpert\/cand-afara-devine-mult-mai-important-sfaturi-practice-pentru-amenajarea-balcoanelor-teraselor-si-gradinilor_db\/\"},\"wordCount\":1273,\"commentCount\":0,\"publisher\":{\"@id\":\"https:\/\/www.imobiliare.ro\/imoexpert\/#organization\"},\"image\":{\"@id\":\"https:\/\/www.imobiliare.ro\/imoexpert\/cand-afara-devine-mult-mai-important-sfaturi-practice-pentru-amenajarea-balcoanelor-teraselor-si-gradinilor_db\/#primaryimage\"},\"thumbnailUrl\":\"https:\/\/www.imobiliare.ro\/imoexpert\/wp-content\/uploads\/2020\/05\/Cand-afara-devine-mult-mai-important-sfaturi-practice-pentru-amenajarea-balcoanelor-teraselor-si-gradinilor.jpg\",\"keywords\":[\"amenajare gradina\",\"amenajare terasa\",\"COVID-19\",\"Home&amp;Deco\",\"Hornbach\"],\"articleSection\":[\"Home &amp; Deco\",\"\u0218tiri\"],\"inLanguage\":\"en\",\"potentialAction\":[{\"@type\":\"CommentAction\",\"name\":\"Comment\",\"target\":[\"https:\/\/www.imobiliare.ro\/imoexpert\/cand-afara-devine-mult-mai-important-sfaturi-practice-pentru-amenajarea-balcoanelor-teraselor-si-gradinilor_db\/#respond\"]}],\"copyrightYear\":\"2020\",\"copyrightHolder\":{\"@id\":\"https:\/\/www.imobiliare.ro\/imoexpert\/#organization\"}},{\"@type\":\"WebPage\",\"@id\":\"https:\/\/www.imobiliare.ro\/imoexpert\/cand-afara-devine-mult-mai-important-sfaturi-practice-pentru-amenajarea-balcoanelor-teraselor-si-gradinilor_db\/\",\"url\":\"https:\/\/www.imobiliare.ro\/imoexpert\/cand-afara-devine-mult-mai-important-sfaturi-practice-pentru-amenajarea-balcoanelor-teraselor-si-gradinilor_db\/\",\"name\":\"C\u00e2nd \u201eafar\u0103\u201d devine mult mai important: sfaturi practice pentru amenajarea balcoanelor, teraselor \u0219i gr\u0103dinilor - Home &amp; Deco, \u0218tiri - ImoExpert\",\"isPartOf\":{\"@id\":\"https:\/\/www.imobiliare.ro\/imoexpert\/#website\"},\"primaryImageOfPage\":{\"@id\":\"https:\/\/www.imobiliare.ro\/imoexpert\/cand-afara-devine-mult-mai-important-sfaturi-practice-pentru-amenajarea-balcoanelor-teraselor-si-gradinilor_db\/#primaryimage\"},\"image\":{\"@id\":\"https:\/\/www.imobiliare.ro\/imoexpert\/cand-afara-devine-mult-mai-important-sfaturi-practice-pentru-amenajarea-balcoanelor-teraselor-si-gradinilor_db\/#primaryimage\"},\"thumbnailUrl\":\"https:\/\/www.imobiliare.ro\/imoexpert\/wp-content\/uploads\/2020\/05\/Cand-afara-devine-mult-mai-important-sfaturi-practice-pentru-amenajarea-balcoanelor-teraselor-si-gradinilor.jpg\",\"datePublished\":\"2020-05-13T12:19:59+00:00\",\"description\":\"St\u00e2nd mai mult acas\u0103, din pricina m\u0103surilor impuse pentru limitarea r\u0103sp\u00e2ndirii COVID-19, rom\u00e2nii au \u00eenceput s\u0103 acorde mai mult\u0103 aten\u021bie spa\u021biilor\",\"breadcrumb\":{\"@id\":\"https:\/\/www.imobiliare.ro\/imoexpert\/cand-afara-devine-mult-mai-important-sfaturi-practice-pentru-amenajarea-balcoanelor-teraselor-si-gradinilor_db\/#breadcrumb\"},\"inLanguage\":\"en\",\"potentialAction\":[{\"@type\":\"ReadAction\",\"target\":[\"https:\/\/www.imobiliare.ro\/imoexpert\/cand-afara-devine-mult-mai-important-sfaturi-practice-pentru-amenajarea-balcoanelor-teraselor-si-gradinilor_db\/\"]}]},{\"@type\":\"ImageObject\",\"inLanguage\":\"en\",\"@id\":\"https:\/\/www.imobiliare.ro\/imoexpert\/cand-afara-devine-mult-mai-important-sfaturi-practice-pentru-amenajarea-balcoanelor-teraselor-si-gradinilor_db\/#primaryimage\",\"url\":\"https:\/\/www.imobiliare.ro\/imoexpert\/wp-content\/uploads\/2020\/05\/Cand-afara-devine-mult-mai-important-sfaturi-practice-pentru-amenajarea-balcoanelor-teraselor-si-gradinilor.jpg\",\"contentUrl\":\"https:\/\/www.imobiliare.ro\/imoexpert\/wp-content\/uploads\/2020\/05\/Cand-afara-devine-mult-mai-important-sfaturi-practice-pentru-amenajarea-balcoanelor-teraselor-si-gradinilor.jpg\",\"width\":800,\"height\":726},{\"@type\":\"BreadcrumbList\",\"@id\":\"https:\/\/www.imobiliare.ro\/imoexpert\/cand-afara-devine-mult-mai-important-sfaturi-practice-pentru-amenajarea-balcoanelor-teraselor-si-gradinilor_db\/#breadcrumb\",\"itemListElement\":[{\"@type\":\"ListItem\",\"position\":1,\"name\":\"Imoradar24\",\"item\":\"https:\/\/www.imoradar24.ro\"},{\"@type\":\"ListItem\",\"position\":2,\"name\":\"ImoExpert\",\"item\":\"https:\/\/www.imobiliare.ro\/imoexpert\/\"},{\"@type\":\"ListItem\",\"position\":3,\"name\":\"\u0218tiri\",\"item\":\"https:\/\/www.imobiliare.ro\/imoexpert\/stiri\/\"},{\"@type\":\"ListItem\",\"position\":4,\"name\":\"C\u00e2nd \u201eafar\u0103\u201d devine mult mai important: sfaturi practice pentru amenajarea balcoanelor, teraselor \u0219i gr\u0103dinilor\"}]},{\"@type\":\"WebSite\",\"@id\":\"https:\/\/www.imobiliare.ro\/imoexpert\/#website\",\"url\":\"https:\/\/www.imobiliare.ro\/imoexpert\/\",\"name\":\"ImoExpert\",\"description\":\"cele mai importante \u015ftiri din domeniul imobiliar\",\"publisher\":{\"@id\":\"https:\/\/www.imobiliare.ro\/imoexpert\/#organization\"},\"inLanguage\":\"en\"},{\"@type\":\"Organization\",\"@id\":\"https:\/\/www.imobiliare.ro\/imoexpert\/#organization\",\"name\":\"Imobiliare.ro\",\"alternateName\":\"Realmedia Network SA\",\"url\":\"https:\/\/www.imobiliare.ro\/imoexpert\/\",\"logo\":{\"@type\":\"ImageObject\",\"inLanguage\":\"en\",\"@id\":\"https:\/\/www.imobiliare.ro\/imoexpert\/#\/schema\/logo\/image\/\",\"url\":\"https:\/\/www.imobiliare.ro\/imoexpert\/wp-content\/uploads\/2025\/05\/imobiliare_logo.png\",\"contentUrl\":\"https:\/\/www.imobiliare.ro\/imoexpert\/wp-content\/uploads\/2025\/05\/imobiliare_logo.png\",\"width\":237,\"height\":29,\"caption\":\"Imobiliare.ro\"},\"image\":{\"@id\":\"https:\/\/www.imobiliare.ro\/imoexpert\/#\/schema\/logo\/image\/\"}},{\"@type\":\"Person\",\"@id\":\"https:\/\/www.imobiliare.ro\/imoexpert\/#\/schema\/person\/8c13b0297075010b896471fabf0d7790\",\"name\":\"Adriana Dr\u0103gu\u0219in\",\"image\":{\"@type\":\"ImageObject\",\"inLanguage\":\"en\",\"@id\":\"https:\/\/www.imobiliare.ro\/imoexpert\/#\/schema\/person\/image\/\",\"url\":\"https:\/\/secure.gravatar.com\/avatar\/ba4762f7517e50e679ed7f11207102d1150120f2f5800c0da98f8a15305bf514?s=96&d=mm&r=g\",\"contentUrl\":\"https:\/\/secure.gravatar.com\/avatar\/ba4762f7517e50e679ed7f11207102d1150120f2f5800c0da98f8a15305bf514?s=96&d=mm&r=g\",\"caption\":\"Adriana Dr\u0103gu\u0219in\"},\"jobTitle\":\"Editor\",\"url\":\"https:\/\/www.imobiliare.ro\/imoexpert\/author\/adriana-dragusin\/\"}]}<\/script>\n<!-- \/ Yoast SEO Premium plugin. -->","yoast_head_json":{"title":"C\u00e2nd \u201eafar\u0103\u201d devine mult mai important: sfaturi practice pentru amenajarea balcoanelor, teraselor \u0219i gr\u0103dinilor - Home &amp; Deco, \u0218tiri - ImoExpert","description":"St\u00e2nd mai mult acas\u0103, din pricina m\u0103surilor impuse pentru limitarea r\u0103sp\u00e2ndirii COVID-19, rom\u00e2nii au \u00eenceput s\u0103 acorde mai mult\u0103 aten\u021bie spa\u021biilor","robots":{"index":"index","follow":"follow"},"canonical":"https:\/\/www.imobiliare.ro\/imoexpert\/cand-afara-devine-mult-mai-important-sfaturi-practice-pentru-amenajarea-balcoanelor-teraselor-si-gradinilor_db\/","og_locale":"ro_RO","og_type":"article","og_title":"C\u00e2nd \u201eafar\u0103\u201d devine mult mai important: sfaturi practice pentru amenajarea balcoanelor, teraselor \u0219i gr\u0103dinilor","og_description":"St\u00e2nd mai mult acas\u0103, din pricina m\u0103surilor impuse pentru limitarea r\u0103sp\u00e2ndirii COVID-19, rom\u00e2nii au \u00eenceput s\u0103 acorde mai mult\u0103 aten\u021bie spa\u021biilor","og_url":"https:\/\/www.imobiliare.ro\/imoexpert\/cand-afara-devine-mult-mai-important-sfaturi-practice-pentru-amenajarea-balcoanelor-teraselor-si-gradinilor_db\/","og_site_name":"ImoExpert","article_published_time":"2020-05-13T12:19:59+00:00","og_image":[{"width":800,"height":726,"url":"https:\/\/www.imobiliare.ro\/imoexpert\/wp-content\/uploads\/2020\/05\/Cand-afara-devine-mult-mai-important-sfaturi-practice-pentru-amenajarea-balcoanelor-teraselor-si-gradinilor.jpg","type":"image\/jpeg"}],"author":"Adriana Dr\u0103gu\u0219in","twitter_card":"summary_large_image","twitter_misc":{"Written by":"Adriana Dr\u0103gu\u0219in","Est. reading time":"6 minute"},"schema":{"@context":"https:\/\/schema.org","@graph":[{"@type":"Article","@id":"https:\/\/www.imobiliare.ro\/imoexpert\/cand-afara-devine-mult-mai-important-sfaturi-practice-pentru-amenajarea-balcoanelor-teraselor-si-gradinilor_db\/#article","isPartOf":{"@id":"https:\/\/www.imobiliare.ro\/imoexpert\/cand-afara-devine-mult-mai-important-sfaturi-practice-pentru-amenajarea-balcoanelor-teraselor-si-gradinilor_db\/"},"author":{"name":"Adriana Dr\u0103gu\u0219in","@id":"https:\/\/www.imobiliare.ro\/imoexpert\/#\/schema\/person\/8c13b0297075010b896471fabf0d7790"},"headline":"C\u00e2nd \u201eafar\u0103\u201d devine mult mai important: sfaturi practice pentru amenajarea balcoanelor, teraselor \u0219i gr\u0103dinilor","datePublished":"2020-05-13T12:19:59+00:00","mainEntityOfPage":{"@id":"https:\/\/www.imobiliare.ro\/imoexpert\/cand-afara-devine-mult-mai-important-sfaturi-practice-pentru-amenajarea-balcoanelor-teraselor-si-gradinilor_db\/"},"wordCount":1273,"commentCount":0,"publisher":{"@id":"https:\/\/www.imobiliare.ro\/imoexpert\/#organization"},"image":{"@id":"https:\/\/www.imobiliare.ro\/imoexpert\/cand-afara-devine-mult-mai-important-sfaturi-practice-pentru-amenajarea-balcoanelor-teraselor-si-gradinilor_db\/#primaryimage"},"thumbnailUrl":"https:\/\/www.imobiliare.ro\/imoexpert\/wp-content\/uploads\/2020\/05\/Cand-afara-devine-mult-mai-important-sfaturi-practice-pentru-amenajarea-balcoanelor-teraselor-si-gradinilor.jpg","keywords":["amenajare gradina","amenajare terasa","COVID-19","Home&amp;Deco","Hornbach"],"articleSection":["Home &amp; Deco","\u0218tiri"],"inLanguage":"en","potentialAction":[{"@type":"CommentAction","name":"Comment","target":["https:\/\/www.imobiliare.ro\/imoexpert\/cand-afara-devine-mult-mai-important-sfaturi-practice-pentru-amenajarea-balcoanelor-teraselor-si-gradinilor_db\/#respond"]}],"copyrightYear":"2020","copyrightHolder":{"@id":"https:\/\/www.imobiliare.ro\/imoexpert\/#organization"}},{"@type":"WebPage","@id":"https:\/\/www.imobiliare.ro\/imoexpert\/cand-afara-devine-mult-mai-important-sfaturi-practice-pentru-amenajarea-balcoanelor-teraselor-si-gradinilor_db\/","url":"https:\/\/www.imobiliare.ro\/imoexpert\/cand-afara-devine-mult-mai-important-sfaturi-practice-pentru-amenajarea-balcoanelor-teraselor-si-gradinilor_db\/","name":"C\u00e2nd \u201eafar\u0103\u201d devine mult mai important: sfaturi practice pentru amenajarea balcoanelor, teraselor \u0219i gr\u0103dinilor - Home &amp; Deco, \u0218tiri - ImoExpert","isPartOf":{"@id":"https:\/\/www.imobiliare.ro\/imoexpert\/#website"},"primaryImageOfPage":{"@id":"https:\/\/www.imobiliare.ro\/imoexpert\/cand-afara-devine-mult-mai-important-sfaturi-practice-pentru-amenajarea-balcoanelor-teraselor-si-gradinilor_db\/#primaryimage"},"image":{"@id":"https:\/\/www.imobiliare.ro\/imoexpert\/cand-afara-devine-mult-mai-important-sfaturi-practice-pentru-amenajarea-balcoanelor-teraselor-si-gradinilor_db\/#primaryimage"},"thumbnailUrl":"https:\/\/www.imobiliare.ro\/imoexpert\/wp-content\/uploads\/2020\/05\/Cand-afara-devine-mult-mai-important-sfaturi-practice-pentru-amenajarea-balcoanelor-teraselor-si-gradinilor.jpg","datePublished":"2020-05-13T12:19:59+00:00","description":"St\u00e2nd mai mult acas\u0103, din pricina m\u0103surilor impuse pentru limitarea r\u0103sp\u00e2ndirii COVID-19, rom\u00e2nii au \u00eenceput s\u0103 acorde mai mult\u0103 aten\u021bie spa\u021biilor","breadcrumb":{"@id":"https:\/\/www.imobiliare.ro\/imoexpert\/cand-afara-devine-mult-mai-important-sfaturi-practice-pentru-amenajarea-balcoanelor-teraselor-si-gradinilor_db\/#breadcrumb"},"inLanguage":"en","potentialAction":[{"@type":"ReadAction","target":["https:\/\/www.imobiliare.ro\/imoexpert\/cand-afara-devine-mult-mai-important-sfaturi-practice-pentru-amenajarea-balcoanelor-teraselor-si-gradinilor_db\/"]}]},{"@type":"ImageObject","inLanguage":"en","@id":"https:\/\/www.imobiliare.ro\/imoexpert\/cand-afara-devine-mult-mai-important-sfaturi-practice-pentru-amenajarea-balcoanelor-teraselor-si-gradinilor_db\/#primaryimage","url":"https:\/\/www.imobiliare.ro\/imoexpert\/wp-content\/uploads\/2020\/05\/Cand-afara-devine-mult-mai-important-sfaturi-practice-pentru-amenajarea-balcoanelor-teraselor-si-gradinilor.jpg","contentUrl":"https:\/\/www.imobiliare.ro\/imoexpert\/wp-content\/uploads\/2020\/05\/Cand-afara-devine-mult-mai-important-sfaturi-practice-pentru-amenajarea-balcoanelor-teraselor-si-gradinilor.jpg","width":800,"height":726},{"@type":"BreadcrumbList","@id":"https:\/\/www.imobiliare.ro\/imoexpert\/cand-afara-devine-mult-mai-important-sfaturi-practice-pentru-amenajarea-balcoanelor-teraselor-si-gradinilor_db\/#breadcrumb","itemListElement":[{"@type":"ListItem","position":1,"name":"Imoradar24","item":"https:\/\/www.imoradar24.ro"},{"@type":"ListItem","position":2,"name":"ImoExpert","item":"https:\/\/www.imobiliare.ro\/imoexpert\/"},{"@type":"ListItem","position":3,"name":"\u0218tiri","item":"https:\/\/www.imobiliare.ro\/imoexpert\/stiri\/"},{"@type":"ListItem","position":4,"name":"C\u00e2nd \u201eafar\u0103\u201d devine mult mai important: sfaturi practice pentru amenajarea balcoanelor, teraselor \u0219i gr\u0103dinilor"}]},{"@type":"WebSite","@id":"https:\/\/www.imobiliare.ro\/imoexpert\/#website","url":"https:\/\/www.imobiliare.ro\/imoexpert\/","name":"ImoExpert","description":"cele mai importante \u015ftiri din domeniul imobiliar","publisher":{"@id":"https:\/\/www.imobiliare.ro\/imoexpert\/#organization"},"inLanguage":"en"},{"@type":"Organization","@id":"https:\/\/www.imobiliare.ro\/imoexpert\/#organization","name":"Imobiliare.ro","alternateName":"Realmedia Network SA","url":"https:\/\/www.imobiliare.ro\/imoexpert\/","logo":{"@type":"ImageObject","inLanguage":"en","@id":"https:\/\/www.imobiliare.ro\/imoexpert\/#\/schema\/logo\/image\/","url":"https:\/\/www.imobiliare.ro\/imoexpert\/wp-content\/uploads\/2025\/05\/imobiliare_logo.png","contentUrl":"https:\/\/www.imobiliare.ro\/imoexpert\/wp-content\/uploads\/2025\/05\/imobiliare_logo.png","width":237,"height":29,"caption":"Imobiliare.ro"},"image":{"@id":"https:\/\/www.imobiliare.ro\/imoexpert\/#\/schema\/logo\/image\/"}},{"@type":"Person","@id":"https:\/\/www.imobiliare.ro\/imoexpert\/#\/schema\/person\/8c13b0297075010b896471fabf0d7790","name":"Adriana Dr\u0103gu\u0219in","image":{"@type":"ImageObject","inLanguage":"en","@id":"https:\/\/www.imobiliare.ro\/imoexpert\/#\/schema\/person\/image\/","url":"https:\/\/secure.gravatar.com\/avatar\/ba4762f7517e50e679ed7f11207102d1150120f2f5800c0da98f8a15305bf514?s=96&d=mm&r=g","contentUrl":"https:\/\/secure.gravatar.com\/avatar\/ba4762f7517e50e679ed7f11207102d1150120f2f5800c0da98f8a15305bf514?s=96&d=mm&r=g","caption":"Adriana Dr\u0103gu\u0219in"},"jobTitle":"Editor","url":"https:\/\/www.imobiliare.ro\/imoexpert\/author\/adriana-dragusin\/"}]}},"_links":{"self":[{"href":"https:\/\/www.imobiliare.ro\/imoexpert\/wp-json\/wp\/v2\/posts\/58629","targetHints":{"allow":["GET"]}}],"collection":[{"href":"https:\/\/www.imobiliare.ro\/imoexpert\/wp-json\/wp\/v2\/posts"}],"about":[{"href":"https:\/\/www.imobiliare.ro\/imoexpert\/wp-json\/wp\/v2\/types\/post"}],"author":[{"embeddable":true,"href":"https:\/\/www.imobiliare.ro\/imoexpert\/wp-json\/wp\/v2\/users\/829"}],"replies":[{"embeddable":true,"href":"https:\/\/www.imobiliare.ro\/imoexpert\/wp-json\/wp\/v2\/comments?post=58629"}],"version-history":[{"count":0,"href":"https:\/\/www.imobiliare.ro\/imoexpert\/wp-json\/wp\/v2\/posts\/58629\/revisions"}],"wp:featuredmedia":[{"embeddable":true,"href":"https:\/\/www.imobiliare.ro\/imoexpert\/wp-json\/wp\/v2\/media\/58630"}],"wp:attachment":[{"href":"https:\/\/www.imobiliare.ro\/imoexpert\/wp-json\/wp\/v2\/media?parent=58629"}],"wp:term":[{"taxonomy":"category","embeddable":true,"href":"https:\/\/www.imobiliare.ro\/imoexpert\/wp-json\/wp\/v2\/categories?post=58629"},{"taxonomy":"post_tag","embeddable":true,"href":"https:\/\/www.imobiliare.ro\/imoexpert\/wp-json\/wp\/v2\/tags?post=58629"},{"taxonomy":"content_author","embeddable":true,"href":"https:\/\/www.imobiliare.ro\/imoexpert\/wp-json\/wp\/v2\/content_author?post=58629"}],"curies":[{"name":"wp","href":"https:\/\/api.w.org\/{rel}","templated":true}]}}