{"id":58767,"date":"2020-05-22T11:16:55","date_gmt":"2020-05-22T08:16:55","guid":{"rendered":"https:\/\/www.imobiliare.ro\/imoexpert\/?p=58767"},"modified":"2020-05-22T11:16:55","modified_gmt":"2020-05-22T08:16:55","slug":"ai-iesit-din-izolare-ce-faci-daca-ai-o-nevoie-imobiliara-sfaturile-specialistului-video","status":"publish","type":"post","link":"https:\/\/www.imobiliare.ro\/imoexpert\/ai-iesit-din-izolare-ce-faci-daca-ai-o-nevoie-imobiliara-sfaturile-specialistului-video_db\/","title":{"rendered":"Ai ie\u0219it din izolare. Ce faci dac\u0103 ai o nevoie imobiliar\u0103? Sfaturile specialistului &#8211; VIDEO"},"content":{"rendered":"<h2><a class=\"article-body-links\"href=\"https:\/\/www.imobiliare.ro\/imoexpert\/ai-iesit-din-izolare-ce-faci-daca-ai-o-nevoie-imobiliara-sfaturile-specialistului-video_db\/studiu-imobiliare\/\" rel=\"attachment wp-att-58768\"><img loading=\"lazy\" decoding=\"async\" class=\"alignnone size-full wp-image-58768\" src=\"https:\/\/www.imobiliare.ro\/imoexpert\/wp-content\/uploads\/2020\/05\/studiu-imobiliare.jpg\" alt=\"\" width=\"800\" height=\"533\" srcset=\"https:\/\/www.imobiliare.ro\/imoexpert\/wp-content\/uploads\/2020\/05\/studiu-imobiliare.jpg 800w, https:\/\/www.imobiliare.ro\/imoexpert\/wp-content\/uploads\/2020\/05\/studiu-imobiliare-300x200.jpg 300w, https:\/\/www.imobiliare.ro\/imoexpert\/wp-content\/uploads\/2020\/05\/studiu-imobiliare-768x512.jpg 768w\" sizes=\"auto, (max-width: 800px) 100vw, 800px\" \/><\/a><\/h2>\n<h2>Perioda de izolare a luat sf\u00e2r\u0219it, iar la nivelul pie\u021bei imobiliare au ap\u0103rut deja primele semne de revenire.<\/h2>\n<p>Rezultatele unui sondaj <span style=\"color: #ff0000;\"><strong>Imobiliare.ro<\/strong> <\/span>arat\u0103 c\u0103 <a class=\"article-body-links\"href=\"https:\/\/www.imobiliare.ro\/imoexpert\/studiu-imobiliare-ro-98-dintre-proprietarii-de-imobile-sunt-gata-sa-faca-vizionari-in-urma-relaxarii-restrictiilor-de-circulatie-folosirea-echipamentelor-de-protectie-o-conditie-esentiala_db\/\" target=\"_blank\" rel=\"noopener noreferrer\">proprietari sunt acum dispu\u0219i s\u0103 fac\u0103 vizion\u0103ri<\/a>. Cei mai mul\u021bi dintre ei vor s\u0103 colaboreze cu o agen\u021bie imobiliar\u0103 \u0219i se a\u0219teapt\u0103 s\u0103-\u0219i v\u00e2nd\u0103 locuin\u021bele \u00een cel mult trei luni.<\/p>\n<p>Cerere exist\u0103 \u00een continuare la nivelul pie\u021bei, iar cump\u0103r\u0103torii par preg\u0103ti\u021bi s\u0103 \u00eenceap\u0103, din nou, c\u0103utarea locuin\u021belor potrivite nevoilor lor.<\/p>\n<p>Pe segmentul de \u00eenchirieri, 41% dintre proprietari se a\u0219teapt\u0103 ca \u00eentr-o lun\u0103 s\u0103 g\u0103sesc\u0103 un chiria\u0219 \u0219i unii chiar iau \u00een calcul u\u0219oare sc\u0103deri ale pre\u021burilor.<\/p>\n<p>Iat\u0103 care sunt recomand\u0103rile specialistului pentru aceast\u0103 perioad\u0103 pentru a v\u0103 asigura c\u0103 lua\u021bi decizii corecte \u0219i informate, indiferent de nevoia imobiliar\u0103 pe care o ave\u021bi. \u00cel urm\u0103ri\u021bi, mai jos, pe Adrian Vasiu, Broker\/Owner RE\/MAX Grup de Lux, invitatul nostru \u00een cea mai nou\u0103 edi\u021bie a emisiunii <span style=\"color: #ff0000;\"><strong>imoExpert<\/strong><\/span>.<\/p>\n<p><iframe loading=\"lazy\" src=\"https:\/\/www.youtube.com\/embed\/D0RWCBBftbA\" width=\"560\" height=\"315\" frameborder=\"0\" allowfullscreen=\"allowfullscreen\"><\/iframe><\/p>\n<p><a class=\"article-body-links\"href=\"https:\/\/www.imobiliare.ro\/imoexpert\/tendinte-imobiliare-dupa-izolare-sfaturi-utile-incepand-din-15-mai-imoexpert_db\/\" target=\"_blank\" rel=\"noopener noreferrer\"><strong>URM\u0102RI\u021aI INTEGRAL CEA MAI NOU\u0102 EDI\u021aIE IMOEXPERT<\/strong><\/a><\/p>\n","protected":false},"excerpt":{"rendered":"<p>Perioda de izolare a luat sf\u00e2r\u0219it, iar la nivelul pie\u021bei imobiliare au ap\u0103rut deja primele semne de revenire. Rezultatele unui sondaj Imobiliare.ro arat\u0103 c\u0103 proprietari sunt acum dispu\u0219i s\u0103 fac\u0103 vizion\u0103ri. Cei mai mul\u021bi dintre ei vor s\u0103 colaboreze cu o agen\u021bie imobiliar\u0103 \u0219i se a\u0219teapt\u0103 s\u0103-\u0219i v\u00e2nd\u0103 locuin\u021bele \u00een cel mult trei luni. Cerere [&hellip;]<\/p>\n","protected":false},"author":5891,"featured_media":58768,"comment_status":"open","ping_status":"open","sticky":false,"template":"","format":"standard","meta":{"footnotes":""},"categories":[2455],"tags":[1934,616,1848,1549,1935],"content_author":[],"class_list":["post-58767","post","type-post","status-publish","format-standard","has-post-thumbnail","hentry","category-video","tag-adrian-vasiu","tag-chiriasi-2","tag-emisiune-imoexpert","tag-proprietari","tag-re-max-grup-de-lux"],"yoast_head":"<!-- This site is optimized with the Yoast SEO Premium plugin v27.0 (Yoast SEO v27.0) - https:\/\/yoast.com\/product\/yoast-seo-premium-wordpress\/ -->\n<title>Ai ie\u0219it din izolare. Ce faci dac\u0103 ai o nevoie imobiliar\u0103? Sfaturile specialistului - VIDEO - Video - ImoExpert<\/title>\n<meta name=\"description\" content=\"Perioda de izolare a luat sf\u00e2r\u0219it, iar la nivelul pie\u021bei imobiliare au ap\u0103rut deja primele semne de revenire. Rezultatele unui sondaj Imobiliare.ro arat\u0103\" \/>\n<meta name=\"robots\" content=\"index, follow\" \/>\n<link rel=\"canonical\" href=\"https:\/\/www.imobiliare.ro\/imoexpert\/ai-iesit-din-izolare-ce-faci-daca-ai-o-nevoie-imobiliara-sfaturile-specialistului-video_db\/\" \/>\n<meta property=\"og:locale\" content=\"ro_RO\" \/>\n<meta property=\"og:type\" content=\"article\" \/>\n<meta property=\"og:title\" content=\"Ai ie\u0219it din izolare. Ce faci dac\u0103 ai o nevoie imobiliar\u0103? Sfaturile specialistului - VIDEO\" \/>\n<meta property=\"og:description\" content=\"Perioda de izolare a luat sf\u00e2r\u0219it, iar la nivelul pie\u021bei imobiliare au ap\u0103rut deja primele semne de revenire. Rezultatele unui sondaj Imobiliare.ro arat\u0103\" \/>\n<meta property=\"og:url\" content=\"https:\/\/www.imobiliare.ro\/imoexpert\/ai-iesit-din-izolare-ce-faci-daca-ai-o-nevoie-imobiliara-sfaturile-specialistului-video_db\/\" \/>\n<meta property=\"og:site_name\" content=\"ImoExpert\" \/>\n<meta property=\"article:published_time\" content=\"2020-05-22T08:16:55+00:00\" \/>\n<meta property=\"og:image\" content=\"https:\/\/www.imobiliare.ro\/imoexpert\/wp-content\/uploads\/2020\/05\/studiu-imobiliare.jpg\" \/>\n\t<meta property=\"og:image:width\" content=\"800\" \/>\n\t<meta property=\"og:image:height\" content=\"533\" \/>\n\t<meta property=\"og:image:type\" content=\"image\/jpeg\" \/>\n<meta name=\"author\" content=\"Corina V\u00e2rlan\" \/>\n<meta name=\"twitter:card\" content=\"summary_large_image\" \/>\n<meta name=\"twitter:label1\" content=\"Written by\" \/>\n\t<meta name=\"twitter:data1\" content=\"Corina V\u00e2rlan\" \/>\n\t<meta name=\"twitter:label2\" content=\"Est. reading time\" \/>\n\t<meta name=\"twitter:data2\" content=\"1 minut\" \/>\n<script type=\"application\/ld+json\" class=\"yoast-schema-graph\">{\"@context\":\"https:\/\/schema.org\",\"@graph\":[{\"@type\":\"Article\",\"@id\":\"https:\/\/www.imobiliare.ro\/imoexpert\/ai-iesit-din-izolare-ce-faci-daca-ai-o-nevoie-imobiliara-sfaturile-specialistului-video_db\/#article\",\"isPartOf\":{\"@id\":\"https:\/\/www.imobiliare.ro\/imoexpert\/ai-iesit-din-izolare-ce-faci-daca-ai-o-nevoie-imobiliara-sfaturile-specialistului-video_db\/\"},\"author\":{\"name\":\"Corina V\u00e2rlan\",\"@id\":\"https:\/\/www.imobiliare.ro\/imoexpert\/#\/schema\/person\/9ffdfbf24b82f39fc75a2fc6c19e4e99\"},\"headline\":\"Ai ie\u0219it din izolare. Ce faci dac\u0103 ai o nevoie imobiliar\u0103? Sfaturile specialistului &#8211; VIDEO\",\"datePublished\":\"2020-05-22T08:16:55+00:00\",\"mainEntityOfPage\":{\"@id\":\"https:\/\/www.imobiliare.ro\/imoexpert\/ai-iesit-din-izolare-ce-faci-daca-ai-o-nevoie-imobiliara-sfaturile-specialistului-video_db\/\"},\"wordCount\":207,\"commentCount\":0,\"publisher\":{\"@id\":\"https:\/\/www.imobiliare.ro\/imoexpert\/#organization\"},\"image\":{\"@id\":\"https:\/\/www.imobiliare.ro\/imoexpert\/ai-iesit-din-izolare-ce-faci-daca-ai-o-nevoie-imobiliara-sfaturile-specialistului-video_db\/#primaryimage\"},\"thumbnailUrl\":\"https:\/\/www.imobiliare.ro\/imoexpert\/wp-content\/uploads\/2020\/05\/studiu-imobiliare.jpg\",\"keywords\":[\"Adrian Vasiu\",\"chiriasi\",\"emisiune imoExpert\",\"Proprietari\",\"RE\/MAX Grup de Lux\"],\"articleSection\":[\"Video\"],\"inLanguage\":\"en\",\"potentialAction\":[{\"@type\":\"CommentAction\",\"name\":\"Comment\",\"target\":[\"https:\/\/www.imobiliare.ro\/imoexpert\/ai-iesit-din-izolare-ce-faci-daca-ai-o-nevoie-imobiliara-sfaturile-specialistului-video_db\/#respond\"]}],\"copyrightYear\":\"2020\",\"copyrightHolder\":{\"@id\":\"https:\/\/www.imobiliare.ro\/imoexpert\/#organization\"}},{\"@type\":\"WebPage\",\"@id\":\"https:\/\/www.imobiliare.ro\/imoexpert\/ai-iesit-din-izolare-ce-faci-daca-ai-o-nevoie-imobiliara-sfaturile-specialistului-video_db\/\",\"url\":\"https:\/\/www.imobiliare.ro\/imoexpert\/ai-iesit-din-izolare-ce-faci-daca-ai-o-nevoie-imobiliara-sfaturile-specialistului-video_db\/\",\"name\":\"Ai ie\u0219it din izolare. Ce faci dac\u0103 ai o nevoie imobiliar\u0103? Sfaturile specialistului - VIDEO - Video - ImoExpert\",\"isPartOf\":{\"@id\":\"https:\/\/www.imobiliare.ro\/imoexpert\/#website\"},\"primaryImageOfPage\":{\"@id\":\"https:\/\/www.imobiliare.ro\/imoexpert\/ai-iesit-din-izolare-ce-faci-daca-ai-o-nevoie-imobiliara-sfaturile-specialistului-video_db\/#primaryimage\"},\"image\":{\"@id\":\"https:\/\/www.imobiliare.ro\/imoexpert\/ai-iesit-din-izolare-ce-faci-daca-ai-o-nevoie-imobiliara-sfaturile-specialistului-video_db\/#primaryimage\"},\"thumbnailUrl\":\"https:\/\/www.imobiliare.ro\/imoexpert\/wp-content\/uploads\/2020\/05\/studiu-imobiliare.jpg\",\"datePublished\":\"2020-05-22T08:16:55+00:00\",\"description\":\"Perioda de izolare a luat sf\u00e2r\u0219it, iar la nivelul pie\u021bei imobiliare au ap\u0103rut deja primele semne de revenire. Rezultatele unui sondaj Imobiliare.ro arat\u0103\",\"breadcrumb\":{\"@id\":\"https:\/\/www.imobiliare.ro\/imoexpert\/ai-iesit-din-izolare-ce-faci-daca-ai-o-nevoie-imobiliara-sfaturile-specialistului-video_db\/#breadcrumb\"},\"inLanguage\":\"en\",\"potentialAction\":[{\"@type\":\"ReadAction\",\"target\":[\"https:\/\/www.imobiliare.ro\/imoexpert\/ai-iesit-din-izolare-ce-faci-daca-ai-o-nevoie-imobiliara-sfaturile-specialistului-video_db\/\"]}]},{\"@type\":\"ImageObject\",\"inLanguage\":\"en\",\"@id\":\"https:\/\/www.imobiliare.ro\/imoexpert\/ai-iesit-din-izolare-ce-faci-daca-ai-o-nevoie-imobiliara-sfaturile-specialistului-video_db\/#primaryimage\",\"url\":\"https:\/\/www.imobiliare.ro\/imoexpert\/wp-content\/uploads\/2020\/05\/studiu-imobiliare.jpg\",\"contentUrl\":\"https:\/\/www.imobiliare.ro\/imoexpert\/wp-content\/uploads\/2020\/05\/studiu-imobiliare.jpg\",\"width\":800,\"height\":533},{\"@type\":\"BreadcrumbList\",\"@id\":\"https:\/\/www.imobiliare.ro\/imoexpert\/ai-iesit-din-izolare-ce-faci-daca-ai-o-nevoie-imobiliara-sfaturile-specialistului-video_db\/#breadcrumb\",\"itemListElement\":[{\"@type\":\"ListItem\",\"position\":1,\"name\":\"Imoradar24\",\"item\":\"https:\/\/www.imoradar24.ro\"},{\"@type\":\"ListItem\",\"position\":2,\"name\":\"ImoExpert\",\"item\":\"https:\/\/www.imobiliare.ro\/imoexpert\/\"},{\"@type\":\"ListItem\",\"position\":3,\"name\":\"Sfaturi\",\"item\":\"https:\/\/www.imobiliare.ro\/imoexpert\/ghid-imobiliar\/\"},{\"@type\":\"ListItem\",\"position\":4,\"name\":\"Ai ie\u0219it din izolare. Ce faci dac\u0103 ai o nevoie imobiliar\u0103? Sfaturile specialistului &#8211; VIDEO\"}]},{\"@type\":\"WebSite\",\"@id\":\"https:\/\/www.imobiliare.ro\/imoexpert\/#website\",\"url\":\"https:\/\/www.imobiliare.ro\/imoexpert\/\",\"name\":\"ImoExpert\",\"description\":\"cele mai importante \u015ftiri din domeniul imobiliar\",\"publisher\":{\"@id\":\"https:\/\/www.imobiliare.ro\/imoexpert\/#organization\"},\"inLanguage\":\"en\"},{\"@type\":\"Organization\",\"@id\":\"https:\/\/www.imobiliare.ro\/imoexpert\/#organization\",\"name\":\"Imobiliare.ro\",\"alternateName\":\"Realmedia Network SA\",\"url\":\"https:\/\/www.imobiliare.ro\/imoexpert\/\",\"logo\":{\"@type\":\"ImageObject\",\"inLanguage\":\"en\",\"@id\":\"https:\/\/www.imobiliare.ro\/imoexpert\/#\/schema\/logo\/image\/\",\"url\":\"https:\/\/www.imobiliare.ro\/imoexpert\/wp-content\/uploads\/2025\/05\/imobiliare_logo.png\",\"contentUrl\":\"https:\/\/www.imobiliare.ro\/imoexpert\/wp-content\/uploads\/2025\/05\/imobiliare_logo.png\",\"width\":237,\"height\":29,\"caption\":\"Imobiliare.ro\"},\"image\":{\"@id\":\"https:\/\/www.imobiliare.ro\/imoexpert\/#\/schema\/logo\/image\/\"}},{\"@type\":\"Person\",\"@id\":\"https:\/\/www.imobiliare.ro\/imoexpert\/#\/schema\/person\/9ffdfbf24b82f39fc75a2fc6c19e4e99\",\"name\":\"Corina V\u00e2rlan\",\"image\":{\"@type\":\"ImageObject\",\"inLanguage\":\"en\",\"@id\":\"https:\/\/www.imobiliare.ro\/imoexpert\/#\/schema\/person\/image\/\",\"url\":\"https:\/\/www.imobiliare.ro\/imoexpert\/wp-content\/uploads\/2026\/02\/12-02-2025-5-rezumat-brasov-thumb-reels-1-1-96x96.png\",\"contentUrl\":\"https:\/\/www.imobiliare.ro\/imoexpert\/wp-content\/uploads\/2026\/02\/12-02-2025-5-rezumat-brasov-thumb-reels-1-1-96x96.png\",\"caption\":\"Corina V\u00e2rlan\"},\"description\":\"Cu o experien\u021b\u0103 de 14 ani \u00een presa online, comunicare \u0219i content marketing, Corina V\u00e2rlan s-a al\u0103turat echipei Imobiliare.ro \u00een urm\u0103 cu 8 ani \u0219i ocup\u0103, \u00een prezent, func\u021bia de Content Manager. Ea este gazda emisiunii \\\"\u00centreab\u0103 expertul\\\" \u0219i a seriei 5 \u0218tiri Imobiliare.ro, realizate \u00een parteneriat cu Libertatea. Corina \u00ee\u0219i concentreaz\u0103 activitatea pe analiza datelor de pia\u021b\u0103 \u0219i pe subiecte de interes at\u00e2t pentru cei afla\u021bi \u00een c\u0103utarea unei locuin\u021be, c\u00e2t \u0219i pentru proprietari sau chiria\u0219i.\",\"alternateName\":\"Corina\",\"jobTitle\":\"Content Manager\",\"url\":\"https:\/\/www.imobiliare.ro\/imoexpert\/author\/corina-varlan\/\"}]}<\/script>\n<!-- \/ Yoast SEO Premium plugin. -->","yoast_head_json":{"title":"Ai ie\u0219it din izolare. Ce faci dac\u0103 ai o nevoie imobiliar\u0103? Sfaturile specialistului - VIDEO - Video - ImoExpert","description":"Perioda de izolare a luat sf\u00e2r\u0219it, iar la nivelul pie\u021bei imobiliare au ap\u0103rut deja primele semne de revenire. Rezultatele unui sondaj Imobiliare.ro arat\u0103","robots":{"index":"index","follow":"follow"},"canonical":"https:\/\/www.imobiliare.ro\/imoexpert\/ai-iesit-din-izolare-ce-faci-daca-ai-o-nevoie-imobiliara-sfaturile-specialistului-video_db\/","og_locale":"ro_RO","og_type":"article","og_title":"Ai ie\u0219it din izolare. Ce faci dac\u0103 ai o nevoie imobiliar\u0103? Sfaturile specialistului - VIDEO","og_description":"Perioda de izolare a luat sf\u00e2r\u0219it, iar la nivelul pie\u021bei imobiliare au ap\u0103rut deja primele semne de revenire. Rezultatele unui sondaj Imobiliare.ro arat\u0103","og_url":"https:\/\/www.imobiliare.ro\/imoexpert\/ai-iesit-din-izolare-ce-faci-daca-ai-o-nevoie-imobiliara-sfaturile-specialistului-video_db\/","og_site_name":"ImoExpert","article_published_time":"2020-05-22T08:16:55+00:00","og_image":[{"width":800,"height":533,"url":"https:\/\/www.imobiliare.ro\/imoexpert\/wp-content\/uploads\/2020\/05\/studiu-imobiliare.jpg","type":"image\/jpeg"}],"author":"Corina V\u00e2rlan","twitter_card":"summary_large_image","twitter_misc":{"Written by":"Corina V\u00e2rlan","Est. reading time":"1 minut"},"schema":{"@context":"https:\/\/schema.org","@graph":[{"@type":"Article","@id":"https:\/\/www.imobiliare.ro\/imoexpert\/ai-iesit-din-izolare-ce-faci-daca-ai-o-nevoie-imobiliara-sfaturile-specialistului-video_db\/#article","isPartOf":{"@id":"https:\/\/www.imobiliare.ro\/imoexpert\/ai-iesit-din-izolare-ce-faci-daca-ai-o-nevoie-imobiliara-sfaturile-specialistului-video_db\/"},"author":{"name":"Corina V\u00e2rlan","@id":"https:\/\/www.imobiliare.ro\/imoexpert\/#\/schema\/person\/9ffdfbf24b82f39fc75a2fc6c19e4e99"},"headline":"Ai ie\u0219it din izolare. Ce faci dac\u0103 ai o nevoie imobiliar\u0103? Sfaturile specialistului &#8211; VIDEO","datePublished":"2020-05-22T08:16:55+00:00","mainEntityOfPage":{"@id":"https:\/\/www.imobiliare.ro\/imoexpert\/ai-iesit-din-izolare-ce-faci-daca-ai-o-nevoie-imobiliara-sfaturile-specialistului-video_db\/"},"wordCount":207,"commentCount":0,"publisher":{"@id":"https:\/\/www.imobiliare.ro\/imoexpert\/#organization"},"image":{"@id":"https:\/\/www.imobiliare.ro\/imoexpert\/ai-iesit-din-izolare-ce-faci-daca-ai-o-nevoie-imobiliara-sfaturile-specialistului-video_db\/#primaryimage"},"thumbnailUrl":"https:\/\/www.imobiliare.ro\/imoexpert\/wp-content\/uploads\/2020\/05\/studiu-imobiliare.jpg","keywords":["Adrian Vasiu","chiriasi","emisiune imoExpert","Proprietari","RE\/MAX Grup de Lux"],"articleSection":["Video"],"inLanguage":"en","potentialAction":[{"@type":"CommentAction","name":"Comment","target":["https:\/\/www.imobiliare.ro\/imoexpert\/ai-iesit-din-izolare-ce-faci-daca-ai-o-nevoie-imobiliara-sfaturile-specialistului-video_db\/#respond"]}],"copyrightYear":"2020","copyrightHolder":{"@id":"https:\/\/www.imobiliare.ro\/imoexpert\/#organization"}},{"@type":"WebPage","@id":"https:\/\/www.imobiliare.ro\/imoexpert\/ai-iesit-din-izolare-ce-faci-daca-ai-o-nevoie-imobiliara-sfaturile-specialistului-video_db\/","url":"https:\/\/www.imobiliare.ro\/imoexpert\/ai-iesit-din-izolare-ce-faci-daca-ai-o-nevoie-imobiliara-sfaturile-specialistului-video_db\/","name":"Ai ie\u0219it din izolare. Ce faci dac\u0103 ai o nevoie imobiliar\u0103? Sfaturile specialistului - VIDEO - Video - ImoExpert","isPartOf":{"@id":"https:\/\/www.imobiliare.ro\/imoexpert\/#website"},"primaryImageOfPage":{"@id":"https:\/\/www.imobiliare.ro\/imoexpert\/ai-iesit-din-izolare-ce-faci-daca-ai-o-nevoie-imobiliara-sfaturile-specialistului-video_db\/#primaryimage"},"image":{"@id":"https:\/\/www.imobiliare.ro\/imoexpert\/ai-iesit-din-izolare-ce-faci-daca-ai-o-nevoie-imobiliara-sfaturile-specialistului-video_db\/#primaryimage"},"thumbnailUrl":"https:\/\/www.imobiliare.ro\/imoexpert\/wp-content\/uploads\/2020\/05\/studiu-imobiliare.jpg","datePublished":"2020-05-22T08:16:55+00:00","description":"Perioda de izolare a luat sf\u00e2r\u0219it, iar la nivelul pie\u021bei imobiliare au ap\u0103rut deja primele semne de revenire. Rezultatele unui sondaj Imobiliare.ro arat\u0103","breadcrumb":{"@id":"https:\/\/www.imobiliare.ro\/imoexpert\/ai-iesit-din-izolare-ce-faci-daca-ai-o-nevoie-imobiliara-sfaturile-specialistului-video_db\/#breadcrumb"},"inLanguage":"en","potentialAction":[{"@type":"ReadAction","target":["https:\/\/www.imobiliare.ro\/imoexpert\/ai-iesit-din-izolare-ce-faci-daca-ai-o-nevoie-imobiliara-sfaturile-specialistului-video_db\/"]}]},{"@type":"ImageObject","inLanguage":"en","@id":"https:\/\/www.imobiliare.ro\/imoexpert\/ai-iesit-din-izolare-ce-faci-daca-ai-o-nevoie-imobiliara-sfaturile-specialistului-video_db\/#primaryimage","url":"https:\/\/www.imobiliare.ro\/imoexpert\/wp-content\/uploads\/2020\/05\/studiu-imobiliare.jpg","contentUrl":"https:\/\/www.imobiliare.ro\/imoexpert\/wp-content\/uploads\/2020\/05\/studiu-imobiliare.jpg","width":800,"height":533},{"@type":"BreadcrumbList","@id":"https:\/\/www.imobiliare.ro\/imoexpert\/ai-iesit-din-izolare-ce-faci-daca-ai-o-nevoie-imobiliara-sfaturile-specialistului-video_db\/#breadcrumb","itemListElement":[{"@type":"ListItem","position":1,"name":"Imoradar24","item":"https:\/\/www.imoradar24.ro"},{"@type":"ListItem","position":2,"name":"ImoExpert","item":"https:\/\/www.imobiliare.ro\/imoexpert\/"},{"@type":"ListItem","position":3,"name":"Sfaturi","item":"https:\/\/www.imobiliare.ro\/imoexpert\/ghid-imobiliar\/"},{"@type":"ListItem","position":4,"name":"Ai ie\u0219it din izolare. Ce faci dac\u0103 ai o nevoie imobiliar\u0103? Sfaturile specialistului &#8211; VIDEO"}]},{"@type":"WebSite","@id":"https:\/\/www.imobiliare.ro\/imoexpert\/#website","url":"https:\/\/www.imobiliare.ro\/imoexpert\/","name":"ImoExpert","description":"cele mai importante \u015ftiri din domeniul imobiliar","publisher":{"@id":"https:\/\/www.imobiliare.ro\/imoexpert\/#organization"},"inLanguage":"en"},{"@type":"Organization","@id":"https:\/\/www.imobiliare.ro\/imoexpert\/#organization","name":"Imobiliare.ro","alternateName":"Realmedia Network SA","url":"https:\/\/www.imobiliare.ro\/imoexpert\/","logo":{"@type":"ImageObject","inLanguage":"en","@id":"https:\/\/www.imobiliare.ro\/imoexpert\/#\/schema\/logo\/image\/","url":"https:\/\/www.imobiliare.ro\/imoexpert\/wp-content\/uploads\/2025\/05\/imobiliare_logo.png","contentUrl":"https:\/\/www.imobiliare.ro\/imoexpert\/wp-content\/uploads\/2025\/05\/imobiliare_logo.png","width":237,"height":29,"caption":"Imobiliare.ro"},"image":{"@id":"https:\/\/www.imobiliare.ro\/imoexpert\/#\/schema\/logo\/image\/"}},{"@type":"Person","@id":"https:\/\/www.imobiliare.ro\/imoexpert\/#\/schema\/person\/9ffdfbf24b82f39fc75a2fc6c19e4e99","name":"Corina V\u00e2rlan","image":{"@type":"ImageObject","inLanguage":"en","@id":"https:\/\/www.imobiliare.ro\/imoexpert\/#\/schema\/person\/image\/","url":"https:\/\/www.imobiliare.ro\/imoexpert\/wp-content\/uploads\/2026\/02\/12-02-2025-5-rezumat-brasov-thumb-reels-1-1-96x96.png","contentUrl":"https:\/\/www.imobiliare.ro\/imoexpert\/wp-content\/uploads\/2026\/02\/12-02-2025-5-rezumat-brasov-thumb-reels-1-1-96x96.png","caption":"Corina V\u00e2rlan"},"description":"Cu o experien\u021b\u0103 de 14 ani \u00een presa online, comunicare \u0219i content marketing, Corina V\u00e2rlan s-a al\u0103turat echipei Imobiliare.ro \u00een urm\u0103 cu 8 ani \u0219i ocup\u0103, \u00een prezent, func\u021bia de Content Manager. Ea este gazda emisiunii \"\u00centreab\u0103 expertul\" \u0219i a seriei 5 \u0218tiri Imobiliare.ro, realizate \u00een parteneriat cu Libertatea. Corina \u00ee\u0219i concentreaz\u0103 activitatea pe analiza datelor de pia\u021b\u0103 \u0219i pe subiecte de interes at\u00e2t pentru cei afla\u021bi \u00een c\u0103utarea unei locuin\u021be, c\u00e2t \u0219i pentru proprietari sau chiria\u0219i.","alternateName":"Corina","jobTitle":"Content Manager","url":"https:\/\/www.imobiliare.ro\/imoexpert\/author\/corina-varlan\/"}]}},"_links":{"self":[{"href":"https:\/\/www.imobiliare.ro\/imoexpert\/wp-json\/wp\/v2\/posts\/58767","targetHints":{"allow":["GET"]}}],"collection":[{"href":"https:\/\/www.imobiliare.ro\/imoexpert\/wp-json\/wp\/v2\/posts"}],"about":[{"href":"https:\/\/www.imobiliare.ro\/imoexpert\/wp-json\/wp\/v2\/types\/post"}],"author":[{"embeddable":true,"href":"https:\/\/www.imobiliare.ro\/imoexpert\/wp-json\/wp\/v2\/users\/5891"}],"replies":[{"embeddable":true,"href":"https:\/\/www.imobiliare.ro\/imoexpert\/wp-json\/wp\/v2\/comments?post=58767"}],"version-history":[{"count":0,"href":"https:\/\/www.imobiliare.ro\/imoexpert\/wp-json\/wp\/v2\/posts\/58767\/revisions"}],"wp:featuredmedia":[{"embeddable":true,"href":"https:\/\/www.imobiliare.ro\/imoexpert\/wp-json\/wp\/v2\/media\/58768"}],"wp:attachment":[{"href":"https:\/\/www.imobiliare.ro\/imoexpert\/wp-json\/wp\/v2\/media?parent=58767"}],"wp:term":[{"taxonomy":"category","embeddable":true,"href":"https:\/\/www.imobiliare.ro\/imoexpert\/wp-json\/wp\/v2\/categories?post=58767"},{"taxonomy":"post_tag","embeddable":true,"href":"https:\/\/www.imobiliare.ro\/imoexpert\/wp-json\/wp\/v2\/tags?post=58767"},{"taxonomy":"content_author","embeddable":true,"href":"https:\/\/www.imobiliare.ro\/imoexpert\/wp-json\/wp\/v2\/content_author?post=58767"}],"curies":[{"name":"wp","href":"https:\/\/api.w.org\/{rel}","templated":true}]}}