{"id":58883,"date":"2020-06-02T18:20:45","date_gmt":"2020-06-02T15:20:45","guid":{"rendered":"https:\/\/www.imobiliare.ro\/imoexpert\/?p=58883"},"modified":"2020-06-02T18:20:45","modified_gmt":"2020-06-02T15:20:45","slug":"te-poti-muta-oriunde-casa-mobila-o-optiune-si-pentru-romani-vezi-cat-costa-si-cum-arata","status":"publish","type":"post","link":"https:\/\/www.imobiliare.ro\/imoexpert\/te-poti-muta-oriunde-casa-mobila-o-optiune-si-pentru-romani-vezi-cat-costa-si-cum-arata_db\/","title":{"rendered":"Te po\u021bi muta oriunde: casa mobil\u0103, o op\u021biune \u0219i pentru rom\u00e2ni! Vezi c\u00e2t cost\u0103 \u0219i cum arat\u0103"},"content":{"rendered":"<p><a class=\"article-body-links\"href=\"https:\/\/www.imobiliare.ro\/imoexpert\/wp-content\/uploads\/2020\/06\/Casa-mobila-o-optiune-si-pentru-romani-4.jpg\"><img loading=\"lazy\" decoding=\"async\" src=\"https:\/\/www.imobiliare.ro\/imoexpert\/wp-content\/uploads\/2020\/06\/Casa-mobila-o-optiune-si-pentru-romani-4.jpg\" alt=\"\" width=\"800\" height=\"533\" class=\"aligncenter size-full wp-image-58884\" srcset=\"https:\/\/www.imobiliare.ro\/imoexpert\/wp-content\/uploads\/2020\/06\/Casa-mobila-o-optiune-si-pentru-romani-4.jpg 800w, https:\/\/www.imobiliare.ro\/imoexpert\/wp-content\/uploads\/2020\/06\/Casa-mobila-o-optiune-si-pentru-romani-4-300x200.jpg 300w, https:\/\/www.imobiliare.ro\/imoexpert\/wp-content\/uploads\/2020\/06\/Casa-mobila-o-optiune-si-pentru-romani-4-768x512.jpg 768w\" sizes=\"auto, (max-width: 800px) 100vw, 800px\" \/><\/a><\/p>\n<div id=\"ez-toc-container\" class=\"ez-toc-v2_0_81 counter-hierarchy ez-toc-counter ez-toc-grey ez-toc-container-direction\">\n<p class=\"ez-toc-title\" style=\"cursor:inherit\">Table of Contents<\/p>\n<label for=\"ez-toc-cssicon-toggle-item-69f1b49ad5040\" class=\"ez-toc-cssicon-toggle-label\"><span class=\"ez-toc-cssicon\"><span class=\"eztoc-hide\" style=\"display:none;\">Toggle<\/span><span class=\"ez-toc-icon-toggle-span\"><svg style=\"fill: #999;color:#999\" xmlns=\"http:\/\/www.w3.org\/2000\/svg\" class=\"list-377408\" width=\"20px\" height=\"20px\" viewBox=\"0 0 24 24\" fill=\"none\"><path d=\"M6 6H4v2h2V6zm14 0H8v2h12V6zM4 11h2v2H4v-2zm16 0H8v2h12v-2zM4 16h2v2H4v-2zm16 0H8v2h12v-2z\" fill=\"currentColor\"><\/path><\/svg><svg style=\"fill: #999;color:#999\" class=\"arrow-unsorted-368013\" xmlns=\"http:\/\/www.w3.org\/2000\/svg\" width=\"10px\" height=\"10px\" viewBox=\"0 0 24 24\" version=\"1.2\" baseProfile=\"tiny\"><path d=\"M18.2 9.3l-6.2-6.3-6.2 6.3c-.2.2-.3.4-.3.7s.1.5.3.7c.2.2.4.3.7.3h11c.3 0 .5-.1.7-.3.2-.2.3-.5.3-.7s-.1-.5-.3-.7zM5.8 14.7l6.2 6.3 6.2-6.3c.2-.2.3-.5.3-.7s-.1-.5-.3-.7c-.2-.2-.4-.3-.7-.3h-11c-.3 0-.5.1-.7.3-.2.2-.3.5-.3.7s.1.5.3.7z\"\/><\/svg><\/span><\/span><\/label><input type=\"checkbox\"  id=\"ez-toc-cssicon-toggle-item-69f1b49ad5040\"  aria-label=\"Toggle\" \/><nav><ul class='ez-toc-list ez-toc-list-level-1 ' ><li class='ez-toc-page-1 ez-toc-heading-level-2'><a class=\"ez-toc-link ez-toc-heading-1\" href=\"https:\/\/www.imobiliare.ro\/imoexpert\/te-poti-muta-oriunde-casa-mobila-o-optiune-si-pentru-romani-vezi-cat-costa-si-cum-arata_db\/#Amenajata_in_stil_scandinav_acest_gen_de_constructie_se_preteaza_nu_doar_pentru_o_locuinta_de_vacanta_ci_si_de_ce_nu_pentru_una_permanenta\" >Amenajat\u0103 \u00een stil scandinav, acest gen de construc\u021bie se preteaz\u0103 nu doar pentru o locuin\u021b\u0103 de vacan\u021b\u0103, ci \u0219i, de ce nu, pentru una permanent\u0103.<\/a><\/li><li class='ez-toc-page-1 ez-toc-heading-level-2'><a class=\"ez-toc-link ez-toc-heading-2\" href=\"https:\/\/www.imobiliare.ro\/imoexpert\/te-poti-muta-oriunde-casa-mobila-o-optiune-si-pentru-romani-vezi-cat-costa-si-cum-arata_db\/#O_%E2%80%9Emutare%E2%80%9D_echivalenta_cu_pretul_unui_apartament\" >O \u201emutare\u201d echivalent\u0103 cu pre\u021bul unui apartament<\/a><\/li><li class='ez-toc-page-1 ez-toc-heading-level-2'><a class=\"ez-toc-link ez-toc-heading-3\" href=\"https:\/\/www.imobiliare.ro\/imoexpert\/te-poti-muta-oriunde-casa-mobila-o-optiune-si-pentru-romani-vezi-cat-costa-si-cum-arata_db\/#Constructie_pe_structura_metalica\" >Construc\u021bie pe structur\u0103 metalic\u0103<\/a><\/li><li class='ez-toc-page-1 ez-toc-heading-level-2'><a class=\"ez-toc-link ez-toc-heading-4\" href=\"https:\/\/www.imobiliare.ro\/imoexpert\/te-poti-muta-oriunde-casa-mobila-o-optiune-si-pentru-romani-vezi-cat-costa-si-cum-arata_db\/#Casa_viitorului\" >Casa viitorului?<\/a><\/li><\/ul><\/nav><\/div>\n<h2><span class=\"ez-toc-section\" id=\"Amenajata_in_stil_scandinav_acest_gen_de_constructie_se_preteaza_nu_doar_pentru_o_locuinta_de_vacanta_ci_si_de_ce_nu_pentru_una_permanenta\"><\/span>Amenajat\u0103 \u00een stil scandinav, acest gen de construc\u021bie se preteaz\u0103 nu doar pentru o locuin\u021b\u0103 de vacan\u021b\u0103, ci \u0219i, de ce nu, pentru una permanent\u0103.<span class=\"ez-toc-section-end\"><\/span><\/h2>\n<p>\u00cen \u021b\u0103ri precum Statele Unite ale Americii, Canada sau Australia, casele mobile au devenit tot mai populare \u00een ultimii ani \u2013 \u0219i nu doar ca o variant\u0103 de locuire pe timpul vacan\u021bei, ci \u0219i ca locuin\u021be permanente. Pe fondul schimb\u0103rilor resim\u021bite \u00een ultimele luni \u00een toate domeniile vie\u021bii, asemenea locuin\u021be pot reprezenta o solu\u021bie cu at\u00e2t mai atractiv\u0103 pentru cei care \u0219i-ar dori s\u0103 locuiasc\u0103 la curte \u2013 dar, totodat\u0103, s\u0103 nu r\u0103m\u00e2n\u0103 \u201elega\u021bi\u201d de un loc anume.<\/p>\n<p>Vestea bun\u0103 pentru rom\u00e2ni este c\u0103, de\u0219i pia\u021ba rom\u00e2neasc\u0103 este, de regul\u0103, mai conservatoare \u00een materie de construc\u021bii, op\u021biunea de a achizi\u021biona o cas\u0103 mobil\u0103 a ap\u0103rut, recent, \u0219i la noi. Un asemenea produs este cel oferit de Reinventing Home: o locuin\u021b\u0103 (am putea spune) minimalist\u0103, cu o suprafa\u021b\u0103 construit\u0103 de 45 de metri p\u0103tra\u021bi \u0219i, respectiv, una util\u0103 de 40 de metri p\u0103tra\u021bi. <\/p>\n<blockquote><p>\u201eTr\u0103im \u00eentr-o er\u0103 din ce \u00een ce mai mobil\u0103 \u0219i ne dorim produse complete, care s\u0103 nu mai necesite interven\u021bii ulterioare sau mult\u0103 b\u0103taie de cap. Or, construirea unei case devine pentru unele persoane o mare provocare, \u00eencep\u00e2nd de la cump\u0103rarea materialelor \u0219i p\u00e2n\u0103 la g\u0103sirea celei mai potrivite echipe care s\u0103 pun\u0103 \u00een practic\u0103 visul numit CAS\u0102.\u201d <\/p>\n<p><strong>Alice Ionescu, Reinventing Home<\/strong><\/p><\/blockquote>\n<p>&nbsp;<\/p>\n<p><strong>Cite\u0219te \u0219i:<br \/>\n<a class=\"article-body-links\"href=\"https:\/\/www.imobiliare.ro\/imoexpert\/recalibrarea-nevoii-de-locuire-confort-sporit-suprafete-mai-mari-spatiu-exterior-si-facilitati-in-proximitate_db\/\">\u201eRecalibrarea\u201d nevoii de locuire: confort sporit, suprafe\u021be mai mari, spa\u021biu exterior \u0219i facilit\u0103\u021bi \u00een proximitate<\/a><\/strong><\/p>\n<p><a class=\"article-body-links\"href=\"https:\/\/www.imobiliare.ro\/imoexpert\/wp-content\/uploads\/2020\/06\/Casa-mobila-o-optiune-si-pentru-romani-2.jpg\"><img loading=\"lazy\" decoding=\"async\" src=\"https:\/\/www.imobiliare.ro\/imoexpert\/wp-content\/uploads\/2020\/06\/Casa-mobila-o-optiune-si-pentru-romani-2.jpg\" alt=\"\" width=\"800\" height=\"533\" class=\"aligncenter size-full wp-image-58887\" srcset=\"https:\/\/www.imobiliare.ro\/imoexpert\/wp-content\/uploads\/2020\/06\/Casa-mobila-o-optiune-si-pentru-romani-2.jpg 800w, https:\/\/www.imobiliare.ro\/imoexpert\/wp-content\/uploads\/2020\/06\/Casa-mobila-o-optiune-si-pentru-romani-2-300x200.jpg 300w, https:\/\/www.imobiliare.ro\/imoexpert\/wp-content\/uploads\/2020\/06\/Casa-mobila-o-optiune-si-pentru-romani-2-768x512.jpg 768w\" sizes=\"auto, (max-width: 800px) 100vw, 800px\" \/><\/a><br \/>\n<a class=\"article-body-links\"href=\"https:\/\/www.imobiliare.ro\/imoexpert\/wp-content\/uploads\/2020\/06\/Casa-mobila-o-optiune-si-pentru-romani-3.jpg\"><img loading=\"lazy\" decoding=\"async\" src=\"https:\/\/www.imobiliare.ro\/imoexpert\/wp-content\/uploads\/2020\/06\/Casa-mobila-o-optiune-si-pentru-romani-3.jpg\" alt=\"\" width=\"800\" height=\"600\" class=\"aligncenter size-full wp-image-58885\" srcset=\"https:\/\/www.imobiliare.ro\/imoexpert\/wp-content\/uploads\/2020\/06\/Casa-mobila-o-optiune-si-pentru-romani-3.jpg 800w, https:\/\/www.imobiliare.ro\/imoexpert\/wp-content\/uploads\/2020\/06\/Casa-mobila-o-optiune-si-pentru-romani-3-300x225.jpg 300w, https:\/\/www.imobiliare.ro\/imoexpert\/wp-content\/uploads\/2020\/06\/Casa-mobila-o-optiune-si-pentru-romani-3-768x576.jpg 768w\" sizes=\"auto, (max-width: 800px) 100vw, 800px\" \/><\/a><br \/>\n<a class=\"article-body-links\"href=\"https:\/\/www.imobiliare.ro\/imoexpert\/wp-content\/uploads\/2020\/06\/Casa-mobila-o-optiune-si-pentru-romani-5.jpg\"><img loading=\"lazy\" decoding=\"async\" src=\"https:\/\/www.imobiliare.ro\/imoexpert\/wp-content\/uploads\/2020\/06\/Casa-mobila-o-optiune-si-pentru-romani-5.jpg\" alt=\"\" width=\"800\" height=\"600\" class=\"aligncenter size-full wp-image-58886\" srcset=\"https:\/\/www.imobiliare.ro\/imoexpert\/wp-content\/uploads\/2020\/06\/Casa-mobila-o-optiune-si-pentru-romani-5.jpg 800w, https:\/\/www.imobiliare.ro\/imoexpert\/wp-content\/uploads\/2020\/06\/Casa-mobila-o-optiune-si-pentru-romani-5-300x225.jpg 300w, https:\/\/www.imobiliare.ro\/imoexpert\/wp-content\/uploads\/2020\/06\/Casa-mobila-o-optiune-si-pentru-romani-5-768x576.jpg 768w\" sizes=\"auto, (max-width: 800px) 100vw, 800px\" \/><\/a><\/p>\n<h2><span class=\"ez-toc-section\" id=\"O_%E2%80%9Emutare%E2%80%9D_echivalenta_cu_pretul_unui_apartament\"><\/span>O \u201emutare\u201d echivalent\u0103 cu pre\u021bul unui apartament<span class=\"ez-toc-section-end\"><\/span><\/h2>\n<p>Zona de zi a casei const\u0103 \u00eentr-un open space (ce include buc\u0103t\u0103ria, livingul \u0219i o zon\u0103 de dining), acesteia ad\u0103ug\u00e2ndu-i-se un dormitor, un loc suplimentar de dormit, plus o baie. F\u0103r\u0103 electrocasnice, mobilier \u0219i decora\u021biuni, pre\u021bul casei este de 34.000 de euro (inclusiv TVA), \u00een vreme ce, pentru varianta complet utilat\u0103, mobilat\u0103 \u0219i decorat\u0103, acesta ajunge la 42.000 de euro (inclusiv TVA).<\/p>\n<p>Potrivit reprezentantei companiei, Alice Ionescu, au existat clien\u021bi care s-au interesat de posibilitatea construirii unor case cu suprafe\u021be mai mari dec\u00e2t at\u00e2t. Acest concept este, \u00eens\u0103,  condi\u021bionat de dimensiunile standard de transport. \u201eDe asemenea, scopul nostru nu este s\u0103 facem case la comand\u0103 la loca\u021bia clientului. Pentru aceast\u0103 ni\u0219\u0103 sunt deja foarte mul\u021bi constructori care pot face asta cu succes\u201d, explic\u0103 aceasta.<\/p>\n<p>Dac\u0103 nu ai alt\u0103 solu\u021bie de \u201eparcare\u201d a casei \u0219i vrei s\u0103 te stabile\u0219ti \u00eentr-un loc mai retras, la aceast\u0103 sum\u0103 s-ar ad\u0103uga, desigur, \u0219i costul de achizi\u021bie pentru un teren \u2013 care poate ajunge, s\u0103 zicem, \u0219i la 10.000 de euro (de\u0219i \u00een marile ora\u0219e \u0219i \u00eemprejurimi pre\u021burile vor fi mai mari). Practic, asta ar \u00eensemna c\u0103 bugetul necesar pentru a face trecerea spre o cas\u0103 la curte ar fi echivalent celui solicitat pentru un apartament \u00een Bucure\u0219ti, respectiv 50.000-60.000 de euro.<\/p>\n<p><a class=\"article-body-links\"href=\"https:\/\/www.imobiliare.ro\/imoexpert\/wp-content\/uploads\/2020\/06\/Casa-mobila-o-optiune-si-pentru-romani-6.jpg\"><img loading=\"lazy\" decoding=\"async\" src=\"https:\/\/www.imobiliare.ro\/imoexpert\/wp-content\/uploads\/2020\/06\/Casa-mobila-o-optiune-si-pentru-romani-6.jpg\" alt=\"\" width=\"800\" height=\"533\" class=\"aligncenter size-full wp-image-58888\" srcset=\"https:\/\/www.imobiliare.ro\/imoexpert\/wp-content\/uploads\/2020\/06\/Casa-mobila-o-optiune-si-pentru-romani-6.jpg 800w, https:\/\/www.imobiliare.ro\/imoexpert\/wp-content\/uploads\/2020\/06\/Casa-mobila-o-optiune-si-pentru-romani-6-300x200.jpg 300w, https:\/\/www.imobiliare.ro\/imoexpert\/wp-content\/uploads\/2020\/06\/Casa-mobila-o-optiune-si-pentru-romani-6-768x512.jpg 768w\" sizes=\"auto, (max-width: 800px) 100vw, 800px\" \/><\/a><br \/>\n<a class=\"article-body-links\"href=\"https:\/\/www.imobiliare.ro\/imoexpert\/wp-content\/uploads\/2020\/06\/Casa-mobila-o-optiune-si-pentru-romani-11.jpg\"><img loading=\"lazy\" decoding=\"async\" src=\"https:\/\/www.imobiliare.ro\/imoexpert\/wp-content\/uploads\/2020\/06\/Casa-mobila-o-optiune-si-pentru-romani-11.jpg\" alt=\"\" width=\"800\" height=\"533\" class=\"aligncenter size-full wp-image-58889\" srcset=\"https:\/\/www.imobiliare.ro\/imoexpert\/wp-content\/uploads\/2020\/06\/Casa-mobila-o-optiune-si-pentru-romani-11.jpg 800w, https:\/\/www.imobiliare.ro\/imoexpert\/wp-content\/uploads\/2020\/06\/Casa-mobila-o-optiune-si-pentru-romani-11-300x200.jpg 300w, https:\/\/www.imobiliare.ro\/imoexpert\/wp-content\/uploads\/2020\/06\/Casa-mobila-o-optiune-si-pentru-romani-11-768x512.jpg 768w\" sizes=\"auto, (max-width: 800px) 100vw, 800px\" \/><\/a><br \/>\n<a class=\"article-body-links\"href=\"https:\/\/www.imobiliare.ro\/imoexpert\/wp-content\/uploads\/2020\/06\/Casa-mobila-o-optiune-si-pentru-romani-12.jpg\"><img loading=\"lazy\" decoding=\"async\" src=\"https:\/\/www.imobiliare.ro\/imoexpert\/wp-content\/uploads\/2020\/06\/Casa-mobila-o-optiune-si-pentru-romani-12.jpg\" alt=\"\" width=\"800\" height=\"600\" class=\"aligncenter size-full wp-image-58890\" srcset=\"https:\/\/www.imobiliare.ro\/imoexpert\/wp-content\/uploads\/2020\/06\/Casa-mobila-o-optiune-si-pentru-romani-12.jpg 800w, https:\/\/www.imobiliare.ro\/imoexpert\/wp-content\/uploads\/2020\/06\/Casa-mobila-o-optiune-si-pentru-romani-12-300x225.jpg 300w, https:\/\/www.imobiliare.ro\/imoexpert\/wp-content\/uploads\/2020\/06\/Casa-mobila-o-optiune-si-pentru-romani-12-768x576.jpg 768w\" sizes=\"auto, (max-width: 800px) 100vw, 800px\" \/><\/a><br \/>\n<a class=\"article-body-links\"href=\"https:\/\/www.imobiliare.ro\/imoexpert\/wp-content\/uploads\/2020\/06\/Casa-mobila-o-optiune-si-pentru-romani-8.jpg\"><img loading=\"lazy\" decoding=\"async\" src=\"https:\/\/www.imobiliare.ro\/imoexpert\/wp-content\/uploads\/2020\/06\/Casa-mobila-o-optiune-si-pentru-romani-8.jpg\" alt=\"\" width=\"800\" height=\"561\" class=\"aligncenter size-full wp-image-58891\" srcset=\"https:\/\/www.imobiliare.ro\/imoexpert\/wp-content\/uploads\/2020\/06\/Casa-mobila-o-optiune-si-pentru-romani-8.jpg 800w, https:\/\/www.imobiliare.ro\/imoexpert\/wp-content\/uploads\/2020\/06\/Casa-mobila-o-optiune-si-pentru-romani-8-300x210.jpg 300w, https:\/\/www.imobiliare.ro\/imoexpert\/wp-content\/uploads\/2020\/06\/Casa-mobila-o-optiune-si-pentru-romani-8-768x539.jpg 768w\" sizes=\"auto, (max-width: 800px) 100vw, 800px\" \/><\/a><\/p>\n<h2><span class=\"ez-toc-section\" id=\"Constructie_pe_structura_metalica\"><\/span>Construc\u021bie pe structur\u0103 metalic\u0103<span class=\"ez-toc-section-end\"><\/span><\/h2>\n<p>Casa celor de la Reinventing Home este construit\u0103 pe structur\u0103 metalic\u0103 (de 3,7 To), folosind pl\u0103ci presate din lemn, izola\u021bie interioar\u0103 cu spum\u0103 poliuretanic\u0103 (pentru pere\u021bi, tavan \u0219i podea), plus izola\u021bie exterioar\u0103 cu termosistem decorativ. Acoperi\u0219ul este realizat din panou tip sandwich (de opt centimetri), t\u00e2mpl\u0103ria este de la Salamander (clasa A), iar pere\u021bii interiori sunt din rigips (contribuind, astfel, la maximizarea suprafe\u021bei utile). <\/p>\n<p>La capitolul dot\u0103ri, locuin\u021ba dispune de caset\u0103 de conectare la re\u021belele de energie, ap\u0103 \u0219i canalizare, sistem de \u00eenc\u0103lzire prin pardoseal\u0103, boiler electric, aer condi\u021bionat, plit\u0103 \u0219i cuptor electrice, ma\u0219in\u0103 de sp\u0103lat, frigider, televizor etc. \u201eToate \u00eenc\u0103perile sunt complet utilate, mobilate \u0219i decorate, astfel \u00eenc\u00e2t proprietarii s\u0103-\u0219i aduc\u0103 doar obiectele personale \u0219i s\u0103 se mute din primul minut\u201d, precizeaz\u0103 reprezentanta companiei.<\/p>\n<blockquote><p>\u201e\u00cen construc\u021bia ei, am luat \u00een calcul c\u0103 poate fi o cas\u0103 permanent\u0103 de locuit \u0219i nu doar folosit\u0103 ca o cas\u0103 de vacan\u021b\u0103. Izola\u021bia \u0219i sistemul de \u00eenc\u0103lzire prin pardoseal\u0103 fac ca aceast\u0103 cas\u0103 s\u0103 poata fi locuit\u0103 tot timpul anului.\u201d<\/p>\n<p><strong>Alice Ionescu, Reinventing Home<\/strong><\/p><\/blockquote>\n<p>&nbsp;<\/p>\n<p><strong>Cite\u0219te \u0219i:<br \/>\n<a class=\"article-body-links\"href=\"https:\/\/www.imobiliare.ro\/imoexpert\/efectul-izolarii-interes-sporit-pentru-case-si-terenuri-vezi-preturile-din-zona-snagov_db\/\">Efectul izol\u0103rii: interes sporit pentru case \u0219i terenuri! Vezi pre\u021burile din zona Snagov<\/a><\/strong><\/p>\n<p><a class=\"article-body-links\"href=\"https:\/\/www.imobiliare.ro\/imoexpert\/wp-content\/uploads\/2020\/06\/Casa-mobila-o-optiune-si-pentru-romani-7.jpg\"><img loading=\"lazy\" decoding=\"async\" src=\"https:\/\/www.imobiliare.ro\/imoexpert\/wp-content\/uploads\/2020\/06\/Casa-mobila-o-optiune-si-pentru-romani-7.jpg\" alt=\"\" width=\"800\" height=\"533\" class=\"aligncenter size-full wp-image-58892\" srcset=\"https:\/\/www.imobiliare.ro\/imoexpert\/wp-content\/uploads\/2020\/06\/Casa-mobila-o-optiune-si-pentru-romani-7.jpg 800w, https:\/\/www.imobiliare.ro\/imoexpert\/wp-content\/uploads\/2020\/06\/Casa-mobila-o-optiune-si-pentru-romani-7-300x200.jpg 300w, https:\/\/www.imobiliare.ro\/imoexpert\/wp-content\/uploads\/2020\/06\/Casa-mobila-o-optiune-si-pentru-romani-7-768x512.jpg 768w\" sizes=\"auto, (max-width: 800px) 100vw, 800px\" \/><\/a><br \/>\n<a class=\"article-body-links\"href=\"https:\/\/www.imobiliare.ro\/imoexpert\/wp-content\/uploads\/2020\/06\/Casa-mobila-o-optiune-si-pentru-romani-9.jpg\"><img loading=\"lazy\" decoding=\"async\" src=\"https:\/\/www.imobiliare.ro\/imoexpert\/wp-content\/uploads\/2020\/06\/Casa-mobila-o-optiune-si-pentru-romani-9.jpg\" alt=\"\" width=\"800\" height=\"533\" class=\"aligncenter size-full wp-image-58893\" srcset=\"https:\/\/www.imobiliare.ro\/imoexpert\/wp-content\/uploads\/2020\/06\/Casa-mobila-o-optiune-si-pentru-romani-9.jpg 800w, https:\/\/www.imobiliare.ro\/imoexpert\/wp-content\/uploads\/2020\/06\/Casa-mobila-o-optiune-si-pentru-romani-9-300x200.jpg 300w, https:\/\/www.imobiliare.ro\/imoexpert\/wp-content\/uploads\/2020\/06\/Casa-mobila-o-optiune-si-pentru-romani-9-768x512.jpg 768w\" sizes=\"auto, (max-width: 800px) 100vw, 800px\" \/><\/a><br \/>\n<a class=\"article-body-links\"href=\"https:\/\/www.imobiliare.ro\/imoexpert\/wp-content\/uploads\/2020\/06\/Casa-mobila-o-optiune-si-pentru-romani-10.jpg\"><img loading=\"lazy\" decoding=\"async\" src=\"https:\/\/www.imobiliare.ro\/imoexpert\/wp-content\/uploads\/2020\/06\/Casa-mobila-o-optiune-si-pentru-romani-10.jpg\" alt=\"\" width=\"800\" height=\"539\" class=\"aligncenter size-full wp-image-58894\" srcset=\"https:\/\/www.imobiliare.ro\/imoexpert\/wp-content\/uploads\/2020\/06\/Casa-mobila-o-optiune-si-pentru-romani-10.jpg 800w, https:\/\/www.imobiliare.ro\/imoexpert\/wp-content\/uploads\/2020\/06\/Casa-mobila-o-optiune-si-pentru-romani-10-300x202.jpg 300w, https:\/\/www.imobiliare.ro\/imoexpert\/wp-content\/uploads\/2020\/06\/Casa-mobila-o-optiune-si-pentru-romani-10-768x517.jpg 768w\" sizes=\"auto, (max-width: 800px) 100vw, 800px\" \/><\/a><\/p>\n<h2><span class=\"ez-toc-section\" id=\"Casa_viitorului\"><\/span>Casa viitorului?<span class=\"ez-toc-section-end\"><\/span><\/h2>\n<p>Dincolo de factorul pre\u021b \u2013 care poate fi considerat, \u0219i el, un avantaj, dup\u0103 cum am ar\u0103tat mai sus \u2013, un important avantaj al unei locuin\u021be de acest tip este, desigur, mobilitatea: faptul c\u0103, \u00een func\u021bie de schimb\u0103rile survenite \u00een via\u021ba ta, te po\u021bi muta, practic, oriunde (ai nevoie doar de un teren disponibil \u0219i de un aviz de amplasament). <\/p>\n<p>\u00cen al doilea r\u00e2nd, procesul de construc\u021bie \u0219i, chiar mai mult, cel de amenajare sunt u\u0219urate la maximum pentru clientul final \u2013 \u00eentruc\u00e2t produsul finit, mobilat \u0219i decorat, este livrat chiar la loca\u021bia aleas\u0103 de acesta, f\u0103r\u0103 alte \u201eb\u0103t\u0103i de cap\u201d. <\/p>\n<p>Nu \u00een ultimul r\u00e2nd, de men\u021bionat este c\u0103 o asemenea structur\u0103, compact\u0103 \u0219i ranforsat\u0103, ajunge s\u0103 fie, practic, antiseismic\u0103. <\/p>\n<blockquote><p>\u201eRom\u00e2nii sunt \u00eenc\u0103 destul de tradi\u021bionali\u0219ti [&#8230;]. \u00cens\u0103 avem r\u0103bdare, toate vin la timpul lor. \u0218tim c\u0103 este un produs genial \u0219i c\u0103 asta este casa viitorului.\u201d<\/p>\n<p><strong>Alice Ionescu, Reinventing Home<\/strong><\/p><\/blockquote>\n<p>&nbsp;<\/p>\n<p><a class=\"article-body-links\"href=\"https:\/\/www.imobiliare.ro\/imoexpert\/wp-content\/uploads\/2020\/06\/Casa-mobila-o-optiune-si-pentru-romani-13.jpg\"><img loading=\"lazy\" decoding=\"async\" src=\"https:\/\/www.imobiliare.ro\/imoexpert\/wp-content\/uploads\/2020\/06\/Casa-mobila-o-optiune-si-pentru-romani-13.jpg\" alt=\"\" width=\"800\" height=\"566\" class=\"aligncenter size-full wp-image-58895\" srcset=\"https:\/\/www.imobiliare.ro\/imoexpert\/wp-content\/uploads\/2020\/06\/Casa-mobila-o-optiune-si-pentru-romani-13.jpg 800w, https:\/\/www.imobiliare.ro\/imoexpert\/wp-content\/uploads\/2020\/06\/Casa-mobila-o-optiune-si-pentru-romani-13-300x212.jpg 300w, https:\/\/www.imobiliare.ro\/imoexpert\/wp-content\/uploads\/2020\/06\/Casa-mobila-o-optiune-si-pentru-romani-13-768x543.jpg 768w\" sizes=\"auto, (max-width: 800px) 100vw, 800px\" \/><\/a><br \/>\n<a class=\"article-body-links\"href=\"https:\/\/www.imobiliare.ro\/imoexpert\/wp-content\/uploads\/2020\/06\/Casa-mobila-o-optiune-si-pentru-romani-14.jpg\"><img loading=\"lazy\" decoding=\"async\" src=\"https:\/\/www.imobiliare.ro\/imoexpert\/wp-content\/uploads\/2020\/06\/Casa-mobila-o-optiune-si-pentru-romani-14.jpg\" alt=\"\" width=\"800\" height=\"545\" class=\"aligncenter size-full wp-image-58896\" srcset=\"https:\/\/www.imobiliare.ro\/imoexpert\/wp-content\/uploads\/2020\/06\/Casa-mobila-o-optiune-si-pentru-romani-14.jpg 800w, https:\/\/www.imobiliare.ro\/imoexpert\/wp-content\/uploads\/2020\/06\/Casa-mobila-o-optiune-si-pentru-romani-14-300x204.jpg 300w, https:\/\/www.imobiliare.ro\/imoexpert\/wp-content\/uploads\/2020\/06\/Casa-mobila-o-optiune-si-pentru-romani-14-768x523.jpg 768w\" sizes=\"auto, (max-width: 800px) 100vw, 800px\" \/><\/a><br \/>\n<a class=\"article-body-links\"href=\"https:\/\/www.imobiliare.ro\/imoexpert\/wp-content\/uploads\/2020\/06\/Casa-mobila-o-optiune-si-pentru-romani-15.jpg\"><img loading=\"lazy\" decoding=\"async\" src=\"https:\/\/www.imobiliare.ro\/imoexpert\/wp-content\/uploads\/2020\/06\/Casa-mobila-o-optiune-si-pentru-romani-15.jpg\" alt=\"\" width=\"800\" height=\"1200\" class=\"aligncenter size-full wp-image-58897\" srcset=\"https:\/\/www.imobiliare.ro\/imoexpert\/wp-content\/uploads\/2020\/06\/Casa-mobila-o-optiune-si-pentru-romani-15.jpg 800w, https:\/\/www.imobiliare.ro\/imoexpert\/wp-content\/uploads\/2020\/06\/Casa-mobila-o-optiune-si-pentru-romani-15-200x300.jpg 200w, https:\/\/www.imobiliare.ro\/imoexpert\/wp-content\/uploads\/2020\/06\/Casa-mobila-o-optiune-si-pentru-romani-15-683x1024.jpg 683w, https:\/\/www.imobiliare.ro\/imoexpert\/wp-content\/uploads\/2020\/06\/Casa-mobila-o-optiune-si-pentru-romani-15-768x1152.jpg 768w\" sizes=\"auto, (max-width: 800px) 100vw, 800px\" \/><\/a><br \/>\n<a class=\"article-body-links\"href=\"https:\/\/www.imobiliare.ro\/imoexpert\/wp-content\/uploads\/2020\/06\/Casa-mobila-o-optiune-si-pentru-romani-16.jpg\"><img loading=\"lazy\" decoding=\"async\" src=\"https:\/\/www.imobiliare.ro\/imoexpert\/wp-content\/uploads\/2020\/06\/Casa-mobila-o-optiune-si-pentru-romani-16.jpg\" alt=\"\" width=\"800\" height=\"600\" class=\"aligncenter size-full wp-image-58898\" srcset=\"https:\/\/www.imobiliare.ro\/imoexpert\/wp-content\/uploads\/2020\/06\/Casa-mobila-o-optiune-si-pentru-romani-16.jpg 800w, https:\/\/www.imobiliare.ro\/imoexpert\/wp-content\/uploads\/2020\/06\/Casa-mobila-o-optiune-si-pentru-romani-16-300x225.jpg 300w, https:\/\/www.imobiliare.ro\/imoexpert\/wp-content\/uploads\/2020\/06\/Casa-mobila-o-optiune-si-pentru-romani-16-768x576.jpg 768w\" sizes=\"auto, (max-width: 800px) 100vw, 800px\" \/><\/a><br \/>\n<a class=\"article-body-links\"href=\"https:\/\/www.imobiliare.ro\/imoexpert\/wp-content\/uploads\/2020\/06\/Casa-mobila-o-optiune-si-pentru-romani-17.jpg\"><img loading=\"lazy\" decoding=\"async\" src=\"https:\/\/www.imobiliare.ro\/imoexpert\/wp-content\/uploads\/2020\/06\/Casa-mobila-o-optiune-si-pentru-romani-17.jpg\" alt=\"\" width=\"800\" height=\"1200\" class=\"aligncenter size-full wp-image-58899\" srcset=\"https:\/\/www.imobiliare.ro\/imoexpert\/wp-content\/uploads\/2020\/06\/Casa-mobila-o-optiune-si-pentru-romani-17.jpg 800w, https:\/\/www.imobiliare.ro\/imoexpert\/wp-content\/uploads\/2020\/06\/Casa-mobila-o-optiune-si-pentru-romani-17-200x300.jpg 200w, https:\/\/www.imobiliare.ro\/imoexpert\/wp-content\/uploads\/2020\/06\/Casa-mobila-o-optiune-si-pentru-romani-17-683x1024.jpg 683w, https:\/\/www.imobiliare.ro\/imoexpert\/wp-content\/uploads\/2020\/06\/Casa-mobila-o-optiune-si-pentru-romani-17-768x1152.jpg 768w\" sizes=\"auto, (max-width: 800px) 100vw, 800px\" \/><\/a><br \/>\n<a class=\"article-body-links\"href=\"https:\/\/www.imobiliare.ro\/imoexpert\/wp-content\/uploads\/2020\/06\/Casa-mobila-o-optiune-si-pentru-romani-19.jpg\"><img loading=\"lazy\" decoding=\"async\" src=\"https:\/\/www.imobiliare.ro\/imoexpert\/wp-content\/uploads\/2020\/06\/Casa-mobila-o-optiune-si-pentru-romani-19.jpg\" alt=\"\" width=\"800\" height=\"1200\" class=\"aligncenter size-full wp-image-58900\" srcset=\"https:\/\/www.imobiliare.ro\/imoexpert\/wp-content\/uploads\/2020\/06\/Casa-mobila-o-optiune-si-pentru-romani-19.jpg 800w, https:\/\/www.imobiliare.ro\/imoexpert\/wp-content\/uploads\/2020\/06\/Casa-mobila-o-optiune-si-pentru-romani-19-200x300.jpg 200w, https:\/\/www.imobiliare.ro\/imoexpert\/wp-content\/uploads\/2020\/06\/Casa-mobila-o-optiune-si-pentru-romani-19-683x1024.jpg 683w, https:\/\/www.imobiliare.ro\/imoexpert\/wp-content\/uploads\/2020\/06\/Casa-mobila-o-optiune-si-pentru-romani-19-768x1152.jpg 768w\" sizes=\"auto, (max-width: 800px) 100vw, 800px\" \/><\/a><\/p>\n<p><strong>Surs\u0103 foto: reinventinghome.ro<\/strong><\/p>\n","protected":false},"excerpt":{"rendered":"<p>Amenajat\u0103 \u00een stil scandinav, acest gen de construc\u021bie se preteaz\u0103 nu doar pentru o locuin\u021b\u0103 de vacan\u021b\u0103, ci \u0219i, de ce nu, pentru una permanent\u0103. \u00cen \u021b\u0103ri precum Statele Unite ale Americii, Canada sau Australia, casele mobile au devenit tot mai populare \u00een ultimii ani \u2013 \u0219i nu doar ca o variant\u0103 de locuire pe [&hellip;]<\/p>\n","protected":false},"author":829,"featured_media":58884,"comment_status":"open","ping_status":"open","sticky":false,"template":"","format":"standard","meta":{"footnotes":""},"categories":[1406,255,259],"tags":[1509,1946,1902,480,1945,1410,1411],"content_author":[],"class_list":["post-58883","post","type-post","status-publish","format-standard","has-post-thumbnail","hentry","category-concursuri","category-home-deco","category-stiri","tag-amenajare","tag-casa-mobila","tag-covid-19","tag-cumparator","tag-home-deco","tag-newsletter","tag-principal"],"yoast_head":"<!-- This site is optimized with the Yoast SEO Premium plugin v27.0 (Yoast SEO v27.0) - https:\/\/yoast.com\/product\/yoast-seo-premium-wordpress\/ -->\n<title>Te po\u021bi muta oriunde: casa mobil\u0103, o op\u021biune \u0219i pentru rom\u00e2ni! Vezi c\u00e2t cost\u0103 \u0219i cum arat\u0103 - Concursuri, Home &amp; Deco, \u0218tiri - ImoExpert<\/title>\n<meta name=\"description\" content=\"Amenajat\u0103 \u00een stil scandinav, acest gen de construc\u021bie se preteaz\u0103 nu doar pentru o locuin\u021b\u0103 de vacan\u021b\u0103, ci \u0219i, de ce nu, pentru una permanent\u0103. \u00cen \u021b\u0103ri\" \/>\n<meta name=\"robots\" content=\"index, follow\" \/>\n<link rel=\"canonical\" href=\"https:\/\/www.imobiliare.ro\/imoexpert\/te-poti-muta-oriunde-casa-mobila-o-optiune-si-pentru-romani-vezi-cat-costa-si-cum-arata_db\/\" \/>\n<meta property=\"og:locale\" content=\"ro_RO\" \/>\n<meta property=\"og:type\" content=\"article\" \/>\n<meta property=\"og:title\" content=\"Te po\u021bi muta oriunde: casa mobil\u0103, o op\u021biune \u0219i pentru rom\u00e2ni! Vezi c\u00e2t cost\u0103 \u0219i cum arat\u0103\" \/>\n<meta property=\"og:description\" content=\"Amenajat\u0103 \u00een stil scandinav, acest gen de construc\u021bie se preteaz\u0103 nu doar pentru o locuin\u021b\u0103 de vacan\u021b\u0103, ci \u0219i, de ce nu, pentru una permanent\u0103. \u00cen \u021b\u0103ri\" \/>\n<meta property=\"og:url\" content=\"https:\/\/www.imobiliare.ro\/imoexpert\/te-poti-muta-oriunde-casa-mobila-o-optiune-si-pentru-romani-vezi-cat-costa-si-cum-arata_db\/\" \/>\n<meta property=\"og:site_name\" content=\"ImoExpert\" \/>\n<meta property=\"article:published_time\" content=\"2020-06-02T15:20:45+00:00\" \/>\n<meta property=\"og:image\" content=\"https:\/\/www.imobiliare.ro\/imoexpert\/wp-content\/uploads\/2020\/06\/Casa-mobila-o-optiune-si-pentru-romani-4.jpg\" \/>\n\t<meta property=\"og:image:width\" content=\"800\" \/>\n\t<meta property=\"og:image:height\" content=\"533\" \/>\n\t<meta property=\"og:image:type\" content=\"image\/jpeg\" \/>\n<meta name=\"author\" content=\"Adriana Dr\u0103gu\u0219in\" \/>\n<meta name=\"twitter:card\" content=\"summary_large_image\" \/>\n<meta name=\"twitter:label1\" content=\"Written by\" \/>\n\t<meta name=\"twitter:data1\" content=\"Adriana Dr\u0103gu\u0219in\" \/>\n\t<meta name=\"twitter:label2\" content=\"Est. reading time\" \/>\n\t<meta name=\"twitter:data2\" content=\"5 minute\" \/>\n<script type=\"application\/ld+json\" class=\"yoast-schema-graph\">{\"@context\":\"https:\/\/schema.org\",\"@graph\":[{\"@type\":\"Article\",\"@id\":\"https:\/\/www.imobiliare.ro\/imoexpert\/te-poti-muta-oriunde-casa-mobila-o-optiune-si-pentru-romani-vezi-cat-costa-si-cum-arata_db\/#article\",\"isPartOf\":{\"@id\":\"https:\/\/www.imobiliare.ro\/imoexpert\/te-poti-muta-oriunde-casa-mobila-o-optiune-si-pentru-romani-vezi-cat-costa-si-cum-arata_db\/\"},\"author\":{\"name\":\"Adriana Dr\u0103gu\u0219in\",\"@id\":\"https:\/\/www.imobiliare.ro\/imoexpert\/#\/schema\/person\/8c13b0297075010b896471fabf0d7790\"},\"headline\":\"Te po\u021bi muta oriunde: casa mobil\u0103, o op\u021biune \u0219i pentru rom\u00e2ni! Vezi c\u00e2t cost\u0103 \u0219i cum arat\u0103\",\"datePublished\":\"2020-06-02T15:20:45+00:00\",\"mainEntityOfPage\":{\"@id\":\"https:\/\/www.imobiliare.ro\/imoexpert\/te-poti-muta-oriunde-casa-mobila-o-optiune-si-pentru-romani-vezi-cat-costa-si-cum-arata_db\/\"},\"wordCount\":923,\"commentCount\":2,\"publisher\":{\"@id\":\"https:\/\/www.imobiliare.ro\/imoexpert\/#organization\"},\"image\":{\"@id\":\"https:\/\/www.imobiliare.ro\/imoexpert\/te-poti-muta-oriunde-casa-mobila-o-optiune-si-pentru-romani-vezi-cat-costa-si-cum-arata_db\/#primaryimage\"},\"thumbnailUrl\":\"https:\/\/www.imobiliare.ro\/imoexpert\/wp-content\/uploads\/2020\/06\/Casa-mobila-o-optiune-si-pentru-romani-4.jpg\",\"keywords\":[\"amenajare\",\"casa mobila\",\"COVID-19\",\"cumparator\",\"Home Deco\",\"newsletter\",\"principal\"],\"articleSection\":[\"Concursuri\",\"Home &amp; Deco\",\"\u0218tiri\"],\"inLanguage\":\"en\",\"potentialAction\":[{\"@type\":\"CommentAction\",\"name\":\"Comment\",\"target\":[\"https:\/\/www.imobiliare.ro\/imoexpert\/te-poti-muta-oriunde-casa-mobila-o-optiune-si-pentru-romani-vezi-cat-costa-si-cum-arata_db\/#respond\"]}],\"copyrightYear\":\"2020\",\"copyrightHolder\":{\"@id\":\"https:\/\/www.imobiliare.ro\/imoexpert\/#organization\"}},{\"@type\":\"WebPage\",\"@id\":\"https:\/\/www.imobiliare.ro\/imoexpert\/te-poti-muta-oriunde-casa-mobila-o-optiune-si-pentru-romani-vezi-cat-costa-si-cum-arata_db\/\",\"url\":\"https:\/\/www.imobiliare.ro\/imoexpert\/te-poti-muta-oriunde-casa-mobila-o-optiune-si-pentru-romani-vezi-cat-costa-si-cum-arata_db\/\",\"name\":\"Te po\u021bi muta oriunde: casa mobil\u0103, o op\u021biune \u0219i pentru rom\u00e2ni! Vezi c\u00e2t cost\u0103 \u0219i cum arat\u0103 - Concursuri, Home &amp; Deco, \u0218tiri - ImoExpert\",\"isPartOf\":{\"@id\":\"https:\/\/www.imobiliare.ro\/imoexpert\/#website\"},\"primaryImageOfPage\":{\"@id\":\"https:\/\/www.imobiliare.ro\/imoexpert\/te-poti-muta-oriunde-casa-mobila-o-optiune-si-pentru-romani-vezi-cat-costa-si-cum-arata_db\/#primaryimage\"},\"image\":{\"@id\":\"https:\/\/www.imobiliare.ro\/imoexpert\/te-poti-muta-oriunde-casa-mobila-o-optiune-si-pentru-romani-vezi-cat-costa-si-cum-arata_db\/#primaryimage\"},\"thumbnailUrl\":\"https:\/\/www.imobiliare.ro\/imoexpert\/wp-content\/uploads\/2020\/06\/Casa-mobila-o-optiune-si-pentru-romani-4.jpg\",\"datePublished\":\"2020-06-02T15:20:45+00:00\",\"description\":\"Amenajat\u0103 \u00een stil scandinav, acest gen de construc\u021bie se preteaz\u0103 nu doar pentru o locuin\u021b\u0103 de vacan\u021b\u0103, ci \u0219i, de ce nu, pentru una permanent\u0103. \u00cen \u021b\u0103ri\",\"breadcrumb\":{\"@id\":\"https:\/\/www.imobiliare.ro\/imoexpert\/te-poti-muta-oriunde-casa-mobila-o-optiune-si-pentru-romani-vezi-cat-costa-si-cum-arata_db\/#breadcrumb\"},\"inLanguage\":\"en\",\"potentialAction\":[{\"@type\":\"ReadAction\",\"target\":[\"https:\/\/www.imobiliare.ro\/imoexpert\/te-poti-muta-oriunde-casa-mobila-o-optiune-si-pentru-romani-vezi-cat-costa-si-cum-arata_db\/\"]}]},{\"@type\":\"ImageObject\",\"inLanguage\":\"en\",\"@id\":\"https:\/\/www.imobiliare.ro\/imoexpert\/te-poti-muta-oriunde-casa-mobila-o-optiune-si-pentru-romani-vezi-cat-costa-si-cum-arata_db\/#primaryimage\",\"url\":\"https:\/\/www.imobiliare.ro\/imoexpert\/wp-content\/uploads\/2020\/06\/Casa-mobila-o-optiune-si-pentru-romani-4.jpg\",\"contentUrl\":\"https:\/\/www.imobiliare.ro\/imoexpert\/wp-content\/uploads\/2020\/06\/Casa-mobila-o-optiune-si-pentru-romani-4.jpg\",\"width\":800,\"height\":533},{\"@type\":\"BreadcrumbList\",\"@id\":\"https:\/\/www.imobiliare.ro\/imoexpert\/te-poti-muta-oriunde-casa-mobila-o-optiune-si-pentru-romani-vezi-cat-costa-si-cum-arata_db\/#breadcrumb\",\"itemListElement\":[{\"@type\":\"ListItem\",\"position\":1,\"name\":\"Imoradar24\",\"item\":\"https:\/\/www.imoradar24.ro\"},{\"@type\":\"ListItem\",\"position\":2,\"name\":\"ImoExpert\",\"item\":\"https:\/\/www.imobiliare.ro\/imoexpert\/\"},{\"@type\":\"ListItem\",\"position\":3,\"name\":\"Sfaturi\",\"item\":\"https:\/\/www.imobiliare.ro\/imoexpert\/ghid-imobiliar\/\"},{\"@type\":\"ListItem\",\"position\":4,\"name\":\"Home &amp; Deco\",\"item\":\"https:\/\/www.imobiliare.ro\/imoexpert\/ghid-imobiliar\/home-deco\/\"},{\"@type\":\"ListItem\",\"position\":5,\"name\":\"Te po\u021bi muta oriunde: casa mobil\u0103, o op\u021biune \u0219i pentru rom\u00e2ni! Vezi c\u00e2t cost\u0103 \u0219i cum arat\u0103\"}]},{\"@type\":\"WebSite\",\"@id\":\"https:\/\/www.imobiliare.ro\/imoexpert\/#website\",\"url\":\"https:\/\/www.imobiliare.ro\/imoexpert\/\",\"name\":\"ImoExpert\",\"description\":\"cele mai importante \u015ftiri din domeniul imobiliar\",\"publisher\":{\"@id\":\"https:\/\/www.imobiliare.ro\/imoexpert\/#organization\"},\"inLanguage\":\"en\"},{\"@type\":\"Organization\",\"@id\":\"https:\/\/www.imobiliare.ro\/imoexpert\/#organization\",\"name\":\"Imobiliare.ro\",\"alternateName\":\"Realmedia Network SA\",\"url\":\"https:\/\/www.imobiliare.ro\/imoexpert\/\",\"logo\":{\"@type\":\"ImageObject\",\"inLanguage\":\"en\",\"@id\":\"https:\/\/www.imobiliare.ro\/imoexpert\/#\/schema\/logo\/image\/\",\"url\":\"https:\/\/www.imobiliare.ro\/imoexpert\/wp-content\/uploads\/2025\/05\/imobiliare_logo.png\",\"contentUrl\":\"https:\/\/www.imobiliare.ro\/imoexpert\/wp-content\/uploads\/2025\/05\/imobiliare_logo.png\",\"width\":237,\"height\":29,\"caption\":\"Imobiliare.ro\"},\"image\":{\"@id\":\"https:\/\/www.imobiliare.ro\/imoexpert\/#\/schema\/logo\/image\/\"}},{\"@type\":\"Person\",\"@id\":\"https:\/\/www.imobiliare.ro\/imoexpert\/#\/schema\/person\/8c13b0297075010b896471fabf0d7790\",\"name\":\"Adriana Dr\u0103gu\u0219in\",\"image\":{\"@type\":\"ImageObject\",\"inLanguage\":\"en\",\"@id\":\"https:\/\/www.imobiliare.ro\/imoexpert\/#\/schema\/person\/image\/\",\"url\":\"https:\/\/secure.gravatar.com\/avatar\/ba4762f7517e50e679ed7f11207102d1150120f2f5800c0da98f8a15305bf514?s=96&d=mm&r=g\",\"contentUrl\":\"https:\/\/secure.gravatar.com\/avatar\/ba4762f7517e50e679ed7f11207102d1150120f2f5800c0da98f8a15305bf514?s=96&d=mm&r=g\",\"caption\":\"Adriana Dr\u0103gu\u0219in\"},\"jobTitle\":\"Editor\",\"url\":\"https:\/\/www.imobiliare.ro\/imoexpert\/author\/adriana-dragusin\/\"}]}<\/script>\n<!-- \/ Yoast SEO Premium plugin. -->","yoast_head_json":{"title":"Te po\u021bi muta oriunde: casa mobil\u0103, o op\u021biune \u0219i pentru rom\u00e2ni! Vezi c\u00e2t cost\u0103 \u0219i cum arat\u0103 - Concursuri, Home &amp; Deco, \u0218tiri - ImoExpert","description":"Amenajat\u0103 \u00een stil scandinav, acest gen de construc\u021bie se preteaz\u0103 nu doar pentru o locuin\u021b\u0103 de vacan\u021b\u0103, ci \u0219i, de ce nu, pentru una permanent\u0103. \u00cen \u021b\u0103ri","robots":{"index":"index","follow":"follow"},"canonical":"https:\/\/www.imobiliare.ro\/imoexpert\/te-poti-muta-oriunde-casa-mobila-o-optiune-si-pentru-romani-vezi-cat-costa-si-cum-arata_db\/","og_locale":"ro_RO","og_type":"article","og_title":"Te po\u021bi muta oriunde: casa mobil\u0103, o op\u021biune \u0219i pentru rom\u00e2ni! Vezi c\u00e2t cost\u0103 \u0219i cum arat\u0103","og_description":"Amenajat\u0103 \u00een stil scandinav, acest gen de construc\u021bie se preteaz\u0103 nu doar pentru o locuin\u021b\u0103 de vacan\u021b\u0103, ci \u0219i, de ce nu, pentru una permanent\u0103. \u00cen \u021b\u0103ri","og_url":"https:\/\/www.imobiliare.ro\/imoexpert\/te-poti-muta-oriunde-casa-mobila-o-optiune-si-pentru-romani-vezi-cat-costa-si-cum-arata_db\/","og_site_name":"ImoExpert","article_published_time":"2020-06-02T15:20:45+00:00","og_image":[{"width":800,"height":533,"url":"https:\/\/www.imobiliare.ro\/imoexpert\/wp-content\/uploads\/2020\/06\/Casa-mobila-o-optiune-si-pentru-romani-4.jpg","type":"image\/jpeg"}],"author":"Adriana Dr\u0103gu\u0219in","twitter_card":"summary_large_image","twitter_misc":{"Written by":"Adriana Dr\u0103gu\u0219in","Est. reading time":"5 minute"},"schema":{"@context":"https:\/\/schema.org","@graph":[{"@type":"Article","@id":"https:\/\/www.imobiliare.ro\/imoexpert\/te-poti-muta-oriunde-casa-mobila-o-optiune-si-pentru-romani-vezi-cat-costa-si-cum-arata_db\/#article","isPartOf":{"@id":"https:\/\/www.imobiliare.ro\/imoexpert\/te-poti-muta-oriunde-casa-mobila-o-optiune-si-pentru-romani-vezi-cat-costa-si-cum-arata_db\/"},"author":{"name":"Adriana Dr\u0103gu\u0219in","@id":"https:\/\/www.imobiliare.ro\/imoexpert\/#\/schema\/person\/8c13b0297075010b896471fabf0d7790"},"headline":"Te po\u021bi muta oriunde: casa mobil\u0103, o op\u021biune \u0219i pentru rom\u00e2ni! Vezi c\u00e2t cost\u0103 \u0219i cum arat\u0103","datePublished":"2020-06-02T15:20:45+00:00","mainEntityOfPage":{"@id":"https:\/\/www.imobiliare.ro\/imoexpert\/te-poti-muta-oriunde-casa-mobila-o-optiune-si-pentru-romani-vezi-cat-costa-si-cum-arata_db\/"},"wordCount":923,"commentCount":2,"publisher":{"@id":"https:\/\/www.imobiliare.ro\/imoexpert\/#organization"},"image":{"@id":"https:\/\/www.imobiliare.ro\/imoexpert\/te-poti-muta-oriunde-casa-mobila-o-optiune-si-pentru-romani-vezi-cat-costa-si-cum-arata_db\/#primaryimage"},"thumbnailUrl":"https:\/\/www.imobiliare.ro\/imoexpert\/wp-content\/uploads\/2020\/06\/Casa-mobila-o-optiune-si-pentru-romani-4.jpg","keywords":["amenajare","casa mobila","COVID-19","cumparator","Home Deco","newsletter","principal"],"articleSection":["Concursuri","Home &amp; Deco","\u0218tiri"],"inLanguage":"en","potentialAction":[{"@type":"CommentAction","name":"Comment","target":["https:\/\/www.imobiliare.ro\/imoexpert\/te-poti-muta-oriunde-casa-mobila-o-optiune-si-pentru-romani-vezi-cat-costa-si-cum-arata_db\/#respond"]}],"copyrightYear":"2020","copyrightHolder":{"@id":"https:\/\/www.imobiliare.ro\/imoexpert\/#organization"}},{"@type":"WebPage","@id":"https:\/\/www.imobiliare.ro\/imoexpert\/te-poti-muta-oriunde-casa-mobila-o-optiune-si-pentru-romani-vezi-cat-costa-si-cum-arata_db\/","url":"https:\/\/www.imobiliare.ro\/imoexpert\/te-poti-muta-oriunde-casa-mobila-o-optiune-si-pentru-romani-vezi-cat-costa-si-cum-arata_db\/","name":"Te po\u021bi muta oriunde: casa mobil\u0103, o op\u021biune \u0219i pentru rom\u00e2ni! Vezi c\u00e2t cost\u0103 \u0219i cum arat\u0103 - Concursuri, Home &amp; Deco, \u0218tiri - ImoExpert","isPartOf":{"@id":"https:\/\/www.imobiliare.ro\/imoexpert\/#website"},"primaryImageOfPage":{"@id":"https:\/\/www.imobiliare.ro\/imoexpert\/te-poti-muta-oriunde-casa-mobila-o-optiune-si-pentru-romani-vezi-cat-costa-si-cum-arata_db\/#primaryimage"},"image":{"@id":"https:\/\/www.imobiliare.ro\/imoexpert\/te-poti-muta-oriunde-casa-mobila-o-optiune-si-pentru-romani-vezi-cat-costa-si-cum-arata_db\/#primaryimage"},"thumbnailUrl":"https:\/\/www.imobiliare.ro\/imoexpert\/wp-content\/uploads\/2020\/06\/Casa-mobila-o-optiune-si-pentru-romani-4.jpg","datePublished":"2020-06-02T15:20:45+00:00","description":"Amenajat\u0103 \u00een stil scandinav, acest gen de construc\u021bie se preteaz\u0103 nu doar pentru o locuin\u021b\u0103 de vacan\u021b\u0103, ci \u0219i, de ce nu, pentru una permanent\u0103. \u00cen \u021b\u0103ri","breadcrumb":{"@id":"https:\/\/www.imobiliare.ro\/imoexpert\/te-poti-muta-oriunde-casa-mobila-o-optiune-si-pentru-romani-vezi-cat-costa-si-cum-arata_db\/#breadcrumb"},"inLanguage":"en","potentialAction":[{"@type":"ReadAction","target":["https:\/\/www.imobiliare.ro\/imoexpert\/te-poti-muta-oriunde-casa-mobila-o-optiune-si-pentru-romani-vezi-cat-costa-si-cum-arata_db\/"]}]},{"@type":"ImageObject","inLanguage":"en","@id":"https:\/\/www.imobiliare.ro\/imoexpert\/te-poti-muta-oriunde-casa-mobila-o-optiune-si-pentru-romani-vezi-cat-costa-si-cum-arata_db\/#primaryimage","url":"https:\/\/www.imobiliare.ro\/imoexpert\/wp-content\/uploads\/2020\/06\/Casa-mobila-o-optiune-si-pentru-romani-4.jpg","contentUrl":"https:\/\/www.imobiliare.ro\/imoexpert\/wp-content\/uploads\/2020\/06\/Casa-mobila-o-optiune-si-pentru-romani-4.jpg","width":800,"height":533},{"@type":"BreadcrumbList","@id":"https:\/\/www.imobiliare.ro\/imoexpert\/te-poti-muta-oriunde-casa-mobila-o-optiune-si-pentru-romani-vezi-cat-costa-si-cum-arata_db\/#breadcrumb","itemListElement":[{"@type":"ListItem","position":1,"name":"Imoradar24","item":"https:\/\/www.imoradar24.ro"},{"@type":"ListItem","position":2,"name":"ImoExpert","item":"https:\/\/www.imobiliare.ro\/imoexpert\/"},{"@type":"ListItem","position":3,"name":"Sfaturi","item":"https:\/\/www.imobiliare.ro\/imoexpert\/ghid-imobiliar\/"},{"@type":"ListItem","position":4,"name":"Home &amp; Deco","item":"https:\/\/www.imobiliare.ro\/imoexpert\/ghid-imobiliar\/home-deco\/"},{"@type":"ListItem","position":5,"name":"Te po\u021bi muta oriunde: casa mobil\u0103, o op\u021biune \u0219i pentru rom\u00e2ni! Vezi c\u00e2t cost\u0103 \u0219i cum arat\u0103"}]},{"@type":"WebSite","@id":"https:\/\/www.imobiliare.ro\/imoexpert\/#website","url":"https:\/\/www.imobiliare.ro\/imoexpert\/","name":"ImoExpert","description":"cele mai importante \u015ftiri din domeniul imobiliar","publisher":{"@id":"https:\/\/www.imobiliare.ro\/imoexpert\/#organization"},"inLanguage":"en"},{"@type":"Organization","@id":"https:\/\/www.imobiliare.ro\/imoexpert\/#organization","name":"Imobiliare.ro","alternateName":"Realmedia Network SA","url":"https:\/\/www.imobiliare.ro\/imoexpert\/","logo":{"@type":"ImageObject","inLanguage":"en","@id":"https:\/\/www.imobiliare.ro\/imoexpert\/#\/schema\/logo\/image\/","url":"https:\/\/www.imobiliare.ro\/imoexpert\/wp-content\/uploads\/2025\/05\/imobiliare_logo.png","contentUrl":"https:\/\/www.imobiliare.ro\/imoexpert\/wp-content\/uploads\/2025\/05\/imobiliare_logo.png","width":237,"height":29,"caption":"Imobiliare.ro"},"image":{"@id":"https:\/\/www.imobiliare.ro\/imoexpert\/#\/schema\/logo\/image\/"}},{"@type":"Person","@id":"https:\/\/www.imobiliare.ro\/imoexpert\/#\/schema\/person\/8c13b0297075010b896471fabf0d7790","name":"Adriana Dr\u0103gu\u0219in","image":{"@type":"ImageObject","inLanguage":"en","@id":"https:\/\/www.imobiliare.ro\/imoexpert\/#\/schema\/person\/image\/","url":"https:\/\/secure.gravatar.com\/avatar\/ba4762f7517e50e679ed7f11207102d1150120f2f5800c0da98f8a15305bf514?s=96&d=mm&r=g","contentUrl":"https:\/\/secure.gravatar.com\/avatar\/ba4762f7517e50e679ed7f11207102d1150120f2f5800c0da98f8a15305bf514?s=96&d=mm&r=g","caption":"Adriana Dr\u0103gu\u0219in"},"jobTitle":"Editor","url":"https:\/\/www.imobiliare.ro\/imoexpert\/author\/adriana-dragusin\/"}]}},"_links":{"self":[{"href":"https:\/\/www.imobiliare.ro\/imoexpert\/wp-json\/wp\/v2\/posts\/58883","targetHints":{"allow":["GET"]}}],"collection":[{"href":"https:\/\/www.imobiliare.ro\/imoexpert\/wp-json\/wp\/v2\/posts"}],"about":[{"href":"https:\/\/www.imobiliare.ro\/imoexpert\/wp-json\/wp\/v2\/types\/post"}],"author":[{"embeddable":true,"href":"https:\/\/www.imobiliare.ro\/imoexpert\/wp-json\/wp\/v2\/users\/829"}],"replies":[{"embeddable":true,"href":"https:\/\/www.imobiliare.ro\/imoexpert\/wp-json\/wp\/v2\/comments?post=58883"}],"version-history":[{"count":0,"href":"https:\/\/www.imobiliare.ro\/imoexpert\/wp-json\/wp\/v2\/posts\/58883\/revisions"}],"wp:featuredmedia":[{"embeddable":true,"href":"https:\/\/www.imobiliare.ro\/imoexpert\/wp-json\/wp\/v2\/media\/58884"}],"wp:attachment":[{"href":"https:\/\/www.imobiliare.ro\/imoexpert\/wp-json\/wp\/v2\/media?parent=58883"}],"wp:term":[{"taxonomy":"category","embeddable":true,"href":"https:\/\/www.imobiliare.ro\/imoexpert\/wp-json\/wp\/v2\/categories?post=58883"},{"taxonomy":"post_tag","embeddable":true,"href":"https:\/\/www.imobiliare.ro\/imoexpert\/wp-json\/wp\/v2\/tags?post=58883"},{"taxonomy":"content_author","embeddable":true,"href":"https:\/\/www.imobiliare.ro\/imoexpert\/wp-json\/wp\/v2\/content_author?post=58883"}],"curies":[{"name":"wp","href":"https:\/\/api.w.org\/{rel}","templated":true}]}}