{"id":58980,"date":"2020-06-11T16:35:58","date_gmt":"2020-06-11T13:35:58","guid":{"rendered":"https:\/\/www.imobiliare.ro\/imoexpert\/?p=58980"},"modified":"2020-06-11T16:35:58","modified_gmt":"2020-06-11T13:35:58","slug":"crossppoint-o-treime-din-companiile-bucurestene-si-au-reluat-activitatea-la-sediu-pana-la-sfarsitul-verii-mai-bine-de-jumatate-dintre-angajati-pot-reveni-la-birou","status":"publish","type":"post","link":"https:\/\/www.imobiliare.ro\/imoexpert\/crossppoint-o-treime-din-companiile-bucurestene-si-au-reluat-activitatea-la-sediu-pana-la-sfarsitul-verii-mai-bine-de-jumatate-dintre-angajati-pot-reveni-la-birou_db\/","title":{"rendered":"Crossppoint: O treime din companiile bucure\u0219tene \u0219i-au reluat activitatea la sediu. P\u00e2n\u0103 la sf\u00e2r\u0219itul verii, mai bine de jum\u0103tate dintre angaja\u021bi pot reveni la birou"},"content":{"rendered":"<figure id=\"attachment_58981\" aria-describedby=\"caption-attachment-58981\" style=\"width: 800px\" class=\"wp-caption aligncenter\"><a class=\"article-body-links\"href=\"https:\/\/www.imobiliare.ro\/imoexpert\/wp-content\/uploads\/2020\/06\/Crosspoint-o-treime-din-companiile-bucurestene-si-au-reluat-activitatea-la-sediu.jpg\"><img loading=\"lazy\" decoding=\"async\" src=\"https:\/\/www.imobiliare.ro\/imoexpert\/wp-content\/uploads\/2020\/06\/Crosspoint-o-treime-din-companiile-bucurestene-si-au-reluat-activitatea-la-sediu.jpg\" alt=\"\" width=\"800\" height=\"533\" class=\"size-full wp-image-58981\" srcset=\"https:\/\/www.imobiliare.ro\/imoexpert\/wp-content\/uploads\/2020\/06\/Crosspoint-o-treime-din-companiile-bucurestene-si-au-reluat-activitatea-la-sediu.jpg 800w, https:\/\/www.imobiliare.ro\/imoexpert\/wp-content\/uploads\/2020\/06\/Crosspoint-o-treime-din-companiile-bucurestene-si-au-reluat-activitatea-la-sediu-300x200.jpg 300w, https:\/\/www.imobiliare.ro\/imoexpert\/wp-content\/uploads\/2020\/06\/Crosspoint-o-treime-din-companiile-bucurestene-si-au-reluat-activitatea-la-sediu-768x512.jpg 768w\" sizes=\"auto, (max-width: 800px) 100vw, 800px\" \/><\/a><figcaption id=\"caption-attachment-58981\" class=\"wp-caption-text\">Surs\u0103 foto: PIxabay.com<\/figcaption><\/figure>\n<div id=\"ez-toc-container\" class=\"ez-toc-v2_0_81 counter-hierarchy ez-toc-counter ez-toc-grey ez-toc-container-direction\">\n<p class=\"ez-toc-title\" style=\"cursor:inherit\">Table of Contents<\/p>\n<label for=\"ez-toc-cssicon-toggle-item-69f21518e155c\" class=\"ez-toc-cssicon-toggle-label\"><span class=\"ez-toc-cssicon\"><span class=\"eztoc-hide\" style=\"display:none;\">Toggle<\/span><span class=\"ez-toc-icon-toggle-span\"><svg style=\"fill: #999;color:#999\" xmlns=\"http:\/\/www.w3.org\/2000\/svg\" class=\"list-377408\" width=\"20px\" height=\"20px\" viewBox=\"0 0 24 24\" fill=\"none\"><path d=\"M6 6H4v2h2V6zm14 0H8v2h12V6zM4 11h2v2H4v-2zm16 0H8v2h12v-2zM4 16h2v2H4v-2zm16 0H8v2h12v-2z\" fill=\"currentColor\"><\/path><\/svg><svg style=\"fill: #999;color:#999\" class=\"arrow-unsorted-368013\" xmlns=\"http:\/\/www.w3.org\/2000\/svg\" width=\"10px\" height=\"10px\" viewBox=\"0 0 24 24\" version=\"1.2\" baseProfile=\"tiny\"><path d=\"M18.2 9.3l-6.2-6.3-6.2 6.3c-.2.2-.3.4-.3.7s.1.5.3.7c.2.2.4.3.7.3h11c.3 0 .5-.1.7-.3.2-.2.3-.5.3-.7s-.1-.5-.3-.7zM5.8 14.7l6.2 6.3 6.2-6.3c.2-.2.3-.5.3-.7s-.1-.5-.3-.7c-.2-.2-.4-.3-.7-.3h-11c-.3 0-.5.1-.7.3-.2.2-.3.5-.3.7s.1.5.3.7z\"\/><\/svg><\/span><\/span><\/label><input type=\"checkbox\"  id=\"ez-toc-cssicon-toggle-item-69f21518e155c\"  aria-label=\"Toggle\" \/><nav><ul class='ez-toc-list ez-toc-list-level-1 ' ><li class='ez-toc-page-1 ez-toc-heading-level-2'><a class=\"ez-toc-link ez-toc-heading-1\" href=\"https:\/\/www.imobiliare.ro\/imoexpert\/crossppoint-o-treime-din-companiile-bucurestene-si-au-reluat-activitatea-la-sediu-pana-la-sfarsitul-verii-mai-bine-de-jumatate-dintre-angajati-pot-reveni-la-birou_db\/#Pe_termen_mediu_si_lung_considera_reprezentantii_companiei_spatiul_de_birouri_va_ramane_o_parte_importanta_a_vietii_cotidiene_iar_cererea_pentru_cladiri_office_de_calitate_se_va_mentine\" >Pe termen mediu \u0219i lung, consider\u0103 reprezentan\u021bii companiei, spa\u021biul de birouri va r\u0103m\u00e2ne o parte important\u0103 a vie\u021bii cotidiene, iar cererea pentru cl\u0103diri office de calitate se va men\u021bine.<\/a><\/li><li class='ez-toc-page-1 ez-toc-heading-level-2'><a class=\"ez-toc-link ez-toc-heading-2\" href=\"https:\/\/www.imobiliare.ro\/imoexpert\/crossppoint-o-treime-din-companiile-bucurestene-si-au-reluat-activitatea-la-sediu-pana-la-sfarsitul-verii-mai-bine-de-jumatate-dintre-angajati-pot-reveni-la-birou_db\/#Cele_mai_aglomerate_statii_de_metrou_au_devenit_cele_mai_%E2%80%9Eaerisite%E2%80%9D\" >Cele mai aglomerate sta\u021bii de metrou au devenit cele mai \u201eaerisite\u201d<\/a><\/li><li class='ez-toc-page-1 ez-toc-heading-level-2'><a class=\"ez-toc-link ez-toc-heading-3\" href=\"https:\/\/www.imobiliare.ro\/imoexpert\/crossppoint-o-treime-din-companiile-bucurestene-si-au-reluat-activitatea-la-sediu-pana-la-sfarsitul-verii-mai-bine-de-jumatate-dintre-angajati-pot-reveni-la-birou_db\/#Traficul_a_ajuns_deja_la_50_din_normal\" >Traficul a ajuns deja la 50% din normal<\/a><\/li><\/ul><\/nav><\/div>\n<h2><span class=\"ez-toc-section\" id=\"Pe_termen_mediu_si_lung_considera_reprezentantii_companiei_spatiul_de_birouri_va_ramane_o_parte_importanta_a_vietii_cotidiene_iar_cererea_pentru_cladiri_office_de_calitate_se_va_mentine\"><\/span>Pe termen mediu \u0219i lung, consider\u0103 reprezentan\u021bii companiei, spa\u021biul de birouri va r\u0103m\u00e2ne o parte important\u0103 a vie\u021bii cotidiene, iar cererea pentru cl\u0103diri office de calitate se va men\u021bine.<span class=\"ez-toc-section-end\"><\/span><\/h2>\n<p>Dup\u0103 trecerea de la starea de urgen\u021b\u0103 la cea de alert\u0103 \u0219i relaxarea m\u0103surilor impuse pentru gestionarea epidemiei de COVID-19, tot mai mul\u021bi bucure\u0219teni revin s\u0103 lucreze de la birou. \u201eNoi ne-am \u00eentors la birou de la finalul st\u0103rii de urgen\u021b\u0103, iar de atunci am observat c\u0103 traficul general a \u00eenceput s\u0103 creasc\u0103 de la zi la zi. Datele de trafic arat\u0103 o cre\u0219tere a num\u0103rului de angaja\u021bi care s-au re\u00eentors la birou. \u00cen acela\u0219i timp, \u0219i proprietarii cl\u0103dirilor de birouri sunt preg\u0103ti\u021bi pentru a crea acestora un mediu de lucru c\u00e2t mai sigur\u201d, subliniaz\u0103 Simona Urse, Associate Director, Office Agency, \u00een cadrul Crossppoint Real Estate.<\/p>\n<p><strong>Cite\u0219te \u0219i:<br \/>\n<a class=\"article-body-links\"href=\"https:\/\/www.imobiliare.ro\/imoexpert\/cand-teleworking-ul-devine-o-necesitate-5-sfaturi-pentru-a-te-adapta-mai-usor-lucrului-de-acasa_db\/\">C\u00e2nd teleworking-ul devine o necesitate: 5 sfaturi pentru a te adapta mai u\u0219or lucrului de acas\u0103<\/a><\/p>\n<p><a class=\"article-body-links\"href=\"https:\/\/www.imobiliare.ro\/imoexpert\/adaptare-rapida-la-lucrul-de-acasa-asistam-la-o-mobilizare-exemplara-a-companiilor-pe-toate-planurile_db\/\">Adaptare rapid\u0103 la lucrul de acas\u0103: \u201eAsist\u0103m la o mobilizare exemplar\u0103 a companiilor, pe toate planurile\u201d<\/a><\/strong><\/p>\n<p>Potrivit datelor Metrorex solicitate de compania de consultan\u021b\u0103, \u00een a doua jum\u0103tate a lunii mai, num\u0103rul de c\u0103l\u0103torii la metrou a fost aproape dublu fa\u021b\u0103 de luna anterioar\u0103, ajung\u00e2nd la 3,4 milioane (fa\u021b\u0103 de 1,8 milioane pe tot parcursul lui aprilie). \u201eMai mult de at\u00e2t, \u00een luna mai putem observa o densitate mai mare a c\u0103l\u0103torilor \u00een intervalele orare 6:00-9:00 \u0219i 16:00-19:00, ceea ce poate indica revenirea la birou \u00een diferite zone din Bucure\u0219ti. Momentan, estim\u0103m c\u0103 \u00eentre 30% \u0219i 35% din companii \u0219i-au reluat, par\u021bial sau integral, activitatea \u00een cl\u0103dirile de birouri pe care le ocup\u0103\u201d, explic\u0103 Ilinca Timofte, Research Analyst Crosspoint Real Estate. <\/p>\n<blockquote><p>\u201eDe\u0219i un num\u0103r important de companii \u0219i-au am\u00e2nat re\u00eentoarcerea la birou p\u00e2n\u0103 cel pu\u021bin \u00een luna septembrie \u0219i munca de acas\u0103 pare s\u0103 fie \u00een continuare preferat\u0103 \u00een situa\u021bia actual\u0103, at\u00e2t de angajatori, c\u00e2t \u0219i de angaja\u021bi, faptul c\u0103 relaxarea recent instalat\u0103 a dus la o cre\u0219tere rapid\u0103 a relu\u0103rii activit\u0103\u021bii, \u00een principalele zone de birouri, poate indica o revenire p\u00e2n\u0103 la sf\u00e2r\u0219itul verii a cel pu\u021bin jum\u0103tate dintre angaja\u021bii care activeaz\u0103 \u00een aceste zone.\u201d<\/p>\n<p><strong>Simona Urse, Associate Director, Office Agency Crossppoint Real Estate<\/strong><\/p><\/blockquote>\n<p>&nbsp;<\/p>\n<p><strong>Cite\u0219te \u0219i:<br \/>\n<a class=\"article-body-links\"href=\"https:\/\/www.imobiliare.ro\/imoexpert\/lipsa-unui-spatiu-de-lucru-dedicat-una-dintre-marile-provocari-ale-muncii-de-acasa_db\/\">Lipsa unui spa\u021biu de lucru dedicat, una dintre marile provoc\u0103ri ale muncii de acas\u0103<\/a><\/p>\n<p><a class=\"article-body-links\"href=\"http:\/\/Avantaje \u0219i dezavantaje ale lucrului de acas\u0103: dificultatea de a separa via\u021ba personal\u0103 de timpul dedicat muncii, una dintre marile provoc\u0103ri\">Avantaje \u0219i dezavantaje ale lucrului de acas\u0103: dificultatea de a separa via\u021ba personal\u0103 de timpul dedicat muncii, una dintre marile provoc\u0103ri<\/a><\/strong><\/p>\n<h2><span class=\"ez-toc-section\" id=\"Cele_mai_aglomerate_statii_de_metrou_au_devenit_cele_mai_%E2%80%9Eaerisite%E2%80%9D\"><\/span>Cele mai aglomerate sta\u021bii de metrou au devenit cele mai \u201eaerisite\u201d<span class=\"ez-toc-section-end\"><\/span><\/h2>\n<p>\u00cen luna martie, pe fondul crizei sanitare \u0219i instituirii st\u0103rii de urgen\u021b\u0103, traficul la metrou s-a redus semnificativ fa\u021b\u0103 de lunile anterioare, anume de la peste 14 milioane de c\u0103l\u0103torii \u00een lunile ianuarie \u0219i februarie la sub 8 milioane de c\u0103l\u0103torii \u00een martie. Datele referitoare la traficul de c\u0103l\u0103tori din sta\u021biile de metrou aferente principalelor zone de birouri din Bucure\u0219ti arat\u0103, \u00een mai, o sc\u0103dere semnificativ\u0103 a num\u0103rului de c\u0103l\u0103torii spre \u0219i dinspre principalele huburi de birouri din Bucure\u0219ti, comparativ cu primele dou\u0103 luni ale anului, dar \u0219i o u\u0219oar\u0103 revenire, comparativ cu luna aprilie. Mai concret, de\u0219i num\u0103rul c\u0103l\u0103toriilor a fost, \u00een mai, cu 76% mai mic dec\u00e2t \u00een ianuarie 2020, statisticile Metrorex relev\u0103 \u0219i o cre\u0219tere de 72% fa\u021b\u0103 de luna aprilie, dup\u0103 doar dou\u0103 s\u0103pt\u0103m\u00e2ni de \u201erelaxare\u201d. <\/p>\n<p>Sta\u021biile de metrou care deservesc zona de birouri din nordul Capitalei, \u00een special Aurel Vlaicu \u0219i Pipera, erau, \u00een mod obi\u0219nuit, printre cele mai aglomerate din Capital\u0103. \u00cen lunile aprilie \u0219i mai, acestea au ajuns, \u00eens\u0103, pe ultimele locuri \u00een clasamentul num\u0103rului de c\u0103l\u0103torii \u2013 sta\u021biile cele mai tranzitate fiind Preciziei (singura cu un stoc semnificativ de birouri), P\u0103cii \u0219i Gorjului. Aceast\u0103 sc\u0103dere nu este deloc surprinz\u0103toare av\u00e2nd \u00een vedere c\u0103 \u00een aceast\u0103 parte a Bucure\u0219tiului se g\u0103sesc cl\u0103diri de birouri ce g\u0103zduiesc peste 125.000 de angaja\u021bi, dintre care majoritatea au apelat la varianta lucrului de acas\u0103 pe durata st\u0103rii de urgen\u021b\u0103. <\/p>\n<h2><span class=\"ez-toc-section\" id=\"Traficul_a_ajuns_deja_la_50_din_normal\"><\/span>Traficul a ajuns deja la 50% din normal<span class=\"ez-toc-section-end\"><\/span><\/h2>\n<p>\u00cen ceea ce prive\u0219te traficul rutier, acesta a \u00eenregistrat o cre\u0219tere mai mare dup\u0103 trecerea la starea de alert\u0103, acesta ajung\u00e2nd deja, pe principalele artere rutiere din Bucure\u0219ti, la 50%  din nivelul de dinaintea st\u0103rii de urgen\u021b\u0103, conform datelor platformei specializate \u00een date de trafic rutier www.tomtom.com. <\/p>\n<p>Montarea de termoscanere, reg\u00e2ndirea circuitelor de trafic \u00een interiorul cl\u0103dirii, aplicarea m\u0103surile de distan\u021bare la utilizarea lifturilor, acestea sunt o parte dintre m\u0103surile recomandate \u00een gestionarea activit\u0103\u021bii \u00een cl\u0103dirile de birouri, \u00een perioada urm\u0103toare. \u201e\u00cen acela\u0219i timp, \u00eembun\u0103t\u0103\u021birea sistemelor de ventila\u021bie, dezinfec\u021bia aparaturii HVAC, c\u00e2t \u0219i mic\u0219orarea densit\u0103\u021bii la birou sunt factori importan\u021bi care vor determina o cre\u0219tere a productivit\u0103\u021bii\u201d, arat\u0103 Simona Urse. <\/p>\n<blockquote><p>\u201eCererea pe termen mediu \u0219i lung pentru spa\u021bii de birouri de bun\u0103 calitate va r\u0103m\u00e2ne stabil\u0103 \u00een continuare. Pentru c\u0103 spa\u021biul de birouri r\u0103m\u00e2ne o component\u0103 important\u0103 a vie\u021bii cotidiene, iar acest lucru nu se va schimba fundamental.\u201d <\/p>\n<p><strong>Simona Urse, Associate Director, Office Agency Crossppoint Real Estate<\/strong><\/p><\/blockquote>\n<p>&nbsp;<\/p>\n<p><strong>Cite\u0219te \u0219i:<br \/>\n<a class=\"article-body-links\"href=\"https:\/\/www.imobiliare.ro\/imoexpert\/5-pasi-pentru-asigurarea-sigurantei-sanitare-ia-angajatilor-in-momentul-intoarcerii-la-birou_db\/\">5 pa\u015fi pentru asigurarea siguran\u0163ei sanitare a angaja\u021bilor \u00een momentul \u00eentoarcerii la birou<\/a><\/p>\n<p><a class=\"article-body-links\"href=\"https:\/\/www.imobiliare.ro\/imoexpert\/cum-sa-previi-raspandirea-covid-19-la-locul-de-munca-5-sfaturi-practice_db\/\">Cum s\u0103 previi r\u0103sp\u00e2ndirea COVID-19 la locul de munc\u0103. 5 sfaturi practice<\/a><\/strong><\/p>\n","protected":false},"excerpt":{"rendered":"<p>Pe termen mediu \u0219i lung, consider\u0103 reprezentan\u021bii companiei, spa\u021biul de birouri va r\u0103m\u00e2ne o parte important\u0103 a vie\u021bii cotidiene, iar cererea pentru cl\u0103diri office de calitate se va men\u021bine. Dup\u0103 trecerea de la starea de urgen\u021b\u0103 la cea de alert\u0103 \u0219i relaxarea m\u0103surilor impuse pentru gestionarea epidemiei de COVID-19, tot mai mul\u021bi bucure\u0219teni revin s\u0103 [&hellip;]<\/p>\n","protected":false},"author":829,"featured_media":58981,"comment_status":"open","ping_status":"open","sticky":false,"template":"","format":"standard","meta":{"footnotes":""},"categories":[259],"tags":[680,337,1813,1954,1902,1987,480,1410,1411,1895],"content_author":[],"class_list":["post-58980","post","type-post","status-publish","format-standard","has-post-thumbnail","hentry","category-stiri","tag-angajat","tag-bucuresti","tag-cladiri-de-birouri","tag-companii","tag-covid-19","tag-crosspoint","tag-cumparator","tag-newsletter","tag-principal","tag-spatii-de-birouri"],"yoast_head":"<!-- This site is optimized with the Yoast SEO Premium plugin v27.0 (Yoast SEO v27.0) - https:\/\/yoast.com\/product\/yoast-seo-premium-wordpress\/ -->\n<title>Crossppoint: O treime din companiile bucure\u0219tene \u0219i-au reluat activitatea la sediu. P\u00e2n\u0103 la sf\u00e2r\u0219itul verii, mai bine de jum\u0103tate dintre angaja\u021bi pot reveni la birou - \u0218tiri - ImoExpert<\/title>\n<meta name=\"description\" content=\"Pe termen mediu \u0219i lung, consider\u0103 reprezentan\u021bii companiei, spa\u021biul de birouri va r\u0103m\u00e2ne o parte important\u0103 a vie\u021bii cotidiene, iar cererea pentru\" \/>\n<meta name=\"robots\" content=\"index, follow\" \/>\n<link rel=\"canonical\" href=\"https:\/\/www.imobiliare.ro\/imoexpert\/crossppoint-o-treime-din-companiile-bucurestene-si-au-reluat-activitatea-la-sediu-pana-la-sfarsitul-verii-mai-bine-de-jumatate-dintre-angajati-pot-reveni-la-birou_db\/\" \/>\n<meta property=\"og:locale\" content=\"ro_RO\" \/>\n<meta property=\"og:type\" content=\"article\" \/>\n<meta property=\"og:title\" content=\"Crossppoint: O treime din companiile bucure\u0219tene \u0219i-au reluat activitatea la sediu. P\u00e2n\u0103 la sf\u00e2r\u0219itul verii, mai bine de jum\u0103tate dintre angaja\u021bi pot reveni la birou\" \/>\n<meta property=\"og:description\" content=\"Pe termen mediu \u0219i lung, consider\u0103 reprezentan\u021bii companiei, spa\u021biul de birouri va r\u0103m\u00e2ne o parte important\u0103 a vie\u021bii cotidiene, iar cererea pentru\" \/>\n<meta property=\"og:url\" content=\"https:\/\/www.imobiliare.ro\/imoexpert\/crossppoint-o-treime-din-companiile-bucurestene-si-au-reluat-activitatea-la-sediu-pana-la-sfarsitul-verii-mai-bine-de-jumatate-dintre-angajati-pot-reveni-la-birou_db\/\" \/>\n<meta property=\"og:site_name\" content=\"ImoExpert\" \/>\n<meta property=\"article:published_time\" content=\"2020-06-11T13:35:58+00:00\" \/>\n<meta property=\"og:image\" content=\"https:\/\/www.imobiliare.ro\/imoexpert\/wp-content\/uploads\/2020\/06\/Crosspoint-o-treime-din-companiile-bucurestene-si-au-reluat-activitatea-la-sediu.jpg\" \/>\n\t<meta property=\"og:image:width\" content=\"800\" \/>\n\t<meta property=\"og:image:height\" content=\"533\" \/>\n\t<meta property=\"og:image:type\" content=\"image\/jpeg\" \/>\n<meta name=\"author\" content=\"Adriana Dr\u0103gu\u0219in\" \/>\n<meta name=\"twitter:card\" content=\"summary_large_image\" \/>\n<meta name=\"twitter:label1\" content=\"Written by\" \/>\n\t<meta name=\"twitter:data1\" content=\"Adriana Dr\u0103gu\u0219in\" \/>\n\t<meta name=\"twitter:label2\" content=\"Est. reading time\" \/>\n\t<meta name=\"twitter:data2\" content=\"5 minute\" \/>\n<script type=\"application\/ld+json\" class=\"yoast-schema-graph\">{\"@context\":\"https:\/\/schema.org\",\"@graph\":[{\"@type\":\"Article\",\"@id\":\"https:\/\/www.imobiliare.ro\/imoexpert\/crossppoint-o-treime-din-companiile-bucurestene-si-au-reluat-activitatea-la-sediu-pana-la-sfarsitul-verii-mai-bine-de-jumatate-dintre-angajati-pot-reveni-la-birou_db\/#article\",\"isPartOf\":{\"@id\":\"https:\/\/www.imobiliare.ro\/imoexpert\/crossppoint-o-treime-din-companiile-bucurestene-si-au-reluat-activitatea-la-sediu-pana-la-sfarsitul-verii-mai-bine-de-jumatate-dintre-angajati-pot-reveni-la-birou_db\/\"},\"author\":{\"name\":\"Adriana Dr\u0103gu\u0219in\",\"@id\":\"https:\/\/www.imobiliare.ro\/imoexpert\/#\/schema\/person\/8c13b0297075010b896471fabf0d7790\"},\"headline\":\"Crossppoint: O treime din companiile bucure\u0219tene \u0219i-au reluat activitatea la sediu. P\u00e2n\u0103 la sf\u00e2r\u0219itul verii, mai bine de jum\u0103tate dintre angaja\u021bi pot reveni la birou\",\"datePublished\":\"2020-06-11T13:35:58+00:00\",\"mainEntityOfPage\":{\"@id\":\"https:\/\/www.imobiliare.ro\/imoexpert\/crossppoint-o-treime-din-companiile-bucurestene-si-au-reluat-activitatea-la-sediu-pana-la-sfarsitul-verii-mai-bine-de-jumatate-dintre-angajati-pot-reveni-la-birou_db\/\"},\"wordCount\":998,\"commentCount\":0,\"publisher\":{\"@id\":\"https:\/\/www.imobiliare.ro\/imoexpert\/#organization\"},\"image\":{\"@id\":\"https:\/\/www.imobiliare.ro\/imoexpert\/crossppoint-o-treime-din-companiile-bucurestene-si-au-reluat-activitatea-la-sediu-pana-la-sfarsitul-verii-mai-bine-de-jumatate-dintre-angajati-pot-reveni-la-birou_db\/#primaryimage\"},\"thumbnailUrl\":\"https:\/\/www.imobiliare.ro\/imoexpert\/wp-content\/uploads\/2020\/06\/Crosspoint-o-treime-din-companiile-bucurestene-si-au-reluat-activitatea-la-sediu.jpg\",\"keywords\":[\"angajat\",\"Bucure\u015fti\",\"cladiri de birouri\",\"companii\",\"COVID-19\",\"Crosspoint\",\"cumparator\",\"newsletter\",\"principal\",\"spatii de birouri\"],\"articleSection\":[\"\u0218tiri\"],\"inLanguage\":\"en\",\"potentialAction\":[{\"@type\":\"CommentAction\",\"name\":\"Comment\",\"target\":[\"https:\/\/www.imobiliare.ro\/imoexpert\/crossppoint-o-treime-din-companiile-bucurestene-si-au-reluat-activitatea-la-sediu-pana-la-sfarsitul-verii-mai-bine-de-jumatate-dintre-angajati-pot-reveni-la-birou_db\/#respond\"]}],\"copyrightYear\":\"2020\",\"copyrightHolder\":{\"@id\":\"https:\/\/www.imobiliare.ro\/imoexpert\/#organization\"}},{\"@type\":\"WebPage\",\"@id\":\"https:\/\/www.imobiliare.ro\/imoexpert\/crossppoint-o-treime-din-companiile-bucurestene-si-au-reluat-activitatea-la-sediu-pana-la-sfarsitul-verii-mai-bine-de-jumatate-dintre-angajati-pot-reveni-la-birou_db\/\",\"url\":\"https:\/\/www.imobiliare.ro\/imoexpert\/crossppoint-o-treime-din-companiile-bucurestene-si-au-reluat-activitatea-la-sediu-pana-la-sfarsitul-verii-mai-bine-de-jumatate-dintre-angajati-pot-reveni-la-birou_db\/\",\"name\":\"Crossppoint: O treime din companiile bucure\u0219tene \u0219i-au reluat activitatea la sediu. P\u00e2n\u0103 la sf\u00e2r\u0219itul verii, mai bine de jum\u0103tate dintre angaja\u021bi pot reveni la birou - \u0218tiri - ImoExpert\",\"isPartOf\":{\"@id\":\"https:\/\/www.imobiliare.ro\/imoexpert\/#website\"},\"primaryImageOfPage\":{\"@id\":\"https:\/\/www.imobiliare.ro\/imoexpert\/crossppoint-o-treime-din-companiile-bucurestene-si-au-reluat-activitatea-la-sediu-pana-la-sfarsitul-verii-mai-bine-de-jumatate-dintre-angajati-pot-reveni-la-birou_db\/#primaryimage\"},\"image\":{\"@id\":\"https:\/\/www.imobiliare.ro\/imoexpert\/crossppoint-o-treime-din-companiile-bucurestene-si-au-reluat-activitatea-la-sediu-pana-la-sfarsitul-verii-mai-bine-de-jumatate-dintre-angajati-pot-reveni-la-birou_db\/#primaryimage\"},\"thumbnailUrl\":\"https:\/\/www.imobiliare.ro\/imoexpert\/wp-content\/uploads\/2020\/06\/Crosspoint-o-treime-din-companiile-bucurestene-si-au-reluat-activitatea-la-sediu.jpg\",\"datePublished\":\"2020-06-11T13:35:58+00:00\",\"description\":\"Pe termen mediu \u0219i lung, consider\u0103 reprezentan\u021bii companiei, spa\u021biul de birouri va r\u0103m\u00e2ne o parte important\u0103 a vie\u021bii cotidiene, iar cererea pentru\",\"breadcrumb\":{\"@id\":\"https:\/\/www.imobiliare.ro\/imoexpert\/crossppoint-o-treime-din-companiile-bucurestene-si-au-reluat-activitatea-la-sediu-pana-la-sfarsitul-verii-mai-bine-de-jumatate-dintre-angajati-pot-reveni-la-birou_db\/#breadcrumb\"},\"inLanguage\":\"en\",\"potentialAction\":[{\"@type\":\"ReadAction\",\"target\":[\"https:\/\/www.imobiliare.ro\/imoexpert\/crossppoint-o-treime-din-companiile-bucurestene-si-au-reluat-activitatea-la-sediu-pana-la-sfarsitul-verii-mai-bine-de-jumatate-dintre-angajati-pot-reveni-la-birou_db\/\"]}]},{\"@type\":\"ImageObject\",\"inLanguage\":\"en\",\"@id\":\"https:\/\/www.imobiliare.ro\/imoexpert\/crossppoint-o-treime-din-companiile-bucurestene-si-au-reluat-activitatea-la-sediu-pana-la-sfarsitul-verii-mai-bine-de-jumatate-dintre-angajati-pot-reveni-la-birou_db\/#primaryimage\",\"url\":\"https:\/\/www.imobiliare.ro\/imoexpert\/wp-content\/uploads\/2020\/06\/Crosspoint-o-treime-din-companiile-bucurestene-si-au-reluat-activitatea-la-sediu.jpg\",\"contentUrl\":\"https:\/\/www.imobiliare.ro\/imoexpert\/wp-content\/uploads\/2020\/06\/Crosspoint-o-treime-din-companiile-bucurestene-si-au-reluat-activitatea-la-sediu.jpg\",\"width\":800,\"height\":533,\"caption\":\"Surs\u0103 foto: PIxabay.com\"},{\"@type\":\"BreadcrumbList\",\"@id\":\"https:\/\/www.imobiliare.ro\/imoexpert\/crossppoint-o-treime-din-companiile-bucurestene-si-au-reluat-activitatea-la-sediu-pana-la-sfarsitul-verii-mai-bine-de-jumatate-dintre-angajati-pot-reveni-la-birou_db\/#breadcrumb\",\"itemListElement\":[{\"@type\":\"ListItem\",\"position\":1,\"name\":\"Imoradar24\",\"item\":\"https:\/\/www.imoradar24.ro\"},{\"@type\":\"ListItem\",\"position\":2,\"name\":\"ImoExpert\",\"item\":\"https:\/\/www.imobiliare.ro\/imoexpert\/\"},{\"@type\":\"ListItem\",\"position\":3,\"name\":\"\u0218tiri\",\"item\":\"https:\/\/www.imobiliare.ro\/imoexpert\/stiri\/\"},{\"@type\":\"ListItem\",\"position\":4,\"name\":\"Crossppoint: O treime din companiile bucure\u0219tene \u0219i-au reluat activitatea la sediu. P\u00e2n\u0103 la sf\u00e2r\u0219itul verii, mai bine de jum\u0103tate dintre angaja\u021bi pot reveni la birou\"}]},{\"@type\":\"WebSite\",\"@id\":\"https:\/\/www.imobiliare.ro\/imoexpert\/#website\",\"url\":\"https:\/\/www.imobiliare.ro\/imoexpert\/\",\"name\":\"ImoExpert\",\"description\":\"cele mai importante \u015ftiri din domeniul imobiliar\",\"publisher\":{\"@id\":\"https:\/\/www.imobiliare.ro\/imoexpert\/#organization\"},\"inLanguage\":\"en\"},{\"@type\":\"Organization\",\"@id\":\"https:\/\/www.imobiliare.ro\/imoexpert\/#organization\",\"name\":\"Imobiliare.ro\",\"alternateName\":\"Realmedia Network SA\",\"url\":\"https:\/\/www.imobiliare.ro\/imoexpert\/\",\"logo\":{\"@type\":\"ImageObject\",\"inLanguage\":\"en\",\"@id\":\"https:\/\/www.imobiliare.ro\/imoexpert\/#\/schema\/logo\/image\/\",\"url\":\"https:\/\/www.imobiliare.ro\/imoexpert\/wp-content\/uploads\/2025\/05\/imobiliare_logo.png\",\"contentUrl\":\"https:\/\/www.imobiliare.ro\/imoexpert\/wp-content\/uploads\/2025\/05\/imobiliare_logo.png\",\"width\":237,\"height\":29,\"caption\":\"Imobiliare.ro\"},\"image\":{\"@id\":\"https:\/\/www.imobiliare.ro\/imoexpert\/#\/schema\/logo\/image\/\"}},{\"@type\":\"Person\",\"@id\":\"https:\/\/www.imobiliare.ro\/imoexpert\/#\/schema\/person\/8c13b0297075010b896471fabf0d7790\",\"name\":\"Adriana Dr\u0103gu\u0219in\",\"image\":{\"@type\":\"ImageObject\",\"inLanguage\":\"en\",\"@id\":\"https:\/\/www.imobiliare.ro\/imoexpert\/#\/schema\/person\/image\/\",\"url\":\"https:\/\/secure.gravatar.com\/avatar\/ba4762f7517e50e679ed7f11207102d1150120f2f5800c0da98f8a15305bf514?s=96&d=mm&r=g\",\"contentUrl\":\"https:\/\/secure.gravatar.com\/avatar\/ba4762f7517e50e679ed7f11207102d1150120f2f5800c0da98f8a15305bf514?s=96&d=mm&r=g\",\"caption\":\"Adriana Dr\u0103gu\u0219in\"},\"jobTitle\":\"Editor\",\"url\":\"https:\/\/www.imobiliare.ro\/imoexpert\/author\/adriana-dragusin\/\"}]}<\/script>\n<!-- \/ Yoast SEO Premium plugin. -->","yoast_head_json":{"title":"Crossppoint: O treime din companiile bucure\u0219tene \u0219i-au reluat activitatea la sediu. P\u00e2n\u0103 la sf\u00e2r\u0219itul verii, mai bine de jum\u0103tate dintre angaja\u021bi pot reveni la birou - \u0218tiri - ImoExpert","description":"Pe termen mediu \u0219i lung, consider\u0103 reprezentan\u021bii companiei, spa\u021biul de birouri va r\u0103m\u00e2ne o parte important\u0103 a vie\u021bii cotidiene, iar cererea pentru","robots":{"index":"index","follow":"follow"},"canonical":"https:\/\/www.imobiliare.ro\/imoexpert\/crossppoint-o-treime-din-companiile-bucurestene-si-au-reluat-activitatea-la-sediu-pana-la-sfarsitul-verii-mai-bine-de-jumatate-dintre-angajati-pot-reveni-la-birou_db\/","og_locale":"ro_RO","og_type":"article","og_title":"Crossppoint: O treime din companiile bucure\u0219tene \u0219i-au reluat activitatea la sediu. P\u00e2n\u0103 la sf\u00e2r\u0219itul verii, mai bine de jum\u0103tate dintre angaja\u021bi pot reveni la birou","og_description":"Pe termen mediu \u0219i lung, consider\u0103 reprezentan\u021bii companiei, spa\u021biul de birouri va r\u0103m\u00e2ne o parte important\u0103 a vie\u021bii cotidiene, iar cererea pentru","og_url":"https:\/\/www.imobiliare.ro\/imoexpert\/crossppoint-o-treime-din-companiile-bucurestene-si-au-reluat-activitatea-la-sediu-pana-la-sfarsitul-verii-mai-bine-de-jumatate-dintre-angajati-pot-reveni-la-birou_db\/","og_site_name":"ImoExpert","article_published_time":"2020-06-11T13:35:58+00:00","og_image":[{"width":800,"height":533,"url":"https:\/\/www.imobiliare.ro\/imoexpert\/wp-content\/uploads\/2020\/06\/Crosspoint-o-treime-din-companiile-bucurestene-si-au-reluat-activitatea-la-sediu.jpg","type":"image\/jpeg"}],"author":"Adriana Dr\u0103gu\u0219in","twitter_card":"summary_large_image","twitter_misc":{"Written by":"Adriana Dr\u0103gu\u0219in","Est. reading time":"5 minute"},"schema":{"@context":"https:\/\/schema.org","@graph":[{"@type":"Article","@id":"https:\/\/www.imobiliare.ro\/imoexpert\/crossppoint-o-treime-din-companiile-bucurestene-si-au-reluat-activitatea-la-sediu-pana-la-sfarsitul-verii-mai-bine-de-jumatate-dintre-angajati-pot-reveni-la-birou_db\/#article","isPartOf":{"@id":"https:\/\/www.imobiliare.ro\/imoexpert\/crossppoint-o-treime-din-companiile-bucurestene-si-au-reluat-activitatea-la-sediu-pana-la-sfarsitul-verii-mai-bine-de-jumatate-dintre-angajati-pot-reveni-la-birou_db\/"},"author":{"name":"Adriana Dr\u0103gu\u0219in","@id":"https:\/\/www.imobiliare.ro\/imoexpert\/#\/schema\/person\/8c13b0297075010b896471fabf0d7790"},"headline":"Crossppoint: O treime din companiile bucure\u0219tene \u0219i-au reluat activitatea la sediu. P\u00e2n\u0103 la sf\u00e2r\u0219itul verii, mai bine de jum\u0103tate dintre angaja\u021bi pot reveni la birou","datePublished":"2020-06-11T13:35:58+00:00","mainEntityOfPage":{"@id":"https:\/\/www.imobiliare.ro\/imoexpert\/crossppoint-o-treime-din-companiile-bucurestene-si-au-reluat-activitatea-la-sediu-pana-la-sfarsitul-verii-mai-bine-de-jumatate-dintre-angajati-pot-reveni-la-birou_db\/"},"wordCount":998,"commentCount":0,"publisher":{"@id":"https:\/\/www.imobiliare.ro\/imoexpert\/#organization"},"image":{"@id":"https:\/\/www.imobiliare.ro\/imoexpert\/crossppoint-o-treime-din-companiile-bucurestene-si-au-reluat-activitatea-la-sediu-pana-la-sfarsitul-verii-mai-bine-de-jumatate-dintre-angajati-pot-reveni-la-birou_db\/#primaryimage"},"thumbnailUrl":"https:\/\/www.imobiliare.ro\/imoexpert\/wp-content\/uploads\/2020\/06\/Crosspoint-o-treime-din-companiile-bucurestene-si-au-reluat-activitatea-la-sediu.jpg","keywords":["angajat","Bucure\u015fti","cladiri de birouri","companii","COVID-19","Crosspoint","cumparator","newsletter","principal","spatii de birouri"],"articleSection":["\u0218tiri"],"inLanguage":"en","potentialAction":[{"@type":"CommentAction","name":"Comment","target":["https:\/\/www.imobiliare.ro\/imoexpert\/crossppoint-o-treime-din-companiile-bucurestene-si-au-reluat-activitatea-la-sediu-pana-la-sfarsitul-verii-mai-bine-de-jumatate-dintre-angajati-pot-reveni-la-birou_db\/#respond"]}],"copyrightYear":"2020","copyrightHolder":{"@id":"https:\/\/www.imobiliare.ro\/imoexpert\/#organization"}},{"@type":"WebPage","@id":"https:\/\/www.imobiliare.ro\/imoexpert\/crossppoint-o-treime-din-companiile-bucurestene-si-au-reluat-activitatea-la-sediu-pana-la-sfarsitul-verii-mai-bine-de-jumatate-dintre-angajati-pot-reveni-la-birou_db\/","url":"https:\/\/www.imobiliare.ro\/imoexpert\/crossppoint-o-treime-din-companiile-bucurestene-si-au-reluat-activitatea-la-sediu-pana-la-sfarsitul-verii-mai-bine-de-jumatate-dintre-angajati-pot-reveni-la-birou_db\/","name":"Crossppoint: O treime din companiile bucure\u0219tene \u0219i-au reluat activitatea la sediu. P\u00e2n\u0103 la sf\u00e2r\u0219itul verii, mai bine de jum\u0103tate dintre angaja\u021bi pot reveni la birou - \u0218tiri - ImoExpert","isPartOf":{"@id":"https:\/\/www.imobiliare.ro\/imoexpert\/#website"},"primaryImageOfPage":{"@id":"https:\/\/www.imobiliare.ro\/imoexpert\/crossppoint-o-treime-din-companiile-bucurestene-si-au-reluat-activitatea-la-sediu-pana-la-sfarsitul-verii-mai-bine-de-jumatate-dintre-angajati-pot-reveni-la-birou_db\/#primaryimage"},"image":{"@id":"https:\/\/www.imobiliare.ro\/imoexpert\/crossppoint-o-treime-din-companiile-bucurestene-si-au-reluat-activitatea-la-sediu-pana-la-sfarsitul-verii-mai-bine-de-jumatate-dintre-angajati-pot-reveni-la-birou_db\/#primaryimage"},"thumbnailUrl":"https:\/\/www.imobiliare.ro\/imoexpert\/wp-content\/uploads\/2020\/06\/Crosspoint-o-treime-din-companiile-bucurestene-si-au-reluat-activitatea-la-sediu.jpg","datePublished":"2020-06-11T13:35:58+00:00","description":"Pe termen mediu \u0219i lung, consider\u0103 reprezentan\u021bii companiei, spa\u021biul de birouri va r\u0103m\u00e2ne o parte important\u0103 a vie\u021bii cotidiene, iar cererea pentru","breadcrumb":{"@id":"https:\/\/www.imobiliare.ro\/imoexpert\/crossppoint-o-treime-din-companiile-bucurestene-si-au-reluat-activitatea-la-sediu-pana-la-sfarsitul-verii-mai-bine-de-jumatate-dintre-angajati-pot-reveni-la-birou_db\/#breadcrumb"},"inLanguage":"en","potentialAction":[{"@type":"ReadAction","target":["https:\/\/www.imobiliare.ro\/imoexpert\/crossppoint-o-treime-din-companiile-bucurestene-si-au-reluat-activitatea-la-sediu-pana-la-sfarsitul-verii-mai-bine-de-jumatate-dintre-angajati-pot-reveni-la-birou_db\/"]}]},{"@type":"ImageObject","inLanguage":"en","@id":"https:\/\/www.imobiliare.ro\/imoexpert\/crossppoint-o-treime-din-companiile-bucurestene-si-au-reluat-activitatea-la-sediu-pana-la-sfarsitul-verii-mai-bine-de-jumatate-dintre-angajati-pot-reveni-la-birou_db\/#primaryimage","url":"https:\/\/www.imobiliare.ro\/imoexpert\/wp-content\/uploads\/2020\/06\/Crosspoint-o-treime-din-companiile-bucurestene-si-au-reluat-activitatea-la-sediu.jpg","contentUrl":"https:\/\/www.imobiliare.ro\/imoexpert\/wp-content\/uploads\/2020\/06\/Crosspoint-o-treime-din-companiile-bucurestene-si-au-reluat-activitatea-la-sediu.jpg","width":800,"height":533,"caption":"Surs\u0103 foto: PIxabay.com"},{"@type":"BreadcrumbList","@id":"https:\/\/www.imobiliare.ro\/imoexpert\/crossppoint-o-treime-din-companiile-bucurestene-si-au-reluat-activitatea-la-sediu-pana-la-sfarsitul-verii-mai-bine-de-jumatate-dintre-angajati-pot-reveni-la-birou_db\/#breadcrumb","itemListElement":[{"@type":"ListItem","position":1,"name":"Imoradar24","item":"https:\/\/www.imoradar24.ro"},{"@type":"ListItem","position":2,"name":"ImoExpert","item":"https:\/\/www.imobiliare.ro\/imoexpert\/"},{"@type":"ListItem","position":3,"name":"\u0218tiri","item":"https:\/\/www.imobiliare.ro\/imoexpert\/stiri\/"},{"@type":"ListItem","position":4,"name":"Crossppoint: O treime din companiile bucure\u0219tene \u0219i-au reluat activitatea la sediu. P\u00e2n\u0103 la sf\u00e2r\u0219itul verii, mai bine de jum\u0103tate dintre angaja\u021bi pot reveni la birou"}]},{"@type":"WebSite","@id":"https:\/\/www.imobiliare.ro\/imoexpert\/#website","url":"https:\/\/www.imobiliare.ro\/imoexpert\/","name":"ImoExpert","description":"cele mai importante \u015ftiri din domeniul imobiliar","publisher":{"@id":"https:\/\/www.imobiliare.ro\/imoexpert\/#organization"},"inLanguage":"en"},{"@type":"Organization","@id":"https:\/\/www.imobiliare.ro\/imoexpert\/#organization","name":"Imobiliare.ro","alternateName":"Realmedia Network SA","url":"https:\/\/www.imobiliare.ro\/imoexpert\/","logo":{"@type":"ImageObject","inLanguage":"en","@id":"https:\/\/www.imobiliare.ro\/imoexpert\/#\/schema\/logo\/image\/","url":"https:\/\/www.imobiliare.ro\/imoexpert\/wp-content\/uploads\/2025\/05\/imobiliare_logo.png","contentUrl":"https:\/\/www.imobiliare.ro\/imoexpert\/wp-content\/uploads\/2025\/05\/imobiliare_logo.png","width":237,"height":29,"caption":"Imobiliare.ro"},"image":{"@id":"https:\/\/www.imobiliare.ro\/imoexpert\/#\/schema\/logo\/image\/"}},{"@type":"Person","@id":"https:\/\/www.imobiliare.ro\/imoexpert\/#\/schema\/person\/8c13b0297075010b896471fabf0d7790","name":"Adriana Dr\u0103gu\u0219in","image":{"@type":"ImageObject","inLanguage":"en","@id":"https:\/\/www.imobiliare.ro\/imoexpert\/#\/schema\/person\/image\/","url":"https:\/\/secure.gravatar.com\/avatar\/ba4762f7517e50e679ed7f11207102d1150120f2f5800c0da98f8a15305bf514?s=96&d=mm&r=g","contentUrl":"https:\/\/secure.gravatar.com\/avatar\/ba4762f7517e50e679ed7f11207102d1150120f2f5800c0da98f8a15305bf514?s=96&d=mm&r=g","caption":"Adriana Dr\u0103gu\u0219in"},"jobTitle":"Editor","url":"https:\/\/www.imobiliare.ro\/imoexpert\/author\/adriana-dragusin\/"}]}},"_links":{"self":[{"href":"https:\/\/www.imobiliare.ro\/imoexpert\/wp-json\/wp\/v2\/posts\/58980","targetHints":{"allow":["GET"]}}],"collection":[{"href":"https:\/\/www.imobiliare.ro\/imoexpert\/wp-json\/wp\/v2\/posts"}],"about":[{"href":"https:\/\/www.imobiliare.ro\/imoexpert\/wp-json\/wp\/v2\/types\/post"}],"author":[{"embeddable":true,"href":"https:\/\/www.imobiliare.ro\/imoexpert\/wp-json\/wp\/v2\/users\/829"}],"replies":[{"embeddable":true,"href":"https:\/\/www.imobiliare.ro\/imoexpert\/wp-json\/wp\/v2\/comments?post=58980"}],"version-history":[{"count":0,"href":"https:\/\/www.imobiliare.ro\/imoexpert\/wp-json\/wp\/v2\/posts\/58980\/revisions"}],"wp:featuredmedia":[{"embeddable":true,"href":"https:\/\/www.imobiliare.ro\/imoexpert\/wp-json\/wp\/v2\/media\/58981"}],"wp:attachment":[{"href":"https:\/\/www.imobiliare.ro\/imoexpert\/wp-json\/wp\/v2\/media?parent=58980"}],"wp:term":[{"taxonomy":"category","embeddable":true,"href":"https:\/\/www.imobiliare.ro\/imoexpert\/wp-json\/wp\/v2\/categories?post=58980"},{"taxonomy":"post_tag","embeddable":true,"href":"https:\/\/www.imobiliare.ro\/imoexpert\/wp-json\/wp\/v2\/tags?post=58980"},{"taxonomy":"content_author","embeddable":true,"href":"https:\/\/www.imobiliare.ro\/imoexpert\/wp-json\/wp\/v2\/content_author?post=58980"}],"curies":[{"name":"wp","href":"https:\/\/api.w.org\/{rel}","templated":true}]}}