{"id":59727,"date":"2020-08-12T13:09:07","date_gmt":"2020-08-12T10:09:07","guid":{"rendered":"https:\/\/www.imobiliare.ro\/imoexpert\/?p=59727"},"modified":"2020-08-12T13:09:07","modified_gmt":"2020-08-12T10:09:07","slug":"piata-spatiilor-logistice-si-industriale-a-ramas-competitiva-in-prima-jumatate-a-anului-in-ciuda-pandemiei","status":"publish","type":"post","link":"https:\/\/www.imobiliare.ro\/imoexpert\/piata-spatiilor-logistice-si-industriale-a-ramas-competitiva-in-prima-jumatate-a-anului-in-ciuda-pandemiei_db\/","title":{"rendered":"Pia\u021ba spa\u021biilor logistice \u0219i industriale a r\u0103mas competitiv\u0103 \u00een prima jum\u0103tate a anului, \u00een ciuda pandemiei"},"content":{"rendered":"<p><a class=\"article-body-links\"href=\"https:\/\/www.imobiliare.ro\/imoexpert\/wp-content\/uploads\/2020\/08\/Piata-spatiilor-logistice-si-industriale-a-ramas-competitiva-in-prima-jumatate-a-anului-in-ciuda-pandemiei.jpg\"><img loading=\"lazy\" decoding=\"async\" src=\"https:\/\/www.imobiliare.ro\/imoexpert\/wp-content\/uploads\/2020\/08\/Piata-spatiilor-logistice-si-industriale-a-ramas-competitiva-in-prima-jumatate-a-anului-in-ciuda-pandemiei.jpg\" alt=\"\" width=\"800\" height=\"533\" class=\"aligncenter size-full wp-image-59728\" srcset=\"https:\/\/www.imobiliare.ro\/imoexpert\/wp-content\/uploads\/2020\/08\/Piata-spatiilor-logistice-si-industriale-a-ramas-competitiva-in-prima-jumatate-a-anului-in-ciuda-pandemiei.jpg 800w, https:\/\/www.imobiliare.ro\/imoexpert\/wp-content\/uploads\/2020\/08\/Piata-spatiilor-logistice-si-industriale-a-ramas-competitiva-in-prima-jumatate-a-anului-in-ciuda-pandemiei-300x200.jpg 300w, https:\/\/www.imobiliare.ro\/imoexpert\/wp-content\/uploads\/2020\/08\/Piata-spatiilor-logistice-si-industriale-a-ramas-competitiva-in-prima-jumatate-a-anului-in-ciuda-pandemiei-768x512.jpg 768w\" sizes=\"auto, (max-width: 800px) 100vw, 800px\" \/><\/a><\/p>\n<div id=\"ez-toc-container\" class=\"ez-toc-v2_0_81 counter-hierarchy ez-toc-counter ez-toc-grey ez-toc-container-direction\">\n<p class=\"ez-toc-title\" style=\"cursor:inherit\">Table of Contents<\/p>\n<label for=\"ez-toc-cssicon-toggle-item-69ec7cde1ad0e\" class=\"ez-toc-cssicon-toggle-label\"><span class=\"ez-toc-cssicon\"><span class=\"eztoc-hide\" style=\"display:none;\">Toggle<\/span><span class=\"ez-toc-icon-toggle-span\"><svg style=\"fill: #999;color:#999\" xmlns=\"http:\/\/www.w3.org\/2000\/svg\" class=\"list-377408\" width=\"20px\" height=\"20px\" viewBox=\"0 0 24 24\" fill=\"none\"><path d=\"M6 6H4v2h2V6zm14 0H8v2h12V6zM4 11h2v2H4v-2zm16 0H8v2h12v-2zM4 16h2v2H4v-2zm16 0H8v2h12v-2z\" fill=\"currentColor\"><\/path><\/svg><svg style=\"fill: #999;color:#999\" class=\"arrow-unsorted-368013\" xmlns=\"http:\/\/www.w3.org\/2000\/svg\" width=\"10px\" height=\"10px\" viewBox=\"0 0 24 24\" version=\"1.2\" baseProfile=\"tiny\"><path d=\"M18.2 9.3l-6.2-6.3-6.2 6.3c-.2.2-.3.4-.3.7s.1.5.3.7c.2.2.4.3.7.3h11c.3 0 .5-.1.7-.3.2-.2.3-.5.3-.7s-.1-.5-.3-.7zM5.8 14.7l6.2 6.3 6.2-6.3c.2-.2.3-.5.3-.7s-.1-.5-.3-.7c-.2-.2-.4-.3-.7-.3h-11c-.3 0-.5.1-.7.3-.2.2-.3.5-.3.7s.1.5.3.7z\"\/><\/svg><\/span><\/span><\/label><input type=\"checkbox\"  id=\"ez-toc-cssicon-toggle-item-69ec7cde1ad0e\"  aria-label=\"Toggle\" \/><nav><ul class='ez-toc-list ez-toc-list-level-1 ' ><li class='ez-toc-page-1 ez-toc-heading-level-2'><a class=\"ez-toc-link ez-toc-heading-1\" href=\"https:\/\/www.imobiliare.ro\/imoexpert\/piata-spatiilor-logistice-si-industriale-a-ramas-competitiva-in-prima-jumatate-a-anului-in-ciuda-pandemiei_db\/#Un_efect_al_situatiei_din_domeniul_sanitar_a_constat_in_disponibilitatea_sporita_a_proprietarilor_de_a_oferi_ajumite_beneficii_chiriasilor\" >Un efect al situa\u021biei din domeniul sanitar a constat \u00een disponibilitatea sporit\u0103 a proprietarilor de a oferi ajumite beneficii chiria\u0219ilor.<\/a><\/li><li class='ez-toc-page-1 ez-toc-heading-level-2'><a class=\"ez-toc-link ez-toc-heading-2\" href=\"https:\/\/www.imobiliare.ro\/imoexpert\/piata-spatiilor-logistice-si-industriale-a-ramas-competitiva-in-prima-jumatate-a-anului-in-ciuda-pandemiei_db\/#Chirii_si_rate_de_neocupare_specifice_unei_perioade_neutre\" >Chirii \u0219i rate de neocupare specifice unei perioade neutre<\/a><\/li><li class='ez-toc-page-1 ez-toc-heading-level-2'><a class=\"ez-toc-link ez-toc-heading-3\" href=\"https:\/\/www.imobiliare.ro\/imoexpert\/piata-spatiilor-logistice-si-industriale-a-ramas-competitiva-in-prima-jumatate-a-anului-in-ciuda-pandemiei_db\/#Accelerare_a_livrarilor_in_semestrul_al_doilea\" >Accelerare a livr\u0103rilor \u00een semestrul al doilea<\/a><\/li><\/ul><\/nav><\/div>\n<h2><span class=\"ez-toc-section\" id=\"Un_efect_al_situatiei_din_domeniul_sanitar_a_constat_in_disponibilitatea_sporita_a_proprietarilor_de_a_oferi_ajumite_beneficii_chiriasilor\"><\/span>Un efect al situa\u021biei din domeniul sanitar a constat \u00een disponibilitatea sporit\u0103 a proprietarilor de a oferi ajumite beneficii chiria\u0219ilor.<span class=\"ez-toc-section-end\"><\/span><\/h2>\n<p>Cel mai recent raport de pia\u021b\u0103 al companiei de consultan\u021b\u0103 Colliers Interna\u021bional relev\u0103 c\u0103 activitatea de pe pia\u021ba spa\u021biilor industriale \u0219i logistice s-a desf\u0103\u0219urat \u00een parametri normali \u00een timpul pandemiei de COVID-19, cel pu\u021bin \u00een materie de \u00eenchirieri \u2013 anumi\u021bi juc\u0103tori \u00eenregistr\u00e2nd ating\u00e2nd chiar un v\u00e2rf al performan\u021belor din acest punct de vedere. <\/p>\n<p><strong>Cite\u0219te \u0219i:<br \/>\n<a class=\"article-body-links\"href=\"https:\/\/www.imobiliare.ro\/imoexpert\/piata-spatiilor-industriale-si-logistice-impulsionata-de-comertul-online_db\/\">Pia\u021ba spa\u021biilor industriale \u0219i logistice, impulsionat\u0103 de comer\u021bul online<\/a><\/strong><\/p>\n<h2><span class=\"ez-toc-section\" id=\"Chirii_si_rate_de_neocupare_specifice_unei_perioade_neutre\"><\/span>Chirii \u0219i rate de neocupare specifice unei perioade neutre<span class=\"ez-toc-section-end\"><\/span><\/h2>\n<p>\u00cen primul semestru din 2020, rata de neocupare a r\u0103mas, astfel, la un nivel confortabil, de 7-8%, f\u0103r\u0103 schimb\u0103ri majore pe fondul epidemiei de COVID-19. Totodat\u0103, concuren\u021ba s\u0103n\u0103toas\u0103 dintre dezvoltatorii de pe acest segment de pia\u021b\u0103 a contribuit la men\u021binerea chiriilor la un nivel favorabil pentru chiria\u0219i, mai exact 3,8-3,9 euro pe metru p\u0103trat pentru \u00eemprejurimile Bucure\u0219tiului \u0219i, respectiv, 3,7-3,9 euro \u00een alte localit\u0103\u021bi din \u021bar\u0103, \u00een zone foarte bune. \u201eAstfel de niveluri sunt \u00een concordan\u021b\u0103 cu o pia\u021b\u0103 neutr\u0103, dar indic\u0103 o component\u0103 semnificativ\u0103 a evolu\u021biilor speculative (inclusiv livr\u0103rile din ultimii ani), plus o pia\u021b\u0103 competitiv\u0103, care \u00eenclin\u0103 balan\u021ba \u00een favoarea chiria\u0219ilor\u201d, subliniaz\u0103 Colliers International. <\/p>\n<p>Ace\u0219tia precizeaz\u0103 totu\u0219i c\u0103 un efect al pandemiei a constat \u00een disponibilitatea crescut\u0103 de a oferi anumite beneficii chiria\u0219ilor, precum mai multe luni de gra\u021bie la plata chiriei sau, \u00een unele cazuri, reduceri ale chiriei nete de aproximativ 20% (fa\u021b\u0103 de aproximativ 13% \u00eenainte). <\/p>\n<blockquote><p>\u201eCererea total\u0103 a ajuns la 249.000 de metri p\u0103tra\u021bi \u00een prima jum\u0103tate a acestui an, nivel similar comparativ cu  primul semestru al anului trecut. Performan\u021bele bune au fost ob\u021binute \u00een mare parte ca urmare a dou\u0103 tranzac\u021bii importante ale lan\u021bului Profi, care au reprezentat aproape jum\u0103tate din totalul suprafe\u021bei brute \u00eenchiriate (GLA) \u00een 2020. Sectorul retail\/FMCG a generat aproape 50,2% din tranzac\u021bii, urmat la o distan\u021b\u0103 important\u0103 de sectorul de produc\u021bie (19,4%) \u0219i de cel de logistic\u0103 (14%).\u201d<\/p>\n<p><strong>Lauren\u021biu Duic\u0103, Partner &#038; Head of Industrial Agency la Colliers International<\/strong><\/p><\/blockquote>\n<p>&nbsp;<\/p>\n<p><strong>Cite\u0219te \u0219i:<br \/>\n<a class=\"article-body-links\"href=\"https:\/\/www.imobiliare.ro\/imoexpert\/colliers-volumul-investitiilor-imobiliare-din-romania-s-a-majorat-in-primul-semestru-din-2020-in-ciuda-pandemiei-investitorii-cauta-in-continuare-terenuri-inclusiv-pentru-proiecte-rezidentiale_db\/\">Colliers: Volumul investi\u021biilor imobiliare din Rom\u00e2nia s-a majorat \u00een primul semestru din 2020, \u00een ciuda pandemiei. Investitorii caut\u0103 \u00een continuare terenuri, inclusiv pentru proiecte reziden\u021biale<\/a><\/p>\n<p><a class=\"article-body-links\"href=\"https:\/\/www.imobiliare.ro\/imoexpert\/revenire-peste-asteptari-pentru-segmentul-imobiliar-cel-mai-afectat-de-situatia-din-domeniul-sanitar_db\/\">Revenire peste a\u0219tept\u0103ri pentru segmentul imobiliar cel mai afectat de situa\u021bia din domeniul sanitar<\/a><\/strong><\/p>\n<h2><span class=\"ez-toc-section\" id=\"Accelerare_a_livrarilor_in_semestrul_al_doilea\"><\/span>Accelerare a livr\u0103rilor \u00een semestrul al doilea<span class=\"ez-toc-section-end\"><\/span><\/h2>\n<p>La sf\u00e2r\u0219itul lui iunie 2020, stocul na\u021bional de spa\u021bii industriale \u0219i logistice a ajuns, potrivit estim\u0103rilor Colliers, la un total de 4,7 milioane de metri p\u0103tra\u021bi, dintre care 2,4 milioane de metri p\u0103tra\u021bi \u00een Bucure\u0219ti. \u00cen primul semestru al anului au avut loc livr\u0103ri de aproximativ 120.000 de metri p\u0103tra\u021bi (din care 100.000 de metri p\u0103tra\u021bi \u00een vecin\u0103tatea Capitalei). Acest volum reprezint\u0103 mai pu\u021bin de jum\u0103tate din cel consemnat \u00een urm\u0103 cu un an, explica\u021bia fiind c\u0103 o bun\u0103 parte din dezvolt\u0103rile speculative au fost puse \u00een a\u0219teptare, pe fondul situa\u021biei din domeniul sanitar, iar unii clien\u021bi au decis s\u0103-\u0219i am\u00e2ne planurile de extindere pentru 2021. <\/p>\n<p>Cu toate acestea, cea de-a doua jum\u0103tate a anului se anun\u021b\u0103 a fi mult mai activ\u0103, aproape 300.000 de metri p\u0103tra\u021bi urm\u00e2nd a fi livra\u021bi (dintre care dou\u0103 treimi \u00een Bucure\u0219ti), ca urmare a unor contracte semnate recent pentru spa\u021bii \u00een care chiria\u0219ii se a\u0219teapt\u0103 s\u0103 se mute c\u00e2t mai rapid. \u00cen acest context, consultan\u021bii Colliers Interna\u021bional preconizeaz\u0103 c\u0103 volumul total de spa\u021bii industriale \u0219i logistice livrate \u00een 2020 va fi cu circa 30% mai mic dec\u00e2t estim\u0103rile de la \u00eenceputul anului.<\/p>\n","protected":false},"excerpt":{"rendered":"<p>Un efect al situa\u021biei din domeniul sanitar a constat \u00een disponibilitatea sporit\u0103 a proprietarilor de a oferi ajumite beneficii chiria\u0219ilor. Cel mai recent raport de pia\u021b\u0103 al companiei de consultan\u021b\u0103 Colliers Interna\u021bional relev\u0103 c\u0103 activitatea de pe pia\u021ba spa\u021biilor industriale \u0219i logistice s-a desf\u0103\u0219urat \u00een parametri normali \u00een timpul pandemiei de COVID-19, cel pu\u021bin \u00een [&hellip;]<\/p>\n","protected":false},"author":829,"featured_media":59728,"comment_status":"open","ping_status":"open","sticky":false,"template":"","format":"standard","meta":{"footnotes":""},"categories":[259],"tags":[459,1902,598,446],"content_author":[],"class_list":["post-59727","post","type-post","status-publish","format-standard","has-post-thumbnail","hentry","category-stiri","tag-colliers","tag-covid-19","tag-spatii-industriale","tag-spatii-logistice"],"yoast_head":"<!-- This site is optimized with the Yoast SEO Premium plugin v27.0 (Yoast SEO v27.0) - https:\/\/yoast.com\/product\/yoast-seo-premium-wordpress\/ -->\n<title>Pia\u021ba spa\u021biilor logistice \u0219i industriale a r\u0103mas competitiv\u0103 \u00een prima jum\u0103tate a anului, \u00een ciuda pandemiei - \u0218tiri - ImoExpert<\/title>\n<meta name=\"description\" content=\"Un efect al situa\u021biei din domeniul sanitar a constat \u00een disponibilitatea sporit\u0103 a proprietarilor de a oferi ajumite beneficii chiria\u0219ilor. Cel mai recent\" \/>\n<meta name=\"robots\" content=\"index, follow\" \/>\n<link rel=\"canonical\" href=\"https:\/\/www.imobiliare.ro\/imoexpert\/piata-spatiilor-logistice-si-industriale-a-ramas-competitiva-in-prima-jumatate-a-anului-in-ciuda-pandemiei_db\/\" \/>\n<meta property=\"og:locale\" content=\"ro_RO\" \/>\n<meta property=\"og:type\" content=\"article\" \/>\n<meta property=\"og:title\" content=\"Pia\u021ba spa\u021biilor logistice \u0219i industriale a r\u0103mas competitiv\u0103 \u00een prima jum\u0103tate a anului, \u00een ciuda pandemiei\" \/>\n<meta property=\"og:description\" content=\"Un efect al situa\u021biei din domeniul sanitar a constat \u00een disponibilitatea sporit\u0103 a proprietarilor de a oferi ajumite beneficii chiria\u0219ilor. Cel mai recent\" \/>\n<meta property=\"og:url\" content=\"https:\/\/www.imobiliare.ro\/imoexpert\/piata-spatiilor-logistice-si-industriale-a-ramas-competitiva-in-prima-jumatate-a-anului-in-ciuda-pandemiei_db\/\" \/>\n<meta property=\"og:site_name\" content=\"ImoExpert\" \/>\n<meta property=\"article:published_time\" content=\"2020-08-12T10:09:07+00:00\" \/>\n<meta property=\"og:image\" content=\"https:\/\/www.imobiliare.ro\/imoexpert\/wp-content\/uploads\/2020\/08\/Piata-spatiilor-logistice-si-industriale-a-ramas-competitiva-in-prima-jumatate-a-anului-in-ciuda-pandemiei.jpg\" \/>\n\t<meta property=\"og:image:width\" content=\"800\" \/>\n\t<meta property=\"og:image:height\" content=\"533\" \/>\n\t<meta property=\"og:image:type\" content=\"image\/jpeg\" \/>\n<meta name=\"author\" content=\"Adriana Dr\u0103gu\u0219in\" \/>\n<meta name=\"twitter:card\" content=\"summary_large_image\" \/>\n<meta name=\"twitter:label1\" content=\"Written by\" \/>\n\t<meta name=\"twitter:data1\" content=\"Adriana Dr\u0103gu\u0219in\" \/>\n\t<meta name=\"twitter:label2\" content=\"Est. reading time\" \/>\n\t<meta name=\"twitter:data2\" content=\"3 minute\" \/>\n<script type=\"application\/ld+json\" class=\"yoast-schema-graph\">{\"@context\":\"https:\/\/schema.org\",\"@graph\":[{\"@type\":\"Article\",\"@id\":\"https:\/\/www.imobiliare.ro\/imoexpert\/piata-spatiilor-logistice-si-industriale-a-ramas-competitiva-in-prima-jumatate-a-anului-in-ciuda-pandemiei_db\/#article\",\"isPartOf\":{\"@id\":\"https:\/\/www.imobiliare.ro\/imoexpert\/piata-spatiilor-logistice-si-industriale-a-ramas-competitiva-in-prima-jumatate-a-anului-in-ciuda-pandemiei_db\/\"},\"author\":{\"name\":\"Adriana Dr\u0103gu\u0219in\",\"@id\":\"https:\/\/www.imobiliare.ro\/imoexpert\/#\/schema\/person\/8c13b0297075010b896471fabf0d7790\"},\"headline\":\"Pia\u021ba spa\u021biilor logistice \u0219i industriale a r\u0103mas competitiv\u0103 \u00een prima jum\u0103tate a anului, \u00een ciuda pandemiei\",\"datePublished\":\"2020-08-12T10:09:07+00:00\",\"mainEntityOfPage\":{\"@id\":\"https:\/\/www.imobiliare.ro\/imoexpert\/piata-spatiilor-logistice-si-industriale-a-ramas-competitiva-in-prima-jumatate-a-anului-in-ciuda-pandemiei_db\/\"},\"wordCount\":667,\"commentCount\":0,\"publisher\":{\"@id\":\"https:\/\/www.imobiliare.ro\/imoexpert\/#organization\"},\"image\":{\"@id\":\"https:\/\/www.imobiliare.ro\/imoexpert\/piata-spatiilor-logistice-si-industriale-a-ramas-competitiva-in-prima-jumatate-a-anului-in-ciuda-pandemiei_db\/#primaryimage\"},\"thumbnailUrl\":\"https:\/\/www.imobiliare.ro\/imoexpert\/wp-content\/uploads\/2020\/08\/Piata-spatiilor-logistice-si-industriale-a-ramas-competitiva-in-prima-jumatate-a-anului-in-ciuda-pandemiei.jpg\",\"keywords\":[\"Colliers\",\"COVID-19\",\"spatii industriale\",\"spatii logistice\"],\"articleSection\":[\"\u0218tiri\"],\"inLanguage\":\"en\",\"potentialAction\":[{\"@type\":\"CommentAction\",\"name\":\"Comment\",\"target\":[\"https:\/\/www.imobiliare.ro\/imoexpert\/piata-spatiilor-logistice-si-industriale-a-ramas-competitiva-in-prima-jumatate-a-anului-in-ciuda-pandemiei_db\/#respond\"]}],\"copyrightYear\":\"2020\",\"copyrightHolder\":{\"@id\":\"https:\/\/www.imobiliare.ro\/imoexpert\/#organization\"}},{\"@type\":\"WebPage\",\"@id\":\"https:\/\/www.imobiliare.ro\/imoexpert\/piata-spatiilor-logistice-si-industriale-a-ramas-competitiva-in-prima-jumatate-a-anului-in-ciuda-pandemiei_db\/\",\"url\":\"https:\/\/www.imobiliare.ro\/imoexpert\/piata-spatiilor-logistice-si-industriale-a-ramas-competitiva-in-prima-jumatate-a-anului-in-ciuda-pandemiei_db\/\",\"name\":\"Pia\u021ba spa\u021biilor logistice \u0219i industriale a r\u0103mas competitiv\u0103 \u00een prima jum\u0103tate a anului, \u00een ciuda pandemiei - \u0218tiri - ImoExpert\",\"isPartOf\":{\"@id\":\"https:\/\/www.imobiliare.ro\/imoexpert\/#website\"},\"primaryImageOfPage\":{\"@id\":\"https:\/\/www.imobiliare.ro\/imoexpert\/piata-spatiilor-logistice-si-industriale-a-ramas-competitiva-in-prima-jumatate-a-anului-in-ciuda-pandemiei_db\/#primaryimage\"},\"image\":{\"@id\":\"https:\/\/www.imobiliare.ro\/imoexpert\/piata-spatiilor-logistice-si-industriale-a-ramas-competitiva-in-prima-jumatate-a-anului-in-ciuda-pandemiei_db\/#primaryimage\"},\"thumbnailUrl\":\"https:\/\/www.imobiliare.ro\/imoexpert\/wp-content\/uploads\/2020\/08\/Piata-spatiilor-logistice-si-industriale-a-ramas-competitiva-in-prima-jumatate-a-anului-in-ciuda-pandemiei.jpg\",\"datePublished\":\"2020-08-12T10:09:07+00:00\",\"description\":\"Un efect al situa\u021biei din domeniul sanitar a constat \u00een disponibilitatea sporit\u0103 a proprietarilor de a oferi ajumite beneficii chiria\u0219ilor. Cel mai recent\",\"breadcrumb\":{\"@id\":\"https:\/\/www.imobiliare.ro\/imoexpert\/piata-spatiilor-logistice-si-industriale-a-ramas-competitiva-in-prima-jumatate-a-anului-in-ciuda-pandemiei_db\/#breadcrumb\"},\"inLanguage\":\"en\",\"potentialAction\":[{\"@type\":\"ReadAction\",\"target\":[\"https:\/\/www.imobiliare.ro\/imoexpert\/piata-spatiilor-logistice-si-industriale-a-ramas-competitiva-in-prima-jumatate-a-anului-in-ciuda-pandemiei_db\/\"]}]},{\"@type\":\"ImageObject\",\"inLanguage\":\"en\",\"@id\":\"https:\/\/www.imobiliare.ro\/imoexpert\/piata-spatiilor-logistice-si-industriale-a-ramas-competitiva-in-prima-jumatate-a-anului-in-ciuda-pandemiei_db\/#primaryimage\",\"url\":\"https:\/\/www.imobiliare.ro\/imoexpert\/wp-content\/uploads\/2020\/08\/Piata-spatiilor-logistice-si-industriale-a-ramas-competitiva-in-prima-jumatate-a-anului-in-ciuda-pandemiei.jpg\",\"contentUrl\":\"https:\/\/www.imobiliare.ro\/imoexpert\/wp-content\/uploads\/2020\/08\/Piata-spatiilor-logistice-si-industriale-a-ramas-competitiva-in-prima-jumatate-a-anului-in-ciuda-pandemiei.jpg\",\"width\":800,\"height\":533},{\"@type\":\"BreadcrumbList\",\"@id\":\"https:\/\/www.imobiliare.ro\/imoexpert\/piata-spatiilor-logistice-si-industriale-a-ramas-competitiva-in-prima-jumatate-a-anului-in-ciuda-pandemiei_db\/#breadcrumb\",\"itemListElement\":[{\"@type\":\"ListItem\",\"position\":1,\"name\":\"Imoradar24\",\"item\":\"https:\/\/www.imoradar24.ro\"},{\"@type\":\"ListItem\",\"position\":2,\"name\":\"ImoExpert\",\"item\":\"https:\/\/www.imobiliare.ro\/imoexpert\/\"},{\"@type\":\"ListItem\",\"position\":3,\"name\":\"\u0218tiri\",\"item\":\"https:\/\/www.imobiliare.ro\/imoexpert\/stiri\/\"},{\"@type\":\"ListItem\",\"position\":4,\"name\":\"Pia\u021ba spa\u021biilor logistice \u0219i industriale a r\u0103mas competitiv\u0103 \u00een prima jum\u0103tate a anului, \u00een ciuda pandemiei\"}]},{\"@type\":\"WebSite\",\"@id\":\"https:\/\/www.imobiliare.ro\/imoexpert\/#website\",\"url\":\"https:\/\/www.imobiliare.ro\/imoexpert\/\",\"name\":\"ImoExpert\",\"description\":\"cele mai importante \u015ftiri din domeniul imobiliar\",\"publisher\":{\"@id\":\"https:\/\/www.imobiliare.ro\/imoexpert\/#organization\"},\"inLanguage\":\"en\"},{\"@type\":\"Organization\",\"@id\":\"https:\/\/www.imobiliare.ro\/imoexpert\/#organization\",\"name\":\"Imobiliare.ro\",\"alternateName\":\"Realmedia Network SA\",\"url\":\"https:\/\/www.imobiliare.ro\/imoexpert\/\",\"logo\":{\"@type\":\"ImageObject\",\"inLanguage\":\"en\",\"@id\":\"https:\/\/www.imobiliare.ro\/imoexpert\/#\/schema\/logo\/image\/\",\"url\":\"https:\/\/www.imobiliare.ro\/imoexpert\/wp-content\/uploads\/2025\/05\/imobiliare_logo.png\",\"contentUrl\":\"https:\/\/www.imobiliare.ro\/imoexpert\/wp-content\/uploads\/2025\/05\/imobiliare_logo.png\",\"width\":237,\"height\":29,\"caption\":\"Imobiliare.ro\"},\"image\":{\"@id\":\"https:\/\/www.imobiliare.ro\/imoexpert\/#\/schema\/logo\/image\/\"}},{\"@type\":\"Person\",\"@id\":\"https:\/\/www.imobiliare.ro\/imoexpert\/#\/schema\/person\/8c13b0297075010b896471fabf0d7790\",\"name\":\"Adriana Dr\u0103gu\u0219in\",\"image\":{\"@type\":\"ImageObject\",\"inLanguage\":\"en\",\"@id\":\"https:\/\/www.imobiliare.ro\/imoexpert\/#\/schema\/person\/image\/\",\"url\":\"https:\/\/secure.gravatar.com\/avatar\/ba4762f7517e50e679ed7f11207102d1150120f2f5800c0da98f8a15305bf514?s=96&d=mm&r=g\",\"contentUrl\":\"https:\/\/secure.gravatar.com\/avatar\/ba4762f7517e50e679ed7f11207102d1150120f2f5800c0da98f8a15305bf514?s=96&d=mm&r=g\",\"caption\":\"Adriana Dr\u0103gu\u0219in\"},\"jobTitle\":\"Editor\",\"url\":\"https:\/\/www.imobiliare.ro\/imoexpert\/author\/adriana-dragusin\/\"}]}<\/script>\n<!-- \/ Yoast SEO Premium plugin. -->","yoast_head_json":{"title":"Pia\u021ba spa\u021biilor logistice \u0219i industriale a r\u0103mas competitiv\u0103 \u00een prima jum\u0103tate a anului, \u00een ciuda pandemiei - \u0218tiri - ImoExpert","description":"Un efect al situa\u021biei din domeniul sanitar a constat \u00een disponibilitatea sporit\u0103 a proprietarilor de a oferi ajumite beneficii chiria\u0219ilor. Cel mai recent","robots":{"index":"index","follow":"follow"},"canonical":"https:\/\/www.imobiliare.ro\/imoexpert\/piata-spatiilor-logistice-si-industriale-a-ramas-competitiva-in-prima-jumatate-a-anului-in-ciuda-pandemiei_db\/","og_locale":"ro_RO","og_type":"article","og_title":"Pia\u021ba spa\u021biilor logistice \u0219i industriale a r\u0103mas competitiv\u0103 \u00een prima jum\u0103tate a anului, \u00een ciuda pandemiei","og_description":"Un efect al situa\u021biei din domeniul sanitar a constat \u00een disponibilitatea sporit\u0103 a proprietarilor de a oferi ajumite beneficii chiria\u0219ilor. Cel mai recent","og_url":"https:\/\/www.imobiliare.ro\/imoexpert\/piata-spatiilor-logistice-si-industriale-a-ramas-competitiva-in-prima-jumatate-a-anului-in-ciuda-pandemiei_db\/","og_site_name":"ImoExpert","article_published_time":"2020-08-12T10:09:07+00:00","og_image":[{"width":800,"height":533,"url":"https:\/\/www.imobiliare.ro\/imoexpert\/wp-content\/uploads\/2020\/08\/Piata-spatiilor-logistice-si-industriale-a-ramas-competitiva-in-prima-jumatate-a-anului-in-ciuda-pandemiei.jpg","type":"image\/jpeg"}],"author":"Adriana Dr\u0103gu\u0219in","twitter_card":"summary_large_image","twitter_misc":{"Written by":"Adriana Dr\u0103gu\u0219in","Est. reading time":"3 minute"},"schema":{"@context":"https:\/\/schema.org","@graph":[{"@type":"Article","@id":"https:\/\/www.imobiliare.ro\/imoexpert\/piata-spatiilor-logistice-si-industriale-a-ramas-competitiva-in-prima-jumatate-a-anului-in-ciuda-pandemiei_db\/#article","isPartOf":{"@id":"https:\/\/www.imobiliare.ro\/imoexpert\/piata-spatiilor-logistice-si-industriale-a-ramas-competitiva-in-prima-jumatate-a-anului-in-ciuda-pandemiei_db\/"},"author":{"name":"Adriana Dr\u0103gu\u0219in","@id":"https:\/\/www.imobiliare.ro\/imoexpert\/#\/schema\/person\/8c13b0297075010b896471fabf0d7790"},"headline":"Pia\u021ba spa\u021biilor logistice \u0219i industriale a r\u0103mas competitiv\u0103 \u00een prima jum\u0103tate a anului, \u00een ciuda pandemiei","datePublished":"2020-08-12T10:09:07+00:00","mainEntityOfPage":{"@id":"https:\/\/www.imobiliare.ro\/imoexpert\/piata-spatiilor-logistice-si-industriale-a-ramas-competitiva-in-prima-jumatate-a-anului-in-ciuda-pandemiei_db\/"},"wordCount":667,"commentCount":0,"publisher":{"@id":"https:\/\/www.imobiliare.ro\/imoexpert\/#organization"},"image":{"@id":"https:\/\/www.imobiliare.ro\/imoexpert\/piata-spatiilor-logistice-si-industriale-a-ramas-competitiva-in-prima-jumatate-a-anului-in-ciuda-pandemiei_db\/#primaryimage"},"thumbnailUrl":"https:\/\/www.imobiliare.ro\/imoexpert\/wp-content\/uploads\/2020\/08\/Piata-spatiilor-logistice-si-industriale-a-ramas-competitiva-in-prima-jumatate-a-anului-in-ciuda-pandemiei.jpg","keywords":["Colliers","COVID-19","spatii industriale","spatii logistice"],"articleSection":["\u0218tiri"],"inLanguage":"en","potentialAction":[{"@type":"CommentAction","name":"Comment","target":["https:\/\/www.imobiliare.ro\/imoexpert\/piata-spatiilor-logistice-si-industriale-a-ramas-competitiva-in-prima-jumatate-a-anului-in-ciuda-pandemiei_db\/#respond"]}],"copyrightYear":"2020","copyrightHolder":{"@id":"https:\/\/www.imobiliare.ro\/imoexpert\/#organization"}},{"@type":"WebPage","@id":"https:\/\/www.imobiliare.ro\/imoexpert\/piata-spatiilor-logistice-si-industriale-a-ramas-competitiva-in-prima-jumatate-a-anului-in-ciuda-pandemiei_db\/","url":"https:\/\/www.imobiliare.ro\/imoexpert\/piata-spatiilor-logistice-si-industriale-a-ramas-competitiva-in-prima-jumatate-a-anului-in-ciuda-pandemiei_db\/","name":"Pia\u021ba spa\u021biilor logistice \u0219i industriale a r\u0103mas competitiv\u0103 \u00een prima jum\u0103tate a anului, \u00een ciuda pandemiei - \u0218tiri - ImoExpert","isPartOf":{"@id":"https:\/\/www.imobiliare.ro\/imoexpert\/#website"},"primaryImageOfPage":{"@id":"https:\/\/www.imobiliare.ro\/imoexpert\/piata-spatiilor-logistice-si-industriale-a-ramas-competitiva-in-prima-jumatate-a-anului-in-ciuda-pandemiei_db\/#primaryimage"},"image":{"@id":"https:\/\/www.imobiliare.ro\/imoexpert\/piata-spatiilor-logistice-si-industriale-a-ramas-competitiva-in-prima-jumatate-a-anului-in-ciuda-pandemiei_db\/#primaryimage"},"thumbnailUrl":"https:\/\/www.imobiliare.ro\/imoexpert\/wp-content\/uploads\/2020\/08\/Piata-spatiilor-logistice-si-industriale-a-ramas-competitiva-in-prima-jumatate-a-anului-in-ciuda-pandemiei.jpg","datePublished":"2020-08-12T10:09:07+00:00","description":"Un efect al situa\u021biei din domeniul sanitar a constat \u00een disponibilitatea sporit\u0103 a proprietarilor de a oferi ajumite beneficii chiria\u0219ilor. Cel mai recent","breadcrumb":{"@id":"https:\/\/www.imobiliare.ro\/imoexpert\/piata-spatiilor-logistice-si-industriale-a-ramas-competitiva-in-prima-jumatate-a-anului-in-ciuda-pandemiei_db\/#breadcrumb"},"inLanguage":"en","potentialAction":[{"@type":"ReadAction","target":["https:\/\/www.imobiliare.ro\/imoexpert\/piata-spatiilor-logistice-si-industriale-a-ramas-competitiva-in-prima-jumatate-a-anului-in-ciuda-pandemiei_db\/"]}]},{"@type":"ImageObject","inLanguage":"en","@id":"https:\/\/www.imobiliare.ro\/imoexpert\/piata-spatiilor-logistice-si-industriale-a-ramas-competitiva-in-prima-jumatate-a-anului-in-ciuda-pandemiei_db\/#primaryimage","url":"https:\/\/www.imobiliare.ro\/imoexpert\/wp-content\/uploads\/2020\/08\/Piata-spatiilor-logistice-si-industriale-a-ramas-competitiva-in-prima-jumatate-a-anului-in-ciuda-pandemiei.jpg","contentUrl":"https:\/\/www.imobiliare.ro\/imoexpert\/wp-content\/uploads\/2020\/08\/Piata-spatiilor-logistice-si-industriale-a-ramas-competitiva-in-prima-jumatate-a-anului-in-ciuda-pandemiei.jpg","width":800,"height":533},{"@type":"BreadcrumbList","@id":"https:\/\/www.imobiliare.ro\/imoexpert\/piata-spatiilor-logistice-si-industriale-a-ramas-competitiva-in-prima-jumatate-a-anului-in-ciuda-pandemiei_db\/#breadcrumb","itemListElement":[{"@type":"ListItem","position":1,"name":"Imoradar24","item":"https:\/\/www.imoradar24.ro"},{"@type":"ListItem","position":2,"name":"ImoExpert","item":"https:\/\/www.imobiliare.ro\/imoexpert\/"},{"@type":"ListItem","position":3,"name":"\u0218tiri","item":"https:\/\/www.imobiliare.ro\/imoexpert\/stiri\/"},{"@type":"ListItem","position":4,"name":"Pia\u021ba spa\u021biilor logistice \u0219i industriale a r\u0103mas competitiv\u0103 \u00een prima jum\u0103tate a anului, \u00een ciuda pandemiei"}]},{"@type":"WebSite","@id":"https:\/\/www.imobiliare.ro\/imoexpert\/#website","url":"https:\/\/www.imobiliare.ro\/imoexpert\/","name":"ImoExpert","description":"cele mai importante \u015ftiri din domeniul imobiliar","publisher":{"@id":"https:\/\/www.imobiliare.ro\/imoexpert\/#organization"},"inLanguage":"en"},{"@type":"Organization","@id":"https:\/\/www.imobiliare.ro\/imoexpert\/#organization","name":"Imobiliare.ro","alternateName":"Realmedia Network SA","url":"https:\/\/www.imobiliare.ro\/imoexpert\/","logo":{"@type":"ImageObject","inLanguage":"en","@id":"https:\/\/www.imobiliare.ro\/imoexpert\/#\/schema\/logo\/image\/","url":"https:\/\/www.imobiliare.ro\/imoexpert\/wp-content\/uploads\/2025\/05\/imobiliare_logo.png","contentUrl":"https:\/\/www.imobiliare.ro\/imoexpert\/wp-content\/uploads\/2025\/05\/imobiliare_logo.png","width":237,"height":29,"caption":"Imobiliare.ro"},"image":{"@id":"https:\/\/www.imobiliare.ro\/imoexpert\/#\/schema\/logo\/image\/"}},{"@type":"Person","@id":"https:\/\/www.imobiliare.ro\/imoexpert\/#\/schema\/person\/8c13b0297075010b896471fabf0d7790","name":"Adriana Dr\u0103gu\u0219in","image":{"@type":"ImageObject","inLanguage":"en","@id":"https:\/\/www.imobiliare.ro\/imoexpert\/#\/schema\/person\/image\/","url":"https:\/\/secure.gravatar.com\/avatar\/ba4762f7517e50e679ed7f11207102d1150120f2f5800c0da98f8a15305bf514?s=96&d=mm&r=g","contentUrl":"https:\/\/secure.gravatar.com\/avatar\/ba4762f7517e50e679ed7f11207102d1150120f2f5800c0da98f8a15305bf514?s=96&d=mm&r=g","caption":"Adriana Dr\u0103gu\u0219in"},"jobTitle":"Editor","url":"https:\/\/www.imobiliare.ro\/imoexpert\/author\/adriana-dragusin\/"}]}},"_links":{"self":[{"href":"https:\/\/www.imobiliare.ro\/imoexpert\/wp-json\/wp\/v2\/posts\/59727","targetHints":{"allow":["GET"]}}],"collection":[{"href":"https:\/\/www.imobiliare.ro\/imoexpert\/wp-json\/wp\/v2\/posts"}],"about":[{"href":"https:\/\/www.imobiliare.ro\/imoexpert\/wp-json\/wp\/v2\/types\/post"}],"author":[{"embeddable":true,"href":"https:\/\/www.imobiliare.ro\/imoexpert\/wp-json\/wp\/v2\/users\/829"}],"replies":[{"embeddable":true,"href":"https:\/\/www.imobiliare.ro\/imoexpert\/wp-json\/wp\/v2\/comments?post=59727"}],"version-history":[{"count":0,"href":"https:\/\/www.imobiliare.ro\/imoexpert\/wp-json\/wp\/v2\/posts\/59727\/revisions"}],"wp:featuredmedia":[{"embeddable":true,"href":"https:\/\/www.imobiliare.ro\/imoexpert\/wp-json\/wp\/v2\/media\/59728"}],"wp:attachment":[{"href":"https:\/\/www.imobiliare.ro\/imoexpert\/wp-json\/wp\/v2\/media?parent=59727"}],"wp:term":[{"taxonomy":"category","embeddable":true,"href":"https:\/\/www.imobiliare.ro\/imoexpert\/wp-json\/wp\/v2\/categories?post=59727"},{"taxonomy":"post_tag","embeddable":true,"href":"https:\/\/www.imobiliare.ro\/imoexpert\/wp-json\/wp\/v2\/tags?post=59727"},{"taxonomy":"content_author","embeddable":true,"href":"https:\/\/www.imobiliare.ro\/imoexpert\/wp-json\/wp\/v2\/content_author?post=59727"}],"curies":[{"name":"wp","href":"https:\/\/api.w.org\/{rel}","templated":true}]}}