{"id":59789,"date":"2020-08-18T18:39:47","date_gmt":"2020-08-18T15:39:47","guid":{"rendered":"https:\/\/www.imobiliare.ro\/imoexpert\/?p=59789"},"modified":"2020-08-18T18:39:47","modified_gmt":"2020-08-18T15:39:47","slug":"vindem-si-mai-bine-decat-inainte-de-pandemie-cum-evolueaza-cele-patru-proiecte-rezidentiale-ale-unui-dezvoltator-cu-circa-1-800-de-locuinte-finalizate","status":"publish","type":"post","link":"https:\/\/www.imobiliare.ro\/imoexpert\/vindem-si-mai-bine-decat-inainte-de-pandemie-cum-evolueaza-cele-patru-proiecte-rezidentiale-ale-unui-dezvoltator-cu-circa-1-800-de-locuinte-finalizate_db\/","title":{"rendered":"\u201eVindem (\u0219i) mai bine dec\u00e2t \u00eenainte de pandemie!\u201d. Cum evolueaz\u0103 cele patru proiecte reziden\u021biale ale unui dezvoltator cu circa 1.800 de locuin\u021be finalizate"},"content":{"rendered":"<figure id=\"attachment_59790\" aria-describedby=\"caption-attachment-59790\" style=\"width: 800px\" class=\"wp-caption aligncenter\"><a class=\"article-body-links\"href=\"https:\/\/www.imobiliare.ro\/imoexpert\/wp-content\/uploads\/2020\/08\/Aviatiei-Apartments-0.jpg\"><img loading=\"lazy\" decoding=\"async\" src=\"https:\/\/www.imobiliare.ro\/imoexpert\/wp-content\/uploads\/2020\/08\/Aviatiei-Apartments-0.jpg\" alt=\"\" width=\"800\" height=\"534\" class=\"size-full wp-image-59790\" srcset=\"https:\/\/www.imobiliare.ro\/imoexpert\/wp-content\/uploads\/2020\/08\/Aviatiei-Apartments-0.jpg 800w, https:\/\/www.imobiliare.ro\/imoexpert\/wp-content\/uploads\/2020\/08\/Aviatiei-Apartments-0-300x200.jpg 300w, https:\/\/www.imobiliare.ro\/imoexpert\/wp-content\/uploads\/2020\/08\/Aviatiei-Apartments-0-768x513.jpg 768w\" sizes=\"auto, (max-width: 800px) 100vw, 800px\" \/><\/a><figcaption id=\"caption-attachment-59790\" class=\"wp-caption-text\">\u00cen complexul din zona Avia\u021biei ritmul v\u00e2nz\u0103rilor s-a intensificat dup\u0103 ie\u0219irea din starea de urgen\u021b\u0103<\/figcaption><\/figure>\n<div id=\"ez-toc-container\" class=\"ez-toc-v2_0_81 counter-hierarchy ez-toc-counter ez-toc-grey ez-toc-container-direction\">\n<p class=\"ez-toc-title\" style=\"cursor:inherit\">Table of Contents<\/p>\n<label for=\"ez-toc-cssicon-toggle-item-69f4eadebeb2b\" class=\"ez-toc-cssicon-toggle-label\"><span class=\"ez-toc-cssicon\"><span class=\"eztoc-hide\" style=\"display:none;\">Toggle<\/span><span class=\"ez-toc-icon-toggle-span\"><svg style=\"fill: #999;color:#999\" xmlns=\"http:\/\/www.w3.org\/2000\/svg\" class=\"list-377408\" width=\"20px\" height=\"20px\" viewBox=\"0 0 24 24\" fill=\"none\"><path d=\"M6 6H4v2h2V6zm14 0H8v2h12V6zM4 11h2v2H4v-2zm16 0H8v2h12v-2zM4 16h2v2H4v-2zm16 0H8v2h12v-2z\" fill=\"currentColor\"><\/path><\/svg><svg style=\"fill: #999;color:#999\" class=\"arrow-unsorted-368013\" xmlns=\"http:\/\/www.w3.org\/2000\/svg\" width=\"10px\" height=\"10px\" viewBox=\"0 0 24 24\" version=\"1.2\" baseProfile=\"tiny\"><path d=\"M18.2 9.3l-6.2-6.3-6.2 6.3c-.2.2-.3.4-.3.7s.1.5.3.7c.2.2.4.3.7.3h11c.3 0 .5-.1.7-.3.2-.2.3-.5.3-.7s-.1-.5-.3-.7zM5.8 14.7l6.2 6.3 6.2-6.3c.2-.2.3-.5.3-.7s-.1-.5-.3-.7c-.2-.2-.4-.3-.7-.3h-11c-.3 0-.5.1-.7.3-.2.2-.3.5-.3.7s.1.5.3.7z\"\/><\/svg><\/span><\/span><\/label><input type=\"checkbox\"  id=\"ez-toc-cssicon-toggle-item-69f4eadebeb2b\"  aria-label=\"Toggle\" \/><nav><ul class='ez-toc-list ez-toc-list-level-1 ' ><li class='ez-toc-page-1 ez-toc-heading-level-2'><a class=\"ez-toc-link ez-toc-heading-1\" href=\"https:\/\/www.imobiliare.ro\/imoexpert\/vindem-si-mai-bine-decat-inainte-de-pandemie-cum-evolueaza-cele-patru-proiecte-rezidentiale-ale-unui-dezvoltator-cu-circa-1-800-de-locuinte-finalizate_db\/#Intr-unul_dintre_ansamblurile_dezvoltate_de_companie_70_dintre_clienti_si-au_finantat_achizitiile_din_fonduri_proprii_%E2%80%93_iar_majoritatea_au_preferat_sa_achite_integral_la_semnarea_antecontractului\" >\u00centr-unul dintre ansamblurile dezvoltate de companie, 70% dintre clien\u021bi \u0219i-au finan\u021bat achizi\u021biile din fonduri proprii \u2013 iar majoritatea au preferat s\u0103 achite integral la semnarea antecontractului.<\/a><\/li><li class='ez-toc-page-1 ez-toc-heading-level-2'><a class=\"ez-toc-link ez-toc-heading-2\" href=\"https:\/\/www.imobiliare.ro\/imoexpert\/vindem-si-mai-bine-decat-inainte-de-pandemie-cum-evolueaza-cele-patru-proiecte-rezidentiale-ale-unui-dezvoltator-cu-circa-1-800-de-locuinte-finalizate_db\/#Discutii_doar_%E2%80%9Ede_la_distanta%E2%80%9D_in_perioada_de_lockdown\" >Discu\u021bii doar \u201ede la distan\u021b\u0103\u201d \u00een perioada de lockdown<\/a><\/li><li class='ez-toc-page-1 ez-toc-heading-level-2'><a class=\"ez-toc-link ez-toc-heading-3\" href=\"https:\/\/www.imobiliare.ro\/imoexpert\/vindem-si-mai-bine-decat-inainte-de-pandemie-cum-evolueaza-cele-patru-proiecte-rezidentiale-ale-unui-dezvoltator-cu-circa-1-800-de-locuinte-finalizate_db\/#Aviatiei_Apartments\" >Avia\u021biei Apartments:<\/a><\/li><li class='ez-toc-page-1 ez-toc-heading-level-2'><a class=\"ez-toc-link ez-toc-heading-4\" href=\"https:\/\/www.imobiliare.ro\/imoexpert\/vindem-si-mai-bine-decat-inainte-de-pandemie-cum-evolueaza-cele-patru-proiecte-rezidentiale-ale-unui-dezvoltator-cu-circa-1-800-de-locuinte-finalizate_db\/#Gran_Via_Park\" >Gran Via Park:<\/a><\/li><li class='ez-toc-page-1 ez-toc-heading-level-2'><a class=\"ez-toc-link ez-toc-heading-5\" href=\"https:\/\/www.imobiliare.ro\/imoexpert\/vindem-si-mai-bine-decat-inainte-de-pandemie-cum-evolueaza-cele-patru-proiecte-rezidentiale-ale-unui-dezvoltator-cu-circa-1-800-de-locuinte-finalizate_db\/#Timisoara_58\" >Timi\u0219oara 58:<\/a><\/li><li class='ez-toc-page-1 ez-toc-heading-level-2'><a class=\"ez-toc-link ez-toc-heading-6\" href=\"https:\/\/www.imobiliare.ro\/imoexpert\/vindem-si-mai-bine-decat-inainte-de-pandemie-cum-evolueaza-cele-patru-proiecte-rezidentiale-ale-unui-dezvoltator-cu-circa-1-800-de-locuinte-finalizate_db\/#Gran_Via_Marina\" >Gran Via Marina:<\/a><\/li><\/ul><\/nav><\/div>\n<h2><span class=\"ez-toc-section\" id=\"Intr-unul_dintre_ansamblurile_dezvoltate_de_companie_70_dintre_clienti_si-au_finantat_achizitiile_din_fonduri_proprii_%E2%80%93_iar_majoritatea_au_preferat_sa_achite_integral_la_semnarea_antecontractului\"><\/span>\u00centr-unul dintre ansamblurile dezvoltate de companie, 70% dintre clien\u021bi \u0219i-au finan\u021bat achizi\u021biile din fonduri proprii \u2013 iar majoritatea au preferat s\u0103 achite integral la semnarea antecontractului.<span class=\"ez-toc-section-end\"><\/span><\/h2>\n<p>Dup\u0103 perioada de izolare, v\u00e2nz\u0103rile de locuin\u021be au revenit, cel pu\u021bin pentru unii dezvoltatori, la un ritm c\u00e2t se poate de normal. Aceasta este situa\u021bia Gran Via Rom\u00e2nia,  potrivit directorului general al companiei, Antoanela Com\u0219a. \u201ePot s\u0103 v\u0103 spun c\u0103 avem un proiect, proiectul din Avia\u021biei, unde vindem mai bine dec\u00e2t [\u2026] \u00eenainte de pandemie\u201d, a declarat aceasta, \u00een cadrul celui mai recent webinar marca CPI, organizat de <strong><a class=\"article-body-links\"href=\"https:\/\/www.imobiliare.ro\/\">Imobiliare.ro<\/a><\/strong>. \u00cen cazul celorlalte proiecte din portofoliul companiei, v\u00e2nz\u0103rile continu\u0103, practic, \u00een acela\u0219i ritm ca \u00eenainte.  <\/p>\n<p><strong>Cite\u0219te \u0219i:<br \/>\n<a class=\"article-body-links\"href=\"https:\/\/www.imobiliare.ro\/imoexpert\/piata-rezidentiala-prin-ochii-unui-dezvoltator-care-a-inceput-in-iunie-constructia-unui-proiect-de-peste-200-de-locuinte-o-noua-tendinta-pe-fondul-pandemiei-mutarea-in-alt-oras_db\/\">Pia\u021ba reziden\u021bial\u0103 prin ochii unui dezvoltator care a \u00eenceput, \u00een iunie, construc\u021bia unui proiect de peste 200 de locuin\u021be. O nou\u0103 tendin\u021b\u0103 pe fondul pandemiei: mutarea \u00een alt ora\u0219!<\/a><\/p>\n<p><a class=\"article-body-links\"href=\"https:\/\/www.imobiliare.ro\/imoexpert\/casa-sau-apartament-ce-ai-zice-de-o-varianta-hibrida-foarte-atractiva-dupa-perioada-de-izolare-e-mai-accesibila-decat-vilele_db\/\">Cas\u0103 sau apartament: ce-ai zice de o variant\u0103 \u201ehibrid\u0103\u201d, foarte atractiv\u0103 dup\u0103 perioada de izolare? E mai accesibil\u0103 dec\u00e2t vilele!<\/a><\/strong><\/p>\n<h2><span class=\"ez-toc-section\" id=\"Discutii_doar_%E2%80%9Ede_la_distanta%E2%80%9D_in_perioada_de_lockdown\"><\/span>Discu\u021bii doar \u201ede la distan\u021b\u0103\u201d \u00een perioada de lockdown<span class=\"ez-toc-section-end\"><\/span><\/h2>\n<p>Dezvoltatorul de origine spaniol\u0103 Gran Via Rom\u00e2nia de\u021bine \u00een portofoliu patru proiecte reziden\u021biale pe pia\u021ba autohton\u0103, dintre care trei \u00een Bucure\u0219ti, iar unul \u00een Constan\u021ba. P\u00e2n\u0103 acum, compania a finalizat, \u00een Capital\u0103, aproximativ 1.800 de apartamente \u2013 iar lucr\u0103rile de construc\u021bie \u2013 \u0219i, implicit, v\u00e2nz\u0103rile \u2013 continu\u0103. \u201eNoi am avut birourile de v\u00e2nz\u0103ri \u00eenchise \u00een perioada st\u0103rii de urgen\u021b\u0103, ca o protec\u021bie at\u00e2t pentru angaja\u021bii no\u0219tri, c\u00e2t \u0219i pentru lucr\u0103rile din \u0219antier (birourile de v\u00e2nz\u0103ri fiind locate \u00een \u0219antier), nu am vrut s\u0103 risc\u0103m s\u0103 avem cazuri de Covid \u0219i s\u0103 trebuiasc\u0103 s\u0103 \u00eenchidem \u0219antierele, trebuind s\u0103 ne respect\u0103m termenele pentru clien\u021bii no\u0219tri\u201d, a subliniat Com\u0219a. Pe parcursul perioadei de \u201elockdown\u201d, \u00eens\u0103, reprezentan\u021bii de v\u00e2nz\u0103ri ai companiei au continuat, desigur, s\u0103 \u021bin\u0103 leg\u0103tura cu poten\u021bialii clien\u021bi, chiar dac\u0103 \u201ede la distan\u021b\u0103\u201d (prin mailuri sau telefon). <\/p>\n<blockquote><p>\u201eInteresul este mare pentru c\u0103 eu consider c\u0103 avem ni\u0219te proiecte \u00een care raportul pre\u021b-calitate este cel corect, locate totu\u0219i \u00een ni\u0219te zone bune, cu accesibilitate bun\u0103 \u2013 chiar dac\u0103 \u0219tim cu to\u021bii c\u0103 Drumul Taberei este destul de aglomerat, distan\u021ba p\u00e2n\u0103 la metrou este destul de mic\u0103.\u201d<\/p><\/blockquote>\n<p>&nbsp;<\/p>\n<p><strong>Cite\u0219te \u0219i:<br \/>\n<a class=\"article-body-links\"href=\"https:\/\/www.imobiliare.ro\/imoexpert\/piata-rezidentiala-in-t2-2020-ce-s-a-intamplat-cu-preturile-locuintelor-cererea-oferta-si-tranzactiile-si-au-revenit-in-buna-masura-dupa-perioada-de-izolare_db\/\">Pia\u021ba reziden\u021bial\u0103 \u00een T2 2020: ce s-a \u00eent\u00e2mplat cu pre\u021burile locuin\u021belor? Cererea, oferta \u0219i tranzac\u021biile \u0219i-au revenit \u00een bun\u0103 m\u0103sur\u0103 dup\u0103 perioada de izolare<\/a><\/strong><\/p>\n<p>Iat\u0103 cum evolueaz\u0103 lucr\u0103rile de construc\u021bie \u0219i v\u00e2nz\u0103rile \u00een cadrul celor patru ansambluri reziden\u021biale din portofoliul Gran Via Rom\u00e2nia:<\/p>\n<h2><span class=\"ez-toc-section\" id=\"Aviatiei_Apartments\"><\/span>Avia\u021biei Apartments:<span class=\"ez-toc-section-end\"><\/span><\/h2>\n<p>\u00cen ansamblul <strong><a class=\"article-body-links\"href=\"https:\/\/www.imobiliare.ro\/ansambluri-rezidentiale\/bucuresti\/aviatiei-apartments-bucuresti-5440\">Avia\u021biei Apartments<\/a><\/strong>, din nordul Capitalei, compania a finalizat 291 de unit\u0103\u021bi locative, dintre care 241 sunt deja contractate. Reprezentanta Gran Via precizeaz\u0103 c\u0103, \u00een pentru multe dintre apartamentele r\u0103mase disponibile, valoarea de achizi\u021bie   dep\u0103\u0219e\u0219te limita de aplicare a cotei reduse de TVA (5%). \u201eVom \u00eencepe, probabil, \u00een prim\u0103vara anului viitor, ultima faz\u0103 a acestui proiect, mai avem acolo un teren de 5.000 de metri p\u0103tra\u021bi, unde vom construi aproximativ 70 de apartamente, \u00een trei cl\u0103diri cu regim de \u00een\u0103l\u021bime mic (demisol, parter \u0219i dou\u0103 etaje)\u201d, a precizat Com\u0219a. Potrivit acesteia, lucr\u0103rile de construc\u021bie sunt preconizate s\u0103 \u00eenceap\u0103 \u00een februarie sau martie 2021, urm\u00e2nd ca, dup\u0103 aprobarea Proiectului Urbanistic de Detaliu (PUD), compania s\u0103 ob\u021bin\u0103 autoriza\u021bia de construire.<\/p>\n<p><strong>Cite\u0219te \u0219i:<br \/>\n<a class=\"article-body-links\"href=\"https:\/\/www.imobiliare.ro\/imoexpert\/dupa-noua-casa-a-venit-momentul-majorarii-plafonului-pentru-tva-5-opinia-dezvoltatorilor_db\/\">Dup\u0103 Noua Cas\u0103, a venit momentul major\u0103rii plafonului pentru TVA 5%. Opinia dezvoltatorilor<\/a><\/strong><\/p>\n<figure id=\"attachment_59791\" aria-describedby=\"caption-attachment-59791\" style=\"width: 800px\" class=\"wp-caption aligncenter\"><a class=\"article-body-links\"href=\"https:\/\/www.imobiliare.ro\/imoexpert\/wp-content\/uploads\/2020\/08\/Gran-Via-Aviatiei-Apartments.jpg\"><img loading=\"lazy\" decoding=\"async\" src=\"https:\/\/www.imobiliare.ro\/imoexpert\/wp-content\/uploads\/2020\/08\/Gran-Via-Aviatiei-Apartments.jpg\" alt=\"\" width=\"800\" height=\"533\" class=\"size-full wp-image-59791\" srcset=\"https:\/\/www.imobiliare.ro\/imoexpert\/wp-content\/uploads\/2020\/08\/Gran-Via-Aviatiei-Apartments.jpg 800w, https:\/\/www.imobiliare.ro\/imoexpert\/wp-content\/uploads\/2020\/08\/Gran-Via-Aviatiei-Apartments-300x200.jpg 300w, https:\/\/www.imobiliare.ro\/imoexpert\/wp-content\/uploads\/2020\/08\/Gran-Via-Aviatiei-Apartments-768x512.jpg 768w\" sizes=\"auto, (max-width: 800px) 100vw, 800px\" \/><\/a><figcaption id=\"caption-attachment-59791\" class=\"wp-caption-text\">\u00cen Avia\u021biei Apartments va mai fi construit un imobil de circa 70 de apartamente<\/figcaption><\/figure>\n<h2><span class=\"ez-toc-section\" id=\"Gran_Via_Park\"><\/span>Gran Via Park:<span class=\"ez-toc-section-end\"><\/span><\/h2>\n<p>\u00cen ansamblul <strong><a class=\"article-body-links\"href=\"https:\/\/www.imobiliare.ro\/ansambluri-rezidentiale\/bucuresti\/gran-via-park-bucuresti-5436\">Gran Via Park<\/a><\/strong>, situat \u00een cartierul Drumul Taberei, vizavi de Plaza Mall, compania a finalizat p\u00e2n\u0103 acum 1.000 de apartamente, dintre care 987 au fost \u0219i v\u00e2ndute. \u201eExist\u0103 \u00een continuare interes pe pia\u021ba imobiliar\u0103, [&#8230;], pot s\u0103 v\u0103 spun c\u0103 am \u00eenceput lucr\u0103rile la ultima faz\u0103 din proiectul Gran Via Park [\u0219i] suntem asalta\u021bi de telefoane \u0219i de mailuri cu \u00eentrebarea \u00abC\u00e2nd \u00eencepe\u021bi procesul de v\u00e2nzare?\u00bb, lumea observ\u00e2nd c\u0103 noi am \u00eenceput procesul de construire\u201d, a ar\u0103tat Com\u0219a. \u00cen ciuda interesului ridicat manifestat deja pentru aceast\u0103 nou\u0103 faz\u0103 de dezvoltare, ac\u021bionarii companiei au decis, totu\u0219i, s\u0103 nu \u00eenceap\u0103 \u00eenc\u0103 procesul de v\u00e2nzare, ci s\u0103 a\u0219tepte mai degrab\u0103 s\u0103 treac\u0103 perioada  de var\u0103, c\u00e2nd mul\u021bi sunt pleca\u021bi \u00een concediu \u0219i poate nu se g\u00e2ndesc at\u00e2t de mult la achizi\u021bii imobiliare. \u201eAvem totu\u0219i o list\u0103, colegii mei de la biroul de v\u00e2nz\u0103ri au f\u0103cut o list\u0103 cu peste 780 de poten\u021biali clien\u021bi pentru cele 220 de apartamente pe care le vom construi \u00een ultima faz\u0103\u201d, a men\u021bionat aceasta. <\/p>\n<figure id=\"attachment_59792\" aria-describedby=\"caption-attachment-59792\" style=\"width: 800px\" class=\"wp-caption aligncenter\"><a class=\"article-body-links\"href=\"https:\/\/www.imobiliare.ro\/imoexpert\/wp-content\/uploads\/2020\/08\/Gran-Via-Park.jpg\"><img loading=\"lazy\" decoding=\"async\" src=\"https:\/\/www.imobiliare.ro\/imoexpert\/wp-content\/uploads\/2020\/08\/Gran-Via-Park.jpg\" alt=\"\" width=\"800\" height=\"533\" class=\"size-full wp-image-59792\" srcset=\"https:\/\/www.imobiliare.ro\/imoexpert\/wp-content\/uploads\/2020\/08\/Gran-Via-Park.jpg 800w, https:\/\/www.imobiliare.ro\/imoexpert\/wp-content\/uploads\/2020\/08\/Gran-Via-Park-300x200.jpg 300w, https:\/\/www.imobiliare.ro\/imoexpert\/wp-content\/uploads\/2020\/08\/Gran-Via-Park-768x512.jpg 768w\" sizes=\"auto, (max-width: 800px) 100vw, 800px\" \/><\/a><figcaption id=\"caption-attachment-59792\" class=\"wp-caption-text\">Ansamblul Gran Via Park a ajuns la ultima faz\u0103 de dezvoltare<\/figcaption><\/figure>\n<h2><span class=\"ez-toc-section\" id=\"Timisoara_58\"><\/span>Timi\u0219oara 58:<span class=\"ez-toc-section-end\"><\/span><\/h2>\n<p>\u00cen ansamblul <strong><a class=\"article-body-links\"href=\"https:\/\/www.imobiliare.ro\/ansambluri-rezidentiale\/bucuresti\/timisoara-58-bucuresti-5434\">Timi\u0219oara 58<\/a><\/strong>, amplasat tot \u00een cartierul Drumul Taberei, pe fosta platform\u0103 a fabricii Frigocom, 500 de apartamente sunt deja locuite, iar ultima etap\u0103 a proiectului, const\u00e2nd \u00een 305 de apartamente, se afl\u0103 momentan \u00een dezvoltare. Antoanela Com\u0219a precizeaz\u0103 c\u0103, din aceast\u0103 din urm\u0103 faz\u0103 de construc\u021bie mai sunt disponibile spre v\u00e2nzare 89 de unit\u0103\u021bi locative \u2013 la care se adaug\u0103 doar trei unit\u0103\u021bi din faza a treia, finalizat\u0103 \u00een octombrie anul trecut (un total de 350 de locuin\u021be). \u201eProcesul de v\u00e2nzare continu\u0103, \u00een condi\u021biile \u00een care la unul din blocuri am f\u0103cut recep\u021bia, a\u0219tept\u0103m s\u0103 ob\u021binem certificatul de edificare pentru a putea ob\u021bine numele cadastrale ale apartamentelor [&#8230;], iar cealalt\u0103 cl\u0103dire va fi finalizat\u0103 \u00een decembrie [&#8230;]. Prima cl\u0103dire a aproape v\u00e2ndut\u0103, mai avem din cea de-a doua, dar procesul de v\u00e2nzare continu\u0103 \u0219i vindem \u00een fiecare s\u0103pt\u0103m\u00e2n\u0103 \u0219i vindem foarte bine\u201d, a spus Com\u0219a.<\/p>\n<p><strong>Cite\u0219te \u0219i:<br \/>\n<a class=\"article-body-links\"href=\"https:\/\/www.imobiliare.ro\/imoexpert\/solutia-spaniolilor-de-la-gran-via-la-schimbarea-preferintelor-cumparatorilor-de-locuinte_db\/\">Solu\u021bia spaniolilor de la Gran Via la schimbarea preferin\u021belor cump\u0103r\u0103torilor de locuin\u021be<\/a><\/strong><\/p>\n<figure id=\"attachment_59793\" aria-describedby=\"caption-attachment-59793\" style=\"width: 800px\" class=\"wp-caption aligncenter\"><a class=\"article-body-links\"href=\"https:\/\/www.imobiliare.ro\/imoexpert\/wp-content\/uploads\/2020\/08\/Gran-Via-Timisoara-58.jpg\"><img loading=\"lazy\" decoding=\"async\" src=\"https:\/\/www.imobiliare.ro\/imoexpert\/wp-content\/uploads\/2020\/08\/Gran-Via-Timisoara-58.jpg\" alt=\"\" width=\"800\" height=\"533\" class=\"size-full wp-image-59793\" srcset=\"https:\/\/www.imobiliare.ro\/imoexpert\/wp-content\/uploads\/2020\/08\/Gran-Via-Timisoara-58.jpg 800w, https:\/\/www.imobiliare.ro\/imoexpert\/wp-content\/uploads\/2020\/08\/Gran-Via-Timisoara-58-300x200.jpg 300w, https:\/\/www.imobiliare.ro\/imoexpert\/wp-content\/uploads\/2020\/08\/Gran-Via-Timisoara-58-768x512.jpg 768w\" sizes=\"auto, (max-width: 800px) 100vw, 800px\" \/><\/a><figcaption id=\"caption-attachment-59793\" class=\"wp-caption-text\">500 de familii locuiesc deja \u00een ansamblul din Timi\u0219oara 58<\/figcaption><\/figure>\n<h2><span class=\"ez-toc-section\" id=\"Gran_Via_Marina\"><\/span>Gran Via Marina:<span class=\"ez-toc-section-end\"><\/span><\/h2>\n<p>Compania mai are \u00een dezvoltare, \u00een Constan\u021ba, ansamblul reziden\u021bial <strong><a class=\"article-body-links\"href=\"https:\/\/www.imobiliare.ro\/ansambluri-rezidentiale\/constanta\/gran-via-marina-constanta-5432\">Gran Via Marina<\/a><\/strong>. Din cele 192 de apartamente cuprinse \u00een prima faz\u0103 de dezvoltare, mai sunt disponibile spre achizi\u021bie doar aproximativ 50 \u2013 din acestea, \u00eens\u0103, 18 nu au fost \u00eenc\u0103 scoase efectiv pe pia\u021b\u0103. \u201eSunt ni\u0219te apartamente mai deosebite, cu terase mai mari, cu vedere la mare, \u0219i atunci ac\u021bionarii au decis s\u0103 le \u021bin\u0103 separat, urm\u00e2nd s\u0103 le vindem, cumva, \u0219i custom-made, [&#8230;] la alegerea clientului\u201d, a punctat Com\u0219a. <\/p>\n<p><strong>Un fapt interesant observat \u00een cazul ansamblului Gran Via Marina este c\u0103 70% dintre clien\u021bi \u0219i-au finan\u021bat achizi\u021biile din fonduri proprii, majoritatea acestora prefer\u00e2nd chiar s\u0103 achite 100% din pre\u021bul apartamentului la momentul semn\u0103rii antecontractului de v\u00e2nzare-cump\u0103rare.<\/strong><\/p>\n<p>Potrivit Antoanelei Com\u0219a, lucr\u0103rile la cea dint\u00e2i etap\u0103 de dezvoltare a proiectului din Constan\u021ba vor fi finalizate la sf\u00e2r\u0219itul acestui an, urm\u00e2nd ca, \u00eencep\u00e2nd cu ianuarie 2021, s\u0103 \u00eenceap\u0103 procesul de semnare a contractelor de v\u00e2nzare-cump\u0103rare. \u00cen momentul de fa\u021b\u0103, compania se afl\u0103 \u00een curs de ob\u021binere a autoriza\u021biei pentru urm\u0103toarea faz\u0103 de construc\u021bie, iar lucr\u0103rile vor \u00eencepe \u00een februarie-martie anul viitor, \u00een func\u021bie \u0219i de condi\u021biile meteorologice.<\/p>\n<figure id=\"attachment_59794\" aria-describedby=\"caption-attachment-59794\" style=\"width: 800px\" class=\"wp-caption aligncenter\"><a class=\"article-body-links\"href=\"https:\/\/www.imobiliare.ro\/imoexpert\/wp-content\/uploads\/2020\/08\/Gran-Via-Marina.jpg\"><img loading=\"lazy\" decoding=\"async\" src=\"https:\/\/www.imobiliare.ro\/imoexpert\/wp-content\/uploads\/2020\/08\/Gran-Via-Marina.jpg\" alt=\"\" width=\"800\" height=\"433\" class=\"size-full wp-image-59794\" srcset=\"https:\/\/www.imobiliare.ro\/imoexpert\/wp-content\/uploads\/2020\/08\/Gran-Via-Marina.jpg 800w, https:\/\/www.imobiliare.ro\/imoexpert\/wp-content\/uploads\/2020\/08\/Gran-Via-Marina-300x162.jpg 300w, https:\/\/www.imobiliare.ro\/imoexpert\/wp-content\/uploads\/2020\/08\/Gran-Via-Marina-768x416.jpg 768w\" sizes=\"auto, (max-width: 800px) 100vw, 800px\" \/><\/a><figcaption id=\"caption-attachment-59794\" class=\"wp-caption-text\">Din locuin\u021bele din prima faz\u0103 de dezvoltare a ansamblului Fran Via Marina, aproximativ  un sfert mai sunt disponibile spre achizi\u021bie<\/figcaption><\/figure>\n","protected":false},"excerpt":{"rendered":"<p>\u00centr-unul dintre ansamblurile dezvoltate de companie, 70% dintre clien\u021bi \u0219i-au finan\u021bat achizi\u021biile din fonduri proprii \u2013 iar majoritatea au preferat s\u0103 achite integral la semnarea antecontractului. Dup\u0103 perioada de izolare, v\u00e2nz\u0103rile de locuin\u021be au revenit, cel pu\u021bin pentru unii dezvoltatori, la un ritm c\u00e2t se poate de normal. Aceasta este situa\u021bia Gran Via Rom\u00e2nia, potrivit [&hellip;]<\/p>\n","protected":false},"author":829,"featured_media":59790,"comment_status":"open","ping_status":"open","sticky":false,"template":"","format":"standard","meta":{"footnotes":""},"categories":[259],"tags":[333,1902,1980,1110],"content_author":[],"class_list":["post-59789","post","type-post","status-publish","format-standard","has-post-thumbnail","hentry","category-stiri","tag-ansambluri-rezidentiale","tag-covid-19","tag-gran-via","tag-vanzari-locuinte"],"yoast_head":"<!-- This site is optimized with the Yoast SEO Premium plugin v27.0 (Yoast SEO v27.0) - https:\/\/yoast.com\/product\/yoast-seo-premium-wordpress\/ -->\n<title>\u201eVindem (\u0219i) mai bine dec\u00e2t \u00eenainte de pandemie!\u201d. Cum evolueaz\u0103 cele patru proiecte reziden\u021biale ale unui dezvoltator cu circa 1.800 de locuin\u021be finalizate - \u0218tiri - ImoExpert<\/title>\n<meta name=\"description\" content=\"\u00centr-unul dintre ansamblurile dezvoltate de companie, 70% dintre clien\u021bi \u0219i-au finan\u021bat achizi\u021biile din fonduri proprii \u2013 iar majoritatea au preferat s\u0103\" \/>\n<meta name=\"robots\" content=\"index, follow\" \/>\n<link rel=\"canonical\" href=\"https:\/\/www.imobiliare.ro\/imoexpert\/vindem-si-mai-bine-decat-inainte-de-pandemie-cum-evolueaza-cele-patru-proiecte-rezidentiale-ale-unui-dezvoltator-cu-circa-1-800-de-locuinte-finalizate_db\/\" \/>\n<meta property=\"og:locale\" content=\"ro_RO\" \/>\n<meta property=\"og:type\" content=\"article\" \/>\n<meta property=\"og:title\" content=\"\u201eVindem (\u0219i) mai bine dec\u00e2t \u00eenainte de pandemie!\u201d. Cum evolueaz\u0103 cele patru proiecte reziden\u021biale ale unui dezvoltator cu circa 1.800 de locuin\u021be finalizate\" \/>\n<meta property=\"og:description\" content=\"\u00centr-unul dintre ansamblurile dezvoltate de companie, 70% dintre clien\u021bi \u0219i-au finan\u021bat achizi\u021biile din fonduri proprii \u2013 iar majoritatea au preferat s\u0103\" \/>\n<meta property=\"og:url\" content=\"https:\/\/www.imobiliare.ro\/imoexpert\/vindem-si-mai-bine-decat-inainte-de-pandemie-cum-evolueaza-cele-patru-proiecte-rezidentiale-ale-unui-dezvoltator-cu-circa-1-800-de-locuinte-finalizate_db\/\" \/>\n<meta property=\"og:site_name\" content=\"ImoExpert\" \/>\n<meta property=\"article:published_time\" content=\"2020-08-18T15:39:47+00:00\" \/>\n<meta property=\"og:image\" content=\"https:\/\/www.imobiliare.ro\/imoexpert\/wp-content\/uploads\/2020\/08\/Aviatiei-Apartments-0.jpg\" \/>\n\t<meta property=\"og:image:width\" content=\"800\" \/>\n\t<meta property=\"og:image:height\" content=\"534\" \/>\n\t<meta property=\"og:image:type\" content=\"image\/jpeg\" \/>\n<meta name=\"author\" content=\"Adriana Dr\u0103gu\u0219in\" \/>\n<meta name=\"twitter:card\" content=\"summary_large_image\" \/>\n<meta name=\"twitter:label1\" content=\"Written by\" \/>\n\t<meta name=\"twitter:data1\" content=\"Adriana Dr\u0103gu\u0219in\" \/>\n\t<meta name=\"twitter:label2\" content=\"Est. reading time\" \/>\n\t<meta name=\"twitter:data2\" content=\"7 minute\" \/>\n<script type=\"application\/ld+json\" class=\"yoast-schema-graph\">{\"@context\":\"https:\/\/schema.org\",\"@graph\":[{\"@type\":\"Article\",\"@id\":\"https:\/\/www.imobiliare.ro\/imoexpert\/vindem-si-mai-bine-decat-inainte-de-pandemie-cum-evolueaza-cele-patru-proiecte-rezidentiale-ale-unui-dezvoltator-cu-circa-1-800-de-locuinte-finalizate_db\/#article\",\"isPartOf\":{\"@id\":\"https:\/\/www.imobiliare.ro\/imoexpert\/vindem-si-mai-bine-decat-inainte-de-pandemie-cum-evolueaza-cele-patru-proiecte-rezidentiale-ale-unui-dezvoltator-cu-circa-1-800-de-locuinte-finalizate_db\/\"},\"author\":{\"name\":\"Adriana Dr\u0103gu\u0219in\",\"@id\":\"https:\/\/www.imobiliare.ro\/imoexpert\/#\/schema\/person\/8c13b0297075010b896471fabf0d7790\"},\"headline\":\"\u201eVindem (\u0219i) mai bine dec\u00e2t \u00eenainte de pandemie!\u201d. Cum evolueaz\u0103 cele patru proiecte reziden\u021biale ale unui dezvoltator cu circa 1.800 de locuin\u021be finalizate\",\"datePublished\":\"2020-08-18T15:39:47+00:00\",\"mainEntityOfPage\":{\"@id\":\"https:\/\/www.imobiliare.ro\/imoexpert\/vindem-si-mai-bine-decat-inainte-de-pandemie-cum-evolueaza-cele-patru-proiecte-rezidentiale-ale-unui-dezvoltator-cu-circa-1-800-de-locuinte-finalizate_db\/\"},\"wordCount\":1343,\"commentCount\":0,\"publisher\":{\"@id\":\"https:\/\/www.imobiliare.ro\/imoexpert\/#organization\"},\"image\":{\"@id\":\"https:\/\/www.imobiliare.ro\/imoexpert\/vindem-si-mai-bine-decat-inainte-de-pandemie-cum-evolueaza-cele-patru-proiecte-rezidentiale-ale-unui-dezvoltator-cu-circa-1-800-de-locuinte-finalizate_db\/#primaryimage\"},\"thumbnailUrl\":\"https:\/\/www.imobiliare.ro\/imoexpert\/wp-content\/uploads\/2020\/08\/Aviatiei-Apartments-0.jpg\",\"keywords\":[\"Ansambluri rezidentiale\",\"COVID-19\",\"Gran Via\",\"vanzari locuinte\"],\"articleSection\":[\"\u0218tiri\"],\"inLanguage\":\"en\",\"potentialAction\":[{\"@type\":\"CommentAction\",\"name\":\"Comment\",\"target\":[\"https:\/\/www.imobiliare.ro\/imoexpert\/vindem-si-mai-bine-decat-inainte-de-pandemie-cum-evolueaza-cele-patru-proiecte-rezidentiale-ale-unui-dezvoltator-cu-circa-1-800-de-locuinte-finalizate_db\/#respond\"]}],\"copyrightYear\":\"2020\",\"copyrightHolder\":{\"@id\":\"https:\/\/www.imobiliare.ro\/imoexpert\/#organization\"}},{\"@type\":\"WebPage\",\"@id\":\"https:\/\/www.imobiliare.ro\/imoexpert\/vindem-si-mai-bine-decat-inainte-de-pandemie-cum-evolueaza-cele-patru-proiecte-rezidentiale-ale-unui-dezvoltator-cu-circa-1-800-de-locuinte-finalizate_db\/\",\"url\":\"https:\/\/www.imobiliare.ro\/imoexpert\/vindem-si-mai-bine-decat-inainte-de-pandemie-cum-evolueaza-cele-patru-proiecte-rezidentiale-ale-unui-dezvoltator-cu-circa-1-800-de-locuinte-finalizate_db\/\",\"name\":\"\u201eVindem (\u0219i) mai bine dec\u00e2t \u00eenainte de pandemie!\u201d. Cum evolueaz\u0103 cele patru proiecte reziden\u021biale ale unui dezvoltator cu circa 1.800 de locuin\u021be finalizate - \u0218tiri - ImoExpert\",\"isPartOf\":{\"@id\":\"https:\/\/www.imobiliare.ro\/imoexpert\/#website\"},\"primaryImageOfPage\":{\"@id\":\"https:\/\/www.imobiliare.ro\/imoexpert\/vindem-si-mai-bine-decat-inainte-de-pandemie-cum-evolueaza-cele-patru-proiecte-rezidentiale-ale-unui-dezvoltator-cu-circa-1-800-de-locuinte-finalizate_db\/#primaryimage\"},\"image\":{\"@id\":\"https:\/\/www.imobiliare.ro\/imoexpert\/vindem-si-mai-bine-decat-inainte-de-pandemie-cum-evolueaza-cele-patru-proiecte-rezidentiale-ale-unui-dezvoltator-cu-circa-1-800-de-locuinte-finalizate_db\/#primaryimage\"},\"thumbnailUrl\":\"https:\/\/www.imobiliare.ro\/imoexpert\/wp-content\/uploads\/2020\/08\/Aviatiei-Apartments-0.jpg\",\"datePublished\":\"2020-08-18T15:39:47+00:00\",\"description\":\"\u00centr-unul dintre ansamblurile dezvoltate de companie, 70% dintre clien\u021bi \u0219i-au finan\u021bat achizi\u021biile din fonduri proprii \u2013 iar majoritatea au preferat s\u0103\",\"breadcrumb\":{\"@id\":\"https:\/\/www.imobiliare.ro\/imoexpert\/vindem-si-mai-bine-decat-inainte-de-pandemie-cum-evolueaza-cele-patru-proiecte-rezidentiale-ale-unui-dezvoltator-cu-circa-1-800-de-locuinte-finalizate_db\/#breadcrumb\"},\"inLanguage\":\"en\",\"potentialAction\":[{\"@type\":\"ReadAction\",\"target\":[\"https:\/\/www.imobiliare.ro\/imoexpert\/vindem-si-mai-bine-decat-inainte-de-pandemie-cum-evolueaza-cele-patru-proiecte-rezidentiale-ale-unui-dezvoltator-cu-circa-1-800-de-locuinte-finalizate_db\/\"]}]},{\"@type\":\"ImageObject\",\"inLanguage\":\"en\",\"@id\":\"https:\/\/www.imobiliare.ro\/imoexpert\/vindem-si-mai-bine-decat-inainte-de-pandemie-cum-evolueaza-cele-patru-proiecte-rezidentiale-ale-unui-dezvoltator-cu-circa-1-800-de-locuinte-finalizate_db\/#primaryimage\",\"url\":\"https:\/\/www.imobiliare.ro\/imoexpert\/wp-content\/uploads\/2020\/08\/Aviatiei-Apartments-0.jpg\",\"contentUrl\":\"https:\/\/www.imobiliare.ro\/imoexpert\/wp-content\/uploads\/2020\/08\/Aviatiei-Apartments-0.jpg\",\"width\":800,\"height\":534,\"caption\":\"Complexul din zona Avia\u021biei este cel \u00een care ritmul v\u00e2nz\u0103rilor s-a intensificat dup\u0103 ie\u0219irea din starea de urgen\u021b\u0103\"},{\"@type\":\"BreadcrumbList\",\"@id\":\"https:\/\/www.imobiliare.ro\/imoexpert\/vindem-si-mai-bine-decat-inainte-de-pandemie-cum-evolueaza-cele-patru-proiecte-rezidentiale-ale-unui-dezvoltator-cu-circa-1-800-de-locuinte-finalizate_db\/#breadcrumb\",\"itemListElement\":[{\"@type\":\"ListItem\",\"position\":1,\"name\":\"Imoradar24\",\"item\":\"https:\/\/www.imoradar24.ro\"},{\"@type\":\"ListItem\",\"position\":2,\"name\":\"ImoExpert\",\"item\":\"https:\/\/www.imobiliare.ro\/imoexpert\/\"},{\"@type\":\"ListItem\",\"position\":3,\"name\":\"\u0218tiri\",\"item\":\"https:\/\/www.imobiliare.ro\/imoexpert\/stiri\/\"},{\"@type\":\"ListItem\",\"position\":4,\"name\":\"\u201eVindem (\u0219i) mai bine dec\u00e2t \u00eenainte de pandemie!\u201d. Cum evolueaz\u0103 cele patru proiecte reziden\u021biale ale unui dezvoltator cu circa 1.800 de locuin\u021be finalizate\"}]},{\"@type\":\"WebSite\",\"@id\":\"https:\/\/www.imobiliare.ro\/imoexpert\/#website\",\"url\":\"https:\/\/www.imobiliare.ro\/imoexpert\/\",\"name\":\"ImoExpert\",\"description\":\"cele mai importante \u015ftiri din domeniul imobiliar\",\"publisher\":{\"@id\":\"https:\/\/www.imobiliare.ro\/imoexpert\/#organization\"},\"inLanguage\":\"en\"},{\"@type\":\"Organization\",\"@id\":\"https:\/\/www.imobiliare.ro\/imoexpert\/#organization\",\"name\":\"Imobiliare.ro\",\"alternateName\":\"Realmedia Network SA\",\"url\":\"https:\/\/www.imobiliare.ro\/imoexpert\/\",\"logo\":{\"@type\":\"ImageObject\",\"inLanguage\":\"en\",\"@id\":\"https:\/\/www.imobiliare.ro\/imoexpert\/#\/schema\/logo\/image\/\",\"url\":\"https:\/\/www.imobiliare.ro\/imoexpert\/wp-content\/uploads\/2025\/05\/imobiliare_logo.png\",\"contentUrl\":\"https:\/\/www.imobiliare.ro\/imoexpert\/wp-content\/uploads\/2025\/05\/imobiliare_logo.png\",\"width\":237,\"height\":29,\"caption\":\"Imobiliare.ro\"},\"image\":{\"@id\":\"https:\/\/www.imobiliare.ro\/imoexpert\/#\/schema\/logo\/image\/\"}},{\"@type\":\"Person\",\"@id\":\"https:\/\/www.imobiliare.ro\/imoexpert\/#\/schema\/person\/8c13b0297075010b896471fabf0d7790\",\"name\":\"Adriana Dr\u0103gu\u0219in\",\"image\":{\"@type\":\"ImageObject\",\"inLanguage\":\"en\",\"@id\":\"https:\/\/www.imobiliare.ro\/imoexpert\/#\/schema\/person\/image\/\",\"url\":\"https:\/\/secure.gravatar.com\/avatar\/ba4762f7517e50e679ed7f11207102d1150120f2f5800c0da98f8a15305bf514?s=96&d=mm&r=g\",\"contentUrl\":\"https:\/\/secure.gravatar.com\/avatar\/ba4762f7517e50e679ed7f11207102d1150120f2f5800c0da98f8a15305bf514?s=96&d=mm&r=g\",\"caption\":\"Adriana Dr\u0103gu\u0219in\"},\"jobTitle\":\"Editor\",\"url\":\"https:\/\/www.imobiliare.ro\/imoexpert\/author\/adriana-dragusin\/\"}]}<\/script>\n<!-- \/ Yoast SEO Premium plugin. -->","yoast_head_json":{"title":"\u201eVindem (\u0219i) mai bine dec\u00e2t \u00eenainte de pandemie!\u201d. Cum evolueaz\u0103 cele patru proiecte reziden\u021biale ale unui dezvoltator cu circa 1.800 de locuin\u021be finalizate - \u0218tiri - ImoExpert","description":"\u00centr-unul dintre ansamblurile dezvoltate de companie, 70% dintre clien\u021bi \u0219i-au finan\u021bat achizi\u021biile din fonduri proprii \u2013 iar majoritatea au preferat s\u0103","robots":{"index":"index","follow":"follow"},"canonical":"https:\/\/www.imobiliare.ro\/imoexpert\/vindem-si-mai-bine-decat-inainte-de-pandemie-cum-evolueaza-cele-patru-proiecte-rezidentiale-ale-unui-dezvoltator-cu-circa-1-800-de-locuinte-finalizate_db\/","og_locale":"ro_RO","og_type":"article","og_title":"\u201eVindem (\u0219i) mai bine dec\u00e2t \u00eenainte de pandemie!\u201d. Cum evolueaz\u0103 cele patru proiecte reziden\u021biale ale unui dezvoltator cu circa 1.800 de locuin\u021be finalizate","og_description":"\u00centr-unul dintre ansamblurile dezvoltate de companie, 70% dintre clien\u021bi \u0219i-au finan\u021bat achizi\u021biile din fonduri proprii \u2013 iar majoritatea au preferat s\u0103","og_url":"https:\/\/www.imobiliare.ro\/imoexpert\/vindem-si-mai-bine-decat-inainte-de-pandemie-cum-evolueaza-cele-patru-proiecte-rezidentiale-ale-unui-dezvoltator-cu-circa-1-800-de-locuinte-finalizate_db\/","og_site_name":"ImoExpert","article_published_time":"2020-08-18T15:39:47+00:00","og_image":[{"width":800,"height":534,"url":"https:\/\/www.imobiliare.ro\/imoexpert\/wp-content\/uploads\/2020\/08\/Aviatiei-Apartments-0.jpg","type":"image\/jpeg"}],"author":"Adriana Dr\u0103gu\u0219in","twitter_card":"summary_large_image","twitter_misc":{"Written by":"Adriana Dr\u0103gu\u0219in","Est. reading time":"7 minute"},"schema":{"@context":"https:\/\/schema.org","@graph":[{"@type":"Article","@id":"https:\/\/www.imobiliare.ro\/imoexpert\/vindem-si-mai-bine-decat-inainte-de-pandemie-cum-evolueaza-cele-patru-proiecte-rezidentiale-ale-unui-dezvoltator-cu-circa-1-800-de-locuinte-finalizate_db\/#article","isPartOf":{"@id":"https:\/\/www.imobiliare.ro\/imoexpert\/vindem-si-mai-bine-decat-inainte-de-pandemie-cum-evolueaza-cele-patru-proiecte-rezidentiale-ale-unui-dezvoltator-cu-circa-1-800-de-locuinte-finalizate_db\/"},"author":{"name":"Adriana Dr\u0103gu\u0219in","@id":"https:\/\/www.imobiliare.ro\/imoexpert\/#\/schema\/person\/8c13b0297075010b896471fabf0d7790"},"headline":"\u201eVindem (\u0219i) mai bine dec\u00e2t \u00eenainte de pandemie!\u201d. Cum evolueaz\u0103 cele patru proiecte reziden\u021biale ale unui dezvoltator cu circa 1.800 de locuin\u021be finalizate","datePublished":"2020-08-18T15:39:47+00:00","mainEntityOfPage":{"@id":"https:\/\/www.imobiliare.ro\/imoexpert\/vindem-si-mai-bine-decat-inainte-de-pandemie-cum-evolueaza-cele-patru-proiecte-rezidentiale-ale-unui-dezvoltator-cu-circa-1-800-de-locuinte-finalizate_db\/"},"wordCount":1343,"commentCount":0,"publisher":{"@id":"https:\/\/www.imobiliare.ro\/imoexpert\/#organization"},"image":{"@id":"https:\/\/www.imobiliare.ro\/imoexpert\/vindem-si-mai-bine-decat-inainte-de-pandemie-cum-evolueaza-cele-patru-proiecte-rezidentiale-ale-unui-dezvoltator-cu-circa-1-800-de-locuinte-finalizate_db\/#primaryimage"},"thumbnailUrl":"https:\/\/www.imobiliare.ro\/imoexpert\/wp-content\/uploads\/2020\/08\/Aviatiei-Apartments-0.jpg","keywords":["Ansambluri rezidentiale","COVID-19","Gran Via","vanzari locuinte"],"articleSection":["\u0218tiri"],"inLanguage":"en","potentialAction":[{"@type":"CommentAction","name":"Comment","target":["https:\/\/www.imobiliare.ro\/imoexpert\/vindem-si-mai-bine-decat-inainte-de-pandemie-cum-evolueaza-cele-patru-proiecte-rezidentiale-ale-unui-dezvoltator-cu-circa-1-800-de-locuinte-finalizate_db\/#respond"]}],"copyrightYear":"2020","copyrightHolder":{"@id":"https:\/\/www.imobiliare.ro\/imoexpert\/#organization"}},{"@type":"WebPage","@id":"https:\/\/www.imobiliare.ro\/imoexpert\/vindem-si-mai-bine-decat-inainte-de-pandemie-cum-evolueaza-cele-patru-proiecte-rezidentiale-ale-unui-dezvoltator-cu-circa-1-800-de-locuinte-finalizate_db\/","url":"https:\/\/www.imobiliare.ro\/imoexpert\/vindem-si-mai-bine-decat-inainte-de-pandemie-cum-evolueaza-cele-patru-proiecte-rezidentiale-ale-unui-dezvoltator-cu-circa-1-800-de-locuinte-finalizate_db\/","name":"\u201eVindem (\u0219i) mai bine dec\u00e2t \u00eenainte de pandemie!\u201d. Cum evolueaz\u0103 cele patru proiecte reziden\u021biale ale unui dezvoltator cu circa 1.800 de locuin\u021be finalizate - \u0218tiri - ImoExpert","isPartOf":{"@id":"https:\/\/www.imobiliare.ro\/imoexpert\/#website"},"primaryImageOfPage":{"@id":"https:\/\/www.imobiliare.ro\/imoexpert\/vindem-si-mai-bine-decat-inainte-de-pandemie-cum-evolueaza-cele-patru-proiecte-rezidentiale-ale-unui-dezvoltator-cu-circa-1-800-de-locuinte-finalizate_db\/#primaryimage"},"image":{"@id":"https:\/\/www.imobiliare.ro\/imoexpert\/vindem-si-mai-bine-decat-inainte-de-pandemie-cum-evolueaza-cele-patru-proiecte-rezidentiale-ale-unui-dezvoltator-cu-circa-1-800-de-locuinte-finalizate_db\/#primaryimage"},"thumbnailUrl":"https:\/\/www.imobiliare.ro\/imoexpert\/wp-content\/uploads\/2020\/08\/Aviatiei-Apartments-0.jpg","datePublished":"2020-08-18T15:39:47+00:00","description":"\u00centr-unul dintre ansamblurile dezvoltate de companie, 70% dintre clien\u021bi \u0219i-au finan\u021bat achizi\u021biile din fonduri proprii \u2013 iar majoritatea au preferat s\u0103","breadcrumb":{"@id":"https:\/\/www.imobiliare.ro\/imoexpert\/vindem-si-mai-bine-decat-inainte-de-pandemie-cum-evolueaza-cele-patru-proiecte-rezidentiale-ale-unui-dezvoltator-cu-circa-1-800-de-locuinte-finalizate_db\/#breadcrumb"},"inLanguage":"en","potentialAction":[{"@type":"ReadAction","target":["https:\/\/www.imobiliare.ro\/imoexpert\/vindem-si-mai-bine-decat-inainte-de-pandemie-cum-evolueaza-cele-patru-proiecte-rezidentiale-ale-unui-dezvoltator-cu-circa-1-800-de-locuinte-finalizate_db\/"]}]},{"@type":"ImageObject","inLanguage":"en","@id":"https:\/\/www.imobiliare.ro\/imoexpert\/vindem-si-mai-bine-decat-inainte-de-pandemie-cum-evolueaza-cele-patru-proiecte-rezidentiale-ale-unui-dezvoltator-cu-circa-1-800-de-locuinte-finalizate_db\/#primaryimage","url":"https:\/\/www.imobiliare.ro\/imoexpert\/wp-content\/uploads\/2020\/08\/Aviatiei-Apartments-0.jpg","contentUrl":"https:\/\/www.imobiliare.ro\/imoexpert\/wp-content\/uploads\/2020\/08\/Aviatiei-Apartments-0.jpg","width":800,"height":534,"caption":"Complexul din zona Avia\u021biei este cel \u00een care ritmul v\u00e2nz\u0103rilor s-a intensificat dup\u0103 ie\u0219irea din starea de urgen\u021b\u0103"},{"@type":"BreadcrumbList","@id":"https:\/\/www.imobiliare.ro\/imoexpert\/vindem-si-mai-bine-decat-inainte-de-pandemie-cum-evolueaza-cele-patru-proiecte-rezidentiale-ale-unui-dezvoltator-cu-circa-1-800-de-locuinte-finalizate_db\/#breadcrumb","itemListElement":[{"@type":"ListItem","position":1,"name":"Imoradar24","item":"https:\/\/www.imoradar24.ro"},{"@type":"ListItem","position":2,"name":"ImoExpert","item":"https:\/\/www.imobiliare.ro\/imoexpert\/"},{"@type":"ListItem","position":3,"name":"\u0218tiri","item":"https:\/\/www.imobiliare.ro\/imoexpert\/stiri\/"},{"@type":"ListItem","position":4,"name":"\u201eVindem (\u0219i) mai bine dec\u00e2t \u00eenainte de pandemie!\u201d. Cum evolueaz\u0103 cele patru proiecte reziden\u021biale ale unui dezvoltator cu circa 1.800 de locuin\u021be finalizate"}]},{"@type":"WebSite","@id":"https:\/\/www.imobiliare.ro\/imoexpert\/#website","url":"https:\/\/www.imobiliare.ro\/imoexpert\/","name":"ImoExpert","description":"cele mai importante \u015ftiri din domeniul imobiliar","publisher":{"@id":"https:\/\/www.imobiliare.ro\/imoexpert\/#organization"},"inLanguage":"en"},{"@type":"Organization","@id":"https:\/\/www.imobiliare.ro\/imoexpert\/#organization","name":"Imobiliare.ro","alternateName":"Realmedia Network SA","url":"https:\/\/www.imobiliare.ro\/imoexpert\/","logo":{"@type":"ImageObject","inLanguage":"en","@id":"https:\/\/www.imobiliare.ro\/imoexpert\/#\/schema\/logo\/image\/","url":"https:\/\/www.imobiliare.ro\/imoexpert\/wp-content\/uploads\/2025\/05\/imobiliare_logo.png","contentUrl":"https:\/\/www.imobiliare.ro\/imoexpert\/wp-content\/uploads\/2025\/05\/imobiliare_logo.png","width":237,"height":29,"caption":"Imobiliare.ro"},"image":{"@id":"https:\/\/www.imobiliare.ro\/imoexpert\/#\/schema\/logo\/image\/"}},{"@type":"Person","@id":"https:\/\/www.imobiliare.ro\/imoexpert\/#\/schema\/person\/8c13b0297075010b896471fabf0d7790","name":"Adriana Dr\u0103gu\u0219in","image":{"@type":"ImageObject","inLanguage":"en","@id":"https:\/\/www.imobiliare.ro\/imoexpert\/#\/schema\/person\/image\/","url":"https:\/\/secure.gravatar.com\/avatar\/ba4762f7517e50e679ed7f11207102d1150120f2f5800c0da98f8a15305bf514?s=96&d=mm&r=g","contentUrl":"https:\/\/secure.gravatar.com\/avatar\/ba4762f7517e50e679ed7f11207102d1150120f2f5800c0da98f8a15305bf514?s=96&d=mm&r=g","caption":"Adriana Dr\u0103gu\u0219in"},"jobTitle":"Editor","url":"https:\/\/www.imobiliare.ro\/imoexpert\/author\/adriana-dragusin\/"}]}},"_links":{"self":[{"href":"https:\/\/www.imobiliare.ro\/imoexpert\/wp-json\/wp\/v2\/posts\/59789","targetHints":{"allow":["GET"]}}],"collection":[{"href":"https:\/\/www.imobiliare.ro\/imoexpert\/wp-json\/wp\/v2\/posts"}],"about":[{"href":"https:\/\/www.imobiliare.ro\/imoexpert\/wp-json\/wp\/v2\/types\/post"}],"author":[{"embeddable":true,"href":"https:\/\/www.imobiliare.ro\/imoexpert\/wp-json\/wp\/v2\/users\/829"}],"replies":[{"embeddable":true,"href":"https:\/\/www.imobiliare.ro\/imoexpert\/wp-json\/wp\/v2\/comments?post=59789"}],"version-history":[{"count":0,"href":"https:\/\/www.imobiliare.ro\/imoexpert\/wp-json\/wp\/v2\/posts\/59789\/revisions"}],"wp:featuredmedia":[{"embeddable":true,"href":"https:\/\/www.imobiliare.ro\/imoexpert\/wp-json\/wp\/v2\/media\/59790"}],"wp:attachment":[{"href":"https:\/\/www.imobiliare.ro\/imoexpert\/wp-json\/wp\/v2\/media?parent=59789"}],"wp:term":[{"taxonomy":"category","embeddable":true,"href":"https:\/\/www.imobiliare.ro\/imoexpert\/wp-json\/wp\/v2\/categories?post=59789"},{"taxonomy":"post_tag","embeddable":true,"href":"https:\/\/www.imobiliare.ro\/imoexpert\/wp-json\/wp\/v2\/tags?post=59789"},{"taxonomy":"content_author","embeddable":true,"href":"https:\/\/www.imobiliare.ro\/imoexpert\/wp-json\/wp\/v2\/content_author?post=59789"}],"curies":[{"name":"wp","href":"https:\/\/api.w.org\/{rel}","templated":true}]}}