{"id":59802,"date":"2020-08-18T20:13:30","date_gmt":"2020-08-18T17:13:30","guid":{"rendered":"https:\/\/www.imobiliare.ro\/imoexpert\/?p=59802"},"modified":"2020-08-18T20:13:30","modified_gmt":"2020-08-18T17:13:30","slug":"solutia-spaniolilor-de-la-gran-via-la-schimbarea-preferintelor-cumparatorilor-de-locuinte","status":"publish","type":"post","link":"https:\/\/www.imobiliare.ro\/imoexpert\/solutia-spaniolilor-de-la-gran-via-la-schimbarea-preferintelor-cumparatorilor-de-locuinte_db\/","title":{"rendered":"Solu\u021bia spaniolilor de la Gran Via la schimbarea preferin\u021belor cump\u0103r\u0103torilor de locuin\u021be"},"content":{"rendered":"<p><a class=\"article-body-links\"href=\"https:\/\/www.imobiliare.ro\/imoexpert\/wp-content\/uploads\/2020\/08\/Solutia-spaniolilor-de-la-Gran-Via-la-modificarea-preferintelor-cumparatorilor-de-locuinte.jpg\"><img loading=\"lazy\" decoding=\"async\" src=\"https:\/\/www.imobiliare.ro\/imoexpert\/wp-content\/uploads\/2020\/08\/Solutia-spaniolilor-de-la-Gran-Via-la-modificarea-preferintelor-cumparatorilor-de-locuinte.jpg\" alt=\"\" width=\"800\" height=\"533\" class=\"aligncenter size-full wp-image-59803\" srcset=\"https:\/\/www.imobiliare.ro\/imoexpert\/wp-content\/uploads\/2020\/08\/Solutia-spaniolilor-de-la-Gran-Via-la-modificarea-preferintelor-cumparatorilor-de-locuinte.jpg 800w, https:\/\/www.imobiliare.ro\/imoexpert\/wp-content\/uploads\/2020\/08\/Solutia-spaniolilor-de-la-Gran-Via-la-modificarea-preferintelor-cumparatorilor-de-locuinte-300x200.jpg 300w, https:\/\/www.imobiliare.ro\/imoexpert\/wp-content\/uploads\/2020\/08\/Solutia-spaniolilor-de-la-Gran-Via-la-modificarea-preferintelor-cumparatorilor-de-locuinte-768x512.jpg 768w\" sizes=\"auto, (max-width: 800px) 100vw, 800px\" \/><\/a><\/p>\n<div id=\"ez-toc-container\" class=\"ez-toc-v2_0_81 counter-hierarchy ez-toc-counter ez-toc-grey ez-toc-container-direction\">\n<p class=\"ez-toc-title\" style=\"cursor:inherit\">Table of Contents<\/p>\n<label for=\"ez-toc-cssicon-toggle-item-69f702b45dc00\" class=\"ez-toc-cssicon-toggle-label\"><span class=\"ez-toc-cssicon\"><span class=\"eztoc-hide\" style=\"display:none;\">Toggle<\/span><span class=\"ez-toc-icon-toggle-span\"><svg style=\"fill: #999;color:#999\" xmlns=\"http:\/\/www.w3.org\/2000\/svg\" class=\"list-377408\" width=\"20px\" height=\"20px\" viewBox=\"0 0 24 24\" fill=\"none\"><path d=\"M6 6H4v2h2V6zm14 0H8v2h12V6zM4 11h2v2H4v-2zm16 0H8v2h12v-2zM4 16h2v2H4v-2zm16 0H8v2h12v-2z\" fill=\"currentColor\"><\/path><\/svg><svg style=\"fill: #999;color:#999\" class=\"arrow-unsorted-368013\" xmlns=\"http:\/\/www.w3.org\/2000\/svg\" width=\"10px\" height=\"10px\" viewBox=\"0 0 24 24\" version=\"1.2\" baseProfile=\"tiny\"><path d=\"M18.2 9.3l-6.2-6.3-6.2 6.3c-.2.2-.3.4-.3.7s.1.5.3.7c.2.2.4.3.7.3h11c.3 0 .5-.1.7-.3.2-.2.3-.5.3-.7s-.1-.5-.3-.7zM5.8 14.7l6.2 6.3 6.2-6.3c.2-.2.3-.5.3-.7s-.1-.5-.3-.7c-.2-.2-.4-.3-.7-.3h-11c-.3 0-.5.1-.7.3-.2.2-.3.5-.3.7s.1.5.3.7z\"\/><\/svg><\/span><\/span><\/label><input type=\"checkbox\"  id=\"ez-toc-cssicon-toggle-item-69f702b45dc00\"  aria-label=\"Toggle\" \/><nav><ul class='ez-toc-list ez-toc-list-level-1 ' ><li class='ez-toc-page-1 ez-toc-heading-level-2'><a class=\"ez-toc-link ez-toc-heading-1\" href=\"https:\/\/www.imobiliare.ro\/imoexpert\/solutia-spaniolilor-de-la-gran-via-la-schimbarea-preferintelor-cumparatorilor-de-locuinte_db\/#Pe_piata_rezidentiala_modificarile_la_nivelul_cererii_pot_aparea_in_general_vorbind_destul_de_usor_%E2%80%93_chiar_de_la_un_an_la_altul\" >Pe pia\u021ba reziden\u021bial\u0103, modific\u0103rile la nivelul cererii pot ap\u0103rea, \u00een general vorbind, destul de u\u0219or \u2013 chiar de la un an la altul.<\/a><\/li><li class='ez-toc-page-1 ez-toc-heading-level-2'><a class=\"ez-toc-link ez-toc-heading-2\" href=\"https:\/\/www.imobiliare.ro\/imoexpert\/solutia-spaniolilor-de-la-gran-via-la-schimbarea-preferintelor-cumparatorilor-de-locuinte_db\/#Structurile_flexibile_permit_adaptarea_rapida_la_cerintele_pietei\" >Structurile flexibile permit adaptarea rapid\u0103 la cerin\u021bele pie\u021bei<\/a><\/li><li class='ez-toc-page-1 ez-toc-heading-level-2'><a class=\"ez-toc-link ez-toc-heading-3\" href=\"https:\/\/www.imobiliare.ro\/imoexpert\/solutia-spaniolilor-de-la-gran-via-la-schimbarea-preferintelor-cumparatorilor-de-locuinte_db\/#De_la_doua_camere_la_patru_de_la_trei_la_doua_plus_una\" >De la dou\u0103 camere la patru, de la trei la dou\u0103, plus una<\/a><\/li><\/ul><\/nav><\/div>\n<h2><span class=\"ez-toc-section\" id=\"Pe_piata_rezidentiala_modificarile_la_nivelul_cererii_pot_aparea_in_general_vorbind_destul_de_usor_%E2%80%93_chiar_de_la_un_an_la_altul\"><\/span>Pe pia\u021ba reziden\u021bial\u0103, modific\u0103rile la nivelul cererii pot ap\u0103rea, \u00een general vorbind, destul de u\u0219or \u2013 chiar de la un an la altul.<span class=\"ez-toc-section-end\"><\/span><\/h2>\n<p>\u00cen cadrul celui mai recent webinar marca CPI organizat de Imobiliare.ro, (\u0219i) reprezentan\u021bii Gran Via au remarcat anumite schimb\u0103ri \u00een preferin\u021bele consumatorilor de pe pia\u021ba imobiliar\u0103, ca urmare a st\u0103rii de urgen\u021b\u0103. \u201e\u00centr-adev\u0103r am observat c\u0103 lumea \u00ee\u0219i dore\u0219te o teras\u0103 mai mare, o camer\u0103 \u00een plus, zon\u0103 verde mai mult\u0103, este clar c\u0103 pandemia a schimbat un pic [&#8230;] ceea ce caut\u0103 clientul. Avem clien\u021bi care ne \u00eentreab\u0103 de apartamente cu patru camere \u2013 ceea ce aveam \u00eenainte, dar foarte pu\u021bin\u201d, a subliniat Antoanela Com\u0219a, director general al Gran Via Rom\u00e2nia.<\/p>\n<p><strong>Cite\u0219te \u0219i:<br \/>\n<a class=\"article-body-links\"href=\"https:\/\/www.imobiliare.ro\/imoexpert\/recalibrarea-nevoii-de-locuire-confort-sporit-suprafete-mai-mari-spatiu-exterior-si-facilitati-in-proximitate_db\/\">\u201eRecalibrarea\u201d nevoii de locuire: confort sporit, suprafe\u021be mai mari, spa\u021biu exterior \u0219i facilit\u0103\u021bi \u00een proximitate<\/a><\/p>\n<p><a class=\"article-body-links\"href=\"https:\/\/www.imobiliare.ro\/imoexpert\/romanii-mai-interesati-de-case-si-vile-in-perioada-de-pandemie-cat-de-sustenabila-este-in-continuare-aceasta-tendinta_db\/\">Rom\u00e2nii, mai interesa\u021bi de case \u0219i vile \u00een perioada de pandemie. C\u00e2t de sustenabil\u0103 este, \u00een continuare, aceast\u0103 tendin\u021b\u0103?<\/a><\/strong><\/p>\n<h2><span class=\"ez-toc-section\" id=\"Structurile_flexibile_permit_adaptarea_rapida_la_cerintele_pietei\"><\/span>Structurile flexibile permit adaptarea rapid\u0103 la cerin\u021bele pie\u021bei<span class=\"ez-toc-section-end\"><\/span><\/h2>\n<p>Modificarea preferin\u021belor cump\u0103r\u0103torilor de locuin\u021be, resim\u021bit\u0103 \u00een momentul de fa\u021b\u0103 pe fondul epidemiei de Covid-19, nu este, \u00eens\u0103, o noutate. \u201eDin momentul \u00een care decizi s\u0103 \u00eencepi un proiect [&#8230;] p\u00e2n\u0103 la momentul la care vinzi, pia\u021ba se poate schimba foarte mult, [&#8230;] ast\u0103zi pia\u021ba poate s\u0103 cear\u0103 garsoniere \u0219i apartamente de dou\u0103 camere, dar anul viitor \u2013 sau la \u00eenceputul anului viitor \u2013, pia\u021ba s\u0103 cear\u0103 apartamente de trei camere. Pentru ultimele faze [ale proiectelor companiei] tot timpul am reautorizat proiectele pe parcursul execu\u021biei lucr\u0103rilor, modific\u00e2nd tipologia apartamentelor\u201d, a declarat reprezentanta dezvoltatorului spaniol.<\/p>\n<blockquote><p>\u201e\u00cencerc\u0103m tot timpul s\u0103 avem ni\u0219te structuri flexibile, care s\u0103 ne permit\u0103 [&#8230;] aceast\u0103 modificare \u00een timpul execu\u021biei proiectului.\u201d <\/p><\/blockquote>\n<p>&nbsp;<\/p>\n<p><strong>Cite\u0219te \u0219i:<br \/>\n<a class=\"article-body-links\"href=\"https:\/\/www.imobiliare.ro\/imoexpert\/vindem-si-mai-bine-decat-inainte-de-pandemie-cum-evolueaza-cele-patru-proiecte-rezidentiale-ale-unui-dezvoltator-cu-circa-1-800-de-locuinte-finalizate_db\/\">\u201eVindem (\u0219i) mai bine dec\u00e2t \u00eenainte de pandemie!\u201d. Cum evolueaz\u0103 cele patru proiecte reziden\u021biale ale unui dezvoltator cu circa 1.800 de locuin\u021be finalizate<\/a><\/strong><\/p>\n<h2><span class=\"ez-toc-section\" id=\"De_la_doua_camere_la_patru_de_la_trei_la_doua_plus_una\"><\/span>De la dou\u0103 camere la patru, de la trei la dou\u0103, plus una<span class=\"ez-toc-section-end\"><\/span><\/h2>\n<p>Com\u0219a a precizat c\u0103 o asemenea structur\u0103 flexibil\u0103 s-a avut \u00een vedere, spre exemplu, \u00een cazul ansamblului Gran Via Park, astfel \u00eenc\u00e2t aici s\u0103 se poat\u0103 livra, la cererea clien\u021bilor, apartamente cu patru camere (rezultate din contopirea unor apartamente cu dou\u0103 camere). De asemenea, \u00een proiectul din Timi\u0219oara 58, locuin\u021bele de p\u00e2n\u0103 la etajul \u0219apte au o anumit\u0103 tipologie, iar de aici \u00een sus au o alt\u0103 tipologie. \u201eDe ce? Pentru c\u0103 \u00een momentul \u00een care am ajuns la etajul \u0219apte ne-am dat seama c\u0103 pia\u021ba cere altceva \u2013 \u0219i atunci am schimbat imediat proiectul. La fel \u00een Gran Via Park: aveam mai multe apartamente de trei camere pentru unul din blocuri [&#8230;], dar la momentul la care ne-am apucat s\u0103 vindem am observat c\u0103 cererea era mai mare pe garsoniere \u0219i pe dou\u0103 camere \u2013 \u0219i atunci am modificat \u0219i acolo proiectul\u201d, a explicat Com\u0219a. <\/p>\n<p>C\u00e2t de u\u0219or de implementat sunt asemenea schimb\u0103ri? Reprezentanta Gran Via a precizat c\u0103, at\u00e2ta timp c\u00e2t acestea vizeaz\u0103 doar anumite lucr\u0103ri de recompartimentare interioar\u0103, f\u0103r\u0103 modificarea num\u0103rului de apartamente, a fa\u021badei sau a structurii, ele nu necesit\u0103 ob\u021binerea unei noi autoriza\u021bii de construire. \u00cen alte cazuri, \u00eens\u0103, este necesar\u0103 o nou\u0103 autoriza\u021bie: procedura difer\u0103 de la caz la caz, \u00eens\u0103 exist\u0103 destule situa\u021bii \u00een care aceasta se poate acorda \u0219i f\u0103r\u0103 ca dezvoltatorul s\u0103 fie nevoit s\u0103 ob\u021bin\u0103 un nou certificat de urbanism \u0219i toate celelalte avize.  <\/p>\n<p><strong>Cite\u0219te \u0219i:<br \/>\n<a class=\"article-body-links\"href=\"https:\/\/www.imobiliare.ro\/imoexpert\/piata-rezidentiala-prin-ochii-unui-dezvoltator-care-a-inceput-in-iunie-constructia-unui-proiect-de-peste-200-de-locuinte-o-noua-tendinta-pe-fondul-pandemiei-mutarea-in-alt-oras_db\/\">Pia\u021ba reziden\u021bial\u0103 prin ochii unui dezvoltator care a \u00eenceput, \u00een iunie, construc\u021bia unui proiect de peste 200 de locuin\u021be. O nou\u0103 tendin\u021b\u0103 pe fondul pandemiei: mutarea \u00een alt ora\u0219!<\/a><\/p>\n<p><a class=\"article-body-links\"href=\"https:\/\/www.imobiliare.ro\/imoexpert\/casa-sau-apartament-ce-ai-zice-de-o-varianta-hibrida-foarte-atractiva-dupa-perioada-de-izolare-e-mai-accesibila-decat-vilele_db\/\">Cas\u0103 sau apartament: ce-ai zice de o variant\u0103 \u201ehibrid\u0103\u201d, foarte atractiv\u0103 dup\u0103 perioada de izolare? E mai accesibil\u0103 dec\u00e2t vilele!<\/a><\/strong><\/p>\n","protected":false},"excerpt":{"rendered":"<p>Pe pia\u021ba reziden\u021bial\u0103, modific\u0103rile la nivelul cererii pot ap\u0103rea, \u00een general vorbind, destul de u\u0219or \u2013 chiar de la un an la altul. \u00cen cadrul celui mai recent webinar marca CPI organizat de Imobiliare.ro, (\u0219i) reprezentan\u021bii Gran Via au remarcat anumite schimb\u0103ri \u00een preferin\u021bele consumatorilor de pe pia\u021ba imobiliar\u0103, ca urmare a st\u0103rii de urgen\u021b\u0103. [&hellip;]<\/p>\n","protected":false},"author":829,"featured_media":59803,"comment_status":"open","ping_status":"open","sticky":false,"template":"","format":"standard","meta":{"footnotes":""},"categories":[259],"tags":[333,1902,1980],"content_author":[],"class_list":["post-59802","post","type-post","status-publish","format-standard","has-post-thumbnail","hentry","category-stiri","tag-ansambluri-rezidentiale","tag-covid-19","tag-gran-via"],"yoast_head":"<!-- This site is optimized with the Yoast SEO Premium plugin v27.0 (Yoast SEO v27.0) - https:\/\/yoast.com\/product\/yoast-seo-premium-wordpress\/ -->\n<title>Solu\u021bia spaniolilor de la Gran Via la schimbarea preferin\u021belor cump\u0103r\u0103torilor de locuin\u021be - \u0218tiri - ImoExpert<\/title>\n<meta name=\"description\" content=\"Pe pia\u021ba reziden\u021bial\u0103, modific\u0103rile la nivelul cererii pot ap\u0103rea, \u00een general vorbind, destul de u\u0219or \u2013 chiar de la un an la altul. \u00cen cadrul celui mai\" \/>\n<meta name=\"robots\" content=\"index, follow\" \/>\n<link rel=\"canonical\" href=\"https:\/\/www.imobiliare.ro\/imoexpert\/solutia-spaniolilor-de-la-gran-via-la-schimbarea-preferintelor-cumparatorilor-de-locuinte_db\/\" \/>\n<meta property=\"og:locale\" content=\"ro_RO\" \/>\n<meta property=\"og:type\" content=\"article\" \/>\n<meta property=\"og:title\" content=\"Solu\u021bia spaniolilor de la Gran Via la schimbarea preferin\u021belor cump\u0103r\u0103torilor de locuin\u021be\" \/>\n<meta property=\"og:description\" content=\"Pe pia\u021ba reziden\u021bial\u0103, modific\u0103rile la nivelul cererii pot ap\u0103rea, \u00een general vorbind, destul de u\u0219or \u2013 chiar de la un an la altul. \u00cen cadrul celui mai\" \/>\n<meta property=\"og:url\" content=\"https:\/\/www.imobiliare.ro\/imoexpert\/solutia-spaniolilor-de-la-gran-via-la-schimbarea-preferintelor-cumparatorilor-de-locuinte_db\/\" \/>\n<meta property=\"og:site_name\" content=\"ImoExpert\" \/>\n<meta property=\"article:published_time\" content=\"2020-08-18T17:13:30+00:00\" \/>\n<meta property=\"og:image\" content=\"https:\/\/www.imobiliare.ro\/imoexpert\/wp-content\/uploads\/2020\/08\/Solutia-spaniolilor-de-la-Gran-Via-la-modificarea-preferintelor-cumparatorilor-de-locuinte.jpg\" \/>\n\t<meta property=\"og:image:width\" content=\"800\" \/>\n\t<meta property=\"og:image:height\" content=\"533\" \/>\n\t<meta property=\"og:image:type\" content=\"image\/jpeg\" \/>\n<meta name=\"author\" content=\"Adriana Dr\u0103gu\u0219in\" \/>\n<meta name=\"twitter:card\" content=\"summary_large_image\" \/>\n<meta name=\"twitter:label1\" content=\"Written by\" \/>\n\t<meta name=\"twitter:data1\" content=\"Adriana Dr\u0103gu\u0219in\" \/>\n\t<meta name=\"twitter:label2\" content=\"Est. reading time\" \/>\n\t<meta name=\"twitter:data2\" content=\"3 minute\" \/>\n<script type=\"application\/ld+json\" class=\"yoast-schema-graph\">{\"@context\":\"https:\/\/schema.org\",\"@graph\":[{\"@type\":\"Article\",\"@id\":\"https:\/\/www.imobiliare.ro\/imoexpert\/solutia-spaniolilor-de-la-gran-via-la-schimbarea-preferintelor-cumparatorilor-de-locuinte_db\/#article\",\"isPartOf\":{\"@id\":\"https:\/\/www.imobiliare.ro\/imoexpert\/solutia-spaniolilor-de-la-gran-via-la-schimbarea-preferintelor-cumparatorilor-de-locuinte_db\/\"},\"author\":{\"name\":\"Adriana Dr\u0103gu\u0219in\",\"@id\":\"https:\/\/www.imobiliare.ro\/imoexpert\/#\/schema\/person\/8c13b0297075010b896471fabf0d7790\"},\"headline\":\"Solu\u021bia spaniolilor de la Gran Via la schimbarea preferin\u021belor cump\u0103r\u0103torilor de locuin\u021be\",\"datePublished\":\"2020-08-18T17:13:30+00:00\",\"mainEntityOfPage\":{\"@id\":\"https:\/\/www.imobiliare.ro\/imoexpert\/solutia-spaniolilor-de-la-gran-via-la-schimbarea-preferintelor-cumparatorilor-de-locuinte_db\/\"},\"wordCount\":674,\"commentCount\":0,\"publisher\":{\"@id\":\"https:\/\/www.imobiliare.ro\/imoexpert\/#organization\"},\"image\":{\"@id\":\"https:\/\/www.imobiliare.ro\/imoexpert\/solutia-spaniolilor-de-la-gran-via-la-schimbarea-preferintelor-cumparatorilor-de-locuinte_db\/#primaryimage\"},\"thumbnailUrl\":\"https:\/\/www.imobiliare.ro\/imoexpert\/wp-content\/uploads\/2020\/08\/Solutia-spaniolilor-de-la-Gran-Via-la-modificarea-preferintelor-cumparatorilor-de-locuinte.jpg\",\"keywords\":[\"Ansambluri rezidentiale\",\"COVID-19\",\"Gran Via\"],\"articleSection\":[\"\u0218tiri\"],\"inLanguage\":\"en\",\"potentialAction\":[{\"@type\":\"CommentAction\",\"name\":\"Comment\",\"target\":[\"https:\/\/www.imobiliare.ro\/imoexpert\/solutia-spaniolilor-de-la-gran-via-la-schimbarea-preferintelor-cumparatorilor-de-locuinte_db\/#respond\"]}],\"copyrightYear\":\"2020\",\"copyrightHolder\":{\"@id\":\"https:\/\/www.imobiliare.ro\/imoexpert\/#organization\"}},{\"@type\":\"WebPage\",\"@id\":\"https:\/\/www.imobiliare.ro\/imoexpert\/solutia-spaniolilor-de-la-gran-via-la-schimbarea-preferintelor-cumparatorilor-de-locuinte_db\/\",\"url\":\"https:\/\/www.imobiliare.ro\/imoexpert\/solutia-spaniolilor-de-la-gran-via-la-schimbarea-preferintelor-cumparatorilor-de-locuinte_db\/\",\"name\":\"Solu\u021bia spaniolilor de la Gran Via la schimbarea preferin\u021belor cump\u0103r\u0103torilor de locuin\u021be - \u0218tiri - ImoExpert\",\"isPartOf\":{\"@id\":\"https:\/\/www.imobiliare.ro\/imoexpert\/#website\"},\"primaryImageOfPage\":{\"@id\":\"https:\/\/www.imobiliare.ro\/imoexpert\/solutia-spaniolilor-de-la-gran-via-la-schimbarea-preferintelor-cumparatorilor-de-locuinte_db\/#primaryimage\"},\"image\":{\"@id\":\"https:\/\/www.imobiliare.ro\/imoexpert\/solutia-spaniolilor-de-la-gran-via-la-schimbarea-preferintelor-cumparatorilor-de-locuinte_db\/#primaryimage\"},\"thumbnailUrl\":\"https:\/\/www.imobiliare.ro\/imoexpert\/wp-content\/uploads\/2020\/08\/Solutia-spaniolilor-de-la-Gran-Via-la-modificarea-preferintelor-cumparatorilor-de-locuinte.jpg\",\"datePublished\":\"2020-08-18T17:13:30+00:00\",\"description\":\"Pe pia\u021ba reziden\u021bial\u0103, modific\u0103rile la nivelul cererii pot ap\u0103rea, \u00een general vorbind, destul de u\u0219or \u2013 chiar de la un an la altul. \u00cen cadrul celui mai\",\"breadcrumb\":{\"@id\":\"https:\/\/www.imobiliare.ro\/imoexpert\/solutia-spaniolilor-de-la-gran-via-la-schimbarea-preferintelor-cumparatorilor-de-locuinte_db\/#breadcrumb\"},\"inLanguage\":\"en\",\"potentialAction\":[{\"@type\":\"ReadAction\",\"target\":[\"https:\/\/www.imobiliare.ro\/imoexpert\/solutia-spaniolilor-de-la-gran-via-la-schimbarea-preferintelor-cumparatorilor-de-locuinte_db\/\"]}]},{\"@type\":\"ImageObject\",\"inLanguage\":\"en\",\"@id\":\"https:\/\/www.imobiliare.ro\/imoexpert\/solutia-spaniolilor-de-la-gran-via-la-schimbarea-preferintelor-cumparatorilor-de-locuinte_db\/#primaryimage\",\"url\":\"https:\/\/www.imobiliare.ro\/imoexpert\/wp-content\/uploads\/2020\/08\/Solutia-spaniolilor-de-la-Gran-Via-la-modificarea-preferintelor-cumparatorilor-de-locuinte.jpg\",\"contentUrl\":\"https:\/\/www.imobiliare.ro\/imoexpert\/wp-content\/uploads\/2020\/08\/Solutia-spaniolilor-de-la-Gran-Via-la-modificarea-preferintelor-cumparatorilor-de-locuinte.jpg\",\"width\":800,\"height\":533},{\"@type\":\"BreadcrumbList\",\"@id\":\"https:\/\/www.imobiliare.ro\/imoexpert\/solutia-spaniolilor-de-la-gran-via-la-schimbarea-preferintelor-cumparatorilor-de-locuinte_db\/#breadcrumb\",\"itemListElement\":[{\"@type\":\"ListItem\",\"position\":1,\"name\":\"Imoradar24\",\"item\":\"https:\/\/www.imoradar24.ro\"},{\"@type\":\"ListItem\",\"position\":2,\"name\":\"ImoExpert\",\"item\":\"https:\/\/www.imobiliare.ro\/imoexpert\/\"},{\"@type\":\"ListItem\",\"position\":3,\"name\":\"\u0218tiri\",\"item\":\"https:\/\/www.imobiliare.ro\/imoexpert\/stiri\/\"},{\"@type\":\"ListItem\",\"position\":4,\"name\":\"Solu\u021bia spaniolilor de la Gran Via la schimbarea preferin\u021belor cump\u0103r\u0103torilor de locuin\u021be\"}]},{\"@type\":\"WebSite\",\"@id\":\"https:\/\/www.imobiliare.ro\/imoexpert\/#website\",\"url\":\"https:\/\/www.imobiliare.ro\/imoexpert\/\",\"name\":\"ImoExpert\",\"description\":\"cele mai importante \u015ftiri din domeniul imobiliar\",\"publisher\":{\"@id\":\"https:\/\/www.imobiliare.ro\/imoexpert\/#organization\"},\"inLanguage\":\"en\"},{\"@type\":\"Organization\",\"@id\":\"https:\/\/www.imobiliare.ro\/imoexpert\/#organization\",\"name\":\"Imobiliare.ro\",\"alternateName\":\"Realmedia Network SA\",\"url\":\"https:\/\/www.imobiliare.ro\/imoexpert\/\",\"logo\":{\"@type\":\"ImageObject\",\"inLanguage\":\"en\",\"@id\":\"https:\/\/www.imobiliare.ro\/imoexpert\/#\/schema\/logo\/image\/\",\"url\":\"https:\/\/www.imobiliare.ro\/imoexpert\/wp-content\/uploads\/2025\/05\/imobiliare_logo.png\",\"contentUrl\":\"https:\/\/www.imobiliare.ro\/imoexpert\/wp-content\/uploads\/2025\/05\/imobiliare_logo.png\",\"width\":237,\"height\":29,\"caption\":\"Imobiliare.ro\"},\"image\":{\"@id\":\"https:\/\/www.imobiliare.ro\/imoexpert\/#\/schema\/logo\/image\/\"}},{\"@type\":\"Person\",\"@id\":\"https:\/\/www.imobiliare.ro\/imoexpert\/#\/schema\/person\/8c13b0297075010b896471fabf0d7790\",\"name\":\"Adriana Dr\u0103gu\u0219in\",\"image\":{\"@type\":\"ImageObject\",\"inLanguage\":\"en\",\"@id\":\"https:\/\/www.imobiliare.ro\/imoexpert\/#\/schema\/person\/image\/\",\"url\":\"https:\/\/secure.gravatar.com\/avatar\/ba4762f7517e50e679ed7f11207102d1150120f2f5800c0da98f8a15305bf514?s=96&d=mm&r=g\",\"contentUrl\":\"https:\/\/secure.gravatar.com\/avatar\/ba4762f7517e50e679ed7f11207102d1150120f2f5800c0da98f8a15305bf514?s=96&d=mm&r=g\",\"caption\":\"Adriana Dr\u0103gu\u0219in\"},\"jobTitle\":\"Editor\",\"url\":\"https:\/\/www.imobiliare.ro\/imoexpert\/author\/adriana-dragusin\/\"}]}<\/script>\n<!-- \/ Yoast SEO Premium plugin. -->","yoast_head_json":{"title":"Solu\u021bia spaniolilor de la Gran Via la schimbarea preferin\u021belor cump\u0103r\u0103torilor de locuin\u021be - \u0218tiri - ImoExpert","description":"Pe pia\u021ba reziden\u021bial\u0103, modific\u0103rile la nivelul cererii pot ap\u0103rea, \u00een general vorbind, destul de u\u0219or \u2013 chiar de la un an la altul. \u00cen cadrul celui mai","robots":{"index":"index","follow":"follow"},"canonical":"https:\/\/www.imobiliare.ro\/imoexpert\/solutia-spaniolilor-de-la-gran-via-la-schimbarea-preferintelor-cumparatorilor-de-locuinte_db\/","og_locale":"ro_RO","og_type":"article","og_title":"Solu\u021bia spaniolilor de la Gran Via la schimbarea preferin\u021belor cump\u0103r\u0103torilor de locuin\u021be","og_description":"Pe pia\u021ba reziden\u021bial\u0103, modific\u0103rile la nivelul cererii pot ap\u0103rea, \u00een general vorbind, destul de u\u0219or \u2013 chiar de la un an la altul. \u00cen cadrul celui mai","og_url":"https:\/\/www.imobiliare.ro\/imoexpert\/solutia-spaniolilor-de-la-gran-via-la-schimbarea-preferintelor-cumparatorilor-de-locuinte_db\/","og_site_name":"ImoExpert","article_published_time":"2020-08-18T17:13:30+00:00","og_image":[{"width":800,"height":533,"url":"https:\/\/www.imobiliare.ro\/imoexpert\/wp-content\/uploads\/2020\/08\/Solutia-spaniolilor-de-la-Gran-Via-la-modificarea-preferintelor-cumparatorilor-de-locuinte.jpg","type":"image\/jpeg"}],"author":"Adriana Dr\u0103gu\u0219in","twitter_card":"summary_large_image","twitter_misc":{"Written by":"Adriana Dr\u0103gu\u0219in","Est. reading time":"3 minute"},"schema":{"@context":"https:\/\/schema.org","@graph":[{"@type":"Article","@id":"https:\/\/www.imobiliare.ro\/imoexpert\/solutia-spaniolilor-de-la-gran-via-la-schimbarea-preferintelor-cumparatorilor-de-locuinte_db\/#article","isPartOf":{"@id":"https:\/\/www.imobiliare.ro\/imoexpert\/solutia-spaniolilor-de-la-gran-via-la-schimbarea-preferintelor-cumparatorilor-de-locuinte_db\/"},"author":{"name":"Adriana Dr\u0103gu\u0219in","@id":"https:\/\/www.imobiliare.ro\/imoexpert\/#\/schema\/person\/8c13b0297075010b896471fabf0d7790"},"headline":"Solu\u021bia spaniolilor de la Gran Via la schimbarea preferin\u021belor cump\u0103r\u0103torilor de locuin\u021be","datePublished":"2020-08-18T17:13:30+00:00","mainEntityOfPage":{"@id":"https:\/\/www.imobiliare.ro\/imoexpert\/solutia-spaniolilor-de-la-gran-via-la-schimbarea-preferintelor-cumparatorilor-de-locuinte_db\/"},"wordCount":674,"commentCount":0,"publisher":{"@id":"https:\/\/www.imobiliare.ro\/imoexpert\/#organization"},"image":{"@id":"https:\/\/www.imobiliare.ro\/imoexpert\/solutia-spaniolilor-de-la-gran-via-la-schimbarea-preferintelor-cumparatorilor-de-locuinte_db\/#primaryimage"},"thumbnailUrl":"https:\/\/www.imobiliare.ro\/imoexpert\/wp-content\/uploads\/2020\/08\/Solutia-spaniolilor-de-la-Gran-Via-la-modificarea-preferintelor-cumparatorilor-de-locuinte.jpg","keywords":["Ansambluri rezidentiale","COVID-19","Gran Via"],"articleSection":["\u0218tiri"],"inLanguage":"en","potentialAction":[{"@type":"CommentAction","name":"Comment","target":["https:\/\/www.imobiliare.ro\/imoexpert\/solutia-spaniolilor-de-la-gran-via-la-schimbarea-preferintelor-cumparatorilor-de-locuinte_db\/#respond"]}],"copyrightYear":"2020","copyrightHolder":{"@id":"https:\/\/www.imobiliare.ro\/imoexpert\/#organization"}},{"@type":"WebPage","@id":"https:\/\/www.imobiliare.ro\/imoexpert\/solutia-spaniolilor-de-la-gran-via-la-schimbarea-preferintelor-cumparatorilor-de-locuinte_db\/","url":"https:\/\/www.imobiliare.ro\/imoexpert\/solutia-spaniolilor-de-la-gran-via-la-schimbarea-preferintelor-cumparatorilor-de-locuinte_db\/","name":"Solu\u021bia spaniolilor de la Gran Via la schimbarea preferin\u021belor cump\u0103r\u0103torilor de locuin\u021be - \u0218tiri - ImoExpert","isPartOf":{"@id":"https:\/\/www.imobiliare.ro\/imoexpert\/#website"},"primaryImageOfPage":{"@id":"https:\/\/www.imobiliare.ro\/imoexpert\/solutia-spaniolilor-de-la-gran-via-la-schimbarea-preferintelor-cumparatorilor-de-locuinte_db\/#primaryimage"},"image":{"@id":"https:\/\/www.imobiliare.ro\/imoexpert\/solutia-spaniolilor-de-la-gran-via-la-schimbarea-preferintelor-cumparatorilor-de-locuinte_db\/#primaryimage"},"thumbnailUrl":"https:\/\/www.imobiliare.ro\/imoexpert\/wp-content\/uploads\/2020\/08\/Solutia-spaniolilor-de-la-Gran-Via-la-modificarea-preferintelor-cumparatorilor-de-locuinte.jpg","datePublished":"2020-08-18T17:13:30+00:00","description":"Pe pia\u021ba reziden\u021bial\u0103, modific\u0103rile la nivelul cererii pot ap\u0103rea, \u00een general vorbind, destul de u\u0219or \u2013 chiar de la un an la altul. \u00cen cadrul celui mai","breadcrumb":{"@id":"https:\/\/www.imobiliare.ro\/imoexpert\/solutia-spaniolilor-de-la-gran-via-la-schimbarea-preferintelor-cumparatorilor-de-locuinte_db\/#breadcrumb"},"inLanguage":"en","potentialAction":[{"@type":"ReadAction","target":["https:\/\/www.imobiliare.ro\/imoexpert\/solutia-spaniolilor-de-la-gran-via-la-schimbarea-preferintelor-cumparatorilor-de-locuinte_db\/"]}]},{"@type":"ImageObject","inLanguage":"en","@id":"https:\/\/www.imobiliare.ro\/imoexpert\/solutia-spaniolilor-de-la-gran-via-la-schimbarea-preferintelor-cumparatorilor-de-locuinte_db\/#primaryimage","url":"https:\/\/www.imobiliare.ro\/imoexpert\/wp-content\/uploads\/2020\/08\/Solutia-spaniolilor-de-la-Gran-Via-la-modificarea-preferintelor-cumparatorilor-de-locuinte.jpg","contentUrl":"https:\/\/www.imobiliare.ro\/imoexpert\/wp-content\/uploads\/2020\/08\/Solutia-spaniolilor-de-la-Gran-Via-la-modificarea-preferintelor-cumparatorilor-de-locuinte.jpg","width":800,"height":533},{"@type":"BreadcrumbList","@id":"https:\/\/www.imobiliare.ro\/imoexpert\/solutia-spaniolilor-de-la-gran-via-la-schimbarea-preferintelor-cumparatorilor-de-locuinte_db\/#breadcrumb","itemListElement":[{"@type":"ListItem","position":1,"name":"Imoradar24","item":"https:\/\/www.imoradar24.ro"},{"@type":"ListItem","position":2,"name":"ImoExpert","item":"https:\/\/www.imobiliare.ro\/imoexpert\/"},{"@type":"ListItem","position":3,"name":"\u0218tiri","item":"https:\/\/www.imobiliare.ro\/imoexpert\/stiri\/"},{"@type":"ListItem","position":4,"name":"Solu\u021bia spaniolilor de la Gran Via la schimbarea preferin\u021belor cump\u0103r\u0103torilor de locuin\u021be"}]},{"@type":"WebSite","@id":"https:\/\/www.imobiliare.ro\/imoexpert\/#website","url":"https:\/\/www.imobiliare.ro\/imoexpert\/","name":"ImoExpert","description":"cele mai importante \u015ftiri din domeniul imobiliar","publisher":{"@id":"https:\/\/www.imobiliare.ro\/imoexpert\/#organization"},"inLanguage":"en"},{"@type":"Organization","@id":"https:\/\/www.imobiliare.ro\/imoexpert\/#organization","name":"Imobiliare.ro","alternateName":"Realmedia Network SA","url":"https:\/\/www.imobiliare.ro\/imoexpert\/","logo":{"@type":"ImageObject","inLanguage":"en","@id":"https:\/\/www.imobiliare.ro\/imoexpert\/#\/schema\/logo\/image\/","url":"https:\/\/www.imobiliare.ro\/imoexpert\/wp-content\/uploads\/2025\/05\/imobiliare_logo.png","contentUrl":"https:\/\/www.imobiliare.ro\/imoexpert\/wp-content\/uploads\/2025\/05\/imobiliare_logo.png","width":237,"height":29,"caption":"Imobiliare.ro"},"image":{"@id":"https:\/\/www.imobiliare.ro\/imoexpert\/#\/schema\/logo\/image\/"}},{"@type":"Person","@id":"https:\/\/www.imobiliare.ro\/imoexpert\/#\/schema\/person\/8c13b0297075010b896471fabf0d7790","name":"Adriana Dr\u0103gu\u0219in","image":{"@type":"ImageObject","inLanguage":"en","@id":"https:\/\/www.imobiliare.ro\/imoexpert\/#\/schema\/person\/image\/","url":"https:\/\/secure.gravatar.com\/avatar\/ba4762f7517e50e679ed7f11207102d1150120f2f5800c0da98f8a15305bf514?s=96&d=mm&r=g","contentUrl":"https:\/\/secure.gravatar.com\/avatar\/ba4762f7517e50e679ed7f11207102d1150120f2f5800c0da98f8a15305bf514?s=96&d=mm&r=g","caption":"Adriana Dr\u0103gu\u0219in"},"jobTitle":"Editor","url":"https:\/\/www.imobiliare.ro\/imoexpert\/author\/adriana-dragusin\/"}]}},"_links":{"self":[{"href":"https:\/\/www.imobiliare.ro\/imoexpert\/wp-json\/wp\/v2\/posts\/59802","targetHints":{"allow":["GET"]}}],"collection":[{"href":"https:\/\/www.imobiliare.ro\/imoexpert\/wp-json\/wp\/v2\/posts"}],"about":[{"href":"https:\/\/www.imobiliare.ro\/imoexpert\/wp-json\/wp\/v2\/types\/post"}],"author":[{"embeddable":true,"href":"https:\/\/www.imobiliare.ro\/imoexpert\/wp-json\/wp\/v2\/users\/829"}],"replies":[{"embeddable":true,"href":"https:\/\/www.imobiliare.ro\/imoexpert\/wp-json\/wp\/v2\/comments?post=59802"}],"version-history":[{"count":0,"href":"https:\/\/www.imobiliare.ro\/imoexpert\/wp-json\/wp\/v2\/posts\/59802\/revisions"}],"wp:featuredmedia":[{"embeddable":true,"href":"https:\/\/www.imobiliare.ro\/imoexpert\/wp-json\/wp\/v2\/media\/59803"}],"wp:attachment":[{"href":"https:\/\/www.imobiliare.ro\/imoexpert\/wp-json\/wp\/v2\/media?parent=59802"}],"wp:term":[{"taxonomy":"category","embeddable":true,"href":"https:\/\/www.imobiliare.ro\/imoexpert\/wp-json\/wp\/v2\/categories?post=59802"},{"taxonomy":"post_tag","embeddable":true,"href":"https:\/\/www.imobiliare.ro\/imoexpert\/wp-json\/wp\/v2\/tags?post=59802"},{"taxonomy":"content_author","embeddable":true,"href":"https:\/\/www.imobiliare.ro\/imoexpert\/wp-json\/wp\/v2\/content_author?post=59802"}],"curies":[{"name":"wp","href":"https:\/\/api.w.org\/{rel}","templated":true}]}}