{"id":60388,"date":"2020-09-23T14:34:35","date_gmt":"2020-09-23T11:34:35","guid":{"rendered":"https:\/\/www.imobiliare.ro\/imoexpert\/?p=60388"},"modified":"2020-09-23T14:34:35","modified_gmt":"2020-09-23T11:34:35","slug":"cate-locuinte-au-fost-construite-in-romania-de-la-revolutie-incoace-topul-celor-mai-active-judete-vezi-si-harta","status":"publish","type":"post","link":"https:\/\/www.imobiliare.ro\/imoexpert\/cate-locuinte-au-fost-construite-in-romania-de-la-revolutie-incoace-topul-celor-mai-active-judete-vezi-si-harta_db\/","title":{"rendered":"C\u00e2te locuin\u021be au fost construite \u00een Rom\u00e2nia de la Revolu\u021bie \u00eencoace. Topul celor mai active jude\u021be \u2013 vezi \u0219i HARTA"},"content":{"rendered":"<p><a class=\"article-body-links\"href=\"https:\/\/www.imobiliare.ro\/imoexpert\/wp-content\/uploads\/2020\/09\/Cate-locuinte-au-fost-construite-in-Romania-de-la-revolutie-incoace-topul-celor-mai-active-judete-vezi-si-harta.jpg\"><img loading=\"lazy\" decoding=\"async\" src=\"https:\/\/www.imobiliare.ro\/imoexpert\/wp-content\/uploads\/2020\/09\/Cate-locuinte-au-fost-construite-in-Romania-de-la-revolutie-incoace-topul-celor-mai-active-judete-vezi-si-harta.jpg\" alt=\"\" width=\"800\" height=\"534\" class=\"aligncenter size-full wp-image-60391\" srcset=\"https:\/\/www.imobiliare.ro\/imoexpert\/wp-content\/uploads\/2020\/09\/Cate-locuinte-au-fost-construite-in-Romania-de-la-revolutie-incoace-topul-celor-mai-active-judete-vezi-si-harta.jpg 800w, https:\/\/www.imobiliare.ro\/imoexpert\/wp-content\/uploads\/2020\/09\/Cate-locuinte-au-fost-construite-in-Romania-de-la-revolutie-incoace-topul-celor-mai-active-judete-vezi-si-harta-300x200.jpg 300w, https:\/\/www.imobiliare.ro\/imoexpert\/wp-content\/uploads\/2020\/09\/Cate-locuinte-au-fost-construite-in-Romania-de-la-revolutie-incoace-topul-celor-mai-active-judete-vezi-si-harta-768x513.jpg 768w\" sizes=\"auto, (max-width: 800px) 100vw, 800px\" \/><\/a><\/p>\n<div id=\"ez-toc-container\" class=\"ez-toc-v2_0_81 counter-hierarchy ez-toc-counter ez-toc-grey ez-toc-container-direction\">\n<p class=\"ez-toc-title\" style=\"cursor:inherit\">Table of Contents<\/p>\n<label for=\"ez-toc-cssicon-toggle-item-69ef1f315d5c8\" class=\"ez-toc-cssicon-toggle-label\"><span class=\"ez-toc-cssicon\"><span class=\"eztoc-hide\" style=\"display:none;\">Toggle<\/span><span class=\"ez-toc-icon-toggle-span\"><svg style=\"fill: #999;color:#999\" xmlns=\"http:\/\/www.w3.org\/2000\/svg\" class=\"list-377408\" width=\"20px\" height=\"20px\" viewBox=\"0 0 24 24\" fill=\"none\"><path d=\"M6 6H4v2h2V6zm14 0H8v2h12V6zM4 11h2v2H4v-2zm16 0H8v2h12v-2zM4 16h2v2H4v-2zm16 0H8v2h12v-2z\" fill=\"currentColor\"><\/path><\/svg><svg style=\"fill: #999;color:#999\" class=\"arrow-unsorted-368013\" xmlns=\"http:\/\/www.w3.org\/2000\/svg\" width=\"10px\" height=\"10px\" viewBox=\"0 0 24 24\" version=\"1.2\" baseProfile=\"tiny\"><path d=\"M18.2 9.3l-6.2-6.3-6.2 6.3c-.2.2-.3.4-.3.7s.1.5.3.7c.2.2.4.3.7.3h11c.3 0 .5-.1.7-.3.2-.2.3-.5.3-.7s-.1-.5-.3-.7zM5.8 14.7l6.2 6.3 6.2-6.3c.2-.2.3-.5.3-.7s-.1-.5-.3-.7c-.2-.2-.4-.3-.7-.3h-11c-.3 0-.5.1-.7.3-.2.2-.3.5-.3.7s.1.5.3.7z\"\/><\/svg><\/span><\/span><\/label><input type=\"checkbox\"  id=\"ez-toc-cssicon-toggle-item-69ef1f315d5c8\"  aria-label=\"Toggle\" \/><nav><ul class='ez-toc-list ez-toc-list-level-1 ' ><li class='ez-toc-page-1 ez-toc-heading-level-2'><a class=\"ez-toc-link ez-toc-heading-1\" href=\"https:\/\/www.imobiliare.ro\/imoexpert\/cate-locuinte-au-fost-construite-in-romania-de-la-revolutie-incoace-topul-celor-mai-active-judete-vezi-si-harta_db\/#Fondul_locativ_autohton_ramane_per_ansamblu_unul_preponderent_imbatranit_87_din_totalul_locuintelor_existente_la_nivel_national_au_o_vechime_de_peste_30_de_ani\" >Fondul locativ autohton r\u0103m\u00e2ne, per ansamblu, unul preponderent \u00eemb\u0103tr\u00e2nit: 87% din totalul locuin\u0163elor existente la nivel na\u021bional au o vechime de peste 30 de ani.<\/a><\/li><li class='ez-toc-page-1 ez-toc-heading-level-2'><a class=\"ez-toc-link ez-toc-heading-2\" href=\"https:\/\/www.imobiliare.ro\/imoexpert\/cate-locuinte-au-fost-construite-in-romania-de-la-revolutie-incoace-topul-celor-mai-active-judete-vezi-si-harta_db\/#Nivel_apropiat_de_livrari_in_Bucuresti_si_judetul_Ilfov\" >Nivel apropiat de livr\u0103ri \u00een Bucure\u0219ti \u0219i jude\u021bul Ilfov<\/a><\/li><li class='ez-toc-page-1 ez-toc-heading-level-2'><a class=\"ez-toc-link ez-toc-heading-3\" href=\"https:\/\/www.imobiliare.ro\/imoexpert\/cate-locuinte-au-fost-construite-in-romania-de-la-revolutie-incoace-topul-celor-mai-active-judete-vezi-si-harta_db\/#Statisticile_oficiale_confirma_interesul_pentru_imprejurimile_Capitalei\" >Statisticile oficiale confirm\u0103 interesul pentru \u00eemprejurimile Capitalei<\/a><\/li><\/ul><\/nav><\/div>\n<h2><span class=\"ez-toc-section\" id=\"Fondul_locativ_autohton_ramane_per_ansamblu_unul_preponderent_imbatranit_87_din_totalul_locuintelor_existente_la_nivel_national_au_o_vechime_de_peste_30_de_ani\"><\/span>Fondul locativ autohton r\u0103m\u00e2ne, per ansamblu, unul preponderent \u00eemb\u0103tr\u00e2nit: 87% din totalul locuin\u0163elor existente la nivel na\u021bional au o vechime de peste 30 de ani.<span class=\"ez-toc-section-end\"><\/span><\/h2>\n<p>Potrivit unei analize realizate de compania de consultan\u021b\u0103 imobiliar\u0103 Cushman &#038; Wakefield Echinox, \u00een Rom\u00e2nia au fost finalizate, \u00een perioada 1990-2019, aproximativ 1,22 milioane de locuin\u021be noi \u2013 ceea ce reprezint\u0103 doar 13,4% din fondul locativ total calculat de Institutul Na\u021bional de Statistic\u0103, respectiv 9,1 milioane de unit\u0103\u021bi. \u201eStocul reziden\u021bial este alc\u0103tuit preponderent din apartamente construite \u00een regimul comunist, av\u00e2nd, \u00een cele mai multe cazuri, un grad redus de confort\u201d, subliniaz\u0103 reprezentan\u021bii companiei de consultan\u021b\u0103.<\/p>\n<p><strong>Cite\u0219te \u0219i:<br \/>\n<a class=\"article-body-links\"href=\"https:\/\/www.imobiliare.ro\/imoexpert\/o-dovada-in-plus-a-nevoii-solide-de-locuinte-peste-40-din-tineri-inca-locuiesc-cu-parintii-la-ce-varsta-pleaca-de-acasa-un-roman-fata-de-un-suedez-un-francez-un-bulgar-sau-un-grec_db\/\">O dovad\u0103 \u00een plus a nevoii solide de locuin\u021be: peste 40% din tineri \u00eenc\u0103 locuiesc cu p\u0103rin\u021bii. La ce v\u00e2rst\u0103 pleac\u0103 de acas\u0103 un rom\u00e2n \u2013 fa\u021b\u0103 de un suedez, un francez, un bulgar sau un grec<\/a><\/p>\n<p><a class=\"article-body-links\"href=\"https:\/\/www.imobiliare.ro\/imoexpert\/2019-cel-mai-bun-an-pentru-constructiile-de-locuinte-de-la-revolutie-incoace_db\/\">2019, cel mai bun an pentru construc\u021biile de locuin\u021be de la Revolu\u021bie \u00eencoace<\/a><\/strong><\/p>\n<blockquote><p>\u201e\u00cen ciuda dezvolt\u0103rii sus\u021binute din ultimii 4-5 ani, pia\u021ba reziden\u021bial\u0103 din Rom\u00e2nia r\u0103m\u00e2ne subdezvoltat\u0103, stocul locativ fiind \u00een continuare dominat de apartamentele vechi, care \u00een cea mai mare parte au suprafe\u021be mici, un deficit de locuri de parcare \u0219i o calitate sc\u0103zut\u0103 a construc\u021biei pe zona de instala\u021bii \u0219i spa\u021bii comune. \u00cen zonele cu o evolu\u021bie economic\u0103 mai bun\u0103, precum Bucure\u0219ti, Cluj, Ia\u0219i, Constan\u021ba, Timi\u0219 sau Sibiu, ponderea locuin\u021belor noi este peste media na\u021bional\u0103, dar \u0219i \u00een aceste jude\u021be \u00eenc\u0103 este loc suficient de dezvoltare, \u00een vederea \u00eembun\u0103t\u0103\u021birii condi\u021biilor de trai. \u00cen plus, \u0219i alte jude\u021be, precum Bihor, Dolj sau Prahova, prezint\u0103 indicatori demografici \u0219i macroeconomici pozitivi \u0219i un deficit de locuin\u021be noi, astfel c\u0103 au un poten\u021bial bun de dezvoltare reziden\u021bial\u0103.\u201d<\/p>\n<p><strong>Mihaela Pan\u0103, Partner Residential Agency, Cushman &#038; Wakefield Echinox<\/strong><\/p><\/blockquote>\n<p>&nbsp;<\/p>\n<p><strong>Cite\u0219te \u0219i:<br \/>\n<a class=\"article-body-links\"href=\"https:\/\/www.imobiliare.ro\/imoexpert\/cushman-wakefield-echinox-piata-investitionala-din-romania-ramane-atractiva-si-robusta-2020-ar-putea-aduce-un-record-al-ultimilor-sase-ani_db\/\">Cushman &#038; Wakefield Echinox: Pia\u021ba investi\u021bional\u0103 din Rom\u00e2nia r\u0103m\u00e2ne atractiv\u0103 \u0219i robust\u0103. 2020 ar putea aduce un record al ultimilor \u0219ase ani<\/a><\/strong><\/p>\n<h2><span class=\"ez-toc-section\" id=\"Nivel_apropiat_de_livrari_in_Bucuresti_si_judetul_Ilfov\"><\/span>Nivel apropiat de livr\u0103ri \u00een Bucure\u0219ti \u0219i jude\u021bul Ilfov<span class=\"ez-toc-section-end\"><\/span><\/h2>\n<p>\u00cen cifre absolute, Bucure\u0219tiul \u0219i jude\u021bul Ilfov se situeaz\u0103 la un nivel foarte apropiat din punctul de vedere al livr\u0103rilor ce au avut loc \u00een ultimii 30 de ani, cele dou\u0103 zone ocup\u00e2nd primele dou\u0103 locuri \u00een clasament, cu 90.294 \u0219i, respectiv, 89.834 de unit\u0103\u021bi locative finalizate. Dup\u0103 Bucure\u0219ti \u0219i Ilfov, cele mai dinamice pie\u021be reziden\u021biale au fost, \u00een perioada analizat\u0103, jude\u021bele Cluj (unde au fost finalizate 77.074 de locuin\u021be), Constan\u021ba (cu 66.645 de unit\u0103\u021bi), Ia\u0219i (59.948), Suceava (58.557), Timi\u0219 (48.714), Arge\u0219 (43.719), Prahova (39.147), Bac\u0103u (37.712) \u0219i, respectiv, Bra\u0219ov (35.671).<\/p>\n<p><a class=\"article-body-links\"href=\"https:\/\/www.imobiliare.ro\/imoexpert\/wp-content\/uploads\/2020\/09\/Cushman-Wakefield-livrari-locuinte.jpg\"><img loading=\"lazy\" decoding=\"async\" src=\"https:\/\/www.imobiliare.ro\/imoexpert\/wp-content\/uploads\/2020\/09\/Cushman-Wakefield-livrari-locuinte.jpg\" alt=\"\" width=\"800\" height=\"390\" class=\"aligncenter size-full wp-image-60389\" srcset=\"https:\/\/www.imobiliare.ro\/imoexpert\/wp-content\/uploads\/2020\/09\/Cushman-Wakefield-livrari-locuinte.jpg 800w, https:\/\/www.imobiliare.ro\/imoexpert\/wp-content\/uploads\/2020\/09\/Cushman-Wakefield-livrari-locuinte-300x146.jpg 300w, https:\/\/www.imobiliare.ro\/imoexpert\/wp-content\/uploads\/2020\/09\/Cushman-Wakefield-livrari-locuinte-768x374.jpg 768w\" sizes=\"auto, (max-width: 800px) 100vw, 800px\" \/><\/a><\/p>\n<p><strong>Cite\u0219te \u0219i:<br \/>\n<a class=\"article-body-links\"href=\"https:\/\/www.imobiliare.ro\/imoexpert\/spatii-de-birouri-de-aproape-500-000-de-metri-patrati-se-afla-in-dezvoltare-in-cinci-mari-centre-regionale-au-termene-de-predare-pana-la-finele-lui-2021_db\/\">Spa\u021bii de birouri de aproape 500.000 de metri p\u0103tra\u021bi se afl\u0103 \u00een dezvoltare \u00een cinci mari centre regionale. Au termene de predare p\u00e2n\u0103 la finele lui 2021<\/a><\/p>\n<p><a class=\"article-body-links\"href=\"https:\/\/www.imobiliare.ro\/imoexpert\/planuri-mari-pentru-calea-victoriei-sapte-noi-cladiri-de-birouri-plus-sase-hoteluri-investitiile-pot-depasi-300-de-milioane-de-euro_db\/\">Planuri mari pentru Calea Victoriei: \u0219apte noi cl\u0103diri de birouri, plus \u0219ase hoteluri. Investi\u0163iile pot dep\u0103\u015fi 300 de milioane de euro<\/a><\/strong><\/p>\n<h2><span class=\"ez-toc-section\" id=\"Statisticile_oficiale_confirma_interesul_pentru_imprejurimile_Capitalei\"><\/span>Statisticile oficiale confirm\u0103 interesul pentru \u00eemprejurimile Capitalei<span class=\"ez-toc-section-end\"><\/span><\/h2>\n<p>Calculele efectuate de speciali\u0219tii Cushman &#038; Wakefield Echinox relev\u0103 c\u0103 ponderea locuin\u021belor construite \u00een ultimii 30 de ani dep\u0103\u0219e\u0219te pragul de 20% \u00een doar trei jude\u021be ale \u021b\u0103rii, respectiv Constan\u021ba (22,1%), Cluj (22%) \u0219i Suceava (21,4%). La polul opus se situeaz\u0103 jude\u021bele Teleorman (5,6%), Hunedoara (5,6%) \u0219i Cara\u0219-Severin (4,1%), unde locuin\u021bele construite \u00een urm\u0103 cu peste 30 de ani reprezint\u0103 peste 90% din stocul reziden\u021bial local.<\/p>\n<p>La nivelul regiunii Bucure\u0219ti-Ilfov, ponderea locuin\u021belor construite \u00een perioada 1990-2019 se cifreaz\u0103 la o medie de 16,8%, cu men\u021biunea c\u0103 exist\u0103 o diferen\u021b\u0103 semnificativ\u0103 \u00eentre Capital\u0103 (10,3%) \u0219i jude\u021bul Ilfov (46,1%).  Aceast\u0103 \u201esitua\u021bie [&#8230;] ilustreaz\u0103 un apetit ridicat pentru extinderea ora\u0219ului \u00een localit\u0103\u021bi limitrofe, precum Pope\u0219ti Leordeni, Chiajna, Bragadiru sau Voluntari\u201d, explic\u0103 reprezentan\u021bii companiei. <\/p>\n<p><a class=\"article-body-links\"href=\"https:\/\/www.imobiliare.ro\/imoexpert\/wp-content\/uploads\/2020\/09\/Cushman-Wakefield-livrari-locuinte-harta.jpg\"><img loading=\"lazy\" decoding=\"async\" src=\"https:\/\/www.imobiliare.ro\/imoexpert\/wp-content\/uploads\/2020\/09\/Cushman-Wakefield-livrari-locuinte-harta.jpg\" alt=\"\" width=\"800\" height=\"713\" class=\"aligncenter size-full wp-image-60390\" srcset=\"https:\/\/www.imobiliare.ro\/imoexpert\/wp-content\/uploads\/2020\/09\/Cushman-Wakefield-livrari-locuinte-harta.jpg 800w, https:\/\/www.imobiliare.ro\/imoexpert\/wp-content\/uploads\/2020\/09\/Cushman-Wakefield-livrari-locuinte-harta-300x267.jpg 300w, https:\/\/www.imobiliare.ro\/imoexpert\/wp-content\/uploads\/2020\/09\/Cushman-Wakefield-livrari-locuinte-harta-768x684.jpg 768w, https:\/\/www.imobiliare.ro\/imoexpert\/wp-content\/uploads\/2020\/09\/Cushman-Wakefield-livrari-locuinte-harta-180x160.jpg 180w\" sizes=\"auto, (max-width: 800px) 100vw, 800px\" \/><\/a><\/p>\n","protected":false},"excerpt":{"rendered":"<p>Fondul locativ autohton r\u0103m\u00e2ne, per ansamblu, unul preponderent \u00eemb\u0103tr\u00e2nit: 87% din totalul locuin\u0163elor existente la nivel na\u021bional au o vechime de peste 30 de ani. Potrivit unei analize realizate de compania de consultan\u021b\u0103 imobiliar\u0103 Cushman &#038; Wakefield Echinox, \u00een Rom\u00e2nia au fost finalizate, \u00een perioada 1990-2019, aproximativ 1,22 milioane de locuin\u021be noi \u2013 ceea ce [&hellip;]<\/p>\n","protected":false},"author":829,"featured_media":60391,"comment_status":"open","ping_status":"open","sticky":false,"template":"","format":"standard","meta":{"footnotes":""},"categories":[],"tags":[337,1811,480,1955,1017,900,366,1559,1410,1411],"content_author":[],"class_list":["post-60388","post","type-post","status-publish","format-standard","has-post-thumbnail","hentry","tag-bucuresti","tag-constructii-locuinte","tag-cumparator","tag-cushman-wakefield-echinox","tag-fond-locativ","tag-ilfov","tag-ins","tag-livrari-locuinte","tag-newsletter","tag-principal"],"yoast_head":"<!-- This site is optimized with the Yoast SEO Premium plugin v27.0 (Yoast SEO v27.0) - https:\/\/yoast.com\/product\/yoast-seo-premium-wordpress\/ -->\n<title>C\u00e2te locuin\u021be au fost construite \u00een Rom\u00e2nia de la Revolu\u021bie \u00eencoace. Topul celor mai active jude\u021be \u2013 vezi \u0219i HARTA - ImoExpert<\/title>\n<meta name=\"description\" content=\"Fondul locativ autohton r\u0103m\u00e2ne, per ansamblu, unul preponderent \u00eemb\u0103tr\u00e2nit: 87% din totalul locuin\u0163elor existente la nivel na\u021bional au o vechime de peste\" \/>\n<meta name=\"robots\" content=\"index, follow\" \/>\n<link rel=\"canonical\" href=\"https:\/\/www.imobiliare.ro\/imoexpert\/cate-locuinte-au-fost-construite-in-romania-de-la-revolutie-incoace-topul-celor-mai-active-judete-vezi-si-harta_db\/\" \/>\n<meta property=\"og:locale\" content=\"ro_RO\" \/>\n<meta property=\"og:type\" content=\"article\" \/>\n<meta property=\"og:title\" content=\"C\u00e2te locuin\u021be au fost construite \u00een Rom\u00e2nia de la Revolu\u021bie \u00eencoace. Topul celor mai active jude\u021be \u2013 vezi \u0219i HARTA\" \/>\n<meta property=\"og:description\" content=\"Fondul locativ autohton r\u0103m\u00e2ne, per ansamblu, unul preponderent \u00eemb\u0103tr\u00e2nit: 87% din totalul locuin\u0163elor existente la nivel na\u021bional au o vechime de peste\" \/>\n<meta property=\"og:url\" content=\"https:\/\/www.imobiliare.ro\/imoexpert\/cate-locuinte-au-fost-construite-in-romania-de-la-revolutie-incoace-topul-celor-mai-active-judete-vezi-si-harta_db\/\" \/>\n<meta property=\"og:site_name\" content=\"ImoExpert\" \/>\n<meta property=\"article:published_time\" content=\"2020-09-23T11:34:35+00:00\" \/>\n<meta property=\"og:image\" content=\"https:\/\/www.imobiliare.ro\/imoexpert\/wp-content\/uploads\/2020\/09\/Cate-locuinte-au-fost-construite-in-Romania-de-la-revolutie-incoace-topul-celor-mai-active-judete-vezi-si-harta.jpg\" \/>\n\t<meta property=\"og:image:width\" content=\"800\" \/>\n\t<meta property=\"og:image:height\" content=\"534\" \/>\n\t<meta property=\"og:image:type\" content=\"image\/jpeg\" \/>\n<meta name=\"author\" content=\"Adriana Dr\u0103gu\u0219in\" \/>\n<meta name=\"twitter:card\" content=\"summary_large_image\" \/>\n<meta name=\"twitter:label1\" content=\"Written by\" \/>\n\t<meta name=\"twitter:data1\" content=\"Adriana Dr\u0103gu\u0219in\" \/>\n\t<meta name=\"twitter:label2\" content=\"Est. reading time\" \/>\n\t<meta name=\"twitter:data2\" content=\"3 minute\" \/>\n<script type=\"application\/ld+json\" class=\"yoast-schema-graph\">{\"@context\":\"https:\/\/schema.org\",\"@graph\":[{\"@type\":\"Article\",\"@id\":\"https:\/\/www.imobiliare.ro\/imoexpert\/cate-locuinte-au-fost-construite-in-romania-de-la-revolutie-incoace-topul-celor-mai-active-judete-vezi-si-harta_db\/#article\",\"isPartOf\":{\"@id\":\"https:\/\/www.imobiliare.ro\/imoexpert\/cate-locuinte-au-fost-construite-in-romania-de-la-revolutie-incoace-topul-celor-mai-active-judete-vezi-si-harta_db\/\"},\"author\":{\"name\":\"Adriana Dr\u0103gu\u0219in\",\"@id\":\"https:\/\/www.imobiliare.ro\/imoexpert\/#\/schema\/person\/8c13b0297075010b896471fabf0d7790\"},\"headline\":\"C\u00e2te locuin\u021be au fost construite \u00een Rom\u00e2nia de la Revolu\u021bie \u00eencoace. Topul celor mai active jude\u021be \u2013 vezi \u0219i HARTA\",\"datePublished\":\"2020-09-23T11:34:35+00:00\",\"mainEntityOfPage\":{\"@id\":\"https:\/\/www.imobiliare.ro\/imoexpert\/cate-locuinte-au-fost-construite-in-romania-de-la-revolutie-incoace-topul-celor-mai-active-judete-vezi-si-harta_db\/\"},\"wordCount\":666,\"commentCount\":1,\"publisher\":{\"@id\":\"https:\/\/www.imobiliare.ro\/imoexpert\/#organization\"},\"image\":{\"@id\":\"https:\/\/www.imobiliare.ro\/imoexpert\/cate-locuinte-au-fost-construite-in-romania-de-la-revolutie-incoace-topul-celor-mai-active-judete-vezi-si-harta_db\/#primaryimage\"},\"thumbnailUrl\":\"https:\/\/www.imobiliare.ro\/imoexpert\/wp-content\/uploads\/2020\/09\/Cate-locuinte-au-fost-construite-in-Romania-de-la-revolutie-incoace-topul-celor-mai-active-judete-vezi-si-harta.jpg\",\"keywords\":[\"Bucure\u015fti\",\"construc\u021bii locuin\u021be\",\"cumparator\",\"Cushman Wakefield Echinox\",\"fond locativ\",\"Ilfov\",\"INS\",\"livrari locuinte\",\"newsletter\",\"principal\"],\"inLanguage\":\"en\",\"potentialAction\":[{\"@type\":\"CommentAction\",\"name\":\"Comment\",\"target\":[\"https:\/\/www.imobiliare.ro\/imoexpert\/cate-locuinte-au-fost-construite-in-romania-de-la-revolutie-incoace-topul-celor-mai-active-judete-vezi-si-harta_db\/#respond\"]}],\"copyrightYear\":\"2020\",\"copyrightHolder\":{\"@id\":\"https:\/\/www.imobiliare.ro\/imoexpert\/#organization\"}},{\"@type\":\"WebPage\",\"@id\":\"https:\/\/www.imobiliare.ro\/imoexpert\/cate-locuinte-au-fost-construite-in-romania-de-la-revolutie-incoace-topul-celor-mai-active-judete-vezi-si-harta_db\/\",\"url\":\"https:\/\/www.imobiliare.ro\/imoexpert\/cate-locuinte-au-fost-construite-in-romania-de-la-revolutie-incoace-topul-celor-mai-active-judete-vezi-si-harta_db\/\",\"name\":\"C\u00e2te locuin\u021be au fost construite \u00een Rom\u00e2nia de la Revolu\u021bie \u00eencoace. Topul celor mai active jude\u021be \u2013 vezi \u0219i HARTA - ImoExpert\",\"isPartOf\":{\"@id\":\"https:\/\/www.imobiliare.ro\/imoexpert\/#website\"},\"primaryImageOfPage\":{\"@id\":\"https:\/\/www.imobiliare.ro\/imoexpert\/cate-locuinte-au-fost-construite-in-romania-de-la-revolutie-incoace-topul-celor-mai-active-judete-vezi-si-harta_db\/#primaryimage\"},\"image\":{\"@id\":\"https:\/\/www.imobiliare.ro\/imoexpert\/cate-locuinte-au-fost-construite-in-romania-de-la-revolutie-incoace-topul-celor-mai-active-judete-vezi-si-harta_db\/#primaryimage\"},\"thumbnailUrl\":\"https:\/\/www.imobiliare.ro\/imoexpert\/wp-content\/uploads\/2020\/09\/Cate-locuinte-au-fost-construite-in-Romania-de-la-revolutie-incoace-topul-celor-mai-active-judete-vezi-si-harta.jpg\",\"datePublished\":\"2020-09-23T11:34:35+00:00\",\"description\":\"Fondul locativ autohton r\u0103m\u00e2ne, per ansamblu, unul preponderent \u00eemb\u0103tr\u00e2nit: 87% din totalul locuin\u0163elor existente la nivel na\u021bional au o vechime de peste\",\"breadcrumb\":{\"@id\":\"https:\/\/www.imobiliare.ro\/imoexpert\/cate-locuinte-au-fost-construite-in-romania-de-la-revolutie-incoace-topul-celor-mai-active-judete-vezi-si-harta_db\/#breadcrumb\"},\"inLanguage\":\"en\",\"potentialAction\":[{\"@type\":\"ReadAction\",\"target\":[\"https:\/\/www.imobiliare.ro\/imoexpert\/cate-locuinte-au-fost-construite-in-romania-de-la-revolutie-incoace-topul-celor-mai-active-judete-vezi-si-harta_db\/\"]}]},{\"@type\":\"ImageObject\",\"inLanguage\":\"en\",\"@id\":\"https:\/\/www.imobiliare.ro\/imoexpert\/cate-locuinte-au-fost-construite-in-romania-de-la-revolutie-incoace-topul-celor-mai-active-judete-vezi-si-harta_db\/#primaryimage\",\"url\":\"https:\/\/www.imobiliare.ro\/imoexpert\/wp-content\/uploads\/2020\/09\/Cate-locuinte-au-fost-construite-in-Romania-de-la-revolutie-incoace-topul-celor-mai-active-judete-vezi-si-harta.jpg\",\"contentUrl\":\"https:\/\/www.imobiliare.ro\/imoexpert\/wp-content\/uploads\/2020\/09\/Cate-locuinte-au-fost-construite-in-Romania-de-la-revolutie-incoace-topul-celor-mai-active-judete-vezi-si-harta.jpg\",\"width\":800,\"height\":534},{\"@type\":\"BreadcrumbList\",\"@id\":\"https:\/\/www.imobiliare.ro\/imoexpert\/cate-locuinte-au-fost-construite-in-romania-de-la-revolutie-incoace-topul-celor-mai-active-judete-vezi-si-harta_db\/#breadcrumb\",\"itemListElement\":[{\"@type\":\"ListItem\",\"position\":1,\"name\":\"Imoradar24\",\"item\":\"https:\/\/www.imoradar24.ro\"},{\"@type\":\"ListItem\",\"position\":2,\"name\":\"ImoExpert\",\"item\":\"https:\/\/www.imobiliare.ro\/imoexpert\/\"},{\"@type\":\"ListItem\",\"position\":3,\"name\":\"C\u00e2te locuin\u021be au fost construite \u00een Rom\u00e2nia de la Revolu\u021bie \u00eencoace. Topul celor mai active jude\u021be \u2013 vezi \u0219i HARTA\"}]},{\"@type\":\"WebSite\",\"@id\":\"https:\/\/www.imobiliare.ro\/imoexpert\/#website\",\"url\":\"https:\/\/www.imobiliare.ro\/imoexpert\/\",\"name\":\"ImoExpert\",\"description\":\"cele mai importante \u015ftiri din domeniul imobiliar\",\"publisher\":{\"@id\":\"https:\/\/www.imobiliare.ro\/imoexpert\/#organization\"},\"inLanguage\":\"en\"},{\"@type\":\"Organization\",\"@id\":\"https:\/\/www.imobiliare.ro\/imoexpert\/#organization\",\"name\":\"Imobiliare.ro\",\"alternateName\":\"Realmedia Network SA\",\"url\":\"https:\/\/www.imobiliare.ro\/imoexpert\/\",\"logo\":{\"@type\":\"ImageObject\",\"inLanguage\":\"en\",\"@id\":\"https:\/\/www.imobiliare.ro\/imoexpert\/#\/schema\/logo\/image\/\",\"url\":\"https:\/\/www.imobiliare.ro\/imoexpert\/wp-content\/uploads\/2025\/05\/imobiliare_logo.png\",\"contentUrl\":\"https:\/\/www.imobiliare.ro\/imoexpert\/wp-content\/uploads\/2025\/05\/imobiliare_logo.png\",\"width\":237,\"height\":29,\"caption\":\"Imobiliare.ro\"},\"image\":{\"@id\":\"https:\/\/www.imobiliare.ro\/imoexpert\/#\/schema\/logo\/image\/\"}},{\"@type\":\"Person\",\"@id\":\"https:\/\/www.imobiliare.ro\/imoexpert\/#\/schema\/person\/8c13b0297075010b896471fabf0d7790\",\"name\":\"Adriana Dr\u0103gu\u0219in\",\"image\":{\"@type\":\"ImageObject\",\"inLanguage\":\"en\",\"@id\":\"https:\/\/www.imobiliare.ro\/imoexpert\/#\/schema\/person\/image\/\",\"url\":\"https:\/\/secure.gravatar.com\/avatar\/ba4762f7517e50e679ed7f11207102d1150120f2f5800c0da98f8a15305bf514?s=96&d=mm&r=g\",\"contentUrl\":\"https:\/\/secure.gravatar.com\/avatar\/ba4762f7517e50e679ed7f11207102d1150120f2f5800c0da98f8a15305bf514?s=96&d=mm&r=g\",\"caption\":\"Adriana Dr\u0103gu\u0219in\"},\"jobTitle\":\"Editor\",\"url\":\"https:\/\/www.imobiliare.ro\/imoexpert\/author\/adriana-dragusin\/\"}]}<\/script>\n<!-- \/ Yoast SEO Premium plugin. -->","yoast_head_json":{"title":"C\u00e2te locuin\u021be au fost construite \u00een Rom\u00e2nia de la Revolu\u021bie \u00eencoace. Topul celor mai active jude\u021be \u2013 vezi \u0219i HARTA - ImoExpert","description":"Fondul locativ autohton r\u0103m\u00e2ne, per ansamblu, unul preponderent \u00eemb\u0103tr\u00e2nit: 87% din totalul locuin\u0163elor existente la nivel na\u021bional au o vechime de peste","robots":{"index":"index","follow":"follow"},"canonical":"https:\/\/www.imobiliare.ro\/imoexpert\/cate-locuinte-au-fost-construite-in-romania-de-la-revolutie-incoace-topul-celor-mai-active-judete-vezi-si-harta_db\/","og_locale":"ro_RO","og_type":"article","og_title":"C\u00e2te locuin\u021be au fost construite \u00een Rom\u00e2nia de la Revolu\u021bie \u00eencoace. Topul celor mai active jude\u021be \u2013 vezi \u0219i HARTA","og_description":"Fondul locativ autohton r\u0103m\u00e2ne, per ansamblu, unul preponderent \u00eemb\u0103tr\u00e2nit: 87% din totalul locuin\u0163elor existente la nivel na\u021bional au o vechime de peste","og_url":"https:\/\/www.imobiliare.ro\/imoexpert\/cate-locuinte-au-fost-construite-in-romania-de-la-revolutie-incoace-topul-celor-mai-active-judete-vezi-si-harta_db\/","og_site_name":"ImoExpert","article_published_time":"2020-09-23T11:34:35+00:00","og_image":[{"width":800,"height":534,"url":"https:\/\/www.imobiliare.ro\/imoexpert\/wp-content\/uploads\/2020\/09\/Cate-locuinte-au-fost-construite-in-Romania-de-la-revolutie-incoace-topul-celor-mai-active-judete-vezi-si-harta.jpg","type":"image\/jpeg"}],"author":"Adriana Dr\u0103gu\u0219in","twitter_card":"summary_large_image","twitter_misc":{"Written by":"Adriana Dr\u0103gu\u0219in","Est. reading time":"3 minute"},"schema":{"@context":"https:\/\/schema.org","@graph":[{"@type":"Article","@id":"https:\/\/www.imobiliare.ro\/imoexpert\/cate-locuinte-au-fost-construite-in-romania-de-la-revolutie-incoace-topul-celor-mai-active-judete-vezi-si-harta_db\/#article","isPartOf":{"@id":"https:\/\/www.imobiliare.ro\/imoexpert\/cate-locuinte-au-fost-construite-in-romania-de-la-revolutie-incoace-topul-celor-mai-active-judete-vezi-si-harta_db\/"},"author":{"name":"Adriana Dr\u0103gu\u0219in","@id":"https:\/\/www.imobiliare.ro\/imoexpert\/#\/schema\/person\/8c13b0297075010b896471fabf0d7790"},"headline":"C\u00e2te locuin\u021be au fost construite \u00een Rom\u00e2nia de la Revolu\u021bie \u00eencoace. Topul celor mai active jude\u021be \u2013 vezi \u0219i HARTA","datePublished":"2020-09-23T11:34:35+00:00","mainEntityOfPage":{"@id":"https:\/\/www.imobiliare.ro\/imoexpert\/cate-locuinte-au-fost-construite-in-romania-de-la-revolutie-incoace-topul-celor-mai-active-judete-vezi-si-harta_db\/"},"wordCount":666,"commentCount":1,"publisher":{"@id":"https:\/\/www.imobiliare.ro\/imoexpert\/#organization"},"image":{"@id":"https:\/\/www.imobiliare.ro\/imoexpert\/cate-locuinte-au-fost-construite-in-romania-de-la-revolutie-incoace-topul-celor-mai-active-judete-vezi-si-harta_db\/#primaryimage"},"thumbnailUrl":"https:\/\/www.imobiliare.ro\/imoexpert\/wp-content\/uploads\/2020\/09\/Cate-locuinte-au-fost-construite-in-Romania-de-la-revolutie-incoace-topul-celor-mai-active-judete-vezi-si-harta.jpg","keywords":["Bucure\u015fti","construc\u021bii locuin\u021be","cumparator","Cushman Wakefield Echinox","fond locativ","Ilfov","INS","livrari locuinte","newsletter","principal"],"inLanguage":"en","potentialAction":[{"@type":"CommentAction","name":"Comment","target":["https:\/\/www.imobiliare.ro\/imoexpert\/cate-locuinte-au-fost-construite-in-romania-de-la-revolutie-incoace-topul-celor-mai-active-judete-vezi-si-harta_db\/#respond"]}],"copyrightYear":"2020","copyrightHolder":{"@id":"https:\/\/www.imobiliare.ro\/imoexpert\/#organization"}},{"@type":"WebPage","@id":"https:\/\/www.imobiliare.ro\/imoexpert\/cate-locuinte-au-fost-construite-in-romania-de-la-revolutie-incoace-topul-celor-mai-active-judete-vezi-si-harta_db\/","url":"https:\/\/www.imobiliare.ro\/imoexpert\/cate-locuinte-au-fost-construite-in-romania-de-la-revolutie-incoace-topul-celor-mai-active-judete-vezi-si-harta_db\/","name":"C\u00e2te locuin\u021be au fost construite \u00een Rom\u00e2nia de la Revolu\u021bie \u00eencoace. Topul celor mai active jude\u021be \u2013 vezi \u0219i HARTA - ImoExpert","isPartOf":{"@id":"https:\/\/www.imobiliare.ro\/imoexpert\/#website"},"primaryImageOfPage":{"@id":"https:\/\/www.imobiliare.ro\/imoexpert\/cate-locuinte-au-fost-construite-in-romania-de-la-revolutie-incoace-topul-celor-mai-active-judete-vezi-si-harta_db\/#primaryimage"},"image":{"@id":"https:\/\/www.imobiliare.ro\/imoexpert\/cate-locuinte-au-fost-construite-in-romania-de-la-revolutie-incoace-topul-celor-mai-active-judete-vezi-si-harta_db\/#primaryimage"},"thumbnailUrl":"https:\/\/www.imobiliare.ro\/imoexpert\/wp-content\/uploads\/2020\/09\/Cate-locuinte-au-fost-construite-in-Romania-de-la-revolutie-incoace-topul-celor-mai-active-judete-vezi-si-harta.jpg","datePublished":"2020-09-23T11:34:35+00:00","description":"Fondul locativ autohton r\u0103m\u00e2ne, per ansamblu, unul preponderent \u00eemb\u0103tr\u00e2nit: 87% din totalul locuin\u0163elor existente la nivel na\u021bional au o vechime de peste","breadcrumb":{"@id":"https:\/\/www.imobiliare.ro\/imoexpert\/cate-locuinte-au-fost-construite-in-romania-de-la-revolutie-incoace-topul-celor-mai-active-judete-vezi-si-harta_db\/#breadcrumb"},"inLanguage":"en","potentialAction":[{"@type":"ReadAction","target":["https:\/\/www.imobiliare.ro\/imoexpert\/cate-locuinte-au-fost-construite-in-romania-de-la-revolutie-incoace-topul-celor-mai-active-judete-vezi-si-harta_db\/"]}]},{"@type":"ImageObject","inLanguage":"en","@id":"https:\/\/www.imobiliare.ro\/imoexpert\/cate-locuinte-au-fost-construite-in-romania-de-la-revolutie-incoace-topul-celor-mai-active-judete-vezi-si-harta_db\/#primaryimage","url":"https:\/\/www.imobiliare.ro\/imoexpert\/wp-content\/uploads\/2020\/09\/Cate-locuinte-au-fost-construite-in-Romania-de-la-revolutie-incoace-topul-celor-mai-active-judete-vezi-si-harta.jpg","contentUrl":"https:\/\/www.imobiliare.ro\/imoexpert\/wp-content\/uploads\/2020\/09\/Cate-locuinte-au-fost-construite-in-Romania-de-la-revolutie-incoace-topul-celor-mai-active-judete-vezi-si-harta.jpg","width":800,"height":534},{"@type":"BreadcrumbList","@id":"https:\/\/www.imobiliare.ro\/imoexpert\/cate-locuinte-au-fost-construite-in-romania-de-la-revolutie-incoace-topul-celor-mai-active-judete-vezi-si-harta_db\/#breadcrumb","itemListElement":[{"@type":"ListItem","position":1,"name":"Imoradar24","item":"https:\/\/www.imoradar24.ro"},{"@type":"ListItem","position":2,"name":"ImoExpert","item":"https:\/\/www.imobiliare.ro\/imoexpert\/"},{"@type":"ListItem","position":3,"name":"C\u00e2te locuin\u021be au fost construite \u00een Rom\u00e2nia de la Revolu\u021bie \u00eencoace. Topul celor mai active jude\u021be \u2013 vezi \u0219i HARTA"}]},{"@type":"WebSite","@id":"https:\/\/www.imobiliare.ro\/imoexpert\/#website","url":"https:\/\/www.imobiliare.ro\/imoexpert\/","name":"ImoExpert","description":"cele mai importante \u015ftiri din domeniul imobiliar","publisher":{"@id":"https:\/\/www.imobiliare.ro\/imoexpert\/#organization"},"inLanguage":"en"},{"@type":"Organization","@id":"https:\/\/www.imobiliare.ro\/imoexpert\/#organization","name":"Imobiliare.ro","alternateName":"Realmedia Network SA","url":"https:\/\/www.imobiliare.ro\/imoexpert\/","logo":{"@type":"ImageObject","inLanguage":"en","@id":"https:\/\/www.imobiliare.ro\/imoexpert\/#\/schema\/logo\/image\/","url":"https:\/\/www.imobiliare.ro\/imoexpert\/wp-content\/uploads\/2025\/05\/imobiliare_logo.png","contentUrl":"https:\/\/www.imobiliare.ro\/imoexpert\/wp-content\/uploads\/2025\/05\/imobiliare_logo.png","width":237,"height":29,"caption":"Imobiliare.ro"},"image":{"@id":"https:\/\/www.imobiliare.ro\/imoexpert\/#\/schema\/logo\/image\/"}},{"@type":"Person","@id":"https:\/\/www.imobiliare.ro\/imoexpert\/#\/schema\/person\/8c13b0297075010b896471fabf0d7790","name":"Adriana Dr\u0103gu\u0219in","image":{"@type":"ImageObject","inLanguage":"en","@id":"https:\/\/www.imobiliare.ro\/imoexpert\/#\/schema\/person\/image\/","url":"https:\/\/secure.gravatar.com\/avatar\/ba4762f7517e50e679ed7f11207102d1150120f2f5800c0da98f8a15305bf514?s=96&d=mm&r=g","contentUrl":"https:\/\/secure.gravatar.com\/avatar\/ba4762f7517e50e679ed7f11207102d1150120f2f5800c0da98f8a15305bf514?s=96&d=mm&r=g","caption":"Adriana Dr\u0103gu\u0219in"},"jobTitle":"Editor","url":"https:\/\/www.imobiliare.ro\/imoexpert\/author\/adriana-dragusin\/"}]}},"_links":{"self":[{"href":"https:\/\/www.imobiliare.ro\/imoexpert\/wp-json\/wp\/v2\/posts\/60388","targetHints":{"allow":["GET"]}}],"collection":[{"href":"https:\/\/www.imobiliare.ro\/imoexpert\/wp-json\/wp\/v2\/posts"}],"about":[{"href":"https:\/\/www.imobiliare.ro\/imoexpert\/wp-json\/wp\/v2\/types\/post"}],"author":[{"embeddable":true,"href":"https:\/\/www.imobiliare.ro\/imoexpert\/wp-json\/wp\/v2\/users\/829"}],"replies":[{"embeddable":true,"href":"https:\/\/www.imobiliare.ro\/imoexpert\/wp-json\/wp\/v2\/comments?post=60388"}],"version-history":[{"count":0,"href":"https:\/\/www.imobiliare.ro\/imoexpert\/wp-json\/wp\/v2\/posts\/60388\/revisions"}],"wp:featuredmedia":[{"embeddable":true,"href":"https:\/\/www.imobiliare.ro\/imoexpert\/wp-json\/wp\/v2\/media\/60391"}],"wp:attachment":[{"href":"https:\/\/www.imobiliare.ro\/imoexpert\/wp-json\/wp\/v2\/media?parent=60388"}],"wp:term":[{"taxonomy":"category","embeddable":true,"href":"https:\/\/www.imobiliare.ro\/imoexpert\/wp-json\/wp\/v2\/categories?post=60388"},{"taxonomy":"post_tag","embeddable":true,"href":"https:\/\/www.imobiliare.ro\/imoexpert\/wp-json\/wp\/v2\/tags?post=60388"},{"taxonomy":"content_author","embeddable":true,"href":"https:\/\/www.imobiliare.ro\/imoexpert\/wp-json\/wp\/v2\/content_author?post=60388"}],"curies":[{"name":"wp","href":"https:\/\/api.w.org\/{rel}","templated":true}]}}