{"id":60513,"date":"2020-10-06T12:06:56","date_gmt":"2020-10-06T09:06:56","guid":{"rendered":"https:\/\/www.imobiliare.ro\/imoexpert\/?p=60513"},"modified":"2020-10-06T12:06:56","modified_gmt":"2020-10-06T09:06:56","slug":"preturile-apartamentelor-in-luna-septembrie-in-bucuresti-s-au-stabilizat-in-cluj-napoca-brasov-si-constanta-s-au-majorat","status":"publish","type":"post","link":"https:\/\/www.imobiliare.ro\/imoexpert\/preturile-apartamentelor-in-luna-septembrie-in-bucuresti-s-au-stabilizat-in-cluj-napoca-brasov-si-constanta-s-au-majorat_db\/","title":{"rendered":"Pre\u021burile apartamentelor \u00een luna septembrie: \u00een Bucure\u0219ti s-au stabilizat, \u00een Cluj-Napoca, Bra\u0219ov \u0219i Constan\u021ba s-au majorat"},"content":{"rendered":"<figure id=\"attachment_60514\" aria-describedby=\"caption-attachment-60514\" style=\"width: 800px\" class=\"wp-caption aligncenter\"><a class=\"article-body-links\"href=\"https:\/\/www.imobiliare.ro\/imoexpert\/wp-content\/uploads\/2020\/10\/preturile-apartamentelor-in-luna-septembrie-bucuresti.jpg\"><img loading=\"lazy\" decoding=\"async\" src=\"https:\/\/www.imobiliare.ro\/imoexpert\/wp-content\/uploads\/2020\/10\/preturile-apartamentelor-in-luna-septembrie-bucuresti.jpg\" alt=\"\" width=\"800\" height=\"533\" class=\"size-full wp-image-60514\" srcset=\"https:\/\/www.imobiliare.ro\/imoexpert\/wp-content\/uploads\/2020\/10\/preturile-apartamentelor-in-luna-septembrie-bucuresti.jpg 800w, https:\/\/www.imobiliare.ro\/imoexpert\/wp-content\/uploads\/2020\/10\/preturile-apartamentelor-in-luna-septembrie-bucuresti-300x200.jpg 300w, https:\/\/www.imobiliare.ro\/imoexpert\/wp-content\/uploads\/2020\/10\/preturile-apartamentelor-in-luna-septembrie-bucuresti-768x512.jpg 768w\" sizes=\"auto, (max-width: 800px) 100vw, 800px\" \/><\/a><figcaption id=\"caption-attachment-60514\" class=\"wp-caption-text\">La \u00eenceput de toamn\u0103, proprietarii de apartamente vechi din Capital\u0103 \u0219i-au majorat preten\u021biile<\/figcaption><\/figure>\n<div id=\"ez-toc-container\" class=\"ez-toc-v2_0_81 counter-hierarchy ez-toc-counter ez-toc-grey ez-toc-container-direction\">\n<p class=\"ez-toc-title\" style=\"cursor:inherit\">Table of Contents<\/p>\n<label for=\"ez-toc-cssicon-toggle-item-69f45ee4630a2\" class=\"ez-toc-cssicon-toggle-label\"><span class=\"ez-toc-cssicon\"><span class=\"eztoc-hide\" style=\"display:none;\">Toggle<\/span><span class=\"ez-toc-icon-toggle-span\"><svg style=\"fill: #999;color:#999\" xmlns=\"http:\/\/www.w3.org\/2000\/svg\" class=\"list-377408\" width=\"20px\" height=\"20px\" viewBox=\"0 0 24 24\" fill=\"none\"><path d=\"M6 6H4v2h2V6zm14 0H8v2h12V6zM4 11h2v2H4v-2zm16 0H8v2h12v-2zM4 16h2v2H4v-2zm16 0H8v2h12v-2z\" fill=\"currentColor\"><\/path><\/svg><svg style=\"fill: #999;color:#999\" class=\"arrow-unsorted-368013\" xmlns=\"http:\/\/www.w3.org\/2000\/svg\" width=\"10px\" height=\"10px\" viewBox=\"0 0 24 24\" version=\"1.2\" baseProfile=\"tiny\"><path d=\"M18.2 9.3l-6.2-6.3-6.2 6.3c-.2.2-.3.4-.3.7s.1.5.3.7c.2.2.4.3.7.3h11c.3 0 .5-.1.7-.3.2-.2.3-.5.3-.7s-.1-.5-.3-.7zM5.8 14.7l6.2 6.3 6.2-6.3c.2-.2.3-.5.3-.7s-.1-.5-.3-.7c-.2-.2-.4-.3-.7-.3h-11c-.3 0-.5.1-.7.3-.2.2-.3.5-.3.7s.1.5.3.7z\"\/><\/svg><\/span><\/span><\/label><input type=\"checkbox\"  id=\"ez-toc-cssicon-toggle-item-69f45ee4630a2\"  aria-label=\"Toggle\" \/><nav><ul class='ez-toc-list ez-toc-list-level-1 ' ><li class='ez-toc-page-1 ez-toc-heading-level-2'><a class=\"ez-toc-link ez-toc-heading-1\" href=\"https:\/\/www.imobiliare.ro\/imoexpert\/preturile-apartamentelor-in-luna-septembrie-in-bucuresti-s-au-stabilizat-in-cluj-napoca-brasov-si-constanta-s-au-majorat_db\/#In_spatele_nivelului_relativ_constant_din_Capitala_se_ascunde_o_evolutie_discrepanta_pe_cele_doua_segmente_de_piata_analizate_%E2%80%93_vechi_versus_nou\" >\u00cen spatele nivelului relativ constant din Capital\u0103 se ascunde o evolu\u021bie discrepant\u0103 pe cele dou\u0103 segmente de pia\u021b\u0103 analizate \u2013 vechi versus nou.<\/a><\/li><li class='ez-toc-page-1 ez-toc-heading-level-2'><a class=\"ez-toc-link ez-toc-heading-2\" href=\"https:\/\/www.imobiliare.ro\/imoexpert\/preturile-apartamentelor-in-luna-septembrie-in-bucuresti-s-au-stabilizat-in-cluj-napoca-brasov-si-constanta-s-au-majorat_db\/#Bucuresti\" >Bucure\u0219ti:<\/a><\/li><li class='ez-toc-page-1 ez-toc-heading-level-2'><a class=\"ez-toc-link ez-toc-heading-3\" href=\"https:\/\/www.imobiliare.ro\/imoexpert\/preturile-apartamentelor-in-luna-septembrie-in-bucuresti-s-au-stabilizat-in-cluj-napoca-brasov-si-constanta-s-au-majorat_db\/#Brasov\" >Bra\u0219ov:<\/a><\/li><li class='ez-toc-page-1 ez-toc-heading-level-2'><a class=\"ez-toc-link ez-toc-heading-4\" href=\"https:\/\/www.imobiliare.ro\/imoexpert\/preturile-apartamentelor-in-luna-septembrie-in-bucuresti-s-au-stabilizat-in-cluj-napoca-brasov-si-constanta-s-au-majorat_db\/#Cluj-Napoca\" >Cluj-Napoca:<\/a><\/li><li class='ez-toc-page-1 ez-toc-heading-level-2'><a class=\"ez-toc-link ez-toc-heading-5\" href=\"https:\/\/www.imobiliare.ro\/imoexpert\/preturile-apartamentelor-in-luna-septembrie-in-bucuresti-s-au-stabilizat-in-cluj-napoca-brasov-si-constanta-s-au-majorat_db\/#Constanta\" >Constan\u021ba:<\/a><\/li><li class='ez-toc-page-1 ez-toc-heading-level-2'><a class=\"ez-toc-link ez-toc-heading-6\" href=\"https:\/\/www.imobiliare.ro\/imoexpert\/preturile-apartamentelor-in-luna-septembrie-in-bucuresti-s-au-stabilizat-in-cluj-napoca-brasov-si-constanta-s-au-majorat_db\/#Iasi\" >Ia\u0219i:<\/a><\/li><li class='ez-toc-page-1 ez-toc-heading-level-2'><a class=\"ez-toc-link ez-toc-heading-7\" href=\"https:\/\/www.imobiliare.ro\/imoexpert\/preturile-apartamentelor-in-luna-septembrie-in-bucuresti-s-au-stabilizat-in-cluj-napoca-brasov-si-constanta-s-au-majorat_db\/#Timisoara\" >Timi\u0219oara:<\/a><\/li><\/ul><\/nav><\/div>\n<h2><span class=\"ez-toc-section\" id=\"In_spatele_nivelului_relativ_constant_din_Capitala_se_ascunde_o_evolutie_discrepanta_pe_cele_doua_segmente_de_piata_analizate_%E2%80%93_vechi_versus_nou\"><\/span>\u00cen spatele nivelului relativ constant din Capital\u0103 se ascunde o evolu\u021bie discrepant\u0103 pe cele dou\u0103 segmente de pia\u021b\u0103 analizate \u2013 vechi versus nou.<span class=\"ez-toc-section-end\"><\/span><\/h2>\n<p>Dup\u0103 un avans de 0,5% \u00een august fa\u021b\u0103 de iulie, suma medie solicitat\u0103 la nivel na\u021bional de c\u0103tre v\u00e2nz\u0103torii de apartamente (noi \u0219i vechi) a consemnat un recul de 0,9% \u00een septembrie 2020. Potrivit <a class=\"article-body-links\"href=\"https:\/\/www.imobiliare.ro\/indicele-imobiliare-ro\">Indicelui Imobiliare.ro<\/a>, o asemenea unitate locativ\u0103 a ajuns s\u0103 coste, \u00een medie, 1.304 euro pe metru p\u0103trat util, fa\u021b\u0103 de 1.316 euro pe metru p\u0103trat util \u00een ultima lun\u0103 de var\u0103. Dintre cele \u0219ase centre regionale monitorizate constant de <strong><a class=\"article-body-links\"href=\"https:\/\/www.imobiliare.ro\/\">Imobiliare.ro<\/a><\/strong>, trei au consemnat evolu\u021bii pozitive ale pre\u021burilor \u00een ultimele 30 de zile, \u00een vreme ce \u00een alte dou\u0103 au avut loc sc\u0103deri, iar \u00een Capital\u0103 poate fi observat\u0103, per ansamblu, o tendin\u021b\u0103 mai degrab\u0103 de stabilizare.<\/p>\n<h2><span class=\"ez-toc-section\" id=\"Bucuresti\"><\/span>Bucure\u0219ti:<span class=\"ez-toc-section-end\"><\/span><\/h2>\n<p>Pre\u021bul mediu solicitat pentru un apartament a ajuns la 1.355 de euro pe metru p\u0103trat util \u00een cel mai mare ora\u0219 al \u021b\u0103rii, \u00een condi\u021biile unui recul de 0,1% fa\u021b\u0103 de luna august (c\u00e2nd o asemenea unitate locativ\u0103 putea fi achizi\u021bionat\u0103 cu 1.357 de euro pe metru p\u0103trat). Interesant este c\u0103 cele dou\u0103 segmente majore ale pie\u021bei reziden\u021biale locale au avut o evolu\u021bie contrastant\u0103: locuin\u021bele din blocurile vechi s-au apreciat cu 1% \u00een perioada analizat\u0103, ajung\u00e2nd la o medie de 1.328 de euro pe metru p\u0103trat (de la 1.315 euro pe metru p\u0103trat), \u00een vreme ce unit\u0103\u021bile locative nou-construite au consemnat o sc\u0103dere tot de 1% (de la 1.390 la 1.376 de euro pe metru p\u0103trat). <\/p>\n<p><strong>Cite\u0219te \u0219i:<br \/>\n<a class=\"article-body-links\"href=\"https:\/\/www.imobiliare.ro\/imoexpert\/in-august-preturile-apartamentelor-au-revenit-pe-plus-doar-doua-dintre-marile-orase-au-consemnat-scaderi_db\/\">\u00cen august, pre\u021burile apartamentelor au revenit pe plus. Doar dou\u0103 dintre marile ora\u0219e au consemnat sc\u0103deri<\/a><\/p>\n<p><a class=\"article-body-links\"href=\"https:\/\/www.imobiliare.ro\/imoexpert\/preturile-apartamentelor-in-iulie-2020-scaderi-moderate-in-marile-orase-unde-s-au-majorat-totusi-pretentiile-vanzatorilor_db\/\">Pre\u021burile apartamentelor \u00een iulie 2020: sc\u0103deri moderate \u00een marile ora\u0219e. Unde s-au majorat, totu\u0219i, preten\u021biile v\u00e2nz\u0103torilor<\/a><\/strong><\/p>\n<h2><span class=\"ez-toc-section\" id=\"Brasov\"><\/span>Bra\u0219ov:<span class=\"ez-toc-section-end\"><\/span><\/h2>\n<p>\u00cen ora\u0219ul din centrul \u021b\u0103rii, <a class=\"article-body-links\"href=\"https:\/\/www.imobiliare.ro\/indicele-imobiliare-ro\">Indicele Imobiliare.ro<\/a> a \u00eenregistrat, \u00een luna septembrie, un avans de 0,9%, de la un nivel de 1.197 de euro pe metru p\u0103trat util, la unul de 1.208 euro pe metru p\u0103trat. Evolu\u021bii pozitive au avut loc pe ambele segmente de pia\u021b\u0103 analizate \u2013 chiar dac\u0103 varia\u021biile au fost, desigur, diferite. Astfel, apartamentele vechi s-au apreciat cu 0,5% (de la 1.178 la 1.184 de euro pe metru p\u0103trat util), \u00een vreme ce locuin\u021bele din cadrul noilor ansambluri reziden\u021biale au consemnat un avans mai semnificativ, respectiv 1,4% (de la 1.244 la 1.262 de euro pe metru p\u0103trat).  <\/p>\n<h2><span class=\"ez-toc-section\" id=\"Cluj-Napoca\"><\/span>Cluj-Napoca:<span class=\"ez-toc-section-end\"><\/span><\/h2>\n<p>\u0218i ora\u0219ul de pe Some\u0219 a fost caracterizat, luna trecut\u0103, de o evolu\u021bie ascendent\u0103 a pre\u021burilor apartamentelor: preten\u021biile v\u00e2nz\u0103torilor s-au majorat, per ansamblu, cu 0,8%, ajung\u00e2nd la o medie de 1.825 de euro pe metru p\u0103trat util (fa\u021b\u0103 de 1.811 euro pe metru p\u0103trat la finele lui august). Valoarea de listare a locuin\u021belor din blocurile vechi a ajuns la 1.792 de euro pe metru p\u0103trat (de la 1.794 de euro pe metru p\u0103trat, reprezent\u00e2nd un minus de 0,1%), \u00een vreme ce pe pia\u021ba reziden\u021bial\u0103 nou\u0103 a avut loc un avans de 1,6% (de la 1.828 la 1.858 de euro pe metru p\u0103trat).<\/p>\n<figure id=\"attachment_60519\" aria-describedby=\"caption-attachment-60519\" style=\"width: 800px\" class=\"wp-caption aligncenter\"><a class=\"article-body-links\"href=\"https:\/\/www.imobiliare.ro\/imoexpert\/wp-content\/uploads\/2020\/10\/preturile-apartamentelor-in-luna-septembrie-cluj.jpg\"><img loading=\"lazy\" decoding=\"async\" src=\"https:\/\/www.imobiliare.ro\/imoexpert\/wp-content\/uploads\/2020\/10\/preturile-apartamentelor-in-luna-septembrie-cluj.jpg\" alt=\"\" width=\"800\" height=\"549\" class=\"size-full wp-image-60519\" srcset=\"https:\/\/www.imobiliare.ro\/imoexpert\/wp-content\/uploads\/2020\/10\/preturile-apartamentelor-in-luna-septembrie-cluj.jpg 800w, https:\/\/www.imobiliare.ro\/imoexpert\/wp-content\/uploads\/2020\/10\/preturile-apartamentelor-in-luna-septembrie-cluj-300x206.jpg 300w, https:\/\/www.imobiliare.ro\/imoexpert\/wp-content\/uploads\/2020\/10\/preturile-apartamentelor-in-luna-septembrie-cluj-768x527.jpg 768w\" sizes=\"auto, (max-width: 800px) 100vw, 800px\" \/><\/a><figcaption id=\"caption-attachment-60519\" class=\"wp-caption-text\">Capitala Transilvaniei este \u00een continuare ora\u0219ul cu cel mai mare pre\u021b mediu solicitat pe segmentul apartamentelor, la o distan\u021b\u0103 rezonabil\u0103 fa\u021b\u0103 de Bucure\u0219ti<\/figcaption><\/figure>\n<h2><span class=\"ez-toc-section\" id=\"Constanta\"><\/span>Constan\u021ba:<span class=\"ez-toc-section-end\"><\/span><\/h2>\n<p>\u00cen ora\u0219ul din sud-estul \u021b\u0103rii a avut loc, \u00een luna septembrie, o cre\u0219tere de 0,9% a pre\u021bului mediu solicitat de c\u0103tre proprietari \u0219i dezvoltatori reziden\u021biali, p\u00e2n\u0103 la 1.245 de euro pe metru p\u0103trat util (fa\u021b\u0103 de 1.234 de euro pe metru p\u0103trat la finele lui august). Spre deosebire de lunile anterioare, valoarea de listare pentru apartamentele vechi s-a majorat u\u0219or, anume cu 0,2%, de la 1.226 la 1.228 de euro pe metru p\u0103trat. Locuin\u021bele nou-construite au \u00eenregistrat, ca \u0219i luna trecut\u0103, un avans de peste 2% \u2013 de la 1.253 la 1.282 de euro pe metru p\u0103trat (este vorba, mai exact, de un plus de 2,3% la 30 de zile).<\/p>\n<p><strong>Cite\u0219te \u0219i:<br \/>\n<a class=\"article-body-links\"href=\"https:\/\/www.imobiliare.ro\/imoexpert\/piata-rezidentiala-in-t2-2020-ce-s-a-intamplat-cu-preturile-locuintelor-cererea-oferta-si-tranzactiile-si-au-revenit-in-buna-masura-dupa-perioada-de-izolare_db\/\">Pia\u021ba reziden\u021bial\u0103 \u00een T2 2020: ce s-a \u00eent\u00e2mplat cu pre\u021burile locuin\u021belor? Cererea, oferta \u0219i tranzac\u021biile \u0219i-au revenit \u00een bun\u0103 m\u0103sur\u0103 dup\u0103 perioada de izolare<\/a><\/strong><\/p>\n<h2><span class=\"ez-toc-section\" id=\"Iasi\"><\/span>Ia\u0219i:<span class=\"ez-toc-section-end\"><\/span><\/h2>\n<p>Spre deosebire de lunile anterioare, <a class=\"article-body-links\"href=\"https:\/\/www.imobiliare.ro\/indicele-imobiliare-ro\">Indicele Imobiliare.ro<\/a> relev\u0103 o evolu\u021bie descendent\u0103 a pre\u021burilor apartamentelor de pe pia\u021ba ie\u0219ean\u0103: acestea au \u00eenregistrat, per ansamblu, un recul de 2,1% \u00een luna septembrie, p\u00e2n\u0103 la o valoare medie de 1.057 de euro pe metru p\u0103trat util (fa\u021b\u0103 de 1.080 de euro pe metru p\u0103trat la finele lui august). O tendin\u021b\u0103 de sc\u0103dere poate fi observat\u0103 pe ambele segmente de pia\u021b\u0103 supuse analizei: locuin\u021bele din blocurile vechi au consemnat un recul de 1,1% la \u00eenceput de toamn\u0103 (de la 1.096 la 1.084 de euro pe metru p\u0103trat), iar pe segmentul reziden\u021bial nou a avut loc un declin de 3,1% (de la 1.061 la 1.028 de euro pe metru p\u0103trat).<\/p>\n<h2><span class=\"ez-toc-section\" id=\"Timisoara\"><\/span>Timi\u0219oara:<span class=\"ez-toc-section-end\"><\/span><\/h2>\n<p>\u0218i \u00een ora\u0219ul de pe Bega a\u0219tept\u0103rile v\u00e2nz\u0103torilor de apartamente s-au mai redus \u00een luna septembrie: este vorba, mai exact, de o sc\u0103dere \u00een cuantum de 0,8% fa\u021b\u0103 de cea de-a treia lun\u0103 de var\u0103, p\u00e2n\u0103 la o medie de 1.283 de euro pe metru p\u0103trat util (de la 1.293 de euro pe metru p\u0103trat). Evolu\u021bii descendente au avut loc pe ambele segmente de pia\u021b\u0103 analizate: locuin\u021bele vechi s-au ieftinit cu circa 0,9% (de la 1.291 la 1.279 de euro pe metru p\u0103trat util), iar cele nou-construite au \u00eenregistrat o sc\u0103dere de 0,3%, de la 1.302 la 1.298 de euro pe metru p\u0103trat util. <\/p>\n<p><strong>Surs\u0103 foto: Pixabay.com<\/strong><\/p>\n","protected":false},"excerpt":{"rendered":"<p>\u00cen spatele nivelului relativ constant din Capital\u0103 se ascunde o evolu\u021bie discrepant\u0103 pe cele dou\u0103 segmente de pia\u021b\u0103 analizate \u2013 vechi versus nou. Dup\u0103 un avans de 0,5% \u00een august fa\u021b\u0103 de iulie, suma medie solicitat\u0103 la nivel na\u021bional de c\u0103tre v\u00e2nz\u0103torii de apartamente (noi \u0219i vechi) a consemnat un recul de 0,9% \u00een septembrie [&hellip;]<\/p>\n","protected":false},"author":829,"featured_media":60514,"comment_status":"open","ping_status":"open","sticky":false,"template":"","format":"standard","meta":{"footnotes":""},"categories":[],"tags":[428,337,906,404,405,1326,1410,1896,1879,1411,451,392],"content_author":[],"class_list":["post-60513","post","type-post","status-publish","format-standard","has-post-thumbnail","hentry","tag-brasov","tag-bucuresti","tag-cluj-napoca","tag-constanta","tag-iasi","tag-indice-imobiliare-ro","tag-newsletter","tag-preturi-apartamente-2020","tag-preturi-locuinte-2020","tag-principal","tag-proprietar","tag-timisoara"],"yoast_head":"<!-- This site is optimized with the Yoast SEO Premium plugin v27.0 (Yoast SEO v27.0) - https:\/\/yoast.com\/product\/yoast-seo-premium-wordpress\/ -->\n<title>Pre\u021burile apartamentelor \u00een luna septembrie: \u00een Bucure\u0219ti s-au stabilizat, \u00een Cluj-Napoca, Bra\u0219ov \u0219i Constan\u021ba s-au majorat - ImoExpert<\/title>\n<meta name=\"description\" content=\"\u00cen spatele nivelului relativ constant din Capital\u0103 se ascunde o evolu\u021bie discrepant\u0103 pe cele dou\u0103 segmente de pia\u021b\u0103 analizate \u2013 vechi versus nou. Dup\u0103 un\" \/>\n<meta name=\"robots\" content=\"index, follow\" \/>\n<link rel=\"canonical\" href=\"https:\/\/www.imobiliare.ro\/imoexpert\/preturile-apartamentelor-in-luna-septembrie-in-bucuresti-s-au-stabilizat-in-cluj-napoca-brasov-si-constanta-s-au-majorat_db\/\" \/>\n<meta property=\"og:locale\" content=\"ro_RO\" \/>\n<meta property=\"og:type\" content=\"article\" \/>\n<meta property=\"og:title\" content=\"Pre\u021burile apartamentelor \u00een luna septembrie: \u00een Bucure\u0219ti s-au stabilizat, \u00een Cluj-Napoca, Bra\u0219ov \u0219i Constan\u021ba s-au majorat\" \/>\n<meta property=\"og:description\" content=\"\u00cen spatele nivelului relativ constant din Capital\u0103 se ascunde o evolu\u021bie discrepant\u0103 pe cele dou\u0103 segmente de pia\u021b\u0103 analizate \u2013 vechi versus nou. Dup\u0103 un\" \/>\n<meta property=\"og:url\" content=\"https:\/\/www.imobiliare.ro\/imoexpert\/preturile-apartamentelor-in-luna-septembrie-in-bucuresti-s-au-stabilizat-in-cluj-napoca-brasov-si-constanta-s-au-majorat_db\/\" \/>\n<meta property=\"og:site_name\" content=\"ImoExpert\" \/>\n<meta property=\"article:published_time\" content=\"2020-10-06T09:06:56+00:00\" \/>\n<meta property=\"og:image\" content=\"https:\/\/www.imobiliare.ro\/imoexpert\/wp-content\/uploads\/2020\/10\/preturile-apartamentelor-in-luna-septembrie-bucuresti.jpg\" \/>\n\t<meta property=\"og:image:width\" content=\"800\" \/>\n\t<meta property=\"og:image:height\" content=\"533\" \/>\n\t<meta property=\"og:image:type\" content=\"image\/jpeg\" \/>\n<meta name=\"author\" content=\"Adriana Dr\u0103gu\u0219in\" \/>\n<meta name=\"twitter:card\" content=\"summary_large_image\" \/>\n<meta name=\"twitter:label1\" content=\"Written by\" \/>\n\t<meta name=\"twitter:data1\" content=\"Adriana Dr\u0103gu\u0219in\" \/>\n\t<meta name=\"twitter:label2\" content=\"Est. reading time\" \/>\n\t<meta name=\"twitter:data2\" content=\"5 minute\" \/>\n<script type=\"application\/ld+json\" class=\"yoast-schema-graph\">{\"@context\":\"https:\/\/schema.org\",\"@graph\":[{\"@type\":\"Article\",\"@id\":\"https:\/\/www.imobiliare.ro\/imoexpert\/preturile-apartamentelor-in-luna-septembrie-in-bucuresti-s-au-stabilizat-in-cluj-napoca-brasov-si-constanta-s-au-majorat_db\/#article\",\"isPartOf\":{\"@id\":\"https:\/\/www.imobiliare.ro\/imoexpert\/preturile-apartamentelor-in-luna-septembrie-in-bucuresti-s-au-stabilizat-in-cluj-napoca-brasov-si-constanta-s-au-majorat_db\/\"},\"author\":{\"name\":\"Adriana Dr\u0103gu\u0219in\",\"@id\":\"https:\/\/www.imobiliare.ro\/imoexpert\/#\/schema\/person\/8c13b0297075010b896471fabf0d7790\"},\"headline\":\"Pre\u021burile apartamentelor \u00een luna septembrie: \u00een Bucure\u0219ti s-au stabilizat, \u00een Cluj-Napoca, Bra\u0219ov \u0219i Constan\u021ba s-au majorat\",\"datePublished\":\"2020-10-06T09:06:56+00:00\",\"mainEntityOfPage\":{\"@id\":\"https:\/\/www.imobiliare.ro\/imoexpert\/preturile-apartamentelor-in-luna-septembrie-in-bucuresti-s-au-stabilizat-in-cluj-napoca-brasov-si-constanta-s-au-majorat_db\/\"},\"wordCount\":973,\"commentCount\":0,\"publisher\":{\"@id\":\"https:\/\/www.imobiliare.ro\/imoexpert\/#organization\"},\"image\":{\"@id\":\"https:\/\/www.imobiliare.ro\/imoexpert\/preturile-apartamentelor-in-luna-septembrie-in-bucuresti-s-au-stabilizat-in-cluj-napoca-brasov-si-constanta-s-au-majorat_db\/#primaryimage\"},\"thumbnailUrl\":\"https:\/\/www.imobiliare.ro\/imoexpert\/wp-content\/uploads\/2020\/10\/preturile-apartamentelor-in-luna-septembrie-bucuresti.jpg\",\"keywords\":[\"Brasov\",\"Bucure\u015fti\",\"Cluj-Napoca\",\"Constanta\",\"Iasi\",\"Indice imobiliare.ro\",\"newsletter\",\"preturi apartamente 2020\",\"preturi locuinte 2020\",\"principal\",\"proprietar\",\"timisoara\"],\"inLanguage\":\"en\",\"potentialAction\":[{\"@type\":\"CommentAction\",\"name\":\"Comment\",\"target\":[\"https:\/\/www.imobiliare.ro\/imoexpert\/preturile-apartamentelor-in-luna-septembrie-in-bucuresti-s-au-stabilizat-in-cluj-napoca-brasov-si-constanta-s-au-majorat_db\/#respond\"]}],\"copyrightYear\":\"2020\",\"copyrightHolder\":{\"@id\":\"https:\/\/www.imobiliare.ro\/imoexpert\/#organization\"}},{\"@type\":\"WebPage\",\"@id\":\"https:\/\/www.imobiliare.ro\/imoexpert\/preturile-apartamentelor-in-luna-septembrie-in-bucuresti-s-au-stabilizat-in-cluj-napoca-brasov-si-constanta-s-au-majorat_db\/\",\"url\":\"https:\/\/www.imobiliare.ro\/imoexpert\/preturile-apartamentelor-in-luna-septembrie-in-bucuresti-s-au-stabilizat-in-cluj-napoca-brasov-si-constanta-s-au-majorat_db\/\",\"name\":\"Pre\u021burile apartamentelor \u00een luna septembrie: \u00een Bucure\u0219ti s-au stabilizat, \u00een Cluj-Napoca, Bra\u0219ov \u0219i Constan\u021ba s-au majorat - ImoExpert\",\"isPartOf\":{\"@id\":\"https:\/\/www.imobiliare.ro\/imoexpert\/#website\"},\"primaryImageOfPage\":{\"@id\":\"https:\/\/www.imobiliare.ro\/imoexpert\/preturile-apartamentelor-in-luna-septembrie-in-bucuresti-s-au-stabilizat-in-cluj-napoca-brasov-si-constanta-s-au-majorat_db\/#primaryimage\"},\"image\":{\"@id\":\"https:\/\/www.imobiliare.ro\/imoexpert\/preturile-apartamentelor-in-luna-septembrie-in-bucuresti-s-au-stabilizat-in-cluj-napoca-brasov-si-constanta-s-au-majorat_db\/#primaryimage\"},\"thumbnailUrl\":\"https:\/\/www.imobiliare.ro\/imoexpert\/wp-content\/uploads\/2020\/10\/preturile-apartamentelor-in-luna-septembrie-bucuresti.jpg\",\"datePublished\":\"2020-10-06T09:06:56+00:00\",\"description\":\"\u00cen spatele nivelului relativ constant din Capital\u0103 se ascunde o evolu\u021bie discrepant\u0103 pe cele dou\u0103 segmente de pia\u021b\u0103 analizate \u2013 vechi versus nou. Dup\u0103 un\",\"breadcrumb\":{\"@id\":\"https:\/\/www.imobiliare.ro\/imoexpert\/preturile-apartamentelor-in-luna-septembrie-in-bucuresti-s-au-stabilizat-in-cluj-napoca-brasov-si-constanta-s-au-majorat_db\/#breadcrumb\"},\"inLanguage\":\"en\",\"potentialAction\":[{\"@type\":\"ReadAction\",\"target\":[\"https:\/\/www.imobiliare.ro\/imoexpert\/preturile-apartamentelor-in-luna-septembrie-in-bucuresti-s-au-stabilizat-in-cluj-napoca-brasov-si-constanta-s-au-majorat_db\/\"]}]},{\"@type\":\"ImageObject\",\"inLanguage\":\"en\",\"@id\":\"https:\/\/www.imobiliare.ro\/imoexpert\/preturile-apartamentelor-in-luna-septembrie-in-bucuresti-s-au-stabilizat-in-cluj-napoca-brasov-si-constanta-s-au-majorat_db\/#primaryimage\",\"url\":\"https:\/\/www.imobiliare.ro\/imoexpert\/wp-content\/uploads\/2020\/10\/preturile-apartamentelor-in-luna-septembrie-bucuresti.jpg\",\"contentUrl\":\"https:\/\/www.imobiliare.ro\/imoexpert\/wp-content\/uploads\/2020\/10\/preturile-apartamentelor-in-luna-septembrie-bucuresti.jpg\",\"width\":800,\"height\":533,\"caption\":\"La \u00eenceput de toamn\u0103, proprietarii de apartamente vechi din Capital\u0103 \u0219i-au majorat preten\u021biile\"},{\"@type\":\"BreadcrumbList\",\"@id\":\"https:\/\/www.imobiliare.ro\/imoexpert\/preturile-apartamentelor-in-luna-septembrie-in-bucuresti-s-au-stabilizat-in-cluj-napoca-brasov-si-constanta-s-au-majorat_db\/#breadcrumb\",\"itemListElement\":[{\"@type\":\"ListItem\",\"position\":1,\"name\":\"Imoradar24\",\"item\":\"https:\/\/www.imoradar24.ro\"},{\"@type\":\"ListItem\",\"position\":2,\"name\":\"ImoExpert\",\"item\":\"https:\/\/www.imobiliare.ro\/imoexpert\/\"},{\"@type\":\"ListItem\",\"position\":3,\"name\":\"Pre\u021burile apartamentelor \u00een luna septembrie: \u00een Bucure\u0219ti s-au stabilizat, \u00een Cluj-Napoca, Bra\u0219ov \u0219i Constan\u021ba s-au majorat\"}]},{\"@type\":\"WebSite\",\"@id\":\"https:\/\/www.imobiliare.ro\/imoexpert\/#website\",\"url\":\"https:\/\/www.imobiliare.ro\/imoexpert\/\",\"name\":\"ImoExpert\",\"description\":\"cele mai importante \u015ftiri din domeniul imobiliar\",\"publisher\":{\"@id\":\"https:\/\/www.imobiliare.ro\/imoexpert\/#organization\"},\"inLanguage\":\"en\"},{\"@type\":\"Organization\",\"@id\":\"https:\/\/www.imobiliare.ro\/imoexpert\/#organization\",\"name\":\"Imobiliare.ro\",\"alternateName\":\"Realmedia Network SA\",\"url\":\"https:\/\/www.imobiliare.ro\/imoexpert\/\",\"logo\":{\"@type\":\"ImageObject\",\"inLanguage\":\"en\",\"@id\":\"https:\/\/www.imobiliare.ro\/imoexpert\/#\/schema\/logo\/image\/\",\"url\":\"https:\/\/www.imobiliare.ro\/imoexpert\/wp-content\/uploads\/2025\/05\/imobiliare_logo.png\",\"contentUrl\":\"https:\/\/www.imobiliare.ro\/imoexpert\/wp-content\/uploads\/2025\/05\/imobiliare_logo.png\",\"width\":237,\"height\":29,\"caption\":\"Imobiliare.ro\"},\"image\":{\"@id\":\"https:\/\/www.imobiliare.ro\/imoexpert\/#\/schema\/logo\/image\/\"}},{\"@type\":\"Person\",\"@id\":\"https:\/\/www.imobiliare.ro\/imoexpert\/#\/schema\/person\/8c13b0297075010b896471fabf0d7790\",\"name\":\"Adriana Dr\u0103gu\u0219in\",\"image\":{\"@type\":\"ImageObject\",\"inLanguage\":\"en\",\"@id\":\"https:\/\/www.imobiliare.ro\/imoexpert\/#\/schema\/person\/image\/\",\"url\":\"https:\/\/secure.gravatar.com\/avatar\/ba4762f7517e50e679ed7f11207102d1150120f2f5800c0da98f8a15305bf514?s=96&d=mm&r=g\",\"contentUrl\":\"https:\/\/secure.gravatar.com\/avatar\/ba4762f7517e50e679ed7f11207102d1150120f2f5800c0da98f8a15305bf514?s=96&d=mm&r=g\",\"caption\":\"Adriana Dr\u0103gu\u0219in\"},\"jobTitle\":\"Editor\",\"url\":\"https:\/\/www.imobiliare.ro\/imoexpert\/author\/adriana-dragusin\/\"}]}<\/script>\n<!-- \/ Yoast SEO Premium plugin. -->","yoast_head_json":{"title":"Pre\u021burile apartamentelor \u00een luna septembrie: \u00een Bucure\u0219ti s-au stabilizat, \u00een Cluj-Napoca, Bra\u0219ov \u0219i Constan\u021ba s-au majorat - ImoExpert","description":"\u00cen spatele nivelului relativ constant din Capital\u0103 se ascunde o evolu\u021bie discrepant\u0103 pe cele dou\u0103 segmente de pia\u021b\u0103 analizate \u2013 vechi versus nou. Dup\u0103 un","robots":{"index":"index","follow":"follow"},"canonical":"https:\/\/www.imobiliare.ro\/imoexpert\/preturile-apartamentelor-in-luna-septembrie-in-bucuresti-s-au-stabilizat-in-cluj-napoca-brasov-si-constanta-s-au-majorat_db\/","og_locale":"ro_RO","og_type":"article","og_title":"Pre\u021burile apartamentelor \u00een luna septembrie: \u00een Bucure\u0219ti s-au stabilizat, \u00een Cluj-Napoca, Bra\u0219ov \u0219i Constan\u021ba s-au majorat","og_description":"\u00cen spatele nivelului relativ constant din Capital\u0103 se ascunde o evolu\u021bie discrepant\u0103 pe cele dou\u0103 segmente de pia\u021b\u0103 analizate \u2013 vechi versus nou. Dup\u0103 un","og_url":"https:\/\/www.imobiliare.ro\/imoexpert\/preturile-apartamentelor-in-luna-septembrie-in-bucuresti-s-au-stabilizat-in-cluj-napoca-brasov-si-constanta-s-au-majorat_db\/","og_site_name":"ImoExpert","article_published_time":"2020-10-06T09:06:56+00:00","og_image":[{"width":800,"height":533,"url":"https:\/\/www.imobiliare.ro\/imoexpert\/wp-content\/uploads\/2020\/10\/preturile-apartamentelor-in-luna-septembrie-bucuresti.jpg","type":"image\/jpeg"}],"author":"Adriana Dr\u0103gu\u0219in","twitter_card":"summary_large_image","twitter_misc":{"Written by":"Adriana Dr\u0103gu\u0219in","Est. reading time":"5 minute"},"schema":{"@context":"https:\/\/schema.org","@graph":[{"@type":"Article","@id":"https:\/\/www.imobiliare.ro\/imoexpert\/preturile-apartamentelor-in-luna-septembrie-in-bucuresti-s-au-stabilizat-in-cluj-napoca-brasov-si-constanta-s-au-majorat_db\/#article","isPartOf":{"@id":"https:\/\/www.imobiliare.ro\/imoexpert\/preturile-apartamentelor-in-luna-septembrie-in-bucuresti-s-au-stabilizat-in-cluj-napoca-brasov-si-constanta-s-au-majorat_db\/"},"author":{"name":"Adriana Dr\u0103gu\u0219in","@id":"https:\/\/www.imobiliare.ro\/imoexpert\/#\/schema\/person\/8c13b0297075010b896471fabf0d7790"},"headline":"Pre\u021burile apartamentelor \u00een luna septembrie: \u00een Bucure\u0219ti s-au stabilizat, \u00een Cluj-Napoca, Bra\u0219ov \u0219i Constan\u021ba s-au majorat","datePublished":"2020-10-06T09:06:56+00:00","mainEntityOfPage":{"@id":"https:\/\/www.imobiliare.ro\/imoexpert\/preturile-apartamentelor-in-luna-septembrie-in-bucuresti-s-au-stabilizat-in-cluj-napoca-brasov-si-constanta-s-au-majorat_db\/"},"wordCount":973,"commentCount":0,"publisher":{"@id":"https:\/\/www.imobiliare.ro\/imoexpert\/#organization"},"image":{"@id":"https:\/\/www.imobiliare.ro\/imoexpert\/preturile-apartamentelor-in-luna-septembrie-in-bucuresti-s-au-stabilizat-in-cluj-napoca-brasov-si-constanta-s-au-majorat_db\/#primaryimage"},"thumbnailUrl":"https:\/\/www.imobiliare.ro\/imoexpert\/wp-content\/uploads\/2020\/10\/preturile-apartamentelor-in-luna-septembrie-bucuresti.jpg","keywords":["Brasov","Bucure\u015fti","Cluj-Napoca","Constanta","Iasi","Indice imobiliare.ro","newsletter","preturi apartamente 2020","preturi locuinte 2020","principal","proprietar","timisoara"],"inLanguage":"en","potentialAction":[{"@type":"CommentAction","name":"Comment","target":["https:\/\/www.imobiliare.ro\/imoexpert\/preturile-apartamentelor-in-luna-septembrie-in-bucuresti-s-au-stabilizat-in-cluj-napoca-brasov-si-constanta-s-au-majorat_db\/#respond"]}],"copyrightYear":"2020","copyrightHolder":{"@id":"https:\/\/www.imobiliare.ro\/imoexpert\/#organization"}},{"@type":"WebPage","@id":"https:\/\/www.imobiliare.ro\/imoexpert\/preturile-apartamentelor-in-luna-septembrie-in-bucuresti-s-au-stabilizat-in-cluj-napoca-brasov-si-constanta-s-au-majorat_db\/","url":"https:\/\/www.imobiliare.ro\/imoexpert\/preturile-apartamentelor-in-luna-septembrie-in-bucuresti-s-au-stabilizat-in-cluj-napoca-brasov-si-constanta-s-au-majorat_db\/","name":"Pre\u021burile apartamentelor \u00een luna septembrie: \u00een Bucure\u0219ti s-au stabilizat, \u00een Cluj-Napoca, Bra\u0219ov \u0219i Constan\u021ba s-au majorat - ImoExpert","isPartOf":{"@id":"https:\/\/www.imobiliare.ro\/imoexpert\/#website"},"primaryImageOfPage":{"@id":"https:\/\/www.imobiliare.ro\/imoexpert\/preturile-apartamentelor-in-luna-septembrie-in-bucuresti-s-au-stabilizat-in-cluj-napoca-brasov-si-constanta-s-au-majorat_db\/#primaryimage"},"image":{"@id":"https:\/\/www.imobiliare.ro\/imoexpert\/preturile-apartamentelor-in-luna-septembrie-in-bucuresti-s-au-stabilizat-in-cluj-napoca-brasov-si-constanta-s-au-majorat_db\/#primaryimage"},"thumbnailUrl":"https:\/\/www.imobiliare.ro\/imoexpert\/wp-content\/uploads\/2020\/10\/preturile-apartamentelor-in-luna-septembrie-bucuresti.jpg","datePublished":"2020-10-06T09:06:56+00:00","description":"\u00cen spatele nivelului relativ constant din Capital\u0103 se ascunde o evolu\u021bie discrepant\u0103 pe cele dou\u0103 segmente de pia\u021b\u0103 analizate \u2013 vechi versus nou. Dup\u0103 un","breadcrumb":{"@id":"https:\/\/www.imobiliare.ro\/imoexpert\/preturile-apartamentelor-in-luna-septembrie-in-bucuresti-s-au-stabilizat-in-cluj-napoca-brasov-si-constanta-s-au-majorat_db\/#breadcrumb"},"inLanguage":"en","potentialAction":[{"@type":"ReadAction","target":["https:\/\/www.imobiliare.ro\/imoexpert\/preturile-apartamentelor-in-luna-septembrie-in-bucuresti-s-au-stabilizat-in-cluj-napoca-brasov-si-constanta-s-au-majorat_db\/"]}]},{"@type":"ImageObject","inLanguage":"en","@id":"https:\/\/www.imobiliare.ro\/imoexpert\/preturile-apartamentelor-in-luna-septembrie-in-bucuresti-s-au-stabilizat-in-cluj-napoca-brasov-si-constanta-s-au-majorat_db\/#primaryimage","url":"https:\/\/www.imobiliare.ro\/imoexpert\/wp-content\/uploads\/2020\/10\/preturile-apartamentelor-in-luna-septembrie-bucuresti.jpg","contentUrl":"https:\/\/www.imobiliare.ro\/imoexpert\/wp-content\/uploads\/2020\/10\/preturile-apartamentelor-in-luna-septembrie-bucuresti.jpg","width":800,"height":533,"caption":"La \u00eenceput de toamn\u0103, proprietarii de apartamente vechi din Capital\u0103 \u0219i-au majorat preten\u021biile"},{"@type":"BreadcrumbList","@id":"https:\/\/www.imobiliare.ro\/imoexpert\/preturile-apartamentelor-in-luna-septembrie-in-bucuresti-s-au-stabilizat-in-cluj-napoca-brasov-si-constanta-s-au-majorat_db\/#breadcrumb","itemListElement":[{"@type":"ListItem","position":1,"name":"Imoradar24","item":"https:\/\/www.imoradar24.ro"},{"@type":"ListItem","position":2,"name":"ImoExpert","item":"https:\/\/www.imobiliare.ro\/imoexpert\/"},{"@type":"ListItem","position":3,"name":"Pre\u021burile apartamentelor \u00een luna septembrie: \u00een Bucure\u0219ti s-au stabilizat, \u00een Cluj-Napoca, Bra\u0219ov \u0219i Constan\u021ba s-au majorat"}]},{"@type":"WebSite","@id":"https:\/\/www.imobiliare.ro\/imoexpert\/#website","url":"https:\/\/www.imobiliare.ro\/imoexpert\/","name":"ImoExpert","description":"cele mai importante \u015ftiri din domeniul imobiliar","publisher":{"@id":"https:\/\/www.imobiliare.ro\/imoexpert\/#organization"},"inLanguage":"en"},{"@type":"Organization","@id":"https:\/\/www.imobiliare.ro\/imoexpert\/#organization","name":"Imobiliare.ro","alternateName":"Realmedia Network SA","url":"https:\/\/www.imobiliare.ro\/imoexpert\/","logo":{"@type":"ImageObject","inLanguage":"en","@id":"https:\/\/www.imobiliare.ro\/imoexpert\/#\/schema\/logo\/image\/","url":"https:\/\/www.imobiliare.ro\/imoexpert\/wp-content\/uploads\/2025\/05\/imobiliare_logo.png","contentUrl":"https:\/\/www.imobiliare.ro\/imoexpert\/wp-content\/uploads\/2025\/05\/imobiliare_logo.png","width":237,"height":29,"caption":"Imobiliare.ro"},"image":{"@id":"https:\/\/www.imobiliare.ro\/imoexpert\/#\/schema\/logo\/image\/"}},{"@type":"Person","@id":"https:\/\/www.imobiliare.ro\/imoexpert\/#\/schema\/person\/8c13b0297075010b896471fabf0d7790","name":"Adriana Dr\u0103gu\u0219in","image":{"@type":"ImageObject","inLanguage":"en","@id":"https:\/\/www.imobiliare.ro\/imoexpert\/#\/schema\/person\/image\/","url":"https:\/\/secure.gravatar.com\/avatar\/ba4762f7517e50e679ed7f11207102d1150120f2f5800c0da98f8a15305bf514?s=96&d=mm&r=g","contentUrl":"https:\/\/secure.gravatar.com\/avatar\/ba4762f7517e50e679ed7f11207102d1150120f2f5800c0da98f8a15305bf514?s=96&d=mm&r=g","caption":"Adriana Dr\u0103gu\u0219in"},"jobTitle":"Editor","url":"https:\/\/www.imobiliare.ro\/imoexpert\/author\/adriana-dragusin\/"}]}},"_links":{"self":[{"href":"https:\/\/www.imobiliare.ro\/imoexpert\/wp-json\/wp\/v2\/posts\/60513","targetHints":{"allow":["GET"]}}],"collection":[{"href":"https:\/\/www.imobiliare.ro\/imoexpert\/wp-json\/wp\/v2\/posts"}],"about":[{"href":"https:\/\/www.imobiliare.ro\/imoexpert\/wp-json\/wp\/v2\/types\/post"}],"author":[{"embeddable":true,"href":"https:\/\/www.imobiliare.ro\/imoexpert\/wp-json\/wp\/v2\/users\/829"}],"replies":[{"embeddable":true,"href":"https:\/\/www.imobiliare.ro\/imoexpert\/wp-json\/wp\/v2\/comments?post=60513"}],"version-history":[{"count":0,"href":"https:\/\/www.imobiliare.ro\/imoexpert\/wp-json\/wp\/v2\/posts\/60513\/revisions"}],"wp:featuredmedia":[{"embeddable":true,"href":"https:\/\/www.imobiliare.ro\/imoexpert\/wp-json\/wp\/v2\/media\/60514"}],"wp:attachment":[{"href":"https:\/\/www.imobiliare.ro\/imoexpert\/wp-json\/wp\/v2\/media?parent=60513"}],"wp:term":[{"taxonomy":"category","embeddable":true,"href":"https:\/\/www.imobiliare.ro\/imoexpert\/wp-json\/wp\/v2\/categories?post=60513"},{"taxonomy":"post_tag","embeddable":true,"href":"https:\/\/www.imobiliare.ro\/imoexpert\/wp-json\/wp\/v2\/tags?post=60513"},{"taxonomy":"content_author","embeddable":true,"href":"https:\/\/www.imobiliare.ro\/imoexpert\/wp-json\/wp\/v2\/content_author?post=60513"}],"curies":[{"name":"wp","href":"https:\/\/api.w.org\/{rel}","templated":true}]}}