{"id":60863,"date":"2020-11-02T16:53:01","date_gmt":"2020-11-02T14:53:01","guid":{"rendered":"https:\/\/www.imobiliare.ro\/imoexpert\/?p=60863"},"modified":"2020-11-02T16:53:01","modified_gmt":"2020-11-02T14:53:01","slug":"cartierul-drumul-taberei-mai-atractiv-pentru-dezvoltatori-odata-cu-inaugurarea-metroului-ce-proiecte-noi-exista-deja-in-zona","status":"publish","type":"post","link":"https:\/\/www.imobiliare.ro\/imoexpert\/cartierul-drumul-taberei-mai-atractiv-pentru-dezvoltatori-odata-cu-inaugurarea-metroului-ce-proiecte-noi-exista-deja-in-zona_db\/","title":{"rendered":"Cartierul Drumul Taberei, mai atractiv pentru dezvoltatori odat\u0103 cu inaugurarea metroului. Ce proiecte noi exist\u0103 deja \u00een zon\u0103?"},"content":{"rendered":"\n<figure class=\"wp-block-image\"><a class=\"article-body-links\"href=\"https:\/\/www.imobiliare.ro\/imoexpert\/cartierul-drumul-taberei-mai-atractiv-pentru-dezvoltatori-odata-cu-inaugurarea-metroului-ce-proiecte-noi-exista-deja-in-zona_db\/cof\/\" rel=\"attachment wp-att-60865\"><img loading=\"lazy\" decoding=\"async\" width=\"800\" height=\"451\" src=\"https:\/\/www.imobiliare.ro\/imoexpert\/wp-content\/uploads\/2020\/11\/dezvoltari-noi-drumul-taberei.jpg\" alt=\"\" class=\"wp-image-60865\" srcset=\"https:\/\/www.imobiliare.ro\/imoexpert\/wp-content\/uploads\/2020\/11\/dezvoltari-noi-drumul-taberei.jpg 800w, https:\/\/www.imobiliare.ro\/imoexpert\/wp-content\/uploads\/2020\/11\/dezvoltari-noi-drumul-taberei-300x169.jpg 300w, https:\/\/www.imobiliare.ro\/imoexpert\/wp-content\/uploads\/2020\/11\/dezvoltari-noi-drumul-taberei-768x433.jpg 768w\" sizes=\"auto, (max-width: 800px) 100vw, 800px\" \/><\/a><\/figure>\n\n\n\n<p><strong>Interesul dezvoltatorilor pentru cartierul Drumul Taberei din Bucure\u0219ti ar putea s\u0103 \u00eenregistreze o cre\u0219tere considerabil\u0103 odat\u0103 cu inaugurarea noului tronson de metrou R\u00e2ul Doamnei-Eroilor, care ofer\u0103 o conexiune rapid\u0103 c\u0103tre centrul ora\u0219ului. Un pol de atrac\u021bie ar putea fi localizat \u00een zona cartierului ANL.<\/strong><\/p>\n\n\n\n<p>&#8222;Am observat duc\u00e2ndu-m\u0103 \u00een Drumul Taberei o din ce \u00een ce mai mare prezen\u021b\u0103 a dezvoltatorilor pe pia\u021b\u0103. Am v\u0103zut ansambluri nou construite, am v\u0103zut proiecte noi care urmeaz\u0103 s\u0103 se construiasc\u0103, a\u0219a cum era zona de la cap\u0103tul Bulevardului Iuliu Maniu, spre autostrad\u0103, unde s-a construit acel cartier Militari Residence, al\u0103turi de toate celelalte dezvolt\u0103ri de l\u00e2ng\u0103 el. Cu siguran\u021b\u0103 \u0219i \u00een Drumul Taberei dezvolt\u0103rile imobiliare vor cre\u0219te \u00een perioada imediat urm\u0103toare&#8221;, a declarat Alex Printz, co-fondatorul re\u021belei Mr. Exclusivitate, \u00een cadrul emisiunii <span style=\"color: #ff0000;\"><strong>imoExpert<\/strong><\/span>.<\/p>\n\n\n\n<p>Stocul de locuin\u021be din Drumul Taberei este, \u00een marea sa majoritate, vechi. Cu toate acestea, cartierul a atras mai mul\u021bi dezvoltatori, chiar \u0219i \u00eenainte de inaugurarea tronsonului de metrou R\u00e2ul Doamnei-Eroilor, care s-a f\u0103cut cu cinci ani \u00eent\u00e2rziere. Noile proiecte construite aici sunt concentrate, \u00een mare parte, \u00een apropierea parcului Moghioro\u0219 (redenumit Parcul Drumul Taberei) sau \u00een imediata vecin\u0103tate a cartierului ANL Constantin Br\u00e2ncu\u0219i.<\/p>\n\n\n\n<figure class=\"wp-block-image alignnone\"><a class=\"article-body-links\"href=\"https:\/\/www.imobiliare.ro\/imoexpert\/cartierul-drumul-taberei-mai-atractiv-pentru-dezvoltatori-odata-cu-inaugurarea-metroului-ce-proiecte-noi-exista-deja-in-zona_db\/harta-cartier-brancusi\/\" rel=\"attachment wp-att-60867\"><img loading=\"lazy\" decoding=\"async\" width=\"800\" height=\"551\" src=\"https:\/\/www.imobiliare.ro\/imoexpert\/wp-content\/uploads\/2020\/11\/harta-cartier-brancusi.png\" alt=\"\" class=\"wp-image-60867\" srcset=\"https:\/\/www.imobiliare.ro\/imoexpert\/wp-content\/uploads\/2020\/11\/harta-cartier-brancusi.png 800w, https:\/\/www.imobiliare.ro\/imoexpert\/wp-content\/uploads\/2020\/11\/harta-cartier-brancusi-300x207.png 300w, https:\/\/www.imobiliare.ro\/imoexpert\/wp-content\/uploads\/2020\/11\/harta-cartier-brancusi-768x529.png 768w\" sizes=\"auto, (max-width: 800px) 100vw, 800px\" \/><\/a><figcaption><em>Foto: cartierul ANL Constantin Br\u00e2ncu\u0219i, Google Maps<\/em><\/figcaption><\/figure>\n\n\n\n<p>De altfel, zona cartierului ANL, care cuprinde circa 1.700 de apartamente, dispune deja de conexiuni la re\u021beaua de transport \u00een comun, locuitorii av\u00e2nd la dispozi\u021bie autobuzele 168 \u0219i 221, care ajung \u00een Pia\u021ba Roman\u0103 sau \u00een Ghencea. \u00cen plus, \u00een imediata apropiere a zonei s-au deschis \u0219i dou\u0103 sta\u021bii de metrou &#8211; Valea Ialomi\u021bei \u0219i Constantin Br\u00e2ncu\u0219i.<\/p>\n\n\n\n<p>Deja \u00een jurul cartierului ANL exist\u0103 mai multe proiecte finalizate sau aflate \u00een diferite stadii de construc\u021bie. Printre acestea se num\u0103r\u0103 Quarto Residence, Drumul Taberei Residence 2, Atlas Residence Drumul Taberei, Coral Residence sau Triplea Residence.<\/p>\n\n\n\n<figure class=\"wp-block-image alignnone\"><a class=\"article-body-links\"href=\"https:\/\/www.imobiliare.ro\/imoexpert\/cartierul-drumul-taberei-mai-atractiv-pentru-dezvoltatori-odata-cu-inaugurarea-metroului-ce-proiecte-noi-exista-deja-in-zona_db\/cof-2\/\" rel=\"attachment wp-att-60866\"><img loading=\"lazy\" decoding=\"async\" width=\"800\" height=\"451\" src=\"https:\/\/www.imobiliare.ro\/imoexpert\/wp-content\/uploads\/2020\/11\/metrou-drumul-taberei.jpg\" alt=\"\" class=\"wp-image-60866\" srcset=\"https:\/\/www.imobiliare.ro\/imoexpert\/wp-content\/uploads\/2020\/11\/metrou-drumul-taberei.jpg 800w, https:\/\/www.imobiliare.ro\/imoexpert\/wp-content\/uploads\/2020\/11\/metrou-drumul-taberei-300x169.jpg 300w, https:\/\/www.imobiliare.ro\/imoexpert\/wp-content\/uploads\/2020\/11\/metrou-drumul-taberei-768x433.jpg 768w\" sizes=\"auto, (max-width: 800px) 100vw, 800px\" \/><\/a><figcaption><em>Foto: sta\u021bia de metrou Valea Ialomi\u021bei de pe Magistala 5<\/em><\/figcaption><\/figure>\n\n\n\n<p>Un alt pol de interes ar putea fi situat \u00een zona intersec\u021biei R\u0103zoare sau \u00een imediata sa apropiere, pe Strada Progresului, deci la doi pa\u0219i de noua sta\u021bie de metrou Academia Militar\u0103. Aici exist\u0103 deja ansamblurile Cortina Academy \u0219i One Cotroceni Park. Acesta din urm\u0103 ar urma s\u0103 fie conectat la sta\u021bia de metrou \u0219i s\u0103 aduc\u0103 pe pia\u021b\u0103 800 de apartamente, dar \u0219i spa\u021bii office \u0219i de retail.<\/p>\n\n\n\n<figure class=\"wp-block-image alignnone\"><a class=\"article-body-links\"href=\"https:\/\/www.imobiliare.ro\/imoexpert\/cartierul-drumul-taberei-mai-atractiv-pentru-dezvoltatori-odata-cu-inaugurarea-metroului-ce-proiecte-noi-exista-deja-in-zona_db\/harta-zona-razoare-2\/\" rel=\"attachment wp-att-60870\"><img loading=\"lazy\" decoding=\"async\" width=\"800\" height=\"408\" src=\"https:\/\/www.imobiliare.ro\/imoexpert\/wp-content\/uploads\/2020\/11\/harta-zona-razoare-1.png\" alt=\"\" class=\"wp-image-60870\" srcset=\"https:\/\/www.imobiliare.ro\/imoexpert\/wp-content\/uploads\/2020\/11\/harta-zona-razoare-1.png 800w, https:\/\/www.imobiliare.ro\/imoexpert\/wp-content\/uploads\/2020\/11\/harta-zona-razoare-1-300x153.png 300w, https:\/\/www.imobiliare.ro\/imoexpert\/wp-content\/uploads\/2020\/11\/harta-zona-razoare-1-768x392.png 768w\" sizes=\"auto, (max-width: 800px) 100vw, 800px\" \/><\/a><figcaption><em>Foto: zona R\u0103zoare situat\u0103 \u00een proximitatea sta\u021biei de metrou Academia Militar\u0103<\/em><\/figcaption><\/figure>\n\n\n\n<p>\u00cen trimestrul III, circa 640 de apartamente noi erau disponibile la v\u00e2nzare \u00een proiectele reziden\u021biale din Drumul Taberei, potrivit datelor centralizate de <a class=\"article-body-links\"href=\"http:\/\/www.analizeimobiliare.ro\" target=\"_blank\" rel=\"noopener noreferrer\"><strong>Analize Imobiliare<\/strong><\/a>, platforma de real estate intelligence lansat\u0103 de <span style=\"color: #ff0000;\"><a class=\"article-body-links\"style=\"color: #ff0000;\" href=\"http:\/\/www.imobiliare.ro\" target=\"_blank\" rel=\"noopener noreferrer\"><strong>Imobiliare.ro<\/strong><\/a><\/span>.<\/p>\n\n\n\n<p>Pentru apartamentele scoase la v\u00e2nzare aici, pre\u021bul mediu solicitat de proprietari \u0219i de dezvoltatori era \u00een septembrie de circa 1.143 de euro\/mp util. Cererea \u00een zon\u0103 a \u00eenregistrat o u\u0219oar\u0103 cre\u0219tere fa\u021b\u0103 de anul trecut. Tot \u00een septembrie, aproape 5.400 de cump\u0103r\u0103tori \u0219i-au ar\u0103tat interesul pentru apartamentele din Drumul Taberei, 47% dintre ei fiind interesa\u021bi direct de locuin\u021bele situate \u00een vecin\u0103tatea unei sta\u021bii de metrou, conform datelor prezentate \u00een cadrul emisiunii <span style=\"color: #ff0000;\"><strong>imoExpert<\/strong><\/span>.<\/p>\n\n\n\n<p><iframe loading=\"lazy\" src=\"https:\/\/www.youtube.com\/embed\/EdzsiA_4PJU\" width=\"560\" height=\"315\" frameborder=\"0\" allowfullscreen=\"allowfullscreen\"><\/iframe><\/p>\n\n\n\n<p><a class=\"article-body-links\"href=\"https:\/\/www.imobiliare.ro\/imoexpert\/extinderea-retelei-de-metrou-din-bucuresti-si-piata-imobiliara-imoexpert-2020_db\/\" target=\"_blank\" rel=\"noopener noreferrer\"><strong>URM\u0102RE\u0218TE INTEGRAL EMISIUNEA IMOEXPERT<\/strong><\/a><\/p>\n\n\n\n<p>\u00cen total, aproximativ 150.000 de oameni au acum la cel mult 10 minute de mers pe jos de cas\u0103 una dintre cele 10 noi sta\u021bii de metrou de pe tronsonul R\u00e2ul Doamnei-Eroilor, potrivit estim\u0103rilor f\u0103cute de compania de consultan\u021b\u0103 imobiliar\u0103 Cushman &amp; Wakefield Echinox.<\/p>\n","protected":false},"excerpt":{"rendered":"<p>Interesul dezvoltatorilor pentru cartierul Drumul Taberei din Bucure\u0219ti ar putea s\u0103 \u00eenregistreze o cre\u0219tere considerabil\u0103 odat\u0103 cu inaugurarea noului tronson de metrou R\u00e2ul Doamnei-Eroilor, care ofer\u0103 o conexiune rapid\u0103 c\u0103tre centrul ora\u0219ului. Un pol de atrac\u021bie ar putea fi localizat \u00een zona cartierului ANL. &#8222;Am observat duc\u00e2ndu-m\u0103 \u00een Drumul Taberei o din ce \u00een ce [&hellip;]<\/p>\n","protected":false},"author":5891,"featured_media":60865,"comment_status":"open","ping_status":"open","sticky":false,"template":"","format":"standard","meta":{"footnotes":""},"categories":[259],"tags":[458,1992,1848,1991,1453],"content_author":[],"class_list":["post-60863","post","type-post","status-publish","format-standard","has-post-thumbnail","hentry","category-stiri","tag-dezvoltatori","tag-drumul-taberei","tag-emisiune-imoexpert","tag-metrou","tag-proiecte-noi-bucuresti"],"yoast_head":"<!-- This site is optimized with the Yoast SEO Premium plugin v27.0 (Yoast SEO v27.0) - https:\/\/yoast.com\/product\/yoast-seo-premium-wordpress\/ -->\n<title>Cartierul Drumul Taberei, mai atractiv pentru dezvoltatori odat\u0103 cu inaugurarea metroului. Ce proiecte noi exist\u0103 deja \u00een zon\u0103? - \u0218tiri - ImoExpert<\/title>\n<meta name=\"description\" content=\"Interesul dezvoltatorilor pentru cartierul Drumul Taberei din Bucure\u0219ti ar putea s\u0103 \u00eenregistreze o cre\u0219tere considerabil\u0103 odat\u0103 cu inaugurarea noului\" \/>\n<meta name=\"robots\" content=\"index, follow\" \/>\n<link rel=\"canonical\" href=\"https:\/\/www.imobiliare.ro\/imoexpert\/cartierul-drumul-taberei-mai-atractiv-pentru-dezvoltatori-odata-cu-inaugurarea-metroului-ce-proiecte-noi-exista-deja-in-zona_db\/\" \/>\n<meta property=\"og:locale\" content=\"ro_RO\" \/>\n<meta property=\"og:type\" content=\"article\" \/>\n<meta property=\"og:title\" content=\"Cartierul Drumul Taberei, mai atractiv pentru dezvoltatori odat\u0103 cu inaugurarea metroului. Ce proiecte noi exist\u0103 deja \u00een zon\u0103?\" \/>\n<meta property=\"og:description\" content=\"Interesul dezvoltatorilor pentru cartierul Drumul Taberei din Bucure\u0219ti ar putea s\u0103 \u00eenregistreze o cre\u0219tere considerabil\u0103 odat\u0103 cu inaugurarea noului\" \/>\n<meta property=\"og:url\" content=\"https:\/\/www.imobiliare.ro\/imoexpert\/cartierul-drumul-taberei-mai-atractiv-pentru-dezvoltatori-odata-cu-inaugurarea-metroului-ce-proiecte-noi-exista-deja-in-zona_db\/\" \/>\n<meta property=\"og:site_name\" content=\"ImoExpert\" \/>\n<meta property=\"article:published_time\" content=\"2020-11-02T14:53:01+00:00\" \/>\n<meta property=\"og:image\" content=\"https:\/\/www.imobiliare.ro\/imoexpert\/wp-content\/uploads\/2020\/11\/dezvoltari-noi-drumul-taberei.jpg\" \/>\n\t<meta property=\"og:image:width\" content=\"800\" \/>\n\t<meta property=\"og:image:height\" content=\"451\" \/>\n\t<meta property=\"og:image:type\" content=\"image\/jpeg\" \/>\n<meta name=\"author\" content=\"Corina V\u00e2rlan\" \/>\n<meta name=\"twitter:card\" content=\"summary_large_image\" \/>\n<meta name=\"twitter:label1\" content=\"Written by\" \/>\n\t<meta name=\"twitter:data1\" content=\"Corina V\u00e2rlan\" \/>\n\t<meta name=\"twitter:label2\" content=\"Est. reading time\" \/>\n\t<meta name=\"twitter:data2\" content=\"4 minute\" \/>\n<script type=\"application\/ld+json\" class=\"yoast-schema-graph\">{\"@context\":\"https:\/\/schema.org\",\"@graph\":[{\"@type\":\"Article\",\"@id\":\"https:\/\/www.imobiliare.ro\/imoexpert\/cartierul-drumul-taberei-mai-atractiv-pentru-dezvoltatori-odata-cu-inaugurarea-metroului-ce-proiecte-noi-exista-deja-in-zona_db\/#article\",\"isPartOf\":{\"@id\":\"https:\/\/www.imobiliare.ro\/imoexpert\/cartierul-drumul-taberei-mai-atractiv-pentru-dezvoltatori-odata-cu-inaugurarea-metroului-ce-proiecte-noi-exista-deja-in-zona_db\/\"},\"author\":{\"name\":\"Corina V\u00e2rlan\",\"@id\":\"https:\/\/www.imobiliare.ro\/imoexpert\/#\/schema\/person\/9ffdfbf24b82f39fc75a2fc6c19e4e99\"},\"headline\":\"Cartierul Drumul Taberei, mai atractiv pentru dezvoltatori odat\u0103 cu inaugurarea metroului. Ce proiecte noi exist\u0103 deja \u00een zon\u0103?\",\"datePublished\":\"2020-11-02T14:53:01+00:00\",\"mainEntityOfPage\":{\"@id\":\"https:\/\/www.imobiliare.ro\/imoexpert\/cartierul-drumul-taberei-mai-atractiv-pentru-dezvoltatori-odata-cu-inaugurarea-metroului-ce-proiecte-noi-exista-deja-in-zona_db\/\"},\"wordCount\":609,\"commentCount\":0,\"publisher\":{\"@id\":\"https:\/\/www.imobiliare.ro\/imoexpert\/#organization\"},\"image\":{\"@id\":\"https:\/\/www.imobiliare.ro\/imoexpert\/cartierul-drumul-taberei-mai-atractiv-pentru-dezvoltatori-odata-cu-inaugurarea-metroului-ce-proiecte-noi-exista-deja-in-zona_db\/#primaryimage\"},\"thumbnailUrl\":\"https:\/\/www.imobiliare.ro\/imoexpert\/wp-content\/uploads\/2020\/11\/dezvoltari-noi-drumul-taberei.jpg\",\"keywords\":[\"dezvoltatori\",\"Drumul Taberei\",\"emisiune imoExpert\",\"metrou\",\"proiecte noi Bucuresti\"],\"articleSection\":[\"\u0218tiri\"],\"inLanguage\":\"en\",\"potentialAction\":[{\"@type\":\"CommentAction\",\"name\":\"Comment\",\"target\":[\"https:\/\/www.imobiliare.ro\/imoexpert\/cartierul-drumul-taberei-mai-atractiv-pentru-dezvoltatori-odata-cu-inaugurarea-metroului-ce-proiecte-noi-exista-deja-in-zona_db\/#respond\"]}],\"copyrightYear\":\"2020\",\"copyrightHolder\":{\"@id\":\"https:\/\/www.imobiliare.ro\/imoexpert\/#organization\"}},{\"@type\":\"WebPage\",\"@id\":\"https:\/\/www.imobiliare.ro\/imoexpert\/cartierul-drumul-taberei-mai-atractiv-pentru-dezvoltatori-odata-cu-inaugurarea-metroului-ce-proiecte-noi-exista-deja-in-zona_db\/\",\"url\":\"https:\/\/www.imobiliare.ro\/imoexpert\/cartierul-drumul-taberei-mai-atractiv-pentru-dezvoltatori-odata-cu-inaugurarea-metroului-ce-proiecte-noi-exista-deja-in-zona_db\/\",\"name\":\"Cartierul Drumul Taberei, mai atractiv pentru dezvoltatori odat\u0103 cu inaugurarea metroului. Ce proiecte noi exist\u0103 deja \u00een zon\u0103? - \u0218tiri - ImoExpert\",\"isPartOf\":{\"@id\":\"https:\/\/www.imobiliare.ro\/imoexpert\/#website\"},\"primaryImageOfPage\":{\"@id\":\"https:\/\/www.imobiliare.ro\/imoexpert\/cartierul-drumul-taberei-mai-atractiv-pentru-dezvoltatori-odata-cu-inaugurarea-metroului-ce-proiecte-noi-exista-deja-in-zona_db\/#primaryimage\"},\"image\":{\"@id\":\"https:\/\/www.imobiliare.ro\/imoexpert\/cartierul-drumul-taberei-mai-atractiv-pentru-dezvoltatori-odata-cu-inaugurarea-metroului-ce-proiecte-noi-exista-deja-in-zona_db\/#primaryimage\"},\"thumbnailUrl\":\"https:\/\/www.imobiliare.ro\/imoexpert\/wp-content\/uploads\/2020\/11\/dezvoltari-noi-drumul-taberei.jpg\",\"datePublished\":\"2020-11-02T14:53:01+00:00\",\"description\":\"Interesul dezvoltatorilor pentru cartierul Drumul Taberei din Bucure\u0219ti ar putea s\u0103 \u00eenregistreze o cre\u0219tere considerabil\u0103 odat\u0103 cu inaugurarea noului\",\"breadcrumb\":{\"@id\":\"https:\/\/www.imobiliare.ro\/imoexpert\/cartierul-drumul-taberei-mai-atractiv-pentru-dezvoltatori-odata-cu-inaugurarea-metroului-ce-proiecte-noi-exista-deja-in-zona_db\/#breadcrumb\"},\"inLanguage\":\"en\",\"potentialAction\":[{\"@type\":\"ReadAction\",\"target\":[\"https:\/\/www.imobiliare.ro\/imoexpert\/cartierul-drumul-taberei-mai-atractiv-pentru-dezvoltatori-odata-cu-inaugurarea-metroului-ce-proiecte-noi-exista-deja-in-zona_db\/\"]}]},{\"@type\":\"ImageObject\",\"inLanguage\":\"en\",\"@id\":\"https:\/\/www.imobiliare.ro\/imoexpert\/cartierul-drumul-taberei-mai-atractiv-pentru-dezvoltatori-odata-cu-inaugurarea-metroului-ce-proiecte-noi-exista-deja-in-zona_db\/#primaryimage\",\"url\":\"https:\/\/www.imobiliare.ro\/imoexpert\/wp-content\/uploads\/2020\/11\/dezvoltari-noi-drumul-taberei.jpg\",\"contentUrl\":\"https:\/\/www.imobiliare.ro\/imoexpert\/wp-content\/uploads\/2020\/11\/dezvoltari-noi-drumul-taberei.jpg\",\"width\":800,\"height\":451,\"caption\":\"cof\"},{\"@type\":\"BreadcrumbList\",\"@id\":\"https:\/\/www.imobiliare.ro\/imoexpert\/cartierul-drumul-taberei-mai-atractiv-pentru-dezvoltatori-odata-cu-inaugurarea-metroului-ce-proiecte-noi-exista-deja-in-zona_db\/#breadcrumb\",\"itemListElement\":[{\"@type\":\"ListItem\",\"position\":1,\"name\":\"Imoradar24\",\"item\":\"https:\/\/www.imoradar24.ro\"},{\"@type\":\"ListItem\",\"position\":2,\"name\":\"ImoExpert\",\"item\":\"https:\/\/www.imobiliare.ro\/imoexpert\/\"},{\"@type\":\"ListItem\",\"position\":3,\"name\":\"\u0218tiri\",\"item\":\"https:\/\/www.imobiliare.ro\/imoexpert\/stiri\/\"},{\"@type\":\"ListItem\",\"position\":4,\"name\":\"Cartierul Drumul Taberei, mai atractiv pentru dezvoltatori odat\u0103 cu inaugurarea metroului. Ce proiecte noi exist\u0103 deja \u00een zon\u0103?\"}]},{\"@type\":\"WebSite\",\"@id\":\"https:\/\/www.imobiliare.ro\/imoexpert\/#website\",\"url\":\"https:\/\/www.imobiliare.ro\/imoexpert\/\",\"name\":\"ImoExpert\",\"description\":\"cele mai importante \u015ftiri din domeniul imobiliar\",\"publisher\":{\"@id\":\"https:\/\/www.imobiliare.ro\/imoexpert\/#organization\"},\"inLanguage\":\"en\"},{\"@type\":\"Organization\",\"@id\":\"https:\/\/www.imobiliare.ro\/imoexpert\/#organization\",\"name\":\"Imobiliare.ro\",\"alternateName\":\"Realmedia Network SA\",\"url\":\"https:\/\/www.imobiliare.ro\/imoexpert\/\",\"logo\":{\"@type\":\"ImageObject\",\"inLanguage\":\"en\",\"@id\":\"https:\/\/www.imobiliare.ro\/imoexpert\/#\/schema\/logo\/image\/\",\"url\":\"https:\/\/www.imobiliare.ro\/imoexpert\/wp-content\/uploads\/2025\/05\/imobiliare_logo.png\",\"contentUrl\":\"https:\/\/www.imobiliare.ro\/imoexpert\/wp-content\/uploads\/2025\/05\/imobiliare_logo.png\",\"width\":237,\"height\":29,\"caption\":\"Imobiliare.ro\"},\"image\":{\"@id\":\"https:\/\/www.imobiliare.ro\/imoexpert\/#\/schema\/logo\/image\/\"}},{\"@type\":\"Person\",\"@id\":\"https:\/\/www.imobiliare.ro\/imoexpert\/#\/schema\/person\/9ffdfbf24b82f39fc75a2fc6c19e4e99\",\"name\":\"Corina V\u00e2rlan\",\"image\":{\"@type\":\"ImageObject\",\"inLanguage\":\"en\",\"@id\":\"https:\/\/www.imobiliare.ro\/imoexpert\/#\/schema\/person\/image\/\",\"url\":\"https:\/\/www.imobiliare.ro\/imoexpert\/wp-content\/uploads\/2026\/02\/12-02-2025-5-rezumat-brasov-thumb-reels-1-1-96x96.png\",\"contentUrl\":\"https:\/\/www.imobiliare.ro\/imoexpert\/wp-content\/uploads\/2026\/02\/12-02-2025-5-rezumat-brasov-thumb-reels-1-1-96x96.png\",\"caption\":\"Corina V\u00e2rlan\"},\"description\":\"Cu o experien\u021b\u0103 de 14 ani \u00een presa online, comunicare \u0219i content marketing, Corina V\u00e2rlan s-a al\u0103turat echipei Imobiliare.ro \u00een urm\u0103 cu 8 ani \u0219i ocup\u0103, \u00een prezent, func\u021bia de Content Manager. Ea este gazda emisiunii \\\"\u00centreab\u0103 expertul\\\" \u0219i a seriei 5 \u0218tiri Imobiliare.ro, realizate \u00een parteneriat cu Libertatea. Corina \u00ee\u0219i concentreaz\u0103 activitatea pe analiza datelor de pia\u021b\u0103 \u0219i pe subiecte de interes at\u00e2t pentru cei afla\u021bi \u00een c\u0103utarea unei locuin\u021be, c\u00e2t \u0219i pentru proprietari sau chiria\u0219i.\",\"alternateName\":\"Corina\",\"jobTitle\":\"Content Manager\",\"url\":\"https:\/\/www.imobiliare.ro\/imoexpert\/author\/corina-varlan\/\"}]}<\/script>\n<!-- \/ Yoast SEO Premium plugin. -->","yoast_head_json":{"title":"Cartierul Drumul Taberei, mai atractiv pentru dezvoltatori odat\u0103 cu inaugurarea metroului. Ce proiecte noi exist\u0103 deja \u00een zon\u0103? - \u0218tiri - ImoExpert","description":"Interesul dezvoltatorilor pentru cartierul Drumul Taberei din Bucure\u0219ti ar putea s\u0103 \u00eenregistreze o cre\u0219tere considerabil\u0103 odat\u0103 cu inaugurarea noului","robots":{"index":"index","follow":"follow"},"canonical":"https:\/\/www.imobiliare.ro\/imoexpert\/cartierul-drumul-taberei-mai-atractiv-pentru-dezvoltatori-odata-cu-inaugurarea-metroului-ce-proiecte-noi-exista-deja-in-zona_db\/","og_locale":"ro_RO","og_type":"article","og_title":"Cartierul Drumul Taberei, mai atractiv pentru dezvoltatori odat\u0103 cu inaugurarea metroului. Ce proiecte noi exist\u0103 deja \u00een zon\u0103?","og_description":"Interesul dezvoltatorilor pentru cartierul Drumul Taberei din Bucure\u0219ti ar putea s\u0103 \u00eenregistreze o cre\u0219tere considerabil\u0103 odat\u0103 cu inaugurarea noului","og_url":"https:\/\/www.imobiliare.ro\/imoexpert\/cartierul-drumul-taberei-mai-atractiv-pentru-dezvoltatori-odata-cu-inaugurarea-metroului-ce-proiecte-noi-exista-deja-in-zona_db\/","og_site_name":"ImoExpert","article_published_time":"2020-11-02T14:53:01+00:00","og_image":[{"width":800,"height":451,"url":"https:\/\/www.imobiliare.ro\/imoexpert\/wp-content\/uploads\/2020\/11\/dezvoltari-noi-drumul-taberei.jpg","type":"image\/jpeg"}],"author":"Corina V\u00e2rlan","twitter_card":"summary_large_image","twitter_misc":{"Written by":"Corina V\u00e2rlan","Est. reading time":"4 minute"},"schema":{"@context":"https:\/\/schema.org","@graph":[{"@type":"Article","@id":"https:\/\/www.imobiliare.ro\/imoexpert\/cartierul-drumul-taberei-mai-atractiv-pentru-dezvoltatori-odata-cu-inaugurarea-metroului-ce-proiecte-noi-exista-deja-in-zona_db\/#article","isPartOf":{"@id":"https:\/\/www.imobiliare.ro\/imoexpert\/cartierul-drumul-taberei-mai-atractiv-pentru-dezvoltatori-odata-cu-inaugurarea-metroului-ce-proiecte-noi-exista-deja-in-zona_db\/"},"author":{"name":"Corina V\u00e2rlan","@id":"https:\/\/www.imobiliare.ro\/imoexpert\/#\/schema\/person\/9ffdfbf24b82f39fc75a2fc6c19e4e99"},"headline":"Cartierul Drumul Taberei, mai atractiv pentru dezvoltatori odat\u0103 cu inaugurarea metroului. Ce proiecte noi exist\u0103 deja \u00een zon\u0103?","datePublished":"2020-11-02T14:53:01+00:00","mainEntityOfPage":{"@id":"https:\/\/www.imobiliare.ro\/imoexpert\/cartierul-drumul-taberei-mai-atractiv-pentru-dezvoltatori-odata-cu-inaugurarea-metroului-ce-proiecte-noi-exista-deja-in-zona_db\/"},"wordCount":609,"commentCount":0,"publisher":{"@id":"https:\/\/www.imobiliare.ro\/imoexpert\/#organization"},"image":{"@id":"https:\/\/www.imobiliare.ro\/imoexpert\/cartierul-drumul-taberei-mai-atractiv-pentru-dezvoltatori-odata-cu-inaugurarea-metroului-ce-proiecte-noi-exista-deja-in-zona_db\/#primaryimage"},"thumbnailUrl":"https:\/\/www.imobiliare.ro\/imoexpert\/wp-content\/uploads\/2020\/11\/dezvoltari-noi-drumul-taberei.jpg","keywords":["dezvoltatori","Drumul Taberei","emisiune imoExpert","metrou","proiecte noi Bucuresti"],"articleSection":["\u0218tiri"],"inLanguage":"en","potentialAction":[{"@type":"CommentAction","name":"Comment","target":["https:\/\/www.imobiliare.ro\/imoexpert\/cartierul-drumul-taberei-mai-atractiv-pentru-dezvoltatori-odata-cu-inaugurarea-metroului-ce-proiecte-noi-exista-deja-in-zona_db\/#respond"]}],"copyrightYear":"2020","copyrightHolder":{"@id":"https:\/\/www.imobiliare.ro\/imoexpert\/#organization"}},{"@type":"WebPage","@id":"https:\/\/www.imobiliare.ro\/imoexpert\/cartierul-drumul-taberei-mai-atractiv-pentru-dezvoltatori-odata-cu-inaugurarea-metroului-ce-proiecte-noi-exista-deja-in-zona_db\/","url":"https:\/\/www.imobiliare.ro\/imoexpert\/cartierul-drumul-taberei-mai-atractiv-pentru-dezvoltatori-odata-cu-inaugurarea-metroului-ce-proiecte-noi-exista-deja-in-zona_db\/","name":"Cartierul Drumul Taberei, mai atractiv pentru dezvoltatori odat\u0103 cu inaugurarea metroului. Ce proiecte noi exist\u0103 deja \u00een zon\u0103? - \u0218tiri - ImoExpert","isPartOf":{"@id":"https:\/\/www.imobiliare.ro\/imoexpert\/#website"},"primaryImageOfPage":{"@id":"https:\/\/www.imobiliare.ro\/imoexpert\/cartierul-drumul-taberei-mai-atractiv-pentru-dezvoltatori-odata-cu-inaugurarea-metroului-ce-proiecte-noi-exista-deja-in-zona_db\/#primaryimage"},"image":{"@id":"https:\/\/www.imobiliare.ro\/imoexpert\/cartierul-drumul-taberei-mai-atractiv-pentru-dezvoltatori-odata-cu-inaugurarea-metroului-ce-proiecte-noi-exista-deja-in-zona_db\/#primaryimage"},"thumbnailUrl":"https:\/\/www.imobiliare.ro\/imoexpert\/wp-content\/uploads\/2020\/11\/dezvoltari-noi-drumul-taberei.jpg","datePublished":"2020-11-02T14:53:01+00:00","description":"Interesul dezvoltatorilor pentru cartierul Drumul Taberei din Bucure\u0219ti ar putea s\u0103 \u00eenregistreze o cre\u0219tere considerabil\u0103 odat\u0103 cu inaugurarea noului","breadcrumb":{"@id":"https:\/\/www.imobiliare.ro\/imoexpert\/cartierul-drumul-taberei-mai-atractiv-pentru-dezvoltatori-odata-cu-inaugurarea-metroului-ce-proiecte-noi-exista-deja-in-zona_db\/#breadcrumb"},"inLanguage":"en","potentialAction":[{"@type":"ReadAction","target":["https:\/\/www.imobiliare.ro\/imoexpert\/cartierul-drumul-taberei-mai-atractiv-pentru-dezvoltatori-odata-cu-inaugurarea-metroului-ce-proiecte-noi-exista-deja-in-zona_db\/"]}]},{"@type":"ImageObject","inLanguage":"en","@id":"https:\/\/www.imobiliare.ro\/imoexpert\/cartierul-drumul-taberei-mai-atractiv-pentru-dezvoltatori-odata-cu-inaugurarea-metroului-ce-proiecte-noi-exista-deja-in-zona_db\/#primaryimage","url":"https:\/\/www.imobiliare.ro\/imoexpert\/wp-content\/uploads\/2020\/11\/dezvoltari-noi-drumul-taberei.jpg","contentUrl":"https:\/\/www.imobiliare.ro\/imoexpert\/wp-content\/uploads\/2020\/11\/dezvoltari-noi-drumul-taberei.jpg","width":800,"height":451,"caption":"cof"},{"@type":"BreadcrumbList","@id":"https:\/\/www.imobiliare.ro\/imoexpert\/cartierul-drumul-taberei-mai-atractiv-pentru-dezvoltatori-odata-cu-inaugurarea-metroului-ce-proiecte-noi-exista-deja-in-zona_db\/#breadcrumb","itemListElement":[{"@type":"ListItem","position":1,"name":"Imoradar24","item":"https:\/\/www.imoradar24.ro"},{"@type":"ListItem","position":2,"name":"ImoExpert","item":"https:\/\/www.imobiliare.ro\/imoexpert\/"},{"@type":"ListItem","position":3,"name":"\u0218tiri","item":"https:\/\/www.imobiliare.ro\/imoexpert\/stiri\/"},{"@type":"ListItem","position":4,"name":"Cartierul Drumul Taberei, mai atractiv pentru dezvoltatori odat\u0103 cu inaugurarea metroului. Ce proiecte noi exist\u0103 deja \u00een zon\u0103?"}]},{"@type":"WebSite","@id":"https:\/\/www.imobiliare.ro\/imoexpert\/#website","url":"https:\/\/www.imobiliare.ro\/imoexpert\/","name":"ImoExpert","description":"cele mai importante \u015ftiri din domeniul imobiliar","publisher":{"@id":"https:\/\/www.imobiliare.ro\/imoexpert\/#organization"},"inLanguage":"en"},{"@type":"Organization","@id":"https:\/\/www.imobiliare.ro\/imoexpert\/#organization","name":"Imobiliare.ro","alternateName":"Realmedia Network SA","url":"https:\/\/www.imobiliare.ro\/imoexpert\/","logo":{"@type":"ImageObject","inLanguage":"en","@id":"https:\/\/www.imobiliare.ro\/imoexpert\/#\/schema\/logo\/image\/","url":"https:\/\/www.imobiliare.ro\/imoexpert\/wp-content\/uploads\/2025\/05\/imobiliare_logo.png","contentUrl":"https:\/\/www.imobiliare.ro\/imoexpert\/wp-content\/uploads\/2025\/05\/imobiliare_logo.png","width":237,"height":29,"caption":"Imobiliare.ro"},"image":{"@id":"https:\/\/www.imobiliare.ro\/imoexpert\/#\/schema\/logo\/image\/"}},{"@type":"Person","@id":"https:\/\/www.imobiliare.ro\/imoexpert\/#\/schema\/person\/9ffdfbf24b82f39fc75a2fc6c19e4e99","name":"Corina V\u00e2rlan","image":{"@type":"ImageObject","inLanguage":"en","@id":"https:\/\/www.imobiliare.ro\/imoexpert\/#\/schema\/person\/image\/","url":"https:\/\/www.imobiliare.ro\/imoexpert\/wp-content\/uploads\/2026\/02\/12-02-2025-5-rezumat-brasov-thumb-reels-1-1-96x96.png","contentUrl":"https:\/\/www.imobiliare.ro\/imoexpert\/wp-content\/uploads\/2026\/02\/12-02-2025-5-rezumat-brasov-thumb-reels-1-1-96x96.png","caption":"Corina V\u00e2rlan"},"description":"Cu o experien\u021b\u0103 de 14 ani \u00een presa online, comunicare \u0219i content marketing, Corina V\u00e2rlan s-a al\u0103turat echipei Imobiliare.ro \u00een urm\u0103 cu 8 ani \u0219i ocup\u0103, \u00een prezent, func\u021bia de Content Manager. Ea este gazda emisiunii \"\u00centreab\u0103 expertul\" \u0219i a seriei 5 \u0218tiri Imobiliare.ro, realizate \u00een parteneriat cu Libertatea. Corina \u00ee\u0219i concentreaz\u0103 activitatea pe analiza datelor de pia\u021b\u0103 \u0219i pe subiecte de interes at\u00e2t pentru cei afla\u021bi \u00een c\u0103utarea unei locuin\u021be, c\u00e2t \u0219i pentru proprietari sau chiria\u0219i.","alternateName":"Corina","jobTitle":"Content Manager","url":"https:\/\/www.imobiliare.ro\/imoexpert\/author\/corina-varlan\/"}]}},"_links":{"self":[{"href":"https:\/\/www.imobiliare.ro\/imoexpert\/wp-json\/wp\/v2\/posts\/60863","targetHints":{"allow":["GET"]}}],"collection":[{"href":"https:\/\/www.imobiliare.ro\/imoexpert\/wp-json\/wp\/v2\/posts"}],"about":[{"href":"https:\/\/www.imobiliare.ro\/imoexpert\/wp-json\/wp\/v2\/types\/post"}],"author":[{"embeddable":true,"href":"https:\/\/www.imobiliare.ro\/imoexpert\/wp-json\/wp\/v2\/users\/5891"}],"replies":[{"embeddable":true,"href":"https:\/\/www.imobiliare.ro\/imoexpert\/wp-json\/wp\/v2\/comments?post=60863"}],"version-history":[{"count":0,"href":"https:\/\/www.imobiliare.ro\/imoexpert\/wp-json\/wp\/v2\/posts\/60863\/revisions"}],"wp:featuredmedia":[{"embeddable":true,"href":"https:\/\/www.imobiliare.ro\/imoexpert\/wp-json\/wp\/v2\/media\/60865"}],"wp:attachment":[{"href":"https:\/\/www.imobiliare.ro\/imoexpert\/wp-json\/wp\/v2\/media?parent=60863"}],"wp:term":[{"taxonomy":"category","embeddable":true,"href":"https:\/\/www.imobiliare.ro\/imoexpert\/wp-json\/wp\/v2\/categories?post=60863"},{"taxonomy":"post_tag","embeddable":true,"href":"https:\/\/www.imobiliare.ro\/imoexpert\/wp-json\/wp\/v2\/tags?post=60863"},{"taxonomy":"content_author","embeddable":true,"href":"https:\/\/www.imobiliare.ro\/imoexpert\/wp-json\/wp\/v2\/content_author?post=60863"}],"curies":[{"name":"wp","href":"https:\/\/api.w.org\/{rel}","templated":true}]}}