{"id":60948,"date":"2020-11-06T18:22:07","date_gmt":"2020-11-06T16:22:07","guid":{"rendered":"https:\/\/www.imobiliare.ro\/imoexpert\/?p=60948"},"modified":"2020-11-06T18:22:07","modified_gmt":"2020-11-06T16:22:07","slug":"a-inceput-constructia-unui-centru-comunitar-in-cadrul-greenfield-baneasa-va-include-spatii-comerciale-de-birouri-spa-dar-si-scoala-si-gradinita","status":"publish","type":"post","link":"https:\/\/www.imobiliare.ro\/imoexpert\/a-inceput-constructia-unui-centru-comunitar-in-cadrul-greenfield-baneasa-va-include-spatii-comerciale-de-birouri-spa-dar-si-scoala-si-gradinita_db\/","title":{"rendered":"A \u00eenceput construc\u021bia unui centru comunitar \u00een cadrul Greenfield B\u0103neasa. Va include spa\u021bii comerciale, de birouri, SPA, dar \u0219i \u0219coal\u0103 \u0219i gr\u0103dini\u021b\u0103"},"content":{"rendered":"<p><a class=\"article-body-links\"href=\"https:\/\/www.imobiliare.ro\/imoexpert\/wp-content\/uploads\/2020\/11\/Greenfield-Plaza-0.jpg\"><img loading=\"lazy\" decoding=\"async\" src=\"https:\/\/www.imobiliare.ro\/imoexpert\/wp-content\/uploads\/2020\/11\/Greenfield-Plaza-0.jpg\" alt=\"\" width=\"800\" height=\"450\" class=\"aligncenter size-full wp-image-60949\" srcset=\"https:\/\/www.imobiliare.ro\/imoexpert\/wp-content\/uploads\/2020\/11\/Greenfield-Plaza-0.jpg 800w, https:\/\/www.imobiliare.ro\/imoexpert\/wp-content\/uploads\/2020\/11\/Greenfield-Plaza-0-300x169.jpg 300w, https:\/\/www.imobiliare.ro\/imoexpert\/wp-content\/uploads\/2020\/11\/Greenfield-Plaza-0-768x432.jpg 768w\" sizes=\"auto, (max-width: 800px) 100vw, 800px\" \/><\/a><\/p>\n<div id=\"ez-toc-container\" class=\"ez-toc-v2_0_81 counter-hierarchy ez-toc-counter ez-toc-grey ez-toc-container-direction\">\n<p class=\"ez-toc-title\" style=\"cursor:inherit\">Table of Contents<\/p>\n<label for=\"ez-toc-cssicon-toggle-item-69f1b5cede626\" class=\"ez-toc-cssicon-toggle-label\"><span class=\"ez-toc-cssicon\"><span class=\"eztoc-hide\" style=\"display:none;\">Toggle<\/span><span class=\"ez-toc-icon-toggle-span\"><svg style=\"fill: #999;color:#999\" xmlns=\"http:\/\/www.w3.org\/2000\/svg\" class=\"list-377408\" width=\"20px\" height=\"20px\" viewBox=\"0 0 24 24\" fill=\"none\"><path d=\"M6 6H4v2h2V6zm14 0H8v2h12V6zM4 11h2v2H4v-2zm16 0H8v2h12v-2zM4 16h2v2H4v-2zm16 0H8v2h12v-2z\" fill=\"currentColor\"><\/path><\/svg><svg style=\"fill: #999;color:#999\" class=\"arrow-unsorted-368013\" xmlns=\"http:\/\/www.w3.org\/2000\/svg\" width=\"10px\" height=\"10px\" viewBox=\"0 0 24 24\" version=\"1.2\" baseProfile=\"tiny\"><path d=\"M18.2 9.3l-6.2-6.3-6.2 6.3c-.2.2-.3.4-.3.7s.1.5.3.7c.2.2.4.3.7.3h11c.3 0 .5-.1.7-.3.2-.2.3-.5.3-.7s-.1-.5-.3-.7zM5.8 14.7l6.2 6.3 6.2-6.3c.2-.2.3-.5.3-.7s-.1-.5-.3-.7c-.2-.2-.4-.3-.7-.3h-11c-.3 0-.5.1-.7.3-.2.2-.3.5-.3.7s.1.5.3.7z\"\/><\/svg><\/span><\/span><\/label><input type=\"checkbox\"  id=\"ez-toc-cssicon-toggle-item-69f1b5cede626\"  aria-label=\"Toggle\" \/><nav><ul class='ez-toc-list ez-toc-list-level-1 ' ><li class='ez-toc-page-1 ez-toc-heading-level-2'><a class=\"ez-toc-link ez-toc-heading-1\" href=\"https:\/\/www.imobiliare.ro\/imoexpert\/a-inceput-constructia-unui-centru-comunitar-in-cadrul-greenfield-baneasa-va-include-spatii-comerciale-de-birouri-spa-dar-si-scoala-si-gradinita_db\/#Adresandu-se_atat_rezidentilor_cat_si_publicului_larg_facilitatile_din_cadrul_proiectului_sunt_menite_sa_contribuie_la_crearea_unui_obiectiv_de_atractie_pentru_cumparaturi_relaxare_si_agrement\" >Adres\u00e2ndu-se at\u00e2t reziden\u021bilor, c\u00e2t \u0219i publicului larg, facilit\u0103\u021bile din cadrul proiectului sunt menite s\u0103 contribuie la crearea unui obiectiv de atrac\u021bie pentru cump\u0103r\u0103turi, relaxare \u0219i agrement.<\/a><\/li><li class='ez-toc-page-1 ez-toc-heading-level-2'><a class=\"ez-toc-link ez-toc-heading-2\" href=\"https:\/\/www.imobiliare.ro\/imoexpert\/a-inceput-constructia-unui-centru-comunitar-in-cadrul-greenfield-baneasa-va-include-spatii-comerciale-de-birouri-spa-dar-si-scoala-si-gradinita_db\/#Magazine_servicii_dar_nu_numai\" >Magazine, servicii, dar nu numai<\/a><\/li><li class='ez-toc-page-1 ez-toc-heading-level-2'><a class=\"ez-toc-link ez-toc-heading-3\" href=\"https:\/\/www.imobiliare.ro\/imoexpert\/a-inceput-constructia-unui-centru-comunitar-in-cadrul-greenfield-baneasa-va-include-spatii-comerciale-de-birouri-spa-dar-si-scoala-si-gradinita_db\/#Acces_catre_centrul_Bucurestiului\" >Acces c\u0103tre centrul Bucure\u0219tiului<\/a><\/li><\/ul><\/nav><\/div>\n<h2><span class=\"ez-toc-section\" id=\"Adresandu-se_atat_rezidentilor_cat_si_publicului_larg_facilitatile_din_cadrul_proiectului_sunt_menite_sa_contribuie_la_crearea_unui_obiectiv_de_atractie_pentru_cumparaturi_relaxare_si_agrement\"><\/span>Adres\u00e2ndu-se at\u00e2t reziden\u021bilor, c\u00e2t \u0219i publicului larg, facilit\u0103\u021bile din cadrul proiectului sunt menite s\u0103 contribuie la crearea unui obiectiv de atrac\u021bie pentru cump\u0103r\u0103turi, relaxare \u0219i agrement.<span class=\"ez-toc-section-end\"><\/span><\/h2>\n<p>Impact Developer &#038; Contractor a anun\u021bat \u00eenceperea lucr\u0103rilor de construire la cea de-a patra faz\u0103 de dezvoltare a <strong><a class=\"article-body-links\"href=\"https:\/\/www.imobiliare.ro\/ansambluri-rezidentiale\/bucuresti\/greenfield-residence-bucuresti-125\">ansamblului reziden\u021bial Greenfield B\u0103neasa<\/a><\/strong>. Aceasta va cuprinde primul proiect comercial al companiei, denumit Greenfield Plaza, ce va consta \u00een 7.258 de metri p\u0103tra\u021bi de spa\u021bii pentru comer\u021b \u0219i servicii, al\u0103turi de 1.184 de metri p\u0103tra\u021bi de spa\u021bii pentru birouri. Valoarea proiectului se ridic\u0103 la 12 milioane de euro, acesta urm\u00e2nd a fi construit \u00een colaborare cu RCTI COMPANY S.R.L., \u00een baza unui contract \u00een valoare de 7,5 milioane de euro. \u201eFaza autorizat\u0103 vizeaz\u0103 cel mai mare centru comunitar dedicat unei comunit\u0103\u021bi reziden\u021biale \u0219i completeaz\u0103 un mini-ora\u0219 \u00een devenire. Proiectat \u00een mod sustenabil \u0219i cu grij\u0103 fa\u021b\u0103 de mediu, Greenfield Plaza, dezvoltat pe o suprafa\u021b\u0103 de 21.496 de metri p\u0103tra\u021bi, include dou\u0103 cl\u0103diri cu regim de \u00een\u0103l\u021bime S+P+1E \u0219i P +2E+E.th., peste 200 locuri de parcare \u0219i va fi finalizat \u00een a doua jum\u0103tate a anului 2021. \u00centreg proiectul cuprinde: un strip mall,  un impresionant spa\u021biu de wellness dotat cu sal\u0103 de sport, SPA-uri, teren de tenis, bazin semiolimpic \u0219i piscin\u0103 interioar\u0103 \u0219i exterioar\u0103 \u0219i o cl\u0103dire proprie de birouri\u201d, explic\u0103 reprezentan\u021bii companiei dezvoltatoare. <\/p>\n<blockquote><p>\u201eExperien\u021ba ne recomand\u0103 drept un dezvoltator de \u00eencredere, cu viziune, interesat de crearea unor comunit\u0103\u021bi pentru care contruim la standarde de \u00eenalt\u0103 calitate, iar noua faz\u0103 de dezvoltare din Greenfield vine cu provocarea integr\u0103rii produsului imobiliar comercial cu cel reziden\u021bial \u00eentr-un proiect unicat, care va stabili noile repere \u00een materie de locuire \u0219i wellbeing. Ambi\u021bia noastr\u0103 este s\u0103 dezvolt\u0103m un mini-ora\u0219, planificat \u00een mod responsabil \u0219i sustenabil, care s\u0103 integreze toate func\u021bionalit\u0103\u021bile necesare unei comunit\u0103\u021bi tinere: spa\u021bii de locuit, de \u0219colarizare pentru copii, de lucru, de relaxare \u0219i entertainment, spa\u021bii comerciale \u0219i de servicii.\u201d<\/p>\n<p><strong>Sorin Apostol, CEO Impact Developer &#038; Contractor<\/strong><\/p><\/blockquote>\n<p>&nbsp;<\/p>\n<p><strong>Cite\u0219te \u0219i:<br \/>\n<a class=\"article-body-links\"href=\"https:\/\/www.imobiliare.ro\/imoexpert\/primul-dezvoltator-privat-de-dupa-revolutie-planifica-investitii-de-12-miliarde-de-euro-in-noua-proiecte-imobiliare-pana-in-2028_db\/\">Primul dezvoltator privat de dup\u0103 Revolu\u021bie planific\u0103 investi\u021bii de 1,2 miliarde de euro, \u00een nou\u0103 proiecte imobiliare, p\u00e2n\u0103 \u00een 2028<\/a><\/p>\n<p><a class=\"article-body-links\"href=\"https:\/\/www.imobiliare.ro\/imoexpert\/facilitatile-asul-din-maneca-al-marilor-ansambluri-rezidentiale-planurile-pentru-un-proiect-ce-va-ajunge-la-aproape-6-000-de-locuinte_db\/\">Facilit\u0103\u021bile, asul din m\u00e2nec\u0103 al marilor ansambluri reziden\u021biale. Planurile pentru un proiect ce va ajunge la aproape 6.000 de locuin\u021be<\/a><\/strong><\/p>\n<p><a class=\"article-body-links\"href=\"https:\/\/www.imobiliare.ro\/imoexpert\/wp-content\/uploads\/2020\/11\/Greenfield-Plaza-3.jpg\"><img loading=\"lazy\" decoding=\"async\" src=\"https:\/\/www.imobiliare.ro\/imoexpert\/wp-content\/uploads\/2020\/11\/Greenfield-Plaza-3.jpg\" alt=\"\" width=\"800\" height=\"480\" class=\"aligncenter size-full wp-image-60950\" srcset=\"https:\/\/www.imobiliare.ro\/imoexpert\/wp-content\/uploads\/2020\/11\/Greenfield-Plaza-3.jpg 800w, https:\/\/www.imobiliare.ro\/imoexpert\/wp-content\/uploads\/2020\/11\/Greenfield-Plaza-3-300x180.jpg 300w, https:\/\/www.imobiliare.ro\/imoexpert\/wp-content\/uploads\/2020\/11\/Greenfield-Plaza-3-768x461.jpg 768w\" sizes=\"auto, (max-width: 800px) 100vw, 800px\" \/><\/a><\/p>\n<h2><span class=\"ez-toc-section\" id=\"Magazine_servicii_dar_nu_numai\"><\/span>Magazine, servicii, dar nu numai<span class=\"ez-toc-section-end\"><\/span><\/h2>\n<p>\u00cen cadrul centrului comunitar vor fi disponibile spre \u00eenchiriere spa\u021bii cu o suprafa\u021b\u0103 cumulat\u0103 de 6.730  de metri p\u0103tra\u021bi, publicul av\u00e2nd acces la urm\u0103toarele facilit\u0103\u021bi: supermarket Mega Image, farmacie, restaurant, pub, brut\u0103rie \u0219i servicii premium: cur\u0103\u021b\u0103torie, coafor, salon de cosmetic\u0103, loc de joac\u0103, schimb valutar, banc\u0103, agen\u021bie de turism. \u201eInvesti\u021bia total\u0103 a companiei se ridic\u0103 la 12 milioane de euro \u0219i nu urm\u0103re\u0219te un randament comercial direct, ci cre\u0219terea calit\u0103\u021bii vie\u021bii reziden\u021bilor\u201d, subliniaz\u0103 oficialii dezvoltatorului. <\/p>\n<p>Un important punct de atrac\u021bie al proiectului va fi zona de fitness \u0219i SPA, ce va include: sal\u0103 de fitness, o piscin\u0103 interioar\u0103 \u0219i una exterioar\u0103, cu teras\u0103 \u0219i loc pentru plaj\u0103, piscin\u0103 pentru copii, bazin semi-olimpic, sal\u0103 de hidromasaj, sal\u0103 de masaj, terenuri squash, bar, sal\u0103 de spinning \u0219i teren de tenis, cu gazon. \u201eCele trei piscine vor beneficia de ap\u0103 \u00eenc\u0103lzit\u0103 cu solu\u021bii regenerabile, \u00een acord cu direc\u021bia companiei de a implementa solu\u021bii green pentru un smart city\u201d, puncteaz\u0103 reprezentan\u021bii companiei. <\/p>\n<p><strong>Cite\u0219te \u0219i:<br \/>\n<a class=\"article-body-links\"href=\"https:\/\/www.imobiliare.ro\/imoexpert\/un-important-dezvoltator-autohton-se-extinde-pe-piata-din-iasi-a-cumparat-un-teren-in-zona-copou-si-vrea-sa-ridice-locuinte-verzi_db\/\">Un important dezvoltator autohton se extinde pe pia\u021ba din Ia\u0219i. A cump\u0103rat un teren \u00een zona Copou \u0219i vrea s\u0103 ridice locuin\u021be \u201everzi\u201d<\/a><\/p>\n<p><a class=\"article-body-links\"href=\"https:\/\/www.imobiliare.ro\/imoexpert\/impact-incepe-lucrarile-de-constructie-la-un-ansamblu-de-aproape-700-de-locuinte-inclusiv-vile-in-constanta_db\/\">Impact \u00eencepe lucr\u0103rile de construc\u021bie la un ansamblu de aproape 700 de locuin\u021be (inclusiv vile) \u00een Constan\u021ba<\/a><\/strong><\/p>\n<p><a class=\"article-body-links\"href=\"https:\/\/www.imobiliare.ro\/imoexpert\/wp-content\/uploads\/2020\/11\/Greenfield-Plaza-4.jpg\"><img loading=\"lazy\" decoding=\"async\" src=\"https:\/\/www.imobiliare.ro\/imoexpert\/wp-content\/uploads\/2020\/11\/Greenfield-Plaza-4.jpg\" alt=\"\" width=\"800\" height=\"480\" class=\"aligncenter size-full wp-image-60951\" srcset=\"https:\/\/www.imobiliare.ro\/imoexpert\/wp-content\/uploads\/2020\/11\/Greenfield-Plaza-4.jpg 800w, https:\/\/www.imobiliare.ro\/imoexpert\/wp-content\/uploads\/2020\/11\/Greenfield-Plaza-4-300x180.jpg 300w, https:\/\/www.imobiliare.ro\/imoexpert\/wp-content\/uploads\/2020\/11\/Greenfield-Plaza-4-768x461.jpg 768w\" sizes=\"auto, (max-width: 800px) 100vw, 800px\" \/><\/a><\/p>\n<h2><span class=\"ez-toc-section\" id=\"Acces_catre_centrul_Bucurestiului\"><\/span>Acces c\u0103tre centrul Bucure\u0219tiului<span class=\"ez-toc-section-end\"><\/span><\/h2>\n<p>Tot ca parte a centrului comunitar sunt prev\u0103zute dou\u0103 institu\u021bii de \u00eenv\u0103\u021b\u0103m\u00e2nt de stat, dezvoltate \u00eentr-un parteneriat public-privat cu municipalitatea Sectorului 1, acestea urm\u00e2nd a dispune de o capacitate considerabil\u0103: 780 de copii \u00een ciclul gimnazial \u0219i 150 de copii la gr\u0103dini\u021b\u0103. Terenul pentru acestea, \u00een suprafa\u021b\u0103 de 9.620 de metri p\u0103tra\u021bi \u0219i \u00een valoare de 1,75 milioane de euro, a fost deja donat municipalit\u0103\u021bii. Potrivit oficialilor Impact, Prim\u0103ria Sectorului 1 urmeaz\u0103 s\u0103 \u00eenceap\u0103 lucr\u0103rile de construire p\u00e2n\u0103 la finalul anului 2020, termenul de punere \u00een func\u021biune urm\u00e2nd a fi comunicat ulterior.  <\/p>\n<p>Un alt beneficiu important oferit de noul proiect este reprezentat de un terminal STB, de unde vor pleca autobuze ce vor face leg\u0103tura \u00eentre cartierul Greenfield \u0219i Pia\u021ba Presei sau zona central\u0103 a Capitalei. \u201e\u00cen prezent, func\u021bioneaz\u0103 deja linia STB 204 care leag\u0103 cartierul de terminalul Str\u0103ule\u0219ti. Terenul necesar terminalului STB din Greenfield, cu o suprafa\u021b\u0103 de 1.400 de metri p\u0103tra\u021bi, este pus la dispozi\u021bie de Impact, cu contract de comodat pe durata nedeterminat\u0103 \u0219i cu titlu gratuit, c\u0103tre STB (Societatea de Transport Bucure\u0219ti). Valoarea dona\u021biei \u0219i a \u00eentregului proiect realizat de c\u0103tre Impact se ridic\u0103 la 750.000 de euro\u201d, noteaz\u0103 reprezentan\u021bii Impact. <\/p>\n<p><a class=\"article-body-links\"href=\"https:\/\/www.imobiliare.ro\/imoexpert\/wp-content\/uploads\/2020\/11\/Greenfield-Plaza-1.jpg\"><img loading=\"lazy\" decoding=\"async\" src=\"https:\/\/www.imobiliare.ro\/imoexpert\/wp-content\/uploads\/2020\/11\/Greenfield-Plaza-1.jpg\" alt=\"\" width=\"800\" height=\"450\" class=\"aligncenter size-full wp-image-60952\" srcset=\"https:\/\/www.imobiliare.ro\/imoexpert\/wp-content\/uploads\/2020\/11\/Greenfield-Plaza-1.jpg 800w, https:\/\/www.imobiliare.ro\/imoexpert\/wp-content\/uploads\/2020\/11\/Greenfield-Plaza-1-300x169.jpg 300w, https:\/\/www.imobiliare.ro\/imoexpert\/wp-content\/uploads\/2020\/11\/Greenfield-Plaza-1-768x432.jpg 768w\" sizes=\"auto, (max-width: 800px) 100vw, 800px\" \/><\/a><\/p>\n<div class=\"entry-content-inline-styles table-responsive\">\n<strong>Despre Greenfield B\u0103neasa<\/strong><br \/>\n\u00cen cadrul ansamblului reziden\u021bial Greenfield B\u0103neasa au fost finalizate, p\u00e2n\u0103 \u00een 2019, trei etape de construc\u021bie, cu un total de peste 2.500 de apartamente. Alte dou\u0103 faze urmeaz\u0103 s\u0103 fie dezvoltate p\u00e2n\u0103 la finalul anului 2028, cartierul urm\u00e2nd s\u0103 ajung\u0103 la peste 7.000 de locuin\u021be la \u00eencheierea lucr\u0103rilor. \u00centregul proiect dispune de o suprafa\u021b\u0103 de 60 de hectare de teren, iar aici locuiesc, \u00een momentul de fa\u021b\u0103, peste 6.000 de persoane.<\/div>\n","protected":false},"excerpt":{"rendered":"<p>Adres\u00e2ndu-se at\u00e2t reziden\u021bilor, c\u00e2t \u0219i publicului larg, facilit\u0103\u021bile din cadrul proiectului sunt menite s\u0103 contribuie la crearea unui obiectiv de atrac\u021bie pentru cump\u0103r\u0103turi, relaxare \u0219i agrement. Impact Developer &#038; Contractor a anun\u021bat \u00eenceperea lucr\u0103rilor de construire la cea de-a patra faz\u0103 de dezvoltare a ansamblului reziden\u021bial Greenfield B\u0103neasa. Aceasta va cuprinde primul proiect comercial al [&hellip;]<\/p>\n","protected":false},"author":829,"featured_media":60949,"comment_status":"open","ping_status":"open","sticky":false,"template":"","format":"standard","meta":{"footnotes":""},"categories":[259],"tags":[333,1851,1849],"content_author":[],"class_list":["post-60948","post","type-post","status-publish","format-standard","has-post-thumbnail","hentry","category-stiri","tag-ansambluri-rezidentiale","tag-greenfield-residence","tag-impact-developer-contractor"],"yoast_head":"<!-- This site is optimized with the Yoast SEO Premium plugin v27.0 (Yoast SEO v27.0) - https:\/\/yoast.com\/product\/yoast-seo-premium-wordpress\/ -->\n<title>A \u00eenceput construc\u021bia unui centru comunitar \u00een cadrul Greenfield B\u0103neasa. Va include spa\u021bii comerciale, de birouri, SPA, dar \u0219i \u0219coal\u0103 \u0219i gr\u0103dini\u021b\u0103 - \u0218tiri - ImoExpert<\/title>\n<meta name=\"description\" content=\"Adres\u00e2ndu-se at\u00e2t reziden\u021bilor, c\u00e2t \u0219i publicului larg, facilit\u0103\u021bile din cadrul proiectului sunt menite s\u0103 contribuie la crearea unui obiectiv de atrac\u021bie\" \/>\n<meta name=\"robots\" content=\"index, follow\" \/>\n<link rel=\"canonical\" href=\"https:\/\/www.imobiliare.ro\/imoexpert\/a-inceput-constructia-unui-centru-comunitar-in-cadrul-greenfield-baneasa-va-include-spatii-comerciale-de-birouri-spa-dar-si-scoala-si-gradinita_db\/\" \/>\n<meta property=\"og:locale\" content=\"ro_RO\" \/>\n<meta property=\"og:type\" content=\"article\" \/>\n<meta property=\"og:title\" content=\"A \u00eenceput construc\u021bia unui centru comunitar \u00een cadrul Greenfield B\u0103neasa. Va include spa\u021bii comerciale, de birouri, SPA, dar \u0219i \u0219coal\u0103 \u0219i gr\u0103dini\u021b\u0103\" \/>\n<meta property=\"og:description\" content=\"Adres\u00e2ndu-se at\u00e2t reziden\u021bilor, c\u00e2t \u0219i publicului larg, facilit\u0103\u021bile din cadrul proiectului sunt menite s\u0103 contribuie la crearea unui obiectiv de atrac\u021bie\" \/>\n<meta property=\"og:url\" content=\"https:\/\/www.imobiliare.ro\/imoexpert\/a-inceput-constructia-unui-centru-comunitar-in-cadrul-greenfield-baneasa-va-include-spatii-comerciale-de-birouri-spa-dar-si-scoala-si-gradinita_db\/\" \/>\n<meta property=\"og:site_name\" content=\"ImoExpert\" \/>\n<meta property=\"article:published_time\" content=\"2020-11-06T16:22:07+00:00\" \/>\n<meta property=\"og:image\" content=\"https:\/\/www.imobiliare.ro\/imoexpert\/wp-content\/uploads\/2020\/11\/Greenfield-Plaza-0.jpg\" \/>\n\t<meta property=\"og:image:width\" content=\"800\" \/>\n\t<meta property=\"og:image:height\" content=\"450\" \/>\n\t<meta property=\"og:image:type\" content=\"image\/jpeg\" \/>\n<meta name=\"author\" content=\"Adriana Dr\u0103gu\u0219in\" \/>\n<meta name=\"twitter:card\" content=\"summary_large_image\" \/>\n<meta name=\"twitter:label1\" content=\"Written by\" \/>\n\t<meta name=\"twitter:data1\" content=\"Adriana Dr\u0103gu\u0219in\" \/>\n\t<meta name=\"twitter:label2\" content=\"Est. reading time\" \/>\n\t<meta name=\"twitter:data2\" content=\"5 minute\" \/>\n<script type=\"application\/ld+json\" class=\"yoast-schema-graph\">{\"@context\":\"https:\/\/schema.org\",\"@graph\":[{\"@type\":\"Article\",\"@id\":\"https:\/\/www.imobiliare.ro\/imoexpert\/a-inceput-constructia-unui-centru-comunitar-in-cadrul-greenfield-baneasa-va-include-spatii-comerciale-de-birouri-spa-dar-si-scoala-si-gradinita_db\/#article\",\"isPartOf\":{\"@id\":\"https:\/\/www.imobiliare.ro\/imoexpert\/a-inceput-constructia-unui-centru-comunitar-in-cadrul-greenfield-baneasa-va-include-spatii-comerciale-de-birouri-spa-dar-si-scoala-si-gradinita_db\/\"},\"author\":{\"name\":\"Adriana Dr\u0103gu\u0219in\",\"@id\":\"https:\/\/www.imobiliare.ro\/imoexpert\/#\/schema\/person\/8c13b0297075010b896471fabf0d7790\"},\"headline\":\"A \u00eenceput construc\u021bia unui centru comunitar \u00een cadrul Greenfield B\u0103neasa. Va include spa\u021bii comerciale, de birouri, SPA, dar \u0219i \u0219coal\u0103 \u0219i gr\u0103dini\u021b\u0103\",\"datePublished\":\"2020-11-06T16:22:07+00:00\",\"mainEntityOfPage\":{\"@id\":\"https:\/\/www.imobiliare.ro\/imoexpert\/a-inceput-constructia-unui-centru-comunitar-in-cadrul-greenfield-baneasa-va-include-spatii-comerciale-de-birouri-spa-dar-si-scoala-si-gradinita_db\/\"},\"wordCount\":959,\"commentCount\":1,\"publisher\":{\"@id\":\"https:\/\/www.imobiliare.ro\/imoexpert\/#organization\"},\"image\":{\"@id\":\"https:\/\/www.imobiliare.ro\/imoexpert\/a-inceput-constructia-unui-centru-comunitar-in-cadrul-greenfield-baneasa-va-include-spatii-comerciale-de-birouri-spa-dar-si-scoala-si-gradinita_db\/#primaryimage\"},\"thumbnailUrl\":\"https:\/\/www.imobiliare.ro\/imoexpert\/wp-content\/uploads\/2020\/11\/Greenfield-Plaza-0.jpg\",\"keywords\":[\"Ansambluri rezidentiale\",\"Greenfield Residence\",\"Impact Developer &amp; Contractor\"],\"articleSection\":[\"\u0218tiri\"],\"inLanguage\":\"en\",\"potentialAction\":[{\"@type\":\"CommentAction\",\"name\":\"Comment\",\"target\":[\"https:\/\/www.imobiliare.ro\/imoexpert\/a-inceput-constructia-unui-centru-comunitar-in-cadrul-greenfield-baneasa-va-include-spatii-comerciale-de-birouri-spa-dar-si-scoala-si-gradinita_db\/#respond\"]}],\"copyrightYear\":\"2020\",\"copyrightHolder\":{\"@id\":\"https:\/\/www.imobiliare.ro\/imoexpert\/#organization\"}},{\"@type\":\"WebPage\",\"@id\":\"https:\/\/www.imobiliare.ro\/imoexpert\/a-inceput-constructia-unui-centru-comunitar-in-cadrul-greenfield-baneasa-va-include-spatii-comerciale-de-birouri-spa-dar-si-scoala-si-gradinita_db\/\",\"url\":\"https:\/\/www.imobiliare.ro\/imoexpert\/a-inceput-constructia-unui-centru-comunitar-in-cadrul-greenfield-baneasa-va-include-spatii-comerciale-de-birouri-spa-dar-si-scoala-si-gradinita_db\/\",\"name\":\"A \u00eenceput construc\u021bia unui centru comunitar \u00een cadrul Greenfield B\u0103neasa. Va include spa\u021bii comerciale, de birouri, SPA, dar \u0219i \u0219coal\u0103 \u0219i gr\u0103dini\u021b\u0103 - \u0218tiri - ImoExpert\",\"isPartOf\":{\"@id\":\"https:\/\/www.imobiliare.ro\/imoexpert\/#website\"},\"primaryImageOfPage\":{\"@id\":\"https:\/\/www.imobiliare.ro\/imoexpert\/a-inceput-constructia-unui-centru-comunitar-in-cadrul-greenfield-baneasa-va-include-spatii-comerciale-de-birouri-spa-dar-si-scoala-si-gradinita_db\/#primaryimage\"},\"image\":{\"@id\":\"https:\/\/www.imobiliare.ro\/imoexpert\/a-inceput-constructia-unui-centru-comunitar-in-cadrul-greenfield-baneasa-va-include-spatii-comerciale-de-birouri-spa-dar-si-scoala-si-gradinita_db\/#primaryimage\"},\"thumbnailUrl\":\"https:\/\/www.imobiliare.ro\/imoexpert\/wp-content\/uploads\/2020\/11\/Greenfield-Plaza-0.jpg\",\"datePublished\":\"2020-11-06T16:22:07+00:00\",\"description\":\"Adres\u00e2ndu-se at\u00e2t reziden\u021bilor, c\u00e2t \u0219i publicului larg, facilit\u0103\u021bile din cadrul proiectului sunt menite s\u0103 contribuie la crearea unui obiectiv de atrac\u021bie\",\"breadcrumb\":{\"@id\":\"https:\/\/www.imobiliare.ro\/imoexpert\/a-inceput-constructia-unui-centru-comunitar-in-cadrul-greenfield-baneasa-va-include-spatii-comerciale-de-birouri-spa-dar-si-scoala-si-gradinita_db\/#breadcrumb\"},\"inLanguage\":\"en\",\"potentialAction\":[{\"@type\":\"ReadAction\",\"target\":[\"https:\/\/www.imobiliare.ro\/imoexpert\/a-inceput-constructia-unui-centru-comunitar-in-cadrul-greenfield-baneasa-va-include-spatii-comerciale-de-birouri-spa-dar-si-scoala-si-gradinita_db\/\"]}]},{\"@type\":\"ImageObject\",\"inLanguage\":\"en\",\"@id\":\"https:\/\/www.imobiliare.ro\/imoexpert\/a-inceput-constructia-unui-centru-comunitar-in-cadrul-greenfield-baneasa-va-include-spatii-comerciale-de-birouri-spa-dar-si-scoala-si-gradinita_db\/#primaryimage\",\"url\":\"https:\/\/www.imobiliare.ro\/imoexpert\/wp-content\/uploads\/2020\/11\/Greenfield-Plaza-0.jpg\",\"contentUrl\":\"https:\/\/www.imobiliare.ro\/imoexpert\/wp-content\/uploads\/2020\/11\/Greenfield-Plaza-0.jpg\",\"width\":800,\"height\":450},{\"@type\":\"BreadcrumbList\",\"@id\":\"https:\/\/www.imobiliare.ro\/imoexpert\/a-inceput-constructia-unui-centru-comunitar-in-cadrul-greenfield-baneasa-va-include-spatii-comerciale-de-birouri-spa-dar-si-scoala-si-gradinita_db\/#breadcrumb\",\"itemListElement\":[{\"@type\":\"ListItem\",\"position\":1,\"name\":\"Imoradar24\",\"item\":\"https:\/\/www.imoradar24.ro\"},{\"@type\":\"ListItem\",\"position\":2,\"name\":\"ImoExpert\",\"item\":\"https:\/\/www.imobiliare.ro\/imoexpert\/\"},{\"@type\":\"ListItem\",\"position\":3,\"name\":\"\u0218tiri\",\"item\":\"https:\/\/www.imobiliare.ro\/imoexpert\/stiri\/\"},{\"@type\":\"ListItem\",\"position\":4,\"name\":\"A \u00eenceput construc\u021bia unui centru comunitar \u00een cadrul Greenfield B\u0103neasa. Va include spa\u021bii comerciale, de birouri, SPA, dar \u0219i \u0219coal\u0103 \u0219i gr\u0103dini\u021b\u0103\"}]},{\"@type\":\"WebSite\",\"@id\":\"https:\/\/www.imobiliare.ro\/imoexpert\/#website\",\"url\":\"https:\/\/www.imobiliare.ro\/imoexpert\/\",\"name\":\"ImoExpert\",\"description\":\"cele mai importante \u015ftiri din domeniul imobiliar\",\"publisher\":{\"@id\":\"https:\/\/www.imobiliare.ro\/imoexpert\/#organization\"},\"inLanguage\":\"en\"},{\"@type\":\"Organization\",\"@id\":\"https:\/\/www.imobiliare.ro\/imoexpert\/#organization\",\"name\":\"Imobiliare.ro\",\"alternateName\":\"Realmedia Network SA\",\"url\":\"https:\/\/www.imobiliare.ro\/imoexpert\/\",\"logo\":{\"@type\":\"ImageObject\",\"inLanguage\":\"en\",\"@id\":\"https:\/\/www.imobiliare.ro\/imoexpert\/#\/schema\/logo\/image\/\",\"url\":\"https:\/\/www.imobiliare.ro\/imoexpert\/wp-content\/uploads\/2025\/05\/imobiliare_logo.png\",\"contentUrl\":\"https:\/\/www.imobiliare.ro\/imoexpert\/wp-content\/uploads\/2025\/05\/imobiliare_logo.png\",\"width\":237,\"height\":29,\"caption\":\"Imobiliare.ro\"},\"image\":{\"@id\":\"https:\/\/www.imobiliare.ro\/imoexpert\/#\/schema\/logo\/image\/\"}},{\"@type\":\"Person\",\"@id\":\"https:\/\/www.imobiliare.ro\/imoexpert\/#\/schema\/person\/8c13b0297075010b896471fabf0d7790\",\"name\":\"Adriana Dr\u0103gu\u0219in\",\"image\":{\"@type\":\"ImageObject\",\"inLanguage\":\"en\",\"@id\":\"https:\/\/www.imobiliare.ro\/imoexpert\/#\/schema\/person\/image\/\",\"url\":\"https:\/\/secure.gravatar.com\/avatar\/ba4762f7517e50e679ed7f11207102d1150120f2f5800c0da98f8a15305bf514?s=96&d=mm&r=g\",\"contentUrl\":\"https:\/\/secure.gravatar.com\/avatar\/ba4762f7517e50e679ed7f11207102d1150120f2f5800c0da98f8a15305bf514?s=96&d=mm&r=g\",\"caption\":\"Adriana Dr\u0103gu\u0219in\"},\"jobTitle\":\"Editor\",\"url\":\"https:\/\/www.imobiliare.ro\/imoexpert\/author\/adriana-dragusin\/\"}]}<\/script>\n<!-- \/ Yoast SEO Premium plugin. -->","yoast_head_json":{"title":"A \u00eenceput construc\u021bia unui centru comunitar \u00een cadrul Greenfield B\u0103neasa. Va include spa\u021bii comerciale, de birouri, SPA, dar \u0219i \u0219coal\u0103 \u0219i gr\u0103dini\u021b\u0103 - \u0218tiri - ImoExpert","description":"Adres\u00e2ndu-se at\u00e2t reziden\u021bilor, c\u00e2t \u0219i publicului larg, facilit\u0103\u021bile din cadrul proiectului sunt menite s\u0103 contribuie la crearea unui obiectiv de atrac\u021bie","robots":{"index":"index","follow":"follow"},"canonical":"https:\/\/www.imobiliare.ro\/imoexpert\/a-inceput-constructia-unui-centru-comunitar-in-cadrul-greenfield-baneasa-va-include-spatii-comerciale-de-birouri-spa-dar-si-scoala-si-gradinita_db\/","og_locale":"ro_RO","og_type":"article","og_title":"A \u00eenceput construc\u021bia unui centru comunitar \u00een cadrul Greenfield B\u0103neasa. Va include spa\u021bii comerciale, de birouri, SPA, dar \u0219i \u0219coal\u0103 \u0219i gr\u0103dini\u021b\u0103","og_description":"Adres\u00e2ndu-se at\u00e2t reziden\u021bilor, c\u00e2t \u0219i publicului larg, facilit\u0103\u021bile din cadrul proiectului sunt menite s\u0103 contribuie la crearea unui obiectiv de atrac\u021bie","og_url":"https:\/\/www.imobiliare.ro\/imoexpert\/a-inceput-constructia-unui-centru-comunitar-in-cadrul-greenfield-baneasa-va-include-spatii-comerciale-de-birouri-spa-dar-si-scoala-si-gradinita_db\/","og_site_name":"ImoExpert","article_published_time":"2020-11-06T16:22:07+00:00","og_image":[{"width":800,"height":450,"url":"https:\/\/www.imobiliare.ro\/imoexpert\/wp-content\/uploads\/2020\/11\/Greenfield-Plaza-0.jpg","type":"image\/jpeg"}],"author":"Adriana Dr\u0103gu\u0219in","twitter_card":"summary_large_image","twitter_misc":{"Written by":"Adriana Dr\u0103gu\u0219in","Est. reading time":"5 minute"},"schema":{"@context":"https:\/\/schema.org","@graph":[{"@type":"Article","@id":"https:\/\/www.imobiliare.ro\/imoexpert\/a-inceput-constructia-unui-centru-comunitar-in-cadrul-greenfield-baneasa-va-include-spatii-comerciale-de-birouri-spa-dar-si-scoala-si-gradinita_db\/#article","isPartOf":{"@id":"https:\/\/www.imobiliare.ro\/imoexpert\/a-inceput-constructia-unui-centru-comunitar-in-cadrul-greenfield-baneasa-va-include-spatii-comerciale-de-birouri-spa-dar-si-scoala-si-gradinita_db\/"},"author":{"name":"Adriana Dr\u0103gu\u0219in","@id":"https:\/\/www.imobiliare.ro\/imoexpert\/#\/schema\/person\/8c13b0297075010b896471fabf0d7790"},"headline":"A \u00eenceput construc\u021bia unui centru comunitar \u00een cadrul Greenfield B\u0103neasa. Va include spa\u021bii comerciale, de birouri, SPA, dar \u0219i \u0219coal\u0103 \u0219i gr\u0103dini\u021b\u0103","datePublished":"2020-11-06T16:22:07+00:00","mainEntityOfPage":{"@id":"https:\/\/www.imobiliare.ro\/imoexpert\/a-inceput-constructia-unui-centru-comunitar-in-cadrul-greenfield-baneasa-va-include-spatii-comerciale-de-birouri-spa-dar-si-scoala-si-gradinita_db\/"},"wordCount":959,"commentCount":1,"publisher":{"@id":"https:\/\/www.imobiliare.ro\/imoexpert\/#organization"},"image":{"@id":"https:\/\/www.imobiliare.ro\/imoexpert\/a-inceput-constructia-unui-centru-comunitar-in-cadrul-greenfield-baneasa-va-include-spatii-comerciale-de-birouri-spa-dar-si-scoala-si-gradinita_db\/#primaryimage"},"thumbnailUrl":"https:\/\/www.imobiliare.ro\/imoexpert\/wp-content\/uploads\/2020\/11\/Greenfield-Plaza-0.jpg","keywords":["Ansambluri rezidentiale","Greenfield Residence","Impact Developer &amp; Contractor"],"articleSection":["\u0218tiri"],"inLanguage":"en","potentialAction":[{"@type":"CommentAction","name":"Comment","target":["https:\/\/www.imobiliare.ro\/imoexpert\/a-inceput-constructia-unui-centru-comunitar-in-cadrul-greenfield-baneasa-va-include-spatii-comerciale-de-birouri-spa-dar-si-scoala-si-gradinita_db\/#respond"]}],"copyrightYear":"2020","copyrightHolder":{"@id":"https:\/\/www.imobiliare.ro\/imoexpert\/#organization"}},{"@type":"WebPage","@id":"https:\/\/www.imobiliare.ro\/imoexpert\/a-inceput-constructia-unui-centru-comunitar-in-cadrul-greenfield-baneasa-va-include-spatii-comerciale-de-birouri-spa-dar-si-scoala-si-gradinita_db\/","url":"https:\/\/www.imobiliare.ro\/imoexpert\/a-inceput-constructia-unui-centru-comunitar-in-cadrul-greenfield-baneasa-va-include-spatii-comerciale-de-birouri-spa-dar-si-scoala-si-gradinita_db\/","name":"A \u00eenceput construc\u021bia unui centru comunitar \u00een cadrul Greenfield B\u0103neasa. Va include spa\u021bii comerciale, de birouri, SPA, dar \u0219i \u0219coal\u0103 \u0219i gr\u0103dini\u021b\u0103 - \u0218tiri - ImoExpert","isPartOf":{"@id":"https:\/\/www.imobiliare.ro\/imoexpert\/#website"},"primaryImageOfPage":{"@id":"https:\/\/www.imobiliare.ro\/imoexpert\/a-inceput-constructia-unui-centru-comunitar-in-cadrul-greenfield-baneasa-va-include-spatii-comerciale-de-birouri-spa-dar-si-scoala-si-gradinita_db\/#primaryimage"},"image":{"@id":"https:\/\/www.imobiliare.ro\/imoexpert\/a-inceput-constructia-unui-centru-comunitar-in-cadrul-greenfield-baneasa-va-include-spatii-comerciale-de-birouri-spa-dar-si-scoala-si-gradinita_db\/#primaryimage"},"thumbnailUrl":"https:\/\/www.imobiliare.ro\/imoexpert\/wp-content\/uploads\/2020\/11\/Greenfield-Plaza-0.jpg","datePublished":"2020-11-06T16:22:07+00:00","description":"Adres\u00e2ndu-se at\u00e2t reziden\u021bilor, c\u00e2t \u0219i publicului larg, facilit\u0103\u021bile din cadrul proiectului sunt menite s\u0103 contribuie la crearea unui obiectiv de atrac\u021bie","breadcrumb":{"@id":"https:\/\/www.imobiliare.ro\/imoexpert\/a-inceput-constructia-unui-centru-comunitar-in-cadrul-greenfield-baneasa-va-include-spatii-comerciale-de-birouri-spa-dar-si-scoala-si-gradinita_db\/#breadcrumb"},"inLanguage":"en","potentialAction":[{"@type":"ReadAction","target":["https:\/\/www.imobiliare.ro\/imoexpert\/a-inceput-constructia-unui-centru-comunitar-in-cadrul-greenfield-baneasa-va-include-spatii-comerciale-de-birouri-spa-dar-si-scoala-si-gradinita_db\/"]}]},{"@type":"ImageObject","inLanguage":"en","@id":"https:\/\/www.imobiliare.ro\/imoexpert\/a-inceput-constructia-unui-centru-comunitar-in-cadrul-greenfield-baneasa-va-include-spatii-comerciale-de-birouri-spa-dar-si-scoala-si-gradinita_db\/#primaryimage","url":"https:\/\/www.imobiliare.ro\/imoexpert\/wp-content\/uploads\/2020\/11\/Greenfield-Plaza-0.jpg","contentUrl":"https:\/\/www.imobiliare.ro\/imoexpert\/wp-content\/uploads\/2020\/11\/Greenfield-Plaza-0.jpg","width":800,"height":450},{"@type":"BreadcrumbList","@id":"https:\/\/www.imobiliare.ro\/imoexpert\/a-inceput-constructia-unui-centru-comunitar-in-cadrul-greenfield-baneasa-va-include-spatii-comerciale-de-birouri-spa-dar-si-scoala-si-gradinita_db\/#breadcrumb","itemListElement":[{"@type":"ListItem","position":1,"name":"Imoradar24","item":"https:\/\/www.imoradar24.ro"},{"@type":"ListItem","position":2,"name":"ImoExpert","item":"https:\/\/www.imobiliare.ro\/imoexpert\/"},{"@type":"ListItem","position":3,"name":"\u0218tiri","item":"https:\/\/www.imobiliare.ro\/imoexpert\/stiri\/"},{"@type":"ListItem","position":4,"name":"A \u00eenceput construc\u021bia unui centru comunitar \u00een cadrul Greenfield B\u0103neasa. Va include spa\u021bii comerciale, de birouri, SPA, dar \u0219i \u0219coal\u0103 \u0219i gr\u0103dini\u021b\u0103"}]},{"@type":"WebSite","@id":"https:\/\/www.imobiliare.ro\/imoexpert\/#website","url":"https:\/\/www.imobiliare.ro\/imoexpert\/","name":"ImoExpert","description":"cele mai importante \u015ftiri din domeniul imobiliar","publisher":{"@id":"https:\/\/www.imobiliare.ro\/imoexpert\/#organization"},"inLanguage":"en"},{"@type":"Organization","@id":"https:\/\/www.imobiliare.ro\/imoexpert\/#organization","name":"Imobiliare.ro","alternateName":"Realmedia Network SA","url":"https:\/\/www.imobiliare.ro\/imoexpert\/","logo":{"@type":"ImageObject","inLanguage":"en","@id":"https:\/\/www.imobiliare.ro\/imoexpert\/#\/schema\/logo\/image\/","url":"https:\/\/www.imobiliare.ro\/imoexpert\/wp-content\/uploads\/2025\/05\/imobiliare_logo.png","contentUrl":"https:\/\/www.imobiliare.ro\/imoexpert\/wp-content\/uploads\/2025\/05\/imobiliare_logo.png","width":237,"height":29,"caption":"Imobiliare.ro"},"image":{"@id":"https:\/\/www.imobiliare.ro\/imoexpert\/#\/schema\/logo\/image\/"}},{"@type":"Person","@id":"https:\/\/www.imobiliare.ro\/imoexpert\/#\/schema\/person\/8c13b0297075010b896471fabf0d7790","name":"Adriana Dr\u0103gu\u0219in","image":{"@type":"ImageObject","inLanguage":"en","@id":"https:\/\/www.imobiliare.ro\/imoexpert\/#\/schema\/person\/image\/","url":"https:\/\/secure.gravatar.com\/avatar\/ba4762f7517e50e679ed7f11207102d1150120f2f5800c0da98f8a15305bf514?s=96&d=mm&r=g","contentUrl":"https:\/\/secure.gravatar.com\/avatar\/ba4762f7517e50e679ed7f11207102d1150120f2f5800c0da98f8a15305bf514?s=96&d=mm&r=g","caption":"Adriana Dr\u0103gu\u0219in"},"jobTitle":"Editor","url":"https:\/\/www.imobiliare.ro\/imoexpert\/author\/adriana-dragusin\/"}]}},"_links":{"self":[{"href":"https:\/\/www.imobiliare.ro\/imoexpert\/wp-json\/wp\/v2\/posts\/60948","targetHints":{"allow":["GET"]}}],"collection":[{"href":"https:\/\/www.imobiliare.ro\/imoexpert\/wp-json\/wp\/v2\/posts"}],"about":[{"href":"https:\/\/www.imobiliare.ro\/imoexpert\/wp-json\/wp\/v2\/types\/post"}],"author":[{"embeddable":true,"href":"https:\/\/www.imobiliare.ro\/imoexpert\/wp-json\/wp\/v2\/users\/829"}],"replies":[{"embeddable":true,"href":"https:\/\/www.imobiliare.ro\/imoexpert\/wp-json\/wp\/v2\/comments?post=60948"}],"version-history":[{"count":0,"href":"https:\/\/www.imobiliare.ro\/imoexpert\/wp-json\/wp\/v2\/posts\/60948\/revisions"}],"wp:featuredmedia":[{"embeddable":true,"href":"https:\/\/www.imobiliare.ro\/imoexpert\/wp-json\/wp\/v2\/media\/60949"}],"wp:attachment":[{"href":"https:\/\/www.imobiliare.ro\/imoexpert\/wp-json\/wp\/v2\/media?parent=60948"}],"wp:term":[{"taxonomy":"category","embeddable":true,"href":"https:\/\/www.imobiliare.ro\/imoexpert\/wp-json\/wp\/v2\/categories?post=60948"},{"taxonomy":"post_tag","embeddable":true,"href":"https:\/\/www.imobiliare.ro\/imoexpert\/wp-json\/wp\/v2\/tags?post=60948"},{"taxonomy":"content_author","embeddable":true,"href":"https:\/\/www.imobiliare.ro\/imoexpert\/wp-json\/wp\/v2\/content_author?post=60948"}],"curies":[{"name":"wp","href":"https:\/\/api.w.org\/{rel}","templated":true}]}}