{"id":60979,"date":"2020-11-10T11:09:07","date_gmt":"2020-11-10T09:09:07","guid":{"rendered":"https:\/\/www.imobiliare.ro\/imoexpert\/?p=60979"},"modified":"2020-11-10T11:09:07","modified_gmt":"2020-11-10T09:09:07","slug":"la-nivel-national-preturile-apartamentelor-au-consemnat-un-avans-semnificativ-in-luna-octombrie-vezi-situatia-din-marile-orase","status":"publish","type":"post","link":"https:\/\/www.imobiliare.ro\/imoexpert\/la-nivel-national-preturile-apartamentelor-au-consemnat-un-avans-semnificativ-in-luna-octombrie-vezi-situatia-din-marile-orase_db\/","title":{"rendered":"La nivel na\u021bional, pre\u021burile apartamentelor au consemnat un avans semnificativ \u00een luna octombrie. Vezi situa\u021bia din marile ora\u0219e"},"content":{"rendered":"<figure id=\"attachment_60980\" aria-describedby=\"caption-attachment-60980\" style=\"width: 800px\" class=\"wp-caption aligncenter\"><a class=\"article-body-links\"href=\"https:\/\/www.imobiliare.ro\/imoexpert\/wp-content\/uploads\/2020\/11\/la-nivel-national-preturile-apartamentelor-au-consemnat-un-avans-semnificativ-in-luna-octombrie.jpg\"><img loading=\"lazy\" decoding=\"async\" src=\"https:\/\/www.imobiliare.ro\/imoexpert\/wp-content\/uploads\/2020\/11\/la-nivel-national-preturile-apartamentelor-au-consemnat-un-avans-semnificativ-in-luna-octombrie.jpg\" alt=\"\" width=\"800\" height=\"533\" class=\"size-full wp-image-60980\" srcset=\"https:\/\/www.imobiliare.ro\/imoexpert\/wp-content\/uploads\/2020\/11\/la-nivel-national-preturile-apartamentelor-au-consemnat-un-avans-semnificativ-in-luna-octombrie.jpg 800w, https:\/\/www.imobiliare.ro\/imoexpert\/wp-content\/uploads\/2020\/11\/la-nivel-national-preturile-apartamentelor-au-consemnat-un-avans-semnificativ-in-luna-octombrie-300x200.jpg 300w, https:\/\/www.imobiliare.ro\/imoexpert\/wp-content\/uploads\/2020\/11\/la-nivel-national-preturile-apartamentelor-au-consemnat-un-avans-semnificativ-in-luna-octombrie-768x512.jpg 768w\" sizes=\"auto, (max-width: 800px) 100vw, 800px\" \/><\/a><figcaption id=\"caption-attachment-60980\" class=\"wp-caption-text\">Surs\u0103 foto: Pixabay.com<\/figcaption><\/figure>\n<div id=\"ez-toc-container\" class=\"ez-toc-v2_0_81 counter-hierarchy ez-toc-counter ez-toc-grey ez-toc-container-direction\">\n<p class=\"ez-toc-title\" style=\"cursor:inherit\">Table of Contents<\/p>\n<label for=\"ez-toc-cssicon-toggle-item-69f1e39c34dd6\" class=\"ez-toc-cssicon-toggle-label\"><span class=\"ez-toc-cssicon\"><span class=\"eztoc-hide\" style=\"display:none;\">Toggle<\/span><span class=\"ez-toc-icon-toggle-span\"><svg style=\"fill: #999;color:#999\" xmlns=\"http:\/\/www.w3.org\/2000\/svg\" class=\"list-377408\" width=\"20px\" height=\"20px\" viewBox=\"0 0 24 24\" fill=\"none\"><path d=\"M6 6H4v2h2V6zm14 0H8v2h12V6zM4 11h2v2H4v-2zm16 0H8v2h12v-2zM4 16h2v2H4v-2zm16 0H8v2h12v-2z\" fill=\"currentColor\"><\/path><\/svg><svg style=\"fill: #999;color:#999\" class=\"arrow-unsorted-368013\" xmlns=\"http:\/\/www.w3.org\/2000\/svg\" width=\"10px\" height=\"10px\" viewBox=\"0 0 24 24\" version=\"1.2\" baseProfile=\"tiny\"><path d=\"M18.2 9.3l-6.2-6.3-6.2 6.3c-.2.2-.3.4-.3.7s.1.5.3.7c.2.2.4.3.7.3h11c.3 0 .5-.1.7-.3.2-.2.3-.5.3-.7s-.1-.5-.3-.7zM5.8 14.7l6.2 6.3 6.2-6.3c.2-.2.3-.5.3-.7s-.1-.5-.3-.7c-.2-.2-.4-.3-.7-.3h-11c-.3 0-.5.1-.7.3-.2.2-.3.5-.3.7s.1.5.3.7z\"\/><\/svg><\/span><\/span><\/label><input type=\"checkbox\"  id=\"ez-toc-cssicon-toggle-item-69f1e39c34dd6\"  aria-label=\"Toggle\" \/><nav><ul class='ez-toc-list ez-toc-list-level-1 ' ><li class='ez-toc-page-1 ez-toc-heading-level-2'><a class=\"ez-toc-link ez-toc-heading-1\" href=\"https:\/\/www.imobiliare.ro\/imoexpert\/la-nivel-national-preturile-apartamentelor-au-consemnat-un-avans-semnificativ-in-luna-octombrie-vezi-situatia-din-marile-orase_db\/#Patru_din_sase_centre_regionale_au_fost_caracterizate_per_ansamblu_de_o_tendinta_de_crestere_%E2%80%93_in_alte_doua_pretentiile_proprietarilor_s-au_mentinut_practic_la_nivelul_din_septembrie\" >Patru din \u0219ase centre regionale au fost caracterizate, per ansamblu, de o tendin\u021b\u0103 de cre\u0219tere \u2013 \u00een alte dou\u0103 preten\u021biile proprietarilor s-au men\u021binut, practic, la nivelul din septembrie.<\/a><\/li><li class='ez-toc-page-1 ez-toc-heading-level-2'><a class=\"ez-toc-link ez-toc-heading-2\" href=\"https:\/\/www.imobiliare.ro\/imoexpert\/la-nivel-national-preturile-apartamentelor-au-consemnat-un-avans-semnificativ-in-luna-octombrie-vezi-situatia-din-marile-orase_db\/#Bucuresti\" >Bucure\u0219ti:<\/a><\/li><li class='ez-toc-page-1 ez-toc-heading-level-2'><a class=\"ez-toc-link ez-toc-heading-3\" href=\"https:\/\/www.imobiliare.ro\/imoexpert\/la-nivel-national-preturile-apartamentelor-au-consemnat-un-avans-semnificativ-in-luna-octombrie-vezi-situatia-din-marile-orase_db\/#Brasov\" >Bra\u0219ov:<\/a><\/li><li class='ez-toc-page-1 ez-toc-heading-level-2'><a class=\"ez-toc-link ez-toc-heading-4\" href=\"https:\/\/www.imobiliare.ro\/imoexpert\/la-nivel-national-preturile-apartamentelor-au-consemnat-un-avans-semnificativ-in-luna-octombrie-vezi-situatia-din-marile-orase_db\/#Cluj-Napoca\" >Cluj-Napoca:<\/a><\/li><li class='ez-toc-page-1 ez-toc-heading-level-2'><a class=\"ez-toc-link ez-toc-heading-5\" href=\"https:\/\/www.imobiliare.ro\/imoexpert\/la-nivel-national-preturile-apartamentelor-au-consemnat-un-avans-semnificativ-in-luna-octombrie-vezi-situatia-din-marile-orase_db\/#Constanta\" >Constan\u021ba:<\/a><\/li><li class='ez-toc-page-1 ez-toc-heading-level-2'><a class=\"ez-toc-link ez-toc-heading-6\" href=\"https:\/\/www.imobiliare.ro\/imoexpert\/la-nivel-national-preturile-apartamentelor-au-consemnat-un-avans-semnificativ-in-luna-octombrie-vezi-situatia-din-marile-orase_db\/#Iasi\" >Ia\u0219i:<\/a><\/li><li class='ez-toc-page-1 ez-toc-heading-level-2'><a class=\"ez-toc-link ez-toc-heading-7\" href=\"https:\/\/www.imobiliare.ro\/imoexpert\/la-nivel-national-preturile-apartamentelor-au-consemnat-un-avans-semnificativ-in-luna-octombrie-vezi-situatia-din-marile-orase_db\/#Timisoara\" >Timi\u0219oara:<\/a><\/li><\/ul><\/nav><\/div>\n<h2><span class=\"ez-toc-section\" id=\"Patru_din_sase_centre_regionale_au_fost_caracterizate_per_ansamblu_de_o_tendinta_de_crestere_%E2%80%93_in_alte_doua_pretentiile_proprietarilor_s-au_mentinut_practic_la_nivelul_din_septembrie\"><\/span>Patru din \u0219ase centre regionale au fost caracterizate, per ansamblu, de o tendin\u021b\u0103 de cre\u0219tere \u2013 \u00een alte dou\u0103 preten\u021biile proprietarilor s-au men\u021binut, practic, la nivelul din septembrie.<span class=\"ez-toc-section-end\"><\/span><\/h2>\n<p>Dup\u0103 un minus de 0,9% \u00een septembrie fa\u021b\u0103 de august, suma medie solicitat\u0103 de c\u0103tre v\u00e2nz\u0103torii de apartamente (noi \u0219i vechi) din Rom\u00e2nia a \u00eenregistrat, \u00een luna octombrie, un avans semnificativ. Este vorba, potrivit <strong><a class=\"article-body-links\"href=\"https:\/\/www.imobiliare.ro\/indicele-imobiliare-ro\">Indicelui Imobiliare.ro<\/a><\/strong>, despre o diferen\u021b\u0103 de 2,4% de la o lun\u0103 la alta, o locuin\u021b\u0103 la bloc ajung\u00e2nd s\u0103 coste, la nivel na\u021bional, 1.335 de euro pe metru p\u0103trat util (fa\u021b\u0103 de 1.304 euro pe metru p\u0103trat util \u00een prima lun\u0103 de toamn\u0103). \u00cen patru din cele \u0219ase centre regionale monitorizate constant de <strong><a class=\"article-body-links\"href=\"https:\/\/www.imobiliare.ro\/\">Imobiliare.ro<\/a><\/strong> poate fi observat\u0103 o traiectorie ascendent\u0103 a pre\u021burilor, \u00een vreme ce \u00een celelalte dou\u0103 tendin\u021ba a fost, mai degrab\u0103, de stabilizare.<\/p>\n<p><strong>Cite\u0219te \u0219i:<br \/>\n<a class=\"article-body-links\"href=\"https:\/\/www.imobiliare.ro\/imoexpert\/preturile-apartamentelor-in-luna-septembrie-in-bucuresti-s-au-stabilizat-in-cluj-napoca-brasov-si-constanta-s-au-majorat_db\/\">Pre\u021burile apartamentelor \u00een luna septembrie: \u00een Bucure\u0219ti s-au stabilizat, \u00een Cluj-Napoca, Bra\u0219ov \u0219i Constan\u021ba s-au majorat<\/a><\/p>\n<p><a class=\"article-body-links\"href=\"https:\/\/www.imobiliare.ro\/imoexpert\/in-august-preturile-apartamentelor-au-revenit-pe-plus-doar-doua-dintre-marile-orase-au-consemnat-scaderi_db\/\">\u00cen august, pre\u021burile apartamentelor au revenit pe plus. Doar dou\u0103 dintre marile ora\u0219e au consemnat sc\u0103deri<\/a><\/strong><\/p>\n<h2><span class=\"ez-toc-section\" id=\"Bucuresti\"><\/span>Bucure\u0219ti:<span class=\"ez-toc-section-end\"><\/span><\/h2>\n<p>Preten\u021biile v\u00e2nz\u0103torilor de apartamente au ajuns la o medie de 1.367 de euro pe metru p\u0103trat util \u00een cel mai mare ora\u0219 al \u021b\u0103rii, dup\u0103 un avans de 0,9% fa\u021b\u0103 de septembrie (c\u00e2nd acestea se situau la 1.355 de euro pe metru p\u0103trat). Spre deosebire de luna trecut\u0103, cele dou\u0103 segmente reziden\u021biale analizate au avut o evolu\u021bie asem\u0103n\u0103toare: locuin\u021bele din blocurile vechi s-au apreciat cu 0,8% \u00een decurs de 31 de zile (de la o medie de 1.328 la  1.338 de euro pe metru p\u0103trat), \u00een vreme ce unit\u0103\u021bile locative nou-construite au consemnat un avans de 1% (de la 1.376 la 1.390 de euro pe metru p\u0103trat). <\/p>\n<h2><span class=\"ez-toc-section\" id=\"Brasov\"><\/span>Bra\u0219ov:<span class=\"ez-toc-section-end\"><\/span><\/h2>\n<p>\u00cen ora\u0219ul din centrul \u021b\u0103rii, <strong><a class=\"article-body-links\"href=\"https:\/\/www.imobiliare.ro\/indicele-imobiliare-ro\">Indicele Imobiliare.ro<\/a><\/strong> relev\u0103, pentru luna octombrie, o cre\u0219tere de 0,7%, de la 1.208 euro pe metru p\u0103trat util, la 1.217 euro pe metru p\u0103trat. Pe cele dou\u0103 segmente de pia\u021b\u0103 analizate au avut loc, \u00eens\u0103, evolu\u021bii contrastante: apartamentele vechi s-au apreciat cu 1,4% (de la 1.184 la 1.201 euro pe metru p\u0103trat util), \u00een vreme ce locuin\u021bele din cadrul noilor ansambluri reziden\u021biale au consemnat un recul de 0,9% (de la 1.262 la 1.251 de euro pe metru p\u0103trat).  <\/p>\n<h2><span class=\"ez-toc-section\" id=\"Cluj-Napoca\"><\/span>Cluj-Napoca:<span class=\"ez-toc-section-end\"><\/span><\/h2>\n<p>\u00cen ora\u0219ul de pe Some\u0219, pre\u021burile apartamentelor s-au men\u021binut, practic, la un nivel constant luna trecut\u0103, \u00een condi\u021biile \u00een care a\u0219tept\u0103rile proprietarilor s-au majorat, per ansamblu, cu 0,1%, de la 1.825 la 1.826 de euro pe metru p\u0103trat util. Suma medie solicitat\u0103 pentru locuin\u021bele din blocurile vechi a ajuns la 1.785 de euro pe metru p\u0103trat, dup\u0103 o sc\u0103dere de 0,4% (de la 1.792 de euro pe metru p\u0103trat). Pe segmentul apartamentelor noi, pe de alt\u0103 parte, a avut loc un avans de 0,8%, de la 1.858 la 1.872 de euro pe metru p\u0103trat.<\/p>\n<p><strong>Cite\u0219te \u0219i:<br \/>\n<a class=\"article-body-links\"href=\"https:\/\/www.imobiliare.ro\/imoexpert\/preturile-apartamentelor-in-cele-mai-apreciate-cartiere-ale-marilor-orase_db\/\">Pre\u021burile apartamentelor \u00een cele mai apreciate cartiere ale marilor ora\u0219e<\/a><\/p>\n<p><a class=\"article-body-links\"href=\"https:\/\/www.imobiliare.ro\/imoexpert\/rezidentialele-autohtone-dupa-restrictiile-de-circulatie-preturile-locuintelor-fata-de-evolutia-cererii-a-ofertei-si-a-achizitiilor-in-t3-2020_db\/\">Reziden\u021bialele autohtone dup\u0103 restric\u021biile de circula\u021bie: pre\u021burile locuin\u021belor fa\u021b\u0103 de evolu\u021bia cererii, a ofertei \u0219i a achizi\u021biilor \u00een T3 2020<\/a><\/strong><\/p>\n<h2><span class=\"ez-toc-section\" id=\"Constanta\"><\/span>Constan\u021ba:<span class=\"ez-toc-section-end\"><\/span><\/h2>\n<p>\u0218i ora\u0219ul de pe litoral a fost caracterizat de o relativ\u0103 stabilitate a pre\u021burilor \u00een a doua lun\u0103 de toamn\u0103: suma medie solicitat\u0103 aici de c\u0103tre proprietari \u0219i dezvoltatori reziden\u021biali s-a diminuat cu doar 0,1%, de la 1.245 la 1.244 de euro pe metru p\u0103trat util. Valoarea de listare pentru apartamentele vechi s-a men\u021binut la acela\u0219i nivel ca \u00een luna precedent\u0103, respectiv 1.228 de euro pe metru p\u0103trat, \u00een vreme ce locuin\u021bele din cadrul noilor ansambluri reziden\u021biale au resim\u021bit un recul de 0,5%, de la 1.282 la 1.275 de euro pe metru p\u0103trat.<\/p>\n<h2><span class=\"ez-toc-section\" id=\"Iasi\"><\/span>Ia\u0219i:<span class=\"ez-toc-section-end\"><\/span><\/h2>\n<p>\u00cen ora\u0219ul din nord-estul \u021b\u0103rii, <strong><a class=\"article-body-links\"href=\"https:\/\/www.imobiliare.ro\/indicele-imobiliare-ro\">Indicele Imobiliare.ro<\/a><\/strong> a \u00eenregistrat, per ansamblu, un avans al pre\u021burilor de 0,6% \u00een luna octombrie, de la 1.057 la 1.063 de euro pe metru p\u0103trat util. Cele dou\u0103 segmente de pia\u021b\u0103 supuse analizei au avut, \u00eens\u0103, o evolu\u021bie diferit\u0103: locuin\u021bele din blocurile vechi au consemnat un declin u\u0219or, de 0,2% mai exact (de la 1.084 la 1.082 de euro pe metru p\u0103trat), \u00een vreme ce pe segmentul reziden\u021bial nou a avut loc un avans de 1,8% (de la 1.028 la 1.046 de euro pe metru p\u0103trat).<\/p>\n<h2><span class=\"ez-toc-section\" id=\"Timisoara\"><\/span>Timi\u0219oara:<span class=\"ez-toc-section-end\"><\/span><\/h2>\n<p>\u0218i ora\u0219ul de pe Bega se num\u0103r\u0103 printre centrele regionale \u00een care pre\u021burile apartamentelor s-au majorat \u00een luna octombrie: aici a avut loc, per ansamblu, un avans de 0,5% comparativ cu luna anterioar\u0103, de la o medie de 1.283 de euro pe metru p\u0103trat util, la 1.289 de euro pe metru p\u0103trat. Cele dou\u0103 segmente de pia\u021b\u0103 analizate au fost caracterizate, \u0219i aici, de evolu\u021bii diferite: locuin\u021bele vechi s-au apreciat cu circa 0,8% (de la 1.279 la 1.289 de euro pe metru p\u0103trat), \u00een vreme ce unit\u0103\u021bile locative nou-construite au \u00eenregistrat o sc\u0103dere de 0,6%, de la 1.298 la 1.290 de euro pe metru p\u0103trat. <\/p>\n<p><strong>Cite\u0219te \u0219i:<br \/>\n<a class=\"article-body-links\"href=\"https:\/\/www.imobiliare.ro\/imoexpert\/achizitiile-de-imobile-crestere-fulminanta-in-octombrie-2020-plus-de-peste-40-fata-de-2019_db\/\">Achizi\u021biile de imobile, cre\u0219tere fulminant\u0103 \u00een octombrie 2020: plus de peste 40% fa\u021b\u0103 de 2019<\/a><\/p>\n<p><a class=\"article-body-links\"href=\"https:\/\/www.imobiliare.ro\/imoexpert\/locuintele-noi-mai-accesibile-decat-oricand-cate-salarii-sunt-necesare-pentru-cumpararea-uneia_db\/\">Locuin\u021bele noi, mai accesibile dec\u00e2t oric\u00e2nd. C\u00e2te salarii sunt necesare pentru cump\u0103rarea uneia<\/a><\/strong><\/p>\n","protected":false},"excerpt":{"rendered":"<p>Patru din \u0219ase centre regionale au fost caracterizate, per ansamblu, de o tendin\u021b\u0103 de cre\u0219tere \u2013 \u00een alte dou\u0103 preten\u021biile proprietarilor s-au men\u021binut, practic, la nivelul din septembrie. Dup\u0103 un minus de 0,9% \u00een septembrie fa\u021b\u0103 de august, suma medie solicitat\u0103 de c\u0103tre v\u00e2nz\u0103torii de apartamente (noi \u0219i vechi) din Rom\u00e2nia a \u00eenregistrat, \u00een luna [&hellip;]<\/p>\n","protected":false},"author":829,"featured_media":60980,"comment_status":"open","ping_status":"open","sticky":false,"template":"","format":"standard","meta":{"footnotes":""},"categories":[],"tags":[1326,299,1410,507,1883,1879,1411,451],"content_author":[],"class_list":["post-60979","post","type-post","status-publish","format-standard","has-post-thumbnail","hentry","tag-indice-imobiliare-ro","tag-indicele-imobiliare-ro","tag-newsletter","tag-preturi-apartamente","tag-preturi-apartamente-bucuresti-2020","tag-preturi-locuinte-2020","tag-principal","tag-proprietar"],"yoast_head":"<!-- This site is optimized with the Yoast SEO Premium plugin v27.0 (Yoast SEO v27.0) - https:\/\/yoast.com\/product\/yoast-seo-premium-wordpress\/ -->\n<title>La nivel na\u021bional, pre\u021burile apartamentelor au consemnat un avans semnificativ \u00een luna octombrie. Vezi situa\u021bia din marile ora\u0219e - ImoExpert<\/title>\n<meta name=\"description\" content=\"Patru din \u0219ase centre regionale au fost caracterizate, per ansamblu, de o tendin\u021b\u0103 de cre\u0219tere \u2013 \u00een alte dou\u0103 preten\u021biile proprietarilor s-au men\u021binut,\" \/>\n<meta name=\"robots\" content=\"index, follow\" \/>\n<link rel=\"canonical\" href=\"https:\/\/www.imobiliare.ro\/imoexpert\/la-nivel-national-preturile-apartamentelor-au-consemnat-un-avans-semnificativ-in-luna-octombrie-vezi-situatia-din-marile-orase_db\/\" \/>\n<meta property=\"og:locale\" content=\"ro_RO\" \/>\n<meta property=\"og:type\" content=\"article\" \/>\n<meta property=\"og:title\" content=\"La nivel na\u021bional, pre\u021burile apartamentelor au consemnat un avans semnificativ \u00een luna octombrie. Vezi situa\u021bia din marile ora\u0219e\" \/>\n<meta property=\"og:description\" content=\"Patru din \u0219ase centre regionale au fost caracterizate, per ansamblu, de o tendin\u021b\u0103 de cre\u0219tere \u2013 \u00een alte dou\u0103 preten\u021biile proprietarilor s-au men\u021binut,\" \/>\n<meta property=\"og:url\" content=\"https:\/\/www.imobiliare.ro\/imoexpert\/la-nivel-national-preturile-apartamentelor-au-consemnat-un-avans-semnificativ-in-luna-octombrie-vezi-situatia-din-marile-orase_db\/\" \/>\n<meta property=\"og:site_name\" content=\"ImoExpert\" \/>\n<meta property=\"article:published_time\" content=\"2020-11-10T09:09:07+00:00\" \/>\n<meta property=\"og:image\" content=\"https:\/\/www.imobiliare.ro\/imoexpert\/wp-content\/uploads\/2020\/11\/la-nivel-national-preturile-apartamentelor-au-consemnat-un-avans-semnificativ-in-luna-octombrie.jpg\" \/>\n\t<meta property=\"og:image:width\" content=\"800\" \/>\n\t<meta property=\"og:image:height\" content=\"533\" \/>\n\t<meta property=\"og:image:type\" content=\"image\/jpeg\" \/>\n<meta name=\"author\" content=\"Adriana Dr\u0103gu\u0219in\" \/>\n<meta name=\"twitter:card\" content=\"summary_large_image\" \/>\n<meta name=\"twitter:label1\" content=\"Written by\" \/>\n\t<meta name=\"twitter:data1\" content=\"Adriana Dr\u0103gu\u0219in\" \/>\n\t<meta name=\"twitter:label2\" content=\"Est. reading time\" \/>\n\t<meta name=\"twitter:data2\" content=\"4 minute\" \/>\n<script type=\"application\/ld+json\" class=\"yoast-schema-graph\">{\"@context\":\"https:\/\/schema.org\",\"@graph\":[{\"@type\":\"Article\",\"@id\":\"https:\/\/www.imobiliare.ro\/imoexpert\/la-nivel-national-preturile-apartamentelor-au-consemnat-un-avans-semnificativ-in-luna-octombrie-vezi-situatia-din-marile-orase_db\/#article\",\"isPartOf\":{\"@id\":\"https:\/\/www.imobiliare.ro\/imoexpert\/la-nivel-national-preturile-apartamentelor-au-consemnat-un-avans-semnificativ-in-luna-octombrie-vezi-situatia-din-marile-orase_db\/\"},\"author\":{\"name\":\"Adriana Dr\u0103gu\u0219in\",\"@id\":\"https:\/\/www.imobiliare.ro\/imoexpert\/#\/schema\/person\/8c13b0297075010b896471fabf0d7790\"},\"headline\":\"La nivel na\u021bional, pre\u021burile apartamentelor au consemnat un avans semnificativ \u00een luna octombrie. Vezi situa\u021bia din marile ora\u0219e\",\"datePublished\":\"2020-11-10T09:09:07+00:00\",\"mainEntityOfPage\":{\"@id\":\"https:\/\/www.imobiliare.ro\/imoexpert\/la-nivel-national-preturile-apartamentelor-au-consemnat-un-avans-semnificativ-in-luna-octombrie-vezi-situatia-din-marile-orase_db\/\"},\"wordCount\":898,\"commentCount\":0,\"publisher\":{\"@id\":\"https:\/\/www.imobiliare.ro\/imoexpert\/#organization\"},\"image\":{\"@id\":\"https:\/\/www.imobiliare.ro\/imoexpert\/la-nivel-national-preturile-apartamentelor-au-consemnat-un-avans-semnificativ-in-luna-octombrie-vezi-situatia-din-marile-orase_db\/#primaryimage\"},\"thumbnailUrl\":\"https:\/\/www.imobiliare.ro\/imoexpert\/wp-content\/uploads\/2020\/11\/la-nivel-national-preturile-apartamentelor-au-consemnat-un-avans-semnificativ-in-luna-octombrie.jpg\",\"keywords\":[\"Indice imobiliare.ro\",\"indicele imobiliare.ro\",\"newsletter\",\"preturi apartamente\",\"preturi apartamente Bucure\u0219ti 2020\",\"preturi locuinte 2020\",\"principal\",\"proprietar\"],\"inLanguage\":\"en\",\"potentialAction\":[{\"@type\":\"CommentAction\",\"name\":\"Comment\",\"target\":[\"https:\/\/www.imobiliare.ro\/imoexpert\/la-nivel-national-preturile-apartamentelor-au-consemnat-un-avans-semnificativ-in-luna-octombrie-vezi-situatia-din-marile-orase_db\/#respond\"]}],\"copyrightYear\":\"2020\",\"copyrightHolder\":{\"@id\":\"https:\/\/www.imobiliare.ro\/imoexpert\/#organization\"}},{\"@type\":\"WebPage\",\"@id\":\"https:\/\/www.imobiliare.ro\/imoexpert\/la-nivel-national-preturile-apartamentelor-au-consemnat-un-avans-semnificativ-in-luna-octombrie-vezi-situatia-din-marile-orase_db\/\",\"url\":\"https:\/\/www.imobiliare.ro\/imoexpert\/la-nivel-national-preturile-apartamentelor-au-consemnat-un-avans-semnificativ-in-luna-octombrie-vezi-situatia-din-marile-orase_db\/\",\"name\":\"La nivel na\u021bional, pre\u021burile apartamentelor au consemnat un avans semnificativ \u00een luna octombrie. Vezi situa\u021bia din marile ora\u0219e - ImoExpert\",\"isPartOf\":{\"@id\":\"https:\/\/www.imobiliare.ro\/imoexpert\/#website\"},\"primaryImageOfPage\":{\"@id\":\"https:\/\/www.imobiliare.ro\/imoexpert\/la-nivel-national-preturile-apartamentelor-au-consemnat-un-avans-semnificativ-in-luna-octombrie-vezi-situatia-din-marile-orase_db\/#primaryimage\"},\"image\":{\"@id\":\"https:\/\/www.imobiliare.ro\/imoexpert\/la-nivel-national-preturile-apartamentelor-au-consemnat-un-avans-semnificativ-in-luna-octombrie-vezi-situatia-din-marile-orase_db\/#primaryimage\"},\"thumbnailUrl\":\"https:\/\/www.imobiliare.ro\/imoexpert\/wp-content\/uploads\/2020\/11\/la-nivel-national-preturile-apartamentelor-au-consemnat-un-avans-semnificativ-in-luna-octombrie.jpg\",\"datePublished\":\"2020-11-10T09:09:07+00:00\",\"description\":\"Patru din \u0219ase centre regionale au fost caracterizate, per ansamblu, de o tendin\u021b\u0103 de cre\u0219tere \u2013 \u00een alte dou\u0103 preten\u021biile proprietarilor s-au men\u021binut,\",\"breadcrumb\":{\"@id\":\"https:\/\/www.imobiliare.ro\/imoexpert\/la-nivel-national-preturile-apartamentelor-au-consemnat-un-avans-semnificativ-in-luna-octombrie-vezi-situatia-din-marile-orase_db\/#breadcrumb\"},\"inLanguage\":\"en\",\"potentialAction\":[{\"@type\":\"ReadAction\",\"target\":[\"https:\/\/www.imobiliare.ro\/imoexpert\/la-nivel-national-preturile-apartamentelor-au-consemnat-un-avans-semnificativ-in-luna-octombrie-vezi-situatia-din-marile-orase_db\/\"]}]},{\"@type\":\"ImageObject\",\"inLanguage\":\"en\",\"@id\":\"https:\/\/www.imobiliare.ro\/imoexpert\/la-nivel-national-preturile-apartamentelor-au-consemnat-un-avans-semnificativ-in-luna-octombrie-vezi-situatia-din-marile-orase_db\/#primaryimage\",\"url\":\"https:\/\/www.imobiliare.ro\/imoexpert\/wp-content\/uploads\/2020\/11\/la-nivel-national-preturile-apartamentelor-au-consemnat-un-avans-semnificativ-in-luna-octombrie.jpg\",\"contentUrl\":\"https:\/\/www.imobiliare.ro\/imoexpert\/wp-content\/uploads\/2020\/11\/la-nivel-national-preturile-apartamentelor-au-consemnat-un-avans-semnificativ-in-luna-octombrie.jpg\",\"width\":800,\"height\":533,\"caption\":\"Surs\u0103 foto: Pixabay.com\"},{\"@type\":\"BreadcrumbList\",\"@id\":\"https:\/\/www.imobiliare.ro\/imoexpert\/la-nivel-national-preturile-apartamentelor-au-consemnat-un-avans-semnificativ-in-luna-octombrie-vezi-situatia-din-marile-orase_db\/#breadcrumb\",\"itemListElement\":[{\"@type\":\"ListItem\",\"position\":1,\"name\":\"Imoradar24\",\"item\":\"https:\/\/www.imoradar24.ro\"},{\"@type\":\"ListItem\",\"position\":2,\"name\":\"ImoExpert\",\"item\":\"https:\/\/www.imobiliare.ro\/imoexpert\/\"},{\"@type\":\"ListItem\",\"position\":3,\"name\":\"La nivel na\u021bional, pre\u021burile apartamentelor au consemnat un avans semnificativ \u00een luna octombrie. Vezi situa\u021bia din marile ora\u0219e\"}]},{\"@type\":\"WebSite\",\"@id\":\"https:\/\/www.imobiliare.ro\/imoexpert\/#website\",\"url\":\"https:\/\/www.imobiliare.ro\/imoexpert\/\",\"name\":\"ImoExpert\",\"description\":\"cele mai importante \u015ftiri din domeniul imobiliar\",\"publisher\":{\"@id\":\"https:\/\/www.imobiliare.ro\/imoexpert\/#organization\"},\"inLanguage\":\"en\"},{\"@type\":\"Organization\",\"@id\":\"https:\/\/www.imobiliare.ro\/imoexpert\/#organization\",\"name\":\"Imobiliare.ro\",\"alternateName\":\"Realmedia Network SA\",\"url\":\"https:\/\/www.imobiliare.ro\/imoexpert\/\",\"logo\":{\"@type\":\"ImageObject\",\"inLanguage\":\"en\",\"@id\":\"https:\/\/www.imobiliare.ro\/imoexpert\/#\/schema\/logo\/image\/\",\"url\":\"https:\/\/www.imobiliare.ro\/imoexpert\/wp-content\/uploads\/2025\/05\/imobiliare_logo.png\",\"contentUrl\":\"https:\/\/www.imobiliare.ro\/imoexpert\/wp-content\/uploads\/2025\/05\/imobiliare_logo.png\",\"width\":237,\"height\":29,\"caption\":\"Imobiliare.ro\"},\"image\":{\"@id\":\"https:\/\/www.imobiliare.ro\/imoexpert\/#\/schema\/logo\/image\/\"}},{\"@type\":\"Person\",\"@id\":\"https:\/\/www.imobiliare.ro\/imoexpert\/#\/schema\/person\/8c13b0297075010b896471fabf0d7790\",\"name\":\"Adriana Dr\u0103gu\u0219in\",\"image\":{\"@type\":\"ImageObject\",\"inLanguage\":\"en\",\"@id\":\"https:\/\/www.imobiliare.ro\/imoexpert\/#\/schema\/person\/image\/\",\"url\":\"https:\/\/secure.gravatar.com\/avatar\/ba4762f7517e50e679ed7f11207102d1150120f2f5800c0da98f8a15305bf514?s=96&d=mm&r=g\",\"contentUrl\":\"https:\/\/secure.gravatar.com\/avatar\/ba4762f7517e50e679ed7f11207102d1150120f2f5800c0da98f8a15305bf514?s=96&d=mm&r=g\",\"caption\":\"Adriana Dr\u0103gu\u0219in\"},\"jobTitle\":\"Editor\",\"url\":\"https:\/\/www.imobiliare.ro\/imoexpert\/author\/adriana-dragusin\/\"}]}<\/script>\n<!-- \/ Yoast SEO Premium plugin. -->","yoast_head_json":{"title":"La nivel na\u021bional, pre\u021burile apartamentelor au consemnat un avans semnificativ \u00een luna octombrie. Vezi situa\u021bia din marile ora\u0219e - ImoExpert","description":"Patru din \u0219ase centre regionale au fost caracterizate, per ansamblu, de o tendin\u021b\u0103 de cre\u0219tere \u2013 \u00een alte dou\u0103 preten\u021biile proprietarilor s-au men\u021binut,","robots":{"index":"index","follow":"follow"},"canonical":"https:\/\/www.imobiliare.ro\/imoexpert\/la-nivel-national-preturile-apartamentelor-au-consemnat-un-avans-semnificativ-in-luna-octombrie-vezi-situatia-din-marile-orase_db\/","og_locale":"ro_RO","og_type":"article","og_title":"La nivel na\u021bional, pre\u021burile apartamentelor au consemnat un avans semnificativ \u00een luna octombrie. Vezi situa\u021bia din marile ora\u0219e","og_description":"Patru din \u0219ase centre regionale au fost caracterizate, per ansamblu, de o tendin\u021b\u0103 de cre\u0219tere \u2013 \u00een alte dou\u0103 preten\u021biile proprietarilor s-au men\u021binut,","og_url":"https:\/\/www.imobiliare.ro\/imoexpert\/la-nivel-national-preturile-apartamentelor-au-consemnat-un-avans-semnificativ-in-luna-octombrie-vezi-situatia-din-marile-orase_db\/","og_site_name":"ImoExpert","article_published_time":"2020-11-10T09:09:07+00:00","og_image":[{"width":800,"height":533,"url":"https:\/\/www.imobiliare.ro\/imoexpert\/wp-content\/uploads\/2020\/11\/la-nivel-national-preturile-apartamentelor-au-consemnat-un-avans-semnificativ-in-luna-octombrie.jpg","type":"image\/jpeg"}],"author":"Adriana Dr\u0103gu\u0219in","twitter_card":"summary_large_image","twitter_misc":{"Written by":"Adriana Dr\u0103gu\u0219in","Est. reading time":"4 minute"},"schema":{"@context":"https:\/\/schema.org","@graph":[{"@type":"Article","@id":"https:\/\/www.imobiliare.ro\/imoexpert\/la-nivel-national-preturile-apartamentelor-au-consemnat-un-avans-semnificativ-in-luna-octombrie-vezi-situatia-din-marile-orase_db\/#article","isPartOf":{"@id":"https:\/\/www.imobiliare.ro\/imoexpert\/la-nivel-national-preturile-apartamentelor-au-consemnat-un-avans-semnificativ-in-luna-octombrie-vezi-situatia-din-marile-orase_db\/"},"author":{"name":"Adriana Dr\u0103gu\u0219in","@id":"https:\/\/www.imobiliare.ro\/imoexpert\/#\/schema\/person\/8c13b0297075010b896471fabf0d7790"},"headline":"La nivel na\u021bional, pre\u021burile apartamentelor au consemnat un avans semnificativ \u00een luna octombrie. Vezi situa\u021bia din marile ora\u0219e","datePublished":"2020-11-10T09:09:07+00:00","mainEntityOfPage":{"@id":"https:\/\/www.imobiliare.ro\/imoexpert\/la-nivel-national-preturile-apartamentelor-au-consemnat-un-avans-semnificativ-in-luna-octombrie-vezi-situatia-din-marile-orase_db\/"},"wordCount":898,"commentCount":0,"publisher":{"@id":"https:\/\/www.imobiliare.ro\/imoexpert\/#organization"},"image":{"@id":"https:\/\/www.imobiliare.ro\/imoexpert\/la-nivel-national-preturile-apartamentelor-au-consemnat-un-avans-semnificativ-in-luna-octombrie-vezi-situatia-din-marile-orase_db\/#primaryimage"},"thumbnailUrl":"https:\/\/www.imobiliare.ro\/imoexpert\/wp-content\/uploads\/2020\/11\/la-nivel-national-preturile-apartamentelor-au-consemnat-un-avans-semnificativ-in-luna-octombrie.jpg","keywords":["Indice imobiliare.ro","indicele imobiliare.ro","newsletter","preturi apartamente","preturi apartamente Bucure\u0219ti 2020","preturi locuinte 2020","principal","proprietar"],"inLanguage":"en","potentialAction":[{"@type":"CommentAction","name":"Comment","target":["https:\/\/www.imobiliare.ro\/imoexpert\/la-nivel-national-preturile-apartamentelor-au-consemnat-un-avans-semnificativ-in-luna-octombrie-vezi-situatia-din-marile-orase_db\/#respond"]}],"copyrightYear":"2020","copyrightHolder":{"@id":"https:\/\/www.imobiliare.ro\/imoexpert\/#organization"}},{"@type":"WebPage","@id":"https:\/\/www.imobiliare.ro\/imoexpert\/la-nivel-national-preturile-apartamentelor-au-consemnat-un-avans-semnificativ-in-luna-octombrie-vezi-situatia-din-marile-orase_db\/","url":"https:\/\/www.imobiliare.ro\/imoexpert\/la-nivel-national-preturile-apartamentelor-au-consemnat-un-avans-semnificativ-in-luna-octombrie-vezi-situatia-din-marile-orase_db\/","name":"La nivel na\u021bional, pre\u021burile apartamentelor au consemnat un avans semnificativ \u00een luna octombrie. Vezi situa\u021bia din marile ora\u0219e - ImoExpert","isPartOf":{"@id":"https:\/\/www.imobiliare.ro\/imoexpert\/#website"},"primaryImageOfPage":{"@id":"https:\/\/www.imobiliare.ro\/imoexpert\/la-nivel-national-preturile-apartamentelor-au-consemnat-un-avans-semnificativ-in-luna-octombrie-vezi-situatia-din-marile-orase_db\/#primaryimage"},"image":{"@id":"https:\/\/www.imobiliare.ro\/imoexpert\/la-nivel-national-preturile-apartamentelor-au-consemnat-un-avans-semnificativ-in-luna-octombrie-vezi-situatia-din-marile-orase_db\/#primaryimage"},"thumbnailUrl":"https:\/\/www.imobiliare.ro\/imoexpert\/wp-content\/uploads\/2020\/11\/la-nivel-national-preturile-apartamentelor-au-consemnat-un-avans-semnificativ-in-luna-octombrie.jpg","datePublished":"2020-11-10T09:09:07+00:00","description":"Patru din \u0219ase centre regionale au fost caracterizate, per ansamblu, de o tendin\u021b\u0103 de cre\u0219tere \u2013 \u00een alte dou\u0103 preten\u021biile proprietarilor s-au men\u021binut,","breadcrumb":{"@id":"https:\/\/www.imobiliare.ro\/imoexpert\/la-nivel-national-preturile-apartamentelor-au-consemnat-un-avans-semnificativ-in-luna-octombrie-vezi-situatia-din-marile-orase_db\/#breadcrumb"},"inLanguage":"en","potentialAction":[{"@type":"ReadAction","target":["https:\/\/www.imobiliare.ro\/imoexpert\/la-nivel-national-preturile-apartamentelor-au-consemnat-un-avans-semnificativ-in-luna-octombrie-vezi-situatia-din-marile-orase_db\/"]}]},{"@type":"ImageObject","inLanguage":"en","@id":"https:\/\/www.imobiliare.ro\/imoexpert\/la-nivel-national-preturile-apartamentelor-au-consemnat-un-avans-semnificativ-in-luna-octombrie-vezi-situatia-din-marile-orase_db\/#primaryimage","url":"https:\/\/www.imobiliare.ro\/imoexpert\/wp-content\/uploads\/2020\/11\/la-nivel-national-preturile-apartamentelor-au-consemnat-un-avans-semnificativ-in-luna-octombrie.jpg","contentUrl":"https:\/\/www.imobiliare.ro\/imoexpert\/wp-content\/uploads\/2020\/11\/la-nivel-national-preturile-apartamentelor-au-consemnat-un-avans-semnificativ-in-luna-octombrie.jpg","width":800,"height":533,"caption":"Surs\u0103 foto: Pixabay.com"},{"@type":"BreadcrumbList","@id":"https:\/\/www.imobiliare.ro\/imoexpert\/la-nivel-national-preturile-apartamentelor-au-consemnat-un-avans-semnificativ-in-luna-octombrie-vezi-situatia-din-marile-orase_db\/#breadcrumb","itemListElement":[{"@type":"ListItem","position":1,"name":"Imoradar24","item":"https:\/\/www.imoradar24.ro"},{"@type":"ListItem","position":2,"name":"ImoExpert","item":"https:\/\/www.imobiliare.ro\/imoexpert\/"},{"@type":"ListItem","position":3,"name":"La nivel na\u021bional, pre\u021burile apartamentelor au consemnat un avans semnificativ \u00een luna octombrie. Vezi situa\u021bia din marile ora\u0219e"}]},{"@type":"WebSite","@id":"https:\/\/www.imobiliare.ro\/imoexpert\/#website","url":"https:\/\/www.imobiliare.ro\/imoexpert\/","name":"ImoExpert","description":"cele mai importante \u015ftiri din domeniul imobiliar","publisher":{"@id":"https:\/\/www.imobiliare.ro\/imoexpert\/#organization"},"inLanguage":"en"},{"@type":"Organization","@id":"https:\/\/www.imobiliare.ro\/imoexpert\/#organization","name":"Imobiliare.ro","alternateName":"Realmedia Network SA","url":"https:\/\/www.imobiliare.ro\/imoexpert\/","logo":{"@type":"ImageObject","inLanguage":"en","@id":"https:\/\/www.imobiliare.ro\/imoexpert\/#\/schema\/logo\/image\/","url":"https:\/\/www.imobiliare.ro\/imoexpert\/wp-content\/uploads\/2025\/05\/imobiliare_logo.png","contentUrl":"https:\/\/www.imobiliare.ro\/imoexpert\/wp-content\/uploads\/2025\/05\/imobiliare_logo.png","width":237,"height":29,"caption":"Imobiliare.ro"},"image":{"@id":"https:\/\/www.imobiliare.ro\/imoexpert\/#\/schema\/logo\/image\/"}},{"@type":"Person","@id":"https:\/\/www.imobiliare.ro\/imoexpert\/#\/schema\/person\/8c13b0297075010b896471fabf0d7790","name":"Adriana Dr\u0103gu\u0219in","image":{"@type":"ImageObject","inLanguage":"en","@id":"https:\/\/www.imobiliare.ro\/imoexpert\/#\/schema\/person\/image\/","url":"https:\/\/secure.gravatar.com\/avatar\/ba4762f7517e50e679ed7f11207102d1150120f2f5800c0da98f8a15305bf514?s=96&d=mm&r=g","contentUrl":"https:\/\/secure.gravatar.com\/avatar\/ba4762f7517e50e679ed7f11207102d1150120f2f5800c0da98f8a15305bf514?s=96&d=mm&r=g","caption":"Adriana Dr\u0103gu\u0219in"},"jobTitle":"Editor","url":"https:\/\/www.imobiliare.ro\/imoexpert\/author\/adriana-dragusin\/"}]}},"_links":{"self":[{"href":"https:\/\/www.imobiliare.ro\/imoexpert\/wp-json\/wp\/v2\/posts\/60979","targetHints":{"allow":["GET"]}}],"collection":[{"href":"https:\/\/www.imobiliare.ro\/imoexpert\/wp-json\/wp\/v2\/posts"}],"about":[{"href":"https:\/\/www.imobiliare.ro\/imoexpert\/wp-json\/wp\/v2\/types\/post"}],"author":[{"embeddable":true,"href":"https:\/\/www.imobiliare.ro\/imoexpert\/wp-json\/wp\/v2\/users\/829"}],"replies":[{"embeddable":true,"href":"https:\/\/www.imobiliare.ro\/imoexpert\/wp-json\/wp\/v2\/comments?post=60979"}],"version-history":[{"count":0,"href":"https:\/\/www.imobiliare.ro\/imoexpert\/wp-json\/wp\/v2\/posts\/60979\/revisions"}],"wp:featuredmedia":[{"embeddable":true,"href":"https:\/\/www.imobiliare.ro\/imoexpert\/wp-json\/wp\/v2\/media\/60980"}],"wp:attachment":[{"href":"https:\/\/www.imobiliare.ro\/imoexpert\/wp-json\/wp\/v2\/media?parent=60979"}],"wp:term":[{"taxonomy":"category","embeddable":true,"href":"https:\/\/www.imobiliare.ro\/imoexpert\/wp-json\/wp\/v2\/categories?post=60979"},{"taxonomy":"post_tag","embeddable":true,"href":"https:\/\/www.imobiliare.ro\/imoexpert\/wp-json\/wp\/v2\/tags?post=60979"},{"taxonomy":"content_author","embeddable":true,"href":"https:\/\/www.imobiliare.ro\/imoexpert\/wp-json\/wp\/v2\/content_author?post=60979"}],"curies":[{"name":"wp","href":"https:\/\/api.w.org\/{rel}","templated":true}]}}