{"id":60989,"date":"2020-11-10T17:59:27","date_gmt":"2020-11-10T15:59:27","guid":{"rendered":"https:\/\/www.imobiliare.ro\/imoexpert\/?p=60989"},"modified":"2020-11-10T17:59:27","modified_gmt":"2020-11-10T15:59:27","slug":"piata-de-birouri-din-bucuresti-in-t3-2020-harta-proiectelor-aflate-in-constructie","status":"publish","type":"post","link":"https:\/\/www.imobiliare.ro\/imoexpert\/piata-de-birouri-din-bucuresti-in-t3-2020-harta-proiectelor-aflate-in-constructie_db\/","title":{"rendered":"Pia\u021ba de birouri din Bucure\u0219ti \u00een T3 2020. HARTA proiectelor aflate \u00een construc\u021bie"},"content":{"rendered":"<figure id=\"attachment_60990\" aria-describedby=\"caption-attachment-60990\" style=\"width: 800px\" class=\"wp-caption aligncenter\"><a class=\"article-body-links\"href=\"https:\/\/www.imobiliare.ro\/imoexpert\/wp-content\/uploads\/2020\/11\/Piata-de-birouri-din-Bucresti-in-T1-2020.jpg\"><img loading=\"lazy\" decoding=\"async\" src=\"https:\/\/www.imobiliare.ro\/imoexpert\/wp-content\/uploads\/2020\/11\/Piata-de-birouri-din-Bucresti-in-T1-2020.jpg\" alt=\"\" width=\"800\" height=\"557\" class=\"size-full wp-image-60990\" srcset=\"https:\/\/www.imobiliare.ro\/imoexpert\/wp-content\/uploads\/2020\/11\/Piata-de-birouri-din-Bucresti-in-T1-2020.jpg 800w, https:\/\/www.imobiliare.ro\/imoexpert\/wp-content\/uploads\/2020\/11\/Piata-de-birouri-din-Bucresti-in-T1-2020-300x209.jpg 300w, https:\/\/www.imobiliare.ro\/imoexpert\/wp-content\/uploads\/2020\/11\/Piata-de-birouri-din-Bucresti-in-T1-2020-768x535.jpg 768w\" sizes=\"auto, (max-width: 800px) 100vw, 800px\" \/><\/a><figcaption id=\"caption-attachment-60990\" class=\"wp-caption-text\">Surs\u0103 foto: Pixabay.com<\/figcaption><\/figure>\n<div id=\"ez-toc-container\" class=\"ez-toc-v2_0_81 counter-hierarchy ez-toc-counter ez-toc-grey ez-toc-container-direction\">\n<p class=\"ez-toc-title\" style=\"cursor:inherit\">Table of Contents<\/p>\n<label for=\"ez-toc-cssicon-toggle-item-69f3c4aee9d8a\" class=\"ez-toc-cssicon-toggle-label\"><span class=\"ez-toc-cssicon\"><span class=\"eztoc-hide\" style=\"display:none;\">Toggle<\/span><span class=\"ez-toc-icon-toggle-span\"><svg style=\"fill: #999;color:#999\" xmlns=\"http:\/\/www.w3.org\/2000\/svg\" class=\"list-377408\" width=\"20px\" height=\"20px\" viewBox=\"0 0 24 24\" fill=\"none\"><path d=\"M6 6H4v2h2V6zm14 0H8v2h12V6zM4 11h2v2H4v-2zm16 0H8v2h12v-2zM4 16h2v2H4v-2zm16 0H8v2h12v-2z\" fill=\"currentColor\"><\/path><\/svg><svg style=\"fill: #999;color:#999\" class=\"arrow-unsorted-368013\" xmlns=\"http:\/\/www.w3.org\/2000\/svg\" width=\"10px\" height=\"10px\" viewBox=\"0 0 24 24\" version=\"1.2\" baseProfile=\"tiny\"><path d=\"M18.2 9.3l-6.2-6.3-6.2 6.3c-.2.2-.3.4-.3.7s.1.5.3.7c.2.2.4.3.7.3h11c.3 0 .5-.1.7-.3.2-.2.3-.5.3-.7s-.1-.5-.3-.7zM5.8 14.7l6.2 6.3 6.2-6.3c.2-.2.3-.5.3-.7s-.1-.5-.3-.7c-.2-.2-.4-.3-.7-.3h-11c-.3 0-.5.1-.7.3-.2.2-.3.5-.3.7s.1.5.3.7z\"\/><\/svg><\/span><\/span><\/label><input type=\"checkbox\"  id=\"ez-toc-cssicon-toggle-item-69f3c4aee9d8a\"  aria-label=\"Toggle\" \/><nav><ul class='ez-toc-list ez-toc-list-level-1 ' ><li class='ez-toc-page-1 ez-toc-heading-level-2'><a class=\"ez-toc-link ez-toc-heading-1\" href=\"https:\/\/www.imobiliare.ro\/imoexpert\/piata-de-birouri-din-bucuresti-in-t3-2020-harta-proiectelor-aflate-in-constructie_db\/#In_al_treilea_patrar_al_anului_in_curs_cererea_pe_acest_segment_de_piata_a_consemnat_o_usoara_revenire_desi_spatiile_office_continua_sa_fie_subutilizate\" >\u00cen al treilea p\u0103trar al anului \u00een curs, cererea pe acest segment de pia\u021b\u0103 a consemnat o u\u0219oar\u0103 revenire, de\u0219i spa\u021biile office continu\u0103 s\u0103 fie subutilizate.<\/a><\/li><li class='ez-toc-page-1 ez-toc-heading-level-2'><a class=\"ez-toc-link ez-toc-heading-2\" href=\"https:\/\/www.imobiliare.ro\/imoexpert\/piata-de-birouri-din-bucuresti-in-t3-2020-harta-proiectelor-aflate-in-constructie_db\/#Tranzactiile_de_inchiriere_dominate_de_reinnoiri_si_renegocieri\" >Tranzac\u021biile de \u00eenchiriere, dominate de re\u00eennoiri \u0219i renegocieri<\/a><\/li><li class='ez-toc-page-1 ez-toc-heading-level-2'><a class=\"ez-toc-link ez-toc-heading-3\" href=\"https:\/\/www.imobiliare.ro\/imoexpert\/piata-de-birouri-din-bucuresti-in-t3-2020-harta-proiectelor-aflate-in-constructie_db\/#Gradul_de_utilizare_a_birourilor_la_40-50_din_nivelul_normal\" >Gradul de utilizare a birourilor, la 40-50% din nivelul normal<\/a><\/li><\/ul><\/nav><\/div>\n<h2><span class=\"ez-toc-section\" id=\"In_al_treilea_patrar_al_anului_in_curs_cererea_pe_acest_segment_de_piata_a_consemnat_o_usoara_revenire_desi_spatiile_office_continua_sa_fie_subutilizate\"><\/span>\u00cen al treilea p\u0103trar al anului \u00een curs, cererea pe acest segment de pia\u021b\u0103 a consemnat o u\u0219oar\u0103 revenire, de\u0219i spa\u021biile office continu\u0103 s\u0103 fie subutilizate.<span class=\"ez-toc-section-end\"><\/span><\/h2>\n<p>Potrivit datelor companiei de consultan\u021b\u0103 imobiliar\u0103 Cushman &#038; Wakefield Echinox, pia\u021ba de birouri din Capital\u0103 continu\u0103 s\u0103 se dezvolte, \u00een primele nou\u0103 luni ale anului fiind livrate spa\u021bii cu o suprafa\u021b\u0103 cumulat\u0103 de 124.000 de metri p\u0103tra\u021bi. Totodat\u0103, dezvoltatorii au \u00een diverse faze de construc\u021bie cl\u0103diri ce \u00eensumeaz\u0103 388.000 de metri p\u0103tra\u021bi. Cele mai importante proiecte de birouri aflate \u00een construc\u021bie sunt One Cotroceni Park, J8 Office Park, Globalworth Square, U Center, One Tower, Miro Offices, \u021airiac Tower, Dacia One, Millo Offices, @Expo sau Sema London &#038; Oslo. Pentru o parte din aceste spa\u021bii aflate \u00een construc\u021bie dezvoltatorii au deja semnate contracte de pre\u00eenchiriere cu diver\u0219i chiria\u0219i, precizeaz\u0103 reprezentan\u021bii companiei de consultan\u021b\u0103.<\/p>\n<p><a class=\"article-body-links\"href=\"https:\/\/www.imobiliare.ro\/imoexpert\/wp-content\/uploads\/2020\/11\/harta-birouri-Cushman.jpg\"><img loading=\"lazy\" decoding=\"async\" src=\"https:\/\/www.imobiliare.ro\/imoexpert\/wp-content\/uploads\/2020\/11\/harta-birouri-Cushman.jpg\" alt=\"\" width=\"800\" height=\"628\" class=\"aligncenter size-full wp-image-60991\" srcset=\"https:\/\/www.imobiliare.ro\/imoexpert\/wp-content\/uploads\/2020\/11\/harta-birouri-Cushman.jpg 800w, https:\/\/www.imobiliare.ro\/imoexpert\/wp-content\/uploads\/2020\/11\/harta-birouri-Cushman-300x236.jpg 300w, https:\/\/www.imobiliare.ro\/imoexpert\/wp-content\/uploads\/2020\/11\/harta-birouri-Cushman-768x603.jpg 768w\" sizes=\"auto, (max-width: 800px) 100vw, 800px\" \/><\/a><\/p>\n<p><strong>Cite\u0219te \u0219i:<br \/>\n<a class=\"article-body-links\"href=\"https:\/\/www.imobiliare.ro\/imoexpert\/spatii-de-birouri-de-aproape-500-000-de-metri-patrati-se-afla-in-dezvoltare-in-cinci-mari-centre-regionale-au-termene-de-predare-pana-la-finele-lui-2021_db\/\">Spa\u021bii de birouri de aproape 500.000 de metri p\u0103tra\u021bi se afl\u0103 \u00een dezvoltare \u00een cinci mari centre regionale. Au termene de predare p\u00e2n\u0103 la finele lui 2021<\/a><\/strong><\/p>\n<h2><span class=\"ez-toc-section\" id=\"Tranzactiile_de_inchiriere_dominate_de_reinnoiri_si_renegocieri\"><\/span>Tranzac\u021biile de \u00eenchiriere, dominate de re\u00eennoiri \u0219i renegocieri<span class=\"ez-toc-section-end\"><\/span><\/h2>\n<p>\u00cen momentul de fa\u021b\u0103, stocul comercial (destinat \u00eenchirierii) de cl\u0103diri de birouri din Bucure\u0219ti se ridic\u0103 la circa 2,9 milioane de metri p\u0103tra\u021bi, alte imobile cu o suprafa\u021b\u0103 de circa 150.000 de metri p\u0103tra\u021bi fiind ocupate de c\u0103tre ocupan\u021bi proprietari.<\/p>\n<p>\u00cen primele trei trimestre ale anului \u00een curs, cererea de spa\u021bii de birouri din Capital\u0103 s-a ridicat la 160.000 de metri p\u0103tra\u021bi, \u00een sc\u0103dere cu 43% fa\u021b\u0103 de perioada similar\u0103 a anului precedent, activitatea de tranzac\u021bionare fiind dominat\u0103 de contractele de re\u00eennoire \u0219i renegociere a chiriilor, care au reprezentat aproape 46% din cerere. Sub impactul restric\u021biilor impuse de pandemia Covid-19, trimestrul al doilea a fost unul dintre cele mai slabe pentru pia\u021ba de birouri din Bucure\u0219ti din ultimul deceniu, cu un volum tranzac\u021bionat de doar 44.500 de metri p\u0103tra\u021bi. Pe de alt\u0103 parte, cererea a dat semne de revenire \u00een cel de-al treilea trimestru, c\u00e2nd volumul tranzac\u021bionat s-a ridicat la 63.600 de metri p\u0103tra\u021bi.<\/p>\n<p><strong>Cite\u0219te \u0219i:<br \/>\n<a class=\"article-body-links\"href=\"https:\/\/www.imobiliare.ro\/imoexpert\/cati-bucuresteni-beneficiaza-in-mod-direct-de-noua-linie-de-metrou-din-drumul-taberei_db\/\">C\u00e2\u021bi bucure\u0219teni beneficiaz\u0103 (\u00een mod direct) de noua linie de metrou din Drumul Taberei<\/a><\/strong><\/p>\n<h2><span class=\"ez-toc-section\" id=\"Gradul_de_utilizare_a_birourilor_la_40-50_din_nivelul_normal\"><\/span>Gradul de utilizare a birourilor, la 40-50% din nivelul normal<span class=\"ez-toc-section-end\"><\/span><\/h2>\n<p>Potrivit datelor companiei, rata de neocupare (contractual\u0103) a spa\u0163iilor se situeaz\u0103 la 10,8%, remarc\u00e2ndu-se o diferen\u021b\u0103 semnificativ\u0103 \u00eentre spa\u021biile de clasa A (8,2%) \u0219i cele de clasa B (18.2%). Pe de alt\u0103 parte, gradul de utilizare a birourilor se situeaz\u0103 la circa 40-50% din nivelul obi\u0219nuit \u00eenainte de declan\u0219area pandemiei, \u00een condi\u021biile \u00een care marea majoritate a companiilor continu\u0103 s\u0103 func\u021bioneze \u00een sistem work-from-home sau hibrid.<\/p>\n<blockquote><p>\u201ePe termen scurt, ne a\u0219tept\u0103m la o cre\u0219tere a ratei de neocupare, \u00een condi\u021biile \u00een care o serie de mari ocupan\u021bi au demarat procese de sub\u00eenchiriere a unor suprafe\u021be considerate excedentare. Pia\u021ba continu\u0103 s\u0103 se dezvolte dintr-o oarecare iner\u021bie, \u021bin\u00e2nd cont c\u0103 majoritatea proiectelor aflate \u00een construc\u021bie au fost demarate \u00eenaintea pandemiei, dar pe termen mediu \u0219i lung credem c\u0103 pariul pe birouri se va dovedi c\u00e2\u0219tig\u0103tor, studiile recente ar\u0103t\u00e2nd c\u0103 angaja\u021bii nu sunt dispu\u0219i s\u0103 renun\u021be la birou pentru a-\u0219i desf\u0103\u0219ura activitatea exclusiv de acas\u0103.\u201d<\/p>\n<p><strong>M\u0103d\u0103lina Cojocaru, Partner Office Agency, Cushman &#038; Wakefield Echinox<\/strong><\/p><\/blockquote>\n<p>&nbsp;<\/p>\n<p><strong>Cite\u0219te \u0219i:<br \/>\n<a class=\"article-body-links\"href=\"https:\/\/www.imobiliare.ro\/imoexpert\/cele-mai-recente-livrari-de-pe-piata-de-retail-la-cat-ajunge-stocul-autohton-de-asemenea-spatii_db\/\">Cele mai recente livr\u0103ri de pe pia\u021ba de retail. La c\u00e2t ajunge stocul autohton de asemenea spa\u021bii<\/a><\/strong><\/p>\n","protected":false},"excerpt":{"rendered":"<p>\u00cen al treilea p\u0103trar al anului \u00een curs, cererea pe acest segment de pia\u021b\u0103 a consemnat o u\u0219oar\u0103 revenire, de\u0219i spa\u021biile office continu\u0103 s\u0103 fie subutilizate. Potrivit datelor companiei de consultan\u021b\u0103 imobiliar\u0103 Cushman &#038; Wakefield Echinox, pia\u021ba de birouri din Capital\u0103 continu\u0103 s\u0103 se dezvolte, \u00een primele nou\u0103 luni ale anului fiind livrate spa\u021bii cu [&hellip;]<\/p>\n","protected":false},"author":829,"featured_media":60990,"comment_status":"open","ping_status":"open","sticky":false,"template":"","format":"standard","meta":{"footnotes":""},"categories":[259],"tags":[1902,1955,606,1895],"content_author":[],"class_list":["post-60989","post","type-post","status-publish","format-standard","has-post-thumbnail","hentry","category-stiri","tag-covid-19","tag-cushman-wakefield-echinox","tag-spatii-birouri","tag-spatii-de-birouri"],"yoast_head":"<!-- This site is optimized with the Yoast SEO Premium plugin v27.0 (Yoast SEO v27.0) - https:\/\/yoast.com\/product\/yoast-seo-premium-wordpress\/ -->\n<title>Pia\u021ba de birouri din Bucure\u0219ti \u00een T3 2020. HARTA proiectelor aflate \u00een construc\u021bie - \u0218tiri - ImoExpert<\/title>\n<meta name=\"description\" content=\"\u00cen al treilea p\u0103trar al anului \u00een curs, cererea pe acest segment de pia\u021b\u0103 a consemnat o u\u0219oar\u0103 revenire, de\u0219i spa\u021biile office continu\u0103 s\u0103 fie\" \/>\n<meta name=\"robots\" content=\"index, follow\" \/>\n<link rel=\"canonical\" href=\"https:\/\/www.imobiliare.ro\/imoexpert\/piata-de-birouri-din-bucuresti-in-t3-2020-harta-proiectelor-aflate-in-constructie_db\/\" \/>\n<meta property=\"og:locale\" content=\"ro_RO\" \/>\n<meta property=\"og:type\" content=\"article\" \/>\n<meta property=\"og:title\" content=\"Pia\u021ba de birouri din Bucure\u0219ti \u00een T3 2020. HARTA proiectelor aflate \u00een construc\u021bie\" \/>\n<meta property=\"og:description\" content=\"\u00cen al treilea p\u0103trar al anului \u00een curs, cererea pe acest segment de pia\u021b\u0103 a consemnat o u\u0219oar\u0103 revenire, de\u0219i spa\u021biile office continu\u0103 s\u0103 fie\" \/>\n<meta property=\"og:url\" content=\"https:\/\/www.imobiliare.ro\/imoexpert\/piata-de-birouri-din-bucuresti-in-t3-2020-harta-proiectelor-aflate-in-constructie_db\/\" \/>\n<meta property=\"og:site_name\" content=\"ImoExpert\" \/>\n<meta property=\"article:published_time\" content=\"2020-11-10T15:59:27+00:00\" \/>\n<meta property=\"og:image\" content=\"https:\/\/www.imobiliare.ro\/imoexpert\/wp-content\/uploads\/2020\/11\/Piata-de-birouri-din-Bucresti-in-T1-2020.jpg\" \/>\n\t<meta property=\"og:image:width\" content=\"800\" \/>\n\t<meta property=\"og:image:height\" content=\"557\" \/>\n\t<meta property=\"og:image:type\" content=\"image\/jpeg\" \/>\n<meta name=\"author\" content=\"Adriana Dr\u0103gu\u0219in\" \/>\n<meta name=\"twitter:card\" content=\"summary_large_image\" \/>\n<meta name=\"twitter:label1\" content=\"Written by\" \/>\n\t<meta name=\"twitter:data1\" content=\"Adriana Dr\u0103gu\u0219in\" \/>\n\t<meta name=\"twitter:label2\" content=\"Est. reading time\" \/>\n\t<meta name=\"twitter:data2\" content=\"3 minute\" \/>\n<script type=\"application\/ld+json\" class=\"yoast-schema-graph\">{\"@context\":\"https:\/\/schema.org\",\"@graph\":[{\"@type\":\"Article\",\"@id\":\"https:\/\/www.imobiliare.ro\/imoexpert\/piata-de-birouri-din-bucuresti-in-t3-2020-harta-proiectelor-aflate-in-constructie_db\/#article\",\"isPartOf\":{\"@id\":\"https:\/\/www.imobiliare.ro\/imoexpert\/piata-de-birouri-din-bucuresti-in-t3-2020-harta-proiectelor-aflate-in-constructie_db\/\"},\"author\":{\"name\":\"Adriana Dr\u0103gu\u0219in\",\"@id\":\"https:\/\/www.imobiliare.ro\/imoexpert\/#\/schema\/person\/8c13b0297075010b896471fabf0d7790\"},\"headline\":\"Pia\u021ba de birouri din Bucure\u0219ti \u00een T3 2020. HARTA proiectelor aflate \u00een construc\u021bie\",\"datePublished\":\"2020-11-10T15:59:27+00:00\",\"mainEntityOfPage\":{\"@id\":\"https:\/\/www.imobiliare.ro\/imoexpert\/piata-de-birouri-din-bucuresti-in-t3-2020-harta-proiectelor-aflate-in-constructie_db\/\"},\"wordCount\":632,\"commentCount\":0,\"publisher\":{\"@id\":\"https:\/\/www.imobiliare.ro\/imoexpert\/#organization\"},\"image\":{\"@id\":\"https:\/\/www.imobiliare.ro\/imoexpert\/piata-de-birouri-din-bucuresti-in-t3-2020-harta-proiectelor-aflate-in-constructie_db\/#primaryimage\"},\"thumbnailUrl\":\"https:\/\/www.imobiliare.ro\/imoexpert\/wp-content\/uploads\/2020\/11\/Piata-de-birouri-din-Bucresti-in-T1-2020.jpg\",\"keywords\":[\"COVID-19\",\"Cushman Wakefield Echinox\",\"spatii birouri\",\"spatii de birouri\"],\"articleSection\":[\"\u0218tiri\"],\"inLanguage\":\"en\",\"potentialAction\":[{\"@type\":\"CommentAction\",\"name\":\"Comment\",\"target\":[\"https:\/\/www.imobiliare.ro\/imoexpert\/piata-de-birouri-din-bucuresti-in-t3-2020-harta-proiectelor-aflate-in-constructie_db\/#respond\"]}],\"copyrightYear\":\"2020\",\"copyrightHolder\":{\"@id\":\"https:\/\/www.imobiliare.ro\/imoexpert\/#organization\"}},{\"@type\":\"WebPage\",\"@id\":\"https:\/\/www.imobiliare.ro\/imoexpert\/piata-de-birouri-din-bucuresti-in-t3-2020-harta-proiectelor-aflate-in-constructie_db\/\",\"url\":\"https:\/\/www.imobiliare.ro\/imoexpert\/piata-de-birouri-din-bucuresti-in-t3-2020-harta-proiectelor-aflate-in-constructie_db\/\",\"name\":\"Pia\u021ba de birouri din Bucure\u0219ti \u00een T3 2020. HARTA proiectelor aflate \u00een construc\u021bie - \u0218tiri - ImoExpert\",\"isPartOf\":{\"@id\":\"https:\/\/www.imobiliare.ro\/imoexpert\/#website\"},\"primaryImageOfPage\":{\"@id\":\"https:\/\/www.imobiliare.ro\/imoexpert\/piata-de-birouri-din-bucuresti-in-t3-2020-harta-proiectelor-aflate-in-constructie_db\/#primaryimage\"},\"image\":{\"@id\":\"https:\/\/www.imobiliare.ro\/imoexpert\/piata-de-birouri-din-bucuresti-in-t3-2020-harta-proiectelor-aflate-in-constructie_db\/#primaryimage\"},\"thumbnailUrl\":\"https:\/\/www.imobiliare.ro\/imoexpert\/wp-content\/uploads\/2020\/11\/Piata-de-birouri-din-Bucresti-in-T1-2020.jpg\",\"datePublished\":\"2020-11-10T15:59:27+00:00\",\"description\":\"\u00cen al treilea p\u0103trar al anului \u00een curs, cererea pe acest segment de pia\u021b\u0103 a consemnat o u\u0219oar\u0103 revenire, de\u0219i spa\u021biile office continu\u0103 s\u0103 fie\",\"breadcrumb\":{\"@id\":\"https:\/\/www.imobiliare.ro\/imoexpert\/piata-de-birouri-din-bucuresti-in-t3-2020-harta-proiectelor-aflate-in-constructie_db\/#breadcrumb\"},\"inLanguage\":\"en\",\"potentialAction\":[{\"@type\":\"ReadAction\",\"target\":[\"https:\/\/www.imobiliare.ro\/imoexpert\/piata-de-birouri-din-bucuresti-in-t3-2020-harta-proiectelor-aflate-in-constructie_db\/\"]}]},{\"@type\":\"ImageObject\",\"inLanguage\":\"en\",\"@id\":\"https:\/\/www.imobiliare.ro\/imoexpert\/piata-de-birouri-din-bucuresti-in-t3-2020-harta-proiectelor-aflate-in-constructie_db\/#primaryimage\",\"url\":\"https:\/\/www.imobiliare.ro\/imoexpert\/wp-content\/uploads\/2020\/11\/Piata-de-birouri-din-Bucresti-in-T1-2020.jpg\",\"contentUrl\":\"https:\/\/www.imobiliare.ro\/imoexpert\/wp-content\/uploads\/2020\/11\/Piata-de-birouri-din-Bucresti-in-T1-2020.jpg\",\"width\":800,\"height\":557,\"caption\":\"Surs\u0103 foto: Pixabay.com\"},{\"@type\":\"BreadcrumbList\",\"@id\":\"https:\/\/www.imobiliare.ro\/imoexpert\/piata-de-birouri-din-bucuresti-in-t3-2020-harta-proiectelor-aflate-in-constructie_db\/#breadcrumb\",\"itemListElement\":[{\"@type\":\"ListItem\",\"position\":1,\"name\":\"Imoradar24\",\"item\":\"https:\/\/www.imoradar24.ro\"},{\"@type\":\"ListItem\",\"position\":2,\"name\":\"ImoExpert\",\"item\":\"https:\/\/www.imobiliare.ro\/imoexpert\/\"},{\"@type\":\"ListItem\",\"position\":3,\"name\":\"\u0218tiri\",\"item\":\"https:\/\/www.imobiliare.ro\/imoexpert\/stiri\/\"},{\"@type\":\"ListItem\",\"position\":4,\"name\":\"Pia\u021ba de birouri din Bucure\u0219ti \u00een T3 2020. HARTA proiectelor aflate \u00een construc\u021bie\"}]},{\"@type\":\"WebSite\",\"@id\":\"https:\/\/www.imobiliare.ro\/imoexpert\/#website\",\"url\":\"https:\/\/www.imobiliare.ro\/imoexpert\/\",\"name\":\"ImoExpert\",\"description\":\"cele mai importante \u015ftiri din domeniul imobiliar\",\"publisher\":{\"@id\":\"https:\/\/www.imobiliare.ro\/imoexpert\/#organization\"},\"inLanguage\":\"en\"},{\"@type\":\"Organization\",\"@id\":\"https:\/\/www.imobiliare.ro\/imoexpert\/#organization\",\"name\":\"Imobiliare.ro\",\"alternateName\":\"Realmedia Network SA\",\"url\":\"https:\/\/www.imobiliare.ro\/imoexpert\/\",\"logo\":{\"@type\":\"ImageObject\",\"inLanguage\":\"en\",\"@id\":\"https:\/\/www.imobiliare.ro\/imoexpert\/#\/schema\/logo\/image\/\",\"url\":\"https:\/\/www.imobiliare.ro\/imoexpert\/wp-content\/uploads\/2025\/05\/imobiliare_logo.png\",\"contentUrl\":\"https:\/\/www.imobiliare.ro\/imoexpert\/wp-content\/uploads\/2025\/05\/imobiliare_logo.png\",\"width\":237,\"height\":29,\"caption\":\"Imobiliare.ro\"},\"image\":{\"@id\":\"https:\/\/www.imobiliare.ro\/imoexpert\/#\/schema\/logo\/image\/\"}},{\"@type\":\"Person\",\"@id\":\"https:\/\/www.imobiliare.ro\/imoexpert\/#\/schema\/person\/8c13b0297075010b896471fabf0d7790\",\"name\":\"Adriana Dr\u0103gu\u0219in\",\"image\":{\"@type\":\"ImageObject\",\"inLanguage\":\"en\",\"@id\":\"https:\/\/www.imobiliare.ro\/imoexpert\/#\/schema\/person\/image\/\",\"url\":\"https:\/\/secure.gravatar.com\/avatar\/ba4762f7517e50e679ed7f11207102d1150120f2f5800c0da98f8a15305bf514?s=96&d=mm&r=g\",\"contentUrl\":\"https:\/\/secure.gravatar.com\/avatar\/ba4762f7517e50e679ed7f11207102d1150120f2f5800c0da98f8a15305bf514?s=96&d=mm&r=g\",\"caption\":\"Adriana Dr\u0103gu\u0219in\"},\"jobTitle\":\"Editor\",\"url\":\"https:\/\/www.imobiliare.ro\/imoexpert\/author\/adriana-dragusin\/\"}]}<\/script>\n<!-- \/ Yoast SEO Premium plugin. -->","yoast_head_json":{"title":"Pia\u021ba de birouri din Bucure\u0219ti \u00een T3 2020. HARTA proiectelor aflate \u00een construc\u021bie - \u0218tiri - ImoExpert","description":"\u00cen al treilea p\u0103trar al anului \u00een curs, cererea pe acest segment de pia\u021b\u0103 a consemnat o u\u0219oar\u0103 revenire, de\u0219i spa\u021biile office continu\u0103 s\u0103 fie","robots":{"index":"index","follow":"follow"},"canonical":"https:\/\/www.imobiliare.ro\/imoexpert\/piata-de-birouri-din-bucuresti-in-t3-2020-harta-proiectelor-aflate-in-constructie_db\/","og_locale":"ro_RO","og_type":"article","og_title":"Pia\u021ba de birouri din Bucure\u0219ti \u00een T3 2020. HARTA proiectelor aflate \u00een construc\u021bie","og_description":"\u00cen al treilea p\u0103trar al anului \u00een curs, cererea pe acest segment de pia\u021b\u0103 a consemnat o u\u0219oar\u0103 revenire, de\u0219i spa\u021biile office continu\u0103 s\u0103 fie","og_url":"https:\/\/www.imobiliare.ro\/imoexpert\/piata-de-birouri-din-bucuresti-in-t3-2020-harta-proiectelor-aflate-in-constructie_db\/","og_site_name":"ImoExpert","article_published_time":"2020-11-10T15:59:27+00:00","og_image":[{"width":800,"height":557,"url":"https:\/\/www.imobiliare.ro\/imoexpert\/wp-content\/uploads\/2020\/11\/Piata-de-birouri-din-Bucresti-in-T1-2020.jpg","type":"image\/jpeg"}],"author":"Adriana Dr\u0103gu\u0219in","twitter_card":"summary_large_image","twitter_misc":{"Written by":"Adriana Dr\u0103gu\u0219in","Est. reading time":"3 minute"},"schema":{"@context":"https:\/\/schema.org","@graph":[{"@type":"Article","@id":"https:\/\/www.imobiliare.ro\/imoexpert\/piata-de-birouri-din-bucuresti-in-t3-2020-harta-proiectelor-aflate-in-constructie_db\/#article","isPartOf":{"@id":"https:\/\/www.imobiliare.ro\/imoexpert\/piata-de-birouri-din-bucuresti-in-t3-2020-harta-proiectelor-aflate-in-constructie_db\/"},"author":{"name":"Adriana Dr\u0103gu\u0219in","@id":"https:\/\/www.imobiliare.ro\/imoexpert\/#\/schema\/person\/8c13b0297075010b896471fabf0d7790"},"headline":"Pia\u021ba de birouri din Bucure\u0219ti \u00een T3 2020. HARTA proiectelor aflate \u00een construc\u021bie","datePublished":"2020-11-10T15:59:27+00:00","mainEntityOfPage":{"@id":"https:\/\/www.imobiliare.ro\/imoexpert\/piata-de-birouri-din-bucuresti-in-t3-2020-harta-proiectelor-aflate-in-constructie_db\/"},"wordCount":632,"commentCount":0,"publisher":{"@id":"https:\/\/www.imobiliare.ro\/imoexpert\/#organization"},"image":{"@id":"https:\/\/www.imobiliare.ro\/imoexpert\/piata-de-birouri-din-bucuresti-in-t3-2020-harta-proiectelor-aflate-in-constructie_db\/#primaryimage"},"thumbnailUrl":"https:\/\/www.imobiliare.ro\/imoexpert\/wp-content\/uploads\/2020\/11\/Piata-de-birouri-din-Bucresti-in-T1-2020.jpg","keywords":["COVID-19","Cushman Wakefield Echinox","spatii birouri","spatii de birouri"],"articleSection":["\u0218tiri"],"inLanguage":"en","potentialAction":[{"@type":"CommentAction","name":"Comment","target":["https:\/\/www.imobiliare.ro\/imoexpert\/piata-de-birouri-din-bucuresti-in-t3-2020-harta-proiectelor-aflate-in-constructie_db\/#respond"]}],"copyrightYear":"2020","copyrightHolder":{"@id":"https:\/\/www.imobiliare.ro\/imoexpert\/#organization"}},{"@type":"WebPage","@id":"https:\/\/www.imobiliare.ro\/imoexpert\/piata-de-birouri-din-bucuresti-in-t3-2020-harta-proiectelor-aflate-in-constructie_db\/","url":"https:\/\/www.imobiliare.ro\/imoexpert\/piata-de-birouri-din-bucuresti-in-t3-2020-harta-proiectelor-aflate-in-constructie_db\/","name":"Pia\u021ba de birouri din Bucure\u0219ti \u00een T3 2020. HARTA proiectelor aflate \u00een construc\u021bie - \u0218tiri - ImoExpert","isPartOf":{"@id":"https:\/\/www.imobiliare.ro\/imoexpert\/#website"},"primaryImageOfPage":{"@id":"https:\/\/www.imobiliare.ro\/imoexpert\/piata-de-birouri-din-bucuresti-in-t3-2020-harta-proiectelor-aflate-in-constructie_db\/#primaryimage"},"image":{"@id":"https:\/\/www.imobiliare.ro\/imoexpert\/piata-de-birouri-din-bucuresti-in-t3-2020-harta-proiectelor-aflate-in-constructie_db\/#primaryimage"},"thumbnailUrl":"https:\/\/www.imobiliare.ro\/imoexpert\/wp-content\/uploads\/2020\/11\/Piata-de-birouri-din-Bucresti-in-T1-2020.jpg","datePublished":"2020-11-10T15:59:27+00:00","description":"\u00cen al treilea p\u0103trar al anului \u00een curs, cererea pe acest segment de pia\u021b\u0103 a consemnat o u\u0219oar\u0103 revenire, de\u0219i spa\u021biile office continu\u0103 s\u0103 fie","breadcrumb":{"@id":"https:\/\/www.imobiliare.ro\/imoexpert\/piata-de-birouri-din-bucuresti-in-t3-2020-harta-proiectelor-aflate-in-constructie_db\/#breadcrumb"},"inLanguage":"en","potentialAction":[{"@type":"ReadAction","target":["https:\/\/www.imobiliare.ro\/imoexpert\/piata-de-birouri-din-bucuresti-in-t3-2020-harta-proiectelor-aflate-in-constructie_db\/"]}]},{"@type":"ImageObject","inLanguage":"en","@id":"https:\/\/www.imobiliare.ro\/imoexpert\/piata-de-birouri-din-bucuresti-in-t3-2020-harta-proiectelor-aflate-in-constructie_db\/#primaryimage","url":"https:\/\/www.imobiliare.ro\/imoexpert\/wp-content\/uploads\/2020\/11\/Piata-de-birouri-din-Bucresti-in-T1-2020.jpg","contentUrl":"https:\/\/www.imobiliare.ro\/imoexpert\/wp-content\/uploads\/2020\/11\/Piata-de-birouri-din-Bucresti-in-T1-2020.jpg","width":800,"height":557,"caption":"Surs\u0103 foto: Pixabay.com"},{"@type":"BreadcrumbList","@id":"https:\/\/www.imobiliare.ro\/imoexpert\/piata-de-birouri-din-bucuresti-in-t3-2020-harta-proiectelor-aflate-in-constructie_db\/#breadcrumb","itemListElement":[{"@type":"ListItem","position":1,"name":"Imoradar24","item":"https:\/\/www.imoradar24.ro"},{"@type":"ListItem","position":2,"name":"ImoExpert","item":"https:\/\/www.imobiliare.ro\/imoexpert\/"},{"@type":"ListItem","position":3,"name":"\u0218tiri","item":"https:\/\/www.imobiliare.ro\/imoexpert\/stiri\/"},{"@type":"ListItem","position":4,"name":"Pia\u021ba de birouri din Bucure\u0219ti \u00een T3 2020. HARTA proiectelor aflate \u00een construc\u021bie"}]},{"@type":"WebSite","@id":"https:\/\/www.imobiliare.ro\/imoexpert\/#website","url":"https:\/\/www.imobiliare.ro\/imoexpert\/","name":"ImoExpert","description":"cele mai importante \u015ftiri din domeniul imobiliar","publisher":{"@id":"https:\/\/www.imobiliare.ro\/imoexpert\/#organization"},"inLanguage":"en"},{"@type":"Organization","@id":"https:\/\/www.imobiliare.ro\/imoexpert\/#organization","name":"Imobiliare.ro","alternateName":"Realmedia Network SA","url":"https:\/\/www.imobiliare.ro\/imoexpert\/","logo":{"@type":"ImageObject","inLanguage":"en","@id":"https:\/\/www.imobiliare.ro\/imoexpert\/#\/schema\/logo\/image\/","url":"https:\/\/www.imobiliare.ro\/imoexpert\/wp-content\/uploads\/2025\/05\/imobiliare_logo.png","contentUrl":"https:\/\/www.imobiliare.ro\/imoexpert\/wp-content\/uploads\/2025\/05\/imobiliare_logo.png","width":237,"height":29,"caption":"Imobiliare.ro"},"image":{"@id":"https:\/\/www.imobiliare.ro\/imoexpert\/#\/schema\/logo\/image\/"}},{"@type":"Person","@id":"https:\/\/www.imobiliare.ro\/imoexpert\/#\/schema\/person\/8c13b0297075010b896471fabf0d7790","name":"Adriana Dr\u0103gu\u0219in","image":{"@type":"ImageObject","inLanguage":"en","@id":"https:\/\/www.imobiliare.ro\/imoexpert\/#\/schema\/person\/image\/","url":"https:\/\/secure.gravatar.com\/avatar\/ba4762f7517e50e679ed7f11207102d1150120f2f5800c0da98f8a15305bf514?s=96&d=mm&r=g","contentUrl":"https:\/\/secure.gravatar.com\/avatar\/ba4762f7517e50e679ed7f11207102d1150120f2f5800c0da98f8a15305bf514?s=96&d=mm&r=g","caption":"Adriana Dr\u0103gu\u0219in"},"jobTitle":"Editor","url":"https:\/\/www.imobiliare.ro\/imoexpert\/author\/adriana-dragusin\/"}]}},"_links":{"self":[{"href":"https:\/\/www.imobiliare.ro\/imoexpert\/wp-json\/wp\/v2\/posts\/60989","targetHints":{"allow":["GET"]}}],"collection":[{"href":"https:\/\/www.imobiliare.ro\/imoexpert\/wp-json\/wp\/v2\/posts"}],"about":[{"href":"https:\/\/www.imobiliare.ro\/imoexpert\/wp-json\/wp\/v2\/types\/post"}],"author":[{"embeddable":true,"href":"https:\/\/www.imobiliare.ro\/imoexpert\/wp-json\/wp\/v2\/users\/829"}],"replies":[{"embeddable":true,"href":"https:\/\/www.imobiliare.ro\/imoexpert\/wp-json\/wp\/v2\/comments?post=60989"}],"version-history":[{"count":0,"href":"https:\/\/www.imobiliare.ro\/imoexpert\/wp-json\/wp\/v2\/posts\/60989\/revisions"}],"wp:featuredmedia":[{"embeddable":true,"href":"https:\/\/www.imobiliare.ro\/imoexpert\/wp-json\/wp\/v2\/media\/60990"}],"wp:attachment":[{"href":"https:\/\/www.imobiliare.ro\/imoexpert\/wp-json\/wp\/v2\/media?parent=60989"}],"wp:term":[{"taxonomy":"category","embeddable":true,"href":"https:\/\/www.imobiliare.ro\/imoexpert\/wp-json\/wp\/v2\/categories?post=60989"},{"taxonomy":"post_tag","embeddable":true,"href":"https:\/\/www.imobiliare.ro\/imoexpert\/wp-json\/wp\/v2\/tags?post=60989"},{"taxonomy":"content_author","embeddable":true,"href":"https:\/\/www.imobiliare.ro\/imoexpert\/wp-json\/wp\/v2\/content_author?post=60989"}],"curies":[{"name":"wp","href":"https:\/\/api.w.org\/{rel}","templated":true}]}}