{"id":61061,"date":"2020-11-18T14:54:04","date_gmt":"2020-11-18T12:54:04","guid":{"rendered":"https:\/\/www.imobiliare.ro\/imoexpert\/?p=61061"},"modified":"2020-11-18T14:54:04","modified_gmt":"2020-11-18T12:54:04","slug":"2020-un-an-record-pentru-inchirierile-de-spatii-logistice-si-industriale","status":"publish","type":"post","link":"https:\/\/www.imobiliare.ro\/imoexpert\/2020-un-an-record-pentru-inchirierile-de-spatii-logistice-si-industriale_db\/","title":{"rendered":"2020, un an-record pentru \u00eenchirierile de spa\u021bii logistice \u0219i industriale"},"content":{"rendered":"<figure id=\"attachment_61062\" aria-describedby=\"caption-attachment-61062\" style=\"width: 800px\" class=\"wp-caption aligncenter\"><a class=\"article-body-links\"href=\"https:\/\/www.imobiliare.ro\/imoexpert\/wp-content\/uploads\/2020\/11\/2020-un-an-record-pentru-inchirierile-de-spatii-logistice.jpg\"><img loading=\"lazy\" decoding=\"async\" src=\"https:\/\/www.imobiliare.ro\/imoexpert\/wp-content\/uploads\/2020\/11\/2020-un-an-record-pentru-inchirierile-de-spatii-logistice.jpg\" alt=\"\" width=\"800\" height=\"527\" class=\"size-full wp-image-61062\" srcset=\"https:\/\/www.imobiliare.ro\/imoexpert\/wp-content\/uploads\/2020\/11\/2020-un-an-record-pentru-inchirierile-de-spatii-logistice.jpg 800w, https:\/\/www.imobiliare.ro\/imoexpert\/wp-content\/uploads\/2020\/11\/2020-un-an-record-pentru-inchirierile-de-spatii-logistice-300x198.jpg 300w, https:\/\/www.imobiliare.ro\/imoexpert\/wp-content\/uploads\/2020\/11\/2020-un-an-record-pentru-inchirierile-de-spatii-logistice-768x506.jpg 768w\" sizes=\"auto, (max-width: 800px) 100vw, 800px\" \/><\/a><figcaption id=\"caption-attachment-61062\" class=\"wp-caption-text\">Surs\u0103: Unsplash.com<\/figcaption><\/figure>\n<div id=\"ez-toc-container\" class=\"ez-toc-v2_0_81 counter-hierarchy ez-toc-counter ez-toc-grey ez-toc-container-direction\">\n<p class=\"ez-toc-title\" style=\"cursor:inherit\">Table of Contents<\/p>\n<label for=\"ez-toc-cssicon-toggle-item-69f723e842e2b\" class=\"ez-toc-cssicon-toggle-label\"><span class=\"ez-toc-cssicon\"><span class=\"eztoc-hide\" style=\"display:none;\">Toggle<\/span><span class=\"ez-toc-icon-toggle-span\"><svg style=\"fill: #999;color:#999\" xmlns=\"http:\/\/www.w3.org\/2000\/svg\" class=\"list-377408\" width=\"20px\" height=\"20px\" viewBox=\"0 0 24 24\" fill=\"none\"><path d=\"M6 6H4v2h2V6zm14 0H8v2h12V6zM4 11h2v2H4v-2zm16 0H8v2h12v-2zM4 16h2v2H4v-2zm16 0H8v2h12v-2z\" fill=\"currentColor\"><\/path><\/svg><svg style=\"fill: #999;color:#999\" class=\"arrow-unsorted-368013\" xmlns=\"http:\/\/www.w3.org\/2000\/svg\" width=\"10px\" height=\"10px\" viewBox=\"0 0 24 24\" version=\"1.2\" baseProfile=\"tiny\"><path d=\"M18.2 9.3l-6.2-6.3-6.2 6.3c-.2.2-.3.4-.3.7s.1.5.3.7c.2.2.4.3.7.3h11c.3 0 .5-.1.7-.3.2-.2.3-.5.3-.7s-.1-.5-.3-.7zM5.8 14.7l6.2 6.3 6.2-6.3c.2-.2.3-.5.3-.7s-.1-.5-.3-.7c-.2-.2-.4-.3-.7-.3h-11c-.3 0-.5.1-.7.3-.2.2-.3.5-.3.7s.1.5.3.7z\"\/><\/svg><\/span><\/span><\/label><input type=\"checkbox\"  id=\"ez-toc-cssicon-toggle-item-69f723e842e2b\"  aria-label=\"Toggle\" \/><nav><ul class='ez-toc-list ez-toc-list-level-1 ' ><li class='ez-toc-page-1 ez-toc-heading-level-2'><a class=\"ez-toc-link ez-toc-heading-1\" href=\"https:\/\/www.imobiliare.ro\/imoexpert\/2020-un-an-record-pentru-inchirierile-de-spatii-logistice-si-industriale_db\/#In_zona_Bucurestiului_a_fost_tranzactionat_pana_in_momentul_de_fata_mai_bine_de_jumatate_din_volumul_tranzactionat_la_nivel_national\" >\u00cen zona Bucure\u0219tiului a fost tranzac\u021bionat, p\u00e2n\u0103 \u00een momentul de fa\u021b\u0103, mai bine de jum\u0103tate din volumul tranzac\u021bionat la nivel na\u021bional.<\/a><\/li><li class='ez-toc-page-1 ez-toc-heading-level-2'><a class=\"ez-toc-link ez-toc-heading-2\" href=\"https:\/\/www.imobiliare.ro\/imoexpert\/2020-un-an-record-pentru-inchirierile-de-spatii-logistice-si-industriale_db\/#Cu_un_sfert_mai_multe_livrari_decat_in_2019\" >Cu un sfert mai multe livr\u0103ri dec\u00e2t \u00een 2019<\/a><\/li><\/ul><\/nav><\/div>\n<h2><span class=\"ez-toc-section\" id=\"In_zona_Bucurestiului_a_fost_tranzactionat_pana_in_momentul_de_fata_mai_bine_de_jumatate_din_volumul_tranzactionat_la_nivel_national\"><\/span>\u00cen zona Bucure\u0219tiului a fost tranzac\u021bionat, p\u00e2n\u0103 \u00een momentul de fa\u021b\u0103, mai bine de jum\u0103tate din volumul tranzac\u021bionat la nivel na\u021bional.<span class=\"ez-toc-section-end\"><\/span><\/h2>\n<p>Datele companiei de consultan\u021b\u0103 imobiliar\u0103 Cushman &#038; Wakefield Echinox relev\u0103 c\u0103 pia\u021ba logistic\u0103 \u0219i industrial\u0103 autohton\u0103 va consemna anul acesta o cerere-record, volumul \u00eenchirierilor de asemenea spa\u021bii urm\u00e2nd a dep\u0103\u0219i, potrivit estim\u0103rilor, pragul de 700.000 de metri p\u0103tra\u021bi. Astfel, volumul tranzac\u021bionat \u00een primele nou\u0103 luni ale anului s-a ridicat la 581.000 de metri p\u0103tra\u021bi, ceea ce reprezint\u0103 un avans de 94% comparativ cu perioada similar\u0103 a anului precedent. Aceast\u0103 evolu\u021bie ca urmare a intensific\u0103rii comer\u021bului online, pe fondul Covid-19, c\u00e2t \u0219i ca urmare a pozi\u021bion\u0103rii Bucure\u0219tiului ca centru logistic regional pentru o serie de retaileri interna\u021bionali. P\u00e2n\u0103 \u00een momentul de fa\u021b\u0103, Bucure\u0219tiul a atras 65% din cerere, iar Timi\u0219oara aproape 13%, cele dou\u0103 pie\u021be fiind cele mai mari \u0219i mai active poluri industriale \u0219i logistice din Rom\u00e2nia.<\/p>\n<p><strong>Cite\u0219te \u0219i:<br \/>\n<a class=\"article-body-links\"href=\"https:\/\/www.imobiliare.ro\/imoexpert\/piata-de-birouri-din-bucuresti-in-t3-2020-harta-proiectelor-aflate-in-constructie_db\/\">Pia\u021ba de birouri din Bucure\u0219ti \u00een T3 2020. HARTA proiectelor aflate \u00een construc\u021bie<\/a><\/strong><\/p>\n<blockquote><p>\u201eAm observat o fluiditate \u0219i o activitate extrem de dinamic\u0103 a segmentului logistic \u00een contextul \u00een care existen\u021ba stocurilor c\u00e2t mai aproape de pie\u021bele de desfacere \u0219i livr\u0103rile rapide c\u0103tre consumatorul final sunt cruciale \u00een maximizarea v\u00e2nz\u0103rilor. Strategia de extindere a retailerilor sau operatorilor online, respectiv consolid\u0103rile companiilor din FMCG, logistic\u0103 \u0219i curierat au fost corelate cu cererea \u00een cre\u0219tere \u0219i au rolul de a pre\u00eent\u00e2mpina poten\u021biale blocaje \u00een canalele de distribu\u021bie pe fondul limit\u0103rilor din ultimele opt luni.\u201d<\/p>\n<p><strong>Rodica T\u00e2rcavu, Partner Industrial Agency, Cushman &#038; Wakefield Echinox<\/strong><\/p><\/blockquote>\n<p>&nbsp;<\/p>\n<h2><span class=\"ez-toc-section\" id=\"Cu_un_sfert_mai_multe_livrari_decat_in_2019\"><\/span>Cu un sfert mai multe livr\u0103ri dec\u00e2t \u00een 2019<span class=\"ez-toc-section-end\"><\/span><\/h2>\n<p>Pe fondul cererii crescute pe segmentul de \u00eenchirieri, \u0219i dezvoltatorii de pe aceast\u0103 pia\u021b\u0103 au fost foarte activi \u00een 2020, ace\u0219tia livr\u00e2nd, \u00een perioada ianuarie-septembrie, spa\u021bii noi cu o suprafa\u021b\u0103 de 356.000 de metri p\u0103tra\u021bi, \u00een cre\u0219tere cu 27% fa\u021b\u0103 de perioada similar\u0103 a anului anterior. Aproximativ 75% din noile spa\u021bii au fost date \u00een folosin\u021b\u0103 \u00een zona Capitalei, mai ales la intrarea pe autostrada Bucure\u0219ti-Pite\u0219ti, dar \u0219i \u00een zonele de nord-vest \u0219i nord, \u00een dreptul autostr\u0103zii Bucure\u0219ti-Ploie\u0219ti. \u201e\u00cen timp ce IKEA, prin intermediul operatorilor logistici Maersk \u0219i IB Cargo, a ales s\u0103 dezvolte un centru de distribu\u021bie regional cu o suprafa\u021b\u0103 de 75.000 de metri p\u0103tra\u021bi \u00een cadrul proiectului CTPark Bucharest West situat la kilometrul 23 al A1, retailerul polonez de fashion LPP a decis s\u0103 \u00ee\u0219i dubleze suprafa\u021ba centrului de distribu\u021bie din cadrul WDP Park \u0218tef\u0103ne\u0219ti, \u00een zona de nord a Capitalei, unde a \u00eenchiriat un spa\u021biu suplimentar de 22.000 de metri p\u0103tra\u021bi\u201d, subliniaz\u0103 reprezentan\u021bii Cushman &#038; Wakefield Echinox. <\/p>\n<p><strong>Cite\u0219te \u0219i:<br \/>\n<a class=\"article-body-links\"href=\"https:\/\/www.imobiliare.ro\/imoexpert\/cele-mai-recente-livrari-de-pe-piata-de-retail-la-cat-ajunge-stocul-autohton-de-asemenea-spatii_db\/\">Cele mai recente livr\u0103ri de pe pia\u021ba de retail. La c\u00e2t ajunge stocul autohton de asemenea spa\u021bii<\/a><\/strong><\/p>\n<blockquote><p>\u201eAnul acesta am putut observa diverse implement\u0103ri strategice ale juc\u0103torilor din pia\u021ba de industrial \u0219i logistic\u0103, procese accelerate de pandemie \u0219i de blocajele din supply-chain generate de restric\u021biile de circula\u021bie. Astfel, au fost realizate optimiz\u0103ri care au generat cerere suplimentar\u0103 de spa\u021bii \u0219i au intensificat activitatea at\u00e2t pe segmentele de curierat \u0219i farma, c\u00e2t \u0219i pe segmentele de produc\u021bie \u0219i logistic\u0103. Estim\u0103m c\u0103 anul viitor acest trend va continua pe fondul reconfigur\u0103rii globale a sectorului de produc\u021bie, dar \u0219i a evolu\u021biei segmentului de retail online care \u00ee\u0219i va men\u021bine ritmul accelerat de dezvoltare.\u201d<\/p>\n<p><strong>Andrei Br\u00eenzea, Partner, Head of Land, Industrial &#038; Logistics, Cushman &#038; Wakefield Echinox<\/strong><\/p><\/blockquote>\n<p>&nbsp;<\/p>\n<p>\u00cen momentul de fa\u021b\u0103, stocul logistic \u0219i industrial din Rom\u00e2nia se ridic\u0103, potrivit datelor companiei de consultan\u021b\u0103, la circa 4,3 milioane de metri p\u0103tra\u021bi, jum\u0103tate din acesta reg\u0103sindu-se \u00een jurul Bucure\u0219tiului. Chiriile de referin\u021b\u0103 au r\u0103mas stabile \u00een acest an, situ\u00e2ndu-se \u00eentre 3,75 \u0219i 4 euro pe metru p\u0103trat pe lun\u0103. Cei mai mari de\u021bin\u0103tori de asemenea spa\u021bii sunt companiile CTP (din Olanda) \u0219i WDP (din Belgia), care de\u021bin \u00eempreun\u0103 o cot\u0103 de pia\u021b\u0103 de aproximativ 50%.<\/p>\n<p><strong>Cite\u0219te \u0219i:<br \/>\n<a class=\"article-body-links\"href=\"https:\/\/www.imobiliare.ro\/imoexpert\/cushman-wakefield-echinox-piata-investitionala-din-romania-ramane-atractiva-si-robusta-2020-ar-putea-aduce-un-record-al-ultimilor-sase-ani_db\/\">Cushman &#038; Wakefield Echinox: Pia\u021ba investi\u021bional\u0103 din Rom\u00e2nia r\u0103m\u00e2ne atractiv\u0103 \u0219i robust\u0103. 2020 ar putea aduce un record al ultimilor \u0219ase ani<\/a><\/strong><\/p>\n","protected":false},"excerpt":{"rendered":"<p>\u00cen zona Bucure\u0219tiului a fost tranzac\u021bionat, p\u00e2n\u0103 \u00een momentul de fa\u021b\u0103, mai bine de jum\u0103tate din volumul tranzac\u021bionat la nivel na\u021bional. Datele companiei de consultan\u021b\u0103 imobiliar\u0103 Cushman &#038; Wakefield Echinox relev\u0103 c\u0103 pia\u021ba logistic\u0103 \u0219i industrial\u0103 autohton\u0103 va consemna anul acesta o cerere-record, volumul \u00eenchirierilor de asemenea spa\u021bii urm\u00e2nd a dep\u0103\u0219i, potrivit estim\u0103rilor, pragul de [&hellip;]<\/p>\n","protected":false},"author":829,"featured_media":61062,"comment_status":"open","ping_status":"open","sticky":false,"template":"","format":"standard","meta":{"footnotes":""},"categories":[259],"tags":[1902,1955,598,446],"content_author":[],"class_list":["post-61061","post","type-post","status-publish","format-standard","has-post-thumbnail","hentry","category-stiri","tag-covid-19","tag-cushman-wakefield-echinox","tag-spatii-industriale","tag-spatii-logistice"],"yoast_head":"<!-- This site is optimized with the Yoast SEO Premium plugin v27.0 (Yoast SEO v27.0) - https:\/\/yoast.com\/product\/yoast-seo-premium-wordpress\/ -->\n<title>2020, un an-record pentru \u00eenchirierile de spa\u021bii logistice \u0219i industriale - \u0218tiri - ImoExpert<\/title>\n<meta name=\"description\" content=\"\u00cen zona Bucure\u0219tiului a fost tranzac\u021bionat, p\u00e2n\u0103 \u00een momentul de fa\u021b\u0103, mai bine de jum\u0103tate din volumul tranzac\u021bionat la nivel na\u021bional. Datele companiei\" \/>\n<meta name=\"robots\" content=\"index, follow\" \/>\n<link rel=\"canonical\" href=\"https:\/\/www.imobiliare.ro\/imoexpert\/2020-un-an-record-pentru-inchirierile-de-spatii-logistice-si-industriale_db\/\" \/>\n<meta property=\"og:locale\" content=\"ro_RO\" \/>\n<meta property=\"og:type\" content=\"article\" \/>\n<meta property=\"og:title\" content=\"2020, un an-record pentru \u00eenchirierile de spa\u021bii logistice \u0219i industriale\" \/>\n<meta property=\"og:description\" content=\"\u00cen zona Bucure\u0219tiului a fost tranzac\u021bionat, p\u00e2n\u0103 \u00een momentul de fa\u021b\u0103, mai bine de jum\u0103tate din volumul tranzac\u021bionat la nivel na\u021bional. Datele companiei\" \/>\n<meta property=\"og:url\" content=\"https:\/\/www.imobiliare.ro\/imoexpert\/2020-un-an-record-pentru-inchirierile-de-spatii-logistice-si-industriale_db\/\" \/>\n<meta property=\"og:site_name\" content=\"ImoExpert\" \/>\n<meta property=\"article:published_time\" content=\"2020-11-18T12:54:04+00:00\" \/>\n<meta property=\"og:image\" content=\"https:\/\/www.imobiliare.ro\/imoexpert\/wp-content\/uploads\/2020\/11\/2020-un-an-record-pentru-inchirierile-de-spatii-logistice.jpg\" \/>\n\t<meta property=\"og:image:width\" content=\"800\" \/>\n\t<meta property=\"og:image:height\" content=\"527\" \/>\n\t<meta property=\"og:image:type\" content=\"image\/jpeg\" \/>\n<meta name=\"author\" content=\"Adriana Dr\u0103gu\u0219in\" \/>\n<meta name=\"twitter:card\" content=\"summary_large_image\" \/>\n<meta name=\"twitter:label1\" content=\"Written by\" \/>\n\t<meta name=\"twitter:data1\" content=\"Adriana Dr\u0103gu\u0219in\" \/>\n\t<meta name=\"twitter:label2\" content=\"Est. reading time\" \/>\n\t<meta name=\"twitter:data2\" content=\"4 minute\" \/>\n<script type=\"application\/ld+json\" class=\"yoast-schema-graph\">{\"@context\":\"https:\/\/schema.org\",\"@graph\":[{\"@type\":\"Article\",\"@id\":\"https:\/\/www.imobiliare.ro\/imoexpert\/2020-un-an-record-pentru-inchirierile-de-spatii-logistice-si-industriale_db\/#article\",\"isPartOf\":{\"@id\":\"https:\/\/www.imobiliare.ro\/imoexpert\/2020-un-an-record-pentru-inchirierile-de-spatii-logistice-si-industriale_db\/\"},\"author\":{\"name\":\"Adriana Dr\u0103gu\u0219in\",\"@id\":\"https:\/\/www.imobiliare.ro\/imoexpert\/#\/schema\/person\/8c13b0297075010b896471fabf0d7790\"},\"headline\":\"2020, un an-record pentru \u00eenchirierile de spa\u021bii logistice \u0219i industriale\",\"datePublished\":\"2020-11-18T12:54:04+00:00\",\"mainEntityOfPage\":{\"@id\":\"https:\/\/www.imobiliare.ro\/imoexpert\/2020-un-an-record-pentru-inchirierile-de-spatii-logistice-si-industriale_db\/\"},\"wordCount\":757,\"commentCount\":0,\"publisher\":{\"@id\":\"https:\/\/www.imobiliare.ro\/imoexpert\/#organization\"},\"image\":{\"@id\":\"https:\/\/www.imobiliare.ro\/imoexpert\/2020-un-an-record-pentru-inchirierile-de-spatii-logistice-si-industriale_db\/#primaryimage\"},\"thumbnailUrl\":\"https:\/\/www.imobiliare.ro\/imoexpert\/wp-content\/uploads\/2020\/11\/2020-un-an-record-pentru-inchirierile-de-spatii-logistice.jpg\",\"keywords\":[\"COVID-19\",\"Cushman Wakefield Echinox\",\"spatii industriale\",\"spatii logistice\"],\"articleSection\":[\"\u0218tiri\"],\"inLanguage\":\"en\",\"potentialAction\":[{\"@type\":\"CommentAction\",\"name\":\"Comment\",\"target\":[\"https:\/\/www.imobiliare.ro\/imoexpert\/2020-un-an-record-pentru-inchirierile-de-spatii-logistice-si-industriale_db\/#respond\"]}],\"copyrightYear\":\"2020\",\"copyrightHolder\":{\"@id\":\"https:\/\/www.imobiliare.ro\/imoexpert\/#organization\"}},{\"@type\":\"WebPage\",\"@id\":\"https:\/\/www.imobiliare.ro\/imoexpert\/2020-un-an-record-pentru-inchirierile-de-spatii-logistice-si-industriale_db\/\",\"url\":\"https:\/\/www.imobiliare.ro\/imoexpert\/2020-un-an-record-pentru-inchirierile-de-spatii-logistice-si-industriale_db\/\",\"name\":\"2020, un an-record pentru \u00eenchirierile de spa\u021bii logistice \u0219i industriale - \u0218tiri - ImoExpert\",\"isPartOf\":{\"@id\":\"https:\/\/www.imobiliare.ro\/imoexpert\/#website\"},\"primaryImageOfPage\":{\"@id\":\"https:\/\/www.imobiliare.ro\/imoexpert\/2020-un-an-record-pentru-inchirierile-de-spatii-logistice-si-industriale_db\/#primaryimage\"},\"image\":{\"@id\":\"https:\/\/www.imobiliare.ro\/imoexpert\/2020-un-an-record-pentru-inchirierile-de-spatii-logistice-si-industriale_db\/#primaryimage\"},\"thumbnailUrl\":\"https:\/\/www.imobiliare.ro\/imoexpert\/wp-content\/uploads\/2020\/11\/2020-un-an-record-pentru-inchirierile-de-spatii-logistice.jpg\",\"datePublished\":\"2020-11-18T12:54:04+00:00\",\"description\":\"\u00cen zona Bucure\u0219tiului a fost tranzac\u021bionat, p\u00e2n\u0103 \u00een momentul de fa\u021b\u0103, mai bine de jum\u0103tate din volumul tranzac\u021bionat la nivel na\u021bional. Datele companiei\",\"breadcrumb\":{\"@id\":\"https:\/\/www.imobiliare.ro\/imoexpert\/2020-un-an-record-pentru-inchirierile-de-spatii-logistice-si-industriale_db\/#breadcrumb\"},\"inLanguage\":\"en\",\"potentialAction\":[{\"@type\":\"ReadAction\",\"target\":[\"https:\/\/www.imobiliare.ro\/imoexpert\/2020-un-an-record-pentru-inchirierile-de-spatii-logistice-si-industriale_db\/\"]}]},{\"@type\":\"ImageObject\",\"inLanguage\":\"en\",\"@id\":\"https:\/\/www.imobiliare.ro\/imoexpert\/2020-un-an-record-pentru-inchirierile-de-spatii-logistice-si-industriale_db\/#primaryimage\",\"url\":\"https:\/\/www.imobiliare.ro\/imoexpert\/wp-content\/uploads\/2020\/11\/2020-un-an-record-pentru-inchirierile-de-spatii-logistice.jpg\",\"contentUrl\":\"https:\/\/www.imobiliare.ro\/imoexpert\/wp-content\/uploads\/2020\/11\/2020-un-an-record-pentru-inchirierile-de-spatii-logistice.jpg\",\"width\":800,\"height\":527,\"caption\":\"Surs\u0103: Unsplash.com\"},{\"@type\":\"BreadcrumbList\",\"@id\":\"https:\/\/www.imobiliare.ro\/imoexpert\/2020-un-an-record-pentru-inchirierile-de-spatii-logistice-si-industriale_db\/#breadcrumb\",\"itemListElement\":[{\"@type\":\"ListItem\",\"position\":1,\"name\":\"Imoradar24\",\"item\":\"https:\/\/www.imoradar24.ro\"},{\"@type\":\"ListItem\",\"position\":2,\"name\":\"ImoExpert\",\"item\":\"https:\/\/www.imobiliare.ro\/imoexpert\/\"},{\"@type\":\"ListItem\",\"position\":3,\"name\":\"\u0218tiri\",\"item\":\"https:\/\/www.imobiliare.ro\/imoexpert\/stiri\/\"},{\"@type\":\"ListItem\",\"position\":4,\"name\":\"2020, un an-record pentru \u00eenchirierile de spa\u021bii logistice \u0219i industriale\"}]},{\"@type\":\"WebSite\",\"@id\":\"https:\/\/www.imobiliare.ro\/imoexpert\/#website\",\"url\":\"https:\/\/www.imobiliare.ro\/imoexpert\/\",\"name\":\"ImoExpert\",\"description\":\"cele mai importante \u015ftiri din domeniul imobiliar\",\"publisher\":{\"@id\":\"https:\/\/www.imobiliare.ro\/imoexpert\/#organization\"},\"inLanguage\":\"en\"},{\"@type\":\"Organization\",\"@id\":\"https:\/\/www.imobiliare.ro\/imoexpert\/#organization\",\"name\":\"Imobiliare.ro\",\"alternateName\":\"Realmedia Network SA\",\"url\":\"https:\/\/www.imobiliare.ro\/imoexpert\/\",\"logo\":{\"@type\":\"ImageObject\",\"inLanguage\":\"en\",\"@id\":\"https:\/\/www.imobiliare.ro\/imoexpert\/#\/schema\/logo\/image\/\",\"url\":\"https:\/\/www.imobiliare.ro\/imoexpert\/wp-content\/uploads\/2025\/05\/imobiliare_logo.png\",\"contentUrl\":\"https:\/\/www.imobiliare.ro\/imoexpert\/wp-content\/uploads\/2025\/05\/imobiliare_logo.png\",\"width\":237,\"height\":29,\"caption\":\"Imobiliare.ro\"},\"image\":{\"@id\":\"https:\/\/www.imobiliare.ro\/imoexpert\/#\/schema\/logo\/image\/\"}},{\"@type\":\"Person\",\"@id\":\"https:\/\/www.imobiliare.ro\/imoexpert\/#\/schema\/person\/8c13b0297075010b896471fabf0d7790\",\"name\":\"Adriana Dr\u0103gu\u0219in\",\"image\":{\"@type\":\"ImageObject\",\"inLanguage\":\"en\",\"@id\":\"https:\/\/www.imobiliare.ro\/imoexpert\/#\/schema\/person\/image\/\",\"url\":\"https:\/\/secure.gravatar.com\/avatar\/ba4762f7517e50e679ed7f11207102d1150120f2f5800c0da98f8a15305bf514?s=96&d=mm&r=g\",\"contentUrl\":\"https:\/\/secure.gravatar.com\/avatar\/ba4762f7517e50e679ed7f11207102d1150120f2f5800c0da98f8a15305bf514?s=96&d=mm&r=g\",\"caption\":\"Adriana Dr\u0103gu\u0219in\"},\"jobTitle\":\"Editor\",\"url\":\"https:\/\/www.imobiliare.ro\/imoexpert\/author\/adriana-dragusin\/\"}]}<\/script>\n<!-- \/ Yoast SEO Premium plugin. -->","yoast_head_json":{"title":"2020, un an-record pentru \u00eenchirierile de spa\u021bii logistice \u0219i industriale - \u0218tiri - ImoExpert","description":"\u00cen zona Bucure\u0219tiului a fost tranzac\u021bionat, p\u00e2n\u0103 \u00een momentul de fa\u021b\u0103, mai bine de jum\u0103tate din volumul tranzac\u021bionat la nivel na\u021bional. Datele companiei","robots":{"index":"index","follow":"follow"},"canonical":"https:\/\/www.imobiliare.ro\/imoexpert\/2020-un-an-record-pentru-inchirierile-de-spatii-logistice-si-industriale_db\/","og_locale":"ro_RO","og_type":"article","og_title":"2020, un an-record pentru \u00eenchirierile de spa\u021bii logistice \u0219i industriale","og_description":"\u00cen zona Bucure\u0219tiului a fost tranzac\u021bionat, p\u00e2n\u0103 \u00een momentul de fa\u021b\u0103, mai bine de jum\u0103tate din volumul tranzac\u021bionat la nivel na\u021bional. Datele companiei","og_url":"https:\/\/www.imobiliare.ro\/imoexpert\/2020-un-an-record-pentru-inchirierile-de-spatii-logistice-si-industriale_db\/","og_site_name":"ImoExpert","article_published_time":"2020-11-18T12:54:04+00:00","og_image":[{"width":800,"height":527,"url":"https:\/\/www.imobiliare.ro\/imoexpert\/wp-content\/uploads\/2020\/11\/2020-un-an-record-pentru-inchirierile-de-spatii-logistice.jpg","type":"image\/jpeg"}],"author":"Adriana Dr\u0103gu\u0219in","twitter_card":"summary_large_image","twitter_misc":{"Written by":"Adriana Dr\u0103gu\u0219in","Est. reading time":"4 minute"},"schema":{"@context":"https:\/\/schema.org","@graph":[{"@type":"Article","@id":"https:\/\/www.imobiliare.ro\/imoexpert\/2020-un-an-record-pentru-inchirierile-de-spatii-logistice-si-industriale_db\/#article","isPartOf":{"@id":"https:\/\/www.imobiliare.ro\/imoexpert\/2020-un-an-record-pentru-inchirierile-de-spatii-logistice-si-industriale_db\/"},"author":{"name":"Adriana Dr\u0103gu\u0219in","@id":"https:\/\/www.imobiliare.ro\/imoexpert\/#\/schema\/person\/8c13b0297075010b896471fabf0d7790"},"headline":"2020, un an-record pentru \u00eenchirierile de spa\u021bii logistice \u0219i industriale","datePublished":"2020-11-18T12:54:04+00:00","mainEntityOfPage":{"@id":"https:\/\/www.imobiliare.ro\/imoexpert\/2020-un-an-record-pentru-inchirierile-de-spatii-logistice-si-industriale_db\/"},"wordCount":757,"commentCount":0,"publisher":{"@id":"https:\/\/www.imobiliare.ro\/imoexpert\/#organization"},"image":{"@id":"https:\/\/www.imobiliare.ro\/imoexpert\/2020-un-an-record-pentru-inchirierile-de-spatii-logistice-si-industriale_db\/#primaryimage"},"thumbnailUrl":"https:\/\/www.imobiliare.ro\/imoexpert\/wp-content\/uploads\/2020\/11\/2020-un-an-record-pentru-inchirierile-de-spatii-logistice.jpg","keywords":["COVID-19","Cushman Wakefield Echinox","spatii industriale","spatii logistice"],"articleSection":["\u0218tiri"],"inLanguage":"en","potentialAction":[{"@type":"CommentAction","name":"Comment","target":["https:\/\/www.imobiliare.ro\/imoexpert\/2020-un-an-record-pentru-inchirierile-de-spatii-logistice-si-industriale_db\/#respond"]}],"copyrightYear":"2020","copyrightHolder":{"@id":"https:\/\/www.imobiliare.ro\/imoexpert\/#organization"}},{"@type":"WebPage","@id":"https:\/\/www.imobiliare.ro\/imoexpert\/2020-un-an-record-pentru-inchirierile-de-spatii-logistice-si-industriale_db\/","url":"https:\/\/www.imobiliare.ro\/imoexpert\/2020-un-an-record-pentru-inchirierile-de-spatii-logistice-si-industriale_db\/","name":"2020, un an-record pentru \u00eenchirierile de spa\u021bii logistice \u0219i industriale - \u0218tiri - ImoExpert","isPartOf":{"@id":"https:\/\/www.imobiliare.ro\/imoexpert\/#website"},"primaryImageOfPage":{"@id":"https:\/\/www.imobiliare.ro\/imoexpert\/2020-un-an-record-pentru-inchirierile-de-spatii-logistice-si-industriale_db\/#primaryimage"},"image":{"@id":"https:\/\/www.imobiliare.ro\/imoexpert\/2020-un-an-record-pentru-inchirierile-de-spatii-logistice-si-industriale_db\/#primaryimage"},"thumbnailUrl":"https:\/\/www.imobiliare.ro\/imoexpert\/wp-content\/uploads\/2020\/11\/2020-un-an-record-pentru-inchirierile-de-spatii-logistice.jpg","datePublished":"2020-11-18T12:54:04+00:00","description":"\u00cen zona Bucure\u0219tiului a fost tranzac\u021bionat, p\u00e2n\u0103 \u00een momentul de fa\u021b\u0103, mai bine de jum\u0103tate din volumul tranzac\u021bionat la nivel na\u021bional. Datele companiei","breadcrumb":{"@id":"https:\/\/www.imobiliare.ro\/imoexpert\/2020-un-an-record-pentru-inchirierile-de-spatii-logistice-si-industriale_db\/#breadcrumb"},"inLanguage":"en","potentialAction":[{"@type":"ReadAction","target":["https:\/\/www.imobiliare.ro\/imoexpert\/2020-un-an-record-pentru-inchirierile-de-spatii-logistice-si-industriale_db\/"]}]},{"@type":"ImageObject","inLanguage":"en","@id":"https:\/\/www.imobiliare.ro\/imoexpert\/2020-un-an-record-pentru-inchirierile-de-spatii-logistice-si-industriale_db\/#primaryimage","url":"https:\/\/www.imobiliare.ro\/imoexpert\/wp-content\/uploads\/2020\/11\/2020-un-an-record-pentru-inchirierile-de-spatii-logistice.jpg","contentUrl":"https:\/\/www.imobiliare.ro\/imoexpert\/wp-content\/uploads\/2020\/11\/2020-un-an-record-pentru-inchirierile-de-spatii-logistice.jpg","width":800,"height":527,"caption":"Surs\u0103: Unsplash.com"},{"@type":"BreadcrumbList","@id":"https:\/\/www.imobiliare.ro\/imoexpert\/2020-un-an-record-pentru-inchirierile-de-spatii-logistice-si-industriale_db\/#breadcrumb","itemListElement":[{"@type":"ListItem","position":1,"name":"Imoradar24","item":"https:\/\/www.imoradar24.ro"},{"@type":"ListItem","position":2,"name":"ImoExpert","item":"https:\/\/www.imobiliare.ro\/imoexpert\/"},{"@type":"ListItem","position":3,"name":"\u0218tiri","item":"https:\/\/www.imobiliare.ro\/imoexpert\/stiri\/"},{"@type":"ListItem","position":4,"name":"2020, un an-record pentru \u00eenchirierile de spa\u021bii logistice \u0219i industriale"}]},{"@type":"WebSite","@id":"https:\/\/www.imobiliare.ro\/imoexpert\/#website","url":"https:\/\/www.imobiliare.ro\/imoexpert\/","name":"ImoExpert","description":"cele mai importante \u015ftiri din domeniul imobiliar","publisher":{"@id":"https:\/\/www.imobiliare.ro\/imoexpert\/#organization"},"inLanguage":"en"},{"@type":"Organization","@id":"https:\/\/www.imobiliare.ro\/imoexpert\/#organization","name":"Imobiliare.ro","alternateName":"Realmedia Network SA","url":"https:\/\/www.imobiliare.ro\/imoexpert\/","logo":{"@type":"ImageObject","inLanguage":"en","@id":"https:\/\/www.imobiliare.ro\/imoexpert\/#\/schema\/logo\/image\/","url":"https:\/\/www.imobiliare.ro\/imoexpert\/wp-content\/uploads\/2025\/05\/imobiliare_logo.png","contentUrl":"https:\/\/www.imobiliare.ro\/imoexpert\/wp-content\/uploads\/2025\/05\/imobiliare_logo.png","width":237,"height":29,"caption":"Imobiliare.ro"},"image":{"@id":"https:\/\/www.imobiliare.ro\/imoexpert\/#\/schema\/logo\/image\/"}},{"@type":"Person","@id":"https:\/\/www.imobiliare.ro\/imoexpert\/#\/schema\/person\/8c13b0297075010b896471fabf0d7790","name":"Adriana Dr\u0103gu\u0219in","image":{"@type":"ImageObject","inLanguage":"en","@id":"https:\/\/www.imobiliare.ro\/imoexpert\/#\/schema\/person\/image\/","url":"https:\/\/secure.gravatar.com\/avatar\/ba4762f7517e50e679ed7f11207102d1150120f2f5800c0da98f8a15305bf514?s=96&d=mm&r=g","contentUrl":"https:\/\/secure.gravatar.com\/avatar\/ba4762f7517e50e679ed7f11207102d1150120f2f5800c0da98f8a15305bf514?s=96&d=mm&r=g","caption":"Adriana Dr\u0103gu\u0219in"},"jobTitle":"Editor","url":"https:\/\/www.imobiliare.ro\/imoexpert\/author\/adriana-dragusin\/"}]}},"_links":{"self":[{"href":"https:\/\/www.imobiliare.ro\/imoexpert\/wp-json\/wp\/v2\/posts\/61061","targetHints":{"allow":["GET"]}}],"collection":[{"href":"https:\/\/www.imobiliare.ro\/imoexpert\/wp-json\/wp\/v2\/posts"}],"about":[{"href":"https:\/\/www.imobiliare.ro\/imoexpert\/wp-json\/wp\/v2\/types\/post"}],"author":[{"embeddable":true,"href":"https:\/\/www.imobiliare.ro\/imoexpert\/wp-json\/wp\/v2\/users\/829"}],"replies":[{"embeddable":true,"href":"https:\/\/www.imobiliare.ro\/imoexpert\/wp-json\/wp\/v2\/comments?post=61061"}],"version-history":[{"count":0,"href":"https:\/\/www.imobiliare.ro\/imoexpert\/wp-json\/wp\/v2\/posts\/61061\/revisions"}],"wp:featuredmedia":[{"embeddable":true,"href":"https:\/\/www.imobiliare.ro\/imoexpert\/wp-json\/wp\/v2\/media\/61062"}],"wp:attachment":[{"href":"https:\/\/www.imobiliare.ro\/imoexpert\/wp-json\/wp\/v2\/media?parent=61061"}],"wp:term":[{"taxonomy":"category","embeddable":true,"href":"https:\/\/www.imobiliare.ro\/imoexpert\/wp-json\/wp\/v2\/categories?post=61061"},{"taxonomy":"post_tag","embeddable":true,"href":"https:\/\/www.imobiliare.ro\/imoexpert\/wp-json\/wp\/v2\/tags?post=61061"},{"taxonomy":"content_author","embeddable":true,"href":"https:\/\/www.imobiliare.ro\/imoexpert\/wp-json\/wp\/v2\/content_author?post=61061"}],"curies":[{"name":"wp","href":"https:\/\/api.w.org\/{rel}","templated":true}]}}