{"id":61072,"date":"2020-11-18T18:59:55","date_gmt":"2020-11-18T16:59:55","guid":{"rendered":"https:\/\/www.imobiliare.ro\/imoexpert\/?p=61072"},"modified":"2020-11-18T18:59:55","modified_gmt":"2020-11-18T16:59:55","slug":"impact-avans-de-35-al-veniturilor-din-vanzari-in-primele-noua-luni-din-2020-majorarea-plafonului-pentru-cota-redusa-de-tva-va-fi-o-gura-de-oxigen-in-marile-orase","status":"publish","type":"post","link":"https:\/\/www.imobiliare.ro\/imoexpert\/impact-avans-de-35-al-veniturilor-din-vanzari-in-primele-noua-luni-din-2020-majorarea-plafonului-pentru-cota-redusa-de-tva-va-fi-o-gura-de-oxigen-in-marile-orase_db\/","title":{"rendered":"Impact: avans de 35% al veniturilor din v\u00e2nz\u0103ri \u00een primele nou\u0103 luni din 2020. Majorarea plafonului pentru cota redus\u0103 de TVA va fi \u201eo gur\u0103 de oxigen\u201d \u00een marile ora\u0219e"},"content":{"rendered":"<p><a class=\"article-body-links\"href=\"https:\/\/www.imobiliare.ro\/imoexpert\/wp-content\/uploads\/2020\/11\/Impact-avans-de-35-al-veniturilor-din-vanzari-in-primele-noua-luni-din-2020-Greenfield-Baneasa.jpg\"><img loading=\"lazy\" decoding=\"async\" src=\"https:\/\/www.imobiliare.ro\/imoexpert\/wp-content\/uploads\/2020\/11\/Impact-avans-de-35-al-veniturilor-din-vanzari-in-primele-noua-luni-din-2020-Greenfield-Baneasa.jpg\" alt=\"\" width=\"800\" height=\"600\" class=\"aligncenter size-full wp-image-61121\" srcset=\"https:\/\/www.imobiliare.ro\/imoexpert\/wp-content\/uploads\/2020\/11\/Impact-avans-de-35-al-veniturilor-din-vanzari-in-primele-noua-luni-din-2020-Greenfield-Baneasa.jpg 800w, https:\/\/www.imobiliare.ro\/imoexpert\/wp-content\/uploads\/2020\/11\/Impact-avans-de-35-al-veniturilor-din-vanzari-in-primele-noua-luni-din-2020-Greenfield-Baneasa-300x225.jpg 300w, https:\/\/www.imobiliare.ro\/imoexpert\/wp-content\/uploads\/2020\/11\/Impact-avans-de-35-al-veniturilor-din-vanzari-in-primele-noua-luni-din-2020-Greenfield-Baneasa-768x576.jpg 768w\" sizes=\"auto, (max-width: 800px) 100vw, 800px\" \/><\/a><\/p>\n<div id=\"ez-toc-container\" class=\"ez-toc-v2_0_81 counter-hierarchy ez-toc-counter ez-toc-grey ez-toc-container-direction\">\n<p class=\"ez-toc-title\" style=\"cursor:inherit\">Table of Contents<\/p>\n<label for=\"ez-toc-cssicon-toggle-item-69f45ff86e5ae\" class=\"ez-toc-cssicon-toggle-label\"><span class=\"ez-toc-cssicon\"><span class=\"eztoc-hide\" style=\"display:none;\">Toggle<\/span><span class=\"ez-toc-icon-toggle-span\"><svg style=\"fill: #999;color:#999\" xmlns=\"http:\/\/www.w3.org\/2000\/svg\" class=\"list-377408\" width=\"20px\" height=\"20px\" viewBox=\"0 0 24 24\" fill=\"none\"><path d=\"M6 6H4v2h2V6zm14 0H8v2h12V6zM4 11h2v2H4v-2zm16 0H8v2h12v-2zM4 16h2v2H4v-2zm16 0H8v2h12v-2z\" fill=\"currentColor\"><\/path><\/svg><svg style=\"fill: #999;color:#999\" class=\"arrow-unsorted-368013\" xmlns=\"http:\/\/www.w3.org\/2000\/svg\" width=\"10px\" height=\"10px\" viewBox=\"0 0 24 24\" version=\"1.2\" baseProfile=\"tiny\"><path d=\"M18.2 9.3l-6.2-6.3-6.2 6.3c-.2.2-.3.4-.3.7s.1.5.3.7c.2.2.4.3.7.3h11c.3 0 .5-.1.7-.3.2-.2.3-.5.3-.7s-.1-.5-.3-.7zM5.8 14.7l6.2 6.3 6.2-6.3c.2-.2.3-.5.3-.7s-.1-.5-.3-.7c-.2-.2-.4-.3-.7-.3h-11c-.3 0-.5.1-.7.3-.2.2-.3.5-.3.7s.1.5.3.7z\"\/><\/svg><\/span><\/span><\/label><input type=\"checkbox\"  id=\"ez-toc-cssicon-toggle-item-69f45ff86e5ae\"  aria-label=\"Toggle\" \/><nav><ul class='ez-toc-list ez-toc-list-level-1 ' ><li class='ez-toc-page-1 ez-toc-heading-level-2'><a class=\"ez-toc-link ez-toc-heading-1\" href=\"https:\/\/www.imobiliare.ro\/imoexpert\/impact-avans-de-35-al-veniturilor-din-vanzari-in-primele-noua-luni-din-2020-majorarea-plafonului-pentru-cota-redusa-de-tva-va-fi-o-gura-de-oxigen-in-marile-orase_db\/#Dezvoltatorul_a_consemnat_o_crestere_a_ponderii_din_vanzari_detinute_de_ansamblul_rezidential_premium_pe_care_il_are_in_constructie_in_Capitala\" >Dezvoltatorul a consemnat o cre\u0219tere a ponderii din v\u00e2nz\u0103ri de\u021binute de ansamblul reziden\u021bial premium pe care \u00eel are \u00een construc\u021bie \u00een Capital\u0103.<\/a><\/li><li class='ez-toc-page-1 ez-toc-heading-level-2'><a class=\"ez-toc-link ez-toc-heading-2\" href=\"https:\/\/www.imobiliare.ro\/imoexpert\/impact-avans-de-35-al-veniturilor-din-vanzari-in-primele-noua-luni-din-2020-majorarea-plafonului-pentru-cota-redusa-de-tva-va-fi-o-gura-de-oxigen-in-marile-orase_db\/#Proiecte_in_Bucuresti_Constanta_si_Iasi\" >Proiecte \u00een Bucure\u0219ti, Constan\u021ba \u0219i Ia\u0219i<\/a><\/li><\/ul><\/nav><\/div>\n<h2><span class=\"ez-toc-section\" id=\"Dezvoltatorul_a_consemnat_o_crestere_a_ponderii_din_vanzari_detinute_de_ansamblul_rezidential_premium_pe_care_il_are_in_constructie_in_Capitala\"><\/span>Dezvoltatorul a consemnat o cre\u0219tere a ponderii din v\u00e2nz\u0103ri de\u021binute de ansamblul reziden\u021bial premium pe care \u00eel are \u00een construc\u021bie \u00een Capital\u0103.<span class=\"ez-toc-section-end\"><\/span><\/h2>\n<p>Compania autohton\u0103 Impact Developer &#038; Contractor a \u00eencheiat primele nou\u0103 luni ale anului \u00een curs cu venituri \u00een valoare de 135,349 milioane de lei din v\u00e2nzarea de locuin\u021be, \u00een cre\u0219tere cu 35% fa\u021b\u0103 de perioada similar\u0103 din 2019. Ca volum, v\u00e2nz\u0103rile s-au majorat cu 23% \u00een acela\u0219i interval, ajung\u00e2nd la un total de 258 de unit\u0103\u021bi tranzac\u021bionate (apartamente, plus parc\u0103rile \u0219i terenurile de curte aferente pachetului). \u201eRezultatele \u00eenregistrate dep\u0103\u0219esc nivelul record de \u00eencas\u0103ri \u00eenregistrate anul trecut, c\u00e2nd compania a avut cele mai bune rezultate din ultimii zece ani\u201d, noteaz\u0103 reprezentan\u021bii Impact Developer &#038; Contractor.<\/p>\n<p><strong>Cite\u0219te \u0219i:<br \/>\n<a class=\"article-body-links\"href=\"https:\/\/www.imobiliare.ro\/imoexpert\/pariul-pe-spatii-verzi-impact-investeste-500-000-de-euro-in-amenajarea-a-aproape-10-000-de-metri-patrati-in-luxuria-residence_db\/\">Pariul pe spa\u021bii verzi: Impact investe\u0219te 500.000 de euro \u00een amenajarea a aproape 10.000 de metri p\u0103tra\u021bi \u00een Luxuria Residence<\/a><\/strong><\/p>\n<p>Potrivit companiei dezvoltatoare, dintre cele 258 de locuinte tranzac\u021bionate \u00een aceast\u0103 perioad\u0103, 156 fac parte din proiectul Greenfield Residence B\u0103neasa, iar 102 din ansamblul reziden\u021bial premium Luxuria Residence, amplasat \u00een zona Expozi\u021biei. Apartamentele v\u00e2ndute au totalizat o suprafa\u021b\u0103 construit\u0103 de 21.877 de metri p\u0103tra\u021bi, ceea ce echivaleaz\u0103 cu o suprafa\u021b\u0103 medie de aproximativ 85 de metri p\u0103tra\u021bi per unitate. <\/p>\n<p>\u00cen plus fa\u021b\u0103 de contractele de v\u00e2nzare-cump\u0103rare, la data de 30 septembrie 2020 erau \u00eenregistrate   precontracte de v\u00e2nzare-cump\u0103rare \u0219i rezerv\u0103ri pentru alte 217 de apartamente \u00een Greenfield \u0219i Luxuria. Valoarea cumulat\u0103 a acestor imobile se ridic\u0103 la 120,65 milioane de lei, estimat\u0103 a se transforma \u00een venituri \u00eentre T4 2020 \u0219i 2022. <\/p>\n<blockquote><p>\u201eImpact Developer&#038;Contractor \u00ee\u0219i men\u021bine evolu\u021bia pozitiv\u0103 \u00eentr-o perioad\u0103 dominat\u0103 de incertitudine, raport\u00e2nd v\u00e2nz\u0103ri \u0219i profit opera\u021bional \u00een cre\u0219tere \u00een cadrul proiectelor reziden\u021biale dezvoltate. Primele nou\u0103 luni ale acestui an au adus \u00een plus o schimbare \u00een structura v\u00e2nz\u0103rilor, ansamblul premium Luxuria m\u0103rindu-\u0219i contribu\u021bia la 40%. Ansamblul Greenfield genereaz\u0103 \u00een continuare o pondere semnificativ\u0103 din venituri, de circa 60%, iar \u00een viitorul apropiat ne a\u0219tept\u0103m s\u0103 \u00eenregistr\u0103m v\u00e2nz\u0103ri importante \u0219i \u00een Constan\u021ba, \u00een proiectul Boreal Plus, pe m\u0103sura ce avans\u0103m cu lucr\u0103rile de construc\u021bie. \u00cen perioada urm\u0103toare, estim\u0103m men\u021binerea unui ritm sus\u021binut al v\u00e2nz\u0103rilor, baz\u00e2ndu-ne pe mixul unic de facilit\u0103\u021bi, standard de construc\u021bie \u0219i pret, adus de fiecare dintre proiectele noastre \u00een pia\u021b\u0103. Mai mult, m\u0103sura major\u0103rii plafonului valoric pentru aplicarea cotei de TVA de 5% va aduce cu siguran\u021b\u0103 o gur\u0103 de oxigen pie\u021bei reziden\u021biale, \u00een special \u00een ora\u0219ele mari, stimul\u00e2nd achizi\u021bia unor locuin\u021be mai spa\u021bioase, construite la standarde ridicate, astfel \u00eenc\u00e2t s\u0103 poat\u0103 \u00eendeplini nevoile de confort \u0219i calitate a vie\u021bii pentru familiile tinere.\u201d<\/p>\n<p><strong>Sorin Apostol, CEO Impact Developer &#038; Contractor<\/strong><\/p><\/blockquote>\n<p>&nbsp;<\/p>\n<p><strong>Cite\u0219te \u0219i:<br \/>\n<a class=\"article-body-links\"href=\"https:\/\/www.imobiliare.ro\/imoexpert\/au-fost-finalizate-268-de-apartamente-intr-un-ansamblu-rezidential-premium-din-nordul-capitalei-spatiile-verzi-vor-ocupa-42-din-suprafata-totala-a-terenului-aferent_db\/\">Au fost finalizate 268 de apartamente \u00eentr-un ansamblu reziden\u021bial premium din nordul Capitalei. Spa\u021biile verzi vor ocupa 42% din suprafa\u021ba total\u0103 a terenului aferent<\/a><\/p>\n<p><a class=\"article-body-links\"href=\"https:\/\/www.imobiliare.ro\/imoexpert\/a-inceput-constructia-unui-centru-comunitar-in-cadrul-greenfield-baneasa-va-include-spatii-comerciale-de-birouri-spa-dar-si-scoala-si-gradinita_db\/\">A \u00eenceput construc\u021bia unui centru comunitar \u00een cadrul Greenfield B\u0103neasa. Va include spa\u021bii comerciale, de birouri, SPA, dar \u0219i \u0219coal\u0103 \u0219i gr\u0103dini\u021b\u0103<\/a><\/strong><\/p>\n<figure id=\"attachment_61074\" aria-describedby=\"caption-attachment-61074\" style=\"width: 800px\" class=\"wp-caption aligncenter\"><a class=\"article-body-links\"href=\"https:\/\/www.imobiliare.ro\/imoexpert\/wp-content\/uploads\/2020\/11\/Impact-avans-de-35-al-veniturilor-din-vanzari-in-primele-noua-luni-din-2020-Luxuria.jpg\"><img loading=\"lazy\" decoding=\"async\" src=\"https:\/\/www.imobiliare.ro\/imoexpert\/wp-content\/uploads\/2020\/11\/Impact-avans-de-35-al-veniturilor-din-vanzari-in-primele-noua-luni-din-2020-Luxuria.jpg\" alt=\"\" width=\"800\" height=\"534\" class=\"size-full wp-image-61074\" srcset=\"https:\/\/www.imobiliare.ro\/imoexpert\/wp-content\/uploads\/2020\/11\/Impact-avans-de-35-al-veniturilor-din-vanzari-in-primele-noua-luni-din-2020-Luxuria.jpg 800w, https:\/\/www.imobiliare.ro\/imoexpert\/wp-content\/uploads\/2020\/11\/Impact-avans-de-35-al-veniturilor-din-vanzari-in-primele-noua-luni-din-2020-Luxuria-300x200.jpg 300w, https:\/\/www.imobiliare.ro\/imoexpert\/wp-content\/uploads\/2020\/11\/Impact-avans-de-35-al-veniturilor-din-vanzari-in-primele-noua-luni-din-2020-Luxuria-768x513.jpg 768w\" sizes=\"auto, (max-width: 800px) 100vw, 800px\" \/><\/a><figcaption id=\"caption-attachment-61074\" class=\"wp-caption-text\">Luxuria Residence<\/figcaption><\/figure>\n<h2><span class=\"ez-toc-section\" id=\"Proiecte_in_Bucuresti_Constanta_si_Iasi\"><\/span>Proiecte \u00een Bucure\u0219ti, Constan\u021ba \u0219i Ia\u0219i<span class=\"ez-toc-section-end\"><\/span><\/h2>\n<p>\u00cen primele nou\u0103 luni ale anului \u00een curs, activitatea Impact a fost marcat\u0103 de continuarea lucr\u0103rilor la principalele sale proiecte reziden\u021biale din Bucure\u0219ti, respectiv Greenfield Residence B\u0103neasa \u0219i Luxuria Residence, dar \u0219i de \u00eenceperea primei faze a proiectului Boreal Plus din Constan\u021ba. \u00cen cadrul Luxuria Residence a fost finalizat\u0103 p\u00e2n\u0103 acum construc\u021bia a 500 de apartamente, restul de 130 de unit\u0103\u021bi fiind programate spre livrare \u00een prima jum\u0103tate a anului 2021. <\/p>\n<p>\u00cen Greenfield au fost finalizate, \u00een aceea\u0219i perioad\u0103, demersurile pentru ob\u021binerea autoriza\u021biei de construire pentru faza a patra, care vizeaz\u0103 dezvoltarea celui mai mare centru comunitar dedicat unei comunit\u0103\u021bi reziden\u021biale. Lucr\u0103rile de construc\u021bie au \u00eenceput \u00een luna noiembrie, iar proiectul va cuprinde un strip mall, un spa\u021biu de wellness dotat cu sal\u0103 de sport, SPA-uri, teren de tenis, bazin semiolimpic \u0219i piscin\u0103 interioar\u0103 \u0219i exterioar\u0103, precum \u0219i o cl\u0103dire proprie de birouri. <\/p>\n<p>Compania a \u00eenceput, de asemenea, construc\u021bia celor 18 vile de lux din ansamblul Boreal Plus, care au ca termen de livrare estimat prima jum\u0103tate a anului 2021. De asemenea, a fost ob\u021binut\u0103 autoriza\u021bia de construc\u021bie pentru primele dou\u0103 faze de blocuri, care vor aduce pe pia\u021b\u0103 341 de apartamente, \u00een prezent fiind dezvoltat\u0103 prima faz\u0103, cu 209 apartamente. <\/p>\n<p>Tot anul acesta, Impact a f\u0103cut un pas important \u00een vederea continu\u0103rii expansiunii sale la nivel na\u021bional prin achizi\u021bia unui teren \u00een Ia\u0219i, \u00een zona Copou, \u00een suprafa\u021b\u0103 de 19.068 de metri p\u0103tra\u021bi. \u201ePe acest teren dezvoltatorul are \u00een plan dezvoltarea unui ansamblu dup\u0103 modelul Greenfield, un proiect sustenabil, \u00eencadrat \u00een categoria cl\u0103dirilor verzi, cu certificare BREEAM \u0219i care va include blocuri cu regim redus de \u00een\u0103l\u021bime, spa\u021bii verzi ample \u0219i servicii ce permit o locuire la standarde moderne\u201d, explic\u0103 oficialii companiei. <\/p>\n<p><strong>Cite\u0219te \u0219i:<br \/>\n<a class=\"article-body-links\"href=\"https:\/\/www.imobiliare.ro\/imoexpert\/un-important-dezvoltator-autohton-se-extinde-pe-piata-din-iasi-a-cumparat-un-teren-in-zona-copou-si-vrea-sa-ridice-locuinte-verzi_db\/\">Un important dezvoltator autohton se extinde pe pia\u021ba din Ia\u0219i. A cump\u0103rat un teren \u00een zona Copou \u0219i vrea s\u0103 ridice locuin\u021be \u201everzi\u201d<\/a><\/p>\n<p><a class=\"article-body-links\"href=\"https:\/\/www.imobiliare.ro\/imoexpert\/impact-incepe-lucrarile-de-constructie-la-un-ansamblu-de-aproape-700-de-locuinte-inclusiv-vile-in-constanta_db\/\">Impact \u00eencepe lucr\u0103rile de construc\u021bie la un ansamblu de aproape 700 de locuin\u021be (inclusiv vile) \u00een Constan\u021ba<\/a><\/strong><\/p>\n","protected":false},"excerpt":{"rendered":"<p>Dezvoltatorul a consemnat o cre\u0219tere a ponderii din v\u00e2nz\u0103ri de\u021binute de ansamblul reziden\u021bial premium pe care \u00eel are \u00een construc\u021bie \u00een Capital\u0103. Compania autohton\u0103 Impact Developer &#038; Contractor a \u00eencheiat primele nou\u0103 luni ale anului \u00een curs cu venituri \u00een valoare de 135,349 milioane de lei din v\u00e2nzarea de locuin\u021be, \u00een cre\u0219tere cu 35% fa\u021b\u0103 [&hellip;]<\/p>\n","protected":false},"author":829,"featured_media":61121,"comment_status":"open","ping_status":"open","sticky":false,"template":"","format":"standard","meta":{"footnotes":""},"categories":[],"tags":[480,1851,478,1849,2000,1410,1411,1110],"content_author":[],"class_list":["post-61072","post","type-post","status-publish","format-standard","has-post-thumbnail","hentry","tag-cumparator","tag-greenfield-residence","tag-impact","tag-impact-developer-contractor","tag-luxuria-residence","tag-newsletter","tag-principal","tag-vanzari-locuinte"],"yoast_head":"<!-- This site is optimized with the Yoast SEO Premium plugin v27.0 (Yoast SEO v27.0) - https:\/\/yoast.com\/product\/yoast-seo-premium-wordpress\/ -->\n<title>Impact: avans de 35% al veniturilor din v\u00e2nz\u0103ri \u00een primele nou\u0103 luni din 2020. Majorarea plafonului pentru cota redus\u0103 de TVA va fi \u201eo gur\u0103 de oxigen\u201d \u00een marile ora\u0219e - ImoExpert<\/title>\n<meta name=\"description\" content=\"Dezvoltatorul a consemnat o cre\u0219tere a ponderii din v\u00e2nz\u0103ri de\u021binute de ansamblul reziden\u021bial premium pe care \u00eel are \u00een construc\u021bie \u00een Capital\u0103. Compania\" \/>\n<meta name=\"robots\" content=\"index, follow\" \/>\n<link rel=\"canonical\" href=\"https:\/\/www.imobiliare.ro\/imoexpert\/impact-avans-de-35-al-veniturilor-din-vanzari-in-primele-noua-luni-din-2020-majorarea-plafonului-pentru-cota-redusa-de-tva-va-fi-o-gura-de-oxigen-in-marile-orase_db\/\" \/>\n<meta property=\"og:locale\" content=\"ro_RO\" \/>\n<meta property=\"og:type\" content=\"article\" \/>\n<meta property=\"og:title\" content=\"Impact: avans de 35% al veniturilor din v\u00e2nz\u0103ri \u00een primele nou\u0103 luni din 2020. Majorarea plafonului pentru cota redus\u0103 de TVA va fi \u201eo gur\u0103 de oxigen\u201d \u00een marile ora\u0219e\" \/>\n<meta property=\"og:description\" content=\"Dezvoltatorul a consemnat o cre\u0219tere a ponderii din v\u00e2nz\u0103ri de\u021binute de ansamblul reziden\u021bial premium pe care \u00eel are \u00een construc\u021bie \u00een Capital\u0103. Compania\" \/>\n<meta property=\"og:url\" content=\"https:\/\/www.imobiliare.ro\/imoexpert\/impact-avans-de-35-al-veniturilor-din-vanzari-in-primele-noua-luni-din-2020-majorarea-plafonului-pentru-cota-redusa-de-tva-va-fi-o-gura-de-oxigen-in-marile-orase_db\/\" \/>\n<meta property=\"og:site_name\" content=\"ImoExpert\" \/>\n<meta property=\"article:published_time\" content=\"2020-11-18T16:59:55+00:00\" \/>\n<meta property=\"og:image\" content=\"https:\/\/www.imobiliare.ro\/imoexpert\/wp-content\/uploads\/2020\/11\/Impact-avans-de-35-al-veniturilor-din-vanzari-in-primele-noua-luni-din-2020-Greenfield-Baneasa.jpg\" \/>\n\t<meta property=\"og:image:width\" content=\"800\" \/>\n\t<meta property=\"og:image:height\" content=\"600\" \/>\n\t<meta property=\"og:image:type\" content=\"image\/jpeg\" \/>\n<meta name=\"author\" content=\"Adriana Dr\u0103gu\u0219in\" \/>\n<meta name=\"twitter:card\" content=\"summary_large_image\" \/>\n<meta name=\"twitter:label1\" content=\"Written by\" \/>\n\t<meta name=\"twitter:data1\" content=\"Adriana Dr\u0103gu\u0219in\" \/>\n\t<meta name=\"twitter:label2\" content=\"Est. reading time\" \/>\n\t<meta name=\"twitter:data2\" content=\"5 minute\" \/>\n<script type=\"application\/ld+json\" class=\"yoast-schema-graph\">{\"@context\":\"https:\/\/schema.org\",\"@graph\":[{\"@type\":\"Article\",\"@id\":\"https:\/\/www.imobiliare.ro\/imoexpert\/impact-avans-de-35-al-veniturilor-din-vanzari-in-primele-noua-luni-din-2020-majorarea-plafonului-pentru-cota-redusa-de-tva-va-fi-o-gura-de-oxigen-in-marile-orase_db\/#article\",\"isPartOf\":{\"@id\":\"https:\/\/www.imobiliare.ro\/imoexpert\/impact-avans-de-35-al-veniturilor-din-vanzari-in-primele-noua-luni-din-2020-majorarea-plafonului-pentru-cota-redusa-de-tva-va-fi-o-gura-de-oxigen-in-marile-orase_db\/\"},\"author\":{\"name\":\"Adriana Dr\u0103gu\u0219in\",\"@id\":\"https:\/\/www.imobiliare.ro\/imoexpert\/#\/schema\/person\/8c13b0297075010b896471fabf0d7790\"},\"headline\":\"Impact: avans de 35% al veniturilor din v\u00e2nz\u0103ri \u00een primele nou\u0103 luni din 2020. Majorarea plafonului pentru cota redus\u0103 de TVA va fi \u201eo gur\u0103 de oxigen\u201d \u00een marile ora\u0219e\",\"datePublished\":\"2020-11-18T16:59:55+00:00\",\"mainEntityOfPage\":{\"@id\":\"https:\/\/www.imobiliare.ro\/imoexpert\/impact-avans-de-35-al-veniturilor-din-vanzari-in-primele-noua-luni-din-2020-majorarea-plafonului-pentru-cota-redusa-de-tva-va-fi-o-gura-de-oxigen-in-marile-orase_db\/\"},\"wordCount\":943,\"commentCount\":0,\"publisher\":{\"@id\":\"https:\/\/www.imobiliare.ro\/imoexpert\/#organization\"},\"image\":{\"@id\":\"https:\/\/www.imobiliare.ro\/imoexpert\/impact-avans-de-35-al-veniturilor-din-vanzari-in-primele-noua-luni-din-2020-majorarea-plafonului-pentru-cota-redusa-de-tva-va-fi-o-gura-de-oxigen-in-marile-orase_db\/#primaryimage\"},\"thumbnailUrl\":\"https:\/\/www.imobiliare.ro\/imoexpert\/wp-content\/uploads\/2020\/11\/Impact-avans-de-35-al-veniturilor-din-vanzari-in-primele-noua-luni-din-2020-Greenfield-Baneasa.jpg\",\"keywords\":[\"cumparator\",\"Greenfield Residence\",\"Impact\",\"Impact Developer &amp; Contractor\",\"Luxuria Residence\",\"newsletter\",\"principal\",\"vanzari locuinte\"],\"inLanguage\":\"en\",\"potentialAction\":[{\"@type\":\"CommentAction\",\"name\":\"Comment\",\"target\":[\"https:\/\/www.imobiliare.ro\/imoexpert\/impact-avans-de-35-al-veniturilor-din-vanzari-in-primele-noua-luni-din-2020-majorarea-plafonului-pentru-cota-redusa-de-tva-va-fi-o-gura-de-oxigen-in-marile-orase_db\/#respond\"]}],\"copyrightYear\":\"2020\",\"copyrightHolder\":{\"@id\":\"https:\/\/www.imobiliare.ro\/imoexpert\/#organization\"}},{\"@type\":\"WebPage\",\"@id\":\"https:\/\/www.imobiliare.ro\/imoexpert\/impact-avans-de-35-al-veniturilor-din-vanzari-in-primele-noua-luni-din-2020-majorarea-plafonului-pentru-cota-redusa-de-tva-va-fi-o-gura-de-oxigen-in-marile-orase_db\/\",\"url\":\"https:\/\/www.imobiliare.ro\/imoexpert\/impact-avans-de-35-al-veniturilor-din-vanzari-in-primele-noua-luni-din-2020-majorarea-plafonului-pentru-cota-redusa-de-tva-va-fi-o-gura-de-oxigen-in-marile-orase_db\/\",\"name\":\"Impact: avans de 35% al veniturilor din v\u00e2nz\u0103ri \u00een primele nou\u0103 luni din 2020. Majorarea plafonului pentru cota redus\u0103 de TVA va fi \u201eo gur\u0103 de oxigen\u201d \u00een marile ora\u0219e - ImoExpert\",\"isPartOf\":{\"@id\":\"https:\/\/www.imobiliare.ro\/imoexpert\/#website\"},\"primaryImageOfPage\":{\"@id\":\"https:\/\/www.imobiliare.ro\/imoexpert\/impact-avans-de-35-al-veniturilor-din-vanzari-in-primele-noua-luni-din-2020-majorarea-plafonului-pentru-cota-redusa-de-tva-va-fi-o-gura-de-oxigen-in-marile-orase_db\/#primaryimage\"},\"image\":{\"@id\":\"https:\/\/www.imobiliare.ro\/imoexpert\/impact-avans-de-35-al-veniturilor-din-vanzari-in-primele-noua-luni-din-2020-majorarea-plafonului-pentru-cota-redusa-de-tva-va-fi-o-gura-de-oxigen-in-marile-orase_db\/#primaryimage\"},\"thumbnailUrl\":\"https:\/\/www.imobiliare.ro\/imoexpert\/wp-content\/uploads\/2020\/11\/Impact-avans-de-35-al-veniturilor-din-vanzari-in-primele-noua-luni-din-2020-Greenfield-Baneasa.jpg\",\"datePublished\":\"2020-11-18T16:59:55+00:00\",\"description\":\"Dezvoltatorul a consemnat o cre\u0219tere a ponderii din v\u00e2nz\u0103ri de\u021binute de ansamblul reziden\u021bial premium pe care \u00eel are \u00een construc\u021bie \u00een Capital\u0103. Compania\",\"breadcrumb\":{\"@id\":\"https:\/\/www.imobiliare.ro\/imoexpert\/impact-avans-de-35-al-veniturilor-din-vanzari-in-primele-noua-luni-din-2020-majorarea-plafonului-pentru-cota-redusa-de-tva-va-fi-o-gura-de-oxigen-in-marile-orase_db\/#breadcrumb\"},\"inLanguage\":\"en\",\"potentialAction\":[{\"@type\":\"ReadAction\",\"target\":[\"https:\/\/www.imobiliare.ro\/imoexpert\/impact-avans-de-35-al-veniturilor-din-vanzari-in-primele-noua-luni-din-2020-majorarea-plafonului-pentru-cota-redusa-de-tva-va-fi-o-gura-de-oxigen-in-marile-orase_db\/\"]}]},{\"@type\":\"ImageObject\",\"inLanguage\":\"en\",\"@id\":\"https:\/\/www.imobiliare.ro\/imoexpert\/impact-avans-de-35-al-veniturilor-din-vanzari-in-primele-noua-luni-din-2020-majorarea-plafonului-pentru-cota-redusa-de-tva-va-fi-o-gura-de-oxigen-in-marile-orase_db\/#primaryimage\",\"url\":\"https:\/\/www.imobiliare.ro\/imoexpert\/wp-content\/uploads\/2020\/11\/Impact-avans-de-35-al-veniturilor-din-vanzari-in-primele-noua-luni-din-2020-Greenfield-Baneasa.jpg\",\"contentUrl\":\"https:\/\/www.imobiliare.ro\/imoexpert\/wp-content\/uploads\/2020\/11\/Impact-avans-de-35-al-veniturilor-din-vanzari-in-primele-noua-luni-din-2020-Greenfield-Baneasa.jpg\",\"width\":800,\"height\":600},{\"@type\":\"BreadcrumbList\",\"@id\":\"https:\/\/www.imobiliare.ro\/imoexpert\/impact-avans-de-35-al-veniturilor-din-vanzari-in-primele-noua-luni-din-2020-majorarea-plafonului-pentru-cota-redusa-de-tva-va-fi-o-gura-de-oxigen-in-marile-orase_db\/#breadcrumb\",\"itemListElement\":[{\"@type\":\"ListItem\",\"position\":1,\"name\":\"Imoradar24\",\"item\":\"https:\/\/www.imoradar24.ro\"},{\"@type\":\"ListItem\",\"position\":2,\"name\":\"ImoExpert\",\"item\":\"https:\/\/www.imobiliare.ro\/imoexpert\/\"},{\"@type\":\"ListItem\",\"position\":3,\"name\":\"Impact: avans de 35% al veniturilor din v\u00e2nz\u0103ri \u00een primele nou\u0103 luni din 2020. Majorarea plafonului pentru cota redus\u0103 de TVA va fi \u201eo gur\u0103 de oxigen\u201d \u00een marile ora\u0219e\"}]},{\"@type\":\"WebSite\",\"@id\":\"https:\/\/www.imobiliare.ro\/imoexpert\/#website\",\"url\":\"https:\/\/www.imobiliare.ro\/imoexpert\/\",\"name\":\"ImoExpert\",\"description\":\"cele mai importante \u015ftiri din domeniul imobiliar\",\"publisher\":{\"@id\":\"https:\/\/www.imobiliare.ro\/imoexpert\/#organization\"},\"inLanguage\":\"en\"},{\"@type\":\"Organization\",\"@id\":\"https:\/\/www.imobiliare.ro\/imoexpert\/#organization\",\"name\":\"Imobiliare.ro\",\"alternateName\":\"Realmedia Network SA\",\"url\":\"https:\/\/www.imobiliare.ro\/imoexpert\/\",\"logo\":{\"@type\":\"ImageObject\",\"inLanguage\":\"en\",\"@id\":\"https:\/\/www.imobiliare.ro\/imoexpert\/#\/schema\/logo\/image\/\",\"url\":\"https:\/\/www.imobiliare.ro\/imoexpert\/wp-content\/uploads\/2025\/05\/imobiliare_logo.png\",\"contentUrl\":\"https:\/\/www.imobiliare.ro\/imoexpert\/wp-content\/uploads\/2025\/05\/imobiliare_logo.png\",\"width\":237,\"height\":29,\"caption\":\"Imobiliare.ro\"},\"image\":{\"@id\":\"https:\/\/www.imobiliare.ro\/imoexpert\/#\/schema\/logo\/image\/\"}},{\"@type\":\"Person\",\"@id\":\"https:\/\/www.imobiliare.ro\/imoexpert\/#\/schema\/person\/8c13b0297075010b896471fabf0d7790\",\"name\":\"Adriana Dr\u0103gu\u0219in\",\"image\":{\"@type\":\"ImageObject\",\"inLanguage\":\"en\",\"@id\":\"https:\/\/www.imobiliare.ro\/imoexpert\/#\/schema\/person\/image\/\",\"url\":\"https:\/\/secure.gravatar.com\/avatar\/ba4762f7517e50e679ed7f11207102d1150120f2f5800c0da98f8a15305bf514?s=96&d=mm&r=g\",\"contentUrl\":\"https:\/\/secure.gravatar.com\/avatar\/ba4762f7517e50e679ed7f11207102d1150120f2f5800c0da98f8a15305bf514?s=96&d=mm&r=g\",\"caption\":\"Adriana Dr\u0103gu\u0219in\"},\"jobTitle\":\"Editor\",\"url\":\"https:\/\/www.imobiliare.ro\/imoexpert\/author\/adriana-dragusin\/\"}]}<\/script>\n<!-- \/ Yoast SEO Premium plugin. -->","yoast_head_json":{"title":"Impact: avans de 35% al veniturilor din v\u00e2nz\u0103ri \u00een primele nou\u0103 luni din 2020. Majorarea plafonului pentru cota redus\u0103 de TVA va fi \u201eo gur\u0103 de oxigen\u201d \u00een marile ora\u0219e - ImoExpert","description":"Dezvoltatorul a consemnat o cre\u0219tere a ponderii din v\u00e2nz\u0103ri de\u021binute de ansamblul reziden\u021bial premium pe care \u00eel are \u00een construc\u021bie \u00een Capital\u0103. Compania","robots":{"index":"index","follow":"follow"},"canonical":"https:\/\/www.imobiliare.ro\/imoexpert\/impact-avans-de-35-al-veniturilor-din-vanzari-in-primele-noua-luni-din-2020-majorarea-plafonului-pentru-cota-redusa-de-tva-va-fi-o-gura-de-oxigen-in-marile-orase_db\/","og_locale":"ro_RO","og_type":"article","og_title":"Impact: avans de 35% al veniturilor din v\u00e2nz\u0103ri \u00een primele nou\u0103 luni din 2020. Majorarea plafonului pentru cota redus\u0103 de TVA va fi \u201eo gur\u0103 de oxigen\u201d \u00een marile ora\u0219e","og_description":"Dezvoltatorul a consemnat o cre\u0219tere a ponderii din v\u00e2nz\u0103ri de\u021binute de ansamblul reziden\u021bial premium pe care \u00eel are \u00een construc\u021bie \u00een Capital\u0103. Compania","og_url":"https:\/\/www.imobiliare.ro\/imoexpert\/impact-avans-de-35-al-veniturilor-din-vanzari-in-primele-noua-luni-din-2020-majorarea-plafonului-pentru-cota-redusa-de-tva-va-fi-o-gura-de-oxigen-in-marile-orase_db\/","og_site_name":"ImoExpert","article_published_time":"2020-11-18T16:59:55+00:00","og_image":[{"width":800,"height":600,"url":"https:\/\/www.imobiliare.ro\/imoexpert\/wp-content\/uploads\/2020\/11\/Impact-avans-de-35-al-veniturilor-din-vanzari-in-primele-noua-luni-din-2020-Greenfield-Baneasa.jpg","type":"image\/jpeg"}],"author":"Adriana Dr\u0103gu\u0219in","twitter_card":"summary_large_image","twitter_misc":{"Written by":"Adriana Dr\u0103gu\u0219in","Est. reading time":"5 minute"},"schema":{"@context":"https:\/\/schema.org","@graph":[{"@type":"Article","@id":"https:\/\/www.imobiliare.ro\/imoexpert\/impact-avans-de-35-al-veniturilor-din-vanzari-in-primele-noua-luni-din-2020-majorarea-plafonului-pentru-cota-redusa-de-tva-va-fi-o-gura-de-oxigen-in-marile-orase_db\/#article","isPartOf":{"@id":"https:\/\/www.imobiliare.ro\/imoexpert\/impact-avans-de-35-al-veniturilor-din-vanzari-in-primele-noua-luni-din-2020-majorarea-plafonului-pentru-cota-redusa-de-tva-va-fi-o-gura-de-oxigen-in-marile-orase_db\/"},"author":{"name":"Adriana Dr\u0103gu\u0219in","@id":"https:\/\/www.imobiliare.ro\/imoexpert\/#\/schema\/person\/8c13b0297075010b896471fabf0d7790"},"headline":"Impact: avans de 35% al veniturilor din v\u00e2nz\u0103ri \u00een primele nou\u0103 luni din 2020. Majorarea plafonului pentru cota redus\u0103 de TVA va fi \u201eo gur\u0103 de oxigen\u201d \u00een marile ora\u0219e","datePublished":"2020-11-18T16:59:55+00:00","mainEntityOfPage":{"@id":"https:\/\/www.imobiliare.ro\/imoexpert\/impact-avans-de-35-al-veniturilor-din-vanzari-in-primele-noua-luni-din-2020-majorarea-plafonului-pentru-cota-redusa-de-tva-va-fi-o-gura-de-oxigen-in-marile-orase_db\/"},"wordCount":943,"commentCount":0,"publisher":{"@id":"https:\/\/www.imobiliare.ro\/imoexpert\/#organization"},"image":{"@id":"https:\/\/www.imobiliare.ro\/imoexpert\/impact-avans-de-35-al-veniturilor-din-vanzari-in-primele-noua-luni-din-2020-majorarea-plafonului-pentru-cota-redusa-de-tva-va-fi-o-gura-de-oxigen-in-marile-orase_db\/#primaryimage"},"thumbnailUrl":"https:\/\/www.imobiliare.ro\/imoexpert\/wp-content\/uploads\/2020\/11\/Impact-avans-de-35-al-veniturilor-din-vanzari-in-primele-noua-luni-din-2020-Greenfield-Baneasa.jpg","keywords":["cumparator","Greenfield Residence","Impact","Impact Developer &amp; Contractor","Luxuria Residence","newsletter","principal","vanzari locuinte"],"inLanguage":"en","potentialAction":[{"@type":"CommentAction","name":"Comment","target":["https:\/\/www.imobiliare.ro\/imoexpert\/impact-avans-de-35-al-veniturilor-din-vanzari-in-primele-noua-luni-din-2020-majorarea-plafonului-pentru-cota-redusa-de-tva-va-fi-o-gura-de-oxigen-in-marile-orase_db\/#respond"]}],"copyrightYear":"2020","copyrightHolder":{"@id":"https:\/\/www.imobiliare.ro\/imoexpert\/#organization"}},{"@type":"WebPage","@id":"https:\/\/www.imobiliare.ro\/imoexpert\/impact-avans-de-35-al-veniturilor-din-vanzari-in-primele-noua-luni-din-2020-majorarea-plafonului-pentru-cota-redusa-de-tva-va-fi-o-gura-de-oxigen-in-marile-orase_db\/","url":"https:\/\/www.imobiliare.ro\/imoexpert\/impact-avans-de-35-al-veniturilor-din-vanzari-in-primele-noua-luni-din-2020-majorarea-plafonului-pentru-cota-redusa-de-tva-va-fi-o-gura-de-oxigen-in-marile-orase_db\/","name":"Impact: avans de 35% al veniturilor din v\u00e2nz\u0103ri \u00een primele nou\u0103 luni din 2020. Majorarea plafonului pentru cota redus\u0103 de TVA va fi \u201eo gur\u0103 de oxigen\u201d \u00een marile ora\u0219e - ImoExpert","isPartOf":{"@id":"https:\/\/www.imobiliare.ro\/imoexpert\/#website"},"primaryImageOfPage":{"@id":"https:\/\/www.imobiliare.ro\/imoexpert\/impact-avans-de-35-al-veniturilor-din-vanzari-in-primele-noua-luni-din-2020-majorarea-plafonului-pentru-cota-redusa-de-tva-va-fi-o-gura-de-oxigen-in-marile-orase_db\/#primaryimage"},"image":{"@id":"https:\/\/www.imobiliare.ro\/imoexpert\/impact-avans-de-35-al-veniturilor-din-vanzari-in-primele-noua-luni-din-2020-majorarea-plafonului-pentru-cota-redusa-de-tva-va-fi-o-gura-de-oxigen-in-marile-orase_db\/#primaryimage"},"thumbnailUrl":"https:\/\/www.imobiliare.ro\/imoexpert\/wp-content\/uploads\/2020\/11\/Impact-avans-de-35-al-veniturilor-din-vanzari-in-primele-noua-luni-din-2020-Greenfield-Baneasa.jpg","datePublished":"2020-11-18T16:59:55+00:00","description":"Dezvoltatorul a consemnat o cre\u0219tere a ponderii din v\u00e2nz\u0103ri de\u021binute de ansamblul reziden\u021bial premium pe care \u00eel are \u00een construc\u021bie \u00een Capital\u0103. Compania","breadcrumb":{"@id":"https:\/\/www.imobiliare.ro\/imoexpert\/impact-avans-de-35-al-veniturilor-din-vanzari-in-primele-noua-luni-din-2020-majorarea-plafonului-pentru-cota-redusa-de-tva-va-fi-o-gura-de-oxigen-in-marile-orase_db\/#breadcrumb"},"inLanguage":"en","potentialAction":[{"@type":"ReadAction","target":["https:\/\/www.imobiliare.ro\/imoexpert\/impact-avans-de-35-al-veniturilor-din-vanzari-in-primele-noua-luni-din-2020-majorarea-plafonului-pentru-cota-redusa-de-tva-va-fi-o-gura-de-oxigen-in-marile-orase_db\/"]}]},{"@type":"ImageObject","inLanguage":"en","@id":"https:\/\/www.imobiliare.ro\/imoexpert\/impact-avans-de-35-al-veniturilor-din-vanzari-in-primele-noua-luni-din-2020-majorarea-plafonului-pentru-cota-redusa-de-tva-va-fi-o-gura-de-oxigen-in-marile-orase_db\/#primaryimage","url":"https:\/\/www.imobiliare.ro\/imoexpert\/wp-content\/uploads\/2020\/11\/Impact-avans-de-35-al-veniturilor-din-vanzari-in-primele-noua-luni-din-2020-Greenfield-Baneasa.jpg","contentUrl":"https:\/\/www.imobiliare.ro\/imoexpert\/wp-content\/uploads\/2020\/11\/Impact-avans-de-35-al-veniturilor-din-vanzari-in-primele-noua-luni-din-2020-Greenfield-Baneasa.jpg","width":800,"height":600},{"@type":"BreadcrumbList","@id":"https:\/\/www.imobiliare.ro\/imoexpert\/impact-avans-de-35-al-veniturilor-din-vanzari-in-primele-noua-luni-din-2020-majorarea-plafonului-pentru-cota-redusa-de-tva-va-fi-o-gura-de-oxigen-in-marile-orase_db\/#breadcrumb","itemListElement":[{"@type":"ListItem","position":1,"name":"Imoradar24","item":"https:\/\/www.imoradar24.ro"},{"@type":"ListItem","position":2,"name":"ImoExpert","item":"https:\/\/www.imobiliare.ro\/imoexpert\/"},{"@type":"ListItem","position":3,"name":"Impact: avans de 35% al veniturilor din v\u00e2nz\u0103ri \u00een primele nou\u0103 luni din 2020. Majorarea plafonului pentru cota redus\u0103 de TVA va fi \u201eo gur\u0103 de oxigen\u201d \u00een marile ora\u0219e"}]},{"@type":"WebSite","@id":"https:\/\/www.imobiliare.ro\/imoexpert\/#website","url":"https:\/\/www.imobiliare.ro\/imoexpert\/","name":"ImoExpert","description":"cele mai importante \u015ftiri din domeniul imobiliar","publisher":{"@id":"https:\/\/www.imobiliare.ro\/imoexpert\/#organization"},"inLanguage":"en"},{"@type":"Organization","@id":"https:\/\/www.imobiliare.ro\/imoexpert\/#organization","name":"Imobiliare.ro","alternateName":"Realmedia Network SA","url":"https:\/\/www.imobiliare.ro\/imoexpert\/","logo":{"@type":"ImageObject","inLanguage":"en","@id":"https:\/\/www.imobiliare.ro\/imoexpert\/#\/schema\/logo\/image\/","url":"https:\/\/www.imobiliare.ro\/imoexpert\/wp-content\/uploads\/2025\/05\/imobiliare_logo.png","contentUrl":"https:\/\/www.imobiliare.ro\/imoexpert\/wp-content\/uploads\/2025\/05\/imobiliare_logo.png","width":237,"height":29,"caption":"Imobiliare.ro"},"image":{"@id":"https:\/\/www.imobiliare.ro\/imoexpert\/#\/schema\/logo\/image\/"}},{"@type":"Person","@id":"https:\/\/www.imobiliare.ro\/imoexpert\/#\/schema\/person\/8c13b0297075010b896471fabf0d7790","name":"Adriana Dr\u0103gu\u0219in","image":{"@type":"ImageObject","inLanguage":"en","@id":"https:\/\/www.imobiliare.ro\/imoexpert\/#\/schema\/person\/image\/","url":"https:\/\/secure.gravatar.com\/avatar\/ba4762f7517e50e679ed7f11207102d1150120f2f5800c0da98f8a15305bf514?s=96&d=mm&r=g","contentUrl":"https:\/\/secure.gravatar.com\/avatar\/ba4762f7517e50e679ed7f11207102d1150120f2f5800c0da98f8a15305bf514?s=96&d=mm&r=g","caption":"Adriana Dr\u0103gu\u0219in"},"jobTitle":"Editor","url":"https:\/\/www.imobiliare.ro\/imoexpert\/author\/adriana-dragusin\/"}]}},"_links":{"self":[{"href":"https:\/\/www.imobiliare.ro\/imoexpert\/wp-json\/wp\/v2\/posts\/61072","targetHints":{"allow":["GET"]}}],"collection":[{"href":"https:\/\/www.imobiliare.ro\/imoexpert\/wp-json\/wp\/v2\/posts"}],"about":[{"href":"https:\/\/www.imobiliare.ro\/imoexpert\/wp-json\/wp\/v2\/types\/post"}],"author":[{"embeddable":true,"href":"https:\/\/www.imobiliare.ro\/imoexpert\/wp-json\/wp\/v2\/users\/829"}],"replies":[{"embeddable":true,"href":"https:\/\/www.imobiliare.ro\/imoexpert\/wp-json\/wp\/v2\/comments?post=61072"}],"version-history":[{"count":0,"href":"https:\/\/www.imobiliare.ro\/imoexpert\/wp-json\/wp\/v2\/posts\/61072\/revisions"}],"wp:featuredmedia":[{"embeddable":true,"href":"https:\/\/www.imobiliare.ro\/imoexpert\/wp-json\/wp\/v2\/media\/61121"}],"wp:attachment":[{"href":"https:\/\/www.imobiliare.ro\/imoexpert\/wp-json\/wp\/v2\/media?parent=61072"}],"wp:term":[{"taxonomy":"category","embeddable":true,"href":"https:\/\/www.imobiliare.ro\/imoexpert\/wp-json\/wp\/v2\/categories?post=61072"},{"taxonomy":"post_tag","embeddable":true,"href":"https:\/\/www.imobiliare.ro\/imoexpert\/wp-json\/wp\/v2\/tags?post=61072"},{"taxonomy":"content_author","embeddable":true,"href":"https:\/\/www.imobiliare.ro\/imoexpert\/wp-json\/wp\/v2\/content_author?post=61072"}],"curies":[{"name":"wp","href":"https:\/\/api.w.org\/{rel}","templated":true}]}}