{"id":61347,"date":"2021-01-04T18:12:24","date_gmt":"2021-01-04T16:12:24","guid":{"rendered":"https:\/\/www.imobiliare.ro\/imoexpert\/?p=61347"},"modified":"2021-01-04T18:12:24","modified_gmt":"2021-01-04T16:12:24","slug":"majorarea-plafonului-maxim-pentru-tva-5-in-cazul-locuintelor-a-fost-amanata","status":"publish","type":"post","link":"https:\/\/www.imobiliare.ro\/imoexpert\/majorarea-plafonului-maxim-pentru-tva-5-in-cazul-locuintelor-a-fost-amanata_db\/","title":{"rendered":"Majorarea plafonului maxim pentru TVA 5% \u00een cazul locuin\u021belor a fost am\u00e2nat\u0103"},"content":{"rendered":"<h2><a class=\"article-body-links\"href=\"https:\/\/www.imobiliare.ro\/imoexpert\/majorarea-plafonului-maxim-pentru-tva-5-in-cazul-locuintelor-a-fost-amanata_db\/amanare-tva-5\/\" rel=\"attachment wp-att-61349\"><img loading=\"lazy\" decoding=\"async\" class=\"alignnone size-full wp-image-61349\" src=\"https:\/\/www.imobiliare.ro\/imoexpert\/wp-content\/uploads\/2021\/01\/amanare-tva-5.jpg\" alt=\"\" width=\"800\" height=\"533\" srcset=\"https:\/\/www.imobiliare.ro\/imoexpert\/wp-content\/uploads\/2021\/01\/amanare-tva-5.jpg 800w, https:\/\/www.imobiliare.ro\/imoexpert\/wp-content\/uploads\/2021\/01\/amanare-tva-5-300x200.jpg 300w, https:\/\/www.imobiliare.ro\/imoexpert\/wp-content\/uploads\/2021\/01\/amanare-tva-5-768x512.jpg 768w\" sizes=\"auto, (max-width: 800px) 100vw, 800px\" \/><\/a><\/h2>\n<h2>Majorarea plafonului maxim pentru cota redus\u0103 de TVA de 5% \u00een cazul locuin\u021belor a fost am\u00e2nat\u0103 pentru anul viitor.<\/h2>\n<p>Legea care prevedea cre\u0219terea plafonului maxim de pre\u021b p\u00e2n\u0103 la care putea fi aplicat\u0103 cota redus\u0103 de TVA de 5%, de la 450.000 de lei la 140.000 de euro, a fost promulgat\u0103 de pre\u0219edinte \u00eenc\u0103 din noiembrie \u0219i urma s\u0103 intre \u00een vigoare de la 1 ianuarie 2021.<\/p>\n<p>Aceast\u0103 m\u0103sur\u0103 trebuia s\u0103 se aplice \u00een condi\u021biile descrise mai jos, dar a fost am\u00e2nat\u0103 prin ordonan\u021b\u0103 de urgen\u021b\u0103. Noul termen \u00eenaintat pentru intrarea sa \u00een vigoare este 1 ianuarie 2022.<\/p>\n<p><a class=\"article-body-links\"href=\"https:\/\/www.imobiliare.ro\/imoexpert\/majorarea-plafonului-maxim-pentru-tva-5-in-cazul-locuintelor-a-fost-amanata_db\/pasaj-lege-tva-5-locuinte-1\/\" rel=\"attachment wp-att-61348\"><img loading=\"lazy\" decoding=\"async\" class=\"wp-image-61348 size-full aligncenter\" src=\"https:\/\/www.imobiliare.ro\/imoexpert\/wp-content\/uploads\/2021\/01\/pasaj-lege-tva-5-locuinte-1-e1609776203588.png\" alt=\"\" width=\"808\" height=\"285\" srcset=\"https:\/\/www.imobiliare.ro\/imoexpert\/wp-content\/uploads\/2021\/01\/pasaj-lege-tva-5-locuinte-1-e1609776203588.png 808w, https:\/\/www.imobiliare.ro\/imoexpert\/wp-content\/uploads\/2021\/01\/pasaj-lege-tva-5-locuinte-1-e1609776203588-300x106.png 300w, https:\/\/www.imobiliare.ro\/imoexpert\/wp-content\/uploads\/2021\/01\/pasaj-lege-tva-5-locuinte-1-e1609776203588-768x271.png 768w\" sizes=\"auto, (max-width: 808px) 100vw, 808px\" \/><\/a><\/p>\n<p>Proiectul de lege care prevedea majorarea acestui prag a ajuns ini\u021bial la Senat \u00een luna mai a anului trecut, printre motivele care au stat la baza sa num\u0103r\u00e2ndu-se necesitatea actualiz\u0103rii pragului de 450.000 de lei la realitatea actual\u0103 a pie\u021bei imobiliare \u0219i sprijinirea familiilor prin facilitarea accesului la locuin\u021be mai spa\u021bioase, inclusiv \u00een marile ora\u0219e.<\/p>\n<p>Se propunea, totodat\u0103, ini\u021bial cre\u0219terea plafonului p\u00e2n\u0103 la 750.000 de lei (echivalentul a circa 160.000 de euro), dar \u00een cele din urm\u0103 proiectul a fost amendat \u0219i pragul maxim redus la 140.000 de euro.<\/p>\n<p>Proiectul a fost respins de Senat \u0219i a primit punct de vedere negativ din partea Guvernului vara trecut\u0103, \u00een condi\u021biile \u00een care era anticipat un impact negativ asupra veniturilor din TVA estimat la 2oo de milioane de lei pentru 2021, respectiv la 300 de milioane de lei pentru anul 2022.<\/p>\n<p>Alte modific\u0103ri au fost aduse \u00een cazul cotei reduse de TVA de 5% \u00een 2019. Atunci, au fost eliminate restric\u021biile privind suprafa\u021ba terenului pe care este construit\u0103 locuin\u021ba (maximum 250 de mp) \u0219i cele prin care persoanele fizice pot achizi\u021biona o singur\u0103 locuin\u021b\u0103 la aceast\u0103 cot\u0103 redus\u0103.<\/p>\n","protected":false},"excerpt":{"rendered":"<p>Majorarea plafonului maxim pentru cota redus\u0103 de TVA de 5% \u00een cazul locuin\u021belor a fost am\u00e2nat\u0103 pentru anul viitor. Legea care prevedea cre\u0219terea plafonului maxim de pre\u021b p\u00e2n\u0103 la care putea fi aplicat\u0103 cota redus\u0103 de TVA de 5%, de la 450.000 de lei la 140.000 de euro, a fost promulgat\u0103 de pre\u0219edinte \u00eenc\u0103 din [&hellip;]<\/p>\n","protected":false},"author":5891,"featured_media":61349,"comment_status":"open","ping_status":"open","sticky":false,"template":"","format":"standard","meta":{"footnotes":""},"categories":[259],"tags":[480,387,1410,1411,1880],"content_author":[],"class_list":["post-61347","post","type-post","status-publish","format-standard","has-post-thumbnail","hentry","category-stiri","tag-cumparator","tag-locuinte-noi","tag-newsletter","tag-principal","tag-tva-5"],"yoast_head":"<!-- This site is optimized with the Yoast SEO Premium plugin v27.0 (Yoast SEO v27.0) - https:\/\/yoast.com\/product\/yoast-seo-premium-wordpress\/ -->\n<title>Majorarea plafonului maxim pentru TVA 5% \u00een cazul locuin\u021belor a fost am\u00e2nat\u0103 - \u0218tiri - ImoExpert<\/title>\n<meta name=\"description\" content=\"Majorarea plafonului maxim pentru cota redus\u0103 de TVA de 5% \u00een cazul locuin\u021belor a fost am\u00e2nat\u0103 pentru anul viitor. Legea care prevedea cre\u0219terea\" \/>\n<meta name=\"robots\" content=\"index, follow\" \/>\n<link rel=\"canonical\" href=\"https:\/\/www.imobiliare.ro\/imoexpert\/majorarea-plafonului-maxim-pentru-tva-5-in-cazul-locuintelor-a-fost-amanata_db\/\" \/>\n<meta property=\"og:locale\" content=\"ro_RO\" \/>\n<meta property=\"og:type\" content=\"article\" \/>\n<meta property=\"og:title\" content=\"Majorarea plafonului maxim pentru TVA 5% \u00een cazul locuin\u021belor a fost am\u00e2nat\u0103\" \/>\n<meta property=\"og:description\" content=\"Majorarea plafonului maxim pentru cota redus\u0103 de TVA de 5% \u00een cazul locuin\u021belor a fost am\u00e2nat\u0103 pentru anul viitor. Legea care prevedea cre\u0219terea\" \/>\n<meta property=\"og:url\" content=\"https:\/\/www.imobiliare.ro\/imoexpert\/majorarea-plafonului-maxim-pentru-tva-5-in-cazul-locuintelor-a-fost-amanata_db\/\" \/>\n<meta property=\"og:site_name\" content=\"ImoExpert\" \/>\n<meta property=\"article:published_time\" content=\"2021-01-04T16:12:24+00:00\" \/>\n<meta property=\"og:image\" content=\"https:\/\/www.imobiliare.ro\/imoexpert\/wp-content\/uploads\/2021\/01\/amanare-tva-5.jpg\" \/>\n\t<meta property=\"og:image:width\" content=\"800\" \/>\n\t<meta property=\"og:image:height\" content=\"533\" \/>\n\t<meta property=\"og:image:type\" content=\"image\/jpeg\" \/>\n<meta name=\"author\" content=\"Corina V\u00e2rlan\" \/>\n<meta name=\"twitter:card\" content=\"summary_large_image\" \/>\n<meta name=\"twitter:label1\" content=\"Written by\" \/>\n\t<meta name=\"twitter:data1\" content=\"Corina V\u00e2rlan\" \/>\n\t<meta name=\"twitter:label2\" content=\"Est. reading time\" \/>\n\t<meta name=\"twitter:data2\" content=\"1 minut\" \/>\n<script type=\"application\/ld+json\" class=\"yoast-schema-graph\">{\"@context\":\"https:\/\/schema.org\",\"@graph\":[{\"@type\":\"Article\",\"@id\":\"https:\/\/www.imobiliare.ro\/imoexpert\/majorarea-plafonului-maxim-pentru-tva-5-in-cazul-locuintelor-a-fost-amanata_db\/#article\",\"isPartOf\":{\"@id\":\"https:\/\/www.imobiliare.ro\/imoexpert\/majorarea-plafonului-maxim-pentru-tva-5-in-cazul-locuintelor-a-fost-amanata_db\/\"},\"author\":{\"name\":\"Corina V\u00e2rlan\",\"@id\":\"https:\/\/www.imobiliare.ro\/imoexpert\/#\/schema\/person\/9ffdfbf24b82f39fc75a2fc6c19e4e99\"},\"headline\":\"Majorarea plafonului maxim pentru TVA 5% \u00een cazul locuin\u021belor a fost am\u00e2nat\u0103\",\"datePublished\":\"2021-01-04T16:12:24+00:00\",\"mainEntityOfPage\":{\"@id\":\"https:\/\/www.imobiliare.ro\/imoexpert\/majorarea-plafonului-maxim-pentru-tva-5-in-cazul-locuintelor-a-fost-amanata_db\/\"},\"wordCount\":304,\"commentCount\":0,\"publisher\":{\"@id\":\"https:\/\/www.imobiliare.ro\/imoexpert\/#organization\"},\"image\":{\"@id\":\"https:\/\/www.imobiliare.ro\/imoexpert\/majorarea-plafonului-maxim-pentru-tva-5-in-cazul-locuintelor-a-fost-amanata_db\/#primaryimage\"},\"thumbnailUrl\":\"https:\/\/www.imobiliare.ro\/imoexpert\/wp-content\/uploads\/2021\/01\/amanare-tva-5.jpg\",\"keywords\":[\"cumparator\",\"locuinte noi\",\"newsletter\",\"principal\",\"tva 5%\"],\"articleSection\":[\"\u0218tiri\"],\"inLanguage\":\"en\",\"potentialAction\":[{\"@type\":\"CommentAction\",\"name\":\"Comment\",\"target\":[\"https:\/\/www.imobiliare.ro\/imoexpert\/majorarea-plafonului-maxim-pentru-tva-5-in-cazul-locuintelor-a-fost-amanata_db\/#respond\"]}],\"copyrightYear\":\"2021\",\"copyrightHolder\":{\"@id\":\"https:\/\/www.imobiliare.ro\/imoexpert\/#organization\"}},{\"@type\":\"WebPage\",\"@id\":\"https:\/\/www.imobiliare.ro\/imoexpert\/majorarea-plafonului-maxim-pentru-tva-5-in-cazul-locuintelor-a-fost-amanata_db\/\",\"url\":\"https:\/\/www.imobiliare.ro\/imoexpert\/majorarea-plafonului-maxim-pentru-tva-5-in-cazul-locuintelor-a-fost-amanata_db\/\",\"name\":\"Majorarea plafonului maxim pentru TVA 5% \u00een cazul locuin\u021belor a fost am\u00e2nat\u0103 - \u0218tiri - ImoExpert\",\"isPartOf\":{\"@id\":\"https:\/\/www.imobiliare.ro\/imoexpert\/#website\"},\"primaryImageOfPage\":{\"@id\":\"https:\/\/www.imobiliare.ro\/imoexpert\/majorarea-plafonului-maxim-pentru-tva-5-in-cazul-locuintelor-a-fost-amanata_db\/#primaryimage\"},\"image\":{\"@id\":\"https:\/\/www.imobiliare.ro\/imoexpert\/majorarea-plafonului-maxim-pentru-tva-5-in-cazul-locuintelor-a-fost-amanata_db\/#primaryimage\"},\"thumbnailUrl\":\"https:\/\/www.imobiliare.ro\/imoexpert\/wp-content\/uploads\/2021\/01\/amanare-tva-5.jpg\",\"datePublished\":\"2021-01-04T16:12:24+00:00\",\"description\":\"Majorarea plafonului maxim pentru cota redus\u0103 de TVA de 5% \u00een cazul locuin\u021belor a fost am\u00e2nat\u0103 pentru anul viitor. Legea care prevedea cre\u0219terea\",\"breadcrumb\":{\"@id\":\"https:\/\/www.imobiliare.ro\/imoexpert\/majorarea-plafonului-maxim-pentru-tva-5-in-cazul-locuintelor-a-fost-amanata_db\/#breadcrumb\"},\"inLanguage\":\"en\",\"potentialAction\":[{\"@type\":\"ReadAction\",\"target\":[\"https:\/\/www.imobiliare.ro\/imoexpert\/majorarea-plafonului-maxim-pentru-tva-5-in-cazul-locuintelor-a-fost-amanata_db\/\"]}]},{\"@type\":\"ImageObject\",\"inLanguage\":\"en\",\"@id\":\"https:\/\/www.imobiliare.ro\/imoexpert\/majorarea-plafonului-maxim-pentru-tva-5-in-cazul-locuintelor-a-fost-amanata_db\/#primaryimage\",\"url\":\"https:\/\/www.imobiliare.ro\/imoexpert\/wp-content\/uploads\/2021\/01\/amanare-tva-5.jpg\",\"contentUrl\":\"https:\/\/www.imobiliare.ro\/imoexpert\/wp-content\/uploads\/2021\/01\/amanare-tva-5.jpg\",\"width\":800,\"height\":533},{\"@type\":\"BreadcrumbList\",\"@id\":\"https:\/\/www.imobiliare.ro\/imoexpert\/majorarea-plafonului-maxim-pentru-tva-5-in-cazul-locuintelor-a-fost-amanata_db\/#breadcrumb\",\"itemListElement\":[{\"@type\":\"ListItem\",\"position\":1,\"name\":\"Imoradar24\",\"item\":\"https:\/\/www.imoradar24.ro\"},{\"@type\":\"ListItem\",\"position\":2,\"name\":\"ImoExpert\",\"item\":\"https:\/\/www.imobiliare.ro\/imoexpert\/\"},{\"@type\":\"ListItem\",\"position\":3,\"name\":\"\u0218tiri\",\"item\":\"https:\/\/www.imobiliare.ro\/imoexpert\/stiri\/\"},{\"@type\":\"ListItem\",\"position\":4,\"name\":\"Majorarea plafonului maxim pentru TVA 5% \u00een cazul locuin\u021belor a fost am\u00e2nat\u0103\"}]},{\"@type\":\"WebSite\",\"@id\":\"https:\/\/www.imobiliare.ro\/imoexpert\/#website\",\"url\":\"https:\/\/www.imobiliare.ro\/imoexpert\/\",\"name\":\"ImoExpert\",\"description\":\"cele mai importante \u015ftiri din domeniul imobiliar\",\"publisher\":{\"@id\":\"https:\/\/www.imobiliare.ro\/imoexpert\/#organization\"},\"inLanguage\":\"en\"},{\"@type\":\"Organization\",\"@id\":\"https:\/\/www.imobiliare.ro\/imoexpert\/#organization\",\"name\":\"Imobiliare.ro\",\"alternateName\":\"Realmedia Network SA\",\"url\":\"https:\/\/www.imobiliare.ro\/imoexpert\/\",\"logo\":{\"@type\":\"ImageObject\",\"inLanguage\":\"en\",\"@id\":\"https:\/\/www.imobiliare.ro\/imoexpert\/#\/schema\/logo\/image\/\",\"url\":\"https:\/\/www.imobiliare.ro\/imoexpert\/wp-content\/uploads\/2025\/05\/imobiliare_logo.png\",\"contentUrl\":\"https:\/\/www.imobiliare.ro\/imoexpert\/wp-content\/uploads\/2025\/05\/imobiliare_logo.png\",\"width\":237,\"height\":29,\"caption\":\"Imobiliare.ro\"},\"image\":{\"@id\":\"https:\/\/www.imobiliare.ro\/imoexpert\/#\/schema\/logo\/image\/\"}},{\"@type\":\"Person\",\"@id\":\"https:\/\/www.imobiliare.ro\/imoexpert\/#\/schema\/person\/9ffdfbf24b82f39fc75a2fc6c19e4e99\",\"name\":\"Corina V\u00e2rlan\",\"image\":{\"@type\":\"ImageObject\",\"inLanguage\":\"en\",\"@id\":\"https:\/\/www.imobiliare.ro\/imoexpert\/#\/schema\/person\/image\/\",\"url\":\"https:\/\/www.imobiliare.ro\/imoexpert\/wp-content\/uploads\/2026\/02\/12-02-2025-5-rezumat-brasov-thumb-reels-1-1-96x96.png\",\"contentUrl\":\"https:\/\/www.imobiliare.ro\/imoexpert\/wp-content\/uploads\/2026\/02\/12-02-2025-5-rezumat-brasov-thumb-reels-1-1-96x96.png\",\"caption\":\"Corina V\u00e2rlan\"},\"description\":\"Cu o experien\u021b\u0103 de 14 ani \u00een presa online, comunicare \u0219i content marketing, Corina V\u00e2rlan s-a al\u0103turat echipei Imobiliare.ro \u00een urm\u0103 cu 8 ani \u0219i ocup\u0103, \u00een prezent, func\u021bia de Content Manager. Ea este gazda emisiunii \\\"\u00centreab\u0103 expertul\\\" \u0219i a seriei 5 \u0218tiri Imobiliare.ro, realizate \u00een parteneriat cu Libertatea. Corina \u00ee\u0219i concentreaz\u0103 activitatea pe analiza datelor de pia\u021b\u0103 \u0219i pe subiecte de interes at\u00e2t pentru cei afla\u021bi \u00een c\u0103utarea unei locuin\u021be, c\u00e2t \u0219i pentru proprietari sau chiria\u0219i.\",\"alternateName\":\"Corina\",\"jobTitle\":\"Content Manager\",\"url\":\"https:\/\/www.imobiliare.ro\/imoexpert\/author\/corina-varlan\/\"}]}<\/script>\n<!-- \/ Yoast SEO Premium plugin. -->","yoast_head_json":{"title":"Majorarea plafonului maxim pentru TVA 5% \u00een cazul locuin\u021belor a fost am\u00e2nat\u0103 - \u0218tiri - ImoExpert","description":"Majorarea plafonului maxim pentru cota redus\u0103 de TVA de 5% \u00een cazul locuin\u021belor a fost am\u00e2nat\u0103 pentru anul viitor. Legea care prevedea cre\u0219terea","robots":{"index":"index","follow":"follow"},"canonical":"https:\/\/www.imobiliare.ro\/imoexpert\/majorarea-plafonului-maxim-pentru-tva-5-in-cazul-locuintelor-a-fost-amanata_db\/","og_locale":"ro_RO","og_type":"article","og_title":"Majorarea plafonului maxim pentru TVA 5% \u00een cazul locuin\u021belor a fost am\u00e2nat\u0103","og_description":"Majorarea plafonului maxim pentru cota redus\u0103 de TVA de 5% \u00een cazul locuin\u021belor a fost am\u00e2nat\u0103 pentru anul viitor. Legea care prevedea cre\u0219terea","og_url":"https:\/\/www.imobiliare.ro\/imoexpert\/majorarea-plafonului-maxim-pentru-tva-5-in-cazul-locuintelor-a-fost-amanata_db\/","og_site_name":"ImoExpert","article_published_time":"2021-01-04T16:12:24+00:00","og_image":[{"width":800,"height":533,"url":"https:\/\/www.imobiliare.ro\/imoexpert\/wp-content\/uploads\/2021\/01\/amanare-tva-5.jpg","type":"image\/jpeg"}],"author":"Corina V\u00e2rlan","twitter_card":"summary_large_image","twitter_misc":{"Written by":"Corina V\u00e2rlan","Est. reading time":"1 minut"},"schema":{"@context":"https:\/\/schema.org","@graph":[{"@type":"Article","@id":"https:\/\/www.imobiliare.ro\/imoexpert\/majorarea-plafonului-maxim-pentru-tva-5-in-cazul-locuintelor-a-fost-amanata_db\/#article","isPartOf":{"@id":"https:\/\/www.imobiliare.ro\/imoexpert\/majorarea-plafonului-maxim-pentru-tva-5-in-cazul-locuintelor-a-fost-amanata_db\/"},"author":{"name":"Corina V\u00e2rlan","@id":"https:\/\/www.imobiliare.ro\/imoexpert\/#\/schema\/person\/9ffdfbf24b82f39fc75a2fc6c19e4e99"},"headline":"Majorarea plafonului maxim pentru TVA 5% \u00een cazul locuin\u021belor a fost am\u00e2nat\u0103","datePublished":"2021-01-04T16:12:24+00:00","mainEntityOfPage":{"@id":"https:\/\/www.imobiliare.ro\/imoexpert\/majorarea-plafonului-maxim-pentru-tva-5-in-cazul-locuintelor-a-fost-amanata_db\/"},"wordCount":304,"commentCount":0,"publisher":{"@id":"https:\/\/www.imobiliare.ro\/imoexpert\/#organization"},"image":{"@id":"https:\/\/www.imobiliare.ro\/imoexpert\/majorarea-plafonului-maxim-pentru-tva-5-in-cazul-locuintelor-a-fost-amanata_db\/#primaryimage"},"thumbnailUrl":"https:\/\/www.imobiliare.ro\/imoexpert\/wp-content\/uploads\/2021\/01\/amanare-tva-5.jpg","keywords":["cumparator","locuinte noi","newsletter","principal","tva 5%"],"articleSection":["\u0218tiri"],"inLanguage":"en","potentialAction":[{"@type":"CommentAction","name":"Comment","target":["https:\/\/www.imobiliare.ro\/imoexpert\/majorarea-plafonului-maxim-pentru-tva-5-in-cazul-locuintelor-a-fost-amanata_db\/#respond"]}],"copyrightYear":"2021","copyrightHolder":{"@id":"https:\/\/www.imobiliare.ro\/imoexpert\/#organization"}},{"@type":"WebPage","@id":"https:\/\/www.imobiliare.ro\/imoexpert\/majorarea-plafonului-maxim-pentru-tva-5-in-cazul-locuintelor-a-fost-amanata_db\/","url":"https:\/\/www.imobiliare.ro\/imoexpert\/majorarea-plafonului-maxim-pentru-tva-5-in-cazul-locuintelor-a-fost-amanata_db\/","name":"Majorarea plafonului maxim pentru TVA 5% \u00een cazul locuin\u021belor a fost am\u00e2nat\u0103 - \u0218tiri - ImoExpert","isPartOf":{"@id":"https:\/\/www.imobiliare.ro\/imoexpert\/#website"},"primaryImageOfPage":{"@id":"https:\/\/www.imobiliare.ro\/imoexpert\/majorarea-plafonului-maxim-pentru-tva-5-in-cazul-locuintelor-a-fost-amanata_db\/#primaryimage"},"image":{"@id":"https:\/\/www.imobiliare.ro\/imoexpert\/majorarea-plafonului-maxim-pentru-tva-5-in-cazul-locuintelor-a-fost-amanata_db\/#primaryimage"},"thumbnailUrl":"https:\/\/www.imobiliare.ro\/imoexpert\/wp-content\/uploads\/2021\/01\/amanare-tva-5.jpg","datePublished":"2021-01-04T16:12:24+00:00","description":"Majorarea plafonului maxim pentru cota redus\u0103 de TVA de 5% \u00een cazul locuin\u021belor a fost am\u00e2nat\u0103 pentru anul viitor. Legea care prevedea cre\u0219terea","breadcrumb":{"@id":"https:\/\/www.imobiliare.ro\/imoexpert\/majorarea-plafonului-maxim-pentru-tva-5-in-cazul-locuintelor-a-fost-amanata_db\/#breadcrumb"},"inLanguage":"en","potentialAction":[{"@type":"ReadAction","target":["https:\/\/www.imobiliare.ro\/imoexpert\/majorarea-plafonului-maxim-pentru-tva-5-in-cazul-locuintelor-a-fost-amanata_db\/"]}]},{"@type":"ImageObject","inLanguage":"en","@id":"https:\/\/www.imobiliare.ro\/imoexpert\/majorarea-plafonului-maxim-pentru-tva-5-in-cazul-locuintelor-a-fost-amanata_db\/#primaryimage","url":"https:\/\/www.imobiliare.ro\/imoexpert\/wp-content\/uploads\/2021\/01\/amanare-tva-5.jpg","contentUrl":"https:\/\/www.imobiliare.ro\/imoexpert\/wp-content\/uploads\/2021\/01\/amanare-tva-5.jpg","width":800,"height":533},{"@type":"BreadcrumbList","@id":"https:\/\/www.imobiliare.ro\/imoexpert\/majorarea-plafonului-maxim-pentru-tva-5-in-cazul-locuintelor-a-fost-amanata_db\/#breadcrumb","itemListElement":[{"@type":"ListItem","position":1,"name":"Imoradar24","item":"https:\/\/www.imoradar24.ro"},{"@type":"ListItem","position":2,"name":"ImoExpert","item":"https:\/\/www.imobiliare.ro\/imoexpert\/"},{"@type":"ListItem","position":3,"name":"\u0218tiri","item":"https:\/\/www.imobiliare.ro\/imoexpert\/stiri\/"},{"@type":"ListItem","position":4,"name":"Majorarea plafonului maxim pentru TVA 5% \u00een cazul locuin\u021belor a fost am\u00e2nat\u0103"}]},{"@type":"WebSite","@id":"https:\/\/www.imobiliare.ro\/imoexpert\/#website","url":"https:\/\/www.imobiliare.ro\/imoexpert\/","name":"ImoExpert","description":"cele mai importante \u015ftiri din domeniul imobiliar","publisher":{"@id":"https:\/\/www.imobiliare.ro\/imoexpert\/#organization"},"inLanguage":"en"},{"@type":"Organization","@id":"https:\/\/www.imobiliare.ro\/imoexpert\/#organization","name":"Imobiliare.ro","alternateName":"Realmedia Network SA","url":"https:\/\/www.imobiliare.ro\/imoexpert\/","logo":{"@type":"ImageObject","inLanguage":"en","@id":"https:\/\/www.imobiliare.ro\/imoexpert\/#\/schema\/logo\/image\/","url":"https:\/\/www.imobiliare.ro\/imoexpert\/wp-content\/uploads\/2025\/05\/imobiliare_logo.png","contentUrl":"https:\/\/www.imobiliare.ro\/imoexpert\/wp-content\/uploads\/2025\/05\/imobiliare_logo.png","width":237,"height":29,"caption":"Imobiliare.ro"},"image":{"@id":"https:\/\/www.imobiliare.ro\/imoexpert\/#\/schema\/logo\/image\/"}},{"@type":"Person","@id":"https:\/\/www.imobiliare.ro\/imoexpert\/#\/schema\/person\/9ffdfbf24b82f39fc75a2fc6c19e4e99","name":"Corina V\u00e2rlan","image":{"@type":"ImageObject","inLanguage":"en","@id":"https:\/\/www.imobiliare.ro\/imoexpert\/#\/schema\/person\/image\/","url":"https:\/\/www.imobiliare.ro\/imoexpert\/wp-content\/uploads\/2026\/02\/12-02-2025-5-rezumat-brasov-thumb-reels-1-1-96x96.png","contentUrl":"https:\/\/www.imobiliare.ro\/imoexpert\/wp-content\/uploads\/2026\/02\/12-02-2025-5-rezumat-brasov-thumb-reels-1-1-96x96.png","caption":"Corina V\u00e2rlan"},"description":"Cu o experien\u021b\u0103 de 14 ani \u00een presa online, comunicare \u0219i content marketing, Corina V\u00e2rlan s-a al\u0103turat echipei Imobiliare.ro \u00een urm\u0103 cu 8 ani \u0219i ocup\u0103, \u00een prezent, func\u021bia de Content Manager. Ea este gazda emisiunii \"\u00centreab\u0103 expertul\" \u0219i a seriei 5 \u0218tiri Imobiliare.ro, realizate \u00een parteneriat cu Libertatea. Corina \u00ee\u0219i concentreaz\u0103 activitatea pe analiza datelor de pia\u021b\u0103 \u0219i pe subiecte de interes at\u00e2t pentru cei afla\u021bi \u00een c\u0103utarea unei locuin\u021be, c\u00e2t \u0219i pentru proprietari sau chiria\u0219i.","alternateName":"Corina","jobTitle":"Content Manager","url":"https:\/\/www.imobiliare.ro\/imoexpert\/author\/corina-varlan\/"}]}},"_links":{"self":[{"href":"https:\/\/www.imobiliare.ro\/imoexpert\/wp-json\/wp\/v2\/posts\/61347","targetHints":{"allow":["GET"]}}],"collection":[{"href":"https:\/\/www.imobiliare.ro\/imoexpert\/wp-json\/wp\/v2\/posts"}],"about":[{"href":"https:\/\/www.imobiliare.ro\/imoexpert\/wp-json\/wp\/v2\/types\/post"}],"author":[{"embeddable":true,"href":"https:\/\/www.imobiliare.ro\/imoexpert\/wp-json\/wp\/v2\/users\/5891"}],"replies":[{"embeddable":true,"href":"https:\/\/www.imobiliare.ro\/imoexpert\/wp-json\/wp\/v2\/comments?post=61347"}],"version-history":[{"count":0,"href":"https:\/\/www.imobiliare.ro\/imoexpert\/wp-json\/wp\/v2\/posts\/61347\/revisions"}],"wp:featuredmedia":[{"embeddable":true,"href":"https:\/\/www.imobiliare.ro\/imoexpert\/wp-json\/wp\/v2\/media\/61349"}],"wp:attachment":[{"href":"https:\/\/www.imobiliare.ro\/imoexpert\/wp-json\/wp\/v2\/media?parent=61347"}],"wp:term":[{"taxonomy":"category","embeddable":true,"href":"https:\/\/www.imobiliare.ro\/imoexpert\/wp-json\/wp\/v2\/categories?post=61347"},{"taxonomy":"post_tag","embeddable":true,"href":"https:\/\/www.imobiliare.ro\/imoexpert\/wp-json\/wp\/v2\/tags?post=61347"},{"taxonomy":"content_author","embeddable":true,"href":"https:\/\/www.imobiliare.ro\/imoexpert\/wp-json\/wp\/v2\/content_author?post=61347"}],"curies":[{"name":"wp","href":"https:\/\/api.w.org\/{rel}","templated":true}]}}