{"id":61398,"date":"2021-01-12T13:30:55","date_gmt":"2021-01-12T11:30:55","guid":{"rendered":"https:\/\/www.imobiliare.ro\/imoexpert\/?p=61398"},"modified":"2021-01-12T13:30:55","modified_gmt":"2021-01-12T11:30:55","slug":"pwc-previziune-optimista-crestere-record-pentru-economia-globala-in-2021","status":"publish","type":"post","link":"https:\/\/www.imobiliare.ro\/imoexpert\/pwc-previziune-optimista-crestere-record-pentru-economia-globala-in-2021_db\/","title":{"rendered":"PwC, previziune optimist\u0103: cre\u0219tere-record pentru economia global\u0103 \u00een 2021"},"content":{"rendered":"<p><a class=\"article-body-links\"href=\"https:\/\/www.imobiliare.ro\/imoexpert\/wp-content\/uploads\/2021\/01\/PwC-previziune-optimista-crestere-record-pentru-economia-glovala-in-2020.jpg\"><img loading=\"lazy\" decoding=\"async\" src=\"https:\/\/www.imobiliare.ro\/imoexpert\/wp-content\/uploads\/2021\/01\/PwC-previziune-optimista-crestere-record-pentru-economia-glovala-in-2020.jpg\" alt=\"\" width=\"800\" height=\"482\" class=\"aligncenter size-full wp-image-61399\" srcset=\"https:\/\/www.imobiliare.ro\/imoexpert\/wp-content\/uploads\/2021\/01\/PwC-previziune-optimista-crestere-record-pentru-economia-glovala-in-2020.jpg 800w, https:\/\/www.imobiliare.ro\/imoexpert\/wp-content\/uploads\/2021\/01\/PwC-previziune-optimista-crestere-record-pentru-economia-glovala-in-2020-300x181.jpg 300w, https:\/\/www.imobiliare.ro\/imoexpert\/wp-content\/uploads\/2021\/01\/PwC-previziune-optimista-crestere-record-pentru-economia-glovala-in-2020-768x463.jpg 768w\" sizes=\"auto, (max-width: 800px) 100vw, 800px\" \/><\/a><\/p>\n<div id=\"ez-toc-container\" class=\"ez-toc-v2_0_81 counter-hierarchy ez-toc-counter ez-toc-grey ez-toc-container-direction\">\n<p class=\"ez-toc-title\" style=\"cursor:inherit\">Table of Contents<\/p>\n<label for=\"ez-toc-cssicon-toggle-item-69f47e5db0a72\" class=\"ez-toc-cssicon-toggle-label\"><span class=\"ez-toc-cssicon\"><span class=\"eztoc-hide\" style=\"display:none;\">Toggle<\/span><span class=\"ez-toc-icon-toggle-span\"><svg style=\"fill: #999;color:#999\" xmlns=\"http:\/\/www.w3.org\/2000\/svg\" class=\"list-377408\" width=\"20px\" height=\"20px\" viewBox=\"0 0 24 24\" fill=\"none\"><path d=\"M6 6H4v2h2V6zm14 0H8v2h12V6zM4 11h2v2H4v-2zm16 0H8v2h12v-2zM4 16h2v2H4v-2zm16 0H8v2h12v-2z\" fill=\"currentColor\"><\/path><\/svg><svg style=\"fill: #999;color:#999\" class=\"arrow-unsorted-368013\" xmlns=\"http:\/\/www.w3.org\/2000\/svg\" width=\"10px\" height=\"10px\" viewBox=\"0 0 24 24\" version=\"1.2\" baseProfile=\"tiny\"><path d=\"M18.2 9.3l-6.2-6.3-6.2 6.3c-.2.2-.3.4-.3.7s.1.5.3.7c.2.2.4.3.7.3h11c.3 0 .5-.1.7-.3.2-.2.3-.5.3-.7s-.1-.5-.3-.7zM5.8 14.7l6.2 6.3 6.2-6.3c.2-.2.3-.5.3-.7s-.1-.5-.3-.7c-.2-.2-.4-.3-.7-.3h-11c-.3 0-.5.1-.7.3-.2.2-.3.5-.3.7s.1.5.3.7z\"\/><\/svg><\/span><\/span><\/label><input type=\"checkbox\"  id=\"ez-toc-cssicon-toggle-item-69f47e5db0a72\"  aria-label=\"Toggle\" \/><nav><ul class='ez-toc-list ez-toc-list-level-1 ' ><li class='ez-toc-page-1 ez-toc-heading-level-2'><a class=\"ez-toc-link ez-toc-heading-1\" href=\"https:\/\/www.imobiliare.ro\/imoexpert\/pwc-previziune-optimista-crestere-record-pentru-economia-globala-in-2021_db\/#Asteptarile_mediului_de_afaceri_se_bazeaza_pe_reusita_actiunilor_de_contracarare_a_epidemiei_de_Covid-19\" >A\u0219tept\u0103rile mediului de afaceri se bazeaz\u0103 pe reu\u0219ita ac\u021biunilor de contracarare a epidemiei de Covid-19.<\/a><\/li><li class='ez-toc-page-1 ez-toc-heading-level-2'><a class=\"ez-toc-link ez-toc-heading-2\" href=\"https:\/\/www.imobiliare.ro\/imoexpert\/pwc-previziune-optimista-crestere-record-pentru-economia-globala-in-2021_db\/#Economia_Chinei_intr-o_stare_mai_buna_decat_inainte_de_pandemie\" >Economia Chinei, \u00eentr-o stare mai bun\u0103 dec\u00e2t \u00eenainte de pandemie<\/a><\/li><li class='ez-toc-page-1 ez-toc-heading-level-2'><a class=\"ez-toc-link ez-toc-heading-3\" href=\"https:\/\/www.imobiliare.ro\/imoexpert\/pwc-previziune-optimista-crestere-record-pentru-economia-globala-in-2021_db\/#Focus_pe_infrastructura_%E2%80%9Everde%E2%80%9D\" >Focus pe infrastructura \u201everde\u201d<\/a><\/li><\/ul><\/nav><\/div>\n<h2><span class=\"ez-toc-section\" id=\"Asteptarile_mediului_de_afaceri_se_bazeaza_pe_reusita_actiunilor_de_contracarare_a_epidemiei_de_Covid-19\"><\/span>A\u0219tept\u0103rile mediului de afaceri se bazeaz\u0103 pe reu\u0219ita ac\u021biunilor de contracarare a epidemiei de Covid-19.<span class=\"ez-toc-section-end\"><\/span><\/h2>\n<p>Reprezentan\u021bii re\u021belei de companii de consultan\u021b\u0103 PwC estimeaz\u0103, \u00een cadrul raportului Global Economic Watch 2021, c\u0103 economia global\u0103 va consemna un avans de aproximativ 5% \u00een 2021, aceasta fiind cea mai rapid\u0103 rat\u0103 de cre\u0219tere \u00eenregistrat\u0103 (p\u00e2n\u0103 acum) \u00een secolul 21. \u00cen acest context, nivelul de dinainte de pandemie ar urma s\u0103 fie atins p\u00e2n\u0103 la finele anului curent sau, cel t\u00e2rziu, p\u00e2n\u0103 la \u00eenceputul anului viitor \u2013 revenirea urm\u00e2nd a fi, \u00eens\u0103, inegal\u0103 \u00eentre \u021b\u0103ri \u0219i sectoare economice.<\/p>\n<blockquote><p>\u201ePreviziunile optimiste la nivel global dau \u00eencredere c\u0103 recuperarea pierderilor suferite \u00een ultimul an se va face mai rapid dec\u00e2t se credea la \u00eenceputul pandemiei. Rom\u00e2nia urmeaz\u0103 tendin\u021ba global\u0103, av\u00e2nd \u00een vedere c\u0103 estim\u0103rile Comisiei Na\u021bionale de Prognoz\u0103 indic\u0103 o cre\u0219tere de 4,5% \u00een acest an, dup\u0103 declinul de 4,2% din 2020. Sunt ve\u0219ti bune pentru mediul de afaceri care va avea nevoie, totu\u0219i, \u00een continuare de sprijinul guvernamental. (&#8230;) La r\u00e2ndul lor, companiile trebuie s\u0103 se concentreze pe strategii de dezvoltare \u0219i investi\u021bii, inclusiv \u00een for\u021ba de munc\u0103, pentru a face fa\u021b\u0103 at\u00e2t problemelor cauzate de pandemie, c\u00e2t \u0219i schimb\u0103rilor de durat\u0103 pe care aceasta le-a impus deja \u00een economie \u0219i \u00een societate.\u201d<\/p>\n<p><strong>Ionu\u021b Simion, Country Managing Partner PwC Rom\u00e2nia<\/strong><\/p><\/blockquote>\n<p>&nbsp;<\/p>\n<h2><span class=\"ez-toc-section\" id=\"Economia_Chinei_intr-o_stare_mai_buna_decat_inainte_de_pandemie\"><\/span>Economia Chinei, \u00eentr-o stare mai bun\u0103 dec\u00e2t \u00eenainte de pandemie<span class=\"ez-toc-section-end\"><\/span><\/h2>\n<p>Potrivit Global Economic Watch 2021, economia Chinei este deja mai mare dec\u00e2t \u00eenainte de pandemie, dar alte economii avansate, \u00een special cele puternic bazate pe servicii, precum cele din Marea Britanie, Fran\u021ba \u0219i Spania, sau cele axate pe exportul de bunuri de capital, precum Germania \u0219i Japonia, au o probabilitate mai mic\u0103 de a reveni la nivelurile de dinainte de criz\u0103 p\u00e2n\u0103 la sf\u00e2r\u0219itul anului 2021. <\/p>\n<p>Autorii raportului citat avertizeaz\u0103 c\u0103 urm\u0103toarele trei p\u00e2n\u0103 la \u0219ase luni vor continua s\u0103 aib\u0103 multe provoc\u0103ri, \u00een special pentru \u021b\u0103rile din emisfera nordic\u0103, care ar putea fi nevoite s\u0103 impun\u0103 blocaje par\u021biale sau totale ale economiei \u00een sezonul rece \u2013 dup\u0103 cum se \u00eent\u00e2mpl\u0103 \u00een prezent \u00een Germania \u0219i Marea Britanie. Astfel, aceste economii s-ar putea contracta \u00een primul trimestru, pentru a reveni pe cre\u0219tere \u00een a doua jum\u0103tate a anului. \u201e\u00cen economii precum Marea Britanie, Fran\u021ba, Spania \u0219i Germania se preconizeaz\u0103 c\u0103 nivelurile de produc\u021bie \u00eenc\u0103 sc\u0103zute vor duce la cre\u0219terea ratelor \u0219omajului, majoritatea locurilor de munc\u0103 afectate fiind cele din partea de jos a distribu\u021biei c\u00e2\u0219tigurilor, agrav\u00e2nd astfel inegalit\u0103\u021bile de venituri\u201d, noteaz\u0103 reprezentan\u021bii companiei.<\/p>\n<h2><span class=\"ez-toc-section\" id=\"Focus_pe_infrastructura_%E2%80%9Everde%E2%80%9D\"><\/span>Focus pe infrastructura \u201everde\u201d<span class=\"ez-toc-section-end\"><\/span><\/h2>\n<p>Autorii raportului anticipeaz\u0103 c\u0103 protec\u021bia mediului se va bucura anul acesta de o aten\u021bie sporit\u0103, fiind a\u0219teptate investi\u021bii semnificative \u0219i schimb\u0103ri de politici legate de Acordul climatic de la Paris \u00een principalele blocuri comerciale, inclusiv \u00een SUA, China \u0219i Uniunea European\u0103. \u201e\u00cen acest context, valoarea emisiunilor globale de obliga\u021biuni verzi ar putea dep\u0103\u0219i pentru prima dat\u0103 500 de miliarde de dolari, av\u00e2nd \u00een vedere cre\u0219terea apetitului investitorilor pentru fondurile de mediu, social \u0219i de guvernan\u021b\u0103 (ESG). Fondurile destinate ESG ar putea ajunge astfel la o pondere de p\u00e2n\u0103 la 57% din totalul fondurilor mutuale europene, p\u00e2n\u0103 \u00een 2025. Obliga\u021biunile verzi sunt utilizate pentru finan\u021barea direct\u0103 a proiectelor de mediu \u0219i reprezint\u0103 \u00een prezent mai pu\u021bin de 5% din pia\u021ba mondial\u0103 de venituri fixe\u201d, detaliaz\u0103 consultan\u021bii PwC. <\/p>\n","protected":false},"excerpt":{"rendered":"<p>A\u0219tept\u0103rile mediului de afaceri se bazeaz\u0103 pe reu\u0219ita ac\u021biunilor de contracarare a epidemiei de Covid-19. Reprezentan\u021bii re\u021belei de companii de consultan\u021b\u0103 PwC estimeaz\u0103, \u00een cadrul raportului Global Economic Watch 2021, c\u0103 economia global\u0103 va consemna un avans de aproximativ 5% \u00een 2021, aceasta fiind cea mai rapid\u0103 rat\u0103 de cre\u0219tere \u00eenregistrat\u0103 (p\u00e2n\u0103 acum) \u00een secolul [&hellip;]<\/p>\n","protected":false},"author":829,"featured_media":61399,"comment_status":"open","ping_status":"open","sticky":false,"template":"","format":"standard","meta":{"footnotes":""},"categories":[],"tags":[1902,480,1410,1411,391],"content_author":[],"class_list":["post-61398","post","type-post","status-publish","format-standard","has-post-thumbnail","hentry","tag-covid-19","tag-cumparator","tag-newsletter","tag-principal","tag-pwc"],"yoast_head":"<!-- This site is optimized with the Yoast SEO Premium plugin v27.0 (Yoast SEO v27.0) - https:\/\/yoast.com\/product\/yoast-seo-premium-wordpress\/ -->\n<title>PwC, previziune optimist\u0103: cre\u0219tere-record pentru economia global\u0103 \u00een 2021 - ImoExpert<\/title>\n<meta name=\"description\" content=\"A\u0219tept\u0103rile mediului de afaceri se bazeaz\u0103 pe reu\u0219ita ac\u021biunilor de contracarare a epidemiei de Covid-19. Reprezentan\u021bii re\u021belei de companii de\" \/>\n<meta name=\"robots\" content=\"index, follow\" \/>\n<link rel=\"canonical\" href=\"https:\/\/www.imobiliare.ro\/imoexpert\/pwc-previziune-optimista-crestere-record-pentru-economia-globala-in-2021_db\/\" \/>\n<meta property=\"og:locale\" content=\"ro_RO\" \/>\n<meta property=\"og:type\" content=\"article\" \/>\n<meta property=\"og:title\" content=\"PwC, previziune optimist\u0103: cre\u0219tere-record pentru economia global\u0103 \u00een 2021\" \/>\n<meta property=\"og:description\" content=\"A\u0219tept\u0103rile mediului de afaceri se bazeaz\u0103 pe reu\u0219ita ac\u021biunilor de contracarare a epidemiei de Covid-19. Reprezentan\u021bii re\u021belei de companii de\" \/>\n<meta property=\"og:url\" content=\"https:\/\/www.imobiliare.ro\/imoexpert\/pwc-previziune-optimista-crestere-record-pentru-economia-globala-in-2021_db\/\" \/>\n<meta property=\"og:site_name\" content=\"ImoExpert\" \/>\n<meta property=\"article:published_time\" content=\"2021-01-12T11:30:55+00:00\" \/>\n<meta property=\"og:image\" content=\"https:\/\/www.imobiliare.ro\/imoexpert\/wp-content\/uploads\/2021\/01\/PwC-previziune-optimista-crestere-record-pentru-economia-glovala-in-2020.jpg\" \/>\n\t<meta property=\"og:image:width\" content=\"800\" \/>\n\t<meta property=\"og:image:height\" content=\"482\" \/>\n\t<meta property=\"og:image:type\" content=\"image\/jpeg\" \/>\n<meta name=\"author\" content=\"Adriana Dr\u0103gu\u0219in\" \/>\n<meta name=\"twitter:card\" content=\"summary_large_image\" \/>\n<meta name=\"twitter:label1\" content=\"Written by\" \/>\n\t<meta name=\"twitter:data1\" content=\"Adriana Dr\u0103gu\u0219in\" \/>\n\t<meta name=\"twitter:label2\" content=\"Est. reading time\" \/>\n\t<meta name=\"twitter:data2\" content=\"3 minute\" \/>\n<script type=\"application\/ld+json\" class=\"yoast-schema-graph\">{\"@context\":\"https:\/\/schema.org\",\"@graph\":[{\"@type\":\"Article\",\"@id\":\"https:\/\/www.imobiliare.ro\/imoexpert\/pwc-previziune-optimista-crestere-record-pentru-economia-globala-in-2021_db\/#article\",\"isPartOf\":{\"@id\":\"https:\/\/www.imobiliare.ro\/imoexpert\/pwc-previziune-optimista-crestere-record-pentru-economia-globala-in-2021_db\/\"},\"author\":{\"name\":\"Adriana Dr\u0103gu\u0219in\",\"@id\":\"https:\/\/www.imobiliare.ro\/imoexpert\/#\/schema\/person\/8c13b0297075010b896471fabf0d7790\"},\"headline\":\"PwC, previziune optimist\u0103: cre\u0219tere-record pentru economia global\u0103 \u00een 2021\",\"datePublished\":\"2021-01-12T11:30:55+00:00\",\"mainEntityOfPage\":{\"@id\":\"https:\/\/www.imobiliare.ro\/imoexpert\/pwc-previziune-optimista-crestere-record-pentru-economia-globala-in-2021_db\/\"},\"wordCount\":598,\"commentCount\":0,\"publisher\":{\"@id\":\"https:\/\/www.imobiliare.ro\/imoexpert\/#organization\"},\"image\":{\"@id\":\"https:\/\/www.imobiliare.ro\/imoexpert\/pwc-previziune-optimista-crestere-record-pentru-economia-globala-in-2021_db\/#primaryimage\"},\"thumbnailUrl\":\"https:\/\/www.imobiliare.ro\/imoexpert\/wp-content\/uploads\/2021\/01\/PwC-previziune-optimista-crestere-record-pentru-economia-glovala-in-2020.jpg\",\"keywords\":[\"COVID-19\",\"cumparator\",\"newsletter\",\"principal\",\"PwC\"],\"inLanguage\":\"en\",\"potentialAction\":[{\"@type\":\"CommentAction\",\"name\":\"Comment\",\"target\":[\"https:\/\/www.imobiliare.ro\/imoexpert\/pwc-previziune-optimista-crestere-record-pentru-economia-globala-in-2021_db\/#respond\"]}],\"copyrightYear\":\"2021\",\"copyrightHolder\":{\"@id\":\"https:\/\/www.imobiliare.ro\/imoexpert\/#organization\"}},{\"@type\":\"WebPage\",\"@id\":\"https:\/\/www.imobiliare.ro\/imoexpert\/pwc-previziune-optimista-crestere-record-pentru-economia-globala-in-2021_db\/\",\"url\":\"https:\/\/www.imobiliare.ro\/imoexpert\/pwc-previziune-optimista-crestere-record-pentru-economia-globala-in-2021_db\/\",\"name\":\"PwC, previziune optimist\u0103: cre\u0219tere-record pentru economia global\u0103 \u00een 2021 - ImoExpert\",\"isPartOf\":{\"@id\":\"https:\/\/www.imobiliare.ro\/imoexpert\/#website\"},\"primaryImageOfPage\":{\"@id\":\"https:\/\/www.imobiliare.ro\/imoexpert\/pwc-previziune-optimista-crestere-record-pentru-economia-globala-in-2021_db\/#primaryimage\"},\"image\":{\"@id\":\"https:\/\/www.imobiliare.ro\/imoexpert\/pwc-previziune-optimista-crestere-record-pentru-economia-globala-in-2021_db\/#primaryimage\"},\"thumbnailUrl\":\"https:\/\/www.imobiliare.ro\/imoexpert\/wp-content\/uploads\/2021\/01\/PwC-previziune-optimista-crestere-record-pentru-economia-glovala-in-2020.jpg\",\"datePublished\":\"2021-01-12T11:30:55+00:00\",\"description\":\"A\u0219tept\u0103rile mediului de afaceri se bazeaz\u0103 pe reu\u0219ita ac\u021biunilor de contracarare a epidemiei de Covid-19. Reprezentan\u021bii re\u021belei de companii de\",\"breadcrumb\":{\"@id\":\"https:\/\/www.imobiliare.ro\/imoexpert\/pwc-previziune-optimista-crestere-record-pentru-economia-globala-in-2021_db\/#breadcrumb\"},\"inLanguage\":\"en\",\"potentialAction\":[{\"@type\":\"ReadAction\",\"target\":[\"https:\/\/www.imobiliare.ro\/imoexpert\/pwc-previziune-optimista-crestere-record-pentru-economia-globala-in-2021_db\/\"]}]},{\"@type\":\"ImageObject\",\"inLanguage\":\"en\",\"@id\":\"https:\/\/www.imobiliare.ro\/imoexpert\/pwc-previziune-optimista-crestere-record-pentru-economia-globala-in-2021_db\/#primaryimage\",\"url\":\"https:\/\/www.imobiliare.ro\/imoexpert\/wp-content\/uploads\/2021\/01\/PwC-previziune-optimista-crestere-record-pentru-economia-glovala-in-2020.jpg\",\"contentUrl\":\"https:\/\/www.imobiliare.ro\/imoexpert\/wp-content\/uploads\/2021\/01\/PwC-previziune-optimista-crestere-record-pentru-economia-glovala-in-2020.jpg\",\"width\":800,\"height\":482},{\"@type\":\"BreadcrumbList\",\"@id\":\"https:\/\/www.imobiliare.ro\/imoexpert\/pwc-previziune-optimista-crestere-record-pentru-economia-globala-in-2021_db\/#breadcrumb\",\"itemListElement\":[{\"@type\":\"ListItem\",\"position\":1,\"name\":\"Imoradar24\",\"item\":\"https:\/\/www.imoradar24.ro\"},{\"@type\":\"ListItem\",\"position\":2,\"name\":\"ImoExpert\",\"item\":\"https:\/\/www.imobiliare.ro\/imoexpert\/\"},{\"@type\":\"ListItem\",\"position\":3,\"name\":\"PwC, previziune optimist\u0103: cre\u0219tere-record pentru economia global\u0103 \u00een 2021\"}]},{\"@type\":\"WebSite\",\"@id\":\"https:\/\/www.imobiliare.ro\/imoexpert\/#website\",\"url\":\"https:\/\/www.imobiliare.ro\/imoexpert\/\",\"name\":\"ImoExpert\",\"description\":\"cele mai importante \u015ftiri din domeniul imobiliar\",\"publisher\":{\"@id\":\"https:\/\/www.imobiliare.ro\/imoexpert\/#organization\"},\"inLanguage\":\"en\"},{\"@type\":\"Organization\",\"@id\":\"https:\/\/www.imobiliare.ro\/imoexpert\/#organization\",\"name\":\"Imobiliare.ro\",\"alternateName\":\"Realmedia Network SA\",\"url\":\"https:\/\/www.imobiliare.ro\/imoexpert\/\",\"logo\":{\"@type\":\"ImageObject\",\"inLanguage\":\"en\",\"@id\":\"https:\/\/www.imobiliare.ro\/imoexpert\/#\/schema\/logo\/image\/\",\"url\":\"https:\/\/www.imobiliare.ro\/imoexpert\/wp-content\/uploads\/2025\/05\/imobiliare_logo.png\",\"contentUrl\":\"https:\/\/www.imobiliare.ro\/imoexpert\/wp-content\/uploads\/2025\/05\/imobiliare_logo.png\",\"width\":237,\"height\":29,\"caption\":\"Imobiliare.ro\"},\"image\":{\"@id\":\"https:\/\/www.imobiliare.ro\/imoexpert\/#\/schema\/logo\/image\/\"}},{\"@type\":\"Person\",\"@id\":\"https:\/\/www.imobiliare.ro\/imoexpert\/#\/schema\/person\/8c13b0297075010b896471fabf0d7790\",\"name\":\"Adriana Dr\u0103gu\u0219in\",\"image\":{\"@type\":\"ImageObject\",\"inLanguage\":\"en\",\"@id\":\"https:\/\/www.imobiliare.ro\/imoexpert\/#\/schema\/person\/image\/\",\"url\":\"https:\/\/secure.gravatar.com\/avatar\/ba4762f7517e50e679ed7f11207102d1150120f2f5800c0da98f8a15305bf514?s=96&d=mm&r=g\",\"contentUrl\":\"https:\/\/secure.gravatar.com\/avatar\/ba4762f7517e50e679ed7f11207102d1150120f2f5800c0da98f8a15305bf514?s=96&d=mm&r=g\",\"caption\":\"Adriana Dr\u0103gu\u0219in\"},\"jobTitle\":\"Editor\",\"url\":\"https:\/\/www.imobiliare.ro\/imoexpert\/author\/adriana-dragusin\/\"}]}<\/script>\n<!-- \/ Yoast SEO Premium plugin. -->","yoast_head_json":{"title":"PwC, previziune optimist\u0103: cre\u0219tere-record pentru economia global\u0103 \u00een 2021 - ImoExpert","description":"A\u0219tept\u0103rile mediului de afaceri se bazeaz\u0103 pe reu\u0219ita ac\u021biunilor de contracarare a epidemiei de Covid-19. Reprezentan\u021bii re\u021belei de companii de","robots":{"index":"index","follow":"follow"},"canonical":"https:\/\/www.imobiliare.ro\/imoexpert\/pwc-previziune-optimista-crestere-record-pentru-economia-globala-in-2021_db\/","og_locale":"ro_RO","og_type":"article","og_title":"PwC, previziune optimist\u0103: cre\u0219tere-record pentru economia global\u0103 \u00een 2021","og_description":"A\u0219tept\u0103rile mediului de afaceri se bazeaz\u0103 pe reu\u0219ita ac\u021biunilor de contracarare a epidemiei de Covid-19. Reprezentan\u021bii re\u021belei de companii de","og_url":"https:\/\/www.imobiliare.ro\/imoexpert\/pwc-previziune-optimista-crestere-record-pentru-economia-globala-in-2021_db\/","og_site_name":"ImoExpert","article_published_time":"2021-01-12T11:30:55+00:00","og_image":[{"width":800,"height":482,"url":"https:\/\/www.imobiliare.ro\/imoexpert\/wp-content\/uploads\/2021\/01\/PwC-previziune-optimista-crestere-record-pentru-economia-glovala-in-2020.jpg","type":"image\/jpeg"}],"author":"Adriana Dr\u0103gu\u0219in","twitter_card":"summary_large_image","twitter_misc":{"Written by":"Adriana Dr\u0103gu\u0219in","Est. reading time":"3 minute"},"schema":{"@context":"https:\/\/schema.org","@graph":[{"@type":"Article","@id":"https:\/\/www.imobiliare.ro\/imoexpert\/pwc-previziune-optimista-crestere-record-pentru-economia-globala-in-2021_db\/#article","isPartOf":{"@id":"https:\/\/www.imobiliare.ro\/imoexpert\/pwc-previziune-optimista-crestere-record-pentru-economia-globala-in-2021_db\/"},"author":{"name":"Adriana Dr\u0103gu\u0219in","@id":"https:\/\/www.imobiliare.ro\/imoexpert\/#\/schema\/person\/8c13b0297075010b896471fabf0d7790"},"headline":"PwC, previziune optimist\u0103: cre\u0219tere-record pentru economia global\u0103 \u00een 2021","datePublished":"2021-01-12T11:30:55+00:00","mainEntityOfPage":{"@id":"https:\/\/www.imobiliare.ro\/imoexpert\/pwc-previziune-optimista-crestere-record-pentru-economia-globala-in-2021_db\/"},"wordCount":598,"commentCount":0,"publisher":{"@id":"https:\/\/www.imobiliare.ro\/imoexpert\/#organization"},"image":{"@id":"https:\/\/www.imobiliare.ro\/imoexpert\/pwc-previziune-optimista-crestere-record-pentru-economia-globala-in-2021_db\/#primaryimage"},"thumbnailUrl":"https:\/\/www.imobiliare.ro\/imoexpert\/wp-content\/uploads\/2021\/01\/PwC-previziune-optimista-crestere-record-pentru-economia-glovala-in-2020.jpg","keywords":["COVID-19","cumparator","newsletter","principal","PwC"],"inLanguage":"en","potentialAction":[{"@type":"CommentAction","name":"Comment","target":["https:\/\/www.imobiliare.ro\/imoexpert\/pwc-previziune-optimista-crestere-record-pentru-economia-globala-in-2021_db\/#respond"]}],"copyrightYear":"2021","copyrightHolder":{"@id":"https:\/\/www.imobiliare.ro\/imoexpert\/#organization"}},{"@type":"WebPage","@id":"https:\/\/www.imobiliare.ro\/imoexpert\/pwc-previziune-optimista-crestere-record-pentru-economia-globala-in-2021_db\/","url":"https:\/\/www.imobiliare.ro\/imoexpert\/pwc-previziune-optimista-crestere-record-pentru-economia-globala-in-2021_db\/","name":"PwC, previziune optimist\u0103: cre\u0219tere-record pentru economia global\u0103 \u00een 2021 - ImoExpert","isPartOf":{"@id":"https:\/\/www.imobiliare.ro\/imoexpert\/#website"},"primaryImageOfPage":{"@id":"https:\/\/www.imobiliare.ro\/imoexpert\/pwc-previziune-optimista-crestere-record-pentru-economia-globala-in-2021_db\/#primaryimage"},"image":{"@id":"https:\/\/www.imobiliare.ro\/imoexpert\/pwc-previziune-optimista-crestere-record-pentru-economia-globala-in-2021_db\/#primaryimage"},"thumbnailUrl":"https:\/\/www.imobiliare.ro\/imoexpert\/wp-content\/uploads\/2021\/01\/PwC-previziune-optimista-crestere-record-pentru-economia-glovala-in-2020.jpg","datePublished":"2021-01-12T11:30:55+00:00","description":"A\u0219tept\u0103rile mediului de afaceri se bazeaz\u0103 pe reu\u0219ita ac\u021biunilor de contracarare a epidemiei de Covid-19. Reprezentan\u021bii re\u021belei de companii de","breadcrumb":{"@id":"https:\/\/www.imobiliare.ro\/imoexpert\/pwc-previziune-optimista-crestere-record-pentru-economia-globala-in-2021_db\/#breadcrumb"},"inLanguage":"en","potentialAction":[{"@type":"ReadAction","target":["https:\/\/www.imobiliare.ro\/imoexpert\/pwc-previziune-optimista-crestere-record-pentru-economia-globala-in-2021_db\/"]}]},{"@type":"ImageObject","inLanguage":"en","@id":"https:\/\/www.imobiliare.ro\/imoexpert\/pwc-previziune-optimista-crestere-record-pentru-economia-globala-in-2021_db\/#primaryimage","url":"https:\/\/www.imobiliare.ro\/imoexpert\/wp-content\/uploads\/2021\/01\/PwC-previziune-optimista-crestere-record-pentru-economia-glovala-in-2020.jpg","contentUrl":"https:\/\/www.imobiliare.ro\/imoexpert\/wp-content\/uploads\/2021\/01\/PwC-previziune-optimista-crestere-record-pentru-economia-glovala-in-2020.jpg","width":800,"height":482},{"@type":"BreadcrumbList","@id":"https:\/\/www.imobiliare.ro\/imoexpert\/pwc-previziune-optimista-crestere-record-pentru-economia-globala-in-2021_db\/#breadcrumb","itemListElement":[{"@type":"ListItem","position":1,"name":"Imoradar24","item":"https:\/\/www.imoradar24.ro"},{"@type":"ListItem","position":2,"name":"ImoExpert","item":"https:\/\/www.imobiliare.ro\/imoexpert\/"},{"@type":"ListItem","position":3,"name":"PwC, previziune optimist\u0103: cre\u0219tere-record pentru economia global\u0103 \u00een 2021"}]},{"@type":"WebSite","@id":"https:\/\/www.imobiliare.ro\/imoexpert\/#website","url":"https:\/\/www.imobiliare.ro\/imoexpert\/","name":"ImoExpert","description":"cele mai importante \u015ftiri din domeniul imobiliar","publisher":{"@id":"https:\/\/www.imobiliare.ro\/imoexpert\/#organization"},"inLanguage":"en"},{"@type":"Organization","@id":"https:\/\/www.imobiliare.ro\/imoexpert\/#organization","name":"Imobiliare.ro","alternateName":"Realmedia Network SA","url":"https:\/\/www.imobiliare.ro\/imoexpert\/","logo":{"@type":"ImageObject","inLanguage":"en","@id":"https:\/\/www.imobiliare.ro\/imoexpert\/#\/schema\/logo\/image\/","url":"https:\/\/www.imobiliare.ro\/imoexpert\/wp-content\/uploads\/2025\/05\/imobiliare_logo.png","contentUrl":"https:\/\/www.imobiliare.ro\/imoexpert\/wp-content\/uploads\/2025\/05\/imobiliare_logo.png","width":237,"height":29,"caption":"Imobiliare.ro"},"image":{"@id":"https:\/\/www.imobiliare.ro\/imoexpert\/#\/schema\/logo\/image\/"}},{"@type":"Person","@id":"https:\/\/www.imobiliare.ro\/imoexpert\/#\/schema\/person\/8c13b0297075010b896471fabf0d7790","name":"Adriana Dr\u0103gu\u0219in","image":{"@type":"ImageObject","inLanguage":"en","@id":"https:\/\/www.imobiliare.ro\/imoexpert\/#\/schema\/person\/image\/","url":"https:\/\/secure.gravatar.com\/avatar\/ba4762f7517e50e679ed7f11207102d1150120f2f5800c0da98f8a15305bf514?s=96&d=mm&r=g","contentUrl":"https:\/\/secure.gravatar.com\/avatar\/ba4762f7517e50e679ed7f11207102d1150120f2f5800c0da98f8a15305bf514?s=96&d=mm&r=g","caption":"Adriana Dr\u0103gu\u0219in"},"jobTitle":"Editor","url":"https:\/\/www.imobiliare.ro\/imoexpert\/author\/adriana-dragusin\/"}]}},"_links":{"self":[{"href":"https:\/\/www.imobiliare.ro\/imoexpert\/wp-json\/wp\/v2\/posts\/61398","targetHints":{"allow":["GET"]}}],"collection":[{"href":"https:\/\/www.imobiliare.ro\/imoexpert\/wp-json\/wp\/v2\/posts"}],"about":[{"href":"https:\/\/www.imobiliare.ro\/imoexpert\/wp-json\/wp\/v2\/types\/post"}],"author":[{"embeddable":true,"href":"https:\/\/www.imobiliare.ro\/imoexpert\/wp-json\/wp\/v2\/users\/829"}],"replies":[{"embeddable":true,"href":"https:\/\/www.imobiliare.ro\/imoexpert\/wp-json\/wp\/v2\/comments?post=61398"}],"version-history":[{"count":0,"href":"https:\/\/www.imobiliare.ro\/imoexpert\/wp-json\/wp\/v2\/posts\/61398\/revisions"}],"wp:featuredmedia":[{"embeddable":true,"href":"https:\/\/www.imobiliare.ro\/imoexpert\/wp-json\/wp\/v2\/media\/61399"}],"wp:attachment":[{"href":"https:\/\/www.imobiliare.ro\/imoexpert\/wp-json\/wp\/v2\/media?parent=61398"}],"wp:term":[{"taxonomy":"category","embeddable":true,"href":"https:\/\/www.imobiliare.ro\/imoexpert\/wp-json\/wp\/v2\/categories?post=61398"},{"taxonomy":"post_tag","embeddable":true,"href":"https:\/\/www.imobiliare.ro\/imoexpert\/wp-json\/wp\/v2\/tags?post=61398"},{"taxonomy":"content_author","embeddable":true,"href":"https:\/\/www.imobiliare.ro\/imoexpert\/wp-json\/wp\/v2\/content_author?post=61398"}],"curies":[{"name":"wp","href":"https:\/\/api.w.org\/{rel}","templated":true}]}}