{"id":61736,"date":"2021-02-23T17:43:37","date_gmt":"2021-02-23T15:43:37","guid":{"rendered":"https:\/\/www.imobiliare.ro\/imoexpert\/?p=61736"},"modified":"2021-02-23T17:43:37","modified_gmt":"2021-02-23T15:43:37","slug":"crestere-accelerata-pe-piata-de-spatii-logistice-si-industriale-in-2020","status":"publish","type":"post","link":"https:\/\/www.imobiliare.ro\/imoexpert\/crestere-accelerata-pe-piata-de-spatii-logistice-si-industriale-in-2020_db\/","title":{"rendered":"Cre\u0219tere accelerat\u0103 pe pia\u021ba de spa\u021bii logistice \u0219i industriale \u00een 2020"},"content":{"rendered":"<figure id=\"attachment_61737\" aria-describedby=\"caption-attachment-61737\" style=\"width: 800px\" class=\"wp-caption aligncenter\"><a class=\"article-body-links\"href=\"https:\/\/www.imobiliare.ro\/imoexpert\/wp-content\/uploads\/2021\/02\/crestere-accelerata-pentru-piata-spatiilor-logistice-si-industriale-in-2020.jpg\"><img loading=\"lazy\" decoding=\"async\" src=\"https:\/\/www.imobiliare.ro\/imoexpert\/wp-content\/uploads\/2021\/02\/crestere-accelerata-pentru-piata-spatiilor-logistice-si-industriale-in-2020.jpg\" alt=\"\" width=\"800\" height=\"533\" class=\"size-full wp-image-61737\" srcset=\"https:\/\/www.imobiliare.ro\/imoexpert\/wp-content\/uploads\/2021\/02\/crestere-accelerata-pentru-piata-spatiilor-logistice-si-industriale-in-2020.jpg 800w, https:\/\/www.imobiliare.ro\/imoexpert\/wp-content\/uploads\/2021\/02\/crestere-accelerata-pentru-piata-spatiilor-logistice-si-industriale-in-2020-300x200.jpg 300w, https:\/\/www.imobiliare.ro\/imoexpert\/wp-content\/uploads\/2021\/02\/crestere-accelerata-pentru-piata-spatiilor-logistice-si-industriale-in-2020-768x512.jpg 768w\" sizes=\"auto, (max-width: 800px) 100vw, 800px\" \/><\/a><figcaption id=\"caption-attachment-61737\" class=\"wp-caption-text\">Surs\u0103 foto: Pixabay.com<\/figcaption><\/figure>\n<div id=\"ez-toc-container\" class=\"ez-toc-v2_0_81 counter-hierarchy ez-toc-counter ez-toc-grey ez-toc-container-direction\">\n<p class=\"ez-toc-title\" style=\"cursor:inherit\">Table of Contents<\/p>\n<label for=\"ez-toc-cssicon-toggle-item-69f71930d1072\" class=\"ez-toc-cssicon-toggle-label\"><span class=\"ez-toc-cssicon\"><span class=\"eztoc-hide\" style=\"display:none;\">Toggle<\/span><span class=\"ez-toc-icon-toggle-span\"><svg style=\"fill: #999;color:#999\" xmlns=\"http:\/\/www.w3.org\/2000\/svg\" class=\"list-377408\" width=\"20px\" height=\"20px\" viewBox=\"0 0 24 24\" fill=\"none\"><path d=\"M6 6H4v2h2V6zm14 0H8v2h12V6zM4 11h2v2H4v-2zm16 0H8v2h12v-2zM4 16h2v2H4v-2zm16 0H8v2h12v-2z\" fill=\"currentColor\"><\/path><\/svg><svg style=\"fill: #999;color:#999\" class=\"arrow-unsorted-368013\" xmlns=\"http:\/\/www.w3.org\/2000\/svg\" width=\"10px\" height=\"10px\" viewBox=\"0 0 24 24\" version=\"1.2\" baseProfile=\"tiny\"><path d=\"M18.2 9.3l-6.2-6.3-6.2 6.3c-.2.2-.3.4-.3.7s.1.5.3.7c.2.2.4.3.7.3h11c.3 0 .5-.1.7-.3.2-.2.3-.5.3-.7s-.1-.5-.3-.7zM5.8 14.7l6.2 6.3 6.2-6.3c.2-.2.3-.5.3-.7s-.1-.5-.3-.7c-.2-.2-.4-.3-.7-.3h-11c-.3 0-.5.1-.7.3-.2.2-.3.5-.3.7s.1.5.3.7z\"\/><\/svg><\/span><\/span><\/label><input type=\"checkbox\"  id=\"ez-toc-cssicon-toggle-item-69f71930d1072\"  aria-label=\"Toggle\" \/><nav><ul class='ez-toc-list ez-toc-list-level-1 ' ><li class='ez-toc-page-1 ez-toc-heading-level-2'><a class=\"ez-toc-link ez-toc-heading-1\" href=\"https:\/\/www.imobiliare.ro\/imoexpert\/crestere-accelerata-pe-piata-de-spatii-logistice-si-industriale-in-2020_db\/#Contextul_pandemiei_a_determinat_o_intensificare_a_cererii_de_asemenea_spatii_atat_pe_segmentul_de_inchirieri_cat_si_pe_cel_al_noilor_dezvoltari\" >Contextul pandemiei a determinat o intensificare a cererii de asemenea spa\u021bii, at\u00e2t pe segmentul de \u00eenchirieri, c\u00e2t \u0219i pe cel al noilor dezvolt\u0103ri.<\/a><\/li><li class='ez-toc-page-1 ez-toc-heading-level-2'><a class=\"ez-toc-link ez-toc-heading-2\" href=\"https:\/\/www.imobiliare.ro\/imoexpert\/crestere-accelerata-pe-piata-de-spatii-logistice-si-industriale-in-2020_db\/#Timisoara_cea_mai_mare_piata_regionala_dupa_Capitala\" >Timi\u0219oara, cea mai mare pia\u021b\u0103 regional\u0103, dup\u0103 Capital\u0103<\/a><\/li><\/ul><\/nav><\/div>\n<h2><span class=\"ez-toc-section\" id=\"Contextul_pandemiei_a_determinat_o_intensificare_a_cererii_de_asemenea_spatii_atat_pe_segmentul_de_inchirieri_cat_si_pe_cel_al_noilor_dezvoltari\"><\/span>Contextul pandemiei a determinat o intensificare a cererii de asemenea spa\u021bii, at\u00e2t pe segmentul de \u00eenchirieri, c\u00e2t \u0219i pe cel al noilor dezvolt\u0103ri.<span class=\"ez-toc-section-end\"><\/span><\/h2>\n<p>Pia\u021ba local\u0103 a spa\u021biilor logistice \u0219i industriale \u0219i-a accelerat cre\u0219terea \u00een 2020 at\u00e2t din punctul de vedere al cererii pe segmentul de \u00eenchirieri, care s-a apropiat de pragul de un milion de metri p\u0103tra\u021bi, c\u00e2t \u0219i din cel al livr\u0103rilor de noi spa\u021bii, care s-au cifrat la 649.000 de metri p\u0103tra\u021bi \u2013 ambii indicatori ating\u00e2nd noi recorduri, relev\u0103 datele companiei de consultan\u021b\u0103 imobiliar\u0103 Cushman &#038; Wakefield Echinox. \u201eSpre deosebire de alte segmente ale pie\u021bei imobiliare, sectorul logistic a beneficiat de contextul creat de situa\u021bia global\u0103 printr-o cre\u0219tere semnificativ\u0103 a nevoii de spa\u021bii de depozitare. Aceast\u0103 cerere a fost generat\u0103 \u00een principal de sectoarele de retail, e-commerce \u0219i FMCG, companiile c\u0103ut\u00e2nd s\u0103 \u00ee\u0219i maximizeze eficien\u0163a opera\u021bional\u0103 \u0219i volumul v\u00e2nz\u0103rilor prin scurtarea lan\u021burilor de aprovizionare \u0219i a timpului de livrare c\u0103tre consumatorii finali\u201d, explic\u0103 reprezentan\u021bii companiei.<\/p>\n<p><strong>Cite\u0219te \u0219i:<br \/>\n<a class=\"article-body-links\"href=\"https:\/\/www.imobiliare.ro\/imoexpert\/2020-un-an-record-pentru-inchirierile-de-spatii-logistice-si-industriale_db\/\">2020, un an-record pentru \u00eenchirierile de spa\u021bii logistice \u0219i industriale<\/a><\/strong><\/p>\n<blockquote><p>\u201e2021 se anun\u021b\u0103 un an la fel de dinamic \u0219i consistent din perspectiva cererii \u0219i a proiectelor logistice noi, \u00een condi\u021biile \u00een care dezvoltatorii au deja \u00een construc\u021bie spa\u021bii cu o suprafa\u021b\u0103 cumulat\u0103 de aproximativ 450.000 de metri p\u0103tra\u021bi. Bucure\u0219tiul r\u0103m\u00e2ne cea mai activ\u0103 pia\u021b\u0103, \u00een jurul Capitalei fiind concentrate circa 60% din noile livr\u0103ri. Dezvolt\u0103rile continu\u0103 \u0219i \u00een ora\u0219ele-cheie, cu poten\u021bial economic \u0219i logistic consacrat, cum ar fi Cluj, Timi\u0219oara, Bra\u0219ov, Ploie\u0219ti, Craiova sau Sibiu.\u201d<\/p>\n<p><strong>Andrei Brinzea, Partner, Land &#038; Industrial Agency, Cushman &#038; Wakefield Echinox<\/strong><\/p><\/blockquote>\n<p>&nbsp;<\/p>\n<p><strong>Cite\u0219te \u0219i:<br \/>\n<a class=\"article-body-links\"href=\"https:\/\/www.imobiliare.ro\/imoexpert\/cushman-wakefield-echinox-piata-locala-de-investitii-a-facut-fata-cu-brio-pandemiei-in-2020-e-singura-din-regiune-care-a-inregistrat-o-crestere-in-2020-fata-de-2019_db\/\">Cushman &#038; Wakefield Echinox: Pia\u021ba local\u0103 de investi\u021bii a f\u0103cut fa\u021b\u0103 cu brio pandemiei \u00een 2020. E singura din regiune care a \u00eenregistrat o cre\u0219tere \u00een 2020 fa\u021b\u0103 de 2019<\/a><\/strong><\/p>\n<h2><span class=\"ez-toc-section\" id=\"Timisoara_cea_mai_mare_piata_regionala_dupa_Capitala\"><\/span>Timi\u0219oara, cea mai mare pia\u021b\u0103 regional\u0103, dup\u0103 Capital\u0103<span class=\"ez-toc-section-end\"><\/span><\/h2>\n<p>Profi, Carrefour, Selgros, IKEA, Brico Depot, XXXLutz, Mobexpert, Decathlon, LPP sau Bebe Tei sunt doar o parte dintre retailerii care au semnat contracte relevante de \u00eenchiriere \u00een 2020, al\u0103turi de al\u021bi juc\u0103tori importan\u021bi din online, precum Notino, Boutique Mall, epantofi.ro, elefant.ro sau mobilier1.ro. De altfel, companiile de retail \u0219i e-commerce au \u00eenchiriat spa\u021bii cu o suprafa\u021b\u0103 cumulat\u0103 de 454.000 de metri p\u0103tra\u021bi, av\u00e2nd o cot\u0103 de pia\u021b\u0103 de 46% \u00een volumul tranzac\u021bionat. Alte sectoare active au fost cel al operatorilor logistici (14%), automotive (11%) \u0219i industria farmaceutic\u0103 (8%).<\/p>\n<p>Bucure\u0219tiul a atras anul trecut 65% din volumul spa\u021biilor \u00eenchiriate, \u00een timp ce Timi\u0219oara \u0219i-a reconfirmat pozi\u021bia de cea mai activ\u0103 pia\u021b\u0103 regional\u0103, cu aproape 100.000 de metri p\u0103tra\u021bi tranzac\u021biona\u021bi.   <\/p>\n<blockquote><p>\u201e\u00cen aceast\u0103 conjunctur\u0103 dinamic\u0103, \u00een continu\u0103 schimbare \u0219i cu multe provoc\u0103ri, am reu\u0219it s\u0103 construim un portofoliu important de chiria\u0219i, precum: Mega Image, TNT\/ Fedex, AD Pharma \/ Dr. Max, Notino, Fildas, Danfoss, Bebe Tei, Nunner Logistics, c\u0103rora le mul\u021bumim pentru \u00eencredere \u0219i colaborarea excelent\u0103. Din perspectiva dezvoltatorilor, am consolidat rela\u021biile cu partenerii no\u0219tri, nume marcante \u00een pia\u021ba de profil, precum CTP, WDP, VGP, Logicor \u0219i Global Vision, care ne-au sus\u021binut \u00een procesul de tranzac\u021bionare.\u201d<\/p>\n<p><strong>Rodica T\u00e2rcavu, Partner, Industrial Agency, Cushman &#038; Wakefield Echinox<\/strong><\/p><\/blockquote>\n","protected":false},"excerpt":{"rendered":"<p>Contextul pandemiei a determinat o intensificare a cererii de asemenea spa\u021bii, at\u00e2t pe segmentul de \u00eenchirieri, c\u00e2t \u0219i pe cel al noilor dezvolt\u0103ri. Pia\u021ba local\u0103 a spa\u021biilor logistice \u0219i industriale \u0219i-a accelerat cre\u0219terea \u00een 2020 at\u00e2t din punctul de vedere al cererii pe segmentul de \u00eenchirieri, care s-a apropiat de pragul de un milion de [&hellip;]<\/p>\n","protected":false},"author":829,"featured_media":61737,"comment_status":"open","ping_status":"open","sticky":false,"template":"","format":"standard","meta":{"footnotes":""},"categories":[259],"tags":[1902,1955,598,446],"content_author":[],"class_list":["post-61736","post","type-post","status-publish","format-standard","has-post-thumbnail","hentry","category-stiri","tag-covid-19","tag-cushman-wakefield-echinox","tag-spatii-industriale","tag-spatii-logistice"],"yoast_head":"<!-- This site is optimized with the Yoast SEO Premium plugin v27.0 (Yoast SEO v27.0) - https:\/\/yoast.com\/product\/yoast-seo-premium-wordpress\/ -->\n<title>Cre\u0219tere accelerat\u0103 pe pia\u021ba de spa\u021bii logistice \u0219i industriale \u00een 2020 - \u0218tiri - ImoExpert<\/title>\n<meta name=\"description\" content=\"Contextul pandemiei a determinat o intensificare a cererii de asemenea spa\u021bii, at\u00e2t pe segmentul de \u00eenchirieri, c\u00e2t \u0219i pe cel al noilor dezvolt\u0103ri. Pia\u021ba\" \/>\n<meta name=\"robots\" content=\"index, follow\" \/>\n<link rel=\"canonical\" href=\"https:\/\/www.imobiliare.ro\/imoexpert\/crestere-accelerata-pe-piata-de-spatii-logistice-si-industriale-in-2020_db\/\" \/>\n<meta property=\"og:locale\" content=\"ro_RO\" \/>\n<meta property=\"og:type\" content=\"article\" \/>\n<meta property=\"og:title\" content=\"Cre\u0219tere accelerat\u0103 pe pia\u021ba de spa\u021bii logistice \u0219i industriale \u00een 2020\" \/>\n<meta property=\"og:description\" content=\"Contextul pandemiei a determinat o intensificare a cererii de asemenea spa\u021bii, at\u00e2t pe segmentul de \u00eenchirieri, c\u00e2t \u0219i pe cel al noilor dezvolt\u0103ri. Pia\u021ba\" \/>\n<meta property=\"og:url\" content=\"https:\/\/www.imobiliare.ro\/imoexpert\/crestere-accelerata-pe-piata-de-spatii-logistice-si-industriale-in-2020_db\/\" \/>\n<meta property=\"og:site_name\" content=\"ImoExpert\" \/>\n<meta property=\"article:published_time\" content=\"2021-02-23T15:43:37+00:00\" \/>\n<meta property=\"og:image\" content=\"https:\/\/www.imobiliare.ro\/imoexpert\/wp-content\/uploads\/2021\/02\/crestere-accelerata-pentru-piata-spatiilor-logistice-si-industriale-in-2020.jpg\" \/>\n\t<meta property=\"og:image:width\" content=\"800\" \/>\n\t<meta property=\"og:image:height\" content=\"533\" \/>\n\t<meta property=\"og:image:type\" content=\"image\/jpeg\" \/>\n<meta name=\"author\" content=\"Adriana Dr\u0103gu\u0219in\" \/>\n<meta name=\"twitter:card\" content=\"summary_large_image\" \/>\n<meta name=\"twitter:label1\" content=\"Written by\" \/>\n\t<meta name=\"twitter:data1\" content=\"Adriana Dr\u0103gu\u0219in\" \/>\n\t<meta name=\"twitter:label2\" content=\"Est. reading time\" \/>\n\t<meta name=\"twitter:data2\" content=\"3 minute\" \/>\n<script type=\"application\/ld+json\" class=\"yoast-schema-graph\">{\"@context\":\"https:\/\/schema.org\",\"@graph\":[{\"@type\":\"Article\",\"@id\":\"https:\/\/www.imobiliare.ro\/imoexpert\/crestere-accelerata-pe-piata-de-spatii-logistice-si-industriale-in-2020_db\/#article\",\"isPartOf\":{\"@id\":\"https:\/\/www.imobiliare.ro\/imoexpert\/crestere-accelerata-pe-piata-de-spatii-logistice-si-industriale-in-2020_db\/\"},\"author\":{\"name\":\"Adriana Dr\u0103gu\u0219in\",\"@id\":\"https:\/\/www.imobiliare.ro\/imoexpert\/#\/schema\/person\/8c13b0297075010b896471fabf0d7790\"},\"headline\":\"Cre\u0219tere accelerat\u0103 pe pia\u021ba de spa\u021bii logistice \u0219i industriale \u00een 2020\",\"datePublished\":\"2021-02-23T15:43:37+00:00\",\"mainEntityOfPage\":{\"@id\":\"https:\/\/www.imobiliare.ro\/imoexpert\/crestere-accelerata-pe-piata-de-spatii-logistice-si-industriale-in-2020_db\/\"},\"wordCount\":582,\"commentCount\":0,\"publisher\":{\"@id\":\"https:\/\/www.imobiliare.ro\/imoexpert\/#organization\"},\"image\":{\"@id\":\"https:\/\/www.imobiliare.ro\/imoexpert\/crestere-accelerata-pe-piata-de-spatii-logistice-si-industriale-in-2020_db\/#primaryimage\"},\"thumbnailUrl\":\"https:\/\/www.imobiliare.ro\/imoexpert\/wp-content\/uploads\/2021\/02\/crestere-accelerata-pentru-piata-spatiilor-logistice-si-industriale-in-2020.jpg\",\"keywords\":[\"COVID-19\",\"Cushman Wakefield Echinox\",\"spatii industriale\",\"spatii logistice\"],\"articleSection\":[\"\u0218tiri\"],\"inLanguage\":\"en\",\"potentialAction\":[{\"@type\":\"CommentAction\",\"name\":\"Comment\",\"target\":[\"https:\/\/www.imobiliare.ro\/imoexpert\/crestere-accelerata-pe-piata-de-spatii-logistice-si-industriale-in-2020_db\/#respond\"]}],\"copyrightYear\":\"2021\",\"copyrightHolder\":{\"@id\":\"https:\/\/www.imobiliare.ro\/imoexpert\/#organization\"}},{\"@type\":\"WebPage\",\"@id\":\"https:\/\/www.imobiliare.ro\/imoexpert\/crestere-accelerata-pe-piata-de-spatii-logistice-si-industriale-in-2020_db\/\",\"url\":\"https:\/\/www.imobiliare.ro\/imoexpert\/crestere-accelerata-pe-piata-de-spatii-logistice-si-industriale-in-2020_db\/\",\"name\":\"Cre\u0219tere accelerat\u0103 pe pia\u021ba de spa\u021bii logistice \u0219i industriale \u00een 2020 - \u0218tiri - ImoExpert\",\"isPartOf\":{\"@id\":\"https:\/\/www.imobiliare.ro\/imoexpert\/#website\"},\"primaryImageOfPage\":{\"@id\":\"https:\/\/www.imobiliare.ro\/imoexpert\/crestere-accelerata-pe-piata-de-spatii-logistice-si-industriale-in-2020_db\/#primaryimage\"},\"image\":{\"@id\":\"https:\/\/www.imobiliare.ro\/imoexpert\/crestere-accelerata-pe-piata-de-spatii-logistice-si-industriale-in-2020_db\/#primaryimage\"},\"thumbnailUrl\":\"https:\/\/www.imobiliare.ro\/imoexpert\/wp-content\/uploads\/2021\/02\/crestere-accelerata-pentru-piata-spatiilor-logistice-si-industriale-in-2020.jpg\",\"datePublished\":\"2021-02-23T15:43:37+00:00\",\"description\":\"Contextul pandemiei a determinat o intensificare a cererii de asemenea spa\u021bii, at\u00e2t pe segmentul de \u00eenchirieri, c\u00e2t \u0219i pe cel al noilor dezvolt\u0103ri. Pia\u021ba\",\"breadcrumb\":{\"@id\":\"https:\/\/www.imobiliare.ro\/imoexpert\/crestere-accelerata-pe-piata-de-spatii-logistice-si-industriale-in-2020_db\/#breadcrumb\"},\"inLanguage\":\"en\",\"potentialAction\":[{\"@type\":\"ReadAction\",\"target\":[\"https:\/\/www.imobiliare.ro\/imoexpert\/crestere-accelerata-pe-piata-de-spatii-logistice-si-industriale-in-2020_db\/\"]}]},{\"@type\":\"ImageObject\",\"inLanguage\":\"en\",\"@id\":\"https:\/\/www.imobiliare.ro\/imoexpert\/crestere-accelerata-pe-piata-de-spatii-logistice-si-industriale-in-2020_db\/#primaryimage\",\"url\":\"https:\/\/www.imobiliare.ro\/imoexpert\/wp-content\/uploads\/2021\/02\/crestere-accelerata-pentru-piata-spatiilor-logistice-si-industriale-in-2020.jpg\",\"contentUrl\":\"https:\/\/www.imobiliare.ro\/imoexpert\/wp-content\/uploads\/2021\/02\/crestere-accelerata-pentru-piata-spatiilor-logistice-si-industriale-in-2020.jpg\",\"width\":800,\"height\":533,\"caption\":\"Surs\u0103 foto: Pixabay.com\"},{\"@type\":\"BreadcrumbList\",\"@id\":\"https:\/\/www.imobiliare.ro\/imoexpert\/crestere-accelerata-pe-piata-de-spatii-logistice-si-industriale-in-2020_db\/#breadcrumb\",\"itemListElement\":[{\"@type\":\"ListItem\",\"position\":1,\"name\":\"Imoradar24\",\"item\":\"https:\/\/www.imoradar24.ro\"},{\"@type\":\"ListItem\",\"position\":2,\"name\":\"ImoExpert\",\"item\":\"https:\/\/www.imobiliare.ro\/imoexpert\/\"},{\"@type\":\"ListItem\",\"position\":3,\"name\":\"\u0218tiri\",\"item\":\"https:\/\/www.imobiliare.ro\/imoexpert\/stiri\/\"},{\"@type\":\"ListItem\",\"position\":4,\"name\":\"Cre\u0219tere accelerat\u0103 pe pia\u021ba de spa\u021bii logistice \u0219i industriale \u00een 2020\"}]},{\"@type\":\"WebSite\",\"@id\":\"https:\/\/www.imobiliare.ro\/imoexpert\/#website\",\"url\":\"https:\/\/www.imobiliare.ro\/imoexpert\/\",\"name\":\"ImoExpert\",\"description\":\"cele mai importante \u015ftiri din domeniul imobiliar\",\"publisher\":{\"@id\":\"https:\/\/www.imobiliare.ro\/imoexpert\/#organization\"},\"inLanguage\":\"en\"},{\"@type\":\"Organization\",\"@id\":\"https:\/\/www.imobiliare.ro\/imoexpert\/#organization\",\"name\":\"Imobiliare.ro\",\"alternateName\":\"Realmedia Network SA\",\"url\":\"https:\/\/www.imobiliare.ro\/imoexpert\/\",\"logo\":{\"@type\":\"ImageObject\",\"inLanguage\":\"en\",\"@id\":\"https:\/\/www.imobiliare.ro\/imoexpert\/#\/schema\/logo\/image\/\",\"url\":\"https:\/\/www.imobiliare.ro\/imoexpert\/wp-content\/uploads\/2025\/05\/imobiliare_logo.png\",\"contentUrl\":\"https:\/\/www.imobiliare.ro\/imoexpert\/wp-content\/uploads\/2025\/05\/imobiliare_logo.png\",\"width\":237,\"height\":29,\"caption\":\"Imobiliare.ro\"},\"image\":{\"@id\":\"https:\/\/www.imobiliare.ro\/imoexpert\/#\/schema\/logo\/image\/\"}},{\"@type\":\"Person\",\"@id\":\"https:\/\/www.imobiliare.ro\/imoexpert\/#\/schema\/person\/8c13b0297075010b896471fabf0d7790\",\"name\":\"Adriana Dr\u0103gu\u0219in\",\"image\":{\"@type\":\"ImageObject\",\"inLanguage\":\"en\",\"@id\":\"https:\/\/www.imobiliare.ro\/imoexpert\/#\/schema\/person\/image\/\",\"url\":\"https:\/\/secure.gravatar.com\/avatar\/ba4762f7517e50e679ed7f11207102d1150120f2f5800c0da98f8a15305bf514?s=96&d=mm&r=g\",\"contentUrl\":\"https:\/\/secure.gravatar.com\/avatar\/ba4762f7517e50e679ed7f11207102d1150120f2f5800c0da98f8a15305bf514?s=96&d=mm&r=g\",\"caption\":\"Adriana Dr\u0103gu\u0219in\"},\"jobTitle\":\"Editor\",\"url\":\"https:\/\/www.imobiliare.ro\/imoexpert\/author\/adriana-dragusin\/\"}]}<\/script>\n<!-- \/ Yoast SEO Premium plugin. -->","yoast_head_json":{"title":"Cre\u0219tere accelerat\u0103 pe pia\u021ba de spa\u021bii logistice \u0219i industriale \u00een 2020 - \u0218tiri - ImoExpert","description":"Contextul pandemiei a determinat o intensificare a cererii de asemenea spa\u021bii, at\u00e2t pe segmentul de \u00eenchirieri, c\u00e2t \u0219i pe cel al noilor dezvolt\u0103ri. Pia\u021ba","robots":{"index":"index","follow":"follow"},"canonical":"https:\/\/www.imobiliare.ro\/imoexpert\/crestere-accelerata-pe-piata-de-spatii-logistice-si-industriale-in-2020_db\/","og_locale":"ro_RO","og_type":"article","og_title":"Cre\u0219tere accelerat\u0103 pe pia\u021ba de spa\u021bii logistice \u0219i industriale \u00een 2020","og_description":"Contextul pandemiei a determinat o intensificare a cererii de asemenea spa\u021bii, at\u00e2t pe segmentul de \u00eenchirieri, c\u00e2t \u0219i pe cel al noilor dezvolt\u0103ri. Pia\u021ba","og_url":"https:\/\/www.imobiliare.ro\/imoexpert\/crestere-accelerata-pe-piata-de-spatii-logistice-si-industriale-in-2020_db\/","og_site_name":"ImoExpert","article_published_time":"2021-02-23T15:43:37+00:00","og_image":[{"width":800,"height":533,"url":"https:\/\/www.imobiliare.ro\/imoexpert\/wp-content\/uploads\/2021\/02\/crestere-accelerata-pentru-piata-spatiilor-logistice-si-industriale-in-2020.jpg","type":"image\/jpeg"}],"author":"Adriana Dr\u0103gu\u0219in","twitter_card":"summary_large_image","twitter_misc":{"Written by":"Adriana Dr\u0103gu\u0219in","Est. reading time":"3 minute"},"schema":{"@context":"https:\/\/schema.org","@graph":[{"@type":"Article","@id":"https:\/\/www.imobiliare.ro\/imoexpert\/crestere-accelerata-pe-piata-de-spatii-logistice-si-industriale-in-2020_db\/#article","isPartOf":{"@id":"https:\/\/www.imobiliare.ro\/imoexpert\/crestere-accelerata-pe-piata-de-spatii-logistice-si-industriale-in-2020_db\/"},"author":{"name":"Adriana Dr\u0103gu\u0219in","@id":"https:\/\/www.imobiliare.ro\/imoexpert\/#\/schema\/person\/8c13b0297075010b896471fabf0d7790"},"headline":"Cre\u0219tere accelerat\u0103 pe pia\u021ba de spa\u021bii logistice \u0219i industriale \u00een 2020","datePublished":"2021-02-23T15:43:37+00:00","mainEntityOfPage":{"@id":"https:\/\/www.imobiliare.ro\/imoexpert\/crestere-accelerata-pe-piata-de-spatii-logistice-si-industriale-in-2020_db\/"},"wordCount":582,"commentCount":0,"publisher":{"@id":"https:\/\/www.imobiliare.ro\/imoexpert\/#organization"},"image":{"@id":"https:\/\/www.imobiliare.ro\/imoexpert\/crestere-accelerata-pe-piata-de-spatii-logistice-si-industriale-in-2020_db\/#primaryimage"},"thumbnailUrl":"https:\/\/www.imobiliare.ro\/imoexpert\/wp-content\/uploads\/2021\/02\/crestere-accelerata-pentru-piata-spatiilor-logistice-si-industriale-in-2020.jpg","keywords":["COVID-19","Cushman Wakefield Echinox","spatii industriale","spatii logistice"],"articleSection":["\u0218tiri"],"inLanguage":"en","potentialAction":[{"@type":"CommentAction","name":"Comment","target":["https:\/\/www.imobiliare.ro\/imoexpert\/crestere-accelerata-pe-piata-de-spatii-logistice-si-industriale-in-2020_db\/#respond"]}],"copyrightYear":"2021","copyrightHolder":{"@id":"https:\/\/www.imobiliare.ro\/imoexpert\/#organization"}},{"@type":"WebPage","@id":"https:\/\/www.imobiliare.ro\/imoexpert\/crestere-accelerata-pe-piata-de-spatii-logistice-si-industriale-in-2020_db\/","url":"https:\/\/www.imobiliare.ro\/imoexpert\/crestere-accelerata-pe-piata-de-spatii-logistice-si-industriale-in-2020_db\/","name":"Cre\u0219tere accelerat\u0103 pe pia\u021ba de spa\u021bii logistice \u0219i industriale \u00een 2020 - \u0218tiri - ImoExpert","isPartOf":{"@id":"https:\/\/www.imobiliare.ro\/imoexpert\/#website"},"primaryImageOfPage":{"@id":"https:\/\/www.imobiliare.ro\/imoexpert\/crestere-accelerata-pe-piata-de-spatii-logistice-si-industriale-in-2020_db\/#primaryimage"},"image":{"@id":"https:\/\/www.imobiliare.ro\/imoexpert\/crestere-accelerata-pe-piata-de-spatii-logistice-si-industriale-in-2020_db\/#primaryimage"},"thumbnailUrl":"https:\/\/www.imobiliare.ro\/imoexpert\/wp-content\/uploads\/2021\/02\/crestere-accelerata-pentru-piata-spatiilor-logistice-si-industriale-in-2020.jpg","datePublished":"2021-02-23T15:43:37+00:00","description":"Contextul pandemiei a determinat o intensificare a cererii de asemenea spa\u021bii, at\u00e2t pe segmentul de \u00eenchirieri, c\u00e2t \u0219i pe cel al noilor dezvolt\u0103ri. Pia\u021ba","breadcrumb":{"@id":"https:\/\/www.imobiliare.ro\/imoexpert\/crestere-accelerata-pe-piata-de-spatii-logistice-si-industriale-in-2020_db\/#breadcrumb"},"inLanguage":"en","potentialAction":[{"@type":"ReadAction","target":["https:\/\/www.imobiliare.ro\/imoexpert\/crestere-accelerata-pe-piata-de-spatii-logistice-si-industriale-in-2020_db\/"]}]},{"@type":"ImageObject","inLanguage":"en","@id":"https:\/\/www.imobiliare.ro\/imoexpert\/crestere-accelerata-pe-piata-de-spatii-logistice-si-industriale-in-2020_db\/#primaryimage","url":"https:\/\/www.imobiliare.ro\/imoexpert\/wp-content\/uploads\/2021\/02\/crestere-accelerata-pentru-piata-spatiilor-logistice-si-industriale-in-2020.jpg","contentUrl":"https:\/\/www.imobiliare.ro\/imoexpert\/wp-content\/uploads\/2021\/02\/crestere-accelerata-pentru-piata-spatiilor-logistice-si-industriale-in-2020.jpg","width":800,"height":533,"caption":"Surs\u0103 foto: Pixabay.com"},{"@type":"BreadcrumbList","@id":"https:\/\/www.imobiliare.ro\/imoexpert\/crestere-accelerata-pe-piata-de-spatii-logistice-si-industriale-in-2020_db\/#breadcrumb","itemListElement":[{"@type":"ListItem","position":1,"name":"Imoradar24","item":"https:\/\/www.imoradar24.ro"},{"@type":"ListItem","position":2,"name":"ImoExpert","item":"https:\/\/www.imobiliare.ro\/imoexpert\/"},{"@type":"ListItem","position":3,"name":"\u0218tiri","item":"https:\/\/www.imobiliare.ro\/imoexpert\/stiri\/"},{"@type":"ListItem","position":4,"name":"Cre\u0219tere accelerat\u0103 pe pia\u021ba de spa\u021bii logistice \u0219i industriale \u00een 2020"}]},{"@type":"WebSite","@id":"https:\/\/www.imobiliare.ro\/imoexpert\/#website","url":"https:\/\/www.imobiliare.ro\/imoexpert\/","name":"ImoExpert","description":"cele mai importante \u015ftiri din domeniul imobiliar","publisher":{"@id":"https:\/\/www.imobiliare.ro\/imoexpert\/#organization"},"inLanguage":"en"},{"@type":"Organization","@id":"https:\/\/www.imobiliare.ro\/imoexpert\/#organization","name":"Imobiliare.ro","alternateName":"Realmedia Network SA","url":"https:\/\/www.imobiliare.ro\/imoexpert\/","logo":{"@type":"ImageObject","inLanguage":"en","@id":"https:\/\/www.imobiliare.ro\/imoexpert\/#\/schema\/logo\/image\/","url":"https:\/\/www.imobiliare.ro\/imoexpert\/wp-content\/uploads\/2025\/05\/imobiliare_logo.png","contentUrl":"https:\/\/www.imobiliare.ro\/imoexpert\/wp-content\/uploads\/2025\/05\/imobiliare_logo.png","width":237,"height":29,"caption":"Imobiliare.ro"},"image":{"@id":"https:\/\/www.imobiliare.ro\/imoexpert\/#\/schema\/logo\/image\/"}},{"@type":"Person","@id":"https:\/\/www.imobiliare.ro\/imoexpert\/#\/schema\/person\/8c13b0297075010b896471fabf0d7790","name":"Adriana Dr\u0103gu\u0219in","image":{"@type":"ImageObject","inLanguage":"en","@id":"https:\/\/www.imobiliare.ro\/imoexpert\/#\/schema\/person\/image\/","url":"https:\/\/secure.gravatar.com\/avatar\/ba4762f7517e50e679ed7f11207102d1150120f2f5800c0da98f8a15305bf514?s=96&d=mm&r=g","contentUrl":"https:\/\/secure.gravatar.com\/avatar\/ba4762f7517e50e679ed7f11207102d1150120f2f5800c0da98f8a15305bf514?s=96&d=mm&r=g","caption":"Adriana Dr\u0103gu\u0219in"},"jobTitle":"Editor","url":"https:\/\/www.imobiliare.ro\/imoexpert\/author\/adriana-dragusin\/"}]}},"_links":{"self":[{"href":"https:\/\/www.imobiliare.ro\/imoexpert\/wp-json\/wp\/v2\/posts\/61736","targetHints":{"allow":["GET"]}}],"collection":[{"href":"https:\/\/www.imobiliare.ro\/imoexpert\/wp-json\/wp\/v2\/posts"}],"about":[{"href":"https:\/\/www.imobiliare.ro\/imoexpert\/wp-json\/wp\/v2\/types\/post"}],"author":[{"embeddable":true,"href":"https:\/\/www.imobiliare.ro\/imoexpert\/wp-json\/wp\/v2\/users\/829"}],"replies":[{"embeddable":true,"href":"https:\/\/www.imobiliare.ro\/imoexpert\/wp-json\/wp\/v2\/comments?post=61736"}],"version-history":[{"count":0,"href":"https:\/\/www.imobiliare.ro\/imoexpert\/wp-json\/wp\/v2\/posts\/61736\/revisions"}],"wp:featuredmedia":[{"embeddable":true,"href":"https:\/\/www.imobiliare.ro\/imoexpert\/wp-json\/wp\/v2\/media\/61737"}],"wp:attachment":[{"href":"https:\/\/www.imobiliare.ro\/imoexpert\/wp-json\/wp\/v2\/media?parent=61736"}],"wp:term":[{"taxonomy":"category","embeddable":true,"href":"https:\/\/www.imobiliare.ro\/imoexpert\/wp-json\/wp\/v2\/categories?post=61736"},{"taxonomy":"post_tag","embeddable":true,"href":"https:\/\/www.imobiliare.ro\/imoexpert\/wp-json\/wp\/v2\/tags?post=61736"},{"taxonomy":"content_author","embeddable":true,"href":"https:\/\/www.imobiliare.ro\/imoexpert\/wp-json\/wp\/v2\/content_author?post=61736"}],"curies":[{"name":"wp","href":"https:\/\/api.w.org\/{rel}","templated":true}]}}