{"id":62342,"date":"2021-05-11T11:44:08","date_gmt":"2021-05-11T08:44:08","guid":{"rendered":"https:\/\/www.imobiliare.ro\/imoexpert\/?p=62342"},"modified":"2021-05-11T11:44:08","modified_gmt":"2021-05-11T08:44:08","slug":"preturile-apartamentelor-in-luna-aprilie-pe-plus-la-nivel-national-dar-si-in-marile-centre-regionale","status":"publish","type":"post","link":"https:\/\/www.imobiliare.ro\/imoexpert\/preturile-apartamentelor-in-luna-aprilie-pe-plus-la-nivel-national-dar-si-in-marile-centre-regionale_db\/","title":{"rendered":"Pre\u021burile apartamentelor \u00een luna aprilie: pe plus la nivel na\u021bional, dar \u0219i \u00een marile centre regionale"},"content":{"rendered":"<figure id=\"attachment_62343\" aria-describedby=\"caption-attachment-62343\" style=\"width: 800px\" class=\"wp-caption aligncenter\"><a class=\"article-body-links\"href=\"https:\/\/www.imobiliare.ro\/imoexpert\/wp-content\/uploads\/2021\/05\/preturile-apartamentelor-in-luna-aprilie-pe-plus-la-nivel-national-dar-si-in-marile-centre-regionale.jpg\"><img loading=\"lazy\" decoding=\"async\" src=\"https:\/\/www.imobiliare.ro\/imoexpert\/wp-content\/uploads\/2021\/05\/preturile-apartamentelor-in-luna-aprilie-pe-plus-la-nivel-national-dar-si-in-marile-centre-regionale.jpg\" alt=\"\" width=\"800\" height=\"480\" class=\"size-full wp-image-62343\" srcset=\"https:\/\/www.imobiliare.ro\/imoexpert\/wp-content\/uploads\/2021\/05\/preturile-apartamentelor-in-luna-aprilie-pe-plus-la-nivel-national-dar-si-in-marile-centre-regionale.jpg 800w, https:\/\/www.imobiliare.ro\/imoexpert\/wp-content\/uploads\/2021\/05\/preturile-apartamentelor-in-luna-aprilie-pe-plus-la-nivel-national-dar-si-in-marile-centre-regionale-300x180.jpg 300w, https:\/\/www.imobiliare.ro\/imoexpert\/wp-content\/uploads\/2021\/05\/preturile-apartamentelor-in-luna-aprilie-pe-plus-la-nivel-national-dar-si-in-marile-centre-regionale-768x461.jpg 768w\" sizes=\"auto, (max-width: 800px) 100vw, 800px\" \/><\/a><figcaption id=\"caption-attachment-62343\" class=\"wp-caption-text\">Surs\u0103 foto: Pixabay.com<\/figcaption><\/figure>\n<div id=\"ez-toc-container\" class=\"ez-toc-v2_0_81 counter-hierarchy ez-toc-counter ez-toc-grey ez-toc-container-direction\">\n<p class=\"ez-toc-title\" style=\"cursor:inherit\">Table of Contents<\/p>\n<label for=\"ez-toc-cssicon-toggle-item-69ec9221c9b2b\" class=\"ez-toc-cssicon-toggle-label\"><span class=\"ez-toc-cssicon\"><span class=\"eztoc-hide\" style=\"display:none;\">Toggle<\/span><span class=\"ez-toc-icon-toggle-span\"><svg style=\"fill: #999;color:#999\" xmlns=\"http:\/\/www.w3.org\/2000\/svg\" class=\"list-377408\" width=\"20px\" height=\"20px\" viewBox=\"0 0 24 24\" fill=\"none\"><path d=\"M6 6H4v2h2V6zm14 0H8v2h12V6zM4 11h2v2H4v-2zm16 0H8v2h12v-2zM4 16h2v2H4v-2zm16 0H8v2h12v-2z\" fill=\"currentColor\"><\/path><\/svg><svg style=\"fill: #999;color:#999\" class=\"arrow-unsorted-368013\" xmlns=\"http:\/\/www.w3.org\/2000\/svg\" width=\"10px\" height=\"10px\" viewBox=\"0 0 24 24\" version=\"1.2\" baseProfile=\"tiny\"><path d=\"M18.2 9.3l-6.2-6.3-6.2 6.3c-.2.2-.3.4-.3.7s.1.5.3.7c.2.2.4.3.7.3h11c.3 0 .5-.1.7-.3.2-.2.3-.5.3-.7s-.1-.5-.3-.7zM5.8 14.7l6.2 6.3 6.2-6.3c.2-.2.3-.5.3-.7s-.1-.5-.3-.7c-.2-.2-.4-.3-.7-.3h-11c-.3 0-.5.1-.7.3-.2.2-.3.5-.3.7s.1.5.3.7z\"\/><\/svg><\/span><\/span><\/label><input type=\"checkbox\"  id=\"ez-toc-cssicon-toggle-item-69ec9221c9b2b\"  aria-label=\"Toggle\" \/><nav><ul class='ez-toc-list ez-toc-list-level-1 ' ><li class='ez-toc-page-1 ez-toc-heading-level-2'><a class=\"ez-toc-link ez-toc-heading-1\" href=\"https:\/\/www.imobiliare.ro\/imoexpert\/preturile-apartamentelor-in-luna-aprilie-pe-plus-la-nivel-national-dar-si-in-marile-centre-regionale_db\/#Dupa_avansul_de_15_consemnat_in_martie_preturile_locuintelor_din_Romania_s-au_mentinut_pe_o_traiectorie_ascendenta_si_in_a_doua_luna_de_primavara\" >Dup\u0103 avansul de 1,5% consemnat \u00een martie, pre\u021burile locuin\u021belor din Rom\u00e2nia s-au men\u021binut pe o traiectorie ascendent\u0103 \u0219i \u00een a doua lun\u0103 de prim\u0103var\u0103.<\/a><\/li><li class='ez-toc-page-1 ez-toc-heading-level-2'><a class=\"ez-toc-link ez-toc-heading-2\" href=\"https:\/\/www.imobiliare.ro\/imoexpert\/preturile-apartamentelor-in-luna-aprilie-pe-plus-la-nivel-national-dar-si-in-marile-centre-regionale_db\/#Bucuresti\" >Bucure\u0219ti:<\/a><\/li><li class='ez-toc-page-1 ez-toc-heading-level-2'><a class=\"ez-toc-link ez-toc-heading-3\" href=\"https:\/\/www.imobiliare.ro\/imoexpert\/preturile-apartamentelor-in-luna-aprilie-pe-plus-la-nivel-national-dar-si-in-marile-centre-regionale_db\/#Brasov\" >Bra\u0219ov:<\/a><\/li><li class='ez-toc-page-1 ez-toc-heading-level-2'><a class=\"ez-toc-link ez-toc-heading-4\" href=\"https:\/\/www.imobiliare.ro\/imoexpert\/preturile-apartamentelor-in-luna-aprilie-pe-plus-la-nivel-national-dar-si-in-marile-centre-regionale_db\/#Cluj-Napoca\" >Cluj-Napoca:<\/a><\/li><li class='ez-toc-page-1 ez-toc-heading-level-2'><a class=\"ez-toc-link ez-toc-heading-5\" href=\"https:\/\/www.imobiliare.ro\/imoexpert\/preturile-apartamentelor-in-luna-aprilie-pe-plus-la-nivel-national-dar-si-in-marile-centre-regionale_db\/#Constanta\" >Constan\u021ba:<\/a><\/li><li class='ez-toc-page-1 ez-toc-heading-level-2'><a class=\"ez-toc-link ez-toc-heading-6\" href=\"https:\/\/www.imobiliare.ro\/imoexpert\/preturile-apartamentelor-in-luna-aprilie-pe-plus-la-nivel-national-dar-si-in-marile-centre-regionale_db\/#Iasi\" >Ia\u0219i:<\/a><\/li><li class='ez-toc-page-1 ez-toc-heading-level-2'><a class=\"ez-toc-link ez-toc-heading-7\" href=\"https:\/\/www.imobiliare.ro\/imoexpert\/preturile-apartamentelor-in-luna-aprilie-pe-plus-la-nivel-national-dar-si-in-marile-centre-regionale_db\/#Timisoara\" >Timi\u0219oara:<\/a><\/li><\/ul><\/nav><\/div>\n<h2><span class=\"ez-toc-section\" id=\"Dupa_avansul_de_15_consemnat_in_martie_preturile_locuintelor_din_Romania_s-au_mentinut_pe_o_traiectorie_ascendenta_si_in_a_doua_luna_de_primavara\"><\/span>Dup\u0103 avansul de 1,5% consemnat \u00een martie, pre\u021burile locuin\u021belor din Rom\u00e2nia s-au men\u021binut pe o traiectorie ascendent\u0103 \u0219i \u00een a doua lun\u0103 de prim\u0103var\u0103.<span class=\"ez-toc-section-end\"><\/span><\/h2>\n<p>Potrivit <strong><a class=\"article-body-links\"href=\"https:\/\/www.imobiliare.ro\/indicele-imobiliare-ro\">Indicelui Imobiliare.ro<\/a><\/strong>, suma medie solicitat\u0103 la nivel na\u021bional de c\u0103tre v\u00e2nz\u0103torii de apartamente (noi \u0219i vechi deopotriv\u0103) s-a majorat cu 1,2% \u00een aprilie, de la 1.379 de euro pe metru p\u0103trat util, la 1.396 de euro pe metru p\u0103trat util. Preten\u021biile proprietarilor au fost mai ridicate \u00een toate cele \u0219ase mari ora\u0219e monitorizate constant de <strong><a class=\"article-body-links\"href=\"https:\/\/www.imobiliare.ro\/\">Imobiliare.ro<\/a><\/strong>, Cluj-Napoca \u0219i Bucure\u0219tiul nemaisitu\u00e2ndu-se, \u00eens\u0103, \u00een fruntea clasamentului scumpirilor. De data aceasta, pozi\u021bia frunta\u0219\u0103 \u00een top este ocupat\u0103 de Bra\u0219ov, pe fondul unui avans considerabil consemnat pe segmentul apartamentelor noi (prin care a fost recuperat\u0103 sc\u0103derea consemnat\u0103 \u00een februarie). <\/p>\n<p><strong>Cite\u0219te \u0219i:<br \/>\n<a class=\"article-body-links\"href=\"https:\/\/www.imobiliare.ro\/imoexpert\/preturile-apartamentelor-in-martie-2021-dintre-marile-orase-cele-mai-mari-cresteri-au-avut-loc-in-cluj-napoca-si-bucuresti_db\/\">Pre\u021burile apartamentelor \u00een martie 2021. Dintre marile ora\u0219e, cele mai mari cre\u0219teri au avut loc \u00een Cluj-Napoca \u0219i Bucure\u0219ti<\/a><\/p>\n<p><a class=\"article-body-links\"href=\"https:\/\/www.imobiliare.ro\/imoexpert\/cum-au-evoluat-preturile-apartamentelor-in-luna-februarie-cresteri-versus-scaderi-in-marile-orase_db\/\">Cum au evoluat pre\u021burile apartamentelor \u00een luna februarie. Cre\u0219teri versus sc\u0103deri \u00een marile ora\u0219e<\/a><\/strong><\/p>\n<h2><span class=\"ez-toc-section\" id=\"Bucuresti\"><\/span>Bucure\u0219ti:<span class=\"ez-toc-section-end\"><\/span><\/h2>\n<p>\u00cen a doua lun\u0103 de prim\u0103var\u0103, apartamentele disponibile spre v\u00e2nzare \u00een cel mai mare ora\u0219 al \u021b\u0103rii s-au apreciat, per ansamblu, cu 0,8%, ajung\u00e2nd la o medie de 1.430 de euro pe metru p\u0103trat util (de la 1.418 euro pe metru p\u0103trat la finele lunii anterioare). Major\u0103ri de pre\u021b au fost consemnate pe ambele segmente de pia\u021b\u0103 analizate: locuin\u021bele din blocurile vechi au cunoscut un avans de 0,5% (de la 1.395 de euro pe metru p\u0103trat, la 1.402 euro pe metru p\u0103trat), \u00een vreme ce unit\u0103\u021bile locative nou-construite au \u00eenregistrat un avans de 0,9%, de la 1.435 la 1.448 de euro pe metru p\u0103trat util. <\/p>\n<h2><span class=\"ez-toc-section\" id=\"Brasov\"><\/span>Bra\u0219ov:<span class=\"ez-toc-section-end\"><\/span><\/h2>\n<p>\u00cen ora\u0219ul de la poalele T\u00e2mpei, <strong><a class=\"article-body-links\"href=\"https:\/\/www.imobiliare.ro\/indicele-imobiliare-ro\">Indicele Imobiliare.ro<\/a><\/strong> relev\u0103, per ansamblu, o cre\u0219tere de 2% a pre\u021burilor apartamentelor \u00een aprilie, de la 1.277 la 1.302 euro pe metru p\u0103trat util. \u00cen mod interesant, apartamentele vechi au consemnat un declin de 0,3% luna trecut\u0103, de la 1.257 la 1.253 de euro pe metru p\u0103trat util. Pe de alt\u0103 parte, \u00eens\u0103, locuin\u021bele din cadrul noilor ansambluri reziden\u021biale bra\u0219ovene s-au scumpit cu 5,5% fa\u021b\u0103 de martie (de la 1.306 la 1.378 de euro pe metru p\u0103trat util).  <\/p>\n<p><strong>Cite\u0219te \u0219i:<br \/>\n<a class=\"article-body-links\"href=\"https:\/\/www.imobiliare.ro\/imoexpert\/piata-rezidentiala-in-t1-2021-preturile-locuintelor-cererea-oferta-si-tranzactiile-evolutie-specifica-unor-conditii-normale-de-piata_db\/\">Pia\u021ba reziden\u021bial\u0103 \u00een T1 2021 \u2013 pre\u021burile locuin\u021belor, cererea, oferta \u0219i tranzac\u021biile. Evolu\u021bie specific\u0103 unor condi\u021bii normale de pia\u021b\u0103<\/a><\/p>\n<p><a class=\"article-body-links\"href=\"https:\/\/www.imobiliare.ro\/imoexpert\/cum-arata-piata-chiriilor-din-marile-orase-cererea-oferta-si-preturile_db\/\">Cum arat\u0103 pia\u021ba chiriilor din marile ora\u0219e: cererea, oferta \u0219i pre\u021burile<\/a><\/strong><\/p>\n<h2><span class=\"ez-toc-section\" id=\"Cluj-Napoca\"><\/span>Cluj-Napoca:<span class=\"ez-toc-section-end\"><\/span><\/h2>\n<p>\u00cen ora\u0219ul de pe Some\u0219, apartamentele au \u00eenregistrat, per ansamblu, un avans de 0,8% pe parcursul lui aprilie, de la o medie de 1.887 de euro pe metru p\u0103trat util, la 1.903 euro pe metru p\u0103trat util. Ca \u0219i \u00een Bucure\u0219ti, pre\u021burile din capitala Transilvaniei au avut o evolu\u021bie cresc\u0103toare pe ambele segmente de pia\u021b\u0103 analizate: locuin\u021bele din blocurile vechi s-au apreciat cu 0,9% (de la 1.853 la 1.870 de euro pe metru p\u0103trat), iar cele din ansamblurile noi, cu 0,7% (de la 1.924 la 1.937 de euro pe metru p\u0103trat).<\/p>\n<h2><span class=\"ez-toc-section\" id=\"Constanta\"><\/span>Constan\u021ba:<span class=\"ez-toc-section-end\"><\/span><\/h2>\n<p>Dup\u0103 stagnarea din martie, pre\u021bul mediu solicitat pentru apartamentele disponibile spre v\u00e2nzare \u00een ora\u0219ul de la malul m\u0103rii s-a majorat, \u00een aprilie, cu 1,7%, de la 1.268 de euro pe metru p\u0103trat, la 1.290 de euro pe metru p\u0103trat util. Pe cele dou\u0103 segmente de pia\u021b\u0103 analizate au fost consemnate marje de cre\u0219tere destul de apropiate: 1,9% pe segmentul apartamentelor vechi (de la 1.257 la 1.281 de euro pe metru p\u0103trat) \u0219i, respectiv, 1,5% \u00een cazul unit\u0103\u021bilor locative nou-construite (de la 1.288 la 1.307 euro pe metru p\u0103trat). <\/p>\n<p><strong>Cite\u0219te \u0219i:<br \/>\n<a class=\"article-body-links\"href=\"https:\/\/www.imobiliare.ro\/imoexpert\/in-cat-timp-se-vinde-un-apartament-in-2021-si-la-cat-ajunge-marja-de-negociere_db\/\">\u00cen c\u00e2t timp se vinde un apartament \u00een 2021 \u0219i la c\u00e2t ajunge marja de negociere<\/a><\/strong><\/p>\n<h2><span class=\"ez-toc-section\" id=\"Iasi\"><\/span>Ia\u0219i:<span class=\"ez-toc-section-end\"><\/span><\/h2>\n<p>\u00cen capitala Moldovei, <strong><a class=\"article-body-links\"href=\"https:\/\/www.imobiliare.ro\/indicele-imobiliare-ro\">Indicele Imobiliare.ro<\/a><\/strong> a \u00eenregistrat, per ansamblu, un plus de 0,6% \u00een aprilie, de la o valoare medie de 1.078 de euro pe metru p\u0103trat, la 1.085 de euro pe metru p\u0103trat util. Pe parcursul lunii trecute, locuin\u021bele din blocurile vechi s-au apreciat cel mai mult, anume cu 1,7%, de la 1.103 la 1.122 de euro pe metru p\u0103trat. Pe de alt\u0103 parte, pe segmentul apartamentelor nou-construite a avut loc o cre\u0219tere de doar 0,1%, de la 1.057 de euro pe metru p\u0103trat, la 1.058 de euro pe metru p\u0103trat.<\/p>\n<h2><span class=\"ez-toc-section\" id=\"Timisoara\"><\/span>Timi\u0219oara:<span class=\"ez-toc-section-end\"><\/span><\/h2>\n<p>\u00cen capitala Banatului, suma medie solicitat\u0103 pentru un apartament s-a majorat cu 1,5% luna trecut\u0103, de la 1.304 la 1.324 de euro pe metru p\u0103trat util. Apartamentele vechi disponibile spre v\u00e2nzare pe pia\u021ba timi\u0219orean\u0103 s-au apreciat cu 1,1% pe parcursul lui aprilie, de la 1.309 la 1.323 de euro pe metru p\u0103trat util. Compens\u00e2nd sc\u0103derea din martie, locuin\u021bele din cadrul noilor ansambluri reziden\u021biale au \u00eenregistrat un avans de 2,9% \u00een aprilie, de la 1.291 la 1.328 de euro pe metru p\u0103trat util. <\/p>\n","protected":false},"excerpt":{"rendered":"<p>Dup\u0103 avansul de 1,5% consemnat \u00een martie, pre\u021burile locuin\u021belor din Rom\u00e2nia s-au men\u021binut pe o traiectorie ascendent\u0103 \u0219i \u00een a doua lun\u0103 de prim\u0103var\u0103. Potrivit Indicelui Imobiliare.ro, suma medie solicitat\u0103 la nivel na\u021bional de c\u0103tre v\u00e2nz\u0103torii de apartamente (noi \u0219i vechi deopotriv\u0103) s-a majorat cu 1,2% \u00een aprilie, de la 1.379 de euro pe metru [&hellip;]<\/p>\n","protected":false},"author":829,"featured_media":62343,"comment_status":"open","ping_status":"open","sticky":false,"template":"","format":"standard","meta":{"footnotes":""},"categories":[],"tags":[299,1410,507,2017,1891,2034,2035,2036,1894,1890,1411,451],"content_author":[],"class_list":["post-62342","post","type-post","status-publish","format-standard","has-post-thumbnail","hentry","tag-indicele-imobiliare-ro","tag-newsletter","tag-preturi-apartamente","tag-preturi-apartamente-2021","tag-preturi-apartamente-brasov","tag-preturi-apartamente-bucuresti","tag-preturi-apartamente-cluj","tag-preturi-apartamente-constanta","tag-preturi-apartamente-iasi","tag-preturi-apartamente-timisoara","tag-principal","tag-proprietar"],"yoast_head":"<!-- This site is optimized with the Yoast SEO Premium plugin v27.0 (Yoast SEO v27.0) - https:\/\/yoast.com\/product\/yoast-seo-premium-wordpress\/ -->\n<title>Pre\u021burile apartamentelor \u00een luna aprilie: pe plus la nivel na\u021bional, dar \u0219i \u00een marile centre regionale - ImoExpert<\/title>\n<meta name=\"description\" content=\"Dup\u0103 avansul de 1,5% consemnat \u00een martie, pre\u021burile locuin\u021belor din Rom\u00e2nia s-au men\u021binut pe o traiectorie ascendent\u0103 \u0219i \u00een a doua lun\u0103 de prim\u0103var\u0103.\" \/>\n<meta name=\"robots\" content=\"index, follow\" \/>\n<link rel=\"canonical\" href=\"https:\/\/www.imobiliare.ro\/imoexpert\/preturile-apartamentelor-in-luna-aprilie-pe-plus-la-nivel-national-dar-si-in-marile-centre-regionale_db\/\" \/>\n<meta property=\"og:locale\" content=\"ro_RO\" \/>\n<meta property=\"og:type\" content=\"article\" \/>\n<meta property=\"og:title\" content=\"Pre\u021burile apartamentelor \u00een luna aprilie: pe plus la nivel na\u021bional, dar \u0219i \u00een marile centre regionale\" \/>\n<meta property=\"og:description\" content=\"Dup\u0103 avansul de 1,5% consemnat \u00een martie, pre\u021burile locuin\u021belor din Rom\u00e2nia s-au men\u021binut pe o traiectorie ascendent\u0103 \u0219i \u00een a doua lun\u0103 de prim\u0103var\u0103.\" \/>\n<meta property=\"og:url\" content=\"https:\/\/www.imobiliare.ro\/imoexpert\/preturile-apartamentelor-in-luna-aprilie-pe-plus-la-nivel-national-dar-si-in-marile-centre-regionale_db\/\" \/>\n<meta property=\"og:site_name\" content=\"ImoExpert\" \/>\n<meta property=\"article:published_time\" content=\"2021-05-11T08:44:08+00:00\" \/>\n<meta property=\"og:image\" content=\"https:\/\/www.imobiliare.ro\/imoexpert\/wp-content\/uploads\/2021\/05\/preturile-apartamentelor-in-luna-aprilie-pe-plus-la-nivel-national-dar-si-in-marile-centre-regionale.jpg\" \/>\n\t<meta property=\"og:image:width\" content=\"800\" \/>\n\t<meta property=\"og:image:height\" content=\"480\" \/>\n\t<meta property=\"og:image:type\" content=\"image\/jpeg\" \/>\n<meta name=\"author\" content=\"Adriana Dr\u0103gu\u0219in\" \/>\n<meta name=\"twitter:card\" content=\"summary_large_image\" \/>\n<meta name=\"twitter:label1\" content=\"Written by\" \/>\n\t<meta name=\"twitter:data1\" content=\"Adriana Dr\u0103gu\u0219in\" \/>\n\t<meta name=\"twitter:label2\" content=\"Est. reading time\" \/>\n\t<meta name=\"twitter:data2\" content=\"4 minute\" \/>\n<script type=\"application\/ld+json\" class=\"yoast-schema-graph\">{\"@context\":\"https:\/\/schema.org\",\"@graph\":[{\"@type\":\"Article\",\"@id\":\"https:\/\/www.imobiliare.ro\/imoexpert\/preturile-apartamentelor-in-luna-aprilie-pe-plus-la-nivel-national-dar-si-in-marile-centre-regionale_db\/#article\",\"isPartOf\":{\"@id\":\"https:\/\/www.imobiliare.ro\/imoexpert\/preturile-apartamentelor-in-luna-aprilie-pe-plus-la-nivel-national-dar-si-in-marile-centre-regionale_db\/\"},\"author\":{\"name\":\"Adriana Dr\u0103gu\u0219in\",\"@id\":\"https:\/\/www.imobiliare.ro\/imoexpert\/#\/schema\/person\/8c13b0297075010b896471fabf0d7790\"},\"headline\":\"Pre\u021burile apartamentelor \u00een luna aprilie: pe plus la nivel na\u021bional, dar \u0219i \u00een marile centre regionale\",\"datePublished\":\"2021-05-11T08:44:08+00:00\",\"mainEntityOfPage\":{\"@id\":\"https:\/\/www.imobiliare.ro\/imoexpert\/preturile-apartamentelor-in-luna-aprilie-pe-plus-la-nivel-national-dar-si-in-marile-centre-regionale_db\/\"},\"wordCount\":828,\"commentCount\":0,\"publisher\":{\"@id\":\"https:\/\/www.imobiliare.ro\/imoexpert\/#organization\"},\"image\":{\"@id\":\"https:\/\/www.imobiliare.ro\/imoexpert\/preturile-apartamentelor-in-luna-aprilie-pe-plus-la-nivel-national-dar-si-in-marile-centre-regionale_db\/#primaryimage\"},\"thumbnailUrl\":\"https:\/\/www.imobiliare.ro\/imoexpert\/wp-content\/uploads\/2021\/05\/preturile-apartamentelor-in-luna-aprilie-pe-plus-la-nivel-national-dar-si-in-marile-centre-regionale.jpg\",\"keywords\":[\"indicele imobiliare.ro\",\"newsletter\",\"preturi apartamente\",\"preturi apartamente 2021\",\"preturi apartamente Brasov\",\"preturi apartamente Bucuresti\",\"preturi apartamente Cluj\",\"preturi apartamente Constanta\",\"preturi apartamente Iasi\",\"preturi apartamente Timisoara\",\"principal\",\"proprietar\"],\"inLanguage\":\"en\",\"potentialAction\":[{\"@type\":\"CommentAction\",\"name\":\"Comment\",\"target\":[\"https:\/\/www.imobiliare.ro\/imoexpert\/preturile-apartamentelor-in-luna-aprilie-pe-plus-la-nivel-national-dar-si-in-marile-centre-regionale_db\/#respond\"]}],\"copyrightYear\":\"2021\",\"copyrightHolder\":{\"@id\":\"https:\/\/www.imobiliare.ro\/imoexpert\/#organization\"}},{\"@type\":\"WebPage\",\"@id\":\"https:\/\/www.imobiliare.ro\/imoexpert\/preturile-apartamentelor-in-luna-aprilie-pe-plus-la-nivel-national-dar-si-in-marile-centre-regionale_db\/\",\"url\":\"https:\/\/www.imobiliare.ro\/imoexpert\/preturile-apartamentelor-in-luna-aprilie-pe-plus-la-nivel-national-dar-si-in-marile-centre-regionale_db\/\",\"name\":\"Pre\u021burile apartamentelor \u00een luna aprilie: pe plus la nivel na\u021bional, dar \u0219i \u00een marile centre regionale - ImoExpert\",\"isPartOf\":{\"@id\":\"https:\/\/www.imobiliare.ro\/imoexpert\/#website\"},\"primaryImageOfPage\":{\"@id\":\"https:\/\/www.imobiliare.ro\/imoexpert\/preturile-apartamentelor-in-luna-aprilie-pe-plus-la-nivel-national-dar-si-in-marile-centre-regionale_db\/#primaryimage\"},\"image\":{\"@id\":\"https:\/\/www.imobiliare.ro\/imoexpert\/preturile-apartamentelor-in-luna-aprilie-pe-plus-la-nivel-national-dar-si-in-marile-centre-regionale_db\/#primaryimage\"},\"thumbnailUrl\":\"https:\/\/www.imobiliare.ro\/imoexpert\/wp-content\/uploads\/2021\/05\/preturile-apartamentelor-in-luna-aprilie-pe-plus-la-nivel-national-dar-si-in-marile-centre-regionale.jpg\",\"datePublished\":\"2021-05-11T08:44:08+00:00\",\"description\":\"Dup\u0103 avansul de 1,5% consemnat \u00een martie, pre\u021burile locuin\u021belor din Rom\u00e2nia s-au men\u021binut pe o traiectorie ascendent\u0103 \u0219i \u00een a doua lun\u0103 de prim\u0103var\u0103.\",\"breadcrumb\":{\"@id\":\"https:\/\/www.imobiliare.ro\/imoexpert\/preturile-apartamentelor-in-luna-aprilie-pe-plus-la-nivel-national-dar-si-in-marile-centre-regionale_db\/#breadcrumb\"},\"inLanguage\":\"en\",\"potentialAction\":[{\"@type\":\"ReadAction\",\"target\":[\"https:\/\/www.imobiliare.ro\/imoexpert\/preturile-apartamentelor-in-luna-aprilie-pe-plus-la-nivel-national-dar-si-in-marile-centre-regionale_db\/\"]}]},{\"@type\":\"ImageObject\",\"inLanguage\":\"en\",\"@id\":\"https:\/\/www.imobiliare.ro\/imoexpert\/preturile-apartamentelor-in-luna-aprilie-pe-plus-la-nivel-national-dar-si-in-marile-centre-regionale_db\/#primaryimage\",\"url\":\"https:\/\/www.imobiliare.ro\/imoexpert\/wp-content\/uploads\/2021\/05\/preturile-apartamentelor-in-luna-aprilie-pe-plus-la-nivel-national-dar-si-in-marile-centre-regionale.jpg\",\"contentUrl\":\"https:\/\/www.imobiliare.ro\/imoexpert\/wp-content\/uploads\/2021\/05\/preturile-apartamentelor-in-luna-aprilie-pe-plus-la-nivel-national-dar-si-in-marile-centre-regionale.jpg\",\"width\":800,\"height\":480,\"caption\":\"Surs\u0103 foto: Pixabay.com\"},{\"@type\":\"BreadcrumbList\",\"@id\":\"https:\/\/www.imobiliare.ro\/imoexpert\/preturile-apartamentelor-in-luna-aprilie-pe-plus-la-nivel-national-dar-si-in-marile-centre-regionale_db\/#breadcrumb\",\"itemListElement\":[{\"@type\":\"ListItem\",\"position\":1,\"name\":\"Imoradar24\",\"item\":\"https:\/\/www.imoradar24.ro\"},{\"@type\":\"ListItem\",\"position\":2,\"name\":\"ImoExpert\",\"item\":\"https:\/\/www.imobiliare.ro\/imoexpert\/\"},{\"@type\":\"ListItem\",\"position\":3,\"name\":\"Pre\u021burile apartamentelor \u00een luna aprilie: pe plus la nivel na\u021bional, dar \u0219i \u00een marile centre regionale\"}]},{\"@type\":\"WebSite\",\"@id\":\"https:\/\/www.imobiliare.ro\/imoexpert\/#website\",\"url\":\"https:\/\/www.imobiliare.ro\/imoexpert\/\",\"name\":\"ImoExpert\",\"description\":\"cele mai importante \u015ftiri din domeniul imobiliar\",\"publisher\":{\"@id\":\"https:\/\/www.imobiliare.ro\/imoexpert\/#organization\"},\"inLanguage\":\"en\"},{\"@type\":\"Organization\",\"@id\":\"https:\/\/www.imobiliare.ro\/imoexpert\/#organization\",\"name\":\"Imobiliare.ro\",\"alternateName\":\"Realmedia Network SA\",\"url\":\"https:\/\/www.imobiliare.ro\/imoexpert\/\",\"logo\":{\"@type\":\"ImageObject\",\"inLanguage\":\"en\",\"@id\":\"https:\/\/www.imobiliare.ro\/imoexpert\/#\/schema\/logo\/image\/\",\"url\":\"https:\/\/www.imobiliare.ro\/imoexpert\/wp-content\/uploads\/2025\/05\/imobiliare_logo.png\",\"contentUrl\":\"https:\/\/www.imobiliare.ro\/imoexpert\/wp-content\/uploads\/2025\/05\/imobiliare_logo.png\",\"width\":237,\"height\":29,\"caption\":\"Imobiliare.ro\"},\"image\":{\"@id\":\"https:\/\/www.imobiliare.ro\/imoexpert\/#\/schema\/logo\/image\/\"}},{\"@type\":\"Person\",\"@id\":\"https:\/\/www.imobiliare.ro\/imoexpert\/#\/schema\/person\/8c13b0297075010b896471fabf0d7790\",\"name\":\"Adriana Dr\u0103gu\u0219in\",\"image\":{\"@type\":\"ImageObject\",\"inLanguage\":\"en\",\"@id\":\"https:\/\/www.imobiliare.ro\/imoexpert\/#\/schema\/person\/image\/\",\"url\":\"https:\/\/secure.gravatar.com\/avatar\/ba4762f7517e50e679ed7f11207102d1150120f2f5800c0da98f8a15305bf514?s=96&d=mm&r=g\",\"contentUrl\":\"https:\/\/secure.gravatar.com\/avatar\/ba4762f7517e50e679ed7f11207102d1150120f2f5800c0da98f8a15305bf514?s=96&d=mm&r=g\",\"caption\":\"Adriana Dr\u0103gu\u0219in\"},\"jobTitle\":\"Editor\",\"url\":\"https:\/\/www.imobiliare.ro\/imoexpert\/author\/adriana-dragusin\/\"}]}<\/script>\n<!-- \/ Yoast SEO Premium plugin. -->","yoast_head_json":{"title":"Pre\u021burile apartamentelor \u00een luna aprilie: pe plus la nivel na\u021bional, dar \u0219i \u00een marile centre regionale - ImoExpert","description":"Dup\u0103 avansul de 1,5% consemnat \u00een martie, pre\u021burile locuin\u021belor din Rom\u00e2nia s-au men\u021binut pe o traiectorie ascendent\u0103 \u0219i \u00een a doua lun\u0103 de prim\u0103var\u0103.","robots":{"index":"index","follow":"follow"},"canonical":"https:\/\/www.imobiliare.ro\/imoexpert\/preturile-apartamentelor-in-luna-aprilie-pe-plus-la-nivel-national-dar-si-in-marile-centre-regionale_db\/","og_locale":"ro_RO","og_type":"article","og_title":"Pre\u021burile apartamentelor \u00een luna aprilie: pe plus la nivel na\u021bional, dar \u0219i \u00een marile centre regionale","og_description":"Dup\u0103 avansul de 1,5% consemnat \u00een martie, pre\u021burile locuin\u021belor din Rom\u00e2nia s-au men\u021binut pe o traiectorie ascendent\u0103 \u0219i \u00een a doua lun\u0103 de prim\u0103var\u0103.","og_url":"https:\/\/www.imobiliare.ro\/imoexpert\/preturile-apartamentelor-in-luna-aprilie-pe-plus-la-nivel-national-dar-si-in-marile-centre-regionale_db\/","og_site_name":"ImoExpert","article_published_time":"2021-05-11T08:44:08+00:00","og_image":[{"width":800,"height":480,"url":"https:\/\/www.imobiliare.ro\/imoexpert\/wp-content\/uploads\/2021\/05\/preturile-apartamentelor-in-luna-aprilie-pe-plus-la-nivel-national-dar-si-in-marile-centre-regionale.jpg","type":"image\/jpeg"}],"author":"Adriana Dr\u0103gu\u0219in","twitter_card":"summary_large_image","twitter_misc":{"Written by":"Adriana Dr\u0103gu\u0219in","Est. reading time":"4 minute"},"schema":{"@context":"https:\/\/schema.org","@graph":[{"@type":"Article","@id":"https:\/\/www.imobiliare.ro\/imoexpert\/preturile-apartamentelor-in-luna-aprilie-pe-plus-la-nivel-national-dar-si-in-marile-centre-regionale_db\/#article","isPartOf":{"@id":"https:\/\/www.imobiliare.ro\/imoexpert\/preturile-apartamentelor-in-luna-aprilie-pe-plus-la-nivel-national-dar-si-in-marile-centre-regionale_db\/"},"author":{"name":"Adriana Dr\u0103gu\u0219in","@id":"https:\/\/www.imobiliare.ro\/imoexpert\/#\/schema\/person\/8c13b0297075010b896471fabf0d7790"},"headline":"Pre\u021burile apartamentelor \u00een luna aprilie: pe plus la nivel na\u021bional, dar \u0219i \u00een marile centre regionale","datePublished":"2021-05-11T08:44:08+00:00","mainEntityOfPage":{"@id":"https:\/\/www.imobiliare.ro\/imoexpert\/preturile-apartamentelor-in-luna-aprilie-pe-plus-la-nivel-national-dar-si-in-marile-centre-regionale_db\/"},"wordCount":828,"commentCount":0,"publisher":{"@id":"https:\/\/www.imobiliare.ro\/imoexpert\/#organization"},"image":{"@id":"https:\/\/www.imobiliare.ro\/imoexpert\/preturile-apartamentelor-in-luna-aprilie-pe-plus-la-nivel-national-dar-si-in-marile-centre-regionale_db\/#primaryimage"},"thumbnailUrl":"https:\/\/www.imobiliare.ro\/imoexpert\/wp-content\/uploads\/2021\/05\/preturile-apartamentelor-in-luna-aprilie-pe-plus-la-nivel-national-dar-si-in-marile-centre-regionale.jpg","keywords":["indicele imobiliare.ro","newsletter","preturi apartamente","preturi apartamente 2021","preturi apartamente Brasov","preturi apartamente Bucuresti","preturi apartamente Cluj","preturi apartamente Constanta","preturi apartamente Iasi","preturi apartamente Timisoara","principal","proprietar"],"inLanguage":"en","potentialAction":[{"@type":"CommentAction","name":"Comment","target":["https:\/\/www.imobiliare.ro\/imoexpert\/preturile-apartamentelor-in-luna-aprilie-pe-plus-la-nivel-national-dar-si-in-marile-centre-regionale_db\/#respond"]}],"copyrightYear":"2021","copyrightHolder":{"@id":"https:\/\/www.imobiliare.ro\/imoexpert\/#organization"}},{"@type":"WebPage","@id":"https:\/\/www.imobiliare.ro\/imoexpert\/preturile-apartamentelor-in-luna-aprilie-pe-plus-la-nivel-national-dar-si-in-marile-centre-regionale_db\/","url":"https:\/\/www.imobiliare.ro\/imoexpert\/preturile-apartamentelor-in-luna-aprilie-pe-plus-la-nivel-national-dar-si-in-marile-centre-regionale_db\/","name":"Pre\u021burile apartamentelor \u00een luna aprilie: pe plus la nivel na\u021bional, dar \u0219i \u00een marile centre regionale - ImoExpert","isPartOf":{"@id":"https:\/\/www.imobiliare.ro\/imoexpert\/#website"},"primaryImageOfPage":{"@id":"https:\/\/www.imobiliare.ro\/imoexpert\/preturile-apartamentelor-in-luna-aprilie-pe-plus-la-nivel-national-dar-si-in-marile-centre-regionale_db\/#primaryimage"},"image":{"@id":"https:\/\/www.imobiliare.ro\/imoexpert\/preturile-apartamentelor-in-luna-aprilie-pe-plus-la-nivel-national-dar-si-in-marile-centre-regionale_db\/#primaryimage"},"thumbnailUrl":"https:\/\/www.imobiliare.ro\/imoexpert\/wp-content\/uploads\/2021\/05\/preturile-apartamentelor-in-luna-aprilie-pe-plus-la-nivel-national-dar-si-in-marile-centre-regionale.jpg","datePublished":"2021-05-11T08:44:08+00:00","description":"Dup\u0103 avansul de 1,5% consemnat \u00een martie, pre\u021burile locuin\u021belor din Rom\u00e2nia s-au men\u021binut pe o traiectorie ascendent\u0103 \u0219i \u00een a doua lun\u0103 de prim\u0103var\u0103.","breadcrumb":{"@id":"https:\/\/www.imobiliare.ro\/imoexpert\/preturile-apartamentelor-in-luna-aprilie-pe-plus-la-nivel-national-dar-si-in-marile-centre-regionale_db\/#breadcrumb"},"inLanguage":"en","potentialAction":[{"@type":"ReadAction","target":["https:\/\/www.imobiliare.ro\/imoexpert\/preturile-apartamentelor-in-luna-aprilie-pe-plus-la-nivel-national-dar-si-in-marile-centre-regionale_db\/"]}]},{"@type":"ImageObject","inLanguage":"en","@id":"https:\/\/www.imobiliare.ro\/imoexpert\/preturile-apartamentelor-in-luna-aprilie-pe-plus-la-nivel-national-dar-si-in-marile-centre-regionale_db\/#primaryimage","url":"https:\/\/www.imobiliare.ro\/imoexpert\/wp-content\/uploads\/2021\/05\/preturile-apartamentelor-in-luna-aprilie-pe-plus-la-nivel-national-dar-si-in-marile-centre-regionale.jpg","contentUrl":"https:\/\/www.imobiliare.ro\/imoexpert\/wp-content\/uploads\/2021\/05\/preturile-apartamentelor-in-luna-aprilie-pe-plus-la-nivel-national-dar-si-in-marile-centre-regionale.jpg","width":800,"height":480,"caption":"Surs\u0103 foto: Pixabay.com"},{"@type":"BreadcrumbList","@id":"https:\/\/www.imobiliare.ro\/imoexpert\/preturile-apartamentelor-in-luna-aprilie-pe-plus-la-nivel-national-dar-si-in-marile-centre-regionale_db\/#breadcrumb","itemListElement":[{"@type":"ListItem","position":1,"name":"Imoradar24","item":"https:\/\/www.imoradar24.ro"},{"@type":"ListItem","position":2,"name":"ImoExpert","item":"https:\/\/www.imobiliare.ro\/imoexpert\/"},{"@type":"ListItem","position":3,"name":"Pre\u021burile apartamentelor \u00een luna aprilie: pe plus la nivel na\u021bional, dar \u0219i \u00een marile centre regionale"}]},{"@type":"WebSite","@id":"https:\/\/www.imobiliare.ro\/imoexpert\/#website","url":"https:\/\/www.imobiliare.ro\/imoexpert\/","name":"ImoExpert","description":"cele mai importante \u015ftiri din domeniul imobiliar","publisher":{"@id":"https:\/\/www.imobiliare.ro\/imoexpert\/#organization"},"inLanguage":"en"},{"@type":"Organization","@id":"https:\/\/www.imobiliare.ro\/imoexpert\/#organization","name":"Imobiliare.ro","alternateName":"Realmedia Network SA","url":"https:\/\/www.imobiliare.ro\/imoexpert\/","logo":{"@type":"ImageObject","inLanguage":"en","@id":"https:\/\/www.imobiliare.ro\/imoexpert\/#\/schema\/logo\/image\/","url":"https:\/\/www.imobiliare.ro\/imoexpert\/wp-content\/uploads\/2025\/05\/imobiliare_logo.png","contentUrl":"https:\/\/www.imobiliare.ro\/imoexpert\/wp-content\/uploads\/2025\/05\/imobiliare_logo.png","width":237,"height":29,"caption":"Imobiliare.ro"},"image":{"@id":"https:\/\/www.imobiliare.ro\/imoexpert\/#\/schema\/logo\/image\/"}},{"@type":"Person","@id":"https:\/\/www.imobiliare.ro\/imoexpert\/#\/schema\/person\/8c13b0297075010b896471fabf0d7790","name":"Adriana Dr\u0103gu\u0219in","image":{"@type":"ImageObject","inLanguage":"en","@id":"https:\/\/www.imobiliare.ro\/imoexpert\/#\/schema\/person\/image\/","url":"https:\/\/secure.gravatar.com\/avatar\/ba4762f7517e50e679ed7f11207102d1150120f2f5800c0da98f8a15305bf514?s=96&d=mm&r=g","contentUrl":"https:\/\/secure.gravatar.com\/avatar\/ba4762f7517e50e679ed7f11207102d1150120f2f5800c0da98f8a15305bf514?s=96&d=mm&r=g","caption":"Adriana Dr\u0103gu\u0219in"},"jobTitle":"Editor","url":"https:\/\/www.imobiliare.ro\/imoexpert\/author\/adriana-dragusin\/"}]}},"_links":{"self":[{"href":"https:\/\/www.imobiliare.ro\/imoexpert\/wp-json\/wp\/v2\/posts\/62342","targetHints":{"allow":["GET"]}}],"collection":[{"href":"https:\/\/www.imobiliare.ro\/imoexpert\/wp-json\/wp\/v2\/posts"}],"about":[{"href":"https:\/\/www.imobiliare.ro\/imoexpert\/wp-json\/wp\/v2\/types\/post"}],"author":[{"embeddable":true,"href":"https:\/\/www.imobiliare.ro\/imoexpert\/wp-json\/wp\/v2\/users\/829"}],"replies":[{"embeddable":true,"href":"https:\/\/www.imobiliare.ro\/imoexpert\/wp-json\/wp\/v2\/comments?post=62342"}],"version-history":[{"count":0,"href":"https:\/\/www.imobiliare.ro\/imoexpert\/wp-json\/wp\/v2\/posts\/62342\/revisions"}],"wp:featuredmedia":[{"embeddable":true,"href":"https:\/\/www.imobiliare.ro\/imoexpert\/wp-json\/wp\/v2\/media\/62343"}],"wp:attachment":[{"href":"https:\/\/www.imobiliare.ro\/imoexpert\/wp-json\/wp\/v2\/media?parent=62342"}],"wp:term":[{"taxonomy":"category","embeddable":true,"href":"https:\/\/www.imobiliare.ro\/imoexpert\/wp-json\/wp\/v2\/categories?post=62342"},{"taxonomy":"post_tag","embeddable":true,"href":"https:\/\/www.imobiliare.ro\/imoexpert\/wp-json\/wp\/v2\/tags?post=62342"},{"taxonomy":"content_author","embeddable":true,"href":"https:\/\/www.imobiliare.ro\/imoexpert\/wp-json\/wp\/v2\/content_author?post=62342"}],"curies":[{"name":"wp","href":"https:\/\/api.w.org\/{rel}","templated":true}]}}