{"id":62558,"date":"2021-06-09T11:44:12","date_gmt":"2021-06-09T08:44:12","guid":{"rendered":"https:\/\/www.imobiliare.ro\/imoexpert\/?p=62558"},"modified":"2021-06-09T11:44:12","modified_gmt":"2021-06-09T08:44:12","slug":"ce-s-a-intamplat-cu-preturile-apartamentelor-in-luna-mai-piata-noua-a-generat-variatii-semnificative-in-brasov-si-bucuresti","status":"publish","type":"post","link":"https:\/\/www.imobiliare.ro\/imoexpert\/ce-s-a-intamplat-cu-preturile-apartamentelor-in-luna-mai-piata-noua-a-generat-variatii-semnificative-in-brasov-si-bucuresti_db\/","title":{"rendered":"Ce s-a \u00eent\u00e2mplat cu pre\u021burile apartamentelor \u00een luna mai. Pia\u021ba nou\u0103 a generat varia\u021bii semnificative \u00een Bra\u0219ov \u0219i Bucure\u0219ti"},"content":{"rendered":"<figure id=\"attachment_62559\" aria-describedby=\"caption-attachment-62559\" style=\"width: 800px\" class=\"wp-caption aligncenter\"><a class=\"article-body-links\"href=\"https:\/\/www.imobiliare.ro\/imoexpert\/wp-content\/uploads\/2021\/06\/ce-s-a-intamplat-cu-preturile-apartamentelor-in-luna-mai.jpg\"><img loading=\"lazy\" decoding=\"async\" src=\"https:\/\/www.imobiliare.ro\/imoexpert\/wp-content\/uploads\/2021\/06\/ce-s-a-intamplat-cu-preturile-apartamentelor-in-luna-mai.jpg\" alt=\"\" width=\"800\" height=\"491\" class=\"size-full wp-image-62559\" srcset=\"https:\/\/www.imobiliare.ro\/imoexpert\/wp-content\/uploads\/2021\/06\/ce-s-a-intamplat-cu-preturile-apartamentelor-in-luna-mai.jpg 800w, https:\/\/www.imobiliare.ro\/imoexpert\/wp-content\/uploads\/2021\/06\/ce-s-a-intamplat-cu-preturile-apartamentelor-in-luna-mai-300x184.jpg 300w, https:\/\/www.imobiliare.ro\/imoexpert\/wp-content\/uploads\/2021\/06\/ce-s-a-intamplat-cu-preturile-apartamentelor-in-luna-mai-768x471.jpg 768w\" sizes=\"auto, (max-width: 800px) 100vw, 800px\" \/><\/a><figcaption id=\"caption-attachment-62559\" class=\"wp-caption-text\">Surs\u0103 foto: Pixabay.com<\/figcaption><\/figure>\n<div id=\"ez-toc-container\" class=\"ez-toc-v2_0_81 counter-hierarchy ez-toc-counter ez-toc-grey ez-toc-container-direction\">\n<p class=\"ez-toc-title\" style=\"cursor:inherit\">Table of Contents<\/p>\n<label for=\"ez-toc-cssicon-toggle-item-69f5c248a5049\" class=\"ez-toc-cssicon-toggle-label\"><span class=\"ez-toc-cssicon\"><span class=\"eztoc-hide\" style=\"display:none;\">Toggle<\/span><span class=\"ez-toc-icon-toggle-span\"><svg style=\"fill: #999;color:#999\" xmlns=\"http:\/\/www.w3.org\/2000\/svg\" class=\"list-377408\" width=\"20px\" height=\"20px\" viewBox=\"0 0 24 24\" fill=\"none\"><path d=\"M6 6H4v2h2V6zm14 0H8v2h12V6zM4 11h2v2H4v-2zm16 0H8v2h12v-2zM4 16h2v2H4v-2zm16 0H8v2h12v-2z\" fill=\"currentColor\"><\/path><\/svg><svg style=\"fill: #999;color:#999\" class=\"arrow-unsorted-368013\" xmlns=\"http:\/\/www.w3.org\/2000\/svg\" width=\"10px\" height=\"10px\" viewBox=\"0 0 24 24\" version=\"1.2\" baseProfile=\"tiny\"><path d=\"M18.2 9.3l-6.2-6.3-6.2 6.3c-.2.2-.3.4-.3.7s.1.5.3.7c.2.2.4.3.7.3h11c.3 0 .5-.1.7-.3.2-.2.3-.5.3-.7s-.1-.5-.3-.7zM5.8 14.7l6.2 6.3 6.2-6.3c.2-.2.3-.5.3-.7s-.1-.5-.3-.7c-.2-.2-.4-.3-.7-.3h-11c-.3 0-.5.1-.7.3-.2.2-.3.5-.3.7s.1.5.3.7z\"\/><\/svg><\/span><\/span><\/label><input type=\"checkbox\"  id=\"ez-toc-cssicon-toggle-item-69f5c248a5049\"  aria-label=\"Toggle\" \/><nav><ul class='ez-toc-list ez-toc-list-level-1 ' ><li class='ez-toc-page-1 ez-toc-heading-level-2'><a class=\"ez-toc-link ez-toc-heading-1\" href=\"https:\/\/www.imobiliare.ro\/imoexpert\/ce-s-a-intamplat-cu-preturile-apartamentelor-in-luna-mai-piata-noua-a-generat-variatii-semnificative-in-brasov-si-bucuresti_db\/#La_fel_ca_in_celelalte_doua_luni_de_primavara_preturile_locuintelor_din_Romania_s-au_mentinut_pe_o_traiectorie_general_ascendenta_si_in_luna_mai\" >La fel ca \u00een celelalte dou\u0103 luni de prim\u0103var\u0103, pre\u021burile locuin\u021belor din Rom\u00e2nia s-au men\u021binut pe o traiectorie general ascendent\u0103 \u0219i \u00een luna mai.<\/a><\/li><li class='ez-toc-page-1 ez-toc-heading-level-2'><a class=\"ez-toc-link ez-toc-heading-2\" href=\"https:\/\/www.imobiliare.ro\/imoexpert\/ce-s-a-intamplat-cu-preturile-apartamentelor-in-luna-mai-piata-noua-a-generat-variatii-semnificative-in-brasov-si-bucuresti_db\/#Bucuresti\" >Bucure\u0219ti:<\/a><\/li><li class='ez-toc-page-1 ez-toc-heading-level-2'><a class=\"ez-toc-link ez-toc-heading-3\" href=\"https:\/\/www.imobiliare.ro\/imoexpert\/ce-s-a-intamplat-cu-preturile-apartamentelor-in-luna-mai-piata-noua-a-generat-variatii-semnificative-in-brasov-si-bucuresti_db\/#Brasov\" >Bra\u0219ov:<\/a><\/li><li class='ez-toc-page-1 ez-toc-heading-level-2'><a class=\"ez-toc-link ez-toc-heading-4\" href=\"https:\/\/www.imobiliare.ro\/imoexpert\/ce-s-a-intamplat-cu-preturile-apartamentelor-in-luna-mai-piata-noua-a-generat-variatii-semnificative-in-brasov-si-bucuresti_db\/#Cluj-Napoca\" >Cluj-Napoca:<\/a><\/li><li class='ez-toc-page-1 ez-toc-heading-level-2'><a class=\"ez-toc-link ez-toc-heading-5\" href=\"https:\/\/www.imobiliare.ro\/imoexpert\/ce-s-a-intamplat-cu-preturile-apartamentelor-in-luna-mai-piata-noua-a-generat-variatii-semnificative-in-brasov-si-bucuresti_db\/#Constanta\" >Constan\u021ba:<\/a><\/li><li class='ez-toc-page-1 ez-toc-heading-level-2'><a class=\"ez-toc-link ez-toc-heading-6\" href=\"https:\/\/www.imobiliare.ro\/imoexpert\/ce-s-a-intamplat-cu-preturile-apartamentelor-in-luna-mai-piata-noua-a-generat-variatii-semnificative-in-brasov-si-bucuresti_db\/#Iasi\" >Ia\u0219i:<\/a><\/li><li class='ez-toc-page-1 ez-toc-heading-level-2'><a class=\"ez-toc-link ez-toc-heading-7\" href=\"https:\/\/www.imobiliare.ro\/imoexpert\/ce-s-a-intamplat-cu-preturile-apartamentelor-in-luna-mai-piata-noua-a-generat-variatii-semnificative-in-brasov-si-bucuresti_db\/#Timisoara\" >Timi\u0219oara:<\/a><\/li><\/ul><\/nav><\/div>\n<h2><span class=\"ez-toc-section\" id=\"La_fel_ca_in_celelalte_doua_luni_de_primavara_preturile_locuintelor_din_Romania_s-au_mentinut_pe_o_traiectorie_general_ascendenta_si_in_luna_mai\"><\/span>La fel ca \u00een celelalte dou\u0103 luni de prim\u0103var\u0103, pre\u021burile locuin\u021belor din Rom\u00e2nia s-au men\u021binut pe o traiectorie general ascendent\u0103 \u0219i \u00een luna mai.<span class=\"ez-toc-section-end\"><\/span><\/h2>\n<p>Potrivit <strong><a class=\"article-body-links\"href=\"https:\/\/www.imobiliare.ro\/indicele-imobiliare-ro\">Indicelui Imobiliare.ro<\/a><\/strong>, suma medie solicitat\u0103, la nivel na\u021bional, de v\u00e2nz\u0103torii de apartamente (noi \u0219i vechi) s-a majorat cu 0,7% luna trecut\u0103, ajung\u00e2nd la un nivel de 1.406 euro pe metru p\u0103trat util (fa\u021b\u0103 de 1.396 de euro pe metru p\u0103trat util la finele lui aprilie). Evolu\u021bii pozitive au avut loc \u00een cinci dintre cele \u0219ase mari ora\u0219e monitorizate constant de <strong><a class=\"article-body-links\"href=\"https:\/\/www.imobiliare.ro\/\">Imobiliare.ro<\/a><\/strong>, \u00eens\u0103 \u00een Bra\u0219ov \u0219i \u00een Bucure\u0219ti au fost consemnate cele mai semnificative major\u0103ri de pre\u021b. \u00cen aceste dou\u0103 centre regionale, curba abrupt\u0103 de cre\u0219tere a fost sus\u021binut\u0103 \u00een mod preponderent de segmentul reziden\u021bial nou, put\u00e2nd fi explicat\u0103 prin suplimentarea stocului locativ existent spre v\u00e2nzare cu propriet\u0103\u021bi aflate \u00een construc\u021bie sau recent finalizate. <\/p>\n<h2><span class=\"ez-toc-section\" id=\"Bucuresti\"><\/span>Bucure\u0219ti:<span class=\"ez-toc-section-end\"><\/span><\/h2>\n<p>Pe parcursul lunii mai, apartamentele disponibile spre v\u00e2nzare \u00een cel mai mare ora\u0219 al \u021b\u0103rii au \u00eenregistrat un avans general de 3,8%, de la o medie de 1.430 de euro pe metru p\u0103trat util, p\u00e2n\u0103 la 1.484 de euro pe metru p\u0103trat. Preten\u021biile v\u00e2nz\u0103torilor s-au majorat pe ambele segmente de pia\u021b\u0103 analizate, \u00eens\u0103 \u00eentr-o m\u0103sur\u0103 sensibil diferit\u0103: locuin\u021bele din blocurile vechi s-au apreciat cu 0,9% (de la 1.402 euro pe metru p\u0103trat, la 1.415 euro pe metru p\u0103trat), \u00een vreme ce unit\u0103\u021bile locative nou-construite au \u00eenregistrat o cre\u0219tere de 6,6%, de la 1.448 la 1.543 de euro pe metru p\u0103trat. <\/p>\n<h2><span class=\"ez-toc-section\" id=\"Brasov\"><\/span>Bra\u0219ov:<span class=\"ez-toc-section-end\"><\/span><\/h2>\n<p>\u00cen ora\u0219ul de la poalele T\u00e2mpei, <strong><a class=\"article-body-links\"href=\"https:\/\/www.imobiliare.ro\/indicele-imobiliare-ro\">Indicele Imobiliare.ro<\/a><\/strong> relev\u0103, per ansamblu, un avans de 4,5% al pre\u021burilor apartamentelor \u00een luna mai, de la un nivel de 1.302 euro pe metru p\u0103trat util, la 1.360 de euro pe metru p\u0103trat. \u00cen momentul de fa\u021b\u0103, o unitate locativ\u0103 \u00een  bloc vechi poate fi achizi\u021bionat\u0103, \u00een medie, cu 1.284 de euro pe metru p\u0103trat, anume cu 2,5% mai mult dec\u00e2t luna trecut\u0103 (c\u00e2nd ar fi costat 1.253 de euro pe metru p\u0103trat). Pe de alt\u0103 parte, o locuin\u021b\u0103 nou-construit\u0103 din Bra\u0219ov are acum o valoare medie de listare de 1.474 de euro pe metru p\u0103trat, \u00een cre\u0219tere cu 7% fa\u021b\u0103 de aprilie (de la 1.378 de euro pe metru p\u0103trat).  <\/p>\n<h2><span class=\"ez-toc-section\" id=\"Cluj-Napoca\"><\/span>Cluj-Napoca:<span class=\"ez-toc-section-end\"><\/span><\/h2>\n<p>\u00cen ora\u0219ul de pe Some\u0219, preten\u021biile v\u00e2nz\u0103torilor de apartamente s-au majorat u\u0219or, respectiv cu 0,4% \u00een luna mai, acestea ajung\u00e2nd, \u00een momentul de fa\u021b\u0103, la o medie de 1.910  euro pe metru p\u0103trat util (comparativ cu 1.903 euro pe metru p\u0103trat la finele lui aprilie). \u00cen capitala Transilvaniei, pre\u021burile au avut o evolu\u021bie diferit\u0103 pe cele dou\u0103 segmente de pia\u021b\u0103 analizate: locuin\u021bele din blocurile vechi s-au apreciat cu 1,5% (de la 1.870 la 1.898 de euro pe metru p\u0103trat), \u00een vreme ce unit\u0103\u021bile din ansamblurile noi au consemnat un recul de 0,8% (de la 1.937 la 1.921 de euro pe metru p\u0103trat). <\/p>\n<h2><span class=\"ez-toc-section\" id=\"Constanta\"><\/span>Constan\u021ba:<span class=\"ez-toc-section-end\"><\/span><\/h2>\n<p>\u00cen ora\u0219ul de la malul m\u0103rii, apartamentele disponibile spre v\u00e2nzare au \u00eenregistrat, per ansamblu, un avans de 0,6% al valorii medii de listare, ajung\u00e2nd la 1.298 de euro pe metru p\u0103trat util la finele lunii mai (fa\u021b\u0103 de 1.290 de euro pe metru p\u0103trat, \u00een aprilie). \u0218i aici, pre\u021burile au cunoscut evolu\u021bii divergente pe cele dou\u0103 segmente de pia\u021b\u0103 analizate: apartamentele vechi s-au apreciat cu 2,2% (de la 1.281 la 1.309 euro pe metru p\u0103trat), \u00een vreme ce unit\u0103\u021bile locative nou-construite s-au depreciat cu 1,8% (de la 1.307 la 1.283 de euro pe metru p\u0103trat). <\/p>\n<h2><span class=\"ez-toc-section\" id=\"Iasi\"><\/span>Ia\u0219i:<span class=\"ez-toc-section-end\"><\/span><\/h2>\n<p>\u00cen ora\u0219ul din nord-estul \u021b\u0103rii, <strong><a class=\"article-body-links\"href=\"https:\/\/www.imobiliare.ro\/indicele-imobiliare-ro\">Indicele Imobiliare.ro<\/a><\/strong> a \u00eenregistrat, la nivelul \u00eentregii pie\u021be, un recul de 0,3% \u00een luna mai, de la o medie de 1.085 de euro pe metru p\u0103trat util, la 1.082 de euro pe metru p\u0103trat. \u00cen ultimele 31 de zile, pre\u021burile locuin\u021belor din blocurile vechi s-au diminuat cu 1,5%, de la 1.122 la 1.105 euro pe metru p\u0103trat. Pe segmentul apartamentelor nou-construite, pe de alt\u0103 parte, a avut loc un avans de 0,9%, o asemenea unitate locativ\u0103 ajung\u00e2nd s\u0103 coste 1.068 de euro pe metru p\u0103trat (fa\u021b\u0103 de 1.058 de euro pe metru p\u0103trat la finele lunii anterioare).<\/p>\n<h2><span class=\"ez-toc-section\" id=\"Timisoara\"><\/span>Timi\u0219oara:<span class=\"ez-toc-section-end\"><\/span><\/h2>\n<p>\u00cen ora\u0219ul de pe Bega, suma medie solicitat\u0103 pentru un apartament s-a majorat cu 0,8% \u00een cea de-a treia lun\u0103 de prim\u0103var\u0103, de la 1.324 la 1.335 de euro pe metru p\u0103trat util, evolu\u021bii pozitive fiind consemnate pe ambele segmente de pia\u021b\u0103 analizate.  Apartamentele vechi disponibile spre v\u00e2nzare pe pia\u021ba timi\u0219orean\u0103 s-au apreciat cu 0,9% \u00een ultimele 31 de zile, de la 1.323 la 1.335 de euro pe metru p\u0103trat util. Locuin\u021bele din cadrul noilor ansambluri reziden\u021biale, pe de alt\u0103 parte, au \u00eenregistrat un avans de 0,5%, de la 1.328 la 1.335 de euro pe metru p\u0103trat util. <\/p>\n","protected":false},"excerpt":{"rendered":"<p>La fel ca \u00een celelalte dou\u0103 luni de prim\u0103var\u0103, pre\u021burile locuin\u021belor din Rom\u00e2nia s-au men\u021binut pe o traiectorie general ascendent\u0103 \u0219i \u00een luna mai. Potrivit Indicelui Imobiliare.ro, suma medie solicitat\u0103, la nivel na\u021bional, de v\u00e2nz\u0103torii de apartamente (noi \u0219i vechi) s-a majorat cu 0,7% luna trecut\u0103, ajung\u00e2nd la un nivel de 1.406 euro pe metru [&hellip;]<\/p>\n","protected":false},"author":829,"featured_media":62559,"comment_status":"open","ping_status":"open","sticky":false,"template":"","format":"standard","meta":{"footnotes":""},"categories":[],"tags":[1326,1410,507,2017,1577,2007,1411,451],"content_author":[],"class_list":["post-62558","post","type-post","status-publish","format-standard","has-post-thumbnail","hentry","tag-indice-imobiliare-ro","tag-newsletter","tag-preturi-apartamente","tag-preturi-apartamente-2021","tag-preturi-locuinte","tag-preturi-locuinte-2021","tag-principal","tag-proprietar"],"yoast_head":"<!-- This site is optimized with the Yoast SEO Premium plugin v27.0 (Yoast SEO v27.0) - https:\/\/yoast.com\/product\/yoast-seo-premium-wordpress\/ -->\n<title>Ce s-a \u00eent\u00e2mplat cu pre\u021burile apartamentelor \u00een luna mai. Pia\u021ba nou\u0103 a generat varia\u021bii semnificative \u00een Bra\u0219ov \u0219i Bucure\u0219ti - ImoExpert<\/title>\n<meta name=\"description\" content=\"La fel ca \u00een celelalte dou\u0103 luni de prim\u0103var\u0103, pre\u021burile locuin\u021belor din Rom\u00e2nia s-au men\u021binut pe o traiectorie general ascendent\u0103 \u0219i \u00een luna mai.\" \/>\n<meta name=\"robots\" content=\"index, follow\" \/>\n<link rel=\"canonical\" href=\"https:\/\/www.imobiliare.ro\/imoexpert\/ce-s-a-intamplat-cu-preturile-apartamentelor-in-luna-mai-piata-noua-a-generat-variatii-semnificative-in-brasov-si-bucuresti_db\/\" \/>\n<meta property=\"og:locale\" content=\"ro_RO\" \/>\n<meta property=\"og:type\" content=\"article\" \/>\n<meta property=\"og:title\" content=\"Ce s-a \u00eent\u00e2mplat cu pre\u021burile apartamentelor \u00een luna mai. Pia\u021ba nou\u0103 a generat varia\u021bii semnificative \u00een Bra\u0219ov \u0219i Bucure\u0219ti\" \/>\n<meta property=\"og:description\" content=\"La fel ca \u00een celelalte dou\u0103 luni de prim\u0103var\u0103, pre\u021burile locuin\u021belor din Rom\u00e2nia s-au men\u021binut pe o traiectorie general ascendent\u0103 \u0219i \u00een luna mai.\" \/>\n<meta property=\"og:url\" content=\"https:\/\/www.imobiliare.ro\/imoexpert\/ce-s-a-intamplat-cu-preturile-apartamentelor-in-luna-mai-piata-noua-a-generat-variatii-semnificative-in-brasov-si-bucuresti_db\/\" \/>\n<meta property=\"og:site_name\" content=\"ImoExpert\" \/>\n<meta property=\"article:published_time\" content=\"2021-06-09T08:44:12+00:00\" \/>\n<meta property=\"og:image\" content=\"https:\/\/www.imobiliare.ro\/imoexpert\/wp-content\/uploads\/2021\/06\/ce-s-a-intamplat-cu-preturile-apartamentelor-in-luna-mai.jpg\" \/>\n\t<meta property=\"og:image:width\" content=\"800\" \/>\n\t<meta property=\"og:image:height\" content=\"491\" \/>\n\t<meta property=\"og:image:type\" content=\"image\/jpeg\" \/>\n<meta name=\"author\" content=\"Adriana Dr\u0103gu\u0219in\" \/>\n<meta name=\"twitter:card\" content=\"summary_large_image\" \/>\n<meta name=\"twitter:label1\" content=\"Written by\" \/>\n\t<meta name=\"twitter:data1\" content=\"Adriana Dr\u0103gu\u0219in\" \/>\n\t<meta name=\"twitter:label2\" content=\"Est. reading time\" \/>\n\t<meta name=\"twitter:data2\" content=\"4 minute\" \/>\n<script type=\"application\/ld+json\" class=\"yoast-schema-graph\">{\"@context\":\"https:\/\/schema.org\",\"@graph\":[{\"@type\":\"Article\",\"@id\":\"https:\/\/www.imobiliare.ro\/imoexpert\/ce-s-a-intamplat-cu-preturile-apartamentelor-in-luna-mai-piata-noua-a-generat-variatii-semnificative-in-brasov-si-bucuresti_db\/#article\",\"isPartOf\":{\"@id\":\"https:\/\/www.imobiliare.ro\/imoexpert\/ce-s-a-intamplat-cu-preturile-apartamentelor-in-luna-mai-piata-noua-a-generat-variatii-semnificative-in-brasov-si-bucuresti_db\/\"},\"author\":{\"name\":\"Adriana Dr\u0103gu\u0219in\",\"@id\":\"https:\/\/www.imobiliare.ro\/imoexpert\/#\/schema\/person\/8c13b0297075010b896471fabf0d7790\"},\"headline\":\"Ce s-a \u00eent\u00e2mplat cu pre\u021burile apartamentelor \u00een luna mai. Pia\u021ba nou\u0103 a generat varia\u021bii semnificative \u00een Bra\u0219ov \u0219i Bucure\u0219ti\",\"datePublished\":\"2021-06-09T08:44:12+00:00\",\"mainEntityOfPage\":{\"@id\":\"https:\/\/www.imobiliare.ro\/imoexpert\/ce-s-a-intamplat-cu-preturile-apartamentelor-in-luna-mai-piata-noua-a-generat-variatii-semnificative-in-brasov-si-bucuresti_db\/\"},\"wordCount\":841,\"commentCount\":1,\"publisher\":{\"@id\":\"https:\/\/www.imobiliare.ro\/imoexpert\/#organization\"},\"image\":{\"@id\":\"https:\/\/www.imobiliare.ro\/imoexpert\/ce-s-a-intamplat-cu-preturile-apartamentelor-in-luna-mai-piata-noua-a-generat-variatii-semnificative-in-brasov-si-bucuresti_db\/#primaryimage\"},\"thumbnailUrl\":\"https:\/\/www.imobiliare.ro\/imoexpert\/wp-content\/uploads\/2021\/06\/ce-s-a-intamplat-cu-preturile-apartamentelor-in-luna-mai.jpg\",\"keywords\":[\"Indice imobiliare.ro\",\"newsletter\",\"preturi apartamente\",\"preturi apartamente 2021\",\"preturi locuinte\",\"preturi locuinte 2021\",\"principal\",\"proprietar\"],\"inLanguage\":\"en\",\"potentialAction\":[{\"@type\":\"CommentAction\",\"name\":\"Comment\",\"target\":[\"https:\/\/www.imobiliare.ro\/imoexpert\/ce-s-a-intamplat-cu-preturile-apartamentelor-in-luna-mai-piata-noua-a-generat-variatii-semnificative-in-brasov-si-bucuresti_db\/#respond\"]}],\"copyrightYear\":\"2021\",\"copyrightHolder\":{\"@id\":\"https:\/\/www.imobiliare.ro\/imoexpert\/#organization\"}},{\"@type\":\"WebPage\",\"@id\":\"https:\/\/www.imobiliare.ro\/imoexpert\/ce-s-a-intamplat-cu-preturile-apartamentelor-in-luna-mai-piata-noua-a-generat-variatii-semnificative-in-brasov-si-bucuresti_db\/\",\"url\":\"https:\/\/www.imobiliare.ro\/imoexpert\/ce-s-a-intamplat-cu-preturile-apartamentelor-in-luna-mai-piata-noua-a-generat-variatii-semnificative-in-brasov-si-bucuresti_db\/\",\"name\":\"Ce s-a \u00eent\u00e2mplat cu pre\u021burile apartamentelor \u00een luna mai. Pia\u021ba nou\u0103 a generat varia\u021bii semnificative \u00een Bra\u0219ov \u0219i Bucure\u0219ti - ImoExpert\",\"isPartOf\":{\"@id\":\"https:\/\/www.imobiliare.ro\/imoexpert\/#website\"},\"primaryImageOfPage\":{\"@id\":\"https:\/\/www.imobiliare.ro\/imoexpert\/ce-s-a-intamplat-cu-preturile-apartamentelor-in-luna-mai-piata-noua-a-generat-variatii-semnificative-in-brasov-si-bucuresti_db\/#primaryimage\"},\"image\":{\"@id\":\"https:\/\/www.imobiliare.ro\/imoexpert\/ce-s-a-intamplat-cu-preturile-apartamentelor-in-luna-mai-piata-noua-a-generat-variatii-semnificative-in-brasov-si-bucuresti_db\/#primaryimage\"},\"thumbnailUrl\":\"https:\/\/www.imobiliare.ro\/imoexpert\/wp-content\/uploads\/2021\/06\/ce-s-a-intamplat-cu-preturile-apartamentelor-in-luna-mai.jpg\",\"datePublished\":\"2021-06-09T08:44:12+00:00\",\"description\":\"La fel ca \u00een celelalte dou\u0103 luni de prim\u0103var\u0103, pre\u021burile locuin\u021belor din Rom\u00e2nia s-au men\u021binut pe o traiectorie general ascendent\u0103 \u0219i \u00een luna mai.\",\"breadcrumb\":{\"@id\":\"https:\/\/www.imobiliare.ro\/imoexpert\/ce-s-a-intamplat-cu-preturile-apartamentelor-in-luna-mai-piata-noua-a-generat-variatii-semnificative-in-brasov-si-bucuresti_db\/#breadcrumb\"},\"inLanguage\":\"en\",\"potentialAction\":[{\"@type\":\"ReadAction\",\"target\":[\"https:\/\/www.imobiliare.ro\/imoexpert\/ce-s-a-intamplat-cu-preturile-apartamentelor-in-luna-mai-piata-noua-a-generat-variatii-semnificative-in-brasov-si-bucuresti_db\/\"]}]},{\"@type\":\"ImageObject\",\"inLanguage\":\"en\",\"@id\":\"https:\/\/www.imobiliare.ro\/imoexpert\/ce-s-a-intamplat-cu-preturile-apartamentelor-in-luna-mai-piata-noua-a-generat-variatii-semnificative-in-brasov-si-bucuresti_db\/#primaryimage\",\"url\":\"https:\/\/www.imobiliare.ro\/imoexpert\/wp-content\/uploads\/2021\/06\/ce-s-a-intamplat-cu-preturile-apartamentelor-in-luna-mai.jpg\",\"contentUrl\":\"https:\/\/www.imobiliare.ro\/imoexpert\/wp-content\/uploads\/2021\/06\/ce-s-a-intamplat-cu-preturile-apartamentelor-in-luna-mai.jpg\",\"width\":800,\"height\":491,\"caption\":\"Surs\u0103 foto: Pixabay.com\"},{\"@type\":\"BreadcrumbList\",\"@id\":\"https:\/\/www.imobiliare.ro\/imoexpert\/ce-s-a-intamplat-cu-preturile-apartamentelor-in-luna-mai-piata-noua-a-generat-variatii-semnificative-in-brasov-si-bucuresti_db\/#breadcrumb\",\"itemListElement\":[{\"@type\":\"ListItem\",\"position\":1,\"name\":\"Imoradar24\",\"item\":\"https:\/\/www.imoradar24.ro\"},{\"@type\":\"ListItem\",\"position\":2,\"name\":\"ImoExpert\",\"item\":\"https:\/\/www.imobiliare.ro\/imoexpert\/\"},{\"@type\":\"ListItem\",\"position\":3,\"name\":\"Ce s-a \u00eent\u00e2mplat cu pre\u021burile apartamentelor \u00een luna mai. Pia\u021ba nou\u0103 a generat varia\u021bii semnificative \u00een Bra\u0219ov \u0219i Bucure\u0219ti\"}]},{\"@type\":\"WebSite\",\"@id\":\"https:\/\/www.imobiliare.ro\/imoexpert\/#website\",\"url\":\"https:\/\/www.imobiliare.ro\/imoexpert\/\",\"name\":\"ImoExpert\",\"description\":\"cele mai importante \u015ftiri din domeniul imobiliar\",\"publisher\":{\"@id\":\"https:\/\/www.imobiliare.ro\/imoexpert\/#organization\"},\"inLanguage\":\"en\"},{\"@type\":\"Organization\",\"@id\":\"https:\/\/www.imobiliare.ro\/imoexpert\/#organization\",\"name\":\"Imobiliare.ro\",\"alternateName\":\"Realmedia Network SA\",\"url\":\"https:\/\/www.imobiliare.ro\/imoexpert\/\",\"logo\":{\"@type\":\"ImageObject\",\"inLanguage\":\"en\",\"@id\":\"https:\/\/www.imobiliare.ro\/imoexpert\/#\/schema\/logo\/image\/\",\"url\":\"https:\/\/www.imobiliare.ro\/imoexpert\/wp-content\/uploads\/2025\/05\/imobiliare_logo.png\",\"contentUrl\":\"https:\/\/www.imobiliare.ro\/imoexpert\/wp-content\/uploads\/2025\/05\/imobiliare_logo.png\",\"width\":237,\"height\":29,\"caption\":\"Imobiliare.ro\"},\"image\":{\"@id\":\"https:\/\/www.imobiliare.ro\/imoexpert\/#\/schema\/logo\/image\/\"}},{\"@type\":\"Person\",\"@id\":\"https:\/\/www.imobiliare.ro\/imoexpert\/#\/schema\/person\/8c13b0297075010b896471fabf0d7790\",\"name\":\"Adriana Dr\u0103gu\u0219in\",\"image\":{\"@type\":\"ImageObject\",\"inLanguage\":\"en\",\"@id\":\"https:\/\/www.imobiliare.ro\/imoexpert\/#\/schema\/person\/image\/\",\"url\":\"https:\/\/secure.gravatar.com\/avatar\/ba4762f7517e50e679ed7f11207102d1150120f2f5800c0da98f8a15305bf514?s=96&d=mm&r=g\",\"contentUrl\":\"https:\/\/secure.gravatar.com\/avatar\/ba4762f7517e50e679ed7f11207102d1150120f2f5800c0da98f8a15305bf514?s=96&d=mm&r=g\",\"caption\":\"Adriana Dr\u0103gu\u0219in\"},\"jobTitle\":\"Editor\",\"url\":\"https:\/\/www.imobiliare.ro\/imoexpert\/author\/adriana-dragusin\/\"}]}<\/script>\n<!-- \/ Yoast SEO Premium plugin. -->","yoast_head_json":{"title":"Ce s-a \u00eent\u00e2mplat cu pre\u021burile apartamentelor \u00een luna mai. Pia\u021ba nou\u0103 a generat varia\u021bii semnificative \u00een Bra\u0219ov \u0219i Bucure\u0219ti - ImoExpert","description":"La fel ca \u00een celelalte dou\u0103 luni de prim\u0103var\u0103, pre\u021burile locuin\u021belor din Rom\u00e2nia s-au men\u021binut pe o traiectorie general ascendent\u0103 \u0219i \u00een luna mai.","robots":{"index":"index","follow":"follow"},"canonical":"https:\/\/www.imobiliare.ro\/imoexpert\/ce-s-a-intamplat-cu-preturile-apartamentelor-in-luna-mai-piata-noua-a-generat-variatii-semnificative-in-brasov-si-bucuresti_db\/","og_locale":"ro_RO","og_type":"article","og_title":"Ce s-a \u00eent\u00e2mplat cu pre\u021burile apartamentelor \u00een luna mai. Pia\u021ba nou\u0103 a generat varia\u021bii semnificative \u00een Bra\u0219ov \u0219i Bucure\u0219ti","og_description":"La fel ca \u00een celelalte dou\u0103 luni de prim\u0103var\u0103, pre\u021burile locuin\u021belor din Rom\u00e2nia s-au men\u021binut pe o traiectorie general ascendent\u0103 \u0219i \u00een luna mai.","og_url":"https:\/\/www.imobiliare.ro\/imoexpert\/ce-s-a-intamplat-cu-preturile-apartamentelor-in-luna-mai-piata-noua-a-generat-variatii-semnificative-in-brasov-si-bucuresti_db\/","og_site_name":"ImoExpert","article_published_time":"2021-06-09T08:44:12+00:00","og_image":[{"width":800,"height":491,"url":"https:\/\/www.imobiliare.ro\/imoexpert\/wp-content\/uploads\/2021\/06\/ce-s-a-intamplat-cu-preturile-apartamentelor-in-luna-mai.jpg","type":"image\/jpeg"}],"author":"Adriana Dr\u0103gu\u0219in","twitter_card":"summary_large_image","twitter_misc":{"Written by":"Adriana Dr\u0103gu\u0219in","Est. reading time":"4 minute"},"schema":{"@context":"https:\/\/schema.org","@graph":[{"@type":"Article","@id":"https:\/\/www.imobiliare.ro\/imoexpert\/ce-s-a-intamplat-cu-preturile-apartamentelor-in-luna-mai-piata-noua-a-generat-variatii-semnificative-in-brasov-si-bucuresti_db\/#article","isPartOf":{"@id":"https:\/\/www.imobiliare.ro\/imoexpert\/ce-s-a-intamplat-cu-preturile-apartamentelor-in-luna-mai-piata-noua-a-generat-variatii-semnificative-in-brasov-si-bucuresti_db\/"},"author":{"name":"Adriana Dr\u0103gu\u0219in","@id":"https:\/\/www.imobiliare.ro\/imoexpert\/#\/schema\/person\/8c13b0297075010b896471fabf0d7790"},"headline":"Ce s-a \u00eent\u00e2mplat cu pre\u021burile apartamentelor \u00een luna mai. Pia\u021ba nou\u0103 a generat varia\u021bii semnificative \u00een Bra\u0219ov \u0219i Bucure\u0219ti","datePublished":"2021-06-09T08:44:12+00:00","mainEntityOfPage":{"@id":"https:\/\/www.imobiliare.ro\/imoexpert\/ce-s-a-intamplat-cu-preturile-apartamentelor-in-luna-mai-piata-noua-a-generat-variatii-semnificative-in-brasov-si-bucuresti_db\/"},"wordCount":841,"commentCount":1,"publisher":{"@id":"https:\/\/www.imobiliare.ro\/imoexpert\/#organization"},"image":{"@id":"https:\/\/www.imobiliare.ro\/imoexpert\/ce-s-a-intamplat-cu-preturile-apartamentelor-in-luna-mai-piata-noua-a-generat-variatii-semnificative-in-brasov-si-bucuresti_db\/#primaryimage"},"thumbnailUrl":"https:\/\/www.imobiliare.ro\/imoexpert\/wp-content\/uploads\/2021\/06\/ce-s-a-intamplat-cu-preturile-apartamentelor-in-luna-mai.jpg","keywords":["Indice imobiliare.ro","newsletter","preturi apartamente","preturi apartamente 2021","preturi locuinte","preturi locuinte 2021","principal","proprietar"],"inLanguage":"en","potentialAction":[{"@type":"CommentAction","name":"Comment","target":["https:\/\/www.imobiliare.ro\/imoexpert\/ce-s-a-intamplat-cu-preturile-apartamentelor-in-luna-mai-piata-noua-a-generat-variatii-semnificative-in-brasov-si-bucuresti_db\/#respond"]}],"copyrightYear":"2021","copyrightHolder":{"@id":"https:\/\/www.imobiliare.ro\/imoexpert\/#organization"}},{"@type":"WebPage","@id":"https:\/\/www.imobiliare.ro\/imoexpert\/ce-s-a-intamplat-cu-preturile-apartamentelor-in-luna-mai-piata-noua-a-generat-variatii-semnificative-in-brasov-si-bucuresti_db\/","url":"https:\/\/www.imobiliare.ro\/imoexpert\/ce-s-a-intamplat-cu-preturile-apartamentelor-in-luna-mai-piata-noua-a-generat-variatii-semnificative-in-brasov-si-bucuresti_db\/","name":"Ce s-a \u00eent\u00e2mplat cu pre\u021burile apartamentelor \u00een luna mai. Pia\u021ba nou\u0103 a generat varia\u021bii semnificative \u00een Bra\u0219ov \u0219i Bucure\u0219ti - ImoExpert","isPartOf":{"@id":"https:\/\/www.imobiliare.ro\/imoexpert\/#website"},"primaryImageOfPage":{"@id":"https:\/\/www.imobiliare.ro\/imoexpert\/ce-s-a-intamplat-cu-preturile-apartamentelor-in-luna-mai-piata-noua-a-generat-variatii-semnificative-in-brasov-si-bucuresti_db\/#primaryimage"},"image":{"@id":"https:\/\/www.imobiliare.ro\/imoexpert\/ce-s-a-intamplat-cu-preturile-apartamentelor-in-luna-mai-piata-noua-a-generat-variatii-semnificative-in-brasov-si-bucuresti_db\/#primaryimage"},"thumbnailUrl":"https:\/\/www.imobiliare.ro\/imoexpert\/wp-content\/uploads\/2021\/06\/ce-s-a-intamplat-cu-preturile-apartamentelor-in-luna-mai.jpg","datePublished":"2021-06-09T08:44:12+00:00","description":"La fel ca \u00een celelalte dou\u0103 luni de prim\u0103var\u0103, pre\u021burile locuin\u021belor din Rom\u00e2nia s-au men\u021binut pe o traiectorie general ascendent\u0103 \u0219i \u00een luna mai.","breadcrumb":{"@id":"https:\/\/www.imobiliare.ro\/imoexpert\/ce-s-a-intamplat-cu-preturile-apartamentelor-in-luna-mai-piata-noua-a-generat-variatii-semnificative-in-brasov-si-bucuresti_db\/#breadcrumb"},"inLanguage":"en","potentialAction":[{"@type":"ReadAction","target":["https:\/\/www.imobiliare.ro\/imoexpert\/ce-s-a-intamplat-cu-preturile-apartamentelor-in-luna-mai-piata-noua-a-generat-variatii-semnificative-in-brasov-si-bucuresti_db\/"]}]},{"@type":"ImageObject","inLanguage":"en","@id":"https:\/\/www.imobiliare.ro\/imoexpert\/ce-s-a-intamplat-cu-preturile-apartamentelor-in-luna-mai-piata-noua-a-generat-variatii-semnificative-in-brasov-si-bucuresti_db\/#primaryimage","url":"https:\/\/www.imobiliare.ro\/imoexpert\/wp-content\/uploads\/2021\/06\/ce-s-a-intamplat-cu-preturile-apartamentelor-in-luna-mai.jpg","contentUrl":"https:\/\/www.imobiliare.ro\/imoexpert\/wp-content\/uploads\/2021\/06\/ce-s-a-intamplat-cu-preturile-apartamentelor-in-luna-mai.jpg","width":800,"height":491,"caption":"Surs\u0103 foto: Pixabay.com"},{"@type":"BreadcrumbList","@id":"https:\/\/www.imobiliare.ro\/imoexpert\/ce-s-a-intamplat-cu-preturile-apartamentelor-in-luna-mai-piata-noua-a-generat-variatii-semnificative-in-brasov-si-bucuresti_db\/#breadcrumb","itemListElement":[{"@type":"ListItem","position":1,"name":"Imoradar24","item":"https:\/\/www.imoradar24.ro"},{"@type":"ListItem","position":2,"name":"ImoExpert","item":"https:\/\/www.imobiliare.ro\/imoexpert\/"},{"@type":"ListItem","position":3,"name":"Ce s-a \u00eent\u00e2mplat cu pre\u021burile apartamentelor \u00een luna mai. Pia\u021ba nou\u0103 a generat varia\u021bii semnificative \u00een Bra\u0219ov \u0219i Bucure\u0219ti"}]},{"@type":"WebSite","@id":"https:\/\/www.imobiliare.ro\/imoexpert\/#website","url":"https:\/\/www.imobiliare.ro\/imoexpert\/","name":"ImoExpert","description":"cele mai importante \u015ftiri din domeniul imobiliar","publisher":{"@id":"https:\/\/www.imobiliare.ro\/imoexpert\/#organization"},"inLanguage":"en"},{"@type":"Organization","@id":"https:\/\/www.imobiliare.ro\/imoexpert\/#organization","name":"Imobiliare.ro","alternateName":"Realmedia Network SA","url":"https:\/\/www.imobiliare.ro\/imoexpert\/","logo":{"@type":"ImageObject","inLanguage":"en","@id":"https:\/\/www.imobiliare.ro\/imoexpert\/#\/schema\/logo\/image\/","url":"https:\/\/www.imobiliare.ro\/imoexpert\/wp-content\/uploads\/2025\/05\/imobiliare_logo.png","contentUrl":"https:\/\/www.imobiliare.ro\/imoexpert\/wp-content\/uploads\/2025\/05\/imobiliare_logo.png","width":237,"height":29,"caption":"Imobiliare.ro"},"image":{"@id":"https:\/\/www.imobiliare.ro\/imoexpert\/#\/schema\/logo\/image\/"}},{"@type":"Person","@id":"https:\/\/www.imobiliare.ro\/imoexpert\/#\/schema\/person\/8c13b0297075010b896471fabf0d7790","name":"Adriana Dr\u0103gu\u0219in","image":{"@type":"ImageObject","inLanguage":"en","@id":"https:\/\/www.imobiliare.ro\/imoexpert\/#\/schema\/person\/image\/","url":"https:\/\/secure.gravatar.com\/avatar\/ba4762f7517e50e679ed7f11207102d1150120f2f5800c0da98f8a15305bf514?s=96&d=mm&r=g","contentUrl":"https:\/\/secure.gravatar.com\/avatar\/ba4762f7517e50e679ed7f11207102d1150120f2f5800c0da98f8a15305bf514?s=96&d=mm&r=g","caption":"Adriana Dr\u0103gu\u0219in"},"jobTitle":"Editor","url":"https:\/\/www.imobiliare.ro\/imoexpert\/author\/adriana-dragusin\/"}]}},"_links":{"self":[{"href":"https:\/\/www.imobiliare.ro\/imoexpert\/wp-json\/wp\/v2\/posts\/62558","targetHints":{"allow":["GET"]}}],"collection":[{"href":"https:\/\/www.imobiliare.ro\/imoexpert\/wp-json\/wp\/v2\/posts"}],"about":[{"href":"https:\/\/www.imobiliare.ro\/imoexpert\/wp-json\/wp\/v2\/types\/post"}],"author":[{"embeddable":true,"href":"https:\/\/www.imobiliare.ro\/imoexpert\/wp-json\/wp\/v2\/users\/829"}],"replies":[{"embeddable":true,"href":"https:\/\/www.imobiliare.ro\/imoexpert\/wp-json\/wp\/v2\/comments?post=62558"}],"version-history":[{"count":0,"href":"https:\/\/www.imobiliare.ro\/imoexpert\/wp-json\/wp\/v2\/posts\/62558\/revisions"}],"wp:featuredmedia":[{"embeddable":true,"href":"https:\/\/www.imobiliare.ro\/imoexpert\/wp-json\/wp\/v2\/media\/62559"}],"wp:attachment":[{"href":"https:\/\/www.imobiliare.ro\/imoexpert\/wp-json\/wp\/v2\/media?parent=62558"}],"wp:term":[{"taxonomy":"category","embeddable":true,"href":"https:\/\/www.imobiliare.ro\/imoexpert\/wp-json\/wp\/v2\/categories?post=62558"},{"taxonomy":"post_tag","embeddable":true,"href":"https:\/\/www.imobiliare.ro\/imoexpert\/wp-json\/wp\/v2\/tags?post=62558"},{"taxonomy":"content_author","embeddable":true,"href":"https:\/\/www.imobiliare.ro\/imoexpert\/wp-json\/wp\/v2\/content_author?post=62558"}],"curies":[{"name":"wp","href":"https:\/\/api.w.org\/{rel}","templated":true}]}}