{"id":62789,"date":"2021-07-19T14:58:10","date_gmt":"2021-07-19T11:58:10","guid":{"rendered":"https:\/\/www.imobiliare.ro\/imoexpert\/?p=62789"},"modified":"2021-07-19T14:58:10","modified_gmt":"2021-07-19T11:58:10","slug":"preturile-apartamentelor-la-inceput-de-vara-evolutia-din-iunie-2021","status":"publish","type":"post","link":"https:\/\/www.imobiliare.ro\/imoexpert\/preturile-apartamentelor-la-inceput-de-vara-evolutia-din-iunie-2021_db\/","title":{"rendered":"Pre\u021burile apartamentelor la \u00eenceput de var\u0103: evolu\u021bia din iunie 2021"},"content":{"rendered":"<figure id=\"attachment_62790\" aria-describedby=\"caption-attachment-62790\" style=\"width: 800px\" class=\"wp-caption aligncenter\"><a class=\"article-body-links\"href=\"https:\/\/www.imobiliare.ro\/imoexpert\/wp-content\/uploads\/2021\/07\/Preturile-apartamentelor-la-inceput-de-vara-iunie-2021.jpg\"><img loading=\"lazy\" decoding=\"async\" src=\"https:\/\/www.imobiliare.ro\/imoexpert\/wp-content\/uploads\/2021\/07\/Preturile-apartamentelor-la-inceput-de-vara-iunie-2021.jpg\" alt=\"\" width=\"800\" height=\"533\" class=\"size-full wp-image-62790\" srcset=\"https:\/\/www.imobiliare.ro\/imoexpert\/wp-content\/uploads\/2021\/07\/Preturile-apartamentelor-la-inceput-de-vara-iunie-2021.jpg 800w, https:\/\/www.imobiliare.ro\/imoexpert\/wp-content\/uploads\/2021\/07\/Preturile-apartamentelor-la-inceput-de-vara-iunie-2021-300x200.jpg 300w, https:\/\/www.imobiliare.ro\/imoexpert\/wp-content\/uploads\/2021\/07\/Preturile-apartamentelor-la-inceput-de-vara-iunie-2021-768x512.jpg 768w\" sizes=\"auto, (max-width: 800px) 100vw, 800px\" \/><\/a><figcaption id=\"caption-attachment-62790\" class=\"wp-caption-text\">Surs\u0103 foto: Pixabay.com<\/figcaption><\/figure>\n<div id=\"ez-toc-container\" class=\"ez-toc-v2_0_81 counter-hierarchy ez-toc-counter ez-toc-grey ez-toc-container-direction\">\n<p class=\"ez-toc-title\" style=\"cursor:inherit\">Table of Contents<\/p>\n<label for=\"ez-toc-cssicon-toggle-item-69f07425071d6\" class=\"ez-toc-cssicon-toggle-label\"><span class=\"ez-toc-cssicon\"><span class=\"eztoc-hide\" style=\"display:none;\">Toggle<\/span><span class=\"ez-toc-icon-toggle-span\"><svg style=\"fill: #999;color:#999\" xmlns=\"http:\/\/www.w3.org\/2000\/svg\" class=\"list-377408\" width=\"20px\" height=\"20px\" viewBox=\"0 0 24 24\" fill=\"none\"><path d=\"M6 6H4v2h2V6zm14 0H8v2h12V6zM4 11h2v2H4v-2zm16 0H8v2h12v-2zM4 16h2v2H4v-2zm16 0H8v2h12v-2z\" fill=\"currentColor\"><\/path><\/svg><svg style=\"fill: #999;color:#999\" class=\"arrow-unsorted-368013\" xmlns=\"http:\/\/www.w3.org\/2000\/svg\" width=\"10px\" height=\"10px\" viewBox=\"0 0 24 24\" version=\"1.2\" baseProfile=\"tiny\"><path d=\"M18.2 9.3l-6.2-6.3-6.2 6.3c-.2.2-.3.4-.3.7s.1.5.3.7c.2.2.4.3.7.3h11c.3 0 .5-.1.7-.3.2-.2.3-.5.3-.7s-.1-.5-.3-.7zM5.8 14.7l6.2 6.3 6.2-6.3c.2-.2.3-.5.3-.7s-.1-.5-.3-.7c-.2-.2-.4-.3-.7-.3h-11c-.3 0-.5.1-.7.3-.2.2-.3.5-.3.7s.1.5.3.7z\"\/><\/svg><\/span><\/span><\/label><input type=\"checkbox\"  id=\"ez-toc-cssicon-toggle-item-69f07425071d6\"  aria-label=\"Toggle\" \/><nav><ul class='ez-toc-list ez-toc-list-level-1 ' ><li class='ez-toc-page-1 ez-toc-heading-level-2'><a class=\"ez-toc-link ez-toc-heading-1\" href=\"https:\/\/www.imobiliare.ro\/imoexpert\/preturile-apartamentelor-la-inceput-de-vara-evolutia-din-iunie-2021_db\/#In_Capitala_cea_mai_semnificativa_marja_de_crestere_a_fost_consemnata_pe_segmentul_apartamentelor_din_blocurile_vechi\" >\u00cen Capital\u0103, cea mai semnificativ\u0103 marj\u0103 de cre\u0219tere a fost consemnat\u0103 pe segmentul apartamentelor din blocurile vechi.<\/a><\/li><li class='ez-toc-page-1 ez-toc-heading-level-2'><a class=\"ez-toc-link ez-toc-heading-2\" href=\"https:\/\/www.imobiliare.ro\/imoexpert\/preturile-apartamentelor-la-inceput-de-vara-evolutia-din-iunie-2021_db\/#Bucuresti\" >Bucure\u0219ti:<\/a><\/li><li class='ez-toc-page-1 ez-toc-heading-level-2'><a class=\"ez-toc-link ez-toc-heading-3\" href=\"https:\/\/www.imobiliare.ro\/imoexpert\/preturile-apartamentelor-la-inceput-de-vara-evolutia-din-iunie-2021_db\/#Brasov\" >Bra\u0219ov:<\/a><\/li><li class='ez-toc-page-1 ez-toc-heading-level-2'><a class=\"ez-toc-link ez-toc-heading-4\" href=\"https:\/\/www.imobiliare.ro\/imoexpert\/preturile-apartamentelor-la-inceput-de-vara-evolutia-din-iunie-2021_db\/#Cluj-Napoca\" >Cluj-Napoca:<\/a><\/li><li class='ez-toc-page-1 ez-toc-heading-level-2'><a class=\"ez-toc-link ez-toc-heading-5\" href=\"https:\/\/www.imobiliare.ro\/imoexpert\/preturile-apartamentelor-la-inceput-de-vara-evolutia-din-iunie-2021_db\/#Constanta\" >Constan\u021ba:<\/a><\/li><li class='ez-toc-page-1 ez-toc-heading-level-2'><a class=\"ez-toc-link ez-toc-heading-6\" href=\"https:\/\/www.imobiliare.ro\/imoexpert\/preturile-apartamentelor-la-inceput-de-vara-evolutia-din-iunie-2021_db\/#Iasi\" >Ia\u0219i:<\/a><\/li><li class='ez-toc-page-1 ez-toc-heading-level-2'><a class=\"ez-toc-link ez-toc-heading-7\" href=\"https:\/\/www.imobiliare.ro\/imoexpert\/preturile-apartamentelor-la-inceput-de-vara-evolutia-din-iunie-2021_db\/#Timisoara\" >Timi\u0219oara:<\/a><\/li><\/ul><\/nav><\/div>\n<h2><span class=\"ez-toc-section\" id=\"In_Capitala_cea_mai_semnificativa_marja_de_crestere_a_fost_consemnata_pe_segmentul_apartamentelor_din_blocurile_vechi\"><\/span>\u00cen Capital\u0103, cea mai semnificativ\u0103 marj\u0103 de cre\u0219tere a fost consemnat\u0103 pe segmentul apartamentelor din blocurile vechi.<span class=\"ez-toc-section-end\"><\/span><\/h2>\n<p>La fel ca \u00een cele trei luni anterioare, pre\u021burile apartamentelor (noi \u0219i vechi) scoase la v\u00e2nzare \u00een Rom\u00e2nia s-au men\u021binut pe un curs ascendent \u0219i \u00een iunie 2021. Potrivit <strong><a class=\"article-body-links\"href=\"https:\/\/www.imobiliare.ro\/indicele-imobiliare-ro\">Indicelui Imobiliare.ro<\/a><\/strong>, toate marile ora\u0219e monitorizate constant de portal au \u00eenregistrat major\u0103ri ale valorilor medii de listare pentru acest gen de propriet\u0103\u021bi, cea mai mic\u0103 marj\u0103 de cre\u0219tere fiind consemnat\u0103 \u00een Timi\u0219oara, iar cea mai mare, \u00een Bucure\u0219ti. Raportat la segmente de pia\u021b\u0103, \u00een Bra\u0219ov \u0219i Bucure\u0219ti varia\u021bii mai semnificative au avut loc \u00een cazul apartamentelor din blocurile vechi, \u00een vreme ce, \u00een restul ora\u0219elor, locuin\u021bele nou-construite s-au apreciat mai mult. <\/p>\n<p><strong>Cite\u0219te \u0219i:<br \/>\n<a class=\"article-body-links\"href=\"https:\/\/www.imobiliare.ro\/imoexpert\/ce-s-a-intamplat-cu-preturile-apartamentelor-in-luna-mai-piata-noua-a-generat-variatii-semnificative-in-brasov-si-bucuresti_db\/\">Ce s-a \u00eent\u00e2mplat cu pre\u021burile apartamentelor \u00een luna mai. Pia\u021ba nou\u0103 a generat varia\u021bii semnificative \u00een Bra\u0219ov \u0219i Bucure\u0219ti<\/a><\/p>\n<p><a class=\"article-body-links\"href=\"https:\/\/www.imobiliare.ro\/imoexpert\/preturile-apartamentelor-in-luna-aprilie-pe-plus-la-nivel-national-dar-si-in-marile-centre-regionale_db\/\">Pre\u021burile apartamentelor \u00een luna aprilie: pe plus la nivel na\u021bional, dar \u0219i \u00een marile centre regionale<\/a><\/strong><\/p>\n<h2><span class=\"ez-toc-section\" id=\"Bucuresti\"><\/span>Bucure\u0219ti:<span class=\"ez-toc-section-end\"><\/span><\/h2>\n<p>Pe parcursul lui iunie, pre\u021burile apartamentelor disponibile spre v\u00e2nzare \u00een cel mai mare ora\u0219 al \u021b\u0103rii au resim\u021bit un avans general de 2,8%, de la o medie de 1.484 de euro pe metru p\u0103trat util, p\u00e2n\u0103 la 1.525 de euro pe metru p\u0103trat. A\u0219tept\u0103rile proprietarilor au fost mai ridicate pe ambele segmente de pia\u021b\u0103 analizate: locuin\u021bele din blocurile vechi s-au apreciat cu 3,5% (de la 1.415 euro pe metru p\u0103trat, la 1.465 de euro pe metru p\u0103trat), iar unit\u0103\u021bile locative din cadrul noilor ansambluri reziden\u021biale au \u00eenregistrat un plus de 1,2% (de la 1.543 la 1.561 de euro pe metru p\u0103trat). <\/p>\n<h2><span class=\"ez-toc-section\" id=\"Brasov\"><\/span>Bra\u0219ov:<span class=\"ez-toc-section-end\"><\/span><\/h2>\n<p>\u00cen ora\u0219ul din centrul \u021b\u0103rii, <strong><a class=\"article-body-links\"href=\"https:\/\/www.imobiliare.ro\/indicele-imobiliare-ro\">Indicele Imobiliare.ro<\/a><\/strong> a consemnat, per ansamblu, un avans de 1,1% al pre\u021burilor apartamentelor, de la 1.360 de euro pe metru p\u0103trat util la finele lui mai, la 1.375 de euro pe metru p\u0103trat la sf\u00e2r\u0219itul lui iunie. O evolu\u021bie pozitiv\u0103 a putut fi observat\u0103, \u00eens\u0103, doar \u00een cazul locuin\u021belor din blocurile vechi, care s-au apreciat cu 1,6%, de la 1.284 la 1.305 euro pe metru p\u0103trat. Pe de alt\u0103 parte, locuin\u021bele noi din Bra\u0219ov s-au ieftinit cu 1,2%, de la 1.474 la 1.456 de euro pe metru p\u0103trat.  <\/p>\n<h2><span class=\"ez-toc-section\" id=\"Cluj-Napoca\"><\/span>Cluj-Napoca:<span class=\"ez-toc-section-end\"><\/span><\/h2>\n<p>\u00cen capitala Transilvaniei, a\u0219tept\u0103rile v\u00e2nz\u0103torilor de apartamente s-au majorat cu 2,3% pe parcursul lunii iunie, acestea ajung\u00e2nd la o valoare medie de listare de 1.953 de euro pe metru p\u0103trat util (de la 1.910 euro pe metru p\u0103trat la finele lui mai). \u00cen ora\u0219ul de pe Some\u0219, pre\u021burile locuin\u021belor din blocurile vechi au crescut cu 1,8% (de la 1.898 la 1.932 de euro pe metru p\u0103trat), \u00een vreme ce unit\u0103\u021bile din ansamblurile noi au consemnat un avans de 2,8% (de la 1.921 la 1.975 de euro pe metru p\u0103trat). <\/p>\n<p><strong>Cite\u0219te \u0219i:<br \/>\n<a class=\"article-body-links\"href=\"https:\/\/www.imobiliare.ro\/imoexpert\/piata-rezidentiala-in-t1-2021-preturile-locuintelor-cererea-oferta-si-tranzactiile-evolutie-specifica-unor-conditii-normale-de-piata_db\/\">Pia\u021ba reziden\u021bial\u0103 \u00een T1 2021 \u2013 pre\u021burile locuin\u021belor, cererea, oferta \u0219i tranzac\u021biile. Evolu\u021bie specific\u0103 unor condi\u021bii normale de pia\u021b\u0103<\/a><\/p>\n<p><a class=\"article-body-links\"href=\"https:\/\/www.imobiliare.ro\/imoexpert\/in-cat-timp-se-vinde-un-apartament-in-2021-si-la-cat-ajunge-marja-de-negociere_db\/\">\u00cen c\u00e2t timp se vinde un apartament \u00een 2021 \u0219i la c\u00e2t ajunge marja de negociere<\/a><\/strong><\/p>\n<h2><span class=\"ez-toc-section\" id=\"Constanta\"><\/span>Constan\u021ba:<span class=\"ez-toc-section-end\"><\/span><\/h2>\n<p>\u00cen luna iunie, valoarea medie de listare a apartamentelor scoase la v\u00e2nzare \u00een ora\u0219ul de la malul m\u0103rii a \u00eenregistrat un avans de 2,6%, de la 1.298 de euro pe metru p\u0103trat util, la  1.332 de euro pe metru p\u0103trat. \u0218i aici, pre\u021burile s-au majorat pe ambele segmente de pia\u021b\u0103 analizate, \u00eens\u0103 \u00eentr-o m\u0103sur\u0103 diferit\u0103: apartamentele vechi s-au apreciat cu 2% (de la 1.309 la 1.335 de euro pe metru p\u0103trat), iar unit\u0103\u021bile locative nou-construite, cu 3,5% (de la 1.283 la 1.328 de euro pe metru p\u0103trat). <\/p>\n<h2><span class=\"ez-toc-section\" id=\"Iasi\"><\/span>Ia\u0219i:<span class=\"ez-toc-section-end\"><\/span><\/h2>\n<p>\u00cen ora\u0219ul din nord-estul \u021b\u0103rii, <strong><a class=\"article-body-links\"href=\"https:\/\/www.imobiliare.ro\/indicele-imobiliare-ro\">Indicele Imobiliare.ro<\/a><\/strong> a consemnat, per ansamblu, un avans de 2% \u00een prima lun\u0103 de var\u0103, de la o medie de 1.082 de euro pe metru p\u0103trat util, la 1.104 euro pe metru p\u0103trat. \u00cen iunie 2021, pre\u021burile locuin\u021belor din blocurile vechi s-au majorat cu 0,9%, de la 1.105 la 1.115 euro pe metru p\u0103trat. Pe segmentul apartamentelor nou-construite, pe de alt\u0103 parte, a avut loc un avans de 2,6%, de la o medie de 1.068 de euro pe metru p\u0103trat, la 1.096 de euro pe metru p\u0103trat.<\/p>\n<h2><span class=\"ez-toc-section\" id=\"Timisoara\"><\/span>Timi\u0219oara:<span class=\"ez-toc-section-end\"><\/span><\/h2>\n<p>\u00cen ora\u0219ul din sud-vestul \u021b\u0103rii, valoarea medie de listare a unui apartament a crescut cu 0,3% pe parcursul lui iunie, de la 1.335 la 1.339 de euro pe metru p\u0103trat util. Pe segmentul locuin\u021belor vechi disponibile spre v\u00e2nzare pe pia\u021ba timi\u0219orean\u0103 a fost consemnat\u0103 o evolu\u021bie u\u0219or negativ\u0103, respectiv o sc\u0103dere de 0,1% a pre\u021burilor, de la 1.335 la 1.334 de euro pe metru p\u0103trat. Unit\u0103\u021bile locative nou-construite, pe de alt\u0103 parte, au \u00eenregistrat un avans de 1,5%, de la 1.335 la 1.355 de euro pe metru p\u0103trat util. <\/p>\n","protected":false},"excerpt":{"rendered":"<p>\u00cen Capital\u0103, cea mai semnificativ\u0103 marj\u0103 de cre\u0219tere a fost consemnat\u0103 pe segmentul apartamentelor din blocurile vechi. La fel ca \u00een cele trei luni anterioare, pre\u021burile apartamentelor (noi \u0219i vechi) scoase la v\u00e2nzare \u00een Rom\u00e2nia s-au men\u021binut pe un curs ascendent \u0219i \u00een iunie 2021. Potrivit Indicelui Imobiliare.ro, toate marile ora\u0219e monitorizate constant de portal [&hellip;]<\/p>\n","protected":false},"author":829,"featured_media":0,"comment_status":"open","ping_status":"open","sticky":false,"template":"","format":"standard","meta":{"footnotes":""},"categories":[],"tags":[],"content_author":[],"class_list":["post-62789","post","type-post","status-publish","format-standard","hentry"],"yoast_head":"<!-- This site is optimized with the Yoast SEO Premium plugin v27.0 (Yoast SEO v27.0) - https:\/\/yoast.com\/product\/yoast-seo-premium-wordpress\/ -->\n<title>Pre\u021burile apartamentelor la \u00eenceput de var\u0103: evolu\u021bia din iunie 2021 - ImoExpert<\/title>\n<meta name=\"description\" content=\"\u00cen Capital\u0103, cea mai semnificativ\u0103 marj\u0103 de cre\u0219tere a fost consemnat\u0103 pe segmentul apartamentelor din blocurile vechi. La fel ca \u00een cele trei luni\" \/>\n<meta name=\"robots\" content=\"index, follow\" \/>\n<link rel=\"canonical\" href=\"https:\/\/www.imobiliare.ro\/imoexpert\/preturile-apartamentelor-la-inceput-de-vara-evolutia-din-iunie-2021_db\/\" \/>\n<meta property=\"og:locale\" content=\"ro_RO\" \/>\n<meta property=\"og:type\" content=\"article\" \/>\n<meta property=\"og:title\" content=\"Pre\u021burile apartamentelor la \u00eenceput de var\u0103: evolu\u021bia din iunie 2021\" \/>\n<meta property=\"og:description\" content=\"\u00cen Capital\u0103, cea mai semnificativ\u0103 marj\u0103 de cre\u0219tere a fost consemnat\u0103 pe segmentul apartamentelor din blocurile vechi. La fel ca \u00een cele trei luni\" \/>\n<meta property=\"og:url\" content=\"https:\/\/www.imobiliare.ro\/imoexpert\/preturile-apartamentelor-la-inceput-de-vara-evolutia-din-iunie-2021_db\/\" \/>\n<meta property=\"og:site_name\" content=\"ImoExpert\" \/>\n<meta property=\"article:published_time\" content=\"2021-07-19T11:58:10+00:00\" \/>\n<meta property=\"og:image\" content=\"https:\/\/www.imobiliare.ro\/imoexpert\/wp-content\/uploads\/2021\/07\/Preturile-apartamentelor-la-inceput-de-vara-iunie-2021.jpg\" \/>\n\t<meta property=\"og:image:width\" content=\"800\" \/>\n\t<meta property=\"og:image:height\" content=\"533\" \/>\n\t<meta property=\"og:image:type\" content=\"image\/jpeg\" \/>\n<meta name=\"author\" content=\"Adriana Dr\u0103gu\u0219in\" \/>\n<meta name=\"twitter:card\" content=\"summary_large_image\" \/>\n<meta name=\"twitter:label1\" content=\"Written by\" \/>\n\t<meta name=\"twitter:data1\" content=\"Adriana Dr\u0103gu\u0219in\" \/>\n\t<meta name=\"twitter:label2\" content=\"Est. reading time\" \/>\n\t<meta name=\"twitter:data2\" content=\"4 minute\" \/>\n<script type=\"application\/ld+json\" class=\"yoast-schema-graph\">{\"@context\":\"https:\/\/schema.org\",\"@graph\":[{\"@type\":\"Article\",\"@id\":\"https:\/\/www.imobiliare.ro\/imoexpert\/preturile-apartamentelor-la-inceput-de-vara-evolutia-din-iunie-2021_db\/#article\",\"isPartOf\":{\"@id\":\"https:\/\/www.imobiliare.ro\/imoexpert\/preturile-apartamentelor-la-inceput-de-vara-evolutia-din-iunie-2021_db\/\"},\"author\":{\"name\":\"Adriana Dr\u0103gu\u0219in\",\"@id\":\"https:\/\/www.imobiliare.ro\/imoexpert\/#\/schema\/person\/8c13b0297075010b896471fabf0d7790\"},\"headline\":\"Pre\u021burile apartamentelor la \u00eenceput de var\u0103: evolu\u021bia din iunie 2021\",\"datePublished\":\"2021-07-19T11:58:10+00:00\",\"mainEntityOfPage\":{\"@id\":\"https:\/\/www.imobiliare.ro\/imoexpert\/preturile-apartamentelor-la-inceput-de-vara-evolutia-din-iunie-2021_db\/\"},\"wordCount\":824,\"commentCount\":0,\"publisher\":{\"@id\":\"https:\/\/www.imobiliare.ro\/imoexpert\/#organization\"},\"image\":{\"@id\":\"https:\/\/www.imobiliare.ro\/imoexpert\/preturile-apartamentelor-la-inceput-de-vara-evolutia-din-iunie-2021_db\/#primaryimage\"},\"thumbnailUrl\":\"https:\/\/www.imobiliare.ro\/imoexpert\/wp-content\/uploads\/2021\/07\/Preturile-apartamentelor-la-inceput-de-vara-iunie-2021.jpg\",\"inLanguage\":\"en\",\"potentialAction\":[{\"@type\":\"CommentAction\",\"name\":\"Comment\",\"target\":[\"https:\/\/www.imobiliare.ro\/imoexpert\/preturile-apartamentelor-la-inceput-de-vara-evolutia-din-iunie-2021_db\/#respond\"]}],\"copyrightYear\":\"2021\",\"copyrightHolder\":{\"@id\":\"https:\/\/www.imobiliare.ro\/imoexpert\/#organization\"}},{\"@type\":\"WebPage\",\"@id\":\"https:\/\/www.imobiliare.ro\/imoexpert\/preturile-apartamentelor-la-inceput-de-vara-evolutia-din-iunie-2021_db\/\",\"url\":\"https:\/\/www.imobiliare.ro\/imoexpert\/preturile-apartamentelor-la-inceput-de-vara-evolutia-din-iunie-2021_db\/\",\"name\":\"Pre\u021burile apartamentelor la \u00eenceput de var\u0103: evolu\u021bia din iunie 2021 - ImoExpert\",\"isPartOf\":{\"@id\":\"https:\/\/www.imobiliare.ro\/imoexpert\/#website\"},\"primaryImageOfPage\":{\"@id\":\"https:\/\/www.imobiliare.ro\/imoexpert\/preturile-apartamentelor-la-inceput-de-vara-evolutia-din-iunie-2021_db\/#primaryimage\"},\"image\":{\"@id\":\"https:\/\/www.imobiliare.ro\/imoexpert\/preturile-apartamentelor-la-inceput-de-vara-evolutia-din-iunie-2021_db\/#primaryimage\"},\"thumbnailUrl\":\"https:\/\/www.imobiliare.ro\/imoexpert\/wp-content\/uploads\/2021\/07\/Preturile-apartamentelor-la-inceput-de-vara-iunie-2021.jpg\",\"datePublished\":\"2021-07-19T11:58:10+00:00\",\"description\":\"\u00cen Capital\u0103, cea mai semnificativ\u0103 marj\u0103 de cre\u0219tere a fost consemnat\u0103 pe segmentul apartamentelor din blocurile vechi. La fel ca \u00een cele trei luni\",\"breadcrumb\":{\"@id\":\"https:\/\/www.imobiliare.ro\/imoexpert\/preturile-apartamentelor-la-inceput-de-vara-evolutia-din-iunie-2021_db\/#breadcrumb\"},\"inLanguage\":\"en\",\"potentialAction\":[{\"@type\":\"ReadAction\",\"target\":[\"https:\/\/www.imobiliare.ro\/imoexpert\/preturile-apartamentelor-la-inceput-de-vara-evolutia-din-iunie-2021_db\/\"]}]},{\"@type\":\"ImageObject\",\"inLanguage\":\"en\",\"@id\":\"https:\/\/www.imobiliare.ro\/imoexpert\/preturile-apartamentelor-la-inceput-de-vara-evolutia-din-iunie-2021_db\/#primaryimage\",\"url\":\"https:\/\/www.imobiliare.ro\/imoexpert\/wp-content\/uploads\/2021\/07\/Preturile-apartamentelor-la-inceput-de-vara-iunie-2021.jpg\",\"contentUrl\":\"https:\/\/www.imobiliare.ro\/imoexpert\/wp-content\/uploads\/2021\/07\/Preturile-apartamentelor-la-inceput-de-vara-iunie-2021.jpg\"},{\"@type\":\"BreadcrumbList\",\"@id\":\"https:\/\/www.imobiliare.ro\/imoexpert\/preturile-apartamentelor-la-inceput-de-vara-evolutia-din-iunie-2021_db\/#breadcrumb\",\"itemListElement\":[{\"@type\":\"ListItem\",\"position\":1,\"name\":\"Imoradar24\",\"item\":\"https:\/\/www.imoradar24.ro\"},{\"@type\":\"ListItem\",\"position\":2,\"name\":\"ImoExpert\",\"item\":\"https:\/\/www.imobiliare.ro\/imoexpert\/\"},{\"@type\":\"ListItem\",\"position\":3,\"name\":\"Pre\u021burile apartamentelor la \u00eenceput de var\u0103: evolu\u021bia din iunie 2021\"}]},{\"@type\":\"WebSite\",\"@id\":\"https:\/\/www.imobiliare.ro\/imoexpert\/#website\",\"url\":\"https:\/\/www.imobiliare.ro\/imoexpert\/\",\"name\":\"ImoExpert\",\"description\":\"cele mai importante \u015ftiri din domeniul imobiliar\",\"publisher\":{\"@id\":\"https:\/\/www.imobiliare.ro\/imoexpert\/#organization\"},\"inLanguage\":\"en\"},{\"@type\":\"Organization\",\"@id\":\"https:\/\/www.imobiliare.ro\/imoexpert\/#organization\",\"name\":\"Imobiliare.ro\",\"alternateName\":\"Realmedia Network SA\",\"url\":\"https:\/\/www.imobiliare.ro\/imoexpert\/\",\"logo\":{\"@type\":\"ImageObject\",\"inLanguage\":\"en\",\"@id\":\"https:\/\/www.imobiliare.ro\/imoexpert\/#\/schema\/logo\/image\/\",\"url\":\"https:\/\/www.imobiliare.ro\/imoexpert\/wp-content\/uploads\/2025\/05\/imobiliare_logo.png\",\"contentUrl\":\"https:\/\/www.imobiliare.ro\/imoexpert\/wp-content\/uploads\/2025\/05\/imobiliare_logo.png\",\"width\":237,\"height\":29,\"caption\":\"Imobiliare.ro\"},\"image\":{\"@id\":\"https:\/\/www.imobiliare.ro\/imoexpert\/#\/schema\/logo\/image\/\"}},{\"@type\":\"Person\",\"@id\":\"https:\/\/www.imobiliare.ro\/imoexpert\/#\/schema\/person\/8c13b0297075010b896471fabf0d7790\",\"name\":\"Adriana Dr\u0103gu\u0219in\",\"image\":{\"@type\":\"ImageObject\",\"inLanguage\":\"en\",\"@id\":\"https:\/\/www.imobiliare.ro\/imoexpert\/#\/schema\/person\/image\/\",\"url\":\"https:\/\/secure.gravatar.com\/avatar\/ba4762f7517e50e679ed7f11207102d1150120f2f5800c0da98f8a15305bf514?s=96&d=mm&r=g\",\"contentUrl\":\"https:\/\/secure.gravatar.com\/avatar\/ba4762f7517e50e679ed7f11207102d1150120f2f5800c0da98f8a15305bf514?s=96&d=mm&r=g\",\"caption\":\"Adriana Dr\u0103gu\u0219in\"},\"jobTitle\":\"Editor\",\"url\":\"https:\/\/www.imobiliare.ro\/imoexpert\/author\/adriana-dragusin\/\"}]}<\/script>\n<!-- \/ Yoast SEO Premium plugin. -->","yoast_head_json":{"title":"Pre\u021burile apartamentelor la \u00eenceput de var\u0103: evolu\u021bia din iunie 2021 - ImoExpert","description":"\u00cen Capital\u0103, cea mai semnificativ\u0103 marj\u0103 de cre\u0219tere a fost consemnat\u0103 pe segmentul apartamentelor din blocurile vechi. La fel ca \u00een cele trei luni","robots":{"index":"index","follow":"follow"},"canonical":"https:\/\/www.imobiliare.ro\/imoexpert\/preturile-apartamentelor-la-inceput-de-vara-evolutia-din-iunie-2021_db\/","og_locale":"ro_RO","og_type":"article","og_title":"Pre\u021burile apartamentelor la \u00eenceput de var\u0103: evolu\u021bia din iunie 2021","og_description":"\u00cen Capital\u0103, cea mai semnificativ\u0103 marj\u0103 de cre\u0219tere a fost consemnat\u0103 pe segmentul apartamentelor din blocurile vechi. La fel ca \u00een cele trei luni","og_url":"https:\/\/www.imobiliare.ro\/imoexpert\/preturile-apartamentelor-la-inceput-de-vara-evolutia-din-iunie-2021_db\/","og_site_name":"ImoExpert","article_published_time":"2021-07-19T11:58:10+00:00","og_image":[{"width":800,"height":533,"url":"https:\/\/www.imobiliare.ro\/imoexpert\/wp-content\/uploads\/2021\/07\/Preturile-apartamentelor-la-inceput-de-vara-iunie-2021.jpg","type":"image\/jpeg"}],"author":"Adriana Dr\u0103gu\u0219in","twitter_card":"summary_large_image","twitter_misc":{"Written by":"Adriana Dr\u0103gu\u0219in","Est. reading time":"4 minute"},"schema":{"@context":"https:\/\/schema.org","@graph":[{"@type":"Article","@id":"https:\/\/www.imobiliare.ro\/imoexpert\/preturile-apartamentelor-la-inceput-de-vara-evolutia-din-iunie-2021_db\/#article","isPartOf":{"@id":"https:\/\/www.imobiliare.ro\/imoexpert\/preturile-apartamentelor-la-inceput-de-vara-evolutia-din-iunie-2021_db\/"},"author":{"name":"Adriana Dr\u0103gu\u0219in","@id":"https:\/\/www.imobiliare.ro\/imoexpert\/#\/schema\/person\/8c13b0297075010b896471fabf0d7790"},"headline":"Pre\u021burile apartamentelor la \u00eenceput de var\u0103: evolu\u021bia din iunie 2021","datePublished":"2021-07-19T11:58:10+00:00","mainEntityOfPage":{"@id":"https:\/\/www.imobiliare.ro\/imoexpert\/preturile-apartamentelor-la-inceput-de-vara-evolutia-din-iunie-2021_db\/"},"wordCount":824,"commentCount":0,"publisher":{"@id":"https:\/\/www.imobiliare.ro\/imoexpert\/#organization"},"image":{"@id":"https:\/\/www.imobiliare.ro\/imoexpert\/preturile-apartamentelor-la-inceput-de-vara-evolutia-din-iunie-2021_db\/#primaryimage"},"thumbnailUrl":"https:\/\/www.imobiliare.ro\/imoexpert\/wp-content\/uploads\/2021\/07\/Preturile-apartamentelor-la-inceput-de-vara-iunie-2021.jpg","inLanguage":"en","potentialAction":[{"@type":"CommentAction","name":"Comment","target":["https:\/\/www.imobiliare.ro\/imoexpert\/preturile-apartamentelor-la-inceput-de-vara-evolutia-din-iunie-2021_db\/#respond"]}],"copyrightYear":"2021","copyrightHolder":{"@id":"https:\/\/www.imobiliare.ro\/imoexpert\/#organization"}},{"@type":"WebPage","@id":"https:\/\/www.imobiliare.ro\/imoexpert\/preturile-apartamentelor-la-inceput-de-vara-evolutia-din-iunie-2021_db\/","url":"https:\/\/www.imobiliare.ro\/imoexpert\/preturile-apartamentelor-la-inceput-de-vara-evolutia-din-iunie-2021_db\/","name":"Pre\u021burile apartamentelor la \u00eenceput de var\u0103: evolu\u021bia din iunie 2021 - ImoExpert","isPartOf":{"@id":"https:\/\/www.imobiliare.ro\/imoexpert\/#website"},"primaryImageOfPage":{"@id":"https:\/\/www.imobiliare.ro\/imoexpert\/preturile-apartamentelor-la-inceput-de-vara-evolutia-din-iunie-2021_db\/#primaryimage"},"image":{"@id":"https:\/\/www.imobiliare.ro\/imoexpert\/preturile-apartamentelor-la-inceput-de-vara-evolutia-din-iunie-2021_db\/#primaryimage"},"thumbnailUrl":"https:\/\/www.imobiliare.ro\/imoexpert\/wp-content\/uploads\/2021\/07\/Preturile-apartamentelor-la-inceput-de-vara-iunie-2021.jpg","datePublished":"2021-07-19T11:58:10+00:00","description":"\u00cen Capital\u0103, cea mai semnificativ\u0103 marj\u0103 de cre\u0219tere a fost consemnat\u0103 pe segmentul apartamentelor din blocurile vechi. La fel ca \u00een cele trei luni","breadcrumb":{"@id":"https:\/\/www.imobiliare.ro\/imoexpert\/preturile-apartamentelor-la-inceput-de-vara-evolutia-din-iunie-2021_db\/#breadcrumb"},"inLanguage":"en","potentialAction":[{"@type":"ReadAction","target":["https:\/\/www.imobiliare.ro\/imoexpert\/preturile-apartamentelor-la-inceput-de-vara-evolutia-din-iunie-2021_db\/"]}]},{"@type":"ImageObject","inLanguage":"en","@id":"https:\/\/www.imobiliare.ro\/imoexpert\/preturile-apartamentelor-la-inceput-de-vara-evolutia-din-iunie-2021_db\/#primaryimage","url":"https:\/\/www.imobiliare.ro\/imoexpert\/wp-content\/uploads\/2021\/07\/Preturile-apartamentelor-la-inceput-de-vara-iunie-2021.jpg","contentUrl":"https:\/\/www.imobiliare.ro\/imoexpert\/wp-content\/uploads\/2021\/07\/Preturile-apartamentelor-la-inceput-de-vara-iunie-2021.jpg"},{"@type":"BreadcrumbList","@id":"https:\/\/www.imobiliare.ro\/imoexpert\/preturile-apartamentelor-la-inceput-de-vara-evolutia-din-iunie-2021_db\/#breadcrumb","itemListElement":[{"@type":"ListItem","position":1,"name":"Imoradar24","item":"https:\/\/www.imoradar24.ro"},{"@type":"ListItem","position":2,"name":"ImoExpert","item":"https:\/\/www.imobiliare.ro\/imoexpert\/"},{"@type":"ListItem","position":3,"name":"Pre\u021burile apartamentelor la \u00eenceput de var\u0103: evolu\u021bia din iunie 2021"}]},{"@type":"WebSite","@id":"https:\/\/www.imobiliare.ro\/imoexpert\/#website","url":"https:\/\/www.imobiliare.ro\/imoexpert\/","name":"ImoExpert","description":"cele mai importante \u015ftiri din domeniul imobiliar","publisher":{"@id":"https:\/\/www.imobiliare.ro\/imoexpert\/#organization"},"inLanguage":"en"},{"@type":"Organization","@id":"https:\/\/www.imobiliare.ro\/imoexpert\/#organization","name":"Imobiliare.ro","alternateName":"Realmedia Network SA","url":"https:\/\/www.imobiliare.ro\/imoexpert\/","logo":{"@type":"ImageObject","inLanguage":"en","@id":"https:\/\/www.imobiliare.ro\/imoexpert\/#\/schema\/logo\/image\/","url":"https:\/\/www.imobiliare.ro\/imoexpert\/wp-content\/uploads\/2025\/05\/imobiliare_logo.png","contentUrl":"https:\/\/www.imobiliare.ro\/imoexpert\/wp-content\/uploads\/2025\/05\/imobiliare_logo.png","width":237,"height":29,"caption":"Imobiliare.ro"},"image":{"@id":"https:\/\/www.imobiliare.ro\/imoexpert\/#\/schema\/logo\/image\/"}},{"@type":"Person","@id":"https:\/\/www.imobiliare.ro\/imoexpert\/#\/schema\/person\/8c13b0297075010b896471fabf0d7790","name":"Adriana Dr\u0103gu\u0219in","image":{"@type":"ImageObject","inLanguage":"en","@id":"https:\/\/www.imobiliare.ro\/imoexpert\/#\/schema\/person\/image\/","url":"https:\/\/secure.gravatar.com\/avatar\/ba4762f7517e50e679ed7f11207102d1150120f2f5800c0da98f8a15305bf514?s=96&d=mm&r=g","contentUrl":"https:\/\/secure.gravatar.com\/avatar\/ba4762f7517e50e679ed7f11207102d1150120f2f5800c0da98f8a15305bf514?s=96&d=mm&r=g","caption":"Adriana Dr\u0103gu\u0219in"},"jobTitle":"Editor","url":"https:\/\/www.imobiliare.ro\/imoexpert\/author\/adriana-dragusin\/"}]}},"_links":{"self":[{"href":"https:\/\/www.imobiliare.ro\/imoexpert\/wp-json\/wp\/v2\/posts\/62789","targetHints":{"allow":["GET"]}}],"collection":[{"href":"https:\/\/www.imobiliare.ro\/imoexpert\/wp-json\/wp\/v2\/posts"}],"about":[{"href":"https:\/\/www.imobiliare.ro\/imoexpert\/wp-json\/wp\/v2\/types\/post"}],"author":[{"embeddable":true,"href":"https:\/\/www.imobiliare.ro\/imoexpert\/wp-json\/wp\/v2\/users\/829"}],"replies":[{"embeddable":true,"href":"https:\/\/www.imobiliare.ro\/imoexpert\/wp-json\/wp\/v2\/comments?post=62789"}],"version-history":[{"count":0,"href":"https:\/\/www.imobiliare.ro\/imoexpert\/wp-json\/wp\/v2\/posts\/62789\/revisions"}],"wp:attachment":[{"href":"https:\/\/www.imobiliare.ro\/imoexpert\/wp-json\/wp\/v2\/media?parent=62789"}],"wp:term":[{"taxonomy":"category","embeddable":true,"href":"https:\/\/www.imobiliare.ro\/imoexpert\/wp-json\/wp\/v2\/categories?post=62789"},{"taxonomy":"post_tag","embeddable":true,"href":"https:\/\/www.imobiliare.ro\/imoexpert\/wp-json\/wp\/v2\/tags?post=62789"},{"taxonomy":"content_author","embeddable":true,"href":"https:\/\/www.imobiliare.ro\/imoexpert\/wp-json\/wp\/v2\/content_author?post=62789"}],"curies":[{"name":"wp","href":"https:\/\/api.w.org\/{rel}","templated":true}]}}