{"id":62792,"date":"2021-07-15T16:19:21","date_gmt":"2021-07-15T13:19:21","guid":{"rendered":"https:\/\/www.imobiliare.ro\/imoexpert\/?p=62792"},"modified":"2021-07-15T16:19:21","modified_gmt":"2021-07-15T13:19:21","slug":"facultatea-de-drept-a-universitatii-babes-bolyai-a-cumparat-hotelul-opera-plaza-din-cluj-napoca","status":"publish","type":"post","link":"https:\/\/www.imobiliare.ro\/imoexpert\/facultatea-de-drept-a-universitatii-babes-bolyai-a-cumparat-hotelul-opera-plaza-din-cluj-napoca_db\/","title":{"rendered":"Facultatea de Drept a Universit\u0103\u021bii Babe\u0219-Bolyai a cump\u0103rat hotelul Opera Plaza din Cluj-Napoca"},"content":{"rendered":"<figure id=\"attachment_62793\" aria-describedby=\"caption-attachment-62793\" style=\"width: 800px\" class=\"wp-caption aligncenter\"><a class=\"article-body-links\"href=\"https:\/\/www.imobiliare.ro\/imoexpert\/wp-content\/uploads\/2021\/07\/Facultatea-de-Drept-a-Universitatii-Banes-Bolyai-a-cumparat-hotelul-Opera-Plaza-din-Cluj-Napoca.jpg\"><img loading=\"lazy\" decoding=\"async\" src=\"https:\/\/www.imobiliare.ro\/imoexpert\/wp-content\/uploads\/2021\/07\/Facultatea-de-Drept-a-Universitatii-Banes-Bolyai-a-cumparat-hotelul-Opera-Plaza-din-Cluj-Napoca.jpg\" alt=\"\" width=\"800\" height=\"707\" class=\"size-full wp-image-62793\" srcset=\"https:\/\/www.imobiliare.ro\/imoexpert\/wp-content\/uploads\/2021\/07\/Facultatea-de-Drept-a-Universitatii-Banes-Bolyai-a-cumparat-hotelul-Opera-Plaza-din-Cluj-Napoca.jpg 800w, https:\/\/www.imobiliare.ro\/imoexpert\/wp-content\/uploads\/2021\/07\/Facultatea-de-Drept-a-Universitatii-Banes-Bolyai-a-cumparat-hotelul-Opera-Plaza-din-Cluj-Napoca-300x265.jpg 300w, https:\/\/www.imobiliare.ro\/imoexpert\/wp-content\/uploads\/2021\/07\/Facultatea-de-Drept-a-Universitatii-Banes-Bolyai-a-cumparat-hotelul-Opera-Plaza-din-Cluj-Napoca-768x679.jpg 768w, https:\/\/www.imobiliare.ro\/imoexpert\/wp-content\/uploads\/2021\/07\/Facultatea-de-Drept-a-Universitatii-Banes-Bolyai-a-cumparat-hotelul-Opera-Plaza-din-Cluj-Napoca-180x160.jpg 180w\" sizes=\"auto, (max-width: 800px) 100vw, 800px\" \/><\/a><figcaption id=\"caption-attachment-62793\" class=\"wp-caption-text\">Surs\u0103 foto: www.operaplaza.ro<\/figcaption><\/figure>\n<div id=\"ez-toc-container\" class=\"ez-toc-v2_0_81 counter-hierarchy ez-toc-counter ez-toc-grey ez-toc-container-direction\">\n<p class=\"ez-toc-title\" style=\"cursor:inherit\">Table of Contents<\/p>\n<label for=\"ez-toc-cssicon-toggle-item-69f2ffb64c48e\" class=\"ez-toc-cssicon-toggle-label\"><span class=\"ez-toc-cssicon\"><span class=\"eztoc-hide\" style=\"display:none;\">Toggle<\/span><span class=\"ez-toc-icon-toggle-span\"><svg style=\"fill: #999;color:#999\" xmlns=\"http:\/\/www.w3.org\/2000\/svg\" class=\"list-377408\" width=\"20px\" height=\"20px\" viewBox=\"0 0 24 24\" fill=\"none\"><path d=\"M6 6H4v2h2V6zm14 0H8v2h12V6zM4 11h2v2H4v-2zm16 0H8v2h12v-2zM4 16h2v2H4v-2zm16 0H8v2h12v-2z\" fill=\"currentColor\"><\/path><\/svg><svg style=\"fill: #999;color:#999\" class=\"arrow-unsorted-368013\" xmlns=\"http:\/\/www.w3.org\/2000\/svg\" width=\"10px\" height=\"10px\" viewBox=\"0 0 24 24\" version=\"1.2\" baseProfile=\"tiny\"><path d=\"M18.2 9.3l-6.2-6.3-6.2 6.3c-.2.2-.3.4-.3.7s.1.5.3.7c.2.2.4.3.7.3h11c.3 0 .5-.1.7-.3.2-.2.3-.5.3-.7s-.1-.5-.3-.7zM5.8 14.7l6.2 6.3 6.2-6.3c.2-.2.3-.5.3-.7s-.1-.5-.3-.7c-.2-.2-.4-.3-.7-.3h-11c-.3 0-.5.1-.7.3-.2.2-.3.5-.3.7s.1.5.3.7z\"\/><\/svg><\/span><\/span><\/label><input type=\"checkbox\"  id=\"ez-toc-cssicon-toggle-item-69f2ffb64c48e\"  aria-label=\"Toggle\" \/><nav><ul class='ez-toc-list ez-toc-list-level-1 ' ><li class='ez-toc-page-1 ez-toc-heading-level-2'><a class=\"ez-toc-link ez-toc-heading-1\" href=\"https:\/\/www.imobiliare.ro\/imoexpert\/facultatea-de-drept-a-universitatii-babes-bolyai-a-cumparat-hotelul-opera-plaza-din-cluj-napoca_db\/#Tranzactia_a_fost_facilitata_de_reprezentantele_a_doua_birouri_diferite_din_cadrul_retelei_REMAX_Romania\" >Tranzac\u021bia a fost facilitat\u0103 de reprezentantele a dou\u0103 birouri diferite din cadrul re\u021belei RE\/MAX Rom\u00e2nia.<\/a><\/li><li class='ez-toc-page-1 ez-toc-heading-level-2'><a class=\"ez-toc-link ez-toc-heading-2\" href=\"https:\/\/www.imobiliare.ro\/imoexpert\/facultatea-de-drept-a-universitatii-babes-bolyai-a-cumparat-hotelul-opera-plaza-din-cluj-napoca_db\/#Primul_hotel_de_cinci_stele_din_oras\" >Primul hotel de cinci stele din ora\u0219<\/a><\/li><\/ul><\/nav><\/div>\n<h2><span class=\"ez-toc-section\" id=\"Tranzactia_a_fost_facilitata_de_reprezentantele_a_doua_birouri_diferite_din_cadrul_retelei_REMAX_Romania\"><\/span>Tranzac\u021bia a fost facilitat\u0103 de reprezentantele a dou\u0103 birouri diferite din cadrul re\u021belei RE\/MAX Rom\u00e2nia.<span class=\"ez-toc-section-end\"><\/span><\/h2>\n<p>RE\/MAX Rom\u00e2nia a anun\u021bat v\u00e2nzarea hotelului Opera Plaza din Cluj-Napoca, c\u0103tre Facultatea de Drept din cadrul Universit\u0103\u021bii Babe\u0219-Bolyai. Valoarea de tranzac\u021bionare a propriet\u0103\u021bii s-a cifrat la 40 milioane de lei, echivalentul a aproximativ 8,1 milioane de euro \u2013 aceasta fiind cea mai mare tranzac\u021bie intermediat\u0103 de consultan\u021bii RE\/MAX Rom\u00e2nia p\u00e2n\u0103 \u00een momentul de fa\u021b\u0103. <\/p>\n<p>Negocierile au durat peste \u0219ase luni, incluz\u00e2nd perioada de ob\u021binere a avizelor de la Ministerul Educa\u021biei \u0219i acordul Guvernului. \u201eTranzac\u021bia a fost intermediat\u0103 \u00een colaborare de dou\u0103 agente de la birouri distincte RE\/MAX, fapt ce demonstreaz\u0103 \u00eenc\u0103 o dat\u0103 importan\u021ba cooper\u0103rii \u00eentr-o re\u021bea, \u00eentruc\u00e2t to\u021bi cei implica\u021bi \u00een tranzac\u021bie particip\u0103 activ la buna desf\u0103\u0219urare a acesteia. Astfel, fiecare agent are \u00een vedere interesele p\u0103r\u021bii pe care o reprezint\u0103, cumul\u00e2nd cuno\u0219tin\u021be specifice \u0219i abilit\u0103\u021bi diferite pentru a \u00eencheia tranzac\u021bia\u201d, arat\u0103 oficialii re\u021belei de francize. Agentele implicate \u00een procesul de achizi\u021bie sunt Mihaela Keller (RE\/MAX Grup de Lux) \u0219i Anca Olariu (RE\/MAX Concept).<\/p>\n<blockquote><p>\u201ePentru mine a fost o tranzac\u021bie de suflet. Eu sunt licen\u021biat\u0103 la aceast\u0103 facultate, la fel \u0219i fiul meu, drept pentru care reu\u0219ita acesta are \u0219i o component\u0103 emo\u021bional\u0103. Pe l\u00e2ng\u0103 faptul c\u0103 am reu\u0219it s\u0103 intermediem o tranzac\u021bie de calibrul acesta, din punctul de vedere al provoc\u0103rilor profesionale, m\u0103 bucur c\u0103 am putut fi parte la o decizie strategic\u0103 a institu\u021biei care m-a format.\u201d<\/p>\n<p><strong>Mihaela Keller, Sales Associate, RE\/MAX Grup de Lux<\/strong><\/p><\/blockquote>\n<p>&nbsp;<\/p>\n<h2><span class=\"ez-toc-section\" id=\"Primul_hotel_de_cinci_stele_din_oras\"><\/span>Primul hotel de cinci stele din ora\u0219<span class=\"ez-toc-section-end\"><\/span><\/h2>\n<p>V\u00e2nzarea Opera Plaza reprezint\u0103, totodat\u0103, \u0219i cea mai mare tranzac\u021bie \u00eencheiat\u0103 \u00een Cluj anul acesta. Amplasat \u00een zona istoric\u0103 a ora\u0219ului, pe platforma fostei fabrici \u201eFeleacul\u201d, proprietatea este primul hotel de cinci stele dat \u00een func\u021biune \u00een Cluj-Napoca, av\u00e2nd o suprafa\u021b\u0103 de circa 8.000 de metri p\u0103tra\u021bi. \u00cen urma tranzac\u021biei, cl\u0103direa va fi transformat\u0103 \u00een noul sediu al Facult\u0103\u021bii de Drept din cadrul Universit\u0103\u021bii Babe\u0219-Bolyai. <\/p>\n<blockquote><p>\u201eIntermedierea acestei v\u00e2nz\u0103ri reprezint\u0103 o mare m\u00e2ndrie pentru mine ca profesionst \u00een real-estate \u0219i o bucurie pentru c\u0103 am reu\u0219it s\u0103 satisfacem nevoile clien\u021bilor no\u0219tri. Iar faptul c\u0103 am reu\u0219it s\u0103 \u00eenchidem cea mai mare tranzac\u021bie din istoria RE\/MAX Rom\u00e2nia demonstreaz\u0103 c\u0103 experien\u021ba, d\u0103ruirea \u0219i pasiunea creeaz\u0103 valoare.\u201d<\/p>\n<p><strong>Anca Olariu, Sales Associate, RE\/MAX Concept<\/strong><\/p><\/blockquote>\n","protected":false},"excerpt":{"rendered":"<p>Tranzac\u021bia a fost facilitat\u0103 de reprezentantele a dou\u0103 birouri diferite din cadrul re\u021belei RE\/MAX Rom\u00e2nia. RE\/MAX Rom\u00e2nia a anun\u021bat v\u00e2nzarea hotelului Opera Plaza din Cluj-Napoca, c\u0103tre Facultatea de Drept din cadrul Universit\u0103\u021bii Babe\u0219-Bolyai. Valoarea de tranzac\u021bionare a propriet\u0103\u021bii s-a cifrat la 40 milioane de lei, echivalentul a aproximativ 8,1 milioane de euro \u2013 aceasta fiind [&hellip;]<\/p>\n","protected":false},"author":829,"featured_media":62793,"comment_status":"open","ping_status":"open","sticky":false,"template":"","format":"standard","meta":{"footnotes":""},"categories":[259],"tags":[906,622,2047,1748],"content_author":[],"class_list":["post-62792","post","type-post","status-publish","format-standard","has-post-thumbnail","hentry","category-stiri","tag-cluj-napoca","tag-hoteluri","tag-opera-plaza","tag-re-max-romania"],"yoast_head":"<!-- This site is optimized with the Yoast SEO Premium plugin v27.0 (Yoast SEO v27.0) - https:\/\/yoast.com\/product\/yoast-seo-premium-wordpress\/ -->\n<title>Facultatea de Drept a Universit\u0103\u021bii Babe\u0219-Bolyai a cump\u0103rat hotelul Opera Plaza din Cluj-Napoca - \u0218tiri - ImoExpert<\/title>\n<meta name=\"description\" content=\"Tranzac\u021bia a fost facilitat\u0103 de reprezentantele a dou\u0103 birouri diferite din cadrul re\u021belei RE\/MAX Rom\u00e2nia. RE\/MAX Rom\u00e2nia a anun\u021bat v\u00e2nzarea hotelului\" \/>\n<meta name=\"robots\" content=\"index, follow\" \/>\n<link rel=\"canonical\" href=\"https:\/\/www.imobiliare.ro\/imoexpert\/facultatea-de-drept-a-universitatii-babes-bolyai-a-cumparat-hotelul-opera-plaza-din-cluj-napoca_db\/\" \/>\n<meta property=\"og:locale\" content=\"ro_RO\" \/>\n<meta property=\"og:type\" content=\"article\" \/>\n<meta property=\"og:title\" content=\"Facultatea de Drept a Universit\u0103\u021bii Babe\u0219-Bolyai a cump\u0103rat hotelul Opera Plaza din Cluj-Napoca\" \/>\n<meta property=\"og:description\" content=\"Tranzac\u021bia a fost facilitat\u0103 de reprezentantele a dou\u0103 birouri diferite din cadrul re\u021belei RE\/MAX Rom\u00e2nia. RE\/MAX Rom\u00e2nia a anun\u021bat v\u00e2nzarea hotelului\" \/>\n<meta property=\"og:url\" content=\"https:\/\/www.imobiliare.ro\/imoexpert\/facultatea-de-drept-a-universitatii-babes-bolyai-a-cumparat-hotelul-opera-plaza-din-cluj-napoca_db\/\" \/>\n<meta property=\"og:site_name\" content=\"ImoExpert\" \/>\n<meta property=\"article:published_time\" content=\"2021-07-15T13:19:21+00:00\" \/>\n<meta property=\"og:image\" content=\"https:\/\/www.imobiliare.ro\/imoexpert\/wp-content\/uploads\/2021\/07\/Facultatea-de-Drept-a-Universitatii-Banes-Bolyai-a-cumparat-hotelul-Opera-Plaza-din-Cluj-Napoca.jpg\" \/>\n\t<meta property=\"og:image:width\" content=\"800\" \/>\n\t<meta property=\"og:image:height\" content=\"707\" \/>\n\t<meta property=\"og:image:type\" content=\"image\/jpeg\" \/>\n<meta name=\"author\" content=\"Adriana Dr\u0103gu\u0219in\" \/>\n<meta name=\"twitter:card\" content=\"summary_large_image\" \/>\n<meta name=\"twitter:label1\" content=\"Written by\" \/>\n\t<meta name=\"twitter:data1\" content=\"Adriana Dr\u0103gu\u0219in\" \/>\n\t<meta name=\"twitter:label2\" content=\"Est. reading time\" \/>\n\t<meta name=\"twitter:data2\" content=\"2 minute\" \/>\n<script type=\"application\/ld+json\" class=\"yoast-schema-graph\">{\"@context\":\"https:\/\/schema.org\",\"@graph\":[{\"@type\":\"Article\",\"@id\":\"https:\/\/www.imobiliare.ro\/imoexpert\/facultatea-de-drept-a-universitatii-babes-bolyai-a-cumparat-hotelul-opera-plaza-din-cluj-napoca_db\/#article\",\"isPartOf\":{\"@id\":\"https:\/\/www.imobiliare.ro\/imoexpert\/facultatea-de-drept-a-universitatii-babes-bolyai-a-cumparat-hotelul-opera-plaza-din-cluj-napoca_db\/\"},\"author\":{\"name\":\"Adriana Dr\u0103gu\u0219in\",\"@id\":\"https:\/\/www.imobiliare.ro\/imoexpert\/#\/schema\/person\/8c13b0297075010b896471fabf0d7790\"},\"headline\":\"Facultatea de Drept a Universit\u0103\u021bii Babe\u0219-Bolyai a cump\u0103rat hotelul Opera Plaza din Cluj-Napoca\",\"datePublished\":\"2021-07-15T13:19:21+00:00\",\"mainEntityOfPage\":{\"@id\":\"https:\/\/www.imobiliare.ro\/imoexpert\/facultatea-de-drept-a-universitatii-babes-bolyai-a-cumparat-hotelul-opera-plaza-din-cluj-napoca_db\/\"},\"wordCount\":471,\"commentCount\":0,\"publisher\":{\"@id\":\"https:\/\/www.imobiliare.ro\/imoexpert\/#organization\"},\"image\":{\"@id\":\"https:\/\/www.imobiliare.ro\/imoexpert\/facultatea-de-drept-a-universitatii-babes-bolyai-a-cumparat-hotelul-opera-plaza-din-cluj-napoca_db\/#primaryimage\"},\"thumbnailUrl\":\"https:\/\/www.imobiliare.ro\/imoexpert\/wp-content\/uploads\/2021\/07\/Facultatea-de-Drept-a-Universitatii-Banes-Bolyai-a-cumparat-hotelul-Opera-Plaza-din-Cluj-Napoca.jpg\",\"keywords\":[\"Cluj-Napoca\",\"Hoteluri\",\"Opera Plaza\",\"RE\/MAX Rom\u00e2nia\"],\"articleSection\":[\"\u0218tiri\"],\"inLanguage\":\"en\",\"potentialAction\":[{\"@type\":\"CommentAction\",\"name\":\"Comment\",\"target\":[\"https:\/\/www.imobiliare.ro\/imoexpert\/facultatea-de-drept-a-universitatii-babes-bolyai-a-cumparat-hotelul-opera-plaza-din-cluj-napoca_db\/#respond\"]}],\"copyrightYear\":\"2021\",\"copyrightHolder\":{\"@id\":\"https:\/\/www.imobiliare.ro\/imoexpert\/#organization\"}},{\"@type\":\"WebPage\",\"@id\":\"https:\/\/www.imobiliare.ro\/imoexpert\/facultatea-de-drept-a-universitatii-babes-bolyai-a-cumparat-hotelul-opera-plaza-din-cluj-napoca_db\/\",\"url\":\"https:\/\/www.imobiliare.ro\/imoexpert\/facultatea-de-drept-a-universitatii-babes-bolyai-a-cumparat-hotelul-opera-plaza-din-cluj-napoca_db\/\",\"name\":\"Facultatea de Drept a Universit\u0103\u021bii Babe\u0219-Bolyai a cump\u0103rat hotelul Opera Plaza din Cluj-Napoca - \u0218tiri - ImoExpert\",\"isPartOf\":{\"@id\":\"https:\/\/www.imobiliare.ro\/imoexpert\/#website\"},\"primaryImageOfPage\":{\"@id\":\"https:\/\/www.imobiliare.ro\/imoexpert\/facultatea-de-drept-a-universitatii-babes-bolyai-a-cumparat-hotelul-opera-plaza-din-cluj-napoca_db\/#primaryimage\"},\"image\":{\"@id\":\"https:\/\/www.imobiliare.ro\/imoexpert\/facultatea-de-drept-a-universitatii-babes-bolyai-a-cumparat-hotelul-opera-plaza-din-cluj-napoca_db\/#primaryimage\"},\"thumbnailUrl\":\"https:\/\/www.imobiliare.ro\/imoexpert\/wp-content\/uploads\/2021\/07\/Facultatea-de-Drept-a-Universitatii-Banes-Bolyai-a-cumparat-hotelul-Opera-Plaza-din-Cluj-Napoca.jpg\",\"datePublished\":\"2021-07-15T13:19:21+00:00\",\"description\":\"Tranzac\u021bia a fost facilitat\u0103 de reprezentantele a dou\u0103 birouri diferite din cadrul re\u021belei RE\/MAX Rom\u00e2nia. RE\/MAX Rom\u00e2nia a anun\u021bat v\u00e2nzarea hotelului\",\"breadcrumb\":{\"@id\":\"https:\/\/www.imobiliare.ro\/imoexpert\/facultatea-de-drept-a-universitatii-babes-bolyai-a-cumparat-hotelul-opera-plaza-din-cluj-napoca_db\/#breadcrumb\"},\"inLanguage\":\"en\",\"potentialAction\":[{\"@type\":\"ReadAction\",\"target\":[\"https:\/\/www.imobiliare.ro\/imoexpert\/facultatea-de-drept-a-universitatii-babes-bolyai-a-cumparat-hotelul-opera-plaza-din-cluj-napoca_db\/\"]}]},{\"@type\":\"ImageObject\",\"inLanguage\":\"en\",\"@id\":\"https:\/\/www.imobiliare.ro\/imoexpert\/facultatea-de-drept-a-universitatii-babes-bolyai-a-cumparat-hotelul-opera-plaza-din-cluj-napoca_db\/#primaryimage\",\"url\":\"https:\/\/www.imobiliare.ro\/imoexpert\/wp-content\/uploads\/2021\/07\/Facultatea-de-Drept-a-Universitatii-Banes-Bolyai-a-cumparat-hotelul-Opera-Plaza-din-Cluj-Napoca.jpg\",\"contentUrl\":\"https:\/\/www.imobiliare.ro\/imoexpert\/wp-content\/uploads\/2021\/07\/Facultatea-de-Drept-a-Universitatii-Banes-Bolyai-a-cumparat-hotelul-Opera-Plaza-din-Cluj-Napoca.jpg\",\"width\":800,\"height\":707,\"caption\":\"Surs\u0103 foto: www.operaplaza.ro\"},{\"@type\":\"BreadcrumbList\",\"@id\":\"https:\/\/www.imobiliare.ro\/imoexpert\/facultatea-de-drept-a-universitatii-babes-bolyai-a-cumparat-hotelul-opera-plaza-din-cluj-napoca_db\/#breadcrumb\",\"itemListElement\":[{\"@type\":\"ListItem\",\"position\":1,\"name\":\"Imoradar24\",\"item\":\"https:\/\/www.imoradar24.ro\"},{\"@type\":\"ListItem\",\"position\":2,\"name\":\"ImoExpert\",\"item\":\"https:\/\/www.imobiliare.ro\/imoexpert\/\"},{\"@type\":\"ListItem\",\"position\":3,\"name\":\"\u0218tiri\",\"item\":\"https:\/\/www.imobiliare.ro\/imoexpert\/stiri\/\"},{\"@type\":\"ListItem\",\"position\":4,\"name\":\"Facultatea de Drept a Universit\u0103\u021bii Babe\u0219-Bolyai a cump\u0103rat hotelul Opera Plaza din Cluj-Napoca\"}]},{\"@type\":\"WebSite\",\"@id\":\"https:\/\/www.imobiliare.ro\/imoexpert\/#website\",\"url\":\"https:\/\/www.imobiliare.ro\/imoexpert\/\",\"name\":\"ImoExpert\",\"description\":\"cele mai importante \u015ftiri din domeniul imobiliar\",\"publisher\":{\"@id\":\"https:\/\/www.imobiliare.ro\/imoexpert\/#organization\"},\"inLanguage\":\"en\"},{\"@type\":\"Organization\",\"@id\":\"https:\/\/www.imobiliare.ro\/imoexpert\/#organization\",\"name\":\"Imobiliare.ro\",\"alternateName\":\"Realmedia Network SA\",\"url\":\"https:\/\/www.imobiliare.ro\/imoexpert\/\",\"logo\":{\"@type\":\"ImageObject\",\"inLanguage\":\"en\",\"@id\":\"https:\/\/www.imobiliare.ro\/imoexpert\/#\/schema\/logo\/image\/\",\"url\":\"https:\/\/www.imobiliare.ro\/imoexpert\/wp-content\/uploads\/2025\/05\/imobiliare_logo.png\",\"contentUrl\":\"https:\/\/www.imobiliare.ro\/imoexpert\/wp-content\/uploads\/2025\/05\/imobiliare_logo.png\",\"width\":237,\"height\":29,\"caption\":\"Imobiliare.ro\"},\"image\":{\"@id\":\"https:\/\/www.imobiliare.ro\/imoexpert\/#\/schema\/logo\/image\/\"}},{\"@type\":\"Person\",\"@id\":\"https:\/\/www.imobiliare.ro\/imoexpert\/#\/schema\/person\/8c13b0297075010b896471fabf0d7790\",\"name\":\"Adriana Dr\u0103gu\u0219in\",\"image\":{\"@type\":\"ImageObject\",\"inLanguage\":\"en\",\"@id\":\"https:\/\/www.imobiliare.ro\/imoexpert\/#\/schema\/person\/image\/\",\"url\":\"https:\/\/secure.gravatar.com\/avatar\/ba4762f7517e50e679ed7f11207102d1150120f2f5800c0da98f8a15305bf514?s=96&d=mm&r=g\",\"contentUrl\":\"https:\/\/secure.gravatar.com\/avatar\/ba4762f7517e50e679ed7f11207102d1150120f2f5800c0da98f8a15305bf514?s=96&d=mm&r=g\",\"caption\":\"Adriana Dr\u0103gu\u0219in\"},\"jobTitle\":\"Editor\",\"url\":\"https:\/\/www.imobiliare.ro\/imoexpert\/author\/adriana-dragusin\/\"}]}<\/script>\n<!-- \/ Yoast SEO Premium plugin. -->","yoast_head_json":{"title":"Facultatea de Drept a Universit\u0103\u021bii Babe\u0219-Bolyai a cump\u0103rat hotelul Opera Plaza din Cluj-Napoca - \u0218tiri - ImoExpert","description":"Tranzac\u021bia a fost facilitat\u0103 de reprezentantele a dou\u0103 birouri diferite din cadrul re\u021belei RE\/MAX Rom\u00e2nia. RE\/MAX Rom\u00e2nia a anun\u021bat v\u00e2nzarea hotelului","robots":{"index":"index","follow":"follow"},"canonical":"https:\/\/www.imobiliare.ro\/imoexpert\/facultatea-de-drept-a-universitatii-babes-bolyai-a-cumparat-hotelul-opera-plaza-din-cluj-napoca_db\/","og_locale":"ro_RO","og_type":"article","og_title":"Facultatea de Drept a Universit\u0103\u021bii Babe\u0219-Bolyai a cump\u0103rat hotelul Opera Plaza din Cluj-Napoca","og_description":"Tranzac\u021bia a fost facilitat\u0103 de reprezentantele a dou\u0103 birouri diferite din cadrul re\u021belei RE\/MAX Rom\u00e2nia. RE\/MAX Rom\u00e2nia a anun\u021bat v\u00e2nzarea hotelului","og_url":"https:\/\/www.imobiliare.ro\/imoexpert\/facultatea-de-drept-a-universitatii-babes-bolyai-a-cumparat-hotelul-opera-plaza-din-cluj-napoca_db\/","og_site_name":"ImoExpert","article_published_time":"2021-07-15T13:19:21+00:00","og_image":[{"width":800,"height":707,"url":"https:\/\/www.imobiliare.ro\/imoexpert\/wp-content\/uploads\/2021\/07\/Facultatea-de-Drept-a-Universitatii-Banes-Bolyai-a-cumparat-hotelul-Opera-Plaza-din-Cluj-Napoca.jpg","type":"image\/jpeg"}],"author":"Adriana Dr\u0103gu\u0219in","twitter_card":"summary_large_image","twitter_misc":{"Written by":"Adriana Dr\u0103gu\u0219in","Est. reading time":"2 minute"},"schema":{"@context":"https:\/\/schema.org","@graph":[{"@type":"Article","@id":"https:\/\/www.imobiliare.ro\/imoexpert\/facultatea-de-drept-a-universitatii-babes-bolyai-a-cumparat-hotelul-opera-plaza-din-cluj-napoca_db\/#article","isPartOf":{"@id":"https:\/\/www.imobiliare.ro\/imoexpert\/facultatea-de-drept-a-universitatii-babes-bolyai-a-cumparat-hotelul-opera-plaza-din-cluj-napoca_db\/"},"author":{"name":"Adriana Dr\u0103gu\u0219in","@id":"https:\/\/www.imobiliare.ro\/imoexpert\/#\/schema\/person\/8c13b0297075010b896471fabf0d7790"},"headline":"Facultatea de Drept a Universit\u0103\u021bii Babe\u0219-Bolyai a cump\u0103rat hotelul Opera Plaza din Cluj-Napoca","datePublished":"2021-07-15T13:19:21+00:00","mainEntityOfPage":{"@id":"https:\/\/www.imobiliare.ro\/imoexpert\/facultatea-de-drept-a-universitatii-babes-bolyai-a-cumparat-hotelul-opera-plaza-din-cluj-napoca_db\/"},"wordCount":471,"commentCount":0,"publisher":{"@id":"https:\/\/www.imobiliare.ro\/imoexpert\/#organization"},"image":{"@id":"https:\/\/www.imobiliare.ro\/imoexpert\/facultatea-de-drept-a-universitatii-babes-bolyai-a-cumparat-hotelul-opera-plaza-din-cluj-napoca_db\/#primaryimage"},"thumbnailUrl":"https:\/\/www.imobiliare.ro\/imoexpert\/wp-content\/uploads\/2021\/07\/Facultatea-de-Drept-a-Universitatii-Banes-Bolyai-a-cumparat-hotelul-Opera-Plaza-din-Cluj-Napoca.jpg","keywords":["Cluj-Napoca","Hoteluri","Opera Plaza","RE\/MAX Rom\u00e2nia"],"articleSection":["\u0218tiri"],"inLanguage":"en","potentialAction":[{"@type":"CommentAction","name":"Comment","target":["https:\/\/www.imobiliare.ro\/imoexpert\/facultatea-de-drept-a-universitatii-babes-bolyai-a-cumparat-hotelul-opera-plaza-din-cluj-napoca_db\/#respond"]}],"copyrightYear":"2021","copyrightHolder":{"@id":"https:\/\/www.imobiliare.ro\/imoexpert\/#organization"}},{"@type":"WebPage","@id":"https:\/\/www.imobiliare.ro\/imoexpert\/facultatea-de-drept-a-universitatii-babes-bolyai-a-cumparat-hotelul-opera-plaza-din-cluj-napoca_db\/","url":"https:\/\/www.imobiliare.ro\/imoexpert\/facultatea-de-drept-a-universitatii-babes-bolyai-a-cumparat-hotelul-opera-plaza-din-cluj-napoca_db\/","name":"Facultatea de Drept a Universit\u0103\u021bii Babe\u0219-Bolyai a cump\u0103rat hotelul Opera Plaza din Cluj-Napoca - \u0218tiri - ImoExpert","isPartOf":{"@id":"https:\/\/www.imobiliare.ro\/imoexpert\/#website"},"primaryImageOfPage":{"@id":"https:\/\/www.imobiliare.ro\/imoexpert\/facultatea-de-drept-a-universitatii-babes-bolyai-a-cumparat-hotelul-opera-plaza-din-cluj-napoca_db\/#primaryimage"},"image":{"@id":"https:\/\/www.imobiliare.ro\/imoexpert\/facultatea-de-drept-a-universitatii-babes-bolyai-a-cumparat-hotelul-opera-plaza-din-cluj-napoca_db\/#primaryimage"},"thumbnailUrl":"https:\/\/www.imobiliare.ro\/imoexpert\/wp-content\/uploads\/2021\/07\/Facultatea-de-Drept-a-Universitatii-Banes-Bolyai-a-cumparat-hotelul-Opera-Plaza-din-Cluj-Napoca.jpg","datePublished":"2021-07-15T13:19:21+00:00","description":"Tranzac\u021bia a fost facilitat\u0103 de reprezentantele a dou\u0103 birouri diferite din cadrul re\u021belei RE\/MAX Rom\u00e2nia. RE\/MAX Rom\u00e2nia a anun\u021bat v\u00e2nzarea hotelului","breadcrumb":{"@id":"https:\/\/www.imobiliare.ro\/imoexpert\/facultatea-de-drept-a-universitatii-babes-bolyai-a-cumparat-hotelul-opera-plaza-din-cluj-napoca_db\/#breadcrumb"},"inLanguage":"en","potentialAction":[{"@type":"ReadAction","target":["https:\/\/www.imobiliare.ro\/imoexpert\/facultatea-de-drept-a-universitatii-babes-bolyai-a-cumparat-hotelul-opera-plaza-din-cluj-napoca_db\/"]}]},{"@type":"ImageObject","inLanguage":"en","@id":"https:\/\/www.imobiliare.ro\/imoexpert\/facultatea-de-drept-a-universitatii-babes-bolyai-a-cumparat-hotelul-opera-plaza-din-cluj-napoca_db\/#primaryimage","url":"https:\/\/www.imobiliare.ro\/imoexpert\/wp-content\/uploads\/2021\/07\/Facultatea-de-Drept-a-Universitatii-Banes-Bolyai-a-cumparat-hotelul-Opera-Plaza-din-Cluj-Napoca.jpg","contentUrl":"https:\/\/www.imobiliare.ro\/imoexpert\/wp-content\/uploads\/2021\/07\/Facultatea-de-Drept-a-Universitatii-Banes-Bolyai-a-cumparat-hotelul-Opera-Plaza-din-Cluj-Napoca.jpg","width":800,"height":707,"caption":"Surs\u0103 foto: www.operaplaza.ro"},{"@type":"BreadcrumbList","@id":"https:\/\/www.imobiliare.ro\/imoexpert\/facultatea-de-drept-a-universitatii-babes-bolyai-a-cumparat-hotelul-opera-plaza-din-cluj-napoca_db\/#breadcrumb","itemListElement":[{"@type":"ListItem","position":1,"name":"Imoradar24","item":"https:\/\/www.imoradar24.ro"},{"@type":"ListItem","position":2,"name":"ImoExpert","item":"https:\/\/www.imobiliare.ro\/imoexpert\/"},{"@type":"ListItem","position":3,"name":"\u0218tiri","item":"https:\/\/www.imobiliare.ro\/imoexpert\/stiri\/"},{"@type":"ListItem","position":4,"name":"Facultatea de Drept a Universit\u0103\u021bii Babe\u0219-Bolyai a cump\u0103rat hotelul Opera Plaza din Cluj-Napoca"}]},{"@type":"WebSite","@id":"https:\/\/www.imobiliare.ro\/imoexpert\/#website","url":"https:\/\/www.imobiliare.ro\/imoexpert\/","name":"ImoExpert","description":"cele mai importante \u015ftiri din domeniul imobiliar","publisher":{"@id":"https:\/\/www.imobiliare.ro\/imoexpert\/#organization"},"inLanguage":"en"},{"@type":"Organization","@id":"https:\/\/www.imobiliare.ro\/imoexpert\/#organization","name":"Imobiliare.ro","alternateName":"Realmedia Network SA","url":"https:\/\/www.imobiliare.ro\/imoexpert\/","logo":{"@type":"ImageObject","inLanguage":"en","@id":"https:\/\/www.imobiliare.ro\/imoexpert\/#\/schema\/logo\/image\/","url":"https:\/\/www.imobiliare.ro\/imoexpert\/wp-content\/uploads\/2025\/05\/imobiliare_logo.png","contentUrl":"https:\/\/www.imobiliare.ro\/imoexpert\/wp-content\/uploads\/2025\/05\/imobiliare_logo.png","width":237,"height":29,"caption":"Imobiliare.ro"},"image":{"@id":"https:\/\/www.imobiliare.ro\/imoexpert\/#\/schema\/logo\/image\/"}},{"@type":"Person","@id":"https:\/\/www.imobiliare.ro\/imoexpert\/#\/schema\/person\/8c13b0297075010b896471fabf0d7790","name":"Adriana Dr\u0103gu\u0219in","image":{"@type":"ImageObject","inLanguage":"en","@id":"https:\/\/www.imobiliare.ro\/imoexpert\/#\/schema\/person\/image\/","url":"https:\/\/secure.gravatar.com\/avatar\/ba4762f7517e50e679ed7f11207102d1150120f2f5800c0da98f8a15305bf514?s=96&d=mm&r=g","contentUrl":"https:\/\/secure.gravatar.com\/avatar\/ba4762f7517e50e679ed7f11207102d1150120f2f5800c0da98f8a15305bf514?s=96&d=mm&r=g","caption":"Adriana Dr\u0103gu\u0219in"},"jobTitle":"Editor","url":"https:\/\/www.imobiliare.ro\/imoexpert\/author\/adriana-dragusin\/"}]}},"_links":{"self":[{"href":"https:\/\/www.imobiliare.ro\/imoexpert\/wp-json\/wp\/v2\/posts\/62792","targetHints":{"allow":["GET"]}}],"collection":[{"href":"https:\/\/www.imobiliare.ro\/imoexpert\/wp-json\/wp\/v2\/posts"}],"about":[{"href":"https:\/\/www.imobiliare.ro\/imoexpert\/wp-json\/wp\/v2\/types\/post"}],"author":[{"embeddable":true,"href":"https:\/\/www.imobiliare.ro\/imoexpert\/wp-json\/wp\/v2\/users\/829"}],"replies":[{"embeddable":true,"href":"https:\/\/www.imobiliare.ro\/imoexpert\/wp-json\/wp\/v2\/comments?post=62792"}],"version-history":[{"count":0,"href":"https:\/\/www.imobiliare.ro\/imoexpert\/wp-json\/wp\/v2\/posts\/62792\/revisions"}],"wp:featuredmedia":[{"embeddable":true,"href":"https:\/\/www.imobiliare.ro\/imoexpert\/wp-json\/wp\/v2\/media\/62793"}],"wp:attachment":[{"href":"https:\/\/www.imobiliare.ro\/imoexpert\/wp-json\/wp\/v2\/media?parent=62792"}],"wp:term":[{"taxonomy":"category","embeddable":true,"href":"https:\/\/www.imobiliare.ro\/imoexpert\/wp-json\/wp\/v2\/categories?post=62792"},{"taxonomy":"post_tag","embeddable":true,"href":"https:\/\/www.imobiliare.ro\/imoexpert\/wp-json\/wp\/v2\/tags?post=62792"},{"taxonomy":"content_author","embeddable":true,"href":"https:\/\/www.imobiliare.ro\/imoexpert\/wp-json\/wp\/v2\/content_author?post=62792"}],"curies":[{"name":"wp","href":"https:\/\/api.w.org\/{rel}","templated":true}]}}