{"id":62978,"date":"2021-08-10T17:28:31","date_gmt":"2021-08-10T14:28:31","guid":{"rendered":"https:\/\/www.imobiliare.ro\/imoexpert\/?p=62978"},"modified":"2021-08-10T17:28:31","modified_gmt":"2021-08-10T14:28:31","slug":"cererea-si-oferta-in-perioada-post-pandemica-provocari-noi-pe-segmentul-office","status":"publish","type":"post","link":"https:\/\/www.imobiliare.ro\/imoexpert\/cererea-si-oferta-in-perioada-post-pandemica-provocari-noi-pe-segmentul-office_db\/","title":{"rendered":"Cererea \u0219i oferta \u00een perioada post pandemic\u0103. Provoc\u0103ri noi pe segmentul office"},"content":{"rendered":"<h2><img loading=\"lazy\" decoding=\"async\" class=\"alignnone size-large wp-image-62979\" src=\"https:\/\/www.imobiliare.ro\/imoexpert\/wp-content\/uploads\/2021\/08\/Quest-offices-Delea-Veche-poza-2jpg-1024x576.jpg\" alt=\"\" width=\"1024\" height=\"576\" srcset=\"https:\/\/www.imobiliare.ro\/imoexpert\/wp-content\/uploads\/2021\/08\/Quest-offices-Delea-Veche-poza-2jpg-1024x576.jpg 1024w, https:\/\/www.imobiliare.ro\/imoexpert\/wp-content\/uploads\/2021\/08\/Quest-offices-Delea-Veche-poza-2jpg-300x169.jpg 300w, https:\/\/www.imobiliare.ro\/imoexpert\/wp-content\/uploads\/2021\/08\/Quest-offices-Delea-Veche-poza-2jpg-768x432.jpg 768w, https:\/\/www.imobiliare.ro\/imoexpert\/wp-content\/uploads\/2021\/08\/Quest-offices-Delea-Veche-poza-2jpg.jpg 1280w\" sizes=\"auto, (max-width: 1024px) 100vw, 1024px\" \/><\/h2>\n<div id=\"ez-toc-container\" class=\"ez-toc-v2_0_81 counter-hierarchy ez-toc-counter ez-toc-grey ez-toc-container-direction\">\n<p class=\"ez-toc-title\" style=\"cursor:inherit\">Table of Contents<\/p>\n<label for=\"ez-toc-cssicon-toggle-item-69f03de7897aa\" class=\"ez-toc-cssicon-toggle-label\"><span class=\"ez-toc-cssicon\"><span class=\"eztoc-hide\" style=\"display:none;\">Toggle<\/span><span class=\"ez-toc-icon-toggle-span\"><svg style=\"fill: #999;color:#999\" xmlns=\"http:\/\/www.w3.org\/2000\/svg\" class=\"list-377408\" width=\"20px\" height=\"20px\" viewBox=\"0 0 24 24\" fill=\"none\"><path d=\"M6 6H4v2h2V6zm14 0H8v2h12V6zM4 11h2v2H4v-2zm16 0H8v2h12v-2zM4 16h2v2H4v-2zm16 0H8v2h12v-2z\" fill=\"currentColor\"><\/path><\/svg><svg style=\"fill: #999;color:#999\" class=\"arrow-unsorted-368013\" xmlns=\"http:\/\/www.w3.org\/2000\/svg\" width=\"10px\" height=\"10px\" viewBox=\"0 0 24 24\" version=\"1.2\" baseProfile=\"tiny\"><path d=\"M18.2 9.3l-6.2-6.3-6.2 6.3c-.2.2-.3.4-.3.7s.1.5.3.7c.2.2.4.3.7.3h11c.3 0 .5-.1.7-.3.2-.2.3-.5.3-.7s-.1-.5-.3-.7zM5.8 14.7l6.2 6.3 6.2-6.3c.2-.2.3-.5.3-.7s-.1-.5-.3-.7c-.2-.2-.4-.3-.7-.3h-11c-.3 0-.5.1-.7.3-.2.2-.3.5-.3.7s.1.5.3.7z\"\/><\/svg><\/span><\/span><\/label><input type=\"checkbox\"  id=\"ez-toc-cssicon-toggle-item-69f03de7897aa\"  aria-label=\"Toggle\" \/><nav><ul class='ez-toc-list ez-toc-list-level-1 ' ><li class='ez-toc-page-1 ez-toc-heading-level-2'><a class=\"ez-toc-link ez-toc-heading-1\" href=\"https:\/\/www.imobiliare.ro\/imoexpert\/cererea-si-oferta-in-perioada-post-pandemica-provocari-noi-pe-segmentul-office_db\/#Pandemia_a_adus_schimbari_majore_in_ceea_ce_priveste_cererea_si_oferta_pe_piata_de_birouri_Anul_trecut_in_varful_pandemiei_se_estimeaza_ca_mai_mult_de_jumatate_din_intreaga_forta_de_munca_din_Romania_si-a_facut_treaba_de_acasa_Atunci_expertii_isi_puneau_intrebarea_in_ce_directie_se_va_indrepta_piata_birourilor_din_intreaga_lume_Care_vor_fi_urmarile_%E2%80%93_urmari_traduse_in_cifre_in_pierderi_si_poate_cel_mai_important_in_oportunitati\" >Pandemia a adus schimb\u0103ri majore \u00een ceea ce prive\u0219te cererea \u0219i oferta pe pia\u021ba de birouri. Anul trecut, \u00een v\u00e2rful pandemiei, se estimeaz\u0103 c\u0103 mai mult de jum\u0103tate din \u00eentreaga for\u021b\u0103 de munc\u0103 din Rom\u00e2nia \u0219i-a f\u0103cut treaba de acas\u0103. Atunci exper\u021bii \u00ee\u0219i puneau \u00eentrebarea \u00een ce direc\u021bie se va \u00eendrepta pia\u021ba birourilor din \u00eentreaga lume? Care vor fi urm\u0103rile \u2013 urm\u0103ri traduse \u00een cifre, \u00een pierderi \u0219i, poate cel mai important, \u00een oportunit\u0103\u021bi?<\/a><\/li><li class='ez-toc-page-1 ez-toc-heading-level-2'><a class=\"ez-toc-link ez-toc-heading-2\" href=\"https:\/\/www.imobiliare.ro\/imoexpert\/cererea-si-oferta-in-perioada-post-pandemica-provocari-noi-pe-segmentul-office_db\/#Noile_oportunitati_din_piata\" >Noile oportunit\u0103\u021bi din pia\u021b\u0103<\/a><\/li><\/ul><\/nav><\/div>\n<h2><span class=\"ez-toc-section\" id=\"Pandemia_a_adus_schimbari_majore_in_ceea_ce_priveste_cererea_si_oferta_pe_piata_de_birouri_Anul_trecut_in_varful_pandemiei_se_estimeaza_ca_mai_mult_de_jumatate_din_intreaga_forta_de_munca_din_Romania_si-a_facut_treaba_de_acasa_Atunci_expertii_isi_puneau_intrebarea_in_ce_directie_se_va_indrepta_piata_birourilor_din_intreaga_lume_Care_vor_fi_urmarile_%E2%80%93_urmari_traduse_in_cifre_in_pierderi_si_poate_cel_mai_important_in_oportunitati\"><\/span>Pandemia a adus schimb\u0103ri majore \u00een ceea ce prive\u0219te cererea \u0219i oferta pe pia\u021ba de birouri. Anul trecut, \u00een v\u00e2rful pandemiei, se estimeaz\u0103 c\u0103 mai mult de jum\u0103tate din \u00eentreaga for\u021b\u0103 de munc\u0103 din Rom\u00e2nia \u0219i-a f\u0103cut treaba de acas\u0103. Atunci exper\u021bii \u00ee\u0219i puneau \u00eentrebarea \u00een ce direc\u021bie se va \u00eendrepta pia\u021ba birourilor din \u00eentreaga lume? Care vor fi urm\u0103rile \u2013 urm\u0103ri traduse \u00een cifre, \u00een pierderi \u0219i, poate cel mai important, \u00een oportunit\u0103\u021bi?<span class=\"ez-toc-section-end\"><\/span><\/h2>\n<p>Cu toate c\u0103 anul 2020 a fost unul dintre cei mai slabi ani din ultimul deceniu pentru pia\u021ba de birouri din Bucure\u0219ti din perspectiva cererii, iar incertitudinile generate de efectele pandemiei de Covid-19 asupra planurilor chiria\u0219ilor au fost unele ridicate, acum putem observa \u0219i \u201cefectele pozitive\u201d ale \u201eanului pandemic\u201d. Pe scurt, noi <a class=\"article-body-links\"href=\"https:\/\/www.imobiliare.ro\/vanzare-birouri\/bucuresti\/armeneasca\/birou-de-vanzare-XBDJ04004\">oportunit\u0103\u021bi<\/a>. Acum, la o privire mai atent\u0103 pandemia pare s\u0103 dea investitorilor posibilitatea de a descoperi spa\u021bii la pre\u021buri accesibile, cl\u0103diri ce pot reprezenta veritabile afaceri \u00een special pentru cei care \u00eenaintea erei COVID 19 nu ar fi putut avea posibilitatea achizi\u021bion\u0103rii lor.<\/p>\n<h2><span class=\"ez-toc-section\" id=\"Noile_oportunitati_din_piata\"><\/span>Noile oportunit\u0103\u021bi din pia\u021b\u0103<span class=\"ez-toc-section-end\"><\/span><\/h2>\n<p>Lu\u0103m un exemplu <a class=\"article-body-links\"href=\"https:\/\/www.imobiliare.ro\/vanzare-birouri\/bucuresti\/armeneasca\/birou-de-vanzare-XBDJ04004\">cl\u0103direa de opt etaje<\/a> situat\u0103 la intersec\u021bia Bulevardului Carol cu Mo\u0219ilor, din vecin\u0103tatea Bisericii Armene\u0219ti. Ast\u0103zi, parte din aceasta (subsol, parter \u0219i etaj), mai precis <a class=\"article-body-links\"href=\"https:\/\/www.imobiliare.ro\/vanzare-birouri\/bucuresti\/armeneasca\/birou-de-vanzare-XBDJ04004\">1222 mp de spa\u021bii de birouri<\/a>, sunt pu\u0219i \u00een v\u00e2nzare.<\/p>\n<figure id=\"attachment_62980\" aria-describedby=\"caption-attachment-62980\" style=\"width: 1024px\" class=\"wp-caption alignnone\"><img loading=\"lazy\" decoding=\"async\" class=\"size-large wp-image-62980\" src=\"https:\/\/www.imobiliare.ro\/imoexpert\/wp-content\/uploads\/2021\/08\/poza-1-armeneasca-1024x682.jpg\" alt=\"\" width=\"1024\" height=\"682\" srcset=\"https:\/\/www.imobiliare.ro\/imoexpert\/wp-content\/uploads\/2021\/08\/poza-1-armeneasca-1024x682.jpg 1024w, https:\/\/www.imobiliare.ro\/imoexpert\/wp-content\/uploads\/2021\/08\/poza-1-armeneasca-300x200.jpg 300w, https:\/\/www.imobiliare.ro\/imoexpert\/wp-content\/uploads\/2021\/08\/poza-1-armeneasca-768x512.jpg 768w, https:\/\/www.imobiliare.ro\/imoexpert\/wp-content\/uploads\/2021\/08\/poza-1-armeneasca.jpg 1081w\" sizes=\"auto, (max-width: 1024px) 100vw, 1024px\" \/><figcaption id=\"caption-attachment-62980\" class=\"wp-caption-text\">Cl\u0103dire birouri din vecin\u0103tatea Bisericii Armene\u0219ti<\/figcaption><\/figure>\n<p><strong>O alt\u0103 oportunitate identificat\u0103 \u00een pia\u021ba anun\u021burilor este <a class=\"article-body-links\"href=\"https:\/\/www.imobiliare.ro\/vanzare-birouri\/bucuresti\/unirii\/birou-de-vanzare-XBDJ04007\">cl\u0103direa din zona Unirii<\/a>, scoas\u0103 la v\u00e2nzare pentru suma de 825.000 de euro.<\/strong><\/p>\n<p>Localizarea central\u0103 a cl\u0103dirii de birouri construit\u0103 \u00een anul 2004 face din aceast\u0103 cl\u0103dire un spa\u021biu atr\u0103g\u0103tor, construc\u021bia dispun\u00e2nd \u0219i de 372 mp de teren \u0219i, \u00een acest moment, de chiria\u0219i.<\/p>\n<p><strong>\u00cen zona Obor, <\/strong><a class=\"article-body-links\"href=\"https:\/\/www.imobiliare.ro\/vanzare-birouri\/bucuresti\/obor\/birou-de-vanzare-XV0204IMB?exprec=recomandate&amp;rec_ref=BDJ04KVB2VA&amp;sursa_rec=detalii&amp;lista=12520229&amp;imoidusr=1366928\"><strong>pre\u021bul unei cl\u0103diri de birouri<\/strong>, D+P+2E<strong>, ajunge la <\/strong>629.000 de euro<\/a>. \u00cent\u00e2lnim \u0219i aici aceea\u0219i situa\u021bie, cl\u0103direa este \u00eenchiriat\u0103 complet, dispune de locuri de parcare, mobilier, sistem acces carduri, sistem supraveghere video performant, iar investi\u021bia ini\u021bial\u0103 se ridic\u0103 la 70k Euro.<\/p>\n<figure id=\"attachment_62981\" aria-describedby=\"caption-attachment-62981\" style=\"width: 960px\" class=\"wp-caption alignnone\"><img loading=\"lazy\" decoding=\"async\" class=\"size-full wp-image-62981\" src=\"https:\/\/www.imobiliare.ro\/imoexpert\/wp-content\/uploads\/2021\/08\/Birou-Bucuresti-Obor.jpg\" alt=\"\" width=\"960\" height=\"720\" srcset=\"https:\/\/www.imobiliare.ro\/imoexpert\/wp-content\/uploads\/2021\/08\/Birou-Bucuresti-Obor.jpg 960w, https:\/\/www.imobiliare.ro\/imoexpert\/wp-content\/uploads\/2021\/08\/Birou-Bucuresti-Obor-300x225.jpg 300w, https:\/\/www.imobiliare.ro\/imoexpert\/wp-content\/uploads\/2021\/08\/Birou-Bucuresti-Obor-768x576.jpg 768w\" sizes=\"auto, (max-width: 960px) 100vw, 960px\" \/><figcaption id=\"caption-attachment-62981\" class=\"wp-caption-text\">Birou Bucure\u0219ti Obor<\/figcaption><\/figure>\n<p>Ofertele par s\u0103 vin\u0103 la momentul potrivit, \u00een condi\u021biile \u00een care dup\u0103 mai bine de un an \u00een care locuin\u021bele private au fost transformate \u00een spa\u021bii de lucru, europenii se re\u00eentorc la birou, \u00een formula hybrid. Astfel, investitorii continu\u0103 s\u0103 dezvolte noi corpuri ale unor cl\u0103diri noi. <a class=\"article-body-links\"href=\"https:\/\/www.imobiliare.ro\/vanzare-birouri\/bucuresti\/calea-calarasilor\/birou-de-vanzare-XC1214010?lista=12506733\">Quest Offices Delea Veche<\/a>, situat\u0103 pe <strong>Calea C\u0103l\u0103ra\u0219ilor, <\/strong>este un exemplu \u00een acest sens. Aici peste 3000 de mp de birouri sunt disponibili, \u00eentr-o cl\u0103dire de clasa A, ce dispune totodat\u0103 de o arhitectur\u0103 smart &#8211; contemporan\u0103. Aici <a class=\"article-body-links\"href=\"https:\/\/www.imobiliare.ro\/vanzare-birouri\/bucuresti\/calea-calarasilor\/birou-de-vanzare-XC1214010?lista=12506733\">detalii.<\/a><\/p>\n<figure id=\"attachment_62982\" aria-describedby=\"caption-attachment-62982\" style=\"width: 1024px\" class=\"wp-caption alignnone\"><img loading=\"lazy\" decoding=\"async\" class=\"size-large wp-image-62982\" src=\"https:\/\/www.imobiliare.ro\/imoexpert\/wp-content\/uploads\/2021\/08\/birou-de-vanzare-bucuresti-calea-calarasilor-164717067-1024x576.jpg\" alt=\"\" width=\"1024\" height=\"576\" srcset=\"https:\/\/www.imobiliare.ro\/imoexpert\/wp-content\/uploads\/2021\/08\/birou-de-vanzare-bucuresti-calea-calarasilor-164717067-1024x576.jpg 1024w, https:\/\/www.imobiliare.ro\/imoexpert\/wp-content\/uploads\/2021\/08\/birou-de-vanzare-bucuresti-calea-calarasilor-164717067-300x169.jpg 300w, https:\/\/www.imobiliare.ro\/imoexpert\/wp-content\/uploads\/2021\/08\/birou-de-vanzare-bucuresti-calea-calarasilor-164717067-768x432.jpg 768w, https:\/\/www.imobiliare.ro\/imoexpert\/wp-content\/uploads\/2021\/08\/birou-de-vanzare-bucuresti-calea-calarasilor-164717067.jpg 1280w\" sizes=\"auto, (max-width: 1024px) 100vw, 1024px\" \/><figcaption id=\"caption-attachment-62982\" class=\"wp-caption-text\">Quest Offices Delea Veche<\/figcaption><\/figure>\n<p>\u00cen mod interesat, trecerile de la o arhitectur\u0103 la alta pe pia\u021ba de office sunt surprinz\u0103toare \u0219o variate, \u00een aceast\u0103 perioad\u0103. Observ\u0103m gama complet\u0103 de oferte la o simpl\u0103 cercetare de pia\u021b\u0103. Dac\u0103 unele birouri \u0219i profesii se \u00eencadreaz\u0103 \u00eentr-un design contemporan, altele se preteaz\u0103 pentru cel clasic. Amplasat\u0103 chiar \u00een sectorul 1, <strong>\u00een zona Pia\u021ba Roman\u0103<\/strong>, <a class=\"article-body-links\"href=\"https:\/\/www.imobiliare.ro\/vanzare-birouri\/bucuresti\/romana\/birou-de-vanzare-XA3S04002?lista=12506733\">cl\u0103direa care se ridic\u0103 la pre\u021bul 2.500.000 de euro<\/a>, dispune de o compartimentare interioar\u0103 ce face posibil\u0103 dezvoltarea unor func\u021biuni variate: birouri, spa\u021biu cultural, sau chiar institu\u021bie public\u0103. Informa\u021bii complete acces\u00e2nd <a class=\"article-body-links\"href=\"https:\/\/www.imobiliare.ro\/vanzare-birouri\/bucuresti\/romana\/birou-de-vanzare-XA3S04002?lista=12506733\">linkul.<\/a><\/p>\n<figure id=\"attachment_62983\" aria-describedby=\"caption-attachment-62983\" style=\"width: 1024px\" class=\"wp-caption alignnone\"><img loading=\"lazy\" decoding=\"async\" class=\"size-large wp-image-62983\" src=\"https:\/\/www.imobiliare.ro\/imoexpert\/wp-content\/uploads\/2021\/08\/birou-de-vanzare-bucuresti-romana-138170152-1024x682.jpg\" alt=\"\" width=\"1024\" height=\"682\" srcset=\"https:\/\/www.imobiliare.ro\/imoexpert\/wp-content\/uploads\/2021\/08\/birou-de-vanzare-bucuresti-romana-138170152-1024x682.jpg 1024w, https:\/\/www.imobiliare.ro\/imoexpert\/wp-content\/uploads\/2021\/08\/birou-de-vanzare-bucuresti-romana-138170152-300x200.jpg 300w, https:\/\/www.imobiliare.ro\/imoexpert\/wp-content\/uploads\/2021\/08\/birou-de-vanzare-bucuresti-romana-138170152-768x512.jpg 768w, https:\/\/www.imobiliare.ro\/imoexpert\/wp-content\/uploads\/2021\/08\/birou-de-vanzare-bucuresti-romana-138170152.jpg 1081w\" sizes=\"auto, (max-width: 1024px) 100vw, 1024px\" \/><figcaption id=\"caption-attachment-62983\" class=\"wp-caption-text\">Birou \u00een zona Pia\u021ba Roman\u0103<\/figcaption><\/figure>\n<p><strong>Adecvat\u0103 func\u021bion\u0103rii unei clinici<\/strong> este <a class=\"article-body-links\"href=\"https:\/\/www.imobiliare.ro\/vanzare-birouri\/bucuresti\/p-ta-alba-iulia\/birou-de-vanzare-X3RN040O1?lista=12506733\">imobilul<\/a> situat la doar c\u00e2teva minute distan\u021b\u0103 de intersec\u021bia cu <strong>Bulevardul Decebal \u0219i Pia\u021ba Alba<\/strong>, imobil construit pe o suprafa\u021b\u0103 generoas\u0103 de 423 mp. Cl\u0103direa se afl\u0103 \u00een construc\u021bie \u0219i dispune de toate facilit\u0103\u021bile necesare unei clinici performante: laborator complet dotat, lifturi adaptate spa\u021biului, sal\u0103 de conferin\u021be medicale (110 locuri), sal\u0103 de evenimente, birouri \u0219i spa\u021bii comerciale (restaurant \/ sal\u0103 de prezentare, etc). Informa\u021bii legate de pre\u021b, <a class=\"article-body-links\"href=\"https:\/\/www.imobiliare.ro\/vanzare-birouri\/bucuresti\/p-ta-alba-iulia\/birou-de-vanzare-X3RN040O1?lista=12506733\">aici.<\/a><\/p>\n<figure id=\"attachment_62984\" aria-describedby=\"caption-attachment-62984\" style=\"width: 960px\" class=\"wp-caption alignnone\"><img loading=\"lazy\" decoding=\"async\" class=\"size-full wp-image-62984\" src=\"https:\/\/www.imobiliare.ro\/imoexpert\/wp-content\/uploads\/2021\/08\/birou-de-vanzare-bucuresti-p-ta-alba-iulia-163802217.jpg\" alt=\"\" width=\"960\" height=\"720\" srcset=\"https:\/\/www.imobiliare.ro\/imoexpert\/wp-content\/uploads\/2021\/08\/birou-de-vanzare-bucuresti-p-ta-alba-iulia-163802217.jpg 960w, https:\/\/www.imobiliare.ro\/imoexpert\/wp-content\/uploads\/2021\/08\/birou-de-vanzare-bucuresti-p-ta-alba-iulia-163802217-300x225.jpg 300w, https:\/\/www.imobiliare.ro\/imoexpert\/wp-content\/uploads\/2021\/08\/birou-de-vanzare-bucuresti-p-ta-alba-iulia-163802217-768x576.jpg 768w\" sizes=\"auto, (max-width: 960px) 100vw, 960px\" \/><figcaption id=\"caption-attachment-62984\" class=\"wp-caption-text\">Cl\u0103dire birouri Pia\u021ba Alba Iulia<\/figcaption><\/figure>\n<p>Potrivit celor mai noi studii \u00een cadrul Europei Centrale \u0219i de Est, \u00een prezent, aproape jum\u0103tate dintre angaja\u021bii din Polonia, Rom\u00e2nia, Ungaria \u0219i Republica Ceh\u0103 merg la birou \u00een fiecare zi. Analizele exper\u021bilor observ\u0103 transform\u0103rile post pandemice, iar concluziile care se arat\u0103 \u00een rapoartele exper\u021bilor sublineaz\u0103 nevoile actuale ale angaja\u021bilor, bazate pe spa\u021biu, confort \u0219i activit\u0103\u021bi recreative.<\/p>\n<p>Mai mult dec\u00e2t at\u00e2t, anali\u0219tii se a\u0219teapt\u0103 ca investi\u021biile \u00een cl\u0103diri planificate pentru 2022 sau mai t\u00e2rziu s\u0103 fie am\u00e2nate cel pu\u021bin p\u00e2n\u0103 c\u00e2nd pia\u021ba se va echilibra, ceea ce ne duce la \u00eentrebarea dac\u0103 vechile cl\u0103diri de birouri vor deveni noile oportunit\u0103\u021bi de investi\u021bie pentru mediul de afaceri.<\/p>\n<p>Vezi \u0219i: <a class=\"article-body-links\"href=\"https:\/\/www.imobiliare.ro\/vanzare-birouri\/bucuresti\/berceni\/birou-de-vanzare-X44Q1405C\">Birouri Bucure\u0219ti, Berceni.<\/a><\/p>\n<p>Vezi \u0219i: <a class=\"article-body-links\"href=\"https:\/\/www.imobiliare.ro\/vanzare-birouri\/bucuresti\/soseaua-nordului\/birou-de-vanzare-X44Q1405I\">Birouri amplasate pe \u0218oseaua Nordului.<\/a><\/p>\n<p>Vezi \u0219i: <a class=\"article-body-links\"href=\"https:\/\/www.imobiliare.ro\/vanzare-birouri\/bucuresti\/tei\/birou-de-vanzare-X9S714032\">Cl\u0103dire de birouri amplast\u0103 \u00een zona Tei<\/a><\/p>\n<p>Vezi \u0219i: <a class=\"article-body-links\"href=\"https:\/\/www.imobiliare.ro\/vanzare-birouri\/bucuresti\/unirii\/birou-de-vanzare-XBDJ0400K\">Cl\u0103dire de birouri ultralcentral\u0103, Pia\u021ba Unirii<\/a><\/p>\n<p>Vezi \u0219i: <a class=\"article-body-links\"href=\"https:\/\/www.imobiliare.ro\/vanzare-birouri\/bucuresti\/primaverii\/birou-de-vanzare-XCDV14003?lista=12506733&amp;listing=1&amp;sla=lista&amp;imoidusr=143342\">Cl\u0103dire de birouri \u00een cartierul Prim\u0103verii<\/a><\/p>\n<p><strong>\u00a0<\/strong><\/p>\n<p><strong>\u00a0<\/strong><\/p>\n<p>&nbsp;<\/p>\n<p>&nbsp;<\/p>\n","protected":false},"excerpt":{"rendered":"<p>Pandemia a adus schimb\u0103ri majore \u00een ceea ce prive\u0219te cererea \u0219i oferta pe pia\u021ba de birouri. Anul trecut, \u00een v\u00e2rful pandemiei, se estimeaz\u0103 c\u0103 mai mult de jum\u0103tate din \u00eentreaga for\u021b\u0103 de munc\u0103 din Rom\u00e2nia \u0219i-a f\u0103cut treaba de acas\u0103. Atunci exper\u021bii \u00ee\u0219i puneau \u00eentrebarea \u00een ce direc\u021bie se va \u00eendrepta pia\u021ba birourilor din \u00eentreaga [&hellip;]<\/p>\n","protected":false},"author":853852,"featured_media":62979,"comment_status":"open","ping_status":"open","sticky":false,"template":"","format":"standard","meta":{"footnotes":""},"categories":[259,2455],"tags":[],"content_author":[],"class_list":["post-62978","post","type-post","status-publish","format-standard","has-post-thumbnail","hentry","category-stiri","category-video"],"yoast_head":"<!-- This site is optimized with the Yoast SEO Premium plugin v27.0 (Yoast SEO v27.0) - https:\/\/yoast.com\/product\/yoast-seo-premium-wordpress\/ -->\n<title>Cererea \u0219i oferta \u00een perioada post pandemic\u0103. Provoc\u0103ri noi pe segmentul office - \u0218tiri, Video - ImoExpert<\/title>\n<meta name=\"description\" content=\"Pandemia a adus schimb\u0103ri majore \u00een ceea ce prive\u0219te cererea \u0219i oferta pe pia\u021ba de birouri. Anul trecut, \u00een v\u00e2rful pandemiei, se estimeaz\u0103 c\u0103 mai mult de\" \/>\n<meta name=\"robots\" content=\"index, follow\" \/>\n<link rel=\"canonical\" href=\"https:\/\/www.imobiliare.ro\/imoexpert\/cererea-si-oferta-in-perioada-post-pandemica-provocari-noi-pe-segmentul-office_db\/\" \/>\n<meta property=\"og:locale\" content=\"ro_RO\" \/>\n<meta property=\"og:type\" content=\"article\" \/>\n<meta property=\"og:title\" content=\"Cererea \u0219i oferta \u00een perioada post pandemic\u0103. Provoc\u0103ri noi pe segmentul office\" \/>\n<meta property=\"og:description\" content=\"Pandemia a adus schimb\u0103ri majore \u00een ceea ce prive\u0219te cererea \u0219i oferta pe pia\u021ba de birouri. Anul trecut, \u00een v\u00e2rful pandemiei, se estimeaz\u0103 c\u0103 mai mult de\" \/>\n<meta property=\"og:url\" content=\"https:\/\/www.imobiliare.ro\/imoexpert\/cererea-si-oferta-in-perioada-post-pandemica-provocari-noi-pe-segmentul-office_db\/\" \/>\n<meta property=\"og:site_name\" content=\"ImoExpert\" \/>\n<meta property=\"article:published_time\" content=\"2021-08-10T14:28:31+00:00\" \/>\n<meta property=\"og:image\" content=\"https:\/\/www.imobiliare.ro\/imoexpert\/wp-content\/uploads\/2021\/08\/Quest-offices-Delea-Veche-poza-2jpg.jpg\" \/>\n\t<meta property=\"og:image:width\" content=\"1280\" \/>\n\t<meta property=\"og:image:height\" content=\"720\" \/>\n\t<meta property=\"og:image:type\" content=\"image\/jpeg\" \/>\n<meta name=\"author\" content=\"Corina Sfia\" \/>\n<meta name=\"twitter:card\" content=\"summary_large_image\" \/>\n<meta name=\"twitter:label1\" content=\"Written by\" \/>\n\t<meta name=\"twitter:data1\" content=\"Corina Sfia\" \/>\n\t<meta name=\"twitter:label2\" content=\"Est. reading time\" \/>\n\t<meta name=\"twitter:data2\" content=\"5 minute\" \/>\n<script type=\"application\/ld+json\" class=\"yoast-schema-graph\">{\"@context\":\"https:\/\/schema.org\",\"@graph\":[{\"@type\":\"Article\",\"@id\":\"https:\/\/www.imobiliare.ro\/imoexpert\/cererea-si-oferta-in-perioada-post-pandemica-provocari-noi-pe-segmentul-office_db\/#article\",\"isPartOf\":{\"@id\":\"https:\/\/www.imobiliare.ro\/imoexpert\/cererea-si-oferta-in-perioada-post-pandemica-provocari-noi-pe-segmentul-office_db\/\"},\"author\":{\"name\":\"Corina Sfia\",\"@id\":\"https:\/\/www.imobiliare.ro\/imoexpert\/#\/schema\/person\/05beb62efa22e8e5445349a3eb6c5247\"},\"headline\":\"Cererea \u0219i oferta \u00een perioada post pandemic\u0103. Provoc\u0103ri noi pe segmentul office\",\"datePublished\":\"2021-08-10T14:28:31+00:00\",\"mainEntityOfPage\":{\"@id\":\"https:\/\/www.imobiliare.ro\/imoexpert\/cererea-si-oferta-in-perioada-post-pandemica-provocari-noi-pe-segmentul-office_db\/\"},\"wordCount\":880,\"commentCount\":0,\"publisher\":{\"@id\":\"https:\/\/www.imobiliare.ro\/imoexpert\/#organization\"},\"image\":{\"@id\":\"https:\/\/www.imobiliare.ro\/imoexpert\/cererea-si-oferta-in-perioada-post-pandemica-provocari-noi-pe-segmentul-office_db\/#primaryimage\"},\"thumbnailUrl\":\"https:\/\/www.imobiliare.ro\/imoexpert\/wp-content\/uploads\/2021\/08\/Quest-offices-Delea-Veche-poza-2jpg.jpg\",\"articleSection\":[\"\u0218tiri\",\"Video\"],\"inLanguage\":\"en\",\"potentialAction\":[{\"@type\":\"CommentAction\",\"name\":\"Comment\",\"target\":[\"https:\/\/www.imobiliare.ro\/imoexpert\/cererea-si-oferta-in-perioada-post-pandemica-provocari-noi-pe-segmentul-office_db\/#respond\"]}],\"copyrightYear\":\"2021\",\"copyrightHolder\":{\"@id\":\"https:\/\/www.imobiliare.ro\/imoexpert\/#organization\"}},{\"@type\":\"WebPage\",\"@id\":\"https:\/\/www.imobiliare.ro\/imoexpert\/cererea-si-oferta-in-perioada-post-pandemica-provocari-noi-pe-segmentul-office_db\/\",\"url\":\"https:\/\/www.imobiliare.ro\/imoexpert\/cererea-si-oferta-in-perioada-post-pandemica-provocari-noi-pe-segmentul-office_db\/\",\"name\":\"Cererea \u0219i oferta \u00een perioada post pandemic\u0103. Provoc\u0103ri noi pe segmentul office - \u0218tiri, Video - ImoExpert\",\"isPartOf\":{\"@id\":\"https:\/\/www.imobiliare.ro\/imoexpert\/#website\"},\"primaryImageOfPage\":{\"@id\":\"https:\/\/www.imobiliare.ro\/imoexpert\/cererea-si-oferta-in-perioada-post-pandemica-provocari-noi-pe-segmentul-office_db\/#primaryimage\"},\"image\":{\"@id\":\"https:\/\/www.imobiliare.ro\/imoexpert\/cererea-si-oferta-in-perioada-post-pandemica-provocari-noi-pe-segmentul-office_db\/#primaryimage\"},\"thumbnailUrl\":\"https:\/\/www.imobiliare.ro\/imoexpert\/wp-content\/uploads\/2021\/08\/Quest-offices-Delea-Veche-poza-2jpg.jpg\",\"datePublished\":\"2021-08-10T14:28:31+00:00\",\"description\":\"Pandemia a adus schimb\u0103ri majore \u00een ceea ce prive\u0219te cererea \u0219i oferta pe pia\u021ba de birouri. Anul trecut, \u00een v\u00e2rful pandemiei, se estimeaz\u0103 c\u0103 mai mult de\",\"breadcrumb\":{\"@id\":\"https:\/\/www.imobiliare.ro\/imoexpert\/cererea-si-oferta-in-perioada-post-pandemica-provocari-noi-pe-segmentul-office_db\/#breadcrumb\"},\"inLanguage\":\"en\",\"potentialAction\":[{\"@type\":\"ReadAction\",\"target\":[\"https:\/\/www.imobiliare.ro\/imoexpert\/cererea-si-oferta-in-perioada-post-pandemica-provocari-noi-pe-segmentul-office_db\/\"]}]},{\"@type\":\"ImageObject\",\"inLanguage\":\"en\",\"@id\":\"https:\/\/www.imobiliare.ro\/imoexpert\/cererea-si-oferta-in-perioada-post-pandemica-provocari-noi-pe-segmentul-office_db\/#primaryimage\",\"url\":\"https:\/\/www.imobiliare.ro\/imoexpert\/wp-content\/uploads\/2021\/08\/Quest-offices-Delea-Veche-poza-2jpg.jpg\",\"contentUrl\":\"https:\/\/www.imobiliare.ro\/imoexpert\/wp-content\/uploads\/2021\/08\/Quest-offices-Delea-Veche-poza-2jpg.jpg\",\"width\":1280,\"height\":720},{\"@type\":\"BreadcrumbList\",\"@id\":\"https:\/\/www.imobiliare.ro\/imoexpert\/cererea-si-oferta-in-perioada-post-pandemica-provocari-noi-pe-segmentul-office_db\/#breadcrumb\",\"itemListElement\":[{\"@type\":\"ListItem\",\"position\":1,\"name\":\"Imoradar24\",\"item\":\"https:\/\/www.imoradar24.ro\"},{\"@type\":\"ListItem\",\"position\":2,\"name\":\"ImoExpert\",\"item\":\"https:\/\/www.imobiliare.ro\/imoexpert\/\"},{\"@type\":\"ListItem\",\"position\":3,\"name\":\"Parteneri\",\"item\":\"https:\/\/www.imobiliare.ro\/imoexpert\/parteneri\/\"},{\"@type\":\"ListItem\",\"position\":4,\"name\":\"Cererea \u0219i oferta \u00een perioada post pandemic\u0103. Provoc\u0103ri noi pe segmentul office\"}]},{\"@type\":\"WebSite\",\"@id\":\"https:\/\/www.imobiliare.ro\/imoexpert\/#website\",\"url\":\"https:\/\/www.imobiliare.ro\/imoexpert\/\",\"name\":\"ImoExpert\",\"description\":\"cele mai importante \u015ftiri din domeniul imobiliar\",\"publisher\":{\"@id\":\"https:\/\/www.imobiliare.ro\/imoexpert\/#organization\"},\"inLanguage\":\"en\"},{\"@type\":\"Organization\",\"@id\":\"https:\/\/www.imobiliare.ro\/imoexpert\/#organization\",\"name\":\"Imobiliare.ro\",\"alternateName\":\"Realmedia Network SA\",\"url\":\"https:\/\/www.imobiliare.ro\/imoexpert\/\",\"logo\":{\"@type\":\"ImageObject\",\"inLanguage\":\"en\",\"@id\":\"https:\/\/www.imobiliare.ro\/imoexpert\/#\/schema\/logo\/image\/\",\"url\":\"https:\/\/www.imobiliare.ro\/imoexpert\/wp-content\/uploads\/2025\/05\/imobiliare_logo.png\",\"contentUrl\":\"https:\/\/www.imobiliare.ro\/imoexpert\/wp-content\/uploads\/2025\/05\/imobiliare_logo.png\",\"width\":237,\"height\":29,\"caption\":\"Imobiliare.ro\"},\"image\":{\"@id\":\"https:\/\/www.imobiliare.ro\/imoexpert\/#\/schema\/logo\/image\/\"}},{\"@type\":\"Person\",\"@id\":\"https:\/\/www.imobiliare.ro\/imoexpert\/#\/schema\/person\/05beb62efa22e8e5445349a3eb6c5247\",\"name\":\"Corina Sfia\",\"image\":{\"@type\":\"ImageObject\",\"inLanguage\":\"en\",\"@id\":\"https:\/\/www.imobiliare.ro\/imoexpert\/#\/schema\/person\/image\/\",\"url\":\"https:\/\/www.imobiliare.ro\/imoexpert\/wp-content\/uploads\/2025\/10\/corina-sfia-96x96.jpeg\",\"contentUrl\":\"https:\/\/www.imobiliare.ro\/imoexpert\/wp-content\/uploads\/2025\/10\/corina-sfia-96x96.jpeg\",\"caption\":\"Corina Sfia\"},\"description\":\"Corina Sfia are peste 18 ani de experien\u021b\u0103 \u00een televiziune, presa scris\u0103, audio-vizual, comunicare \u0219i content marketing. A activat \u00een presa de televiziune, la Digi24, precum \u0219i \u00een presa scris\u0103, iar \u00een prezent ocup\u0103 func\u021bia de Video Content Manager la Imobiliare.ro. Este implicat\u0103 \u00een realizarea unor produc\u021bii video, printre care Talks by Imobiliare.ro, Insights sau\u00a0Fail Imobiliar, \u0219i contribuie la realizarea unor interviuri speciale \u00een parteneriat cu Libertatea. Totodat\u0103, modereaz\u0103 \u0219i g\u0103zduie\u0219te evenimente dedicate industriei imobiliare.\",\"sameAs\":[\"http:\/\/www.sfia.ro\",\"https:\/\/ro.linkedin.com\/in\/corina-sfia-63794a216\"],\"jobTitle\":\"Video Content Manager\",\"award\":\"Cinematic Excellence Award, Imobiliare.ro, 2024\",\"url\":\"https:\/\/www.imobiliare.ro\/imoexpert\/author\/corina-sfia\/\"}]}<\/script>\n<!-- \/ Yoast SEO Premium plugin. -->","yoast_head_json":{"title":"Cererea \u0219i oferta \u00een perioada post pandemic\u0103. Provoc\u0103ri noi pe segmentul office - \u0218tiri, Video - ImoExpert","description":"Pandemia a adus schimb\u0103ri majore \u00een ceea ce prive\u0219te cererea \u0219i oferta pe pia\u021ba de birouri. Anul trecut, \u00een v\u00e2rful pandemiei, se estimeaz\u0103 c\u0103 mai mult de","robots":{"index":"index","follow":"follow"},"canonical":"https:\/\/www.imobiliare.ro\/imoexpert\/cererea-si-oferta-in-perioada-post-pandemica-provocari-noi-pe-segmentul-office_db\/","og_locale":"ro_RO","og_type":"article","og_title":"Cererea \u0219i oferta \u00een perioada post pandemic\u0103. Provoc\u0103ri noi pe segmentul office","og_description":"Pandemia a adus schimb\u0103ri majore \u00een ceea ce prive\u0219te cererea \u0219i oferta pe pia\u021ba de birouri. Anul trecut, \u00een v\u00e2rful pandemiei, se estimeaz\u0103 c\u0103 mai mult de","og_url":"https:\/\/www.imobiliare.ro\/imoexpert\/cererea-si-oferta-in-perioada-post-pandemica-provocari-noi-pe-segmentul-office_db\/","og_site_name":"ImoExpert","article_published_time":"2021-08-10T14:28:31+00:00","og_image":[{"width":1280,"height":720,"url":"https:\/\/www.imobiliare.ro\/imoexpert\/wp-content\/uploads\/2021\/08\/Quest-offices-Delea-Veche-poza-2jpg.jpg","type":"image\/jpeg"}],"author":"Corina Sfia","twitter_card":"summary_large_image","twitter_misc":{"Written by":"Corina Sfia","Est. reading time":"5 minute"},"schema":{"@context":"https:\/\/schema.org","@graph":[{"@type":"Article","@id":"https:\/\/www.imobiliare.ro\/imoexpert\/cererea-si-oferta-in-perioada-post-pandemica-provocari-noi-pe-segmentul-office_db\/#article","isPartOf":{"@id":"https:\/\/www.imobiliare.ro\/imoexpert\/cererea-si-oferta-in-perioada-post-pandemica-provocari-noi-pe-segmentul-office_db\/"},"author":{"name":"Corina Sfia","@id":"https:\/\/www.imobiliare.ro\/imoexpert\/#\/schema\/person\/05beb62efa22e8e5445349a3eb6c5247"},"headline":"Cererea \u0219i oferta \u00een perioada post pandemic\u0103. Provoc\u0103ri noi pe segmentul office","datePublished":"2021-08-10T14:28:31+00:00","mainEntityOfPage":{"@id":"https:\/\/www.imobiliare.ro\/imoexpert\/cererea-si-oferta-in-perioada-post-pandemica-provocari-noi-pe-segmentul-office_db\/"},"wordCount":880,"commentCount":0,"publisher":{"@id":"https:\/\/www.imobiliare.ro\/imoexpert\/#organization"},"image":{"@id":"https:\/\/www.imobiliare.ro\/imoexpert\/cererea-si-oferta-in-perioada-post-pandemica-provocari-noi-pe-segmentul-office_db\/#primaryimage"},"thumbnailUrl":"https:\/\/www.imobiliare.ro\/imoexpert\/wp-content\/uploads\/2021\/08\/Quest-offices-Delea-Veche-poza-2jpg.jpg","articleSection":["\u0218tiri","Video"],"inLanguage":"en","potentialAction":[{"@type":"CommentAction","name":"Comment","target":["https:\/\/www.imobiliare.ro\/imoexpert\/cererea-si-oferta-in-perioada-post-pandemica-provocari-noi-pe-segmentul-office_db\/#respond"]}],"copyrightYear":"2021","copyrightHolder":{"@id":"https:\/\/www.imobiliare.ro\/imoexpert\/#organization"}},{"@type":"WebPage","@id":"https:\/\/www.imobiliare.ro\/imoexpert\/cererea-si-oferta-in-perioada-post-pandemica-provocari-noi-pe-segmentul-office_db\/","url":"https:\/\/www.imobiliare.ro\/imoexpert\/cererea-si-oferta-in-perioada-post-pandemica-provocari-noi-pe-segmentul-office_db\/","name":"Cererea \u0219i oferta \u00een perioada post pandemic\u0103. Provoc\u0103ri noi pe segmentul office - \u0218tiri, Video - ImoExpert","isPartOf":{"@id":"https:\/\/www.imobiliare.ro\/imoexpert\/#website"},"primaryImageOfPage":{"@id":"https:\/\/www.imobiliare.ro\/imoexpert\/cererea-si-oferta-in-perioada-post-pandemica-provocari-noi-pe-segmentul-office_db\/#primaryimage"},"image":{"@id":"https:\/\/www.imobiliare.ro\/imoexpert\/cererea-si-oferta-in-perioada-post-pandemica-provocari-noi-pe-segmentul-office_db\/#primaryimage"},"thumbnailUrl":"https:\/\/www.imobiliare.ro\/imoexpert\/wp-content\/uploads\/2021\/08\/Quest-offices-Delea-Veche-poza-2jpg.jpg","datePublished":"2021-08-10T14:28:31+00:00","description":"Pandemia a adus schimb\u0103ri majore \u00een ceea ce prive\u0219te cererea \u0219i oferta pe pia\u021ba de birouri. Anul trecut, \u00een v\u00e2rful pandemiei, se estimeaz\u0103 c\u0103 mai mult de","breadcrumb":{"@id":"https:\/\/www.imobiliare.ro\/imoexpert\/cererea-si-oferta-in-perioada-post-pandemica-provocari-noi-pe-segmentul-office_db\/#breadcrumb"},"inLanguage":"en","potentialAction":[{"@type":"ReadAction","target":["https:\/\/www.imobiliare.ro\/imoexpert\/cererea-si-oferta-in-perioada-post-pandemica-provocari-noi-pe-segmentul-office_db\/"]}]},{"@type":"ImageObject","inLanguage":"en","@id":"https:\/\/www.imobiliare.ro\/imoexpert\/cererea-si-oferta-in-perioada-post-pandemica-provocari-noi-pe-segmentul-office_db\/#primaryimage","url":"https:\/\/www.imobiliare.ro\/imoexpert\/wp-content\/uploads\/2021\/08\/Quest-offices-Delea-Veche-poza-2jpg.jpg","contentUrl":"https:\/\/www.imobiliare.ro\/imoexpert\/wp-content\/uploads\/2021\/08\/Quest-offices-Delea-Veche-poza-2jpg.jpg","width":1280,"height":720},{"@type":"BreadcrumbList","@id":"https:\/\/www.imobiliare.ro\/imoexpert\/cererea-si-oferta-in-perioada-post-pandemica-provocari-noi-pe-segmentul-office_db\/#breadcrumb","itemListElement":[{"@type":"ListItem","position":1,"name":"Imoradar24","item":"https:\/\/www.imoradar24.ro"},{"@type":"ListItem","position":2,"name":"ImoExpert","item":"https:\/\/www.imobiliare.ro\/imoexpert\/"},{"@type":"ListItem","position":3,"name":"Parteneri","item":"https:\/\/www.imobiliare.ro\/imoexpert\/parteneri\/"},{"@type":"ListItem","position":4,"name":"Cererea \u0219i oferta \u00een perioada post pandemic\u0103. Provoc\u0103ri noi pe segmentul office"}]},{"@type":"WebSite","@id":"https:\/\/www.imobiliare.ro\/imoexpert\/#website","url":"https:\/\/www.imobiliare.ro\/imoexpert\/","name":"ImoExpert","description":"cele mai importante \u015ftiri din domeniul imobiliar","publisher":{"@id":"https:\/\/www.imobiliare.ro\/imoexpert\/#organization"},"inLanguage":"en"},{"@type":"Organization","@id":"https:\/\/www.imobiliare.ro\/imoexpert\/#organization","name":"Imobiliare.ro","alternateName":"Realmedia Network SA","url":"https:\/\/www.imobiliare.ro\/imoexpert\/","logo":{"@type":"ImageObject","inLanguage":"en","@id":"https:\/\/www.imobiliare.ro\/imoexpert\/#\/schema\/logo\/image\/","url":"https:\/\/www.imobiliare.ro\/imoexpert\/wp-content\/uploads\/2025\/05\/imobiliare_logo.png","contentUrl":"https:\/\/www.imobiliare.ro\/imoexpert\/wp-content\/uploads\/2025\/05\/imobiliare_logo.png","width":237,"height":29,"caption":"Imobiliare.ro"},"image":{"@id":"https:\/\/www.imobiliare.ro\/imoexpert\/#\/schema\/logo\/image\/"}},{"@type":"Person","@id":"https:\/\/www.imobiliare.ro\/imoexpert\/#\/schema\/person\/05beb62efa22e8e5445349a3eb6c5247","name":"Corina Sfia","image":{"@type":"ImageObject","inLanguage":"en","@id":"https:\/\/www.imobiliare.ro\/imoexpert\/#\/schema\/person\/image\/","url":"https:\/\/www.imobiliare.ro\/imoexpert\/wp-content\/uploads\/2025\/10\/corina-sfia-96x96.jpeg","contentUrl":"https:\/\/www.imobiliare.ro\/imoexpert\/wp-content\/uploads\/2025\/10\/corina-sfia-96x96.jpeg","caption":"Corina Sfia"},"description":"Corina Sfia are peste 18 ani de experien\u021b\u0103 \u00een televiziune, presa scris\u0103, audio-vizual, comunicare \u0219i content marketing. A activat \u00een presa de televiziune, la Digi24, precum \u0219i \u00een presa scris\u0103, iar \u00een prezent ocup\u0103 func\u021bia de Video Content Manager la Imobiliare.ro. Este implicat\u0103 \u00een realizarea unor produc\u021bii video, printre care Talks by Imobiliare.ro, Insights sau\u00a0Fail Imobiliar, \u0219i contribuie la realizarea unor interviuri speciale \u00een parteneriat cu Libertatea. Totodat\u0103, modereaz\u0103 \u0219i g\u0103zduie\u0219te evenimente dedicate industriei imobiliare.","sameAs":["http:\/\/www.sfia.ro","https:\/\/ro.linkedin.com\/in\/corina-sfia-63794a216"],"jobTitle":"Video Content Manager","award":"Cinematic Excellence Award, Imobiliare.ro, 2024","url":"https:\/\/www.imobiliare.ro\/imoexpert\/author\/corina-sfia\/"}]}},"_links":{"self":[{"href":"https:\/\/www.imobiliare.ro\/imoexpert\/wp-json\/wp\/v2\/posts\/62978","targetHints":{"allow":["GET"]}}],"collection":[{"href":"https:\/\/www.imobiliare.ro\/imoexpert\/wp-json\/wp\/v2\/posts"}],"about":[{"href":"https:\/\/www.imobiliare.ro\/imoexpert\/wp-json\/wp\/v2\/types\/post"}],"author":[{"embeddable":true,"href":"https:\/\/www.imobiliare.ro\/imoexpert\/wp-json\/wp\/v2\/users\/853852"}],"replies":[{"embeddable":true,"href":"https:\/\/www.imobiliare.ro\/imoexpert\/wp-json\/wp\/v2\/comments?post=62978"}],"version-history":[{"count":0,"href":"https:\/\/www.imobiliare.ro\/imoexpert\/wp-json\/wp\/v2\/posts\/62978\/revisions"}],"wp:featuredmedia":[{"embeddable":true,"href":"https:\/\/www.imobiliare.ro\/imoexpert\/wp-json\/wp\/v2\/media\/62979"}],"wp:attachment":[{"href":"https:\/\/www.imobiliare.ro\/imoexpert\/wp-json\/wp\/v2\/media?parent=62978"}],"wp:term":[{"taxonomy":"category","embeddable":true,"href":"https:\/\/www.imobiliare.ro\/imoexpert\/wp-json\/wp\/v2\/categories?post=62978"},{"taxonomy":"post_tag","embeddable":true,"href":"https:\/\/www.imobiliare.ro\/imoexpert\/wp-json\/wp\/v2\/tags?post=62978"},{"taxonomy":"content_author","embeddable":true,"href":"https:\/\/www.imobiliare.ro\/imoexpert\/wp-json\/wp\/v2\/content_author?post=62978"}],"curies":[{"name":"wp","href":"https:\/\/api.w.org\/{rel}","templated":true}]}}