{"id":63079,"date":"2021-08-19T18:02:48","date_gmt":"2021-08-19T15:02:48","guid":{"rendered":"https:\/\/www.imobiliare.ro\/imoexpert\/?p=63079"},"modified":"2021-08-19T18:02:48","modified_gmt":"2021-08-19T15:02:48","slug":"volumul-de-spatii-logistice-si-industriale-inchiriate-s-a-majorat-cu-o-cincime-in-s1-2021-majoritatea-dezvoltatorilor-sunt-activi-avand-proiecte-in-derulare","status":"publish","type":"post","link":"https:\/\/www.imobiliare.ro\/imoexpert\/volumul-de-spatii-logistice-si-industriale-inchiriate-s-a-majorat-cu-o-cincime-in-s1-2021-majoritatea-dezvoltatorilor-sunt-activi-avand-proiecte-in-derulare_db\/","title":{"rendered":"Volumul de spa\u021bii logistice \u0219i industriale \u00eenchiriate s-a majorat cu o cincime \u00een S1 2021. \u201eMajoritatea dezvoltatorilor sunt activi, av\u00e2nd proiecte \u00een derulare\u201d"},"content":{"rendered":"<figure id=\"attachment_63080\" aria-describedby=\"caption-attachment-63080\" style=\"width: 800px\" class=\"wp-caption aligncenter\"><a class=\"article-body-links\"href=\"https:\/\/www.imobiliare.ro\/imoexpert\/wp-content\/uploads\/2021\/08\/Volumul-de-spatii-logistice-si-industriale-inchiriate-s-a-majorat-cu-o-cincime-in-S1-2021.jpg\"><img loading=\"lazy\" decoding=\"async\" src=\"https:\/\/www.imobiliare.ro\/imoexpert\/wp-content\/uploads\/2021\/08\/Volumul-de-spatii-logistice-si-industriale-inchiriate-s-a-majorat-cu-o-cincime-in-S1-2021.jpg\" alt=\"\" width=\"800\" height=\"532\" class=\"size-full wp-image-63080\" srcset=\"https:\/\/www.imobiliare.ro\/imoexpert\/wp-content\/uploads\/2021\/08\/Volumul-de-spatii-logistice-si-industriale-inchiriate-s-a-majorat-cu-o-cincime-in-S1-2021.jpg 800w, https:\/\/www.imobiliare.ro\/imoexpert\/wp-content\/uploads\/2021\/08\/Volumul-de-spatii-logistice-si-industriale-inchiriate-s-a-majorat-cu-o-cincime-in-S1-2021-300x200.jpg 300w, https:\/\/www.imobiliare.ro\/imoexpert\/wp-content\/uploads\/2021\/08\/Volumul-de-spatii-logistice-si-industriale-inchiriate-s-a-majorat-cu-o-cincime-in-S1-2021-768x511.jpg 768w\" sizes=\"auto, (max-width: 800px) 100vw, 800px\" \/><\/a><figcaption id=\"caption-attachment-63080\" class=\"wp-caption-text\">Surs\u0103 foto: Pixabay.com<\/figcaption><\/figure>\n<div id=\"ez-toc-container\" class=\"ez-toc-v2_0_81 counter-hierarchy ez-toc-counter ez-toc-grey ez-toc-container-direction\">\n<p class=\"ez-toc-title\" style=\"cursor:inherit\">Table of Contents<\/p>\n<label for=\"ez-toc-cssicon-toggle-item-69f5193051822\" class=\"ez-toc-cssicon-toggle-label\"><span class=\"ez-toc-cssicon\"><span class=\"eztoc-hide\" style=\"display:none;\">Toggle<\/span><span class=\"ez-toc-icon-toggle-span\"><svg style=\"fill: #999;color:#999\" xmlns=\"http:\/\/www.w3.org\/2000\/svg\" class=\"list-377408\" width=\"20px\" height=\"20px\" viewBox=\"0 0 24 24\" fill=\"none\"><path d=\"M6 6H4v2h2V6zm14 0H8v2h12V6zM4 11h2v2H4v-2zm16 0H8v2h12v-2zM4 16h2v2H4v-2zm16 0H8v2h12v-2z\" fill=\"currentColor\"><\/path><\/svg><svg style=\"fill: #999;color:#999\" class=\"arrow-unsorted-368013\" xmlns=\"http:\/\/www.w3.org\/2000\/svg\" width=\"10px\" height=\"10px\" viewBox=\"0 0 24 24\" version=\"1.2\" baseProfile=\"tiny\"><path d=\"M18.2 9.3l-6.2-6.3-6.2 6.3c-.2.2-.3.4-.3.7s.1.5.3.7c.2.2.4.3.7.3h11c.3 0 .5-.1.7-.3.2-.2.3-.5.3-.7s-.1-.5-.3-.7zM5.8 14.7l6.2 6.3 6.2-6.3c.2-.2.3-.5.3-.7s-.1-.5-.3-.7c-.2-.2-.4-.3-.7-.3h-11c-.3 0-.5.1-.7.3-.2.2-.3.5-.3.7s.1.5.3.7z\"\/><\/svg><\/span><\/span><\/label><input type=\"checkbox\"  id=\"ez-toc-cssicon-toggle-item-69f5193051822\"  aria-label=\"Toggle\" \/><nav><ul class='ez-toc-list ez-toc-list-level-1 ' ><li class='ez-toc-page-1 ez-toc-heading-level-2'><a class=\"ez-toc-link ez-toc-heading-1\" href=\"https:\/\/www.imobiliare.ro\/imoexpert\/volumul-de-spatii-logistice-si-industriale-inchiriate-s-a-majorat-cu-o-cincime-in-s1-2021-majoritatea-dezvoltatorilor-sunt-activi-avand-proiecte-in-derulare_db\/#Atat_din_punctul_de_vedere_al_tranzactiilor_de_inchiriere_cat_si_din_cel_al_livrarilor_Bucurestiul_detine_o_cota_de_peste_50_din_piata_de_profil\" >At\u00e2t din punctul de vedere al tranzac\u021biilor de \u00eenchiriere, c\u00e2t \u0219i din cel al livr\u0103rilor, Bucure\u0219tiul de\u021bine o cot\u0103 de peste 50% din pia\u021ba de profil.<\/a><\/li><li class='ez-toc-page-1 ez-toc-heading-level-2'><a class=\"ez-toc-link ez-toc-heading-2\" href=\"https:\/\/www.imobiliare.ro\/imoexpert\/volumul-de-spatii-logistice-si-industriale-inchiriate-s-a-majorat-cu-o-cincime-in-s1-2021-majoritatea-dezvoltatorilor-sunt-activi-avand-proiecte-in-derulare_db\/#Livrarile_de_spatii_noi_au_prins_viteza_in_T2\" >Livr\u0103rile de spa\u021bii noi au prins vitez\u0103 \u00een T2<\/a><\/li><\/ul><\/nav><\/div>\n<h2><span class=\"ez-toc-section\" id=\"Atat_din_punctul_de_vedere_al_tranzactiilor_de_inchiriere_cat_si_din_cel_al_livrarilor_Bucurestiul_detine_o_cota_de_peste_50_din_piata_de_profil\"><\/span>At\u00e2t din punctul de vedere al tranzac\u021biilor de \u00eenchiriere, c\u00e2t \u0219i din cel al livr\u0103rilor, Bucure\u0219tiul de\u021bine o cot\u0103 de peste 50% din pia\u021ba de profil. <span class=\"ez-toc-section-end\"><\/span><\/h2>\n<p>\u00cen prima jum\u0103tate a anului \u00een curs au fost \u00eenchiriate spa\u021bii logistice \u0219i industriale cu o suprafa\u021b\u0103 cumulat\u0103 de 360.000 de metri p\u0103tra\u021bi, ceea ce reprezint\u0103 o cre\u0219tere de 21% fa\u021b\u0103 de perioada similar\u0103 a anului precedent, relev\u0103 datele companiei de consultan\u021b\u0103 imobiliar\u0103 Cushman &#038; Wakefield Echinox. Dup\u0103 un volum de 200.000 de metri p\u0103tra\u021bi tranzac\u021bionat \u00een primele trei luni ale anului, \u00een cel de-al doilea trimestru dezvoltatorii au mai parafat tranzac\u021bii pentru spa\u021bii cu o suprafa\u021b\u0103 de 160.000 metri p\u0103tra\u0163i.<\/p>\n<p>La jum\u0103tatea anului, re\u00eennoirile de contracte au reprezentat 16% din volumul tranzac\u021bionat, astfel c\u0103 cererea a fost determinat\u0103 \u00een primul r\u00e2nd de contracte noi \u0219i de proiecte de relocare. Bucure\u0219tiul a atras aproape 63% din totalul spa\u021biilor \u00eenchiriate, o activitate important\u0103 fiind observat\u0103 \u0219i \u00een Sibiu (7% din volumul tranzac\u021bionat), Timi\u0219oara \u0219i Pite\u0219ti (c\u00e2te 6%). Dintre cele mai importante tranzac\u021bii ale celui de-al doilea trimestru pot fi men\u021bionate acordul pentru re\u00eennoirea \u0219i extinderea depozitului Altex din cadrul proiectului P3 Bucharest A1 sau \u00eenchirierea de c\u0103tre A&#038;D Pharma a unui depozit de 9.000 de metri p\u0103tra\u021bi, \u00een cadrul CTPark Sibiu.<\/p>\n<p><strong>Cite\u0219te \u0219i:<br \/>\n<a class=\"article-body-links\"href=\"https:\/\/www.imobiliare.ro\/imoexpert\/crestere-accelerata-pe-piata-de-spatii-logistice-si-industriale-in-2020_db\/\">Cre\u0219tere accelerat\u0103 pe pia\u021ba de spa\u021bii logistice \u0219i industriale \u00een 2020<\/a><\/strong><\/p>\n<h2><span class=\"ez-toc-section\" id=\"Livrarile_de_spatii_noi_au_prins_viteza_in_T2\"><\/span>Livr\u0103rile de spa\u021bii noi au prins vitez\u0103 \u00een T2<span class=\"ez-toc-section-end\"><\/span><\/h2>\n<p>Reprezentan\u021bii companiei noteaz\u0103 c\u0103, dup\u0103 un prim trimestru destul de modest din ounctul de vedere al livr\u0103rilor de spa\u021bii noi, cu doar 30.000 de metri p\u0103tra\u021bi da\u021bi \u00een folosin\u021b\u0103, dezvoltatorii au accelerat ritmul construc\u021biilor, astfel c\u0103 \u00een cel de-al doilea trimestru au predat o suprafa\u021b\u0103 cumulat\u0103 de 177.400 de metri p\u0103tra\u021bi. Cele mai importante livr\u0103ri au fost reprezentate de un imobil de 70.000 de metri p\u0103tra\u021bi din cadrul CTPark Bucharest West, al\u0103turi de centrul de distribu\u021bie de 58.000 de metri p\u0103tra\u021bi livrat de WDP pentru Profi la Craiova \u0219i de ultima cl\u0103dire a proiectului VGP Park din Timi\u0219oara (30.400 de metri p\u0103tra\u021bi).<\/p>\n<blockquote><p>\u201ePia\u021ba logistic\u0103 \u0219i industrial\u0103 \u0219i-a continuat evolu\u021bia \u0219i \u00een prima parte a acestui an, observ\u00e2nd un echilibru bun \u00eentre cerere \u0219i ofert\u0103 at\u00e2t \u00een Bucure\u0219ti, c\u00e2t \u0219i \u00een ora\u0219ele reprezentative. Majoritatea dezvoltatorilor sunt activi, av\u00e2nd proiecte \u00een derulare, iar companiile provenind preponderent din retail online, distribu\u021bie \u0219i logistic\u0103 \u00ee\u0219i consolideaz\u0103 volumele, \u00eentr-un context economic \u00een care popula\u021bia \u00ee\u0219i men\u021bine apetitul pentru consum la un nivel ridicat.\u201d<\/p>\n<p><strong>Rodica T\u00e2rcavu, Partner, Industrial Agency, Cushman &#038; Wakefield Echinox<\/strong><\/p><\/blockquote>\n<p>&nbsp;<\/p>\n<p><strong>Cite\u0219te \u0219i:<br \/>\n<a class=\"article-body-links\"href=\"https:\/\/www.imobiliare.ro\/imoexpert\/achizitii-de-active-imobiliare-in-valoare-de-300-de-milioane-de-euro-in-s1-2021-romania-continua-sa-ofere-printre-cele-mai-atractive-randamente-din-regiune_db\/\">Achizi\u021bii de active imobiliare \u00een valoare de 300 de milioane de euro \u00een S1 2021. \u201eRom\u00e2nia continu\u0103 s\u0103 ofere printre cele mai atractive randamente din regiune\u201d<\/a><\/strong><\/p>\n<p>Potrivit calculelor Cushman &#038; Wakefield Echinox, dezvoltatorii activi pe acest segment de pia\u021b\u0103 au \u00een construc\u021bie spa\u021bii noi cu o suprafa\u021b\u0103 cumulat\u0103 de peste 630.000 de metri p\u0103tra\u021bi \u00een momentul de fa\u021b\u0103. \u201eBucure\u0219tiul r\u0103m\u00e2ne cea mai activ\u0103 pia\u021b\u0103, cu proiecte de peste 400.000 de metri p\u0103tra\u021bi \u00een construc\u021bie, astfel c\u0103 stocul modern de spa\u021bii logistice din jurul Capitalei se apropie de pragul de trei milioane de metri p\u0103tra\u021bi. Dezvoltatorii sunt de asemenea activi \u00een Constan\u021ba, Cluj, Timi\u0219oara, Pite\u0219ti sau Arad, astfel c\u0103 pia\u021ba spa\u021biilor logistice \u00ee\u0219i continu\u0103 dezvoltarea dintr-un col\u021b \u00een altul al \u021b\u0103rii, \u00een special de-a lungul coridorului IV paneuropean\u201d, noteaz\u0103 reprezentan\u021bii companiei. <\/p>\n","protected":false},"excerpt":{"rendered":"<p>At\u00e2t din punctul de vedere al tranzac\u021biilor de \u00eenchiriere, c\u00e2t \u0219i din cel al livr\u0103rilor, Bucure\u0219tiul de\u021bine o cot\u0103 de peste 50% din pia\u021ba de profil. \u00cen prima jum\u0103tate a anului \u00een curs au fost \u00eenchiriate spa\u021bii logistice \u0219i industriale cu o suprafa\u021b\u0103 cumulat\u0103 de 360.000 de metri p\u0103tra\u021bi, ceea ce reprezint\u0103 o cre\u0219tere de [&hellip;]<\/p>\n","protected":false},"author":829,"featured_media":63080,"comment_status":"open","ping_status":"open","sticky":false,"template":"","format":"standard","meta":{"footnotes":""},"categories":[259],"tags":[1955,598,446],"content_author":[],"class_list":["post-63079","post","type-post","status-publish","format-standard","has-post-thumbnail","hentry","category-stiri","tag-cushman-wakefield-echinox","tag-spatii-industriale","tag-spatii-logistice"],"yoast_head":"<!-- This site is optimized with the Yoast SEO Premium plugin v27.0 (Yoast SEO v27.0) - https:\/\/yoast.com\/product\/yoast-seo-premium-wordpress\/ -->\n<title>Volumul de spa\u021bii logistice \u0219i industriale \u00eenchiriate s-a majorat cu o cincime \u00een S1 2021. \u201eMajoritatea dezvoltatorilor sunt activi, av\u00e2nd proiecte \u00een derulare\u201d - \u0218tiri - ImoExpert<\/title>\n<meta name=\"description\" content=\"At\u00e2t din punctul de vedere al tranzac\u021biilor de \u00eenchiriere, c\u00e2t \u0219i din cel al livr\u0103rilor, Bucure\u0219tiul de\u021bine o cot\u0103 de peste 50% din pia\u021ba de profil. \u00cen\" \/>\n<meta name=\"robots\" content=\"index, follow\" \/>\n<link rel=\"canonical\" href=\"https:\/\/www.imobiliare.ro\/imoexpert\/volumul-de-spatii-logistice-si-industriale-inchiriate-s-a-majorat-cu-o-cincime-in-s1-2021-majoritatea-dezvoltatorilor-sunt-activi-avand-proiecte-in-derulare_db\/\" \/>\n<meta property=\"og:locale\" content=\"ro_RO\" \/>\n<meta property=\"og:type\" content=\"article\" \/>\n<meta property=\"og:title\" content=\"Volumul de spa\u021bii logistice \u0219i industriale \u00eenchiriate s-a majorat cu o cincime \u00een S1 2021. \u201eMajoritatea dezvoltatorilor sunt activi, av\u00e2nd proiecte \u00een derulare\u201d\" \/>\n<meta property=\"og:description\" content=\"At\u00e2t din punctul de vedere al tranzac\u021biilor de \u00eenchiriere, c\u00e2t \u0219i din cel al livr\u0103rilor, Bucure\u0219tiul de\u021bine o cot\u0103 de peste 50% din pia\u021ba de profil. \u00cen\" \/>\n<meta property=\"og:url\" content=\"https:\/\/www.imobiliare.ro\/imoexpert\/volumul-de-spatii-logistice-si-industriale-inchiriate-s-a-majorat-cu-o-cincime-in-s1-2021-majoritatea-dezvoltatorilor-sunt-activi-avand-proiecte-in-derulare_db\/\" \/>\n<meta property=\"og:site_name\" content=\"ImoExpert\" \/>\n<meta property=\"article:published_time\" content=\"2021-08-19T15:02:48+00:00\" \/>\n<meta property=\"og:image\" content=\"https:\/\/www.imobiliare.ro\/imoexpert\/wp-content\/uploads\/2021\/08\/Volumul-de-spatii-logistice-si-industriale-inchiriate-s-a-majorat-cu-o-cincime-in-S1-2021.jpg\" \/>\n\t<meta property=\"og:image:width\" content=\"800\" \/>\n\t<meta property=\"og:image:height\" content=\"532\" \/>\n\t<meta property=\"og:image:type\" content=\"image\/jpeg\" \/>\n<meta name=\"author\" content=\"Adriana Dr\u0103gu\u0219in\" \/>\n<meta name=\"twitter:card\" content=\"summary_large_image\" \/>\n<meta name=\"twitter:label1\" content=\"Written by\" \/>\n\t<meta name=\"twitter:data1\" content=\"Adriana Dr\u0103gu\u0219in\" \/>\n\t<meta name=\"twitter:label2\" content=\"Est. reading time\" \/>\n\t<meta name=\"twitter:data2\" content=\"3 minute\" \/>\n<script type=\"application\/ld+json\" class=\"yoast-schema-graph\">{\"@context\":\"https:\/\/schema.org\",\"@graph\":[{\"@type\":\"Article\",\"@id\":\"https:\/\/www.imobiliare.ro\/imoexpert\/volumul-de-spatii-logistice-si-industriale-inchiriate-s-a-majorat-cu-o-cincime-in-s1-2021-majoritatea-dezvoltatorilor-sunt-activi-avand-proiecte-in-derulare_db\/#article\",\"isPartOf\":{\"@id\":\"https:\/\/www.imobiliare.ro\/imoexpert\/volumul-de-spatii-logistice-si-industriale-inchiriate-s-a-majorat-cu-o-cincime-in-s1-2021-majoritatea-dezvoltatorilor-sunt-activi-avand-proiecte-in-derulare_db\/\"},\"author\":{\"name\":\"Adriana Dr\u0103gu\u0219in\",\"@id\":\"https:\/\/www.imobiliare.ro\/imoexpert\/#\/schema\/person\/8c13b0297075010b896471fabf0d7790\"},\"headline\":\"Volumul de spa\u021bii logistice \u0219i industriale \u00eenchiriate s-a majorat cu o cincime \u00een S1 2021. \u201eMajoritatea dezvoltatorilor sunt activi, av\u00e2nd proiecte \u00een derulare\u201d\",\"datePublished\":\"2021-08-19T15:02:48+00:00\",\"mainEntityOfPage\":{\"@id\":\"https:\/\/www.imobiliare.ro\/imoexpert\/volumul-de-spatii-logistice-si-industriale-inchiriate-s-a-majorat-cu-o-cincime-in-s1-2021-majoritatea-dezvoltatorilor-sunt-activi-avand-proiecte-in-derulare_db\/\"},\"wordCount\":646,\"commentCount\":0,\"publisher\":{\"@id\":\"https:\/\/www.imobiliare.ro\/imoexpert\/#organization\"},\"image\":{\"@id\":\"https:\/\/www.imobiliare.ro\/imoexpert\/volumul-de-spatii-logistice-si-industriale-inchiriate-s-a-majorat-cu-o-cincime-in-s1-2021-majoritatea-dezvoltatorilor-sunt-activi-avand-proiecte-in-derulare_db\/#primaryimage\"},\"thumbnailUrl\":\"https:\/\/www.imobiliare.ro\/imoexpert\/wp-content\/uploads\/2021\/08\/Volumul-de-spatii-logistice-si-industriale-inchiriate-s-a-majorat-cu-o-cincime-in-S1-2021.jpg\",\"keywords\":[\"Cushman Wakefield Echinox\",\"spatii industriale\",\"spatii logistice\"],\"articleSection\":[\"\u0218tiri\"],\"inLanguage\":\"en\",\"potentialAction\":[{\"@type\":\"CommentAction\",\"name\":\"Comment\",\"target\":[\"https:\/\/www.imobiliare.ro\/imoexpert\/volumul-de-spatii-logistice-si-industriale-inchiriate-s-a-majorat-cu-o-cincime-in-s1-2021-majoritatea-dezvoltatorilor-sunt-activi-avand-proiecte-in-derulare_db\/#respond\"]}],\"copyrightYear\":\"2021\",\"copyrightHolder\":{\"@id\":\"https:\/\/www.imobiliare.ro\/imoexpert\/#organization\"}},{\"@type\":\"WebPage\",\"@id\":\"https:\/\/www.imobiliare.ro\/imoexpert\/volumul-de-spatii-logistice-si-industriale-inchiriate-s-a-majorat-cu-o-cincime-in-s1-2021-majoritatea-dezvoltatorilor-sunt-activi-avand-proiecte-in-derulare_db\/\",\"url\":\"https:\/\/www.imobiliare.ro\/imoexpert\/volumul-de-spatii-logistice-si-industriale-inchiriate-s-a-majorat-cu-o-cincime-in-s1-2021-majoritatea-dezvoltatorilor-sunt-activi-avand-proiecte-in-derulare_db\/\",\"name\":\"Volumul de spa\u021bii logistice \u0219i industriale \u00eenchiriate s-a majorat cu o cincime \u00een S1 2021. \u201eMajoritatea dezvoltatorilor sunt activi, av\u00e2nd proiecte \u00een derulare\u201d - \u0218tiri - ImoExpert\",\"isPartOf\":{\"@id\":\"https:\/\/www.imobiliare.ro\/imoexpert\/#website\"},\"primaryImageOfPage\":{\"@id\":\"https:\/\/www.imobiliare.ro\/imoexpert\/volumul-de-spatii-logistice-si-industriale-inchiriate-s-a-majorat-cu-o-cincime-in-s1-2021-majoritatea-dezvoltatorilor-sunt-activi-avand-proiecte-in-derulare_db\/#primaryimage\"},\"image\":{\"@id\":\"https:\/\/www.imobiliare.ro\/imoexpert\/volumul-de-spatii-logistice-si-industriale-inchiriate-s-a-majorat-cu-o-cincime-in-s1-2021-majoritatea-dezvoltatorilor-sunt-activi-avand-proiecte-in-derulare_db\/#primaryimage\"},\"thumbnailUrl\":\"https:\/\/www.imobiliare.ro\/imoexpert\/wp-content\/uploads\/2021\/08\/Volumul-de-spatii-logistice-si-industriale-inchiriate-s-a-majorat-cu-o-cincime-in-S1-2021.jpg\",\"datePublished\":\"2021-08-19T15:02:48+00:00\",\"description\":\"At\u00e2t din punctul de vedere al tranzac\u021biilor de \u00eenchiriere, c\u00e2t \u0219i din cel al livr\u0103rilor, Bucure\u0219tiul de\u021bine o cot\u0103 de peste 50% din pia\u021ba de profil. \u00cen\",\"breadcrumb\":{\"@id\":\"https:\/\/www.imobiliare.ro\/imoexpert\/volumul-de-spatii-logistice-si-industriale-inchiriate-s-a-majorat-cu-o-cincime-in-s1-2021-majoritatea-dezvoltatorilor-sunt-activi-avand-proiecte-in-derulare_db\/#breadcrumb\"},\"inLanguage\":\"en\",\"potentialAction\":[{\"@type\":\"ReadAction\",\"target\":[\"https:\/\/www.imobiliare.ro\/imoexpert\/volumul-de-spatii-logistice-si-industriale-inchiriate-s-a-majorat-cu-o-cincime-in-s1-2021-majoritatea-dezvoltatorilor-sunt-activi-avand-proiecte-in-derulare_db\/\"]}]},{\"@type\":\"ImageObject\",\"inLanguage\":\"en\",\"@id\":\"https:\/\/www.imobiliare.ro\/imoexpert\/volumul-de-spatii-logistice-si-industriale-inchiriate-s-a-majorat-cu-o-cincime-in-s1-2021-majoritatea-dezvoltatorilor-sunt-activi-avand-proiecte-in-derulare_db\/#primaryimage\",\"url\":\"https:\/\/www.imobiliare.ro\/imoexpert\/wp-content\/uploads\/2021\/08\/Volumul-de-spatii-logistice-si-industriale-inchiriate-s-a-majorat-cu-o-cincime-in-S1-2021.jpg\",\"contentUrl\":\"https:\/\/www.imobiliare.ro\/imoexpert\/wp-content\/uploads\/2021\/08\/Volumul-de-spatii-logistice-si-industriale-inchiriate-s-a-majorat-cu-o-cincime-in-S1-2021.jpg\",\"width\":800,\"height\":532,\"caption\":\"Surs\u0103 foto: Pixabay.com\"},{\"@type\":\"BreadcrumbList\",\"@id\":\"https:\/\/www.imobiliare.ro\/imoexpert\/volumul-de-spatii-logistice-si-industriale-inchiriate-s-a-majorat-cu-o-cincime-in-s1-2021-majoritatea-dezvoltatorilor-sunt-activi-avand-proiecte-in-derulare_db\/#breadcrumb\",\"itemListElement\":[{\"@type\":\"ListItem\",\"position\":1,\"name\":\"Imoradar24\",\"item\":\"https:\/\/www.imoradar24.ro\"},{\"@type\":\"ListItem\",\"position\":2,\"name\":\"ImoExpert\",\"item\":\"https:\/\/www.imobiliare.ro\/imoexpert\/\"},{\"@type\":\"ListItem\",\"position\":3,\"name\":\"\u0218tiri\",\"item\":\"https:\/\/www.imobiliare.ro\/imoexpert\/stiri\/\"},{\"@type\":\"ListItem\",\"position\":4,\"name\":\"Volumul de spa\u021bii logistice \u0219i industriale \u00eenchiriate s-a majorat cu o cincime \u00een S1 2021. \u201eMajoritatea dezvoltatorilor sunt activi, av\u00e2nd proiecte \u00een derulare\u201d\"}]},{\"@type\":\"WebSite\",\"@id\":\"https:\/\/www.imobiliare.ro\/imoexpert\/#website\",\"url\":\"https:\/\/www.imobiliare.ro\/imoexpert\/\",\"name\":\"ImoExpert\",\"description\":\"cele mai importante \u015ftiri din domeniul imobiliar\",\"publisher\":{\"@id\":\"https:\/\/www.imobiliare.ro\/imoexpert\/#organization\"},\"inLanguage\":\"en\"},{\"@type\":\"Organization\",\"@id\":\"https:\/\/www.imobiliare.ro\/imoexpert\/#organization\",\"name\":\"Imobiliare.ro\",\"alternateName\":\"Realmedia Network SA\",\"url\":\"https:\/\/www.imobiliare.ro\/imoexpert\/\",\"logo\":{\"@type\":\"ImageObject\",\"inLanguage\":\"en\",\"@id\":\"https:\/\/www.imobiliare.ro\/imoexpert\/#\/schema\/logo\/image\/\",\"url\":\"https:\/\/www.imobiliare.ro\/imoexpert\/wp-content\/uploads\/2025\/05\/imobiliare_logo.png\",\"contentUrl\":\"https:\/\/www.imobiliare.ro\/imoexpert\/wp-content\/uploads\/2025\/05\/imobiliare_logo.png\",\"width\":237,\"height\":29,\"caption\":\"Imobiliare.ro\"},\"image\":{\"@id\":\"https:\/\/www.imobiliare.ro\/imoexpert\/#\/schema\/logo\/image\/\"}},{\"@type\":\"Person\",\"@id\":\"https:\/\/www.imobiliare.ro\/imoexpert\/#\/schema\/person\/8c13b0297075010b896471fabf0d7790\",\"name\":\"Adriana Dr\u0103gu\u0219in\",\"image\":{\"@type\":\"ImageObject\",\"inLanguage\":\"en\",\"@id\":\"https:\/\/www.imobiliare.ro\/imoexpert\/#\/schema\/person\/image\/\",\"url\":\"https:\/\/secure.gravatar.com\/avatar\/ba4762f7517e50e679ed7f11207102d1150120f2f5800c0da98f8a15305bf514?s=96&d=mm&r=g\",\"contentUrl\":\"https:\/\/secure.gravatar.com\/avatar\/ba4762f7517e50e679ed7f11207102d1150120f2f5800c0da98f8a15305bf514?s=96&d=mm&r=g\",\"caption\":\"Adriana Dr\u0103gu\u0219in\"},\"jobTitle\":\"Editor\",\"url\":\"https:\/\/www.imobiliare.ro\/imoexpert\/author\/adriana-dragusin\/\"}]}<\/script>\n<!-- \/ Yoast SEO Premium plugin. -->","yoast_head_json":{"title":"Volumul de spa\u021bii logistice \u0219i industriale \u00eenchiriate s-a majorat cu o cincime \u00een S1 2021. \u201eMajoritatea dezvoltatorilor sunt activi, av\u00e2nd proiecte \u00een derulare\u201d - \u0218tiri - ImoExpert","description":"At\u00e2t din punctul de vedere al tranzac\u021biilor de \u00eenchiriere, c\u00e2t \u0219i din cel al livr\u0103rilor, Bucure\u0219tiul de\u021bine o cot\u0103 de peste 50% din pia\u021ba de profil. \u00cen","robots":{"index":"index","follow":"follow"},"canonical":"https:\/\/www.imobiliare.ro\/imoexpert\/volumul-de-spatii-logistice-si-industriale-inchiriate-s-a-majorat-cu-o-cincime-in-s1-2021-majoritatea-dezvoltatorilor-sunt-activi-avand-proiecte-in-derulare_db\/","og_locale":"ro_RO","og_type":"article","og_title":"Volumul de spa\u021bii logistice \u0219i industriale \u00eenchiriate s-a majorat cu o cincime \u00een S1 2021. \u201eMajoritatea dezvoltatorilor sunt activi, av\u00e2nd proiecte \u00een derulare\u201d","og_description":"At\u00e2t din punctul de vedere al tranzac\u021biilor de \u00eenchiriere, c\u00e2t \u0219i din cel al livr\u0103rilor, Bucure\u0219tiul de\u021bine o cot\u0103 de peste 50% din pia\u021ba de profil. \u00cen","og_url":"https:\/\/www.imobiliare.ro\/imoexpert\/volumul-de-spatii-logistice-si-industriale-inchiriate-s-a-majorat-cu-o-cincime-in-s1-2021-majoritatea-dezvoltatorilor-sunt-activi-avand-proiecte-in-derulare_db\/","og_site_name":"ImoExpert","article_published_time":"2021-08-19T15:02:48+00:00","og_image":[{"width":800,"height":532,"url":"https:\/\/www.imobiliare.ro\/imoexpert\/wp-content\/uploads\/2021\/08\/Volumul-de-spatii-logistice-si-industriale-inchiriate-s-a-majorat-cu-o-cincime-in-S1-2021.jpg","type":"image\/jpeg"}],"author":"Adriana Dr\u0103gu\u0219in","twitter_card":"summary_large_image","twitter_misc":{"Written by":"Adriana Dr\u0103gu\u0219in","Est. reading time":"3 minute"},"schema":{"@context":"https:\/\/schema.org","@graph":[{"@type":"Article","@id":"https:\/\/www.imobiliare.ro\/imoexpert\/volumul-de-spatii-logistice-si-industriale-inchiriate-s-a-majorat-cu-o-cincime-in-s1-2021-majoritatea-dezvoltatorilor-sunt-activi-avand-proiecte-in-derulare_db\/#article","isPartOf":{"@id":"https:\/\/www.imobiliare.ro\/imoexpert\/volumul-de-spatii-logistice-si-industriale-inchiriate-s-a-majorat-cu-o-cincime-in-s1-2021-majoritatea-dezvoltatorilor-sunt-activi-avand-proiecte-in-derulare_db\/"},"author":{"name":"Adriana Dr\u0103gu\u0219in","@id":"https:\/\/www.imobiliare.ro\/imoexpert\/#\/schema\/person\/8c13b0297075010b896471fabf0d7790"},"headline":"Volumul de spa\u021bii logistice \u0219i industriale \u00eenchiriate s-a majorat cu o cincime \u00een S1 2021. \u201eMajoritatea dezvoltatorilor sunt activi, av\u00e2nd proiecte \u00een derulare\u201d","datePublished":"2021-08-19T15:02:48+00:00","mainEntityOfPage":{"@id":"https:\/\/www.imobiliare.ro\/imoexpert\/volumul-de-spatii-logistice-si-industriale-inchiriate-s-a-majorat-cu-o-cincime-in-s1-2021-majoritatea-dezvoltatorilor-sunt-activi-avand-proiecte-in-derulare_db\/"},"wordCount":646,"commentCount":0,"publisher":{"@id":"https:\/\/www.imobiliare.ro\/imoexpert\/#organization"},"image":{"@id":"https:\/\/www.imobiliare.ro\/imoexpert\/volumul-de-spatii-logistice-si-industriale-inchiriate-s-a-majorat-cu-o-cincime-in-s1-2021-majoritatea-dezvoltatorilor-sunt-activi-avand-proiecte-in-derulare_db\/#primaryimage"},"thumbnailUrl":"https:\/\/www.imobiliare.ro\/imoexpert\/wp-content\/uploads\/2021\/08\/Volumul-de-spatii-logistice-si-industriale-inchiriate-s-a-majorat-cu-o-cincime-in-S1-2021.jpg","keywords":["Cushman Wakefield Echinox","spatii industriale","spatii logistice"],"articleSection":["\u0218tiri"],"inLanguage":"en","potentialAction":[{"@type":"CommentAction","name":"Comment","target":["https:\/\/www.imobiliare.ro\/imoexpert\/volumul-de-spatii-logistice-si-industriale-inchiriate-s-a-majorat-cu-o-cincime-in-s1-2021-majoritatea-dezvoltatorilor-sunt-activi-avand-proiecte-in-derulare_db\/#respond"]}],"copyrightYear":"2021","copyrightHolder":{"@id":"https:\/\/www.imobiliare.ro\/imoexpert\/#organization"}},{"@type":"WebPage","@id":"https:\/\/www.imobiliare.ro\/imoexpert\/volumul-de-spatii-logistice-si-industriale-inchiriate-s-a-majorat-cu-o-cincime-in-s1-2021-majoritatea-dezvoltatorilor-sunt-activi-avand-proiecte-in-derulare_db\/","url":"https:\/\/www.imobiliare.ro\/imoexpert\/volumul-de-spatii-logistice-si-industriale-inchiriate-s-a-majorat-cu-o-cincime-in-s1-2021-majoritatea-dezvoltatorilor-sunt-activi-avand-proiecte-in-derulare_db\/","name":"Volumul de spa\u021bii logistice \u0219i industriale \u00eenchiriate s-a majorat cu o cincime \u00een S1 2021. \u201eMajoritatea dezvoltatorilor sunt activi, av\u00e2nd proiecte \u00een derulare\u201d - \u0218tiri - ImoExpert","isPartOf":{"@id":"https:\/\/www.imobiliare.ro\/imoexpert\/#website"},"primaryImageOfPage":{"@id":"https:\/\/www.imobiliare.ro\/imoexpert\/volumul-de-spatii-logistice-si-industriale-inchiriate-s-a-majorat-cu-o-cincime-in-s1-2021-majoritatea-dezvoltatorilor-sunt-activi-avand-proiecte-in-derulare_db\/#primaryimage"},"image":{"@id":"https:\/\/www.imobiliare.ro\/imoexpert\/volumul-de-spatii-logistice-si-industriale-inchiriate-s-a-majorat-cu-o-cincime-in-s1-2021-majoritatea-dezvoltatorilor-sunt-activi-avand-proiecte-in-derulare_db\/#primaryimage"},"thumbnailUrl":"https:\/\/www.imobiliare.ro\/imoexpert\/wp-content\/uploads\/2021\/08\/Volumul-de-spatii-logistice-si-industriale-inchiriate-s-a-majorat-cu-o-cincime-in-S1-2021.jpg","datePublished":"2021-08-19T15:02:48+00:00","description":"At\u00e2t din punctul de vedere al tranzac\u021biilor de \u00eenchiriere, c\u00e2t \u0219i din cel al livr\u0103rilor, Bucure\u0219tiul de\u021bine o cot\u0103 de peste 50% din pia\u021ba de profil. \u00cen","breadcrumb":{"@id":"https:\/\/www.imobiliare.ro\/imoexpert\/volumul-de-spatii-logistice-si-industriale-inchiriate-s-a-majorat-cu-o-cincime-in-s1-2021-majoritatea-dezvoltatorilor-sunt-activi-avand-proiecte-in-derulare_db\/#breadcrumb"},"inLanguage":"en","potentialAction":[{"@type":"ReadAction","target":["https:\/\/www.imobiliare.ro\/imoexpert\/volumul-de-spatii-logistice-si-industriale-inchiriate-s-a-majorat-cu-o-cincime-in-s1-2021-majoritatea-dezvoltatorilor-sunt-activi-avand-proiecte-in-derulare_db\/"]}]},{"@type":"ImageObject","inLanguage":"en","@id":"https:\/\/www.imobiliare.ro\/imoexpert\/volumul-de-spatii-logistice-si-industriale-inchiriate-s-a-majorat-cu-o-cincime-in-s1-2021-majoritatea-dezvoltatorilor-sunt-activi-avand-proiecte-in-derulare_db\/#primaryimage","url":"https:\/\/www.imobiliare.ro\/imoexpert\/wp-content\/uploads\/2021\/08\/Volumul-de-spatii-logistice-si-industriale-inchiriate-s-a-majorat-cu-o-cincime-in-S1-2021.jpg","contentUrl":"https:\/\/www.imobiliare.ro\/imoexpert\/wp-content\/uploads\/2021\/08\/Volumul-de-spatii-logistice-si-industriale-inchiriate-s-a-majorat-cu-o-cincime-in-S1-2021.jpg","width":800,"height":532,"caption":"Surs\u0103 foto: Pixabay.com"},{"@type":"BreadcrumbList","@id":"https:\/\/www.imobiliare.ro\/imoexpert\/volumul-de-spatii-logistice-si-industriale-inchiriate-s-a-majorat-cu-o-cincime-in-s1-2021-majoritatea-dezvoltatorilor-sunt-activi-avand-proiecte-in-derulare_db\/#breadcrumb","itemListElement":[{"@type":"ListItem","position":1,"name":"Imoradar24","item":"https:\/\/www.imoradar24.ro"},{"@type":"ListItem","position":2,"name":"ImoExpert","item":"https:\/\/www.imobiliare.ro\/imoexpert\/"},{"@type":"ListItem","position":3,"name":"\u0218tiri","item":"https:\/\/www.imobiliare.ro\/imoexpert\/stiri\/"},{"@type":"ListItem","position":4,"name":"Volumul de spa\u021bii logistice \u0219i industriale \u00eenchiriate s-a majorat cu o cincime \u00een S1 2021. \u201eMajoritatea dezvoltatorilor sunt activi, av\u00e2nd proiecte \u00een derulare\u201d"}]},{"@type":"WebSite","@id":"https:\/\/www.imobiliare.ro\/imoexpert\/#website","url":"https:\/\/www.imobiliare.ro\/imoexpert\/","name":"ImoExpert","description":"cele mai importante \u015ftiri din domeniul imobiliar","publisher":{"@id":"https:\/\/www.imobiliare.ro\/imoexpert\/#organization"},"inLanguage":"en"},{"@type":"Organization","@id":"https:\/\/www.imobiliare.ro\/imoexpert\/#organization","name":"Imobiliare.ro","alternateName":"Realmedia Network SA","url":"https:\/\/www.imobiliare.ro\/imoexpert\/","logo":{"@type":"ImageObject","inLanguage":"en","@id":"https:\/\/www.imobiliare.ro\/imoexpert\/#\/schema\/logo\/image\/","url":"https:\/\/www.imobiliare.ro\/imoexpert\/wp-content\/uploads\/2025\/05\/imobiliare_logo.png","contentUrl":"https:\/\/www.imobiliare.ro\/imoexpert\/wp-content\/uploads\/2025\/05\/imobiliare_logo.png","width":237,"height":29,"caption":"Imobiliare.ro"},"image":{"@id":"https:\/\/www.imobiliare.ro\/imoexpert\/#\/schema\/logo\/image\/"}},{"@type":"Person","@id":"https:\/\/www.imobiliare.ro\/imoexpert\/#\/schema\/person\/8c13b0297075010b896471fabf0d7790","name":"Adriana Dr\u0103gu\u0219in","image":{"@type":"ImageObject","inLanguage":"en","@id":"https:\/\/www.imobiliare.ro\/imoexpert\/#\/schema\/person\/image\/","url":"https:\/\/secure.gravatar.com\/avatar\/ba4762f7517e50e679ed7f11207102d1150120f2f5800c0da98f8a15305bf514?s=96&d=mm&r=g","contentUrl":"https:\/\/secure.gravatar.com\/avatar\/ba4762f7517e50e679ed7f11207102d1150120f2f5800c0da98f8a15305bf514?s=96&d=mm&r=g","caption":"Adriana Dr\u0103gu\u0219in"},"jobTitle":"Editor","url":"https:\/\/www.imobiliare.ro\/imoexpert\/author\/adriana-dragusin\/"}]}},"_links":{"self":[{"href":"https:\/\/www.imobiliare.ro\/imoexpert\/wp-json\/wp\/v2\/posts\/63079","targetHints":{"allow":["GET"]}}],"collection":[{"href":"https:\/\/www.imobiliare.ro\/imoexpert\/wp-json\/wp\/v2\/posts"}],"about":[{"href":"https:\/\/www.imobiliare.ro\/imoexpert\/wp-json\/wp\/v2\/types\/post"}],"author":[{"embeddable":true,"href":"https:\/\/www.imobiliare.ro\/imoexpert\/wp-json\/wp\/v2\/users\/829"}],"replies":[{"embeddable":true,"href":"https:\/\/www.imobiliare.ro\/imoexpert\/wp-json\/wp\/v2\/comments?post=63079"}],"version-history":[{"count":0,"href":"https:\/\/www.imobiliare.ro\/imoexpert\/wp-json\/wp\/v2\/posts\/63079\/revisions"}],"wp:featuredmedia":[{"embeddable":true,"href":"https:\/\/www.imobiliare.ro\/imoexpert\/wp-json\/wp\/v2\/media\/63080"}],"wp:attachment":[{"href":"https:\/\/www.imobiliare.ro\/imoexpert\/wp-json\/wp\/v2\/media?parent=63079"}],"wp:term":[{"taxonomy":"category","embeddable":true,"href":"https:\/\/www.imobiliare.ro\/imoexpert\/wp-json\/wp\/v2\/categories?post=63079"},{"taxonomy":"post_tag","embeddable":true,"href":"https:\/\/www.imobiliare.ro\/imoexpert\/wp-json\/wp\/v2\/tags?post=63079"},{"taxonomy":"content_author","embeddable":true,"href":"https:\/\/www.imobiliare.ro\/imoexpert\/wp-json\/wp\/v2\/content_author?post=63079"}],"curies":[{"name":"wp","href":"https:\/\/api.w.org\/{rel}","templated":true}]}}