{"id":63115,"date":"2021-08-31T11:58:29","date_gmt":"2021-08-31T08:58:29","guid":{"rendered":"https:\/\/www.imobiliare.ro\/imoexpert\/?p=63115"},"modified":"2021-08-31T11:58:29","modified_gmt":"2021-08-31T08:58:29","slug":"urban-plaza-redefineste-linia-orizontului-la-brasov-2-000-de-apartamente-si-facilitati-integrate-la-cele-mai-inalte-standarde-p","status":"publish","type":"post","link":"https:\/\/www.imobiliare.ro\/imoexpert\/urban-plaza-redefineste-linia-orizontului-la-brasov-2-000-de-apartamente-si-facilitati-integrate-la-cele-mai-inalte-standarde-p_db\/","title":{"rendered":"Urban Plaza redefine\u0219te linia orizontului la Bra\u0219ov: 2.000 de apartamente \u0219i facilit\u0103\u021bi integrate, la cele mai \u00eenalte standarde"},"content":{"rendered":"<p><a class=\"article-body-links\"href=\"https:\/\/www.imobiliare.ro\/imoexpert\/wp-content\/uploads\/2021\/08\/Urban-Plaza-1.jpg\"><img loading=\"lazy\" decoding=\"async\" src=\"https:\/\/www.imobiliare.ro\/imoexpert\/wp-content\/uploads\/2021\/08\/Urban-Plaza-1.jpg\" alt=\"\" width=\"800\" height=\"450\" class=\"aligncenter size-full wp-image-63116\" srcset=\"https:\/\/www.imobiliare.ro\/imoexpert\/wp-content\/uploads\/2021\/08\/Urban-Plaza-1.jpg 800w, https:\/\/www.imobiliare.ro\/imoexpert\/wp-content\/uploads\/2021\/08\/Urban-Plaza-1-300x169.jpg 300w, https:\/\/www.imobiliare.ro\/imoexpert\/wp-content\/uploads\/2021\/08\/Urban-Plaza-1-768x432.jpg 768w\" sizes=\"auto, (max-width: 800px) 100vw, 800px\" \/><\/a><\/p>\n<div id=\"ez-toc-container\" class=\"ez-toc-v2_0_81 counter-hierarchy ez-toc-counter ez-toc-grey ez-toc-container-direction\">\n<p class=\"ez-toc-title\" style=\"cursor:inherit\">Table of Contents<\/p>\n<label for=\"ez-toc-cssicon-toggle-item-69f4cc07874d9\" class=\"ez-toc-cssicon-toggle-label\"><span class=\"ez-toc-cssicon\"><span class=\"eztoc-hide\" style=\"display:none;\">Toggle<\/span><span class=\"ez-toc-icon-toggle-span\"><svg style=\"fill: #999;color:#999\" xmlns=\"http:\/\/www.w3.org\/2000\/svg\" class=\"list-377408\" width=\"20px\" height=\"20px\" viewBox=\"0 0 24 24\" fill=\"none\"><path d=\"M6 6H4v2h2V6zm14 0H8v2h12V6zM4 11h2v2H4v-2zm16 0H8v2h12v-2zM4 16h2v2H4v-2zm16 0H8v2h12v-2z\" fill=\"currentColor\"><\/path><\/svg><svg style=\"fill: #999;color:#999\" class=\"arrow-unsorted-368013\" xmlns=\"http:\/\/www.w3.org\/2000\/svg\" width=\"10px\" height=\"10px\" viewBox=\"0 0 24 24\" version=\"1.2\" baseProfile=\"tiny\"><path d=\"M18.2 9.3l-6.2-6.3-6.2 6.3c-.2.2-.3.4-.3.7s.1.5.3.7c.2.2.4.3.7.3h11c.3 0 .5-.1.7-.3.2-.2.3-.5.3-.7s-.1-.5-.3-.7zM5.8 14.7l6.2 6.3 6.2-6.3c.2-.2.3-.5.3-.7s-.1-.5-.3-.7c-.2-.2-.4-.3-.7-.3h-11c-.3 0-.5.1-.7.3-.2.2-.3.5-.3.7s.1.5.3.7z\"\/><\/svg><\/span><\/span><\/label><input type=\"checkbox\"  id=\"ez-toc-cssicon-toggle-item-69f4cc07874d9\"  aria-label=\"Toggle\" \/><nav><ul class='ez-toc-list ez-toc-list-level-1 ' ><li class='ez-toc-page-1 ez-toc-heading-level-2'><a class=\"ez-toc-link ez-toc-heading-1\" href=\"https:\/\/www.imobiliare.ro\/imoexpert\/urban-plaza-redefineste-linia-orizontului-la-brasov-2-000-de-apartamente-si-facilitati-integrate-la-cele-mai-inalte-standarde-p_db\/#Cea_dintai_etapa_de_constructie_se_afla_in_curs_de_finalizare_iar_predarea_locuintelor_aferente_celei_de-a_doua_va_incepe_spre_finele_acestui_an\" >Cea dint\u00e2i etap\u0103 de construc\u021bie se afl\u0103 \u00een curs de finalizare, iar predarea locuin\u021belor aferente celei de-a doua va \u00eencepe spre finele acestui an.<\/a><\/li><li class='ez-toc-page-1 ez-toc-heading-level-2'><a class=\"ez-toc-link ez-toc-heading-2\" href=\"https:\/\/www.imobiliare.ro\/imoexpert\/urban-plaza-redefineste-linia-orizontului-la-brasov-2-000-de-apartamente-si-facilitati-integrate-la-cele-mai-inalte-standarde-p_db\/#O_comunitate_pentru_toate_varstele\" >O comunitate pentru toate v\u00e2rstele<\/a><\/li><li class='ez-toc-page-1 ez-toc-heading-level-2'><a class=\"ez-toc-link ez-toc-heading-3\" href=\"https:\/\/www.imobiliare.ro\/imoexpert\/urban-plaza-redefineste-linia-orizontului-la-brasov-2-000-de-apartamente-si-facilitati-integrate-la-cele-mai-inalte-standarde-p_db\/#Apartamente_cu_suprafete_si_structuri_variate\" >Apartamente cu suprafe\u021be \u0219i structuri variate<\/a><\/li><\/ul><\/nav><\/div>\n<h2><span class=\"ez-toc-section\" id=\"Cea_dintai_etapa_de_constructie_se_afla_in_curs_de_finalizare_iar_predarea_locuintelor_aferente_celei_de-a_doua_va_incepe_spre_finele_acestui_an\"><\/span>Cea dint\u00e2i etap\u0103 de construc\u021bie se afl\u0103 \u00een curs de finalizare, iar predarea locuin\u021belor aferente celei de-a doua va \u00eencepe spre finele acestui an.<span class=\"ez-toc-section-end\"><\/span><\/h2>\n<p>Dup\u0103 13 ani de experien\u021b\u0103, 2.000 de apartamente v\u00e2ndute \u00een zece proiecte rezidentiale \u0219i mai bine de 200.000 de metri p\u0103tra\u021bi construi\u021bi, Urban Invest a trecut la urm\u0103torul nivel de dezvoltare urban\u0103, demar\u00e2nd <strong><a class=\"article-body-links\"href=\"https:\/\/www.imobiliare.ro\/ansambluri-rezidentiale\/brasov\/urban-plaza-brasov-3156\">ansamblul Urban Plaza<\/a><\/strong> \u2013 cel mai mare complex reziden\u021bial multifunc\u021bional din Bra\u0219ov. Acesta va include un total de circa 2.000 de apartamente, la care se vor ad\u0103uga o serie de facilit\u0103\u021bi integrate. <\/p>\n<blockquote><p>\u201eAnsamblul Urban Plaza se diferen\u021biaz\u0103 prin peisajele oferite, fiind situat foarte aproape de mun\u021bi \u0219i natur\u0103, ca \u0219i prin prezen\u021ba celui mai mare parc reziden\u021bial, proiectat de marele peisagist Gianfranco Paghera, ce se \u00eentinde pe o suprafa\u021b\u0103 de 10.000 de metri p\u0103tra\u021bi. Construim nu doar cea mai \u00eenalt\u0103 cl\u0103dire, dispus\u0103 pe 20 de nivele, ci un \u00eentreg complex de facilit\u0103\u021bi integrate, la cele mai \u00eenalte standarde, inclusiv spa\u021bii de birouri moderne. \u00cen afara zonei de business, proiectul este prev\u0103zut cu o zon\u0103 de divertisment pentru adul\u021bi, un club al copiilor, supermarket, farmacie, banc\u0103, centru de frumuse\u021be \u0219i \u00eengrijire personal\u0103, o zon\u0103 de restaurante si cafenele, perfect\u0103 pentru \u00eent\u00e2lnirile de afaceri sau cu prietenii, ca \u0219i un centru spa&#038;fitness, proiectat cu o piscin\u0103 semiolimpic\u0103, \u00een cadrul zonei de retail.\u201d<\/p>\n<p><strong>Urban Invest<\/strong><\/p><\/blockquote>\n<p>&nbsp;<\/p>\n<p><a class=\"article-body-links\"href=\"https:\/\/www.imobiliare.ro\/imoexpert\/wp-content\/uploads\/2021\/08\/Urban-Plaza-5.jpg\"><img loading=\"lazy\" decoding=\"async\" src=\"https:\/\/www.imobiliare.ro\/imoexpert\/wp-content\/uploads\/2021\/08\/Urban-Plaza-5.jpg\" alt=\"\" width=\"800\" height=\"598\" class=\"aligncenter size-full wp-image-63119\" srcset=\"https:\/\/www.imobiliare.ro\/imoexpert\/wp-content\/uploads\/2021\/08\/Urban-Plaza-5.jpg 800w, https:\/\/www.imobiliare.ro\/imoexpert\/wp-content\/uploads\/2021\/08\/Urban-Plaza-5-300x224.jpg 300w, https:\/\/www.imobiliare.ro\/imoexpert\/wp-content\/uploads\/2021\/08\/Urban-Plaza-5-768x574.jpg 768w\" sizes=\"auto, (max-width: 800px) 100vw, 800px\" \/><\/a><\/p>\n<h2><span class=\"ez-toc-section\" id=\"O_comunitate_pentru_toate_varstele\"><\/span>O comunitate pentru toate v\u00e2rstele<span class=\"ez-toc-section-end\"><\/span><\/h2>\n<p>Lucr\u0103rile la cea dint\u00e2i faz\u0103 a <strong><a class=\"article-body-links\"href=\"https:\/\/www.imobiliare.ro\/ansambluri-rezidentiale\/brasov\/urban-plaza-brasov-3156\">proiectului Urban Plaza<\/a><\/strong> se apropie de final, aceasta fiind v\u00e2ndut\u0103 \u00een proportie de 95%. Concomitent se lucreaz\u0103 la cea de-a doua etap\u0103 de dezvoltare, care va fi dat\u0103 \u00een folosin\u021b\u0103 \u00eencep\u00e2nd cu sf\u00e2r\u0219itul acestui an. \u00cen momentul de fa\u021b\u0103, din cele aproximativ 800 de apartamente disponibile spre v\u00e2nzare \u00een primele dou\u0103 faze de construc\u021bie, circa 600 au fost deja contractate.<\/p>\n<blockquote><p>\u201eNe dorim s\u0103 redefinim linia orizontului la Bra\u0219ov \u0219i s\u0103 schimb\u0103m, totodat\u0103, perspectivele sectorului reziden\u021bial. Vom oferi o experien\u021b\u0103 de locuire deosebit\u0103 persoanelor de toate v\u00e2rstele, proiectul nostru adres\u00e2ndu-se at\u00e2t familiilor cu copii \u0219i tinerilor pentru care cariera este o prioritate, c\u00e2t \u0219i seniorilor care vor s\u0103 tr\u0103iasc\u0103 \u00eentr-un spa\u021biu modern, plin de via\u021b\u0103 \u0219i energie. \u00cen continuare, depunem toate eforturile necesare pentru amenajarea celui mai mare parc reziden\u021bial, o oaz\u0103 de via\u021b\u0103 \u0219i verdea\u021b\u0103, \u00een inima ora\u0219ului.\u201d<\/p>\n<p><strong>Urban Invest<\/strong><\/p><\/blockquote>\n<p>&nbsp;<\/p>\n<p><a class=\"article-body-links\"href=\"https:\/\/www.imobiliare.ro\/imoexpert\/wp-content\/uploads\/2021\/08\/Urban-Plaza-4.jpg\"><img loading=\"lazy\" decoding=\"async\" src=\"https:\/\/www.imobiliare.ro\/imoexpert\/wp-content\/uploads\/2021\/08\/Urban-Plaza-4.jpg\" alt=\"\" width=\"800\" height=\"513\" class=\"aligncenter size-full wp-image-63120\" srcset=\"https:\/\/www.imobiliare.ro\/imoexpert\/wp-content\/uploads\/2021\/08\/Urban-Plaza-4.jpg 800w, https:\/\/www.imobiliare.ro\/imoexpert\/wp-content\/uploads\/2021\/08\/Urban-Plaza-4-300x192.jpg 300w, https:\/\/www.imobiliare.ro\/imoexpert\/wp-content\/uploads\/2021\/08\/Urban-Plaza-4-768x492.jpg 768w\" sizes=\"auto, (max-width: 800px) 100vw, 800px\" \/><\/a><\/p>\n<h2><span class=\"ez-toc-section\" id=\"Apartamente_cu_suprafete_si_structuri_variate\"><\/span>Apartamente cu suprafe\u021be \u0219i structuri variate<span class=\"ez-toc-section-end\"><\/span><\/h2>\n<p>Unit\u0103\u021bile locative din cadrul complexului reziden\u021bial bra\u0219ovean au suprafe\u021be de p\u00e2n\u0103 la 142 de metri p\u0103tra\u021bi \u0219i structuri variate. Fiecare dintre acestea dispune de o compartimentare armonioas\u0103, \u00een care zona de zi este separat\u0103 de zona de noapte, \u00een vreme ce restul \u00eenc\u0103perilor au fost proiectate pentru a r\u0103spunde nevoilor unei familii, indiferent de m\u0103rime. Locuin\u021bele se disting \u0219i prin influxul generos de lumin\u0103 natural\u0103, ca \u0219i prin priveli\u0219tea de neegalat asupra mun\u021bilor.<\/p>\n<p><a class=\"article-body-links\"href=\"https:\/\/www.imobiliare.ro\/imoexpert\/wp-content\/uploads\/2021\/08\/Urban-Plaza-balcon.jpg\"><img loading=\"lazy\" decoding=\"async\" src=\"https:\/\/www.imobiliare.ro\/imoexpert\/wp-content\/uploads\/2021\/08\/Urban-Plaza-balcon.jpg\" alt=\"\" width=\"800\" height=\"533\" class=\"aligncenter size-full wp-image-63137\" srcset=\"https:\/\/www.imobiliare.ro\/imoexpert\/wp-content\/uploads\/2021\/08\/Urban-Plaza-balcon.jpg 800w, https:\/\/www.imobiliare.ro\/imoexpert\/wp-content\/uploads\/2021\/08\/Urban-Plaza-balcon-300x200.jpg 300w, https:\/\/www.imobiliare.ro\/imoexpert\/wp-content\/uploads\/2021\/08\/Urban-Plaza-balcon-768x512.jpg 768w\" sizes=\"auto, (max-width: 800px) 100vw, 800px\" \/><\/a><\/p>\n<p>\u00cen perioada urm\u0103toare, compania dezvoltatoare pl\u0103nuie\u0219te finalizarea lucr\u0103rilor la cea de-a doua etap\u0103 a proiectului \u0219i amenajarea parcului reziden\u021bial central, dup\u0103 care va urma construc\u021bia ultimelor dou\u0103 faze ale proiectului. <\/p>\n<blockquote><p>\u201eCalitatea unei construc\u021bii sau a unui proiect \u00een general este definit\u0103 de un ansamblu de exigen\u021be de ordin tehnic \u0219i estetic, dar cel mai mult de viziunea constructorului, at\u00e2t asupra societ\u0103\u021bii, c\u00e2t \u0219i asupra propriilor idealuri. \u00cenc\u0103 din 2007 avem aceast\u0103 credin\u021b\u0103 \u0219i, investind constant \u00een materiale \u0219i tehnologie, am reu\u0219it s\u0103 redefinim standardele sectorului reziden\u021bial, cre\u00e2nd astfel o comunitate pentru care calitatea nu este doar un deziderat, ci un adev\u0103rat stil de via\u021b\u0103.\u201d<\/p>\n<p><strong>Urban Invest<\/strong><\/p><\/blockquote>\n<p>&nbsp;<\/p>\n<p><a class=\"article-body-links\"href=\"https:\/\/www.imobiliare.ro\/imoexpert\/wp-content\/uploads\/2021\/08\/Urban-Plaza-3.jpg\"><img loading=\"lazy\" decoding=\"async\" src=\"https:\/\/www.imobiliare.ro\/imoexpert\/wp-content\/uploads\/2021\/08\/Urban-Plaza-3.jpg\" alt=\"\" width=\"800\" height=\"497\" class=\"aligncenter size-full wp-image-63118\" srcset=\"https:\/\/www.imobiliare.ro\/imoexpert\/wp-content\/uploads\/2021\/08\/Urban-Plaza-3.jpg 800w, https:\/\/www.imobiliare.ro\/imoexpert\/wp-content\/uploads\/2021\/08\/Urban-Plaza-3-300x186.jpg 300w, https:\/\/www.imobiliare.ro\/imoexpert\/wp-content\/uploads\/2021\/08\/Urban-Plaza-3-768x477.jpg 768w\" sizes=\"auto, (max-width: 800px) 100vw, 800px\" \/><\/a><\/p>\n<p><strong><a class=\"article-body-links\"href=\"https:\/\/www.imobiliare.ro\/ansambluri-rezidentiale\/brasov\/urban-plaza-brasov-3156\">Click<\/a> pentru detalii \u0219i fotografii suplimentare!<\/strong><\/p>\n","protected":false},"excerpt":{"rendered":"<p>Cea dint\u00e2i etap\u0103 de construc\u021bie se afl\u0103 \u00een curs de finalizare, iar predarea locuin\u021belor aferente celei de-a doua va \u00eencepe spre finele acestui an. Dup\u0103 13 ani de experien\u021b\u0103, 2.000 de apartamente v\u00e2ndute \u00een zece proiecte rezidentiale \u0219i mai bine de 200.000 de metri p\u0103tra\u021bi construi\u021bi, Urban Invest a trecut la urm\u0103torul nivel de dezvoltare [&hellip;]<\/p>\n","protected":false},"author":821,"featured_media":63116,"comment_status":"open","ping_status":"open","sticky":false,"template":"","format":"standard","meta":{"footnotes":""},"categories":[253,259],"tags":[938,333,428,480,1410,1411,2056],"content_author":[],"class_list":["post-63115","post","type-post","status-publish","format-standard","has-post-thumbnail","hentry","category-parteneri","category-stiri","tag-advertoriale-2","tag-ansambluri-rezidentiale","tag-brasov","tag-cumparator","tag-newsletter","tag-principal","tag-urban-plaza"],"yoast_head":"<!-- This site is optimized with the Yoast SEO Premium plugin v27.0 (Yoast SEO v27.0) - https:\/\/yoast.com\/product\/yoast-seo-premium-wordpress\/ -->\n<title>Urban Plaza redefine\u0219te linia orizontului la Bra\u0219ov: 2.000 de apartamente \u0219i facilit\u0103\u021bi integrate, la cele mai \u00eenalte standarde - Parteneri, \u0218tiri - ImoExpert<\/title>\n<meta name=\"description\" content=\"Cea dint\u00e2i etap\u0103 de construc\u021bie se afl\u0103 \u00een curs de finalizare, iar predarea locuin\u021belor aferente celei de-a doua va \u00eencepe spre finele acestui an. Dup\u0103 13\" \/>\n<meta name=\"robots\" content=\"index, follow\" \/>\n<link rel=\"canonical\" href=\"https:\/\/www.imobiliare.ro\/imoexpert\/urban-plaza-redefineste-linia-orizontului-la-brasov-2-000-de-apartamente-si-facilitati-integrate-la-cele-mai-inalte-standarde-p_db\/\" \/>\n<meta property=\"og:locale\" content=\"ro_RO\" \/>\n<meta property=\"og:type\" content=\"article\" \/>\n<meta property=\"og:title\" content=\"Urban Plaza redefine\u0219te linia orizontului la Bra\u0219ov: 2.000 de apartamente \u0219i facilit\u0103\u021bi integrate, la cele mai \u00eenalte standarde\" \/>\n<meta property=\"og:description\" content=\"Cea dint\u00e2i etap\u0103 de construc\u021bie se afl\u0103 \u00een curs de finalizare, iar predarea locuin\u021belor aferente celei de-a doua va \u00eencepe spre finele acestui an. Dup\u0103 13\" \/>\n<meta property=\"og:url\" content=\"https:\/\/www.imobiliare.ro\/imoexpert\/urban-plaza-redefineste-linia-orizontului-la-brasov-2-000-de-apartamente-si-facilitati-integrate-la-cele-mai-inalte-standarde-p_db\/\" \/>\n<meta property=\"og:site_name\" content=\"ImoExpert\" \/>\n<meta property=\"article:published_time\" content=\"2021-08-31T08:58:29+00:00\" \/>\n<meta property=\"og:image\" content=\"https:\/\/www.imobiliare.ro\/imoexpert\/wp-content\/uploads\/2021\/08\/Urban-Plaza-1.jpg\" \/>\n\t<meta property=\"og:image:width\" content=\"800\" \/>\n\t<meta property=\"og:image:height\" content=\"450\" \/>\n\t<meta property=\"og:image:type\" content=\"image\/jpeg\" \/>\n<meta name=\"author\" content=\"Imo Expert\" \/>\n<meta name=\"twitter:card\" content=\"summary_large_image\" \/>\n<meta name=\"twitter:label1\" content=\"Written by\" \/>\n\t<meta name=\"twitter:data1\" content=\"Imo Expert\" \/>\n\t<meta name=\"twitter:label2\" content=\"Est. reading time\" \/>\n\t<meta name=\"twitter:data2\" content=\"3 minute\" \/>\n<script type=\"application\/ld+json\" class=\"yoast-schema-graph\">{\"@context\":\"https:\/\/schema.org\",\"@graph\":[{\"@type\":\"Article\",\"@id\":\"https:\/\/www.imobiliare.ro\/imoexpert\/urban-plaza-redefineste-linia-orizontului-la-brasov-2-000-de-apartamente-si-facilitati-integrate-la-cele-mai-inalte-standarde-p_db\/#article\",\"isPartOf\":{\"@id\":\"https:\/\/www.imobiliare.ro\/imoexpert\/urban-plaza-redefineste-linia-orizontului-la-brasov-2-000-de-apartamente-si-facilitati-integrate-la-cele-mai-inalte-standarde-p_db\/\"},\"author\":{\"name\":\"Imo Expert\",\"@id\":\"https:\/\/www.imobiliare.ro\/imoexpert\/#\/schema\/person\/24d0abafdca42af79d5ca29e19bc0062\"},\"headline\":\"Urban Plaza redefine\u0219te linia orizontului la Bra\u0219ov: 2.000 de apartamente \u0219i facilit\u0103\u021bi integrate, la cele mai \u00eenalte standarde\",\"datePublished\":\"2021-08-31T08:58:29+00:00\",\"mainEntityOfPage\":{\"@id\":\"https:\/\/www.imobiliare.ro\/imoexpert\/urban-plaza-redefineste-linia-orizontului-la-brasov-2-000-de-apartamente-si-facilitati-integrate-la-cele-mai-inalte-standarde-p_db\/\"},\"wordCount\":649,\"commentCount\":0,\"publisher\":{\"@id\":\"https:\/\/www.imobiliare.ro\/imoexpert\/#organization\"},\"image\":{\"@id\":\"https:\/\/www.imobiliare.ro\/imoexpert\/urban-plaza-redefineste-linia-orizontului-la-brasov-2-000-de-apartamente-si-facilitati-integrate-la-cele-mai-inalte-standarde-p_db\/#primaryimage\"},\"thumbnailUrl\":\"https:\/\/www.imobiliare.ro\/imoexpert\/wp-content\/uploads\/2021\/08\/Urban-Plaza-1.jpg\",\"keywords\":[\"Advertoriale\",\"Ansambluri rezidentiale\",\"Brasov\",\"cumparator\",\"newsletter\",\"principal\",\"Urban Plaza\"],\"articleSection\":[\"Parteneri\",\"\u0218tiri\"],\"inLanguage\":\"en\",\"potentialAction\":[{\"@type\":\"CommentAction\",\"name\":\"Comment\",\"target\":[\"https:\/\/www.imobiliare.ro\/imoexpert\/urban-plaza-redefineste-linia-orizontului-la-brasov-2-000-de-apartamente-si-facilitati-integrate-la-cele-mai-inalte-standarde-p_db\/#respond\"]}],\"copyrightYear\":\"2021\",\"copyrightHolder\":{\"@id\":\"https:\/\/www.imobiliare.ro\/imoexpert\/#organization\"}},{\"@type\":\"WebPage\",\"@id\":\"https:\/\/www.imobiliare.ro\/imoexpert\/urban-plaza-redefineste-linia-orizontului-la-brasov-2-000-de-apartamente-si-facilitati-integrate-la-cele-mai-inalte-standarde-p_db\/\",\"url\":\"https:\/\/www.imobiliare.ro\/imoexpert\/urban-plaza-redefineste-linia-orizontului-la-brasov-2-000-de-apartamente-si-facilitati-integrate-la-cele-mai-inalte-standarde-p_db\/\",\"name\":\"Urban Plaza redefine\u0219te linia orizontului la Bra\u0219ov: 2.000 de apartamente \u0219i facilit\u0103\u021bi integrate, la cele mai \u00eenalte standarde - Parteneri, \u0218tiri - ImoExpert\",\"isPartOf\":{\"@id\":\"https:\/\/www.imobiliare.ro\/imoexpert\/#website\"},\"primaryImageOfPage\":{\"@id\":\"https:\/\/www.imobiliare.ro\/imoexpert\/urban-plaza-redefineste-linia-orizontului-la-brasov-2-000-de-apartamente-si-facilitati-integrate-la-cele-mai-inalte-standarde-p_db\/#primaryimage\"},\"image\":{\"@id\":\"https:\/\/www.imobiliare.ro\/imoexpert\/urban-plaza-redefineste-linia-orizontului-la-brasov-2-000-de-apartamente-si-facilitati-integrate-la-cele-mai-inalte-standarde-p_db\/#primaryimage\"},\"thumbnailUrl\":\"https:\/\/www.imobiliare.ro\/imoexpert\/wp-content\/uploads\/2021\/08\/Urban-Plaza-1.jpg\",\"datePublished\":\"2021-08-31T08:58:29+00:00\",\"description\":\"Cea dint\u00e2i etap\u0103 de construc\u021bie se afl\u0103 \u00een curs de finalizare, iar predarea locuin\u021belor aferente celei de-a doua va \u00eencepe spre finele acestui an. Dup\u0103 13\",\"breadcrumb\":{\"@id\":\"https:\/\/www.imobiliare.ro\/imoexpert\/urban-plaza-redefineste-linia-orizontului-la-brasov-2-000-de-apartamente-si-facilitati-integrate-la-cele-mai-inalte-standarde-p_db\/#breadcrumb\"},\"inLanguage\":\"en\",\"potentialAction\":[{\"@type\":\"ReadAction\",\"target\":[\"https:\/\/www.imobiliare.ro\/imoexpert\/urban-plaza-redefineste-linia-orizontului-la-brasov-2-000-de-apartamente-si-facilitati-integrate-la-cele-mai-inalte-standarde-p_db\/\"]}]},{\"@type\":\"ImageObject\",\"inLanguage\":\"en\",\"@id\":\"https:\/\/www.imobiliare.ro\/imoexpert\/urban-plaza-redefineste-linia-orizontului-la-brasov-2-000-de-apartamente-si-facilitati-integrate-la-cele-mai-inalte-standarde-p_db\/#primaryimage\",\"url\":\"https:\/\/www.imobiliare.ro\/imoexpert\/wp-content\/uploads\/2021\/08\/Urban-Plaza-1.jpg\",\"contentUrl\":\"https:\/\/www.imobiliare.ro\/imoexpert\/wp-content\/uploads\/2021\/08\/Urban-Plaza-1.jpg\",\"width\":800,\"height\":450},{\"@type\":\"BreadcrumbList\",\"@id\":\"https:\/\/www.imobiliare.ro\/imoexpert\/urban-plaza-redefineste-linia-orizontului-la-brasov-2-000-de-apartamente-si-facilitati-integrate-la-cele-mai-inalte-standarde-p_db\/#breadcrumb\",\"itemListElement\":[{\"@type\":\"ListItem\",\"position\":1,\"name\":\"Imoradar24\",\"item\":\"https:\/\/www.imoradar24.ro\"},{\"@type\":\"ListItem\",\"position\":2,\"name\":\"ImoExpert\",\"item\":\"https:\/\/www.imobiliare.ro\/imoexpert\/\"},{\"@type\":\"ListItem\",\"position\":3,\"name\":\"Parteneri\",\"item\":\"https:\/\/www.imobiliare.ro\/imoexpert\/parteneri\/\"},{\"@type\":\"ListItem\",\"position\":4,\"name\":\"Urban Plaza redefine\u0219te linia orizontului la Bra\u0219ov: 2.000 de apartamente \u0219i facilit\u0103\u021bi integrate, la cele mai \u00eenalte standarde\"}]},{\"@type\":\"WebSite\",\"@id\":\"https:\/\/www.imobiliare.ro\/imoexpert\/#website\",\"url\":\"https:\/\/www.imobiliare.ro\/imoexpert\/\",\"name\":\"ImoExpert\",\"description\":\"cele mai importante \u015ftiri din domeniul imobiliar\",\"publisher\":{\"@id\":\"https:\/\/www.imobiliare.ro\/imoexpert\/#organization\"},\"inLanguage\":\"en\"},{\"@type\":\"Organization\",\"@id\":\"https:\/\/www.imobiliare.ro\/imoexpert\/#organization\",\"name\":\"Imobiliare.ro\",\"alternateName\":\"Realmedia Network SA\",\"url\":\"https:\/\/www.imobiliare.ro\/imoexpert\/\",\"logo\":{\"@type\":\"ImageObject\",\"inLanguage\":\"en\",\"@id\":\"https:\/\/www.imobiliare.ro\/imoexpert\/#\/schema\/logo\/image\/\",\"url\":\"https:\/\/www.imobiliare.ro\/imoexpert\/wp-content\/uploads\/2025\/05\/imobiliare_logo.png\",\"contentUrl\":\"https:\/\/www.imobiliare.ro\/imoexpert\/wp-content\/uploads\/2025\/05\/imobiliare_logo.png\",\"width\":237,\"height\":29,\"caption\":\"Imobiliare.ro\"},\"image\":{\"@id\":\"https:\/\/www.imobiliare.ro\/imoexpert\/#\/schema\/logo\/image\/\"}},{\"@type\":\"Person\",\"@id\":\"https:\/\/www.imobiliare.ro\/imoexpert\/#\/schema\/person\/24d0abafdca42af79d5ca29e19bc0062\",\"name\":\"Imo Expert\",\"image\":{\"@type\":\"ImageObject\",\"inLanguage\":\"en\",\"@id\":\"https:\/\/www.imobiliare.ro\/imoexpert\/#\/schema\/person\/image\/\",\"url\":\"https:\/\/www.imobiliare.ro\/imoexpert\/wp-content\/uploads\/2023\/11\/cropped-logo-96x96.jpg\",\"contentUrl\":\"https:\/\/www.imobiliare.ro\/imoexpert\/wp-content\/uploads\/2023\/11\/cropped-logo-96x96.jpg\",\"caption\":\"Imo Expert\"},\"description\":\"Imobiliare.ro\u00a0este site-ul de imobiliare din Rom\u00e2nia cu cea mai mare \u00eencredere \u00een r\u00e2ndul utilizatorilor. Imobiliare.ro promite celor care \u00ee\u0219i caut\u0103 o locuin\u021b\u0103, cump\u0103r\u0103tori \u0219i chiria\u0219i, cea mai bun\u0103 experien\u021b\u0103 de c\u0103utare \u0219i \u00eei ajut\u0103 s\u0103 ia cea mai bun\u0103 decizie pentru a g\u0103si casa ideal\u0103. Totodat\u0103, Imobiliare.ro este principalul furnizor de date \u0219i statistici imobiliare pentru presa din Rom\u00e2nia, comunic\u00e2nd cu regularitate analize, rapoarte \u0219i indici despre evolu\u021bia pie\u021bei imobiliare.\",\"sameAs\":[\"https:\/\/www.imobiliare.ro\"],\"alternateName\":\"ImoExpert\",\"jobTitle\":\"Echipa editorial\u0103\",\"url\":\"https:\/\/www.imobiliare.ro\/imoexpert\/author\/imo-expert\/\"}]}<\/script>\n<!-- \/ Yoast SEO Premium plugin. -->","yoast_head_json":{"title":"Urban Plaza redefine\u0219te linia orizontului la Bra\u0219ov: 2.000 de apartamente \u0219i facilit\u0103\u021bi integrate, la cele mai \u00eenalte standarde - Parteneri, \u0218tiri - ImoExpert","description":"Cea dint\u00e2i etap\u0103 de construc\u021bie se afl\u0103 \u00een curs de finalizare, iar predarea locuin\u021belor aferente celei de-a doua va \u00eencepe spre finele acestui an. Dup\u0103 13","robots":{"index":"index","follow":"follow"},"canonical":"https:\/\/www.imobiliare.ro\/imoexpert\/urban-plaza-redefineste-linia-orizontului-la-brasov-2-000-de-apartamente-si-facilitati-integrate-la-cele-mai-inalte-standarde-p_db\/","og_locale":"ro_RO","og_type":"article","og_title":"Urban Plaza redefine\u0219te linia orizontului la Bra\u0219ov: 2.000 de apartamente \u0219i facilit\u0103\u021bi integrate, la cele mai \u00eenalte standarde","og_description":"Cea dint\u00e2i etap\u0103 de construc\u021bie se afl\u0103 \u00een curs de finalizare, iar predarea locuin\u021belor aferente celei de-a doua va \u00eencepe spre finele acestui an. Dup\u0103 13","og_url":"https:\/\/www.imobiliare.ro\/imoexpert\/urban-plaza-redefineste-linia-orizontului-la-brasov-2-000-de-apartamente-si-facilitati-integrate-la-cele-mai-inalte-standarde-p_db\/","og_site_name":"ImoExpert","article_published_time":"2021-08-31T08:58:29+00:00","og_image":[{"width":800,"height":450,"url":"https:\/\/www.imobiliare.ro\/imoexpert\/wp-content\/uploads\/2021\/08\/Urban-Plaza-1.jpg","type":"image\/jpeg"}],"author":"Imo Expert","twitter_card":"summary_large_image","twitter_misc":{"Written by":"Imo Expert","Est. reading time":"3 minute"},"schema":{"@context":"https:\/\/schema.org","@graph":[{"@type":"Article","@id":"https:\/\/www.imobiliare.ro\/imoexpert\/urban-plaza-redefineste-linia-orizontului-la-brasov-2-000-de-apartamente-si-facilitati-integrate-la-cele-mai-inalte-standarde-p_db\/#article","isPartOf":{"@id":"https:\/\/www.imobiliare.ro\/imoexpert\/urban-plaza-redefineste-linia-orizontului-la-brasov-2-000-de-apartamente-si-facilitati-integrate-la-cele-mai-inalte-standarde-p_db\/"},"author":{"name":"Imo Expert","@id":"https:\/\/www.imobiliare.ro\/imoexpert\/#\/schema\/person\/24d0abafdca42af79d5ca29e19bc0062"},"headline":"Urban Plaza redefine\u0219te linia orizontului la Bra\u0219ov: 2.000 de apartamente \u0219i facilit\u0103\u021bi integrate, la cele mai \u00eenalte standarde","datePublished":"2021-08-31T08:58:29+00:00","mainEntityOfPage":{"@id":"https:\/\/www.imobiliare.ro\/imoexpert\/urban-plaza-redefineste-linia-orizontului-la-brasov-2-000-de-apartamente-si-facilitati-integrate-la-cele-mai-inalte-standarde-p_db\/"},"wordCount":649,"commentCount":0,"publisher":{"@id":"https:\/\/www.imobiliare.ro\/imoexpert\/#organization"},"image":{"@id":"https:\/\/www.imobiliare.ro\/imoexpert\/urban-plaza-redefineste-linia-orizontului-la-brasov-2-000-de-apartamente-si-facilitati-integrate-la-cele-mai-inalte-standarde-p_db\/#primaryimage"},"thumbnailUrl":"https:\/\/www.imobiliare.ro\/imoexpert\/wp-content\/uploads\/2021\/08\/Urban-Plaza-1.jpg","keywords":["Advertoriale","Ansambluri rezidentiale","Brasov","cumparator","newsletter","principal","Urban Plaza"],"articleSection":["Parteneri","\u0218tiri"],"inLanguage":"en","potentialAction":[{"@type":"CommentAction","name":"Comment","target":["https:\/\/www.imobiliare.ro\/imoexpert\/urban-plaza-redefineste-linia-orizontului-la-brasov-2-000-de-apartamente-si-facilitati-integrate-la-cele-mai-inalte-standarde-p_db\/#respond"]}],"copyrightYear":"2021","copyrightHolder":{"@id":"https:\/\/www.imobiliare.ro\/imoexpert\/#organization"}},{"@type":"WebPage","@id":"https:\/\/www.imobiliare.ro\/imoexpert\/urban-plaza-redefineste-linia-orizontului-la-brasov-2-000-de-apartamente-si-facilitati-integrate-la-cele-mai-inalte-standarde-p_db\/","url":"https:\/\/www.imobiliare.ro\/imoexpert\/urban-plaza-redefineste-linia-orizontului-la-brasov-2-000-de-apartamente-si-facilitati-integrate-la-cele-mai-inalte-standarde-p_db\/","name":"Urban Plaza redefine\u0219te linia orizontului la Bra\u0219ov: 2.000 de apartamente \u0219i facilit\u0103\u021bi integrate, la cele mai \u00eenalte standarde - Parteneri, \u0218tiri - ImoExpert","isPartOf":{"@id":"https:\/\/www.imobiliare.ro\/imoexpert\/#website"},"primaryImageOfPage":{"@id":"https:\/\/www.imobiliare.ro\/imoexpert\/urban-plaza-redefineste-linia-orizontului-la-brasov-2-000-de-apartamente-si-facilitati-integrate-la-cele-mai-inalte-standarde-p_db\/#primaryimage"},"image":{"@id":"https:\/\/www.imobiliare.ro\/imoexpert\/urban-plaza-redefineste-linia-orizontului-la-brasov-2-000-de-apartamente-si-facilitati-integrate-la-cele-mai-inalte-standarde-p_db\/#primaryimage"},"thumbnailUrl":"https:\/\/www.imobiliare.ro\/imoexpert\/wp-content\/uploads\/2021\/08\/Urban-Plaza-1.jpg","datePublished":"2021-08-31T08:58:29+00:00","description":"Cea dint\u00e2i etap\u0103 de construc\u021bie se afl\u0103 \u00een curs de finalizare, iar predarea locuin\u021belor aferente celei de-a doua va \u00eencepe spre finele acestui an. Dup\u0103 13","breadcrumb":{"@id":"https:\/\/www.imobiliare.ro\/imoexpert\/urban-plaza-redefineste-linia-orizontului-la-brasov-2-000-de-apartamente-si-facilitati-integrate-la-cele-mai-inalte-standarde-p_db\/#breadcrumb"},"inLanguage":"en","potentialAction":[{"@type":"ReadAction","target":["https:\/\/www.imobiliare.ro\/imoexpert\/urban-plaza-redefineste-linia-orizontului-la-brasov-2-000-de-apartamente-si-facilitati-integrate-la-cele-mai-inalte-standarde-p_db\/"]}]},{"@type":"ImageObject","inLanguage":"en","@id":"https:\/\/www.imobiliare.ro\/imoexpert\/urban-plaza-redefineste-linia-orizontului-la-brasov-2-000-de-apartamente-si-facilitati-integrate-la-cele-mai-inalte-standarde-p_db\/#primaryimage","url":"https:\/\/www.imobiliare.ro\/imoexpert\/wp-content\/uploads\/2021\/08\/Urban-Plaza-1.jpg","contentUrl":"https:\/\/www.imobiliare.ro\/imoexpert\/wp-content\/uploads\/2021\/08\/Urban-Plaza-1.jpg","width":800,"height":450},{"@type":"BreadcrumbList","@id":"https:\/\/www.imobiliare.ro\/imoexpert\/urban-plaza-redefineste-linia-orizontului-la-brasov-2-000-de-apartamente-si-facilitati-integrate-la-cele-mai-inalte-standarde-p_db\/#breadcrumb","itemListElement":[{"@type":"ListItem","position":1,"name":"Imoradar24","item":"https:\/\/www.imoradar24.ro"},{"@type":"ListItem","position":2,"name":"ImoExpert","item":"https:\/\/www.imobiliare.ro\/imoexpert\/"},{"@type":"ListItem","position":3,"name":"Parteneri","item":"https:\/\/www.imobiliare.ro\/imoexpert\/parteneri\/"},{"@type":"ListItem","position":4,"name":"Urban Plaza redefine\u0219te linia orizontului la Bra\u0219ov: 2.000 de apartamente \u0219i facilit\u0103\u021bi integrate, la cele mai \u00eenalte standarde"}]},{"@type":"WebSite","@id":"https:\/\/www.imobiliare.ro\/imoexpert\/#website","url":"https:\/\/www.imobiliare.ro\/imoexpert\/","name":"ImoExpert","description":"cele mai importante \u015ftiri din domeniul imobiliar","publisher":{"@id":"https:\/\/www.imobiliare.ro\/imoexpert\/#organization"},"inLanguage":"en"},{"@type":"Organization","@id":"https:\/\/www.imobiliare.ro\/imoexpert\/#organization","name":"Imobiliare.ro","alternateName":"Realmedia Network SA","url":"https:\/\/www.imobiliare.ro\/imoexpert\/","logo":{"@type":"ImageObject","inLanguage":"en","@id":"https:\/\/www.imobiliare.ro\/imoexpert\/#\/schema\/logo\/image\/","url":"https:\/\/www.imobiliare.ro\/imoexpert\/wp-content\/uploads\/2025\/05\/imobiliare_logo.png","contentUrl":"https:\/\/www.imobiliare.ro\/imoexpert\/wp-content\/uploads\/2025\/05\/imobiliare_logo.png","width":237,"height":29,"caption":"Imobiliare.ro"},"image":{"@id":"https:\/\/www.imobiliare.ro\/imoexpert\/#\/schema\/logo\/image\/"}},{"@type":"Person","@id":"https:\/\/www.imobiliare.ro\/imoexpert\/#\/schema\/person\/24d0abafdca42af79d5ca29e19bc0062","name":"Imo Expert","image":{"@type":"ImageObject","inLanguage":"en","@id":"https:\/\/www.imobiliare.ro\/imoexpert\/#\/schema\/person\/image\/","url":"https:\/\/www.imobiliare.ro\/imoexpert\/wp-content\/uploads\/2023\/11\/cropped-logo-96x96.jpg","contentUrl":"https:\/\/www.imobiliare.ro\/imoexpert\/wp-content\/uploads\/2023\/11\/cropped-logo-96x96.jpg","caption":"Imo Expert"},"description":"Imobiliare.ro\u00a0este site-ul de imobiliare din Rom\u00e2nia cu cea mai mare \u00eencredere \u00een r\u00e2ndul utilizatorilor. Imobiliare.ro promite celor care \u00ee\u0219i caut\u0103 o locuin\u021b\u0103, cump\u0103r\u0103tori \u0219i chiria\u0219i, cea mai bun\u0103 experien\u021b\u0103 de c\u0103utare \u0219i \u00eei ajut\u0103 s\u0103 ia cea mai bun\u0103 decizie pentru a g\u0103si casa ideal\u0103. Totodat\u0103, Imobiliare.ro este principalul furnizor de date \u0219i statistici imobiliare pentru presa din Rom\u00e2nia, comunic\u00e2nd cu regularitate analize, rapoarte \u0219i indici despre evolu\u021bia pie\u021bei imobiliare.","sameAs":["https:\/\/www.imobiliare.ro"],"alternateName":"ImoExpert","jobTitle":"Echipa editorial\u0103","url":"https:\/\/www.imobiliare.ro\/imoexpert\/author\/imo-expert\/"}]}},"_links":{"self":[{"href":"https:\/\/www.imobiliare.ro\/imoexpert\/wp-json\/wp\/v2\/posts\/63115","targetHints":{"allow":["GET"]}}],"collection":[{"href":"https:\/\/www.imobiliare.ro\/imoexpert\/wp-json\/wp\/v2\/posts"}],"about":[{"href":"https:\/\/www.imobiliare.ro\/imoexpert\/wp-json\/wp\/v2\/types\/post"}],"author":[{"embeddable":true,"href":"https:\/\/www.imobiliare.ro\/imoexpert\/wp-json\/wp\/v2\/users\/821"}],"replies":[{"embeddable":true,"href":"https:\/\/www.imobiliare.ro\/imoexpert\/wp-json\/wp\/v2\/comments?post=63115"}],"version-history":[{"count":0,"href":"https:\/\/www.imobiliare.ro\/imoexpert\/wp-json\/wp\/v2\/posts\/63115\/revisions"}],"wp:featuredmedia":[{"embeddable":true,"href":"https:\/\/www.imobiliare.ro\/imoexpert\/wp-json\/wp\/v2\/media\/63116"}],"wp:attachment":[{"href":"https:\/\/www.imobiliare.ro\/imoexpert\/wp-json\/wp\/v2\/media?parent=63115"}],"wp:term":[{"taxonomy":"category","embeddable":true,"href":"https:\/\/www.imobiliare.ro\/imoexpert\/wp-json\/wp\/v2\/categories?post=63115"},{"taxonomy":"post_tag","embeddable":true,"href":"https:\/\/www.imobiliare.ro\/imoexpert\/wp-json\/wp\/v2\/tags?post=63115"},{"taxonomy":"content_author","embeddable":true,"href":"https:\/\/www.imobiliare.ro\/imoexpert\/wp-json\/wp\/v2\/content_author?post=63115"}],"curies":[{"name":"wp","href":"https:\/\/api.w.org\/{rel}","templated":true}]}}