{"id":63275,"date":"2021-07-23T15:05:57","date_gmt":"2021-07-23T12:05:57","guid":{"rendered":"https:\/\/www.imobiliare.ro\/imoexpert\/?p=63275"},"modified":"2021-07-23T15:05:57","modified_gmt":"2021-07-23T12:05:57","slug":"liberalizarea-pietei-de-energie-electrica-imoexpert-20-2","status":"publish","type":"post","link":"https:\/\/www.imobiliare.ro\/imoexpert\/liberalizarea-pietei-de-energie-electrica-imoexpert-20-2_db\/","title":{"rendered":"Liberalizarea pie\u021bei de energie electric\u0103 | imoExpert #20"},"content":{"rendered":"<p><span class=\"style-scope yt-formatted-string\" dir=\"auto\">Emisiunea imoExpert #20 abordeaz\u0103 subiectul utilit\u0103\u021bilor. \u00cen acest context, \u00een prima parte a emisiunii se dezbate subiectul liberaliz\u0103rii pie\u021bei de energie electric\u0103 \u0219i pa\u0219ii pe care trebuie s\u0103 \u00eei parcurgem pentru \u00eencheierea unui nou contract. \u00cen a doua parte se discut\u0103 despre sistemele moderne de termoficare \u00een cadrul ansamblurilor noi. <\/span><\/p>\n<p><span class=\"style-scope yt-formatted-string\" dir=\"auto\">Invita\u021bii emisiunii:<\/span><\/p>\n<ul>\n<li><span class=\"style-scope yt-formatted-string\" dir=\"auto\"> Tudor Ad\u0103sc\u0103li\u021bei \u2013 Head of Sales Restart Energy <\/span><\/li>\n<li><span class=\"style-scope yt-formatted-string\" dir=\"auto\"> C\u0103lin Centea &#8211; Head of Sales Isho<\/span><\/li>\n<\/ul>\n<p><span class=\"style-scope yt-formatted-string\" dir=\"auto\"> Fii la curent cu tot ce \u00eenseamn\u0103 Pia\u021ba Imobiliar\u0103 \u0219i aboneaz\u0103-te la canalul nostru de YouTube! <\/span><\/p>\n<p><span class=\"style-scope yt-formatted-string\" dir=\"auto\"> Urm\u0103re\u0219te toate emisiunile <\/span><a class=\"article-body-links\"class=\"yt-simple-endpoint style-scope yt-formatted-string\" dir=\"auto\" spellcheck=\"false\" href=\"https:\/\/www.youtube.com\/hashtag\/imoexpert\">#imoExpert<\/a><span class=\"style-scope yt-formatted-string\" dir=\"auto\"> aici: <\/span><a class=\"article-body-links\"class=\"yt-simple-endpoint style-scope yt-formatted-string\" dir=\"auto\" spellcheck=\"false\" href=\"https:\/\/www.youtube.com\/redirect?event=video_description&amp;redir_token=QUFFLUhqbDJaaDhoMGM1dDl2WUtjMHVrYlZHamdJZ1dLQXxBQ3Jtc0tuUVpLSkNUQ0FRVGtLNzlOVlh1WV9IWGZsREFKelVxemFpUkF5X2ZsTDhWSlJYUWloNE9OQ2hXc2dWWThLbS04ME50SEVfZUNsYlY4T0lZZWt4eXlpSy1ta0p4RG5VclE3YnRtVnFwYlNJR1d5ellybw&amp;q=https%3A%2F%2Fbit.ly%2F2PelHQL\" target=\"_blank\" rel=\"nofollow noopener\">https:\/\/bit.ly\/2PelHQL<\/a><\/p>\n","protected":false},"excerpt":{"rendered":"<p>Emisiunea imoExpert #20 abordeaz\u0103 subiectul utilit\u0103\u021bilor. \u00cen acest context, \u00een prima parte a emisiunii se dezbate subiectul liberaliz\u0103rii pie\u021bei de energie electric\u0103 \u0219i pa\u0219ii pe care trebuie s\u0103 \u00eei parcurgem pentru \u00eencheierea unui nou contract. \u00cen a doua parte se discut\u0103 despre sistemele moderne de termoficare \u00een cadrul ansamblurilor noi. Invita\u021bii emisiunii: Tudor Ad\u0103sc\u0103li\u021bei \u2013 [&hellip;]<\/p>\n","protected":false},"author":842160,"featured_media":0,"comment_status":"open","ping_status":"open","sticky":false,"template":"","format":"video","meta":{"footnotes":""},"categories":[2455],"tags":[],"content_author":[],"class_list":["post-63275","post","type-post","status-publish","format-video","hentry","category-video","post_format-post-format-video"],"yoast_head":"<!-- This site is optimized with the Yoast SEO Premium plugin v27.0 (Yoast SEO v27.0) - https:\/\/yoast.com\/product\/yoast-seo-premium-wordpress\/ -->\n<title>Liberalizarea pie\u021bei de energie electric\u0103 | imoExpert #20 - Video - ImoExpert<\/title>\n<meta name=\"description\" content=\"Emisiunea imoExpert #20 abordeaz\u0103 subiectul utilit\u0103\u021bilor. \u00cen acest context, \u00een prima parte a emisiunii se dezbate subiectul liberaliz\u0103rii pie\u021bei de\" \/>\n<meta name=\"robots\" content=\"index, follow\" \/>\n<link rel=\"canonical\" href=\"https:\/\/www.imobiliare.ro\/imoexpert\/liberalizarea-pietei-de-energie-electrica-imoexpert-20-2_db\/\" \/>\n<meta property=\"og:locale\" content=\"ro_RO\" \/>\n<meta property=\"og:type\" content=\"article\" \/>\n<meta property=\"og:title\" content=\"Liberalizarea pie\u021bei de energie electric\u0103 | imoExpert #20\" \/>\n<meta property=\"og:description\" content=\"Emisiunea imoExpert #20 abordeaz\u0103 subiectul utilit\u0103\u021bilor. \u00cen acest context, \u00een prima parte a emisiunii se dezbate subiectul liberaliz\u0103rii pie\u021bei de\" \/>\n<meta property=\"og:url\" content=\"https:\/\/www.imobiliare.ro\/imoexpert\/liberalizarea-pietei-de-energie-electrica-imoexpert-20-2_db\/\" \/>\n<meta property=\"og:site_name\" content=\"ImoExpert\" \/>\n<meta property=\"article:author\" content=\"https:\/\/www.facebook.com\/AlexandraGabita\" \/>\n<meta property=\"article:published_time\" content=\"2021-07-23T12:05:57+00:00\" \/>\n<meta name=\"author\" content=\"Alexandra Manolache\" \/>\n<meta name=\"twitter:card\" content=\"summary_large_image\" \/>\n<meta name=\"twitter:label1\" content=\"Written by\" \/>\n\t<meta name=\"twitter:data1\" content=\"Alexandra Manolache\" \/>\n\t<meta name=\"twitter:label2\" content=\"Est. reading time\" \/>\n\t<meta name=\"twitter:data2\" content=\"1 minut\" \/>\n<script type=\"application\/ld+json\" class=\"yoast-schema-graph\">{\"@context\":\"https:\/\/schema.org\",\"@graph\":[{\"@type\":\"Article\",\"@id\":\"https:\/\/www.imobiliare.ro\/imoexpert\/liberalizarea-pietei-de-energie-electrica-imoexpert-20-2_db\/#article\",\"isPartOf\":{\"@id\":\"https:\/\/www.imobiliare.ro\/imoexpert\/liberalizarea-pietei-de-energie-electrica-imoexpert-20-2_db\/\"},\"author\":{\"name\":\"Alexandra Manolache\",\"@id\":\"https:\/\/www.imobiliare.ro\/imoexpert\/#\/schema\/person\/f3350e4786cf9f97888b908d7a00105c\"},\"headline\":\"Liberalizarea pie\u021bei de energie electric\u0103 | imoExpert #20\",\"datePublished\":\"2021-07-23T12:05:57+00:00\",\"mainEntityOfPage\":{\"@id\":\"https:\/\/www.imobiliare.ro\/imoexpert\/liberalizarea-pietei-de-energie-electrica-imoexpert-20-2_db\/\"},\"wordCount\":110,\"commentCount\":0,\"publisher\":{\"@id\":\"https:\/\/www.imobiliare.ro\/imoexpert\/#organization\"},\"articleSection\":[\"Video\"],\"inLanguage\":\"en\",\"potentialAction\":[{\"@type\":\"CommentAction\",\"name\":\"Comment\",\"target\":[\"https:\/\/www.imobiliare.ro\/imoexpert\/liberalizarea-pietei-de-energie-electrica-imoexpert-20-2_db\/#respond\"]}],\"copyrightYear\":\"2021\",\"copyrightHolder\":{\"@id\":\"https:\/\/www.imobiliare.ro\/imoexpert\/#organization\"}},{\"@type\":\"WebPage\",\"@id\":\"https:\/\/www.imobiliare.ro\/imoexpert\/liberalizarea-pietei-de-energie-electrica-imoexpert-20-2_db\/\",\"url\":\"https:\/\/www.imobiliare.ro\/imoexpert\/liberalizarea-pietei-de-energie-electrica-imoexpert-20-2_db\/\",\"name\":\"Liberalizarea pie\u021bei de energie electric\u0103 | imoExpert #20 - Video - ImoExpert\",\"isPartOf\":{\"@id\":\"https:\/\/www.imobiliare.ro\/imoexpert\/#website\"},\"datePublished\":\"2021-07-23T12:05:57+00:00\",\"description\":\"Emisiunea imoExpert #20 abordeaz\u0103 subiectul utilit\u0103\u021bilor. \u00cen acest context, \u00een prima parte a emisiunii se dezbate subiectul liberaliz\u0103rii pie\u021bei de\",\"breadcrumb\":{\"@id\":\"https:\/\/www.imobiliare.ro\/imoexpert\/liberalizarea-pietei-de-energie-electrica-imoexpert-20-2_db\/#breadcrumb\"},\"inLanguage\":\"en\",\"potentialAction\":[{\"@type\":\"ReadAction\",\"target\":[\"https:\/\/www.imobiliare.ro\/imoexpert\/liberalizarea-pietei-de-energie-electrica-imoexpert-20-2_db\/\"]}]},{\"@type\":\"BreadcrumbList\",\"@id\":\"https:\/\/www.imobiliare.ro\/imoexpert\/liberalizarea-pietei-de-energie-electrica-imoexpert-20-2_db\/#breadcrumb\",\"itemListElement\":[{\"@type\":\"ListItem\",\"position\":1,\"name\":\"Imoradar24\",\"item\":\"https:\/\/www.imoradar24.ro\"},{\"@type\":\"ListItem\",\"position\":2,\"name\":\"ImoExpert\",\"item\":\"https:\/\/www.imobiliare.ro\/imoexpert\/\"},{\"@type\":\"ListItem\",\"position\":3,\"name\":\"Video\",\"item\":\"https:\/\/www.imobiliare.ro\/imoexpert\/video\/\"},{\"@type\":\"ListItem\",\"position\":4,\"name\":\"Liberalizarea pie\u021bei de energie electric\u0103 | imoExpert #20\"}]},{\"@type\":\"WebSite\",\"@id\":\"https:\/\/www.imobiliare.ro\/imoexpert\/#website\",\"url\":\"https:\/\/www.imobiliare.ro\/imoexpert\/\",\"name\":\"ImoExpert\",\"description\":\"cele mai importante \u015ftiri din domeniul imobiliar\",\"publisher\":{\"@id\":\"https:\/\/www.imobiliare.ro\/imoexpert\/#organization\"},\"inLanguage\":\"en\"},{\"@type\":\"Organization\",\"@id\":\"https:\/\/www.imobiliare.ro\/imoexpert\/#organization\",\"name\":\"Imobiliare.ro\",\"alternateName\":\"Realmedia Network SA\",\"url\":\"https:\/\/www.imobiliare.ro\/imoexpert\/\",\"logo\":{\"@type\":\"ImageObject\",\"inLanguage\":\"en\",\"@id\":\"https:\/\/www.imobiliare.ro\/imoexpert\/#\/schema\/logo\/image\/\",\"url\":\"https:\/\/www.imobiliare.ro\/imoexpert\/wp-content\/uploads\/2025\/05\/imobiliare_logo.png\",\"contentUrl\":\"https:\/\/www.imobiliare.ro\/imoexpert\/wp-content\/uploads\/2025\/05\/imobiliare_logo.png\",\"width\":237,\"height\":29,\"caption\":\"Imobiliare.ro\"},\"image\":{\"@id\":\"https:\/\/www.imobiliare.ro\/imoexpert\/#\/schema\/logo\/image\/\"}},{\"@type\":\"Person\",\"@id\":\"https:\/\/www.imobiliare.ro\/imoexpert\/#\/schema\/person\/f3350e4786cf9f97888b908d7a00105c\",\"name\":\"Alexandra Manolache\",\"image\":{\"@type\":\"ImageObject\",\"inLanguage\":\"en\",\"@id\":\"https:\/\/www.imobiliare.ro\/imoexpert\/#\/schema\/person\/image\/\",\"url\":\"https:\/\/www.imobiliare.ro\/imoexpert\/wp-content\/uploads\/2026\/02\/cropped-chatgpt-image-jan-26-2026-11-50-59-am-96x96.png\",\"contentUrl\":\"https:\/\/www.imobiliare.ro\/imoexpert\/wp-content\/uploads\/2026\/02\/cropped-chatgpt-image-jan-26-2026-11-50-59-am-96x96.png\",\"caption\":\"Alexandra Manolache\"},\"description\":\"Alexandra G\u0103bi\u021ba Manolache este Brand Manager la Imobiliare.ro. Absolvent\u0103 a Facult\u0103\u021bii de Cibernetic\u0103, Statistic\u0103 \u0219i Informatic\u0103 Economic\u0103 (FEAA Timi\u0219oara), vine cu o baz\u0103 solid\u0103 \u00een digital \u0219i economie \u0219i o experien\u021b\u0103 de 9 ani \u00een digital marketing. A contribuit ca editor la \u0219ase edi\u021bii ale raportului trimestrial Market 360 \u0219i semneaz\u0103 articole pe blogul Imobiliare.ro, unde explic\u0103 tendin\u021be \u0219i ofer\u0103 perspective aplicate asupra real estate-ului.\",\"sameAs\":[\"https:\/\/alexandra-manolache.com\/\",\"https:\/\/www.facebook.com\/AlexandraGabita\",\"https:\/\/www.instagram.com\/alexandragabita\/\",\"https:\/\/www.linkedin.com\/in\/alexandra-gabita-manolache\/\",\"https:\/\/www.youtube.com\/channel\/UCAqYKF7H8sJ0n55YF97Lz5g\"],\"jobTitle\":\"Brand Manager\",\"url\":\"https:\/\/www.imobiliare.ro\/imoexpert\/author\/alexandra-manolache\/\"}]}<\/script>\n<!-- \/ Yoast SEO Premium plugin. -->","yoast_head_json":{"title":"Liberalizarea pie\u021bei de energie electric\u0103 | imoExpert #20 - Video - ImoExpert","description":"Emisiunea imoExpert #20 abordeaz\u0103 subiectul utilit\u0103\u021bilor. \u00cen acest context, \u00een prima parte a emisiunii se dezbate subiectul liberaliz\u0103rii pie\u021bei de","robots":{"index":"index","follow":"follow"},"canonical":"https:\/\/www.imobiliare.ro\/imoexpert\/liberalizarea-pietei-de-energie-electrica-imoexpert-20-2_db\/","og_locale":"ro_RO","og_type":"article","og_title":"Liberalizarea pie\u021bei de energie electric\u0103 | imoExpert #20","og_description":"Emisiunea imoExpert #20 abordeaz\u0103 subiectul utilit\u0103\u021bilor. \u00cen acest context, \u00een prima parte a emisiunii se dezbate subiectul liberaliz\u0103rii pie\u021bei de","og_url":"https:\/\/www.imobiliare.ro\/imoexpert\/liberalizarea-pietei-de-energie-electrica-imoexpert-20-2_db\/","og_site_name":"ImoExpert","article_author":"https:\/\/www.facebook.com\/AlexandraGabita","article_published_time":"2021-07-23T12:05:57+00:00","author":"Alexandra Manolache","twitter_card":"summary_large_image","twitter_misc":{"Written by":"Alexandra Manolache","Est. reading time":"1 minut"},"schema":{"@context":"https:\/\/schema.org","@graph":[{"@type":"Article","@id":"https:\/\/www.imobiliare.ro\/imoexpert\/liberalizarea-pietei-de-energie-electrica-imoexpert-20-2_db\/#article","isPartOf":{"@id":"https:\/\/www.imobiliare.ro\/imoexpert\/liberalizarea-pietei-de-energie-electrica-imoexpert-20-2_db\/"},"author":{"name":"Alexandra Manolache","@id":"https:\/\/www.imobiliare.ro\/imoexpert\/#\/schema\/person\/f3350e4786cf9f97888b908d7a00105c"},"headline":"Liberalizarea pie\u021bei de energie electric\u0103 | imoExpert #20","datePublished":"2021-07-23T12:05:57+00:00","mainEntityOfPage":{"@id":"https:\/\/www.imobiliare.ro\/imoexpert\/liberalizarea-pietei-de-energie-electrica-imoexpert-20-2_db\/"},"wordCount":110,"commentCount":0,"publisher":{"@id":"https:\/\/www.imobiliare.ro\/imoexpert\/#organization"},"articleSection":["Video"],"inLanguage":"en","potentialAction":[{"@type":"CommentAction","name":"Comment","target":["https:\/\/www.imobiliare.ro\/imoexpert\/liberalizarea-pietei-de-energie-electrica-imoexpert-20-2_db\/#respond"]}],"copyrightYear":"2021","copyrightHolder":{"@id":"https:\/\/www.imobiliare.ro\/imoexpert\/#organization"}},{"@type":"WebPage","@id":"https:\/\/www.imobiliare.ro\/imoexpert\/liberalizarea-pietei-de-energie-electrica-imoexpert-20-2_db\/","url":"https:\/\/www.imobiliare.ro\/imoexpert\/liberalizarea-pietei-de-energie-electrica-imoexpert-20-2_db\/","name":"Liberalizarea pie\u021bei de energie electric\u0103 | imoExpert #20 - Video - ImoExpert","isPartOf":{"@id":"https:\/\/www.imobiliare.ro\/imoexpert\/#website"},"datePublished":"2021-07-23T12:05:57+00:00","description":"Emisiunea imoExpert #20 abordeaz\u0103 subiectul utilit\u0103\u021bilor. \u00cen acest context, \u00een prima parte a emisiunii se dezbate subiectul liberaliz\u0103rii pie\u021bei de","breadcrumb":{"@id":"https:\/\/www.imobiliare.ro\/imoexpert\/liberalizarea-pietei-de-energie-electrica-imoexpert-20-2_db\/#breadcrumb"},"inLanguage":"en","potentialAction":[{"@type":"ReadAction","target":["https:\/\/www.imobiliare.ro\/imoexpert\/liberalizarea-pietei-de-energie-electrica-imoexpert-20-2_db\/"]}]},{"@type":"BreadcrumbList","@id":"https:\/\/www.imobiliare.ro\/imoexpert\/liberalizarea-pietei-de-energie-electrica-imoexpert-20-2_db\/#breadcrumb","itemListElement":[{"@type":"ListItem","position":1,"name":"Imoradar24","item":"https:\/\/www.imoradar24.ro"},{"@type":"ListItem","position":2,"name":"ImoExpert","item":"https:\/\/www.imobiliare.ro\/imoexpert\/"},{"@type":"ListItem","position":3,"name":"Video","item":"https:\/\/www.imobiliare.ro\/imoexpert\/video\/"},{"@type":"ListItem","position":4,"name":"Liberalizarea pie\u021bei de energie electric\u0103 | imoExpert #20"}]},{"@type":"WebSite","@id":"https:\/\/www.imobiliare.ro\/imoexpert\/#website","url":"https:\/\/www.imobiliare.ro\/imoexpert\/","name":"ImoExpert","description":"cele mai importante \u015ftiri din domeniul imobiliar","publisher":{"@id":"https:\/\/www.imobiliare.ro\/imoexpert\/#organization"},"inLanguage":"en"},{"@type":"Organization","@id":"https:\/\/www.imobiliare.ro\/imoexpert\/#organization","name":"Imobiliare.ro","alternateName":"Realmedia Network SA","url":"https:\/\/www.imobiliare.ro\/imoexpert\/","logo":{"@type":"ImageObject","inLanguage":"en","@id":"https:\/\/www.imobiliare.ro\/imoexpert\/#\/schema\/logo\/image\/","url":"https:\/\/www.imobiliare.ro\/imoexpert\/wp-content\/uploads\/2025\/05\/imobiliare_logo.png","contentUrl":"https:\/\/www.imobiliare.ro\/imoexpert\/wp-content\/uploads\/2025\/05\/imobiliare_logo.png","width":237,"height":29,"caption":"Imobiliare.ro"},"image":{"@id":"https:\/\/www.imobiliare.ro\/imoexpert\/#\/schema\/logo\/image\/"}},{"@type":"Person","@id":"https:\/\/www.imobiliare.ro\/imoexpert\/#\/schema\/person\/f3350e4786cf9f97888b908d7a00105c","name":"Alexandra Manolache","image":{"@type":"ImageObject","inLanguage":"en","@id":"https:\/\/www.imobiliare.ro\/imoexpert\/#\/schema\/person\/image\/","url":"https:\/\/www.imobiliare.ro\/imoexpert\/wp-content\/uploads\/2026\/02\/cropped-chatgpt-image-jan-26-2026-11-50-59-am-96x96.png","contentUrl":"https:\/\/www.imobiliare.ro\/imoexpert\/wp-content\/uploads\/2026\/02\/cropped-chatgpt-image-jan-26-2026-11-50-59-am-96x96.png","caption":"Alexandra Manolache"},"description":"Alexandra G\u0103bi\u021ba Manolache este Brand Manager la Imobiliare.ro. Absolvent\u0103 a Facult\u0103\u021bii de Cibernetic\u0103, Statistic\u0103 \u0219i Informatic\u0103 Economic\u0103 (FEAA Timi\u0219oara), vine cu o baz\u0103 solid\u0103 \u00een digital \u0219i economie \u0219i o experien\u021b\u0103 de 9 ani \u00een digital marketing. A contribuit ca editor la \u0219ase edi\u021bii ale raportului trimestrial Market 360 \u0219i semneaz\u0103 articole pe blogul Imobiliare.ro, unde explic\u0103 tendin\u021be \u0219i ofer\u0103 perspective aplicate asupra real estate-ului.","sameAs":["https:\/\/alexandra-manolache.com\/","https:\/\/www.facebook.com\/AlexandraGabita","https:\/\/www.instagram.com\/alexandragabita\/","https:\/\/www.linkedin.com\/in\/alexandra-gabita-manolache\/","https:\/\/www.youtube.com\/channel\/UCAqYKF7H8sJ0n55YF97Lz5g"],"jobTitle":"Brand Manager","url":"https:\/\/www.imobiliare.ro\/imoexpert\/author\/alexandra-manolache\/"}]}},"_links":{"self":[{"href":"https:\/\/www.imobiliare.ro\/imoexpert\/wp-json\/wp\/v2\/posts\/63275","targetHints":{"allow":["GET"]}}],"collection":[{"href":"https:\/\/www.imobiliare.ro\/imoexpert\/wp-json\/wp\/v2\/posts"}],"about":[{"href":"https:\/\/www.imobiliare.ro\/imoexpert\/wp-json\/wp\/v2\/types\/post"}],"author":[{"embeddable":true,"href":"https:\/\/www.imobiliare.ro\/imoexpert\/wp-json\/wp\/v2\/users\/842160"}],"replies":[{"embeddable":true,"href":"https:\/\/www.imobiliare.ro\/imoexpert\/wp-json\/wp\/v2\/comments?post=63275"}],"version-history":[{"count":0,"href":"https:\/\/www.imobiliare.ro\/imoexpert\/wp-json\/wp\/v2\/posts\/63275\/revisions"}],"wp:attachment":[{"href":"https:\/\/www.imobiliare.ro\/imoexpert\/wp-json\/wp\/v2\/media?parent=63275"}],"wp:term":[{"taxonomy":"category","embeddable":true,"href":"https:\/\/www.imobiliare.ro\/imoexpert\/wp-json\/wp\/v2\/categories?post=63275"},{"taxonomy":"post_tag","embeddable":true,"href":"https:\/\/www.imobiliare.ro\/imoexpert\/wp-json\/wp\/v2\/tags?post=63275"},{"taxonomy":"content_author","embeddable":true,"href":"https:\/\/www.imobiliare.ro\/imoexpert\/wp-json\/wp\/v2\/content_author?post=63275"}],"curies":[{"name":"wp","href":"https:\/\/api.w.org\/{rel}","templated":true}]}}