{"id":63392,"date":"2021-09-21T23:39:34","date_gmt":"2021-09-21T20:39:34","guid":{"rendered":"https:\/\/www.imobiliare.ro\/imoexpert\/?p=63392"},"modified":"2021-09-21T23:39:34","modified_gmt":"2021-09-21T20:39:34","slug":"reconversie-in-ansamblu-rezidential-o-cladire-de-patrimoniu-de-pe-calea-victoriei-a-fost-consolidata-si-reabilitata-iar-elementele-art-deco-au-fost-pastrate","status":"publish","type":"post","link":"https:\/\/www.imobiliare.ro\/imoexpert\/reconversie-in-ansamblu-rezidential-o-cladire-de-patrimoniu-de-pe-calea-victoriei-a-fost-consolidata-si-reabilitata-iar-elementele-art-deco-au-fost-pastrate_db\/","title":{"rendered":"Reconversie \u00een ansamblu reziden\u021bial: o cl\u0103dire de patrimoniu de pe Calea Victoriei a fost consolidat\u0103 \u0219i reabilitat\u0103, iar elementele Art Deco au fost p\u0103strate"},"content":{"rendered":"<p><a class=\"article-body-links\"href=\"https:\/\/www.imobiliare.ro\/imoexpert\/wp-content\/uploads\/2021\/09\/H-Victoriei-139.jpg\"><img loading=\"lazy\" decoding=\"async\" src=\"https:\/\/www.imobiliare.ro\/imoexpert\/wp-content\/uploads\/2021\/09\/H-Victoriei-139.jpg\" alt=\"\" width=\"800\" height=\"627\" class=\"aligncenter size-full wp-image-63393\" srcset=\"https:\/\/www.imobiliare.ro\/imoexpert\/wp-content\/uploads\/2021\/09\/H-Victoriei-139.jpg 800w, https:\/\/www.imobiliare.ro\/imoexpert\/wp-content\/uploads\/2021\/09\/H-Victoriei-139-300x235.jpg 300w, https:\/\/www.imobiliare.ro\/imoexpert\/wp-content\/uploads\/2021\/09\/H-Victoriei-139-768x602.jpg 768w\" sizes=\"auto, (max-width: 800px) 100vw, 800px\" \/><\/a><\/p>\n<div id=\"ez-toc-container\" class=\"ez-toc-v2_0_81 counter-hierarchy ez-toc-counter ez-toc-grey ez-toc-container-direction\">\n<p class=\"ez-toc-title\" style=\"cursor:inherit\">Table of Contents<\/p>\n<label for=\"ez-toc-cssicon-toggle-item-69ec44c47d711\" class=\"ez-toc-cssicon-toggle-label\"><span class=\"ez-toc-cssicon\"><span class=\"eztoc-hide\" style=\"display:none;\">Toggle<\/span><span class=\"ez-toc-icon-toggle-span\"><svg style=\"fill: #999;color:#999\" xmlns=\"http:\/\/www.w3.org\/2000\/svg\" class=\"list-377408\" width=\"20px\" height=\"20px\" viewBox=\"0 0 24 24\" fill=\"none\"><path d=\"M6 6H4v2h2V6zm14 0H8v2h12V6zM4 11h2v2H4v-2zm16 0H8v2h12v-2zM4 16h2v2H4v-2zm16 0H8v2h12v-2z\" fill=\"currentColor\"><\/path><\/svg><svg style=\"fill: #999;color:#999\" class=\"arrow-unsorted-368013\" xmlns=\"http:\/\/www.w3.org\/2000\/svg\" width=\"10px\" height=\"10px\" viewBox=\"0 0 24 24\" version=\"1.2\" baseProfile=\"tiny\"><path d=\"M18.2 9.3l-6.2-6.3-6.2 6.3c-.2.2-.3.4-.3.7s.1.5.3.7c.2.2.4.3.7.3h11c.3 0 .5-.1.7-.3.2-.2.3-.5.3-.7s-.1-.5-.3-.7zM5.8 14.7l6.2 6.3 6.2-6.3c.2-.2.3-.5.3-.7s-.1-.5-.3-.7c-.2-.2-.4-.3-.7-.3h-11c-.3 0-.5.1-.7.3-.2.2-.3.5-.3.7s.1.5.3.7z\"\/><\/svg><\/span><\/span><\/label><input type=\"checkbox\"  id=\"ez-toc-cssicon-toggle-item-69ec44c47d711\"  aria-label=\"Toggle\" \/><nav><ul class='ez-toc-list ez-toc-list-level-1 ' ><li class='ez-toc-page-1 ez-toc-heading-level-2'><a class=\"ez-toc-link ez-toc-heading-1\" href=\"https:\/\/www.imobiliare.ro\/imoexpert\/reconversie-in-ansamblu-rezidential-o-cladire-de-patrimoniu-de-pe-calea-victoriei-a-fost-consolidata-si-reabilitata-iar-elementele-art-deco-au-fost-pastrate_db\/#Potrivit_companiei_dezvoltatoare_acesta_este_in_prezent_singurul_proiect_rezidential_premium_de_tip_boutique_localizat_pe_Calea_Victoriei_%E2%80%93_artera_considerata_un_veritabil_simbol_al_orasului\" >Potrivit companiei dezvoltatoare, acesta este, \u00een prezent, singurul proiect reziden\u021bial premium de tip boutique localizat pe Calea Victoriei \u2013 arter\u0103 considerat\u0103 un veritabil simbol al ora\u0219ului.<\/a><\/li><li class='ez-toc-page-1 ez-toc-heading-level-2'><a class=\"ez-toc-link ez-toc-heading-2\" href=\"https:\/\/www.imobiliare.ro\/imoexpert\/reconversie-in-ansamblu-rezidential-o-cladire-de-patrimoniu-de-pe-calea-victoriei-a-fost-consolidata-si-reabilitata-iar-elementele-art-deco-au-fost-pastrate_db\/#Eliminarea_vulnerabilitatii_la_seisme\" >Eliminarea vulnerabilit\u0103\u021bii la seisme<\/a><\/li><\/ul><\/nav><\/div>\n<h2><span class=\"ez-toc-section\" id=\"Potrivit_companiei_dezvoltatoare_acesta_este_in_prezent_singurul_proiect_rezidential_premium_de_tip_boutique_localizat_pe_Calea_Victoriei_%E2%80%93_artera_considerata_un_veritabil_simbol_al_orasului\"><\/span>Potrivit companiei dezvoltatoare, acesta este, \u00een prezent, singurul proiect reziden\u021bial premium de tip boutique localizat pe Calea Victoriei \u2013 arter\u0103 considerat\u0103 un veritabil simbol al ora\u0219ului.<span class=\"ez-toc-section-end\"><\/span><\/h2>\n<p>Dezvoltatorul imobiliar Hagag Development Europe a anun\u021bat c\u0103 a primit certificatul de edificare pentru proiectul reziden\u021bial H Victoriei 139 <strong>(foto)<\/strong> \u0219i \u00eencepe livrarea apartamentelor c\u0103tre noii proprietari. \u201e85% dintre unit\u0103\u021bile reziden\u021biale sunt deja v\u00e2ndute, iar jum\u0103tate din suprafa\u021ba spa\u021biilor comerciale disponibile la parterul cl\u0103dirii este \u00een prezent \u00eenchiriat\u0103\u201d, noteaz\u0103 reprezentan\u021bii companiei. <\/p>\n<p><strong>Cite\u0219te \u0219i:<br \/>\n<a class=\"article-body-links\"href=\"https:\/\/www.imobiliare.ro\/imoexpert\/dupa-70-de-ani-de-uitare-palatul-stirbei-de-pe-calea-victoriei-e-gata-de-reconditionare-hagag-asteapta-unda-verde-din-partea-autoritatilor_db\/\">Dup\u0103 70 de ani de uitare, Palatul \u0218tirbei de pe Calea Victoriei e gata de recondi\u021bionare. Hagag a\u0219teapt\u0103 und\u0103 verde din partea autorit\u0103\u021bilor<\/a><\/p>\n<p><a class=\"article-body-links\"href=\"https:\/\/www.imobiliare.ro\/imoexpert\/hagag-a-inceput-lucrarile-la-h-tudor-arghezi-21-dezvoltatorul-spera-sa-aduca-zona-centrala-a-capitalei-in-atentia-investitorilor_db\/\">Hagag a \u00eenceput lucr\u0103rile la H Tudor Arghezi 21. Dezvoltatorul sper\u0103 s\u0103 aduc\u0103 zona central\u0103 a Capitalei \u00een aten\u021bia investitorilor<\/a><\/strong><\/p>\n<p>H Victoriei 139 cuprinde 33 de apartamente premium, deservite de peste 300 de metri p\u0103tra\u021bi de spa\u021bii comerciale, iar personalitatea \u0219i arhitectura cl\u0103dirii, \u00eempreun\u0103 cu noul social-bar, The Saint, recent inaugurat la parterul edificiului \u0219i accesibil publicului larg, completeaz\u0103 perfect atmosfera zonei. \u00cen plus, reziden\u021bii sau chiria\u0219ii beneficiaz\u0103 de servicii de concierge virtual 24\/7 \u0219i property management, oferite direct de c\u0103tre dezvoltator. <\/p>\n<blockquote><p>\u201eAcest moment marcheaz\u0103 o etap\u0103 major\u0103 pentru noi ca \u0219i companie, dar \u0219i pentru Calea Victoriei. Suntem m\u00e2ndri s\u0103 vedem cum viziunea noastr\u0103 devine realitate cu fiecare zi care trece \u0219i ne bucur\u0103m s\u0103 fi \u00eencheiat lucr\u0103rile cu un grad de ocupare at\u00e2t de semnificativ. Combina\u021bia \u00eentre loca\u021bia remarcabil\u0103, facilit\u0103\u021bile zonei \u0219i arhitectura Art Deco transform\u0103 H Victoriei 139 \u00eentr-o prezen\u021b\u0103 unic\u0103 \u00een peisajul urban. Cl\u0103direa gri \u0219i ponosit\u0103 de odinioar\u0103 a redevenit ast\u0103zi un reper important pe harta Bucure\u0219tiului, iar acest lucru nu ar fi fost posibil f\u0103r\u0103 angajamentul \u0219i contribu\u021bia tuturor colaboratorilor no\u0219tri, c\u0103rora le mul\u021bumim pentru profesionalism \u0219i dedicare.\u201d<\/p>\n<p><strong>Yitzhak Hagag, Cofondator \u0219i ac\u021bionar Hagag Development Europe<\/strong><\/p><\/blockquote>\n<p>&nbsp;<\/p>\n<p><strong>Cite\u0219te \u0219i:<br \/>\n<a class=\"article-body-links\"href=\"https:\/\/www.imobiliare.ro\/imoexpert\/prima-faza-a-ansamblului-h-pipera-lake-contractata-in-proportie-de-75-dezvoltatorul-ofera-cumparatorilor-serviciul-de-inchiriere-ulterioara_db\/\">Prima faz\u0103 a ansamblului H Pipera Lake, contractat\u0103 \u00een propor\u021bie de 75%. Dezvoltatorul ofer\u0103 cump\u0103r\u0103torilor serviciul de \u00eenchiriere ulterioar\u0103<\/a><\/p>\n<p><a class=\"article-body-links\"href=\"https:\/\/www.imobiliare.ro\/imoexpert\/hagag-a-inceput-constructia-ansamblului-h-eliade-9-residence-din-primaverii_db\/\">Hagag a \u00eenceput construc\u021bia ansamblului H Eliade 9 Residence, din Prim\u0103verii<\/a><\/strong><\/p>\n<h2><span class=\"ez-toc-section\" id=\"Eliminarea_vulnerabilitatii_la_seisme\"><\/span>Eliminarea vulnerabilit\u0103\u021bii la seisme<span class=\"ez-toc-section-end\"><\/span><\/h2>\n<p>Proiectat\u0103 \u00een jurul anului 1940 de c\u0103tre arhitectul Arghir Culina \u0219i preluat\u0103 de Hagag Development Europe \u00een anul 2017, cl\u0103direa era \u00eencadrat\u0103 \u00een trecut \u00een clasa 1 de risc seismic \u0219i prezenta o stare avansat\u0103 de degradare \u0219i un risc ridicat de pr\u0103bu\u0219ire. \u201eInterven\u021biile de mare amploare efectuate asupra construc\u021biei au fost destinate at\u00e2t consolid\u0103rii, reabilit\u0103rii \u0219i elimin\u0103rii tuturor vulnerabilit\u0103\u021bilor existente, c\u00e2t \u0219i materializ\u0103rii viziunii companiei de a regenera zona de centru a ora\u0219ului prin proiecte de reconversie a cl\u0103dirilor vechi cu valoare istoric\u0103 \u0219i de patrimoniu. Dezvoltatorul a restaurat cu aten\u021bie elementele decorative Art Deco \u0219i a readus fa\u021badele la imaginea lor ini\u021bial\u0103, a\u0219a cum au fost proiectate \u00een urm\u0103 cu mai bine de 80 de ani\u201d, explic\u0103 reprezentan\u021bii companiei.<\/p>\n<div class=\"entry-content-inline-styles table-responsive\">\n<strong>Despre Hagag Development Europe:<\/strong><br \/>\nHagag Development Europe este un dezvoltator imobiliar specializat \u00een proiecte reziden\u021biale \u0219i comerciale \u00een Rom\u00e2nia. Compania este implicat\u0103 \u00een achizi\u021bionarea, dezvoltarea \u0219i renovarea unor imobile \u0219i proiecte care implic\u0103 mai mult de 200 de milioane de euro investite \u00een zonele istorice \u0219i de dezvoltare ale Bucure\u0219tiului. Printre acestea se num\u0103r\u0103 ansamblul H Pipera Lake, prev\u0103zut s\u0103 aduc\u0103 peste 1.300 de locuin\u021be noi pe pia\u021ba bucure\u0219tean\u0103, dar \u0219i reabilitarea Palatului \u0218tirbey, din zona Pia\u021ba Victoriei. Compania se distinge prin dorin\u021ba de realiza investi\u021bii semnificative \u00een dezvoltarea \u0219i cre\u0219terea segmentului de ni\u0219\u0103 al re\u00eennoirii urbane prin reconversia cl\u0103dirilor vechi, istorice, cu prezen\u021b\u0103 arhitectural\u0103 unic\u0103.<\/div>\n","protected":false},"excerpt":{"rendered":"<p>Potrivit companiei dezvoltatoare, acesta este, \u00een prezent, singurul proiect reziden\u021bial premium de tip boutique localizat pe Calea Victoriei \u2013 arter\u0103 considerat\u0103 un veritabil simbol al ora\u0219ului. Dezvoltatorul imobiliar Hagag Development Europe a anun\u021bat c\u0103 a primit certificatul de edificare pentru proiectul reziden\u021bial H Victoriei 139 (foto) \u0219i \u00eencepe livrarea apartamentelor c\u0103tre noii proprietari. \u201e85% dintre [&hellip;]<\/p>\n","protected":false},"author":829,"featured_media":63393,"comment_status":"open","ping_status":"open","sticky":false,"template":"","format":"standard","meta":{"footnotes":""},"categories":[],"tags":[333,480,2066,1962,1410,1961,1411],"content_author":[],"class_list":["post-63392","post","type-post","status-publish","format-standard","has-post-thumbnail","hentry","tag-ansambluri-rezidentiale","tag-cumparator","tag-h-victoriei-139","tag-hagag-development","tag-newsletter","tag-palatul-stirbey","tag-principal"],"yoast_head":"<!-- This site is optimized with the Yoast SEO Premium plugin v27.0 (Yoast SEO v27.0) - https:\/\/yoast.com\/product\/yoast-seo-premium-wordpress\/ -->\n<title>Reconversie \u00een ansamblu reziden\u021bial: o cl\u0103dire de patrimoniu de pe Calea Victoriei a fost consolidat\u0103 \u0219i reabilitat\u0103, iar elementele Art Deco au fost p\u0103strate - ImoExpert<\/title>\n<meta name=\"description\" content=\"Potrivit companiei dezvoltatoare, acesta este, \u00een prezent, singurul proiect reziden\u021bial premium de tip boutique localizat pe Calea Victoriei \u2013 arter\u0103\" \/>\n<meta name=\"robots\" content=\"index, follow\" \/>\n<link rel=\"canonical\" href=\"https:\/\/www.imobiliare.ro\/imoexpert\/reconversie-in-ansamblu-rezidential-o-cladire-de-patrimoniu-de-pe-calea-victoriei-a-fost-consolidata-si-reabilitata-iar-elementele-art-deco-au-fost-pastrate_db\/\" \/>\n<meta property=\"og:locale\" content=\"ro_RO\" \/>\n<meta property=\"og:type\" content=\"article\" \/>\n<meta property=\"og:title\" content=\"Reconversie \u00een ansamblu reziden\u021bial: o cl\u0103dire de patrimoniu de pe Calea Victoriei a fost consolidat\u0103 \u0219i reabilitat\u0103, iar elementele Art Deco au fost p\u0103strate\" \/>\n<meta property=\"og:description\" content=\"Potrivit companiei dezvoltatoare, acesta este, \u00een prezent, singurul proiect reziden\u021bial premium de tip boutique localizat pe Calea Victoriei \u2013 arter\u0103\" \/>\n<meta property=\"og:url\" content=\"https:\/\/www.imobiliare.ro\/imoexpert\/reconversie-in-ansamblu-rezidential-o-cladire-de-patrimoniu-de-pe-calea-victoriei-a-fost-consolidata-si-reabilitata-iar-elementele-art-deco-au-fost-pastrate_db\/\" \/>\n<meta property=\"og:site_name\" content=\"ImoExpert\" \/>\n<meta property=\"article:published_time\" content=\"2021-09-21T20:39:34+00:00\" \/>\n<meta property=\"og:image\" content=\"https:\/\/www.imobiliare.ro\/imoexpert\/wp-content\/uploads\/2021\/09\/H-Victoriei-139.jpg\" \/>\n\t<meta property=\"og:image:width\" content=\"800\" \/>\n\t<meta property=\"og:image:height\" content=\"627\" \/>\n\t<meta property=\"og:image:type\" content=\"image\/jpeg\" \/>\n<meta name=\"author\" content=\"Adriana Dr\u0103gu\u0219in\" \/>\n<meta name=\"twitter:card\" content=\"summary_large_image\" \/>\n<meta name=\"twitter:label1\" content=\"Written by\" \/>\n\t<meta name=\"twitter:data1\" content=\"Adriana Dr\u0103gu\u0219in\" \/>\n\t<meta name=\"twitter:label2\" content=\"Est. reading time\" \/>\n\t<meta name=\"twitter:data2\" content=\"3 minute\" \/>\n<script type=\"application\/ld+json\" class=\"yoast-schema-graph\">{\"@context\":\"https:\/\/schema.org\",\"@graph\":[{\"@type\":\"Article\",\"@id\":\"https:\/\/www.imobiliare.ro\/imoexpert\/reconversie-in-ansamblu-rezidential-o-cladire-de-patrimoniu-de-pe-calea-victoriei-a-fost-consolidata-si-reabilitata-iar-elementele-art-deco-au-fost-pastrate_db\/#article\",\"isPartOf\":{\"@id\":\"https:\/\/www.imobiliare.ro\/imoexpert\/reconversie-in-ansamblu-rezidential-o-cladire-de-patrimoniu-de-pe-calea-victoriei-a-fost-consolidata-si-reabilitata-iar-elementele-art-deco-au-fost-pastrate_db\/\"},\"author\":{\"name\":\"Adriana Dr\u0103gu\u0219in\",\"@id\":\"https:\/\/www.imobiliare.ro\/imoexpert\/#\/schema\/person\/8c13b0297075010b896471fabf0d7790\"},\"headline\":\"Reconversie \u00een ansamblu reziden\u021bial: o cl\u0103dire de patrimoniu de pe Calea Victoriei a fost consolidat\u0103 \u0219i reabilitat\u0103, iar elementele Art Deco au fost p\u0103strate\",\"datePublished\":\"2021-09-21T20:39:34+00:00\",\"mainEntityOfPage\":{\"@id\":\"https:\/\/www.imobiliare.ro\/imoexpert\/reconversie-in-ansamblu-rezidential-o-cladire-de-patrimoniu-de-pe-calea-victoriei-a-fost-consolidata-si-reabilitata-iar-elementele-art-deco-au-fost-pastrate_db\/\"},\"wordCount\":651,\"commentCount\":1,\"publisher\":{\"@id\":\"https:\/\/www.imobiliare.ro\/imoexpert\/#organization\"},\"image\":{\"@id\":\"https:\/\/www.imobiliare.ro\/imoexpert\/reconversie-in-ansamblu-rezidential-o-cladire-de-patrimoniu-de-pe-calea-victoriei-a-fost-consolidata-si-reabilitata-iar-elementele-art-deco-au-fost-pastrate_db\/#primaryimage\"},\"thumbnailUrl\":\"https:\/\/www.imobiliare.ro\/imoexpert\/wp-content\/uploads\/2021\/09\/H-Victoriei-139.jpg\",\"keywords\":[\"Ansambluri rezidentiale\",\"cumparator\",\"H Victoriei 139\",\"Hagag Development\",\"newsletter\",\"Palatul Stirbey\",\"principal\"],\"inLanguage\":\"en\",\"potentialAction\":[{\"@type\":\"CommentAction\",\"name\":\"Comment\",\"target\":[\"https:\/\/www.imobiliare.ro\/imoexpert\/reconversie-in-ansamblu-rezidential-o-cladire-de-patrimoniu-de-pe-calea-victoriei-a-fost-consolidata-si-reabilitata-iar-elementele-art-deco-au-fost-pastrate_db\/#respond\"]}],\"copyrightYear\":\"2021\",\"copyrightHolder\":{\"@id\":\"https:\/\/www.imobiliare.ro\/imoexpert\/#organization\"}},{\"@type\":\"WebPage\",\"@id\":\"https:\/\/www.imobiliare.ro\/imoexpert\/reconversie-in-ansamblu-rezidential-o-cladire-de-patrimoniu-de-pe-calea-victoriei-a-fost-consolidata-si-reabilitata-iar-elementele-art-deco-au-fost-pastrate_db\/\",\"url\":\"https:\/\/www.imobiliare.ro\/imoexpert\/reconversie-in-ansamblu-rezidential-o-cladire-de-patrimoniu-de-pe-calea-victoriei-a-fost-consolidata-si-reabilitata-iar-elementele-art-deco-au-fost-pastrate_db\/\",\"name\":\"Reconversie \u00een ansamblu reziden\u021bial: o cl\u0103dire de patrimoniu de pe Calea Victoriei a fost consolidat\u0103 \u0219i reabilitat\u0103, iar elementele Art Deco au fost p\u0103strate - ImoExpert\",\"isPartOf\":{\"@id\":\"https:\/\/www.imobiliare.ro\/imoexpert\/#website\"},\"primaryImageOfPage\":{\"@id\":\"https:\/\/www.imobiliare.ro\/imoexpert\/reconversie-in-ansamblu-rezidential-o-cladire-de-patrimoniu-de-pe-calea-victoriei-a-fost-consolidata-si-reabilitata-iar-elementele-art-deco-au-fost-pastrate_db\/#primaryimage\"},\"image\":{\"@id\":\"https:\/\/www.imobiliare.ro\/imoexpert\/reconversie-in-ansamblu-rezidential-o-cladire-de-patrimoniu-de-pe-calea-victoriei-a-fost-consolidata-si-reabilitata-iar-elementele-art-deco-au-fost-pastrate_db\/#primaryimage\"},\"thumbnailUrl\":\"https:\/\/www.imobiliare.ro\/imoexpert\/wp-content\/uploads\/2021\/09\/H-Victoriei-139.jpg\",\"datePublished\":\"2021-09-21T20:39:34+00:00\",\"description\":\"Potrivit companiei dezvoltatoare, acesta este, \u00een prezent, singurul proiect reziden\u021bial premium de tip boutique localizat pe Calea Victoriei \u2013 arter\u0103\",\"breadcrumb\":{\"@id\":\"https:\/\/www.imobiliare.ro\/imoexpert\/reconversie-in-ansamblu-rezidential-o-cladire-de-patrimoniu-de-pe-calea-victoriei-a-fost-consolidata-si-reabilitata-iar-elementele-art-deco-au-fost-pastrate_db\/#breadcrumb\"},\"inLanguage\":\"en\",\"potentialAction\":[{\"@type\":\"ReadAction\",\"target\":[\"https:\/\/www.imobiliare.ro\/imoexpert\/reconversie-in-ansamblu-rezidential-o-cladire-de-patrimoniu-de-pe-calea-victoriei-a-fost-consolidata-si-reabilitata-iar-elementele-art-deco-au-fost-pastrate_db\/\"]}]},{\"@type\":\"ImageObject\",\"inLanguage\":\"en\",\"@id\":\"https:\/\/www.imobiliare.ro\/imoexpert\/reconversie-in-ansamblu-rezidential-o-cladire-de-patrimoniu-de-pe-calea-victoriei-a-fost-consolidata-si-reabilitata-iar-elementele-art-deco-au-fost-pastrate_db\/#primaryimage\",\"url\":\"https:\/\/www.imobiliare.ro\/imoexpert\/wp-content\/uploads\/2021\/09\/H-Victoriei-139.jpg\",\"contentUrl\":\"https:\/\/www.imobiliare.ro\/imoexpert\/wp-content\/uploads\/2021\/09\/H-Victoriei-139.jpg\",\"width\":800,\"height\":627},{\"@type\":\"BreadcrumbList\",\"@id\":\"https:\/\/www.imobiliare.ro\/imoexpert\/reconversie-in-ansamblu-rezidential-o-cladire-de-patrimoniu-de-pe-calea-victoriei-a-fost-consolidata-si-reabilitata-iar-elementele-art-deco-au-fost-pastrate_db\/#breadcrumb\",\"itemListElement\":[{\"@type\":\"ListItem\",\"position\":1,\"name\":\"Imoradar24\",\"item\":\"https:\/\/www.imoradar24.ro\"},{\"@type\":\"ListItem\",\"position\":2,\"name\":\"ImoExpert\",\"item\":\"https:\/\/www.imobiliare.ro\/imoexpert\/\"},{\"@type\":\"ListItem\",\"position\":3,\"name\":\"Reconversie \u00een ansamblu reziden\u021bial: o cl\u0103dire de patrimoniu de pe Calea Victoriei a fost consolidat\u0103 \u0219i reabilitat\u0103, iar elementele Art Deco au fost p\u0103strate\"}]},{\"@type\":\"WebSite\",\"@id\":\"https:\/\/www.imobiliare.ro\/imoexpert\/#website\",\"url\":\"https:\/\/www.imobiliare.ro\/imoexpert\/\",\"name\":\"ImoExpert\",\"description\":\"cele mai importante \u015ftiri din domeniul imobiliar\",\"publisher\":{\"@id\":\"https:\/\/www.imobiliare.ro\/imoexpert\/#organization\"},\"inLanguage\":\"en\"},{\"@type\":\"Organization\",\"@id\":\"https:\/\/www.imobiliare.ro\/imoexpert\/#organization\",\"name\":\"Imobiliare.ro\",\"alternateName\":\"Realmedia Network SA\",\"url\":\"https:\/\/www.imobiliare.ro\/imoexpert\/\",\"logo\":{\"@type\":\"ImageObject\",\"inLanguage\":\"en\",\"@id\":\"https:\/\/www.imobiliare.ro\/imoexpert\/#\/schema\/logo\/image\/\",\"url\":\"https:\/\/www.imobiliare.ro\/imoexpert\/wp-content\/uploads\/2025\/05\/imobiliare_logo.png\",\"contentUrl\":\"https:\/\/www.imobiliare.ro\/imoexpert\/wp-content\/uploads\/2025\/05\/imobiliare_logo.png\",\"width\":237,\"height\":29,\"caption\":\"Imobiliare.ro\"},\"image\":{\"@id\":\"https:\/\/www.imobiliare.ro\/imoexpert\/#\/schema\/logo\/image\/\"}},{\"@type\":\"Person\",\"@id\":\"https:\/\/www.imobiliare.ro\/imoexpert\/#\/schema\/person\/8c13b0297075010b896471fabf0d7790\",\"name\":\"Adriana Dr\u0103gu\u0219in\",\"image\":{\"@type\":\"ImageObject\",\"inLanguage\":\"en\",\"@id\":\"https:\/\/www.imobiliare.ro\/imoexpert\/#\/schema\/person\/image\/\",\"url\":\"https:\/\/secure.gravatar.com\/avatar\/ba4762f7517e50e679ed7f11207102d1150120f2f5800c0da98f8a15305bf514?s=96&d=mm&r=g\",\"contentUrl\":\"https:\/\/secure.gravatar.com\/avatar\/ba4762f7517e50e679ed7f11207102d1150120f2f5800c0da98f8a15305bf514?s=96&d=mm&r=g\",\"caption\":\"Adriana Dr\u0103gu\u0219in\"},\"jobTitle\":\"Editor\",\"url\":\"https:\/\/www.imobiliare.ro\/imoexpert\/author\/adriana-dragusin\/\"}]}<\/script>\n<!-- \/ Yoast SEO Premium plugin. -->","yoast_head_json":{"title":"Reconversie \u00een ansamblu reziden\u021bial: o cl\u0103dire de patrimoniu de pe Calea Victoriei a fost consolidat\u0103 \u0219i reabilitat\u0103, iar elementele Art Deco au fost p\u0103strate - ImoExpert","description":"Potrivit companiei dezvoltatoare, acesta este, \u00een prezent, singurul proiect reziden\u021bial premium de tip boutique localizat pe Calea Victoriei \u2013 arter\u0103","robots":{"index":"index","follow":"follow"},"canonical":"https:\/\/www.imobiliare.ro\/imoexpert\/reconversie-in-ansamblu-rezidential-o-cladire-de-patrimoniu-de-pe-calea-victoriei-a-fost-consolidata-si-reabilitata-iar-elementele-art-deco-au-fost-pastrate_db\/","og_locale":"ro_RO","og_type":"article","og_title":"Reconversie \u00een ansamblu reziden\u021bial: o cl\u0103dire de patrimoniu de pe Calea Victoriei a fost consolidat\u0103 \u0219i reabilitat\u0103, iar elementele Art Deco au fost p\u0103strate","og_description":"Potrivit companiei dezvoltatoare, acesta este, \u00een prezent, singurul proiect reziden\u021bial premium de tip boutique localizat pe Calea Victoriei \u2013 arter\u0103","og_url":"https:\/\/www.imobiliare.ro\/imoexpert\/reconversie-in-ansamblu-rezidential-o-cladire-de-patrimoniu-de-pe-calea-victoriei-a-fost-consolidata-si-reabilitata-iar-elementele-art-deco-au-fost-pastrate_db\/","og_site_name":"ImoExpert","article_published_time":"2021-09-21T20:39:34+00:00","og_image":[{"width":800,"height":627,"url":"https:\/\/www.imobiliare.ro\/imoexpert\/wp-content\/uploads\/2021\/09\/H-Victoriei-139.jpg","type":"image\/jpeg"}],"author":"Adriana Dr\u0103gu\u0219in","twitter_card":"summary_large_image","twitter_misc":{"Written by":"Adriana Dr\u0103gu\u0219in","Est. reading time":"3 minute"},"schema":{"@context":"https:\/\/schema.org","@graph":[{"@type":"Article","@id":"https:\/\/www.imobiliare.ro\/imoexpert\/reconversie-in-ansamblu-rezidential-o-cladire-de-patrimoniu-de-pe-calea-victoriei-a-fost-consolidata-si-reabilitata-iar-elementele-art-deco-au-fost-pastrate_db\/#article","isPartOf":{"@id":"https:\/\/www.imobiliare.ro\/imoexpert\/reconversie-in-ansamblu-rezidential-o-cladire-de-patrimoniu-de-pe-calea-victoriei-a-fost-consolidata-si-reabilitata-iar-elementele-art-deco-au-fost-pastrate_db\/"},"author":{"name":"Adriana Dr\u0103gu\u0219in","@id":"https:\/\/www.imobiliare.ro\/imoexpert\/#\/schema\/person\/8c13b0297075010b896471fabf0d7790"},"headline":"Reconversie \u00een ansamblu reziden\u021bial: o cl\u0103dire de patrimoniu de pe Calea Victoriei a fost consolidat\u0103 \u0219i reabilitat\u0103, iar elementele Art Deco au fost p\u0103strate","datePublished":"2021-09-21T20:39:34+00:00","mainEntityOfPage":{"@id":"https:\/\/www.imobiliare.ro\/imoexpert\/reconversie-in-ansamblu-rezidential-o-cladire-de-patrimoniu-de-pe-calea-victoriei-a-fost-consolidata-si-reabilitata-iar-elementele-art-deco-au-fost-pastrate_db\/"},"wordCount":651,"commentCount":1,"publisher":{"@id":"https:\/\/www.imobiliare.ro\/imoexpert\/#organization"},"image":{"@id":"https:\/\/www.imobiliare.ro\/imoexpert\/reconversie-in-ansamblu-rezidential-o-cladire-de-patrimoniu-de-pe-calea-victoriei-a-fost-consolidata-si-reabilitata-iar-elementele-art-deco-au-fost-pastrate_db\/#primaryimage"},"thumbnailUrl":"https:\/\/www.imobiliare.ro\/imoexpert\/wp-content\/uploads\/2021\/09\/H-Victoriei-139.jpg","keywords":["Ansambluri rezidentiale","cumparator","H Victoriei 139","Hagag Development","newsletter","Palatul Stirbey","principal"],"inLanguage":"en","potentialAction":[{"@type":"CommentAction","name":"Comment","target":["https:\/\/www.imobiliare.ro\/imoexpert\/reconversie-in-ansamblu-rezidential-o-cladire-de-patrimoniu-de-pe-calea-victoriei-a-fost-consolidata-si-reabilitata-iar-elementele-art-deco-au-fost-pastrate_db\/#respond"]}],"copyrightYear":"2021","copyrightHolder":{"@id":"https:\/\/www.imobiliare.ro\/imoexpert\/#organization"}},{"@type":"WebPage","@id":"https:\/\/www.imobiliare.ro\/imoexpert\/reconversie-in-ansamblu-rezidential-o-cladire-de-patrimoniu-de-pe-calea-victoriei-a-fost-consolidata-si-reabilitata-iar-elementele-art-deco-au-fost-pastrate_db\/","url":"https:\/\/www.imobiliare.ro\/imoexpert\/reconversie-in-ansamblu-rezidential-o-cladire-de-patrimoniu-de-pe-calea-victoriei-a-fost-consolidata-si-reabilitata-iar-elementele-art-deco-au-fost-pastrate_db\/","name":"Reconversie \u00een ansamblu reziden\u021bial: o cl\u0103dire de patrimoniu de pe Calea Victoriei a fost consolidat\u0103 \u0219i reabilitat\u0103, iar elementele Art Deco au fost p\u0103strate - ImoExpert","isPartOf":{"@id":"https:\/\/www.imobiliare.ro\/imoexpert\/#website"},"primaryImageOfPage":{"@id":"https:\/\/www.imobiliare.ro\/imoexpert\/reconversie-in-ansamblu-rezidential-o-cladire-de-patrimoniu-de-pe-calea-victoriei-a-fost-consolidata-si-reabilitata-iar-elementele-art-deco-au-fost-pastrate_db\/#primaryimage"},"image":{"@id":"https:\/\/www.imobiliare.ro\/imoexpert\/reconversie-in-ansamblu-rezidential-o-cladire-de-patrimoniu-de-pe-calea-victoriei-a-fost-consolidata-si-reabilitata-iar-elementele-art-deco-au-fost-pastrate_db\/#primaryimage"},"thumbnailUrl":"https:\/\/www.imobiliare.ro\/imoexpert\/wp-content\/uploads\/2021\/09\/H-Victoriei-139.jpg","datePublished":"2021-09-21T20:39:34+00:00","description":"Potrivit companiei dezvoltatoare, acesta este, \u00een prezent, singurul proiect reziden\u021bial premium de tip boutique localizat pe Calea Victoriei \u2013 arter\u0103","breadcrumb":{"@id":"https:\/\/www.imobiliare.ro\/imoexpert\/reconversie-in-ansamblu-rezidential-o-cladire-de-patrimoniu-de-pe-calea-victoriei-a-fost-consolidata-si-reabilitata-iar-elementele-art-deco-au-fost-pastrate_db\/#breadcrumb"},"inLanguage":"en","potentialAction":[{"@type":"ReadAction","target":["https:\/\/www.imobiliare.ro\/imoexpert\/reconversie-in-ansamblu-rezidential-o-cladire-de-patrimoniu-de-pe-calea-victoriei-a-fost-consolidata-si-reabilitata-iar-elementele-art-deco-au-fost-pastrate_db\/"]}]},{"@type":"ImageObject","inLanguage":"en","@id":"https:\/\/www.imobiliare.ro\/imoexpert\/reconversie-in-ansamblu-rezidential-o-cladire-de-patrimoniu-de-pe-calea-victoriei-a-fost-consolidata-si-reabilitata-iar-elementele-art-deco-au-fost-pastrate_db\/#primaryimage","url":"https:\/\/www.imobiliare.ro\/imoexpert\/wp-content\/uploads\/2021\/09\/H-Victoriei-139.jpg","contentUrl":"https:\/\/www.imobiliare.ro\/imoexpert\/wp-content\/uploads\/2021\/09\/H-Victoriei-139.jpg","width":800,"height":627},{"@type":"BreadcrumbList","@id":"https:\/\/www.imobiliare.ro\/imoexpert\/reconversie-in-ansamblu-rezidential-o-cladire-de-patrimoniu-de-pe-calea-victoriei-a-fost-consolidata-si-reabilitata-iar-elementele-art-deco-au-fost-pastrate_db\/#breadcrumb","itemListElement":[{"@type":"ListItem","position":1,"name":"Imoradar24","item":"https:\/\/www.imoradar24.ro"},{"@type":"ListItem","position":2,"name":"ImoExpert","item":"https:\/\/www.imobiliare.ro\/imoexpert\/"},{"@type":"ListItem","position":3,"name":"Reconversie \u00een ansamblu reziden\u021bial: o cl\u0103dire de patrimoniu de pe Calea Victoriei a fost consolidat\u0103 \u0219i reabilitat\u0103, iar elementele Art Deco au fost p\u0103strate"}]},{"@type":"WebSite","@id":"https:\/\/www.imobiliare.ro\/imoexpert\/#website","url":"https:\/\/www.imobiliare.ro\/imoexpert\/","name":"ImoExpert","description":"cele mai importante \u015ftiri din domeniul imobiliar","publisher":{"@id":"https:\/\/www.imobiliare.ro\/imoexpert\/#organization"},"inLanguage":"en"},{"@type":"Organization","@id":"https:\/\/www.imobiliare.ro\/imoexpert\/#organization","name":"Imobiliare.ro","alternateName":"Realmedia Network SA","url":"https:\/\/www.imobiliare.ro\/imoexpert\/","logo":{"@type":"ImageObject","inLanguage":"en","@id":"https:\/\/www.imobiliare.ro\/imoexpert\/#\/schema\/logo\/image\/","url":"https:\/\/www.imobiliare.ro\/imoexpert\/wp-content\/uploads\/2025\/05\/imobiliare_logo.png","contentUrl":"https:\/\/www.imobiliare.ro\/imoexpert\/wp-content\/uploads\/2025\/05\/imobiliare_logo.png","width":237,"height":29,"caption":"Imobiliare.ro"},"image":{"@id":"https:\/\/www.imobiliare.ro\/imoexpert\/#\/schema\/logo\/image\/"}},{"@type":"Person","@id":"https:\/\/www.imobiliare.ro\/imoexpert\/#\/schema\/person\/8c13b0297075010b896471fabf0d7790","name":"Adriana Dr\u0103gu\u0219in","image":{"@type":"ImageObject","inLanguage":"en","@id":"https:\/\/www.imobiliare.ro\/imoexpert\/#\/schema\/person\/image\/","url":"https:\/\/secure.gravatar.com\/avatar\/ba4762f7517e50e679ed7f11207102d1150120f2f5800c0da98f8a15305bf514?s=96&d=mm&r=g","contentUrl":"https:\/\/secure.gravatar.com\/avatar\/ba4762f7517e50e679ed7f11207102d1150120f2f5800c0da98f8a15305bf514?s=96&d=mm&r=g","caption":"Adriana Dr\u0103gu\u0219in"},"jobTitle":"Editor","url":"https:\/\/www.imobiliare.ro\/imoexpert\/author\/adriana-dragusin\/"}]}},"_links":{"self":[{"href":"https:\/\/www.imobiliare.ro\/imoexpert\/wp-json\/wp\/v2\/posts\/63392","targetHints":{"allow":["GET"]}}],"collection":[{"href":"https:\/\/www.imobiliare.ro\/imoexpert\/wp-json\/wp\/v2\/posts"}],"about":[{"href":"https:\/\/www.imobiliare.ro\/imoexpert\/wp-json\/wp\/v2\/types\/post"}],"author":[{"embeddable":true,"href":"https:\/\/www.imobiliare.ro\/imoexpert\/wp-json\/wp\/v2\/users\/829"}],"replies":[{"embeddable":true,"href":"https:\/\/www.imobiliare.ro\/imoexpert\/wp-json\/wp\/v2\/comments?post=63392"}],"version-history":[{"count":0,"href":"https:\/\/www.imobiliare.ro\/imoexpert\/wp-json\/wp\/v2\/posts\/63392\/revisions"}],"wp:featuredmedia":[{"embeddable":true,"href":"https:\/\/www.imobiliare.ro\/imoexpert\/wp-json\/wp\/v2\/media\/63393"}],"wp:attachment":[{"href":"https:\/\/www.imobiliare.ro\/imoexpert\/wp-json\/wp\/v2\/media?parent=63392"}],"wp:term":[{"taxonomy":"category","embeddable":true,"href":"https:\/\/www.imobiliare.ro\/imoexpert\/wp-json\/wp\/v2\/categories?post=63392"},{"taxonomy":"post_tag","embeddable":true,"href":"https:\/\/www.imobiliare.ro\/imoexpert\/wp-json\/wp\/v2\/tags?post=63392"},{"taxonomy":"content_author","embeddable":true,"href":"https:\/\/www.imobiliare.ro\/imoexpert\/wp-json\/wp\/v2\/content_author?post=63392"}],"curies":[{"name":"wp","href":"https:\/\/api.w.org\/{rel}","templated":true}]}}