{"id":63398,"date":"2021-09-23T16:43:05","date_gmt":"2021-09-23T13:43:05","guid":{"rendered":"https:\/\/www.imobiliare.ro\/imoexpert\/?p=63398"},"modified":"2021-09-23T16:43:05","modified_gmt":"2021-09-23T13:43:05","slug":"este-sau-nu-momentul-sa-achizitionezi-acum-o-locuinta-imoexpert-21","status":"publish","type":"post","link":"https:\/\/www.imobiliare.ro\/imoexpert\/este-sau-nu-momentul-sa-achizitionezi-acum-o-locuinta-imoexpert-21_db\/","title":{"rendered":"Este sau nu momentul sa achizitionezi ACUM o locuinta? | imoExpert #21"},"content":{"rendered":"<p>\u00cen momentul de fa\u021b\u0103, \u00een sectorul construc\u021biilor, pe fondul scumpirii materialelor, pre\u021bul apartamentelor a crescut, iar acum oamenii se afl\u0103 \u00eentr-un moment dificil \u00een luarea unor decizii corecte \u00een ceea ce prive\u0219te achizi\u021bia unei locuin\u021be.<\/p>\n<p>\u00cen prima parte a emisiunii st\u0103m de vorb\u0103 cu Florin Po\u0219toac\u0103 &#8211; Sales Manager Nordis Group \u0219i analiz\u0103m care este perioada oportun\u0103 \u00een achizi\u021bia unei locuin\u021be.<\/p>\n<p>\u00cen a doua parte a emisiunii discut\u0103m cu R\u0103zvan Popa, dir executive Alusystem \u00een \u00eencercarea de a \u00een\u021belege fenomenul scumpirii materialelor \u0219i identificarea unor solu\u021bii privind evitarea blocajelor din pia\u021b\u0103.<\/p>\n","protected":false},"excerpt":{"rendered":"<p>\u00cen momentul de fa\u021b\u0103, \u00een sectorul construc\u021biilor, pe fondul scumpirii materialelor, pre\u021bul apartamentelor a crescut, iar acum oamenii se afl\u0103 \u00eentr-un moment dificil \u00een luarea unor decizii corecte \u00een ceea ce prive\u0219te achizi\u021bia unei locuin\u021be. \u00cen prima parte a emisiunii st\u0103m de vorb\u0103 cu Florin Po\u0219toac\u0103 &#8211; Sales Manager Nordis Group \u0219i analiz\u0103m care este [&hellip;]<\/p>\n","protected":false},"author":842160,"featured_media":0,"comment_status":"open","ping_status":"open","sticky":false,"template":"","format":"video","meta":{"footnotes":""},"categories":[],"tags":[],"content_author":[],"class_list":["post-63398","post","type-post","status-publish","format-video","hentry","post_format-post-format-video"],"yoast_head":"<!-- This site is optimized with the Yoast SEO Premium plugin v27.0 (Yoast SEO v27.0) - https:\/\/yoast.com\/product\/yoast-seo-premium-wordpress\/ -->\n<title>Este sau nu momentul sa achizitionezi ACUM o locuinta? | imoExpert #21<\/title>\n<meta name=\"description\" content=\"\u00cen momentul de fa\u021b\u0103, \u00een sectorul construc\u021biilor, pe fondul scumpirii materialelor, pre\u021bul apartamentelor a crescut, iar acum oamenii se afl\u0103 \u00eentr-un\" \/>\n<meta name=\"robots\" content=\"index, follow\" \/>\n<link rel=\"canonical\" href=\"https:\/\/www.imobiliare.ro\/imoexpert\/este-sau-nu-momentul-sa-achizitionezi-acum-o-locuinta-imoexpert-21_db\/\" \/>\n<meta property=\"og:locale\" content=\"ro_RO\" \/>\n<meta property=\"og:type\" content=\"article\" \/>\n<meta property=\"og:title\" content=\"Este sau nu momentul sa achizitionezi ACUM o locuinta? | imoExpert #21\" \/>\n<meta property=\"og:description\" content=\"\u00cen momentul de fa\u021b\u0103, \u00een sectorul construc\u021biilor, pe fondul scumpirii materialelor, pre\u021bul apartamentelor a crescut, iar acum oamenii se afl\u0103 \u00eentr-un\" \/>\n<meta property=\"og:url\" content=\"https:\/\/www.imobiliare.ro\/imoexpert\/este-sau-nu-momentul-sa-achizitionezi-acum-o-locuinta-imoexpert-21_db\/\" \/>\n<meta property=\"og:site_name\" content=\"ImoExpert\" \/>\n<meta property=\"article:author\" content=\"https:\/\/www.facebook.com\/AlexandraGabita\" \/>\n<meta property=\"article:published_time\" content=\"2021-09-23T13:43:05+00:00\" \/>\n<meta name=\"author\" content=\"Alexandra Manolache\" \/>\n<meta name=\"twitter:card\" content=\"summary_large_image\" \/>\n<meta name=\"twitter:label1\" content=\"Written by\" \/>\n\t<meta name=\"twitter:data1\" content=\"Alexandra Manolache\" \/>\n\t<meta name=\"twitter:label2\" content=\"Est. reading time\" \/>\n\t<meta name=\"twitter:data2\" content=\"1 minut\" \/>\n<script type=\"application\/ld+json\" class=\"yoast-schema-graph\">{\"@context\":\"https:\/\/schema.org\",\"@graph\":[{\"@type\":\"Article\",\"@id\":\"https:\/\/www.imobiliare.ro\/imoexpert\/este-sau-nu-momentul-sa-achizitionezi-acum-o-locuinta-imoexpert-21_db\/#article\",\"isPartOf\":{\"@id\":\"https:\/\/www.imobiliare.ro\/imoexpert\/este-sau-nu-momentul-sa-achizitionezi-acum-o-locuinta-imoexpert-21_db\/\"},\"author\":{\"name\":\"Alexandra Manolache\",\"@id\":\"https:\/\/www.imobiliare.ro\/imoexpert\/#\/schema\/person\/f3350e4786cf9f97888b908d7a00105c\"},\"headline\":\"Este sau nu momentul sa achizitionezi ACUM o locuinta? | imoExpert #21\",\"datePublished\":\"2021-09-23T13:43:05+00:00\",\"mainEntityOfPage\":{\"@id\":\"https:\/\/www.imobiliare.ro\/imoexpert\/este-sau-nu-momentul-sa-achizitionezi-acum-o-locuinta-imoexpert-21_db\/\"},\"wordCount\":115,\"commentCount\":0,\"publisher\":{\"@id\":\"https:\/\/www.imobiliare.ro\/imoexpert\/#organization\"},\"inLanguage\":\"en\",\"potentialAction\":[{\"@type\":\"CommentAction\",\"name\":\"Comment\",\"target\":[\"https:\/\/www.imobiliare.ro\/imoexpert\/este-sau-nu-momentul-sa-achizitionezi-acum-o-locuinta-imoexpert-21_db\/#respond\"]}],\"copyrightYear\":\"2021\",\"copyrightHolder\":{\"@id\":\"https:\/\/www.imobiliare.ro\/imoexpert\/#organization\"}},{\"@type\":\"WebPage\",\"@id\":\"https:\/\/www.imobiliare.ro\/imoexpert\/este-sau-nu-momentul-sa-achizitionezi-acum-o-locuinta-imoexpert-21_db\/\",\"url\":\"https:\/\/www.imobiliare.ro\/imoexpert\/este-sau-nu-momentul-sa-achizitionezi-acum-o-locuinta-imoexpert-21_db\/\",\"name\":\"Este sau nu momentul sa achizitionezi ACUM o locuinta? | imoExpert #21\",\"isPartOf\":{\"@id\":\"https:\/\/www.imobiliare.ro\/imoexpert\/#website\"},\"datePublished\":\"2021-09-23T13:43:05+00:00\",\"description\":\"\u00cen momentul de fa\u021b\u0103, \u00een sectorul construc\u021biilor, pe fondul scumpirii materialelor, pre\u021bul apartamentelor a crescut, iar acum oamenii se afl\u0103 \u00eentr-un\",\"breadcrumb\":{\"@id\":\"https:\/\/www.imobiliare.ro\/imoexpert\/este-sau-nu-momentul-sa-achizitionezi-acum-o-locuinta-imoexpert-21_db\/#breadcrumb\"},\"inLanguage\":\"en\",\"potentialAction\":[{\"@type\":\"ReadAction\",\"target\":[\"https:\/\/www.imobiliare.ro\/imoexpert\/este-sau-nu-momentul-sa-achizitionezi-acum-o-locuinta-imoexpert-21_db\/\"]}]},{\"@type\":\"BreadcrumbList\",\"@id\":\"https:\/\/www.imobiliare.ro\/imoexpert\/este-sau-nu-momentul-sa-achizitionezi-acum-o-locuinta-imoexpert-21_db\/#breadcrumb\",\"itemListElement\":[{\"@type\":\"ListItem\",\"position\":1,\"name\":\"Imoradar24\",\"item\":\"https:\/\/www.imoradar24.ro\"},{\"@type\":\"ListItem\",\"position\":2,\"name\":\"ImoExpert\",\"item\":\"https:\/\/www.imobiliare.ro\/imoexpert\/\"},{\"@type\":\"ListItem\",\"position\":3,\"name\":\"Este sau nu momentul sa achizitionezi ACUM o locuinta? | imoExpert #21\"}]},{\"@type\":\"WebSite\",\"@id\":\"https:\/\/www.imobiliare.ro\/imoexpert\/#website\",\"url\":\"https:\/\/www.imobiliare.ro\/imoexpert\/\",\"name\":\"ImoExpert\",\"description\":\"cele mai importante \u015ftiri din domeniul imobiliar\",\"publisher\":{\"@id\":\"https:\/\/www.imobiliare.ro\/imoexpert\/#organization\"},\"inLanguage\":\"en\"},{\"@type\":\"Organization\",\"@id\":\"https:\/\/www.imobiliare.ro\/imoexpert\/#organization\",\"name\":\"Imobiliare.ro\",\"alternateName\":\"Realmedia Network SA\",\"url\":\"https:\/\/www.imobiliare.ro\/imoexpert\/\",\"logo\":{\"@type\":\"ImageObject\",\"inLanguage\":\"en\",\"@id\":\"https:\/\/www.imobiliare.ro\/imoexpert\/#\/schema\/logo\/image\/\",\"url\":\"https:\/\/www.imobiliare.ro\/imoexpert\/wp-content\/uploads\/2025\/05\/imobiliare_logo.png\",\"contentUrl\":\"https:\/\/www.imobiliare.ro\/imoexpert\/wp-content\/uploads\/2025\/05\/imobiliare_logo.png\",\"width\":237,\"height\":29,\"caption\":\"Imobiliare.ro\"},\"image\":{\"@id\":\"https:\/\/www.imobiliare.ro\/imoexpert\/#\/schema\/logo\/image\/\"}},{\"@type\":\"Person\",\"@id\":\"https:\/\/www.imobiliare.ro\/imoexpert\/#\/schema\/person\/f3350e4786cf9f97888b908d7a00105c\",\"name\":\"Alexandra Manolache\",\"image\":{\"@type\":\"ImageObject\",\"inLanguage\":\"en\",\"@id\":\"https:\/\/www.imobiliare.ro\/imoexpert\/#\/schema\/person\/image\/\",\"url\":\"https:\/\/www.imobiliare.ro\/imoexpert\/wp-content\/uploads\/2026\/02\/cropped-chatgpt-image-jan-26-2026-11-50-59-am-96x96.png\",\"contentUrl\":\"https:\/\/www.imobiliare.ro\/imoexpert\/wp-content\/uploads\/2026\/02\/cropped-chatgpt-image-jan-26-2026-11-50-59-am-96x96.png\",\"caption\":\"Alexandra Manolache\"},\"description\":\"Alexandra G\u0103bi\u021ba Manolache este Brand Manager la Imobiliare.ro. Absolvent\u0103 a Facult\u0103\u021bii de Cibernetic\u0103, Statistic\u0103 \u0219i Informatic\u0103 Economic\u0103 (FEAA Timi\u0219oara), vine cu o baz\u0103 solid\u0103 \u00een digital \u0219i economie \u0219i o experien\u021b\u0103 de 9 ani \u00een digital marketing. A contribuit ca editor la \u0219ase edi\u021bii ale raportului trimestrial Market 360 \u0219i semneaz\u0103 articole pe blogul Imobiliare.ro, unde explic\u0103 tendin\u021be \u0219i ofer\u0103 perspective aplicate asupra real estate-ului.\",\"sameAs\":[\"https:\/\/alexandra-manolache.com\/\",\"https:\/\/www.facebook.com\/AlexandraGabita\",\"https:\/\/www.instagram.com\/alexandragabita\/\",\"https:\/\/www.linkedin.com\/in\/alexandra-gabita-manolache\/\",\"https:\/\/www.youtube.com\/channel\/UCAqYKF7H8sJ0n55YF97Lz5g\"],\"jobTitle\":\"Brand Manager\",\"url\":\"https:\/\/www.imobiliare.ro\/imoexpert\/author\/alexandra-manolache\/\"}]}<\/script>\n<!-- \/ Yoast SEO Premium plugin. -->","yoast_head_json":{"title":"Este sau nu momentul sa achizitionezi ACUM o locuinta? | imoExpert #21","description":"\u00cen momentul de fa\u021b\u0103, \u00een sectorul construc\u021biilor, pe fondul scumpirii materialelor, pre\u021bul apartamentelor a crescut, iar acum oamenii se afl\u0103 \u00eentr-un","robots":{"index":"index","follow":"follow"},"canonical":"https:\/\/www.imobiliare.ro\/imoexpert\/este-sau-nu-momentul-sa-achizitionezi-acum-o-locuinta-imoexpert-21_db\/","og_locale":"ro_RO","og_type":"article","og_title":"Este sau nu momentul sa achizitionezi ACUM o locuinta? | imoExpert #21","og_description":"\u00cen momentul de fa\u021b\u0103, \u00een sectorul construc\u021biilor, pe fondul scumpirii materialelor, pre\u021bul apartamentelor a crescut, iar acum oamenii se afl\u0103 \u00eentr-un","og_url":"https:\/\/www.imobiliare.ro\/imoexpert\/este-sau-nu-momentul-sa-achizitionezi-acum-o-locuinta-imoexpert-21_db\/","og_site_name":"ImoExpert","article_author":"https:\/\/www.facebook.com\/AlexandraGabita","article_published_time":"2021-09-23T13:43:05+00:00","author":"Alexandra Manolache","twitter_card":"summary_large_image","twitter_misc":{"Written by":"Alexandra Manolache","Est. reading time":"1 minut"},"schema":{"@context":"https:\/\/schema.org","@graph":[{"@type":"Article","@id":"https:\/\/www.imobiliare.ro\/imoexpert\/este-sau-nu-momentul-sa-achizitionezi-acum-o-locuinta-imoexpert-21_db\/#article","isPartOf":{"@id":"https:\/\/www.imobiliare.ro\/imoexpert\/este-sau-nu-momentul-sa-achizitionezi-acum-o-locuinta-imoexpert-21_db\/"},"author":{"name":"Alexandra Manolache","@id":"https:\/\/www.imobiliare.ro\/imoexpert\/#\/schema\/person\/f3350e4786cf9f97888b908d7a00105c"},"headline":"Este sau nu momentul sa achizitionezi ACUM o locuinta? | imoExpert #21","datePublished":"2021-09-23T13:43:05+00:00","mainEntityOfPage":{"@id":"https:\/\/www.imobiliare.ro\/imoexpert\/este-sau-nu-momentul-sa-achizitionezi-acum-o-locuinta-imoexpert-21_db\/"},"wordCount":115,"commentCount":0,"publisher":{"@id":"https:\/\/www.imobiliare.ro\/imoexpert\/#organization"},"inLanguage":"en","potentialAction":[{"@type":"CommentAction","name":"Comment","target":["https:\/\/www.imobiliare.ro\/imoexpert\/este-sau-nu-momentul-sa-achizitionezi-acum-o-locuinta-imoexpert-21_db\/#respond"]}],"copyrightYear":"2021","copyrightHolder":{"@id":"https:\/\/www.imobiliare.ro\/imoexpert\/#organization"}},{"@type":"WebPage","@id":"https:\/\/www.imobiliare.ro\/imoexpert\/este-sau-nu-momentul-sa-achizitionezi-acum-o-locuinta-imoexpert-21_db\/","url":"https:\/\/www.imobiliare.ro\/imoexpert\/este-sau-nu-momentul-sa-achizitionezi-acum-o-locuinta-imoexpert-21_db\/","name":"Este sau nu momentul sa achizitionezi ACUM o locuinta? | imoExpert #21","isPartOf":{"@id":"https:\/\/www.imobiliare.ro\/imoexpert\/#website"},"datePublished":"2021-09-23T13:43:05+00:00","description":"\u00cen momentul de fa\u021b\u0103, \u00een sectorul construc\u021biilor, pe fondul scumpirii materialelor, pre\u021bul apartamentelor a crescut, iar acum oamenii se afl\u0103 \u00eentr-un","breadcrumb":{"@id":"https:\/\/www.imobiliare.ro\/imoexpert\/este-sau-nu-momentul-sa-achizitionezi-acum-o-locuinta-imoexpert-21_db\/#breadcrumb"},"inLanguage":"en","potentialAction":[{"@type":"ReadAction","target":["https:\/\/www.imobiliare.ro\/imoexpert\/este-sau-nu-momentul-sa-achizitionezi-acum-o-locuinta-imoexpert-21_db\/"]}]},{"@type":"BreadcrumbList","@id":"https:\/\/www.imobiliare.ro\/imoexpert\/este-sau-nu-momentul-sa-achizitionezi-acum-o-locuinta-imoexpert-21_db\/#breadcrumb","itemListElement":[{"@type":"ListItem","position":1,"name":"Imoradar24","item":"https:\/\/www.imoradar24.ro"},{"@type":"ListItem","position":2,"name":"ImoExpert","item":"https:\/\/www.imobiliare.ro\/imoexpert\/"},{"@type":"ListItem","position":3,"name":"Este sau nu momentul sa achizitionezi ACUM o locuinta? | imoExpert #21"}]},{"@type":"WebSite","@id":"https:\/\/www.imobiliare.ro\/imoexpert\/#website","url":"https:\/\/www.imobiliare.ro\/imoexpert\/","name":"ImoExpert","description":"cele mai importante \u015ftiri din domeniul imobiliar","publisher":{"@id":"https:\/\/www.imobiliare.ro\/imoexpert\/#organization"},"inLanguage":"en"},{"@type":"Organization","@id":"https:\/\/www.imobiliare.ro\/imoexpert\/#organization","name":"Imobiliare.ro","alternateName":"Realmedia Network SA","url":"https:\/\/www.imobiliare.ro\/imoexpert\/","logo":{"@type":"ImageObject","inLanguage":"en","@id":"https:\/\/www.imobiliare.ro\/imoexpert\/#\/schema\/logo\/image\/","url":"https:\/\/www.imobiliare.ro\/imoexpert\/wp-content\/uploads\/2025\/05\/imobiliare_logo.png","contentUrl":"https:\/\/www.imobiliare.ro\/imoexpert\/wp-content\/uploads\/2025\/05\/imobiliare_logo.png","width":237,"height":29,"caption":"Imobiliare.ro"},"image":{"@id":"https:\/\/www.imobiliare.ro\/imoexpert\/#\/schema\/logo\/image\/"}},{"@type":"Person","@id":"https:\/\/www.imobiliare.ro\/imoexpert\/#\/schema\/person\/f3350e4786cf9f97888b908d7a00105c","name":"Alexandra Manolache","image":{"@type":"ImageObject","inLanguage":"en","@id":"https:\/\/www.imobiliare.ro\/imoexpert\/#\/schema\/person\/image\/","url":"https:\/\/www.imobiliare.ro\/imoexpert\/wp-content\/uploads\/2026\/02\/cropped-chatgpt-image-jan-26-2026-11-50-59-am-96x96.png","contentUrl":"https:\/\/www.imobiliare.ro\/imoexpert\/wp-content\/uploads\/2026\/02\/cropped-chatgpt-image-jan-26-2026-11-50-59-am-96x96.png","caption":"Alexandra Manolache"},"description":"Alexandra G\u0103bi\u021ba Manolache este Brand Manager la Imobiliare.ro. Absolvent\u0103 a Facult\u0103\u021bii de Cibernetic\u0103, Statistic\u0103 \u0219i Informatic\u0103 Economic\u0103 (FEAA Timi\u0219oara), vine cu o baz\u0103 solid\u0103 \u00een digital \u0219i economie \u0219i o experien\u021b\u0103 de 9 ani \u00een digital marketing. A contribuit ca editor la \u0219ase edi\u021bii ale raportului trimestrial Market 360 \u0219i semneaz\u0103 articole pe blogul Imobiliare.ro, unde explic\u0103 tendin\u021be \u0219i ofer\u0103 perspective aplicate asupra real estate-ului.","sameAs":["https:\/\/alexandra-manolache.com\/","https:\/\/www.facebook.com\/AlexandraGabita","https:\/\/www.instagram.com\/alexandragabita\/","https:\/\/www.linkedin.com\/in\/alexandra-gabita-manolache\/","https:\/\/www.youtube.com\/channel\/UCAqYKF7H8sJ0n55YF97Lz5g"],"jobTitle":"Brand Manager","url":"https:\/\/www.imobiliare.ro\/imoexpert\/author\/alexandra-manolache\/"}]}},"_links":{"self":[{"href":"https:\/\/www.imobiliare.ro\/imoexpert\/wp-json\/wp\/v2\/posts\/63398","targetHints":{"allow":["GET"]}}],"collection":[{"href":"https:\/\/www.imobiliare.ro\/imoexpert\/wp-json\/wp\/v2\/posts"}],"about":[{"href":"https:\/\/www.imobiliare.ro\/imoexpert\/wp-json\/wp\/v2\/types\/post"}],"author":[{"embeddable":true,"href":"https:\/\/www.imobiliare.ro\/imoexpert\/wp-json\/wp\/v2\/users\/842160"}],"replies":[{"embeddable":true,"href":"https:\/\/www.imobiliare.ro\/imoexpert\/wp-json\/wp\/v2\/comments?post=63398"}],"version-history":[{"count":0,"href":"https:\/\/www.imobiliare.ro\/imoexpert\/wp-json\/wp\/v2\/posts\/63398\/revisions"}],"wp:attachment":[{"href":"https:\/\/www.imobiliare.ro\/imoexpert\/wp-json\/wp\/v2\/media?parent=63398"}],"wp:term":[{"taxonomy":"category","embeddable":true,"href":"https:\/\/www.imobiliare.ro\/imoexpert\/wp-json\/wp\/v2\/categories?post=63398"},{"taxonomy":"post_tag","embeddable":true,"href":"https:\/\/www.imobiliare.ro\/imoexpert\/wp-json\/wp\/v2\/tags?post=63398"},{"taxonomy":"content_author","embeddable":true,"href":"https:\/\/www.imobiliare.ro\/imoexpert\/wp-json\/wp\/v2\/content_author?post=63398"}],"curies":[{"name":"wp","href":"https:\/\/api.w.org\/{rel}","templated":true}]}}