{"id":63488,"date":"2021-10-07T11:48:04","date_gmt":"2021-10-07T08:48:04","guid":{"rendered":"https:\/\/www.imobiliare.ro\/imoexpert\/?p=63488"},"modified":"2021-10-07T11:48:04","modified_gmt":"2021-10-07T08:48:04","slug":"preturile-apartamentelor-in-septembrie-2021-cresteri-in-majoritatea-marilor-orase-dar-se-intrevede-o-tendinta-de-stabilizare","status":"publish","type":"post","link":"https:\/\/www.imobiliare.ro\/imoexpert\/preturile-apartamentelor-in-septembrie-2021-cresteri-in-majoritatea-marilor-orase-dar-se-intrevede-o-tendinta-de-stabilizare_db\/","title":{"rendered":"Pre\u021burile apartamentelor \u00een septembrie 2021: cre\u0219teri \u00een majoritatea marilor ora\u0219e, dar se \u00eentrevede o tendin\u021b\u0103 de stabilizare"},"content":{"rendered":"<figure id=\"attachment_63489\" aria-describedby=\"caption-attachment-63489\" style=\"width: 800px\" class=\"wp-caption aligncenter\"><a class=\"article-body-links\"href=\"https:\/\/www.imobiliare.ro\/imoexpert\/wp-content\/uploads\/2021\/10\/Preturile-apartamentelor-in-septembrie-2021.jpg\"><img loading=\"lazy\" decoding=\"async\" src=\"https:\/\/www.imobiliare.ro\/imoexpert\/wp-content\/uploads\/2021\/10\/Preturile-apartamentelor-in-septembrie-2021.jpg\" alt=\"\" width=\"800\" height=\"533\" class=\"size-full wp-image-63489\" srcset=\"https:\/\/www.imobiliare.ro\/imoexpert\/wp-content\/uploads\/2021\/10\/Preturile-apartamentelor-in-septembrie-2021.jpg 800w, https:\/\/www.imobiliare.ro\/imoexpert\/wp-content\/uploads\/2021\/10\/Preturile-apartamentelor-in-septembrie-2021-300x200.jpg 300w, https:\/\/www.imobiliare.ro\/imoexpert\/wp-content\/uploads\/2021\/10\/Preturile-apartamentelor-in-septembrie-2021-768x512.jpg 768w\" sizes=\"auto, (max-width: 800px) 100vw, 800px\" \/><\/a><figcaption id=\"caption-attachment-63489\" class=\"wp-caption-text\">Surs\u0103 foto: Pixabay.com<\/figcaption><\/figure>\n<div id=\"ez-toc-container\" class=\"ez-toc-v2_0_81 counter-hierarchy ez-toc-counter ez-toc-grey ez-toc-container-direction\">\n<p class=\"ez-toc-title\" style=\"cursor:inherit\">Table of Contents<\/p>\n<label for=\"ez-toc-cssicon-toggle-item-69f2c83433a36\" class=\"ez-toc-cssicon-toggle-label\"><span class=\"ez-toc-cssicon\"><span class=\"eztoc-hide\" style=\"display:none;\">Toggle<\/span><span class=\"ez-toc-icon-toggle-span\"><svg style=\"fill: #999;color:#999\" xmlns=\"http:\/\/www.w3.org\/2000\/svg\" class=\"list-377408\" width=\"20px\" height=\"20px\" viewBox=\"0 0 24 24\" fill=\"none\"><path d=\"M6 6H4v2h2V6zm14 0H8v2h12V6zM4 11h2v2H4v-2zm16 0H8v2h12v-2zM4 16h2v2H4v-2zm16 0H8v2h12v-2z\" fill=\"currentColor\"><\/path><\/svg><svg style=\"fill: #999;color:#999\" class=\"arrow-unsorted-368013\" xmlns=\"http:\/\/www.w3.org\/2000\/svg\" width=\"10px\" height=\"10px\" viewBox=\"0 0 24 24\" version=\"1.2\" baseProfile=\"tiny\"><path d=\"M18.2 9.3l-6.2-6.3-6.2 6.3c-.2.2-.3.4-.3.7s.1.5.3.7c.2.2.4.3.7.3h11c.3 0 .5-.1.7-.3.2-.2.3-.5.3-.7s-.1-.5-.3-.7zM5.8 14.7l6.2 6.3 6.2-6.3c.2-.2.3-.5.3-.7s-.1-.5-.3-.7c-.2-.2-.4-.3-.7-.3h-11c-.3 0-.5.1-.7.3-.2.2-.3.5-.3.7s.1.5.3.7z\"\/><\/svg><\/span><\/span><\/label><input type=\"checkbox\"  id=\"ez-toc-cssicon-toggle-item-69f2c83433a36\"  aria-label=\"Toggle\" \/><nav><ul class='ez-toc-list ez-toc-list-level-1 ' ><li class='ez-toc-page-1 ez-toc-heading-level-2'><a class=\"ez-toc-link ez-toc-heading-1\" href=\"https:\/\/www.imobiliare.ro\/imoexpert\/preturile-apartamentelor-in-septembrie-2021-cresteri-in-majoritatea-marilor-orase-dar-se-intrevede-o-tendinta-de-stabilizare_db\/#In_prima_luna_de_toamna_preturile_apartamentelor_noi_si_vechi_scoase_la_vanzare_in_Romania_s-au_mentinut_ca_medie_la_nivel_de_tara_la_un_nivel_relativ_constant_comparativ_cu_august_2021\" >\u00cen prima lun\u0103 de toamn\u0103, pre\u021burile apartamentelor (noi \u0219i vechi) scoase la v\u00e2nzare \u00een Rom\u00e2nia s-au men\u021binut, ca medie la nivel de \u021bar\u0103, la un nivel relativ constant comparativ cu august 2021.<\/a><\/li><li class='ez-toc-page-1 ez-toc-heading-level-2'><a class=\"ez-toc-link ez-toc-heading-2\" href=\"https:\/\/www.imobiliare.ro\/imoexpert\/preturile-apartamentelor-in-septembrie-2021-cresteri-in-majoritatea-marilor-orase-dar-se-intrevede-o-tendinta-de-stabilizare_db\/#Bucuresti\" >Bucure\u0219ti:<\/a><\/li><li class='ez-toc-page-1 ez-toc-heading-level-2'><a class=\"ez-toc-link ez-toc-heading-3\" href=\"https:\/\/www.imobiliare.ro\/imoexpert\/preturile-apartamentelor-in-septembrie-2021-cresteri-in-majoritatea-marilor-orase-dar-se-intrevede-o-tendinta-de-stabilizare_db\/#Brasov\" >Bra\u0219ov:<\/a><\/li><li class='ez-toc-page-1 ez-toc-heading-level-2'><a class=\"ez-toc-link ez-toc-heading-4\" href=\"https:\/\/www.imobiliare.ro\/imoexpert\/preturile-apartamentelor-in-septembrie-2021-cresteri-in-majoritatea-marilor-orase-dar-se-intrevede-o-tendinta-de-stabilizare_db\/#Cluj-Napoca\" >Cluj-Napoca:<\/a><\/li><li class='ez-toc-page-1 ez-toc-heading-level-2'><a class=\"ez-toc-link ez-toc-heading-5\" href=\"https:\/\/www.imobiliare.ro\/imoexpert\/preturile-apartamentelor-in-septembrie-2021-cresteri-in-majoritatea-marilor-orase-dar-se-intrevede-o-tendinta-de-stabilizare_db\/#Constanta\" >Constan\u021ba:<\/a><\/li><li class='ez-toc-page-1 ez-toc-heading-level-2'><a class=\"ez-toc-link ez-toc-heading-6\" href=\"https:\/\/www.imobiliare.ro\/imoexpert\/preturile-apartamentelor-in-septembrie-2021-cresteri-in-majoritatea-marilor-orase-dar-se-intrevede-o-tendinta-de-stabilizare_db\/#Iasi\" >Ia\u0219i:<\/a><\/li><li class='ez-toc-page-1 ez-toc-heading-level-2'><a class=\"ez-toc-link ez-toc-heading-7\" href=\"https:\/\/www.imobiliare.ro\/imoexpert\/preturile-apartamentelor-in-septembrie-2021-cresteri-in-majoritatea-marilor-orase-dar-se-intrevede-o-tendinta-de-stabilizare_db\/#Timisoara\" >Timi\u0219oara:<\/a><\/li><\/ul><\/nav><\/div>\n<h2><span class=\"ez-toc-section\" id=\"In_prima_luna_de_toamna_preturile_apartamentelor_noi_si_vechi_scoase_la_vanzare_in_Romania_s-au_mentinut_ca_medie_la_nivel_de_tara_la_un_nivel_relativ_constant_comparativ_cu_august_2021\"><\/span>\u00cen prima lun\u0103 de toamn\u0103, pre\u021burile apartamentelor (noi \u0219i vechi) scoase la v\u00e2nzare \u00een Rom\u00e2nia s-au men\u021binut, ca medie la nivel de \u021bar\u0103, la un nivel relativ constant comparativ cu august 2021.<span class=\"ez-toc-section-end\"><\/span><\/h2>\n<p>Potrivit <strong><a class=\"article-body-links\"href=\"https:\/\/www.imobiliare.ro\/indicele-imobiliare-ro\">Indicelui Imobiliare.ro<\/a><\/strong>, suma medie solicitat\u0103 pe plan na\u021bional de c\u0103tre v\u00e2nz\u0103tori s-a cifrat la 1.507 euro pe metru p\u0103trat util, \u00een sc\u0103dere cu 0,1% fa\u021b\u0103 de august 2021, de la 1.508 euro pe metru p\u0103trat util. \u201eCinci dintre cele \u0219ase mari ora\u0219e monitorizate constant de Imobiliare.ro au \u00eenregistrat major\u0103ri ale valorilor medii de listare pe segmentul apartamentelor, cea mai semnificativ\u0103 marj\u0103 de cre\u0219tere fiind observat\u0103 \u00een Ia\u0219i. Excep\u021bia de la regul\u0103 este reprezentat\u0103 de Bra\u0219ov, unde tendin\u021ba general\u0103 de sc\u0103dere a fost sus\u021binut\u0103 exclusiv de segmentul locuin\u021belor noi\u201d, sublniniaz\u0103 Daniel Crainic, director de marketing \u00een cadrul <strong><a class=\"article-body-links\"href=\"https:\/\/www.imobiliare.ro\/\">Imobiliare.ro<\/a><\/strong>. <\/p>\n<p><strong>Cite\u0219te \u0219i:<br \/>\n<a class=\"article-body-links\"href=\"https:\/\/www.imobiliare.ro\/imoexpert\/preturile-apartamentelor-in-august-2021-cluj-napoca-face-exceptie-de-la-tendinta-generala_db\/\">Pre\u021burile apartamentelor \u00een august 2021. Cluj-Napoca face excep\u021bie de la tendin\u021ba general\u0103<\/a><\/p>\n<p><a class=\"article-body-links\"href=\"https:\/\/www.imobiliare.ro\/imoexpert\/preturile-apartamentelor-la-inceput-de-vara-evolutia-din-iunie-2021_db\/\">Pre\u021burile apartamentelor la \u00eenceput de var\u0103: evolu\u021bia din iunie 2021<\/a><\/strong><\/p>\n<h2><span class=\"ez-toc-section\" id=\"Bucuresti\"><\/span>Bucure\u0219ti:<span class=\"ez-toc-section-end\"><\/span><\/h2>\n<p>Pe parcursul lui septembrie, pre\u021burile apartamentelor disponibile spre v\u00e2nzare \u00een cel mai mare ora\u0219 al \u021b\u0103rii au consemnat un avans general de 0,9%, de la o medie de 1.569 de euro pe metru p\u0103trat util, p\u00e2n\u0103 la 1.583 de euro pe metru p\u0103trat. A\u0219tept\u0103rile proprietarilor au fost mai ridicate doar pe segmentul locuin\u021belor din blocurile vechi, care s-au apreciat cu 2,2%, de la 1.489 de euro pe metru p\u0103trat, la 1.522 de euro pe metru p\u0103trat. Pe de alt\u0103 parte, unit\u0103\u021bile locative din cadrul noilor ansambluri reziden\u021biale au \u00eenregistrat o sc\u0103dere de 0,2%, de la 1.621 la 1.617 euro pe metru p\u0103trat. <\/p>\n<h2><span class=\"ez-toc-section\" id=\"Brasov\"><\/span>Bra\u0219ov:<span class=\"ez-toc-section-end\"><\/span><\/h2>\n<p>\u00cen ora\u0219ul din centrul \u021b\u0103rii, <strong><a class=\"article-body-links\"href=\"https:\/\/www.imobiliare.ro\/indicele-imobiliare-ro\">Indicele Imobiliare.ro<\/a><\/strong> a consemnat, per ansamblu, un recul de 0,7% al pre\u021burilor apartamentelor, de la 1.442 de euro pe metru p\u0103trat util la finele lui august, la 1.432 de euro pe metru p\u0103trat la sf\u00e2r\u0219itul lui septembrie. Cu toate acestea, \u00een cazul locuin\u021belor din blocurile vechi a avut loc o evolu\u021bie pozitiv\u0103: este vorba de un avans de 0,6%, de la 1.342 la 1.350 de euro pe metru p\u0103trat. La polul opus, locuin\u021bele noi din Bra\u0219ov au \u00eenregistrat o sc\u0103dere de 1%, de la 1.546 la 1.531 de euro pe metru p\u0103trat. <\/p>\n<h2><span class=\"ez-toc-section\" id=\"Cluj-Napoca\"><\/span>Cluj-Napoca:<span class=\"ez-toc-section-end\"><\/span><\/h2>\n<p>\u00cen capitala Transilvaniei, a\u0219tept\u0103rile v\u00e2nz\u0103torilor de apartamente s-au majorat cu 0,6% pe parcursul lunii septembrie, acestea ajung\u00e2nd la o valoare medie de listare de 1.985 de euro pe metru p\u0103trat util, fa\u021b\u0103 de 1.973 de euro pe metru p\u0103trat la finele lui august. \u00cen ora\u0219ul de pe Some\u0219, pre\u021burile locuin\u021belor din blocurile vechi au crescut cu 1,6% (de la 1.965 la 1.996 de euro pe metru p\u0103trat), \u00een vreme ce unit\u0103\u021bile din ansamblurile noi au consemnat un recul de 0,5% (de la 1.983 la 1.974 de euro pe metru p\u0103trat). <\/p>\n<p><strong>Cite\u0219te \u0219i:<br \/>\n<a class=\"article-body-links\"href=\"https:\/\/www.imobiliare.ro\/imoexpert\/evolutia-pietei-rezidentiale-autohtone-in-t2-2021-preturile-cererea-oferta-si-tendintele-de-achizitie_db\/\">Evolu\u021bia pie\u021bei reziden\u021biale autohtone \u00een T2 2021: pre\u021burile, cererea, oferta \u0219i tendin\u021bele de achizi\u021bie<\/a><\/p>\n<p><a class=\"article-body-links\"href=\"https:\/\/www.imobiliare.ro\/imoexpert\/t2-2021-preturile-apartamentelor-in-cele-mai-bune-cartiere-ale-marilor-orase_db\/\">T2 2021: Pre\u021burile apartamentelor \u00een cele mai bune cartiere ale marilor ora\u0219e<\/a><\/strong><\/p>\n<h2><span class=\"ez-toc-section\" id=\"Constanta\"><\/span>Constan\u021ba:<span class=\"ez-toc-section-end\"><\/span><\/h2>\n<p>\u00cen prima lun\u0103 de toamn\u0103, valoarea medie de listare a apartamentelor scoase la v\u00e2nzare \u00een ora\u0219ul de la malul m\u0103rii a \u00eenregistrat un avans de 1%, de la 1.347 de euro pe metru p\u0103trat util, la 1.360 de euro pe metru p\u0103trat. Pre\u021burile s-au majorat pe ambele segmente de pia\u021b\u0103 analizate, \u00eens\u0103 \u00eentr-o m\u0103sur\u0103 diferit\u0103: apartamentele vechi s-au apreciat cu 0,2% (de la 1.338 la 1.341 de euro pe metru p\u0103trat), iar unit\u0103\u021bile locative nou-construite, cu 1,9% (de la 1.360 la 1.386 de euro pe metru p\u0103trat). <\/p>\n<h2><span class=\"ez-toc-section\" id=\"Iasi\"><\/span>Ia\u0219i:<span class=\"ez-toc-section-end\"><\/span><\/h2>\n<p>\u00cen ora\u0219ul din nord-estul \u021b\u0103rii, <strong><a class=\"article-body-links\"href=\"https:\/\/www.imobiliare.ro\/indicele-imobiliare-ro\">Indicele Imobiliare.ro<\/a><\/strong> a consemnat, per ansamblu, un avans de 3,6% \u00een luna septembrie, de la o medie de 1.131 de euro pe metru p\u0103trat util, la 1.172 de euro pe metru p\u0103trat. \u00cen perioada analizat\u0103, pre\u021burile locuin\u021belor din blocurile vechi s-au majorat cu 2,1%, de la 1.130 la 1.154 de euro pe metru p\u0103trat. Pe segmentul apartamentelor nou-construite, pe de alt\u0103 parte, a avut loc un avans mai semnificativ, de 4,7% mai exact, de la o medie de 1.131 de euro pe metru p\u0103trat, la 1.184 de euro pe metru p\u0103trat.<\/p>\n<h2><span class=\"ez-toc-section\" id=\"Timisoara\"><\/span>Timi\u0219oara:<span class=\"ez-toc-section-end\"><\/span><\/h2>\n<p>\u00cen ora\u0219ul din sud-vestul \u021b\u0103rii, valoarea medie de listare a unui apartament a crescut, per ansamblu, cu 0,6% pe parcursul lui septembrie, de la 1.349 la 1.357 de euro pe metru p\u0103trat util. Pe segmentul locuin\u021belor vechi disponibile spre v\u00e2nzare pe pia\u021ba timi\u0219orean\u0103 a fost consemnat un avans de 0,5% al pre\u021burilor, de la 1.347 la 1.354 de euro pe metru p\u0103trat. Unit\u0103\u021bile locative nou-construite, pe de alt\u0103 parte, s-au apreciat cu 1%, de la 1.357 la 1.371 de euro pe metru p\u0103trat util.<\/p>\n","protected":false},"excerpt":{"rendered":"<p>\u00cen prima lun\u0103 de toamn\u0103, pre\u021burile apartamentelor (noi \u0219i vechi) scoase la v\u00e2nzare \u00een Rom\u00e2nia s-au men\u021binut, ca medie la nivel de \u021bar\u0103, la un nivel relativ constant comparativ cu august 2021. Potrivit Indicelui Imobiliare.ro, suma medie solicitat\u0103 pe plan na\u021bional de c\u0103tre v\u00e2nz\u0103tori s-a cifrat la 1.507 euro pe metru p\u0103trat util, \u00een sc\u0103dere [&hellip;]<\/p>\n","protected":false},"author":829,"featured_media":63489,"comment_status":"open","ping_status":"open","sticky":false,"template":"","format":"standard","meta":{"footnotes":""},"categories":[],"tags":[1326,1410,507,2017,1577,1411,451],"content_author":[],"class_list":["post-63488","post","type-post","status-publish","format-standard","has-post-thumbnail","hentry","tag-indice-imobiliare-ro","tag-newsletter","tag-preturi-apartamente","tag-preturi-apartamente-2021","tag-preturi-locuinte","tag-principal","tag-proprietar"],"yoast_head":"<!-- This site is optimized with the Yoast SEO Premium plugin v27.0 (Yoast SEO v27.0) - https:\/\/yoast.com\/product\/yoast-seo-premium-wordpress\/ -->\n<title>Pre\u021burile apartamentelor \u00een septembrie 2021: cre\u0219teri \u00een majoritatea marilor ora\u0219e, dar se \u00eentrevede o tendin\u021b\u0103 de stabilizare - ImoExpert<\/title>\n<meta name=\"description\" content=\"\u00cen prima lun\u0103 de toamn\u0103, pre\u021burile apartamentelor (noi \u0219i vechi) scoase la v\u00e2nzare \u00een Rom\u00e2nia s-au men\u021binut, ca medie la nivel de \u021bar\u0103, la un nivel\" \/>\n<meta name=\"robots\" content=\"index, follow\" \/>\n<link rel=\"canonical\" href=\"https:\/\/www.imobiliare.ro\/imoexpert\/preturile-apartamentelor-in-septembrie-2021-cresteri-in-majoritatea-marilor-orase-dar-se-intrevede-o-tendinta-de-stabilizare_db\/\" \/>\n<meta property=\"og:locale\" content=\"ro_RO\" \/>\n<meta property=\"og:type\" content=\"article\" \/>\n<meta property=\"og:title\" content=\"Pre\u021burile apartamentelor \u00een septembrie 2021: cre\u0219teri \u00een majoritatea marilor ora\u0219e, dar se \u00eentrevede o tendin\u021b\u0103 de stabilizare\" \/>\n<meta property=\"og:description\" content=\"\u00cen prima lun\u0103 de toamn\u0103, pre\u021burile apartamentelor (noi \u0219i vechi) scoase la v\u00e2nzare \u00een Rom\u00e2nia s-au men\u021binut, ca medie la nivel de \u021bar\u0103, la un nivel\" \/>\n<meta property=\"og:url\" content=\"https:\/\/www.imobiliare.ro\/imoexpert\/preturile-apartamentelor-in-septembrie-2021-cresteri-in-majoritatea-marilor-orase-dar-se-intrevede-o-tendinta-de-stabilizare_db\/\" \/>\n<meta property=\"og:site_name\" content=\"ImoExpert\" \/>\n<meta property=\"article:published_time\" content=\"2021-10-07T08:48:04+00:00\" \/>\n<meta property=\"og:image\" content=\"https:\/\/www.imobiliare.ro\/imoexpert\/wp-content\/uploads\/2021\/10\/Preturile-apartamentelor-in-septembrie-2021.jpg\" \/>\n\t<meta property=\"og:image:width\" content=\"800\" \/>\n\t<meta property=\"og:image:height\" content=\"533\" \/>\n\t<meta property=\"og:image:type\" content=\"image\/jpeg\" \/>\n<meta name=\"author\" content=\"Adriana Dr\u0103gu\u0219in\" \/>\n<meta name=\"twitter:card\" content=\"summary_large_image\" \/>\n<meta name=\"twitter:label1\" content=\"Written by\" \/>\n\t<meta name=\"twitter:data1\" content=\"Adriana Dr\u0103gu\u0219in\" \/>\n\t<meta name=\"twitter:label2\" content=\"Est. reading time\" \/>\n\t<meta name=\"twitter:data2\" content=\"4 minute\" \/>\n<script type=\"application\/ld+json\" class=\"yoast-schema-graph\">{\"@context\":\"https:\/\/schema.org\",\"@graph\":[{\"@type\":\"Article\",\"@id\":\"https:\/\/www.imobiliare.ro\/imoexpert\/preturile-apartamentelor-in-septembrie-2021-cresteri-in-majoritatea-marilor-orase-dar-se-intrevede-o-tendinta-de-stabilizare_db\/#article\",\"isPartOf\":{\"@id\":\"https:\/\/www.imobiliare.ro\/imoexpert\/preturile-apartamentelor-in-septembrie-2021-cresteri-in-majoritatea-marilor-orase-dar-se-intrevede-o-tendinta-de-stabilizare_db\/\"},\"author\":{\"name\":\"Adriana Dr\u0103gu\u0219in\",\"@id\":\"https:\/\/www.imobiliare.ro\/imoexpert\/#\/schema\/person\/8c13b0297075010b896471fabf0d7790\"},\"headline\":\"Pre\u021burile apartamentelor \u00een septembrie 2021: cre\u0219teri \u00een majoritatea marilor ora\u0219e, dar se \u00eentrevede o tendin\u021b\u0103 de stabilizare\",\"datePublished\":\"2021-10-07T08:48:04+00:00\",\"mainEntityOfPage\":{\"@id\":\"https:\/\/www.imobiliare.ro\/imoexpert\/preturile-apartamentelor-in-septembrie-2021-cresteri-in-majoritatea-marilor-orase-dar-se-intrevede-o-tendinta-de-stabilizare_db\/\"},\"wordCount\":825,\"commentCount\":0,\"publisher\":{\"@id\":\"https:\/\/www.imobiliare.ro\/imoexpert\/#organization\"},\"image\":{\"@id\":\"https:\/\/www.imobiliare.ro\/imoexpert\/preturile-apartamentelor-in-septembrie-2021-cresteri-in-majoritatea-marilor-orase-dar-se-intrevede-o-tendinta-de-stabilizare_db\/#primaryimage\"},\"thumbnailUrl\":\"https:\/\/www.imobiliare.ro\/imoexpert\/wp-content\/uploads\/2021\/10\/Preturile-apartamentelor-in-septembrie-2021.jpg\",\"keywords\":[\"Indice imobiliare.ro\",\"newsletter\",\"preturi apartamente\",\"preturi apartamente 2021\",\"preturi locuinte\",\"principal\",\"proprietar\"],\"inLanguage\":\"en\",\"potentialAction\":[{\"@type\":\"CommentAction\",\"name\":\"Comment\",\"target\":[\"https:\/\/www.imobiliare.ro\/imoexpert\/preturile-apartamentelor-in-septembrie-2021-cresteri-in-majoritatea-marilor-orase-dar-se-intrevede-o-tendinta-de-stabilizare_db\/#respond\"]}],\"copyrightYear\":\"2021\",\"copyrightHolder\":{\"@id\":\"https:\/\/www.imobiliare.ro\/imoexpert\/#organization\"}},{\"@type\":\"WebPage\",\"@id\":\"https:\/\/www.imobiliare.ro\/imoexpert\/preturile-apartamentelor-in-septembrie-2021-cresteri-in-majoritatea-marilor-orase-dar-se-intrevede-o-tendinta-de-stabilizare_db\/\",\"url\":\"https:\/\/www.imobiliare.ro\/imoexpert\/preturile-apartamentelor-in-septembrie-2021-cresteri-in-majoritatea-marilor-orase-dar-se-intrevede-o-tendinta-de-stabilizare_db\/\",\"name\":\"Pre\u021burile apartamentelor \u00een septembrie 2021: cre\u0219teri \u00een majoritatea marilor ora\u0219e, dar se \u00eentrevede o tendin\u021b\u0103 de stabilizare - ImoExpert\",\"isPartOf\":{\"@id\":\"https:\/\/www.imobiliare.ro\/imoexpert\/#website\"},\"primaryImageOfPage\":{\"@id\":\"https:\/\/www.imobiliare.ro\/imoexpert\/preturile-apartamentelor-in-septembrie-2021-cresteri-in-majoritatea-marilor-orase-dar-se-intrevede-o-tendinta-de-stabilizare_db\/#primaryimage\"},\"image\":{\"@id\":\"https:\/\/www.imobiliare.ro\/imoexpert\/preturile-apartamentelor-in-septembrie-2021-cresteri-in-majoritatea-marilor-orase-dar-se-intrevede-o-tendinta-de-stabilizare_db\/#primaryimage\"},\"thumbnailUrl\":\"https:\/\/www.imobiliare.ro\/imoexpert\/wp-content\/uploads\/2021\/10\/Preturile-apartamentelor-in-septembrie-2021.jpg\",\"datePublished\":\"2021-10-07T08:48:04+00:00\",\"description\":\"\u00cen prima lun\u0103 de toamn\u0103, pre\u021burile apartamentelor (noi \u0219i vechi) scoase la v\u00e2nzare \u00een Rom\u00e2nia s-au men\u021binut, ca medie la nivel de \u021bar\u0103, la un nivel\",\"breadcrumb\":{\"@id\":\"https:\/\/www.imobiliare.ro\/imoexpert\/preturile-apartamentelor-in-septembrie-2021-cresteri-in-majoritatea-marilor-orase-dar-se-intrevede-o-tendinta-de-stabilizare_db\/#breadcrumb\"},\"inLanguage\":\"en\",\"potentialAction\":[{\"@type\":\"ReadAction\",\"target\":[\"https:\/\/www.imobiliare.ro\/imoexpert\/preturile-apartamentelor-in-septembrie-2021-cresteri-in-majoritatea-marilor-orase-dar-se-intrevede-o-tendinta-de-stabilizare_db\/\"]}]},{\"@type\":\"ImageObject\",\"inLanguage\":\"en\",\"@id\":\"https:\/\/www.imobiliare.ro\/imoexpert\/preturile-apartamentelor-in-septembrie-2021-cresteri-in-majoritatea-marilor-orase-dar-se-intrevede-o-tendinta-de-stabilizare_db\/#primaryimage\",\"url\":\"https:\/\/www.imobiliare.ro\/imoexpert\/wp-content\/uploads\/2021\/10\/Preturile-apartamentelor-in-septembrie-2021.jpg\",\"contentUrl\":\"https:\/\/www.imobiliare.ro\/imoexpert\/wp-content\/uploads\/2021\/10\/Preturile-apartamentelor-in-septembrie-2021.jpg\",\"width\":800,\"height\":533,\"caption\":\"Surs\u0103 foto: Pixabay.com\"},{\"@type\":\"BreadcrumbList\",\"@id\":\"https:\/\/www.imobiliare.ro\/imoexpert\/preturile-apartamentelor-in-septembrie-2021-cresteri-in-majoritatea-marilor-orase-dar-se-intrevede-o-tendinta-de-stabilizare_db\/#breadcrumb\",\"itemListElement\":[{\"@type\":\"ListItem\",\"position\":1,\"name\":\"Imoradar24\",\"item\":\"https:\/\/www.imoradar24.ro\"},{\"@type\":\"ListItem\",\"position\":2,\"name\":\"ImoExpert\",\"item\":\"https:\/\/www.imobiliare.ro\/imoexpert\/\"},{\"@type\":\"ListItem\",\"position\":3,\"name\":\"Pre\u021burile apartamentelor \u00een septembrie 2021: cre\u0219teri \u00een majoritatea marilor ora\u0219e, dar se \u00eentrevede o tendin\u021b\u0103 de stabilizare\"}]},{\"@type\":\"WebSite\",\"@id\":\"https:\/\/www.imobiliare.ro\/imoexpert\/#website\",\"url\":\"https:\/\/www.imobiliare.ro\/imoexpert\/\",\"name\":\"ImoExpert\",\"description\":\"cele mai importante \u015ftiri din domeniul imobiliar\",\"publisher\":{\"@id\":\"https:\/\/www.imobiliare.ro\/imoexpert\/#organization\"},\"inLanguage\":\"en\"},{\"@type\":\"Organization\",\"@id\":\"https:\/\/www.imobiliare.ro\/imoexpert\/#organization\",\"name\":\"Imobiliare.ro\",\"alternateName\":\"Realmedia Network SA\",\"url\":\"https:\/\/www.imobiliare.ro\/imoexpert\/\",\"logo\":{\"@type\":\"ImageObject\",\"inLanguage\":\"en\",\"@id\":\"https:\/\/www.imobiliare.ro\/imoexpert\/#\/schema\/logo\/image\/\",\"url\":\"https:\/\/www.imobiliare.ro\/imoexpert\/wp-content\/uploads\/2025\/05\/imobiliare_logo.png\",\"contentUrl\":\"https:\/\/www.imobiliare.ro\/imoexpert\/wp-content\/uploads\/2025\/05\/imobiliare_logo.png\",\"width\":237,\"height\":29,\"caption\":\"Imobiliare.ro\"},\"image\":{\"@id\":\"https:\/\/www.imobiliare.ro\/imoexpert\/#\/schema\/logo\/image\/\"}},{\"@type\":\"Person\",\"@id\":\"https:\/\/www.imobiliare.ro\/imoexpert\/#\/schema\/person\/8c13b0297075010b896471fabf0d7790\",\"name\":\"Adriana Dr\u0103gu\u0219in\",\"image\":{\"@type\":\"ImageObject\",\"inLanguage\":\"en\",\"@id\":\"https:\/\/www.imobiliare.ro\/imoexpert\/#\/schema\/person\/image\/\",\"url\":\"https:\/\/secure.gravatar.com\/avatar\/ba4762f7517e50e679ed7f11207102d1150120f2f5800c0da98f8a15305bf514?s=96&d=mm&r=g\",\"contentUrl\":\"https:\/\/secure.gravatar.com\/avatar\/ba4762f7517e50e679ed7f11207102d1150120f2f5800c0da98f8a15305bf514?s=96&d=mm&r=g\",\"caption\":\"Adriana Dr\u0103gu\u0219in\"},\"jobTitle\":\"Editor\",\"url\":\"https:\/\/www.imobiliare.ro\/imoexpert\/author\/adriana-dragusin\/\"}]}<\/script>\n<!-- \/ Yoast SEO Premium plugin. -->","yoast_head_json":{"title":"Pre\u021burile apartamentelor \u00een septembrie 2021: cre\u0219teri \u00een majoritatea marilor ora\u0219e, dar se \u00eentrevede o tendin\u021b\u0103 de stabilizare - ImoExpert","description":"\u00cen prima lun\u0103 de toamn\u0103, pre\u021burile apartamentelor (noi \u0219i vechi) scoase la v\u00e2nzare \u00een Rom\u00e2nia s-au men\u021binut, ca medie la nivel de \u021bar\u0103, la un nivel","robots":{"index":"index","follow":"follow"},"canonical":"https:\/\/www.imobiliare.ro\/imoexpert\/preturile-apartamentelor-in-septembrie-2021-cresteri-in-majoritatea-marilor-orase-dar-se-intrevede-o-tendinta-de-stabilizare_db\/","og_locale":"ro_RO","og_type":"article","og_title":"Pre\u021burile apartamentelor \u00een septembrie 2021: cre\u0219teri \u00een majoritatea marilor ora\u0219e, dar se \u00eentrevede o tendin\u021b\u0103 de stabilizare","og_description":"\u00cen prima lun\u0103 de toamn\u0103, pre\u021burile apartamentelor (noi \u0219i vechi) scoase la v\u00e2nzare \u00een Rom\u00e2nia s-au men\u021binut, ca medie la nivel de \u021bar\u0103, la un nivel","og_url":"https:\/\/www.imobiliare.ro\/imoexpert\/preturile-apartamentelor-in-septembrie-2021-cresteri-in-majoritatea-marilor-orase-dar-se-intrevede-o-tendinta-de-stabilizare_db\/","og_site_name":"ImoExpert","article_published_time":"2021-10-07T08:48:04+00:00","og_image":[{"width":800,"height":533,"url":"https:\/\/www.imobiliare.ro\/imoexpert\/wp-content\/uploads\/2021\/10\/Preturile-apartamentelor-in-septembrie-2021.jpg","type":"image\/jpeg"}],"author":"Adriana Dr\u0103gu\u0219in","twitter_card":"summary_large_image","twitter_misc":{"Written by":"Adriana Dr\u0103gu\u0219in","Est. reading time":"4 minute"},"schema":{"@context":"https:\/\/schema.org","@graph":[{"@type":"Article","@id":"https:\/\/www.imobiliare.ro\/imoexpert\/preturile-apartamentelor-in-septembrie-2021-cresteri-in-majoritatea-marilor-orase-dar-se-intrevede-o-tendinta-de-stabilizare_db\/#article","isPartOf":{"@id":"https:\/\/www.imobiliare.ro\/imoexpert\/preturile-apartamentelor-in-septembrie-2021-cresteri-in-majoritatea-marilor-orase-dar-se-intrevede-o-tendinta-de-stabilizare_db\/"},"author":{"name":"Adriana Dr\u0103gu\u0219in","@id":"https:\/\/www.imobiliare.ro\/imoexpert\/#\/schema\/person\/8c13b0297075010b896471fabf0d7790"},"headline":"Pre\u021burile apartamentelor \u00een septembrie 2021: cre\u0219teri \u00een majoritatea marilor ora\u0219e, dar se \u00eentrevede o tendin\u021b\u0103 de stabilizare","datePublished":"2021-10-07T08:48:04+00:00","mainEntityOfPage":{"@id":"https:\/\/www.imobiliare.ro\/imoexpert\/preturile-apartamentelor-in-septembrie-2021-cresteri-in-majoritatea-marilor-orase-dar-se-intrevede-o-tendinta-de-stabilizare_db\/"},"wordCount":825,"commentCount":0,"publisher":{"@id":"https:\/\/www.imobiliare.ro\/imoexpert\/#organization"},"image":{"@id":"https:\/\/www.imobiliare.ro\/imoexpert\/preturile-apartamentelor-in-septembrie-2021-cresteri-in-majoritatea-marilor-orase-dar-se-intrevede-o-tendinta-de-stabilizare_db\/#primaryimage"},"thumbnailUrl":"https:\/\/www.imobiliare.ro\/imoexpert\/wp-content\/uploads\/2021\/10\/Preturile-apartamentelor-in-septembrie-2021.jpg","keywords":["Indice imobiliare.ro","newsletter","preturi apartamente","preturi apartamente 2021","preturi locuinte","principal","proprietar"],"inLanguage":"en","potentialAction":[{"@type":"CommentAction","name":"Comment","target":["https:\/\/www.imobiliare.ro\/imoexpert\/preturile-apartamentelor-in-septembrie-2021-cresteri-in-majoritatea-marilor-orase-dar-se-intrevede-o-tendinta-de-stabilizare_db\/#respond"]}],"copyrightYear":"2021","copyrightHolder":{"@id":"https:\/\/www.imobiliare.ro\/imoexpert\/#organization"}},{"@type":"WebPage","@id":"https:\/\/www.imobiliare.ro\/imoexpert\/preturile-apartamentelor-in-septembrie-2021-cresteri-in-majoritatea-marilor-orase-dar-se-intrevede-o-tendinta-de-stabilizare_db\/","url":"https:\/\/www.imobiliare.ro\/imoexpert\/preturile-apartamentelor-in-septembrie-2021-cresteri-in-majoritatea-marilor-orase-dar-se-intrevede-o-tendinta-de-stabilizare_db\/","name":"Pre\u021burile apartamentelor \u00een septembrie 2021: cre\u0219teri \u00een majoritatea marilor ora\u0219e, dar se \u00eentrevede o tendin\u021b\u0103 de stabilizare - ImoExpert","isPartOf":{"@id":"https:\/\/www.imobiliare.ro\/imoexpert\/#website"},"primaryImageOfPage":{"@id":"https:\/\/www.imobiliare.ro\/imoexpert\/preturile-apartamentelor-in-septembrie-2021-cresteri-in-majoritatea-marilor-orase-dar-se-intrevede-o-tendinta-de-stabilizare_db\/#primaryimage"},"image":{"@id":"https:\/\/www.imobiliare.ro\/imoexpert\/preturile-apartamentelor-in-septembrie-2021-cresteri-in-majoritatea-marilor-orase-dar-se-intrevede-o-tendinta-de-stabilizare_db\/#primaryimage"},"thumbnailUrl":"https:\/\/www.imobiliare.ro\/imoexpert\/wp-content\/uploads\/2021\/10\/Preturile-apartamentelor-in-septembrie-2021.jpg","datePublished":"2021-10-07T08:48:04+00:00","description":"\u00cen prima lun\u0103 de toamn\u0103, pre\u021burile apartamentelor (noi \u0219i vechi) scoase la v\u00e2nzare \u00een Rom\u00e2nia s-au men\u021binut, ca medie la nivel de \u021bar\u0103, la un nivel","breadcrumb":{"@id":"https:\/\/www.imobiliare.ro\/imoexpert\/preturile-apartamentelor-in-septembrie-2021-cresteri-in-majoritatea-marilor-orase-dar-se-intrevede-o-tendinta-de-stabilizare_db\/#breadcrumb"},"inLanguage":"en","potentialAction":[{"@type":"ReadAction","target":["https:\/\/www.imobiliare.ro\/imoexpert\/preturile-apartamentelor-in-septembrie-2021-cresteri-in-majoritatea-marilor-orase-dar-se-intrevede-o-tendinta-de-stabilizare_db\/"]}]},{"@type":"ImageObject","inLanguage":"en","@id":"https:\/\/www.imobiliare.ro\/imoexpert\/preturile-apartamentelor-in-septembrie-2021-cresteri-in-majoritatea-marilor-orase-dar-se-intrevede-o-tendinta-de-stabilizare_db\/#primaryimage","url":"https:\/\/www.imobiliare.ro\/imoexpert\/wp-content\/uploads\/2021\/10\/Preturile-apartamentelor-in-septembrie-2021.jpg","contentUrl":"https:\/\/www.imobiliare.ro\/imoexpert\/wp-content\/uploads\/2021\/10\/Preturile-apartamentelor-in-septembrie-2021.jpg","width":800,"height":533,"caption":"Surs\u0103 foto: Pixabay.com"},{"@type":"BreadcrumbList","@id":"https:\/\/www.imobiliare.ro\/imoexpert\/preturile-apartamentelor-in-septembrie-2021-cresteri-in-majoritatea-marilor-orase-dar-se-intrevede-o-tendinta-de-stabilizare_db\/#breadcrumb","itemListElement":[{"@type":"ListItem","position":1,"name":"Imoradar24","item":"https:\/\/www.imoradar24.ro"},{"@type":"ListItem","position":2,"name":"ImoExpert","item":"https:\/\/www.imobiliare.ro\/imoexpert\/"},{"@type":"ListItem","position":3,"name":"Pre\u021burile apartamentelor \u00een septembrie 2021: cre\u0219teri \u00een majoritatea marilor ora\u0219e, dar se \u00eentrevede o tendin\u021b\u0103 de stabilizare"}]},{"@type":"WebSite","@id":"https:\/\/www.imobiliare.ro\/imoexpert\/#website","url":"https:\/\/www.imobiliare.ro\/imoexpert\/","name":"ImoExpert","description":"cele mai importante \u015ftiri din domeniul imobiliar","publisher":{"@id":"https:\/\/www.imobiliare.ro\/imoexpert\/#organization"},"inLanguage":"en"},{"@type":"Organization","@id":"https:\/\/www.imobiliare.ro\/imoexpert\/#organization","name":"Imobiliare.ro","alternateName":"Realmedia Network SA","url":"https:\/\/www.imobiliare.ro\/imoexpert\/","logo":{"@type":"ImageObject","inLanguage":"en","@id":"https:\/\/www.imobiliare.ro\/imoexpert\/#\/schema\/logo\/image\/","url":"https:\/\/www.imobiliare.ro\/imoexpert\/wp-content\/uploads\/2025\/05\/imobiliare_logo.png","contentUrl":"https:\/\/www.imobiliare.ro\/imoexpert\/wp-content\/uploads\/2025\/05\/imobiliare_logo.png","width":237,"height":29,"caption":"Imobiliare.ro"},"image":{"@id":"https:\/\/www.imobiliare.ro\/imoexpert\/#\/schema\/logo\/image\/"}},{"@type":"Person","@id":"https:\/\/www.imobiliare.ro\/imoexpert\/#\/schema\/person\/8c13b0297075010b896471fabf0d7790","name":"Adriana Dr\u0103gu\u0219in","image":{"@type":"ImageObject","inLanguage":"en","@id":"https:\/\/www.imobiliare.ro\/imoexpert\/#\/schema\/person\/image\/","url":"https:\/\/secure.gravatar.com\/avatar\/ba4762f7517e50e679ed7f11207102d1150120f2f5800c0da98f8a15305bf514?s=96&d=mm&r=g","contentUrl":"https:\/\/secure.gravatar.com\/avatar\/ba4762f7517e50e679ed7f11207102d1150120f2f5800c0da98f8a15305bf514?s=96&d=mm&r=g","caption":"Adriana Dr\u0103gu\u0219in"},"jobTitle":"Editor","url":"https:\/\/www.imobiliare.ro\/imoexpert\/author\/adriana-dragusin\/"}]}},"_links":{"self":[{"href":"https:\/\/www.imobiliare.ro\/imoexpert\/wp-json\/wp\/v2\/posts\/63488","targetHints":{"allow":["GET"]}}],"collection":[{"href":"https:\/\/www.imobiliare.ro\/imoexpert\/wp-json\/wp\/v2\/posts"}],"about":[{"href":"https:\/\/www.imobiliare.ro\/imoexpert\/wp-json\/wp\/v2\/types\/post"}],"author":[{"embeddable":true,"href":"https:\/\/www.imobiliare.ro\/imoexpert\/wp-json\/wp\/v2\/users\/829"}],"replies":[{"embeddable":true,"href":"https:\/\/www.imobiliare.ro\/imoexpert\/wp-json\/wp\/v2\/comments?post=63488"}],"version-history":[{"count":0,"href":"https:\/\/www.imobiliare.ro\/imoexpert\/wp-json\/wp\/v2\/posts\/63488\/revisions"}],"wp:featuredmedia":[{"embeddable":true,"href":"https:\/\/www.imobiliare.ro\/imoexpert\/wp-json\/wp\/v2\/media\/63489"}],"wp:attachment":[{"href":"https:\/\/www.imobiliare.ro\/imoexpert\/wp-json\/wp\/v2\/media?parent=63488"}],"wp:term":[{"taxonomy":"category","embeddable":true,"href":"https:\/\/www.imobiliare.ro\/imoexpert\/wp-json\/wp\/v2\/categories?post=63488"},{"taxonomy":"post_tag","embeddable":true,"href":"https:\/\/www.imobiliare.ro\/imoexpert\/wp-json\/wp\/v2\/tags?post=63488"},{"taxonomy":"content_author","embeddable":true,"href":"https:\/\/www.imobiliare.ro\/imoexpert\/wp-json\/wp\/v2\/content_author?post=63488"}],"curies":[{"name":"wp","href":"https:\/\/api.w.org\/{rel}","templated":true}]}}