{"id":63911,"date":"2021-11-26T17:13:08","date_gmt":"2021-11-26T15:13:08","guid":{"rendered":"https:\/\/www.imobiliare.ro\/imoexpert\/?p=63911"},"modified":"2021-11-26T17:13:08","modified_gmt":"2021-11-26T15:13:08","slug":"maurer-imobiliare-a-depasit-pragul-de-10-000-de-apartamente-vandute-la-nivel-national","status":"publish","type":"post","link":"https:\/\/www.imobiliare.ro\/imoexpert\/maurer-imobiliare-a-depasit-pragul-de-10-000-de-apartamente-vandute-la-nivel-national_db\/","title":{"rendered":"Maurer Imobiliare a dep\u0103\u0219it pragul de 10.000 de apartamente v\u00e2ndute la nivel na\u021bional"},"content":{"rendered":"<p><img loading=\"lazy\" decoding=\"async\" class=\"alignnone size-large wp-image-63912\" src=\"https:\/\/www.imobiliare.ro\/imoexpert\/wp-content\/uploads\/2021\/11\/maurer--1024x671.jpg\" alt=\"\" width=\"1024\" height=\"671\" srcset=\"https:\/\/www.imobiliare.ro\/imoexpert\/wp-content\/uploads\/2021\/11\/maurer--1024x671.jpg 1024w, https:\/\/www.imobiliare.ro\/imoexpert\/wp-content\/uploads\/2021\/11\/maurer--300x197.jpg 300w, https:\/\/www.imobiliare.ro\/imoexpert\/wp-content\/uploads\/2021\/11\/maurer--768x503.jpg 768w, https:\/\/www.imobiliare.ro\/imoexpert\/wp-content\/uploads\/2021\/11\/maurer--1536x1006.jpg 1536w, https:\/\/www.imobiliare.ro\/imoexpert\/wp-content\/uploads\/2021\/11\/maurer--2048x1342.jpg 2048w\" sizes=\"auto, (max-width: 1024px) 100vw, 1024px\" \/><\/p>\n<p><em>Maurer Imobiliare, activ \u00een domeniu de 15 ani, dep\u0103\u0219e\u0219te pragul de 10.000 de apartamente v\u00e2ndute la nivel na\u021bional. Compania are \u00een portofoliu proiecte \u00een \u0219ase ora\u0219e din \u021bar\u0103, este vorba despre ansamblurile: Avantgarden3 din Sibiu, Avantgarden3 Bra\u0219ov, Maurer Residence Bra\u0219ov, Maurer Villas Bra\u0219ov, Maurer Residence Constan\u021ba, Maurer Residence T\u00e2rgu Mure\u0219, Maurer Panoramic Cluj-Napoca \u0219i Maurer Residence Sighi\u0219oara.<\/em><\/p>\n<p>Din totalul de 10.000 de apartamente v\u00e2ndute, o propor\u021bie mai mare de 95% este ocupat\u0103 de c\u0103tre v\u00e2nzarea apartamentelor \u00een stadiu de proiect.<\/p>\n<h2>Anul 2021 marcheaz\u0103 un record \u00een istoricul evolu\u021biei dezvoltatorului<\/h2>\n<p>\u00cen anul 2021 compania a finalizat 23 de imobile, acestea totaliz\u00e2nd 1025 de apartamente, iar alte peste 350 de apartamente se afl\u0103 \u00een diverse faze de construc\u021bie. Reparti\u021bia apartamentelor finalizate \u00een cadrul proiectelor din \u021bar\u0103 este:<\/p>\n<ul>\n<li>536 de apartamente \u00een 14 blocuri \u00een faza IV din Avantgarden3 Bra\u0219ov<\/li>\n<li>137 de apartamente \u00een 2 blocuri \u00een Maurer Residence Constan\u021ba<\/li>\n<li>253 de apartamente \u00een 4 blocuri \u00een Maurer Residence T\u00e2rgu Mure\u0219<\/li>\n<li>39 de apartamente \u00een primul bloc din Maurer Residence Sighi\u0219oara<\/li>\n<li>60 de apartamente \u00een primele 2 blocuri din Maurer Villas Bra\u0219ov.<\/li>\n<\/ul>\n<p>Din aceste 1025 apartamente finalizate, au fost predate clien\u021bilor \u00een procent de peste 80%, urm\u00e2nd ca restul apartamentelor s\u0103 fie receptionate p\u00e2n\u0103 la finalul acestui an sau \u00een primele luni din anul 2022.<\/p>\n<p>\u00cen luna decembrie a acestui an, compania marcheaz\u0103 recep\u021bia apartamentului cu num\u0103rul 5000 \u00een cadrul proiectului etalon al companiei \u2013 Avantgarden3 Bra\u0219ov. Proiectul de aici continu\u0103 cu faza V, un nou concept inovator. Potrivit informa\u021biilor transmise de companie aici se va implementa conceptul de p\u0103dure urban\u0103. Cu acest prilej se vor planta 5000 de puie\u021bi, din 15 specii autohtone, pe o suprafa\u021b\u0103 de 850 mp (\u00eemp\u0103r\u021bit\u0103 \u00een 3 zone din cartier).<\/p>\n<p>Totodat\u0103 planurile companiei de expansiune continu\u0103 cu noi proiecte, astfel c\u0103 odat\u0103 cu sf\u00e2r\u0219itul acestui an, prin lansarea proiectului Maurer Village Bra\u0219ov, compania Maurer Imobiliare se bucur\u0103 de o diversificare a portofoliului de produse. Maurer Village Bra\u0219ov va reprezenta o comunitate format\u0103 din 67 de case premium, cu design modern.<\/p>\n","protected":false},"excerpt":{"rendered":"<p>Maurer Imobiliare, activ \u00een domeniu de 15 ani, dep\u0103\u0219e\u0219te pragul de 10.000 de apartamente v\u00e2ndute la nivel na\u021bional. Compania are \u00een portofoliu proiecte \u00een \u0219ase ora\u0219e din \u021bar\u0103, este vorba despre ansamblurile: Avantgarden3 din Sibiu, Avantgarden3 Bra\u0219ov, Maurer Residence Bra\u0219ov, Maurer Villas Bra\u0219ov, Maurer Residence Constan\u021ba, Maurer Residence T\u00e2rgu Mure\u0219, Maurer Panoramic Cluj-Napoca \u0219i Maurer [&hellip;]<\/p>\n","protected":false},"author":853852,"featured_media":63912,"comment_status":"open","ping_status":"open","sticky":false,"template":"","format":"standard","meta":{"footnotes":""},"categories":[259],"tags":[2077],"content_author":[],"class_list":["post-63911","post","type-post","status-publish","format-standard","has-post-thumbnail","hentry","category-stiri","tag-maurer"],"yoast_head":"<!-- This site is optimized with the Yoast SEO Premium plugin v27.0 (Yoast SEO v27.0) - https:\/\/yoast.com\/product\/yoast-seo-premium-wordpress\/ -->\n<title>Maurer Imobiliare a dep\u0103\u0219it pragul de 10.000 de apartamente v\u00e2ndute la nivel na\u021bional - \u0218tiri - ImoExpert<\/title>\n<meta name=\"description\" content=\"Maurer Imobiliare, activ \u00een domeniu de 15 ani, dep\u0103\u0219e\u0219te pragul de 10.000 de apartamente v\u00e2ndute la nivel na\u021bional. Compania are \u00een portofoliu proiecte \u00een\" \/>\n<meta name=\"robots\" content=\"index, follow\" \/>\n<link rel=\"canonical\" href=\"https:\/\/www.imobiliare.ro\/imoexpert\/maurer-imobiliare-a-depasit-pragul-de-10-000-de-apartamente-vandute-la-nivel-national_db\/\" \/>\n<meta property=\"og:locale\" content=\"ro_RO\" \/>\n<meta property=\"og:type\" content=\"article\" \/>\n<meta property=\"og:title\" content=\"Maurer Imobiliare a dep\u0103\u0219it pragul de 10.000 de apartamente v\u00e2ndute la nivel na\u021bional\" \/>\n<meta property=\"og:description\" content=\"Maurer Imobiliare, activ \u00een domeniu de 15 ani, dep\u0103\u0219e\u0219te pragul de 10.000 de apartamente v\u00e2ndute la nivel na\u021bional. Compania are \u00een portofoliu proiecte \u00een\" \/>\n<meta property=\"og:url\" content=\"https:\/\/www.imobiliare.ro\/imoexpert\/maurer-imobiliare-a-depasit-pragul-de-10-000-de-apartamente-vandute-la-nivel-national_db\/\" \/>\n<meta property=\"og:site_name\" content=\"ImoExpert\" \/>\n<meta property=\"article:published_time\" content=\"2021-11-26T15:13:08+00:00\" \/>\n<meta property=\"og:image\" content=\"https:\/\/www.imobiliare.ro\/imoexpert\/wp-content\/uploads\/2021\/11\/maurer--scaled.jpg\" \/>\n\t<meta property=\"og:image:width\" content=\"2560\" \/>\n\t<meta property=\"og:image:height\" content=\"1677\" \/>\n\t<meta property=\"og:image:type\" content=\"image\/jpeg\" \/>\n<meta name=\"author\" content=\"Corina Sfia\" \/>\n<meta name=\"twitter:card\" content=\"summary_large_image\" \/>\n<meta name=\"twitter:label1\" content=\"Written by\" \/>\n\t<meta name=\"twitter:data1\" content=\"Corina Sfia\" \/>\n\t<meta name=\"twitter:label2\" content=\"Est. reading time\" \/>\n\t<meta name=\"twitter:data2\" content=\"2 minute\" \/>\n<script type=\"application\/ld+json\" class=\"yoast-schema-graph\">{\"@context\":\"https:\/\/schema.org\",\"@graph\":[{\"@type\":\"Article\",\"@id\":\"https:\/\/www.imobiliare.ro\/imoexpert\/maurer-imobiliare-a-depasit-pragul-de-10-000-de-apartamente-vandute-la-nivel-national_db\/#article\",\"isPartOf\":{\"@id\":\"https:\/\/www.imobiliare.ro\/imoexpert\/maurer-imobiliare-a-depasit-pragul-de-10-000-de-apartamente-vandute-la-nivel-national_db\/\"},\"author\":{\"name\":\"Corina Sfia\",\"@id\":\"https:\/\/www.imobiliare.ro\/imoexpert\/#\/schema\/person\/05beb62efa22e8e5445349a3eb6c5247\"},\"headline\":\"Maurer Imobiliare a dep\u0103\u0219it pragul de 10.000 de apartamente v\u00e2ndute la nivel na\u021bional\",\"datePublished\":\"2021-11-26T15:13:08+00:00\",\"mainEntityOfPage\":{\"@id\":\"https:\/\/www.imobiliare.ro\/imoexpert\/maurer-imobiliare-a-depasit-pragul-de-10-000-de-apartamente-vandute-la-nivel-national_db\/\"},\"wordCount\":359,\"commentCount\":1,\"publisher\":{\"@id\":\"https:\/\/www.imobiliare.ro\/imoexpert\/#organization\"},\"image\":{\"@id\":\"https:\/\/www.imobiliare.ro\/imoexpert\/maurer-imobiliare-a-depasit-pragul-de-10-000-de-apartamente-vandute-la-nivel-national_db\/#primaryimage\"},\"thumbnailUrl\":\"https:\/\/www.imobiliare.ro\/imoexpert\/wp-content\/uploads\/2021\/11\/maurer--scaled.jpg\",\"keywords\":[\"maurer\"],\"articleSection\":[\"\u0218tiri\"],\"inLanguage\":\"en\",\"potentialAction\":[{\"@type\":\"CommentAction\",\"name\":\"Comment\",\"target\":[\"https:\/\/www.imobiliare.ro\/imoexpert\/maurer-imobiliare-a-depasit-pragul-de-10-000-de-apartamente-vandute-la-nivel-national_db\/#respond\"]}],\"copyrightYear\":\"2021\",\"copyrightHolder\":{\"@id\":\"https:\/\/www.imobiliare.ro\/imoexpert\/#organization\"}},{\"@type\":\"WebPage\",\"@id\":\"https:\/\/www.imobiliare.ro\/imoexpert\/maurer-imobiliare-a-depasit-pragul-de-10-000-de-apartamente-vandute-la-nivel-national_db\/\",\"url\":\"https:\/\/www.imobiliare.ro\/imoexpert\/maurer-imobiliare-a-depasit-pragul-de-10-000-de-apartamente-vandute-la-nivel-national_db\/\",\"name\":\"Maurer Imobiliare a dep\u0103\u0219it pragul de 10.000 de apartamente v\u00e2ndute la nivel na\u021bional - \u0218tiri - ImoExpert\",\"isPartOf\":{\"@id\":\"https:\/\/www.imobiliare.ro\/imoexpert\/#website\"},\"primaryImageOfPage\":{\"@id\":\"https:\/\/www.imobiliare.ro\/imoexpert\/maurer-imobiliare-a-depasit-pragul-de-10-000-de-apartamente-vandute-la-nivel-national_db\/#primaryimage\"},\"image\":{\"@id\":\"https:\/\/www.imobiliare.ro\/imoexpert\/maurer-imobiliare-a-depasit-pragul-de-10-000-de-apartamente-vandute-la-nivel-national_db\/#primaryimage\"},\"thumbnailUrl\":\"https:\/\/www.imobiliare.ro\/imoexpert\/wp-content\/uploads\/2021\/11\/maurer--scaled.jpg\",\"datePublished\":\"2021-11-26T15:13:08+00:00\",\"description\":\"Maurer Imobiliare, activ \u00een domeniu de 15 ani, dep\u0103\u0219e\u0219te pragul de 10.000 de apartamente v\u00e2ndute la nivel na\u021bional. Compania are \u00een portofoliu proiecte \u00een\",\"breadcrumb\":{\"@id\":\"https:\/\/www.imobiliare.ro\/imoexpert\/maurer-imobiliare-a-depasit-pragul-de-10-000-de-apartamente-vandute-la-nivel-national_db\/#breadcrumb\"},\"inLanguage\":\"en\",\"potentialAction\":[{\"@type\":\"ReadAction\",\"target\":[\"https:\/\/www.imobiliare.ro\/imoexpert\/maurer-imobiliare-a-depasit-pragul-de-10-000-de-apartamente-vandute-la-nivel-national_db\/\"]}]},{\"@type\":\"ImageObject\",\"inLanguage\":\"en\",\"@id\":\"https:\/\/www.imobiliare.ro\/imoexpert\/maurer-imobiliare-a-depasit-pragul-de-10-000-de-apartamente-vandute-la-nivel-national_db\/#primaryimage\",\"url\":\"https:\/\/www.imobiliare.ro\/imoexpert\/wp-content\/uploads\/2021\/11\/maurer--scaled.jpg\",\"contentUrl\":\"https:\/\/www.imobiliare.ro\/imoexpert\/wp-content\/uploads\/2021\/11\/maurer--scaled.jpg\",\"width\":2560,\"height\":1677},{\"@type\":\"BreadcrumbList\",\"@id\":\"https:\/\/www.imobiliare.ro\/imoexpert\/maurer-imobiliare-a-depasit-pragul-de-10-000-de-apartamente-vandute-la-nivel-national_db\/#breadcrumb\",\"itemListElement\":[{\"@type\":\"ListItem\",\"position\":1,\"name\":\"Imoradar24\",\"item\":\"https:\/\/www.imoradar24.ro\"},{\"@type\":\"ListItem\",\"position\":2,\"name\":\"ImoExpert\",\"item\":\"https:\/\/www.imobiliare.ro\/imoexpert\/\"},{\"@type\":\"ListItem\",\"position\":3,\"name\":\"\u0218tiri\",\"item\":\"https:\/\/www.imobiliare.ro\/imoexpert\/stiri\/\"},{\"@type\":\"ListItem\",\"position\":4,\"name\":\"Maurer Imobiliare a dep\u0103\u0219it pragul de 10.000 de apartamente v\u00e2ndute la nivel na\u021bional\"}]},{\"@type\":\"WebSite\",\"@id\":\"https:\/\/www.imobiliare.ro\/imoexpert\/#website\",\"url\":\"https:\/\/www.imobiliare.ro\/imoexpert\/\",\"name\":\"ImoExpert\",\"description\":\"cele mai importante \u015ftiri din domeniul imobiliar\",\"publisher\":{\"@id\":\"https:\/\/www.imobiliare.ro\/imoexpert\/#organization\"},\"inLanguage\":\"en\"},{\"@type\":\"Organization\",\"@id\":\"https:\/\/www.imobiliare.ro\/imoexpert\/#organization\",\"name\":\"Imobiliare.ro\",\"alternateName\":\"Realmedia Network SA\",\"url\":\"https:\/\/www.imobiliare.ro\/imoexpert\/\",\"logo\":{\"@type\":\"ImageObject\",\"inLanguage\":\"en\",\"@id\":\"https:\/\/www.imobiliare.ro\/imoexpert\/#\/schema\/logo\/image\/\",\"url\":\"https:\/\/www.imobiliare.ro\/imoexpert\/wp-content\/uploads\/2025\/05\/imobiliare_logo.png\",\"contentUrl\":\"https:\/\/www.imobiliare.ro\/imoexpert\/wp-content\/uploads\/2025\/05\/imobiliare_logo.png\",\"width\":237,\"height\":29,\"caption\":\"Imobiliare.ro\"},\"image\":{\"@id\":\"https:\/\/www.imobiliare.ro\/imoexpert\/#\/schema\/logo\/image\/\"}},{\"@type\":\"Person\",\"@id\":\"https:\/\/www.imobiliare.ro\/imoexpert\/#\/schema\/person\/05beb62efa22e8e5445349a3eb6c5247\",\"name\":\"Corina Sfia\",\"image\":{\"@type\":\"ImageObject\",\"inLanguage\":\"en\",\"@id\":\"https:\/\/www.imobiliare.ro\/imoexpert\/#\/schema\/person\/image\/\",\"url\":\"https:\/\/www.imobiliare.ro\/imoexpert\/wp-content\/uploads\/2025\/10\/corina-sfia-96x96.jpeg\",\"contentUrl\":\"https:\/\/www.imobiliare.ro\/imoexpert\/wp-content\/uploads\/2025\/10\/corina-sfia-96x96.jpeg\",\"caption\":\"Corina Sfia\"},\"description\":\"Corina Sfia are peste 18 ani de experien\u021b\u0103 \u00een televiziune, presa scris\u0103, audio-vizual, comunicare \u0219i content marketing. A activat \u00een presa de televiziune, la Digi24, precum \u0219i \u00een presa scris\u0103, iar \u00een prezent ocup\u0103 func\u021bia de Video Content Manager la Imobiliare.ro. Este implicat\u0103 \u00een realizarea unor produc\u021bii video, printre care Talks by Imobiliare.ro, Insights sau\u00a0Fail Imobiliar, \u0219i contribuie la realizarea unor interviuri speciale \u00een parteneriat cu Libertatea. Totodat\u0103, modereaz\u0103 \u0219i g\u0103zduie\u0219te evenimente dedicate industriei imobiliare.\",\"sameAs\":[\"http:\/\/www.sfia.ro\",\"https:\/\/ro.linkedin.com\/in\/corina-sfia-63794a216\"],\"jobTitle\":\"Video Content Manager\",\"award\":\"Cinematic Excellence Award, Imobiliare.ro, 2024\",\"url\":\"https:\/\/www.imobiliare.ro\/imoexpert\/author\/corina-sfia\/\"}]}<\/script>\n<!-- \/ Yoast SEO Premium plugin. -->","yoast_head_json":{"title":"Maurer Imobiliare a dep\u0103\u0219it pragul de 10.000 de apartamente v\u00e2ndute la nivel na\u021bional - \u0218tiri - ImoExpert","description":"Maurer Imobiliare, activ \u00een domeniu de 15 ani, dep\u0103\u0219e\u0219te pragul de 10.000 de apartamente v\u00e2ndute la nivel na\u021bional. Compania are \u00een portofoliu proiecte \u00een","robots":{"index":"index","follow":"follow"},"canonical":"https:\/\/www.imobiliare.ro\/imoexpert\/maurer-imobiliare-a-depasit-pragul-de-10-000-de-apartamente-vandute-la-nivel-national_db\/","og_locale":"ro_RO","og_type":"article","og_title":"Maurer Imobiliare a dep\u0103\u0219it pragul de 10.000 de apartamente v\u00e2ndute la nivel na\u021bional","og_description":"Maurer Imobiliare, activ \u00een domeniu de 15 ani, dep\u0103\u0219e\u0219te pragul de 10.000 de apartamente v\u00e2ndute la nivel na\u021bional. Compania are \u00een portofoliu proiecte \u00een","og_url":"https:\/\/www.imobiliare.ro\/imoexpert\/maurer-imobiliare-a-depasit-pragul-de-10-000-de-apartamente-vandute-la-nivel-national_db\/","og_site_name":"ImoExpert","article_published_time":"2021-11-26T15:13:08+00:00","og_image":[{"width":2560,"height":1677,"url":"https:\/\/www.imobiliare.ro\/imoexpert\/wp-content\/uploads\/2021\/11\/maurer--scaled.jpg","type":"image\/jpeg"}],"author":"Corina Sfia","twitter_card":"summary_large_image","twitter_misc":{"Written by":"Corina Sfia","Est. reading time":"2 minute"},"schema":{"@context":"https:\/\/schema.org","@graph":[{"@type":"Article","@id":"https:\/\/www.imobiliare.ro\/imoexpert\/maurer-imobiliare-a-depasit-pragul-de-10-000-de-apartamente-vandute-la-nivel-national_db\/#article","isPartOf":{"@id":"https:\/\/www.imobiliare.ro\/imoexpert\/maurer-imobiliare-a-depasit-pragul-de-10-000-de-apartamente-vandute-la-nivel-national_db\/"},"author":{"name":"Corina Sfia","@id":"https:\/\/www.imobiliare.ro\/imoexpert\/#\/schema\/person\/05beb62efa22e8e5445349a3eb6c5247"},"headline":"Maurer Imobiliare a dep\u0103\u0219it pragul de 10.000 de apartamente v\u00e2ndute la nivel na\u021bional","datePublished":"2021-11-26T15:13:08+00:00","mainEntityOfPage":{"@id":"https:\/\/www.imobiliare.ro\/imoexpert\/maurer-imobiliare-a-depasit-pragul-de-10-000-de-apartamente-vandute-la-nivel-national_db\/"},"wordCount":359,"commentCount":1,"publisher":{"@id":"https:\/\/www.imobiliare.ro\/imoexpert\/#organization"},"image":{"@id":"https:\/\/www.imobiliare.ro\/imoexpert\/maurer-imobiliare-a-depasit-pragul-de-10-000-de-apartamente-vandute-la-nivel-national_db\/#primaryimage"},"thumbnailUrl":"https:\/\/www.imobiliare.ro\/imoexpert\/wp-content\/uploads\/2021\/11\/maurer--scaled.jpg","keywords":["maurer"],"articleSection":["\u0218tiri"],"inLanguage":"en","potentialAction":[{"@type":"CommentAction","name":"Comment","target":["https:\/\/www.imobiliare.ro\/imoexpert\/maurer-imobiliare-a-depasit-pragul-de-10-000-de-apartamente-vandute-la-nivel-national_db\/#respond"]}],"copyrightYear":"2021","copyrightHolder":{"@id":"https:\/\/www.imobiliare.ro\/imoexpert\/#organization"}},{"@type":"WebPage","@id":"https:\/\/www.imobiliare.ro\/imoexpert\/maurer-imobiliare-a-depasit-pragul-de-10-000-de-apartamente-vandute-la-nivel-national_db\/","url":"https:\/\/www.imobiliare.ro\/imoexpert\/maurer-imobiliare-a-depasit-pragul-de-10-000-de-apartamente-vandute-la-nivel-national_db\/","name":"Maurer Imobiliare a dep\u0103\u0219it pragul de 10.000 de apartamente v\u00e2ndute la nivel na\u021bional - \u0218tiri - ImoExpert","isPartOf":{"@id":"https:\/\/www.imobiliare.ro\/imoexpert\/#website"},"primaryImageOfPage":{"@id":"https:\/\/www.imobiliare.ro\/imoexpert\/maurer-imobiliare-a-depasit-pragul-de-10-000-de-apartamente-vandute-la-nivel-national_db\/#primaryimage"},"image":{"@id":"https:\/\/www.imobiliare.ro\/imoexpert\/maurer-imobiliare-a-depasit-pragul-de-10-000-de-apartamente-vandute-la-nivel-national_db\/#primaryimage"},"thumbnailUrl":"https:\/\/www.imobiliare.ro\/imoexpert\/wp-content\/uploads\/2021\/11\/maurer--scaled.jpg","datePublished":"2021-11-26T15:13:08+00:00","description":"Maurer Imobiliare, activ \u00een domeniu de 15 ani, dep\u0103\u0219e\u0219te pragul de 10.000 de apartamente v\u00e2ndute la nivel na\u021bional. Compania are \u00een portofoliu proiecte \u00een","breadcrumb":{"@id":"https:\/\/www.imobiliare.ro\/imoexpert\/maurer-imobiliare-a-depasit-pragul-de-10-000-de-apartamente-vandute-la-nivel-national_db\/#breadcrumb"},"inLanguage":"en","potentialAction":[{"@type":"ReadAction","target":["https:\/\/www.imobiliare.ro\/imoexpert\/maurer-imobiliare-a-depasit-pragul-de-10-000-de-apartamente-vandute-la-nivel-national_db\/"]}]},{"@type":"ImageObject","inLanguage":"en","@id":"https:\/\/www.imobiliare.ro\/imoexpert\/maurer-imobiliare-a-depasit-pragul-de-10-000-de-apartamente-vandute-la-nivel-national_db\/#primaryimage","url":"https:\/\/www.imobiliare.ro\/imoexpert\/wp-content\/uploads\/2021\/11\/maurer--scaled.jpg","contentUrl":"https:\/\/www.imobiliare.ro\/imoexpert\/wp-content\/uploads\/2021\/11\/maurer--scaled.jpg","width":2560,"height":1677},{"@type":"BreadcrumbList","@id":"https:\/\/www.imobiliare.ro\/imoexpert\/maurer-imobiliare-a-depasit-pragul-de-10-000-de-apartamente-vandute-la-nivel-national_db\/#breadcrumb","itemListElement":[{"@type":"ListItem","position":1,"name":"Imoradar24","item":"https:\/\/www.imoradar24.ro"},{"@type":"ListItem","position":2,"name":"ImoExpert","item":"https:\/\/www.imobiliare.ro\/imoexpert\/"},{"@type":"ListItem","position":3,"name":"\u0218tiri","item":"https:\/\/www.imobiliare.ro\/imoexpert\/stiri\/"},{"@type":"ListItem","position":4,"name":"Maurer Imobiliare a dep\u0103\u0219it pragul de 10.000 de apartamente v\u00e2ndute la nivel na\u021bional"}]},{"@type":"WebSite","@id":"https:\/\/www.imobiliare.ro\/imoexpert\/#website","url":"https:\/\/www.imobiliare.ro\/imoexpert\/","name":"ImoExpert","description":"cele mai importante \u015ftiri din domeniul imobiliar","publisher":{"@id":"https:\/\/www.imobiliare.ro\/imoexpert\/#organization"},"inLanguage":"en"},{"@type":"Organization","@id":"https:\/\/www.imobiliare.ro\/imoexpert\/#organization","name":"Imobiliare.ro","alternateName":"Realmedia Network SA","url":"https:\/\/www.imobiliare.ro\/imoexpert\/","logo":{"@type":"ImageObject","inLanguage":"en","@id":"https:\/\/www.imobiliare.ro\/imoexpert\/#\/schema\/logo\/image\/","url":"https:\/\/www.imobiliare.ro\/imoexpert\/wp-content\/uploads\/2025\/05\/imobiliare_logo.png","contentUrl":"https:\/\/www.imobiliare.ro\/imoexpert\/wp-content\/uploads\/2025\/05\/imobiliare_logo.png","width":237,"height":29,"caption":"Imobiliare.ro"},"image":{"@id":"https:\/\/www.imobiliare.ro\/imoexpert\/#\/schema\/logo\/image\/"}},{"@type":"Person","@id":"https:\/\/www.imobiliare.ro\/imoexpert\/#\/schema\/person\/05beb62efa22e8e5445349a3eb6c5247","name":"Corina Sfia","image":{"@type":"ImageObject","inLanguage":"en","@id":"https:\/\/www.imobiliare.ro\/imoexpert\/#\/schema\/person\/image\/","url":"https:\/\/www.imobiliare.ro\/imoexpert\/wp-content\/uploads\/2025\/10\/corina-sfia-96x96.jpeg","contentUrl":"https:\/\/www.imobiliare.ro\/imoexpert\/wp-content\/uploads\/2025\/10\/corina-sfia-96x96.jpeg","caption":"Corina Sfia"},"description":"Corina Sfia are peste 18 ani de experien\u021b\u0103 \u00een televiziune, presa scris\u0103, audio-vizual, comunicare \u0219i content marketing. A activat \u00een presa de televiziune, la Digi24, precum \u0219i \u00een presa scris\u0103, iar \u00een prezent ocup\u0103 func\u021bia de Video Content Manager la Imobiliare.ro. Este implicat\u0103 \u00een realizarea unor produc\u021bii video, printre care Talks by Imobiliare.ro, Insights sau\u00a0Fail Imobiliar, \u0219i contribuie la realizarea unor interviuri speciale \u00een parteneriat cu Libertatea. Totodat\u0103, modereaz\u0103 \u0219i g\u0103zduie\u0219te evenimente dedicate industriei imobiliare.","sameAs":["http:\/\/www.sfia.ro","https:\/\/ro.linkedin.com\/in\/corina-sfia-63794a216"],"jobTitle":"Video Content Manager","award":"Cinematic Excellence Award, Imobiliare.ro, 2024","url":"https:\/\/www.imobiliare.ro\/imoexpert\/author\/corina-sfia\/"}]}},"_links":{"self":[{"href":"https:\/\/www.imobiliare.ro\/imoexpert\/wp-json\/wp\/v2\/posts\/63911","targetHints":{"allow":["GET"]}}],"collection":[{"href":"https:\/\/www.imobiliare.ro\/imoexpert\/wp-json\/wp\/v2\/posts"}],"about":[{"href":"https:\/\/www.imobiliare.ro\/imoexpert\/wp-json\/wp\/v2\/types\/post"}],"author":[{"embeddable":true,"href":"https:\/\/www.imobiliare.ro\/imoexpert\/wp-json\/wp\/v2\/users\/853852"}],"replies":[{"embeddable":true,"href":"https:\/\/www.imobiliare.ro\/imoexpert\/wp-json\/wp\/v2\/comments?post=63911"}],"version-history":[{"count":0,"href":"https:\/\/www.imobiliare.ro\/imoexpert\/wp-json\/wp\/v2\/posts\/63911\/revisions"}],"wp:featuredmedia":[{"embeddable":true,"href":"https:\/\/www.imobiliare.ro\/imoexpert\/wp-json\/wp\/v2\/media\/63912"}],"wp:attachment":[{"href":"https:\/\/www.imobiliare.ro\/imoexpert\/wp-json\/wp\/v2\/media?parent=63911"}],"wp:term":[{"taxonomy":"category","embeddable":true,"href":"https:\/\/www.imobiliare.ro\/imoexpert\/wp-json\/wp\/v2\/categories?post=63911"},{"taxonomy":"post_tag","embeddable":true,"href":"https:\/\/www.imobiliare.ro\/imoexpert\/wp-json\/wp\/v2\/tags?post=63911"},{"taxonomy":"content_author","embeddable":true,"href":"https:\/\/www.imobiliare.ro\/imoexpert\/wp-json\/wp\/v2\/content_author?post=63911"}],"curies":[{"name":"wp","href":"https:\/\/api.w.org\/{rel}","templated":true}]}}