{"id":6401,"date":"2010-09-07T16:22:12","date_gmt":"2010-09-07T13:22:12","guid":{"rendered":"https:\/\/www.imobiliare.ro\/?p=6401_db\/"},"modified":"2010-09-07T16:22:12","modified_gmt":"2010-09-07T13:22:12","slug":"1-500-de-locuinte-anl-in-pipera","status":"publish","type":"post","link":"https:\/\/www.imobiliare.ro\/imoexpert\/1-500-de-locuinte-anl-in-pipera_db\/","title":{"rendered":"1.500 de locuin\u0163e ANL \u00een Pipera"},"content":{"rendered":"<p><strong>Jum\u0103tate din unit\u0103\u0163ile locative sunt destinate angaja\u0163ilor din sistemul na\u0163ional de ap\u0103rare \u015fi ordine public\u0103, iar restul tinerilor.<\/strong><\/p>\n<p><a class=\"article-body-links\"href=\"https:\/\/www.imobiliare.ro\/imoexpert\/wp-content\/uploads\/2010\/09\/anl.jpg\"><img loading=\"lazy\" decoding=\"async\" class=\"alignleft size-medium wp-image-6402\" src=\"https:\/\/www.imobiliare.ro\/imoexpert\/wp-content\/uploads\/2010\/09\/anl-300x237.jpg\" alt=\"\" width=\"300\" height=\"237\" srcset=\"https:\/\/www.imobiliare.ro\/imoexpert\/wp-content\/uploads\/2010\/09\/anl-300x237.jpg 300w, https:\/\/www.imobiliare.ro\/imoexpert\/wp-content\/uploads\/2010\/09\/anl.jpg 600w\" sizes=\"auto, (max-width: 300px) 100vw, 300px\" \/><\/a>Ministerul Dezvolt\u0103rii Regionale \u015fi Turismului (MDRT) a anun\u0163at construc\u0163ia unui proiect de 1.500 de locuin\u0163e \u00een regim ANL \u00een sectorul 2 al Capitalei, zona Pipera. Ansamblul reziden\u0163ial va fi situat pe un teren cu o suprafa\u0163\u0103 de 4,53 de hectare, pe strada Fabrica de Glucoz\u0103 num\u0103rul 2-4. Potrivit oficialilor MDRT, 50% din locuin\u0163e sunt destinate angaja\u0163ilor din sistemul na\u0163ional de ap\u0103rare \u015fi ordine public\u0103, iar 50% vor fi \u00eenchiriate tinerilor prin intermediul Prim\u0103riei Sectorului 2.<\/p>\n<p>Ministrul dezvolt\u0103rii regionale \u015fi turismului, Elena Udrea, a explicat c\u0103 pentru ridicarea ansamblului vor fi utilizate tehnologii noi de construc\u0163ii, acest lucru conduc\u00e2nd la diminuarea perioadei de execu\u0163ie, la mic\u015forarea costurilor de construc\u0163ie \u015fi la sporirea gradului de confort. Reprezentanta MDRT a ad\u0103ugat de asemenea c\u0103, dup\u0103 o perioad\u0103 de \u00eenchiriere de cel pu\u0163in un an, locuin\u0163ele construite pentru tineri vor putea fi achizi\u0163ionate de c\u0103tre ace\u015ftia. Reprezentan\u0163ii MDRT au anun\u0163at anterior c\u0103 locuin\u0163ele ANL vor putea fi construite \u015fi prin <a class=\"article-body-links\"href=\"https:\/\/www.imobiliare.ro\/imoexpert\/articole\/locuintele-anl-construite-si-pe-capital-privat\/\">parteneriat public privat<\/a>.<\/p>\n","protected":false},"excerpt":{"rendered":"<p>Jum\u0103tate din unit\u0103\u0163ile locative sunt destinate angaja\u0163ilor din sistemul na\u0163ional de ap\u0103rare \u015fi ordine public\u0103, iar restul tinerilor. Ministerul Dezvolt\u0103rii Regionale \u015fi Turismului (MDRT) a anun\u0163at construc\u0163ia unui proiect de 1.500 de locuin\u0163e \u00een regim ANL \u00een sectorul 2 al Capitalei, zona Pipera. Ansamblul reziden\u0163ial va fi situat pe un teren cu o suprafa\u0163\u0103 de [&hellip;]<\/p>\n","protected":false},"author":829,"featured_media":6402,"comment_status":"open","ping_status":"open","sticky":false,"template":"","format":"standard","meta":{"footnotes":""},"categories":[259],"tags":[270,359,402,387],"content_author":[],"class_list":["post-6401","post","type-post","status-publish","format-standard","has-post-thumbnail","hentry","category-stiri","tag-anl","tag-ansamblu-rezidential","tag-inchiriere","tag-locuinte-noi"],"yoast_head":"<!-- This site is optimized with the Yoast SEO Premium plugin v27.0 (Yoast SEO v27.0) - https:\/\/yoast.com\/product\/yoast-seo-premium-wordpress\/ -->\n<title>1.500 de locuin\u0163e ANL \u00een Pipera - \u0218tiri - ImoExpert<\/title>\n<meta name=\"description\" content=\"Jum\u0103tate din unit\u0103\u0163ile locative sunt destinate angaja\u0163ilor din sistemul na\u0163ional de ap\u0103rare \u015fi ordine public\u0103, iar restul tinerilor. Ministerul\" \/>\n<meta name=\"robots\" content=\"index, follow\" \/>\n<link rel=\"canonical\" href=\"https:\/\/www.imobiliare.ro\/imoexpert\/1-500-de-locuinte-anl-in-pipera_db\/\" \/>\n<meta property=\"og:locale\" content=\"ro_RO\" \/>\n<meta property=\"og:type\" content=\"article\" \/>\n<meta property=\"og:title\" content=\"1.500 de locuin\u0163e ANL \u00een Pipera\" \/>\n<meta property=\"og:description\" content=\"Jum\u0103tate din unit\u0103\u0163ile locative sunt destinate angaja\u0163ilor din sistemul na\u0163ional de ap\u0103rare \u015fi ordine public\u0103, iar restul tinerilor. Ministerul\" \/>\n<meta property=\"og:url\" content=\"https:\/\/www.imobiliare.ro\/imoexpert\/1-500-de-locuinte-anl-in-pipera_db\/\" \/>\n<meta property=\"og:site_name\" content=\"ImoExpert\" \/>\n<meta property=\"article:published_time\" content=\"2010-09-07T13:22:12+00:00\" \/>\n<meta property=\"og:image\" content=\"https:\/\/www.imobiliare.ro\/imoexpert\/wp-content\/uploads\/2010\/09\/anl.jpg\" \/>\n\t<meta property=\"og:image:width\" content=\"600\" \/>\n\t<meta property=\"og:image:height\" content=\"474\" \/>\n\t<meta property=\"og:image:type\" content=\"image\/jpeg\" \/>\n<meta name=\"author\" content=\"Adriana Dr\u0103gu\u0219in\" \/>\n<meta name=\"twitter:card\" content=\"summary_large_image\" \/>\n<meta name=\"twitter:label1\" content=\"Written by\" \/>\n\t<meta name=\"twitter:data1\" content=\"Adriana Dr\u0103gu\u0219in\" \/>\n\t<meta name=\"twitter:label2\" content=\"Est. reading time\" \/>\n\t<meta name=\"twitter:data2\" content=\"1 minut\" \/>\n<script type=\"application\/ld+json\" class=\"yoast-schema-graph\">{\"@context\":\"https:\/\/schema.org\",\"@graph\":[{\"@type\":\"Article\",\"@id\":\"https:\/\/www.imobiliare.ro\/imoexpert\/1-500-de-locuinte-anl-in-pipera_db\/#article\",\"isPartOf\":{\"@id\":\"https:\/\/www.imobiliare.ro\/imoexpert\/1-500-de-locuinte-anl-in-pipera_db\/\"},\"author\":{\"name\":\"Adriana Dr\u0103gu\u0219in\",\"@id\":\"https:\/\/www.imobiliare.ro\/imoexpert\/#\/schema\/person\/8c13b0297075010b896471fabf0d7790\"},\"headline\":\"1.500 de locuin\u0163e ANL \u00een Pipera\",\"datePublished\":\"2010-09-07T13:22:12+00:00\",\"mainEntityOfPage\":{\"@id\":\"https:\/\/www.imobiliare.ro\/imoexpert\/1-500-de-locuinte-anl-in-pipera_db\/\"},\"wordCount\":208,\"commentCount\":3,\"publisher\":{\"@id\":\"https:\/\/www.imobiliare.ro\/imoexpert\/#organization\"},\"image\":{\"@id\":\"https:\/\/www.imobiliare.ro\/imoexpert\/1-500-de-locuinte-anl-in-pipera_db\/#primaryimage\"},\"thumbnailUrl\":\"https:\/\/www.imobiliare.ro\/imoexpert\/wp-content\/uploads\/2010\/09\/anl.jpg\",\"keywords\":[\"ANL\",\"ansamblu rezidential\",\"inchiriere\",\"locuinte noi\"],\"articleSection\":[\"\u0218tiri\"],\"inLanguage\":\"en\",\"potentialAction\":[{\"@type\":\"CommentAction\",\"name\":\"Comment\",\"target\":[\"https:\/\/www.imobiliare.ro\/imoexpert\/1-500-de-locuinte-anl-in-pipera_db\/#respond\"]}],\"copyrightYear\":\"2010\",\"copyrightHolder\":{\"@id\":\"https:\/\/www.imobiliare.ro\/imoexpert\/#organization\"}},{\"@type\":\"WebPage\",\"@id\":\"https:\/\/www.imobiliare.ro\/imoexpert\/1-500-de-locuinte-anl-in-pipera_db\/\",\"url\":\"https:\/\/www.imobiliare.ro\/imoexpert\/1-500-de-locuinte-anl-in-pipera_db\/\",\"name\":\"1.500 de locuin\u0163e ANL \u00een Pipera - \u0218tiri - ImoExpert\",\"isPartOf\":{\"@id\":\"https:\/\/www.imobiliare.ro\/imoexpert\/#website\"},\"primaryImageOfPage\":{\"@id\":\"https:\/\/www.imobiliare.ro\/imoexpert\/1-500-de-locuinte-anl-in-pipera_db\/#primaryimage\"},\"image\":{\"@id\":\"https:\/\/www.imobiliare.ro\/imoexpert\/1-500-de-locuinte-anl-in-pipera_db\/#primaryimage\"},\"thumbnailUrl\":\"https:\/\/www.imobiliare.ro\/imoexpert\/wp-content\/uploads\/2010\/09\/anl.jpg\",\"datePublished\":\"2010-09-07T13:22:12+00:00\",\"description\":\"Jum\u0103tate din unit\u0103\u0163ile locative sunt destinate angaja\u0163ilor din sistemul na\u0163ional de ap\u0103rare \u015fi ordine public\u0103, iar restul tinerilor. Ministerul\",\"breadcrumb\":{\"@id\":\"https:\/\/www.imobiliare.ro\/imoexpert\/1-500-de-locuinte-anl-in-pipera_db\/#breadcrumb\"},\"inLanguage\":\"en\",\"potentialAction\":[{\"@type\":\"ReadAction\",\"target\":[\"https:\/\/www.imobiliare.ro\/imoexpert\/1-500-de-locuinte-anl-in-pipera_db\/\"]}]},{\"@type\":\"ImageObject\",\"inLanguage\":\"en\",\"@id\":\"https:\/\/www.imobiliare.ro\/imoexpert\/1-500-de-locuinte-anl-in-pipera_db\/#primaryimage\",\"url\":\"https:\/\/www.imobiliare.ro\/imoexpert\/wp-content\/uploads\/2010\/09\/anl.jpg\",\"contentUrl\":\"https:\/\/www.imobiliare.ro\/imoexpert\/wp-content\/uploads\/2010\/09\/anl.jpg\",\"width\":600,\"height\":474},{\"@type\":\"BreadcrumbList\",\"@id\":\"https:\/\/www.imobiliare.ro\/imoexpert\/1-500-de-locuinte-anl-in-pipera_db\/#breadcrumb\",\"itemListElement\":[{\"@type\":\"ListItem\",\"position\":1,\"name\":\"Imoradar24\",\"item\":\"https:\/\/www.imoradar24.ro\"},{\"@type\":\"ListItem\",\"position\":2,\"name\":\"ImoExpert\",\"item\":\"https:\/\/www.imobiliare.ro\/imoexpert\/\"},{\"@type\":\"ListItem\",\"position\":3,\"name\":\"\u0218tiri\",\"item\":\"https:\/\/www.imobiliare.ro\/imoexpert\/stiri\/\"},{\"@type\":\"ListItem\",\"position\":4,\"name\":\"1.500 de locuin\u0163e ANL \u00een Pipera\"}]},{\"@type\":\"WebSite\",\"@id\":\"https:\/\/www.imobiliare.ro\/imoexpert\/#website\",\"url\":\"https:\/\/www.imobiliare.ro\/imoexpert\/\",\"name\":\"ImoExpert\",\"description\":\"cele mai importante \u015ftiri din domeniul imobiliar\",\"publisher\":{\"@id\":\"https:\/\/www.imobiliare.ro\/imoexpert\/#organization\"},\"inLanguage\":\"en\"},{\"@type\":\"Organization\",\"@id\":\"https:\/\/www.imobiliare.ro\/imoexpert\/#organization\",\"name\":\"Imobiliare.ro\",\"alternateName\":\"Realmedia Network SA\",\"url\":\"https:\/\/www.imobiliare.ro\/imoexpert\/\",\"logo\":{\"@type\":\"ImageObject\",\"inLanguage\":\"en\",\"@id\":\"https:\/\/www.imobiliare.ro\/imoexpert\/#\/schema\/logo\/image\/\",\"url\":\"https:\/\/www.imobiliare.ro\/imoexpert\/wp-content\/uploads\/2025\/05\/imobiliare_logo.png\",\"contentUrl\":\"https:\/\/www.imobiliare.ro\/imoexpert\/wp-content\/uploads\/2025\/05\/imobiliare_logo.png\",\"width\":237,\"height\":29,\"caption\":\"Imobiliare.ro\"},\"image\":{\"@id\":\"https:\/\/www.imobiliare.ro\/imoexpert\/#\/schema\/logo\/image\/\"}},{\"@type\":\"Person\",\"@id\":\"https:\/\/www.imobiliare.ro\/imoexpert\/#\/schema\/person\/8c13b0297075010b896471fabf0d7790\",\"name\":\"Adriana Dr\u0103gu\u0219in\",\"image\":{\"@type\":\"ImageObject\",\"inLanguage\":\"en\",\"@id\":\"https:\/\/www.imobiliare.ro\/imoexpert\/#\/schema\/person\/image\/\",\"url\":\"https:\/\/secure.gravatar.com\/avatar\/ba4762f7517e50e679ed7f11207102d1150120f2f5800c0da98f8a15305bf514?s=96&d=mm&r=g\",\"contentUrl\":\"https:\/\/secure.gravatar.com\/avatar\/ba4762f7517e50e679ed7f11207102d1150120f2f5800c0da98f8a15305bf514?s=96&d=mm&r=g\",\"caption\":\"Adriana Dr\u0103gu\u0219in\"},\"jobTitle\":\"Editor\",\"url\":\"https:\/\/www.imobiliare.ro\/imoexpert\/author\/adriana-dragusin\/\"}]}<\/script>\n<!-- \/ Yoast SEO Premium plugin. -->","yoast_head_json":{"title":"1.500 de locuin\u0163e ANL \u00een Pipera - \u0218tiri - ImoExpert","description":"Jum\u0103tate din unit\u0103\u0163ile locative sunt destinate angaja\u0163ilor din sistemul na\u0163ional de ap\u0103rare \u015fi ordine public\u0103, iar restul tinerilor. Ministerul","robots":{"index":"index","follow":"follow"},"canonical":"https:\/\/www.imobiliare.ro\/imoexpert\/1-500-de-locuinte-anl-in-pipera_db\/","og_locale":"ro_RO","og_type":"article","og_title":"1.500 de locuin\u0163e ANL \u00een Pipera","og_description":"Jum\u0103tate din unit\u0103\u0163ile locative sunt destinate angaja\u0163ilor din sistemul na\u0163ional de ap\u0103rare \u015fi ordine public\u0103, iar restul tinerilor. Ministerul","og_url":"https:\/\/www.imobiliare.ro\/imoexpert\/1-500-de-locuinte-anl-in-pipera_db\/","og_site_name":"ImoExpert","article_published_time":"2010-09-07T13:22:12+00:00","og_image":[{"width":600,"height":474,"url":"https:\/\/www.imobiliare.ro\/imoexpert\/wp-content\/uploads\/2010\/09\/anl.jpg","type":"image\/jpeg"}],"author":"Adriana Dr\u0103gu\u0219in","twitter_card":"summary_large_image","twitter_misc":{"Written by":"Adriana Dr\u0103gu\u0219in","Est. reading time":"1 minut"},"schema":{"@context":"https:\/\/schema.org","@graph":[{"@type":"Article","@id":"https:\/\/www.imobiliare.ro\/imoexpert\/1-500-de-locuinte-anl-in-pipera_db\/#article","isPartOf":{"@id":"https:\/\/www.imobiliare.ro\/imoexpert\/1-500-de-locuinte-anl-in-pipera_db\/"},"author":{"name":"Adriana Dr\u0103gu\u0219in","@id":"https:\/\/www.imobiliare.ro\/imoexpert\/#\/schema\/person\/8c13b0297075010b896471fabf0d7790"},"headline":"1.500 de locuin\u0163e ANL \u00een Pipera","datePublished":"2010-09-07T13:22:12+00:00","mainEntityOfPage":{"@id":"https:\/\/www.imobiliare.ro\/imoexpert\/1-500-de-locuinte-anl-in-pipera_db\/"},"wordCount":208,"commentCount":3,"publisher":{"@id":"https:\/\/www.imobiliare.ro\/imoexpert\/#organization"},"image":{"@id":"https:\/\/www.imobiliare.ro\/imoexpert\/1-500-de-locuinte-anl-in-pipera_db\/#primaryimage"},"thumbnailUrl":"https:\/\/www.imobiliare.ro\/imoexpert\/wp-content\/uploads\/2010\/09\/anl.jpg","keywords":["ANL","ansamblu rezidential","inchiriere","locuinte noi"],"articleSection":["\u0218tiri"],"inLanguage":"en","potentialAction":[{"@type":"CommentAction","name":"Comment","target":["https:\/\/www.imobiliare.ro\/imoexpert\/1-500-de-locuinte-anl-in-pipera_db\/#respond"]}],"copyrightYear":"2010","copyrightHolder":{"@id":"https:\/\/www.imobiliare.ro\/imoexpert\/#organization"}},{"@type":"WebPage","@id":"https:\/\/www.imobiliare.ro\/imoexpert\/1-500-de-locuinte-anl-in-pipera_db\/","url":"https:\/\/www.imobiliare.ro\/imoexpert\/1-500-de-locuinte-anl-in-pipera_db\/","name":"1.500 de locuin\u0163e ANL \u00een Pipera - \u0218tiri - ImoExpert","isPartOf":{"@id":"https:\/\/www.imobiliare.ro\/imoexpert\/#website"},"primaryImageOfPage":{"@id":"https:\/\/www.imobiliare.ro\/imoexpert\/1-500-de-locuinte-anl-in-pipera_db\/#primaryimage"},"image":{"@id":"https:\/\/www.imobiliare.ro\/imoexpert\/1-500-de-locuinte-anl-in-pipera_db\/#primaryimage"},"thumbnailUrl":"https:\/\/www.imobiliare.ro\/imoexpert\/wp-content\/uploads\/2010\/09\/anl.jpg","datePublished":"2010-09-07T13:22:12+00:00","description":"Jum\u0103tate din unit\u0103\u0163ile locative sunt destinate angaja\u0163ilor din sistemul na\u0163ional de ap\u0103rare \u015fi ordine public\u0103, iar restul tinerilor. Ministerul","breadcrumb":{"@id":"https:\/\/www.imobiliare.ro\/imoexpert\/1-500-de-locuinte-anl-in-pipera_db\/#breadcrumb"},"inLanguage":"en","potentialAction":[{"@type":"ReadAction","target":["https:\/\/www.imobiliare.ro\/imoexpert\/1-500-de-locuinte-anl-in-pipera_db\/"]}]},{"@type":"ImageObject","inLanguage":"en","@id":"https:\/\/www.imobiliare.ro\/imoexpert\/1-500-de-locuinte-anl-in-pipera_db\/#primaryimage","url":"https:\/\/www.imobiliare.ro\/imoexpert\/wp-content\/uploads\/2010\/09\/anl.jpg","contentUrl":"https:\/\/www.imobiliare.ro\/imoexpert\/wp-content\/uploads\/2010\/09\/anl.jpg","width":600,"height":474},{"@type":"BreadcrumbList","@id":"https:\/\/www.imobiliare.ro\/imoexpert\/1-500-de-locuinte-anl-in-pipera_db\/#breadcrumb","itemListElement":[{"@type":"ListItem","position":1,"name":"Imoradar24","item":"https:\/\/www.imoradar24.ro"},{"@type":"ListItem","position":2,"name":"ImoExpert","item":"https:\/\/www.imobiliare.ro\/imoexpert\/"},{"@type":"ListItem","position":3,"name":"\u0218tiri","item":"https:\/\/www.imobiliare.ro\/imoexpert\/stiri\/"},{"@type":"ListItem","position":4,"name":"1.500 de locuin\u0163e ANL \u00een Pipera"}]},{"@type":"WebSite","@id":"https:\/\/www.imobiliare.ro\/imoexpert\/#website","url":"https:\/\/www.imobiliare.ro\/imoexpert\/","name":"ImoExpert","description":"cele mai importante \u015ftiri din domeniul imobiliar","publisher":{"@id":"https:\/\/www.imobiliare.ro\/imoexpert\/#organization"},"inLanguage":"en"},{"@type":"Organization","@id":"https:\/\/www.imobiliare.ro\/imoexpert\/#organization","name":"Imobiliare.ro","alternateName":"Realmedia Network SA","url":"https:\/\/www.imobiliare.ro\/imoexpert\/","logo":{"@type":"ImageObject","inLanguage":"en","@id":"https:\/\/www.imobiliare.ro\/imoexpert\/#\/schema\/logo\/image\/","url":"https:\/\/www.imobiliare.ro\/imoexpert\/wp-content\/uploads\/2025\/05\/imobiliare_logo.png","contentUrl":"https:\/\/www.imobiliare.ro\/imoexpert\/wp-content\/uploads\/2025\/05\/imobiliare_logo.png","width":237,"height":29,"caption":"Imobiliare.ro"},"image":{"@id":"https:\/\/www.imobiliare.ro\/imoexpert\/#\/schema\/logo\/image\/"}},{"@type":"Person","@id":"https:\/\/www.imobiliare.ro\/imoexpert\/#\/schema\/person\/8c13b0297075010b896471fabf0d7790","name":"Adriana Dr\u0103gu\u0219in","image":{"@type":"ImageObject","inLanguage":"en","@id":"https:\/\/www.imobiliare.ro\/imoexpert\/#\/schema\/person\/image\/","url":"https:\/\/secure.gravatar.com\/avatar\/ba4762f7517e50e679ed7f11207102d1150120f2f5800c0da98f8a15305bf514?s=96&d=mm&r=g","contentUrl":"https:\/\/secure.gravatar.com\/avatar\/ba4762f7517e50e679ed7f11207102d1150120f2f5800c0da98f8a15305bf514?s=96&d=mm&r=g","caption":"Adriana Dr\u0103gu\u0219in"},"jobTitle":"Editor","url":"https:\/\/www.imobiliare.ro\/imoexpert\/author\/adriana-dragusin\/"}]}},"_links":{"self":[{"href":"https:\/\/www.imobiliare.ro\/imoexpert\/wp-json\/wp\/v2\/posts\/6401","targetHints":{"allow":["GET"]}}],"collection":[{"href":"https:\/\/www.imobiliare.ro\/imoexpert\/wp-json\/wp\/v2\/posts"}],"about":[{"href":"https:\/\/www.imobiliare.ro\/imoexpert\/wp-json\/wp\/v2\/types\/post"}],"author":[{"embeddable":true,"href":"https:\/\/www.imobiliare.ro\/imoexpert\/wp-json\/wp\/v2\/users\/829"}],"replies":[{"embeddable":true,"href":"https:\/\/www.imobiliare.ro\/imoexpert\/wp-json\/wp\/v2\/comments?post=6401"}],"version-history":[{"count":0,"href":"https:\/\/www.imobiliare.ro\/imoexpert\/wp-json\/wp\/v2\/posts\/6401\/revisions"}],"wp:featuredmedia":[{"embeddable":true,"href":"https:\/\/www.imobiliare.ro\/imoexpert\/wp-json\/wp\/v2\/media\/6402"}],"wp:attachment":[{"href":"https:\/\/www.imobiliare.ro\/imoexpert\/wp-json\/wp\/v2\/media?parent=6401"}],"wp:term":[{"taxonomy":"category","embeddable":true,"href":"https:\/\/www.imobiliare.ro\/imoexpert\/wp-json\/wp\/v2\/categories?post=6401"},{"taxonomy":"post_tag","embeddable":true,"href":"https:\/\/www.imobiliare.ro\/imoexpert\/wp-json\/wp\/v2\/tags?post=6401"},{"taxonomy":"content_author","embeddable":true,"href":"https:\/\/www.imobiliare.ro\/imoexpert\/wp-json\/wp\/v2\/content_author?post=6401"}],"curies":[{"name":"wp","href":"https:\/\/api.w.org\/{rel}","templated":true}]}}