{"id":64270,"date":"2022-03-08T09:43:29","date_gmt":"2022-03-08T07:43:29","guid":{"rendered":"https:\/\/www.imobiliare.ro\/imoexpert\/?p=64270"},"modified":"2022-03-08T09:43:29","modified_gmt":"2022-03-08T07:43:29","slug":"adauga-gratuit-spatii-de-cazare-pentru-refugiati","status":"publish","type":"post","link":"https:\/\/www.imobiliare.ro\/imoexpert\/adauga-gratuit-spatii-de-cazare-pentru-refugiati_db\/","title":{"rendered":"Adaug\u0103 gratuit spa\u021bii de cazare pentru refugia\u021bi"},"content":{"rendered":"<p><img loading=\"lazy\" decoding=\"async\" class=\"aligncenter wp-image-64307\" src=\"https:\/\/www.imobiliare.ro\/imoexpert\/wp-content\/uploads\/2022\/03\/Ukra_insta-1080x1080-copy-1024x1024.jpg\" alt=\"\" width=\"579\" height=\"579\" srcset=\"https:\/\/www.imobiliare.ro\/imoexpert\/wp-content\/uploads\/2022\/03\/Ukra_insta-1080x1080-copy-1024x1024.jpg 1024w, https:\/\/www.imobiliare.ro\/imoexpert\/wp-content\/uploads\/2022\/03\/Ukra_insta-1080x1080-copy-300x300.jpg 300w, https:\/\/www.imobiliare.ro\/imoexpert\/wp-content\/uploads\/2022\/03\/Ukra_insta-1080x1080-copy-768x768.jpg 768w, https:\/\/www.imobiliare.ro\/imoexpert\/wp-content\/uploads\/2022\/03\/Ukra_insta-1080x1080-copy-140x140.jpg 140w, https:\/\/www.imobiliare.ro\/imoexpert\/wp-content\/uploads\/2022\/03\/Ukra_insta-1080x1080-copy.jpg 1080w\" sizes=\"auto, (max-width: 579px) 100vw, 579px\" \/><\/p>\n<div id=\"ez-toc-container\" class=\"ez-toc-v2_0_81 counter-hierarchy ez-toc-counter ez-toc-grey ez-toc-container-direction\">\n<p class=\"ez-toc-title\" style=\"cursor:inherit\">Table of Contents<\/p>\n<label for=\"ez-toc-cssicon-toggle-item-69f06d83aea07\" class=\"ez-toc-cssicon-toggle-label\"><span class=\"ez-toc-cssicon\"><span class=\"eztoc-hide\" style=\"display:none;\">Toggle<\/span><span class=\"ez-toc-icon-toggle-span\"><svg style=\"fill: #999;color:#999\" xmlns=\"http:\/\/www.w3.org\/2000\/svg\" class=\"list-377408\" width=\"20px\" height=\"20px\" viewBox=\"0 0 24 24\" fill=\"none\"><path d=\"M6 6H4v2h2V6zm14 0H8v2h12V6zM4 11h2v2H4v-2zm16 0H8v2h12v-2zM4 16h2v2H4v-2zm16 0H8v2h12v-2z\" fill=\"currentColor\"><\/path><\/svg><svg style=\"fill: #999;color:#999\" class=\"arrow-unsorted-368013\" xmlns=\"http:\/\/www.w3.org\/2000\/svg\" width=\"10px\" height=\"10px\" viewBox=\"0 0 24 24\" version=\"1.2\" baseProfile=\"tiny\"><path d=\"M18.2 9.3l-6.2-6.3-6.2 6.3c-.2.2-.3.4-.3.7s.1.5.3.7c.2.2.4.3.7.3h11c.3 0 .5-.1.7-.3.2-.2.3-.5.3-.7s-.1-.5-.3-.7zM5.8 14.7l6.2 6.3 6.2-6.3c.2-.2.3-.5.3-.7s-.1-.5-.3-.7c-.2-.2-.4-.3-.7-.3h-11c-.3 0-.5.1-.7.3-.2.2-.3.5-.3.7s.1.5.3.7z\"\/><\/svg><\/span><\/span><\/label><input type=\"checkbox\"  id=\"ez-toc-cssicon-toggle-item-69f06d83aea07\"  aria-label=\"Toggle\" \/><nav><ul class='ez-toc-list ez-toc-list-level-1 ' ><ul class='ez-toc-list-level-3' ><li class='ez-toc-heading-level-3'><a class=\"ez-toc-link ez-toc-heading-1\" href=\"https:\/\/www.imobiliare.ro\/imoexpert\/adauga-gratuit-spatii-de-cazare-pentru-refugiati_db\/#Pe_fondul_situatiei_conflictului_militar_dintre_Rusia_si_Ucraina_Imobiliarero_a_lansat_o_sectiune_speciala_de_gazduiri_pentru_refugiatii_din_Ucraina\" >Pe fondul situa\u021biei conflictului militar dintre Rusia \u0219i Ucraina, Imobiliare.ro a lansat o sec\u021biune special\u0103 de g\u0103zduiri pentru refugia\u021bii din Ucraina.<\/a><\/li><\/ul><\/li><li class='ez-toc-page-1 ez-toc-heading-level-2'><a class=\"ez-toc-link ez-toc-heading-2\" href=\"https:\/\/www.imobiliare.ro\/imoexpert\/adauga-gratuit-spatii-de-cazare-pentru-refugiati_db\/#Cum_poti_contribui\" >Cum po\u021bi contribui?<\/a><\/li><li class='ez-toc-page-1 ez-toc-heading-level-2'><a class=\"ez-toc-link ez-toc-heading-3\" href=\"https:\/\/www.imobiliare.ro\/imoexpert\/adauga-gratuit-spatii-de-cazare-pentru-refugiati_db\/#Cum_poti_beneficia_de_o_proprietate\" >Cum po\u021bi beneficia de o proprietate?<\/a><\/li><\/ul><\/nav><\/div>\n<h3><span class=\"ez-toc-section\" id=\"Pe_fondul_situatiei_conflictului_militar_dintre_Rusia_si_Ucraina_Imobiliarero_a_lansat_o_sectiune_speciala_de_gazduiri_pentru_refugiatii_din_Ucraina\"><\/span>Pe fondul situa\u021biei conflictului militar dintre Rusia \u0219i Ucraina, Imobiliare.ro a lansat o sec\u021biune special\u0103 de g\u0103zduiri pentru refugia\u021bii din Ucraina.<span class=\"ez-toc-section-end\"><\/span><\/h3>\n<p>&nbsp;<\/p>\n<p>Situa\u021bia din Ucraina evolueaz\u0103 alert, astfel c\u0103 p\u00e2n\u0103 \u00een momentul de fa\u021b\u0103 se afl\u0103 \u00een tranzit un flux tot mai mare de refugia\u021bi. Conform <a class=\"article-body-links\"href=\"https:\/\/data2.unhcr.org\/en\/situations\/ukraine\">UNHCR<\/a>, \u00eenc\u0103 din prima s\u0103pt\u0103m\u00e2n\u0103 de la izbucnirea r\u0103zboiului, peste un milion de cet\u0103\u021beni din Ucraina au trecut grani\u021bele \u00een \u021b\u0103rile vecine \u0219i mul\u021bi al\u021bii sunt \u00een tranzit at\u00e2t \u00een \u200b\u200binteriorul \u021b\u0103rii, c\u00e2t \u0219i \u00een afara acesteia. Se estimeaz\u0103 c\u0103 aproximativ 4 milioane de oameni ar putea p\u0103r\u0103si Ucraina. \u00cen momentul de fa\u021b\u0103, \u00een Rom\u00e2nia se afl\u0103 aproximativ 71,640 refugia\u021bi. Astfel, am dezvoltat o pagin\u0103 special\u0103 pentru refugia\u021bi, pun\u00e2nd la dispozi\u021bie g\u0103zduire pentru cei afla\u021bi \u00een nevoie.<\/p>\n<h2><span class=\"ez-toc-section\" id=\"Cum_poti_contribui\"><\/span><strong>Cum po\u021bi contribui?<\/strong><span class=\"ez-toc-section-end\"><\/span><\/h2>\n<p>Toate persoanele care de\u021bin o proprietate disponibil\u0103 pentru g\u0103zduire \u0219i care au cont pe Imobiliare.ro pot publica un <strong>num\u0103r nelimitat de anun\u021buri gratuite<\/strong>. Po\u021bi ad\u0103uga o cas\u0103 sau un apartament respect\u00e2nd urm\u0103torii pa\u0219i:<\/p>\n<ol>\n<li>Acceseaz\u0103 butonul ,,<a class=\"article-body-links\"href=\"https:\/\/www.imobiliare.ro\/adauga-anunt\/detalii?ro4ua\"><strong><em>Adaug\u0103 cazare<\/em><\/strong><\/a><em>\u201d<\/em>.<\/li>\n<li>Completeaz\u0103 c\u00e2mpurile din formular.<\/li>\n<li>Public\u0103 proprietatea \u0219i distribuie lista de g\u0103zduiri mai departe.<\/li>\n<\/ol>\n<p>Po\u021bi contribui prin ad\u0103ugarea unei propriet\u0103\u021bi sau chiar prin distribuirea listei mai departe, astfel \u00eenc\u00e2t s\u0103 ajung\u0103 la persoanele aflate \u00een nevoie. \u00cen cazul ad\u0103ug\u0103rii propriet\u0103\u021bii, este foarte important <strong>s\u0103 men\u021bionezi loca\u021bia \u0219i perioada<\/strong> \u00een care se poate folosi spa\u021biul. Anun\u021burile nu vor con\u021bine c\u00e2mpul de pre\u021b (<strong>se ofer\u0103 gratuit<\/strong>). Dac\u0103 mai\u00a0<strong>po\u021bi ajuta cu altceva<\/strong>, vei putea include aceste detalii \u00een c\u00e2mpul text (transport, ajutor consular, m\u00e2ncare, spitalizare, \u0219colarizare, etc).<\/p>\n<h2><span class=\"ez-toc-section\" id=\"Cum_poti_beneficia_de_o_proprietate\"><\/span><strong>Cum po\u021bi beneficia de o proprietate?<\/strong><span class=\"ez-toc-section-end\"><\/span><\/h2>\n<p>Po\u021bi beneficia de g\u0103zduire apel\u00e2nd la num\u0103rul de telefon al propriet\u0103\u021bii sau po\u021bi trimite un mesaj prin intermediul formularului de contact disponibil pe pagina anun\u021bului. Paginile sunt disponibile \u00een trei limbi: rom\u00e2n\u0103, englez\u0103 \u0219i ucrainean\u0103. Pentru a alege loca\u021bia g\u0103zduirii, acceseaz\u0103 harta din sec\u021biunea ,,<a class=\"article-body-links\"href=\"https:\/\/www.imobiliare.ro\/ucraina\">Imobiliare.ro pentru Ucraina<\/a><em>\u201d.<\/em><em>\u00a0<\/em><\/p>\n<p>Sprijinim \u0219i <a class=\"article-body-links\"href=\"https:\/\/www.apair.ro\/blog\/voluntar-in-apair-20\/post\/apel-umanitar-catre-fiecare-coleg-de-breasla-si-fiecare-om-ce-poate-ajuta-39?fbclid=IwAR3N2gLZt_NhhPYxzl7Th_7ceK0wRmsE1lgX8zuVTB-2hdJRz2vhg9vwdQs\" target=\"_blank\" rel=\"noopener noreferrer\" data-saferedirecturl=\"https:\/\/www.google.com\/url?q=https:\/\/www.apair.ro\/blog\/voluntar-in-apair-20\/post\/apel-umanitar-catre-fiecare-coleg-de-breasla-si-fiecare-om-ce-poate-ajuta-39?fbclid%3DIwAR3N2gLZt_NhhPYxzl7Th_7ceK0wRmsE1lgX8zuVTB-2hdJRz2vhg9vwdQs&amp;source=gmail&amp;ust=1646408294115000&amp;usg=AOvVaw3lqQ53-wAWMZeRtepiuGEa\">ac\u021biunea APAIR<\/a>\u00a0cu vizibiliate, precum \u0219i\u00a0<a class=\"article-body-links\"href=\"http:\/\/refugees.ro\/\" target=\"_blank\" rel=\"noopener noreferrer\" data-saferedirecturl=\"https:\/\/www.google.com\/url?q=http:\/\/refugees.ro&amp;source=gmail&amp;ust=1646408294116000&amp;usg=AOvVaw1TCwnfCw3mq_kVd9Otj0Fq\">refugees.ro<\/a> cu ajutor logistic.<\/p>\n<p>&nbsp;<\/p>\n<p>&nbsp;<\/p>\n","protected":false},"excerpt":{"rendered":"<p>Pe fondul situa\u021biei conflictului militar dintre Rusia \u0219i Ucraina, Imobiliare.ro a lansat o sec\u021biune special\u0103 de g\u0103zduiri pentru refugia\u021bii din Ucraina. &nbsp; Situa\u021bia din Ucraina evolueaz\u0103 alert, astfel c\u0103 p\u00e2n\u0103 \u00een momentul de fa\u021b\u0103 se afl\u0103 \u00een tranzit un flux tot mai mare de refugia\u021bi. Conform UNHCR, \u00eenc\u0103 din prima s\u0103pt\u0103m\u00e2n\u0103 de la izbucnirea r\u0103zboiului, [&hellip;]<\/p>\n","protected":false},"author":842160,"featured_media":64307,"comment_status":"open","ping_status":"open","sticky":false,"template":"","format":"standard","meta":{"footnotes":""},"categories":[],"tags":[],"content_author":[],"class_list":["post-64270","post","type-post","status-publish","format-standard","has-post-thumbnail","hentry"],"yoast_head":"<!-- This site is optimized with the Yoast SEO Premium plugin v27.0 (Yoast SEO v27.0) - https:\/\/yoast.com\/product\/yoast-seo-premium-wordpress\/ -->\n<title>Adaug\u0103 gratuit spa\u021bii de cazare pentru refugia\u021bi - ImoExpert<\/title>\n<meta name=\"description\" content=\"Pe fondul situa\u021biei conflictului militar dintre Rusia \u0219i Ucraina, Imobiliare.ro a lansat o sec\u021biune special\u0103 de g\u0103zduiri pentru refugia\u021bii din\" \/>\n<meta name=\"robots\" content=\"index, follow\" \/>\n<link rel=\"canonical\" href=\"https:\/\/www.imobiliare.ro\/imoexpert\/adauga-gratuit-spatii-de-cazare-pentru-refugiati_db\/\" \/>\n<meta property=\"og:locale\" content=\"ro_RO\" \/>\n<meta property=\"og:type\" content=\"article\" \/>\n<meta property=\"og:title\" content=\"Adaug\u0103 gratuit spa\u021bii de cazare pentru refugia\u021bi\" \/>\n<meta property=\"og:description\" content=\"Pe fondul situa\u021biei conflictului militar dintre Rusia \u0219i Ucraina, Imobiliare.ro a lansat o sec\u021biune special\u0103 de g\u0103zduiri pentru refugia\u021bii din\" \/>\n<meta property=\"og:url\" content=\"https:\/\/www.imobiliare.ro\/imoexpert\/adauga-gratuit-spatii-de-cazare-pentru-refugiati_db\/\" \/>\n<meta property=\"og:site_name\" content=\"ImoExpert\" \/>\n<meta property=\"article:author\" content=\"https:\/\/www.facebook.com\/AlexandraGabita\" \/>\n<meta property=\"article:published_time\" content=\"2022-03-08T07:43:29+00:00\" \/>\n<meta property=\"og:image\" content=\"https:\/\/www.imobiliare.ro\/imoexpert\/wp-content\/uploads\/2022\/03\/Ukra_insta-1080x1080-copy.jpg\" \/>\n\t<meta property=\"og:image:width\" content=\"1080\" \/>\n\t<meta property=\"og:image:height\" content=\"1080\" \/>\n\t<meta property=\"og:image:type\" content=\"image\/jpeg\" \/>\n<meta name=\"author\" content=\"Alexandra Manolache\" \/>\n<meta name=\"twitter:card\" content=\"summary_large_image\" \/>\n<meta name=\"twitter:label1\" content=\"Written by\" \/>\n\t<meta name=\"twitter:data1\" content=\"Alexandra Manolache\" \/>\n\t<meta name=\"twitter:label2\" content=\"Est. reading time\" \/>\n\t<meta name=\"twitter:data2\" content=\"2 minute\" \/>\n<script type=\"application\/ld+json\" class=\"yoast-schema-graph\">{\"@context\":\"https:\/\/schema.org\",\"@graph\":[{\"@type\":\"Article\",\"@id\":\"https:\/\/www.imobiliare.ro\/imoexpert\/adauga-gratuit-spatii-de-cazare-pentru-refugiati_db\/#article\",\"isPartOf\":{\"@id\":\"https:\/\/www.imobiliare.ro\/imoexpert\/adauga-gratuit-spatii-de-cazare-pentru-refugiati_db\/\"},\"author\":{\"name\":\"Alexandra Manolache\",\"@id\":\"https:\/\/www.imobiliare.ro\/imoexpert\/#\/schema\/person\/f3350e4786cf9f97888b908d7a00105c\"},\"headline\":\"Adaug\u0103 gratuit spa\u021bii de cazare pentru refugia\u021bi\",\"datePublished\":\"2022-03-08T07:43:29+00:00\",\"mainEntityOfPage\":{\"@id\":\"https:\/\/www.imobiliare.ro\/imoexpert\/adauga-gratuit-spatii-de-cazare-pentru-refugiati_db\/\"},\"wordCount\":392,\"commentCount\":2,\"publisher\":{\"@id\":\"https:\/\/www.imobiliare.ro\/imoexpert\/#organization\"},\"image\":{\"@id\":\"https:\/\/www.imobiliare.ro\/imoexpert\/adauga-gratuit-spatii-de-cazare-pentru-refugiati_db\/#primaryimage\"},\"thumbnailUrl\":\"https:\/\/www.imobiliare.ro\/imoexpert\/wp-content\/uploads\/2022\/03\/Ukra_insta-1080x1080-copy.jpg\",\"inLanguage\":\"en\",\"potentialAction\":[{\"@type\":\"CommentAction\",\"name\":\"Comment\",\"target\":[\"https:\/\/www.imobiliare.ro\/imoexpert\/adauga-gratuit-spatii-de-cazare-pentru-refugiati_db\/#respond\"]}],\"copyrightYear\":\"2022\",\"copyrightHolder\":{\"@id\":\"https:\/\/www.imobiliare.ro\/imoexpert\/#organization\"}},{\"@type\":\"WebPage\",\"@id\":\"https:\/\/www.imobiliare.ro\/imoexpert\/adauga-gratuit-spatii-de-cazare-pentru-refugiati_db\/\",\"url\":\"https:\/\/www.imobiliare.ro\/imoexpert\/adauga-gratuit-spatii-de-cazare-pentru-refugiati_db\/\",\"name\":\"Adaug\u0103 gratuit spa\u021bii de cazare pentru refugia\u021bi - ImoExpert\",\"isPartOf\":{\"@id\":\"https:\/\/www.imobiliare.ro\/imoexpert\/#website\"},\"primaryImageOfPage\":{\"@id\":\"https:\/\/www.imobiliare.ro\/imoexpert\/adauga-gratuit-spatii-de-cazare-pentru-refugiati_db\/#primaryimage\"},\"image\":{\"@id\":\"https:\/\/www.imobiliare.ro\/imoexpert\/adauga-gratuit-spatii-de-cazare-pentru-refugiati_db\/#primaryimage\"},\"thumbnailUrl\":\"https:\/\/www.imobiliare.ro\/imoexpert\/wp-content\/uploads\/2022\/03\/Ukra_insta-1080x1080-copy.jpg\",\"datePublished\":\"2022-03-08T07:43:29+00:00\",\"description\":\"Pe fondul situa\u021biei conflictului militar dintre Rusia \u0219i Ucraina, Imobiliare.ro a lansat o sec\u021biune special\u0103 de g\u0103zduiri pentru refugia\u021bii din\",\"breadcrumb\":{\"@id\":\"https:\/\/www.imobiliare.ro\/imoexpert\/adauga-gratuit-spatii-de-cazare-pentru-refugiati_db\/#breadcrumb\"},\"inLanguage\":\"en\",\"potentialAction\":[{\"@type\":\"ReadAction\",\"target\":[\"https:\/\/www.imobiliare.ro\/imoexpert\/adauga-gratuit-spatii-de-cazare-pentru-refugiati_db\/\"]}]},{\"@type\":\"ImageObject\",\"inLanguage\":\"en\",\"@id\":\"https:\/\/www.imobiliare.ro\/imoexpert\/adauga-gratuit-spatii-de-cazare-pentru-refugiati_db\/#primaryimage\",\"url\":\"https:\/\/www.imobiliare.ro\/imoexpert\/wp-content\/uploads\/2022\/03\/Ukra_insta-1080x1080-copy.jpg\",\"contentUrl\":\"https:\/\/www.imobiliare.ro\/imoexpert\/wp-content\/uploads\/2022\/03\/Ukra_insta-1080x1080-copy.jpg\",\"width\":1080,\"height\":1080},{\"@type\":\"BreadcrumbList\",\"@id\":\"https:\/\/www.imobiliare.ro\/imoexpert\/adauga-gratuit-spatii-de-cazare-pentru-refugiati_db\/#breadcrumb\",\"itemListElement\":[{\"@type\":\"ListItem\",\"position\":1,\"name\":\"Imoradar24\",\"item\":\"https:\/\/www.imoradar24.ro\"},{\"@type\":\"ListItem\",\"position\":2,\"name\":\"ImoExpert\",\"item\":\"https:\/\/www.imobiliare.ro\/imoexpert\/\"},{\"@type\":\"ListItem\",\"position\":3,\"name\":\"Adaug\u0103 gratuit spa\u021bii de cazare pentru refugia\u021bi\"}]},{\"@type\":\"WebSite\",\"@id\":\"https:\/\/www.imobiliare.ro\/imoexpert\/#website\",\"url\":\"https:\/\/www.imobiliare.ro\/imoexpert\/\",\"name\":\"ImoExpert\",\"description\":\"cele mai importante \u015ftiri din domeniul imobiliar\",\"publisher\":{\"@id\":\"https:\/\/www.imobiliare.ro\/imoexpert\/#organization\"},\"inLanguage\":\"en\"},{\"@type\":\"Organization\",\"@id\":\"https:\/\/www.imobiliare.ro\/imoexpert\/#organization\",\"name\":\"Imobiliare.ro\",\"alternateName\":\"Realmedia Network SA\",\"url\":\"https:\/\/www.imobiliare.ro\/imoexpert\/\",\"logo\":{\"@type\":\"ImageObject\",\"inLanguage\":\"en\",\"@id\":\"https:\/\/www.imobiliare.ro\/imoexpert\/#\/schema\/logo\/image\/\",\"url\":\"https:\/\/www.imobiliare.ro\/imoexpert\/wp-content\/uploads\/2025\/05\/imobiliare_logo.png\",\"contentUrl\":\"https:\/\/www.imobiliare.ro\/imoexpert\/wp-content\/uploads\/2025\/05\/imobiliare_logo.png\",\"width\":237,\"height\":29,\"caption\":\"Imobiliare.ro\"},\"image\":{\"@id\":\"https:\/\/www.imobiliare.ro\/imoexpert\/#\/schema\/logo\/image\/\"}},{\"@type\":\"Person\",\"@id\":\"https:\/\/www.imobiliare.ro\/imoexpert\/#\/schema\/person\/f3350e4786cf9f97888b908d7a00105c\",\"name\":\"Alexandra Manolache\",\"image\":{\"@type\":\"ImageObject\",\"inLanguage\":\"en\",\"@id\":\"https:\/\/www.imobiliare.ro\/imoexpert\/#\/schema\/person\/image\/\",\"url\":\"https:\/\/www.imobiliare.ro\/imoexpert\/wp-content\/uploads\/2026\/02\/cropped-chatgpt-image-jan-26-2026-11-50-59-am-96x96.png\",\"contentUrl\":\"https:\/\/www.imobiliare.ro\/imoexpert\/wp-content\/uploads\/2026\/02\/cropped-chatgpt-image-jan-26-2026-11-50-59-am-96x96.png\",\"caption\":\"Alexandra Manolache\"},\"description\":\"Alexandra G\u0103bi\u021ba Manolache este Brand Manager la Imobiliare.ro. Absolvent\u0103 a Facult\u0103\u021bii de Cibernetic\u0103, Statistic\u0103 \u0219i Informatic\u0103 Economic\u0103 (FEAA Timi\u0219oara), vine cu o baz\u0103 solid\u0103 \u00een digital \u0219i economie \u0219i o experien\u021b\u0103 de 9 ani \u00een digital marketing. A contribuit ca editor la \u0219ase edi\u021bii ale raportului trimestrial Market 360 \u0219i semneaz\u0103 articole pe blogul Imobiliare.ro, unde explic\u0103 tendin\u021be \u0219i ofer\u0103 perspective aplicate asupra real estate-ului.\",\"sameAs\":[\"https:\/\/alexandra-manolache.com\/\",\"https:\/\/www.facebook.com\/AlexandraGabita\",\"https:\/\/www.instagram.com\/alexandragabita\/\",\"https:\/\/www.linkedin.com\/in\/alexandra-gabita-manolache\/\",\"https:\/\/www.youtube.com\/channel\/UCAqYKF7H8sJ0n55YF97Lz5g\"],\"jobTitle\":\"Brand Manager\",\"url\":\"https:\/\/www.imobiliare.ro\/imoexpert\/author\/alexandra-manolache\/\"}]}<\/script>\n<!-- \/ Yoast SEO Premium plugin. -->","yoast_head_json":{"title":"Adaug\u0103 gratuit spa\u021bii de cazare pentru refugia\u021bi - ImoExpert","description":"Pe fondul situa\u021biei conflictului militar dintre Rusia \u0219i Ucraina, Imobiliare.ro a lansat o sec\u021biune special\u0103 de g\u0103zduiri pentru refugia\u021bii din","robots":{"index":"index","follow":"follow"},"canonical":"https:\/\/www.imobiliare.ro\/imoexpert\/adauga-gratuit-spatii-de-cazare-pentru-refugiati_db\/","og_locale":"ro_RO","og_type":"article","og_title":"Adaug\u0103 gratuit spa\u021bii de cazare pentru refugia\u021bi","og_description":"Pe fondul situa\u021biei conflictului militar dintre Rusia \u0219i Ucraina, Imobiliare.ro a lansat o sec\u021biune special\u0103 de g\u0103zduiri pentru refugia\u021bii din","og_url":"https:\/\/www.imobiliare.ro\/imoexpert\/adauga-gratuit-spatii-de-cazare-pentru-refugiati_db\/","og_site_name":"ImoExpert","article_author":"https:\/\/www.facebook.com\/AlexandraGabita","article_published_time":"2022-03-08T07:43:29+00:00","og_image":[{"width":1080,"height":1080,"url":"https:\/\/www.imobiliare.ro\/imoexpert\/wp-content\/uploads\/2022\/03\/Ukra_insta-1080x1080-copy.jpg","type":"image\/jpeg"}],"author":"Alexandra Manolache","twitter_card":"summary_large_image","twitter_misc":{"Written by":"Alexandra Manolache","Est. reading time":"2 minute"},"schema":{"@context":"https:\/\/schema.org","@graph":[{"@type":"Article","@id":"https:\/\/www.imobiliare.ro\/imoexpert\/adauga-gratuit-spatii-de-cazare-pentru-refugiati_db\/#article","isPartOf":{"@id":"https:\/\/www.imobiliare.ro\/imoexpert\/adauga-gratuit-spatii-de-cazare-pentru-refugiati_db\/"},"author":{"name":"Alexandra Manolache","@id":"https:\/\/www.imobiliare.ro\/imoexpert\/#\/schema\/person\/f3350e4786cf9f97888b908d7a00105c"},"headline":"Adaug\u0103 gratuit spa\u021bii de cazare pentru refugia\u021bi","datePublished":"2022-03-08T07:43:29+00:00","mainEntityOfPage":{"@id":"https:\/\/www.imobiliare.ro\/imoexpert\/adauga-gratuit-spatii-de-cazare-pentru-refugiati_db\/"},"wordCount":392,"commentCount":2,"publisher":{"@id":"https:\/\/www.imobiliare.ro\/imoexpert\/#organization"},"image":{"@id":"https:\/\/www.imobiliare.ro\/imoexpert\/adauga-gratuit-spatii-de-cazare-pentru-refugiati_db\/#primaryimage"},"thumbnailUrl":"https:\/\/www.imobiliare.ro\/imoexpert\/wp-content\/uploads\/2022\/03\/Ukra_insta-1080x1080-copy.jpg","inLanguage":"en","potentialAction":[{"@type":"CommentAction","name":"Comment","target":["https:\/\/www.imobiliare.ro\/imoexpert\/adauga-gratuit-spatii-de-cazare-pentru-refugiati_db\/#respond"]}],"copyrightYear":"2022","copyrightHolder":{"@id":"https:\/\/www.imobiliare.ro\/imoexpert\/#organization"}},{"@type":"WebPage","@id":"https:\/\/www.imobiliare.ro\/imoexpert\/adauga-gratuit-spatii-de-cazare-pentru-refugiati_db\/","url":"https:\/\/www.imobiliare.ro\/imoexpert\/adauga-gratuit-spatii-de-cazare-pentru-refugiati_db\/","name":"Adaug\u0103 gratuit spa\u021bii de cazare pentru refugia\u021bi - ImoExpert","isPartOf":{"@id":"https:\/\/www.imobiliare.ro\/imoexpert\/#website"},"primaryImageOfPage":{"@id":"https:\/\/www.imobiliare.ro\/imoexpert\/adauga-gratuit-spatii-de-cazare-pentru-refugiati_db\/#primaryimage"},"image":{"@id":"https:\/\/www.imobiliare.ro\/imoexpert\/adauga-gratuit-spatii-de-cazare-pentru-refugiati_db\/#primaryimage"},"thumbnailUrl":"https:\/\/www.imobiliare.ro\/imoexpert\/wp-content\/uploads\/2022\/03\/Ukra_insta-1080x1080-copy.jpg","datePublished":"2022-03-08T07:43:29+00:00","description":"Pe fondul situa\u021biei conflictului militar dintre Rusia \u0219i Ucraina, Imobiliare.ro a lansat o sec\u021biune special\u0103 de g\u0103zduiri pentru refugia\u021bii din","breadcrumb":{"@id":"https:\/\/www.imobiliare.ro\/imoexpert\/adauga-gratuit-spatii-de-cazare-pentru-refugiati_db\/#breadcrumb"},"inLanguage":"en","potentialAction":[{"@type":"ReadAction","target":["https:\/\/www.imobiliare.ro\/imoexpert\/adauga-gratuit-spatii-de-cazare-pentru-refugiati_db\/"]}]},{"@type":"ImageObject","inLanguage":"en","@id":"https:\/\/www.imobiliare.ro\/imoexpert\/adauga-gratuit-spatii-de-cazare-pentru-refugiati_db\/#primaryimage","url":"https:\/\/www.imobiliare.ro\/imoexpert\/wp-content\/uploads\/2022\/03\/Ukra_insta-1080x1080-copy.jpg","contentUrl":"https:\/\/www.imobiliare.ro\/imoexpert\/wp-content\/uploads\/2022\/03\/Ukra_insta-1080x1080-copy.jpg","width":1080,"height":1080},{"@type":"BreadcrumbList","@id":"https:\/\/www.imobiliare.ro\/imoexpert\/adauga-gratuit-spatii-de-cazare-pentru-refugiati_db\/#breadcrumb","itemListElement":[{"@type":"ListItem","position":1,"name":"Imoradar24","item":"https:\/\/www.imoradar24.ro"},{"@type":"ListItem","position":2,"name":"ImoExpert","item":"https:\/\/www.imobiliare.ro\/imoexpert\/"},{"@type":"ListItem","position":3,"name":"Adaug\u0103 gratuit spa\u021bii de cazare pentru refugia\u021bi"}]},{"@type":"WebSite","@id":"https:\/\/www.imobiliare.ro\/imoexpert\/#website","url":"https:\/\/www.imobiliare.ro\/imoexpert\/","name":"ImoExpert","description":"cele mai importante \u015ftiri din domeniul imobiliar","publisher":{"@id":"https:\/\/www.imobiliare.ro\/imoexpert\/#organization"},"inLanguage":"en"},{"@type":"Organization","@id":"https:\/\/www.imobiliare.ro\/imoexpert\/#organization","name":"Imobiliare.ro","alternateName":"Realmedia Network SA","url":"https:\/\/www.imobiliare.ro\/imoexpert\/","logo":{"@type":"ImageObject","inLanguage":"en","@id":"https:\/\/www.imobiliare.ro\/imoexpert\/#\/schema\/logo\/image\/","url":"https:\/\/www.imobiliare.ro\/imoexpert\/wp-content\/uploads\/2025\/05\/imobiliare_logo.png","contentUrl":"https:\/\/www.imobiliare.ro\/imoexpert\/wp-content\/uploads\/2025\/05\/imobiliare_logo.png","width":237,"height":29,"caption":"Imobiliare.ro"},"image":{"@id":"https:\/\/www.imobiliare.ro\/imoexpert\/#\/schema\/logo\/image\/"}},{"@type":"Person","@id":"https:\/\/www.imobiliare.ro\/imoexpert\/#\/schema\/person\/f3350e4786cf9f97888b908d7a00105c","name":"Alexandra Manolache","image":{"@type":"ImageObject","inLanguage":"en","@id":"https:\/\/www.imobiliare.ro\/imoexpert\/#\/schema\/person\/image\/","url":"https:\/\/www.imobiliare.ro\/imoexpert\/wp-content\/uploads\/2026\/02\/cropped-chatgpt-image-jan-26-2026-11-50-59-am-96x96.png","contentUrl":"https:\/\/www.imobiliare.ro\/imoexpert\/wp-content\/uploads\/2026\/02\/cropped-chatgpt-image-jan-26-2026-11-50-59-am-96x96.png","caption":"Alexandra Manolache"},"description":"Alexandra G\u0103bi\u021ba Manolache este Brand Manager la Imobiliare.ro. Absolvent\u0103 a Facult\u0103\u021bii de Cibernetic\u0103, Statistic\u0103 \u0219i Informatic\u0103 Economic\u0103 (FEAA Timi\u0219oara), vine cu o baz\u0103 solid\u0103 \u00een digital \u0219i economie \u0219i o experien\u021b\u0103 de 9 ani \u00een digital marketing. A contribuit ca editor la \u0219ase edi\u021bii ale raportului trimestrial Market 360 \u0219i semneaz\u0103 articole pe blogul Imobiliare.ro, unde explic\u0103 tendin\u021be \u0219i ofer\u0103 perspective aplicate asupra real estate-ului.","sameAs":["https:\/\/alexandra-manolache.com\/","https:\/\/www.facebook.com\/AlexandraGabita","https:\/\/www.instagram.com\/alexandragabita\/","https:\/\/www.linkedin.com\/in\/alexandra-gabita-manolache\/","https:\/\/www.youtube.com\/channel\/UCAqYKF7H8sJ0n55YF97Lz5g"],"jobTitle":"Brand Manager","url":"https:\/\/www.imobiliare.ro\/imoexpert\/author\/alexandra-manolache\/"}]}},"_links":{"self":[{"href":"https:\/\/www.imobiliare.ro\/imoexpert\/wp-json\/wp\/v2\/posts\/64270","targetHints":{"allow":["GET"]}}],"collection":[{"href":"https:\/\/www.imobiliare.ro\/imoexpert\/wp-json\/wp\/v2\/posts"}],"about":[{"href":"https:\/\/www.imobiliare.ro\/imoexpert\/wp-json\/wp\/v2\/types\/post"}],"author":[{"embeddable":true,"href":"https:\/\/www.imobiliare.ro\/imoexpert\/wp-json\/wp\/v2\/users\/842160"}],"replies":[{"embeddable":true,"href":"https:\/\/www.imobiliare.ro\/imoexpert\/wp-json\/wp\/v2\/comments?post=64270"}],"version-history":[{"count":0,"href":"https:\/\/www.imobiliare.ro\/imoexpert\/wp-json\/wp\/v2\/posts\/64270\/revisions"}],"wp:featuredmedia":[{"embeddable":true,"href":"https:\/\/www.imobiliare.ro\/imoexpert\/wp-json\/wp\/v2\/media\/64307"}],"wp:attachment":[{"href":"https:\/\/www.imobiliare.ro\/imoexpert\/wp-json\/wp\/v2\/media?parent=64270"}],"wp:term":[{"taxonomy":"category","embeddable":true,"href":"https:\/\/www.imobiliare.ro\/imoexpert\/wp-json\/wp\/v2\/categories?post=64270"},{"taxonomy":"post_tag","embeddable":true,"href":"https:\/\/www.imobiliare.ro\/imoexpert\/wp-json\/wp\/v2\/tags?post=64270"},{"taxonomy":"content_author","embeddable":true,"href":"https:\/\/www.imobiliare.ro\/imoexpert\/wp-json\/wp\/v2\/content_author?post=64270"}],"curies":[{"name":"wp","href":"https:\/\/api.w.org\/{rel}","templated":true}]}}