{"id":65081,"date":"2022-06-07T10:11:19","date_gmt":"2022-06-07T07:11:19","guid":{"rendered":"https:\/\/www.imobiliare.ro\/imoexpert\/?p=65081"},"modified":"2022-06-07T10:11:19","modified_gmt":"2022-06-07T07:11:19","slug":"preturile-apartamentelor-luna-mai","status":"publish","type":"post","link":"https:\/\/www.imobiliare.ro\/imoexpert\/preturile-apartamentelor-luna-mai_db\/","title":{"rendered":"Pre\u021burile apartamentelor au consemnat un u\u0219or avans \u00een luna mai"},"content":{"rendered":"<p><img loading=\"lazy\" decoding=\"async\" class=\"aligncenter size-full wp-image-65082\" src=\"https:\/\/www.imobiliare.ro\/imoexpert\/wp-content\/uploads\/2022\/06\/Untitled-design.png\" alt=\"\" width=\"1080\" height=\"1080\" srcset=\"https:\/\/www.imobiliare.ro\/imoexpert\/wp-content\/uploads\/2022\/06\/Untitled-design.png 1080w, https:\/\/www.imobiliare.ro\/imoexpert\/wp-content\/uploads\/2022\/06\/Untitled-design-300x300.png 300w, https:\/\/www.imobiliare.ro\/imoexpert\/wp-content\/uploads\/2022\/06\/Untitled-design-1024x1024.png 1024w, https:\/\/www.imobiliare.ro\/imoexpert\/wp-content\/uploads\/2022\/06\/Untitled-design-768x768.png 768w, https:\/\/www.imobiliare.ro\/imoexpert\/wp-content\/uploads\/2022\/06\/Untitled-design-140x140.png 140w\" sizes=\"auto, (max-width: 1080px) 100vw, 1080px\" \/><\/p>\n<div class=\"text-align: justify\">\n<blockquote><p><em>Toate cele \u0219ase centre regionale au fost caracterizate, per ansamblu, de o tendin\u021b\u0103 de cre\u0219tere \u00een ultima lun\u0103 \u00eencheiat\u0103. Pe parcursul lunii mai, datele generate de Imobiliare.ro relev\u0103 o tendin\u021b\u0103 de cre\u0219tere a interesului pentru achizi\u021bia de propriet\u0103\u021bi reziden\u021biale \u00een marile ora\u0219e, comparativ cu perioada martie-aprilie. <\/em><\/p>\n<p><em>\u201e\u00cen ultimele 30 de zile, cererea at\u00e2t pe segmentul chiriilor c\u00e2t \u0219i al v\u00e2nz\u0103rilor a \u00eenregistrat un avans important fa\u021b\u0103 de luna anterioar\u0103, la nivel na\u021bional. \u00cen ceea ce prive\u0219te achizi\u021bia, avem un avans al cererii de 13%, \u00een vreme ce interesul oe chirii a crescut cu 30%. Ora\u0219ele unde cererea a crescut cel mai mult sunt Constan\u021ba, Sibiu, Oradea, Timi\u0219oara \u0219i Bra\u0219ov.\u201d <\/em><\/p>\n<p><em>\u2013 Daniel Crainic, director de marketing Imobiliare.ro.<\/em><\/p><\/blockquote>\n<\/div>\n<div class=\"text-align: justify\">\n<p>&nbsp;<\/p>\n<p>\u00cen acela\u0219i timp, potrivit <a class=\"article-body-links\"href=\"https:\/\/www.imobiliare.ro\/indicele-imobiliare-ro\">Indicelui Imobiliare.ro<\/a>, a\u0219tept\u0103rile v\u00e2nz\u0103torilor de apartamente s-au majorat. Toate centrele regionale analizate s-au \u00eenscris pe o traiectorie pozitiv\u0103 la acest capitol, cre\u0219teri av\u00e2nd loc at\u00e2t pe segmentul reziden\u021bial vechi, c\u00e2t \u0219i pe cel nou. Excep\u021bia de la regul\u0103 este reprezentat\u0103 de segmentul vechi din Ia\u0219i.<\/p>\n<p><strong>Bucure\u0219ti:<\/strong><\/p>\n<p>\u00cen Bucure\u0219ti, suma medie solicitat\u0103 pentru un apartament a ajuns la 1.747 de euro pe metru p\u0103trat util, \u00een condi\u021biile unui avans de 3,3% fa\u021b\u0103 de aprilie (c\u00e2nd aceasta se situa la 1.692 de euro pe metru p\u0103trat). Cele dou\u0103 segmente ale pie\u021bei reziden\u021biale au avut o evolu\u021bie pozitiv\u0103: locuin\u021bele din blocurile vechi s-au apreciat cu 0,7% \u00een decurs de 30 de zile (de la 1.602 la 1.613 de euro pe metru p\u0103trat), \u00een timp ce unit\u0103\u021bile locative nou-construite au consemnat un avans substan\u021bial, de 5,1% mai exact (de la 1.833 la 1.926 de euro pe metru p\u0103trat).<\/p>\n<p><strong>Cluj-Napoca:<\/strong><\/p>\n<p>\u00cen Cluj-Napoca pre\u021burile apartamentelor s-au majorat cu 2,2% luna trecut\u0103, ajung\u00e2nd la o medie de 2.465 de euro pe metru p\u0103trat util \u2013 fa\u021b\u0103 de 2.411 de euro pe metru p\u0103trat la finele lunii trecute. O locuin\u021b\u0103 dintr-un bloc vechi a ajuns s\u0103 coste 2.364 de euro pe metru p\u0103trat, \u00een condi\u021biile unui avans lunar de 2,3% (de la 2.310 de euro pe metru p\u0103trat). Pe segmentul apartamentelor noi, pe de alt\u0103 parte, a avut loc o cre\u0219tere de 2%, de la 2.478 la 2.528 de euro pe metru p\u0103trat.<\/p>\n<p><strong>Bra\u0219ov:<\/strong><\/p>\n<p>\u00cen Bra\u0219ov, <a class=\"article-body-links\"href=\"https:\/\/www.imobiliare.ro\/indicele-imobiliare-ro\">Indicele Imobiliare.ro<\/a> a consemnat, per ansamblu, o cre\u0219tere de 3,5% a pre\u021burilor apartamentelor, de la 1.560 de euro pe metru p\u0103trat util, la 1.614 de euro pe metru p\u0103trat la sf\u00e2r\u0219itul lui mai. Locuin\u021bele din blocurile vechi au avut parte de o evolu\u021bie pozitiv\u0103: este vorba de un avans de 2,2%, de la 1.471 la 1.504 de euro pe metru p\u0103trat. Locuin\u021bele noi au \u00eenregistrat o cre\u0219tere semnificativ\u0103 de 5,1%, de la 1.643 la 1.726 de euro pe metru p\u0103trat.<\/p>\n<p><strong>Constan\u021ba: <\/strong><\/p>\n<p>\u0218i Constan\u021ba a fost caracterizat\u0103 de o relativ\u0103 stabilitate a pre\u021burilor \u00een luna mai: suma medie solicitat\u0103 aici de c\u0103tre proprietari \u0219i dezvoltatori reziden\u021biali s-a majorat cu doar 0,6%, de la 1.475 la 1.484 de euro pe metru p\u0103trat util. Valoarea de listare pentru apartamentele vechi a crescut \u00eentr-un ritm u\u0219or fa\u021b\u0103 de luna precedent\u0103, respectiv de la 1.448 de euro la 1.454 euro pe metru p\u0103trat, \u00een vreme ce locuin\u021bele din cadrul noilor ansambluri reziden\u021biale au resim\u021bit o cre\u0219tere de 0,8%, ajung\u00e2nd la pre\u021bul mediu de 1.529 de euro pe metru p\u0103trat.<\/p>\n<p><strong>Ia\u0219i:<\/strong><\/p>\n<p>\u00cen Ia\u0219i Indicele Imobiliare.ro a \u00eenregistrat, per ansamblu, un avans al pre\u021burilor de 3% \u00een luna mai, de la 1.274 la 1.312 de euro pe metru p\u0103trat util. Cele dou\u0103 segmente de pia\u021b\u0103 supuse analizei au avut, \u00eens\u0103, o evolu\u021bie diferit\u0103: locuin\u021bele din blocurile vechi au consemnat un declin u\u0219or, de 0,6% mai exact (de la 1.289 la 1.281 de euro pe metru p\u0103trat), \u00een vreme ce pe segmentul reziden\u021bial nou a avut loc un avans de 5,6% (de la 1.264 la 1.335 de euro pe metru p\u0103trat).<\/p>\n<p><strong>Timi\u0219oara:<\/strong><\/p>\n<p>Pre\u021burile apartamentelor din Timi\u0219oara au crescut \u00eentr-un ritm u\u0219or, anume cu 0,6%, luna trecut\u0103, de la o medie de 1.443 de euro pe metru p\u0103trat, la 1.451 de euro pe metru p\u0103trat. Pe cele dou\u0103 segmente majore de pia\u021b\u0103 au fost consemnate evolu\u021bii similare: locuin\u021bele vechi s-au majorat cu 0,4%, ajung\u00e2nd la pre\u021bul mediu de 1.433 de euro pe metru p\u0103trat, \u00een vreme ce unit\u0103\u021bile locative nou-construite au \u00eenregistrat o cre\u0219tere de 0,5%, de la 1.483 la 1.490 de euro pe metru p\u0103trat.<\/p>\n<\/div>\n","protected":false},"excerpt":{"rendered":"<p>Toate cele \u0219ase centre regionale au fost caracterizate, per ansamblu, de o tendin\u021b\u0103 de cre\u0219tere \u00een ultima lun\u0103 \u00eencheiat\u0103. Pe parcursul lunii mai, datele generate de Imobiliare.ro relev\u0103 o tendin\u021b\u0103 de cre\u0219tere a interesului pentru achizi\u021bia de propriet\u0103\u021bi reziden\u021biale \u00een marile ora\u0219e, comparativ cu perioada martie-aprilie. \u201e\u00cen ultimele 30 de zile, cererea at\u00e2t pe segmentul [&hellip;]<\/p>\n","protected":false},"author":842160,"featured_media":65086,"comment_status":"open","ping_status":"open","sticky":false,"template":"","format":"standard","meta":{"footnotes":""},"categories":[],"tags":[],"content_author":[],"class_list":["post-65081","post","type-post","status-publish","format-standard","has-post-thumbnail","hentry"],"yoast_head":"<!-- This site is optimized with the Yoast SEO Premium plugin v27.0 (Yoast SEO v27.0) - https:\/\/yoast.com\/product\/yoast-seo-premium-wordpress\/ -->\n<title>Pre\u021burile apartamentelor au consemnat un u\u0219or avans \u00een luna mai - ImoExpert<\/title>\n<meta name=\"description\" content=\"Toate cele \u0219ase centre regionale au fost caracterizate, per ansamblu, de o tendin\u021b\u0103 de cre\u0219tere \u00een ultima lun\u0103 \u00eencheiat\u0103. Pe parcursul lunii mai, datele\" \/>\n<meta name=\"robots\" content=\"index, follow\" \/>\n<link rel=\"canonical\" href=\"https:\/\/www.imobiliare.ro\/imoexpert\/preturile-apartamentelor-luna-mai_db\/\" \/>\n<meta property=\"og:locale\" content=\"ro_RO\" \/>\n<meta property=\"og:type\" content=\"article\" \/>\n<meta property=\"og:title\" content=\"Pre\u021burile apartamentelor au consemnat un u\u0219or avans \u00een luna mai\" \/>\n<meta property=\"og:description\" content=\"Toate cele \u0219ase centre regionale au fost caracterizate, per ansamblu, de o tendin\u021b\u0103 de cre\u0219tere \u00een ultima lun\u0103 \u00eencheiat\u0103. Pe parcursul lunii mai, datele\" \/>\n<meta property=\"og:url\" content=\"https:\/\/www.imobiliare.ro\/imoexpert\/preturile-apartamentelor-luna-mai_db\/\" \/>\n<meta property=\"og:site_name\" content=\"ImoExpert\" \/>\n<meta property=\"article:author\" content=\"https:\/\/www.facebook.com\/AlexandraGabita\" \/>\n<meta property=\"article:published_time\" content=\"2022-06-07T07:11:19+00:00\" \/>\n<meta property=\"og:image\" content=\"https:\/\/www.imobiliare.ro\/imoexpert\/wp-content\/uploads\/2022\/06\/Untitled-Video.jpg\" \/>\n\t<meta property=\"og:image:width\" content=\"1920\" \/>\n\t<meta property=\"og:image:height\" content=\"1080\" \/>\n\t<meta property=\"og:image:type\" content=\"image\/jpeg\" \/>\n<meta name=\"author\" content=\"Alexandra Manolache\" \/>\n<meta name=\"twitter:card\" content=\"summary_large_image\" \/>\n<meta name=\"twitter:label1\" content=\"Written by\" \/>\n\t<meta name=\"twitter:data1\" content=\"Alexandra Manolache\" \/>\n\t<meta name=\"twitter:label2\" content=\"Est. reading time\" \/>\n\t<meta name=\"twitter:data2\" content=\"5 minute\" \/>\n<script type=\"application\/ld+json\" class=\"yoast-schema-graph\">{\"@context\":\"https:\/\/schema.org\",\"@graph\":[{\"@type\":\"Article\",\"@id\":\"https:\/\/www.imobiliare.ro\/imoexpert\/preturile-apartamentelor-luna-mai_db\/#article\",\"isPartOf\":{\"@id\":\"https:\/\/www.imobiliare.ro\/imoexpert\/preturile-apartamentelor-luna-mai_db\/\"},\"author\":{\"name\":\"Alexandra Manolache\",\"@id\":\"https:\/\/www.imobiliare.ro\/imoexpert\/#\/schema\/person\/f3350e4786cf9f97888b908d7a00105c\"},\"headline\":\"Pre\u021burile apartamentelor au consemnat un u\u0219or avans \u00een luna mai\",\"datePublished\":\"2022-06-07T07:11:19+00:00\",\"mainEntityOfPage\":{\"@id\":\"https:\/\/www.imobiliare.ro\/imoexpert\/preturile-apartamentelor-luna-mai_db\/\"},\"wordCount\":771,\"commentCount\":0,\"publisher\":{\"@id\":\"https:\/\/www.imobiliare.ro\/imoexpert\/#organization\"},\"image\":{\"@id\":\"https:\/\/www.imobiliare.ro\/imoexpert\/preturile-apartamentelor-luna-mai_db\/#primaryimage\"},\"thumbnailUrl\":\"https:\/\/www.imobiliare.ro\/imoexpert\/wp-content\/uploads\/2022\/06\/Untitled-Video.jpg\",\"inLanguage\":\"en\",\"potentialAction\":[{\"@type\":\"CommentAction\",\"name\":\"Comment\",\"target\":[\"https:\/\/www.imobiliare.ro\/imoexpert\/preturile-apartamentelor-luna-mai_db\/#respond\"]}],\"copyrightYear\":\"2022\",\"copyrightHolder\":{\"@id\":\"https:\/\/www.imobiliare.ro\/imoexpert\/#organization\"}},{\"@type\":\"WebPage\",\"@id\":\"https:\/\/www.imobiliare.ro\/imoexpert\/preturile-apartamentelor-luna-mai_db\/\",\"url\":\"https:\/\/www.imobiliare.ro\/imoexpert\/preturile-apartamentelor-luna-mai_db\/\",\"name\":\"Pre\u021burile apartamentelor au consemnat un u\u0219or avans \u00een luna mai - ImoExpert\",\"isPartOf\":{\"@id\":\"https:\/\/www.imobiliare.ro\/imoexpert\/#website\"},\"primaryImageOfPage\":{\"@id\":\"https:\/\/www.imobiliare.ro\/imoexpert\/preturile-apartamentelor-luna-mai_db\/#primaryimage\"},\"image\":{\"@id\":\"https:\/\/www.imobiliare.ro\/imoexpert\/preturile-apartamentelor-luna-mai_db\/#primaryimage\"},\"thumbnailUrl\":\"https:\/\/www.imobiliare.ro\/imoexpert\/wp-content\/uploads\/2022\/06\/Untitled-Video.jpg\",\"datePublished\":\"2022-06-07T07:11:19+00:00\",\"description\":\"Toate cele \u0219ase centre regionale au fost caracterizate, per ansamblu, de o tendin\u021b\u0103 de cre\u0219tere \u00een ultima lun\u0103 \u00eencheiat\u0103. Pe parcursul lunii mai, datele\",\"breadcrumb\":{\"@id\":\"https:\/\/www.imobiliare.ro\/imoexpert\/preturile-apartamentelor-luna-mai_db\/#breadcrumb\"},\"inLanguage\":\"en\",\"potentialAction\":[{\"@type\":\"ReadAction\",\"target\":[\"https:\/\/www.imobiliare.ro\/imoexpert\/preturile-apartamentelor-luna-mai_db\/\"]}]},{\"@type\":\"ImageObject\",\"inLanguage\":\"en\",\"@id\":\"https:\/\/www.imobiliare.ro\/imoexpert\/preturile-apartamentelor-luna-mai_db\/#primaryimage\",\"url\":\"https:\/\/www.imobiliare.ro\/imoexpert\/wp-content\/uploads\/2022\/06\/Untitled-Video.jpg\",\"contentUrl\":\"https:\/\/www.imobiliare.ro\/imoexpert\/wp-content\/uploads\/2022\/06\/Untitled-Video.jpg\",\"width\":1920,\"height\":1080},{\"@type\":\"BreadcrumbList\",\"@id\":\"https:\/\/www.imobiliare.ro\/imoexpert\/preturile-apartamentelor-luna-mai_db\/#breadcrumb\",\"itemListElement\":[{\"@type\":\"ListItem\",\"position\":1,\"name\":\"Imoradar24\",\"item\":\"https:\/\/www.imoradar24.ro\"},{\"@type\":\"ListItem\",\"position\":2,\"name\":\"ImoExpert\",\"item\":\"https:\/\/www.imobiliare.ro\/imoexpert\/\"},{\"@type\":\"ListItem\",\"position\":3,\"name\":\"Pre\u021burile apartamentelor au consemnat un u\u0219or avans \u00een luna mai\"}]},{\"@type\":\"WebSite\",\"@id\":\"https:\/\/www.imobiliare.ro\/imoexpert\/#website\",\"url\":\"https:\/\/www.imobiliare.ro\/imoexpert\/\",\"name\":\"ImoExpert\",\"description\":\"cele mai importante \u015ftiri din domeniul imobiliar\",\"publisher\":{\"@id\":\"https:\/\/www.imobiliare.ro\/imoexpert\/#organization\"},\"inLanguage\":\"en\"},{\"@type\":\"Organization\",\"@id\":\"https:\/\/www.imobiliare.ro\/imoexpert\/#organization\",\"name\":\"Imobiliare.ro\",\"alternateName\":\"Realmedia Network SA\",\"url\":\"https:\/\/www.imobiliare.ro\/imoexpert\/\",\"logo\":{\"@type\":\"ImageObject\",\"inLanguage\":\"en\",\"@id\":\"https:\/\/www.imobiliare.ro\/imoexpert\/#\/schema\/logo\/image\/\",\"url\":\"https:\/\/www.imobiliare.ro\/imoexpert\/wp-content\/uploads\/2025\/05\/imobiliare_logo.png\",\"contentUrl\":\"https:\/\/www.imobiliare.ro\/imoexpert\/wp-content\/uploads\/2025\/05\/imobiliare_logo.png\",\"width\":237,\"height\":29,\"caption\":\"Imobiliare.ro\"},\"image\":{\"@id\":\"https:\/\/www.imobiliare.ro\/imoexpert\/#\/schema\/logo\/image\/\"}},{\"@type\":\"Person\",\"@id\":\"https:\/\/www.imobiliare.ro\/imoexpert\/#\/schema\/person\/f3350e4786cf9f97888b908d7a00105c\",\"name\":\"Alexandra Manolache\",\"image\":{\"@type\":\"ImageObject\",\"inLanguage\":\"en\",\"@id\":\"https:\/\/www.imobiliare.ro\/imoexpert\/#\/schema\/person\/image\/\",\"url\":\"https:\/\/www.imobiliare.ro\/imoexpert\/wp-content\/uploads\/2026\/02\/cropped-chatgpt-image-jan-26-2026-11-50-59-am-96x96.png\",\"contentUrl\":\"https:\/\/www.imobiliare.ro\/imoexpert\/wp-content\/uploads\/2026\/02\/cropped-chatgpt-image-jan-26-2026-11-50-59-am-96x96.png\",\"caption\":\"Alexandra Manolache\"},\"description\":\"Alexandra G\u0103bi\u021ba Manolache este Brand Manager la Imobiliare.ro. Absolvent\u0103 a Facult\u0103\u021bii de Cibernetic\u0103, Statistic\u0103 \u0219i Informatic\u0103 Economic\u0103 (FEAA Timi\u0219oara), vine cu o baz\u0103 solid\u0103 \u00een digital \u0219i economie \u0219i o experien\u021b\u0103 de 9 ani \u00een digital marketing. A contribuit ca editor la \u0219ase edi\u021bii ale raportului trimestrial Market 360 \u0219i semneaz\u0103 articole pe blogul Imobiliare.ro, unde explic\u0103 tendin\u021be \u0219i ofer\u0103 perspective aplicate asupra real estate-ului.\",\"sameAs\":[\"https:\/\/alexandra-manolache.com\/\",\"https:\/\/www.facebook.com\/AlexandraGabita\",\"https:\/\/www.instagram.com\/alexandragabita\/\",\"https:\/\/www.linkedin.com\/in\/alexandra-gabita-manolache\/\",\"https:\/\/www.youtube.com\/channel\/UCAqYKF7H8sJ0n55YF97Lz5g\"],\"jobTitle\":\"Brand Manager\",\"url\":\"https:\/\/www.imobiliare.ro\/imoexpert\/author\/alexandra-manolache\/\"}]}<\/script>\n<!-- \/ Yoast SEO Premium plugin. -->","yoast_head_json":{"title":"Pre\u021burile apartamentelor au consemnat un u\u0219or avans \u00een luna mai - ImoExpert","description":"Toate cele \u0219ase centre regionale au fost caracterizate, per ansamblu, de o tendin\u021b\u0103 de cre\u0219tere \u00een ultima lun\u0103 \u00eencheiat\u0103. Pe parcursul lunii mai, datele","robots":{"index":"index","follow":"follow"},"canonical":"https:\/\/www.imobiliare.ro\/imoexpert\/preturile-apartamentelor-luna-mai_db\/","og_locale":"ro_RO","og_type":"article","og_title":"Pre\u021burile apartamentelor au consemnat un u\u0219or avans \u00een luna mai","og_description":"Toate cele \u0219ase centre regionale au fost caracterizate, per ansamblu, de o tendin\u021b\u0103 de cre\u0219tere \u00een ultima lun\u0103 \u00eencheiat\u0103. Pe parcursul lunii mai, datele","og_url":"https:\/\/www.imobiliare.ro\/imoexpert\/preturile-apartamentelor-luna-mai_db\/","og_site_name":"ImoExpert","article_author":"https:\/\/www.facebook.com\/AlexandraGabita","article_published_time":"2022-06-07T07:11:19+00:00","og_image":[{"width":1920,"height":1080,"url":"https:\/\/www.imobiliare.ro\/imoexpert\/wp-content\/uploads\/2022\/06\/Untitled-Video.jpg","type":"image\/jpeg"}],"author":"Alexandra Manolache","twitter_card":"summary_large_image","twitter_misc":{"Written by":"Alexandra Manolache","Est. reading time":"5 minute"},"schema":{"@context":"https:\/\/schema.org","@graph":[{"@type":"Article","@id":"https:\/\/www.imobiliare.ro\/imoexpert\/preturile-apartamentelor-luna-mai_db\/#article","isPartOf":{"@id":"https:\/\/www.imobiliare.ro\/imoexpert\/preturile-apartamentelor-luna-mai_db\/"},"author":{"name":"Alexandra Manolache","@id":"https:\/\/www.imobiliare.ro\/imoexpert\/#\/schema\/person\/f3350e4786cf9f97888b908d7a00105c"},"headline":"Pre\u021burile apartamentelor au consemnat un u\u0219or avans \u00een luna mai","datePublished":"2022-06-07T07:11:19+00:00","mainEntityOfPage":{"@id":"https:\/\/www.imobiliare.ro\/imoexpert\/preturile-apartamentelor-luna-mai_db\/"},"wordCount":771,"commentCount":0,"publisher":{"@id":"https:\/\/www.imobiliare.ro\/imoexpert\/#organization"},"image":{"@id":"https:\/\/www.imobiliare.ro\/imoexpert\/preturile-apartamentelor-luna-mai_db\/#primaryimage"},"thumbnailUrl":"https:\/\/www.imobiliare.ro\/imoexpert\/wp-content\/uploads\/2022\/06\/Untitled-Video.jpg","inLanguage":"en","potentialAction":[{"@type":"CommentAction","name":"Comment","target":["https:\/\/www.imobiliare.ro\/imoexpert\/preturile-apartamentelor-luna-mai_db\/#respond"]}],"copyrightYear":"2022","copyrightHolder":{"@id":"https:\/\/www.imobiliare.ro\/imoexpert\/#organization"}},{"@type":"WebPage","@id":"https:\/\/www.imobiliare.ro\/imoexpert\/preturile-apartamentelor-luna-mai_db\/","url":"https:\/\/www.imobiliare.ro\/imoexpert\/preturile-apartamentelor-luna-mai_db\/","name":"Pre\u021burile apartamentelor au consemnat un u\u0219or avans \u00een luna mai - ImoExpert","isPartOf":{"@id":"https:\/\/www.imobiliare.ro\/imoexpert\/#website"},"primaryImageOfPage":{"@id":"https:\/\/www.imobiliare.ro\/imoexpert\/preturile-apartamentelor-luna-mai_db\/#primaryimage"},"image":{"@id":"https:\/\/www.imobiliare.ro\/imoexpert\/preturile-apartamentelor-luna-mai_db\/#primaryimage"},"thumbnailUrl":"https:\/\/www.imobiliare.ro\/imoexpert\/wp-content\/uploads\/2022\/06\/Untitled-Video.jpg","datePublished":"2022-06-07T07:11:19+00:00","description":"Toate cele \u0219ase centre regionale au fost caracterizate, per ansamblu, de o tendin\u021b\u0103 de cre\u0219tere \u00een ultima lun\u0103 \u00eencheiat\u0103. Pe parcursul lunii mai, datele","breadcrumb":{"@id":"https:\/\/www.imobiliare.ro\/imoexpert\/preturile-apartamentelor-luna-mai_db\/#breadcrumb"},"inLanguage":"en","potentialAction":[{"@type":"ReadAction","target":["https:\/\/www.imobiliare.ro\/imoexpert\/preturile-apartamentelor-luna-mai_db\/"]}]},{"@type":"ImageObject","inLanguage":"en","@id":"https:\/\/www.imobiliare.ro\/imoexpert\/preturile-apartamentelor-luna-mai_db\/#primaryimage","url":"https:\/\/www.imobiliare.ro\/imoexpert\/wp-content\/uploads\/2022\/06\/Untitled-Video.jpg","contentUrl":"https:\/\/www.imobiliare.ro\/imoexpert\/wp-content\/uploads\/2022\/06\/Untitled-Video.jpg","width":1920,"height":1080},{"@type":"BreadcrumbList","@id":"https:\/\/www.imobiliare.ro\/imoexpert\/preturile-apartamentelor-luna-mai_db\/#breadcrumb","itemListElement":[{"@type":"ListItem","position":1,"name":"Imoradar24","item":"https:\/\/www.imoradar24.ro"},{"@type":"ListItem","position":2,"name":"ImoExpert","item":"https:\/\/www.imobiliare.ro\/imoexpert\/"},{"@type":"ListItem","position":3,"name":"Pre\u021burile apartamentelor au consemnat un u\u0219or avans \u00een luna mai"}]},{"@type":"WebSite","@id":"https:\/\/www.imobiliare.ro\/imoexpert\/#website","url":"https:\/\/www.imobiliare.ro\/imoexpert\/","name":"ImoExpert","description":"cele mai importante \u015ftiri din domeniul imobiliar","publisher":{"@id":"https:\/\/www.imobiliare.ro\/imoexpert\/#organization"},"inLanguage":"en"},{"@type":"Organization","@id":"https:\/\/www.imobiliare.ro\/imoexpert\/#organization","name":"Imobiliare.ro","alternateName":"Realmedia Network SA","url":"https:\/\/www.imobiliare.ro\/imoexpert\/","logo":{"@type":"ImageObject","inLanguage":"en","@id":"https:\/\/www.imobiliare.ro\/imoexpert\/#\/schema\/logo\/image\/","url":"https:\/\/www.imobiliare.ro\/imoexpert\/wp-content\/uploads\/2025\/05\/imobiliare_logo.png","contentUrl":"https:\/\/www.imobiliare.ro\/imoexpert\/wp-content\/uploads\/2025\/05\/imobiliare_logo.png","width":237,"height":29,"caption":"Imobiliare.ro"},"image":{"@id":"https:\/\/www.imobiliare.ro\/imoexpert\/#\/schema\/logo\/image\/"}},{"@type":"Person","@id":"https:\/\/www.imobiliare.ro\/imoexpert\/#\/schema\/person\/f3350e4786cf9f97888b908d7a00105c","name":"Alexandra Manolache","image":{"@type":"ImageObject","inLanguage":"en","@id":"https:\/\/www.imobiliare.ro\/imoexpert\/#\/schema\/person\/image\/","url":"https:\/\/www.imobiliare.ro\/imoexpert\/wp-content\/uploads\/2026\/02\/cropped-chatgpt-image-jan-26-2026-11-50-59-am-96x96.png","contentUrl":"https:\/\/www.imobiliare.ro\/imoexpert\/wp-content\/uploads\/2026\/02\/cropped-chatgpt-image-jan-26-2026-11-50-59-am-96x96.png","caption":"Alexandra Manolache"},"description":"Alexandra G\u0103bi\u021ba Manolache este Brand Manager la Imobiliare.ro. Absolvent\u0103 a Facult\u0103\u021bii de Cibernetic\u0103, Statistic\u0103 \u0219i Informatic\u0103 Economic\u0103 (FEAA Timi\u0219oara), vine cu o baz\u0103 solid\u0103 \u00een digital \u0219i economie \u0219i o experien\u021b\u0103 de 9 ani \u00een digital marketing. A contribuit ca editor la \u0219ase edi\u021bii ale raportului trimestrial Market 360 \u0219i semneaz\u0103 articole pe blogul Imobiliare.ro, unde explic\u0103 tendin\u021be \u0219i ofer\u0103 perspective aplicate asupra real estate-ului.","sameAs":["https:\/\/alexandra-manolache.com\/","https:\/\/www.facebook.com\/AlexandraGabita","https:\/\/www.instagram.com\/alexandragabita\/","https:\/\/www.linkedin.com\/in\/alexandra-gabita-manolache\/","https:\/\/www.youtube.com\/channel\/UCAqYKF7H8sJ0n55YF97Lz5g"],"jobTitle":"Brand Manager","url":"https:\/\/www.imobiliare.ro\/imoexpert\/author\/alexandra-manolache\/"}]}},"_links":{"self":[{"href":"https:\/\/www.imobiliare.ro\/imoexpert\/wp-json\/wp\/v2\/posts\/65081","targetHints":{"allow":["GET"]}}],"collection":[{"href":"https:\/\/www.imobiliare.ro\/imoexpert\/wp-json\/wp\/v2\/posts"}],"about":[{"href":"https:\/\/www.imobiliare.ro\/imoexpert\/wp-json\/wp\/v2\/types\/post"}],"author":[{"embeddable":true,"href":"https:\/\/www.imobiliare.ro\/imoexpert\/wp-json\/wp\/v2\/users\/842160"}],"replies":[{"embeddable":true,"href":"https:\/\/www.imobiliare.ro\/imoexpert\/wp-json\/wp\/v2\/comments?post=65081"}],"version-history":[{"count":0,"href":"https:\/\/www.imobiliare.ro\/imoexpert\/wp-json\/wp\/v2\/posts\/65081\/revisions"}],"wp:featuredmedia":[{"embeddable":true,"href":"https:\/\/www.imobiliare.ro\/imoexpert\/wp-json\/wp\/v2\/media\/65086"}],"wp:attachment":[{"href":"https:\/\/www.imobiliare.ro\/imoexpert\/wp-json\/wp\/v2\/media?parent=65081"}],"wp:term":[{"taxonomy":"category","embeddable":true,"href":"https:\/\/www.imobiliare.ro\/imoexpert\/wp-json\/wp\/v2\/categories?post=65081"},{"taxonomy":"post_tag","embeddable":true,"href":"https:\/\/www.imobiliare.ro\/imoexpert\/wp-json\/wp\/v2\/tags?post=65081"},{"taxonomy":"content_author","embeddable":true,"href":"https:\/\/www.imobiliare.ro\/imoexpert\/wp-json\/wp\/v2\/content_author?post=65081"}],"curies":[{"name":"wp","href":"https:\/\/api.w.org\/{rel}","templated":true}]}}