{"id":65147,"date":"2022-07-11T11:12:29","date_gmt":"2022-07-11T08:12:29","guid":{"rendered":"https:\/\/www.imobiliare.ro\/imoexpert\/?p=65147"},"modified":"2022-07-11T11:12:29","modified_gmt":"2022-07-11T08:12:29","slug":"indicele-imobiliar-iunie","status":"publish","type":"post","link":"https:\/\/www.imobiliare.ro\/imoexpert\/indicele-imobiliar-iunie_db\/","title":{"rendered":"Pre\u021burile apartamentelor au evoluat diferit \u00een principalele ora\u0219e din \u021bar\u0103 \u00een luna iunie"},"content":{"rendered":"<p><img loading=\"lazy\" decoding=\"async\" class=\"aligncenter wp-image-65153 size-full\" src=\"https:\/\/www.imobiliare.ro\/imoexpert\/wp-content\/uploads\/2022\/07\/Untitled-design-2.png\" alt=\"\" width=\"1080\" height=\"1080\" srcset=\"https:\/\/www.imobiliare.ro\/imoexpert\/wp-content\/uploads\/2022\/07\/Untitled-design-2.png 1080w, https:\/\/www.imobiliare.ro\/imoexpert\/wp-content\/uploads\/2022\/07\/Untitled-design-2-300x300.png 300w, https:\/\/www.imobiliare.ro\/imoexpert\/wp-content\/uploads\/2022\/07\/Untitled-design-2-1024x1024.png 1024w, https:\/\/www.imobiliare.ro\/imoexpert\/wp-content\/uploads\/2022\/07\/Untitled-design-2-768x768.png 768w, https:\/\/www.imobiliare.ro\/imoexpert\/wp-content\/uploads\/2022\/07\/Untitled-design-2-140x140.png 140w\" sizes=\"auto, (max-width: 1080px) 100vw, 1080px\" \/><\/p>\n<p><em>Pre\u021burile solicitate pentru apartamentele (noi \u0219i vechi) disponibile spre v\u00e2nzare la nivel na\u021bional s-au diminuat cu 0,3% fa\u021b\u0103 de luna anterioar\u0103, \u00een special sub influen\u021ba evolu\u021biei apartamentelor vechi. Valoarea medie de listare pentru o asemenea unitate locativ\u0103 a ajuns, potrivit <a class=\"article-body-links\"href=\"https:\/\/www.imobiliare.ro\/indicele-imobiliare-ro\">Indicelui Imobiliare.ro<\/a>, la 1.745 euro pe metru p\u0103trat util (fa\u021b\u0103 de 1.751 de euro pe metru p\u0103trat la finele lui mai).<\/em><\/p>\n<blockquote><p><em>\u201ePre\u021burile apartamentelor au cunoscut o evolu\u021bie diferit\u0103 de la un ora\u0219 la altul. Pe segmentul vechi, \u00een special, din cauza presiunii pe cerere, am observat corec\u021bii de pre\u021b, pe de alt\u0103 parte, ora\u0219e precum Timi\u0219oara, Bra\u0219ov sau Bucure\u0219ti, apartamentele au continuat s\u0103 se scumpeasc\u0103 u\u0219or. Clujul, Ia\u0219iul \u0219i Constan\u021ba au \u00eenregistrat sc\u0103deri u\u0219oare. Ne a\u0219tept\u0103m ca perioada urm\u0103atore s\u0103 fie una de reglare \u0219i s\u0103 vedem corec\u021bii pe anumite segmente, supra\u00eenc\u0103lzite, dar \u0219i consolid\u0103ri \u00een special pe segmentul premium nou.\u201d <\/em><\/p>\n<p><em>\u2013 <strong>Daniel Crainic, director de marketing Imobiliare.ro.<\/strong><\/em><\/p><\/blockquote>\n<p>&nbsp;<\/p>\n<div id=\"ez-toc-container\" class=\"ez-toc-v2_0_81 counter-hierarchy ez-toc-counter ez-toc-grey ez-toc-container-direction\">\n<p class=\"ez-toc-title\" style=\"cursor:inherit\">Table of Contents<\/p>\n<label for=\"ez-toc-cssicon-toggle-item-69edf79adbd25\" class=\"ez-toc-cssicon-toggle-label\"><span class=\"ez-toc-cssicon\"><span class=\"eztoc-hide\" style=\"display:none;\">Toggle<\/span><span class=\"ez-toc-icon-toggle-span\"><svg style=\"fill: #999;color:#999\" xmlns=\"http:\/\/www.w3.org\/2000\/svg\" class=\"list-377408\" width=\"20px\" height=\"20px\" viewBox=\"0 0 24 24\" fill=\"none\"><path d=\"M6 6H4v2h2V6zm14 0H8v2h12V6zM4 11h2v2H4v-2zm16 0H8v2h12v-2zM4 16h2v2H4v-2zm16 0H8v2h12v-2z\" fill=\"currentColor\"><\/path><\/svg><svg style=\"fill: #999;color:#999\" class=\"arrow-unsorted-368013\" xmlns=\"http:\/\/www.w3.org\/2000\/svg\" width=\"10px\" height=\"10px\" viewBox=\"0 0 24 24\" version=\"1.2\" baseProfile=\"tiny\"><path d=\"M18.2 9.3l-6.2-6.3-6.2 6.3c-.2.2-.3.4-.3.7s.1.5.3.7c.2.2.4.3.7.3h11c.3 0 .5-.1.7-.3.2-.2.3-.5.3-.7s-.1-.5-.3-.7zM5.8 14.7l6.2 6.3 6.2-6.3c.2-.2.3-.5.3-.7s-.1-.5-.3-.7c-.2-.2-.4-.3-.7-.3h-11c-.3 0-.5.1-.7.3-.2.2-.3.5-.3.7s.1.5.3.7z\"\/><\/svg><\/span><\/span><\/label><input type=\"checkbox\"  id=\"ez-toc-cssicon-toggle-item-69edf79adbd25\"  aria-label=\"Toggle\" \/><nav><ul class='ez-toc-list ez-toc-list-level-1 ' ><li class='ez-toc-page-1 ez-toc-heading-level-3'><a class=\"ez-toc-link ez-toc-heading-1\" href=\"https:\/\/www.imobiliare.ro\/imoexpert\/indicele-imobiliar-iunie_db\/#Bucuresti\" >Bucure\u0219ti:<\/a><\/li><li class='ez-toc-page-1 ez-toc-heading-level-3'><a class=\"ez-toc-link ez-toc-heading-2\" href=\"https:\/\/www.imobiliare.ro\/imoexpert\/indicele-imobiliar-iunie_db\/#Brasov\" >Bra\u0219ov:<\/a><\/li><li class='ez-toc-page-1 ez-toc-heading-level-3'><a class=\"ez-toc-link ez-toc-heading-3\" href=\"https:\/\/www.imobiliare.ro\/imoexpert\/indicele-imobiliar-iunie_db\/#Cluj-Napoca\" >Cluj-Napoca:<\/a><\/li><li class='ez-toc-page-1 ez-toc-heading-level-3'><a class=\"ez-toc-link ez-toc-heading-4\" href=\"https:\/\/www.imobiliare.ro\/imoexpert\/indicele-imobiliar-iunie_db\/#Constanta\" >Constan\u021ba:<\/a><\/li><li class='ez-toc-page-1 ez-toc-heading-level-3'><a class=\"ez-toc-link ez-toc-heading-5\" href=\"https:\/\/www.imobiliare.ro\/imoexpert\/indicele-imobiliar-iunie_db\/#Iasi\" >Ia\u0219i:<\/a><\/li><li class='ez-toc-page-1 ez-toc-heading-level-3'><a class=\"ez-toc-link ez-toc-heading-6\" href=\"https:\/\/www.imobiliare.ro\/imoexpert\/indicele-imobiliar-iunie_db\/#Timisoara\" >Timi\u0219oara:<\/a><\/li><\/ul><\/nav><\/div>\n<h3><span class=\"ez-toc-section\" id=\"Bucuresti\"><\/span><strong>Bucure\u0219ti: <\/strong><span class=\"ez-toc-section-end\"><\/span><\/h3>\n<p>\u00cen Bucure\u0219ti, suma medie solicitat\u0103 pentru un apartament a ajuns la 1.761 de euro pe metru p\u0103trat util, \u00een condi\u021biile unui avans de 0,8% fa\u021b\u0103 de luna mai (c\u00e2nd aceasta se situa la 1.747 de euro pe metru p\u0103trat). Locuin\u021bele din blocurile vechi au consemnat un recul de 0,7% \u00een decurs de 30 de zile (de la 1.613 la 1.601 de euro pe metru p\u0103trat), \u00een timp ce unit\u0103\u021bile locative nou-construite au consemnat un avans de 1,9% mai exact (de la 1.926 la 1.963 de euro pe metru p\u0103trat).<\/p>\n<h3><span class=\"ez-toc-section\" id=\"Brasov\"><\/span><strong>Bra\u0219ov: <\/strong><span class=\"ez-toc-section-end\"><\/span><\/h3>\n<p>\u00cen Bra\u0219ov, <a class=\"article-body-links\"href=\"https:\/\/www.imobiliare.ro\/indicele-imobiliare-ro\">Indicele Imobiliare.ro<\/a> a consemnat, per ansamblu, o cre\u0219tere de 1,7% a pre\u021burilor apartamentelor, de la 1614 de euro pe metru p\u0103trat util, la 1.641 de euro pe metru p\u0103trat la sf\u00e2r\u0219itul lunii iunie. Locuin\u021bele din blocurile vechi au avut parte de o evolu\u021bie pozitiv\u0103: este vorba de un avans de 0,9%, de la 1.504 la 1.518 de euro pe metru p\u0103trat. Locuin\u021bele noi au \u00eenregistrat o cre\u0219tere de 2,3%, de la 1.726 la 1.765 de euro pe metru p\u0103trat.<\/p>\n<h3><span class=\"ez-toc-section\" id=\"Cluj-Napoca\"><\/span><strong>Cluj-Napoca: <\/strong><span class=\"ez-toc-section-end\"><\/span><\/h3>\n<p>\u00cen Cluj-Napoca pre\u021burile apartamentelor a sc\u0103zut cu 1,4% luna trecut\u0103, ajung\u00e2nd la o medie de 2.431 de euro pe metru p\u0103trat util \u2013 fa\u021b\u0103 de 2.465 de euro pe metru p\u0103trat la finele lunii trecute. O locuin\u021b\u0103 dintr-un bloc vechi a ajuns s\u0103 coste 2.356 de euro pe metru p\u0103trat, \u00een condi\u021biile unei sc\u0103deri de 0,3% (de la 2.364 de euro pe metru p\u0103trat la 2.356 de euro). Pe segmentul apartamentelor noi, pe de alt\u0103 parte, a avut loc o sc\u0103dere de 1,6%, de la 2.528 la 2.487 de euro pe metru p\u0103trat.<\/p>\n<h3><span class=\"ez-toc-section\" id=\"Constanta\"><\/span><strong>Constan\u021ba: <\/strong><span class=\"ez-toc-section-end\"><\/span><\/h3>\n<p>\u0218i Constan\u021ba a fost caracterizat\u0103 de o sc\u0103dere a pre\u021burilor \u00een luna iunie: suma medie solicitat\u0103 aici de c\u0103tre proprietari \u0219i dezvoltatori reziden\u021biali a \u00eenregistrat o sc\u0103dere de 0,2%, de la 1.484 la 1.481 de euro pe metru p\u0103trat util. Valoarea de listare pentru apartamentele vechi a sc\u0103zut cu 1% fa\u021b\u0103 de luna precedent\u0103, respectiv de la 1.454 de euro la 1.440 euro pe metru p\u0103trat, \u00een vreme ce locuin\u021bele din cadrul noilor ansambluri reziden\u021biale au resim\u021bit o cre\u0219tere de 1,5%, ajung\u00e2nd la pre\u021bul mediu de 1.552 de euro pe metru p\u0103trat.<\/p>\n<h3><span class=\"ez-toc-section\" id=\"Iasi\"><\/span><strong>Ia\u0219i: <\/strong><span class=\"ez-toc-section-end\"><\/span><\/h3>\n<p>\u00cen Ia\u0219i, <a class=\"article-body-links\"href=\"https:\/\/www.imobiliare.ro\/indicele-imobiliare-ro\">Indicele Imobiliare.ro<\/a> a \u00eenregistrat, per ansamblu, o sc\u0103dere a pre\u021burilor de 0,6% \u00een luna iunie, de la 1.312 la 1.304 de euro pe metru p\u0103trat util. Locuin\u021bele din blocurile vechi au consemnat un declin u\u0219or, de 0,1% mai exact (de la 1.281 la 1.280 de euro pe metru p\u0103trat), \u00een vreme ce pe segmentul reziden\u021bial nou a avut loc o sc\u0103dere de 1,0% (de la 1.335 la 1.322 de euro pe metru p\u0103trat).<\/p>\n<h3><span class=\"ez-toc-section\" id=\"Timisoara\"><\/span><strong>Timi\u0219oara: <\/strong><span class=\"ez-toc-section-end\"><\/span><\/h3>\n<p>Pre\u021burile apartamentelor din Timi\u0219oara au crescut \u00eentr-un ritm u\u0219or, anume cu 0,3%, luna trecut\u0103, de la o medie de 1.451 de euro pe metru p\u0103trat, la 1.456 de euro pe metru p\u0103trat. Pe cele dou\u0103 segmente majore de pia\u021b\u0103 au fost consemnate evolu\u021bii similare: locuin\u021bele vechi s-au majorat cu 0,3%, ajung\u00e2nd la pre\u021bul mediu de 1.438 de euro pe metru p\u0103trat, \u00een vreme ce unit\u0103\u021bile locative nou-construite au \u00eenregistrat o cre\u0219tere de 0,7%, de la 1.490 la 1.501 de euro pe metru p\u0103trat.<\/p>\n","protected":false},"excerpt":{"rendered":"<p>Pre\u021burile solicitate pentru apartamentele (noi \u0219i vechi) disponibile spre v\u00e2nzare la nivel na\u021bional s-au diminuat cu 0,3% fa\u021b\u0103 de luna anterioar\u0103, \u00een special sub influen\u021ba evolu\u021biei apartamentelor vechi. Valoarea medie de listare pentru o asemenea unitate locativ\u0103 a ajuns, potrivit Indicelui Imobiliare.ro, la 1.745 euro pe metru p\u0103trat util (fa\u021b\u0103 de 1.751 de euro pe [&hellip;]<\/p>\n","protected":false},"author":842160,"featured_media":65153,"comment_status":"open","ping_status":"open","sticky":false,"template":"","format":"standard","meta":{"footnotes":""},"categories":[],"tags":[],"content_author":[],"class_list":["post-65147","post","type-post","status-publish","format-standard","has-post-thumbnail","hentry"],"yoast_head":"<!-- This site is optimized with the Yoast SEO Premium plugin v27.0 (Yoast SEO v27.0) - https:\/\/yoast.com\/product\/yoast-seo-premium-wordpress\/ -->\n<title>Pre\u021burile apartamentelor au evoluat diferit \u00een principalele ora\u0219e din \u021bar\u0103 \u00een luna iunie<\/title>\n<meta name=\"description\" content=\"Pre\u021burile solicitate pentru apartamentele (noi \u0219i vechi) disponibile spre v\u00e2nzare la nivel na\u021bional s-au diminuat cu 0,3% fa\u021b\u0103 de luna anterioar\u0103, \u00een\" \/>\n<meta name=\"robots\" content=\"index, follow\" \/>\n<link rel=\"canonical\" href=\"https:\/\/www.imobiliare.ro\/imoexpert\/indicele-imobiliar-iunie_db\/\" \/>\n<meta property=\"og:locale\" content=\"ro_RO\" \/>\n<meta property=\"og:type\" content=\"article\" \/>\n<meta property=\"og:title\" content=\"Pre\u021burile apartamentelor au evoluat diferit \u00een principalele ora\u0219e din \u021bar\u0103 \u00een luna iunie\" \/>\n<meta property=\"og:description\" content=\"Pre\u021burile solicitate pentru apartamentele (noi \u0219i vechi) disponibile spre v\u00e2nzare la nivel na\u021bional s-au diminuat cu 0,3% fa\u021b\u0103 de luna anterioar\u0103, \u00een\" \/>\n<meta property=\"og:url\" content=\"https:\/\/www.imobiliare.ro\/imoexpert\/indicele-imobiliar-iunie_db\/\" \/>\n<meta property=\"og:site_name\" content=\"ImoExpert\" \/>\n<meta property=\"article:author\" content=\"https:\/\/www.facebook.com\/AlexandraGabita\" \/>\n<meta property=\"article:published_time\" content=\"2022-07-11T08:12:29+00:00\" \/>\n<meta property=\"og:image\" content=\"https:\/\/www.imobiliare.ro\/imoexpert\/wp-content\/uploads\/2022\/07\/Untitled-design-2.png\" \/>\n\t<meta property=\"og:image:width\" content=\"1080\" \/>\n\t<meta property=\"og:image:height\" content=\"1080\" \/>\n\t<meta property=\"og:image:type\" content=\"image\/png\" \/>\n<meta name=\"author\" content=\"Alexandra Manolache\" \/>\n<meta name=\"twitter:card\" content=\"summary_large_image\" \/>\n<meta name=\"twitter:label1\" content=\"Written by\" \/>\n\t<meta name=\"twitter:data1\" content=\"Alexandra Manolache\" \/>\n\t<meta name=\"twitter:label2\" content=\"Est. reading time\" \/>\n\t<meta name=\"twitter:data2\" content=\"4 minute\" \/>\n<script type=\"application\/ld+json\" class=\"yoast-schema-graph\">{\"@context\":\"https:\/\/schema.org\",\"@graph\":[{\"@type\":\"Article\",\"@id\":\"https:\/\/www.imobiliare.ro\/imoexpert\/indicele-imobiliar-iunie_db\/#article\",\"isPartOf\":{\"@id\":\"https:\/\/www.imobiliare.ro\/imoexpert\/indicele-imobiliar-iunie_db\/\"},\"author\":{\"name\":\"Alexandra Manolache\",\"@id\":\"https:\/\/www.imobiliare.ro\/imoexpert\/#\/schema\/person\/f3350e4786cf9f97888b908d7a00105c\"},\"headline\":\"Pre\u021burile apartamentelor au evoluat diferit \u00een principalele ora\u0219e din \u021bar\u0103 \u00een luna iunie\",\"datePublished\":\"2022-07-11T08:12:29+00:00\",\"mainEntityOfPage\":{\"@id\":\"https:\/\/www.imobiliare.ro\/imoexpert\/indicele-imobiliar-iunie_db\/\"},\"wordCount\":731,\"commentCount\":0,\"publisher\":{\"@id\":\"https:\/\/www.imobiliare.ro\/imoexpert\/#organization\"},\"image\":{\"@id\":\"https:\/\/www.imobiliare.ro\/imoexpert\/indicele-imobiliar-iunie_db\/#primaryimage\"},\"thumbnailUrl\":\"https:\/\/www.imobiliare.ro\/imoexpert\/wp-content\/uploads\/2022\/07\/Untitled-design-2.png\",\"inLanguage\":\"en\",\"potentialAction\":[{\"@type\":\"CommentAction\",\"name\":\"Comment\",\"target\":[\"https:\/\/www.imobiliare.ro\/imoexpert\/indicele-imobiliar-iunie_db\/#respond\"]}],\"copyrightYear\":\"2022\",\"copyrightHolder\":{\"@id\":\"https:\/\/www.imobiliare.ro\/imoexpert\/#organization\"}},{\"@type\":\"WebPage\",\"@id\":\"https:\/\/www.imobiliare.ro\/imoexpert\/indicele-imobiliar-iunie_db\/\",\"url\":\"https:\/\/www.imobiliare.ro\/imoexpert\/indicele-imobiliar-iunie_db\/\",\"name\":\"Pre\u021burile apartamentelor au evoluat diferit \u00een principalele ora\u0219e din \u021bar\u0103 \u00een luna iunie\",\"isPartOf\":{\"@id\":\"https:\/\/www.imobiliare.ro\/imoexpert\/#website\"},\"primaryImageOfPage\":{\"@id\":\"https:\/\/www.imobiliare.ro\/imoexpert\/indicele-imobiliar-iunie_db\/#primaryimage\"},\"image\":{\"@id\":\"https:\/\/www.imobiliare.ro\/imoexpert\/indicele-imobiliar-iunie_db\/#primaryimage\"},\"thumbnailUrl\":\"https:\/\/www.imobiliare.ro\/imoexpert\/wp-content\/uploads\/2022\/07\/Untitled-design-2.png\",\"datePublished\":\"2022-07-11T08:12:29+00:00\",\"description\":\"Pre\u021burile solicitate pentru apartamentele (noi \u0219i vechi) disponibile spre v\u00e2nzare la nivel na\u021bional s-au diminuat cu 0,3% fa\u021b\u0103 de luna anterioar\u0103, \u00een\",\"breadcrumb\":{\"@id\":\"https:\/\/www.imobiliare.ro\/imoexpert\/indicele-imobiliar-iunie_db\/#breadcrumb\"},\"inLanguage\":\"en\",\"potentialAction\":[{\"@type\":\"ReadAction\",\"target\":[\"https:\/\/www.imobiliare.ro\/imoexpert\/indicele-imobiliar-iunie_db\/\"]}]},{\"@type\":\"ImageObject\",\"inLanguage\":\"en\",\"@id\":\"https:\/\/www.imobiliare.ro\/imoexpert\/indicele-imobiliar-iunie_db\/#primaryimage\",\"url\":\"https:\/\/www.imobiliare.ro\/imoexpert\/wp-content\/uploads\/2022\/07\/Untitled-design-2.png\",\"contentUrl\":\"https:\/\/www.imobiliare.ro\/imoexpert\/wp-content\/uploads\/2022\/07\/Untitled-design-2.png\",\"width\":1080,\"height\":1080},{\"@type\":\"BreadcrumbList\",\"@id\":\"https:\/\/www.imobiliare.ro\/imoexpert\/indicele-imobiliar-iunie_db\/#breadcrumb\",\"itemListElement\":[{\"@type\":\"ListItem\",\"position\":1,\"name\":\"Imoradar24\",\"item\":\"https:\/\/www.imoradar24.ro\"},{\"@type\":\"ListItem\",\"position\":2,\"name\":\"ImoExpert\",\"item\":\"https:\/\/www.imobiliare.ro\/imoexpert\/\"},{\"@type\":\"ListItem\",\"position\":3,\"name\":\"Pre\u021burile apartamentelor au evoluat diferit \u00een principalele ora\u0219e din \u021bar\u0103 \u00een luna iunie\"}]},{\"@type\":\"WebSite\",\"@id\":\"https:\/\/www.imobiliare.ro\/imoexpert\/#website\",\"url\":\"https:\/\/www.imobiliare.ro\/imoexpert\/\",\"name\":\"ImoExpert\",\"description\":\"cele mai importante \u015ftiri din domeniul imobiliar\",\"publisher\":{\"@id\":\"https:\/\/www.imobiliare.ro\/imoexpert\/#organization\"},\"inLanguage\":\"en\"},{\"@type\":\"Organization\",\"@id\":\"https:\/\/www.imobiliare.ro\/imoexpert\/#organization\",\"name\":\"Imobiliare.ro\",\"alternateName\":\"Realmedia Network SA\",\"url\":\"https:\/\/www.imobiliare.ro\/imoexpert\/\",\"logo\":{\"@type\":\"ImageObject\",\"inLanguage\":\"en\",\"@id\":\"https:\/\/www.imobiliare.ro\/imoexpert\/#\/schema\/logo\/image\/\",\"url\":\"https:\/\/www.imobiliare.ro\/imoexpert\/wp-content\/uploads\/2025\/05\/imobiliare_logo.png\",\"contentUrl\":\"https:\/\/www.imobiliare.ro\/imoexpert\/wp-content\/uploads\/2025\/05\/imobiliare_logo.png\",\"width\":237,\"height\":29,\"caption\":\"Imobiliare.ro\"},\"image\":{\"@id\":\"https:\/\/www.imobiliare.ro\/imoexpert\/#\/schema\/logo\/image\/\"}},{\"@type\":\"Person\",\"@id\":\"https:\/\/www.imobiliare.ro\/imoexpert\/#\/schema\/person\/f3350e4786cf9f97888b908d7a00105c\",\"name\":\"Alexandra Manolache\",\"image\":{\"@type\":\"ImageObject\",\"inLanguage\":\"en\",\"@id\":\"https:\/\/www.imobiliare.ro\/imoexpert\/#\/schema\/person\/image\/\",\"url\":\"https:\/\/www.imobiliare.ro\/imoexpert\/wp-content\/uploads\/2026\/02\/cropped-chatgpt-image-jan-26-2026-11-50-59-am-96x96.png\",\"contentUrl\":\"https:\/\/www.imobiliare.ro\/imoexpert\/wp-content\/uploads\/2026\/02\/cropped-chatgpt-image-jan-26-2026-11-50-59-am-96x96.png\",\"caption\":\"Alexandra Manolache\"},\"description\":\"Alexandra G\u0103bi\u021ba Manolache este Brand Manager la Imobiliare.ro. Absolvent\u0103 a Facult\u0103\u021bii de Cibernetic\u0103, Statistic\u0103 \u0219i Informatic\u0103 Economic\u0103 (FEAA Timi\u0219oara), vine cu o baz\u0103 solid\u0103 \u00een digital \u0219i economie \u0219i o experien\u021b\u0103 de 9 ani \u00een digital marketing. A contribuit ca editor la \u0219ase edi\u021bii ale raportului trimestrial Market 360 \u0219i semneaz\u0103 articole pe blogul Imobiliare.ro, unde explic\u0103 tendin\u021be \u0219i ofer\u0103 perspective aplicate asupra real estate-ului.\",\"sameAs\":[\"https:\/\/alexandra-manolache.com\/\",\"https:\/\/www.facebook.com\/AlexandraGabita\",\"https:\/\/www.instagram.com\/alexandragabita\/\",\"https:\/\/www.linkedin.com\/in\/alexandra-gabita-manolache\/\",\"https:\/\/www.youtube.com\/channel\/UCAqYKF7H8sJ0n55YF97Lz5g\"],\"jobTitle\":\"Brand Manager\",\"url\":\"https:\/\/www.imobiliare.ro\/imoexpert\/author\/alexandra-manolache\/\"}]}<\/script>\n<!-- \/ Yoast SEO Premium plugin. -->","yoast_head_json":{"title":"Pre\u021burile apartamentelor au evoluat diferit \u00een principalele ora\u0219e din \u021bar\u0103 \u00een luna iunie","description":"Pre\u021burile solicitate pentru apartamentele (noi \u0219i vechi) disponibile spre v\u00e2nzare la nivel na\u021bional s-au diminuat cu 0,3% fa\u021b\u0103 de luna anterioar\u0103, \u00een","robots":{"index":"index","follow":"follow"},"canonical":"https:\/\/www.imobiliare.ro\/imoexpert\/indicele-imobiliar-iunie_db\/","og_locale":"ro_RO","og_type":"article","og_title":"Pre\u021burile apartamentelor au evoluat diferit \u00een principalele ora\u0219e din \u021bar\u0103 \u00een luna iunie","og_description":"Pre\u021burile solicitate pentru apartamentele (noi \u0219i vechi) disponibile spre v\u00e2nzare la nivel na\u021bional s-au diminuat cu 0,3% fa\u021b\u0103 de luna anterioar\u0103, \u00een","og_url":"https:\/\/www.imobiliare.ro\/imoexpert\/indicele-imobiliar-iunie_db\/","og_site_name":"ImoExpert","article_author":"https:\/\/www.facebook.com\/AlexandraGabita","article_published_time":"2022-07-11T08:12:29+00:00","og_image":[{"width":1080,"height":1080,"url":"https:\/\/www.imobiliare.ro\/imoexpert\/wp-content\/uploads\/2022\/07\/Untitled-design-2.png","type":"image\/png"}],"author":"Alexandra Manolache","twitter_card":"summary_large_image","twitter_misc":{"Written by":"Alexandra Manolache","Est. reading time":"4 minute"},"schema":{"@context":"https:\/\/schema.org","@graph":[{"@type":"Article","@id":"https:\/\/www.imobiliare.ro\/imoexpert\/indicele-imobiliar-iunie_db\/#article","isPartOf":{"@id":"https:\/\/www.imobiliare.ro\/imoexpert\/indicele-imobiliar-iunie_db\/"},"author":{"name":"Alexandra Manolache","@id":"https:\/\/www.imobiliare.ro\/imoexpert\/#\/schema\/person\/f3350e4786cf9f97888b908d7a00105c"},"headline":"Pre\u021burile apartamentelor au evoluat diferit \u00een principalele ora\u0219e din \u021bar\u0103 \u00een luna iunie","datePublished":"2022-07-11T08:12:29+00:00","mainEntityOfPage":{"@id":"https:\/\/www.imobiliare.ro\/imoexpert\/indicele-imobiliar-iunie_db\/"},"wordCount":731,"commentCount":0,"publisher":{"@id":"https:\/\/www.imobiliare.ro\/imoexpert\/#organization"},"image":{"@id":"https:\/\/www.imobiliare.ro\/imoexpert\/indicele-imobiliar-iunie_db\/#primaryimage"},"thumbnailUrl":"https:\/\/www.imobiliare.ro\/imoexpert\/wp-content\/uploads\/2022\/07\/Untitled-design-2.png","inLanguage":"en","potentialAction":[{"@type":"CommentAction","name":"Comment","target":["https:\/\/www.imobiliare.ro\/imoexpert\/indicele-imobiliar-iunie_db\/#respond"]}],"copyrightYear":"2022","copyrightHolder":{"@id":"https:\/\/www.imobiliare.ro\/imoexpert\/#organization"}},{"@type":"WebPage","@id":"https:\/\/www.imobiliare.ro\/imoexpert\/indicele-imobiliar-iunie_db\/","url":"https:\/\/www.imobiliare.ro\/imoexpert\/indicele-imobiliar-iunie_db\/","name":"Pre\u021burile apartamentelor au evoluat diferit \u00een principalele ora\u0219e din \u021bar\u0103 \u00een luna iunie","isPartOf":{"@id":"https:\/\/www.imobiliare.ro\/imoexpert\/#website"},"primaryImageOfPage":{"@id":"https:\/\/www.imobiliare.ro\/imoexpert\/indicele-imobiliar-iunie_db\/#primaryimage"},"image":{"@id":"https:\/\/www.imobiliare.ro\/imoexpert\/indicele-imobiliar-iunie_db\/#primaryimage"},"thumbnailUrl":"https:\/\/www.imobiliare.ro\/imoexpert\/wp-content\/uploads\/2022\/07\/Untitled-design-2.png","datePublished":"2022-07-11T08:12:29+00:00","description":"Pre\u021burile solicitate pentru apartamentele (noi \u0219i vechi) disponibile spre v\u00e2nzare la nivel na\u021bional s-au diminuat cu 0,3% fa\u021b\u0103 de luna anterioar\u0103, \u00een","breadcrumb":{"@id":"https:\/\/www.imobiliare.ro\/imoexpert\/indicele-imobiliar-iunie_db\/#breadcrumb"},"inLanguage":"en","potentialAction":[{"@type":"ReadAction","target":["https:\/\/www.imobiliare.ro\/imoexpert\/indicele-imobiliar-iunie_db\/"]}]},{"@type":"ImageObject","inLanguage":"en","@id":"https:\/\/www.imobiliare.ro\/imoexpert\/indicele-imobiliar-iunie_db\/#primaryimage","url":"https:\/\/www.imobiliare.ro\/imoexpert\/wp-content\/uploads\/2022\/07\/Untitled-design-2.png","contentUrl":"https:\/\/www.imobiliare.ro\/imoexpert\/wp-content\/uploads\/2022\/07\/Untitled-design-2.png","width":1080,"height":1080},{"@type":"BreadcrumbList","@id":"https:\/\/www.imobiliare.ro\/imoexpert\/indicele-imobiliar-iunie_db\/#breadcrumb","itemListElement":[{"@type":"ListItem","position":1,"name":"Imoradar24","item":"https:\/\/www.imoradar24.ro"},{"@type":"ListItem","position":2,"name":"ImoExpert","item":"https:\/\/www.imobiliare.ro\/imoexpert\/"},{"@type":"ListItem","position":3,"name":"Pre\u021burile apartamentelor au evoluat diferit \u00een principalele ora\u0219e din \u021bar\u0103 \u00een luna iunie"}]},{"@type":"WebSite","@id":"https:\/\/www.imobiliare.ro\/imoexpert\/#website","url":"https:\/\/www.imobiliare.ro\/imoexpert\/","name":"ImoExpert","description":"cele mai importante \u015ftiri din domeniul imobiliar","publisher":{"@id":"https:\/\/www.imobiliare.ro\/imoexpert\/#organization"},"inLanguage":"en"},{"@type":"Organization","@id":"https:\/\/www.imobiliare.ro\/imoexpert\/#organization","name":"Imobiliare.ro","alternateName":"Realmedia Network SA","url":"https:\/\/www.imobiliare.ro\/imoexpert\/","logo":{"@type":"ImageObject","inLanguage":"en","@id":"https:\/\/www.imobiliare.ro\/imoexpert\/#\/schema\/logo\/image\/","url":"https:\/\/www.imobiliare.ro\/imoexpert\/wp-content\/uploads\/2025\/05\/imobiliare_logo.png","contentUrl":"https:\/\/www.imobiliare.ro\/imoexpert\/wp-content\/uploads\/2025\/05\/imobiliare_logo.png","width":237,"height":29,"caption":"Imobiliare.ro"},"image":{"@id":"https:\/\/www.imobiliare.ro\/imoexpert\/#\/schema\/logo\/image\/"}},{"@type":"Person","@id":"https:\/\/www.imobiliare.ro\/imoexpert\/#\/schema\/person\/f3350e4786cf9f97888b908d7a00105c","name":"Alexandra Manolache","image":{"@type":"ImageObject","inLanguage":"en","@id":"https:\/\/www.imobiliare.ro\/imoexpert\/#\/schema\/person\/image\/","url":"https:\/\/www.imobiliare.ro\/imoexpert\/wp-content\/uploads\/2026\/02\/cropped-chatgpt-image-jan-26-2026-11-50-59-am-96x96.png","contentUrl":"https:\/\/www.imobiliare.ro\/imoexpert\/wp-content\/uploads\/2026\/02\/cropped-chatgpt-image-jan-26-2026-11-50-59-am-96x96.png","caption":"Alexandra Manolache"},"description":"Alexandra G\u0103bi\u021ba Manolache este Brand Manager la Imobiliare.ro. Absolvent\u0103 a Facult\u0103\u021bii de Cibernetic\u0103, Statistic\u0103 \u0219i Informatic\u0103 Economic\u0103 (FEAA Timi\u0219oara), vine cu o baz\u0103 solid\u0103 \u00een digital \u0219i economie \u0219i o experien\u021b\u0103 de 9 ani \u00een digital marketing. A contribuit ca editor la \u0219ase edi\u021bii ale raportului trimestrial Market 360 \u0219i semneaz\u0103 articole pe blogul Imobiliare.ro, unde explic\u0103 tendin\u021be \u0219i ofer\u0103 perspective aplicate asupra real estate-ului.","sameAs":["https:\/\/alexandra-manolache.com\/","https:\/\/www.facebook.com\/AlexandraGabita","https:\/\/www.instagram.com\/alexandragabita\/","https:\/\/www.linkedin.com\/in\/alexandra-gabita-manolache\/","https:\/\/www.youtube.com\/channel\/UCAqYKF7H8sJ0n55YF97Lz5g"],"jobTitle":"Brand Manager","url":"https:\/\/www.imobiliare.ro\/imoexpert\/author\/alexandra-manolache\/"}]}},"_links":{"self":[{"href":"https:\/\/www.imobiliare.ro\/imoexpert\/wp-json\/wp\/v2\/posts\/65147","targetHints":{"allow":["GET"]}}],"collection":[{"href":"https:\/\/www.imobiliare.ro\/imoexpert\/wp-json\/wp\/v2\/posts"}],"about":[{"href":"https:\/\/www.imobiliare.ro\/imoexpert\/wp-json\/wp\/v2\/types\/post"}],"author":[{"embeddable":true,"href":"https:\/\/www.imobiliare.ro\/imoexpert\/wp-json\/wp\/v2\/users\/842160"}],"replies":[{"embeddable":true,"href":"https:\/\/www.imobiliare.ro\/imoexpert\/wp-json\/wp\/v2\/comments?post=65147"}],"version-history":[{"count":0,"href":"https:\/\/www.imobiliare.ro\/imoexpert\/wp-json\/wp\/v2\/posts\/65147\/revisions"}],"wp:featuredmedia":[{"embeddable":true,"href":"https:\/\/www.imobiliare.ro\/imoexpert\/wp-json\/wp\/v2\/media\/65153"}],"wp:attachment":[{"href":"https:\/\/www.imobiliare.ro\/imoexpert\/wp-json\/wp\/v2\/media?parent=65147"}],"wp:term":[{"taxonomy":"category","embeddable":true,"href":"https:\/\/www.imobiliare.ro\/imoexpert\/wp-json\/wp\/v2\/categories?post=65147"},{"taxonomy":"post_tag","embeddable":true,"href":"https:\/\/www.imobiliare.ro\/imoexpert\/wp-json\/wp\/v2\/tags?post=65147"},{"taxonomy":"content_author","embeddable":true,"href":"https:\/\/www.imobiliare.ro\/imoexpert\/wp-json\/wp\/v2\/content_author?post=65147"}],"curies":[{"name":"wp","href":"https:\/\/api.w.org\/{rel}","templated":true}]}}