{"id":66476,"date":"2023-05-17T12:38:33","date_gmt":"2023-05-17T09:38:33","guid":{"rendered":"https:\/\/www.imobiliare.ro\/imoexpert\/?p=66476"},"modified":"2023-05-17T12:38:33","modified_gmt":"2023-05-17T09:38:33","slug":"pretul-locuintelor-in-marile-orase-este-momentul-sa-cumperi","status":"publish","type":"post","link":"https:\/\/www.imobiliare.ro\/imoexpert\/pretul-locuintelor-in-marile-orase-este-momentul-sa-cumperi_db\/","title":{"rendered":"Pre\u021bul locuin\u021belor \u00een marile ora\u0219e. Este momentul s\u0103 cumperi?"},"content":{"rendered":"\n<iframe loading=\"lazy\" style=\"height: 396px!important;\" src=\"https:\/\/www.youtube.com\/embed\/YevDoW4vtek\" title=\"YouTube video player\" allow=\"accelerometer; autoplay; clipboard-write; encrypted-media; gyroscope; picture-in-picture; web-share\" allowfullscreen=\"\" width=\"792\" height=\"396\" frameborder=\"0\"><\/iframe>\n\n\n\n<p>Evolu\u021bia pre\u021burilor apartamentelor a fost contrastant\u0103 \u00een luna aprilie. Anali\u0219tii Imobiliare.ro spun c\u0103 \u00een nici o alt\u0103 lun\u0103 din an pre\u021burile apartamentelor nu au oscilat at\u00e2t de mult. Urm\u0103re\u0219te materialul video pentru a afla unde s-au \u00eenregistrat cele mai mari cre\u0219teri \u0219i sc\u0103deri.<\/p>\n\n\n\n<p><strong>Bucure\u0219ti:<\/strong><\/p>\n\n\n\n<p>Pe tot parcursul lunii aprilie, apartamentele disponibile spre v\u00e2nzare \u00een cel mai mare ora\u0219 al \u021b\u0103rii au cunoscut un u\u0219or declin de -0,5%, de la o medie de 1.507 de euro pe metru p\u0103trat util, p\u00e2n\u0103 la 1.500 de euro pe metru p\u0103trat. Locuin\u021bele din blocurile vechi s-au depreciat cu 0,7%, de la 1.521 de euro pe metru p\u0103trat la 1.510 de euro pe metru p\u0103trat, \u00een vreme ce media de pre\u021b a unit\u0103\u021bilor locative noi a &nbsp;sc\u0103zut cu -1,4%, de la 1.452 de euro pe metru p\u0103trat la 1.432 de euro pe metru p\u0103trat.<\/p>\n\n\n\n<p><strong><a class=\"article-body-links\"href=\"https:\/\/www.imobiliare.ro\/vanzare-apartamente\/bucuresti\" target=\"_blank\" rel=\"noreferrer noopener\">Click pentru a g\u0103si un apartament de v\u00e2nzare \u00een Bucure\u0219ti!<\/a><\/strong><\/p>\n\n\n\n<p><br><strong>Bra\u0219ov:<\/strong><\/p>\n\n\n\n<p>Dup\u0103 avansul de 1,5% din martie, Indicele Imobiliare.ro relev\u0103, pentru Bra\u0219ov, o depreciere \u00een luna aprilie, mai exact -0,4%, de la 1.596 la 1.590 euro pe metru p\u0103trat util. Apartamentele vechi s-au depreciat u\u0219or, cu 0,1%, de la 1.531 la 1.529 de euro pe metru p\u0103trat util. Pe de alt\u0103 parte, locuin\u021bele nou-construite din Bra\u0219ov s-au scumpit cu 1,9%, de la 1.857 la 1.892 de euro pe metru p\u0103trat.<\/p>\n\n\n\n<p><strong><a class=\"article-body-links\"href=\"https:\/\/www.imobiliare.ro\/vanzare-apartamente\/brasov\" target=\"_blank\" rel=\"noreferrer noopener\">Vezi care sunt apartamentele oferite spre v\u00e2nzare \u00een Bra\u0219ov!<\/a><\/strong><\/p>\n\n\n\n<p><strong>Cluj-Napoca:<\/strong><\/p>\n\n\n\n<p>Cluj-Napoca a fost caracterizat, luna trecut\u0103, de o evolu\u021bie ascendent\u0103 a pre\u021burilor apartamentelor: preten\u021biile v\u00e2nz\u0103torilor s-au majorat, per ansamblu, cu 1%, ajung\u00e2nd la o medie de 2.421 de euro pe metru p\u0103trat util (fa\u021b\u0103 de 2.396 euro pe metru p\u0103trat la finele lui martie). Valoarea medie a locuin\u021belor din blocurile vechi a ajuns la 2.400 de euro pe metru p\u0103trat (de la 2.370 de euro pe metru p\u0103trat, reprezent\u00e2nd un plus de 1,3%), \u00een vreme ce pe pia\u021ba reziden\u021bial\u0103 nou\u0103 a avut loc un avans u\u0219or de 0,1% (de la 2.540 la 2.543 de euro pe metru p\u0103trat).<\/p>\n\n\n\n<p><strong><a class=\"article-body-links\"href=\"https:\/\/www.imobiliare.ro\/vanzare-apartamente\/cluj-napoca?cq_src=google_ads&amp;cq_cmp=19498160125&amp;cq_term=&amp;cq_plac=&amp;cq_net=x&amp;cq_plt=gp&amp;gclid=CjwKCAiA_6yfBhBNEiwAkmXy5_fG-YvBDcRcqXWs-t9bT_bkWIg9dCgZXDf9kC-CkFiOHqUapSw0ghoCXYEQAvD_BwE\" target=\"_blank\" rel=\"noreferrer noopener\">Vezi apartamente oferite spre v\u00e2nzare \u00een Cluj-Napoca!<\/a><\/strong><\/p>\n\n\n\n<p><strong>Constan\u021ba:<\/strong><strong>&nbsp;<\/strong><\/p>\n\n\n\n<p>Respect\u00e2nd scenariul din luna martie, c\u00e2nd pre\u021burile apartamentelor disponibile spre v\u00e2nzare au crescut u\u0219or, \u00een luna aprilie pre\u021burile au crescut cu 0,3%, de la 1.465 la 1.469 de euro pe metru p\u0103trat util. Pe cele dou\u0103 segmente de pia\u021b\u0103 analizate au fost consemnate evolu\u021bii diferite: apartamentele vechi s-au scumpit cu 0,6% (de la 1.446 la 1.454 de euro pe metru p\u0103trat), \u00een vreme ce unit\u0103\u021bile locative nou-construite au consemnat o depreciere de -2,8%, ajung\u00e2nd s\u0103 coste 1.580 de euro pe metru p\u0103trat.<\/p>\n\n\n\n<p><strong><a class=\"article-body-links\"href=\"https:\/\/www.imobiliare.ro\/vanzare-apartamente\/constanta\">Vezi apartamentele oferite spre v\u00e2nzare din Constan\u021ba!<\/a><\/strong><\/p>\n\n\n\n<p><strong>Ia\u0219i:<\/strong><\/p>\n\n\n\n<p>Indicele Imobiliare.ro a consemnat \u00een Ia\u0219i o evolu\u021bie pozitiv\u0103 pe luna aprilie: este vorba despre un plus de 0,5%, de la o medie de 1.369 de euro pe metru p\u0103trat util la 1.376 de euro pe metru p\u0103trat. \u00cen ultimele 30 de zile, locuin\u021bele din blocurile vechi ale Ia\u0219iului au consemnat o sc\u0103dere, de doar -0,4%, de la 1.374 la 1.369 de euro pe metru p\u0103trat. Apartamentele nou-construite, pe de alt\u0103 parte, s-au scumpit \u00een acest interval cu 2%, de la 1.358 la 1.385 de euro pe metru p\u0103trat.<\/p>\n\n\n\n<p><strong><a class=\"article-body-links\"href=\"https:\/\/www.imobiliare.ro\/vanzare-apartamente\/iasi\">Vezi apartamentele oferite spre v\u00e2nzare din Ia\u0219i!<\/a><\/strong><\/p>\n\n\n\n<p><strong>Timi\u0219oara:<\/strong><\/p>\n\n\n\n<p>De\u0219i \u00een ceea ce prive\u0219te evolu\u021bia valorii medie, vorbim mai degrab\u0103 de o stagnare, fiind vorba despre o trecere de la o medie de 1.465 de euro pe metru p\u0103trat util, la 1.464 de euro pe metru p\u0103trat, se remarc\u0103 o cre\u0219tere important\u0103 pe segmentul nou. Cu +2.2% \u00een luna aprilie, Timi\u0219oara este ora\u0219ul \u00een care pre\u021burile apartamentelor noi au crescut cel mai mult. &nbsp;Cele dou\u0103 segmente de pia\u021b\u0103 analizate au fost caracterizate prin evolu\u021bii contrastante: locuin\u021bele vechi s-au ieftinit cu 2 euro pe mp (de la 1.446 la 1.444 de euro pe metru p\u0103trat), \u00een vreme ce unit\u0103\u021bile locative nou-construite s-au scumpit de la 1.544 la 1.578 de euro pe metru p\u0103trat.<\/p>\n\n\n\n<p><a class=\"article-body-links\"href=\"https:\/\/www.imobiliare.ro\/vanzare-apartamente\/timisoara\"><strong>Vezi apartamentele oferite spre v\u00e2nzare din Timi\u0219oara!<\/strong><\/a><\/p>\n\n\n\n<p><strong>Sibiu, Oradea, Craiova, Ploie\u0219ti:<\/strong><\/p>\n\n\n\n<p>\u00cen luna aprilie, a\u0219tept\u0103rile v\u00e2nz\u0103torilor de apartamente din Sibiu au ajuns la o medie de 1.425 de euro pe metru p\u0103trat util, ceea ce reprezint\u0103 o cre\u0219tere \u00een cuantum de 1,1% fa\u021b\u0103 de finele lui martie. Comparativ cu luna aprilie 2022, apartamentele din acest centru regional se situeaz\u0103 la o diferen\u021b\u0103 de 4,5% (fa\u021b\u0103 de o valoare de 1.363 euro pe metru p\u0103trat util). \u00cen aprilie 2023, comparativ cu luna anterioar\u0103, Indicele Imobiliare.ro a \u00eenregistrat \u00een Oradea un declin al pre\u021burilor apartamentelor, \u00een valoare de 0.4%, pre\u021burile ajung\u00e2nd la o medie de 1.337 de euro pe metru p\u0103trat.&nbsp; \u00cen ceea ce prive\u0219te marja de cre\u0219tere anual\u0103 a pre\u021burilor, acest centru regional a \u00eenregistrat un avans de 5,3%.<\/p>\n\n\n\n<p>Pe de alt\u0103 parte, \u00cen Craiova, suma medie solicitat\u0103 pentru un apartament a sc\u0103zut cu -1,1% pe parcursul lunii aprilie (de la 1.474 la 1.458 de euro pe metru p\u0103trat util) \u0219i s-a majorat cu 1,9% la 12 luni (de la 1.431 euro pe metru p\u0103trat util). \u00cen cele din urm\u0103, \u00een Ploie\u0219ti, apartamentele au atins o medie de 1.062 de euro pe metru p\u0103trat \u00een aprilie 2023, \u00een sc\u0103dere cu -0,5% fa\u021b\u0103 de martie (de la 1.067 de euro pe metru p\u0103trat) \u0219i respectiv, \u00een cre\u0219tere cu 6,2% fa\u021b\u0103 de aprilie 2022 (c\u00e2nd se situau la 1.000 de euro pe metru p\u0103trat).<\/p>\n","protected":false},"excerpt":{"rendered":"<p>Evolu\u021bia pre\u021burilor apartamentelor a fost contrastant\u0103 \u00een luna aprilie. Anali\u0219tii Imobiliare.ro spun c\u0103 \u00een nici o alt\u0103 lun\u0103 din an pre\u021burile apartamentelor nu au oscilat at\u00e2t de mult. Urm\u0103re\u0219te materialul video pentru a afla unde s-au \u00eenregistrat cele mai mari cre\u0219teri \u0219i sc\u0103deri. Bucure\u0219ti: Pe tot parcursul lunii aprilie, apartamentele disponibile spre v\u00e2nzare \u00een cel [&hellip;]<\/p>\n","protected":false},"author":842160,"featured_media":66477,"comment_status":"open","ping_status":"open","sticky":true,"template":"","format":"standard","meta":{"footnotes":""},"categories":[259,2455],"tags":[],"content_author":[],"class_list":["post-66476","post","type-post","status-publish","format-standard","has-post-thumbnail","hentry","category-stiri","category-video"],"yoast_head":"<!-- This site is optimized with the Yoast SEO Premium plugin v27.0 (Yoast SEO v27.0) - https:\/\/yoast.com\/product\/yoast-seo-premium-wordpress\/ -->\n<title>Pre\u021bul locuin\u021belor \u00een marile ora\u0219e. Este momentul s\u0103 cumperi? - \u0218tiri, Video - ImoExpert<\/title>\n<meta name=\"description\" content=\"Evolu\u021bia pre\u021burilor apartamentelor a fost contrastant\u0103 \u00een luna aprilie. Anali\u0219tii Imobiliare.ro spun c\u0103 \u00een nici o alt\u0103 lun\u0103 din an pre\u021burile\" \/>\n<meta name=\"robots\" content=\"index, follow\" \/>\n<link rel=\"canonical\" href=\"https:\/\/www.imobiliare.ro\/imoexpert\/pretul-locuintelor-in-marile-orase-este-momentul-sa-cumperi_db\/\" \/>\n<meta property=\"og:locale\" content=\"ro_RO\" \/>\n<meta property=\"og:type\" content=\"article\" \/>\n<meta property=\"og:title\" content=\"Pre\u021bul locuin\u021belor \u00een marile ora\u0219e. Este momentul s\u0103 cumperi?\" \/>\n<meta property=\"og:description\" content=\"Evolu\u021bia pre\u021burilor apartamentelor a fost contrastant\u0103 \u00een luna aprilie. Anali\u0219tii Imobiliare.ro spun c\u0103 \u00een nici o alt\u0103 lun\u0103 din an pre\u021burile\" \/>\n<meta property=\"og:url\" content=\"https:\/\/www.imobiliare.ro\/imoexpert\/pretul-locuintelor-in-marile-orase-este-momentul-sa-cumperi_db\/\" \/>\n<meta property=\"og:site_name\" content=\"ImoExpert\" \/>\n<meta property=\"article:author\" content=\"https:\/\/www.facebook.com\/AlexandraGabita\" \/>\n<meta property=\"article:published_time\" content=\"2023-05-17T09:38:33+00:00\" \/>\n<meta property=\"og:image\" content=\"https:\/\/www.imobiliare.ro\/imoexpert\/wp-content\/uploads\/2023\/05\/imobiliare.ro-newsletter-seeker-weekly-youtube-thumbnail-600x315-13.png\" \/>\n\t<meta property=\"og:image:width\" content=\"600\" \/>\n\t<meta property=\"og:image:height\" content=\"315\" \/>\n\t<meta property=\"og:image:type\" content=\"image\/png\" \/>\n<meta name=\"author\" content=\"Alexandra Manolache\" \/>\n<meta name=\"twitter:card\" content=\"summary_large_image\" \/>\n<meta name=\"twitter:label1\" content=\"Written by\" \/>\n\t<meta name=\"twitter:data1\" content=\"Alexandra Manolache\" \/>\n<script type=\"application\/ld+json\" class=\"yoast-schema-graph\">{\"@context\":\"https:\/\/schema.org\",\"@graph\":[{\"@type\":\"Article\",\"@id\":\"https:\/\/www.imobiliare.ro\/imoexpert\/pretul-locuintelor-in-marile-orase-este-momentul-sa-cumperi_db\/#article\",\"isPartOf\":{\"@id\":\"https:\/\/www.imobiliare.ro\/imoexpert\/pretul-locuintelor-in-marile-orase-este-momentul-sa-cumperi_db\/\"},\"author\":{\"name\":\"Alexandra Manolache\",\"@id\":\"https:\/\/www.imobiliare.ro\/imoexpert\/#\/schema\/person\/f3350e4786cf9f97888b908d7a00105c\"},\"headline\":\"Pre\u021bul locuin\u021belor \u00een marile ora\u0219e. Este momentul s\u0103 cumperi?\",\"datePublished\":\"2023-05-17T09:38:33+00:00\",\"mainEntityOfPage\":{\"@id\":\"https:\/\/www.imobiliare.ro\/imoexpert\/pretul-locuintelor-in-marile-orase-este-momentul-sa-cumperi_db\/\"},\"wordCount\":938,\"commentCount\":1,\"publisher\":{\"@id\":\"https:\/\/www.imobiliare.ro\/imoexpert\/#organization\"},\"image\":{\"@id\":\"https:\/\/www.imobiliare.ro\/imoexpert\/pretul-locuintelor-in-marile-orase-este-momentul-sa-cumperi_db\/#primaryimage\"},\"thumbnailUrl\":\"https:\/\/www.imobiliare.ro\/imoexpert\/wp-content\/uploads\/2023\/05\/imobiliare.ro-newsletter-seeker-weekly-youtube-thumbnail-600x315-13.png\",\"articleSection\":[\"\u0218tiri\",\"Video\"],\"inLanguage\":\"en\",\"potentialAction\":[{\"@type\":\"CommentAction\",\"name\":\"Comment\",\"target\":[\"https:\/\/www.imobiliare.ro\/imoexpert\/pretul-locuintelor-in-marile-orase-este-momentul-sa-cumperi_db\/#respond\"]}],\"copyrightYear\":\"2023\",\"copyrightHolder\":{\"@id\":\"https:\/\/www.imobiliare.ro\/imoexpert\/#organization\"}},{\"@type\":\"WebPage\",\"@id\":\"https:\/\/www.imobiliare.ro\/imoexpert\/pretul-locuintelor-in-marile-orase-este-momentul-sa-cumperi_db\/\",\"url\":\"https:\/\/www.imobiliare.ro\/imoexpert\/pretul-locuintelor-in-marile-orase-este-momentul-sa-cumperi_db\/\",\"name\":\"Pre\u021bul locuin\u021belor \u00een marile ora\u0219e. Este momentul s\u0103 cumperi? - \u0218tiri, Video - ImoExpert\",\"isPartOf\":{\"@id\":\"https:\/\/www.imobiliare.ro\/imoexpert\/#website\"},\"primaryImageOfPage\":{\"@id\":\"https:\/\/www.imobiliare.ro\/imoexpert\/pretul-locuintelor-in-marile-orase-este-momentul-sa-cumperi_db\/#primaryimage\"},\"image\":{\"@id\":\"https:\/\/www.imobiliare.ro\/imoexpert\/pretul-locuintelor-in-marile-orase-este-momentul-sa-cumperi_db\/#primaryimage\"},\"thumbnailUrl\":\"https:\/\/www.imobiliare.ro\/imoexpert\/wp-content\/uploads\/2023\/05\/imobiliare.ro-newsletter-seeker-weekly-youtube-thumbnail-600x315-13.png\",\"datePublished\":\"2023-05-17T09:38:33+00:00\",\"description\":\"Evolu\u021bia pre\u021burilor apartamentelor a fost contrastant\u0103 \u00een luna aprilie. Anali\u0219tii Imobiliare.ro spun c\u0103 \u00een nici o alt\u0103 lun\u0103 din an pre\u021burile\",\"breadcrumb\":{\"@id\":\"https:\/\/www.imobiliare.ro\/imoexpert\/pretul-locuintelor-in-marile-orase-este-momentul-sa-cumperi_db\/#breadcrumb\"},\"inLanguage\":\"en\",\"potentialAction\":[{\"@type\":\"ReadAction\",\"target\":[\"https:\/\/www.imobiliare.ro\/imoexpert\/pretul-locuintelor-in-marile-orase-este-momentul-sa-cumperi_db\/\"]}]},{\"@type\":\"ImageObject\",\"inLanguage\":\"en\",\"@id\":\"https:\/\/www.imobiliare.ro\/imoexpert\/pretul-locuintelor-in-marile-orase-este-momentul-sa-cumperi_db\/#primaryimage\",\"url\":\"https:\/\/www.imobiliare.ro\/imoexpert\/wp-content\/uploads\/2023\/05\/imobiliare.ro-newsletter-seeker-weekly-youtube-thumbnail-600x315-13.png\",\"contentUrl\":\"https:\/\/www.imobiliare.ro\/imoexpert\/wp-content\/uploads\/2023\/05\/imobiliare.ro-newsletter-seeker-weekly-youtube-thumbnail-600x315-13.png\",\"width\":600,\"height\":315},{\"@type\":\"BreadcrumbList\",\"@id\":\"https:\/\/www.imobiliare.ro\/imoexpert\/pretul-locuintelor-in-marile-orase-este-momentul-sa-cumperi_db\/#breadcrumb\",\"itemListElement\":[{\"@type\":\"ListItem\",\"position\":1,\"name\":\"Imoradar24\",\"item\":\"https:\/\/www.imoradar24.ro\"},{\"@type\":\"ListItem\",\"position\":2,\"name\":\"ImoExpert\",\"item\":\"https:\/\/www.imobiliare.ro\/imoexpert\/\"},{\"@type\":\"ListItem\",\"position\":3,\"name\":\"\u0218tiri\",\"item\":\"https:\/\/www.imobiliare.ro\/imoexpert\/stiri\/\"},{\"@type\":\"ListItem\",\"position\":4,\"name\":\"Pre\u021bul locuin\u021belor \u00een marile ora\u0219e. Este momentul s\u0103 cumperi?\"}]},{\"@type\":\"WebSite\",\"@id\":\"https:\/\/www.imobiliare.ro\/imoexpert\/#website\",\"url\":\"https:\/\/www.imobiliare.ro\/imoexpert\/\",\"name\":\"ImoExpert\",\"description\":\"cele mai importante \u015ftiri din domeniul imobiliar\",\"publisher\":{\"@id\":\"https:\/\/www.imobiliare.ro\/imoexpert\/#organization\"},\"inLanguage\":\"en\"},{\"@type\":\"Organization\",\"@id\":\"https:\/\/www.imobiliare.ro\/imoexpert\/#organization\",\"name\":\"Imobiliare.ro\",\"alternateName\":\"Realmedia Network SA\",\"url\":\"https:\/\/www.imobiliare.ro\/imoexpert\/\",\"logo\":{\"@type\":\"ImageObject\",\"inLanguage\":\"en\",\"@id\":\"https:\/\/www.imobiliare.ro\/imoexpert\/#\/schema\/logo\/image\/\",\"url\":\"https:\/\/www.imobiliare.ro\/imoexpert\/wp-content\/uploads\/2025\/05\/imobiliare_logo.png\",\"contentUrl\":\"https:\/\/www.imobiliare.ro\/imoexpert\/wp-content\/uploads\/2025\/05\/imobiliare_logo.png\",\"width\":237,\"height\":29,\"caption\":\"Imobiliare.ro\"},\"image\":{\"@id\":\"https:\/\/www.imobiliare.ro\/imoexpert\/#\/schema\/logo\/image\/\"}},{\"@type\":\"Person\",\"@id\":\"https:\/\/www.imobiliare.ro\/imoexpert\/#\/schema\/person\/f3350e4786cf9f97888b908d7a00105c\",\"name\":\"Alexandra Manolache\",\"image\":{\"@type\":\"ImageObject\",\"inLanguage\":\"en\",\"@id\":\"https:\/\/www.imobiliare.ro\/imoexpert\/#\/schema\/person\/image\/\",\"url\":\"https:\/\/www.imobiliare.ro\/imoexpert\/wp-content\/uploads\/2026\/02\/cropped-chatgpt-image-jan-26-2026-11-50-59-am-96x96.png\",\"contentUrl\":\"https:\/\/www.imobiliare.ro\/imoexpert\/wp-content\/uploads\/2026\/02\/cropped-chatgpt-image-jan-26-2026-11-50-59-am-96x96.png\",\"caption\":\"Alexandra Manolache\"},\"description\":\"Alexandra G\u0103bi\u021ba Manolache este Brand Manager la Imobiliare.ro. Absolvent\u0103 a Facult\u0103\u021bii de Cibernetic\u0103, Statistic\u0103 \u0219i Informatic\u0103 Economic\u0103 (FEAA Timi\u0219oara), vine cu o baz\u0103 solid\u0103 \u00een digital \u0219i economie \u0219i o experien\u021b\u0103 de 9 ani \u00een digital marketing. A contribuit ca editor la \u0219ase edi\u021bii ale raportului trimestrial Market 360 \u0219i semneaz\u0103 articole pe blogul Imobiliare.ro, unde explic\u0103 tendin\u021be \u0219i ofer\u0103 perspective aplicate asupra real estate-ului.\",\"sameAs\":[\"https:\/\/alexandra-manolache.com\/\",\"https:\/\/www.facebook.com\/AlexandraGabita\",\"https:\/\/www.instagram.com\/alexandragabita\/\",\"https:\/\/www.linkedin.com\/in\/alexandra-gabita-manolache\/\",\"https:\/\/www.youtube.com\/channel\/UCAqYKF7H8sJ0n55YF97Lz5g\"],\"jobTitle\":\"Brand Manager\",\"url\":\"https:\/\/www.imobiliare.ro\/imoexpert\/author\/alexandra-manolache\/\"}]}<\/script>\n<!-- \/ Yoast SEO Premium plugin. -->","yoast_head_json":{"title":"Pre\u021bul locuin\u021belor \u00een marile ora\u0219e. Este momentul s\u0103 cumperi? - \u0218tiri, Video - ImoExpert","description":"Evolu\u021bia pre\u021burilor apartamentelor a fost contrastant\u0103 \u00een luna aprilie. Anali\u0219tii Imobiliare.ro spun c\u0103 \u00een nici o alt\u0103 lun\u0103 din an pre\u021burile","robots":{"index":"index","follow":"follow"},"canonical":"https:\/\/www.imobiliare.ro\/imoexpert\/pretul-locuintelor-in-marile-orase-este-momentul-sa-cumperi_db\/","og_locale":"ro_RO","og_type":"article","og_title":"Pre\u021bul locuin\u021belor \u00een marile ora\u0219e. Este momentul s\u0103 cumperi?","og_description":"Evolu\u021bia pre\u021burilor apartamentelor a fost contrastant\u0103 \u00een luna aprilie. Anali\u0219tii Imobiliare.ro spun c\u0103 \u00een nici o alt\u0103 lun\u0103 din an pre\u021burile","og_url":"https:\/\/www.imobiliare.ro\/imoexpert\/pretul-locuintelor-in-marile-orase-este-momentul-sa-cumperi_db\/","og_site_name":"ImoExpert","article_author":"https:\/\/www.facebook.com\/AlexandraGabita","article_published_time":"2023-05-17T09:38:33+00:00","og_image":[{"width":600,"height":315,"url":"https:\/\/www.imobiliare.ro\/imoexpert\/wp-content\/uploads\/2023\/05\/imobiliare.ro-newsletter-seeker-weekly-youtube-thumbnail-600x315-13.png","type":"image\/png"}],"author":"Alexandra Manolache","twitter_card":"summary_large_image","twitter_misc":{"Written by":"Alexandra Manolache"},"schema":{"@context":"https:\/\/schema.org","@graph":[{"@type":"Article","@id":"https:\/\/www.imobiliare.ro\/imoexpert\/pretul-locuintelor-in-marile-orase-este-momentul-sa-cumperi_db\/#article","isPartOf":{"@id":"https:\/\/www.imobiliare.ro\/imoexpert\/pretul-locuintelor-in-marile-orase-este-momentul-sa-cumperi_db\/"},"author":{"name":"Alexandra Manolache","@id":"https:\/\/www.imobiliare.ro\/imoexpert\/#\/schema\/person\/f3350e4786cf9f97888b908d7a00105c"},"headline":"Pre\u021bul locuin\u021belor \u00een marile ora\u0219e. Este momentul s\u0103 cumperi?","datePublished":"2023-05-17T09:38:33+00:00","mainEntityOfPage":{"@id":"https:\/\/www.imobiliare.ro\/imoexpert\/pretul-locuintelor-in-marile-orase-este-momentul-sa-cumperi_db\/"},"wordCount":938,"commentCount":1,"publisher":{"@id":"https:\/\/www.imobiliare.ro\/imoexpert\/#organization"},"image":{"@id":"https:\/\/www.imobiliare.ro\/imoexpert\/pretul-locuintelor-in-marile-orase-este-momentul-sa-cumperi_db\/#primaryimage"},"thumbnailUrl":"https:\/\/www.imobiliare.ro\/imoexpert\/wp-content\/uploads\/2023\/05\/imobiliare.ro-newsletter-seeker-weekly-youtube-thumbnail-600x315-13.png","articleSection":["\u0218tiri","Video"],"inLanguage":"en","potentialAction":[{"@type":"CommentAction","name":"Comment","target":["https:\/\/www.imobiliare.ro\/imoexpert\/pretul-locuintelor-in-marile-orase-este-momentul-sa-cumperi_db\/#respond"]}],"copyrightYear":"2023","copyrightHolder":{"@id":"https:\/\/www.imobiliare.ro\/imoexpert\/#organization"}},{"@type":"WebPage","@id":"https:\/\/www.imobiliare.ro\/imoexpert\/pretul-locuintelor-in-marile-orase-este-momentul-sa-cumperi_db\/","url":"https:\/\/www.imobiliare.ro\/imoexpert\/pretul-locuintelor-in-marile-orase-este-momentul-sa-cumperi_db\/","name":"Pre\u021bul locuin\u021belor \u00een marile ora\u0219e. Este momentul s\u0103 cumperi? - \u0218tiri, Video - ImoExpert","isPartOf":{"@id":"https:\/\/www.imobiliare.ro\/imoexpert\/#website"},"primaryImageOfPage":{"@id":"https:\/\/www.imobiliare.ro\/imoexpert\/pretul-locuintelor-in-marile-orase-este-momentul-sa-cumperi_db\/#primaryimage"},"image":{"@id":"https:\/\/www.imobiliare.ro\/imoexpert\/pretul-locuintelor-in-marile-orase-este-momentul-sa-cumperi_db\/#primaryimage"},"thumbnailUrl":"https:\/\/www.imobiliare.ro\/imoexpert\/wp-content\/uploads\/2023\/05\/imobiliare.ro-newsletter-seeker-weekly-youtube-thumbnail-600x315-13.png","datePublished":"2023-05-17T09:38:33+00:00","description":"Evolu\u021bia pre\u021burilor apartamentelor a fost contrastant\u0103 \u00een luna aprilie. Anali\u0219tii Imobiliare.ro spun c\u0103 \u00een nici o alt\u0103 lun\u0103 din an pre\u021burile","breadcrumb":{"@id":"https:\/\/www.imobiliare.ro\/imoexpert\/pretul-locuintelor-in-marile-orase-este-momentul-sa-cumperi_db\/#breadcrumb"},"inLanguage":"en","potentialAction":[{"@type":"ReadAction","target":["https:\/\/www.imobiliare.ro\/imoexpert\/pretul-locuintelor-in-marile-orase-este-momentul-sa-cumperi_db\/"]}]},{"@type":"ImageObject","inLanguage":"en","@id":"https:\/\/www.imobiliare.ro\/imoexpert\/pretul-locuintelor-in-marile-orase-este-momentul-sa-cumperi_db\/#primaryimage","url":"https:\/\/www.imobiliare.ro\/imoexpert\/wp-content\/uploads\/2023\/05\/imobiliare.ro-newsletter-seeker-weekly-youtube-thumbnail-600x315-13.png","contentUrl":"https:\/\/www.imobiliare.ro\/imoexpert\/wp-content\/uploads\/2023\/05\/imobiliare.ro-newsletter-seeker-weekly-youtube-thumbnail-600x315-13.png","width":600,"height":315},{"@type":"BreadcrumbList","@id":"https:\/\/www.imobiliare.ro\/imoexpert\/pretul-locuintelor-in-marile-orase-este-momentul-sa-cumperi_db\/#breadcrumb","itemListElement":[{"@type":"ListItem","position":1,"name":"Imoradar24","item":"https:\/\/www.imoradar24.ro"},{"@type":"ListItem","position":2,"name":"ImoExpert","item":"https:\/\/www.imobiliare.ro\/imoexpert\/"},{"@type":"ListItem","position":3,"name":"\u0218tiri","item":"https:\/\/www.imobiliare.ro\/imoexpert\/stiri\/"},{"@type":"ListItem","position":4,"name":"Pre\u021bul locuin\u021belor \u00een marile ora\u0219e. Este momentul s\u0103 cumperi?"}]},{"@type":"WebSite","@id":"https:\/\/www.imobiliare.ro\/imoexpert\/#website","url":"https:\/\/www.imobiliare.ro\/imoexpert\/","name":"ImoExpert","description":"cele mai importante \u015ftiri din domeniul imobiliar","publisher":{"@id":"https:\/\/www.imobiliare.ro\/imoexpert\/#organization"},"inLanguage":"en"},{"@type":"Organization","@id":"https:\/\/www.imobiliare.ro\/imoexpert\/#organization","name":"Imobiliare.ro","alternateName":"Realmedia Network SA","url":"https:\/\/www.imobiliare.ro\/imoexpert\/","logo":{"@type":"ImageObject","inLanguage":"en","@id":"https:\/\/www.imobiliare.ro\/imoexpert\/#\/schema\/logo\/image\/","url":"https:\/\/www.imobiliare.ro\/imoexpert\/wp-content\/uploads\/2025\/05\/imobiliare_logo.png","contentUrl":"https:\/\/www.imobiliare.ro\/imoexpert\/wp-content\/uploads\/2025\/05\/imobiliare_logo.png","width":237,"height":29,"caption":"Imobiliare.ro"},"image":{"@id":"https:\/\/www.imobiliare.ro\/imoexpert\/#\/schema\/logo\/image\/"}},{"@type":"Person","@id":"https:\/\/www.imobiliare.ro\/imoexpert\/#\/schema\/person\/f3350e4786cf9f97888b908d7a00105c","name":"Alexandra Manolache","image":{"@type":"ImageObject","inLanguage":"en","@id":"https:\/\/www.imobiliare.ro\/imoexpert\/#\/schema\/person\/image\/","url":"https:\/\/www.imobiliare.ro\/imoexpert\/wp-content\/uploads\/2026\/02\/cropped-chatgpt-image-jan-26-2026-11-50-59-am-96x96.png","contentUrl":"https:\/\/www.imobiliare.ro\/imoexpert\/wp-content\/uploads\/2026\/02\/cropped-chatgpt-image-jan-26-2026-11-50-59-am-96x96.png","caption":"Alexandra Manolache"},"description":"Alexandra G\u0103bi\u021ba Manolache este Brand Manager la Imobiliare.ro. Absolvent\u0103 a Facult\u0103\u021bii de Cibernetic\u0103, Statistic\u0103 \u0219i Informatic\u0103 Economic\u0103 (FEAA Timi\u0219oara), vine cu o baz\u0103 solid\u0103 \u00een digital \u0219i economie \u0219i o experien\u021b\u0103 de 9 ani \u00een digital marketing. A contribuit ca editor la \u0219ase edi\u021bii ale raportului trimestrial Market 360 \u0219i semneaz\u0103 articole pe blogul Imobiliare.ro, unde explic\u0103 tendin\u021be \u0219i ofer\u0103 perspective aplicate asupra real estate-ului.","sameAs":["https:\/\/alexandra-manolache.com\/","https:\/\/www.facebook.com\/AlexandraGabita","https:\/\/www.instagram.com\/alexandragabita\/","https:\/\/www.linkedin.com\/in\/alexandra-gabita-manolache\/","https:\/\/www.youtube.com\/channel\/UCAqYKF7H8sJ0n55YF97Lz5g"],"jobTitle":"Brand Manager","url":"https:\/\/www.imobiliare.ro\/imoexpert\/author\/alexandra-manolache\/"}]}},"_links":{"self":[{"href":"https:\/\/www.imobiliare.ro\/imoexpert\/wp-json\/wp\/v2\/posts\/66476","targetHints":{"allow":["GET"]}}],"collection":[{"href":"https:\/\/www.imobiliare.ro\/imoexpert\/wp-json\/wp\/v2\/posts"}],"about":[{"href":"https:\/\/www.imobiliare.ro\/imoexpert\/wp-json\/wp\/v2\/types\/post"}],"author":[{"embeddable":true,"href":"https:\/\/www.imobiliare.ro\/imoexpert\/wp-json\/wp\/v2\/users\/842160"}],"replies":[{"embeddable":true,"href":"https:\/\/www.imobiliare.ro\/imoexpert\/wp-json\/wp\/v2\/comments?post=66476"}],"version-history":[{"count":0,"href":"https:\/\/www.imobiliare.ro\/imoexpert\/wp-json\/wp\/v2\/posts\/66476\/revisions"}],"wp:featuredmedia":[{"embeddable":true,"href":"https:\/\/www.imobiliare.ro\/imoexpert\/wp-json\/wp\/v2\/media\/66477"}],"wp:attachment":[{"href":"https:\/\/www.imobiliare.ro\/imoexpert\/wp-json\/wp\/v2\/media?parent=66476"}],"wp:term":[{"taxonomy":"category","embeddable":true,"href":"https:\/\/www.imobiliare.ro\/imoexpert\/wp-json\/wp\/v2\/categories?post=66476"},{"taxonomy":"post_tag","embeddable":true,"href":"https:\/\/www.imobiliare.ro\/imoexpert\/wp-json\/wp\/v2\/tags?post=66476"},{"taxonomy":"content_author","embeddable":true,"href":"https:\/\/www.imobiliare.ro\/imoexpert\/wp-json\/wp\/v2\/content_author?post=66476"}],"curies":[{"name":"wp","href":"https:\/\/api.w.org\/{rel}","templated":true}]}}