{"id":66507,"date":"2023-05-29T15:49:05","date_gmt":"2023-05-29T12:49:05","guid":{"rendered":"https:\/\/www.imobiliare.ro\/imoexpert\/?p=66507"},"modified":"2023-05-29T15:49:05","modified_gmt":"2023-05-29T12:49:05","slug":"cat-costa-o-garsoniera-in-marile-orase-din-tara-in-mai-2023","status":"publish","type":"post","link":"https:\/\/www.imobiliare.ro\/imoexpert\/cat-costa-o-garsoniera-in-marile-orase-din-tara-in-mai-2023_db\/","title":{"rendered":"C\u00e2t cost\u0103 o garsonier\u0103 \u00een marile ora\u0219e din \u021bar\u0103 \u00een luna mai 2023?"},"content":{"rendered":"<div class=\"wp-block-image\">\n<figure class=\"aligncenter size-large\"><img loading=\"lazy\" decoding=\"async\" width=\"1024\" height=\"576\" src=\"https:\/\/www.imobiliare.ro\/imoexpert\/wp-content\/uploads\/2023\/05\/cover-2-7-1024x576.png\" alt=\"\" class=\"wp-image-66508\" srcset=\"https:\/\/www.imobiliare.ro\/imoexpert\/wp-content\/uploads\/2023\/05\/cover-2-7-1024x576.png 1024w, https:\/\/www.imobiliare.ro\/imoexpert\/wp-content\/uploads\/2023\/05\/cover-2-7-300x169.png 300w, https:\/\/www.imobiliare.ro\/imoexpert\/wp-content\/uploads\/2023\/05\/cover-2-7-768x432.png 768w, https:\/\/www.imobiliare.ro\/imoexpert\/wp-content\/uploads\/2023\/05\/cover-2-7.png 1200w\" sizes=\"auto, (max-width: 1024px) 100vw, 1024px\" \/><\/figure>\n<\/div>\n\n\n<p>Pe parcursul lunii mai, chiria medie pentru o garsonier\u0103 din cele mai mari centre regionale din \u021bar\u0103 a variat \u00eentre 220 de euro \u0219i 300 de euro. Pentru apartamentele de dou\u0103 camere, costul mediu s-a situat \u00eentre 350 de euro (\u00een Timi\u0219oara) \u0219i 460 de euro (\u00een Capital\u0103 \u0219i Cluj-Napoca), \u00een timp ce pentru cele de trei camere, pre\u021burile medii au oscilat \u00eentre 400 de euro \u0219i 640 de euro.<\/p>\n\n\n\n<p>\u00cen <strong><a class=\"article-body-links\"href=\"https:\/\/www.imobiliare.ro\/inchirieri-apartamente\/bucuresti\" target=\"_blank\" rel=\"noreferrer noopener\">Bucure\u0219ti<\/a><\/strong>, a\u0219tept\u0103rile proprietarilor ajung la 300 de euro pe lun\u0103 pentru o garsonier\u0103, la 460 de euro pe lun\u0103 pentru un apartament cu dou\u0103 camere \u0219i la 640 de euro pe lun\u0103 pentru o locuin\u021b\u0103 cu tricameral\u0103. Cea mai semnificativ\u0103 evolu\u021bie anual\u0103 a pre\u021burilor apartamentelor de \u00eenchiriat s-au \u00eenregistrat \u00een categoria apartamentelor cu dou\u0103 camere (+10,5%).<\/p>\n\n\n\n<p>\u00cen <strong><a class=\"article-body-links\"href=\"https:\/\/www.imobiliare.ro\/inchirieri-apartamente\/brasov\" target=\"_blank\" rel=\"noreferrer noopener\">Bra\u0219ov<\/a><\/strong>, chiriile se situeaz\u0103 la un nivel mediu de 280 de euro pe lun\u0103 pentru o garsonier\u0103, 400 de euro pe lun\u0103 pentru un apartament cu dou\u0103 camere \u0219i 550 de euro pe lun\u0103 pentru o locuin\u021b\u0103 cu trei camere. Pre\u021burile apartamentelor cu trei camere din acest centru regional se remarc\u0103 printr-o evolu\u021bie anual\u0103 de 14,8%.<\/p>\n\n\n\n<p>\u00cen <strong><a class=\"article-body-links\"href=\"https:\/\/www.imobiliare.ro\/inchirieri-apartamente\/cluj-napoca\" target=\"_blank\" rel=\"noreferrer noopener\">Cluj-Napoca<\/a><\/strong>, pre\u021burile solicitate au stagnat la 300 de euro pe lun\u0103 pentru o garsonier\u0103, 460 de euro pe lun\u0103 pentru un apartament cu dou\u0103 camere \u0219i 599 de euro pe lun\u0103 pentru trei camere. Cea mai semnificativ\u0103 evolu\u021bie anual\u0103 a pre\u021burilor apartamentelor de \u00eenchiriat din Cluj-Napoca s-a \u00eenregistrat la categoria de apartamente tricamerale, unde acestea au crescut cu 15,5%.<\/p>\n\n\n\n<p>\u00cen <strong><a class=\"article-body-links\"href=\"https:\/\/www.imobiliare.ro\/inchirieri-apartamente\/constanta\" target=\"_blank\" rel=\"noreferrer noopener\">Constan\u021ba<\/a><\/strong>, chiriile ajung la 263 de euro pe lun\u0103 pentru o garsonier\u0103, 400 de euro pe lun\u0103 pentru un apartament cu dou\u0103 camere \u0219i 550 de euro pe lun\u0103 pentru o locuin\u021b\u0103 cu trei camere. Pre\u021burile apartamentelor cu o camer\u0103 din Constan\u021ba au evoluat \u00eentr-un mod semnificativ \u0219i anume, au \u00eenregistrat o evolu\u021bie anual\u0103 \u00een cuantum de 20,3%.<\/p>\n\n\n\n<p>\u00cen <strong><a class=\"article-body-links\"href=\"https:\/\/www.imobiliare.ro\/inchirieri-apartamente\/iasi\" target=\"_blank\" rel=\"noreferrer noopener\">Ia\u0219i<\/a><\/strong>, proprietarii solicit\u0103, \u00een medie, 270 de euro pe lun\u0103 pentru o garsonier\u0103, 370 de euro pe lun\u0103 pentru un apartament cu dou\u0103 camere \u0219i 450 euro pe lun\u0103 pentru unul cu trei camere. \u0218i \u00een acest centru regional pre\u021burile apartamentelor bicamerale au \u00eenregistrat o evolu\u021bie anual\u0103 semnificativ\u0103 (+10,4%).<\/p>\n\n\n\n<p>\u00cen <strong><a class=\"article-body-links\"href=\"https:\/\/www.imobiliare.ro\/inchirieri-apartamente\/timisoara\" target=\"_blank\" rel=\"noreferrer noopener\">Timi\u0219oara<\/a><\/strong>, bugetul mediu necesar pentru \u00eenchirierea unui apartament este de 220 de euro pe lun\u0103 pentru o garsonier\u0103, 350 de euro pe lun\u0103 pentru dou\u0103 camere \u0219i 400 de euro pe lun\u0103 pentru trei camere. Cea mai semnificativ\u0103 evolu\u021bie anual\u0103 a pre\u021bului a fost consemnat\u0103 la apartamentele cu trei camere, unde acestea au crescut cu 9,3%.<\/p>\n\n\n<div class=\"wp-block-image\">\n<figure class=\"aligncenter size-large\"><img loading=\"lazy\" decoding=\"async\" width=\"808\" height=\"1024\" src=\"https:\/\/www.imobiliare.ro\/imoexpert\/wp-content\/uploads\/2023\/05\/Chirii-Mai2023-1-808x1024.jpg\" alt=\"\" class=\"wp-image-66509\" srcset=\"https:\/\/www.imobiliare.ro\/imoexpert\/wp-content\/uploads\/2023\/05\/Chirii-Mai2023-1-808x1024.jpg 808w, https:\/\/www.imobiliare.ro\/imoexpert\/wp-content\/uploads\/2023\/05\/Chirii-Mai2023-1-237x300.jpg 237w, https:\/\/www.imobiliare.ro\/imoexpert\/wp-content\/uploads\/2023\/05\/Chirii-Mai2023-1-768x973.jpg 768w, https:\/\/www.imobiliare.ro\/imoexpert\/wp-content\/uploads\/2023\/05\/Chirii-Mai2023-1-1213x1536.jpg 1213w, https:\/\/www.imobiliare.ro\/imoexpert\/wp-content\/uploads\/2023\/05\/Chirii-Mai2023-1-1617x2048.jpg 1617w, https:\/\/www.imobiliare.ro\/imoexpert\/wp-content\/uploads\/2023\/05\/Chirii-Mai2023-1-scaled.jpg 2021w\" sizes=\"auto, (max-width: 808px) 100vw, 808px\" \/><\/figure>\n<\/div>","protected":false},"excerpt":{"rendered":"<p>Pe parcursul lunii mai, chiria medie pentru o garsonier\u0103 din cele mai mari centre regionale din \u021bar\u0103 a variat \u00eentre 220 de euro \u0219i 300 de euro. Pentru apartamentele de dou\u0103 camere, costul mediu s-a situat \u00eentre 350 de euro (\u00een Timi\u0219oara) \u0219i 460 de euro (\u00een Capital\u0103 \u0219i Cluj-Napoca), \u00een timp ce pentru cele [&hellip;]<\/p>\n","protected":false},"author":842160,"featured_media":66508,"comment_status":"open","ping_status":"open","sticky":true,"template":"","format":"standard","meta":{"footnotes":""},"categories":[259],"tags":[],"content_author":[],"class_list":["post-66507","post","type-post","status-publish","format-standard","has-post-thumbnail","hentry","category-stiri"],"yoast_head":"<!-- This site is optimized with the Yoast SEO Premium plugin v27.0 (Yoast SEO v27.0) - https:\/\/yoast.com\/product\/yoast-seo-premium-wordpress\/ -->\n<title>C\u00e2t cost\u0103 o garsonier\u0103 \u00een marile ora\u0219e din \u021bar\u0103 \u00een luna mai 2023? - \u0218tiri - ImoExpert<\/title>\n<meta name=\"description\" content=\"Pe parcursul lunii mai, chiria medie pentru o garsonier\u0103 din cele mai mari centre regionale din \u021bar\u0103 a variat \u00eentre 220 de euro \u0219i 300 de euro. Pentru\" \/>\n<meta name=\"robots\" content=\"index, follow\" \/>\n<link rel=\"canonical\" href=\"https:\/\/www.imobiliare.ro\/imoexpert\/cat-costa-o-garsoniera-in-marile-orase-din-tara-in-mai-2023_db\/\" \/>\n<meta property=\"og:locale\" content=\"ro_RO\" \/>\n<meta property=\"og:type\" content=\"article\" \/>\n<meta property=\"og:title\" content=\"C\u00e2t cost\u0103 o garsonier\u0103 \u00een marile ora\u0219e din \u021bar\u0103 \u00een luna mai 2023?\" \/>\n<meta property=\"og:description\" content=\"Pe parcursul lunii mai, chiria medie pentru o garsonier\u0103 din cele mai mari centre regionale din \u021bar\u0103 a variat \u00eentre 220 de euro \u0219i 300 de euro. Pentru\" \/>\n<meta property=\"og:url\" content=\"https:\/\/www.imobiliare.ro\/imoexpert\/cat-costa-o-garsoniera-in-marile-orase-din-tara-in-mai-2023_db\/\" \/>\n<meta property=\"og:site_name\" content=\"ImoExpert\" \/>\n<meta property=\"article:author\" content=\"https:\/\/www.facebook.com\/AlexandraGabita\" \/>\n<meta property=\"article:published_time\" content=\"2023-05-29T12:49:05+00:00\" \/>\n<meta property=\"og:image\" content=\"https:\/\/www.imobiliare.ro\/imoexpert\/wp-content\/uploads\/2023\/05\/cover-2-7.png\" \/>\n\t<meta property=\"og:image:width\" content=\"1200\" \/>\n\t<meta property=\"og:image:height\" content=\"675\" \/>\n\t<meta property=\"og:image:type\" content=\"image\/png\" \/>\n<meta name=\"author\" content=\"Alexandra Manolache\" \/>\n<meta name=\"twitter:card\" content=\"summary_large_image\" \/>\n<meta name=\"twitter:label1\" content=\"Written by\" \/>\n\t<meta name=\"twitter:data1\" content=\"Alexandra Manolache\" \/>\n\t<meta name=\"twitter:label2\" content=\"Est. reading time\" \/>\n\t<meta name=\"twitter:data2\" content=\"3 minute\" \/>\n<script type=\"application\/ld+json\" class=\"yoast-schema-graph\">{\"@context\":\"https:\/\/schema.org\",\"@graph\":[{\"@type\":\"Article\",\"@id\":\"https:\/\/www.imobiliare.ro\/imoexpert\/cat-costa-o-garsoniera-in-marile-orase-din-tara-in-mai-2023_db\/#article\",\"isPartOf\":{\"@id\":\"https:\/\/www.imobiliare.ro\/imoexpert\/cat-costa-o-garsoniera-in-marile-orase-din-tara-in-mai-2023_db\/\"},\"author\":{\"name\":\"Alexandra Manolache\",\"@id\":\"https:\/\/www.imobiliare.ro\/imoexpert\/#\/schema\/person\/f3350e4786cf9f97888b908d7a00105c\"},\"headline\":\"C\u00e2t cost\u0103 o garsonier\u0103 \u00een marile ora\u0219e din \u021bar\u0103 \u00een luna mai 2023?\",\"datePublished\":\"2023-05-29T12:49:05+00:00\",\"mainEntityOfPage\":{\"@id\":\"https:\/\/www.imobiliare.ro\/imoexpert\/cat-costa-o-garsoniera-in-marile-orase-din-tara-in-mai-2023_db\/\"},\"wordCount\":417,\"commentCount\":1,\"publisher\":{\"@id\":\"https:\/\/www.imobiliare.ro\/imoexpert\/#organization\"},\"image\":{\"@id\":\"https:\/\/www.imobiliare.ro\/imoexpert\/cat-costa-o-garsoniera-in-marile-orase-din-tara-in-mai-2023_db\/#primaryimage\"},\"thumbnailUrl\":\"https:\/\/www.imobiliare.ro\/imoexpert\/wp-content\/uploads\/2023\/05\/cover-2-7.png\",\"articleSection\":[\"\u0218tiri\"],\"inLanguage\":\"en\",\"potentialAction\":[{\"@type\":\"CommentAction\",\"name\":\"Comment\",\"target\":[\"https:\/\/www.imobiliare.ro\/imoexpert\/cat-costa-o-garsoniera-in-marile-orase-din-tara-in-mai-2023_db\/#respond\"]}],\"copyrightYear\":\"2023\",\"copyrightHolder\":{\"@id\":\"https:\/\/www.imobiliare.ro\/imoexpert\/#organization\"}},{\"@type\":\"WebPage\",\"@id\":\"https:\/\/www.imobiliare.ro\/imoexpert\/cat-costa-o-garsoniera-in-marile-orase-din-tara-in-mai-2023_db\/\",\"url\":\"https:\/\/www.imobiliare.ro\/imoexpert\/cat-costa-o-garsoniera-in-marile-orase-din-tara-in-mai-2023_db\/\",\"name\":\"C\u00e2t cost\u0103 o garsonier\u0103 \u00een marile ora\u0219e din \u021bar\u0103 \u00een luna mai 2023? - \u0218tiri - ImoExpert\",\"isPartOf\":{\"@id\":\"https:\/\/www.imobiliare.ro\/imoexpert\/#website\"},\"primaryImageOfPage\":{\"@id\":\"https:\/\/www.imobiliare.ro\/imoexpert\/cat-costa-o-garsoniera-in-marile-orase-din-tara-in-mai-2023_db\/#primaryimage\"},\"image\":{\"@id\":\"https:\/\/www.imobiliare.ro\/imoexpert\/cat-costa-o-garsoniera-in-marile-orase-din-tara-in-mai-2023_db\/#primaryimage\"},\"thumbnailUrl\":\"https:\/\/www.imobiliare.ro\/imoexpert\/wp-content\/uploads\/2023\/05\/cover-2-7.png\",\"datePublished\":\"2023-05-29T12:49:05+00:00\",\"description\":\"Pe parcursul lunii mai, chiria medie pentru o garsonier\u0103 din cele mai mari centre regionale din \u021bar\u0103 a variat \u00eentre 220 de euro \u0219i 300 de euro. Pentru\",\"breadcrumb\":{\"@id\":\"https:\/\/www.imobiliare.ro\/imoexpert\/cat-costa-o-garsoniera-in-marile-orase-din-tara-in-mai-2023_db\/#breadcrumb\"},\"inLanguage\":\"en\",\"potentialAction\":[{\"@type\":\"ReadAction\",\"target\":[\"https:\/\/www.imobiliare.ro\/imoexpert\/cat-costa-o-garsoniera-in-marile-orase-din-tara-in-mai-2023_db\/\"]}]},{\"@type\":\"ImageObject\",\"inLanguage\":\"en\",\"@id\":\"https:\/\/www.imobiliare.ro\/imoexpert\/cat-costa-o-garsoniera-in-marile-orase-din-tara-in-mai-2023_db\/#primaryimage\",\"url\":\"https:\/\/www.imobiliare.ro\/imoexpert\/wp-content\/uploads\/2023\/05\/cover-2-7.png\",\"contentUrl\":\"https:\/\/www.imobiliare.ro\/imoexpert\/wp-content\/uploads\/2023\/05\/cover-2-7.png\",\"width\":1200,\"height\":675},{\"@type\":\"BreadcrumbList\",\"@id\":\"https:\/\/www.imobiliare.ro\/imoexpert\/cat-costa-o-garsoniera-in-marile-orase-din-tara-in-mai-2023_db\/#breadcrumb\",\"itemListElement\":[{\"@type\":\"ListItem\",\"position\":1,\"name\":\"Imoradar24\",\"item\":\"https:\/\/www.imoradar24.ro\"},{\"@type\":\"ListItem\",\"position\":2,\"name\":\"ImoExpert\",\"item\":\"https:\/\/www.imobiliare.ro\/imoexpert\/\"},{\"@type\":\"ListItem\",\"position\":3,\"name\":\"\u0218tiri\",\"item\":\"https:\/\/www.imobiliare.ro\/imoexpert\/stiri\/\"},{\"@type\":\"ListItem\",\"position\":4,\"name\":\"C\u00e2t cost\u0103 o garsonier\u0103 \u00een marile ora\u0219e din \u021bar\u0103 \u00een luna mai 2023?\"}]},{\"@type\":\"WebSite\",\"@id\":\"https:\/\/www.imobiliare.ro\/imoexpert\/#website\",\"url\":\"https:\/\/www.imobiliare.ro\/imoexpert\/\",\"name\":\"ImoExpert\",\"description\":\"cele mai importante \u015ftiri din domeniul imobiliar\",\"publisher\":{\"@id\":\"https:\/\/www.imobiliare.ro\/imoexpert\/#organization\"},\"inLanguage\":\"en\"},{\"@type\":\"Organization\",\"@id\":\"https:\/\/www.imobiliare.ro\/imoexpert\/#organization\",\"name\":\"Imobiliare.ro\",\"alternateName\":\"Realmedia Network SA\",\"url\":\"https:\/\/www.imobiliare.ro\/imoexpert\/\",\"logo\":{\"@type\":\"ImageObject\",\"inLanguage\":\"en\",\"@id\":\"https:\/\/www.imobiliare.ro\/imoexpert\/#\/schema\/logo\/image\/\",\"url\":\"https:\/\/www.imobiliare.ro\/imoexpert\/wp-content\/uploads\/2025\/05\/imobiliare_logo.png\",\"contentUrl\":\"https:\/\/www.imobiliare.ro\/imoexpert\/wp-content\/uploads\/2025\/05\/imobiliare_logo.png\",\"width\":237,\"height\":29,\"caption\":\"Imobiliare.ro\"},\"image\":{\"@id\":\"https:\/\/www.imobiliare.ro\/imoexpert\/#\/schema\/logo\/image\/\"}},{\"@type\":\"Person\",\"@id\":\"https:\/\/www.imobiliare.ro\/imoexpert\/#\/schema\/person\/f3350e4786cf9f97888b908d7a00105c\",\"name\":\"Alexandra Manolache\",\"image\":{\"@type\":\"ImageObject\",\"inLanguage\":\"en\",\"@id\":\"https:\/\/www.imobiliare.ro\/imoexpert\/#\/schema\/person\/image\/\",\"url\":\"https:\/\/www.imobiliare.ro\/imoexpert\/wp-content\/uploads\/2026\/02\/cropped-chatgpt-image-jan-26-2026-11-50-59-am-96x96.png\",\"contentUrl\":\"https:\/\/www.imobiliare.ro\/imoexpert\/wp-content\/uploads\/2026\/02\/cropped-chatgpt-image-jan-26-2026-11-50-59-am-96x96.png\",\"caption\":\"Alexandra Manolache\"},\"description\":\"Alexandra G\u0103bi\u021ba Manolache este Brand Manager la Imobiliare.ro. Absolvent\u0103 a Facult\u0103\u021bii de Cibernetic\u0103, Statistic\u0103 \u0219i Informatic\u0103 Economic\u0103 (FEAA Timi\u0219oara), vine cu o baz\u0103 solid\u0103 \u00een digital \u0219i economie \u0219i o experien\u021b\u0103 de 9 ani \u00een digital marketing. A contribuit ca editor la \u0219ase edi\u021bii ale raportului trimestrial Market 360 \u0219i semneaz\u0103 articole pe blogul Imobiliare.ro, unde explic\u0103 tendin\u021be \u0219i ofer\u0103 perspective aplicate asupra real estate-ului.\",\"sameAs\":[\"https:\/\/alexandra-manolache.com\/\",\"https:\/\/www.facebook.com\/AlexandraGabita\",\"https:\/\/www.instagram.com\/alexandragabita\/\",\"https:\/\/www.linkedin.com\/in\/alexandra-gabita-manolache\/\",\"https:\/\/www.youtube.com\/channel\/UCAqYKF7H8sJ0n55YF97Lz5g\"],\"jobTitle\":\"Brand Manager\",\"url\":\"https:\/\/www.imobiliare.ro\/imoexpert\/author\/alexandra-manolache\/\"}]}<\/script>\n<!-- \/ Yoast SEO Premium plugin. -->","yoast_head_json":{"title":"C\u00e2t cost\u0103 o garsonier\u0103 \u00een marile ora\u0219e din \u021bar\u0103 \u00een luna mai 2023? - \u0218tiri - ImoExpert","description":"Pe parcursul lunii mai, chiria medie pentru o garsonier\u0103 din cele mai mari centre regionale din \u021bar\u0103 a variat \u00eentre 220 de euro \u0219i 300 de euro. Pentru","robots":{"index":"index","follow":"follow"},"canonical":"https:\/\/www.imobiliare.ro\/imoexpert\/cat-costa-o-garsoniera-in-marile-orase-din-tara-in-mai-2023_db\/","og_locale":"ro_RO","og_type":"article","og_title":"C\u00e2t cost\u0103 o garsonier\u0103 \u00een marile ora\u0219e din \u021bar\u0103 \u00een luna mai 2023?","og_description":"Pe parcursul lunii mai, chiria medie pentru o garsonier\u0103 din cele mai mari centre regionale din \u021bar\u0103 a variat \u00eentre 220 de euro \u0219i 300 de euro. Pentru","og_url":"https:\/\/www.imobiliare.ro\/imoexpert\/cat-costa-o-garsoniera-in-marile-orase-din-tara-in-mai-2023_db\/","og_site_name":"ImoExpert","article_author":"https:\/\/www.facebook.com\/AlexandraGabita","article_published_time":"2023-05-29T12:49:05+00:00","og_image":[{"width":1200,"height":675,"url":"https:\/\/www.imobiliare.ro\/imoexpert\/wp-content\/uploads\/2023\/05\/cover-2-7.png","type":"image\/png"}],"author":"Alexandra Manolache","twitter_card":"summary_large_image","twitter_misc":{"Written by":"Alexandra Manolache","Est. reading time":"3 minute"},"schema":{"@context":"https:\/\/schema.org","@graph":[{"@type":"Article","@id":"https:\/\/www.imobiliare.ro\/imoexpert\/cat-costa-o-garsoniera-in-marile-orase-din-tara-in-mai-2023_db\/#article","isPartOf":{"@id":"https:\/\/www.imobiliare.ro\/imoexpert\/cat-costa-o-garsoniera-in-marile-orase-din-tara-in-mai-2023_db\/"},"author":{"name":"Alexandra Manolache","@id":"https:\/\/www.imobiliare.ro\/imoexpert\/#\/schema\/person\/f3350e4786cf9f97888b908d7a00105c"},"headline":"C\u00e2t cost\u0103 o garsonier\u0103 \u00een marile ora\u0219e din \u021bar\u0103 \u00een luna mai 2023?","datePublished":"2023-05-29T12:49:05+00:00","mainEntityOfPage":{"@id":"https:\/\/www.imobiliare.ro\/imoexpert\/cat-costa-o-garsoniera-in-marile-orase-din-tara-in-mai-2023_db\/"},"wordCount":417,"commentCount":1,"publisher":{"@id":"https:\/\/www.imobiliare.ro\/imoexpert\/#organization"},"image":{"@id":"https:\/\/www.imobiliare.ro\/imoexpert\/cat-costa-o-garsoniera-in-marile-orase-din-tara-in-mai-2023_db\/#primaryimage"},"thumbnailUrl":"https:\/\/www.imobiliare.ro\/imoexpert\/wp-content\/uploads\/2023\/05\/cover-2-7.png","articleSection":["\u0218tiri"],"inLanguage":"en","potentialAction":[{"@type":"CommentAction","name":"Comment","target":["https:\/\/www.imobiliare.ro\/imoexpert\/cat-costa-o-garsoniera-in-marile-orase-din-tara-in-mai-2023_db\/#respond"]}],"copyrightYear":"2023","copyrightHolder":{"@id":"https:\/\/www.imobiliare.ro\/imoexpert\/#organization"}},{"@type":"WebPage","@id":"https:\/\/www.imobiliare.ro\/imoexpert\/cat-costa-o-garsoniera-in-marile-orase-din-tara-in-mai-2023_db\/","url":"https:\/\/www.imobiliare.ro\/imoexpert\/cat-costa-o-garsoniera-in-marile-orase-din-tara-in-mai-2023_db\/","name":"C\u00e2t cost\u0103 o garsonier\u0103 \u00een marile ora\u0219e din \u021bar\u0103 \u00een luna mai 2023? - \u0218tiri - ImoExpert","isPartOf":{"@id":"https:\/\/www.imobiliare.ro\/imoexpert\/#website"},"primaryImageOfPage":{"@id":"https:\/\/www.imobiliare.ro\/imoexpert\/cat-costa-o-garsoniera-in-marile-orase-din-tara-in-mai-2023_db\/#primaryimage"},"image":{"@id":"https:\/\/www.imobiliare.ro\/imoexpert\/cat-costa-o-garsoniera-in-marile-orase-din-tara-in-mai-2023_db\/#primaryimage"},"thumbnailUrl":"https:\/\/www.imobiliare.ro\/imoexpert\/wp-content\/uploads\/2023\/05\/cover-2-7.png","datePublished":"2023-05-29T12:49:05+00:00","description":"Pe parcursul lunii mai, chiria medie pentru o garsonier\u0103 din cele mai mari centre regionale din \u021bar\u0103 a variat \u00eentre 220 de euro \u0219i 300 de euro. Pentru","breadcrumb":{"@id":"https:\/\/www.imobiliare.ro\/imoexpert\/cat-costa-o-garsoniera-in-marile-orase-din-tara-in-mai-2023_db\/#breadcrumb"},"inLanguage":"en","potentialAction":[{"@type":"ReadAction","target":["https:\/\/www.imobiliare.ro\/imoexpert\/cat-costa-o-garsoniera-in-marile-orase-din-tara-in-mai-2023_db\/"]}]},{"@type":"ImageObject","inLanguage":"en","@id":"https:\/\/www.imobiliare.ro\/imoexpert\/cat-costa-o-garsoniera-in-marile-orase-din-tara-in-mai-2023_db\/#primaryimage","url":"https:\/\/www.imobiliare.ro\/imoexpert\/wp-content\/uploads\/2023\/05\/cover-2-7.png","contentUrl":"https:\/\/www.imobiliare.ro\/imoexpert\/wp-content\/uploads\/2023\/05\/cover-2-7.png","width":1200,"height":675},{"@type":"BreadcrumbList","@id":"https:\/\/www.imobiliare.ro\/imoexpert\/cat-costa-o-garsoniera-in-marile-orase-din-tara-in-mai-2023_db\/#breadcrumb","itemListElement":[{"@type":"ListItem","position":1,"name":"Imoradar24","item":"https:\/\/www.imoradar24.ro"},{"@type":"ListItem","position":2,"name":"ImoExpert","item":"https:\/\/www.imobiliare.ro\/imoexpert\/"},{"@type":"ListItem","position":3,"name":"\u0218tiri","item":"https:\/\/www.imobiliare.ro\/imoexpert\/stiri\/"},{"@type":"ListItem","position":4,"name":"C\u00e2t cost\u0103 o garsonier\u0103 \u00een marile ora\u0219e din \u021bar\u0103 \u00een luna mai 2023?"}]},{"@type":"WebSite","@id":"https:\/\/www.imobiliare.ro\/imoexpert\/#website","url":"https:\/\/www.imobiliare.ro\/imoexpert\/","name":"ImoExpert","description":"cele mai importante \u015ftiri din domeniul imobiliar","publisher":{"@id":"https:\/\/www.imobiliare.ro\/imoexpert\/#organization"},"inLanguage":"en"},{"@type":"Organization","@id":"https:\/\/www.imobiliare.ro\/imoexpert\/#organization","name":"Imobiliare.ro","alternateName":"Realmedia Network SA","url":"https:\/\/www.imobiliare.ro\/imoexpert\/","logo":{"@type":"ImageObject","inLanguage":"en","@id":"https:\/\/www.imobiliare.ro\/imoexpert\/#\/schema\/logo\/image\/","url":"https:\/\/www.imobiliare.ro\/imoexpert\/wp-content\/uploads\/2025\/05\/imobiliare_logo.png","contentUrl":"https:\/\/www.imobiliare.ro\/imoexpert\/wp-content\/uploads\/2025\/05\/imobiliare_logo.png","width":237,"height":29,"caption":"Imobiliare.ro"},"image":{"@id":"https:\/\/www.imobiliare.ro\/imoexpert\/#\/schema\/logo\/image\/"}},{"@type":"Person","@id":"https:\/\/www.imobiliare.ro\/imoexpert\/#\/schema\/person\/f3350e4786cf9f97888b908d7a00105c","name":"Alexandra Manolache","image":{"@type":"ImageObject","inLanguage":"en","@id":"https:\/\/www.imobiliare.ro\/imoexpert\/#\/schema\/person\/image\/","url":"https:\/\/www.imobiliare.ro\/imoexpert\/wp-content\/uploads\/2026\/02\/cropped-chatgpt-image-jan-26-2026-11-50-59-am-96x96.png","contentUrl":"https:\/\/www.imobiliare.ro\/imoexpert\/wp-content\/uploads\/2026\/02\/cropped-chatgpt-image-jan-26-2026-11-50-59-am-96x96.png","caption":"Alexandra Manolache"},"description":"Alexandra G\u0103bi\u021ba Manolache este Brand Manager la Imobiliare.ro. Absolvent\u0103 a Facult\u0103\u021bii de Cibernetic\u0103, Statistic\u0103 \u0219i Informatic\u0103 Economic\u0103 (FEAA Timi\u0219oara), vine cu o baz\u0103 solid\u0103 \u00een digital \u0219i economie \u0219i o experien\u021b\u0103 de 9 ani \u00een digital marketing. A contribuit ca editor la \u0219ase edi\u021bii ale raportului trimestrial Market 360 \u0219i semneaz\u0103 articole pe blogul Imobiliare.ro, unde explic\u0103 tendin\u021be \u0219i ofer\u0103 perspective aplicate asupra real estate-ului.","sameAs":["https:\/\/alexandra-manolache.com\/","https:\/\/www.facebook.com\/AlexandraGabita","https:\/\/www.instagram.com\/alexandragabita\/","https:\/\/www.linkedin.com\/in\/alexandra-gabita-manolache\/","https:\/\/www.youtube.com\/channel\/UCAqYKF7H8sJ0n55YF97Lz5g"],"jobTitle":"Brand Manager","url":"https:\/\/www.imobiliare.ro\/imoexpert\/author\/alexandra-manolache\/"}]}},"_links":{"self":[{"href":"https:\/\/www.imobiliare.ro\/imoexpert\/wp-json\/wp\/v2\/posts\/66507","targetHints":{"allow":["GET"]}}],"collection":[{"href":"https:\/\/www.imobiliare.ro\/imoexpert\/wp-json\/wp\/v2\/posts"}],"about":[{"href":"https:\/\/www.imobiliare.ro\/imoexpert\/wp-json\/wp\/v2\/types\/post"}],"author":[{"embeddable":true,"href":"https:\/\/www.imobiliare.ro\/imoexpert\/wp-json\/wp\/v2\/users\/842160"}],"replies":[{"embeddable":true,"href":"https:\/\/www.imobiliare.ro\/imoexpert\/wp-json\/wp\/v2\/comments?post=66507"}],"version-history":[{"count":0,"href":"https:\/\/www.imobiliare.ro\/imoexpert\/wp-json\/wp\/v2\/posts\/66507\/revisions"}],"wp:featuredmedia":[{"embeddable":true,"href":"https:\/\/www.imobiliare.ro\/imoexpert\/wp-json\/wp\/v2\/media\/66508"}],"wp:attachment":[{"href":"https:\/\/www.imobiliare.ro\/imoexpert\/wp-json\/wp\/v2\/media?parent=66507"}],"wp:term":[{"taxonomy":"category","embeddable":true,"href":"https:\/\/www.imobiliare.ro\/imoexpert\/wp-json\/wp\/v2\/categories?post=66507"},{"taxonomy":"post_tag","embeddable":true,"href":"https:\/\/www.imobiliare.ro\/imoexpert\/wp-json\/wp\/v2\/tags?post=66507"},{"taxonomy":"content_author","embeddable":true,"href":"https:\/\/www.imobiliare.ro\/imoexpert\/wp-json\/wp\/v2\/content_author?post=66507"}],"curies":[{"name":"wp","href":"https:\/\/api.w.org\/{rel}","templated":true}]}}