{"id":66599,"date":"2023-06-11T16:39:55","date_gmt":"2023-06-11T13:39:55","guid":{"rendered":"https:\/\/www.imobiliare.ro\/imoexpert\/?p=66599"},"modified":"2023-06-11T16:39:55","modified_gmt":"2023-06-11T13:39:55","slug":"cum-au-evoluat-preturile-apartamentelor-in-luna-mai-cresteri-versus-scaderi-in-marile-orase","status":"publish","type":"post","link":"https:\/\/www.imobiliare.ro\/imoexpert\/cum-au-evoluat-preturile-apartamentelor-in-luna-mai-cresteri-versus-scaderi-in-marile-orase_db\/","title":{"rendered":"Cum au evoluat pre\u021burile apartamentelor \u00een luna mai. Cre\u0219teri versus sc\u0103deri \u00een marile ora\u0219e"},"content":{"rendered":"\n<figure class=\"wp-block-image size-large\"><img loading=\"lazy\" decoding=\"async\" width=\"1024\" height=\"576\" src=\"https:\/\/www.imobiliare.ro\/imoexpert\/wp-content\/uploads\/2023\/06\/cover-2-14-1024x576.png\" alt=\"\" class=\"wp-image-66600\" srcset=\"https:\/\/www.imobiliare.ro\/imoexpert\/wp-content\/uploads\/2023\/06\/cover-2-14-1024x576.png 1024w, https:\/\/www.imobiliare.ro\/imoexpert\/wp-content\/uploads\/2023\/06\/cover-2-14-300x169.png 300w, https:\/\/www.imobiliare.ro\/imoexpert\/wp-content\/uploads\/2023\/06\/cover-2-14-768x432.png 768w, https:\/\/www.imobiliare.ro\/imoexpert\/wp-content\/uploads\/2023\/06\/cover-2-14.png 1200w\" sizes=\"auto, (max-width: 1024px) 100vw, 1024px\" \/><\/figure>\n\n\n\n<p><em>Spre deosebire de luna anterioar\u0103, pre\u021burile locuin\u021belor din Rom\u00e2nia s-au men\u021binut pe o traiectorie general ascendent\u0103 \u00een luna mai.<\/em><\/p>\n\n\n\n<p>Potrivit Indicelui Imobiliare.ro, suma medie solicitat\u0103, la nivel na\u021bional, de v\u00e2nz\u0103torii de apartamente (noi \u0219i vechi) a crescut u\u0219or \u0219i anume cu 0,1% \u00een luna mai, ajung\u00e2nd la un nivel de 1.427 euro pe metru p\u0103trat util (fa\u021b\u0103 de 1.425 de euro pe metru p\u0103trat util la finele lui aprilie). Evolu\u021bii negative au fost \u00eenregistrate doar \u00een Bucure\u0219ti \u0219i Ia\u0219i.<\/p>\n\n\n\n<p><strong>Bucure\u0219ti:<\/strong><\/p>\n\n\n\n<p>\u00cen Bucure\u0219ti, suma medie solicitat\u0103 pentru un apartament a ajuns la 1.498 de euro pe metru p\u0103trat util, \u00een condi\u021biile unui u\u0219or declin de -0,1% fa\u021b\u0103 de aprilie (c\u00e2nd aceasta se situa la 1.500 de euro pe metru p\u0103trat). Locuin\u021bele din blocurile vechi s-au depreciat u\u0219or, cu -0,2% \u00een decurs de 30 de zile (de la 1.510 la 1.507 de euro pe metru p\u0103trat), \u00een timp ce unit\u0103\u021bile locative nou-construite au consemnat o stagnare a pre\u021bului mediu (1,432 de euro pe metru p\u0103trat). \u00cen ceea ce prive\u0219te evolu\u021bia anual\u0103 a pre\u021burilor, comparativ cu perioada similar\u0103 din 2022, locuin\u021bele noi \u0219i vechi au \u00eenregistrat o sc\u0103dere de -1,6%, de la 1.523 de euro pe metru p\u0103trat util p\u00e2n\u0103 la 1.498 euro.<\/p>\n\n\n\n<p><strong><a class=\"article-body-links\"href=\"https:\/\/www.imobiliare.ro\/vanzare-apartamente\/bucuresti\" target=\"_blank\" rel=\"noreferrer noopener\">Click pentru a g\u0103si un apartament de v\u00e2nzare \u00een Bucure\u0219ti!<\/a><\/strong><\/p>\n\n\n\n<p><br><strong>Bra\u0219ov:<\/strong><\/p>\n\n\n\n<p>\u00cen Bra\u0219ov, <a class=\"article-body-links\"href=\"https:\/\/www.imobiliare.ro\/indicele-imobiliare-ro\">Indicele Imobiliare.ro<\/a> a consemnat, per ansamblu, o cre\u0219tere de 0,4% a pre\u021burilor apartamentelor, de la 1.590 de euro pe metru p\u0103trat util, la 1.596 de euro pe metru p\u0103trat la sf\u00e2r\u0219itul lui mai. Locuin\u021bele din blocurile vechi au avut parte de o evolu\u021bie negativ\u0103: este vorba de o sc\u0103dere u\u0219oar\u0103, de -0,2%, de la 1.529 la 1.526 de euro pe metru p\u0103trat. Locuin\u021bele noi au \u00eenregistrat o sc\u0103dere de -1,8%, de la 1.892 la 1.857 de euro pe metru p\u0103trat. Comparativ cu perioada similar\u0103 din 2022, pre\u021burile au \u00eenregistrat o cre\u0219tere de 3,8%, de la 1.538 la 1.596 de euro pe metru p\u0103trat util.<\/p>\n\n\n\n<p><strong><a class=\"article-body-links\"href=\"https:\/\/www.imobiliare.ro\/vanzare-apartamente\/brasov\" target=\"_blank\" rel=\"noreferrer noopener\">Vezi care sunt apartamentele oferite spre v\u00e2nzare \u00een Bra\u0219ov!<\/a><\/strong><\/p>\n\n\n\n<p><strong>Cluj-Napoca:<\/strong><\/p>\n\n\n\n<p>\u00cen Cluj-Napoca pre\u021burile apartamentelor au \u00eenregistrat o cre\u0219tere cu +1% luna trecut\u0103, ajung\u00e2nd la o medie de 2.446 de euro pe metru p\u0103trat util \u2013 fa\u021b\u0103 de 2.421 de euro pe metru p\u0103trat la finele lunii trecute. O locuin\u021b\u0103 dintr-un bloc vechi a ajuns s\u0103 coste 2.425 de euro pe metru p\u0103trat, \u00een condi\u021biile unei aprecieri lunare de 1% (de la 2.400 de euro pe metru p\u0103trat). Pe segmentul apartamentelor noi a avut loc o u\u0219oar\u0103 cre\u0219tere de 0,2%, de la 2.543 la 2.547 de euro pe metru p\u0103trat. \u00cen ceea ce prive\u0219te perioada similar\u0103 din 2022, pre\u021burile au \u00eenregistrat o cre\u0219tere de 2,8%, de la 2.380 la 2.446 de euro pe metru p\u0103trat util.<\/p>\n\n\n\n<p><strong><a class=\"article-body-links\"href=\"https:\/\/www.imobiliare.ro\/vanzare-apartamente\/cluj-napoca?cq_src=google_ads&amp;cq_cmp=19498160125&amp;cq_term=&amp;cq_plac=&amp;cq_net=x&amp;cq_plt=gp&amp;gclid=CjwKCAiA_6yfBhBNEiwAkmXy5_fG-YvBDcRcqXWs-t9bT_bkWIg9dCgZXDf9kC-CkFiOHqUapSw0ghoCXYEQAvD_BwE\" target=\"_blank\" rel=\"noreferrer noopener\">Vezi apartamente oferite spre v\u00e2nzare \u00een Cluj-Napoca!<\/a><\/strong><\/p>\n\n\n\n<p><strong>Constan\u021ba:<\/strong><\/p>\n\n\n\n<p>\u0218i Constan\u021ba a fost caracterizat\u0103 de o relativ\u0103 sc\u0103dere a pre\u021burilor \u00een luna mai: suma medie solicitat\u0103 aici de c\u0103tre proprietari \u0219i dezvoltatori reziden\u021biali s-a apreciat u\u0219or cu 0,1%, de la 1.469 la 1.470 de euro pe metru p\u0103trat util. Valoarea de listare pentru apartamentele vechi a sc\u0103zut u\u0219or cu -0,1% fa\u021b\u0103 de luna precedent\u0103, respectiv de la 1.454 de euro la 1.452 euro pe metru p\u0103trat, \u00een vreme ce locuin\u021bele din cadrul noilor ansambluri reziden\u021biale au resim\u021bit o cre\u0219tere de 3,9%, ajung\u00e2nd la pre\u021bul mediu de 1.642 de euro pe metru p\u0103trat. F\u0103c\u00e2nd o compara\u021bie cu perioada similar\u0103 din 2022, pre\u021burile au \u00eenregistrat o cre\u0219tere de 1,2%, de la 1.453 la 1.470 de euro pe metru p\u0103trat util.<\/p>\n\n\n\n<p><strong><a class=\"article-body-links\"href=\"https:\/\/www.imobiliare.ro\/vanzare-apartamente\/constanta\">Vezi apartamentele oferite spre v\u00e2nzare din Constan\u021ba!<\/a><\/strong><\/p>\n\n\n\n<p><strong>Ia\u0219i:<\/strong><\/p>\n\n\n\n<p>\u00cen Ia\u0219i Indicele Imobiliare.ro a \u00eenregistrat, per ansamblu, o u\u0219oar\u0103 sc\u0103dere a pre\u021burilor de -0,1% \u00een luna mai, de la 1.376 la 1.375 de euro pe metru p\u0103trat util. Cele dou\u0103 segmente de pia\u021b\u0103 supuse analizei au avut, \u00eens\u0103, o evolu\u021bie diferit\u0103: locuin\u021bele din blocurile vechi au consemnat un avans de 0,4% mai exact (de la 1.369 la 1.375 de euro pe metru p\u0103trat), \u00een vreme ce pe segmentul reziden\u021bial nou a avut loc o sc\u0103dere de -1,2% (de la 1.385 la 1.369 de euro pe metru p\u0103trat). Comparativ cu aceea\u0219i perioad\u0103 din 2022, pre\u021burile au \u00eenregistrat o cre\u0219tere de 5,6%, de la 1.302 la 1.375 de euro pe metru p\u0103trat util.<\/p>\n\n\n\n<p><strong><a class=\"article-body-links\"href=\"https:\/\/www.imobiliare.ro\/vanzare-apartamente\/iasi\">Vezi apartamentele oferite spre v\u00e2nzare din Ia\u0219i!<\/a><\/strong><\/p>\n\n\n\n<p><strong>Timi\u0219oara:<\/strong><\/p>\n\n\n\n<p>Pre\u021burile apartamentelor din Timi\u0219oara au crescut \u00eentr-un ritm u\u0219or, anume cu 0,5%, luna trecut\u0103, de la o medie de 1.464 de euro pe metru p\u0103trat, la 1.472 de euro pe metru p\u0103trat. Pe cele dou\u0103 segmente majore de pia\u021b\u0103 au fost consemnate evolu\u021bii diferite: locuin\u021bele vechi s-au majorat cu 0,6%, ajung\u00e2nd la pre\u021bul mediu de 1.452 de euro pe metru p\u0103trat, \u00een vreme ce unit\u0103\u021bile locative nou-construite au \u00eenregistrat o sc\u0103dere de 1%, de la 1.578 la 1.562 de euro pe metru p\u0103trat. Comparativ cu perioada similar\u0103 din 2022, pre\u021burile au \u00eenregistrat o cre\u0219tere de 3,1%, de la 1.428 la 1.472 de euro pe metru p\u0103trat util.<\/p>\n\n\n\n<p><a class=\"article-body-links\"href=\"https:\/\/www.imobiliare.ro\/vanzare-apartamente\/timisoara\"><strong>Vezi apartamentele oferite spre v\u00e2nzare din Timi\u0219oara!<\/strong><\/a><\/p>\n\n\n\n<p><strong>Sibiu, Oradea, Craiova, Ploie\u0219ti:<\/strong><\/p>\n\n\n\n<p>\u00cen luna mai, a\u0219tept\u0103rile v\u00e2nz\u0103torilor de apartamente din Sibiu au ajuns la o medie de 1.435 de euro pe metru p\u0103trat util, ceea ce reprezint\u0103 o cre\u0219tere \u00een cuantum de 0,7% fa\u021b\u0103 de finele lui aprilie. Comparativ cu luna mai 2022, apartamentele din acest centru regional se situeaz\u0103 la o diferen\u021b\u0103 de 3,5% (fa\u021b\u0103 de o valoare de 1.386 euro pe metru p\u0103trat util). \u00cen mai 2023, comparativ cu luna anterioar\u0103, Indicele Imobiliare.ro a \u00eenregistrat \u00een Oradea o cre\u0219tere a pre\u021burilor apartamentelor, \u00een valoare de 0,6%, pre\u021burile ajung\u00e2nd la o medie de 1.345 de euro pe metru p\u0103trat.&nbsp; \u00cen ceea ce prive\u0219te marja de cre\u0219tere anual\u0103 a pre\u021burilor, acest centru regional a \u00eenregistrat un avans de 5,7%.&nbsp;<\/p>\n\n\n\n<p>Pe de alt\u0103 parte, \u00cen Craiova, suma medie solicitat\u0103 pentru un apartament a crescut cu 1,2% pe parcursul lunii mai (de la 1.458 la 1.475 de euro pe metru p\u0103trat util) \u0219i s-a majorat cu 1,3% la 12 luni (de la 1.456 euro pe metru p\u0103trat util). \u00cen cele din urm\u0103, \u00een Ploie\u0219ti, apartamentele au atins o medie de 1.068 de euro pe metru p\u0103trat \u00een mai 2023, \u00een cre\u0219tere cu 0,6% fa\u021b\u0103 de aprilie (de la 1.062 de euro pe metru p\u0103trat) \u0219i respectiv, \u00een cre\u0219tere cu 4,6% fa\u021b\u0103 de mai 2022 (c\u00e2nd se situau la 1.021 de euro pe metru p\u0103trat).<\/p>\n","protected":false},"excerpt":{"rendered":"<p>Spre deosebire de luna anterioar\u0103, pre\u021burile locuin\u021belor din Rom\u00e2nia s-au men\u021binut pe o traiectorie general ascendent\u0103 \u00een luna mai. Potrivit Indicelui Imobiliare.ro, suma medie solicitat\u0103, la nivel na\u021bional, de v\u00e2nz\u0103torii de apartamente (noi \u0219i vechi) a crescut u\u0219or \u0219i anume cu 0,1% \u00een luna mai, ajung\u00e2nd la un nivel de 1.427 euro pe metru p\u0103trat [&hellip;]<\/p>\n","protected":false},"author":842160,"featured_media":66600,"comment_status":"open","ping_status":"open","sticky":true,"template":"","format":"standard","meta":{"footnotes":""},"categories":[259],"tags":[],"content_author":[],"class_list":["post-66599","post","type-post","status-publish","format-standard","has-post-thumbnail","hentry","category-stiri"],"yoast_head":"<!-- This site is optimized with the Yoast SEO Premium plugin v27.0 (Yoast SEO v27.0) - https:\/\/yoast.com\/product\/yoast-seo-premium-wordpress\/ -->\n<title>Cum au evoluat pre\u021burile apartamentelor \u00een luna mai. Cre\u0219teri versus sc\u0103deri \u00een marile ora\u0219e - \u0218tiri - ImoExpert<\/title>\n<meta name=\"description\" content=\"Spre deosebire de luna anterioar\u0103, pre\u021burile locuin\u021belor din Rom\u00e2nia s-au men\u021binut pe o traiectorie general ascendent\u0103 \u00een luna mai. Potrivit Indicelui\" \/>\n<meta name=\"robots\" content=\"index, follow\" \/>\n<link rel=\"canonical\" href=\"https:\/\/www.imobiliare.ro\/imoexpert\/cum-au-evoluat-preturile-apartamentelor-in-luna-mai-cresteri-versus-scaderi-in-marile-orase_db\/\" \/>\n<meta property=\"og:locale\" content=\"ro_RO\" \/>\n<meta property=\"og:type\" content=\"article\" \/>\n<meta property=\"og:title\" content=\"Cum au evoluat pre\u021burile apartamentelor \u00een luna mai. Cre\u0219teri versus sc\u0103deri \u00een marile ora\u0219e\" \/>\n<meta property=\"og:description\" content=\"Spre deosebire de luna anterioar\u0103, pre\u021burile locuin\u021belor din Rom\u00e2nia s-au men\u021binut pe o traiectorie general ascendent\u0103 \u00een luna mai. Potrivit Indicelui\" \/>\n<meta property=\"og:url\" content=\"https:\/\/www.imobiliare.ro\/imoexpert\/cum-au-evoluat-preturile-apartamentelor-in-luna-mai-cresteri-versus-scaderi-in-marile-orase_db\/\" \/>\n<meta property=\"og:site_name\" content=\"ImoExpert\" \/>\n<meta property=\"article:author\" content=\"https:\/\/www.facebook.com\/AlexandraGabita\" \/>\n<meta property=\"article:published_time\" content=\"2023-06-11T13:39:55+00:00\" \/>\n<meta property=\"og:image\" content=\"https:\/\/www.imobiliare.ro\/imoexpert\/wp-content\/uploads\/2023\/06\/cover-2-14.png\" \/>\n\t<meta property=\"og:image:width\" content=\"1200\" \/>\n\t<meta property=\"og:image:height\" content=\"675\" \/>\n\t<meta property=\"og:image:type\" content=\"image\/png\" \/>\n<meta name=\"author\" content=\"Alexandra Manolache\" \/>\n<meta name=\"twitter:card\" content=\"summary_large_image\" \/>\n<meta name=\"twitter:label1\" content=\"Written by\" \/>\n\t<meta name=\"twitter:data1\" content=\"Alexandra Manolache\" \/>\n\t<meta name=\"twitter:label2\" content=\"Est. reading time\" \/>\n\t<meta name=\"twitter:data2\" content=\"5 minute\" \/>\n<script type=\"application\/ld+json\" class=\"yoast-schema-graph\">{\"@context\":\"https:\/\/schema.org\",\"@graph\":[{\"@type\":\"Article\",\"@id\":\"https:\/\/www.imobiliare.ro\/imoexpert\/cum-au-evoluat-preturile-apartamentelor-in-luna-mai-cresteri-versus-scaderi-in-marile-orase_db\/#article\",\"isPartOf\":{\"@id\":\"https:\/\/www.imobiliare.ro\/imoexpert\/cum-au-evoluat-preturile-apartamentelor-in-luna-mai-cresteri-versus-scaderi-in-marile-orase_db\/\"},\"author\":{\"name\":\"Alexandra Manolache\",\"@id\":\"https:\/\/www.imobiliare.ro\/imoexpert\/#\/schema\/person\/f3350e4786cf9f97888b908d7a00105c\"},\"headline\":\"Cum au evoluat pre\u021burile apartamentelor \u00een luna mai. Cre\u0219teri versus sc\u0103deri \u00een marile ora\u0219e\",\"datePublished\":\"2023-06-11T13:39:55+00:00\",\"mainEntityOfPage\":{\"@id\":\"https:\/\/www.imobiliare.ro\/imoexpert\/cum-au-evoluat-preturile-apartamentelor-in-luna-mai-cresteri-versus-scaderi-in-marile-orase_db\/\"},\"wordCount\":1128,\"commentCount\":0,\"publisher\":{\"@id\":\"https:\/\/www.imobiliare.ro\/imoexpert\/#organization\"},\"image\":{\"@id\":\"https:\/\/www.imobiliare.ro\/imoexpert\/cum-au-evoluat-preturile-apartamentelor-in-luna-mai-cresteri-versus-scaderi-in-marile-orase_db\/#primaryimage\"},\"thumbnailUrl\":\"https:\/\/www.imobiliare.ro\/imoexpert\/wp-content\/uploads\/2023\/06\/cover-2-14.png\",\"articleSection\":[\"\u0218tiri\"],\"inLanguage\":\"en\",\"potentialAction\":[{\"@type\":\"CommentAction\",\"name\":\"Comment\",\"target\":[\"https:\/\/www.imobiliare.ro\/imoexpert\/cum-au-evoluat-preturile-apartamentelor-in-luna-mai-cresteri-versus-scaderi-in-marile-orase_db\/#respond\"]}],\"copyrightYear\":\"2023\",\"copyrightHolder\":{\"@id\":\"https:\/\/www.imobiliare.ro\/imoexpert\/#organization\"}},{\"@type\":\"WebPage\",\"@id\":\"https:\/\/www.imobiliare.ro\/imoexpert\/cum-au-evoluat-preturile-apartamentelor-in-luna-mai-cresteri-versus-scaderi-in-marile-orase_db\/\",\"url\":\"https:\/\/www.imobiliare.ro\/imoexpert\/cum-au-evoluat-preturile-apartamentelor-in-luna-mai-cresteri-versus-scaderi-in-marile-orase_db\/\",\"name\":\"Cum au evoluat pre\u021burile apartamentelor \u00een luna mai. Cre\u0219teri versus sc\u0103deri \u00een marile ora\u0219e - \u0218tiri - ImoExpert\",\"isPartOf\":{\"@id\":\"https:\/\/www.imobiliare.ro\/imoexpert\/#website\"},\"primaryImageOfPage\":{\"@id\":\"https:\/\/www.imobiliare.ro\/imoexpert\/cum-au-evoluat-preturile-apartamentelor-in-luna-mai-cresteri-versus-scaderi-in-marile-orase_db\/#primaryimage\"},\"image\":{\"@id\":\"https:\/\/www.imobiliare.ro\/imoexpert\/cum-au-evoluat-preturile-apartamentelor-in-luna-mai-cresteri-versus-scaderi-in-marile-orase_db\/#primaryimage\"},\"thumbnailUrl\":\"https:\/\/www.imobiliare.ro\/imoexpert\/wp-content\/uploads\/2023\/06\/cover-2-14.png\",\"datePublished\":\"2023-06-11T13:39:55+00:00\",\"description\":\"Spre deosebire de luna anterioar\u0103, pre\u021burile locuin\u021belor din Rom\u00e2nia s-au men\u021binut pe o traiectorie general ascendent\u0103 \u00een luna mai. Potrivit Indicelui\",\"breadcrumb\":{\"@id\":\"https:\/\/www.imobiliare.ro\/imoexpert\/cum-au-evoluat-preturile-apartamentelor-in-luna-mai-cresteri-versus-scaderi-in-marile-orase_db\/#breadcrumb\"},\"inLanguage\":\"en\",\"potentialAction\":[{\"@type\":\"ReadAction\",\"target\":[\"https:\/\/www.imobiliare.ro\/imoexpert\/cum-au-evoluat-preturile-apartamentelor-in-luna-mai-cresteri-versus-scaderi-in-marile-orase_db\/\"]}]},{\"@type\":\"ImageObject\",\"inLanguage\":\"en\",\"@id\":\"https:\/\/www.imobiliare.ro\/imoexpert\/cum-au-evoluat-preturile-apartamentelor-in-luna-mai-cresteri-versus-scaderi-in-marile-orase_db\/#primaryimage\",\"url\":\"https:\/\/www.imobiliare.ro\/imoexpert\/wp-content\/uploads\/2023\/06\/cover-2-14.png\",\"contentUrl\":\"https:\/\/www.imobiliare.ro\/imoexpert\/wp-content\/uploads\/2023\/06\/cover-2-14.png\",\"width\":1200,\"height\":675},{\"@type\":\"BreadcrumbList\",\"@id\":\"https:\/\/www.imobiliare.ro\/imoexpert\/cum-au-evoluat-preturile-apartamentelor-in-luna-mai-cresteri-versus-scaderi-in-marile-orase_db\/#breadcrumb\",\"itemListElement\":[{\"@type\":\"ListItem\",\"position\":1,\"name\":\"Imoradar24\",\"item\":\"https:\/\/www.imoradar24.ro\"},{\"@type\":\"ListItem\",\"position\":2,\"name\":\"ImoExpert\",\"item\":\"https:\/\/www.imobiliare.ro\/imoexpert\/\"},{\"@type\":\"ListItem\",\"position\":3,\"name\":\"\u0218tiri\",\"item\":\"https:\/\/www.imobiliare.ro\/imoexpert\/stiri\/\"},{\"@type\":\"ListItem\",\"position\":4,\"name\":\"Cum au evoluat pre\u021burile apartamentelor \u00een luna mai. Cre\u0219teri versus sc\u0103deri \u00een marile ora\u0219e\"}]},{\"@type\":\"WebSite\",\"@id\":\"https:\/\/www.imobiliare.ro\/imoexpert\/#website\",\"url\":\"https:\/\/www.imobiliare.ro\/imoexpert\/\",\"name\":\"ImoExpert\",\"description\":\"cele mai importante \u015ftiri din domeniul imobiliar\",\"publisher\":{\"@id\":\"https:\/\/www.imobiliare.ro\/imoexpert\/#organization\"},\"inLanguage\":\"en\"},{\"@type\":\"Organization\",\"@id\":\"https:\/\/www.imobiliare.ro\/imoexpert\/#organization\",\"name\":\"Imobiliare.ro\",\"alternateName\":\"Realmedia Network SA\",\"url\":\"https:\/\/www.imobiliare.ro\/imoexpert\/\",\"logo\":{\"@type\":\"ImageObject\",\"inLanguage\":\"en\",\"@id\":\"https:\/\/www.imobiliare.ro\/imoexpert\/#\/schema\/logo\/image\/\",\"url\":\"https:\/\/www.imobiliare.ro\/imoexpert\/wp-content\/uploads\/2025\/05\/imobiliare_logo.png\",\"contentUrl\":\"https:\/\/www.imobiliare.ro\/imoexpert\/wp-content\/uploads\/2025\/05\/imobiliare_logo.png\",\"width\":237,\"height\":29,\"caption\":\"Imobiliare.ro\"},\"image\":{\"@id\":\"https:\/\/www.imobiliare.ro\/imoexpert\/#\/schema\/logo\/image\/\"}},{\"@type\":\"Person\",\"@id\":\"https:\/\/www.imobiliare.ro\/imoexpert\/#\/schema\/person\/f3350e4786cf9f97888b908d7a00105c\",\"name\":\"Alexandra Manolache\",\"image\":{\"@type\":\"ImageObject\",\"inLanguage\":\"en\",\"@id\":\"https:\/\/www.imobiliare.ro\/imoexpert\/#\/schema\/person\/image\/\",\"url\":\"https:\/\/www.imobiliare.ro\/imoexpert\/wp-content\/uploads\/2026\/02\/cropped-chatgpt-image-jan-26-2026-11-50-59-am-96x96.png\",\"contentUrl\":\"https:\/\/www.imobiliare.ro\/imoexpert\/wp-content\/uploads\/2026\/02\/cropped-chatgpt-image-jan-26-2026-11-50-59-am-96x96.png\",\"caption\":\"Alexandra Manolache\"},\"description\":\"Alexandra G\u0103bi\u021ba Manolache este Brand Manager la Imobiliare.ro. Absolvent\u0103 a Facult\u0103\u021bii de Cibernetic\u0103, Statistic\u0103 \u0219i Informatic\u0103 Economic\u0103 (FEAA Timi\u0219oara), vine cu o baz\u0103 solid\u0103 \u00een digital \u0219i economie \u0219i o experien\u021b\u0103 de 9 ani \u00een digital marketing. A contribuit ca editor la \u0219ase edi\u021bii ale raportului trimestrial Market 360 \u0219i semneaz\u0103 articole pe blogul Imobiliare.ro, unde explic\u0103 tendin\u021be \u0219i ofer\u0103 perspective aplicate asupra real estate-ului.\",\"sameAs\":[\"https:\/\/alexandra-manolache.com\/\",\"https:\/\/www.facebook.com\/AlexandraGabita\",\"https:\/\/www.instagram.com\/alexandragabita\/\",\"https:\/\/www.linkedin.com\/in\/alexandra-gabita-manolache\/\",\"https:\/\/www.youtube.com\/channel\/UCAqYKF7H8sJ0n55YF97Lz5g\"],\"jobTitle\":\"Brand Manager\",\"url\":\"https:\/\/www.imobiliare.ro\/imoexpert\/author\/alexandra-manolache\/\"}]}<\/script>\n<!-- \/ Yoast SEO Premium plugin. -->","yoast_head_json":{"title":"Cum au evoluat pre\u021burile apartamentelor \u00een luna mai. Cre\u0219teri versus sc\u0103deri \u00een marile ora\u0219e - \u0218tiri - ImoExpert","description":"Spre deosebire de luna anterioar\u0103, pre\u021burile locuin\u021belor din Rom\u00e2nia s-au men\u021binut pe o traiectorie general ascendent\u0103 \u00een luna mai. Potrivit Indicelui","robots":{"index":"index","follow":"follow"},"canonical":"https:\/\/www.imobiliare.ro\/imoexpert\/cum-au-evoluat-preturile-apartamentelor-in-luna-mai-cresteri-versus-scaderi-in-marile-orase_db\/","og_locale":"ro_RO","og_type":"article","og_title":"Cum au evoluat pre\u021burile apartamentelor \u00een luna mai. Cre\u0219teri versus sc\u0103deri \u00een marile ora\u0219e","og_description":"Spre deosebire de luna anterioar\u0103, pre\u021burile locuin\u021belor din Rom\u00e2nia s-au men\u021binut pe o traiectorie general ascendent\u0103 \u00een luna mai. Potrivit Indicelui","og_url":"https:\/\/www.imobiliare.ro\/imoexpert\/cum-au-evoluat-preturile-apartamentelor-in-luna-mai-cresteri-versus-scaderi-in-marile-orase_db\/","og_site_name":"ImoExpert","article_author":"https:\/\/www.facebook.com\/AlexandraGabita","article_published_time":"2023-06-11T13:39:55+00:00","og_image":[{"width":1200,"height":675,"url":"https:\/\/www.imobiliare.ro\/imoexpert\/wp-content\/uploads\/2023\/06\/cover-2-14.png","type":"image\/png"}],"author":"Alexandra Manolache","twitter_card":"summary_large_image","twitter_misc":{"Written by":"Alexandra Manolache","Est. reading time":"5 minute"},"schema":{"@context":"https:\/\/schema.org","@graph":[{"@type":"Article","@id":"https:\/\/www.imobiliare.ro\/imoexpert\/cum-au-evoluat-preturile-apartamentelor-in-luna-mai-cresteri-versus-scaderi-in-marile-orase_db\/#article","isPartOf":{"@id":"https:\/\/www.imobiliare.ro\/imoexpert\/cum-au-evoluat-preturile-apartamentelor-in-luna-mai-cresteri-versus-scaderi-in-marile-orase_db\/"},"author":{"name":"Alexandra Manolache","@id":"https:\/\/www.imobiliare.ro\/imoexpert\/#\/schema\/person\/f3350e4786cf9f97888b908d7a00105c"},"headline":"Cum au evoluat pre\u021burile apartamentelor \u00een luna mai. Cre\u0219teri versus sc\u0103deri \u00een marile ora\u0219e","datePublished":"2023-06-11T13:39:55+00:00","mainEntityOfPage":{"@id":"https:\/\/www.imobiliare.ro\/imoexpert\/cum-au-evoluat-preturile-apartamentelor-in-luna-mai-cresteri-versus-scaderi-in-marile-orase_db\/"},"wordCount":1128,"commentCount":0,"publisher":{"@id":"https:\/\/www.imobiliare.ro\/imoexpert\/#organization"},"image":{"@id":"https:\/\/www.imobiliare.ro\/imoexpert\/cum-au-evoluat-preturile-apartamentelor-in-luna-mai-cresteri-versus-scaderi-in-marile-orase_db\/#primaryimage"},"thumbnailUrl":"https:\/\/www.imobiliare.ro\/imoexpert\/wp-content\/uploads\/2023\/06\/cover-2-14.png","articleSection":["\u0218tiri"],"inLanguage":"en","potentialAction":[{"@type":"CommentAction","name":"Comment","target":["https:\/\/www.imobiliare.ro\/imoexpert\/cum-au-evoluat-preturile-apartamentelor-in-luna-mai-cresteri-versus-scaderi-in-marile-orase_db\/#respond"]}],"copyrightYear":"2023","copyrightHolder":{"@id":"https:\/\/www.imobiliare.ro\/imoexpert\/#organization"}},{"@type":"WebPage","@id":"https:\/\/www.imobiliare.ro\/imoexpert\/cum-au-evoluat-preturile-apartamentelor-in-luna-mai-cresteri-versus-scaderi-in-marile-orase_db\/","url":"https:\/\/www.imobiliare.ro\/imoexpert\/cum-au-evoluat-preturile-apartamentelor-in-luna-mai-cresteri-versus-scaderi-in-marile-orase_db\/","name":"Cum au evoluat pre\u021burile apartamentelor \u00een luna mai. Cre\u0219teri versus sc\u0103deri \u00een marile ora\u0219e - \u0218tiri - ImoExpert","isPartOf":{"@id":"https:\/\/www.imobiliare.ro\/imoexpert\/#website"},"primaryImageOfPage":{"@id":"https:\/\/www.imobiliare.ro\/imoexpert\/cum-au-evoluat-preturile-apartamentelor-in-luna-mai-cresteri-versus-scaderi-in-marile-orase_db\/#primaryimage"},"image":{"@id":"https:\/\/www.imobiliare.ro\/imoexpert\/cum-au-evoluat-preturile-apartamentelor-in-luna-mai-cresteri-versus-scaderi-in-marile-orase_db\/#primaryimage"},"thumbnailUrl":"https:\/\/www.imobiliare.ro\/imoexpert\/wp-content\/uploads\/2023\/06\/cover-2-14.png","datePublished":"2023-06-11T13:39:55+00:00","description":"Spre deosebire de luna anterioar\u0103, pre\u021burile locuin\u021belor din Rom\u00e2nia s-au men\u021binut pe o traiectorie general ascendent\u0103 \u00een luna mai. Potrivit Indicelui","breadcrumb":{"@id":"https:\/\/www.imobiliare.ro\/imoexpert\/cum-au-evoluat-preturile-apartamentelor-in-luna-mai-cresteri-versus-scaderi-in-marile-orase_db\/#breadcrumb"},"inLanguage":"en","potentialAction":[{"@type":"ReadAction","target":["https:\/\/www.imobiliare.ro\/imoexpert\/cum-au-evoluat-preturile-apartamentelor-in-luna-mai-cresteri-versus-scaderi-in-marile-orase_db\/"]}]},{"@type":"ImageObject","inLanguage":"en","@id":"https:\/\/www.imobiliare.ro\/imoexpert\/cum-au-evoluat-preturile-apartamentelor-in-luna-mai-cresteri-versus-scaderi-in-marile-orase_db\/#primaryimage","url":"https:\/\/www.imobiliare.ro\/imoexpert\/wp-content\/uploads\/2023\/06\/cover-2-14.png","contentUrl":"https:\/\/www.imobiliare.ro\/imoexpert\/wp-content\/uploads\/2023\/06\/cover-2-14.png","width":1200,"height":675},{"@type":"BreadcrumbList","@id":"https:\/\/www.imobiliare.ro\/imoexpert\/cum-au-evoluat-preturile-apartamentelor-in-luna-mai-cresteri-versus-scaderi-in-marile-orase_db\/#breadcrumb","itemListElement":[{"@type":"ListItem","position":1,"name":"Imoradar24","item":"https:\/\/www.imoradar24.ro"},{"@type":"ListItem","position":2,"name":"ImoExpert","item":"https:\/\/www.imobiliare.ro\/imoexpert\/"},{"@type":"ListItem","position":3,"name":"\u0218tiri","item":"https:\/\/www.imobiliare.ro\/imoexpert\/stiri\/"},{"@type":"ListItem","position":4,"name":"Cum au evoluat pre\u021burile apartamentelor \u00een luna mai. Cre\u0219teri versus sc\u0103deri \u00een marile ora\u0219e"}]},{"@type":"WebSite","@id":"https:\/\/www.imobiliare.ro\/imoexpert\/#website","url":"https:\/\/www.imobiliare.ro\/imoexpert\/","name":"ImoExpert","description":"cele mai importante \u015ftiri din domeniul imobiliar","publisher":{"@id":"https:\/\/www.imobiliare.ro\/imoexpert\/#organization"},"inLanguage":"en"},{"@type":"Organization","@id":"https:\/\/www.imobiliare.ro\/imoexpert\/#organization","name":"Imobiliare.ro","alternateName":"Realmedia Network SA","url":"https:\/\/www.imobiliare.ro\/imoexpert\/","logo":{"@type":"ImageObject","inLanguage":"en","@id":"https:\/\/www.imobiliare.ro\/imoexpert\/#\/schema\/logo\/image\/","url":"https:\/\/www.imobiliare.ro\/imoexpert\/wp-content\/uploads\/2025\/05\/imobiliare_logo.png","contentUrl":"https:\/\/www.imobiliare.ro\/imoexpert\/wp-content\/uploads\/2025\/05\/imobiliare_logo.png","width":237,"height":29,"caption":"Imobiliare.ro"},"image":{"@id":"https:\/\/www.imobiliare.ro\/imoexpert\/#\/schema\/logo\/image\/"}},{"@type":"Person","@id":"https:\/\/www.imobiliare.ro\/imoexpert\/#\/schema\/person\/f3350e4786cf9f97888b908d7a00105c","name":"Alexandra Manolache","image":{"@type":"ImageObject","inLanguage":"en","@id":"https:\/\/www.imobiliare.ro\/imoexpert\/#\/schema\/person\/image\/","url":"https:\/\/www.imobiliare.ro\/imoexpert\/wp-content\/uploads\/2026\/02\/cropped-chatgpt-image-jan-26-2026-11-50-59-am-96x96.png","contentUrl":"https:\/\/www.imobiliare.ro\/imoexpert\/wp-content\/uploads\/2026\/02\/cropped-chatgpt-image-jan-26-2026-11-50-59-am-96x96.png","caption":"Alexandra Manolache"},"description":"Alexandra G\u0103bi\u021ba Manolache este Brand Manager la Imobiliare.ro. Absolvent\u0103 a Facult\u0103\u021bii de Cibernetic\u0103, Statistic\u0103 \u0219i Informatic\u0103 Economic\u0103 (FEAA Timi\u0219oara), vine cu o baz\u0103 solid\u0103 \u00een digital \u0219i economie \u0219i o experien\u021b\u0103 de 9 ani \u00een digital marketing. A contribuit ca editor la \u0219ase edi\u021bii ale raportului trimestrial Market 360 \u0219i semneaz\u0103 articole pe blogul Imobiliare.ro, unde explic\u0103 tendin\u021be \u0219i ofer\u0103 perspective aplicate asupra real estate-ului.","sameAs":["https:\/\/alexandra-manolache.com\/","https:\/\/www.facebook.com\/AlexandraGabita","https:\/\/www.instagram.com\/alexandragabita\/","https:\/\/www.linkedin.com\/in\/alexandra-gabita-manolache\/","https:\/\/www.youtube.com\/channel\/UCAqYKF7H8sJ0n55YF97Lz5g"],"jobTitle":"Brand Manager","url":"https:\/\/www.imobiliare.ro\/imoexpert\/author\/alexandra-manolache\/"}]}},"_links":{"self":[{"href":"https:\/\/www.imobiliare.ro\/imoexpert\/wp-json\/wp\/v2\/posts\/66599","targetHints":{"allow":["GET"]}}],"collection":[{"href":"https:\/\/www.imobiliare.ro\/imoexpert\/wp-json\/wp\/v2\/posts"}],"about":[{"href":"https:\/\/www.imobiliare.ro\/imoexpert\/wp-json\/wp\/v2\/types\/post"}],"author":[{"embeddable":true,"href":"https:\/\/www.imobiliare.ro\/imoexpert\/wp-json\/wp\/v2\/users\/842160"}],"replies":[{"embeddable":true,"href":"https:\/\/www.imobiliare.ro\/imoexpert\/wp-json\/wp\/v2\/comments?post=66599"}],"version-history":[{"count":0,"href":"https:\/\/www.imobiliare.ro\/imoexpert\/wp-json\/wp\/v2\/posts\/66599\/revisions"}],"wp:featuredmedia":[{"embeddable":true,"href":"https:\/\/www.imobiliare.ro\/imoexpert\/wp-json\/wp\/v2\/media\/66600"}],"wp:attachment":[{"href":"https:\/\/www.imobiliare.ro\/imoexpert\/wp-json\/wp\/v2\/media?parent=66599"}],"wp:term":[{"taxonomy":"category","embeddable":true,"href":"https:\/\/www.imobiliare.ro\/imoexpert\/wp-json\/wp\/v2\/categories?post=66599"},{"taxonomy":"post_tag","embeddable":true,"href":"https:\/\/www.imobiliare.ro\/imoexpert\/wp-json\/wp\/v2\/tags?post=66599"},{"taxonomy":"content_author","embeddable":true,"href":"https:\/\/www.imobiliare.ro\/imoexpert\/wp-json\/wp\/v2\/content_author?post=66599"}],"curies":[{"name":"wp","href":"https:\/\/api.w.org\/{rel}","templated":true}]}}