{"id":66627,"date":"2023-06-21T08:58:58","date_gmt":"2023-06-21T05:58:58","guid":{"rendered":"https:\/\/www.imobiliare.ro\/imoexpert\/?p=66627"},"modified":"2023-06-21T08:58:58","modified_gmt":"2023-06-21T05:58:58","slug":"palatul-bragadiru-scos-la-vanzare-pe-imobiliare-ro-cum-arata-proprietatea-de-26-milioane-de-euro","status":"publish","type":"post","link":"https:\/\/www.imobiliare.ro\/imoexpert\/palatul-bragadiru-scos-la-vanzare-pe-imobiliare-ro-cum-arata-proprietatea-de-26-milioane-de-euro_db\/","title":{"rendered":"Care sunt cele mai scumpe propriet\u0103\u021bi scoase la v\u00e2nzare \u00een acest moment \u00een Rom\u00e2nia?"},"content":{"rendered":"\n<p>Peste 1.300 de propriet\u0103\u021bi reziden\u021biale au un pre\u021b de listare de cel pu\u021bin 1 milion de euro ast\u0103zi, conform Imobiliare.ro, iar num\u0103rul acestora este \u00een cre\u0219tere pe m\u0103sur\u0103 ce se dezvolt\u0103 noi ansambluri reziden\u021biale premium care au \u00een oferta lor penthouse-uri \u0219i duplex-uri scumpe. <\/p>\n\n\n\n<blockquote class=\"wp-block-quote is-layout-flow wp-block-quote-is-layout-flow\">\n<p><em>\u201eDe\u0219i suntem \u00eenc\u0103 departe de a avea o pia\u021b\u0103 reziden\u021bial\u0103 de lux \u00een adev\u0103ratul sens al cuv\u00e2ntului, apar tot mai multe propriet\u0103\u021bi al c\u0103ror pre\u021b dep\u0103\u0219e\u0219te 1 milion de euro. 68% sunt imobile noi, iar doar 7% sunt propriet\u0103\u021bi istorice. Cele mai multe se afl\u0103 \u00een Bucure\u0219ti (68%), urmate de Cluj, Bra\u0219ov, Timi\u0219 \u0219i Constan\u021ba. Cea mai scump\u0103 proprietate listat\u0103 \u00een prezent este Palatul Bragadiru. Bine\u00een\u021beles, dureaz\u0103 luni de zile, uneori ani pentru a g\u0103si cump\u0103r\u0103torul pentru o astfel de proprietate care presupune de cele mai multe ori existen\u021ba unui plan de business solid pentru recuperarea investi\u021biei. Pe de alt\u0103 parte, mai dinamic este segmentul reziden\u021bial nou, unde penthouse-urile \u0219i duplex-urile de lux sunt tot mai bine reprezentate \u00een oferta dezvoltatorilor \u0219i unde vorbim de achizi\u021bii cu obiectiv strict reziden\u021bial\u201d \u2013 <strong>Daniel Crainic, director de marketing Imobiliare.ro. <\/strong>&nbsp;&nbsp;&nbsp;<\/em><\/p>\n\n\n\n<p><\/p>\n<\/blockquote>\n\n\n\n<figure class=\"wp-block-image size-large\"><img loading=\"lazy\" decoding=\"async\" width=\"1024\" height=\"680\" src=\"https:\/\/www.imobiliare.ro\/imoexpert\/wp-content\/uploads\/2023\/06\/loc-1-1-1-1024x680.jpg\" alt=\"\" class=\"wp-image-66629\" srcset=\"https:\/\/www.imobiliare.ro\/imoexpert\/wp-content\/uploads\/2023\/06\/loc-1-1-1-1024x680.jpg 1024w, https:\/\/www.imobiliare.ro\/imoexpert\/wp-content\/uploads\/2023\/06\/loc-1-1-1-300x199.jpg 300w, https:\/\/www.imobiliare.ro\/imoexpert\/wp-content\/uploads\/2023\/06\/loc-1-1-1-768x510.jpg 768w, https:\/\/www.imobiliare.ro\/imoexpert\/wp-content\/uploads\/2023\/06\/loc-1-1-1.jpg 1085w\" sizes=\"auto, (max-width: 1024px) 100vw, 1024px\" \/><\/figure>\n\n\n\n<div id=\"ez-toc-container\" class=\"ez-toc-v2_0_81 counter-hierarchy ez-toc-counter ez-toc-grey ez-toc-container-direction\">\n<p class=\"ez-toc-title\" style=\"cursor:inherit\">Table of Contents<\/p>\n<label for=\"ez-toc-cssicon-toggle-item-69f315158d8eb\" class=\"ez-toc-cssicon-toggle-label\"><span class=\"ez-toc-cssicon\"><span class=\"eztoc-hide\" style=\"display:none;\">Toggle<\/span><span class=\"ez-toc-icon-toggle-span\"><svg style=\"fill: #999;color:#999\" xmlns=\"http:\/\/www.w3.org\/2000\/svg\" class=\"list-377408\" width=\"20px\" height=\"20px\" viewBox=\"0 0 24 24\" fill=\"none\"><path d=\"M6 6H4v2h2V6zm14 0H8v2h12V6zM4 11h2v2H4v-2zm16 0H8v2h12v-2zM4 16h2v2H4v-2zm16 0H8v2h12v-2z\" fill=\"currentColor\"><\/path><\/svg><svg style=\"fill: #999;color:#999\" class=\"arrow-unsorted-368013\" xmlns=\"http:\/\/www.w3.org\/2000\/svg\" width=\"10px\" height=\"10px\" viewBox=\"0 0 24 24\" version=\"1.2\" baseProfile=\"tiny\"><path d=\"M18.2 9.3l-6.2-6.3-6.2 6.3c-.2.2-.3.4-.3.7s.1.5.3.7c.2.2.4.3.7.3h11c.3 0 .5-.1.7-.3.2-.2.3-.5.3-.7s-.1-.5-.3-.7zM5.8 14.7l6.2 6.3 6.2-6.3c.2-.2.3-.5.3-.7s-.1-.5-.3-.7c-.2-.2-.4-.3-.7-.3h-11c-.3 0-.5.1-.7.3-.2.2-.3.5-.3.7s.1.5.3.7z\"\/><\/svg><\/span><\/span><\/label><input type=\"checkbox\"  id=\"ez-toc-cssicon-toggle-item-69f315158d8eb\"  aria-label=\"Toggle\" \/><nav><ul class='ez-toc-list ez-toc-list-level-1 ' ><li class='ez-toc-page-1 ez-toc-heading-level-2'><a class=\"ez-toc-link ez-toc-heading-1\" href=\"https:\/\/www.imobiliare.ro\/imoexpert\/palatul-bragadiru-scos-la-vanzare-pe-imobiliare-ro-cum-arata-proprietatea-de-26-milioane-de-euro_db\/#Palatul_Bragadiru_%E2%80%93_26_milioane_euro\" >Palatul Bragadiru \u2013 26 milioane euro<\/a><\/li><li class='ez-toc-page-1 ez-toc-heading-level-2'><a class=\"ez-toc-link ez-toc-heading-2\" href=\"https:\/\/www.imobiliare.ro\/imoexpert\/palatul-bragadiru-scos-la-vanzare-pe-imobiliare-ro-cum-arata-proprietatea-de-26-milioane-de-euro_db\/#Fosta_Ambasada_a_Chille_%E2%80%93_11_mil_E\" >Fosta Ambasada a Chille&nbsp; &#8211; 11 mil. \u20ac<\/a><\/li><li class='ez-toc-page-1 ez-toc-heading-level-2'><a class=\"ez-toc-link ez-toc-heading-3\" href=\"https:\/\/www.imobiliare.ro\/imoexpert\/palatul-bragadiru-scos-la-vanzare-pe-imobiliare-ro-cum-arata-proprietatea-de-26-milioane-de-euro_db\/#Vila_cu_16_camere_aflata_in_zona_Romana_%E2%80%93_11_mil_E\" >Vil\u0103 cu 16 camere aflat\u0103 \u00een zona Roman\u0103 \u2013 11 mil. \u20ac<\/a><\/li><li class='ez-toc-page-1 ez-toc-heading-level-2'><a class=\"ez-toc-link ez-toc-heading-4\" href=\"https:\/\/www.imobiliare.ro\/imoexpert\/palatul-bragadiru-scos-la-vanzare-pe-imobiliare-ro-cum-arata-proprietatea-de-26-milioane-de-euro_db\/#Complex_turistic_din_Brasov_cu_25_de_camere_%E2%80%93_95_mil_E\" >Complex turistic din Bra\u0219ov cu 25 de camere \u2013 9.5 mil \u20ac<\/a><\/li><li class='ez-toc-page-1 ez-toc-heading-level-2'><a class=\"ez-toc-link ez-toc-heading-5\" href=\"https:\/\/www.imobiliare.ro\/imoexpert\/palatul-bragadiru-scos-la-vanzare-pe-imobiliare-ro-cum-arata-proprietatea-de-26-milioane-de-euro_db\/#Vila_de_lux_aflata_in_Parcul_Kiseleff_%E2%80%93_8_mil_E\" >Vil\u0103 de lux aflat\u0103 \u00een Parcul Kiseleff \u2013 8 mil. \u20ac<\/a><\/li><li class='ez-toc-page-1 ez-toc-heading-level-2'><a class=\"ez-toc-link ez-toc-heading-6\" href=\"https:\/\/www.imobiliare.ro\/imoexpert\/palatul-bragadiru-scos-la-vanzare-pe-imobiliare-ro-cum-arata-proprietatea-de-26-milioane-de-euro_db\/#Vila_in_stil_neoclasic_de_vanzare_in_zona_Herastrau_%E2%80%93_7_mil_E\" >Vil\u0103 \u00een stil neoclasic de v\u00e2nzare \u00een zona Her\u0103str\u0103u \u2013 7 mil. \u20ac<\/a><\/li><li class='ez-toc-page-1 ez-toc-heading-level-2'><a class=\"ez-toc-link ez-toc-heading-7\" href=\"https:\/\/www.imobiliare.ro\/imoexpert\/palatul-bragadiru-scos-la-vanzare-pe-imobiliare-ro-cum-arata-proprietatea-de-26-milioane-de-euro_db\/#Fosta_Ambasada_a_Americii_%E2%80%93_68_mil_E\" >Fosta Ambasad\u0103 a Americii \u2013 6.8 mil \u20ac<\/a><\/li><li class='ez-toc-page-1 ez-toc-heading-level-2'><a class=\"ez-toc-link ez-toc-heading-8\" href=\"https:\/\/www.imobiliare.ro\/imoexpert\/palatul-bragadiru-scos-la-vanzare-pe-imobiliare-ro-cum-arata-proprietatea-de-26-milioane-de-euro_db\/#Palatul_Woroniecki_%E2%80%93_595_mil_E\" >Palatul Woroniecki \u2013 5.95 mil \u20ac<\/a><\/li><li class='ez-toc-page-1 ez-toc-heading-level-2'><a class=\"ez-toc-link ez-toc-heading-9\" href=\"https:\/\/www.imobiliare.ro\/imoexpert\/palatul-bragadiru-scos-la-vanzare-pe-imobiliare-ro-cum-arata-proprietatea-de-26-milioane-de-euro_db\/#Penthouse_in_Gafencu_49_Residence_%E2%80%93_55_mil_E\" >Penthouse \u00een Gafencu 49 Residence \u2013 5.5 mil \u20ac<\/a><\/li><li class='ez-toc-page-1 ez-toc-heading-level-2'><a class=\"ez-toc-link ez-toc-heading-10\" href=\"https:\/\/www.imobiliare.ro\/imoexpert\/palatul-bragadiru-scos-la-vanzare-pe-imobiliare-ro-cum-arata-proprietatea-de-26-milioane-de-euro_db\/#Vila_monument_istoric_zona_Universitate_%E2%80%93_45_mil_E\" >Vil\u0103 monument istoric, zona Universitate \u2013 4,5 mil \u20ac<\/a><\/li><\/ul><\/nav><\/div>\n<h2 class=\"wp-block-heading\"><span class=\"ez-toc-section\" id=\"Palatul_Bragadiru_%E2%80%93_26_milioane_euro\"><\/span>Palatul Bragadiru \u2013 26 milioane euro<span class=\"ez-toc-section-end\"><\/span><\/h2>\n\n\n\n<p><a class=\"article-body-links\"href=\"https:\/\/www.imobiliare.ro\/vanzare-individuale\/bucuresti\/unirii\/casa-individuala-de-vanzare-82-camere-XV0601PDH?utm_source=news&amp;utm_medium=cpc&amp;utm_campaign=imobiliare.ro-article\">Proprietate unic\u0103<\/a>,&nbsp; Palatul Bragadiru, a intrat pe pia\u021ba imobiliar\u0103, listat la un pre\u021b de <strong>26.000.000 de euro<\/strong>. Situat \u00een inima Bucure\u0219tiului, Complexul Arhitectural Palatul Bragadiru, construit \u00een jurul anului 1905 de Dumitru Marinescu Bragadiru, este o perl\u0103 a patrimoniului rom\u00e2nesc, m\u0103rturie vie a istoriei \u0219i culturii na\u021bionale. Planurile palatului au fost concepute de renumitul arhitect austriac Anton Shuckerl \u00een anul 1894.<\/p>\n\n\n\n<p>Palatul are o suprafa\u021b\u0103 util\u0103 de 7.000 mp, cu 82 de camere \u0219i 39 de b\u0103i, dezvoltat pe patru niveluri (S+P+3E) pe un teren de 16.491 mp. Spa\u021biul este complet renovat, men\u021bin\u00e2nd \u00een acela\u0219i timp frumuse\u021bea \u0219i detaliile arhitecturale originale. Elementele distincte precum sc\u0103rile \u00een spiral\u0103 \u00een stil normand, stucaturile, statuile inserate \u00een fa\u021bad\u0103, oglinzile vene\u021biene \u0219i balcoanele \u00een stil victorian \u00eembin\u0103 cu m\u0103iestrie tradi\u021bia \u0219i rafinamentul.<\/p>\n\n\n\n<figure class=\"wp-block-image size-large\"><img loading=\"lazy\" decoding=\"async\" width=\"1024\" height=\"576\" src=\"https:\/\/www.imobiliare.ro\/imoexpert\/wp-content\/uploads\/2023\/06\/loc-2-1024x576.jpg\" alt=\"\" class=\"wp-image-66630\" srcset=\"https:\/\/www.imobiliare.ro\/imoexpert\/wp-content\/uploads\/2023\/06\/loc-2-1024x576.jpg 1024w, https:\/\/www.imobiliare.ro\/imoexpert\/wp-content\/uploads\/2023\/06\/loc-2-300x169.jpg 300w, https:\/\/www.imobiliare.ro\/imoexpert\/wp-content\/uploads\/2023\/06\/loc-2-768x432.jpg 768w, https:\/\/www.imobiliare.ro\/imoexpert\/wp-content\/uploads\/2023\/06\/loc-2.jpg 1280w\" sizes=\"auto, (max-width: 1024px) 100vw, 1024px\" \/><\/figure>\n\n\n\n<h2 class=\"wp-block-heading\"><span class=\"ez-toc-section\" id=\"Fosta_Ambasada_a_Chille_%E2%80%93_11_mil_E\"><\/span>Fosta Ambasada a Chille&nbsp; &#8211; 11 mil. \u20ac<span class=\"ez-toc-section-end\"><\/span><\/h2>\n\n\n\n<p><a class=\"article-body-links\"href=\"https:\/\/www.imobiliare.ro\/vanzare-individuale\/bucuresti\/p-ta-romana\/casa-individuala-de-vanzare-sau-de-inchiriat-16-camere-X8EM1103U?utm_source=news&amp;utm_medium=cpc&amp;utm_campaign=imobiliare.ro-article\">Aceast\u0103 vil\u0103 istoric\u0103<\/a>, ce ocup\u0103 locul doi \u00een clasament, a fost anterior sediul pentru Ambasada Japoniei \u0219i Ambasada Chile, conferindu-i o not\u0103 de prestigiu. Vila se m\u00e2ndre\u0219te cu o arhitectur\u0103 deosebit\u0103 \u0219i este situat\u0103 strategic \u00eentre dou\u0103 dintre principalele artere ale Capitalei &#8211; Calea Victoriei \u0219i Pia\u021ba Roman\u0103.<\/p>\n\n\n\n<p>Construit\u0103 \u00een 1936, aceast\u0103 proprietate se \u00eentinde pe o suprafa\u021b\u0103 util\u0103 de 1300 mp. Cu 16 camere spa\u021bioase \u0219i luminoase, vilei i se adaug\u0103 un plus de func\u021bionalitate prin cele 2 buc\u0103t\u0103rii \u0219i 6 b\u0103i. \u00cen plus, proprietatea se bucur\u0103 de 5 balcoane, de unde se poate admira frumuse\u021bea arhitectural\u0103 a Capitalei.<\/p>\n\n\n\n<figure class=\"wp-block-image size-large\"><img loading=\"lazy\" decoding=\"async\" width=\"1024\" height=\"576\" src=\"https:\/\/www.imobiliare.ro\/imoexpert\/wp-content\/uploads\/2023\/06\/loc-3-1-1024x576.jpg\" alt=\"\" class=\"wp-image-66645\" srcset=\"https:\/\/www.imobiliare.ro\/imoexpert\/wp-content\/uploads\/2023\/06\/loc-3-1-1024x576.jpg 1024w, https:\/\/www.imobiliare.ro\/imoexpert\/wp-content\/uploads\/2023\/06\/loc-3-1-300x169.jpg 300w, https:\/\/www.imobiliare.ro\/imoexpert\/wp-content\/uploads\/2023\/06\/loc-3-1-768x432.jpg 768w, https:\/\/www.imobiliare.ro\/imoexpert\/wp-content\/uploads\/2023\/06\/loc-3-1.jpg 1280w\" sizes=\"auto, (max-width: 1024px) 100vw, 1024px\" \/><\/figure>\n\n\n\n<h2 class=\"wp-block-heading\"><span class=\"ez-toc-section\" id=\"Vila_cu_16_camere_aflata_in_zona_Romana_%E2%80%93_11_mil_E\"><\/span>Vil\u0103 cu 16 camere aflat\u0103 \u00een zona Roman\u0103 \u2013 11 mil. \u20ac<span class=\"ez-toc-section-end\"><\/span><\/h2>\n\n\n\n<p>&nbsp;Pe locul trei \u00een topul celor mai scumpe propriet\u0103\u021bi din Rom\u00e2nia listate la v\u00e2nzare, se situeaz\u0103<a class=\"article-body-links\"href=\"https:\/\/www.imobiliare.ro\/vanzare-case-vile\/bucuresti\/romana\/casa-de-vanzare-16-camere-XC88111C4?utm_source=news&amp;utm_medium=cpc&amp;utm_campaign=imobiliare.ro-article\"> <\/a><a class=\"article-body-links\"href=\"https:\/\/www.imobiliare.ro\/vanzare-case-vile\/bucuresti\/romana\/casa-de-vanzare-16-camere-XC88111C4?utm_source=news&amp;utm_medium=cpc&amp;utm_campaign=imobiliare.ro-article\">o alt\u0103 vil\u0103 impresionant\u0103<\/a> cu 16 camere. Construit\u0103 \u00een 1977, proprietatea are o suprafa\u021b\u0103 util\u0103 de 1000 mp \u0219i este caracterizat\u0103 printr-o structur\u0103 solid\u0103 din c\u0103r\u0103mid\u0103 \u0219i un regim de \u00een\u0103l\u021bime D+P+1E.<\/p>\n\n\n\n<p>\u00cemp\u0103r\u021birea spa\u021biului interior este una inteligent\u0103, proprietatea av\u00e2nd 6 b\u0103i \u0219i 2 balcoane, care promit o priveli\u0219te de neuitat asupra zonei. Suprafa\u021ba terenului este de 50 mp, \u00een acest spa\u021biu put\u00e2nd fi amenajat\u0103 o curte intim\u0103 sau un spa\u021biu verde.<\/p>\n\n\n\n<figure class=\"wp-block-image size-large\"><img loading=\"lazy\" decoding=\"async\" width=\"1024\" height=\"576\" src=\"https:\/\/www.imobiliare.ro\/imoexpert\/wp-content\/uploads\/2023\/06\/loc-4-1-1024x576.jpg\" alt=\"\" class=\"wp-image-66646\" srcset=\"https:\/\/www.imobiliare.ro\/imoexpert\/wp-content\/uploads\/2023\/06\/loc-4-1-1024x576.jpg 1024w, https:\/\/www.imobiliare.ro\/imoexpert\/wp-content\/uploads\/2023\/06\/loc-4-1-300x169.jpg 300w, https:\/\/www.imobiliare.ro\/imoexpert\/wp-content\/uploads\/2023\/06\/loc-4-1-768x432.jpg 768w, https:\/\/www.imobiliare.ro\/imoexpert\/wp-content\/uploads\/2023\/06\/loc-4-1.jpg 1280w\" sizes=\"auto, (max-width: 1024px) 100vw, 1024px\" \/><\/figure>\n\n\n\n<h2 class=\"wp-block-heading\"><span class=\"ez-toc-section\" id=\"Complex_turistic_din_Brasov_cu_25_de_camere_%E2%80%93_95_mil_E\"><\/span><a><\/a>Complex turistic din Bra\u0219ov cu 25 de camere \u2013 9.5 mil \u20ac<span class=\"ez-toc-section-end\"><\/span><\/h2>\n\n\n\n<p>Pe urm\u0103torul loc din clasament, ne \u00eendrept\u0103m aten\u021bia c\u0103tre o ofert\u0103 turistic\u0103 impresionant\u0103,<a class=\"article-body-links\"href=\"https:\/\/www.imobiliare.ro\/vanzare-individuale\/brasov\/calea-bucuresti\/casa-individuala-de-vanzare-25-camere-X9841103F?utm_source=news&amp;utm_medium=cpc&amp;utm_campaign=imobiliare.ro-article\"> un complex turistic din Bra\u0219ov<\/a> cu 25 de camere \u0219i 2 restaurante. Complexul se desf\u0103\u0219oar\u0103 pe un teren vast de 10.500 mp. Construit \u00een 2012, cu o structur\u0103 rezistent\u0103 din beton, acesta dispune de o suprafa\u021b\u0103 util\u0103 de 2200 mp. Terasele ocup\u0103 o suprafa\u021b\u0103 generoas\u0103 de 260 mp, aduc\u00e2nd un plus de farmec complexului. Capacitatea de cazare este de 64 de locuri, toate dotate cu baruri proprii, LCD, telefon, minibar, internet, balcon. \u00cen plus, ofer\u0103 un teren de sport multifunc\u021bional, loc de joac\u0103 pentru copii, biliard, mas\u0103 de tenis \u0219i parcare pentru 120 de ma\u0219ini. \u00cenregistr\u00e2nd o not\u0103 de 9 din partea clien\u021bilor Booking, cu rezerv\u0103ri deja efectuate pentru anul \u00een curs, acest complex este o afacere de succes la cheie.<\/p>\n\n\n\n<figure class=\"wp-block-image size-large\"><img loading=\"lazy\" decoding=\"async\" width=\"1024\" height=\"576\" src=\"https:\/\/www.imobiliare.ro\/imoexpert\/wp-content\/uploads\/2023\/06\/loc-5-1024x576.jpg\" alt=\"\" class=\"wp-image-66633\" srcset=\"https:\/\/www.imobiliare.ro\/imoexpert\/wp-content\/uploads\/2023\/06\/loc-5-1024x576.jpg 1024w, https:\/\/www.imobiliare.ro\/imoexpert\/wp-content\/uploads\/2023\/06\/loc-5-300x169.jpg 300w, https:\/\/www.imobiliare.ro\/imoexpert\/wp-content\/uploads\/2023\/06\/loc-5-768x432.jpg 768w, https:\/\/www.imobiliare.ro\/imoexpert\/wp-content\/uploads\/2023\/06\/loc-5.jpg 1280w\" sizes=\"auto, (max-width: 1024px) 100vw, 1024px\" \/><\/figure>\n\n\n\n<h2 class=\"wp-block-heading\"><span class=\"ez-toc-section\" id=\"Vila_de_lux_aflata_in_Parcul_Kiseleff_%E2%80%93_8_mil_E\"><\/span><a><\/a>Vil\u0103 de lux aflat\u0103 \u00een Parcul Kiseleff \u2013 8 mil. \u20ac<span class=\"ez-toc-section-end\"><\/span><\/h2>\n\n\n\n<p>\u00a0Pe locul cinci \u00een topul celor mai scumpe propriet\u0103\u021bi listate la v\u00e2nzare \u00een Rom\u00e2nia se afl\u0103 o <a class=\"article-body-links\"href=\"https:\/\/www.imobiliare.ro\/vanzare-case-vile\/bucuresti\/kiseleff\/casa-de-vanzare-30-camere-X49S01021?lista=9654778&amp;listing=1&amp;pagina=lista&amp;exprec=recomandate&amp;sursa_rec=concordanta_lista&amp;rec_ref=9654778&amp;imoidusr=2707530\" target=\"_blank\" rel=\"noreferrer noopener\">cl\u0103dire istoric\u0103<\/a>, situat\u0103 \u00een inima celui mai dorit cartier din Bucure\u0219ti, Aviatorilor &#8211; Doroban\u021bi. Aceast\u0103 proprietate impozant\u0103, situat\u0103 \u00eentr-o mic\u0103 pia\u021bet\u0103 \u0219i la intersec\u021bia a trei str\u0103zi celebre ale ora\u0219ului &#8211; Rabat, Pangratti \u0219i Aleea Alexandru &#8211; poart\u0103 semn\u0103tura marelui arhitect interbelic, Duiliu Marcu, \u0219i a fost construit\u0103 de inginerul Prager.<\/p>\n\n\n\n<p>Cl\u0103direa, care a fost de-a lungul timpului re\u0219edin\u021b\u0103 consular\u0103 sau sediu de ambasad\u0103, a intrat \u00een urm\u0103 cu aproximativ un an \u0219i jum\u0103tate \u00eentr-un amplu proces de restaurare \u0219i modernizare, finalizat \u00een luna iunie 2022. Construit\u0103 \u00een 1932, aceast\u0103 cl\u0103dire se \u00eencadreaz\u0103 \u00een curentul modernist european, aflat \u00een plin\u0103 evolu\u021bie \u00een Rom\u00e2nia acelor vremuri, p\u0103str\u00e2nd \u00eens\u0103 anumite particularit\u0103\u021bi \u0219i detalii interpretative din repertoriul arhitecturii na\u021bionale.<\/p>\n\n\n\n<figure class=\"wp-block-image size-large\"><img loading=\"lazy\" decoding=\"async\" width=\"1024\" height=\"576\" src=\"https:\/\/www.imobiliare.ro\/imoexpert\/wp-content\/uploads\/2023\/06\/loc-6-1024x576.jpg\" alt=\"\" class=\"wp-image-66634\" srcset=\"https:\/\/www.imobiliare.ro\/imoexpert\/wp-content\/uploads\/2023\/06\/loc-6-1024x576.jpg 1024w, https:\/\/www.imobiliare.ro\/imoexpert\/wp-content\/uploads\/2023\/06\/loc-6-300x169.jpg 300w, https:\/\/www.imobiliare.ro\/imoexpert\/wp-content\/uploads\/2023\/06\/loc-6-768x432.jpg 768w, https:\/\/www.imobiliare.ro\/imoexpert\/wp-content\/uploads\/2023\/06\/loc-6.jpg 1280w\" sizes=\"auto, (max-width: 1024px) 100vw, 1024px\" \/><\/figure>\n\n\n\n<h2 class=\"wp-block-heading\"><span class=\"ez-toc-section\" id=\"Vila_in_stil_neoclasic_de_vanzare_in_zona_Herastrau_%E2%80%93_7_mil_E\"><\/span><a><\/a>Vil\u0103 \u00een stil neoclasic de v\u00e2nzare \u00een zona Her\u0103str\u0103u \u2013 7 mil. \u20ac<span class=\"ez-toc-section-end\"><\/span><\/h2>\n\n\n\n<p>Urm\u0103toarea pozi\u021bie din clasament este ocupat\u0103 de o<a class=\"article-body-links\"href=\"https:\/\/www.imobiliare.ro\/vanzare-case-vile\/bucuresti\/herastrau\/casa-de-vanzare-16-camere-XE7A1103M?lista=2352336&amp;listing=1&amp;pagina=lista&amp;sla=lista&amp;sla=lista&amp;exprec=recomandate&amp;sursa_rec=concordanta_lista&amp;rec_ref=2352336&amp;imoidusr=2707530&amp;utm_source=news&amp;utm_medium=cpc&amp;utm_campaign=imobiliare.ro-article\"> <\/a><a class=\"article-body-links\"href=\"https:\/\/www.imobiliare.ro\/vanzare-case-vile\/bucuresti\/herastrau\/casa-de-vanzare-16-camere-XE7A1103M?lista=2352336&amp;listing=1&amp;pagina=lista&amp;sla=lista&amp;sla=lista&amp;exprec=recomandate&amp;sursa_rec=concordanta_lista&amp;rec_ref=2352336&amp;imoidusr=2707530&amp;utm_source=news&amp;utm_medium=cpc&amp;utm_campaign=imobiliare.ro-article\">vil\u0103 neoclasic\u0103 de excep\u021bie<\/a>, situat\u0103 \u00een zona Herastrau. Aceast\u0103 proprietate aduce un amestec de rafinament, elegan\u021b\u0103 \u0219i modernitate \u00een inima ora\u0219ului. Vila se remarc\u0103 prin aspectul ei sofisticat \u0219i prin aten\u021bia meticuloas\u0103 la detalii cu care a fost construit\u0103.<\/p>\n\n\n\n<p>Exteriorul, cu suprafe\u021be vitrate foarte generoase, emana elegan\u021ba caselor neoclasice \u0219i adaug\u0103 o not\u0103 de farmec unic. Finisajele interioare ale vilei sunt realizate cu materiale de cea mai bun\u0103 calitate, incluz\u00e2nd piatr\u0103 natural\u0103, fa\u021bade placate cu piatr\u0103 natural\u0103, marmur\u0103, parchet din lemn masiv, mobil\u0103 f\u0103cut\u0103 pe comand\u0103 din lemn masiv, balustrade de sc\u0103ri din fier forjat \u0219i sc\u0103ri din piatr\u0103 natural\u0103.<\/p>\n\n\n\n<figure class=\"wp-block-image size-large\"><img loading=\"lazy\" decoding=\"async\" width=\"1024\" height=\"576\" src=\"https:\/\/www.imobiliare.ro\/imoexpert\/wp-content\/uploads\/2023\/06\/loc-7-1024x576.jpg\" alt=\"\" class=\"wp-image-66635\" srcset=\"https:\/\/www.imobiliare.ro\/imoexpert\/wp-content\/uploads\/2023\/06\/loc-7-1024x576.jpg 1024w, https:\/\/www.imobiliare.ro\/imoexpert\/wp-content\/uploads\/2023\/06\/loc-7-300x169.jpg 300w, https:\/\/www.imobiliare.ro\/imoexpert\/wp-content\/uploads\/2023\/06\/loc-7-768x432.jpg 768w, https:\/\/www.imobiliare.ro\/imoexpert\/wp-content\/uploads\/2023\/06\/loc-7.jpg 1280w\" sizes=\"auto, (max-width: 1024px) 100vw, 1024px\" \/><\/figure>\n\n\n\n<h2 class=\"wp-block-heading\"><span class=\"ez-toc-section\" id=\"Fosta_Ambasada_a_Americii_%E2%80%93_68_mil_E\"><\/span><a><\/a>Fosta Ambasad\u0103 a Americii \u2013 6.8 mil \u20ac<span class=\"ez-toc-section-end\"><\/span><\/h2>\n\n\n\n<p>Ocup\u00e2nd locul \u0219apte \u00een clasamentul Imobiliare.ro,<a class=\"article-body-links\"href=\"https:\/\/www.imobiliare.ro\/vanzare-case-vile\/bucuresti\/universitate\/casa-de-vanzare-22-camere-XDV501025?lista=2352336&amp;listing=1&amp;pagina=lista&amp;sla=lista&amp;sla=lista&amp;exprec=recomandate&amp;sursa_rec=concordanta_lista&amp;rec_ref=2352336&amp;imoidusr=2707530&amp;utm_source=news&amp;utm_medium=cpc&amp;utm_campaign=imobiliare.ro-article\"> <\/a><a class=\"article-body-links\"href=\"https:\/\/www.imobiliare.ro\/vanzare-case-vile\/bucuresti\/universitate\/casa-de-vanzare-22-camere-XDV501025?lista=2352336&amp;listing=1&amp;pagina=lista&amp;sla=lista&amp;sla=lista&amp;exprec=recomandate&amp;sursa_rec=concordanta_lista&amp;rec_ref=2352336&amp;imoidusr=2707530&amp;utm_source=news&amp;utm_medium=cpc&amp;utm_campaign=imobiliare.ro-article\">Palatul Maurice Blank<\/a>, a fost re\u0219edin\u021ba unuia dintre cei mai importan\u021bi bancheri ai Rom\u00e2niei moderne \u0219i a servit timp de peste 70 de ani ca sediu al Ambasadei Statelor Unite ale Americii la Bucure\u0219ti.<\/p>\n\n\n\n<p>Palatul a fost construit\u0103 \u00een 1891 de c\u0103tre renumitul arhitect elve\u021bian Louis Pierre Blanc. Marele arhitect a avut un impact semnificativ asupra arhitecturii rom\u00e2ne\u0219ti, l\u0103s\u00e2nd \u00een urm\u0103 o serie important\u0103 de cl\u0103diri publice, precum Palatul Ministerului Agriculturii, Palatul Facult\u0103\u021bii de Medicin\u0103, sediul Universit\u0103\u021bii din Ia\u0219i sau Institutul Victor Babe\u0219. A construit \u0219i o serie de re\u0219edin\u021be private, modific\u00e2nd \u00een mod semnificativ aspectul Bucure\u0219tiului de la 1900.<\/p>\n\n\n\n<p>Ast\u0103zi, Palatul Maurice Blank se \u00eentoarce \u00een circuitul privat \u0219i r\u0103m\u00e2ne una dintre capodoperele arhitecturale ale Bucure\u0219tiului.<\/p>\n\n\n\n<figure class=\"wp-block-image size-full\"><img loading=\"lazy\" decoding=\"async\" width=\"960\" height=\"720\" src=\"https:\/\/www.imobiliare.ro\/imoexpert\/wp-content\/uploads\/2023\/06\/loc-8.jpg\" alt=\"\" class=\"wp-image-66636\" srcset=\"https:\/\/www.imobiliare.ro\/imoexpert\/wp-content\/uploads\/2023\/06\/loc-8.jpg 960w, https:\/\/www.imobiliare.ro\/imoexpert\/wp-content\/uploads\/2023\/06\/loc-8-300x225.jpg 300w, https:\/\/www.imobiliare.ro\/imoexpert\/wp-content\/uploads\/2023\/06\/loc-8-768x576.jpg 768w\" sizes=\"auto, (max-width: 960px) 100vw, 960px\" \/><\/figure>\n\n\n\n<h2 class=\"wp-block-heading\"><span class=\"ez-toc-section\" id=\"Palatul_Woroniecki_%E2%80%93_595_mil_E\"><\/span><a><\/a>Palatul Woroniecki \u2013 5.95 mil \u20ac<span class=\"ez-toc-section-end\"><\/span><\/h2>\n\n\n\n<p><a class=\"article-body-links\"href=\"https:\/\/www.imobiliare.ro\/vanzare-individuale\/bucuresti\/arcul-de-triumf\/casa-individuala-de-vanzare-26-camere-XBQM01002?lista=2352336&amp;listing=1&amp;pagina=lista&amp;sla=lista&amp;sla=lista&amp;exprec=recomandate&amp;sursa_rec=concordanta_lista&amp;rec_ref=2352336&amp;imoidusr=2707530&amp;utm_source=news&amp;utm_medium=cpc&amp;utm_campaign=imobiliare.ro-article\">Vila A. K. Woroniecka<\/a> este o bijuterie arhitectural\u0103 situat\u0103 la intersec\u021bia Bulevardului Kiseleff cu strada Ion Mincu, din Bucure\u0219ti. Construit \u00een 1940, palatul reflect\u0103 splendoarea Rom\u00e2niei Interbelice, purt\u00e2nd amprenta distinct\u0103 a arhitectului Alexandru Zaharia. De\u0219i nu este un monument istoric, conservarea impecabil\u0103 \u0219i calitatea excelent\u0103 a materialelor ofer\u0103 o investi\u021bie unic\u0103.<\/p>\n\n\n\n<p>Vila are un stil vene\u021bian cu elemente florentine \u0219i accente neo-rom\u00e2ne\u0219ti. A apar\u021binut prin\u021besei Adina Woroniecka, v\u0103duva prim-ministrului Rom\u00e2niei, Take Ionescu, \u0219i a fost construit\u0103 de o echip\u0103 de me\u0219teri italieni \u00een doar c\u00e2teva luni.<\/p>\n\n\n\n<p>Interiorul s\u0103u are camere spatioase \u0219i luxoase, cu un hol grandios, sufragerie \u0219i living-room, plus dou\u0103 dormitoare \u0219i dou\u0103 saloane la etaj. La mansard\u0103, exist\u0103 camere pentru \u00eengrijitori \u0219i un apartament cu vedere spre Kiseleff. Dup\u0103 na\u021bionalizarea din 1949, cl\u0103direa a ad\u0103postit colec\u021bia muzeal\u0103 Avakian \u00eentre 1975-1978 \u0219i din nou \u00eentre 1994-2003. Proprietatea a fost recuperat\u0103 de mo\u0219tenitori \u0219i v\u00e2ndut\u0103 \u00een 2003 actualului proprietar.<\/p>\n\n\n\n<figure class=\"wp-block-image size-full\"><img loading=\"lazy\" decoding=\"async\" width=\"1024\" height=\"573\" src=\"https:\/\/www.imobiliare.ro\/imoexpert\/wp-content\/uploads\/2023\/06\/loc-9.jpg\" alt=\"\" class=\"wp-image-66637\" srcset=\"https:\/\/www.imobiliare.ro\/imoexpert\/wp-content\/uploads\/2023\/06\/loc-9.jpg 1024w, https:\/\/www.imobiliare.ro\/imoexpert\/wp-content\/uploads\/2023\/06\/loc-9-300x168.jpg 300w, https:\/\/www.imobiliare.ro\/imoexpert\/wp-content\/uploads\/2023\/06\/loc-9-768x430.jpg 768w\" sizes=\"auto, (max-width: 1024px) 100vw, 1024px\" \/><\/figure>\n\n\n\n<h2 class=\"wp-block-heading\"><span class=\"ez-toc-section\" id=\"Penthouse_in_Gafencu_49_Residence_%E2%80%93_55_mil_E\"><\/span><a><\/a>Penthouse \u00een Gafencu 49 Residence \u2013 5.5 mil \u20ac<span class=\"ez-toc-section-end\"><\/span><\/h2>\n\n\n\n<p>&nbsp;Pe locul nou\u0103 \u00een topul celor mai scumpe propriet\u0103\u021bi din Rom\u00e2nia se situeaz\u0103 un<a class=\"article-body-links\"href=\"https:\/\/www.imobiliare.ro\/vanzare-apartamente\/bucuresti\/herastrau\/apartament-de-vanzare-8-camere-X7TK003KU?utm_source=news&amp;utm_medium=cpc&amp;utm_campaign=imobiliare.ro-article\"> <\/a><a class=\"article-body-links\"href=\"https:\/\/www.imobiliare.ro\/vanzare-apartamente\/bucuresti\/herastrau\/apartament-de-vanzare-8-camere-X7TK003KU?utm_source=news&amp;utm_medium=cpc&amp;utm_campaign=imobiliare.ro-article\">penthouse extravagant cu 8 camere<\/a> \u00een Gafencu 49 Residence, \u00een zona Herastrau, Sector 1, Bucure\u0219ti. \u00cenconjurat de o panoram\u0103 impresionant\u0103 a ora\u0219ului, acest penthouse reprezint\u0103 o oaz\u0103 de lux \u0219i confort, situat\u0103 \u00een inima capitalei.<\/p>\n\n\n\n<p>Proprietatea dispune de o suprafa\u021b\u0103 util\u0103 de 802 metri p\u0103tra\u021bi, oferind un spa\u021biu generos de locuit, compartimentat \u00een modul cel mai eficient. Confortul \u0219i luxul sunt reprezentate nu doar prin dimensiunile impresionante, ci \u0219i prin calitatea superioar\u0103 a finisajelor, precum \u0219i prin designul modern \u0219i elegant.<\/p>\n\n\n\n<p>\u00cen plus, penthouse-ul are la dispozi\u021bie 255 metri p\u0103tra\u021bi de terase, oferind proprietarilor o vedere uluitoare asupra ora\u0219ului \u0219i un spa\u021biu exterior privat, perfect pentru relaxare sau evenimente. Amplasat la ultimul etaj al unui bloc de 12 etaje, acest penthouse reprezint\u0103 un adev\u0103rat refugiu urban, care \u00eembin\u0103 perfect via\u021ba de ora\u0219 cu o priveli\u0219te uluitoare \u0219i o senza\u021bie de lini\u0219te \u0219i intimitate.<\/p>\n\n\n<div class=\"wp-block-image\">\n<figure class=\"aligncenter size-full\"><img loading=\"lazy\" decoding=\"async\" width=\"540\" height=\"545\" src=\"https:\/\/www.imobiliare.ro\/imoexpert\/wp-content\/uploads\/2023\/06\/loc-10.jpg\" alt=\"\" class=\"wp-image-66638\" srcset=\"https:\/\/www.imobiliare.ro\/imoexpert\/wp-content\/uploads\/2023\/06\/loc-10.jpg 540w, https:\/\/www.imobiliare.ro\/imoexpert\/wp-content\/uploads\/2023\/06\/loc-10-297x300.jpg 297w, https:\/\/www.imobiliare.ro\/imoexpert\/wp-content\/uploads\/2023\/06\/loc-10-140x140.jpg 140w\" sizes=\"auto, (max-width: 540px) 100vw, 540px\" \/><\/figure>\n<\/div>\n\n\n<h2 class=\"wp-block-heading\"><span class=\"ez-toc-section\" id=\"Vila_monument_istoric_zona_Universitate_%E2%80%93_45_mil_E\"><\/span><a><\/a>Vil\u0103 monument istoric, zona Universitate \u2013 4,5 mil \u20ac<span class=\"ez-toc-section-end\"><\/span><\/h2>\n\n\n\n<p>&nbsp;<a class=\"article-body-links\"href=\"https:\/\/www.imobiliare.ro\/vanzare-individuale\/bucuresti\/universitate\/casa-individuala-de-vanzare-20-camere-XA8S1122E?lista=2352336&amp;listing=1&amp;pagina=lista&amp;sla=lista&amp;sla=lista&amp;imoidusr=2707530&amp;utm_source=news&amp;utm_medium=cpc&amp;utm_campaign=imobiliare.ro-article\">Aceast\u0103 proprietate istoric\u0103<\/a> aduce cu sine o oportunitate unic\u0103 de investi\u021bie, \u00eentr-o cl\u0103dire cu o arhitectur\u0103 remarcabil\u0103 \u0219i cu o istorie bogat\u0103. S-a p\u0103strat la standarde \u00eenalte de-a lungul timpului, subliniind aten\u021bia acordat\u0103 detaliilor \u0219i respectul fa\u021b\u0103 de patrimoniul arhitectural.<\/p>\n\n\n\n<p>Situat\u0103 \u00eentr-o pozi\u021bie central\u0103, accesibilitatea este unul dintre principalele sale atuuri. \u00cenconjurat\u0103 de alte cl\u0103diri emblematice, cu magazine, restaurante \u0219i alte puncte de interes \u00een apropiere, aceast\u0103 proprietate ofer\u0103 un avantaj strategic pentru orice afacere. Cl\u0103direa, care a fost construit\u0103 cu scop comercial, ofer\u0103 \u00een prezent un amestec de spa\u021bii care pot fi folosite \u00een moduri diverse. Cele 60 de camere se \u00eempart pe cinci niveluri, inclusiv un subsol \u0219i o mansard\u0103, permi\u021b\u00e2nd un grad ridicat de flexibilitate \u00een utilizare. \u00cen plus, curtea interioar\u0103 \u0219i terenul adiacent ofer\u0103 spa\u021bii exterioare suplimentare care pot fi adaptate pentru diferite nevoi.<\/p>\n","protected":false},"excerpt":{"rendered":"<p>Peste 1.300 de propriet\u0103\u021bi reziden\u021biale au un pre\u021b de listare de cel pu\u021bin 1 milion de euro ast\u0103zi, conform Imobiliare.ro, iar num\u0103rul acestora este \u00een cre\u0219tere pe m\u0103sur\u0103 ce se dezvolt\u0103 noi ansambluri reziden\u021biale premium care au \u00een oferta lor penthouse-uri \u0219i duplex-uri scumpe. \u201eDe\u0219i suntem \u00eenc\u0103 departe de a avea o pia\u021b\u0103 reziden\u021bial\u0103 de [&hellip;]<\/p>\n","protected":false},"author":842160,"featured_media":66628,"comment_status":"open","ping_status":"open","sticky":true,"template":"","format":"standard","meta":{"footnotes":""},"categories":[259],"tags":[],"content_author":[],"class_list":["post-66627","post","type-post","status-publish","format-standard","has-post-thumbnail","hentry","category-stiri"],"yoast_head":"<!-- This site is optimized with the Yoast SEO Premium plugin v27.0 (Yoast SEO v27.0) - https:\/\/yoast.com\/product\/yoast-seo-premium-wordpress\/ -->\n<title>Care sunt cele mai scumpe propriet\u0103\u021bi scoase la v\u00e2nzare \u00een acest moment \u00een Rom\u00e2nia? - \u0218tiri - ImoExpert<\/title>\n<meta name=\"description\" content=\"Peste 1.300 de propriet\u0103\u021bi reziden\u021biale au un pre\u021b de listare de cel pu\u021bin 1 milion de euro ast\u0103zi, conform Imobiliare.ro, iar num\u0103rul acestora este \u00een\" \/>\n<meta name=\"robots\" content=\"index, follow\" \/>\n<link rel=\"canonical\" href=\"https:\/\/www.imobiliare.ro\/imoexpert\/palatul-bragadiru-scos-la-vanzare-pe-imobiliare-ro-cum-arata-proprietatea-de-26-milioane-de-euro_db\/\" \/>\n<meta property=\"og:locale\" content=\"ro_RO\" \/>\n<meta property=\"og:type\" content=\"article\" \/>\n<meta property=\"og:title\" content=\"Care sunt cele mai scumpe propriet\u0103\u021bi scoase la v\u00e2nzare \u00een acest moment \u00een Rom\u00e2nia?\" \/>\n<meta property=\"og:description\" content=\"Peste 1.300 de propriet\u0103\u021bi reziden\u021biale au un pre\u021b de listare de cel pu\u021bin 1 milion de euro ast\u0103zi, conform Imobiliare.ro, iar num\u0103rul acestora este \u00een\" \/>\n<meta property=\"og:url\" content=\"https:\/\/www.imobiliare.ro\/imoexpert\/palatul-bragadiru-scos-la-vanzare-pe-imobiliare-ro-cum-arata-proprietatea-de-26-milioane-de-euro_db\/\" \/>\n<meta property=\"og:site_name\" content=\"ImoExpert\" \/>\n<meta property=\"article:author\" content=\"https:\/\/www.facebook.com\/AlexandraGabita\" \/>\n<meta property=\"article:published_time\" content=\"2023-06-21T05:58:58+00:00\" \/>\n<meta property=\"og:image\" content=\"https:\/\/www.imobiliare.ro\/imoexpert\/wp-content\/uploads\/2023\/06\/loc-1-1.jpg\" \/>\n\t<meta property=\"og:image:width\" content=\"1085\" \/>\n\t<meta property=\"og:image:height\" content=\"720\" \/>\n\t<meta property=\"og:image:type\" content=\"image\/jpeg\" \/>\n<meta name=\"author\" content=\"Alexandra Manolache\" \/>\n<meta name=\"twitter:card\" content=\"summary_large_image\" \/>\n<meta name=\"twitter:label1\" content=\"Written by\" \/>\n\t<meta name=\"twitter:data1\" content=\"Alexandra Manolache\" \/>\n\t<meta name=\"twitter:label2\" content=\"Est. reading time\" \/>\n\t<meta name=\"twitter:data2\" content=\"9 minute\" \/>\n<script type=\"application\/ld+json\" class=\"yoast-schema-graph\">{\"@context\":\"https:\/\/schema.org\",\"@graph\":[{\"@type\":\"Article\",\"@id\":\"https:\/\/www.imobiliare.ro\/imoexpert\/palatul-bragadiru-scos-la-vanzare-pe-imobiliare-ro-cum-arata-proprietatea-de-26-milioane-de-euro_db\/#article\",\"isPartOf\":{\"@id\":\"https:\/\/www.imobiliare.ro\/imoexpert\/palatul-bragadiru-scos-la-vanzare-pe-imobiliare-ro-cum-arata-proprietatea-de-26-milioane-de-euro_db\/\"},\"author\":{\"name\":\"Alexandra Manolache\",\"@id\":\"https:\/\/www.imobiliare.ro\/imoexpert\/#\/schema\/person\/f3350e4786cf9f97888b908d7a00105c\"},\"headline\":\"Care sunt cele mai scumpe propriet\u0103\u021bi scoase la v\u00e2nzare \u00een acest moment \u00een Rom\u00e2nia?\",\"datePublished\":\"2023-06-21T05:58:58+00:00\",\"mainEntityOfPage\":{\"@id\":\"https:\/\/www.imobiliare.ro\/imoexpert\/palatul-bragadiru-scos-la-vanzare-pe-imobiliare-ro-cum-arata-proprietatea-de-26-milioane-de-euro_db\/\"},\"wordCount\":1679,\"commentCount\":0,\"publisher\":{\"@id\":\"https:\/\/www.imobiliare.ro\/imoexpert\/#organization\"},\"image\":{\"@id\":\"https:\/\/www.imobiliare.ro\/imoexpert\/palatul-bragadiru-scos-la-vanzare-pe-imobiliare-ro-cum-arata-proprietatea-de-26-milioane-de-euro_db\/#primaryimage\"},\"thumbnailUrl\":\"https:\/\/www.imobiliare.ro\/imoexpert\/wp-content\/uploads\/2023\/06\/loc-1-1.jpg\",\"articleSection\":[\"\u0218tiri\"],\"inLanguage\":\"en\",\"potentialAction\":[{\"@type\":\"CommentAction\",\"name\":\"Comment\",\"target\":[\"https:\/\/www.imobiliare.ro\/imoexpert\/palatul-bragadiru-scos-la-vanzare-pe-imobiliare-ro-cum-arata-proprietatea-de-26-milioane-de-euro_db\/#respond\"]}],\"copyrightYear\":\"2023\",\"copyrightHolder\":{\"@id\":\"https:\/\/www.imobiliare.ro\/imoexpert\/#organization\"}},{\"@type\":\"WebPage\",\"@id\":\"https:\/\/www.imobiliare.ro\/imoexpert\/palatul-bragadiru-scos-la-vanzare-pe-imobiliare-ro-cum-arata-proprietatea-de-26-milioane-de-euro_db\/\",\"url\":\"https:\/\/www.imobiliare.ro\/imoexpert\/palatul-bragadiru-scos-la-vanzare-pe-imobiliare-ro-cum-arata-proprietatea-de-26-milioane-de-euro_db\/\",\"name\":\"Care sunt cele mai scumpe propriet\u0103\u021bi scoase la v\u00e2nzare \u00een acest moment \u00een Rom\u00e2nia? - \u0218tiri - ImoExpert\",\"isPartOf\":{\"@id\":\"https:\/\/www.imobiliare.ro\/imoexpert\/#website\"},\"primaryImageOfPage\":{\"@id\":\"https:\/\/www.imobiliare.ro\/imoexpert\/palatul-bragadiru-scos-la-vanzare-pe-imobiliare-ro-cum-arata-proprietatea-de-26-milioane-de-euro_db\/#primaryimage\"},\"image\":{\"@id\":\"https:\/\/www.imobiliare.ro\/imoexpert\/palatul-bragadiru-scos-la-vanzare-pe-imobiliare-ro-cum-arata-proprietatea-de-26-milioane-de-euro_db\/#primaryimage\"},\"thumbnailUrl\":\"https:\/\/www.imobiliare.ro\/imoexpert\/wp-content\/uploads\/2023\/06\/loc-1-1.jpg\",\"datePublished\":\"2023-06-21T05:58:58+00:00\",\"description\":\"Peste 1.300 de propriet\u0103\u021bi reziden\u021biale au un pre\u021b de listare de cel pu\u021bin 1 milion de euro ast\u0103zi, conform Imobiliare.ro, iar num\u0103rul acestora este \u00een\",\"breadcrumb\":{\"@id\":\"https:\/\/www.imobiliare.ro\/imoexpert\/palatul-bragadiru-scos-la-vanzare-pe-imobiliare-ro-cum-arata-proprietatea-de-26-milioane-de-euro_db\/#breadcrumb\"},\"inLanguage\":\"en\",\"potentialAction\":[{\"@type\":\"ReadAction\",\"target\":[\"https:\/\/www.imobiliare.ro\/imoexpert\/palatul-bragadiru-scos-la-vanzare-pe-imobiliare-ro-cum-arata-proprietatea-de-26-milioane-de-euro_db\/\"]}]},{\"@type\":\"ImageObject\",\"inLanguage\":\"en\",\"@id\":\"https:\/\/www.imobiliare.ro\/imoexpert\/palatul-bragadiru-scos-la-vanzare-pe-imobiliare-ro-cum-arata-proprietatea-de-26-milioane-de-euro_db\/#primaryimage\",\"url\":\"https:\/\/www.imobiliare.ro\/imoexpert\/wp-content\/uploads\/2023\/06\/loc-1-1.jpg\",\"contentUrl\":\"https:\/\/www.imobiliare.ro\/imoexpert\/wp-content\/uploads\/2023\/06\/loc-1-1.jpg\",\"width\":1085,\"height\":720},{\"@type\":\"BreadcrumbList\",\"@id\":\"https:\/\/www.imobiliare.ro\/imoexpert\/palatul-bragadiru-scos-la-vanzare-pe-imobiliare-ro-cum-arata-proprietatea-de-26-milioane-de-euro_db\/#breadcrumb\",\"itemListElement\":[{\"@type\":\"ListItem\",\"position\":1,\"name\":\"Imoradar24\",\"item\":\"https:\/\/www.imoradar24.ro\"},{\"@type\":\"ListItem\",\"position\":2,\"name\":\"ImoExpert\",\"item\":\"https:\/\/www.imobiliare.ro\/imoexpert\/\"},{\"@type\":\"ListItem\",\"position\":3,\"name\":\"\u0218tiri\",\"item\":\"https:\/\/www.imobiliare.ro\/imoexpert\/stiri\/\"},{\"@type\":\"ListItem\",\"position\":4,\"name\":\"Care sunt cele mai scumpe propriet\u0103\u021bi scoase la v\u00e2nzare \u00een acest moment \u00een Rom\u00e2nia?\"}]},{\"@type\":\"WebSite\",\"@id\":\"https:\/\/www.imobiliare.ro\/imoexpert\/#website\",\"url\":\"https:\/\/www.imobiliare.ro\/imoexpert\/\",\"name\":\"ImoExpert\",\"description\":\"cele mai importante \u015ftiri din domeniul imobiliar\",\"publisher\":{\"@id\":\"https:\/\/www.imobiliare.ro\/imoexpert\/#organization\"},\"inLanguage\":\"en\"},{\"@type\":\"Organization\",\"@id\":\"https:\/\/www.imobiliare.ro\/imoexpert\/#organization\",\"name\":\"Imobiliare.ro\",\"alternateName\":\"Realmedia Network SA\",\"url\":\"https:\/\/www.imobiliare.ro\/imoexpert\/\",\"logo\":{\"@type\":\"ImageObject\",\"inLanguage\":\"en\",\"@id\":\"https:\/\/www.imobiliare.ro\/imoexpert\/#\/schema\/logo\/image\/\",\"url\":\"https:\/\/www.imobiliare.ro\/imoexpert\/wp-content\/uploads\/2025\/05\/imobiliare_logo.png\",\"contentUrl\":\"https:\/\/www.imobiliare.ro\/imoexpert\/wp-content\/uploads\/2025\/05\/imobiliare_logo.png\",\"width\":237,\"height\":29,\"caption\":\"Imobiliare.ro\"},\"image\":{\"@id\":\"https:\/\/www.imobiliare.ro\/imoexpert\/#\/schema\/logo\/image\/\"}},{\"@type\":\"Person\",\"@id\":\"https:\/\/www.imobiliare.ro\/imoexpert\/#\/schema\/person\/f3350e4786cf9f97888b908d7a00105c\",\"name\":\"Alexandra Manolache\",\"image\":{\"@type\":\"ImageObject\",\"inLanguage\":\"en\",\"@id\":\"https:\/\/www.imobiliare.ro\/imoexpert\/#\/schema\/person\/image\/\",\"url\":\"https:\/\/www.imobiliare.ro\/imoexpert\/wp-content\/uploads\/2026\/02\/cropped-chatgpt-image-jan-26-2026-11-50-59-am-96x96.png\",\"contentUrl\":\"https:\/\/www.imobiliare.ro\/imoexpert\/wp-content\/uploads\/2026\/02\/cropped-chatgpt-image-jan-26-2026-11-50-59-am-96x96.png\",\"caption\":\"Alexandra Manolache\"},\"description\":\"Alexandra G\u0103bi\u021ba Manolache este Brand Manager la Imobiliare.ro. Absolvent\u0103 a Facult\u0103\u021bii de Cibernetic\u0103, Statistic\u0103 \u0219i Informatic\u0103 Economic\u0103 (FEAA Timi\u0219oara), vine cu o baz\u0103 solid\u0103 \u00een digital \u0219i economie \u0219i o experien\u021b\u0103 de 9 ani \u00een digital marketing. A contribuit ca editor la \u0219ase edi\u021bii ale raportului trimestrial Market 360 \u0219i semneaz\u0103 articole pe blogul Imobiliare.ro, unde explic\u0103 tendin\u021be \u0219i ofer\u0103 perspective aplicate asupra real estate-ului.\",\"sameAs\":[\"https:\/\/alexandra-manolache.com\/\",\"https:\/\/www.facebook.com\/AlexandraGabita\",\"https:\/\/www.instagram.com\/alexandragabita\/\",\"https:\/\/www.linkedin.com\/in\/alexandra-gabita-manolache\/\",\"https:\/\/www.youtube.com\/channel\/UCAqYKF7H8sJ0n55YF97Lz5g\"],\"jobTitle\":\"Brand Manager\",\"url\":\"https:\/\/www.imobiliare.ro\/imoexpert\/author\/alexandra-manolache\/\"}]}<\/script>\n<!-- \/ Yoast SEO Premium plugin. -->","yoast_head_json":{"title":"Care sunt cele mai scumpe propriet\u0103\u021bi scoase la v\u00e2nzare \u00een acest moment \u00een Rom\u00e2nia? - \u0218tiri - ImoExpert","description":"Peste 1.300 de propriet\u0103\u021bi reziden\u021biale au un pre\u021b de listare de cel pu\u021bin 1 milion de euro ast\u0103zi, conform Imobiliare.ro, iar num\u0103rul acestora este \u00een","robots":{"index":"index","follow":"follow"},"canonical":"https:\/\/www.imobiliare.ro\/imoexpert\/palatul-bragadiru-scos-la-vanzare-pe-imobiliare-ro-cum-arata-proprietatea-de-26-milioane-de-euro_db\/","og_locale":"ro_RO","og_type":"article","og_title":"Care sunt cele mai scumpe propriet\u0103\u021bi scoase la v\u00e2nzare \u00een acest moment \u00een Rom\u00e2nia?","og_description":"Peste 1.300 de propriet\u0103\u021bi reziden\u021biale au un pre\u021b de listare de cel pu\u021bin 1 milion de euro ast\u0103zi, conform Imobiliare.ro, iar num\u0103rul acestora este \u00een","og_url":"https:\/\/www.imobiliare.ro\/imoexpert\/palatul-bragadiru-scos-la-vanzare-pe-imobiliare-ro-cum-arata-proprietatea-de-26-milioane-de-euro_db\/","og_site_name":"ImoExpert","article_author":"https:\/\/www.facebook.com\/AlexandraGabita","article_published_time":"2023-06-21T05:58:58+00:00","og_image":[{"width":1085,"height":720,"url":"https:\/\/www.imobiliare.ro\/imoexpert\/wp-content\/uploads\/2023\/06\/loc-1-1.jpg","type":"image\/jpeg"}],"author":"Alexandra Manolache","twitter_card":"summary_large_image","twitter_misc":{"Written by":"Alexandra Manolache","Est. reading time":"9 minute"},"schema":{"@context":"https:\/\/schema.org","@graph":[{"@type":"Article","@id":"https:\/\/www.imobiliare.ro\/imoexpert\/palatul-bragadiru-scos-la-vanzare-pe-imobiliare-ro-cum-arata-proprietatea-de-26-milioane-de-euro_db\/#article","isPartOf":{"@id":"https:\/\/www.imobiliare.ro\/imoexpert\/palatul-bragadiru-scos-la-vanzare-pe-imobiliare-ro-cum-arata-proprietatea-de-26-milioane-de-euro_db\/"},"author":{"name":"Alexandra Manolache","@id":"https:\/\/www.imobiliare.ro\/imoexpert\/#\/schema\/person\/f3350e4786cf9f97888b908d7a00105c"},"headline":"Care sunt cele mai scumpe propriet\u0103\u021bi scoase la v\u00e2nzare \u00een acest moment \u00een Rom\u00e2nia?","datePublished":"2023-06-21T05:58:58+00:00","mainEntityOfPage":{"@id":"https:\/\/www.imobiliare.ro\/imoexpert\/palatul-bragadiru-scos-la-vanzare-pe-imobiliare-ro-cum-arata-proprietatea-de-26-milioane-de-euro_db\/"},"wordCount":1679,"commentCount":0,"publisher":{"@id":"https:\/\/www.imobiliare.ro\/imoexpert\/#organization"},"image":{"@id":"https:\/\/www.imobiliare.ro\/imoexpert\/palatul-bragadiru-scos-la-vanzare-pe-imobiliare-ro-cum-arata-proprietatea-de-26-milioane-de-euro_db\/#primaryimage"},"thumbnailUrl":"https:\/\/www.imobiliare.ro\/imoexpert\/wp-content\/uploads\/2023\/06\/loc-1-1.jpg","articleSection":["\u0218tiri"],"inLanguage":"en","potentialAction":[{"@type":"CommentAction","name":"Comment","target":["https:\/\/www.imobiliare.ro\/imoexpert\/palatul-bragadiru-scos-la-vanzare-pe-imobiliare-ro-cum-arata-proprietatea-de-26-milioane-de-euro_db\/#respond"]}],"copyrightYear":"2023","copyrightHolder":{"@id":"https:\/\/www.imobiliare.ro\/imoexpert\/#organization"}},{"@type":"WebPage","@id":"https:\/\/www.imobiliare.ro\/imoexpert\/palatul-bragadiru-scos-la-vanzare-pe-imobiliare-ro-cum-arata-proprietatea-de-26-milioane-de-euro_db\/","url":"https:\/\/www.imobiliare.ro\/imoexpert\/palatul-bragadiru-scos-la-vanzare-pe-imobiliare-ro-cum-arata-proprietatea-de-26-milioane-de-euro_db\/","name":"Care sunt cele mai scumpe propriet\u0103\u021bi scoase la v\u00e2nzare \u00een acest moment \u00een Rom\u00e2nia? - \u0218tiri - ImoExpert","isPartOf":{"@id":"https:\/\/www.imobiliare.ro\/imoexpert\/#website"},"primaryImageOfPage":{"@id":"https:\/\/www.imobiliare.ro\/imoexpert\/palatul-bragadiru-scos-la-vanzare-pe-imobiliare-ro-cum-arata-proprietatea-de-26-milioane-de-euro_db\/#primaryimage"},"image":{"@id":"https:\/\/www.imobiliare.ro\/imoexpert\/palatul-bragadiru-scos-la-vanzare-pe-imobiliare-ro-cum-arata-proprietatea-de-26-milioane-de-euro_db\/#primaryimage"},"thumbnailUrl":"https:\/\/www.imobiliare.ro\/imoexpert\/wp-content\/uploads\/2023\/06\/loc-1-1.jpg","datePublished":"2023-06-21T05:58:58+00:00","description":"Peste 1.300 de propriet\u0103\u021bi reziden\u021biale au un pre\u021b de listare de cel pu\u021bin 1 milion de euro ast\u0103zi, conform Imobiliare.ro, iar num\u0103rul acestora este \u00een","breadcrumb":{"@id":"https:\/\/www.imobiliare.ro\/imoexpert\/palatul-bragadiru-scos-la-vanzare-pe-imobiliare-ro-cum-arata-proprietatea-de-26-milioane-de-euro_db\/#breadcrumb"},"inLanguage":"en","potentialAction":[{"@type":"ReadAction","target":["https:\/\/www.imobiliare.ro\/imoexpert\/palatul-bragadiru-scos-la-vanzare-pe-imobiliare-ro-cum-arata-proprietatea-de-26-milioane-de-euro_db\/"]}]},{"@type":"ImageObject","inLanguage":"en","@id":"https:\/\/www.imobiliare.ro\/imoexpert\/palatul-bragadiru-scos-la-vanzare-pe-imobiliare-ro-cum-arata-proprietatea-de-26-milioane-de-euro_db\/#primaryimage","url":"https:\/\/www.imobiliare.ro\/imoexpert\/wp-content\/uploads\/2023\/06\/loc-1-1.jpg","contentUrl":"https:\/\/www.imobiliare.ro\/imoexpert\/wp-content\/uploads\/2023\/06\/loc-1-1.jpg","width":1085,"height":720},{"@type":"BreadcrumbList","@id":"https:\/\/www.imobiliare.ro\/imoexpert\/palatul-bragadiru-scos-la-vanzare-pe-imobiliare-ro-cum-arata-proprietatea-de-26-milioane-de-euro_db\/#breadcrumb","itemListElement":[{"@type":"ListItem","position":1,"name":"Imoradar24","item":"https:\/\/www.imoradar24.ro"},{"@type":"ListItem","position":2,"name":"ImoExpert","item":"https:\/\/www.imobiliare.ro\/imoexpert\/"},{"@type":"ListItem","position":3,"name":"\u0218tiri","item":"https:\/\/www.imobiliare.ro\/imoexpert\/stiri\/"},{"@type":"ListItem","position":4,"name":"Care sunt cele mai scumpe propriet\u0103\u021bi scoase la v\u00e2nzare \u00een acest moment \u00een Rom\u00e2nia?"}]},{"@type":"WebSite","@id":"https:\/\/www.imobiliare.ro\/imoexpert\/#website","url":"https:\/\/www.imobiliare.ro\/imoexpert\/","name":"ImoExpert","description":"cele mai importante \u015ftiri din domeniul imobiliar","publisher":{"@id":"https:\/\/www.imobiliare.ro\/imoexpert\/#organization"},"inLanguage":"en"},{"@type":"Organization","@id":"https:\/\/www.imobiliare.ro\/imoexpert\/#organization","name":"Imobiliare.ro","alternateName":"Realmedia Network SA","url":"https:\/\/www.imobiliare.ro\/imoexpert\/","logo":{"@type":"ImageObject","inLanguage":"en","@id":"https:\/\/www.imobiliare.ro\/imoexpert\/#\/schema\/logo\/image\/","url":"https:\/\/www.imobiliare.ro\/imoexpert\/wp-content\/uploads\/2025\/05\/imobiliare_logo.png","contentUrl":"https:\/\/www.imobiliare.ro\/imoexpert\/wp-content\/uploads\/2025\/05\/imobiliare_logo.png","width":237,"height":29,"caption":"Imobiliare.ro"},"image":{"@id":"https:\/\/www.imobiliare.ro\/imoexpert\/#\/schema\/logo\/image\/"}},{"@type":"Person","@id":"https:\/\/www.imobiliare.ro\/imoexpert\/#\/schema\/person\/f3350e4786cf9f97888b908d7a00105c","name":"Alexandra Manolache","image":{"@type":"ImageObject","inLanguage":"en","@id":"https:\/\/www.imobiliare.ro\/imoexpert\/#\/schema\/person\/image\/","url":"https:\/\/www.imobiliare.ro\/imoexpert\/wp-content\/uploads\/2026\/02\/cropped-chatgpt-image-jan-26-2026-11-50-59-am-96x96.png","contentUrl":"https:\/\/www.imobiliare.ro\/imoexpert\/wp-content\/uploads\/2026\/02\/cropped-chatgpt-image-jan-26-2026-11-50-59-am-96x96.png","caption":"Alexandra Manolache"},"description":"Alexandra G\u0103bi\u021ba Manolache este Brand Manager la Imobiliare.ro. Absolvent\u0103 a Facult\u0103\u021bii de Cibernetic\u0103, Statistic\u0103 \u0219i Informatic\u0103 Economic\u0103 (FEAA Timi\u0219oara), vine cu o baz\u0103 solid\u0103 \u00een digital \u0219i economie \u0219i o experien\u021b\u0103 de 9 ani \u00een digital marketing. A contribuit ca editor la \u0219ase edi\u021bii ale raportului trimestrial Market 360 \u0219i semneaz\u0103 articole pe blogul Imobiliare.ro, unde explic\u0103 tendin\u021be \u0219i ofer\u0103 perspective aplicate asupra real estate-ului.","sameAs":["https:\/\/alexandra-manolache.com\/","https:\/\/www.facebook.com\/AlexandraGabita","https:\/\/www.instagram.com\/alexandragabita\/","https:\/\/www.linkedin.com\/in\/alexandra-gabita-manolache\/","https:\/\/www.youtube.com\/channel\/UCAqYKF7H8sJ0n55YF97Lz5g"],"jobTitle":"Brand Manager","url":"https:\/\/www.imobiliare.ro\/imoexpert\/author\/alexandra-manolache\/"}]}},"_links":{"self":[{"href":"https:\/\/www.imobiliare.ro\/imoexpert\/wp-json\/wp\/v2\/posts\/66627","targetHints":{"allow":["GET"]}}],"collection":[{"href":"https:\/\/www.imobiliare.ro\/imoexpert\/wp-json\/wp\/v2\/posts"}],"about":[{"href":"https:\/\/www.imobiliare.ro\/imoexpert\/wp-json\/wp\/v2\/types\/post"}],"author":[{"embeddable":true,"href":"https:\/\/www.imobiliare.ro\/imoexpert\/wp-json\/wp\/v2\/users\/842160"}],"replies":[{"embeddable":true,"href":"https:\/\/www.imobiliare.ro\/imoexpert\/wp-json\/wp\/v2\/comments?post=66627"}],"version-history":[{"count":0,"href":"https:\/\/www.imobiliare.ro\/imoexpert\/wp-json\/wp\/v2\/posts\/66627\/revisions"}],"wp:featuredmedia":[{"embeddable":true,"href":"https:\/\/www.imobiliare.ro\/imoexpert\/wp-json\/wp\/v2\/media\/66628"}],"wp:attachment":[{"href":"https:\/\/www.imobiliare.ro\/imoexpert\/wp-json\/wp\/v2\/media?parent=66627"}],"wp:term":[{"taxonomy":"category","embeddable":true,"href":"https:\/\/www.imobiliare.ro\/imoexpert\/wp-json\/wp\/v2\/categories?post=66627"},{"taxonomy":"post_tag","embeddable":true,"href":"https:\/\/www.imobiliare.ro\/imoexpert\/wp-json\/wp\/v2\/tags?post=66627"},{"taxonomy":"content_author","embeddable":true,"href":"https:\/\/www.imobiliare.ro\/imoexpert\/wp-json\/wp\/v2\/content_author?post=66627"}],"curies":[{"name":"wp","href":"https:\/\/api.w.org\/{rel}","templated":true}]}}