{"id":6690,"date":"2010-09-21T12:11:00","date_gmt":"2010-09-21T09:11:00","guid":{"rendered":"https:\/\/www.imobiliare.ro\/?p=6690_db\/"},"modified":"2010-09-21T12:11:00","modified_gmt":"2010-09-21T09:11:00","slug":"arcon-bucurestiul-un-sfert-din-piata-de-termoizolatii","status":"publish","type":"post","link":"https:\/\/www.imobiliare.ro\/imoexpert\/arcon-bucurestiul-un-sfert-din-piata-de-termoizolatii_db\/","title":{"rendered":"Arcon: Bucure\u015ftiul, un sfert din pia\u0163a de termoizola\u0163ii"},"content":{"rendered":"<p><strong>De anul urm\u0103tor, interesul asocia\u0163iilor de proprietari pentru programul de izolare termic\u0103 ar trebui s\u0103 fie mai ridicat.<\/strong> <\/p>\n<p>La nivel na\u0163ional, cea mai mare cot\u0103 din pia\u0163a de termoizola\u0163ii este de\u0163inut\u0103 de Capital\u0103. \u201eDin studiile Arcon, p\u00e2n\u0103 \u00een acest moment, cea mai important\u0103 pia\u0163\u0103 pentru termosistem \u015fi termo-hidrosistem este Bucure\u015ftiul, de\u015fi lucr\u0103rile de termoizolare au demarat anii trecu\u0163i \u00een \u00eentreaga \u0163ar\u0103. Procentul este de 25% \u00een Bucure\u015fti, restul de 75% fiind \u00eemp\u0103r\u0163it \u00eentre restul \u0163\u0103rii \u015fi export\u201d, subliniaz\u0103 Sorin Cristea, directorul de marketing \u015fi v\u00e2nz\u0103ri al Arcon, companie produc\u0103toare de sisteme de hidroizola\u0163ie \u015fi  polistiren expandat. Acesta estimeaz\u0103 c\u0103, de anul viitor, vor exista mai multe asocia\u0163ii de proprietari interesate de <a class=\"article-body-links\"href=\"https:\/\/www.imobiliare.ro\/imoexpert\/articole\/in-ce-conditii-va-sustine-statul-reabilitarea-termica\/\">programul guvernamental de reabilitare termic\u0103<\/a>. <\/p>\n<p><a class=\"article-body-links\"href=\"https:\/\/www.imobiliare.ro\/imoexpert\/wp-content\/uploads\/2010\/09\/izolatietermica.jpg\"><img loading=\"lazy\" decoding=\"async\" src=\"https:\/\/www.imobiliare.ro\/imoexpert\/wp-content\/uploads\/2010\/09\/izolatietermica-199x300.jpg\" alt=\"\" width=\"199\" height=\"300\" class=\"alignleft size-medium wp-image-6692\" srcset=\"https:\/\/www.imobiliare.ro\/imoexpert\/wp-content\/uploads\/2010\/09\/izolatietermica-199x300.jpg 199w, https:\/\/www.imobiliare.ro\/imoexpert\/wp-content\/uploads\/2010\/09\/izolatietermica.jpg 319w\" sizes=\"auto, (max-width: 199px) 100vw, 199px\" \/><\/a><strong>Selec\u0163ie atent\u0103 \u015fi sfatul unui auditor<\/strong><br \/>\nPotrivit lui Cristea, \u00een momentul de fa\u0163\u0103, consumatorii de materialele termo-hidroizolante nu dispun de toate cuno\u015ftin\u0163ele necesare cu privire la ceea ce cump\u0103r\u0103. \u201eConsumatorul final se afl\u0103 \u00eenc\u0103 \u00een cea\u0163\u0103. Rom\u00e2nii sunt con\u015ftien\u0163i de <a class=\"article-body-links\"href=\"https:\/\/www.imobiliare.ro\/apartamente-vechi\/facturi-mari-la-intretinere-de-ce-ar-trebui-sa-ti-izolezi-locuinta_db\/\">beneficiile pe care le aduce termoizolarea<\/a>, \u00eens\u0103 nu \u015ftiu exact ce cump\u0103r\u0103, prin urmare, \u00een urm\u0103torii ani vor exista persoane dezam\u0103gite pentru c\u0103 lucrarea s-a deteriorat sau c\u0103 economia de energie nu este cea scontat\u0103, asta din cauza materialelor improprii folosite\u201d, subliniaz\u0103 directorul Arcon. Acesta recomand\u0103 pre\u015fedin\u0163ilor de asocia\u0163ii care dispun de acordul locatarilor pentru termoizolarea blocului s\u0103 solicite mai multe oferte de produse &#8211; preferabil de sisteme complete, garantate de produc\u0103tor. \u00cen acela\u015fi timp, ace\u015ftia ar trebui s\u0103 verifice \u015fi dac\u0103 produsele din ofert\u0103 sunt certificate CE \u015fi se g\u0103sesc \u00een agrement. \u00cen acela\u015fi timp, sfatul unui auditor energetic nu ar trebui neglijat.<\/p>\n<p>Arcon a lansat recent un nou sistem de termo-hidroizola\u0163ii pentru acoperi\u015ful blocurilor, cu numele de Arco. Acesta poate fi folosit at\u00e2t pentru anveloparea pere\u0163ilor, c\u00e2t \u015fi a teraselor, \u015fi are avantajul c\u0103 nu \u00eencarc\u0103 suplimentar structura cl\u0103dirilor. Potrivit lui Cristea, \u00een cazul \u00een care acoperi\u015furile sunt neglijate \u00een lucrarea de termo-hidroizolare, se pierde 30% din eficien\u0163a acesteia. <\/p>\n","protected":false},"excerpt":{"rendered":"<p>De anul urm\u0103tor, interesul asocia\u0163iilor de proprietari pentru programul de izolare termic\u0103 ar trebui s\u0103 fie mai ridicat. La nivel na\u0163ional, cea mai mare cot\u0103 din pia\u0163a de termoizola\u0163ii este de\u0163inut\u0103 de Capital\u0103. \u201eDin studiile Arcon, p\u00e2n\u0103 \u00een acest moment, cea mai important\u0103 pia\u0163\u0103 pentru termosistem \u015fi termo-hidrosistem este Bucure\u015ftiul, de\u015fi lucr\u0103rile de termoizolare au [&hellip;]<\/p>\n","protected":false},"author":829,"featured_media":6692,"comment_status":"open","ping_status":"open","sticky":false,"template":"","format":"standard","meta":{"footnotes":""},"categories":[259],"tags":[337,433],"content_author":[],"class_list":["post-6690","post","type-post","status-publish","format-standard","has-post-thumbnail","hentry","category-stiri","tag-bucuresti","tag-termoizolare"],"yoast_head":"<!-- This site is optimized with the Yoast SEO Premium plugin v27.0 (Yoast SEO v27.0) - https:\/\/yoast.com\/product\/yoast-seo-premium-wordpress\/ -->\n<title>Arcon: Bucure\u015ftiul, un sfert din pia\u0163a de termoizola\u0163ii - \u0218tiri - ImoExpert<\/title>\n<meta name=\"description\" content=\"De anul urm\u0103tor, interesul asocia\u0163iilor de proprietari pentru programul de izolare termic\u0103 ar trebui s\u0103 fie mai ridicat. La nivel na\u0163ional, cea mai mare\" \/>\n<meta name=\"robots\" content=\"index, follow\" \/>\n<link rel=\"canonical\" href=\"https:\/\/www.imobiliare.ro\/imoexpert\/arcon-bucurestiul-un-sfert-din-piata-de-termoizolatii_db\/\" \/>\n<meta property=\"og:locale\" content=\"ro_RO\" \/>\n<meta property=\"og:type\" content=\"article\" \/>\n<meta property=\"og:title\" content=\"Arcon: Bucure\u015ftiul, un sfert din pia\u0163a de termoizola\u0163ii\" \/>\n<meta property=\"og:description\" content=\"De anul urm\u0103tor, interesul asocia\u0163iilor de proprietari pentru programul de izolare termic\u0103 ar trebui s\u0103 fie mai ridicat. La nivel na\u0163ional, cea mai mare\" \/>\n<meta property=\"og:url\" content=\"https:\/\/www.imobiliare.ro\/imoexpert\/arcon-bucurestiul-un-sfert-din-piata-de-termoizolatii_db\/\" \/>\n<meta property=\"og:site_name\" content=\"ImoExpert\" \/>\n<meta property=\"article:published_time\" content=\"2010-09-21T09:11:00+00:00\" \/>\n<meta property=\"og:image\" content=\"https:\/\/www.imobiliare.ro\/imoexpert\/wp-content\/uploads\/2010\/09\/izolatietermica.jpg\" \/>\n\t<meta property=\"og:image:width\" content=\"319\" \/>\n\t<meta property=\"og:image:height\" content=\"480\" \/>\n\t<meta property=\"og:image:type\" content=\"image\/jpeg\" \/>\n<meta name=\"author\" content=\"Adriana Dr\u0103gu\u0219in\" \/>\n<meta name=\"twitter:card\" content=\"summary_large_image\" \/>\n<meta name=\"twitter:label1\" content=\"Written by\" \/>\n\t<meta name=\"twitter:data1\" content=\"Adriana Dr\u0103gu\u0219in\" \/>\n\t<meta name=\"twitter:label2\" content=\"Est. reading time\" \/>\n\t<meta name=\"twitter:data2\" content=\"2 minute\" \/>\n<script type=\"application\/ld+json\" class=\"yoast-schema-graph\">{\"@context\":\"https:\/\/schema.org\",\"@graph\":[{\"@type\":\"Article\",\"@id\":\"https:\/\/www.imobiliare.ro\/imoexpert\/arcon-bucurestiul-un-sfert-din-piata-de-termoizolatii_db\/#article\",\"isPartOf\":{\"@id\":\"https:\/\/www.imobiliare.ro\/imoexpert\/arcon-bucurestiul-un-sfert-din-piata-de-termoizolatii_db\/\"},\"author\":{\"name\":\"Adriana Dr\u0103gu\u0219in\",\"@id\":\"https:\/\/www.imobiliare.ro\/imoexpert\/#\/schema\/person\/8c13b0297075010b896471fabf0d7790\"},\"headline\":\"Arcon: Bucure\u015ftiul, un sfert din pia\u0163a de termoizola\u0163ii\",\"datePublished\":\"2010-09-21T09:11:00+00:00\",\"mainEntityOfPage\":{\"@id\":\"https:\/\/www.imobiliare.ro\/imoexpert\/arcon-bucurestiul-un-sfert-din-piata-de-termoizolatii_db\/\"},\"wordCount\":370,\"commentCount\":0,\"publisher\":{\"@id\":\"https:\/\/www.imobiliare.ro\/imoexpert\/#organization\"},\"image\":{\"@id\":\"https:\/\/www.imobiliare.ro\/imoexpert\/arcon-bucurestiul-un-sfert-din-piata-de-termoizolatii_db\/#primaryimage\"},\"thumbnailUrl\":\"https:\/\/www.imobiliare.ro\/imoexpert\/wp-content\/uploads\/2010\/09\/izolatietermica.jpg\",\"keywords\":[\"Bucure\u015fti\",\"termoizolare\"],\"articleSection\":[\"\u0218tiri\"],\"inLanguage\":\"en\",\"potentialAction\":[{\"@type\":\"CommentAction\",\"name\":\"Comment\",\"target\":[\"https:\/\/www.imobiliare.ro\/imoexpert\/arcon-bucurestiul-un-sfert-din-piata-de-termoizolatii_db\/#respond\"]}],\"copyrightYear\":\"2010\",\"copyrightHolder\":{\"@id\":\"https:\/\/www.imobiliare.ro\/imoexpert\/#organization\"}},{\"@type\":\"WebPage\",\"@id\":\"https:\/\/www.imobiliare.ro\/imoexpert\/arcon-bucurestiul-un-sfert-din-piata-de-termoizolatii_db\/\",\"url\":\"https:\/\/www.imobiliare.ro\/imoexpert\/arcon-bucurestiul-un-sfert-din-piata-de-termoizolatii_db\/\",\"name\":\"Arcon: Bucure\u015ftiul, un sfert din pia\u0163a de termoizola\u0163ii - \u0218tiri - ImoExpert\",\"isPartOf\":{\"@id\":\"https:\/\/www.imobiliare.ro\/imoexpert\/#website\"},\"primaryImageOfPage\":{\"@id\":\"https:\/\/www.imobiliare.ro\/imoexpert\/arcon-bucurestiul-un-sfert-din-piata-de-termoizolatii_db\/#primaryimage\"},\"image\":{\"@id\":\"https:\/\/www.imobiliare.ro\/imoexpert\/arcon-bucurestiul-un-sfert-din-piata-de-termoizolatii_db\/#primaryimage\"},\"thumbnailUrl\":\"https:\/\/www.imobiliare.ro\/imoexpert\/wp-content\/uploads\/2010\/09\/izolatietermica.jpg\",\"datePublished\":\"2010-09-21T09:11:00+00:00\",\"description\":\"De anul urm\u0103tor, interesul asocia\u0163iilor de proprietari pentru programul de izolare termic\u0103 ar trebui s\u0103 fie mai ridicat. La nivel na\u0163ional, cea mai mare\",\"breadcrumb\":{\"@id\":\"https:\/\/www.imobiliare.ro\/imoexpert\/arcon-bucurestiul-un-sfert-din-piata-de-termoizolatii_db\/#breadcrumb\"},\"inLanguage\":\"en\",\"potentialAction\":[{\"@type\":\"ReadAction\",\"target\":[\"https:\/\/www.imobiliare.ro\/imoexpert\/arcon-bucurestiul-un-sfert-din-piata-de-termoizolatii_db\/\"]}]},{\"@type\":\"ImageObject\",\"inLanguage\":\"en\",\"@id\":\"https:\/\/www.imobiliare.ro\/imoexpert\/arcon-bucurestiul-un-sfert-din-piata-de-termoizolatii_db\/#primaryimage\",\"url\":\"https:\/\/www.imobiliare.ro\/imoexpert\/wp-content\/uploads\/2010\/09\/izolatietermica.jpg\",\"contentUrl\":\"https:\/\/www.imobiliare.ro\/imoexpert\/wp-content\/uploads\/2010\/09\/izolatietermica.jpg\",\"width\":319,\"height\":480},{\"@type\":\"BreadcrumbList\",\"@id\":\"https:\/\/www.imobiliare.ro\/imoexpert\/arcon-bucurestiul-un-sfert-din-piata-de-termoizolatii_db\/#breadcrumb\",\"itemListElement\":[{\"@type\":\"ListItem\",\"position\":1,\"name\":\"Imoradar24\",\"item\":\"https:\/\/www.imoradar24.ro\"},{\"@type\":\"ListItem\",\"position\":2,\"name\":\"ImoExpert\",\"item\":\"https:\/\/www.imobiliare.ro\/imoexpert\/\"},{\"@type\":\"ListItem\",\"position\":3,\"name\":\"\u0218tiri\",\"item\":\"https:\/\/www.imobiliare.ro\/imoexpert\/stiri\/\"},{\"@type\":\"ListItem\",\"position\":4,\"name\":\"Arcon: Bucure\u015ftiul, un sfert din pia\u0163a de termoizola\u0163ii\"}]},{\"@type\":\"WebSite\",\"@id\":\"https:\/\/www.imobiliare.ro\/imoexpert\/#website\",\"url\":\"https:\/\/www.imobiliare.ro\/imoexpert\/\",\"name\":\"ImoExpert\",\"description\":\"cele mai importante \u015ftiri din domeniul imobiliar\",\"publisher\":{\"@id\":\"https:\/\/www.imobiliare.ro\/imoexpert\/#organization\"},\"inLanguage\":\"en\"},{\"@type\":\"Organization\",\"@id\":\"https:\/\/www.imobiliare.ro\/imoexpert\/#organization\",\"name\":\"Imobiliare.ro\",\"alternateName\":\"Realmedia Network SA\",\"url\":\"https:\/\/www.imobiliare.ro\/imoexpert\/\",\"logo\":{\"@type\":\"ImageObject\",\"inLanguage\":\"en\",\"@id\":\"https:\/\/www.imobiliare.ro\/imoexpert\/#\/schema\/logo\/image\/\",\"url\":\"https:\/\/www.imobiliare.ro\/imoexpert\/wp-content\/uploads\/2025\/05\/imobiliare_logo.png\",\"contentUrl\":\"https:\/\/www.imobiliare.ro\/imoexpert\/wp-content\/uploads\/2025\/05\/imobiliare_logo.png\",\"width\":237,\"height\":29,\"caption\":\"Imobiliare.ro\"},\"image\":{\"@id\":\"https:\/\/www.imobiliare.ro\/imoexpert\/#\/schema\/logo\/image\/\"}},{\"@type\":\"Person\",\"@id\":\"https:\/\/www.imobiliare.ro\/imoexpert\/#\/schema\/person\/8c13b0297075010b896471fabf0d7790\",\"name\":\"Adriana Dr\u0103gu\u0219in\",\"image\":{\"@type\":\"ImageObject\",\"inLanguage\":\"en\",\"@id\":\"https:\/\/www.imobiliare.ro\/imoexpert\/#\/schema\/person\/image\/\",\"url\":\"https:\/\/secure.gravatar.com\/avatar\/ba4762f7517e50e679ed7f11207102d1150120f2f5800c0da98f8a15305bf514?s=96&d=mm&r=g\",\"contentUrl\":\"https:\/\/secure.gravatar.com\/avatar\/ba4762f7517e50e679ed7f11207102d1150120f2f5800c0da98f8a15305bf514?s=96&d=mm&r=g\",\"caption\":\"Adriana Dr\u0103gu\u0219in\"},\"jobTitle\":\"Editor\",\"url\":\"https:\/\/www.imobiliare.ro\/imoexpert\/author\/adriana-dragusin\/\"}]}<\/script>\n<!-- \/ Yoast SEO Premium plugin. -->","yoast_head_json":{"title":"Arcon: Bucure\u015ftiul, un sfert din pia\u0163a de termoizola\u0163ii - \u0218tiri - ImoExpert","description":"De anul urm\u0103tor, interesul asocia\u0163iilor de proprietari pentru programul de izolare termic\u0103 ar trebui s\u0103 fie mai ridicat. La nivel na\u0163ional, cea mai mare","robots":{"index":"index","follow":"follow"},"canonical":"https:\/\/www.imobiliare.ro\/imoexpert\/arcon-bucurestiul-un-sfert-din-piata-de-termoizolatii_db\/","og_locale":"ro_RO","og_type":"article","og_title":"Arcon: Bucure\u015ftiul, un sfert din pia\u0163a de termoizola\u0163ii","og_description":"De anul urm\u0103tor, interesul asocia\u0163iilor de proprietari pentru programul de izolare termic\u0103 ar trebui s\u0103 fie mai ridicat. La nivel na\u0163ional, cea mai mare","og_url":"https:\/\/www.imobiliare.ro\/imoexpert\/arcon-bucurestiul-un-sfert-din-piata-de-termoizolatii_db\/","og_site_name":"ImoExpert","article_published_time":"2010-09-21T09:11:00+00:00","og_image":[{"width":319,"height":480,"url":"https:\/\/www.imobiliare.ro\/imoexpert\/wp-content\/uploads\/2010\/09\/izolatietermica.jpg","type":"image\/jpeg"}],"author":"Adriana Dr\u0103gu\u0219in","twitter_card":"summary_large_image","twitter_misc":{"Written by":"Adriana Dr\u0103gu\u0219in","Est. reading time":"2 minute"},"schema":{"@context":"https:\/\/schema.org","@graph":[{"@type":"Article","@id":"https:\/\/www.imobiliare.ro\/imoexpert\/arcon-bucurestiul-un-sfert-din-piata-de-termoizolatii_db\/#article","isPartOf":{"@id":"https:\/\/www.imobiliare.ro\/imoexpert\/arcon-bucurestiul-un-sfert-din-piata-de-termoizolatii_db\/"},"author":{"name":"Adriana Dr\u0103gu\u0219in","@id":"https:\/\/www.imobiliare.ro\/imoexpert\/#\/schema\/person\/8c13b0297075010b896471fabf0d7790"},"headline":"Arcon: Bucure\u015ftiul, un sfert din pia\u0163a de termoizola\u0163ii","datePublished":"2010-09-21T09:11:00+00:00","mainEntityOfPage":{"@id":"https:\/\/www.imobiliare.ro\/imoexpert\/arcon-bucurestiul-un-sfert-din-piata-de-termoizolatii_db\/"},"wordCount":370,"commentCount":0,"publisher":{"@id":"https:\/\/www.imobiliare.ro\/imoexpert\/#organization"},"image":{"@id":"https:\/\/www.imobiliare.ro\/imoexpert\/arcon-bucurestiul-un-sfert-din-piata-de-termoizolatii_db\/#primaryimage"},"thumbnailUrl":"https:\/\/www.imobiliare.ro\/imoexpert\/wp-content\/uploads\/2010\/09\/izolatietermica.jpg","keywords":["Bucure\u015fti","termoizolare"],"articleSection":["\u0218tiri"],"inLanguage":"en","potentialAction":[{"@type":"CommentAction","name":"Comment","target":["https:\/\/www.imobiliare.ro\/imoexpert\/arcon-bucurestiul-un-sfert-din-piata-de-termoizolatii_db\/#respond"]}],"copyrightYear":"2010","copyrightHolder":{"@id":"https:\/\/www.imobiliare.ro\/imoexpert\/#organization"}},{"@type":"WebPage","@id":"https:\/\/www.imobiliare.ro\/imoexpert\/arcon-bucurestiul-un-sfert-din-piata-de-termoizolatii_db\/","url":"https:\/\/www.imobiliare.ro\/imoexpert\/arcon-bucurestiul-un-sfert-din-piata-de-termoizolatii_db\/","name":"Arcon: Bucure\u015ftiul, un sfert din pia\u0163a de termoizola\u0163ii - \u0218tiri - ImoExpert","isPartOf":{"@id":"https:\/\/www.imobiliare.ro\/imoexpert\/#website"},"primaryImageOfPage":{"@id":"https:\/\/www.imobiliare.ro\/imoexpert\/arcon-bucurestiul-un-sfert-din-piata-de-termoizolatii_db\/#primaryimage"},"image":{"@id":"https:\/\/www.imobiliare.ro\/imoexpert\/arcon-bucurestiul-un-sfert-din-piata-de-termoizolatii_db\/#primaryimage"},"thumbnailUrl":"https:\/\/www.imobiliare.ro\/imoexpert\/wp-content\/uploads\/2010\/09\/izolatietermica.jpg","datePublished":"2010-09-21T09:11:00+00:00","description":"De anul urm\u0103tor, interesul asocia\u0163iilor de proprietari pentru programul de izolare termic\u0103 ar trebui s\u0103 fie mai ridicat. La nivel na\u0163ional, cea mai mare","breadcrumb":{"@id":"https:\/\/www.imobiliare.ro\/imoexpert\/arcon-bucurestiul-un-sfert-din-piata-de-termoizolatii_db\/#breadcrumb"},"inLanguage":"en","potentialAction":[{"@type":"ReadAction","target":["https:\/\/www.imobiliare.ro\/imoexpert\/arcon-bucurestiul-un-sfert-din-piata-de-termoizolatii_db\/"]}]},{"@type":"ImageObject","inLanguage":"en","@id":"https:\/\/www.imobiliare.ro\/imoexpert\/arcon-bucurestiul-un-sfert-din-piata-de-termoizolatii_db\/#primaryimage","url":"https:\/\/www.imobiliare.ro\/imoexpert\/wp-content\/uploads\/2010\/09\/izolatietermica.jpg","contentUrl":"https:\/\/www.imobiliare.ro\/imoexpert\/wp-content\/uploads\/2010\/09\/izolatietermica.jpg","width":319,"height":480},{"@type":"BreadcrumbList","@id":"https:\/\/www.imobiliare.ro\/imoexpert\/arcon-bucurestiul-un-sfert-din-piata-de-termoizolatii_db\/#breadcrumb","itemListElement":[{"@type":"ListItem","position":1,"name":"Imoradar24","item":"https:\/\/www.imoradar24.ro"},{"@type":"ListItem","position":2,"name":"ImoExpert","item":"https:\/\/www.imobiliare.ro\/imoexpert\/"},{"@type":"ListItem","position":3,"name":"\u0218tiri","item":"https:\/\/www.imobiliare.ro\/imoexpert\/stiri\/"},{"@type":"ListItem","position":4,"name":"Arcon: Bucure\u015ftiul, un sfert din pia\u0163a de termoizola\u0163ii"}]},{"@type":"WebSite","@id":"https:\/\/www.imobiliare.ro\/imoexpert\/#website","url":"https:\/\/www.imobiliare.ro\/imoexpert\/","name":"ImoExpert","description":"cele mai importante \u015ftiri din domeniul imobiliar","publisher":{"@id":"https:\/\/www.imobiliare.ro\/imoexpert\/#organization"},"inLanguage":"en"},{"@type":"Organization","@id":"https:\/\/www.imobiliare.ro\/imoexpert\/#organization","name":"Imobiliare.ro","alternateName":"Realmedia Network SA","url":"https:\/\/www.imobiliare.ro\/imoexpert\/","logo":{"@type":"ImageObject","inLanguage":"en","@id":"https:\/\/www.imobiliare.ro\/imoexpert\/#\/schema\/logo\/image\/","url":"https:\/\/www.imobiliare.ro\/imoexpert\/wp-content\/uploads\/2025\/05\/imobiliare_logo.png","contentUrl":"https:\/\/www.imobiliare.ro\/imoexpert\/wp-content\/uploads\/2025\/05\/imobiliare_logo.png","width":237,"height":29,"caption":"Imobiliare.ro"},"image":{"@id":"https:\/\/www.imobiliare.ro\/imoexpert\/#\/schema\/logo\/image\/"}},{"@type":"Person","@id":"https:\/\/www.imobiliare.ro\/imoexpert\/#\/schema\/person\/8c13b0297075010b896471fabf0d7790","name":"Adriana Dr\u0103gu\u0219in","image":{"@type":"ImageObject","inLanguage":"en","@id":"https:\/\/www.imobiliare.ro\/imoexpert\/#\/schema\/person\/image\/","url":"https:\/\/secure.gravatar.com\/avatar\/ba4762f7517e50e679ed7f11207102d1150120f2f5800c0da98f8a15305bf514?s=96&d=mm&r=g","contentUrl":"https:\/\/secure.gravatar.com\/avatar\/ba4762f7517e50e679ed7f11207102d1150120f2f5800c0da98f8a15305bf514?s=96&d=mm&r=g","caption":"Adriana Dr\u0103gu\u0219in"},"jobTitle":"Editor","url":"https:\/\/www.imobiliare.ro\/imoexpert\/author\/adriana-dragusin\/"}]}},"_links":{"self":[{"href":"https:\/\/www.imobiliare.ro\/imoexpert\/wp-json\/wp\/v2\/posts\/6690","targetHints":{"allow":["GET"]}}],"collection":[{"href":"https:\/\/www.imobiliare.ro\/imoexpert\/wp-json\/wp\/v2\/posts"}],"about":[{"href":"https:\/\/www.imobiliare.ro\/imoexpert\/wp-json\/wp\/v2\/types\/post"}],"author":[{"embeddable":true,"href":"https:\/\/www.imobiliare.ro\/imoexpert\/wp-json\/wp\/v2\/users\/829"}],"replies":[{"embeddable":true,"href":"https:\/\/www.imobiliare.ro\/imoexpert\/wp-json\/wp\/v2\/comments?post=6690"}],"version-history":[{"count":0,"href":"https:\/\/www.imobiliare.ro\/imoexpert\/wp-json\/wp\/v2\/posts\/6690\/revisions"}],"wp:featuredmedia":[{"embeddable":true,"href":"https:\/\/www.imobiliare.ro\/imoexpert\/wp-json\/wp\/v2\/media\/6692"}],"wp:attachment":[{"href":"https:\/\/www.imobiliare.ro\/imoexpert\/wp-json\/wp\/v2\/media?parent=6690"}],"wp:term":[{"taxonomy":"category","embeddable":true,"href":"https:\/\/www.imobiliare.ro\/imoexpert\/wp-json\/wp\/v2\/categories?post=6690"},{"taxonomy":"post_tag","embeddable":true,"href":"https:\/\/www.imobiliare.ro\/imoexpert\/wp-json\/wp\/v2\/tags?post=6690"},{"taxonomy":"content_author","embeddable":true,"href":"https:\/\/www.imobiliare.ro\/imoexpert\/wp-json\/wp\/v2\/content_author?post=6690"}],"curies":[{"name":"wp","href":"https:\/\/api.w.org\/{rel}","templated":true}]}}