{"id":66904,"date":"2023-08-01T14:42:49","date_gmt":"2023-08-01T11:42:49","guid":{"rendered":"https:\/\/www.imobiliare.ro\/imoexpert\/?p=66904"},"modified":"2023-08-01T14:42:49","modified_gmt":"2023-08-01T11:42:49","slug":"cum-vad-economistii-viitorul-pietei-imobiliare-la-nivel-mondial","status":"publish","type":"post","link":"https:\/\/www.imobiliare.ro\/imoexpert\/cum-vad-economistii-viitorul-pietei-imobiliare-la-nivel-mondial_db\/","title":{"rendered":"Cum v\u0103d economi\u0219tii viitorul pie\u021bei imobiliare, la nivel mondial?"},"content":{"rendered":"\n<figure class=\"wp-block-image size-large\"><img loading=\"lazy\" decoding=\"async\" width=\"1024\" height=\"632\" src=\"https:\/\/www.imobiliare.ro\/imoexpert\/wp-content\/uploads\/2023\/08\/dreamstime_xxl_280543-1024x632.jpg\" alt=\"\" class=\"wp-image-66905\" srcset=\"https:\/\/www.imobiliare.ro\/imoexpert\/wp-content\/uploads\/2023\/08\/dreamstime_xxl_280543-1024x632.jpg 1024w, https:\/\/www.imobiliare.ro\/imoexpert\/wp-content\/uploads\/2023\/08\/dreamstime_xxl_280543-300x185.jpg 300w, https:\/\/www.imobiliare.ro\/imoexpert\/wp-content\/uploads\/2023\/08\/dreamstime_xxl_280543-768x474.jpg 768w, https:\/\/www.imobiliare.ro\/imoexpert\/wp-content\/uploads\/2023\/08\/dreamstime_xxl_280543-1536x948.jpg 1536w, https:\/\/www.imobiliare.ro\/imoexpert\/wp-content\/uploads\/2023\/08\/dreamstime_xxl_280543-2048x1264.jpg 2048w\" sizes=\"auto, (max-width: 1024px) 100vw, 1024px\" \/><\/figure>\n\n\n\n<p><strong>Exper\u021bii economici <strong>ofer\u0103 prognoze importante de cre\u0219tere a pre\u021burilor propriet\u0103\u021bilor imobiliare, la nivel mondial, \u00een urm\u0103torii zece ani.<\/strong> Studiul Economic al Exper\u021bilor (EES), condus de Institutul ifo \u0219i Institutul de Politic\u0103 Economic\u0103 Elve\u021bian\u0103, prognozeaz\u0103 o rat\u0103 medie anual\u0103 de cre\u0219tere nominal\u0103 la nivel global, de 9%. \u00cen Germania, se estimeaz\u0103 o cre\u0219tere de 7,2%.<\/strong><\/p>\n\n\n\n<h2 class=\"wp-block-heading\"><strong>Trendul global continu\u0103: pre\u021burile propriet\u0103\u021bilor imobiliare continu\u0103 s\u0103 creasc\u0103<\/strong><\/h2>\n\n\n\n<p>Rezultatele relevate de exper\u021bii din \u00eentreaga lume arat\u0103 c\u0103 \u00een mai multe regiuni (cum ar fi Africa de Est sau Asia de Sud) sunt a\u0219teptate cre\u0219teri anuale ale pre\u021burilor propriet\u0103\u021bilor de peste 20%. \u00cen America de Sud, Europa de Est, Asia Central\u0103 \u0219i Africa de Nord, sunt prognozate cre\u0219teri semnificative, cuprinse \u00eentre 10 \u0219i 15%. \u00cen schimb, \u00een America de Nord, Europa de Vest, Oceania \u0219i Asia de Sud-Est se a\u0219teapt\u0103 cre\u0219teri mai moderate, de 6 p\u00e2n\u0103 la 8% pe an.<\/p>\n\n\n\n<p>A\u0219tept\u0103rile privind pre\u021burile imobiliare depind, printre altele, de estim\u0103rile exper\u021bilor privind infla\u021bia. &#8222;La nivel regional, exist\u0103 corela\u021bii semnificative \u00eentre a\u0219tept\u0103rile exper\u021bilor referitoare la infla\u021bia pe termen scurt (+0,76) \u0219i pe termen lung (+0,48) \u0219i evalu\u0103rile lor cu privire la evolu\u021bia pre\u021burilor imobiliare \u00een urm\u0103torii zece ani. De aceea, cre\u0219terile reale ale pre\u021burilor caselor vor fi probabil mai mici dec\u00e2t valorile nominale,\u201d potrivit datelor publicate \u00een raport.<\/p>\n\n\n\n<figure class=\"wp-block-image size-full\"><img loading=\"lazy\" decoding=\"async\" width=\"787\" height=\"443\" src=\"https:\/\/www.imobiliare.ro\/imoexpert\/wp-content\/uploads\/2023\/08\/20230731_EES_Immobilien_Q2_1_DE.png\" alt=\"\" class=\"wp-image-66906\" srcset=\"https:\/\/www.imobiliare.ro\/imoexpert\/wp-content\/uploads\/2023\/08\/20230731_EES_Immobilien_Q2_1_DE.png 787w, https:\/\/www.imobiliare.ro\/imoexpert\/wp-content\/uploads\/2023\/08\/20230731_EES_Immobilien_Q2_1_DE-300x169.png 300w, https:\/\/www.imobiliare.ro\/imoexpert\/wp-content\/uploads\/2023\/08\/20230731_EES_Immobilien_Q2_1_DE-768x432.png 768w\" sizes=\"auto, (max-width: 787px) 100vw, 787px\" \/><\/figure>\n\n\n\n<p>Diferen\u021bele semnificative \u00een a\u0219tept\u0103rile privind evolu\u021bia pre\u021burilor imobiliare \u00een urm\u0103torii zece ani sunt evidente, \u00een special \u00een Europa. \u00cen timp ce se preconizeaz\u0103 cre\u0219teri moderate ale nivelului pre\u021burilor imobiliare \u00een Europa de Vest \u0219i, \u00eentr-o m\u0103sur\u0103 mai mic\u0103, \u00een Europa de Nord (respectiv 6,4% \u0219i 9,9%), a\u0219tept\u0103rile pentru cre\u0219terea anual\u0103 \u00een Europa de Sud \u0219i Europa de Est sunt aproape de trei ori mai mari (18,4% \u0219i, respectiv, 14,9%).<\/p>\n\n\n\n<figure class=\"wp-block-image size-large\"><img loading=\"lazy\" decoding=\"async\" width=\"1024\" height=\"799\" src=\"https:\/\/www.imobiliare.ro\/imoexpert\/wp-content\/uploads\/2023\/08\/20230731_PM_Tabellen_EES-1024x799.jpg\" alt=\"\" class=\"wp-image-66907\" srcset=\"https:\/\/www.imobiliare.ro\/imoexpert\/wp-content\/uploads\/2023\/08\/20230731_PM_Tabellen_EES-1024x799.jpg 1024w, https:\/\/www.imobiliare.ro\/imoexpert\/wp-content\/uploads\/2023\/08\/20230731_PM_Tabellen_EES-300x234.jpg 300w, https:\/\/www.imobiliare.ro\/imoexpert\/wp-content\/uploads\/2023\/08\/20230731_PM_Tabellen_EES-768x599.jpg 768w, https:\/\/www.imobiliare.ro\/imoexpert\/wp-content\/uploads\/2023\/08\/20230731_PM_Tabellen_EES-1536x1198.jpg 1536w, https:\/\/www.imobiliare.ro\/imoexpert\/wp-content\/uploads\/2023\/08\/20230731_PM_Tabellen_EES.jpg 1772w\" sizes=\"auto, (max-width: 1024px) 100vw, 1024px\" \/><\/figure>\n\n\n\n<p>Sondajul trimestrial realizat de Institutul ifo \u0219i Institutul de Politic\u0103 Economic\u0103 Elve\u021bian\u0103 &nbsp;a fost realizat \u00een perioada 14 iunie 2023 p\u00e2n\u0103 la 2 iulie 2023, cu participarea a 14.2023 de exper\u021bi economici din 2 \u021b\u0103ri.<\/p>\n","protected":false},"excerpt":{"rendered":"<p>Exper\u021bii economici ofer\u0103 prognoze importante de cre\u0219tere a pre\u021burilor propriet\u0103\u021bilor imobiliare, la nivel mondial, \u00een urm\u0103torii zece ani. Studiul Economic al Exper\u021bilor (EES), condus de Institutul ifo \u0219i Institutul de Politic\u0103 Economic\u0103 Elve\u021bian\u0103, prognozeaz\u0103 o rat\u0103 medie anual\u0103 de cre\u0219tere nominal\u0103 la nivel global, de 9%. \u00cen Germania, se estimeaz\u0103 o cre\u0219tere de 7,2%. Trendul [&hellip;]<\/p>\n","protected":false},"author":853852,"featured_media":66905,"comment_status":"open","ping_status":"open","sticky":true,"template":"","format":"standard","meta":{"footnotes":""},"categories":[259],"tags":[2163,1388,2162,431,2161],"content_author":[],"class_list":["post-66904","post","type-post","status-publish","format-standard","has-post-thumbnail","hentry","category-stiri","tag-economisti","tag-evolutie","tag-perspectivee","tag-piata-imobiliara","tag-prognoze-preturi-apartamente"],"yoast_head":"<!-- This site is optimized with the Yoast SEO Premium plugin v27.0 (Yoast SEO v27.0) - https:\/\/yoast.com\/product\/yoast-seo-premium-wordpress\/ -->\n<title>Cum v\u0103d economi\u0219tii viitorul pie\u021bei imobiliare, la nivel mondial? - \u0218tiri - ImoExpert<\/title>\n<meta name=\"description\" content=\"Exper\u021bii economici ofer\u0103 prognoze importante de cre\u0219tere a pre\u021burilor propriet\u0103\u021bilor imobiliare, la nivel mondial, \u00een urm\u0103torii zece ani. Studiul Economic\" \/>\n<meta name=\"robots\" content=\"index, follow\" \/>\n<link rel=\"canonical\" href=\"https:\/\/www.imobiliare.ro\/imoexpert\/cum-vad-economistii-viitorul-pietei-imobiliare-la-nivel-mondial_db\/\" \/>\n<meta property=\"og:locale\" content=\"ro_RO\" \/>\n<meta property=\"og:type\" content=\"article\" \/>\n<meta property=\"og:title\" content=\"Cum v\u0103d economi\u0219tii viitorul pie\u021bei imobiliare, la nivel mondial?\" \/>\n<meta property=\"og:description\" content=\"Exper\u021bii economici ofer\u0103 prognoze importante de cre\u0219tere a pre\u021burilor propriet\u0103\u021bilor imobiliare, la nivel mondial, \u00een urm\u0103torii zece ani. Studiul Economic\" \/>\n<meta property=\"og:url\" content=\"https:\/\/www.imobiliare.ro\/imoexpert\/cum-vad-economistii-viitorul-pietei-imobiliare-la-nivel-mondial_db\/\" \/>\n<meta property=\"og:site_name\" content=\"ImoExpert\" \/>\n<meta property=\"article:published_time\" content=\"2023-08-01T11:42:49+00:00\" \/>\n<meta property=\"og:image\" content=\"https:\/\/www.imobiliare.ro\/imoexpert\/wp-content\/uploads\/2023\/08\/dreamstime_xxl_280543-scaled.jpg\" \/>\n\t<meta property=\"og:image:width\" content=\"2560\" \/>\n\t<meta property=\"og:image:height\" content=\"1580\" \/>\n\t<meta property=\"og:image:type\" content=\"image\/jpeg\" \/>\n<meta name=\"author\" content=\"Corina Sfia\" \/>\n<meta name=\"twitter:card\" content=\"summary_large_image\" \/>\n<meta name=\"twitter:label1\" content=\"Written by\" \/>\n\t<meta name=\"twitter:data1\" content=\"Corina Sfia\" \/>\n\t<meta name=\"twitter:label2\" content=\"Est. reading time\" \/>\n\t<meta name=\"twitter:data2\" content=\"2 minute\" \/>\n<script type=\"application\/ld+json\" class=\"yoast-schema-graph\">{\"@context\":\"https:\/\/schema.org\",\"@graph\":[{\"@type\":\"Article\",\"@id\":\"https:\/\/www.imobiliare.ro\/imoexpert\/cum-vad-economistii-viitorul-pietei-imobiliare-la-nivel-mondial_db\/#article\",\"isPartOf\":{\"@id\":\"https:\/\/www.imobiliare.ro\/imoexpert\/cum-vad-economistii-viitorul-pietei-imobiliare-la-nivel-mondial_db\/\"},\"author\":{\"name\":\"Corina Sfia\",\"@id\":\"https:\/\/www.imobiliare.ro\/imoexpert\/#\/schema\/person\/05beb62efa22e8e5445349a3eb6c5247\"},\"headline\":\"Cum v\u0103d economi\u0219tii viitorul pie\u021bei imobiliare, la nivel mondial?\",\"datePublished\":\"2023-08-01T11:42:49+00:00\",\"mainEntityOfPage\":{\"@id\":\"https:\/\/www.imobiliare.ro\/imoexpert\/cum-vad-economistii-viitorul-pietei-imobiliare-la-nivel-mondial_db\/\"},\"wordCount\":361,\"commentCount\":0,\"publisher\":{\"@id\":\"https:\/\/www.imobiliare.ro\/imoexpert\/#organization\"},\"image\":{\"@id\":\"https:\/\/www.imobiliare.ro\/imoexpert\/cum-vad-economistii-viitorul-pietei-imobiliare-la-nivel-mondial_db\/#primaryimage\"},\"thumbnailUrl\":\"https:\/\/www.imobiliare.ro\/imoexpert\/wp-content\/uploads\/2023\/08\/dreamstime_xxl_280543-scaled.jpg\",\"keywords\":[\"economisti\",\"evolutie\",\"perspectivee\",\"piata imobiliara\",\"prognoze preturi apartamente\"],\"articleSection\":[\"\u0218tiri\"],\"inLanguage\":\"en\",\"potentialAction\":[{\"@type\":\"CommentAction\",\"name\":\"Comment\",\"target\":[\"https:\/\/www.imobiliare.ro\/imoexpert\/cum-vad-economistii-viitorul-pietei-imobiliare-la-nivel-mondial_db\/#respond\"]}],\"copyrightYear\":\"2023\",\"copyrightHolder\":{\"@id\":\"https:\/\/www.imobiliare.ro\/imoexpert\/#organization\"}},{\"@type\":\"WebPage\",\"@id\":\"https:\/\/www.imobiliare.ro\/imoexpert\/cum-vad-economistii-viitorul-pietei-imobiliare-la-nivel-mondial_db\/\",\"url\":\"https:\/\/www.imobiliare.ro\/imoexpert\/cum-vad-economistii-viitorul-pietei-imobiliare-la-nivel-mondial_db\/\",\"name\":\"Cum v\u0103d economi\u0219tii viitorul pie\u021bei imobiliare, la nivel mondial? - \u0218tiri - ImoExpert\",\"isPartOf\":{\"@id\":\"https:\/\/www.imobiliare.ro\/imoexpert\/#website\"},\"primaryImageOfPage\":{\"@id\":\"https:\/\/www.imobiliare.ro\/imoexpert\/cum-vad-economistii-viitorul-pietei-imobiliare-la-nivel-mondial_db\/#primaryimage\"},\"image\":{\"@id\":\"https:\/\/www.imobiliare.ro\/imoexpert\/cum-vad-economistii-viitorul-pietei-imobiliare-la-nivel-mondial_db\/#primaryimage\"},\"thumbnailUrl\":\"https:\/\/www.imobiliare.ro\/imoexpert\/wp-content\/uploads\/2023\/08\/dreamstime_xxl_280543-scaled.jpg\",\"datePublished\":\"2023-08-01T11:42:49+00:00\",\"description\":\"Exper\u021bii economici ofer\u0103 prognoze importante de cre\u0219tere a pre\u021burilor propriet\u0103\u021bilor imobiliare, la nivel mondial, \u00een urm\u0103torii zece ani. Studiul Economic\",\"breadcrumb\":{\"@id\":\"https:\/\/www.imobiliare.ro\/imoexpert\/cum-vad-economistii-viitorul-pietei-imobiliare-la-nivel-mondial_db\/#breadcrumb\"},\"inLanguage\":\"en\",\"potentialAction\":[{\"@type\":\"ReadAction\",\"target\":[\"https:\/\/www.imobiliare.ro\/imoexpert\/cum-vad-economistii-viitorul-pietei-imobiliare-la-nivel-mondial_db\/\"]}]},{\"@type\":\"ImageObject\",\"inLanguage\":\"en\",\"@id\":\"https:\/\/www.imobiliare.ro\/imoexpert\/cum-vad-economistii-viitorul-pietei-imobiliare-la-nivel-mondial_db\/#primaryimage\",\"url\":\"https:\/\/www.imobiliare.ro\/imoexpert\/wp-content\/uploads\/2023\/08\/dreamstime_xxl_280543-scaled.jpg\",\"contentUrl\":\"https:\/\/www.imobiliare.ro\/imoexpert\/wp-content\/uploads\/2023\/08\/dreamstime_xxl_280543-scaled.jpg\",\"width\":2560,\"height\":1580},{\"@type\":\"BreadcrumbList\",\"@id\":\"https:\/\/www.imobiliare.ro\/imoexpert\/cum-vad-economistii-viitorul-pietei-imobiliare-la-nivel-mondial_db\/#breadcrumb\",\"itemListElement\":[{\"@type\":\"ListItem\",\"position\":1,\"name\":\"Imoradar24\",\"item\":\"https:\/\/www.imoradar24.ro\"},{\"@type\":\"ListItem\",\"position\":2,\"name\":\"ImoExpert\",\"item\":\"https:\/\/www.imobiliare.ro\/imoexpert\/\"},{\"@type\":\"ListItem\",\"position\":3,\"name\":\"\u0218tiri\",\"item\":\"https:\/\/www.imobiliare.ro\/imoexpert\/stiri\/\"},{\"@type\":\"ListItem\",\"position\":4,\"name\":\"Cum v\u0103d economi\u0219tii viitorul pie\u021bei imobiliare, la nivel mondial?\"}]},{\"@type\":\"WebSite\",\"@id\":\"https:\/\/www.imobiliare.ro\/imoexpert\/#website\",\"url\":\"https:\/\/www.imobiliare.ro\/imoexpert\/\",\"name\":\"ImoExpert\",\"description\":\"cele mai importante \u015ftiri din domeniul imobiliar\",\"publisher\":{\"@id\":\"https:\/\/www.imobiliare.ro\/imoexpert\/#organization\"},\"inLanguage\":\"en\"},{\"@type\":\"Organization\",\"@id\":\"https:\/\/www.imobiliare.ro\/imoexpert\/#organization\",\"name\":\"Imobiliare.ro\",\"alternateName\":\"Realmedia Network SA\",\"url\":\"https:\/\/www.imobiliare.ro\/imoexpert\/\",\"logo\":{\"@type\":\"ImageObject\",\"inLanguage\":\"en\",\"@id\":\"https:\/\/www.imobiliare.ro\/imoexpert\/#\/schema\/logo\/image\/\",\"url\":\"https:\/\/www.imobiliare.ro\/imoexpert\/wp-content\/uploads\/2025\/05\/imobiliare_logo.png\",\"contentUrl\":\"https:\/\/www.imobiliare.ro\/imoexpert\/wp-content\/uploads\/2025\/05\/imobiliare_logo.png\",\"width\":237,\"height\":29,\"caption\":\"Imobiliare.ro\"},\"image\":{\"@id\":\"https:\/\/www.imobiliare.ro\/imoexpert\/#\/schema\/logo\/image\/\"}},{\"@type\":\"Person\",\"@id\":\"https:\/\/www.imobiliare.ro\/imoexpert\/#\/schema\/person\/05beb62efa22e8e5445349a3eb6c5247\",\"name\":\"Corina Sfia\",\"image\":{\"@type\":\"ImageObject\",\"inLanguage\":\"en\",\"@id\":\"https:\/\/www.imobiliare.ro\/imoexpert\/#\/schema\/person\/image\/\",\"url\":\"https:\/\/www.imobiliare.ro\/imoexpert\/wp-content\/uploads\/2025\/10\/corina-sfia-96x96.jpeg\",\"contentUrl\":\"https:\/\/www.imobiliare.ro\/imoexpert\/wp-content\/uploads\/2025\/10\/corina-sfia-96x96.jpeg\",\"caption\":\"Corina Sfia\"},\"description\":\"Corina Sfia are peste 18 ani de experien\u021b\u0103 \u00een televiziune, presa scris\u0103, audio-vizual, comunicare \u0219i content marketing. A activat \u00een presa de televiziune, la Digi24, precum \u0219i \u00een presa scris\u0103, iar \u00een prezent ocup\u0103 func\u021bia de Video Content Manager la Imobiliare.ro. Este implicat\u0103 \u00een realizarea unor produc\u021bii video, printre care Talks by Imobiliare.ro, Insights sau\u00a0Fail Imobiliar, \u0219i contribuie la realizarea unor interviuri speciale \u00een parteneriat cu Libertatea. Totodat\u0103, modereaz\u0103 \u0219i g\u0103zduie\u0219te evenimente dedicate industriei imobiliare.\",\"sameAs\":[\"http:\/\/www.sfia.ro\",\"https:\/\/ro.linkedin.com\/in\/corina-sfia-63794a216\"],\"jobTitle\":\"Video Content Manager\",\"award\":\"Cinematic Excellence Award, Imobiliare.ro, 2024\",\"url\":\"https:\/\/www.imobiliare.ro\/imoexpert\/author\/corina-sfia\/\"}]}<\/script>\n<!-- \/ Yoast SEO Premium plugin. -->","yoast_head_json":{"title":"Cum v\u0103d economi\u0219tii viitorul pie\u021bei imobiliare, la nivel mondial? - \u0218tiri - ImoExpert","description":"Exper\u021bii economici ofer\u0103 prognoze importante de cre\u0219tere a pre\u021burilor propriet\u0103\u021bilor imobiliare, la nivel mondial, \u00een urm\u0103torii zece ani. Studiul Economic","robots":{"index":"index","follow":"follow"},"canonical":"https:\/\/www.imobiliare.ro\/imoexpert\/cum-vad-economistii-viitorul-pietei-imobiliare-la-nivel-mondial_db\/","og_locale":"ro_RO","og_type":"article","og_title":"Cum v\u0103d economi\u0219tii viitorul pie\u021bei imobiliare, la nivel mondial?","og_description":"Exper\u021bii economici ofer\u0103 prognoze importante de cre\u0219tere a pre\u021burilor propriet\u0103\u021bilor imobiliare, la nivel mondial, \u00een urm\u0103torii zece ani. Studiul Economic","og_url":"https:\/\/www.imobiliare.ro\/imoexpert\/cum-vad-economistii-viitorul-pietei-imobiliare-la-nivel-mondial_db\/","og_site_name":"ImoExpert","article_published_time":"2023-08-01T11:42:49+00:00","og_image":[{"width":2560,"height":1580,"url":"https:\/\/www.imobiliare.ro\/imoexpert\/wp-content\/uploads\/2023\/08\/dreamstime_xxl_280543-scaled.jpg","type":"image\/jpeg"}],"author":"Corina Sfia","twitter_card":"summary_large_image","twitter_misc":{"Written by":"Corina Sfia","Est. reading time":"2 minute"},"schema":{"@context":"https:\/\/schema.org","@graph":[{"@type":"Article","@id":"https:\/\/www.imobiliare.ro\/imoexpert\/cum-vad-economistii-viitorul-pietei-imobiliare-la-nivel-mondial_db\/#article","isPartOf":{"@id":"https:\/\/www.imobiliare.ro\/imoexpert\/cum-vad-economistii-viitorul-pietei-imobiliare-la-nivel-mondial_db\/"},"author":{"name":"Corina Sfia","@id":"https:\/\/www.imobiliare.ro\/imoexpert\/#\/schema\/person\/05beb62efa22e8e5445349a3eb6c5247"},"headline":"Cum v\u0103d economi\u0219tii viitorul pie\u021bei imobiliare, la nivel mondial?","datePublished":"2023-08-01T11:42:49+00:00","mainEntityOfPage":{"@id":"https:\/\/www.imobiliare.ro\/imoexpert\/cum-vad-economistii-viitorul-pietei-imobiliare-la-nivel-mondial_db\/"},"wordCount":361,"commentCount":0,"publisher":{"@id":"https:\/\/www.imobiliare.ro\/imoexpert\/#organization"},"image":{"@id":"https:\/\/www.imobiliare.ro\/imoexpert\/cum-vad-economistii-viitorul-pietei-imobiliare-la-nivel-mondial_db\/#primaryimage"},"thumbnailUrl":"https:\/\/www.imobiliare.ro\/imoexpert\/wp-content\/uploads\/2023\/08\/dreamstime_xxl_280543-scaled.jpg","keywords":["economisti","evolutie","perspectivee","piata imobiliara","prognoze preturi apartamente"],"articleSection":["\u0218tiri"],"inLanguage":"en","potentialAction":[{"@type":"CommentAction","name":"Comment","target":["https:\/\/www.imobiliare.ro\/imoexpert\/cum-vad-economistii-viitorul-pietei-imobiliare-la-nivel-mondial_db\/#respond"]}],"copyrightYear":"2023","copyrightHolder":{"@id":"https:\/\/www.imobiliare.ro\/imoexpert\/#organization"}},{"@type":"WebPage","@id":"https:\/\/www.imobiliare.ro\/imoexpert\/cum-vad-economistii-viitorul-pietei-imobiliare-la-nivel-mondial_db\/","url":"https:\/\/www.imobiliare.ro\/imoexpert\/cum-vad-economistii-viitorul-pietei-imobiliare-la-nivel-mondial_db\/","name":"Cum v\u0103d economi\u0219tii viitorul pie\u021bei imobiliare, la nivel mondial? - \u0218tiri - ImoExpert","isPartOf":{"@id":"https:\/\/www.imobiliare.ro\/imoexpert\/#website"},"primaryImageOfPage":{"@id":"https:\/\/www.imobiliare.ro\/imoexpert\/cum-vad-economistii-viitorul-pietei-imobiliare-la-nivel-mondial_db\/#primaryimage"},"image":{"@id":"https:\/\/www.imobiliare.ro\/imoexpert\/cum-vad-economistii-viitorul-pietei-imobiliare-la-nivel-mondial_db\/#primaryimage"},"thumbnailUrl":"https:\/\/www.imobiliare.ro\/imoexpert\/wp-content\/uploads\/2023\/08\/dreamstime_xxl_280543-scaled.jpg","datePublished":"2023-08-01T11:42:49+00:00","description":"Exper\u021bii economici ofer\u0103 prognoze importante de cre\u0219tere a pre\u021burilor propriet\u0103\u021bilor imobiliare, la nivel mondial, \u00een urm\u0103torii zece ani. Studiul Economic","breadcrumb":{"@id":"https:\/\/www.imobiliare.ro\/imoexpert\/cum-vad-economistii-viitorul-pietei-imobiliare-la-nivel-mondial_db\/#breadcrumb"},"inLanguage":"en","potentialAction":[{"@type":"ReadAction","target":["https:\/\/www.imobiliare.ro\/imoexpert\/cum-vad-economistii-viitorul-pietei-imobiliare-la-nivel-mondial_db\/"]}]},{"@type":"ImageObject","inLanguage":"en","@id":"https:\/\/www.imobiliare.ro\/imoexpert\/cum-vad-economistii-viitorul-pietei-imobiliare-la-nivel-mondial_db\/#primaryimage","url":"https:\/\/www.imobiliare.ro\/imoexpert\/wp-content\/uploads\/2023\/08\/dreamstime_xxl_280543-scaled.jpg","contentUrl":"https:\/\/www.imobiliare.ro\/imoexpert\/wp-content\/uploads\/2023\/08\/dreamstime_xxl_280543-scaled.jpg","width":2560,"height":1580},{"@type":"BreadcrumbList","@id":"https:\/\/www.imobiliare.ro\/imoexpert\/cum-vad-economistii-viitorul-pietei-imobiliare-la-nivel-mondial_db\/#breadcrumb","itemListElement":[{"@type":"ListItem","position":1,"name":"Imoradar24","item":"https:\/\/www.imoradar24.ro"},{"@type":"ListItem","position":2,"name":"ImoExpert","item":"https:\/\/www.imobiliare.ro\/imoexpert\/"},{"@type":"ListItem","position":3,"name":"\u0218tiri","item":"https:\/\/www.imobiliare.ro\/imoexpert\/stiri\/"},{"@type":"ListItem","position":4,"name":"Cum v\u0103d economi\u0219tii viitorul pie\u021bei imobiliare, la nivel mondial?"}]},{"@type":"WebSite","@id":"https:\/\/www.imobiliare.ro\/imoexpert\/#website","url":"https:\/\/www.imobiliare.ro\/imoexpert\/","name":"ImoExpert","description":"cele mai importante \u015ftiri din domeniul imobiliar","publisher":{"@id":"https:\/\/www.imobiliare.ro\/imoexpert\/#organization"},"inLanguage":"en"},{"@type":"Organization","@id":"https:\/\/www.imobiliare.ro\/imoexpert\/#organization","name":"Imobiliare.ro","alternateName":"Realmedia Network SA","url":"https:\/\/www.imobiliare.ro\/imoexpert\/","logo":{"@type":"ImageObject","inLanguage":"en","@id":"https:\/\/www.imobiliare.ro\/imoexpert\/#\/schema\/logo\/image\/","url":"https:\/\/www.imobiliare.ro\/imoexpert\/wp-content\/uploads\/2025\/05\/imobiliare_logo.png","contentUrl":"https:\/\/www.imobiliare.ro\/imoexpert\/wp-content\/uploads\/2025\/05\/imobiliare_logo.png","width":237,"height":29,"caption":"Imobiliare.ro"},"image":{"@id":"https:\/\/www.imobiliare.ro\/imoexpert\/#\/schema\/logo\/image\/"}},{"@type":"Person","@id":"https:\/\/www.imobiliare.ro\/imoexpert\/#\/schema\/person\/05beb62efa22e8e5445349a3eb6c5247","name":"Corina Sfia","image":{"@type":"ImageObject","inLanguage":"en","@id":"https:\/\/www.imobiliare.ro\/imoexpert\/#\/schema\/person\/image\/","url":"https:\/\/www.imobiliare.ro\/imoexpert\/wp-content\/uploads\/2025\/10\/corina-sfia-96x96.jpeg","contentUrl":"https:\/\/www.imobiliare.ro\/imoexpert\/wp-content\/uploads\/2025\/10\/corina-sfia-96x96.jpeg","caption":"Corina Sfia"},"description":"Corina Sfia are peste 18 ani de experien\u021b\u0103 \u00een televiziune, presa scris\u0103, audio-vizual, comunicare \u0219i content marketing. A activat \u00een presa de televiziune, la Digi24, precum \u0219i \u00een presa scris\u0103, iar \u00een prezent ocup\u0103 func\u021bia de Video Content Manager la Imobiliare.ro. Este implicat\u0103 \u00een realizarea unor produc\u021bii video, printre care Talks by Imobiliare.ro, Insights sau\u00a0Fail Imobiliar, \u0219i contribuie la realizarea unor interviuri speciale \u00een parteneriat cu Libertatea. Totodat\u0103, modereaz\u0103 \u0219i g\u0103zduie\u0219te evenimente dedicate industriei imobiliare.","sameAs":["http:\/\/www.sfia.ro","https:\/\/ro.linkedin.com\/in\/corina-sfia-63794a216"],"jobTitle":"Video Content Manager","award":"Cinematic Excellence Award, Imobiliare.ro, 2024","url":"https:\/\/www.imobiliare.ro\/imoexpert\/author\/corina-sfia\/"}]}},"_links":{"self":[{"href":"https:\/\/www.imobiliare.ro\/imoexpert\/wp-json\/wp\/v2\/posts\/66904","targetHints":{"allow":["GET"]}}],"collection":[{"href":"https:\/\/www.imobiliare.ro\/imoexpert\/wp-json\/wp\/v2\/posts"}],"about":[{"href":"https:\/\/www.imobiliare.ro\/imoexpert\/wp-json\/wp\/v2\/types\/post"}],"author":[{"embeddable":true,"href":"https:\/\/www.imobiliare.ro\/imoexpert\/wp-json\/wp\/v2\/users\/853852"}],"replies":[{"embeddable":true,"href":"https:\/\/www.imobiliare.ro\/imoexpert\/wp-json\/wp\/v2\/comments?post=66904"}],"version-history":[{"count":0,"href":"https:\/\/www.imobiliare.ro\/imoexpert\/wp-json\/wp\/v2\/posts\/66904\/revisions"}],"wp:featuredmedia":[{"embeddable":true,"href":"https:\/\/www.imobiliare.ro\/imoexpert\/wp-json\/wp\/v2\/media\/66905"}],"wp:attachment":[{"href":"https:\/\/www.imobiliare.ro\/imoexpert\/wp-json\/wp\/v2\/media?parent=66904"}],"wp:term":[{"taxonomy":"category","embeddable":true,"href":"https:\/\/www.imobiliare.ro\/imoexpert\/wp-json\/wp\/v2\/categories?post=66904"},{"taxonomy":"post_tag","embeddable":true,"href":"https:\/\/www.imobiliare.ro\/imoexpert\/wp-json\/wp\/v2\/tags?post=66904"},{"taxonomy":"content_author","embeddable":true,"href":"https:\/\/www.imobiliare.ro\/imoexpert\/wp-json\/wp\/v2\/content_author?post=66904"}],"curies":[{"name":"wp","href":"https:\/\/api.w.org\/{rel}","templated":true}]}}