{"id":67032,"date":"2023-08-18T20:14:10","date_gmt":"2023-08-18T17:14:10","guid":{"rendered":"https:\/\/www.imobiliare.ro\/imoexpert\/?p=67032"},"modified":"2023-08-18T20:14:10","modified_gmt":"2023-08-18T17:14:10","slug":"indicele-imobiliare-ro-constanta-da-tonul-cresterii-preturilor-apartamentelor-iar-bucurestiul-se-lupta-sa-recupereze-avansul-pierdut","status":"publish","type":"post","link":"https:\/\/www.imobiliare.ro\/imoexpert\/indicele-imobiliare-ro-constanta-da-tonul-cresterii-preturilor-apartamentelor-iar-bucurestiul-se-lupta-sa-recupereze-avansul-pierdut_db\/","title":{"rendered":"Indicele Imobiliare.ro: Constan\u021ba d\u0103 tonul cre\u0219terii pre\u021burilor apartamentelor, iar Bucure\u0219tiul se lupt\u0103 s\u0103 recupereze avansul pierdut"},"content":{"rendered":"\n<figure class=\"wp-block-image\"><img loading=\"lazy\" decoding=\"async\" width=\"800\" height=\"600\" src=\"https:\/\/www.imobiliare.ro\/imoexpert\/wp-content\/uploads\/2023\/08\/indicele-imobiliare.ro-preturi-apartamente-iulie-2023.png\" alt=\"\" class=\"wp-image-67033\" srcset=\"https:\/\/www.imobiliare.ro\/imoexpert\/wp-content\/uploads\/2023\/08\/indicele-imobiliare.ro-preturi-apartamente-iulie-2023.png 800w, https:\/\/www.imobiliare.ro\/imoexpert\/wp-content\/uploads\/2023\/08\/indicele-imobiliare.ro-preturi-apartamente-iulie-2023-300x225.png 300w, https:\/\/www.imobiliare.ro\/imoexpert\/wp-content\/uploads\/2023\/08\/indicele-imobiliare.ro-preturi-apartamente-iulie-2023-768x576.png 768w\" sizes=\"auto, (max-width: 800px) 100vw, 800px\" \/><\/figure>\n\n\n\n<p><strong>Cel mai important avans al pre\u021bului mediu solicitat de c\u0103tre proprietari pentru apartamentele noi \u0219i vechi scoase la v\u00e2nzare \u00een marile ora\u0219e din Rom\u00e2nia, de 1,3%, s-a \u00eenregistrat pe parcursul lunii iulie \u00een Constan\u021ba, arat\u0103 <a class=\"article-body-links\"href=\"https:\/\/www.imobiliare.ro\/indicele-imobiliare-ro\" target=\"_blank\" rel=\"noreferrer noopener\"><mark style=\"background-color:rgba(0, 0, 0, 0)\" class=\"has-inline-color has-vivid-red-color\">Indicele Imobiliare.ro<\/mark><\/a>.<\/strong><\/p>\n\n\n\n<p><a class=\"article-body-links\"href=\"https:\/\/www.imobiliare.ro\/vanzare-apartamente\/constanta\" target=\"_blank\" rel=\"noreferrer noopener\">Locuin\u021bele disponibile la nivelul pie\u021bei locale<\/a> au putut fi achizi\u021bionate, astfel, cu 1.529 de euro\/mp util, fa\u021b\u0103 de 1.509 euro\/mp util la \u00eenceputul verii. <\/p>\n\n\n\n<p>Tot aici s-a putut observa \u0219i a doua cea mai mare cre\u0219tere procentual\u0103 a pre\u021burilor comparativ cu intervalul similar al anului trecut, respectiv de 4,4%. Ora\u0219ul Constan\u021ba a fost dep\u0103\u0219it la acest capitol doar de <strong>Oradea<\/strong>, unde avansul a fost cu 4,5%. <\/p>\n\n\n\n<p>Majorarea pre\u021burilor \u00een ora\u0219ul de pe malul M\u0103rii Negre a fost resim\u021bit\u0103 \u00een special pe segmentul reziden\u021bial vechi. Pentru o astfel de locuin\u021b\u0103 cu dou\u0103 camere proprietarii au solicitat 1.489 de euro\/mp util, \u00een timp ce pentru cele cu trei camere pre\u021bul mediu a ajuns la 1.547 de euro\/mp util.<\/p>\n\n\n\n<figure class=\"wp-block-image\"><img loading=\"lazy\" decoding=\"async\" width=\"800\" height=\"600\" src=\"https:\/\/www.imobiliare.ro\/imoexpert\/wp-content\/uploads\/2023\/08\/preturi-apartamente-bucuresti-iulie-2023.png\" alt=\"\" class=\"wp-image-67034\" srcset=\"https:\/\/www.imobiliare.ro\/imoexpert\/wp-content\/uploads\/2023\/08\/preturi-apartamente-bucuresti-iulie-2023.png 800w, https:\/\/www.imobiliare.ro\/imoexpert\/wp-content\/uploads\/2023\/08\/preturi-apartamente-bucuresti-iulie-2023-300x225.png 300w, https:\/\/www.imobiliare.ro\/imoexpert\/wp-content\/uploads\/2023\/08\/preturi-apartamente-bucuresti-iulie-2023-768x576.png 768w\" sizes=\"auto, (max-width: 800px) 100vw, 800px\" \/><\/figure>\n\n\n\n<p>\u00cen<strong> Capital\u0103<\/strong> <a class=\"article-body-links\"href=\"https:\/\/www.imobiliare.ro\/indicele-imobiliare-ro\/bucuresti\" target=\"_blank\" rel=\"noreferrer noopener\">valoarea medie de listare a apartamentelor<\/a> a ajuns \u00een iulie la 1.500 de euro\/mp util, dup\u0103 un avans cu c\u00e2\u021biva euro fa\u021b\u0103 de luna anterioar\u0103, dar consemn\u00e2nd \u00een continuare o sc\u0103dere cu aproape 3% fa\u021b\u0103 de iulie 2022. De altfel, \u00een r\u00e2ndul ora\u0219elor analizate prin intermediul<mark style=\"background-color:rgba(0, 0, 0, 0)\" class=\"has-inline-color has-vivid-red-color\"> <strong>Indicelui Imobiliare.ro<\/strong> <\/mark>au putut fi sesizate doar dou\u0103 reduceri ale pre\u021burilor \u00een perioada men\u021bionat\u0103, cea de-a doua ap\u0103r\u00e2nd \u00een <strong>Craiova<\/strong> \u0219i fiind de nici 2%.<\/p>\n\n\n\n<p>Bucure\u0219tenii au putut achizi\u021biona, spre exemplu, un apartament nou cu dou\u0103 camere cu circa 1.386 de euro\/mp util \u0219i o garsonier\u0103, tot \u00eentr-un imobil finalizat recent, cu 1.243 de euro\/mp util. Trebuie men\u021bionat, totodat\u0103, \u0219i faptul c\u0103 \u00een cazul<a class=\"article-body-links\"href=\"https:\/\/www.imobiliare.ro\/vanzare-apartamente\/bucuresti\" target=\"_blank\" rel=\"noreferrer noopener\"> locuin\u021belor noi pre\u021burile <\/a>solicitate \u00een Capital\u0103 r\u0103m\u00e2n cu circa 11% mai mici dec\u00e2t cele \u00eenregistrate \u00een iulie 2022.<\/p>\n\n\n\n<p>Pe pia\u021ba veche s-a putut observa, \u00een schimb, o u\u0219oar\u0103 tendin\u021b\u0103 de cre\u0219tere luna trecut\u0103, chiar dac\u0103 \u0219i \u00een acest caz pre\u021burile r\u0103m\u00e2n cu aproape 1% sub nivelul din iulie 2022. Astfel, proprietarii au scos la v\u00e2nzare apartamente cu 2 camere la un pre\u021b mediu de 1.509 euro\/mp util, respectiv garsoniere la 1.559 de euro\/mp util.<\/p>\n\n\n\n<figure class=\"wp-block-image\"><img loading=\"lazy\" decoding=\"async\" width=\"800\" height=\"600\" src=\"https:\/\/www.imobiliare.ro\/imoexpert\/wp-content\/uploads\/2023\/08\/preturi-apartamente-cluj-napoca-iulie-2023.png\" alt=\"\" class=\"wp-image-67035\" srcset=\"https:\/\/www.imobiliare.ro\/imoexpert\/wp-content\/uploads\/2023\/08\/preturi-apartamente-cluj-napoca-iulie-2023.png 800w, https:\/\/www.imobiliare.ro\/imoexpert\/wp-content\/uploads\/2023\/08\/preturi-apartamente-cluj-napoca-iulie-2023-300x225.png 300w, https:\/\/www.imobiliare.ro\/imoexpert\/wp-content\/uploads\/2023\/08\/preturi-apartamente-cluj-napoca-iulie-2023-768x576.png 768w\" sizes=\"auto, (max-width: 800px) 100vw, 800px\" \/><\/figure>\n\n\n\n<p><strong>Cluj-Napoca<\/strong> continu\u0103 s\u0103 dep\u0103\u0219easc\u0103 nu doar Bucure\u0219tiul, ci \u0219i celelalte ora\u0219e analizate prin intermediul <strong>Indicelui Imobiliare.ro<\/strong>, aici <a class=\"article-body-links\"href=\"https:\/\/www.imobiliare.ro\/indicele-imobiliare-ro\/cluj-napoca\" target=\"_blank\" rel=\"noreferrer noopener\">pre\u021bul mediu solicitat de c\u0103tre proprietari <\/a>\u0219i dezvoltatori ajung\u00e2nd la 2.419 euro\/mp util \u0219i men\u021bin\u00e2ndu-se cu doar c\u00e2\u021biva euro peste nivelul \u00eenregistrat la \u00eenceputul verii.<\/p>\n\n\n\n<p>At\u00e2t pe segmentul nou, c\u00e2t \u0219i pe segmentul vechi, pre\u021burile se men\u021bin cu circa 2% peste nivelul din iulie 2022. Luna trecut\u0103, locuin\u021bele vechi cu 2 camere puteau fi achizi\u021bionate la un pre\u021b mediu de 2.449 de euro\/mp util, iar cele nou construite cu 2.541 de euro\/mp util, arat\u0103<mark style=\"background-color:rgba(0, 0, 0, 0)\" class=\"has-inline-color has-vivid-red-color\"> <strong>Indicele Imobiliare.ro<\/strong><\/mark>.<\/p>\n\n\n\n<figure class=\"wp-block-image\"><img loading=\"lazy\" decoding=\"async\" width=\"800\" height=\"600\" src=\"https:\/\/www.imobiliare.ro\/imoexpert\/wp-content\/uploads\/2023\/08\/preturi-apartamente-brasov-iulie-2023.png\" alt=\"\" class=\"wp-image-67036\" srcset=\"https:\/\/www.imobiliare.ro\/imoexpert\/wp-content\/uploads\/2023\/08\/preturi-apartamente-brasov-iulie-2023.png 800w, https:\/\/www.imobiliare.ro\/imoexpert\/wp-content\/uploads\/2023\/08\/preturi-apartamente-brasov-iulie-2023-300x225.png 300w, https:\/\/www.imobiliare.ro\/imoexpert\/wp-content\/uploads\/2023\/08\/preturi-apartamente-brasov-iulie-2023-768x576.png 768w\" sizes=\"auto, (max-width: 800px) 100vw, 800px\" \/><\/figure>\n\n\n\n<p>Evolu\u021bia pre\u021burilor apartamentelor a stagnat, fa\u021b\u0103 de iunie, \u00een cazul ora\u0219elor <strong>Sibiu <\/strong>\u0219i <strong>Bra\u0219ov.<\/strong> La Sibiu pre\u021bul mediu solicitat pentru <a class=\"article-body-links\"href=\"https:\/\/www.imobiliare.ro\/indicele-imobiliare-ro\/sibiu\" target=\"_blank\" rel=\"noreferrer noopener\">apartamentele scoase la v\u00e2nzare<\/a> s-a situat luna trecut\u0103 \u00een jurul valorii de 1.436 euro\/mp util. Cei afla\u021bi \u00een c\u0103utarea unei propriet\u0103\u021bi la poalele T\u00e2mpei au putut g\u0103si luna trecut\u0103 <a class=\"article-body-links\"href=\"https:\/\/www.imobiliare.ro\/indicele-imobiliare-ro\/brasov\" target=\"_blank\" rel=\"noreferrer noopener\">\u00een pia\u021b\u0103 locuin\u021be listate<\/a>, \u00een medie, cu 1.590 de euro\/mp util.<\/p>\n\n\n\n<p>At\u00e2t pe segmentul vechi, c\u00e2t \u0219i pe cel nou tendin\u021ba general\u0103 a fost de cre\u0219tere \u00een cazul ora\u0219ului Bra\u0219ov, at\u00e2t de la o lun\u0103 la alta, c\u00e2t \u0219i comparativ cu anul trecut. De altfel, \u00een cazul locuin\u021belor din imobile finalizate recent majorarea a fost cu circa 9% \u00eentr-un an.<\/p>\n\n\n\n<p>La <strong>Ia\u0219i<\/strong> s-a putut observa un avans ce dep\u0103\u0219e\u0219te u\u0219or 3% \u00eentr-un an, pre\u021bul mediu solicitat pentru <a class=\"article-body-links\"href=\"https:\/\/www.imobiliare.ro\/vanzare-apartamente\/iasi\" target=\"_blank\" rel=\"noreferrer noopener\">locuin\u021bele disponibile la v\u00e2nzare aici<\/a> ajung\u00e2nd de la 1.333 euro\/mp util \u00een iulie 2022 la 1.377 de euro\/mp util luna trecut\u0103, conform <strong><mark style=\"background-color:rgba(0, 0, 0, 0)\" class=\"has-inline-color has-vivid-red-color\">Indicelui Imobiliare.ro<\/mark><\/strong>.<\/p>\n\n\n\n<figure class=\"wp-block-image\"><img loading=\"lazy\" decoding=\"async\" width=\"800\" height=\"600\" src=\"https:\/\/www.imobiliare.ro\/imoexpert\/wp-content\/uploads\/2023\/08\/preturi-apartamente-timisoara-iulie-2023.png\" alt=\"\" class=\"wp-image-67037\" srcset=\"https:\/\/www.imobiliare.ro\/imoexpert\/wp-content\/uploads\/2023\/08\/preturi-apartamente-timisoara-iulie-2023.png 800w, https:\/\/www.imobiliare.ro\/imoexpert\/wp-content\/uploads\/2023\/08\/preturi-apartamente-timisoara-iulie-2023-300x225.png 300w, https:\/\/www.imobiliare.ro\/imoexpert\/wp-content\/uploads\/2023\/08\/preturi-apartamente-timisoara-iulie-2023-768x576.png 768w\" sizes=\"auto, (max-width: 800px) 100vw, 800px\" \/><\/figure>\n\n\n\n<p>O cre\u0219tere cu circa 2% a ap\u0103rut, \u00een acela\u0219i interval, \u0219i \u00een <strong>Timi\u0219oara<\/strong>, proprietarii cer\u00e2nd, \u00een medie, 1.465 de euro\/mp util. Apartamentele noi cu 3 camere s-au scumpit cu aproape 13% \u00een luna iulie, \u00een timp ce unit\u0103\u021bile locative cu 2 camere s-au ieftinit u\u0219or.<\/p>\n\n\n\n<p>O tendin\u021b\u0103 de cre\u0219tere a <a class=\"article-body-links\"href=\"https:\/\/www.imobiliare.ro\/indicele-imobiliare-ro\/timisoara\" target=\"_blank\" rel=\"noreferrer noopener\">pre\u021bului mediu solicitat la v\u00e2nzare<\/a> se poate observa, printre altele, \u00een cazul garsonierelor situate \u00een blocuri vechi din Timi\u0219oara.<\/p>\n\n\n\n<p>Pre\u021bul mediu solicitat pentru apartamentele noi \u0219i vechi scoase la v\u00e2nzare \u00een <strong>Oradea<\/strong> a crescut cu 4,5% din iulie 2022 \u0219i p\u00e2n\u0103 luna trecut\u0103, ating\u00e2nd nivelul de 1.357 de euro\/mp util. Un avans de circa 3% s-a \u00eenregistrat \u0219i la<strong> Ploie\u0219ti<\/strong>.<\/p>\n\n\n\n<p>La nivel na\u021bional, evolu\u021bia pre\u021burilor apartamentelor a \u00eenregistrat o cre\u0219tere u\u0219oar\u0103 pe parcursul lunii iulie, de la 1.429 de euro\/mp la 1.435 de euro\/mp.<\/p>\n\n\n\n<p><\/p>\n","protected":false},"excerpt":{"rendered":"<p>Cel mai important avans al pre\u021bului mediu solicitat de c\u0103tre proprietari pentru apartamentele noi \u0219i vechi scoase la v\u00e2nzare \u00een marile ora\u0219e din Rom\u00e2nia, de 1,3%, s-a \u00eenregistrat pe parcursul lunii iulie \u00een Constan\u021ba, arat\u0103 Indicele Imobiliare.ro. Locuin\u021bele disponibile la nivelul pie\u021bei locale au putut fi achizi\u021bionate, astfel, cu 1.529 de euro\/mp util, fa\u021b\u0103 de [&hellip;]<\/p>\n","protected":false},"author":5891,"featured_media":67033,"comment_status":"open","ping_status":"open","sticky":true,"template":"","format":"standard","meta":{"footnotes":""},"categories":[259],"tags":[],"content_author":[],"class_list":["post-67032","post","type-post","status-publish","format-standard","has-post-thumbnail","hentry","category-stiri"],"yoast_head":"<!-- This site is optimized with the Yoast SEO Premium plugin v27.0 (Yoast SEO v27.0) - https:\/\/yoast.com\/product\/yoast-seo-premium-wordpress\/ -->\n<title>Indicele Imobiliare.ro: Constan\u021ba d\u0103 tonul cre\u0219terii pre\u021burilor apartamentelor, iar Bucure\u0219tiul se lupt\u0103 s\u0103 recupereze avansul pierdut - \u0218tiri - ImoExpert<\/title>\n<meta name=\"description\" content=\"Cel mai important avans al pre\u021bului mediu solicitat de c\u0103tre proprietari pentru apartamentele noi \u0219i vechi scoase la v\u00e2nzare \u00een marile ora\u0219e din Rom\u00e2nia,\" \/>\n<meta name=\"robots\" content=\"index, follow\" \/>\n<link rel=\"canonical\" href=\"https:\/\/www.imobiliare.ro\/imoexpert\/indicele-imobiliare-ro-constanta-da-tonul-cresterii-preturilor-apartamentelor-iar-bucurestiul-se-lupta-sa-recupereze-avansul-pierdut_db\/\" \/>\n<meta property=\"og:locale\" content=\"ro_RO\" \/>\n<meta property=\"og:type\" content=\"article\" \/>\n<meta property=\"og:title\" content=\"Indicele Imobiliare.ro: Constan\u021ba d\u0103 tonul cre\u0219terii pre\u021burilor apartamentelor, iar Bucure\u0219tiul se lupt\u0103 s\u0103 recupereze avansul pierdut\" \/>\n<meta property=\"og:description\" content=\"Cel mai important avans al pre\u021bului mediu solicitat de c\u0103tre proprietari pentru apartamentele noi \u0219i vechi scoase la v\u00e2nzare \u00een marile ora\u0219e din Rom\u00e2nia,\" \/>\n<meta property=\"og:url\" content=\"https:\/\/www.imobiliare.ro\/imoexpert\/indicele-imobiliare-ro-constanta-da-tonul-cresterii-preturilor-apartamentelor-iar-bucurestiul-se-lupta-sa-recupereze-avansul-pierdut_db\/\" \/>\n<meta property=\"og:site_name\" content=\"ImoExpert\" \/>\n<meta property=\"article:published_time\" content=\"2023-08-18T17:14:10+00:00\" \/>\n<meta property=\"og:image\" content=\"https:\/\/www.imobiliare.ro\/imoexpert\/wp-content\/uploads\/2023\/08\/indicele-imobiliare.ro-preturi-apartamente-iulie-2023.png\" \/>\n\t<meta property=\"og:image:width\" content=\"800\" \/>\n\t<meta property=\"og:image:height\" content=\"600\" \/>\n\t<meta property=\"og:image:type\" content=\"image\/png\" \/>\n<meta name=\"author\" content=\"Corina V\u00e2rlan\" \/>\n<meta name=\"twitter:card\" content=\"summary_large_image\" \/>\n<meta name=\"twitter:label1\" content=\"Written by\" \/>\n\t<meta name=\"twitter:data1\" content=\"Corina V\u00e2rlan\" \/>\n<script type=\"application\/ld+json\" class=\"yoast-schema-graph\">{\"@context\":\"https:\/\/schema.org\",\"@graph\":[{\"@type\":\"Article\",\"@id\":\"https:\/\/www.imobiliare.ro\/imoexpert\/indicele-imobiliare-ro-constanta-da-tonul-cresterii-preturilor-apartamentelor-iar-bucurestiul-se-lupta-sa-recupereze-avansul-pierdut_db\/#article\",\"isPartOf\":{\"@id\":\"https:\/\/www.imobiliare.ro\/imoexpert\/indicele-imobiliare-ro-constanta-da-tonul-cresterii-preturilor-apartamentelor-iar-bucurestiul-se-lupta-sa-recupereze-avansul-pierdut_db\/\"},\"author\":{\"name\":\"Corina V\u00e2rlan\",\"@id\":\"https:\/\/www.imobiliare.ro\/imoexpert\/#\/schema\/person\/9ffdfbf24b82f39fc75a2fc6c19e4e99\"},\"headline\":\"Indicele Imobiliare.ro: Constan\u021ba d\u0103 tonul cre\u0219terii pre\u021burilor apartamentelor, iar Bucure\u0219tiul se lupt\u0103 s\u0103 recupereze avansul pierdut\",\"datePublished\":\"2023-08-18T17:14:10+00:00\",\"mainEntityOfPage\":{\"@id\":\"https:\/\/www.imobiliare.ro\/imoexpert\/indicele-imobiliare-ro-constanta-da-tonul-cresterii-preturilor-apartamentelor-iar-bucurestiul-se-lupta-sa-recupereze-avansul-pierdut_db\/\"},\"wordCount\":827,\"commentCount\":0,\"publisher\":{\"@id\":\"https:\/\/www.imobiliare.ro\/imoexpert\/#organization\"},\"image\":{\"@id\":\"https:\/\/www.imobiliare.ro\/imoexpert\/indicele-imobiliare-ro-constanta-da-tonul-cresterii-preturilor-apartamentelor-iar-bucurestiul-se-lupta-sa-recupereze-avansul-pierdut_db\/#primaryimage\"},\"thumbnailUrl\":\"https:\/\/www.imobiliare.ro\/imoexpert\/wp-content\/uploads\/2023\/08\/indicele-imobiliare.ro-preturi-apartamente-iulie-2023.png\",\"articleSection\":[\"\u0218tiri\"],\"inLanguage\":\"en\",\"potentialAction\":[{\"@type\":\"CommentAction\",\"name\":\"Comment\",\"target\":[\"https:\/\/www.imobiliare.ro\/imoexpert\/indicele-imobiliare-ro-constanta-da-tonul-cresterii-preturilor-apartamentelor-iar-bucurestiul-se-lupta-sa-recupereze-avansul-pierdut_db\/#respond\"]}],\"copyrightYear\":\"2023\",\"copyrightHolder\":{\"@id\":\"https:\/\/www.imobiliare.ro\/imoexpert\/#organization\"}},{\"@type\":\"WebPage\",\"@id\":\"https:\/\/www.imobiliare.ro\/imoexpert\/indicele-imobiliare-ro-constanta-da-tonul-cresterii-preturilor-apartamentelor-iar-bucurestiul-se-lupta-sa-recupereze-avansul-pierdut_db\/\",\"url\":\"https:\/\/www.imobiliare.ro\/imoexpert\/indicele-imobiliare-ro-constanta-da-tonul-cresterii-preturilor-apartamentelor-iar-bucurestiul-se-lupta-sa-recupereze-avansul-pierdut_db\/\",\"name\":\"Indicele Imobiliare.ro: Constan\u021ba d\u0103 tonul cre\u0219terii pre\u021burilor apartamentelor, iar Bucure\u0219tiul se lupt\u0103 s\u0103 recupereze avansul pierdut - \u0218tiri - ImoExpert\",\"isPartOf\":{\"@id\":\"https:\/\/www.imobiliare.ro\/imoexpert\/#website\"},\"primaryImageOfPage\":{\"@id\":\"https:\/\/www.imobiliare.ro\/imoexpert\/indicele-imobiliare-ro-constanta-da-tonul-cresterii-preturilor-apartamentelor-iar-bucurestiul-se-lupta-sa-recupereze-avansul-pierdut_db\/#primaryimage\"},\"image\":{\"@id\":\"https:\/\/www.imobiliare.ro\/imoexpert\/indicele-imobiliare-ro-constanta-da-tonul-cresterii-preturilor-apartamentelor-iar-bucurestiul-se-lupta-sa-recupereze-avansul-pierdut_db\/#primaryimage\"},\"thumbnailUrl\":\"https:\/\/www.imobiliare.ro\/imoexpert\/wp-content\/uploads\/2023\/08\/indicele-imobiliare.ro-preturi-apartamente-iulie-2023.png\",\"datePublished\":\"2023-08-18T17:14:10+00:00\",\"description\":\"Cel mai important avans al pre\u021bului mediu solicitat de c\u0103tre proprietari pentru apartamentele noi \u0219i vechi scoase la v\u00e2nzare \u00een marile ora\u0219e din Rom\u00e2nia,\",\"breadcrumb\":{\"@id\":\"https:\/\/www.imobiliare.ro\/imoexpert\/indicele-imobiliare-ro-constanta-da-tonul-cresterii-preturilor-apartamentelor-iar-bucurestiul-se-lupta-sa-recupereze-avansul-pierdut_db\/#breadcrumb\"},\"inLanguage\":\"en\",\"potentialAction\":[{\"@type\":\"ReadAction\",\"target\":[\"https:\/\/www.imobiliare.ro\/imoexpert\/indicele-imobiliare-ro-constanta-da-tonul-cresterii-preturilor-apartamentelor-iar-bucurestiul-se-lupta-sa-recupereze-avansul-pierdut_db\/\"]}]},{\"@type\":\"ImageObject\",\"inLanguage\":\"en\",\"@id\":\"https:\/\/www.imobiliare.ro\/imoexpert\/indicele-imobiliare-ro-constanta-da-tonul-cresterii-preturilor-apartamentelor-iar-bucurestiul-se-lupta-sa-recupereze-avansul-pierdut_db\/#primaryimage\",\"url\":\"https:\/\/www.imobiliare.ro\/imoexpert\/wp-content\/uploads\/2023\/08\/indicele-imobiliare.ro-preturi-apartamente-iulie-2023.png\",\"contentUrl\":\"https:\/\/www.imobiliare.ro\/imoexpert\/wp-content\/uploads\/2023\/08\/indicele-imobiliare.ro-preturi-apartamente-iulie-2023.png\",\"width\":800,\"height\":600},{\"@type\":\"BreadcrumbList\",\"@id\":\"https:\/\/www.imobiliare.ro\/imoexpert\/indicele-imobiliare-ro-constanta-da-tonul-cresterii-preturilor-apartamentelor-iar-bucurestiul-se-lupta-sa-recupereze-avansul-pierdut_db\/#breadcrumb\",\"itemListElement\":[{\"@type\":\"ListItem\",\"position\":1,\"name\":\"Imoradar24\",\"item\":\"https:\/\/www.imoradar24.ro\"},{\"@type\":\"ListItem\",\"position\":2,\"name\":\"ImoExpert\",\"item\":\"https:\/\/www.imobiliare.ro\/imoexpert\/\"},{\"@type\":\"ListItem\",\"position\":3,\"name\":\"\u0218tiri\",\"item\":\"https:\/\/www.imobiliare.ro\/imoexpert\/stiri\/\"},{\"@type\":\"ListItem\",\"position\":4,\"name\":\"Indicele Imobiliare.ro: Constan\u021ba d\u0103 tonul cre\u0219terii pre\u021burilor apartamentelor, iar Bucure\u0219tiul se lupt\u0103 s\u0103 recupereze avansul pierdut\"}]},{\"@type\":\"WebSite\",\"@id\":\"https:\/\/www.imobiliare.ro\/imoexpert\/#website\",\"url\":\"https:\/\/www.imobiliare.ro\/imoexpert\/\",\"name\":\"ImoExpert\",\"description\":\"cele mai importante \u015ftiri din domeniul imobiliar\",\"publisher\":{\"@id\":\"https:\/\/www.imobiliare.ro\/imoexpert\/#organization\"},\"inLanguage\":\"en\"},{\"@type\":\"Organization\",\"@id\":\"https:\/\/www.imobiliare.ro\/imoexpert\/#organization\",\"name\":\"Imobiliare.ro\",\"alternateName\":\"Realmedia Network SA\",\"url\":\"https:\/\/www.imobiliare.ro\/imoexpert\/\",\"logo\":{\"@type\":\"ImageObject\",\"inLanguage\":\"en\",\"@id\":\"https:\/\/www.imobiliare.ro\/imoexpert\/#\/schema\/logo\/image\/\",\"url\":\"https:\/\/www.imobiliare.ro\/imoexpert\/wp-content\/uploads\/2025\/05\/imobiliare_logo.png\",\"contentUrl\":\"https:\/\/www.imobiliare.ro\/imoexpert\/wp-content\/uploads\/2025\/05\/imobiliare_logo.png\",\"width\":237,\"height\":29,\"caption\":\"Imobiliare.ro\"},\"image\":{\"@id\":\"https:\/\/www.imobiliare.ro\/imoexpert\/#\/schema\/logo\/image\/\"}},{\"@type\":\"Person\",\"@id\":\"https:\/\/www.imobiliare.ro\/imoexpert\/#\/schema\/person\/9ffdfbf24b82f39fc75a2fc6c19e4e99\",\"name\":\"Corina V\u00e2rlan\",\"image\":{\"@type\":\"ImageObject\",\"inLanguage\":\"en\",\"@id\":\"https:\/\/www.imobiliare.ro\/imoexpert\/#\/schema\/person\/image\/\",\"url\":\"https:\/\/www.imobiliare.ro\/imoexpert\/wp-content\/uploads\/2026\/02\/12-02-2025-5-rezumat-brasov-thumb-reels-1-1-96x96.png\",\"contentUrl\":\"https:\/\/www.imobiliare.ro\/imoexpert\/wp-content\/uploads\/2026\/02\/12-02-2025-5-rezumat-brasov-thumb-reels-1-1-96x96.png\",\"caption\":\"Corina V\u00e2rlan\"},\"description\":\"Cu o experien\u021b\u0103 de 14 ani \u00een presa online, comunicare \u0219i content marketing, Corina V\u00e2rlan s-a al\u0103turat echipei Imobiliare.ro \u00een urm\u0103 cu 8 ani \u0219i ocup\u0103, \u00een prezent, func\u021bia de Content Manager. Ea este gazda emisiunii \\\"\u00centreab\u0103 expertul\\\" \u0219i a seriei 5 \u0218tiri Imobiliare.ro, realizate \u00een parteneriat cu Libertatea. Corina \u00ee\u0219i concentreaz\u0103 activitatea pe analiza datelor de pia\u021b\u0103 \u0219i pe subiecte de interes at\u00e2t pentru cei afla\u021bi \u00een c\u0103utarea unei locuin\u021be, c\u00e2t \u0219i pentru proprietari sau chiria\u0219i.\",\"alternateName\":\"Corina\",\"jobTitle\":\"Content Manager\",\"url\":\"https:\/\/www.imobiliare.ro\/imoexpert\/author\/corina-varlan\/\"}]}<\/script>\n<!-- \/ Yoast SEO Premium plugin. -->","yoast_head_json":{"title":"Indicele Imobiliare.ro: Constan\u021ba d\u0103 tonul cre\u0219terii pre\u021burilor apartamentelor, iar Bucure\u0219tiul se lupt\u0103 s\u0103 recupereze avansul pierdut - \u0218tiri - ImoExpert","description":"Cel mai important avans al pre\u021bului mediu solicitat de c\u0103tre proprietari pentru apartamentele noi \u0219i vechi scoase la v\u00e2nzare \u00een marile ora\u0219e din Rom\u00e2nia,","robots":{"index":"index","follow":"follow"},"canonical":"https:\/\/www.imobiliare.ro\/imoexpert\/indicele-imobiliare-ro-constanta-da-tonul-cresterii-preturilor-apartamentelor-iar-bucurestiul-se-lupta-sa-recupereze-avansul-pierdut_db\/","og_locale":"ro_RO","og_type":"article","og_title":"Indicele Imobiliare.ro: Constan\u021ba d\u0103 tonul cre\u0219terii pre\u021burilor apartamentelor, iar Bucure\u0219tiul se lupt\u0103 s\u0103 recupereze avansul pierdut","og_description":"Cel mai important avans al pre\u021bului mediu solicitat de c\u0103tre proprietari pentru apartamentele noi \u0219i vechi scoase la v\u00e2nzare \u00een marile ora\u0219e din Rom\u00e2nia,","og_url":"https:\/\/www.imobiliare.ro\/imoexpert\/indicele-imobiliare-ro-constanta-da-tonul-cresterii-preturilor-apartamentelor-iar-bucurestiul-se-lupta-sa-recupereze-avansul-pierdut_db\/","og_site_name":"ImoExpert","article_published_time":"2023-08-18T17:14:10+00:00","og_image":[{"width":800,"height":600,"url":"https:\/\/www.imobiliare.ro\/imoexpert\/wp-content\/uploads\/2023\/08\/indicele-imobiliare.ro-preturi-apartamente-iulie-2023.png","type":"image\/png"}],"author":"Corina V\u00e2rlan","twitter_card":"summary_large_image","twitter_misc":{"Written by":"Corina V\u00e2rlan"},"schema":{"@context":"https:\/\/schema.org","@graph":[{"@type":"Article","@id":"https:\/\/www.imobiliare.ro\/imoexpert\/indicele-imobiliare-ro-constanta-da-tonul-cresterii-preturilor-apartamentelor-iar-bucurestiul-se-lupta-sa-recupereze-avansul-pierdut_db\/#article","isPartOf":{"@id":"https:\/\/www.imobiliare.ro\/imoexpert\/indicele-imobiliare-ro-constanta-da-tonul-cresterii-preturilor-apartamentelor-iar-bucurestiul-se-lupta-sa-recupereze-avansul-pierdut_db\/"},"author":{"name":"Corina V\u00e2rlan","@id":"https:\/\/www.imobiliare.ro\/imoexpert\/#\/schema\/person\/9ffdfbf24b82f39fc75a2fc6c19e4e99"},"headline":"Indicele Imobiliare.ro: Constan\u021ba d\u0103 tonul cre\u0219terii pre\u021burilor apartamentelor, iar Bucure\u0219tiul se lupt\u0103 s\u0103 recupereze avansul pierdut","datePublished":"2023-08-18T17:14:10+00:00","mainEntityOfPage":{"@id":"https:\/\/www.imobiliare.ro\/imoexpert\/indicele-imobiliare-ro-constanta-da-tonul-cresterii-preturilor-apartamentelor-iar-bucurestiul-se-lupta-sa-recupereze-avansul-pierdut_db\/"},"wordCount":827,"commentCount":0,"publisher":{"@id":"https:\/\/www.imobiliare.ro\/imoexpert\/#organization"},"image":{"@id":"https:\/\/www.imobiliare.ro\/imoexpert\/indicele-imobiliare-ro-constanta-da-tonul-cresterii-preturilor-apartamentelor-iar-bucurestiul-se-lupta-sa-recupereze-avansul-pierdut_db\/#primaryimage"},"thumbnailUrl":"https:\/\/www.imobiliare.ro\/imoexpert\/wp-content\/uploads\/2023\/08\/indicele-imobiliare.ro-preturi-apartamente-iulie-2023.png","articleSection":["\u0218tiri"],"inLanguage":"en","potentialAction":[{"@type":"CommentAction","name":"Comment","target":["https:\/\/www.imobiliare.ro\/imoexpert\/indicele-imobiliare-ro-constanta-da-tonul-cresterii-preturilor-apartamentelor-iar-bucurestiul-se-lupta-sa-recupereze-avansul-pierdut_db\/#respond"]}],"copyrightYear":"2023","copyrightHolder":{"@id":"https:\/\/www.imobiliare.ro\/imoexpert\/#organization"}},{"@type":"WebPage","@id":"https:\/\/www.imobiliare.ro\/imoexpert\/indicele-imobiliare-ro-constanta-da-tonul-cresterii-preturilor-apartamentelor-iar-bucurestiul-se-lupta-sa-recupereze-avansul-pierdut_db\/","url":"https:\/\/www.imobiliare.ro\/imoexpert\/indicele-imobiliare-ro-constanta-da-tonul-cresterii-preturilor-apartamentelor-iar-bucurestiul-se-lupta-sa-recupereze-avansul-pierdut_db\/","name":"Indicele Imobiliare.ro: Constan\u021ba d\u0103 tonul cre\u0219terii pre\u021burilor apartamentelor, iar Bucure\u0219tiul se lupt\u0103 s\u0103 recupereze avansul pierdut - \u0218tiri - ImoExpert","isPartOf":{"@id":"https:\/\/www.imobiliare.ro\/imoexpert\/#website"},"primaryImageOfPage":{"@id":"https:\/\/www.imobiliare.ro\/imoexpert\/indicele-imobiliare-ro-constanta-da-tonul-cresterii-preturilor-apartamentelor-iar-bucurestiul-se-lupta-sa-recupereze-avansul-pierdut_db\/#primaryimage"},"image":{"@id":"https:\/\/www.imobiliare.ro\/imoexpert\/indicele-imobiliare-ro-constanta-da-tonul-cresterii-preturilor-apartamentelor-iar-bucurestiul-se-lupta-sa-recupereze-avansul-pierdut_db\/#primaryimage"},"thumbnailUrl":"https:\/\/www.imobiliare.ro\/imoexpert\/wp-content\/uploads\/2023\/08\/indicele-imobiliare.ro-preturi-apartamente-iulie-2023.png","datePublished":"2023-08-18T17:14:10+00:00","description":"Cel mai important avans al pre\u021bului mediu solicitat de c\u0103tre proprietari pentru apartamentele noi \u0219i vechi scoase la v\u00e2nzare \u00een marile ora\u0219e din Rom\u00e2nia,","breadcrumb":{"@id":"https:\/\/www.imobiliare.ro\/imoexpert\/indicele-imobiliare-ro-constanta-da-tonul-cresterii-preturilor-apartamentelor-iar-bucurestiul-se-lupta-sa-recupereze-avansul-pierdut_db\/#breadcrumb"},"inLanguage":"en","potentialAction":[{"@type":"ReadAction","target":["https:\/\/www.imobiliare.ro\/imoexpert\/indicele-imobiliare-ro-constanta-da-tonul-cresterii-preturilor-apartamentelor-iar-bucurestiul-se-lupta-sa-recupereze-avansul-pierdut_db\/"]}]},{"@type":"ImageObject","inLanguage":"en","@id":"https:\/\/www.imobiliare.ro\/imoexpert\/indicele-imobiliare-ro-constanta-da-tonul-cresterii-preturilor-apartamentelor-iar-bucurestiul-se-lupta-sa-recupereze-avansul-pierdut_db\/#primaryimage","url":"https:\/\/www.imobiliare.ro\/imoexpert\/wp-content\/uploads\/2023\/08\/indicele-imobiliare.ro-preturi-apartamente-iulie-2023.png","contentUrl":"https:\/\/www.imobiliare.ro\/imoexpert\/wp-content\/uploads\/2023\/08\/indicele-imobiliare.ro-preturi-apartamente-iulie-2023.png","width":800,"height":600},{"@type":"BreadcrumbList","@id":"https:\/\/www.imobiliare.ro\/imoexpert\/indicele-imobiliare-ro-constanta-da-tonul-cresterii-preturilor-apartamentelor-iar-bucurestiul-se-lupta-sa-recupereze-avansul-pierdut_db\/#breadcrumb","itemListElement":[{"@type":"ListItem","position":1,"name":"Imoradar24","item":"https:\/\/www.imoradar24.ro"},{"@type":"ListItem","position":2,"name":"ImoExpert","item":"https:\/\/www.imobiliare.ro\/imoexpert\/"},{"@type":"ListItem","position":3,"name":"\u0218tiri","item":"https:\/\/www.imobiliare.ro\/imoexpert\/stiri\/"},{"@type":"ListItem","position":4,"name":"Indicele Imobiliare.ro: Constan\u021ba d\u0103 tonul cre\u0219terii pre\u021burilor apartamentelor, iar Bucure\u0219tiul se lupt\u0103 s\u0103 recupereze avansul pierdut"}]},{"@type":"WebSite","@id":"https:\/\/www.imobiliare.ro\/imoexpert\/#website","url":"https:\/\/www.imobiliare.ro\/imoexpert\/","name":"ImoExpert","description":"cele mai importante \u015ftiri din domeniul imobiliar","publisher":{"@id":"https:\/\/www.imobiliare.ro\/imoexpert\/#organization"},"inLanguage":"en"},{"@type":"Organization","@id":"https:\/\/www.imobiliare.ro\/imoexpert\/#organization","name":"Imobiliare.ro","alternateName":"Realmedia Network SA","url":"https:\/\/www.imobiliare.ro\/imoexpert\/","logo":{"@type":"ImageObject","inLanguage":"en","@id":"https:\/\/www.imobiliare.ro\/imoexpert\/#\/schema\/logo\/image\/","url":"https:\/\/www.imobiliare.ro\/imoexpert\/wp-content\/uploads\/2025\/05\/imobiliare_logo.png","contentUrl":"https:\/\/www.imobiliare.ro\/imoexpert\/wp-content\/uploads\/2025\/05\/imobiliare_logo.png","width":237,"height":29,"caption":"Imobiliare.ro"},"image":{"@id":"https:\/\/www.imobiliare.ro\/imoexpert\/#\/schema\/logo\/image\/"}},{"@type":"Person","@id":"https:\/\/www.imobiliare.ro\/imoexpert\/#\/schema\/person\/9ffdfbf24b82f39fc75a2fc6c19e4e99","name":"Corina V\u00e2rlan","image":{"@type":"ImageObject","inLanguage":"en","@id":"https:\/\/www.imobiliare.ro\/imoexpert\/#\/schema\/person\/image\/","url":"https:\/\/www.imobiliare.ro\/imoexpert\/wp-content\/uploads\/2026\/02\/12-02-2025-5-rezumat-brasov-thumb-reels-1-1-96x96.png","contentUrl":"https:\/\/www.imobiliare.ro\/imoexpert\/wp-content\/uploads\/2026\/02\/12-02-2025-5-rezumat-brasov-thumb-reels-1-1-96x96.png","caption":"Corina V\u00e2rlan"},"description":"Cu o experien\u021b\u0103 de 14 ani \u00een presa online, comunicare \u0219i content marketing, Corina V\u00e2rlan s-a al\u0103turat echipei Imobiliare.ro \u00een urm\u0103 cu 8 ani \u0219i ocup\u0103, \u00een prezent, func\u021bia de Content Manager. Ea este gazda emisiunii \"\u00centreab\u0103 expertul\" \u0219i a seriei 5 \u0218tiri Imobiliare.ro, realizate \u00een parteneriat cu Libertatea. Corina \u00ee\u0219i concentreaz\u0103 activitatea pe analiza datelor de pia\u021b\u0103 \u0219i pe subiecte de interes at\u00e2t pentru cei afla\u021bi \u00een c\u0103utarea unei locuin\u021be, c\u00e2t \u0219i pentru proprietari sau chiria\u0219i.","alternateName":"Corina","jobTitle":"Content Manager","url":"https:\/\/www.imobiliare.ro\/imoexpert\/author\/corina-varlan\/"}]}},"_links":{"self":[{"href":"https:\/\/www.imobiliare.ro\/imoexpert\/wp-json\/wp\/v2\/posts\/67032","targetHints":{"allow":["GET"]}}],"collection":[{"href":"https:\/\/www.imobiliare.ro\/imoexpert\/wp-json\/wp\/v2\/posts"}],"about":[{"href":"https:\/\/www.imobiliare.ro\/imoexpert\/wp-json\/wp\/v2\/types\/post"}],"author":[{"embeddable":true,"href":"https:\/\/www.imobiliare.ro\/imoexpert\/wp-json\/wp\/v2\/users\/5891"}],"replies":[{"embeddable":true,"href":"https:\/\/www.imobiliare.ro\/imoexpert\/wp-json\/wp\/v2\/comments?post=67032"}],"version-history":[{"count":0,"href":"https:\/\/www.imobiliare.ro\/imoexpert\/wp-json\/wp\/v2\/posts\/67032\/revisions"}],"wp:featuredmedia":[{"embeddable":true,"href":"https:\/\/www.imobiliare.ro\/imoexpert\/wp-json\/wp\/v2\/media\/67033"}],"wp:attachment":[{"href":"https:\/\/www.imobiliare.ro\/imoexpert\/wp-json\/wp\/v2\/media?parent=67032"}],"wp:term":[{"taxonomy":"category","embeddable":true,"href":"https:\/\/www.imobiliare.ro\/imoexpert\/wp-json\/wp\/v2\/categories?post=67032"},{"taxonomy":"post_tag","embeddable":true,"href":"https:\/\/www.imobiliare.ro\/imoexpert\/wp-json\/wp\/v2\/tags?post=67032"},{"taxonomy":"content_author","embeddable":true,"href":"https:\/\/www.imobiliare.ro\/imoexpert\/wp-json\/wp\/v2\/content_author?post=67032"}],"curies":[{"name":"wp","href":"https:\/\/api.w.org\/{rel}","templated":true}]}}