{"id":67050,"date":"2023-08-22T10:34:31","date_gmt":"2023-08-22T07:34:31","guid":{"rendered":"https:\/\/www.imobiliare.ro\/imoexpert\/?p=67050"},"modified":"2023-08-22T10:34:31","modified_gmt":"2023-08-22T07:34:31","slug":"ai-masina-electrica-acest-ansamblu-ar-putea-fi-pentru-tine-50-dintre-apartamente-s-au-vandut-deja","status":"publish","type":"post","link":"https:\/\/www.imobiliare.ro\/imoexpert\/ai-masina-electrica-acest-ansamblu-ar-putea-fi-pentru-tine-50-dintre-apartamente-s-au-vandut-deja_db\/","title":{"rendered":"Ai ma\u0219in\u0103 electric\u0103? Acest ansamblu ar putea fi pentru tine. 50% dintre apartamente s-au v\u00e2ndut deja"},"content":{"rendered":"\n<figure class=\"wp-block-image size-full\"><img loading=\"lazy\" decoding=\"async\" width=\"800\" height=\"608\" src=\"https:\/\/www.imobiliare.ro\/imoexpert\/wp-content\/uploads\/2023\/08\/Prima-Vista-.jpg\" alt=\"\" class=\"wp-image-67051\" srcset=\"https:\/\/www.imobiliare.ro\/imoexpert\/wp-content\/uploads\/2023\/08\/Prima-Vista-.jpg 800w, https:\/\/www.imobiliare.ro\/imoexpert\/wp-content\/uploads\/2023\/08\/Prima-Vista--300x228.jpg 300w, https:\/\/www.imobiliare.ro\/imoexpert\/wp-content\/uploads\/2023\/08\/Prima-Vista--768x584.jpg 768w\" sizes=\"auto, (max-width: 800px) 100vw, 800px\" \/><\/figure>\n\n\n\n<p><strong>Chiar dac\u0103 lucr\u0103rile pentru prima faz\u0103 de dezvoltare a ansamblului Prima Vista, care va avea la finalizare cel mai mare num\u0103r de locuri de parcare echipate cu sta\u021bii de \u00eenc\u0103rcare de tip fast-charge pentru ma\u0219inile electrice din Bucure\u0219ti, abia acum se apropie de finalizare, deja 50% dintre apartamentele disponibile s-au contractat.<\/strong><\/p>\n\n\n\n<p>Proiectul localizat \u00een zona de nord a ora\u0219ului, pe \u0219oseaua Fabrica de Glucoz\u0103, pe un teren cu o suprafa\u021b\u0103 de 12.000 de mp va dispune de 60 de astfel de locuri de parcare \u0219i va include patru cl\u0103diri cu 10 etaje conectate \u00eentre ele prin cl\u0103diri cu regim de \u00een\u0103l\u021bime mic, de 2 etaje. <\/p>\n\n\n\n<p>A doua faz\u0103 a lucr\u0103rilor va fi demarat\u0103, cel mai probabil, \u00een toamn\u0103. \u00cen total, Prima Vista va dispune de 482 de apartamente, iar viitorii locatari se vor putea bucura de relaxare \u00een dou\u0103 gr\u0103dini private amenajate cu ajutorul unor proiectan\u021bi peisagi\u0219ti de top din Rom\u00e2nia. <a class=\"article-body-links\"href=\"https:\/\/www.imobiliare.ro\/ansambluri-rezidentiale\/bucuresti\/prima-vista-bucuresti-6142\" target=\"_blank\" rel=\"noreferrer noopener\">Mai multe detalii despre proiect, de la facilit\u0103\u021bi la pre\u021buri, g\u0103se\u0219ti AICI.<\/a><\/p>\n\n\n\n<figure class=\"wp-block-image size-large\"><img loading=\"lazy\" decoding=\"async\" width=\"1024\" height=\"576\" src=\"https:\/\/www.imobiliare.ro\/imoexpert\/wp-content\/uploads\/2023\/08\/Prima-Vista-2-1024x576.jpg\" alt=\"\" class=\"wp-image-67052\" srcset=\"https:\/\/www.imobiliare.ro\/imoexpert\/wp-content\/uploads\/2023\/08\/Prima-Vista-2-1024x576.jpg 1024w, https:\/\/www.imobiliare.ro\/imoexpert\/wp-content\/uploads\/2023\/08\/Prima-Vista-2-300x169.jpg 300w, https:\/\/www.imobiliare.ro\/imoexpert\/wp-content\/uploads\/2023\/08\/Prima-Vista-2-768x432.jpg 768w, https:\/\/www.imobiliare.ro\/imoexpert\/wp-content\/uploads\/2023\/08\/Prima-Vista-2-1536x864.jpg 1536w, https:\/\/www.imobiliare.ro\/imoexpert\/wp-content\/uploads\/2023\/08\/Prima-Vista-2-2048x1152.jpg 2048w\" sizes=\"auto, (max-width: 1024px) 100vw, 1024px\" \/><\/figure>\n\n\n\n<p>Prima Development Group, dezvoltator cu aproape 20 de ani de experien\u021b\u0103 pe pia\u021ba de profil, lucreaz\u0103 \u00een acest moment la trei proiecte \u00een Capital\u0103 cu un num\u0103r total de 3.000 de apartamente. Acestea se afl\u0103 \u00een diverse stadii de ob\u021binere a avizelor \u0219i autoriza\u021biilor de construire. Investi\u021biile se ridic\u0103 la 200 de milioane de euro. <\/p>\n\n\n\n<p>Tot din portofoliul companiei fac parte alte dou\u0103 ansambluri finalizate \u00een Bucure\u0219ti \u2013 Boemia Apartments \u0219i <a class=\"article-body-links\"href=\"https:\/\/www.imobiliare.ro\/ansambluri-rezidentiale\/bucuresti\/core-timpuri-noi-bucuresti-5088\" target=\"_blank\" rel=\"noreferrer noopener\">Core Timpuri Noi<\/a>. \u00cen Oradea, dezvoltatorul a livrat peste 4.000 de apartamente \u00een proiecte a c\u0103ror valoare cumulat\u0103 se ridic\u0103 la 250 de milioane de euro.<\/p>\n","protected":false},"excerpt":{"rendered":"<p>Chiar dac\u0103 lucr\u0103rile pentru prima faz\u0103 de dezvoltare a ansamblului Prima Vista, care va avea la finalizare cel mai mare num\u0103r de locuri de parcare echipate cu sta\u021bii de \u00eenc\u0103rcare de tip fast-charge pentru ma\u0219inile electrice din Bucure\u0219ti, abia acum se apropie de finalizare, deja 50% dintre apartamentele disponibile s-au contractat. Proiectul localizat \u00een zona [&hellip;]<\/p>\n","protected":false},"author":5891,"featured_media":67051,"comment_status":"open","ping_status":"open","sticky":true,"template":"","format":"standard","meta":{"footnotes":""},"categories":[259],"tags":[],"content_author":[],"class_list":["post-67050","post","type-post","status-publish","format-standard","has-post-thumbnail","hentry","category-stiri"],"yoast_head":"<!-- This site is optimized with the Yoast SEO Premium plugin v27.0 (Yoast SEO v27.0) - https:\/\/yoast.com\/product\/yoast-seo-premium-wordpress\/ -->\n<title>Ai ma\u0219in\u0103 electric\u0103? Acest ansamblu ar putea fi pentru tine. 50% dintre apartamente s-au v\u00e2ndut deja - \u0218tiri - ImoExpert<\/title>\n<meta name=\"description\" content=\"Chiar dac\u0103 lucr\u0103rile pentru prima faz\u0103 de dezvoltare a ansamblului Prima Vista, care va avea la finalizare cel mai mare num\u0103r de locuri de parcare\" \/>\n<meta name=\"robots\" content=\"index, follow\" \/>\n<link rel=\"canonical\" href=\"https:\/\/www.imobiliare.ro\/imoexpert\/ai-masina-electrica-acest-ansamblu-ar-putea-fi-pentru-tine-50-dintre-apartamente-s-au-vandut-deja_db\/\" \/>\n<meta property=\"og:locale\" content=\"ro_RO\" \/>\n<meta property=\"og:type\" content=\"article\" \/>\n<meta property=\"og:title\" content=\"Ai ma\u0219in\u0103 electric\u0103? Acest ansamblu ar putea fi pentru tine. 50% dintre apartamente s-au v\u00e2ndut deja\" \/>\n<meta property=\"og:description\" content=\"Chiar dac\u0103 lucr\u0103rile pentru prima faz\u0103 de dezvoltare a ansamblului Prima Vista, care va avea la finalizare cel mai mare num\u0103r de locuri de parcare\" \/>\n<meta property=\"og:url\" content=\"https:\/\/www.imobiliare.ro\/imoexpert\/ai-masina-electrica-acest-ansamblu-ar-putea-fi-pentru-tine-50-dintre-apartamente-s-au-vandut-deja_db\/\" \/>\n<meta property=\"og:site_name\" content=\"ImoExpert\" \/>\n<meta property=\"article:published_time\" content=\"2023-08-22T07:34:31+00:00\" \/>\n<meta property=\"og:image\" content=\"https:\/\/www.imobiliare.ro\/imoexpert\/wp-content\/uploads\/2023\/08\/Prima-Vista-.jpg\" \/>\n\t<meta property=\"og:image:width\" content=\"800\" \/>\n\t<meta property=\"og:image:height\" content=\"608\" \/>\n\t<meta property=\"og:image:type\" content=\"image\/jpeg\" \/>\n<meta name=\"author\" content=\"Corina V\u00e2rlan\" \/>\n<meta name=\"twitter:card\" content=\"summary_large_image\" \/>\n<meta name=\"twitter:label1\" content=\"Written by\" \/>\n\t<meta name=\"twitter:data1\" content=\"Corina V\u00e2rlan\" \/>\n\t<meta name=\"twitter:label2\" content=\"Est. reading time\" \/>\n\t<meta name=\"twitter:data2\" content=\"2 minute\" \/>\n<script type=\"application\/ld+json\" class=\"yoast-schema-graph\">{\"@context\":\"https:\/\/schema.org\",\"@graph\":[{\"@type\":\"Article\",\"@id\":\"https:\/\/www.imobiliare.ro\/imoexpert\/ai-masina-electrica-acest-ansamblu-ar-putea-fi-pentru-tine-50-dintre-apartamente-s-au-vandut-deja_db\/#article\",\"isPartOf\":{\"@id\":\"https:\/\/www.imobiliare.ro\/imoexpert\/ai-masina-electrica-acest-ansamblu-ar-putea-fi-pentru-tine-50-dintre-apartamente-s-au-vandut-deja_db\/\"},\"author\":{\"name\":\"Corina V\u00e2rlan\",\"@id\":\"https:\/\/www.imobiliare.ro\/imoexpert\/#\/schema\/person\/9ffdfbf24b82f39fc75a2fc6c19e4e99\"},\"headline\":\"Ai ma\u0219in\u0103 electric\u0103? Acest ansamblu ar putea fi pentru tine. 50% dintre apartamente s-au v\u00e2ndut deja\",\"datePublished\":\"2023-08-22T07:34:31+00:00\",\"mainEntityOfPage\":{\"@id\":\"https:\/\/www.imobiliare.ro\/imoexpert\/ai-masina-electrica-acest-ansamblu-ar-putea-fi-pentru-tine-50-dintre-apartamente-s-au-vandut-deja_db\/\"},\"wordCount\":292,\"commentCount\":0,\"publisher\":{\"@id\":\"https:\/\/www.imobiliare.ro\/imoexpert\/#organization\"},\"image\":{\"@id\":\"https:\/\/www.imobiliare.ro\/imoexpert\/ai-masina-electrica-acest-ansamblu-ar-putea-fi-pentru-tine-50-dintre-apartamente-s-au-vandut-deja_db\/#primaryimage\"},\"thumbnailUrl\":\"https:\/\/www.imobiliare.ro\/imoexpert\/wp-content\/uploads\/2023\/08\/Prima-Vista-.jpg\",\"articleSection\":[\"\u0218tiri\"],\"inLanguage\":\"en\",\"potentialAction\":[{\"@type\":\"CommentAction\",\"name\":\"Comment\",\"target\":[\"https:\/\/www.imobiliare.ro\/imoexpert\/ai-masina-electrica-acest-ansamblu-ar-putea-fi-pentru-tine-50-dintre-apartamente-s-au-vandut-deja_db\/#respond\"]}],\"copyrightYear\":\"2023\",\"copyrightHolder\":{\"@id\":\"https:\/\/www.imobiliare.ro\/imoexpert\/#organization\"}},{\"@type\":\"WebPage\",\"@id\":\"https:\/\/www.imobiliare.ro\/imoexpert\/ai-masina-electrica-acest-ansamblu-ar-putea-fi-pentru-tine-50-dintre-apartamente-s-au-vandut-deja_db\/\",\"url\":\"https:\/\/www.imobiliare.ro\/imoexpert\/ai-masina-electrica-acest-ansamblu-ar-putea-fi-pentru-tine-50-dintre-apartamente-s-au-vandut-deja_db\/\",\"name\":\"Ai ma\u0219in\u0103 electric\u0103? Acest ansamblu ar putea fi pentru tine. 50% dintre apartamente s-au v\u00e2ndut deja - \u0218tiri - ImoExpert\",\"isPartOf\":{\"@id\":\"https:\/\/www.imobiliare.ro\/imoexpert\/#website\"},\"primaryImageOfPage\":{\"@id\":\"https:\/\/www.imobiliare.ro\/imoexpert\/ai-masina-electrica-acest-ansamblu-ar-putea-fi-pentru-tine-50-dintre-apartamente-s-au-vandut-deja_db\/#primaryimage\"},\"image\":{\"@id\":\"https:\/\/www.imobiliare.ro\/imoexpert\/ai-masina-electrica-acest-ansamblu-ar-putea-fi-pentru-tine-50-dintre-apartamente-s-au-vandut-deja_db\/#primaryimage\"},\"thumbnailUrl\":\"https:\/\/www.imobiliare.ro\/imoexpert\/wp-content\/uploads\/2023\/08\/Prima-Vista-.jpg\",\"datePublished\":\"2023-08-22T07:34:31+00:00\",\"description\":\"Chiar dac\u0103 lucr\u0103rile pentru prima faz\u0103 de dezvoltare a ansamblului Prima Vista, care va avea la finalizare cel mai mare num\u0103r de locuri de parcare\",\"breadcrumb\":{\"@id\":\"https:\/\/www.imobiliare.ro\/imoexpert\/ai-masina-electrica-acest-ansamblu-ar-putea-fi-pentru-tine-50-dintre-apartamente-s-au-vandut-deja_db\/#breadcrumb\"},\"inLanguage\":\"en\",\"potentialAction\":[{\"@type\":\"ReadAction\",\"target\":[\"https:\/\/www.imobiliare.ro\/imoexpert\/ai-masina-electrica-acest-ansamblu-ar-putea-fi-pentru-tine-50-dintre-apartamente-s-au-vandut-deja_db\/\"]}]},{\"@type\":\"ImageObject\",\"inLanguage\":\"en\",\"@id\":\"https:\/\/www.imobiliare.ro\/imoexpert\/ai-masina-electrica-acest-ansamblu-ar-putea-fi-pentru-tine-50-dintre-apartamente-s-au-vandut-deja_db\/#primaryimage\",\"url\":\"https:\/\/www.imobiliare.ro\/imoexpert\/wp-content\/uploads\/2023\/08\/Prima-Vista-.jpg\",\"contentUrl\":\"https:\/\/www.imobiliare.ro\/imoexpert\/wp-content\/uploads\/2023\/08\/Prima-Vista-.jpg\",\"width\":800,\"height\":608},{\"@type\":\"BreadcrumbList\",\"@id\":\"https:\/\/www.imobiliare.ro\/imoexpert\/ai-masina-electrica-acest-ansamblu-ar-putea-fi-pentru-tine-50-dintre-apartamente-s-au-vandut-deja_db\/#breadcrumb\",\"itemListElement\":[{\"@type\":\"ListItem\",\"position\":1,\"name\":\"Imoradar24\",\"item\":\"https:\/\/www.imoradar24.ro\"},{\"@type\":\"ListItem\",\"position\":2,\"name\":\"ImoExpert\",\"item\":\"https:\/\/www.imobiliare.ro\/imoexpert\/\"},{\"@type\":\"ListItem\",\"position\":3,\"name\":\"\u0218tiri\",\"item\":\"https:\/\/www.imobiliare.ro\/imoexpert\/stiri\/\"},{\"@type\":\"ListItem\",\"position\":4,\"name\":\"Ai ma\u0219in\u0103 electric\u0103? Acest ansamblu ar putea fi pentru tine. 50% dintre apartamente s-au v\u00e2ndut deja\"}]},{\"@type\":\"WebSite\",\"@id\":\"https:\/\/www.imobiliare.ro\/imoexpert\/#website\",\"url\":\"https:\/\/www.imobiliare.ro\/imoexpert\/\",\"name\":\"ImoExpert\",\"description\":\"cele mai importante \u015ftiri din domeniul imobiliar\",\"publisher\":{\"@id\":\"https:\/\/www.imobiliare.ro\/imoexpert\/#organization\"},\"inLanguage\":\"en\"},{\"@type\":\"Organization\",\"@id\":\"https:\/\/www.imobiliare.ro\/imoexpert\/#organization\",\"name\":\"Imobiliare.ro\",\"alternateName\":\"Realmedia Network SA\",\"url\":\"https:\/\/www.imobiliare.ro\/imoexpert\/\",\"logo\":{\"@type\":\"ImageObject\",\"inLanguage\":\"en\",\"@id\":\"https:\/\/www.imobiliare.ro\/imoexpert\/#\/schema\/logo\/image\/\",\"url\":\"https:\/\/www.imobiliare.ro\/imoexpert\/wp-content\/uploads\/2025\/05\/imobiliare_logo.png\",\"contentUrl\":\"https:\/\/www.imobiliare.ro\/imoexpert\/wp-content\/uploads\/2025\/05\/imobiliare_logo.png\",\"width\":237,\"height\":29,\"caption\":\"Imobiliare.ro\"},\"image\":{\"@id\":\"https:\/\/www.imobiliare.ro\/imoexpert\/#\/schema\/logo\/image\/\"}},{\"@type\":\"Person\",\"@id\":\"https:\/\/www.imobiliare.ro\/imoexpert\/#\/schema\/person\/9ffdfbf24b82f39fc75a2fc6c19e4e99\",\"name\":\"Corina V\u00e2rlan\",\"image\":{\"@type\":\"ImageObject\",\"inLanguage\":\"en\",\"@id\":\"https:\/\/www.imobiliare.ro\/imoexpert\/#\/schema\/person\/image\/\",\"url\":\"https:\/\/www.imobiliare.ro\/imoexpert\/wp-content\/uploads\/2026\/02\/12-02-2025-5-rezumat-brasov-thumb-reels-1-1-96x96.png\",\"contentUrl\":\"https:\/\/www.imobiliare.ro\/imoexpert\/wp-content\/uploads\/2026\/02\/12-02-2025-5-rezumat-brasov-thumb-reels-1-1-96x96.png\",\"caption\":\"Corina V\u00e2rlan\"},\"description\":\"Cu o experien\u021b\u0103 de 14 ani \u00een presa online, comunicare \u0219i content marketing, Corina V\u00e2rlan s-a al\u0103turat echipei Imobiliare.ro \u00een urm\u0103 cu 8 ani \u0219i ocup\u0103, \u00een prezent, func\u021bia de Content Manager. Ea este gazda emisiunii \\\"\u00centreab\u0103 expertul\\\" \u0219i a seriei 5 \u0218tiri Imobiliare.ro, realizate \u00een parteneriat cu Libertatea. Corina \u00ee\u0219i concentreaz\u0103 activitatea pe analiza datelor de pia\u021b\u0103 \u0219i pe subiecte de interes at\u00e2t pentru cei afla\u021bi \u00een c\u0103utarea unei locuin\u021be, c\u00e2t \u0219i pentru proprietari sau chiria\u0219i.\",\"alternateName\":\"Corina\",\"jobTitle\":\"Content Manager\",\"url\":\"https:\/\/www.imobiliare.ro\/imoexpert\/author\/corina-varlan\/\"}]}<\/script>\n<!-- \/ Yoast SEO Premium plugin. -->","yoast_head_json":{"title":"Ai ma\u0219in\u0103 electric\u0103? Acest ansamblu ar putea fi pentru tine. 50% dintre apartamente s-au v\u00e2ndut deja - \u0218tiri - ImoExpert","description":"Chiar dac\u0103 lucr\u0103rile pentru prima faz\u0103 de dezvoltare a ansamblului Prima Vista, care va avea la finalizare cel mai mare num\u0103r de locuri de parcare","robots":{"index":"index","follow":"follow"},"canonical":"https:\/\/www.imobiliare.ro\/imoexpert\/ai-masina-electrica-acest-ansamblu-ar-putea-fi-pentru-tine-50-dintre-apartamente-s-au-vandut-deja_db\/","og_locale":"ro_RO","og_type":"article","og_title":"Ai ma\u0219in\u0103 electric\u0103? Acest ansamblu ar putea fi pentru tine. 50% dintre apartamente s-au v\u00e2ndut deja","og_description":"Chiar dac\u0103 lucr\u0103rile pentru prima faz\u0103 de dezvoltare a ansamblului Prima Vista, care va avea la finalizare cel mai mare num\u0103r de locuri de parcare","og_url":"https:\/\/www.imobiliare.ro\/imoexpert\/ai-masina-electrica-acest-ansamblu-ar-putea-fi-pentru-tine-50-dintre-apartamente-s-au-vandut-deja_db\/","og_site_name":"ImoExpert","article_published_time":"2023-08-22T07:34:31+00:00","og_image":[{"width":800,"height":608,"url":"https:\/\/www.imobiliare.ro\/imoexpert\/wp-content\/uploads\/2023\/08\/Prima-Vista-.jpg","type":"image\/jpeg"}],"author":"Corina V\u00e2rlan","twitter_card":"summary_large_image","twitter_misc":{"Written by":"Corina V\u00e2rlan","Est. reading time":"2 minute"},"schema":{"@context":"https:\/\/schema.org","@graph":[{"@type":"Article","@id":"https:\/\/www.imobiliare.ro\/imoexpert\/ai-masina-electrica-acest-ansamblu-ar-putea-fi-pentru-tine-50-dintre-apartamente-s-au-vandut-deja_db\/#article","isPartOf":{"@id":"https:\/\/www.imobiliare.ro\/imoexpert\/ai-masina-electrica-acest-ansamblu-ar-putea-fi-pentru-tine-50-dintre-apartamente-s-au-vandut-deja_db\/"},"author":{"name":"Corina V\u00e2rlan","@id":"https:\/\/www.imobiliare.ro\/imoexpert\/#\/schema\/person\/9ffdfbf24b82f39fc75a2fc6c19e4e99"},"headline":"Ai ma\u0219in\u0103 electric\u0103? Acest ansamblu ar putea fi pentru tine. 50% dintre apartamente s-au v\u00e2ndut deja","datePublished":"2023-08-22T07:34:31+00:00","mainEntityOfPage":{"@id":"https:\/\/www.imobiliare.ro\/imoexpert\/ai-masina-electrica-acest-ansamblu-ar-putea-fi-pentru-tine-50-dintre-apartamente-s-au-vandut-deja_db\/"},"wordCount":292,"commentCount":0,"publisher":{"@id":"https:\/\/www.imobiliare.ro\/imoexpert\/#organization"},"image":{"@id":"https:\/\/www.imobiliare.ro\/imoexpert\/ai-masina-electrica-acest-ansamblu-ar-putea-fi-pentru-tine-50-dintre-apartamente-s-au-vandut-deja_db\/#primaryimage"},"thumbnailUrl":"https:\/\/www.imobiliare.ro\/imoexpert\/wp-content\/uploads\/2023\/08\/Prima-Vista-.jpg","articleSection":["\u0218tiri"],"inLanguage":"en","potentialAction":[{"@type":"CommentAction","name":"Comment","target":["https:\/\/www.imobiliare.ro\/imoexpert\/ai-masina-electrica-acest-ansamblu-ar-putea-fi-pentru-tine-50-dintre-apartamente-s-au-vandut-deja_db\/#respond"]}],"copyrightYear":"2023","copyrightHolder":{"@id":"https:\/\/www.imobiliare.ro\/imoexpert\/#organization"}},{"@type":"WebPage","@id":"https:\/\/www.imobiliare.ro\/imoexpert\/ai-masina-electrica-acest-ansamblu-ar-putea-fi-pentru-tine-50-dintre-apartamente-s-au-vandut-deja_db\/","url":"https:\/\/www.imobiliare.ro\/imoexpert\/ai-masina-electrica-acest-ansamblu-ar-putea-fi-pentru-tine-50-dintre-apartamente-s-au-vandut-deja_db\/","name":"Ai ma\u0219in\u0103 electric\u0103? Acest ansamblu ar putea fi pentru tine. 50% dintre apartamente s-au v\u00e2ndut deja - \u0218tiri - ImoExpert","isPartOf":{"@id":"https:\/\/www.imobiliare.ro\/imoexpert\/#website"},"primaryImageOfPage":{"@id":"https:\/\/www.imobiliare.ro\/imoexpert\/ai-masina-electrica-acest-ansamblu-ar-putea-fi-pentru-tine-50-dintre-apartamente-s-au-vandut-deja_db\/#primaryimage"},"image":{"@id":"https:\/\/www.imobiliare.ro\/imoexpert\/ai-masina-electrica-acest-ansamblu-ar-putea-fi-pentru-tine-50-dintre-apartamente-s-au-vandut-deja_db\/#primaryimage"},"thumbnailUrl":"https:\/\/www.imobiliare.ro\/imoexpert\/wp-content\/uploads\/2023\/08\/Prima-Vista-.jpg","datePublished":"2023-08-22T07:34:31+00:00","description":"Chiar dac\u0103 lucr\u0103rile pentru prima faz\u0103 de dezvoltare a ansamblului Prima Vista, care va avea la finalizare cel mai mare num\u0103r de locuri de parcare","breadcrumb":{"@id":"https:\/\/www.imobiliare.ro\/imoexpert\/ai-masina-electrica-acest-ansamblu-ar-putea-fi-pentru-tine-50-dintre-apartamente-s-au-vandut-deja_db\/#breadcrumb"},"inLanguage":"en","potentialAction":[{"@type":"ReadAction","target":["https:\/\/www.imobiliare.ro\/imoexpert\/ai-masina-electrica-acest-ansamblu-ar-putea-fi-pentru-tine-50-dintre-apartamente-s-au-vandut-deja_db\/"]}]},{"@type":"ImageObject","inLanguage":"en","@id":"https:\/\/www.imobiliare.ro\/imoexpert\/ai-masina-electrica-acest-ansamblu-ar-putea-fi-pentru-tine-50-dintre-apartamente-s-au-vandut-deja_db\/#primaryimage","url":"https:\/\/www.imobiliare.ro\/imoexpert\/wp-content\/uploads\/2023\/08\/Prima-Vista-.jpg","contentUrl":"https:\/\/www.imobiliare.ro\/imoexpert\/wp-content\/uploads\/2023\/08\/Prima-Vista-.jpg","width":800,"height":608},{"@type":"BreadcrumbList","@id":"https:\/\/www.imobiliare.ro\/imoexpert\/ai-masina-electrica-acest-ansamblu-ar-putea-fi-pentru-tine-50-dintre-apartamente-s-au-vandut-deja_db\/#breadcrumb","itemListElement":[{"@type":"ListItem","position":1,"name":"Imoradar24","item":"https:\/\/www.imoradar24.ro"},{"@type":"ListItem","position":2,"name":"ImoExpert","item":"https:\/\/www.imobiliare.ro\/imoexpert\/"},{"@type":"ListItem","position":3,"name":"\u0218tiri","item":"https:\/\/www.imobiliare.ro\/imoexpert\/stiri\/"},{"@type":"ListItem","position":4,"name":"Ai ma\u0219in\u0103 electric\u0103? Acest ansamblu ar putea fi pentru tine. 50% dintre apartamente s-au v\u00e2ndut deja"}]},{"@type":"WebSite","@id":"https:\/\/www.imobiliare.ro\/imoexpert\/#website","url":"https:\/\/www.imobiliare.ro\/imoexpert\/","name":"ImoExpert","description":"cele mai importante \u015ftiri din domeniul imobiliar","publisher":{"@id":"https:\/\/www.imobiliare.ro\/imoexpert\/#organization"},"inLanguage":"en"},{"@type":"Organization","@id":"https:\/\/www.imobiliare.ro\/imoexpert\/#organization","name":"Imobiliare.ro","alternateName":"Realmedia Network SA","url":"https:\/\/www.imobiliare.ro\/imoexpert\/","logo":{"@type":"ImageObject","inLanguage":"en","@id":"https:\/\/www.imobiliare.ro\/imoexpert\/#\/schema\/logo\/image\/","url":"https:\/\/www.imobiliare.ro\/imoexpert\/wp-content\/uploads\/2025\/05\/imobiliare_logo.png","contentUrl":"https:\/\/www.imobiliare.ro\/imoexpert\/wp-content\/uploads\/2025\/05\/imobiliare_logo.png","width":237,"height":29,"caption":"Imobiliare.ro"},"image":{"@id":"https:\/\/www.imobiliare.ro\/imoexpert\/#\/schema\/logo\/image\/"}},{"@type":"Person","@id":"https:\/\/www.imobiliare.ro\/imoexpert\/#\/schema\/person\/9ffdfbf24b82f39fc75a2fc6c19e4e99","name":"Corina V\u00e2rlan","image":{"@type":"ImageObject","inLanguage":"en","@id":"https:\/\/www.imobiliare.ro\/imoexpert\/#\/schema\/person\/image\/","url":"https:\/\/www.imobiliare.ro\/imoexpert\/wp-content\/uploads\/2026\/02\/12-02-2025-5-rezumat-brasov-thumb-reels-1-1-96x96.png","contentUrl":"https:\/\/www.imobiliare.ro\/imoexpert\/wp-content\/uploads\/2026\/02\/12-02-2025-5-rezumat-brasov-thumb-reels-1-1-96x96.png","caption":"Corina V\u00e2rlan"},"description":"Cu o experien\u021b\u0103 de 14 ani \u00een presa online, comunicare \u0219i content marketing, Corina V\u00e2rlan s-a al\u0103turat echipei Imobiliare.ro \u00een urm\u0103 cu 8 ani \u0219i ocup\u0103, \u00een prezent, func\u021bia de Content Manager. Ea este gazda emisiunii \"\u00centreab\u0103 expertul\" \u0219i a seriei 5 \u0218tiri Imobiliare.ro, realizate \u00een parteneriat cu Libertatea. Corina \u00ee\u0219i concentreaz\u0103 activitatea pe analiza datelor de pia\u021b\u0103 \u0219i pe subiecte de interes at\u00e2t pentru cei afla\u021bi \u00een c\u0103utarea unei locuin\u021be, c\u00e2t \u0219i pentru proprietari sau chiria\u0219i.","alternateName":"Corina","jobTitle":"Content Manager","url":"https:\/\/www.imobiliare.ro\/imoexpert\/author\/corina-varlan\/"}]}},"_links":{"self":[{"href":"https:\/\/www.imobiliare.ro\/imoexpert\/wp-json\/wp\/v2\/posts\/67050","targetHints":{"allow":["GET"]}}],"collection":[{"href":"https:\/\/www.imobiliare.ro\/imoexpert\/wp-json\/wp\/v2\/posts"}],"about":[{"href":"https:\/\/www.imobiliare.ro\/imoexpert\/wp-json\/wp\/v2\/types\/post"}],"author":[{"embeddable":true,"href":"https:\/\/www.imobiliare.ro\/imoexpert\/wp-json\/wp\/v2\/users\/5891"}],"replies":[{"embeddable":true,"href":"https:\/\/www.imobiliare.ro\/imoexpert\/wp-json\/wp\/v2\/comments?post=67050"}],"version-history":[{"count":0,"href":"https:\/\/www.imobiliare.ro\/imoexpert\/wp-json\/wp\/v2\/posts\/67050\/revisions"}],"wp:featuredmedia":[{"embeddable":true,"href":"https:\/\/www.imobiliare.ro\/imoexpert\/wp-json\/wp\/v2\/media\/67051"}],"wp:attachment":[{"href":"https:\/\/www.imobiliare.ro\/imoexpert\/wp-json\/wp\/v2\/media?parent=67050"}],"wp:term":[{"taxonomy":"category","embeddable":true,"href":"https:\/\/www.imobiliare.ro\/imoexpert\/wp-json\/wp\/v2\/categories?post=67050"},{"taxonomy":"post_tag","embeddable":true,"href":"https:\/\/www.imobiliare.ro\/imoexpert\/wp-json\/wp\/v2\/tags?post=67050"},{"taxonomy":"content_author","embeddable":true,"href":"https:\/\/www.imobiliare.ro\/imoexpert\/wp-json\/wp\/v2\/content_author?post=67050"}],"curies":[{"name":"wp","href":"https:\/\/api.w.org\/{rel}","templated":true}]}}