{"id":67159,"date":"2023-08-24T16:39:01","date_gmt":"2023-08-24T13:39:01","guid":{"rendered":"https:\/\/www.imobiliare.ro\/imoexpert\/?p=67159"},"modified":"2023-08-24T16:39:01","modified_gmt":"2023-08-24T13:39:01","slug":"cat-de-accesibile-sunt-locuintele-din-romania","status":"publish","type":"post","link":"https:\/\/www.imobiliare.ro\/imoexpert\/cat-de-accesibile-sunt-locuintele-din-romania_db\/","title":{"rendered":"C\u00e2t de accesibile sunt locuin\u021bele din Rom\u00e2nia?"},"content":{"rendered":"\n<figure class=\"wp-block-image size-full\"><img loading=\"lazy\" decoding=\"async\" width=\"800\" height=\"600\" src=\"https:\/\/www.imobiliare.ro\/imoexpert\/wp-content\/uploads\/2023\/08\/achizitie-apartamente-noi-romania.png\" alt=\"\" class=\"wp-image-67169\" srcset=\"https:\/\/www.imobiliare.ro\/imoexpert\/wp-content\/uploads\/2023\/08\/achizitie-apartamente-noi-romania.png 800w, https:\/\/www.imobiliare.ro\/imoexpert\/wp-content\/uploads\/2023\/08\/achizitie-apartamente-noi-romania-300x225.png 300w, https:\/\/www.imobiliare.ro\/imoexpert\/wp-content\/uploads\/2023\/08\/achizitie-apartamente-noi-romania-768x576.png 768w\" sizes=\"auto, (max-width: 800px) 100vw, 800px\" \/><\/figure>\n\n\n\n<p><strong>G\u0103se\u0219ti unele dintre cele mai ieftine locuin\u021be chiar la noi, \u00een Rom\u00e2nia. \u021aara noastr\u0103 se afl\u0103 la coada clasamentului la capitolul pre\u021buri, dep\u0103\u0219ind doar dou\u0103 alte state din regiune, potrivit studiului Deloitte Property Index 2023.<\/strong><\/p>\n\n\n\n<p>\u00cen momentul de fa\u021b\u0103, nu exist\u0103 \u021b\u0103ri \u00een Europa unde locuin\u021bele noi s\u0103 se v\u00e2nd\u0103 cu mai pu\u021bin de 1.000 de euro\/mp. Cel mai sc\u0103zut pre\u021b mediu de tranzac\u021bionare pentru locuin\u021bele noi, de 1.237 de euro\/mp a fost \u00eenregistrat \u00een Bosnia \u0219i Her\u021begovina. Penultimul loc \u00een top a fost ocupat de Grecia, unde v\u00e2nz\u0103rile se fac cu 1.330 de euro\/mp. <\/p>\n\n\n\n<p>Pu\u021bin mai scumpe sunt locuin\u021bele noi din Rom\u00e2nia. Aici, media se situeaz\u0103 \u00een jurul valorii de 1.417 euro\/mp, arat\u0103 studiul ce analizeaz\u0103 mersul pie\u021bei reziden\u021biale \u00een marile ora\u0219e din 27 de \u021b\u0103ri.<\/p>\n\n\n\n<p>Dac\u0103 ne uit\u0103m, spre exemplu, la datele raportate \u00een studiul similar publicat \u00een 2021 vedem c\u0103 cele mai ieftine locuin\u021be noi se g\u0103seau atunci \u00een Bulgaria, cu o medie a pre\u021bului de tranzac\u021bionare de 578 de euro\/mp. Acestea erau urmate de Bosnia \u0219i Her\u021begovina, cu 881 de euro\/mp. \u00cen cazul Rom\u00e2niei, valoarea era destul de apropiat\u0103 de cea actual\u0103, respectiv de 1.332 de euro\/mp.<\/p>\n\n\n\n<p>De altfel, tendin\u021ba de cre\u0219tere a pre\u021burilor medii se poate observa, la ora actual\u0103, \u00een cazul locuin\u021belor noi \u00een majoritatea \u021b\u0103rilor europene.<\/p>\n\n\n\n<p>Dac\u0103 p\u00e2n\u0103 acum am vorbit doar despre locuin\u021bele ieftine, acum arunc\u0103m o privire \u0219i la cele mai scumpe. \u00cen aceast\u0103 privin\u021b\u0103 Austria ocup\u0103 primul loc \u00een fruntea clasamentului cu un pre\u021b mediu pentru locuin\u021bele noi de 4.925 de euro\/mp \u00een 2022.<\/p>\n\n\n\n<p>\u00cen Germania media se situeaz\u0103 \u00een jurul valorii de 4.800 de euro\/mp, \u00een timp ce \u00een Fran\u021ba ajunge la 4.639 de euro\/mp.<\/p>\n\n\n\n<p><strong>De c\u00e2te salarii ai nevoie s\u0103-\u021bi cumperi o locuin\u021b\u0103<\/strong><\/p>\n\n\n\n<p>Un rom\u00e2n are nevoie, \u00een medie, de 6,3 salarii anuale brute pentru a-\u0219i permite achizi\u021bia unei locuin\u021be cu o suprafa\u021b\u0103 de 70 de mp, fapt care ne plaseaz\u0103 pe locul al \u0219aselea \u00een topul accesibilit\u0103\u021bii.<\/p>\n\n\n\n<p>Similar, italienii trebuie s\u0103 str\u00e2ng\u0103 6,2 salarii, \u00een timp ce \u00een Slovenia sunt de ajuns 5,6 salarii anuale brute pentru cump\u0103rarea unei locuin\u021be, iar \u00een Danemarca 5. \u00cen Belgia \u0219i \u00een Norvegia sunt necesare \u00eentre 4 \u0219i 5 salarii anuale brute pentru a cump\u0103ra o locuin\u021b\u0103.<\/p>\n\n\n\n<p>Cel mai sc\u0103zut grad de accesibilitate se \u00eenregistreaz\u0103 \u00een Slovacia unde \u00ee\u021bi trebuie circa 14 salarii pentru o astfel de achizi\u021bie.<\/p>\n\n\n\n<p>Dac\u0103 te g\u00e2nde\u0219ti s\u0103-\u021bi cumperi o locuin\u021b\u0103, po\u021bi afla ce credite po\u021bi ob\u021bine prin intermediul<a class=\"article-body-links\"href=\"https:\/\/www.imobiliare.ro\/imoexpert\/imobiliare-ro-lanseaza-imobiliare-ro-finance_db\/\" target=\"_blank\" rel=\"noreferrer noopener\">&nbsp;<strong>Imobiliare.ro Finance<\/strong><\/a>. Ai acces imediat la peste 30 de b\u0103nci \u0219i institu\u021bii financiare \u0219i po\u021bi solicita \u00een doar c\u00e2\u021biva pa\u0219i o ofert\u0103 personalizat\u0103.&nbsp;<a class=\"article-body-links\"href=\"https:\/\/www.imobiliare.ro\/credite-ipotecare#calculator_credit\" target=\"_blank\" rel=\"noreferrer noopener\"><strong>Afl\u0103 mai multe AICI.<\/strong><\/a><\/p>\n\n\n\n<p><strong>Cele mai scumpe locuin\u021be nu sunt \u00een Capital\u0103<\/strong><\/p>\n\n\n\n<p>Locuin\u021bele cele mai scumpe nu se v\u00e2nd \u00een Bucure\u0219ti, ci \u00een Cluj-Napoca. Exist\u0103 \u0219i alte cazuri \u00een Europa \u00een care unul dintre marile ora\u0219e dep\u0103\u0219e\u0219te \u00een top capitala. Un exemplu concret ar putea fi Barcelona \u00een Spania sau Milano \u00een Italia.<\/p>\n\n\n\n<p><strong><a class=\"article-body-links\"href=\"https:\/\/market360.imobiliare.ro\/piata-imobiliara-rezidentiala-t2-2023-ro\/\" target=\"_blank\" rel=\"noreferrer noopener\">Descarc\u0103 AICI cel mai nou raport Imobiliare.ro Market 360 pentru informa\u021bii detaliate despre mersul pie\u021bei reziden\u021biale din cele mai mari ora\u0219e ale \u021b\u0103rii.<\/a><\/strong><\/p>\n\n\n\n<p>Potrivit <strong><a class=\"article-body-links\"href=\"https:\/\/www.imobiliare.ro\/indicele-imobiliare-ro\" target=\"_blank\" rel=\"noreferrer noopener\">Indicelui Imobiliare.ro<\/a><\/strong>, luna trecut\u0103 pre\u021bul mediu solicitat de proprietari \u0219i dezvoltatori \u00een Cluj-Napoca a ajuns la 2.419 euro\/mp util, men\u021bion\u00e2ndu-se cu doar c\u00e2\u021biva euro peste nivelul \u00eenregistrat la \u00eenceputul verii.<\/p>\n\n\n\n<p>At\u00e2t pe segmentul nou, c\u00e2t \u0219i pe segmentul vechi, pre\u021burile se men\u021bin cu circa 2% peste nivelul din iulie 2022. Apartamentele cu 2 camere din blocuri vechi puteau fi achizi\u021bionate la un pre\u021b mediu de 2.449 de euro\/mp util, iar cele aflate \u00een imobile finalizate recent cu 2.541 de euro\/mp util.<\/p>\n\n\n\n<figure class=\"wp-block-image size-large\"><img loading=\"lazy\" decoding=\"async\" width=\"1024\" height=\"641\" src=\"https:\/\/www.imobiliare.ro\/imoexpert\/wp-content\/uploads\/2023\/08\/indice-imobiliare.ro-preturi-cluj-1024x641.jpg\" alt=\"\" class=\"wp-image-67162\" srcset=\"https:\/\/www.imobiliare.ro\/imoexpert\/wp-content\/uploads\/2023\/08\/indice-imobiliare.ro-preturi-cluj-1024x641.jpg 1024w, https:\/\/www.imobiliare.ro\/imoexpert\/wp-content\/uploads\/2023\/08\/indice-imobiliare.ro-preturi-cluj-300x188.jpg 300w, https:\/\/www.imobiliare.ro\/imoexpert\/wp-content\/uploads\/2023\/08\/indice-imobiliare.ro-preturi-cluj-768x480.jpg 768w, https:\/\/www.imobiliare.ro\/imoexpert\/wp-content\/uploads\/2023\/08\/indice-imobiliare.ro-preturi-cluj.jpg 1087w\" sizes=\"auto, (max-width: 1024px) 100vw, 1024px\" \/><\/figure>\n\n\n\n<p>\u00cen Capital\u0103 valoarea medie de listare a apartamentelor a ajuns \u00een iulie la 1.500 de euro\/mp util, dup\u0103 un avans cu c\u00e2\u021biva euro fa\u021b\u0103 de luna anterioar\u0103, dar consemn\u00e2nd \u00een continuare o sc\u0103dere cu aproape 3% fa\u021b\u0103 de iulie 2022.<\/p>\n\n\n\n<p>Bucure\u0219tenii au putut achizi\u021biona, spre exemplu, un apartament nou cu dou\u0103 camere cu circa 1.386 de euro\/mp util \u0219i o garsonier\u0103, tot \u00eentr-un imobil finalizat recent, cu 1.243 de euro\/mp util. Trebuie men\u021bionat, totodat\u0103, \u0219i faptul c\u0103 \u00een cazul locuin\u021belor noi pre\u021burile solicitate \u00een Capital\u0103 r\u0103m\u00e2n cu circa 11% mai mici dec\u00e2t cele \u00eenregistrate \u00een iulie 2022. <\/p>\n\n\n\n<figure class=\"wp-block-image size-large\"><img loading=\"lazy\" decoding=\"async\" width=\"1024\" height=\"642\" src=\"https:\/\/www.imobiliare.ro\/imoexpert\/wp-content\/uploads\/2023\/08\/indice-imobiliare.ro-preturi-bucuresti-1024x642.jpg\" alt=\"\" class=\"wp-image-67163\" srcset=\"https:\/\/www.imobiliare.ro\/imoexpert\/wp-content\/uploads\/2023\/08\/indice-imobiliare.ro-preturi-bucuresti-1024x642.jpg 1024w, https:\/\/www.imobiliare.ro\/imoexpert\/wp-content\/uploads\/2023\/08\/indice-imobiliare.ro-preturi-bucuresti-300x188.jpg 300w, https:\/\/www.imobiliare.ro\/imoexpert\/wp-content\/uploads\/2023\/08\/indice-imobiliare.ro-preturi-bucuresti-384x242.jpg 384w, https:\/\/www.imobiliare.ro\/imoexpert\/wp-content\/uploads\/2023\/08\/indice-imobiliare.ro-preturi-bucuresti-768x481.jpg 768w, https:\/\/www.imobiliare.ro\/imoexpert\/wp-content\/uploads\/2023\/08\/indice-imobiliare.ro-preturi-bucuresti.jpg 1087w\" sizes=\"auto, (max-width: 1024px) 100vw, 1024px\" \/><\/figure>\n\n\n\n<p>Pe pia\u021ba veche s-a putut observa, \u00een schimb, o u\u0219oar\u0103 tendin\u021b\u0103 de cre\u0219tere luna trecut\u0103, chiar dac\u0103 \u0219i \u00een acest caz pre\u021burile r\u0103m\u00e2n cu aproape 1% sub nivelul din iulie 2022. Astfel, proprietarii au scos la v\u00e2nzare apartamente cu 2 camere la un pre\u021b mediu de 1.509 euro\/mp util, respectiv garsoniere la 1.559 de euro\/mp util. <a class=\"article-body-links\"href=\"https:\/\/www.imobiliare.ro\/imoexpert\/indicele-imobiliare-ro-constanta-da-tonul-cresterii-preturilor-apartamentelor-iar-bucurestiul-se-lupta-sa-recupereze-avansul-pierdut_db\/\" target=\"_blank\" rel=\"noreferrer noopener\">Mai multe despre evolu\u021bia pie\u021bei \u00een alte ora\u0219e mari din Rom\u00e2nia g\u0103se\u0219ti AICI.<\/a><\/p>\n\n\n\n<p><strong>C\u00e2t de tentant\u0103 este alternativa \u00eenchirierilor<\/strong><\/p>\n\n\n\n<p>Potrivit datelor publicate \u00een cel mai nou raport Imobiliare.ro Market 360, aferent intervalului aprilie-iulie 2023, interesul pentru achizi\u021bia de locuin\u021be se situeaz\u0103 pe un u\u0219or trend descendent fa\u021b\u0103 de perioada similar\u0103 a anului trecut. Diferen\u021be mai mari se pot vedea \u00eens\u0103 de la un trimestru la altul.<\/p>\n\n\n\n<p>Dintr-un total de aproximativ 107.200 de poten\u021biali cump\u0103r\u0103tori care \u0219i-au c\u0103utat un apartament sau o cas\u0103 pe<strong><a class=\"article-body-links\"href=\"http:\/\/www.imobiliare.ro\" target=\"_blank\" rel=\"noreferrer noopener\"> Imobiliare.ro<\/a><\/strong> doar \u00een \u0219ase dintre cele mai mari ora\u0219e din \u021bar\u0103, mai bine de 66.000 au fost interesa\u021bi de propriet\u0103\u021bile din Capital\u0103, \u00een timp ce 10.400 \u0219i-au dorit o locuin\u021b\u0103 \u00een Cluj-Napoca.<\/p>\n\n\n\n<figure class=\"wp-block-image size-full\"><img loading=\"lazy\" decoding=\"async\" width=\"922\" height=\"437\" src=\"https:\/\/www.imobiliare.ro\/imoexpert\/wp-content\/uploads\/2023\/08\/cerere-proprietati-rezidentiale-la-vanzare.jpg\" alt=\"\" class=\"wp-image-67055\" srcset=\"https:\/\/www.imobiliare.ro\/imoexpert\/wp-content\/uploads\/2023\/08\/cerere-proprietati-rezidentiale-la-vanzare.jpg 922w, https:\/\/www.imobiliare.ro\/imoexpert\/wp-content\/uploads\/2023\/08\/cerere-proprietati-rezidentiale-la-vanzare-300x142.jpg 300w, https:\/\/www.imobiliare.ro\/imoexpert\/wp-content\/uploads\/2023\/08\/cerere-proprietati-rezidentiale-la-vanzare-768x364.jpg 768w\" sizes=\"auto, (max-width: 922px) 100vw, 922px\" \/><\/figure>\n\n\n\n<p>\u00cen schimb, cererea pe segmentul \u00eenchirierilor s-a majorat, \u00een total, fa\u021b\u0103 de anul trecut cu 30% la nivelul celor \u0219ase mari ora\u0219e analizate. Astfel, \u00een acela\u0219i interval de timp, mai bine de 52.000 de poten\u021biali chiria\u0219i au vrut un apartament sau o cas\u0103 \u00een Bucure\u0219ti, \u00een timp ce 11.600 \u0219i-au ar\u0103tat interesul fa\u021b\u0103 de propriet\u0103\u021bile din Cluj-Napoca.<\/p>\n\n\n\n<p>&#8222;Chiriile sunt \u00een cre\u0219tere \u00een Rom\u00e2nia. Chiar \u0219i lunile \u00een care sezonalitatea ar fi dictat un nivel mai sc\u0103zut, acestea au continuat s\u0103 creasc\u0103. Avem major\u0103ri de pre\u021buri cuprinse \u00eentre 6%-7% pe an \u00een Timi\u0219oara \u0219i chiar spre 23% \u00een Constan\u021ba&#8221;, a declarat Daniel Crainic, director de marketing Imobiliare.ro, \u00een cadrul unei apari\u021bii la postul de televiziune Euronews Rom\u00e2nia.<\/p>\n\n\n\n<figure class=\"wp-block-image size-large\"><img loading=\"lazy\" decoding=\"async\" width=\"1024\" height=\"526\" src=\"https:\/\/www.imobiliare.ro\/imoexpert\/wp-content\/uploads\/2023\/08\/euronews-1-1024x526.jpg\" alt=\"\" class=\"wp-image-67167\" srcset=\"https:\/\/www.imobiliare.ro\/imoexpert\/wp-content\/uploads\/2023\/08\/euronews-1-1024x526.jpg 1024w, https:\/\/www.imobiliare.ro\/imoexpert\/wp-content\/uploads\/2023\/08\/euronews-1-300x154.jpg 300w, https:\/\/www.imobiliare.ro\/imoexpert\/wp-content\/uploads\/2023\/08\/euronews-1-768x395.jpg 768w, https:\/\/www.imobiliare.ro\/imoexpert\/wp-content\/uploads\/2023\/08\/euronews-1.jpg 1202w\" sizes=\"auto, (max-width: 1024px) 100vw, 1024px\" \/><\/figure>\n\n\n\n<p>&#8222;Acest lucru apare pe fondul unui cumul de factori. \u00cen primul r\u00e2nd este un efect care vine din pia\u021ba v\u00e2nz\u0103rilor de locuin\u021be unde num\u0103rul de tranzac\u021bii este \u00een sc\u0103dere. Nevoia de locuire exist\u0103, num\u0103rul de livr\u0103ri scade, deci cererea devine mai mare \u0219i oferta se restr\u00e2nge pe chirii&#8221;, a mai ad\u0103ugat el.<\/p>\n\n\n\n<p>Ne puteam a\u0219tepta, totodat\u0103, s\u0103 vedem noi major\u0103ri \u00een urm\u0103toarea perioad\u0103 pe segmentul \u00eenchirierilor, odat\u0103 cu apropierea noului an universitar. &#8222;\u00cen ora\u0219e universitare, precum Bucure\u0219ti, Timi\u0219oara, Cluj-Napoca sau Ia\u0219i, cererea va cre\u0219te \u00een mod organic cu 20%-25% \u00een aceast\u0103 perioad\u0103, ceea ce va pune presiune pe pre\u021buri. Chiriile vor avea tendin\u021ba s\u0103 creasc\u0103, iar proprietarii vor avea tendin\u021ba s\u0103 speculeze aceast\u0103 cerere mare mai ales \u00een contextul \u00een care oferta este, \u00een continuare, mic\u0103&#8221;, a mai men\u021bionat Crainic \u00een cadrul apari\u021biei televizate.<\/p>\n\n\n\n<p><strong><a class=\"article-body-links\"href=\"https:\/\/www.imobiliare.ro\/imoexpert\/analiza-imobiliare-ro-cat-plateste-lunar-un-chirias-in-cele-mai-mari-sase-orase-din-romania_db\/\" target=\"_blank\" rel=\"noreferrer noopener\">Cele mai noi informa\u021bii legate de mersul pie\u021bei chiriilor pot fi consultate AICI.<\/a><\/strong> Nu uita s\u0103 arunci o privire \u0219i pe edi\u021bia Imobiliare.ro Talks \u00een care am luat pulsul acestui segment de pia\u021b\u0103 al\u0103turi de un expert.<\/p>\n\n\n\n<iframe loading=\"lazy\" style=\"height: 396px!important;\"  width=\"792\" height=\"396\" src=\"https:\/\/www.youtube.com\/embed\/jwMDYGCfHG0\" title=\"YouTube video player\" frameborder=\"0\" allow=\"accelerometer; autoplay; clipboard-write; encrypted-media; gyroscope; picture-in-picture; web-share\" allowfullscreen><\/iframe>\n","protected":false},"excerpt":{"rendered":"<p>G\u0103se\u0219ti unele dintre cele mai ieftine locuin\u021be chiar la noi, \u00een Rom\u00e2nia. \u021aara noastr\u0103 se afl\u0103 la coada clasamentului la capitolul pre\u021buri, dep\u0103\u0219ind doar dou\u0103 alte state din regiune, potrivit studiului Deloitte Property Index 2023. \u00cen momentul de fa\u021b\u0103, nu exist\u0103 \u021b\u0103ri \u00een Europa unde locuin\u021bele noi s\u0103 se v\u00e2nd\u0103 cu mai pu\u021bin de 1.000 [&hellip;]<\/p>\n","protected":false},"author":5891,"featured_media":67169,"comment_status":"open","ping_status":"open","sticky":true,"template":"","format":"standard","meta":{"footnotes":""},"categories":[259,2455],"tags":[339,791,507,2172,2173],"content_author":[],"class_list":["post-67159","post","type-post","status-publish","format-standard","has-post-thumbnail","hentry","category-stiri","category-video","tag-chirii","tag-chirii-apartamente","tag-preturi-apartamente","tag-preturi-apartamente-noi","tag-preturi-locuinte-2023"],"yoast_head":"<!-- This site is optimized with the Yoast SEO Premium plugin v27.0 (Yoast SEO v27.0) - https:\/\/yoast.com\/product\/yoast-seo-premium-wordpress\/ -->\n<title>C\u00e2t de accesibile sunt locuin\u021bele din Rom\u00e2nia? - \u0218tiri, Video - ImoExpert<\/title>\n<meta name=\"description\" content=\"G\u0103se\u0219ti unele dintre cele mai ieftine locuin\u021be chiar la noi, \u00een Rom\u00e2nia. \u021aara noastr\u0103 se afl\u0103 la coada clasamentului la capitolul pre\u021buri, dep\u0103\u0219ind doar\" \/>\n<meta name=\"robots\" content=\"index, follow\" \/>\n<link rel=\"canonical\" href=\"https:\/\/www.imobiliare.ro\/imoexpert\/cat-de-accesibile-sunt-locuintele-din-romania_db\/\" \/>\n<meta property=\"og:locale\" content=\"ro_RO\" \/>\n<meta property=\"og:type\" content=\"article\" \/>\n<meta property=\"og:title\" content=\"C\u00e2t de accesibile sunt locuin\u021bele din Rom\u00e2nia?\" \/>\n<meta property=\"og:description\" content=\"G\u0103se\u0219ti unele dintre cele mai ieftine locuin\u021be chiar la noi, \u00een Rom\u00e2nia. \u021aara noastr\u0103 se afl\u0103 la coada clasamentului la capitolul pre\u021buri, dep\u0103\u0219ind doar\" \/>\n<meta property=\"og:url\" content=\"https:\/\/www.imobiliare.ro\/imoexpert\/cat-de-accesibile-sunt-locuintele-din-romania_db\/\" \/>\n<meta property=\"og:site_name\" content=\"ImoExpert\" \/>\n<meta property=\"article:published_time\" content=\"2023-08-24T13:39:01+00:00\" \/>\n<meta property=\"og:image\" content=\"https:\/\/www.imobiliare.ro\/imoexpert\/wp-content\/uploads\/2023\/08\/achizitie-apartamente-noi-romania.png\" \/>\n\t<meta property=\"og:image:width\" content=\"800\" \/>\n\t<meta property=\"og:image:height\" content=\"600\" \/>\n\t<meta property=\"og:image:type\" content=\"image\/png\" \/>\n<meta name=\"author\" content=\"Corina V\u00e2rlan\" \/>\n<meta name=\"twitter:card\" content=\"summary_large_image\" \/>\n<meta name=\"twitter:label1\" content=\"Written by\" \/>\n\t<meta name=\"twitter:data1\" content=\"Corina V\u00e2rlan\" \/>\n\t<meta name=\"twitter:label2\" content=\"Est. reading time\" \/>\n\t<meta name=\"twitter:data2\" content=\"6 minute\" \/>\n<script type=\"application\/ld+json\" class=\"yoast-schema-graph\">{\"@context\":\"https:\/\/schema.org\",\"@graph\":[{\"@type\":\"Article\",\"@id\":\"https:\/\/www.imobiliare.ro\/imoexpert\/cat-de-accesibile-sunt-locuintele-din-romania_db\/#article\",\"isPartOf\":{\"@id\":\"https:\/\/www.imobiliare.ro\/imoexpert\/cat-de-accesibile-sunt-locuintele-din-romania_db\/\"},\"author\":{\"name\":\"Corina V\u00e2rlan\",\"@id\":\"https:\/\/www.imobiliare.ro\/imoexpert\/#\/schema\/person\/9ffdfbf24b82f39fc75a2fc6c19e4e99\"},\"headline\":\"C\u00e2t de accesibile sunt locuin\u021bele din Rom\u00e2nia?\",\"datePublished\":\"2023-08-24T13:39:01+00:00\",\"mainEntityOfPage\":{\"@id\":\"https:\/\/www.imobiliare.ro\/imoexpert\/cat-de-accesibile-sunt-locuintele-din-romania_db\/\"},\"wordCount\":1288,\"commentCount\":0,\"publisher\":{\"@id\":\"https:\/\/www.imobiliare.ro\/imoexpert\/#organization\"},\"image\":{\"@id\":\"https:\/\/www.imobiliare.ro\/imoexpert\/cat-de-accesibile-sunt-locuintele-din-romania_db\/#primaryimage\"},\"thumbnailUrl\":\"https:\/\/www.imobiliare.ro\/imoexpert\/wp-content\/uploads\/2023\/08\/achizitie-apartamente-noi-romania.png\",\"keywords\":[\"chirii\",\"chirii apartamente\",\"preturi apartamente\",\"preturi apartamente noi\",\"preturi locuinte 2023\"],\"articleSection\":[\"\u0218tiri\",\"Video\"],\"inLanguage\":\"en\",\"potentialAction\":[{\"@type\":\"CommentAction\",\"name\":\"Comment\",\"target\":[\"https:\/\/www.imobiliare.ro\/imoexpert\/cat-de-accesibile-sunt-locuintele-din-romania_db\/#respond\"]}],\"copyrightYear\":\"2023\",\"copyrightHolder\":{\"@id\":\"https:\/\/www.imobiliare.ro\/imoexpert\/#organization\"}},{\"@type\":\"WebPage\",\"@id\":\"https:\/\/www.imobiliare.ro\/imoexpert\/cat-de-accesibile-sunt-locuintele-din-romania_db\/\",\"url\":\"https:\/\/www.imobiliare.ro\/imoexpert\/cat-de-accesibile-sunt-locuintele-din-romania_db\/\",\"name\":\"C\u00e2t de accesibile sunt locuin\u021bele din Rom\u00e2nia? - \u0218tiri, Video - ImoExpert\",\"isPartOf\":{\"@id\":\"https:\/\/www.imobiliare.ro\/imoexpert\/#website\"},\"primaryImageOfPage\":{\"@id\":\"https:\/\/www.imobiliare.ro\/imoexpert\/cat-de-accesibile-sunt-locuintele-din-romania_db\/#primaryimage\"},\"image\":{\"@id\":\"https:\/\/www.imobiliare.ro\/imoexpert\/cat-de-accesibile-sunt-locuintele-din-romania_db\/#primaryimage\"},\"thumbnailUrl\":\"https:\/\/www.imobiliare.ro\/imoexpert\/wp-content\/uploads\/2023\/08\/achizitie-apartamente-noi-romania.png\",\"datePublished\":\"2023-08-24T13:39:01+00:00\",\"description\":\"G\u0103se\u0219ti unele dintre cele mai ieftine locuin\u021be chiar la noi, \u00een Rom\u00e2nia. \u021aara noastr\u0103 se afl\u0103 la coada clasamentului la capitolul pre\u021buri, dep\u0103\u0219ind doar\",\"breadcrumb\":{\"@id\":\"https:\/\/www.imobiliare.ro\/imoexpert\/cat-de-accesibile-sunt-locuintele-din-romania_db\/#breadcrumb\"},\"inLanguage\":\"en\",\"potentialAction\":[{\"@type\":\"ReadAction\",\"target\":[\"https:\/\/www.imobiliare.ro\/imoexpert\/cat-de-accesibile-sunt-locuintele-din-romania_db\/\"]}]},{\"@type\":\"ImageObject\",\"inLanguage\":\"en\",\"@id\":\"https:\/\/www.imobiliare.ro\/imoexpert\/cat-de-accesibile-sunt-locuintele-din-romania_db\/#primaryimage\",\"url\":\"https:\/\/www.imobiliare.ro\/imoexpert\/wp-content\/uploads\/2023\/08\/achizitie-apartamente-noi-romania.png\",\"contentUrl\":\"https:\/\/www.imobiliare.ro\/imoexpert\/wp-content\/uploads\/2023\/08\/achizitie-apartamente-noi-romania.png\",\"width\":800,\"height\":600},{\"@type\":\"BreadcrumbList\",\"@id\":\"https:\/\/www.imobiliare.ro\/imoexpert\/cat-de-accesibile-sunt-locuintele-din-romania_db\/#breadcrumb\",\"itemListElement\":[{\"@type\":\"ListItem\",\"position\":1,\"name\":\"Imoradar24\",\"item\":\"https:\/\/www.imoradar24.ro\"},{\"@type\":\"ListItem\",\"position\":2,\"name\":\"ImoExpert\",\"item\":\"https:\/\/www.imobiliare.ro\/imoexpert\/\"},{\"@type\":\"ListItem\",\"position\":3,\"name\":\"\u0218tiri\",\"item\":\"https:\/\/www.imobiliare.ro\/imoexpert\/stiri\/\"},{\"@type\":\"ListItem\",\"position\":4,\"name\":\"C\u00e2t de accesibile sunt locuin\u021bele din Rom\u00e2nia?\"}]},{\"@type\":\"WebSite\",\"@id\":\"https:\/\/www.imobiliare.ro\/imoexpert\/#website\",\"url\":\"https:\/\/www.imobiliare.ro\/imoexpert\/\",\"name\":\"ImoExpert\",\"description\":\"cele mai importante \u015ftiri din domeniul imobiliar\",\"publisher\":{\"@id\":\"https:\/\/www.imobiliare.ro\/imoexpert\/#organization\"},\"inLanguage\":\"en\"},{\"@type\":\"Organization\",\"@id\":\"https:\/\/www.imobiliare.ro\/imoexpert\/#organization\",\"name\":\"Imobiliare.ro\",\"alternateName\":\"Realmedia Network SA\",\"url\":\"https:\/\/www.imobiliare.ro\/imoexpert\/\",\"logo\":{\"@type\":\"ImageObject\",\"inLanguage\":\"en\",\"@id\":\"https:\/\/www.imobiliare.ro\/imoexpert\/#\/schema\/logo\/image\/\",\"url\":\"https:\/\/www.imobiliare.ro\/imoexpert\/wp-content\/uploads\/2025\/05\/imobiliare_logo.png\",\"contentUrl\":\"https:\/\/www.imobiliare.ro\/imoexpert\/wp-content\/uploads\/2025\/05\/imobiliare_logo.png\",\"width\":237,\"height\":29,\"caption\":\"Imobiliare.ro\"},\"image\":{\"@id\":\"https:\/\/www.imobiliare.ro\/imoexpert\/#\/schema\/logo\/image\/\"}},{\"@type\":\"Person\",\"@id\":\"https:\/\/www.imobiliare.ro\/imoexpert\/#\/schema\/person\/9ffdfbf24b82f39fc75a2fc6c19e4e99\",\"name\":\"Corina V\u00e2rlan\",\"image\":{\"@type\":\"ImageObject\",\"inLanguage\":\"en\",\"@id\":\"https:\/\/www.imobiliare.ro\/imoexpert\/#\/schema\/person\/image\/\",\"url\":\"https:\/\/www.imobiliare.ro\/imoexpert\/wp-content\/uploads\/2026\/02\/12-02-2025-5-rezumat-brasov-thumb-reels-1-1-96x96.png\",\"contentUrl\":\"https:\/\/www.imobiliare.ro\/imoexpert\/wp-content\/uploads\/2026\/02\/12-02-2025-5-rezumat-brasov-thumb-reels-1-1-96x96.png\",\"caption\":\"Corina V\u00e2rlan\"},\"description\":\"Cu o experien\u021b\u0103 de 14 ani \u00een presa online, comunicare \u0219i content marketing, Corina V\u00e2rlan s-a al\u0103turat echipei Imobiliare.ro \u00een urm\u0103 cu 8 ani \u0219i ocup\u0103, \u00een prezent, func\u021bia de Content Manager. Ea este gazda emisiunii \\\"\u00centreab\u0103 expertul\\\" \u0219i a seriei 5 \u0218tiri Imobiliare.ro, realizate \u00een parteneriat cu Libertatea. Corina \u00ee\u0219i concentreaz\u0103 activitatea pe analiza datelor de pia\u021b\u0103 \u0219i pe subiecte de interes at\u00e2t pentru cei afla\u021bi \u00een c\u0103utarea unei locuin\u021be, c\u00e2t \u0219i pentru proprietari sau chiria\u0219i.\",\"alternateName\":\"Corina\",\"jobTitle\":\"Content Manager\",\"url\":\"https:\/\/www.imobiliare.ro\/imoexpert\/author\/corina-varlan\/\"}]}<\/script>\n<!-- \/ Yoast SEO Premium plugin. -->","yoast_head_json":{"title":"C\u00e2t de accesibile sunt locuin\u021bele din Rom\u00e2nia? - \u0218tiri, Video - ImoExpert","description":"G\u0103se\u0219ti unele dintre cele mai ieftine locuin\u021be chiar la noi, \u00een Rom\u00e2nia. \u021aara noastr\u0103 se afl\u0103 la coada clasamentului la capitolul pre\u021buri, dep\u0103\u0219ind doar","robots":{"index":"index","follow":"follow"},"canonical":"https:\/\/www.imobiliare.ro\/imoexpert\/cat-de-accesibile-sunt-locuintele-din-romania_db\/","og_locale":"ro_RO","og_type":"article","og_title":"C\u00e2t de accesibile sunt locuin\u021bele din Rom\u00e2nia?","og_description":"G\u0103se\u0219ti unele dintre cele mai ieftine locuin\u021be chiar la noi, \u00een Rom\u00e2nia. \u021aara noastr\u0103 se afl\u0103 la coada clasamentului la capitolul pre\u021buri, dep\u0103\u0219ind doar","og_url":"https:\/\/www.imobiliare.ro\/imoexpert\/cat-de-accesibile-sunt-locuintele-din-romania_db\/","og_site_name":"ImoExpert","article_published_time":"2023-08-24T13:39:01+00:00","og_image":[{"width":800,"height":600,"url":"https:\/\/www.imobiliare.ro\/imoexpert\/wp-content\/uploads\/2023\/08\/achizitie-apartamente-noi-romania.png","type":"image\/png"}],"author":"Corina V\u00e2rlan","twitter_card":"summary_large_image","twitter_misc":{"Written by":"Corina V\u00e2rlan","Est. reading time":"6 minute"},"schema":{"@context":"https:\/\/schema.org","@graph":[{"@type":"Article","@id":"https:\/\/www.imobiliare.ro\/imoexpert\/cat-de-accesibile-sunt-locuintele-din-romania_db\/#article","isPartOf":{"@id":"https:\/\/www.imobiliare.ro\/imoexpert\/cat-de-accesibile-sunt-locuintele-din-romania_db\/"},"author":{"name":"Corina V\u00e2rlan","@id":"https:\/\/www.imobiliare.ro\/imoexpert\/#\/schema\/person\/9ffdfbf24b82f39fc75a2fc6c19e4e99"},"headline":"C\u00e2t de accesibile sunt locuin\u021bele din Rom\u00e2nia?","datePublished":"2023-08-24T13:39:01+00:00","mainEntityOfPage":{"@id":"https:\/\/www.imobiliare.ro\/imoexpert\/cat-de-accesibile-sunt-locuintele-din-romania_db\/"},"wordCount":1288,"commentCount":0,"publisher":{"@id":"https:\/\/www.imobiliare.ro\/imoexpert\/#organization"},"image":{"@id":"https:\/\/www.imobiliare.ro\/imoexpert\/cat-de-accesibile-sunt-locuintele-din-romania_db\/#primaryimage"},"thumbnailUrl":"https:\/\/www.imobiliare.ro\/imoexpert\/wp-content\/uploads\/2023\/08\/achizitie-apartamente-noi-romania.png","keywords":["chirii","chirii apartamente","preturi apartamente","preturi apartamente noi","preturi locuinte 2023"],"articleSection":["\u0218tiri","Video"],"inLanguage":"en","potentialAction":[{"@type":"CommentAction","name":"Comment","target":["https:\/\/www.imobiliare.ro\/imoexpert\/cat-de-accesibile-sunt-locuintele-din-romania_db\/#respond"]}],"copyrightYear":"2023","copyrightHolder":{"@id":"https:\/\/www.imobiliare.ro\/imoexpert\/#organization"}},{"@type":"WebPage","@id":"https:\/\/www.imobiliare.ro\/imoexpert\/cat-de-accesibile-sunt-locuintele-din-romania_db\/","url":"https:\/\/www.imobiliare.ro\/imoexpert\/cat-de-accesibile-sunt-locuintele-din-romania_db\/","name":"C\u00e2t de accesibile sunt locuin\u021bele din Rom\u00e2nia? - \u0218tiri, Video - ImoExpert","isPartOf":{"@id":"https:\/\/www.imobiliare.ro\/imoexpert\/#website"},"primaryImageOfPage":{"@id":"https:\/\/www.imobiliare.ro\/imoexpert\/cat-de-accesibile-sunt-locuintele-din-romania_db\/#primaryimage"},"image":{"@id":"https:\/\/www.imobiliare.ro\/imoexpert\/cat-de-accesibile-sunt-locuintele-din-romania_db\/#primaryimage"},"thumbnailUrl":"https:\/\/www.imobiliare.ro\/imoexpert\/wp-content\/uploads\/2023\/08\/achizitie-apartamente-noi-romania.png","datePublished":"2023-08-24T13:39:01+00:00","description":"G\u0103se\u0219ti unele dintre cele mai ieftine locuin\u021be chiar la noi, \u00een Rom\u00e2nia. \u021aara noastr\u0103 se afl\u0103 la coada clasamentului la capitolul pre\u021buri, dep\u0103\u0219ind doar","breadcrumb":{"@id":"https:\/\/www.imobiliare.ro\/imoexpert\/cat-de-accesibile-sunt-locuintele-din-romania_db\/#breadcrumb"},"inLanguage":"en","potentialAction":[{"@type":"ReadAction","target":["https:\/\/www.imobiliare.ro\/imoexpert\/cat-de-accesibile-sunt-locuintele-din-romania_db\/"]}]},{"@type":"ImageObject","inLanguage":"en","@id":"https:\/\/www.imobiliare.ro\/imoexpert\/cat-de-accesibile-sunt-locuintele-din-romania_db\/#primaryimage","url":"https:\/\/www.imobiliare.ro\/imoexpert\/wp-content\/uploads\/2023\/08\/achizitie-apartamente-noi-romania.png","contentUrl":"https:\/\/www.imobiliare.ro\/imoexpert\/wp-content\/uploads\/2023\/08\/achizitie-apartamente-noi-romania.png","width":800,"height":600},{"@type":"BreadcrumbList","@id":"https:\/\/www.imobiliare.ro\/imoexpert\/cat-de-accesibile-sunt-locuintele-din-romania_db\/#breadcrumb","itemListElement":[{"@type":"ListItem","position":1,"name":"Imoradar24","item":"https:\/\/www.imoradar24.ro"},{"@type":"ListItem","position":2,"name":"ImoExpert","item":"https:\/\/www.imobiliare.ro\/imoexpert\/"},{"@type":"ListItem","position":3,"name":"\u0218tiri","item":"https:\/\/www.imobiliare.ro\/imoexpert\/stiri\/"},{"@type":"ListItem","position":4,"name":"C\u00e2t de accesibile sunt locuin\u021bele din Rom\u00e2nia?"}]},{"@type":"WebSite","@id":"https:\/\/www.imobiliare.ro\/imoexpert\/#website","url":"https:\/\/www.imobiliare.ro\/imoexpert\/","name":"ImoExpert","description":"cele mai importante \u015ftiri din domeniul imobiliar","publisher":{"@id":"https:\/\/www.imobiliare.ro\/imoexpert\/#organization"},"inLanguage":"en"},{"@type":"Organization","@id":"https:\/\/www.imobiliare.ro\/imoexpert\/#organization","name":"Imobiliare.ro","alternateName":"Realmedia Network SA","url":"https:\/\/www.imobiliare.ro\/imoexpert\/","logo":{"@type":"ImageObject","inLanguage":"en","@id":"https:\/\/www.imobiliare.ro\/imoexpert\/#\/schema\/logo\/image\/","url":"https:\/\/www.imobiliare.ro\/imoexpert\/wp-content\/uploads\/2025\/05\/imobiliare_logo.png","contentUrl":"https:\/\/www.imobiliare.ro\/imoexpert\/wp-content\/uploads\/2025\/05\/imobiliare_logo.png","width":237,"height":29,"caption":"Imobiliare.ro"},"image":{"@id":"https:\/\/www.imobiliare.ro\/imoexpert\/#\/schema\/logo\/image\/"}},{"@type":"Person","@id":"https:\/\/www.imobiliare.ro\/imoexpert\/#\/schema\/person\/9ffdfbf24b82f39fc75a2fc6c19e4e99","name":"Corina V\u00e2rlan","image":{"@type":"ImageObject","inLanguage":"en","@id":"https:\/\/www.imobiliare.ro\/imoexpert\/#\/schema\/person\/image\/","url":"https:\/\/www.imobiliare.ro\/imoexpert\/wp-content\/uploads\/2026\/02\/12-02-2025-5-rezumat-brasov-thumb-reels-1-1-96x96.png","contentUrl":"https:\/\/www.imobiliare.ro\/imoexpert\/wp-content\/uploads\/2026\/02\/12-02-2025-5-rezumat-brasov-thumb-reels-1-1-96x96.png","caption":"Corina V\u00e2rlan"},"description":"Cu o experien\u021b\u0103 de 14 ani \u00een presa online, comunicare \u0219i content marketing, Corina V\u00e2rlan s-a al\u0103turat echipei Imobiliare.ro \u00een urm\u0103 cu 8 ani \u0219i ocup\u0103, \u00een prezent, func\u021bia de Content Manager. Ea este gazda emisiunii \"\u00centreab\u0103 expertul\" \u0219i a seriei 5 \u0218tiri Imobiliare.ro, realizate \u00een parteneriat cu Libertatea. Corina \u00ee\u0219i concentreaz\u0103 activitatea pe analiza datelor de pia\u021b\u0103 \u0219i pe subiecte de interes at\u00e2t pentru cei afla\u021bi \u00een c\u0103utarea unei locuin\u021be, c\u00e2t \u0219i pentru proprietari sau chiria\u0219i.","alternateName":"Corina","jobTitle":"Content Manager","url":"https:\/\/www.imobiliare.ro\/imoexpert\/author\/corina-varlan\/"}]}},"_links":{"self":[{"href":"https:\/\/www.imobiliare.ro\/imoexpert\/wp-json\/wp\/v2\/posts\/67159","targetHints":{"allow":["GET"]}}],"collection":[{"href":"https:\/\/www.imobiliare.ro\/imoexpert\/wp-json\/wp\/v2\/posts"}],"about":[{"href":"https:\/\/www.imobiliare.ro\/imoexpert\/wp-json\/wp\/v2\/types\/post"}],"author":[{"embeddable":true,"href":"https:\/\/www.imobiliare.ro\/imoexpert\/wp-json\/wp\/v2\/users\/5891"}],"replies":[{"embeddable":true,"href":"https:\/\/www.imobiliare.ro\/imoexpert\/wp-json\/wp\/v2\/comments?post=67159"}],"version-history":[{"count":0,"href":"https:\/\/www.imobiliare.ro\/imoexpert\/wp-json\/wp\/v2\/posts\/67159\/revisions"}],"wp:featuredmedia":[{"embeddable":true,"href":"https:\/\/www.imobiliare.ro\/imoexpert\/wp-json\/wp\/v2\/media\/67169"}],"wp:attachment":[{"href":"https:\/\/www.imobiliare.ro\/imoexpert\/wp-json\/wp\/v2\/media?parent=67159"}],"wp:term":[{"taxonomy":"category","embeddable":true,"href":"https:\/\/www.imobiliare.ro\/imoexpert\/wp-json\/wp\/v2\/categories?post=67159"},{"taxonomy":"post_tag","embeddable":true,"href":"https:\/\/www.imobiliare.ro\/imoexpert\/wp-json\/wp\/v2\/tags?post=67159"},{"taxonomy":"content_author","embeddable":true,"href":"https:\/\/www.imobiliare.ro\/imoexpert\/wp-json\/wp\/v2\/content_author?post=67159"}],"curies":[{"name":"wp","href":"https:\/\/api.w.org\/{rel}","templated":true}]}}