{"id":67174,"date":"2023-08-24T17:41:41","date_gmt":"2023-08-24T14:41:41","guid":{"rendered":"https:\/\/www.imobiliare.ro\/imoexpert\/?p=67174"},"modified":"2023-08-24T17:41:41","modified_gmt":"2023-08-24T14:41:41","slug":"inchiriezi-sau-cumperi-iata-ce-spun-datele-ca-trebuie-sa-faci","status":"publish","type":"post","link":"https:\/\/www.imobiliare.ro\/imoexpert\/inchiriezi-sau-cumperi-iata-ce-spun-datele-ca-trebuie-sa-faci_db\/","title":{"rendered":"\u00cenchiriezi sau cumperi? Iat\u0103 ce spun datele c\u0103 trebuie s\u0103 faci"},"content":{"rendered":"\n<figure class=\"wp-block-image size-full\"><img loading=\"lazy\" decoding=\"async\" width=\"800\" height=\"600\" src=\"https:\/\/www.imobiliare.ro\/imoexpert\/wp-content\/uploads\/2023\/08\/inchiriez-sau-cumpar.png\" alt=\"\" class=\"wp-image-67175\" srcset=\"https:\/\/www.imobiliare.ro\/imoexpert\/wp-content\/uploads\/2023\/08\/inchiriez-sau-cumpar.png 800w, https:\/\/www.imobiliare.ro\/imoexpert\/wp-content\/uploads\/2023\/08\/inchiriez-sau-cumpar-300x225.png 300w, https:\/\/www.imobiliare.ro\/imoexpert\/wp-content\/uploads\/2023\/08\/inchiriez-sau-cumpar-768x576.png 768w\" sizes=\"auto, (max-width: 800px) 100vw, 800px\" \/><\/figure>\n\n\n\n<p><strong>Ultimii ani nu au fost u\u0219ori, ne-am confruntat cu mult temuta pandemie, a urmat r\u0103zboiul din Ucraina, apoi incertitudinile pe segmentul de creditare. Chiar \u0219i a\u0219a, pia\u021ba reziden\u021bial\u0103 nu a stat \u00een loc.<\/strong><\/p>\n\n\n\n<p>La nivel na\u021bional, pre\u021burile sunt \u00een cre\u0219tere. Dac\u0103 \u00een iulie 2022 proprietarii solicitau un pre\u021b mediu de 1.427 de euro\/mp util, p\u00e2n\u0103 luna trecut\u0103 acesta a ajuns s\u0103 se majoreze la 1.435 de euro\/mp util, potrivit <strong><a class=\"article-body-links\"href=\"https:\/\/www.imobiliare.ro\/indicele-imobiliare-ro\" target=\"_blank\" rel=\"noreferrer noopener\">Indicelui Imobiliare.ro<\/a><\/strong>.<\/p>\n\n\n\n<figure class=\"wp-block-image size-large\"><img loading=\"lazy\" decoding=\"async\" width=\"1024\" height=\"650\" src=\"https:\/\/www.imobiliare.ro\/imoexpert\/wp-content\/uploads\/2023\/08\/evolutie-preturi-iulie-1024x650.jpg\" alt=\"\" class=\"wp-image-67179\" srcset=\"https:\/\/www.imobiliare.ro\/imoexpert\/wp-content\/uploads\/2023\/08\/evolutie-preturi-iulie-1024x650.jpg 1024w, https:\/\/www.imobiliare.ro\/imoexpert\/wp-content\/uploads\/2023\/08\/evolutie-preturi-iulie-300x190.jpg 300w, https:\/\/www.imobiliare.ro\/imoexpert\/wp-content\/uploads\/2023\/08\/evolutie-preturi-iulie-768x487.jpg 768w, https:\/\/www.imobiliare.ro\/imoexpert\/wp-content\/uploads\/2023\/08\/evolutie-preturi-iulie.jpg 1081w\" sizes=\"auto, (max-width: 1024px) 100vw, 1024px\" \/><\/figure>\n\n\n\n<p>Desigur, lucrurile variaz\u0103 de la un ora\u0219 la altul. \u00cen Cluj-Napoca, de exemplu, pre\u021bul mediu solicitat pentru apartamentele scoase la v\u00e2nzare aproape a atins pragul de 2.420 de euro\/mp util, \u00een timp ce \u00een Bucure\u0219ti se men\u021bine la un nivel de 1.500 de euro\/mp util.<\/p>\n\n\n\n<p>Dou\u0103 dintre cele mai importante major\u0103ri ale pre\u021burilor s-au \u00eenregistrat \u00een iulie, comparativ cu perioada similar\u0103 a anului trecut, \u00een Constan\u021ba \u0219i Oradea, cu 4,4% respectiv cu 4,5%. \u00cen schimb, \u00een Capital\u0103 a putut fi observat\u0103 o sc\u0103dere cu aproape 3% fa\u021b\u0103 de nivelul din 2022. <strong><a class=\"article-body-links\"href=\"https:\/\/www.imobiliare.ro\/imoexpert\/indicele-imobiliare-ro-constanta-da-tonul-cresterii-preturilor-apartamentelor-iar-bucurestiul-se-lupta-sa-recupereze-avansul-pierdut_db\/\" target=\"_blank\" rel=\"noreferrer noopener\">Mai multe detalii despre mersul marilor pie\u021be reziden\u021biale din \u021bar\u0103 pot fi g\u0103site AICI.<\/a><\/strong><\/p>\n\n\n\n<figure class=\"wp-block-image size-full\"><img loading=\"lazy\" decoding=\"async\" width=\"800\" height=\"1013\" src=\"https:\/\/www.imobiliare.ro\/imoexpert\/wp-content\/uploads\/2023\/08\/chirii-august-2023.jpg\" alt=\"\" class=\"wp-image-67125\" srcset=\"https:\/\/www.imobiliare.ro\/imoexpert\/wp-content\/uploads\/2023\/08\/chirii-august-2023.jpg 800w, https:\/\/www.imobiliare.ro\/imoexpert\/wp-content\/uploads\/2023\/08\/chirii-august-2023-237x300.jpg 237w, https:\/\/www.imobiliare.ro\/imoexpert\/wp-content\/uploads\/2023\/08\/chirii-august-2023-768x972.jpg 768w\" sizes=\"auto, (max-width: 800px) 100vw, 800px\" \/><\/figure>\n\n\n\n<p>Cele mai noi date referitoare la segmentul de \u00eenchirieri arat\u0103, de asemenea, apari\u021bia unei tendin\u021be de cre\u0219tere \u00een principalele centre regionale din Rom\u00e2nia.<\/p>\n\n\n\n<p>Cele mai semnificative scumpiri au ap\u0103rut pe pia\u021ba din Constan\u021ba. Garsonierele se \u00eenchiriaz\u0103 cu 280 de euro\/lun\u0103, dup\u0103 o majorare cu 20% de la \u00eenceputul anului \u0219i p\u00e2n\u0103 la mijlocul lunii august, iar apartamentele cu 2 sau 3 camere sunt cu circa 23% mai scumpe.<\/p>\n\n\n\n<p>Chiar \u0219i a\u0219a, cele mai mari chirii se pl\u0103tesc \u00een Cluj-Napoca \u0219i \u00een Bucure\u0219ti, potrivit datelor Imobiliare.ro. <\/p>\n\n\n\n<p>&#8222;Chiriile sunt \u00een cre\u0219tere \u00een Rom\u00e2nia. Chiar \u0219i lunile \u00een care sezonalitatea ar fi dictat un nivel mai sc\u0103zut, acestea au continuat s\u0103 creasc\u0103&#8221;, a declarat Daniel Crainic, director de marketing<strong><a class=\"article-body-links\"href=\"http:\/\/www.imobiliare.ro\" target=\"_blank\" rel=\"noreferrer noopener\"> Imobiliare.ro<\/a><\/strong>, \u00een cadrul unei apari\u021bii la postul Euronews Rom\u00e2nia.<\/p>\n\n\n\n<figure class=\"wp-block-image size-large\"><img loading=\"lazy\" decoding=\"async\" width=\"1024\" height=\"526\" src=\"https:\/\/www.imobiliare.ro\/imoexpert\/wp-content\/uploads\/2023\/08\/euronews-1-1024x526.jpg\" alt=\"\" class=\"wp-image-67167\" srcset=\"https:\/\/www.imobiliare.ro\/imoexpert\/wp-content\/uploads\/2023\/08\/euronews-1-1024x526.jpg 1024w, https:\/\/www.imobiliare.ro\/imoexpert\/wp-content\/uploads\/2023\/08\/euronews-1-300x154.jpg 300w, https:\/\/www.imobiliare.ro\/imoexpert\/wp-content\/uploads\/2023\/08\/euronews-1-768x395.jpg 768w, https:\/\/www.imobiliare.ro\/imoexpert\/wp-content\/uploads\/2023\/08\/euronews-1.jpg 1202w\" sizes=\"auto, (max-width: 1024px) 100vw, 1024px\" \/><\/figure>\n\n\n\n<p>\u201cAcest lucru apare pe fondul unui cumul de factori. \u00cen primul r\u00e2nd este un efect care vine din pia\u021ba v\u00e2nz\u0103rilor de locuin\u021be unde num\u0103rul de tranzac\u021bii este \u00een sc\u0103dere. Nevoia de locuire exist\u0103, num\u0103rul de livr\u0103ri scade, deci cererea devine mai mare \u0219i oferta se restr\u00e2nge pe chirii\u201d, a mai ad\u0103ugat el.<\/p>\n\n\n\n<p>Ne puteam a\u0219tepta, totodat\u0103, s\u0103 vedem noi major\u0103ri \u00een urm\u0103toarea perioad\u0103 pe segmentul \u00eenchirierilor, odat\u0103 cu apropierea noului an universitar. \u201c\u00cen ora\u0219e universitare, precum Bucure\u0219ti, Timi\u0219oara, Cluj-Napoca sau Ia\u0219i, cererea va cre\u0219te \u00een mod organic cu 20%-25% \u00een aceast\u0103 perioad\u0103, ceea ce va pune presiune pe pre\u021buri. Chiriile vor avea tendin\u021ba s\u0103 creasc\u0103, iar proprietarii vor avea tendin\u021ba s\u0103 speculeze aceast\u0103 cerere mare mai ales \u00een contextul \u00een care oferta este, \u00een continuare, mic\u0103\u201d, a mai men\u021bionat Crainic \u00een cadrul apari\u021biei televizate.<\/p>\n\n\n\n<p>Deci ce este bine s\u0103 faci? S\u0103 \u00eenchiriezi sau s\u0103 cumperi? R\u0103spunsul nu poate fi generalizat. &#8222;Cred c\u0103 este o perioad\u0103 \u00een care putem g\u0103si foarte multe oportunit\u0103\u021bi \u00een pia\u021b\u0103, prin urmare trebuie s\u0103 facem vizion\u0103ri \u0219i s\u0103 facem oferte acolo unde sim\u021bim c\u0103 este cazul. Pe de alt\u0103 parte, r\u0103spunsul la aceast\u0103 \u00eentrebare este mai degrab\u0103 unul personal \u0219i \u021bine de stabilitatea financiar\u0103 a fiec\u0103rei gospod\u0103rii&#8221;, a explicat reprezentantul Imobiliare.ro pentru Euronews Rom\u00e2nia.<\/p>\n\n\n\n<p>&#8222;Dac\u0103 ne permitem s\u0103 fim proprietari ast\u0103zi, dac\u0103 avem stabilitate financiar\u0103, da, este un moment foarte bun s\u0103 cump\u0103r\u0103m. Dac\u0103 credem c\u0103 nu avem siguran\u021ba veniturilor pe termen lung sau dispunem doar de avansul minim necesar, atunci probabil c\u0103 este \u00een\u021belept s\u0103 mai a\u0219tept\u0103m p\u00e2n\u0103 c\u00e2nd o s\u0103 str\u00e2ngem mai mul\u021bi bani sau p\u00e2n\u0103 c\u00e2nd familia noastr\u0103 va avea o stabilitate financiar\u0103 mai mare&#8221;, a mai ad\u0103ugat Daniel Crainic.<\/p>\n\n\n\n<p>Dac\u0103 te g\u00e2nde\u0219ti s\u0103-\u021bi cumperi o locuin\u021b\u0103, po\u021bi afla ce credite po\u021bi ob\u021bine prin intermediul<a class=\"article-body-links\"href=\"https:\/\/www.imobiliare.ro\/imoexpert\/imobiliare-ro-lanseaza-imobiliare-ro-finance_db\/\" target=\"_blank\" rel=\"noreferrer noopener\">&nbsp;<strong>Imobiliare.ro Finance<\/strong><\/a>. Ai acces imediat la peste 30 de b\u0103nci \u0219i institu\u021bii financiare \u0219i po\u021bi solicita \u00een doar c\u00e2\u021biva pa\u0219i o ofert\u0103 personalizat\u0103.&nbsp;<a class=\"article-body-links\"href=\"https:\/\/www.imobiliare.ro\/credite-ipotecare#calculator_credit\" target=\"_blank\" rel=\"noreferrer noopener\"><strong>Afl\u0103 mai multe AICI.<\/strong><\/a><\/p>\n\n\n\n<p>\u021ai-am preg\u0103tit, totodat\u0103, ghiduri complete cu sfaturi \u0219i informa\u021bii utile de mare ajutor atunci c\u00e2nd te preg\u0103te\u0219ti s\u0103 cumperi sau s\u0103 \u00eenchiriezi o locuin\u021b\u0103. <strong><a class=\"article-body-links\"href=\"https:\/\/www.imobiliare.ro\/imoexpert\/ghiduri\/\" target=\"_blank\" rel=\"noreferrer noopener\">Le po\u021bi accesa gratuit AICI.<\/a><\/strong><\/p>\n","protected":false},"excerpt":{"rendered":"<p>Ultimii ani nu au fost u\u0219ori, ne-am confruntat cu mult temuta pandemie, a urmat r\u0103zboiul din Ucraina, apoi incertitudinile pe segmentul de creditare. Chiar \u0219i a\u0219a, pia\u021ba reziden\u021bial\u0103 nu a stat \u00een loc. La nivel na\u021bional, pre\u021burile sunt \u00een cre\u0219tere. Dac\u0103 \u00een iulie 2022 proprietarii solicitau un pre\u021b mediu de 1.427 de euro\/mp util, p\u00e2n\u0103 [&hellip;]<\/p>\n","protected":false},"author":5891,"featured_media":67175,"comment_status":"open","ping_status":"open","sticky":true,"template":"","format":"standard","meta":{"footnotes":""},"categories":[259],"tags":[339,1142,402,507],"content_author":[],"class_list":["post-67174","post","type-post","status-publish","format-standard","has-post-thumbnail","hentry","category-stiri","tag-chirii","tag-cumparare-locuinta","tag-inchiriere","tag-preturi-apartamente"],"yoast_head":"<!-- This site is optimized with the Yoast SEO Premium plugin v27.0 (Yoast SEO v27.0) - https:\/\/yoast.com\/product\/yoast-seo-premium-wordpress\/ -->\n<title>\u00cenchiriezi sau cumperi? Iat\u0103 ce spun datele c\u0103 trebuie s\u0103 faci - \u0218tiri - ImoExpert<\/title>\n<meta name=\"description\" content=\"Ultimii ani nu au fost u\u0219ori, ne-am confruntat cu mult temuta pandemie, a urmat r\u0103zboiul din Ucraina, apoi incertitudinile pe segmentul de creditare.\" \/>\n<meta name=\"robots\" content=\"index, follow\" \/>\n<link rel=\"canonical\" href=\"https:\/\/www.imobiliare.ro\/imoexpert\/inchiriezi-sau-cumperi-iata-ce-spun-datele-ca-trebuie-sa-faci_db\/\" \/>\n<meta property=\"og:locale\" content=\"ro_RO\" \/>\n<meta property=\"og:type\" content=\"article\" \/>\n<meta property=\"og:title\" content=\"\u00cenchiriezi sau cumperi? Iat\u0103 ce spun datele c\u0103 trebuie s\u0103 faci\" \/>\n<meta property=\"og:description\" content=\"Ultimii ani nu au fost u\u0219ori, ne-am confruntat cu mult temuta pandemie, a urmat r\u0103zboiul din Ucraina, apoi incertitudinile pe segmentul de creditare.\" \/>\n<meta property=\"og:url\" content=\"https:\/\/www.imobiliare.ro\/imoexpert\/inchiriezi-sau-cumperi-iata-ce-spun-datele-ca-trebuie-sa-faci_db\/\" \/>\n<meta property=\"og:site_name\" content=\"ImoExpert\" \/>\n<meta property=\"article:published_time\" content=\"2023-08-24T14:41:41+00:00\" \/>\n<meta property=\"og:image\" content=\"https:\/\/www.imobiliare.ro\/imoexpert\/wp-content\/uploads\/2023\/08\/inchiriez-sau-cumpar.png\" \/>\n\t<meta property=\"og:image:width\" content=\"800\" \/>\n\t<meta property=\"og:image:height\" content=\"600\" \/>\n\t<meta property=\"og:image:type\" content=\"image\/png\" \/>\n<meta name=\"author\" content=\"Corina V\u00e2rlan\" \/>\n<meta name=\"twitter:card\" content=\"summary_large_image\" \/>\n<meta name=\"twitter:label1\" content=\"Written by\" \/>\n\t<meta name=\"twitter:data1\" content=\"Corina V\u00e2rlan\" \/>\n\t<meta name=\"twitter:label2\" content=\"Est. reading time\" \/>\n\t<meta name=\"twitter:data2\" content=\"4 minute\" \/>\n<script type=\"application\/ld+json\" class=\"yoast-schema-graph\">{\"@context\":\"https:\/\/schema.org\",\"@graph\":[{\"@type\":\"Article\",\"@id\":\"https:\/\/www.imobiliare.ro\/imoexpert\/inchiriezi-sau-cumperi-iata-ce-spun-datele-ca-trebuie-sa-faci_db\/#article\",\"isPartOf\":{\"@id\":\"https:\/\/www.imobiliare.ro\/imoexpert\/inchiriezi-sau-cumperi-iata-ce-spun-datele-ca-trebuie-sa-faci_db\/\"},\"author\":{\"name\":\"Corina V\u00e2rlan\",\"@id\":\"https:\/\/www.imobiliare.ro\/imoexpert\/#\/schema\/person\/9ffdfbf24b82f39fc75a2fc6c19e4e99\"},\"headline\":\"\u00cenchiriezi sau cumperi? Iat\u0103 ce spun datele c\u0103 trebuie s\u0103 faci\",\"datePublished\":\"2023-08-24T14:41:41+00:00\",\"mainEntityOfPage\":{\"@id\":\"https:\/\/www.imobiliare.ro\/imoexpert\/inchiriezi-sau-cumperi-iata-ce-spun-datele-ca-trebuie-sa-faci_db\/\"},\"wordCount\":759,\"commentCount\":0,\"publisher\":{\"@id\":\"https:\/\/www.imobiliare.ro\/imoexpert\/#organization\"},\"image\":{\"@id\":\"https:\/\/www.imobiliare.ro\/imoexpert\/inchiriezi-sau-cumperi-iata-ce-spun-datele-ca-trebuie-sa-faci_db\/#primaryimage\"},\"thumbnailUrl\":\"https:\/\/www.imobiliare.ro\/imoexpert\/wp-content\/uploads\/2023\/08\/inchiriez-sau-cumpar.png\",\"keywords\":[\"chirii\",\"cumparare locuinta\",\"inchiriere\",\"preturi apartamente\"],\"articleSection\":[\"\u0218tiri\"],\"inLanguage\":\"en\",\"potentialAction\":[{\"@type\":\"CommentAction\",\"name\":\"Comment\",\"target\":[\"https:\/\/www.imobiliare.ro\/imoexpert\/inchiriezi-sau-cumperi-iata-ce-spun-datele-ca-trebuie-sa-faci_db\/#respond\"]}],\"copyrightYear\":\"2023\",\"copyrightHolder\":{\"@id\":\"https:\/\/www.imobiliare.ro\/imoexpert\/#organization\"}},{\"@type\":\"WebPage\",\"@id\":\"https:\/\/www.imobiliare.ro\/imoexpert\/inchiriezi-sau-cumperi-iata-ce-spun-datele-ca-trebuie-sa-faci_db\/\",\"url\":\"https:\/\/www.imobiliare.ro\/imoexpert\/inchiriezi-sau-cumperi-iata-ce-spun-datele-ca-trebuie-sa-faci_db\/\",\"name\":\"\u00cenchiriezi sau cumperi? Iat\u0103 ce spun datele c\u0103 trebuie s\u0103 faci - \u0218tiri - ImoExpert\",\"isPartOf\":{\"@id\":\"https:\/\/www.imobiliare.ro\/imoexpert\/#website\"},\"primaryImageOfPage\":{\"@id\":\"https:\/\/www.imobiliare.ro\/imoexpert\/inchiriezi-sau-cumperi-iata-ce-spun-datele-ca-trebuie-sa-faci_db\/#primaryimage\"},\"image\":{\"@id\":\"https:\/\/www.imobiliare.ro\/imoexpert\/inchiriezi-sau-cumperi-iata-ce-spun-datele-ca-trebuie-sa-faci_db\/#primaryimage\"},\"thumbnailUrl\":\"https:\/\/www.imobiliare.ro\/imoexpert\/wp-content\/uploads\/2023\/08\/inchiriez-sau-cumpar.png\",\"datePublished\":\"2023-08-24T14:41:41+00:00\",\"description\":\"Ultimii ani nu au fost u\u0219ori, ne-am confruntat cu mult temuta pandemie, a urmat r\u0103zboiul din Ucraina, apoi incertitudinile pe segmentul de creditare.\",\"breadcrumb\":{\"@id\":\"https:\/\/www.imobiliare.ro\/imoexpert\/inchiriezi-sau-cumperi-iata-ce-spun-datele-ca-trebuie-sa-faci_db\/#breadcrumb\"},\"inLanguage\":\"en\",\"potentialAction\":[{\"@type\":\"ReadAction\",\"target\":[\"https:\/\/www.imobiliare.ro\/imoexpert\/inchiriezi-sau-cumperi-iata-ce-spun-datele-ca-trebuie-sa-faci_db\/\"]}]},{\"@type\":\"ImageObject\",\"inLanguage\":\"en\",\"@id\":\"https:\/\/www.imobiliare.ro\/imoexpert\/inchiriezi-sau-cumperi-iata-ce-spun-datele-ca-trebuie-sa-faci_db\/#primaryimage\",\"url\":\"https:\/\/www.imobiliare.ro\/imoexpert\/wp-content\/uploads\/2023\/08\/inchiriez-sau-cumpar.png\",\"contentUrl\":\"https:\/\/www.imobiliare.ro\/imoexpert\/wp-content\/uploads\/2023\/08\/inchiriez-sau-cumpar.png\",\"width\":800,\"height\":600},{\"@type\":\"BreadcrumbList\",\"@id\":\"https:\/\/www.imobiliare.ro\/imoexpert\/inchiriezi-sau-cumperi-iata-ce-spun-datele-ca-trebuie-sa-faci_db\/#breadcrumb\",\"itemListElement\":[{\"@type\":\"ListItem\",\"position\":1,\"name\":\"Imoradar24\",\"item\":\"https:\/\/www.imoradar24.ro\"},{\"@type\":\"ListItem\",\"position\":2,\"name\":\"ImoExpert\",\"item\":\"https:\/\/www.imobiliare.ro\/imoexpert\/\"},{\"@type\":\"ListItem\",\"position\":3,\"name\":\"\u0218tiri\",\"item\":\"https:\/\/www.imobiliare.ro\/imoexpert\/stiri\/\"},{\"@type\":\"ListItem\",\"position\":4,\"name\":\"\u00cenchiriezi sau cumperi? Iat\u0103 ce spun datele c\u0103 trebuie s\u0103 faci\"}]},{\"@type\":\"WebSite\",\"@id\":\"https:\/\/www.imobiliare.ro\/imoexpert\/#website\",\"url\":\"https:\/\/www.imobiliare.ro\/imoexpert\/\",\"name\":\"ImoExpert\",\"description\":\"cele mai importante \u015ftiri din domeniul imobiliar\",\"publisher\":{\"@id\":\"https:\/\/www.imobiliare.ro\/imoexpert\/#organization\"},\"inLanguage\":\"en\"},{\"@type\":\"Organization\",\"@id\":\"https:\/\/www.imobiliare.ro\/imoexpert\/#organization\",\"name\":\"Imobiliare.ro\",\"alternateName\":\"Realmedia Network SA\",\"url\":\"https:\/\/www.imobiliare.ro\/imoexpert\/\",\"logo\":{\"@type\":\"ImageObject\",\"inLanguage\":\"en\",\"@id\":\"https:\/\/www.imobiliare.ro\/imoexpert\/#\/schema\/logo\/image\/\",\"url\":\"https:\/\/www.imobiliare.ro\/imoexpert\/wp-content\/uploads\/2025\/05\/imobiliare_logo.png\",\"contentUrl\":\"https:\/\/www.imobiliare.ro\/imoexpert\/wp-content\/uploads\/2025\/05\/imobiliare_logo.png\",\"width\":237,\"height\":29,\"caption\":\"Imobiliare.ro\"},\"image\":{\"@id\":\"https:\/\/www.imobiliare.ro\/imoexpert\/#\/schema\/logo\/image\/\"}},{\"@type\":\"Person\",\"@id\":\"https:\/\/www.imobiliare.ro\/imoexpert\/#\/schema\/person\/9ffdfbf24b82f39fc75a2fc6c19e4e99\",\"name\":\"Corina V\u00e2rlan\",\"image\":{\"@type\":\"ImageObject\",\"inLanguage\":\"en\",\"@id\":\"https:\/\/www.imobiliare.ro\/imoexpert\/#\/schema\/person\/image\/\",\"url\":\"https:\/\/www.imobiliare.ro\/imoexpert\/wp-content\/uploads\/2026\/02\/12-02-2025-5-rezumat-brasov-thumb-reels-1-1-96x96.png\",\"contentUrl\":\"https:\/\/www.imobiliare.ro\/imoexpert\/wp-content\/uploads\/2026\/02\/12-02-2025-5-rezumat-brasov-thumb-reels-1-1-96x96.png\",\"caption\":\"Corina V\u00e2rlan\"},\"description\":\"Cu o experien\u021b\u0103 de 14 ani \u00een presa online, comunicare \u0219i content marketing, Corina V\u00e2rlan s-a al\u0103turat echipei Imobiliare.ro \u00een urm\u0103 cu 8 ani \u0219i ocup\u0103, \u00een prezent, func\u021bia de Content Manager. Ea este gazda emisiunii \\\"\u00centreab\u0103 expertul\\\" \u0219i a seriei 5 \u0218tiri Imobiliare.ro, realizate \u00een parteneriat cu Libertatea. Corina \u00ee\u0219i concentreaz\u0103 activitatea pe analiza datelor de pia\u021b\u0103 \u0219i pe subiecte de interes at\u00e2t pentru cei afla\u021bi \u00een c\u0103utarea unei locuin\u021be, c\u00e2t \u0219i pentru proprietari sau chiria\u0219i.\",\"alternateName\":\"Corina\",\"jobTitle\":\"Content Manager\",\"url\":\"https:\/\/www.imobiliare.ro\/imoexpert\/author\/corina-varlan\/\"}]}<\/script>\n<!-- \/ Yoast SEO Premium plugin. -->","yoast_head_json":{"title":"\u00cenchiriezi sau cumperi? Iat\u0103 ce spun datele c\u0103 trebuie s\u0103 faci - \u0218tiri - ImoExpert","description":"Ultimii ani nu au fost u\u0219ori, ne-am confruntat cu mult temuta pandemie, a urmat r\u0103zboiul din Ucraina, apoi incertitudinile pe segmentul de creditare.","robots":{"index":"index","follow":"follow"},"canonical":"https:\/\/www.imobiliare.ro\/imoexpert\/inchiriezi-sau-cumperi-iata-ce-spun-datele-ca-trebuie-sa-faci_db\/","og_locale":"ro_RO","og_type":"article","og_title":"\u00cenchiriezi sau cumperi? Iat\u0103 ce spun datele c\u0103 trebuie s\u0103 faci","og_description":"Ultimii ani nu au fost u\u0219ori, ne-am confruntat cu mult temuta pandemie, a urmat r\u0103zboiul din Ucraina, apoi incertitudinile pe segmentul de creditare.","og_url":"https:\/\/www.imobiliare.ro\/imoexpert\/inchiriezi-sau-cumperi-iata-ce-spun-datele-ca-trebuie-sa-faci_db\/","og_site_name":"ImoExpert","article_published_time":"2023-08-24T14:41:41+00:00","og_image":[{"width":800,"height":600,"url":"https:\/\/www.imobiliare.ro\/imoexpert\/wp-content\/uploads\/2023\/08\/inchiriez-sau-cumpar.png","type":"image\/png"}],"author":"Corina V\u00e2rlan","twitter_card":"summary_large_image","twitter_misc":{"Written by":"Corina V\u00e2rlan","Est. reading time":"4 minute"},"schema":{"@context":"https:\/\/schema.org","@graph":[{"@type":"Article","@id":"https:\/\/www.imobiliare.ro\/imoexpert\/inchiriezi-sau-cumperi-iata-ce-spun-datele-ca-trebuie-sa-faci_db\/#article","isPartOf":{"@id":"https:\/\/www.imobiliare.ro\/imoexpert\/inchiriezi-sau-cumperi-iata-ce-spun-datele-ca-trebuie-sa-faci_db\/"},"author":{"name":"Corina V\u00e2rlan","@id":"https:\/\/www.imobiliare.ro\/imoexpert\/#\/schema\/person\/9ffdfbf24b82f39fc75a2fc6c19e4e99"},"headline":"\u00cenchiriezi sau cumperi? Iat\u0103 ce spun datele c\u0103 trebuie s\u0103 faci","datePublished":"2023-08-24T14:41:41+00:00","mainEntityOfPage":{"@id":"https:\/\/www.imobiliare.ro\/imoexpert\/inchiriezi-sau-cumperi-iata-ce-spun-datele-ca-trebuie-sa-faci_db\/"},"wordCount":759,"commentCount":0,"publisher":{"@id":"https:\/\/www.imobiliare.ro\/imoexpert\/#organization"},"image":{"@id":"https:\/\/www.imobiliare.ro\/imoexpert\/inchiriezi-sau-cumperi-iata-ce-spun-datele-ca-trebuie-sa-faci_db\/#primaryimage"},"thumbnailUrl":"https:\/\/www.imobiliare.ro\/imoexpert\/wp-content\/uploads\/2023\/08\/inchiriez-sau-cumpar.png","keywords":["chirii","cumparare locuinta","inchiriere","preturi apartamente"],"articleSection":["\u0218tiri"],"inLanguage":"en","potentialAction":[{"@type":"CommentAction","name":"Comment","target":["https:\/\/www.imobiliare.ro\/imoexpert\/inchiriezi-sau-cumperi-iata-ce-spun-datele-ca-trebuie-sa-faci_db\/#respond"]}],"copyrightYear":"2023","copyrightHolder":{"@id":"https:\/\/www.imobiliare.ro\/imoexpert\/#organization"}},{"@type":"WebPage","@id":"https:\/\/www.imobiliare.ro\/imoexpert\/inchiriezi-sau-cumperi-iata-ce-spun-datele-ca-trebuie-sa-faci_db\/","url":"https:\/\/www.imobiliare.ro\/imoexpert\/inchiriezi-sau-cumperi-iata-ce-spun-datele-ca-trebuie-sa-faci_db\/","name":"\u00cenchiriezi sau cumperi? Iat\u0103 ce spun datele c\u0103 trebuie s\u0103 faci - \u0218tiri - ImoExpert","isPartOf":{"@id":"https:\/\/www.imobiliare.ro\/imoexpert\/#website"},"primaryImageOfPage":{"@id":"https:\/\/www.imobiliare.ro\/imoexpert\/inchiriezi-sau-cumperi-iata-ce-spun-datele-ca-trebuie-sa-faci_db\/#primaryimage"},"image":{"@id":"https:\/\/www.imobiliare.ro\/imoexpert\/inchiriezi-sau-cumperi-iata-ce-spun-datele-ca-trebuie-sa-faci_db\/#primaryimage"},"thumbnailUrl":"https:\/\/www.imobiliare.ro\/imoexpert\/wp-content\/uploads\/2023\/08\/inchiriez-sau-cumpar.png","datePublished":"2023-08-24T14:41:41+00:00","description":"Ultimii ani nu au fost u\u0219ori, ne-am confruntat cu mult temuta pandemie, a urmat r\u0103zboiul din Ucraina, apoi incertitudinile pe segmentul de creditare.","breadcrumb":{"@id":"https:\/\/www.imobiliare.ro\/imoexpert\/inchiriezi-sau-cumperi-iata-ce-spun-datele-ca-trebuie-sa-faci_db\/#breadcrumb"},"inLanguage":"en","potentialAction":[{"@type":"ReadAction","target":["https:\/\/www.imobiliare.ro\/imoexpert\/inchiriezi-sau-cumperi-iata-ce-spun-datele-ca-trebuie-sa-faci_db\/"]}]},{"@type":"ImageObject","inLanguage":"en","@id":"https:\/\/www.imobiliare.ro\/imoexpert\/inchiriezi-sau-cumperi-iata-ce-spun-datele-ca-trebuie-sa-faci_db\/#primaryimage","url":"https:\/\/www.imobiliare.ro\/imoexpert\/wp-content\/uploads\/2023\/08\/inchiriez-sau-cumpar.png","contentUrl":"https:\/\/www.imobiliare.ro\/imoexpert\/wp-content\/uploads\/2023\/08\/inchiriez-sau-cumpar.png","width":800,"height":600},{"@type":"BreadcrumbList","@id":"https:\/\/www.imobiliare.ro\/imoexpert\/inchiriezi-sau-cumperi-iata-ce-spun-datele-ca-trebuie-sa-faci_db\/#breadcrumb","itemListElement":[{"@type":"ListItem","position":1,"name":"Imoradar24","item":"https:\/\/www.imoradar24.ro"},{"@type":"ListItem","position":2,"name":"ImoExpert","item":"https:\/\/www.imobiliare.ro\/imoexpert\/"},{"@type":"ListItem","position":3,"name":"\u0218tiri","item":"https:\/\/www.imobiliare.ro\/imoexpert\/stiri\/"},{"@type":"ListItem","position":4,"name":"\u00cenchiriezi sau cumperi? Iat\u0103 ce spun datele c\u0103 trebuie s\u0103 faci"}]},{"@type":"WebSite","@id":"https:\/\/www.imobiliare.ro\/imoexpert\/#website","url":"https:\/\/www.imobiliare.ro\/imoexpert\/","name":"ImoExpert","description":"cele mai importante \u015ftiri din domeniul imobiliar","publisher":{"@id":"https:\/\/www.imobiliare.ro\/imoexpert\/#organization"},"inLanguage":"en"},{"@type":"Organization","@id":"https:\/\/www.imobiliare.ro\/imoexpert\/#organization","name":"Imobiliare.ro","alternateName":"Realmedia Network SA","url":"https:\/\/www.imobiliare.ro\/imoexpert\/","logo":{"@type":"ImageObject","inLanguage":"en","@id":"https:\/\/www.imobiliare.ro\/imoexpert\/#\/schema\/logo\/image\/","url":"https:\/\/www.imobiliare.ro\/imoexpert\/wp-content\/uploads\/2025\/05\/imobiliare_logo.png","contentUrl":"https:\/\/www.imobiliare.ro\/imoexpert\/wp-content\/uploads\/2025\/05\/imobiliare_logo.png","width":237,"height":29,"caption":"Imobiliare.ro"},"image":{"@id":"https:\/\/www.imobiliare.ro\/imoexpert\/#\/schema\/logo\/image\/"}},{"@type":"Person","@id":"https:\/\/www.imobiliare.ro\/imoexpert\/#\/schema\/person\/9ffdfbf24b82f39fc75a2fc6c19e4e99","name":"Corina V\u00e2rlan","image":{"@type":"ImageObject","inLanguage":"en","@id":"https:\/\/www.imobiliare.ro\/imoexpert\/#\/schema\/person\/image\/","url":"https:\/\/www.imobiliare.ro\/imoexpert\/wp-content\/uploads\/2026\/02\/12-02-2025-5-rezumat-brasov-thumb-reels-1-1-96x96.png","contentUrl":"https:\/\/www.imobiliare.ro\/imoexpert\/wp-content\/uploads\/2026\/02\/12-02-2025-5-rezumat-brasov-thumb-reels-1-1-96x96.png","caption":"Corina V\u00e2rlan"},"description":"Cu o experien\u021b\u0103 de 14 ani \u00een presa online, comunicare \u0219i content marketing, Corina V\u00e2rlan s-a al\u0103turat echipei Imobiliare.ro \u00een urm\u0103 cu 8 ani \u0219i ocup\u0103, \u00een prezent, func\u021bia de Content Manager. Ea este gazda emisiunii \"\u00centreab\u0103 expertul\" \u0219i a seriei 5 \u0218tiri Imobiliare.ro, realizate \u00een parteneriat cu Libertatea. Corina \u00ee\u0219i concentreaz\u0103 activitatea pe analiza datelor de pia\u021b\u0103 \u0219i pe subiecte de interes at\u00e2t pentru cei afla\u021bi \u00een c\u0103utarea unei locuin\u021be, c\u00e2t \u0219i pentru proprietari sau chiria\u0219i.","alternateName":"Corina","jobTitle":"Content Manager","url":"https:\/\/www.imobiliare.ro\/imoexpert\/author\/corina-varlan\/"}]}},"_links":{"self":[{"href":"https:\/\/www.imobiliare.ro\/imoexpert\/wp-json\/wp\/v2\/posts\/67174","targetHints":{"allow":["GET"]}}],"collection":[{"href":"https:\/\/www.imobiliare.ro\/imoexpert\/wp-json\/wp\/v2\/posts"}],"about":[{"href":"https:\/\/www.imobiliare.ro\/imoexpert\/wp-json\/wp\/v2\/types\/post"}],"author":[{"embeddable":true,"href":"https:\/\/www.imobiliare.ro\/imoexpert\/wp-json\/wp\/v2\/users\/5891"}],"replies":[{"embeddable":true,"href":"https:\/\/www.imobiliare.ro\/imoexpert\/wp-json\/wp\/v2\/comments?post=67174"}],"version-history":[{"count":0,"href":"https:\/\/www.imobiliare.ro\/imoexpert\/wp-json\/wp\/v2\/posts\/67174\/revisions"}],"wp:featuredmedia":[{"embeddable":true,"href":"https:\/\/www.imobiliare.ro\/imoexpert\/wp-json\/wp\/v2\/media\/67175"}],"wp:attachment":[{"href":"https:\/\/www.imobiliare.ro\/imoexpert\/wp-json\/wp\/v2\/media?parent=67174"}],"wp:term":[{"taxonomy":"category","embeddable":true,"href":"https:\/\/www.imobiliare.ro\/imoexpert\/wp-json\/wp\/v2\/categories?post=67174"},{"taxonomy":"post_tag","embeddable":true,"href":"https:\/\/www.imobiliare.ro\/imoexpert\/wp-json\/wp\/v2\/tags?post=67174"},{"taxonomy":"content_author","embeddable":true,"href":"https:\/\/www.imobiliare.ro\/imoexpert\/wp-json\/wp\/v2\/content_author?post=67174"}],"curies":[{"name":"wp","href":"https:\/\/api.w.org\/{rel}","templated":true}]}}