{"id":67232,"date":"2023-08-29T17:30:18","date_gmt":"2023-08-29T14:30:18","guid":{"rendered":"https:\/\/www.imobiliare.ro\/imoexpert\/?p=67232"},"modified":"2023-08-29T17:30:18","modified_gmt":"2023-08-29T14:30:18","slug":"proiect-inedit-sustinut-de-imobiliare-ro-redactia-primei-reviste-de-business-a-romaniei-s-a-mutat-in-piata-unirii-din-timisoara","status":"publish","type":"post","link":"https:\/\/www.imobiliare.ro\/imoexpert\/proiect-inedit-sustinut-de-imobiliare-ro-redactia-primei-reviste-de-business-a-romaniei-s-a-mutat-in-piata-unirii-din-timisoara_db\/","title":{"rendered":"Proiect inedit sus\u021binut de Imobiliare.ro. Redac\u021bia primei reviste de business a Rom\u00e2niei s-a mutat \u00een Pia\u021ba Unirii din Timi\u0219oara"},"content":{"rendered":"\n<figure class=\"wp-block-image size-large\"><img loading=\"lazy\" decoding=\"async\" width=\"1024\" height=\"768\" src=\"https:\/\/www.imobiliare.ro\/imoexpert\/wp-content\/uploads\/2023\/08\/proiect-revista-biz-1024x768.jpg\" alt=\"\" class=\"wp-image-67233\" srcset=\"https:\/\/www.imobiliare.ro\/imoexpert\/wp-content\/uploads\/2023\/08\/proiect-revista-biz-1024x768.jpg 1024w, https:\/\/www.imobiliare.ro\/imoexpert\/wp-content\/uploads\/2023\/08\/proiect-revista-biz-300x225.jpg 300w, https:\/\/www.imobiliare.ro\/imoexpert\/wp-content\/uploads\/2023\/08\/proiect-revista-biz-768x576.jpg 768w, https:\/\/www.imobiliare.ro\/imoexpert\/wp-content\/uploads\/2023\/08\/proiect-revista-biz-1536x1152.jpg 1536w, https:\/\/www.imobiliare.ro\/imoexpert\/wp-content\/uploads\/2023\/08\/proiect-revista-biz.jpg 1600w\" sizes=\"auto, (max-width: 1024px) 100vw, 1024px\" \/><\/figure>\n\n\n\n<p><strong>Echipa Revistei Biz, prima revist\u0103 de business a Rom\u00e2niei, \u0219i-a mutat redac\u021bia \u00eentr-un birou complet transparent aflat \u00een Pia\u021ba Unirii din centrul ora\u0219ului Timi\u0219oara ca parte a unui proiect inedit, sus\u021binut de Imobiliare.ro. <\/strong><\/p>\n\n\n\n<p>Jurnali\u0219tii vor putea fi v\u0103zu\u021bi, p\u00e2n\u0103 pe 3 septembrie, cum documenteaz\u0103, se ocup\u0103 de scrierea articolelor \u0219i preg\u0103tesc un num\u0103r special al publica\u021biei, sub privirile tuturor celor interesa\u021bi. Mai mult, oricine dore\u0219te se poate \u00eent\u00e2lni cu redactorii \u0219i editorii Biz, poate afla mai multe despre revist\u0103 \u0219i poate propune subiecte.<\/p>\n\n\n\n<p>Aici se vor realiza interviuri cu deciden\u021bii locali, dar \u0219i cu oameni de afaceri, creativi locali \u0219i oameni de cultur\u0103. O radiografie cultural\u0103 \u0219i de business a ora\u0219ului ales Capitala European\u0103 a Culturii \u00een 2023 va putea fi urm\u0103rit\u0103, totodat\u0103, pe social media \u0219i pe site-ul publica\u021biei. <\/p>\n\n\n\n<figure class=\"wp-block-image size-large\"><img loading=\"lazy\" decoding=\"async\" width=\"1024\" height=\"768\" src=\"https:\/\/www.imobiliare.ro\/imoexpert\/wp-content\/uploads\/2023\/08\/proiect-timisoara-revista-biz-1024x768.jpg\" alt=\"\" class=\"wp-image-67234\" srcset=\"https:\/\/www.imobiliare.ro\/imoexpert\/wp-content\/uploads\/2023\/08\/proiect-timisoara-revista-biz-1024x768.jpg 1024w, https:\/\/www.imobiliare.ro\/imoexpert\/wp-content\/uploads\/2023\/08\/proiect-timisoara-revista-biz-300x225.jpg 300w, https:\/\/www.imobiliare.ro\/imoexpert\/wp-content\/uploads\/2023\/08\/proiect-timisoara-revista-biz-768x576.jpg 768w, https:\/\/www.imobiliare.ro\/imoexpert\/wp-content\/uploads\/2023\/08\/proiect-timisoara-revista-biz.jpg 1080w\" sizes=\"auto, (max-width: 1024px) 100vw, 1024px\" \/><\/figure>\n\n\n\n<p>Edi\u021bia special\u0103 a revistei, preg\u0103tit\u0103 chiar \u00een aceste momente direct din inima ora\u0219ului Timi\u0219oara, va fi disponibil\u0103 pe pia\u021b\u0103 din 15 octombrie.<\/p>\n\n\n\n<p>&#8222;S\u0103 vezi redac\u021bia unei publica\u021bii de business \u00een plin\u0103 ac\u021biune \u00een centrul ora\u0219ului \u00ee\u021bi ofer\u0103 un sentiment extraordinar. Este cu adev\u0103rat o experien\u021b\u0103 inedit\u0103 pentru timi\u0219oreni, pentru antreprenorii \u0219i business-urile de pe plan local, dar \u0219i o oportunitate pentru brandurile n\u0103scute \u0219i dezvoltate \u00een Timi\u0219oara&#8221;, a declarat Daniel Crainic, Chief Marketing Officer Imobiliare.ro, primul \u0219i cel mai accesat portal imobiliar din Rom\u00e2nia care \u00eempline\u0219te \u00een cur\u00e2nd 24 de ani de c\u00e2t s-a lansat \u00een ora\u0219ul de pe Bega. <\/p>\n\n\n\n<p>Chiar dac\u0103 ast\u0103zi este unul dintre cele mai puternice branduri digitale din Rom\u00e2nia \u0219i face parte din grupul media elve\u021bian Ringier, o parte semnificativ\u0103 a echipei r\u0103m\u00e2ne \u00een continuare concentrat\u0103 \u00een biroul de la Timi\u0219oara.<\/p>\n\n\n\n<p>Mai multe detalii despre proiectul unic demarat de Revista Biz \u0219i sus\u021binut de Imobiliare.ro sunt&nbsp;<a class=\"article-body-links\"href=\"https:\/\/www.revistabiz.ro\/timisoara-capitala-europeana-a-culturii-2023-devine-si-capitala-biz\/\" target=\"_blank\" rel=\"noreferrer noopener\">disponibile aici.<\/a><\/p>\n","protected":false},"excerpt":{"rendered":"<p>Echipa Revistei Biz, prima revist\u0103 de business a Rom\u00e2niei, \u0219i-a mutat redac\u021bia \u00eentr-un birou complet transparent aflat \u00een Pia\u021ba Unirii din centrul ora\u0219ului Timi\u0219oara ca parte a unui proiect inedit, sus\u021binut de Imobiliare.ro. Jurnali\u0219tii vor putea fi v\u0103zu\u021bi, p\u00e2n\u0103 pe 3 septembrie, cum documenteaz\u0103, se ocup\u0103 de scrierea articolelor \u0219i preg\u0103tesc un num\u0103r special al [&hellip;]<\/p>\n","protected":false},"author":5891,"featured_media":67233,"comment_status":"open","ping_status":"open","sticky":true,"template":"","format":"standard","meta":{"footnotes":""},"categories":[],"tags":[2177,806,392],"content_author":[],"class_list":["post-67232","post","type-post","status-publish","format-standard","has-post-thumbnail","hentry","tag-capitala-europeana-culturala-2023","tag-imobiliare-ro","tag-timisoara"],"yoast_head":"<!-- This site is optimized with the Yoast SEO Premium plugin v27.0 (Yoast SEO v27.0) - https:\/\/yoast.com\/product\/yoast-seo-premium-wordpress\/ -->\n<title>Proiect inedit sus\u021binut de Imobiliare.ro. Redac\u021bia primei reviste de business a Rom\u00e2niei s-a mutat \u00een Pia\u021ba Unirii din Timi\u0219oara - ImoExpert<\/title>\n<meta name=\"description\" content=\"Echipa Revistei Biz, prima revist\u0103 de business a Rom\u00e2niei, \u0219i-a mutat redac\u021bia \u00eentr-un birou complet transparent aflat \u00een Pia\u021ba Unirii din centrul\" \/>\n<meta name=\"robots\" content=\"index, follow\" \/>\n<link rel=\"canonical\" href=\"https:\/\/www.imobiliare.ro\/imoexpert\/proiect-inedit-sustinut-de-imobiliare-ro-redactia-primei-reviste-de-business-a-romaniei-s-a-mutat-in-piata-unirii-din-timisoara_db\/\" \/>\n<meta property=\"og:locale\" content=\"ro_RO\" \/>\n<meta property=\"og:type\" content=\"article\" \/>\n<meta property=\"og:title\" content=\"Proiect inedit sus\u021binut de Imobiliare.ro. Redac\u021bia primei reviste de business a Rom\u00e2niei s-a mutat \u00een Pia\u021ba Unirii din Timi\u0219oara\" \/>\n<meta property=\"og:description\" content=\"Echipa Revistei Biz, prima revist\u0103 de business a Rom\u00e2niei, \u0219i-a mutat redac\u021bia \u00eentr-un birou complet transparent aflat \u00een Pia\u021ba Unirii din centrul\" \/>\n<meta property=\"og:url\" content=\"https:\/\/www.imobiliare.ro\/imoexpert\/proiect-inedit-sustinut-de-imobiliare-ro-redactia-primei-reviste-de-business-a-romaniei-s-a-mutat-in-piata-unirii-din-timisoara_db\/\" \/>\n<meta property=\"og:site_name\" content=\"ImoExpert\" \/>\n<meta property=\"article:published_time\" content=\"2023-08-29T14:30:18+00:00\" \/>\n<meta property=\"og:image\" content=\"https:\/\/www.imobiliare.ro\/imoexpert\/wp-content\/uploads\/2023\/08\/proiect-revista-biz.jpg\" \/>\n\t<meta property=\"og:image:width\" content=\"1600\" \/>\n\t<meta property=\"og:image:height\" content=\"1200\" \/>\n\t<meta property=\"og:image:type\" content=\"image\/jpeg\" \/>\n<meta name=\"author\" content=\"Corina V\u00e2rlan\" \/>\n<meta name=\"twitter:card\" content=\"summary_large_image\" \/>\n<meta name=\"twitter:label1\" content=\"Written by\" \/>\n\t<meta name=\"twitter:data1\" content=\"Corina V\u00e2rlan\" \/>\n\t<meta name=\"twitter:label2\" content=\"Est. reading time\" \/>\n\t<meta name=\"twitter:data2\" content=\"2 minute\" \/>\n<script type=\"application\/ld+json\" class=\"yoast-schema-graph\">{\"@context\":\"https:\/\/schema.org\",\"@graph\":[{\"@type\":\"Article\",\"@id\":\"https:\/\/www.imobiliare.ro\/imoexpert\/proiect-inedit-sustinut-de-imobiliare-ro-redactia-primei-reviste-de-business-a-romaniei-s-a-mutat-in-piata-unirii-din-timisoara_db\/#article\",\"isPartOf\":{\"@id\":\"https:\/\/www.imobiliare.ro\/imoexpert\/proiect-inedit-sustinut-de-imobiliare-ro-redactia-primei-reviste-de-business-a-romaniei-s-a-mutat-in-piata-unirii-din-timisoara_db\/\"},\"author\":{\"name\":\"Corina V\u00e2rlan\",\"@id\":\"https:\/\/www.imobiliare.ro\/imoexpert\/#\/schema\/person\/9ffdfbf24b82f39fc75a2fc6c19e4e99\"},\"headline\":\"Proiect inedit sus\u021binut de Imobiliare.ro. Redac\u021bia primei reviste de business a Rom\u00e2niei s-a mutat \u00een Pia\u021ba Unirii din Timi\u0219oara\",\"datePublished\":\"2023-08-29T14:30:18+00:00\",\"mainEntityOfPage\":{\"@id\":\"https:\/\/www.imobiliare.ro\/imoexpert\/proiect-inedit-sustinut-de-imobiliare-ro-redactia-primei-reviste-de-business-a-romaniei-s-a-mutat-in-piata-unirii-din-timisoara_db\/\"},\"wordCount\":351,\"commentCount\":0,\"publisher\":{\"@id\":\"https:\/\/www.imobiliare.ro\/imoexpert\/#organization\"},\"image\":{\"@id\":\"https:\/\/www.imobiliare.ro\/imoexpert\/proiect-inedit-sustinut-de-imobiliare-ro-redactia-primei-reviste-de-business-a-romaniei-s-a-mutat-in-piata-unirii-din-timisoara_db\/#primaryimage\"},\"thumbnailUrl\":\"https:\/\/www.imobiliare.ro\/imoexpert\/wp-content\/uploads\/2023\/08\/proiect-revista-biz.jpg\",\"keywords\":[\"capitala europeana culturala 2023\",\"Imobiliare.ro\",\"timisoara\"],\"inLanguage\":\"en\",\"potentialAction\":[{\"@type\":\"CommentAction\",\"name\":\"Comment\",\"target\":[\"https:\/\/www.imobiliare.ro\/imoexpert\/proiect-inedit-sustinut-de-imobiliare-ro-redactia-primei-reviste-de-business-a-romaniei-s-a-mutat-in-piata-unirii-din-timisoara_db\/#respond\"]}],\"copyrightYear\":\"2023\",\"copyrightHolder\":{\"@id\":\"https:\/\/www.imobiliare.ro\/imoexpert\/#organization\"}},{\"@type\":\"WebPage\",\"@id\":\"https:\/\/www.imobiliare.ro\/imoexpert\/proiect-inedit-sustinut-de-imobiliare-ro-redactia-primei-reviste-de-business-a-romaniei-s-a-mutat-in-piata-unirii-din-timisoara_db\/\",\"url\":\"https:\/\/www.imobiliare.ro\/imoexpert\/proiect-inedit-sustinut-de-imobiliare-ro-redactia-primei-reviste-de-business-a-romaniei-s-a-mutat-in-piata-unirii-din-timisoara_db\/\",\"name\":\"Proiect inedit sus\u021binut de Imobiliare.ro. Redac\u021bia primei reviste de business a Rom\u00e2niei s-a mutat \u00een Pia\u021ba Unirii din Timi\u0219oara - ImoExpert\",\"isPartOf\":{\"@id\":\"https:\/\/www.imobiliare.ro\/imoexpert\/#website\"},\"primaryImageOfPage\":{\"@id\":\"https:\/\/www.imobiliare.ro\/imoexpert\/proiect-inedit-sustinut-de-imobiliare-ro-redactia-primei-reviste-de-business-a-romaniei-s-a-mutat-in-piata-unirii-din-timisoara_db\/#primaryimage\"},\"image\":{\"@id\":\"https:\/\/www.imobiliare.ro\/imoexpert\/proiect-inedit-sustinut-de-imobiliare-ro-redactia-primei-reviste-de-business-a-romaniei-s-a-mutat-in-piata-unirii-din-timisoara_db\/#primaryimage\"},\"thumbnailUrl\":\"https:\/\/www.imobiliare.ro\/imoexpert\/wp-content\/uploads\/2023\/08\/proiect-revista-biz.jpg\",\"datePublished\":\"2023-08-29T14:30:18+00:00\",\"description\":\"Echipa Revistei Biz, prima revist\u0103 de business a Rom\u00e2niei, \u0219i-a mutat redac\u021bia \u00eentr-un birou complet transparent aflat \u00een Pia\u021ba Unirii din centrul\",\"breadcrumb\":{\"@id\":\"https:\/\/www.imobiliare.ro\/imoexpert\/proiect-inedit-sustinut-de-imobiliare-ro-redactia-primei-reviste-de-business-a-romaniei-s-a-mutat-in-piata-unirii-din-timisoara_db\/#breadcrumb\"},\"inLanguage\":\"en\",\"potentialAction\":[{\"@type\":\"ReadAction\",\"target\":[\"https:\/\/www.imobiliare.ro\/imoexpert\/proiect-inedit-sustinut-de-imobiliare-ro-redactia-primei-reviste-de-business-a-romaniei-s-a-mutat-in-piata-unirii-din-timisoara_db\/\"]}]},{\"@type\":\"ImageObject\",\"inLanguage\":\"en\",\"@id\":\"https:\/\/www.imobiliare.ro\/imoexpert\/proiect-inedit-sustinut-de-imobiliare-ro-redactia-primei-reviste-de-business-a-romaniei-s-a-mutat-in-piata-unirii-din-timisoara_db\/#primaryimage\",\"url\":\"https:\/\/www.imobiliare.ro\/imoexpert\/wp-content\/uploads\/2023\/08\/proiect-revista-biz.jpg\",\"contentUrl\":\"https:\/\/www.imobiliare.ro\/imoexpert\/wp-content\/uploads\/2023\/08\/proiect-revista-biz.jpg\",\"width\":1600,\"height\":1200},{\"@type\":\"BreadcrumbList\",\"@id\":\"https:\/\/www.imobiliare.ro\/imoexpert\/proiect-inedit-sustinut-de-imobiliare-ro-redactia-primei-reviste-de-business-a-romaniei-s-a-mutat-in-piata-unirii-din-timisoara_db\/#breadcrumb\",\"itemListElement\":[{\"@type\":\"ListItem\",\"position\":1,\"name\":\"Imoradar24\",\"item\":\"https:\/\/www.imoradar24.ro\"},{\"@type\":\"ListItem\",\"position\":2,\"name\":\"ImoExpert\",\"item\":\"https:\/\/www.imobiliare.ro\/imoexpert\/\"},{\"@type\":\"ListItem\",\"position\":3,\"name\":\"Proiect inedit sus\u021binut de Imobiliare.ro. Redac\u021bia primei reviste de business a Rom\u00e2niei s-a mutat \u00een Pia\u021ba Unirii din Timi\u0219oara\"}]},{\"@type\":\"WebSite\",\"@id\":\"https:\/\/www.imobiliare.ro\/imoexpert\/#website\",\"url\":\"https:\/\/www.imobiliare.ro\/imoexpert\/\",\"name\":\"ImoExpert\",\"description\":\"cele mai importante \u015ftiri din domeniul imobiliar\",\"publisher\":{\"@id\":\"https:\/\/www.imobiliare.ro\/imoexpert\/#organization\"},\"inLanguage\":\"en\"},{\"@type\":\"Organization\",\"@id\":\"https:\/\/www.imobiliare.ro\/imoexpert\/#organization\",\"name\":\"Imobiliare.ro\",\"alternateName\":\"Realmedia Network SA\",\"url\":\"https:\/\/www.imobiliare.ro\/imoexpert\/\",\"logo\":{\"@type\":\"ImageObject\",\"inLanguage\":\"en\",\"@id\":\"https:\/\/www.imobiliare.ro\/imoexpert\/#\/schema\/logo\/image\/\",\"url\":\"https:\/\/www.imobiliare.ro\/imoexpert\/wp-content\/uploads\/2025\/05\/imobiliare_logo.png\",\"contentUrl\":\"https:\/\/www.imobiliare.ro\/imoexpert\/wp-content\/uploads\/2025\/05\/imobiliare_logo.png\",\"width\":237,\"height\":29,\"caption\":\"Imobiliare.ro\"},\"image\":{\"@id\":\"https:\/\/www.imobiliare.ro\/imoexpert\/#\/schema\/logo\/image\/\"}},{\"@type\":\"Person\",\"@id\":\"https:\/\/www.imobiliare.ro\/imoexpert\/#\/schema\/person\/9ffdfbf24b82f39fc75a2fc6c19e4e99\",\"name\":\"Corina V\u00e2rlan\",\"image\":{\"@type\":\"ImageObject\",\"inLanguage\":\"en\",\"@id\":\"https:\/\/www.imobiliare.ro\/imoexpert\/#\/schema\/person\/image\/\",\"url\":\"https:\/\/www.imobiliare.ro\/imoexpert\/wp-content\/uploads\/2026\/02\/12-02-2025-5-rezumat-brasov-thumb-reels-1-1-96x96.png\",\"contentUrl\":\"https:\/\/www.imobiliare.ro\/imoexpert\/wp-content\/uploads\/2026\/02\/12-02-2025-5-rezumat-brasov-thumb-reels-1-1-96x96.png\",\"caption\":\"Corina V\u00e2rlan\"},\"description\":\"Cu o experien\u021b\u0103 de 14 ani \u00een presa online, comunicare \u0219i content marketing, Corina V\u00e2rlan s-a al\u0103turat echipei Imobiliare.ro \u00een urm\u0103 cu 8 ani \u0219i ocup\u0103, \u00een prezent, func\u021bia de Content Manager. Ea este gazda emisiunii \\\"\u00centreab\u0103 expertul\\\" \u0219i a seriei 5 \u0218tiri Imobiliare.ro, realizate \u00een parteneriat cu Libertatea. Corina \u00ee\u0219i concentreaz\u0103 activitatea pe analiza datelor de pia\u021b\u0103 \u0219i pe subiecte de interes at\u00e2t pentru cei afla\u021bi \u00een c\u0103utarea unei locuin\u021be, c\u00e2t \u0219i pentru proprietari sau chiria\u0219i.\",\"alternateName\":\"Corina\",\"jobTitle\":\"Content Manager\",\"url\":\"https:\/\/www.imobiliare.ro\/imoexpert\/author\/corina-varlan\/\"}]}<\/script>\n<!-- \/ Yoast SEO Premium plugin. -->","yoast_head_json":{"title":"Proiect inedit sus\u021binut de Imobiliare.ro. Redac\u021bia primei reviste de business a Rom\u00e2niei s-a mutat \u00een Pia\u021ba Unirii din Timi\u0219oara - ImoExpert","description":"Echipa Revistei Biz, prima revist\u0103 de business a Rom\u00e2niei, \u0219i-a mutat redac\u021bia \u00eentr-un birou complet transparent aflat \u00een Pia\u021ba Unirii din centrul","robots":{"index":"index","follow":"follow"},"canonical":"https:\/\/www.imobiliare.ro\/imoexpert\/proiect-inedit-sustinut-de-imobiliare-ro-redactia-primei-reviste-de-business-a-romaniei-s-a-mutat-in-piata-unirii-din-timisoara_db\/","og_locale":"ro_RO","og_type":"article","og_title":"Proiect inedit sus\u021binut de Imobiliare.ro. Redac\u021bia primei reviste de business a Rom\u00e2niei s-a mutat \u00een Pia\u021ba Unirii din Timi\u0219oara","og_description":"Echipa Revistei Biz, prima revist\u0103 de business a Rom\u00e2niei, \u0219i-a mutat redac\u021bia \u00eentr-un birou complet transparent aflat \u00een Pia\u021ba Unirii din centrul","og_url":"https:\/\/www.imobiliare.ro\/imoexpert\/proiect-inedit-sustinut-de-imobiliare-ro-redactia-primei-reviste-de-business-a-romaniei-s-a-mutat-in-piata-unirii-din-timisoara_db\/","og_site_name":"ImoExpert","article_published_time":"2023-08-29T14:30:18+00:00","og_image":[{"width":1600,"height":1200,"url":"https:\/\/www.imobiliare.ro\/imoexpert\/wp-content\/uploads\/2023\/08\/proiect-revista-biz.jpg","type":"image\/jpeg"}],"author":"Corina V\u00e2rlan","twitter_card":"summary_large_image","twitter_misc":{"Written by":"Corina V\u00e2rlan","Est. reading time":"2 minute"},"schema":{"@context":"https:\/\/schema.org","@graph":[{"@type":"Article","@id":"https:\/\/www.imobiliare.ro\/imoexpert\/proiect-inedit-sustinut-de-imobiliare-ro-redactia-primei-reviste-de-business-a-romaniei-s-a-mutat-in-piata-unirii-din-timisoara_db\/#article","isPartOf":{"@id":"https:\/\/www.imobiliare.ro\/imoexpert\/proiect-inedit-sustinut-de-imobiliare-ro-redactia-primei-reviste-de-business-a-romaniei-s-a-mutat-in-piata-unirii-din-timisoara_db\/"},"author":{"name":"Corina V\u00e2rlan","@id":"https:\/\/www.imobiliare.ro\/imoexpert\/#\/schema\/person\/9ffdfbf24b82f39fc75a2fc6c19e4e99"},"headline":"Proiect inedit sus\u021binut de Imobiliare.ro. Redac\u021bia primei reviste de business a Rom\u00e2niei s-a mutat \u00een Pia\u021ba Unirii din Timi\u0219oara","datePublished":"2023-08-29T14:30:18+00:00","mainEntityOfPage":{"@id":"https:\/\/www.imobiliare.ro\/imoexpert\/proiect-inedit-sustinut-de-imobiliare-ro-redactia-primei-reviste-de-business-a-romaniei-s-a-mutat-in-piata-unirii-din-timisoara_db\/"},"wordCount":351,"commentCount":0,"publisher":{"@id":"https:\/\/www.imobiliare.ro\/imoexpert\/#organization"},"image":{"@id":"https:\/\/www.imobiliare.ro\/imoexpert\/proiect-inedit-sustinut-de-imobiliare-ro-redactia-primei-reviste-de-business-a-romaniei-s-a-mutat-in-piata-unirii-din-timisoara_db\/#primaryimage"},"thumbnailUrl":"https:\/\/www.imobiliare.ro\/imoexpert\/wp-content\/uploads\/2023\/08\/proiect-revista-biz.jpg","keywords":["capitala europeana culturala 2023","Imobiliare.ro","timisoara"],"inLanguage":"en","potentialAction":[{"@type":"CommentAction","name":"Comment","target":["https:\/\/www.imobiliare.ro\/imoexpert\/proiect-inedit-sustinut-de-imobiliare-ro-redactia-primei-reviste-de-business-a-romaniei-s-a-mutat-in-piata-unirii-din-timisoara_db\/#respond"]}],"copyrightYear":"2023","copyrightHolder":{"@id":"https:\/\/www.imobiliare.ro\/imoexpert\/#organization"}},{"@type":"WebPage","@id":"https:\/\/www.imobiliare.ro\/imoexpert\/proiect-inedit-sustinut-de-imobiliare-ro-redactia-primei-reviste-de-business-a-romaniei-s-a-mutat-in-piata-unirii-din-timisoara_db\/","url":"https:\/\/www.imobiliare.ro\/imoexpert\/proiect-inedit-sustinut-de-imobiliare-ro-redactia-primei-reviste-de-business-a-romaniei-s-a-mutat-in-piata-unirii-din-timisoara_db\/","name":"Proiect inedit sus\u021binut de Imobiliare.ro. Redac\u021bia primei reviste de business a Rom\u00e2niei s-a mutat \u00een Pia\u021ba Unirii din Timi\u0219oara - ImoExpert","isPartOf":{"@id":"https:\/\/www.imobiliare.ro\/imoexpert\/#website"},"primaryImageOfPage":{"@id":"https:\/\/www.imobiliare.ro\/imoexpert\/proiect-inedit-sustinut-de-imobiliare-ro-redactia-primei-reviste-de-business-a-romaniei-s-a-mutat-in-piata-unirii-din-timisoara_db\/#primaryimage"},"image":{"@id":"https:\/\/www.imobiliare.ro\/imoexpert\/proiect-inedit-sustinut-de-imobiliare-ro-redactia-primei-reviste-de-business-a-romaniei-s-a-mutat-in-piata-unirii-din-timisoara_db\/#primaryimage"},"thumbnailUrl":"https:\/\/www.imobiliare.ro\/imoexpert\/wp-content\/uploads\/2023\/08\/proiect-revista-biz.jpg","datePublished":"2023-08-29T14:30:18+00:00","description":"Echipa Revistei Biz, prima revist\u0103 de business a Rom\u00e2niei, \u0219i-a mutat redac\u021bia \u00eentr-un birou complet transparent aflat \u00een Pia\u021ba Unirii din centrul","breadcrumb":{"@id":"https:\/\/www.imobiliare.ro\/imoexpert\/proiect-inedit-sustinut-de-imobiliare-ro-redactia-primei-reviste-de-business-a-romaniei-s-a-mutat-in-piata-unirii-din-timisoara_db\/#breadcrumb"},"inLanguage":"en","potentialAction":[{"@type":"ReadAction","target":["https:\/\/www.imobiliare.ro\/imoexpert\/proiect-inedit-sustinut-de-imobiliare-ro-redactia-primei-reviste-de-business-a-romaniei-s-a-mutat-in-piata-unirii-din-timisoara_db\/"]}]},{"@type":"ImageObject","inLanguage":"en","@id":"https:\/\/www.imobiliare.ro\/imoexpert\/proiect-inedit-sustinut-de-imobiliare-ro-redactia-primei-reviste-de-business-a-romaniei-s-a-mutat-in-piata-unirii-din-timisoara_db\/#primaryimage","url":"https:\/\/www.imobiliare.ro\/imoexpert\/wp-content\/uploads\/2023\/08\/proiect-revista-biz.jpg","contentUrl":"https:\/\/www.imobiliare.ro\/imoexpert\/wp-content\/uploads\/2023\/08\/proiect-revista-biz.jpg","width":1600,"height":1200},{"@type":"BreadcrumbList","@id":"https:\/\/www.imobiliare.ro\/imoexpert\/proiect-inedit-sustinut-de-imobiliare-ro-redactia-primei-reviste-de-business-a-romaniei-s-a-mutat-in-piata-unirii-din-timisoara_db\/#breadcrumb","itemListElement":[{"@type":"ListItem","position":1,"name":"Imoradar24","item":"https:\/\/www.imoradar24.ro"},{"@type":"ListItem","position":2,"name":"ImoExpert","item":"https:\/\/www.imobiliare.ro\/imoexpert\/"},{"@type":"ListItem","position":3,"name":"Proiect inedit sus\u021binut de Imobiliare.ro. Redac\u021bia primei reviste de business a Rom\u00e2niei s-a mutat \u00een Pia\u021ba Unirii din Timi\u0219oara"}]},{"@type":"WebSite","@id":"https:\/\/www.imobiliare.ro\/imoexpert\/#website","url":"https:\/\/www.imobiliare.ro\/imoexpert\/","name":"ImoExpert","description":"cele mai importante \u015ftiri din domeniul imobiliar","publisher":{"@id":"https:\/\/www.imobiliare.ro\/imoexpert\/#organization"},"inLanguage":"en"},{"@type":"Organization","@id":"https:\/\/www.imobiliare.ro\/imoexpert\/#organization","name":"Imobiliare.ro","alternateName":"Realmedia Network SA","url":"https:\/\/www.imobiliare.ro\/imoexpert\/","logo":{"@type":"ImageObject","inLanguage":"en","@id":"https:\/\/www.imobiliare.ro\/imoexpert\/#\/schema\/logo\/image\/","url":"https:\/\/www.imobiliare.ro\/imoexpert\/wp-content\/uploads\/2025\/05\/imobiliare_logo.png","contentUrl":"https:\/\/www.imobiliare.ro\/imoexpert\/wp-content\/uploads\/2025\/05\/imobiliare_logo.png","width":237,"height":29,"caption":"Imobiliare.ro"},"image":{"@id":"https:\/\/www.imobiliare.ro\/imoexpert\/#\/schema\/logo\/image\/"}},{"@type":"Person","@id":"https:\/\/www.imobiliare.ro\/imoexpert\/#\/schema\/person\/9ffdfbf24b82f39fc75a2fc6c19e4e99","name":"Corina V\u00e2rlan","image":{"@type":"ImageObject","inLanguage":"en","@id":"https:\/\/www.imobiliare.ro\/imoexpert\/#\/schema\/person\/image\/","url":"https:\/\/www.imobiliare.ro\/imoexpert\/wp-content\/uploads\/2026\/02\/12-02-2025-5-rezumat-brasov-thumb-reels-1-1-96x96.png","contentUrl":"https:\/\/www.imobiliare.ro\/imoexpert\/wp-content\/uploads\/2026\/02\/12-02-2025-5-rezumat-brasov-thumb-reels-1-1-96x96.png","caption":"Corina V\u00e2rlan"},"description":"Cu o experien\u021b\u0103 de 14 ani \u00een presa online, comunicare \u0219i content marketing, Corina V\u00e2rlan s-a al\u0103turat echipei Imobiliare.ro \u00een urm\u0103 cu 8 ani \u0219i ocup\u0103, \u00een prezent, func\u021bia de Content Manager. Ea este gazda emisiunii \"\u00centreab\u0103 expertul\" \u0219i a seriei 5 \u0218tiri Imobiliare.ro, realizate \u00een parteneriat cu Libertatea. Corina \u00ee\u0219i concentreaz\u0103 activitatea pe analiza datelor de pia\u021b\u0103 \u0219i pe subiecte de interes at\u00e2t pentru cei afla\u021bi \u00een c\u0103utarea unei locuin\u021be, c\u00e2t \u0219i pentru proprietari sau chiria\u0219i.","alternateName":"Corina","jobTitle":"Content Manager","url":"https:\/\/www.imobiliare.ro\/imoexpert\/author\/corina-varlan\/"}]}},"_links":{"self":[{"href":"https:\/\/www.imobiliare.ro\/imoexpert\/wp-json\/wp\/v2\/posts\/67232","targetHints":{"allow":["GET"]}}],"collection":[{"href":"https:\/\/www.imobiliare.ro\/imoexpert\/wp-json\/wp\/v2\/posts"}],"about":[{"href":"https:\/\/www.imobiliare.ro\/imoexpert\/wp-json\/wp\/v2\/types\/post"}],"author":[{"embeddable":true,"href":"https:\/\/www.imobiliare.ro\/imoexpert\/wp-json\/wp\/v2\/users\/5891"}],"replies":[{"embeddable":true,"href":"https:\/\/www.imobiliare.ro\/imoexpert\/wp-json\/wp\/v2\/comments?post=67232"}],"version-history":[{"count":0,"href":"https:\/\/www.imobiliare.ro\/imoexpert\/wp-json\/wp\/v2\/posts\/67232\/revisions"}],"wp:featuredmedia":[{"embeddable":true,"href":"https:\/\/www.imobiliare.ro\/imoexpert\/wp-json\/wp\/v2\/media\/67233"}],"wp:attachment":[{"href":"https:\/\/www.imobiliare.ro\/imoexpert\/wp-json\/wp\/v2\/media?parent=67232"}],"wp:term":[{"taxonomy":"category","embeddable":true,"href":"https:\/\/www.imobiliare.ro\/imoexpert\/wp-json\/wp\/v2\/categories?post=67232"},{"taxonomy":"post_tag","embeddable":true,"href":"https:\/\/www.imobiliare.ro\/imoexpert\/wp-json\/wp\/v2\/tags?post=67232"},{"taxonomy":"content_author","embeddable":true,"href":"https:\/\/www.imobiliare.ro\/imoexpert\/wp-json\/wp\/v2\/content_author?post=67232"}],"curies":[{"name":"wp","href":"https:\/\/api.w.org\/{rel}","templated":true}]}}