{"id":67261,"date":"2023-08-31T09:53:20","date_gmt":"2023-08-31T06:53:20","guid":{"rendered":"https:\/\/www.imobiliare.ro\/imoexpert\/?p=67261"},"modified":"2023-08-31T09:53:20","modified_gmt":"2023-08-31T06:53:20","slug":"in-cat-timp-gasesti-un-cumparator-cand-vinzi-un-apartament-in-brasov","status":"publish","type":"post","link":"https:\/\/www.imobiliare.ro\/imoexpert\/in-cat-timp-gasesti-un-cumparator-cand-vinzi-un-apartament-in-brasov_db\/","title":{"rendered":"\u00cen c\u00e2t timp g\u0103se\u0219ti un cump\u0103r\u0103tor c\u00e2nd vinzi un apartament \u00een Bra\u0219ov"},"content":{"rendered":"\n<figure class=\"wp-block-image size-full\"><img loading=\"lazy\" decoding=\"async\" width=\"800\" height=\"600\" src=\"https:\/\/www.imobiliare.ro\/imoexpert\/wp-content\/uploads\/2023\/08\/perioada-de-vanzare-apartamente-brasov.png\" alt=\"\" class=\"wp-image-67263\" srcset=\"https:\/\/www.imobiliare.ro\/imoexpert\/wp-content\/uploads\/2023\/08\/perioada-de-vanzare-apartamente-brasov.png 800w, https:\/\/www.imobiliare.ro\/imoexpert\/wp-content\/uploads\/2023\/08\/perioada-de-vanzare-apartamente-brasov-300x225.png 300w, https:\/\/www.imobiliare.ro\/imoexpert\/wp-content\/uploads\/2023\/08\/perioada-de-vanzare-apartamente-brasov-768x576.png 768w\" sizes=\"auto, (max-width: 800px) 100vw, 800px\" \/><\/figure>\n\n\n\n<p><strong>V\u00e2nzarea unui apartament nu se face de pe o zi pe alta. Trebuie s\u0103 ai a\u0219tept\u0103ri realiste cu privire la perioada de timp pe care locuin\u021ba ta o va petrece \u00een pia\u021b\u0103 \u00een a\u0219teptarea unui cump\u0103r\u0103tor.<\/strong><\/p>\n\n\n\n<p>\u00cen Bra\u0219ov perioada de v\u00e2nzare a apartamentelor a crescut semnificativ \u00een ultima perioad\u0103 \u0219i a ajuns s\u0103 fie mai mare dec\u00e2t \u00een Cluj-Napoca, Constan\u021ba, Timi\u0219oara sau Bucure\u0219ti.<\/p>\n\n\n\n<p>Astfel, din momentul list\u0103rii locuin\u021bei \u0219i p\u00e2n\u0103 \u00een momentul tranzac\u021bion\u0103rii sale trec, \u00een medie, 79 de zile, potrivit datelor publicate \u00een <strong><a class=\"article-body-links\"href=\"https:\/\/market360.imobiliare.ro\/rapoarte\/\" target=\"_blank\" rel=\"noreferrer noopener\">cel mai nou raport Imobiliare.ro Market 360<\/a><\/strong> aferent trimestrului II din 2023. \u00cen perioada similar\u0103 a anului trecut, un apartament petrecea \u00een pia\u021b\u0103 doar 41,5 zile pe plan local.<\/p>\n\n\n\n<p><strong>Ce se \u00eent\u00e2mpl\u0103 cu pre\u021burile \u00een Bra\u0219ov<\/strong><\/p>\n\n\n\n<p>Pre\u021bul mediu solicitat pentru apartamentele din ora\u0219ul Bra\u0219ov a ajuns la 1.580 de euro\/mp util \u00een intervalul aprilie-iunie 2023, \u00een cre\u0219tere cu aproape 2% fa\u021b\u0103 de perioada similar\u0103 a anului trecut.<\/p>\n\n\n\n<p>Pentru o locuin\u021b\u0103 situat\u0103 \u00een zona central\u0103 sau ultracentral\u0103 trebuie s\u0103 sco\u021bi din buzunar, \u00een medie, 1.700 de euro\/mp util, \u00een timp ce la periferie pre\u021bul scade la 1.565 de euro\/mp util. <\/p>\n\n\n\n<p><strong>Cererea scade pe plan local<\/strong><\/p>\n\n\n\n<p>Interesul pentru achizi\u021bia propriet\u0103\u021bilor reziden\u021biale din Bra\u0219ov, indiferent dac\u0103 discut\u0103m despre apartamente sau case, urmeaz\u0103 o tendin\u021b\u0103 de sc\u0103dere, conform <strong><a class=\"article-body-links\"href=\"https:\/\/market360.imobiliare.ro\/piata-imobiliara-rezidentiala-t2-2023-ro\/\" target=\"_blank\" rel=\"noreferrer noopener\">datelor Imobiliare.ro Market 360<\/a><\/strong>.<\/p>\n\n\n\n<p>\u00cen 12 luni, cererea pentru locuin\u021bele din acest ora\u0219 s-a redus cu 22%. Astfel, din totalul de 107.200 de poten\u021biali cump\u0103r\u0103tori care au c\u0103utat, pe <strong><a class=\"article-body-links\"href=\"http:\/\/www.imobiliare.ro\" target=\"_blank\" rel=\"noreferrer noopener\">Imobiliare.ro<\/a><\/strong>, case \u0219i apartamente \u00een cele mai mari \u0219ase centre regionale din \u021bar\u0103, 7.300 \u0219i-au ar\u0103tat interesul pentru cele din Bra\u0219ov.<\/p>\n\n\n\n<figure class=\"wp-block-image size-full\"><img loading=\"lazy\" decoding=\"async\" width=\"922\" height=\"437\" src=\"https:\/\/www.imobiliare.ro\/imoexpert\/wp-content\/uploads\/2023\/08\/cerere-proprietati-rezidentiale-la-vanzare.jpg\" alt=\"\" class=\"wp-image-67055\" srcset=\"https:\/\/www.imobiliare.ro\/imoexpert\/wp-content\/uploads\/2023\/08\/cerere-proprietati-rezidentiale-la-vanzare.jpg 922w, https:\/\/www.imobiliare.ro\/imoexpert\/wp-content\/uploads\/2023\/08\/cerere-proprietati-rezidentiale-la-vanzare-300x142.jpg 300w, https:\/\/www.imobiliare.ro\/imoexpert\/wp-content\/uploads\/2023\/08\/cerere-proprietati-rezidentiale-la-vanzare-768x364.jpg 768w\" sizes=\"auto, (max-width: 922px) 100vw, 922px\" \/><\/figure>\n\n\n\n<p>Nu este \u00eens\u0103 un caz singular. \u00cen r\u00e2ndul marilor ora\u0219e, reduceri cu 21%-23% s-au putut observa \u0219i \u00een Timi\u0219oara, Ia\u0219i \u0219i Constan\u021ba.<\/p>\n","protected":false},"excerpt":{"rendered":"<p>V\u00e2nzarea unui apartament nu se face de pe o zi pe alta. Trebuie s\u0103 ai a\u0219tept\u0103ri realiste cu privire la perioada de timp pe care locuin\u021ba ta o va petrece \u00een pia\u021b\u0103 \u00een a\u0219teptarea unui cump\u0103r\u0103tor. \u00cen Bra\u0219ov perioada de v\u00e2nzare a apartamentelor a crescut semnificativ \u00een ultima perioad\u0103 \u0219i a ajuns s\u0103 fie mai [&hellip;]<\/p>\n","protected":false},"author":5891,"featured_media":67263,"comment_status":"open","ping_status":"open","sticky":true,"template":"","format":"standard","meta":{"footnotes":""},"categories":[259],"tags":[1864,2180,1891],"content_author":[],"class_list":["post-67261","post","type-post","status-publish","format-standard","has-post-thumbnail","hentry","category-stiri","tag-apartamente-brasov","tag-perioada-de-vanzare-apartament-brasov","tag-preturi-apartamente-brasov"],"yoast_head":"<!-- This site is optimized with the Yoast SEO Premium plugin v27.0 (Yoast SEO v27.0) - https:\/\/yoast.com\/product\/yoast-seo-premium-wordpress\/ -->\n<title>\u00cen c\u00e2t timp g\u0103se\u0219ti un cump\u0103r\u0103tor c\u00e2nd vinzi un apartament \u00een Bra\u0219ov - \u0218tiri - ImoExpert<\/title>\n<meta name=\"description\" content=\"V\u00e2nzarea unui apartament nu se face de pe o zi pe alta. Trebuie s\u0103 ai a\u0219tept\u0103ri realiste cu privire la perioada de timp pe care locuin\u021ba ta o va petrece\" \/>\n<meta name=\"robots\" content=\"index, follow\" \/>\n<link rel=\"canonical\" href=\"https:\/\/www.imobiliare.ro\/imoexpert\/in-cat-timp-gasesti-un-cumparator-cand-vinzi-un-apartament-in-brasov_db\/\" \/>\n<meta property=\"og:locale\" content=\"ro_RO\" \/>\n<meta property=\"og:type\" content=\"article\" \/>\n<meta property=\"og:title\" content=\"\u00cen c\u00e2t timp g\u0103se\u0219ti un cump\u0103r\u0103tor c\u00e2nd vinzi un apartament \u00een Bra\u0219ov\" \/>\n<meta property=\"og:description\" content=\"V\u00e2nzarea unui apartament nu se face de pe o zi pe alta. Trebuie s\u0103 ai a\u0219tept\u0103ri realiste cu privire la perioada de timp pe care locuin\u021ba ta o va petrece\" \/>\n<meta property=\"og:url\" content=\"https:\/\/www.imobiliare.ro\/imoexpert\/in-cat-timp-gasesti-un-cumparator-cand-vinzi-un-apartament-in-brasov_db\/\" \/>\n<meta property=\"og:site_name\" content=\"ImoExpert\" \/>\n<meta property=\"article:published_time\" content=\"2023-08-31T06:53:20+00:00\" \/>\n<meta property=\"og:image\" content=\"https:\/\/www.imobiliare.ro\/imoexpert\/wp-content\/uploads\/2023\/08\/perioada-de-vanzare-apartamente-brasov.png\" \/>\n\t<meta property=\"og:image:width\" content=\"800\" \/>\n\t<meta property=\"og:image:height\" content=\"600\" \/>\n\t<meta property=\"og:image:type\" content=\"image\/png\" \/>\n<meta name=\"author\" content=\"Corina V\u00e2rlan\" \/>\n<meta name=\"twitter:card\" content=\"summary_large_image\" \/>\n<meta name=\"twitter:label1\" content=\"Written by\" \/>\n\t<meta name=\"twitter:data1\" content=\"Corina V\u00e2rlan\" \/>\n\t<meta name=\"twitter:label2\" content=\"Est. reading time\" \/>\n\t<meta name=\"twitter:data2\" content=\"2 minute\" \/>\n<script type=\"application\/ld+json\" class=\"yoast-schema-graph\">{\"@context\":\"https:\/\/schema.org\",\"@graph\":[{\"@type\":\"Article\",\"@id\":\"https:\/\/www.imobiliare.ro\/imoexpert\/in-cat-timp-gasesti-un-cumparator-cand-vinzi-un-apartament-in-brasov_db\/#article\",\"isPartOf\":{\"@id\":\"https:\/\/www.imobiliare.ro\/imoexpert\/in-cat-timp-gasesti-un-cumparator-cand-vinzi-un-apartament-in-brasov_db\/\"},\"author\":{\"name\":\"Corina V\u00e2rlan\",\"@id\":\"https:\/\/www.imobiliare.ro\/imoexpert\/#\/schema\/person\/9ffdfbf24b82f39fc75a2fc6c19e4e99\"},\"headline\":\"\u00cen c\u00e2t timp g\u0103se\u0219ti un cump\u0103r\u0103tor c\u00e2nd vinzi un apartament \u00een Bra\u0219ov\",\"datePublished\":\"2023-08-31T06:53:20+00:00\",\"mainEntityOfPage\":{\"@id\":\"https:\/\/www.imobiliare.ro\/imoexpert\/in-cat-timp-gasesti-un-cumparator-cand-vinzi-un-apartament-in-brasov_db\/\"},\"wordCount\":336,\"commentCount\":0,\"publisher\":{\"@id\":\"https:\/\/www.imobiliare.ro\/imoexpert\/#organization\"},\"image\":{\"@id\":\"https:\/\/www.imobiliare.ro\/imoexpert\/in-cat-timp-gasesti-un-cumparator-cand-vinzi-un-apartament-in-brasov_db\/#primaryimage\"},\"thumbnailUrl\":\"https:\/\/www.imobiliare.ro\/imoexpert\/wp-content\/uploads\/2023\/08\/perioada-de-vanzare-apartamente-brasov.png\",\"keywords\":[\"apartamente Brasov\",\"perioada de vanzare apartament brasov\",\"preturi apartamente Brasov\"],\"articleSection\":[\"\u0218tiri\"],\"inLanguage\":\"en\",\"potentialAction\":[{\"@type\":\"CommentAction\",\"name\":\"Comment\",\"target\":[\"https:\/\/www.imobiliare.ro\/imoexpert\/in-cat-timp-gasesti-un-cumparator-cand-vinzi-un-apartament-in-brasov_db\/#respond\"]}],\"copyrightYear\":\"2023\",\"copyrightHolder\":{\"@id\":\"https:\/\/www.imobiliare.ro\/imoexpert\/#organization\"}},{\"@type\":\"WebPage\",\"@id\":\"https:\/\/www.imobiliare.ro\/imoexpert\/in-cat-timp-gasesti-un-cumparator-cand-vinzi-un-apartament-in-brasov_db\/\",\"url\":\"https:\/\/www.imobiliare.ro\/imoexpert\/in-cat-timp-gasesti-un-cumparator-cand-vinzi-un-apartament-in-brasov_db\/\",\"name\":\"\u00cen c\u00e2t timp g\u0103se\u0219ti un cump\u0103r\u0103tor c\u00e2nd vinzi un apartament \u00een Bra\u0219ov - \u0218tiri - ImoExpert\",\"isPartOf\":{\"@id\":\"https:\/\/www.imobiliare.ro\/imoexpert\/#website\"},\"primaryImageOfPage\":{\"@id\":\"https:\/\/www.imobiliare.ro\/imoexpert\/in-cat-timp-gasesti-un-cumparator-cand-vinzi-un-apartament-in-brasov_db\/#primaryimage\"},\"image\":{\"@id\":\"https:\/\/www.imobiliare.ro\/imoexpert\/in-cat-timp-gasesti-un-cumparator-cand-vinzi-un-apartament-in-brasov_db\/#primaryimage\"},\"thumbnailUrl\":\"https:\/\/www.imobiliare.ro\/imoexpert\/wp-content\/uploads\/2023\/08\/perioada-de-vanzare-apartamente-brasov.png\",\"datePublished\":\"2023-08-31T06:53:20+00:00\",\"description\":\"V\u00e2nzarea unui apartament nu se face de pe o zi pe alta. Trebuie s\u0103 ai a\u0219tept\u0103ri realiste cu privire la perioada de timp pe care locuin\u021ba ta o va petrece\",\"breadcrumb\":{\"@id\":\"https:\/\/www.imobiliare.ro\/imoexpert\/in-cat-timp-gasesti-un-cumparator-cand-vinzi-un-apartament-in-brasov_db\/#breadcrumb\"},\"inLanguage\":\"en\",\"potentialAction\":[{\"@type\":\"ReadAction\",\"target\":[\"https:\/\/www.imobiliare.ro\/imoexpert\/in-cat-timp-gasesti-un-cumparator-cand-vinzi-un-apartament-in-brasov_db\/\"]}]},{\"@type\":\"ImageObject\",\"inLanguage\":\"en\",\"@id\":\"https:\/\/www.imobiliare.ro\/imoexpert\/in-cat-timp-gasesti-un-cumparator-cand-vinzi-un-apartament-in-brasov_db\/#primaryimage\",\"url\":\"https:\/\/www.imobiliare.ro\/imoexpert\/wp-content\/uploads\/2023\/08\/perioada-de-vanzare-apartamente-brasov.png\",\"contentUrl\":\"https:\/\/www.imobiliare.ro\/imoexpert\/wp-content\/uploads\/2023\/08\/perioada-de-vanzare-apartamente-brasov.png\",\"width\":800,\"height\":600},{\"@type\":\"BreadcrumbList\",\"@id\":\"https:\/\/www.imobiliare.ro\/imoexpert\/in-cat-timp-gasesti-un-cumparator-cand-vinzi-un-apartament-in-brasov_db\/#breadcrumb\",\"itemListElement\":[{\"@type\":\"ListItem\",\"position\":1,\"name\":\"Imoradar24\",\"item\":\"https:\/\/www.imoradar24.ro\"},{\"@type\":\"ListItem\",\"position\":2,\"name\":\"ImoExpert\",\"item\":\"https:\/\/www.imobiliare.ro\/imoexpert\/\"},{\"@type\":\"ListItem\",\"position\":3,\"name\":\"\u0218tiri\",\"item\":\"https:\/\/www.imobiliare.ro\/imoexpert\/stiri\/\"},{\"@type\":\"ListItem\",\"position\":4,\"name\":\"\u00cen c\u00e2t timp g\u0103se\u0219ti un cump\u0103r\u0103tor c\u00e2nd vinzi un apartament \u00een Bra\u0219ov\"}]},{\"@type\":\"WebSite\",\"@id\":\"https:\/\/www.imobiliare.ro\/imoexpert\/#website\",\"url\":\"https:\/\/www.imobiliare.ro\/imoexpert\/\",\"name\":\"ImoExpert\",\"description\":\"cele mai importante \u015ftiri din domeniul imobiliar\",\"publisher\":{\"@id\":\"https:\/\/www.imobiliare.ro\/imoexpert\/#organization\"},\"inLanguage\":\"en\"},{\"@type\":\"Organization\",\"@id\":\"https:\/\/www.imobiliare.ro\/imoexpert\/#organization\",\"name\":\"Imobiliare.ro\",\"alternateName\":\"Realmedia Network SA\",\"url\":\"https:\/\/www.imobiliare.ro\/imoexpert\/\",\"logo\":{\"@type\":\"ImageObject\",\"inLanguage\":\"en\",\"@id\":\"https:\/\/www.imobiliare.ro\/imoexpert\/#\/schema\/logo\/image\/\",\"url\":\"https:\/\/www.imobiliare.ro\/imoexpert\/wp-content\/uploads\/2025\/05\/imobiliare_logo.png\",\"contentUrl\":\"https:\/\/www.imobiliare.ro\/imoexpert\/wp-content\/uploads\/2025\/05\/imobiliare_logo.png\",\"width\":237,\"height\":29,\"caption\":\"Imobiliare.ro\"},\"image\":{\"@id\":\"https:\/\/www.imobiliare.ro\/imoexpert\/#\/schema\/logo\/image\/\"}},{\"@type\":\"Person\",\"@id\":\"https:\/\/www.imobiliare.ro\/imoexpert\/#\/schema\/person\/9ffdfbf24b82f39fc75a2fc6c19e4e99\",\"name\":\"Corina V\u00e2rlan\",\"image\":{\"@type\":\"ImageObject\",\"inLanguage\":\"en\",\"@id\":\"https:\/\/www.imobiliare.ro\/imoexpert\/#\/schema\/person\/image\/\",\"url\":\"https:\/\/www.imobiliare.ro\/imoexpert\/wp-content\/uploads\/2026\/02\/12-02-2025-5-rezumat-brasov-thumb-reels-1-1-96x96.png\",\"contentUrl\":\"https:\/\/www.imobiliare.ro\/imoexpert\/wp-content\/uploads\/2026\/02\/12-02-2025-5-rezumat-brasov-thumb-reels-1-1-96x96.png\",\"caption\":\"Corina V\u00e2rlan\"},\"description\":\"Cu o experien\u021b\u0103 de 14 ani \u00een presa online, comunicare \u0219i content marketing, Corina V\u00e2rlan s-a al\u0103turat echipei Imobiliare.ro \u00een urm\u0103 cu 8 ani \u0219i ocup\u0103, \u00een prezent, func\u021bia de Content Manager. Ea este gazda emisiunii \\\"\u00centreab\u0103 expertul\\\" \u0219i a seriei 5 \u0218tiri Imobiliare.ro, realizate \u00een parteneriat cu Libertatea. Corina \u00ee\u0219i concentreaz\u0103 activitatea pe analiza datelor de pia\u021b\u0103 \u0219i pe subiecte de interes at\u00e2t pentru cei afla\u021bi \u00een c\u0103utarea unei locuin\u021be, c\u00e2t \u0219i pentru proprietari sau chiria\u0219i.\",\"alternateName\":\"Corina\",\"jobTitle\":\"Content Manager\",\"url\":\"https:\/\/www.imobiliare.ro\/imoexpert\/author\/corina-varlan\/\"}]}<\/script>\n<!-- \/ Yoast SEO Premium plugin. -->","yoast_head_json":{"title":"\u00cen c\u00e2t timp g\u0103se\u0219ti un cump\u0103r\u0103tor c\u00e2nd vinzi un apartament \u00een Bra\u0219ov - \u0218tiri - ImoExpert","description":"V\u00e2nzarea unui apartament nu se face de pe o zi pe alta. Trebuie s\u0103 ai a\u0219tept\u0103ri realiste cu privire la perioada de timp pe care locuin\u021ba ta o va petrece","robots":{"index":"index","follow":"follow"},"canonical":"https:\/\/www.imobiliare.ro\/imoexpert\/in-cat-timp-gasesti-un-cumparator-cand-vinzi-un-apartament-in-brasov_db\/","og_locale":"ro_RO","og_type":"article","og_title":"\u00cen c\u00e2t timp g\u0103se\u0219ti un cump\u0103r\u0103tor c\u00e2nd vinzi un apartament \u00een Bra\u0219ov","og_description":"V\u00e2nzarea unui apartament nu se face de pe o zi pe alta. Trebuie s\u0103 ai a\u0219tept\u0103ri realiste cu privire la perioada de timp pe care locuin\u021ba ta o va petrece","og_url":"https:\/\/www.imobiliare.ro\/imoexpert\/in-cat-timp-gasesti-un-cumparator-cand-vinzi-un-apartament-in-brasov_db\/","og_site_name":"ImoExpert","article_published_time":"2023-08-31T06:53:20+00:00","og_image":[{"width":800,"height":600,"url":"https:\/\/www.imobiliare.ro\/imoexpert\/wp-content\/uploads\/2023\/08\/perioada-de-vanzare-apartamente-brasov.png","type":"image\/png"}],"author":"Corina V\u00e2rlan","twitter_card":"summary_large_image","twitter_misc":{"Written by":"Corina V\u00e2rlan","Est. reading time":"2 minute"},"schema":{"@context":"https:\/\/schema.org","@graph":[{"@type":"Article","@id":"https:\/\/www.imobiliare.ro\/imoexpert\/in-cat-timp-gasesti-un-cumparator-cand-vinzi-un-apartament-in-brasov_db\/#article","isPartOf":{"@id":"https:\/\/www.imobiliare.ro\/imoexpert\/in-cat-timp-gasesti-un-cumparator-cand-vinzi-un-apartament-in-brasov_db\/"},"author":{"name":"Corina V\u00e2rlan","@id":"https:\/\/www.imobiliare.ro\/imoexpert\/#\/schema\/person\/9ffdfbf24b82f39fc75a2fc6c19e4e99"},"headline":"\u00cen c\u00e2t timp g\u0103se\u0219ti un cump\u0103r\u0103tor c\u00e2nd vinzi un apartament \u00een Bra\u0219ov","datePublished":"2023-08-31T06:53:20+00:00","mainEntityOfPage":{"@id":"https:\/\/www.imobiliare.ro\/imoexpert\/in-cat-timp-gasesti-un-cumparator-cand-vinzi-un-apartament-in-brasov_db\/"},"wordCount":336,"commentCount":0,"publisher":{"@id":"https:\/\/www.imobiliare.ro\/imoexpert\/#organization"},"image":{"@id":"https:\/\/www.imobiliare.ro\/imoexpert\/in-cat-timp-gasesti-un-cumparator-cand-vinzi-un-apartament-in-brasov_db\/#primaryimage"},"thumbnailUrl":"https:\/\/www.imobiliare.ro\/imoexpert\/wp-content\/uploads\/2023\/08\/perioada-de-vanzare-apartamente-brasov.png","keywords":["apartamente Brasov","perioada de vanzare apartament brasov","preturi apartamente Brasov"],"articleSection":["\u0218tiri"],"inLanguage":"en","potentialAction":[{"@type":"CommentAction","name":"Comment","target":["https:\/\/www.imobiliare.ro\/imoexpert\/in-cat-timp-gasesti-un-cumparator-cand-vinzi-un-apartament-in-brasov_db\/#respond"]}],"copyrightYear":"2023","copyrightHolder":{"@id":"https:\/\/www.imobiliare.ro\/imoexpert\/#organization"}},{"@type":"WebPage","@id":"https:\/\/www.imobiliare.ro\/imoexpert\/in-cat-timp-gasesti-un-cumparator-cand-vinzi-un-apartament-in-brasov_db\/","url":"https:\/\/www.imobiliare.ro\/imoexpert\/in-cat-timp-gasesti-un-cumparator-cand-vinzi-un-apartament-in-brasov_db\/","name":"\u00cen c\u00e2t timp g\u0103se\u0219ti un cump\u0103r\u0103tor c\u00e2nd vinzi un apartament \u00een Bra\u0219ov - \u0218tiri - ImoExpert","isPartOf":{"@id":"https:\/\/www.imobiliare.ro\/imoexpert\/#website"},"primaryImageOfPage":{"@id":"https:\/\/www.imobiliare.ro\/imoexpert\/in-cat-timp-gasesti-un-cumparator-cand-vinzi-un-apartament-in-brasov_db\/#primaryimage"},"image":{"@id":"https:\/\/www.imobiliare.ro\/imoexpert\/in-cat-timp-gasesti-un-cumparator-cand-vinzi-un-apartament-in-brasov_db\/#primaryimage"},"thumbnailUrl":"https:\/\/www.imobiliare.ro\/imoexpert\/wp-content\/uploads\/2023\/08\/perioada-de-vanzare-apartamente-brasov.png","datePublished":"2023-08-31T06:53:20+00:00","description":"V\u00e2nzarea unui apartament nu se face de pe o zi pe alta. Trebuie s\u0103 ai a\u0219tept\u0103ri realiste cu privire la perioada de timp pe care locuin\u021ba ta o va petrece","breadcrumb":{"@id":"https:\/\/www.imobiliare.ro\/imoexpert\/in-cat-timp-gasesti-un-cumparator-cand-vinzi-un-apartament-in-brasov_db\/#breadcrumb"},"inLanguage":"en","potentialAction":[{"@type":"ReadAction","target":["https:\/\/www.imobiliare.ro\/imoexpert\/in-cat-timp-gasesti-un-cumparator-cand-vinzi-un-apartament-in-brasov_db\/"]}]},{"@type":"ImageObject","inLanguage":"en","@id":"https:\/\/www.imobiliare.ro\/imoexpert\/in-cat-timp-gasesti-un-cumparator-cand-vinzi-un-apartament-in-brasov_db\/#primaryimage","url":"https:\/\/www.imobiliare.ro\/imoexpert\/wp-content\/uploads\/2023\/08\/perioada-de-vanzare-apartamente-brasov.png","contentUrl":"https:\/\/www.imobiliare.ro\/imoexpert\/wp-content\/uploads\/2023\/08\/perioada-de-vanzare-apartamente-brasov.png","width":800,"height":600},{"@type":"BreadcrumbList","@id":"https:\/\/www.imobiliare.ro\/imoexpert\/in-cat-timp-gasesti-un-cumparator-cand-vinzi-un-apartament-in-brasov_db\/#breadcrumb","itemListElement":[{"@type":"ListItem","position":1,"name":"Imoradar24","item":"https:\/\/www.imoradar24.ro"},{"@type":"ListItem","position":2,"name":"ImoExpert","item":"https:\/\/www.imobiliare.ro\/imoexpert\/"},{"@type":"ListItem","position":3,"name":"\u0218tiri","item":"https:\/\/www.imobiliare.ro\/imoexpert\/stiri\/"},{"@type":"ListItem","position":4,"name":"\u00cen c\u00e2t timp g\u0103se\u0219ti un cump\u0103r\u0103tor c\u00e2nd vinzi un apartament \u00een Bra\u0219ov"}]},{"@type":"WebSite","@id":"https:\/\/www.imobiliare.ro\/imoexpert\/#website","url":"https:\/\/www.imobiliare.ro\/imoexpert\/","name":"ImoExpert","description":"cele mai importante \u015ftiri din domeniul imobiliar","publisher":{"@id":"https:\/\/www.imobiliare.ro\/imoexpert\/#organization"},"inLanguage":"en"},{"@type":"Organization","@id":"https:\/\/www.imobiliare.ro\/imoexpert\/#organization","name":"Imobiliare.ro","alternateName":"Realmedia Network SA","url":"https:\/\/www.imobiliare.ro\/imoexpert\/","logo":{"@type":"ImageObject","inLanguage":"en","@id":"https:\/\/www.imobiliare.ro\/imoexpert\/#\/schema\/logo\/image\/","url":"https:\/\/www.imobiliare.ro\/imoexpert\/wp-content\/uploads\/2025\/05\/imobiliare_logo.png","contentUrl":"https:\/\/www.imobiliare.ro\/imoexpert\/wp-content\/uploads\/2025\/05\/imobiliare_logo.png","width":237,"height":29,"caption":"Imobiliare.ro"},"image":{"@id":"https:\/\/www.imobiliare.ro\/imoexpert\/#\/schema\/logo\/image\/"}},{"@type":"Person","@id":"https:\/\/www.imobiliare.ro\/imoexpert\/#\/schema\/person\/9ffdfbf24b82f39fc75a2fc6c19e4e99","name":"Corina V\u00e2rlan","image":{"@type":"ImageObject","inLanguage":"en","@id":"https:\/\/www.imobiliare.ro\/imoexpert\/#\/schema\/person\/image\/","url":"https:\/\/www.imobiliare.ro\/imoexpert\/wp-content\/uploads\/2026\/02\/12-02-2025-5-rezumat-brasov-thumb-reels-1-1-96x96.png","contentUrl":"https:\/\/www.imobiliare.ro\/imoexpert\/wp-content\/uploads\/2026\/02\/12-02-2025-5-rezumat-brasov-thumb-reels-1-1-96x96.png","caption":"Corina V\u00e2rlan"},"description":"Cu o experien\u021b\u0103 de 14 ani \u00een presa online, comunicare \u0219i content marketing, Corina V\u00e2rlan s-a al\u0103turat echipei Imobiliare.ro \u00een urm\u0103 cu 8 ani \u0219i ocup\u0103, \u00een prezent, func\u021bia de Content Manager. Ea este gazda emisiunii \"\u00centreab\u0103 expertul\" \u0219i a seriei 5 \u0218tiri Imobiliare.ro, realizate \u00een parteneriat cu Libertatea. Corina \u00ee\u0219i concentreaz\u0103 activitatea pe analiza datelor de pia\u021b\u0103 \u0219i pe subiecte de interes at\u00e2t pentru cei afla\u021bi \u00een c\u0103utarea unei locuin\u021be, c\u00e2t \u0219i pentru proprietari sau chiria\u0219i.","alternateName":"Corina","jobTitle":"Content Manager","url":"https:\/\/www.imobiliare.ro\/imoexpert\/author\/corina-varlan\/"}]}},"_links":{"self":[{"href":"https:\/\/www.imobiliare.ro\/imoexpert\/wp-json\/wp\/v2\/posts\/67261","targetHints":{"allow":["GET"]}}],"collection":[{"href":"https:\/\/www.imobiliare.ro\/imoexpert\/wp-json\/wp\/v2\/posts"}],"about":[{"href":"https:\/\/www.imobiliare.ro\/imoexpert\/wp-json\/wp\/v2\/types\/post"}],"author":[{"embeddable":true,"href":"https:\/\/www.imobiliare.ro\/imoexpert\/wp-json\/wp\/v2\/users\/5891"}],"replies":[{"embeddable":true,"href":"https:\/\/www.imobiliare.ro\/imoexpert\/wp-json\/wp\/v2\/comments?post=67261"}],"version-history":[{"count":0,"href":"https:\/\/www.imobiliare.ro\/imoexpert\/wp-json\/wp\/v2\/posts\/67261\/revisions"}],"wp:featuredmedia":[{"embeddable":true,"href":"https:\/\/www.imobiliare.ro\/imoexpert\/wp-json\/wp\/v2\/media\/67263"}],"wp:attachment":[{"href":"https:\/\/www.imobiliare.ro\/imoexpert\/wp-json\/wp\/v2\/media?parent=67261"}],"wp:term":[{"taxonomy":"category","embeddable":true,"href":"https:\/\/www.imobiliare.ro\/imoexpert\/wp-json\/wp\/v2\/categories?post=67261"},{"taxonomy":"post_tag","embeddable":true,"href":"https:\/\/www.imobiliare.ro\/imoexpert\/wp-json\/wp\/v2\/tags?post=67261"},{"taxonomy":"content_author","embeddable":true,"href":"https:\/\/www.imobiliare.ro\/imoexpert\/wp-json\/wp\/v2\/content_author?post=67261"}],"curies":[{"name":"wp","href":"https:\/\/api.w.org\/{rel}","templated":true}]}}